{"id":179096,"date":"2024-11-18T07:00:00","date_gmt":"2024-11-18T06:00:00","guid":{"rendered":"https:\/\/www.salzburgerland.com\/de\/magazin\/?p=179096"},"modified":"2024-11-15T09:57:39","modified_gmt":"2024-11-15T08:57:39","slug":"der-bauernbogen-abtenau","status":"publish","type":"post","link":"https:\/\/www.salzburgerland.com\/de\/magazin\/der-bauernbogen-abtenau\/","title":{"rendered":"Der Bauernbogen Abtenau"},"content":{"rendered":"\n<div class=\"wp-block-slt-top topBlocks\">\n<h2 class=\"wp-block-slt-subtitle\">Ein Bauernmarkt der etwas anderen Art<\/h2>\n\n\n\n<p class=\"wp-block-slt-intro\">Ein Bauernmarkt \u2013 nur irgendwie anders \u2013 das ist der <a href=\"https:\/\/www.bauernbogen.at\/bauernbogen\">Bauernbogen Abtenau<\/a>. Die Architektur an sich ist schon au\u00dfergew\u00f6hnlich. Ein gro\u00dfer, runder Holzbogen &#8211; geschindelt und modern designt &#8211; \u00fcberdacht den urspr\u00fcnglichen Platz des Bauernmarktes in Abtenau. Nur stehen darin nicht die Produzent*innen und preisen die Produkte an, sondern einfach die Produkte selbst \u2013 schick angeordnet, unaufdringlich angepriesen. Man kann sich in Ruhe umsehen, vielleicht etwas kaufen oder auch nur ein Plausch, einen Kaffee und eine kleine K\u00f6stlichkeit dazu genie\u00dfen.&nbsp;&nbsp;<\/p>\n<\/div>\n\n\n\n<figure class=\"wp-block-image size-full\"><img loading=\"lazy\" decoding=\"async\" width=\"2560\" height=\"1707\" src=\"https:\/\/www.salzburgerland.com\/de\/magazin\/wp-content\/uploads\/2024\/11\/IMG_2750-1-scaled.jpg\" alt=\"Ein gem\u00fctlicher Holzladen mit Warenregalen, Treppen und einem sonnigen Loft-Sitzbereich dar\u00fcber.\" class=\"wp-image-179223\" srcset=\"https:\/\/www.salzburgerland.com\/de\/magazin\/wp-content\/uploads\/2024\/11\/IMG_2750-1-scaled.jpg 2560w, https:\/\/www.salzburgerland.com\/de\/magazin\/wp-content\/uploads\/2024\/11\/IMG_2750-1-300x200.jpg 300w, https:\/\/www.salzburgerland.com\/de\/magazin\/wp-content\/uploads\/2024\/11\/IMG_2750-1-1536x1024.jpg 1536w, https:\/\/www.salzburgerland.com\/de\/magazin\/wp-content\/uploads\/2024\/11\/IMG_2750-1-2048x1365.jpg 2048w, https:\/\/www.salzburgerland.com\/de\/magazin\/wp-content\/uploads\/2024\/11\/IMG_2750-1-825x550.jpg 825w, https:\/\/www.salzburgerland.com\/de\/magazin\/wp-content\/uploads\/2024\/11\/IMG_2750-1-600x400.jpg 600w, https:\/\/www.salzburgerland.com\/de\/magazin\/wp-content\/uploads\/2024\/11\/IMG_2750-1-1320x880.jpg 1320w, https:\/\/www.salzburgerland.com\/de\/magazin\/wp-content\/uploads\/2024\/11\/IMG_2750-1-150x100.jpg 150w\" sizes=\"auto, (max-width: 2560px) 100vw, 2560px\" \/><figcaption class=\"wp-element-caption\">Kleinb\u00e4uerinnen und Kleinbauern der Umgebung pr\u00e4sentieren ihre Produkte im Bauernbogen.<\/figcaption><\/figure>\n\n\n\n<h2 class=\"wp-block-heading\" id=\"h-umsehen-plaudern-kaufen-wenn-man-will\">Umsehen, Plaudern, Kaufen &#8211; wenn man will&#8230;<\/h2>\n\n\n\n<p>Genau das ist sind die St\u00e4rken dieses Bauernmarktes, wei\u00df Georg Buchegger, Gesch\u00e4ftsf\u00fchrer des Bauernbogen Abtenau und selbst Bauer. Er sah eine L\u00fccke, die es zu f\u00fcllen galt: &#8222;Einerseits war der ehemalige Bauernmarkt mit einem Markttag zu wenig pr\u00e4sent, andererseits ist man am Land \u2013 wo jeder jeden kennt \u2013 mehr unter Zugzwang zu kaufen, auch wenn man doch nicht so \u00fcberzeugt ist.&#8220; Noch dazu sei das Anpreisen der eigenen Produkte nicht jedermanns Sache, so Buchegger. Gemeinsam mit Kollegen kam die Idee des Bauernbogens und wurde prompt angegangen.&nbsp;Es galt, einen Blickfang zu gestalten. So beauftragten sie ein Architekturb\u00fcro, das ein Bauwerk gestaltete, das in gro\u00dfem Bogen alles, was sich am Markt abspielt, umspannen soll: Den Bauernbogen.<\/p>\n\n\n<div class=\"mag-gallery\"><div class=\"row\"><div class=\"col-6 col-sm-4\"><figure><a class=\"thumb-container\" href=\"https:\/\/www.salzburgerland.com\/de\/magazin\/wp-content\/uploads\/2024\/11\/Tom-Bachler-BBA-im-Dickicht-crop2-2-scaled-e1731398840775-1280x1024.jpg\">\t<picture><source media=\"(min-width: 576px)\" srcset=\"https:\/\/www.salzburgerland.com\/de\/magazin\/wp-content\/uploads\/2024\/11\/Tom-Bachler-BBA-im-Dickicht-crop2-2-scaled-e1731398840775-325x209.jpg 325w, https:\/\/www.salzburgerland.com\/de\/magazin\/wp-content\/uploads\/2024\/11\/Tom-Bachler-BBA-im-Dickicht-crop2-2-scaled-e1731398840775-249x160.jpg 249w\"><\/source><source media=\"(min-width: 0)\" srcset=\"https:\/\/www.salzburgerland.com\/de\/magazin\/wp-content\/uploads\/2024\/11\/Tom-Bachler-BBA-im-Dickicht-crop2-2-scaled-e1731398840775-249x160.jpg 249w, https:\/\/www.salzburgerland.com\/de\/magazin\/wp-content\/uploads\/2024\/11\/Tom-Bachler-BBA-im-Dickicht-crop2-2-scaled-e1731398840775-325x209.jpg 325w\"><\/source><img decoding=\"async\" alt=\"\" src=\"https:\/\/www.salzburgerland.com\/de\/magazin\/wp-content\/uploads\/2024\/11\/Tom-Bachler-BBA-im-Dickicht-crop2-2-scaled-e1731398840775.jpg\">\t<\/picture><figcaption>Die besondere Architektur des Bauernbogens f&auml;llt auf. &copy; Tom Bachler<\/figcaption><\/a><\/figure><\/div><div class=\"col-6 col-sm-4\"><figure><a class=\"thumb-container\" href=\"https:\/\/www.salzburgerland.com\/de\/magazin\/wp-content\/uploads\/2024\/11\/Tom-Bachler-Bauernbogen-interior-2-4K-1-1-1280x1024.jpg\">\t<picture><source media=\"(min-width: 576px)\" srcset=\"https:\/\/www.salzburgerland.com\/de\/magazin\/wp-content\/uploads\/2024\/11\/Tom-Bachler-Bauernbogen-interior-2-4K-1-1-325x209.jpg 325w, https:\/\/www.salzburgerland.com\/de\/magazin\/wp-content\/uploads\/2024\/11\/Tom-Bachler-Bauernbogen-interior-2-4K-1-1-249x160.jpg 249w\"><\/source><source media=\"(min-width: 0)\" srcset=\"https:\/\/www.salzburgerland.com\/de\/magazin\/wp-content\/uploads\/2024\/11\/Tom-Bachler-Bauernbogen-interior-2-4K-1-1-249x160.jpg 249w, https:\/\/www.salzburgerland.com\/de\/magazin\/wp-content\/uploads\/2024\/11\/Tom-Bachler-Bauernbogen-interior-2-4K-1-1-325x209.jpg 325w\"><\/source><img decoding=\"async\" alt=\"Modernes Interieur einer Holzb&auml;ckerei mit Backwaren, Regalen und gro&szlig;en Fenstern, durch die Tageslicht einf&auml;llt.\" src=\"https:\/\/www.salzburgerland.com\/de\/magazin\/wp-content\/uploads\/2024\/11\/Tom-Bachler-Bauernbogen-interior-2-4K-1-1-scaled.jpg\">\t<\/picture><figcaption>Eine untypische Markthalle &copy; Tom Bachler<\/figcaption><\/a><\/figure><\/div><div class=\"col-6 col-sm-4\"><figure><a class=\"thumb-container\" href=\"https:\/\/www.salzburgerland.com\/de\/magazin\/wp-content\/uploads\/2024\/11\/Tom-Bachler-Bauernbogen-interior-3-web-1-1-1280x1024.jpg\">\t<picture><source media=\"(min-width: 576px)\" srcset=\"https:\/\/www.salzburgerland.com\/de\/magazin\/wp-content\/uploads\/2024\/11\/Tom-Bachler-Bauernbogen-interior-3-web-1-1-325x209.jpg 325w, https:\/\/www.salzburgerland.com\/de\/magazin\/wp-content\/uploads\/2024\/11\/Tom-Bachler-Bauernbogen-interior-3-web-1-1-249x160.jpg 249w\"><\/source><source media=\"(min-width: 0)\" srcset=\"https:\/\/www.salzburgerland.com\/de\/magazin\/wp-content\/uploads\/2024\/11\/Tom-Bachler-Bauernbogen-interior-3-web-1-1-249x160.jpg 249w, https:\/\/www.salzburgerland.com\/de\/magazin\/wp-content\/uploads\/2024\/11\/Tom-Bachler-Bauernbogen-interior-3-web-1-1-325x209.jpg 325w\"><\/source><img decoding=\"async\" alt=\"Ein sonniges, modernes Holzcaf&eacute; mit einfachen Tischen, St&uuml;hlen und gro&szlig;en Fenstern mit Blick auf B&auml;ume und geparkte Autos.\" src=\"https:\/\/www.salzburgerland.com\/de\/magazin\/wp-content\/uploads\/2024\/11\/Tom-Bachler-Bauernbogen-interior-3-web-1-1.jpg\">\t<\/picture><figcaption>In luftiger H&ouml;he mit sch&ouml;nem Ausblick gibt es Platz zum Plaudern und Genie&szlig;en. &copy; Tom Bachler  <\/figcaption><\/a><\/figure><\/div><\/div><figcaption><\/figcaption><\/div>\n\n\n\n<p>Die Produzent*innen liefern ihre Produkte, die an vier Tagen der Woche gekauft werden k\u00f6nnen. Den Verkauf \u00fcbernehmen zwei sympathische Mitarbeiterinnen, die gerne beraten und bei der Auswahl der Produkte helfen. Noch dazu kann man wunderbar Kaffee trinken und etwas kleines Feines dazu speisen. <\/p>\n\n\n<div class=\"mag-gallery\"><div class=\"row\"><div class=\"col-6 col-sm-4\"><figure><a class=\"thumb-container\" href=\"https:\/\/www.salzburgerland.com\/de\/magazin\/wp-content\/uploads\/2024\/11\/IMG_2757-1-1280x1024.jpg\">\t<picture><source media=\"(min-width: 576px)\" srcset=\"https:\/\/www.salzburgerland.com\/de\/magazin\/wp-content\/uploads\/2024\/11\/IMG_2757-1-325x209.jpg 325w, https:\/\/www.salzburgerland.com\/de\/magazin\/wp-content\/uploads\/2024\/11\/IMG_2757-1-249x160.jpg 249w\"><\/source><source media=\"(min-width: 0)\" srcset=\"https:\/\/www.salzburgerland.com\/de\/magazin\/wp-content\/uploads\/2024\/11\/IMG_2757-1-249x160.jpg 249w, https:\/\/www.salzburgerland.com\/de\/magazin\/wp-content\/uploads\/2024\/11\/IMG_2757-1-325x209.jpg 325w\"><\/source><img decoding=\"async\" alt=\"Drei Personen in blauen Hemden l&auml;cheln in einer modernen Holzeinrichtung mit Regalen und Hockern im Hintergrund.\" src=\"https:\/\/www.salzburgerland.com\/de\/magazin\/wp-content\/uploads\/2024\/11\/IMG_2757-1-scaled.jpg\">\t<\/picture><figcaption>Georg Buchegger vom Bauernbogen Abtenau mit seinem Verkaufsteam Silvia und Elfi.<\/figcaption><\/a><\/figure><\/div><div class=\"col-6 col-sm-4\"><figure><a class=\"thumb-container\" href=\"https:\/\/www.salzburgerland.com\/de\/magazin\/wp-content\/uploads\/2024\/11\/IMG_2746-1280x1024.jpg\">\t<picture><source media=\"(min-width: 576px)\" srcset=\"https:\/\/www.salzburgerland.com\/de\/magazin\/wp-content\/uploads\/2024\/11\/IMG_2746-325x209.jpg 325w, https:\/\/www.salzburgerland.com\/de\/magazin\/wp-content\/uploads\/2024\/11\/IMG_2746-249x160.jpg 249w\"><\/source><source media=\"(min-width: 0)\" srcset=\"https:\/\/www.salzburgerland.com\/de\/magazin\/wp-content\/uploads\/2024\/11\/IMG_2746-249x160.jpg 249w, https:\/\/www.salzburgerland.com\/de\/magazin\/wp-content\/uploads\/2024\/11\/IMG_2746-325x209.jpg 325w\"><\/source><img decoding=\"async\" alt=\"Holzkiste mit verpackten W&uuml;rsten auf einer Theke; auf einem Kreideschild steht Wagyu W&uuml;rste, Chili, Steinpilz Tr&uuml;ffel, Hauswurst.\" src=\"https:\/\/www.salzburgerland.com\/de\/magazin\/wp-content\/uploads\/2024\/11\/IMG_2746-scaled.jpg\">\t<\/picture><figcaption>Spezielles von Wurst und Fleisch,<\/figcaption><\/a><\/figure><\/div><div class=\"col-6 col-sm-4\"><figure><a class=\"thumb-container\" href=\"https:\/\/www.salzburgerland.com\/de\/magazin\/wp-content\/uploads\/2024\/11\/IMG_2747-1280x1024.jpg\">\t<picture><source media=\"(min-width: 576px)\" srcset=\"https:\/\/www.salzburgerland.com\/de\/magazin\/wp-content\/uploads\/2024\/11\/IMG_2747-325x209.jpg 325w, https:\/\/www.salzburgerland.com\/de\/magazin\/wp-content\/uploads\/2024\/11\/IMG_2747-249x160.jpg 249w\"><\/source><source media=\"(min-width: 0)\" srcset=\"https:\/\/www.salzburgerland.com\/de\/magazin\/wp-content\/uploads\/2024\/11\/IMG_2747-249x160.jpg 249w, https:\/\/www.salzburgerland.com\/de\/magazin\/wp-content\/uploads\/2024\/11\/IMG_2747-325x209.jpg 325w\"><\/source><img decoding=\"async\" alt=\"T&uuml;ten mit getrockneten Nudeln auf einem Holzregal am Fenster, mit einem verschwommenen Blick auf die H&auml;user drau&szlig;en.\" src=\"https:\/\/www.salzburgerland.com\/de\/magazin\/wp-content\/uploads\/2024\/11\/IMG_2747-scaled.jpg\">\t<\/picture><figcaption>Teigwaren,<\/figcaption><\/a><\/figure><\/div><div class=\"col-6 col-sm-4\"><figure><a class=\"thumb-container\" href=\"https:\/\/www.salzburgerland.com\/de\/magazin\/wp-content\/uploads\/2024\/11\/IMG_2759-1280x1024.jpg\">\t<picture><source media=\"(min-width: 576px)\" srcset=\"https:\/\/www.salzburgerland.com\/de\/magazin\/wp-content\/uploads\/2024\/11\/IMG_2759-325x209.jpg 325w, https:\/\/www.salzburgerland.com\/de\/magazin\/wp-content\/uploads\/2024\/11\/IMG_2759-249x160.jpg 249w\"><\/source><source media=\"(min-width: 0)\" srcset=\"https:\/\/www.salzburgerland.com\/de\/magazin\/wp-content\/uploads\/2024\/11\/IMG_2759-249x160.jpg 249w, https:\/\/www.salzburgerland.com\/de\/magazin\/wp-content\/uploads\/2024\/11\/IMG_2759-325x209.jpg 325w\"><\/source><img decoding=\"async\" alt=\"Handgemachte Seifenst&uuml;cke in braunen Pappschachteln, ausgestellt in einer Holzschale.\" src=\"https:\/\/www.salzburgerland.com\/de\/magazin\/wp-content\/uploads\/2024\/11\/IMG_2759-scaled.jpg\">\t<\/picture><figcaption>Besonderes f&uuml;r K&ouml;rper<\/figcaption><\/a><\/figure><\/div><div class=\"col-6 col-sm-4\"><figure><a class=\"thumb-container\" href=\"https:\/\/www.salzburgerland.com\/de\/magazin\/wp-content\/uploads\/2024\/11\/IMG_2758-1280x1024.jpg\">\t<picture><source media=\"(min-width: 576px)\" srcset=\"https:\/\/www.salzburgerland.com\/de\/magazin\/wp-content\/uploads\/2024\/11\/IMG_2758-325x209.jpg 325w, https:\/\/www.salzburgerland.com\/de\/magazin\/wp-content\/uploads\/2024\/11\/IMG_2758-249x160.jpg 249w\"><\/source><source media=\"(min-width: 0)\" srcset=\"https:\/\/www.salzburgerland.com\/de\/magazin\/wp-content\/uploads\/2024\/11\/IMG_2758-249x160.jpg 249w, https:\/\/www.salzburgerland.com\/de\/magazin\/wp-content\/uploads\/2024\/11\/IMG_2758-325x209.jpg 325w\"><\/source><img decoding=\"async\" alt=\"Holzregale mit braunen Glasflaschen, B&uuml;chern und verpackten Waren in einem gut beleuchteten Laden.\" src=\"https:\/\/www.salzburgerland.com\/de\/magazin\/wp-content\/uploads\/2024\/11\/IMG_2758-scaled.jpg\">\t<\/picture><figcaption>und Geist &#8211;<\/figcaption><\/a><\/figure><\/div><div class=\"col-6 col-sm-4\"><figure><a class=\"thumb-container\" href=\"https:\/\/www.salzburgerland.com\/de\/magazin\/wp-content\/uploads\/2024\/11\/IMG_2763-1280x1024.jpg\">\t<picture><source media=\"(min-width: 576px)\" srcset=\"https:\/\/www.salzburgerland.com\/de\/magazin\/wp-content\/uploads\/2024\/11\/IMG_2763-325x209.jpg 325w, https:\/\/www.salzburgerland.com\/de\/magazin\/wp-content\/uploads\/2024\/11\/IMG_2763-249x160.jpg 249w\"><\/source><source media=\"(min-width: 0)\" srcset=\"https:\/\/www.salzburgerland.com\/de\/magazin\/wp-content\/uploads\/2024\/11\/IMG_2763-249x160.jpg 249w, https:\/\/www.salzburgerland.com\/de\/magazin\/wp-content\/uploads\/2024\/11\/IMG_2763-325x209.jpg 325w\"><\/source><img decoding=\"async\" alt=\"Reihen von kleinen Gl&auml;sern mit wei&szlig;en Etiketten und schwarzen Deckeln, angeordnet auf einem Regal mit unscharfem Hintergrund.\" src=\"https:\/\/www.salzburgerland.com\/de\/magazin\/wp-content\/uploads\/2024\/11\/IMG_2763-scaled.jpg\">\t<\/picture><figcaption>die Produkte sind vielf&auml;ltig.<\/figcaption><\/a><\/figure><\/div><\/div><figcaption><\/figcaption><\/div>\n\n\n\n<h2 class=\"wp-block-heading\" id=\"h-ort-der-begegnung-und-des-austausches\">Ort der Begegnung und des Austausches<\/h2>\n\n\n\n<p>Es gibt im Bauernbogen aber nicht nur besondere Produkte, guten Kaffee und Kuchen, sondern es ist auch ein Ort der Bildung und der Begegnung. So werden Seminare und Schulungen zu unterschiedlichen Themen angeboten, wie etwa die Vermarktung eigener Produkte als Kleinb\u00e4uerin oder Kleinbauer.&nbsp;&#8222;Im Vordergrund steht, die Kleinbauern der Umgebung zu st\u00e4rken und ihren Produkten zum Verkauf zu helfen&#8220;, so Buchegger. Im Bauernbogen Abtenau werden neben Lebensmitteln, wie Brot, Fleisch, Wurst, Milch, K\u00e4se und Teigwaren auch Naturkosmetik, K\u00f6rbe und Taschen angeboten. Eben das, was die Menschen der Umgebung produzieren. Der Bauernbogen kann auch f\u00fcr eigene Veranstaltungen gemietet werden \u2013 dazu gibt es dann ein Catering mit regionalen Produkten vom Bauernmarkt.&nbsp;<\/p>\n\n\n<div class=\"mag-gallery\"><div class=\"row\"><div class=\"col-6 col-sm-4\"><figure><a class=\"thumb-container\" href=\"https:\/\/www.salzburgerland.com\/de\/magazin\/wp-content\/uploads\/2024\/11\/IMG_2772-1-1280x1024.jpg\">\t<picture><source media=\"(min-width: 576px)\" srcset=\"https:\/\/www.salzburgerland.com\/de\/magazin\/wp-content\/uploads\/2024\/11\/IMG_2772-1-325x209.jpg 325w, https:\/\/www.salzburgerland.com\/de\/magazin\/wp-content\/uploads\/2024\/11\/IMG_2772-1-249x160.jpg 249w\"><\/source><source media=\"(min-width: 0)\" srcset=\"https:\/\/www.salzburgerland.com\/de\/magazin\/wp-content\/uploads\/2024\/11\/IMG_2772-1-249x160.jpg 249w, https:\/\/www.salzburgerland.com\/de\/magazin\/wp-content\/uploads\/2024\/11\/IMG_2772-1-325x209.jpg 325w\"><\/source><img decoding=\"async\" alt=\"Eine Kassiererin l&auml;chelt, w&auml;hrend sie einem Kunden in einem Gesch&auml;ft mit einem Korb und Papiert&uuml;ten hilft.\" src=\"https:\/\/www.salzburgerland.com\/de\/magazin\/wp-content\/uploads\/2024\/11\/IMG_2772-1-scaled.jpg\">\t<\/picture><figcaption>Den Verkauf der Produkte &uuml;bernimmt das Team des Bauernbogens.<\/figcaption><\/a><\/figure><\/div><div class=\"col-6 col-sm-4\"><figure><a class=\"thumb-container\" href=\"https:\/\/www.salzburgerland.com\/de\/magazin\/wp-content\/uploads\/2024\/11\/IMG_2780-1280x1024.jpg\">\t<picture><source media=\"(min-width: 576px)\" srcset=\"https:\/\/www.salzburgerland.com\/de\/magazin\/wp-content\/uploads\/2024\/11\/IMG_2780-325x209.jpg 325w, https:\/\/www.salzburgerland.com\/de\/magazin\/wp-content\/uploads\/2024\/11\/IMG_2780-249x160.jpg 249w\"><\/source><source media=\"(min-width: 0)\" srcset=\"https:\/\/www.salzburgerland.com\/de\/magazin\/wp-content\/uploads\/2024\/11\/IMG_2780-249x160.jpg 249w, https:\/\/www.salzburgerland.com\/de\/magazin\/wp-content\/uploads\/2024\/11\/IMG_2780-325x209.jpg 325w\"><\/source><img decoding=\"async\" alt=\"\" src=\"https:\/\/www.salzburgerland.com\/de\/magazin\/wp-content\/uploads\/2024\/11\/IMG_2780-scaled.jpg\">\t<\/picture><figcaption>Der Eingangsbereich zum Bauernmarkt in Abtenau.<\/figcaption><\/a><\/figure><\/div><div class=\"col-6 col-sm-4\"><figure><a class=\"thumb-container\" href=\"https:\/\/www.salzburgerland.com\/de\/magazin\/wp-content\/uploads\/2024\/11\/IMG_2777-scaled-e1731399403870-1280x1024.jpg\">\t<picture><source media=\"(min-width: 576px)\" srcset=\"https:\/\/www.salzburgerland.com\/de\/magazin\/wp-content\/uploads\/2024\/11\/IMG_2777-scaled-e1731399403870-325x209.jpg 325w, https:\/\/www.salzburgerland.com\/de\/magazin\/wp-content\/uploads\/2024\/11\/IMG_2777-scaled-e1731399403870-249x160.jpg 249w\"><\/source><source media=\"(min-width: 0)\" srcset=\"https:\/\/www.salzburgerland.com\/de\/magazin\/wp-content\/uploads\/2024\/11\/IMG_2777-scaled-e1731399403870-249x160.jpg 249w, https:\/\/www.salzburgerland.com\/de\/magazin\/wp-content\/uploads\/2024\/11\/IMG_2777-scaled-e1731399403870-325x209.jpg 325w\"><\/source><img decoding=\"async\" alt=\"\" src=\"https:\/\/www.salzburgerland.com\/de\/magazin\/wp-content\/uploads\/2024\/11\/IMG_2777-scaled-e1731399403870.jpg\">\t<\/picture><figcaption>Die T&uuml;ren sind von Mittwoch bis Samstag ge&ouml;ffnet.<\/figcaption><\/a><\/figure><\/div><\/div><figcaption><\/figcaption><\/div>\n\n\n\n<p><br><a href=\"https:\/\/www.bauernbogen.at\/\">Bauernbogen Abtenau<\/a><br>Markt 304, 5441 Abtenau<br>\u00d6ffnungszeiten: Mi-Fr: 11.00-18.00 und Sa: 9.00-12.30<\/p>\n\n\n\n<p><\/p>\n","protected":false},"excerpt":{"rendered":"<p>Umsehen, Plaudern, Kaufen &#8211; wenn man will&#8230; Genau das ist sind die St\u00e4rken dieses Bauernmarktes, wei\u00df Georg Buchegger, Gesch\u00e4ftsf\u00fchrer des Bauernbogen Abtenau und selbst Bauer. Er sah eine L\u00fccke, die es zu f\u00fcllen galt: &#8222;Einerseits war der ehemalige Bauernmarkt mit einem Markttag zu wenig pr\u00e4sent, andererseits ist man am Land \u2013 wo jeder jeden kennt [&hellip;]<\/p>\n","protected":false},"author":549,"featured_media":179210,"comment_status":"closed","ping_status":"closed","sticky":false,"template":"","format":"standard","meta":{"_acf_changed":false,"wl_entities_gutenberg":"","_wl_entity_redirect_enabled":"","footnotes":""},"categories":[3],"tags":[7833,7832,7836,7834,7835,7198],"wl_entity_type":[306],"monatsauswahl":[82,83,84,85,86,87,88,89,90,91,92,93],"class_list":["post-179096","post","type-post","status-publish","format-standard","has-post-thumbnail","hentry","category-essen-trinken","tag-abtenau","tag-bauernmarkt","tag-bio-landwirtschaft","tag-eigenproduktion","tag-kleinbauern","tag-salzburger-land","wl_entity_type-article","monatsauswahl-monat_1","monatsauswahl-monat_2","monatsauswahl-monat_3","monatsauswahl-monat_4","monatsauswahl-monat_5","monatsauswahl-monat_6","monatsauswahl-monat_7","monatsauswahl-monat_8","monatsauswahl-monat_9","monatsauswahl-monat_10","monatsauswahl-monat_11","monatsauswahl-monat_12"],"acf":[],"yoast_head":"<!-- This site is optimized with the Yoast SEO Premium plugin v27.4 (Yoast SEO v27.4) - https:\/\/yoast.com\/product\/yoast-seo-premium-wordpress\/ -->\n<title>Der Bauernbogen Abtenau - SalzburgerLand Magazin<\/title>\n<meta name=\"robots\" content=\"index, follow, max-snippet:-1, max-image-preview:large, max-video-preview:-1\" \/>\n<link rel=\"canonical\" href=\"https:\/\/www.salzburgerland.com\/de\/magazin\/der-bauernbogen-abtenau\/\" \/>\n<meta property=\"og:locale\" content=\"de_DE\" \/>\n<meta property=\"og:type\" content=\"article\" \/>\n<meta property=\"og:title\" content=\"Der Bauernbogen Abtenau\" \/>\n<meta property=\"og:description\" content=\"Umsehen, Plaudern, Kaufen &#8211; wenn man will&#8230; Genau das ist sind die St\u00e4rken dieses Bauernmarktes, wei\u00df Georg Buchegger, Gesch\u00e4ftsf\u00fchrer des Bauernbogen Abtenau und selbst Bauer. Er sah eine L\u00fccke, die es zu f\u00fcllen galt: &#8222;Einerseits war der ehemalige Bauernmarkt mit einem Markttag zu wenig pr\u00e4sent, andererseits ist man am Land \u2013 wo jeder jeden kennt [&hellip;]\" \/>\n<meta property=\"og:url\" content=\"https:\/\/www.salzburgerland.com\/de\/magazin\/der-bauernbogen-abtenau\/\" \/>\n<meta property=\"og:site_name\" content=\"SalzburgerLand Magazin\" \/>\n<meta property=\"article:publisher\" content=\"https:\/\/www.facebook.com\/salzburgerland\/\" \/>\n<meta property=\"article:published_time\" content=\"2024-11-18T06:00:00+00:00\" \/>\n<meta property=\"og:image\" content=\"https:\/\/www.salzburgerland.com\/de\/magazin\/wp-content\/uploads\/2024\/11\/Tom-Bachler-Bauernbogen-exterior-1-scaled.jpg\" \/>\n\t<meta property=\"og:image:width\" content=\"2560\" \/>\n\t<meta property=\"og:image:height\" content=\"1708\" \/>\n\t<meta property=\"og:image:type\" content=\"image\/jpeg\" \/>\n<meta name=\"author\" content=\"Astrid Hickmann\" \/>\n<meta name=\"twitter:card\" content=\"summary_large_image\" \/>\n<meta name=\"twitter:creator\" content=\"@Salzburgerland\" \/>\n<meta name=\"twitter:site\" content=\"@Salzburgerland\" \/>\n<meta name=\"twitter:label1\" content=\"Verfasst von\" \/>\n\t<meta name=\"twitter:data1\" content=\"Astrid Hickmann\" \/>\n\t<meta name=\"twitter:label2\" content=\"Gesch\u00e4tzte Lesezeit\" \/>\n\t<meta name=\"twitter:data2\" content=\"6\u00a0Minuten\" \/>\n<script type=\"application\/ld+json\" class=\"yoast-schema-graph\">{\"@context\":\"https:\\\/\\\/schema.org\",\"@graph\":[{\"@type\":\"Article\",\"@id\":\"https:\\\/\\\/www.salzburgerland.com\\\/de\\\/magazin\\\/der-bauernbogen-abtenau\\\/#article\",\"isPartOf\":{\"@id\":\"https:\\\/\\\/www.salzburgerland.com\\\/de\\\/magazin\\\/der-bauernbogen-abtenau\\\/\"},\"author\":{\"name\":\"Astrid Hickmann\",\"@id\":\"https:\\\/\\\/www.salzburgerland.com\\\/de\\\/magazin\\\/#\\\/schema\\\/person\\\/f167fd84e217095a8df9a1bb02b16d71\"},\"headline\":\"Der Bauernbogen Abtenau\",\"datePublished\":\"2024-11-18T06:00:00+00:00\",\"mainEntityOfPage\":{\"@id\":\"https:\\\/\\\/www.salzburgerland.com\\\/de\\\/magazin\\\/der-bauernbogen-abtenau\\\/\"},\"wordCount\":502,\"publisher\":{\"@id\":\"https:\\\/\\\/www.salzburgerland.com\\\/de\\\/magazin\\\/#organization\"},\"image\":{\"@id\":\"https:\\\/\\\/www.salzburgerland.com\\\/de\\\/magazin\\\/der-bauernbogen-abtenau\\\/#primaryimage\"},\"thumbnailUrl\":\"https:\\\/\\\/www.salzburgerland.com\\\/de\\\/magazin\\\/wp-content\\\/uploads\\\/2024\\\/11\\\/Tom-Bachler-Bauernbogen-exterior-1-scaled.jpg\",\"keywords\":[\"abtenau\",\"Bauernmarkt\",\"Bio Landwirtschaft\",\"Eigenproduktion\",\"Kleinbauern\",\"Salzburger Land\"],\"articleSection\":[\"Essen &amp; Trinken\"],\"inLanguage\":\"de\"},{\"@type\":\"WebPage\",\"@id\":\"https:\\\/\\\/www.salzburgerland.com\\\/de\\\/magazin\\\/der-bauernbogen-abtenau\\\/\",\"url\":\"https:\\\/\\\/www.salzburgerland.com\\\/de\\\/magazin\\\/der-bauernbogen-abtenau\\\/\",\"name\":\"Der Bauernbogen Abtenau - SalzburgerLand Magazin\",\"isPartOf\":{\"@id\":\"https:\\\/\\\/www.salzburgerland.com\\\/de\\\/magazin\\\/#website\"},\"primaryImageOfPage\":{\"@id\":\"https:\\\/\\\/www.salzburgerland.com\\\/de\\\/magazin\\\/der-bauernbogen-abtenau\\\/#primaryimage\"},\"image\":{\"@id\":\"https:\\\/\\\/www.salzburgerland.com\\\/de\\\/magazin\\\/der-bauernbogen-abtenau\\\/#primaryimage\"},\"thumbnailUrl\":\"https:\\\/\\\/www.salzburgerland.com\\\/de\\\/magazin\\\/wp-content\\\/uploads\\\/2024\\\/11\\\/Tom-Bachler-Bauernbogen-exterior-1-scaled.jpg\",\"datePublished\":\"2024-11-18T06:00:00+00:00\",\"breadcrumb\":{\"@id\":\"https:\\\/\\\/www.salzburgerland.com\\\/de\\\/magazin\\\/der-bauernbogen-abtenau\\\/#breadcrumb\"},\"inLanguage\":\"de\",\"potentialAction\":[{\"@type\":\"ReadAction\",\"target\":[\"https:\\\/\\\/www.salzburgerland.com\\\/de\\\/magazin\\\/der-bauernbogen-abtenau\\\/\"]}]},{\"@type\":\"ImageObject\",\"inLanguage\":\"de\",\"@id\":\"https:\\\/\\\/www.salzburgerland.com\\\/de\\\/magazin\\\/der-bauernbogen-abtenau\\\/#primaryimage\",\"url\":\"https:\\\/\\\/www.salzburgerland.com\\\/de\\\/magazin\\\/wp-content\\\/uploads\\\/2024\\\/11\\\/Tom-Bachler-Bauernbogen-exterior-1-scaled.jpg\",\"contentUrl\":\"https:\\\/\\\/www.salzburgerland.com\\\/de\\\/magazin\\\/wp-content\\\/uploads\\\/2024\\\/11\\\/Tom-Bachler-Bauernbogen-exterior-1-scaled.jpg\",\"width\":2560,\"height\":1708,\"caption\":\"\u00a9 Tom Bachler\"},{\"@type\":\"BreadcrumbList\",\"@id\":\"https:\\\/\\\/www.salzburgerland.com\\\/de\\\/magazin\\\/der-bauernbogen-abtenau\\\/#breadcrumb\",\"itemListElement\":[{\"@type\":\"ListItem\",\"position\":1,\"name\":\"Startseite\",\"item\":\"https:\\\/\\\/www.salzburgerland.com\\\/de\\\/magazin\\\/\"},{\"@type\":\"ListItem\",\"position\":2,\"name\":\"Essen &amp; Trinken\",\"item\":\"https:\\\/\\\/www.salzburgerland.com\\\/de\\\/magazin\\\/thema\\\/essen-trinken\\\/\"},{\"@type\":\"ListItem\",\"position\":3,\"name\":\"Der Bauernbogen Abtenau\"}]},{\"@type\":\"WebSite\",\"@id\":\"https:\\\/\\\/www.salzburgerland.com\\\/de\\\/magazin\\\/#website\",\"url\":\"https:\\\/\\\/www.salzburgerland.com\\\/de\\\/magazin\\\/\",\"name\":\"SalzburgerLand Magazin\",\"description\":\"Geschichten und Interessantes aus dem SalzburgerLand\",\"publisher\":{\"@id\":\"https:\\\/\\\/www.salzburgerland.com\\\/de\\\/magazin\\\/#organization\"},\"potentialAction\":[{\"@type\":\"SearchAction\",\"target\":{\"@type\":\"EntryPoint\",\"urlTemplate\":\"https:\\\/\\\/www.salzburgerland.com\\\/de\\\/magazin\\\/?s={search_term_string}\"},\"query-input\":{\"@type\":\"PropertyValueSpecification\",\"valueRequired\":true,\"valueName\":\"search_term_string\"}}],\"inLanguage\":\"de\"},{\"@type\":\"Organization\",\"@id\":\"https:\\\/\\\/www.salzburgerland.com\\\/de\\\/magazin\\\/#organization\",\"name\":\"SalzburgerLand Tourismus\",\"url\":\"https:\\\/\\\/www.salzburgerland.com\\\/de\\\/magazin\\\/\",\"logo\":{\"@type\":\"ImageObject\",\"inLanguage\":\"de\",\"@id\":\"https:\\\/\\\/www.salzburgerland.com\\\/de\\\/magazin\\\/#\\\/schema\\\/logo\\\/image\\\/\",\"url\":\"https:\\\/\\\/www.salzburgerland.com\\\/de\\\/magazin\\\/wp-content\\\/uploads\\\/2019\\\/06\\\/salzburgerland-logo1.jpg\",\"contentUrl\":\"https:\\\/\\\/www.salzburgerland.com\\\/de\\\/magazin\\\/wp-content\\\/uploads\\\/2019\\\/06\\\/salzburgerland-logo1.jpg\",\"width\":2011,\"height\":866,\"caption\":\"SalzburgerLand Tourismus\"},\"image\":{\"@id\":\"https:\\\/\\\/www.salzburgerland.com\\\/de\\\/magazin\\\/#\\\/schema\\\/logo\\\/image\\\/\"},\"sameAs\":[\"https:\\\/\\\/www.facebook.com\\\/salzburgerland\\\/\",\"https:\\\/\\\/x.com\\\/Salzburgerland\",\"https:\\\/\\\/www.instagram.com\\\/salzburgerland\\\/\",\"https:\\\/\\\/at.linkedin.com\\\/company\\\/salzburgerland-tourismus-gmbh\",\"https:\\\/\\\/www.pinterest.at\\\/salzburgerland\\\/\",\"https:\\\/\\\/www.youtube.com\\\/user\\\/salzburgerland\",\"https:\\\/\\\/de.wikipedia.org\\\/wiki\\\/SalzburgerLand_Tourismus_GmbH\"]},{\"@type\":\"Person\",\"@id\":\"https:\\\/\\\/www.salzburgerland.com\\\/de\\\/magazin\\\/#\\\/schema\\\/person\\\/f167fd84e217095a8df9a1bb02b16d71\",\"name\":\"Astrid Hickmann\",\"description\":\"Ich liebe es, Neues zu entdecken, bin gerne in der Natur, vom Leben da drau\u00dfen fasziniert und genie\u00dfe die feinen Momente des Lebens in vollen Z\u00fcgen. Am liebsten verpacke ich das Gefundene \u2013 sei es ein sch\u00f6ner Platz in der Natur oder ein liebenswerter Mensch mit spannender Geschichte \u2013 in kreativer Art und Weise: In Form von Text, Bild oder als Radiobeitrag. Sch\u00f6nes zu entdecken und das zu teilen bereitet mir dann doppelt Freude! Mit dem Studium der audiovisuellen Kommunikation in Salzburg sowie Biologie &amp; Englisch in Linz legte ich die Basis f\u00fcr das, was ich gerne tue \u2013 beobachten, entdecken, kommunizieren und teilen. Fr\u00fchling, Sommer, Herbst oder Winter? Ich muss schon sagen, jede dieser vier Jahreszeiten hat ihre Reize \u2013 die Blumen und Bienen im Fr\u00fchling, Duft von Heu in der Luft im Sommer, die bunten Bl\u00e4tter im Herbst und der Pulverschnee im Winter \u2013 nichts m\u00f6chte ich missen. Doch zugegeben: Ein bisschen l\u00e4nger d\u00fcrften die warmen Zeiten im Jahr schon sein... Aber g\u00e4be es denn dann noch hochtrabende Fr\u00fchlingsgef\u00fchle ohne einen langen, kalten Winter davor erlebt zu haben? Wandern oder Laufen? Hier steht bei mir definitiv Wandern an erster Stelle. Da bleibt einfach mehr Zeit f\u00fcr Genuss. Morgen- oder Abendmensch? So gerne ich am Abend oft noch voller Power w\u00e4re \u2013 die meiste Energie sprudelt bei mir doch am Morgen! Gummistiefel oder Highheels? Es gibt tolle, bunte Gummistiefel mit Mustern oder Punkten, in rot, gelb oder gr\u00fcn! Au\u00dferdem kommt das frische Gr\u00fcn im Salzburger Land ja nicht von selbst... also ich bin f\u00fcr Gummistiefel (und meine F\u00fc\u00dflein auch). Ausstellung oder Bergpanorama? Also wenn ich\u00b4s mir aussuchen kann, gehe ich an einem der besagten Gummistiefeltage in die Ausstellung und betrachte dann an einem feinen Sonnentag das frische Gr\u00fcn der Almen im Bergpanorama.\",\"url\":\"https:\\\/\\\/www.salzburgerland.com\\\/de\\\/magazin\\\/author\\\/astrid-hickmann\\\/\"}]}<\/script>\n<!-- \/ Yoast SEO Premium plugin. -->","yoast_head_json":{"title":"Der Bauernbogen Abtenau - SalzburgerLand Magazin","robots":{"index":"index","follow":"follow","max-snippet":"max-snippet:-1","max-image-preview":"max-image-preview:large","max-video-preview":"max-video-preview:-1"},"canonical":"https:\/\/www.salzburgerland.com\/de\/magazin\/der-bauernbogen-abtenau\/","og_locale":"de_DE","og_type":"article","og_title":"Der Bauernbogen Abtenau","og_description":"Umsehen, Plaudern, Kaufen &#8211; wenn man will&#8230; Genau das ist sind die St\u00e4rken dieses Bauernmarktes, wei\u00df Georg Buchegger, Gesch\u00e4ftsf\u00fchrer des Bauernbogen Abtenau und selbst Bauer. Er sah eine L\u00fccke, die es zu f\u00fcllen galt: &#8222;Einerseits war der ehemalige Bauernmarkt mit einem Markttag zu wenig pr\u00e4sent, andererseits ist man am Land \u2013 wo jeder jeden kennt [&hellip;]","og_url":"https:\/\/www.salzburgerland.com\/de\/magazin\/der-bauernbogen-abtenau\/","og_site_name":"SalzburgerLand Magazin","article_publisher":"https:\/\/www.facebook.com\/salzburgerland\/","article_published_time":"2024-11-18T06:00:00+00:00","og_image":[{"width":2560,"height":1708,"url":"https:\/\/www.salzburgerland.com\/de\/magazin\/wp-content\/uploads\/2024\/11\/Tom-Bachler-Bauernbogen-exterior-1-scaled.jpg","type":"image\/jpeg"}],"author":"Astrid Hickmann","twitter_card":"summary_large_image","twitter_creator":"@Salzburgerland","twitter_site":"@Salzburgerland","twitter_misc":{"Verfasst von":"Astrid Hickmann","Gesch\u00e4tzte Lesezeit":"6\u00a0Minuten"},"schema":{"@context":"https:\/\/schema.org","@graph":[{"@type":"Article","@id":"https:\/\/www.salzburgerland.com\/de\/magazin\/der-bauernbogen-abtenau\/#article","isPartOf":{"@id":"https:\/\/www.salzburgerland.com\/de\/magazin\/der-bauernbogen-abtenau\/"},"author":{"name":"Astrid Hickmann","@id":"https:\/\/www.salzburgerland.com\/de\/magazin\/#\/schema\/person\/f167fd84e217095a8df9a1bb02b16d71"},"headline":"Der Bauernbogen Abtenau","datePublished":"2024-11-18T06:00:00+00:00","mainEntityOfPage":{"@id":"https:\/\/www.salzburgerland.com\/de\/magazin\/der-bauernbogen-abtenau\/"},"wordCount":502,"publisher":{"@id":"https:\/\/www.salzburgerland.com\/de\/magazin\/#organization"},"image":{"@id":"https:\/\/www.salzburgerland.com\/de\/magazin\/der-bauernbogen-abtenau\/#primaryimage"},"thumbnailUrl":"https:\/\/www.salzburgerland.com\/de\/magazin\/wp-content\/uploads\/2024\/11\/Tom-Bachler-Bauernbogen-exterior-1-scaled.jpg","keywords":["abtenau","Bauernmarkt","Bio Landwirtschaft","Eigenproduktion","Kleinbauern","Salzburger Land"],"articleSection":["Essen &amp; Trinken"],"inLanguage":"de"},{"@type":"WebPage","@id":"https:\/\/www.salzburgerland.com\/de\/magazin\/der-bauernbogen-abtenau\/","url":"https:\/\/www.salzburgerland.com\/de\/magazin\/der-bauernbogen-abtenau\/","name":"Der Bauernbogen Abtenau - SalzburgerLand Magazin","isPartOf":{"@id":"https:\/\/www.salzburgerland.com\/de\/magazin\/#website"},"primaryImageOfPage":{"@id":"https:\/\/www.salzburgerland.com\/de\/magazin\/der-bauernbogen-abtenau\/#primaryimage"},"image":{"@id":"https:\/\/www.salzburgerland.com\/de\/magazin\/der-bauernbogen-abtenau\/#primaryimage"},"thumbnailUrl":"https:\/\/www.salzburgerland.com\/de\/magazin\/wp-content\/uploads\/2024\/11\/Tom-Bachler-Bauernbogen-exterior-1-scaled.jpg","datePublished":"2024-11-18T06:00:00+00:00","breadcrumb":{"@id":"https:\/\/www.salzburgerland.com\/de\/magazin\/der-bauernbogen-abtenau\/#breadcrumb"},"inLanguage":"de","potentialAction":[{"@type":"ReadAction","target":["https:\/\/www.salzburgerland.com\/de\/magazin\/der-bauernbogen-abtenau\/"]}]},{"@type":"ImageObject","inLanguage":"de","@id":"https:\/\/www.salzburgerland.com\/de\/magazin\/der-bauernbogen-abtenau\/#primaryimage","url":"https:\/\/www.salzburgerland.com\/de\/magazin\/wp-content\/uploads\/2024\/11\/Tom-Bachler-Bauernbogen-exterior-1-scaled.jpg","contentUrl":"https:\/\/www.salzburgerland.com\/de\/magazin\/wp-content\/uploads\/2024\/11\/Tom-Bachler-Bauernbogen-exterior-1-scaled.jpg","width":2560,"height":1708,"caption":"\u00a9 Tom Bachler"},{"@type":"BreadcrumbList","@id":"https:\/\/www.salzburgerland.com\/de\/magazin\/der-bauernbogen-abtenau\/#breadcrumb","itemListElement":[{"@type":"ListItem","position":1,"name":"Startseite","item":"https:\/\/www.salzburgerland.com\/de\/magazin\/"},{"@type":"ListItem","position":2,"name":"Essen &amp; Trinken","item":"https:\/\/www.salzburgerland.com\/de\/magazin\/thema\/essen-trinken\/"},{"@type":"ListItem","position":3,"name":"Der Bauernbogen Abtenau"}]},{"@type":"WebSite","@id":"https:\/\/www.salzburgerland.com\/de\/magazin\/#website","url":"https:\/\/www.salzburgerland.com\/de\/magazin\/","name":"SalzburgerLand Magazin","description":"Geschichten und Interessantes aus dem SalzburgerLand","publisher":{"@id":"https:\/\/www.salzburgerland.com\/de\/magazin\/#organization"},"potentialAction":[{"@type":"SearchAction","target":{"@type":"EntryPoint","urlTemplate":"https:\/\/www.salzburgerland.com\/de\/magazin\/?s={search_term_string}"},"query-input":{"@type":"PropertyValueSpecification","valueRequired":true,"valueName":"search_term_string"}}],"inLanguage":"de"},{"@type":"Organization","@id":"https:\/\/www.salzburgerland.com\/de\/magazin\/#organization","name":"SalzburgerLand Tourismus","url":"https:\/\/www.salzburgerland.com\/de\/magazin\/","logo":{"@type":"ImageObject","inLanguage":"de","@id":"https:\/\/www.salzburgerland.com\/de\/magazin\/#\/schema\/logo\/image\/","url":"https:\/\/www.salzburgerland.com\/de\/magazin\/wp-content\/uploads\/2019\/06\/salzburgerland-logo1.jpg","contentUrl":"https:\/\/www.salzburgerland.com\/de\/magazin\/wp-content\/uploads\/2019\/06\/salzburgerland-logo1.jpg","width":2011,"height":866,"caption":"SalzburgerLand Tourismus"},"image":{"@id":"https:\/\/www.salzburgerland.com\/de\/magazin\/#\/schema\/logo\/image\/"},"sameAs":["https:\/\/www.facebook.com\/salzburgerland\/","https:\/\/x.com\/Salzburgerland","https:\/\/www.instagram.com\/salzburgerland\/","https:\/\/at.linkedin.com\/company\/salzburgerland-tourismus-gmbh","https:\/\/www.pinterest.at\/salzburgerland\/","https:\/\/www.youtube.com\/user\/salzburgerland","https:\/\/de.wikipedia.org\/wiki\/SalzburgerLand_Tourismus_GmbH"]},{"@type":"Person","@id":"https:\/\/www.salzburgerland.com\/de\/magazin\/#\/schema\/person\/f167fd84e217095a8df9a1bb02b16d71","name":"Astrid Hickmann","description":"Ich liebe es, Neues zu entdecken, bin gerne in der Natur, vom Leben da drau\u00dfen fasziniert und genie\u00dfe die feinen Momente des Lebens in vollen Z\u00fcgen. Am liebsten verpacke ich das Gefundene \u2013 sei es ein sch\u00f6ner Platz in der Natur oder ein liebenswerter Mensch mit spannender Geschichte \u2013 in kreativer Art und Weise: In Form von Text, Bild oder als Radiobeitrag. Sch\u00f6nes zu entdecken und das zu teilen bereitet mir dann doppelt Freude! Mit dem Studium der audiovisuellen Kommunikation in Salzburg sowie Biologie &amp; Englisch in Linz legte ich die Basis f\u00fcr das, was ich gerne tue \u2013 beobachten, entdecken, kommunizieren und teilen. Fr\u00fchling, Sommer, Herbst oder Winter? Ich muss schon sagen, jede dieser vier Jahreszeiten hat ihre Reize \u2013 die Blumen und Bienen im Fr\u00fchling, Duft von Heu in der Luft im Sommer, die bunten Bl\u00e4tter im Herbst und der Pulverschnee im Winter \u2013 nichts m\u00f6chte ich missen. Doch zugegeben: Ein bisschen l\u00e4nger d\u00fcrften die warmen Zeiten im Jahr schon sein... Aber g\u00e4be es denn dann noch hochtrabende Fr\u00fchlingsgef\u00fchle ohne einen langen, kalten Winter davor erlebt zu haben? Wandern oder Laufen? Hier steht bei mir definitiv Wandern an erster Stelle. Da bleibt einfach mehr Zeit f\u00fcr Genuss. Morgen- oder Abendmensch? So gerne ich am Abend oft noch voller Power w\u00e4re \u2013 die meiste Energie sprudelt bei mir doch am Morgen! Gummistiefel oder Highheels? Es gibt tolle, bunte Gummistiefel mit Mustern oder Punkten, in rot, gelb oder gr\u00fcn! Au\u00dferdem kommt das frische Gr\u00fcn im Salzburger Land ja nicht von selbst... also ich bin f\u00fcr Gummistiefel (und meine F\u00fc\u00dflein auch). Ausstellung oder Bergpanorama? Also wenn ich\u00b4s mir aussuchen kann, gehe ich an einem der besagten Gummistiefeltage in die Ausstellung und betrachte dann an einem feinen Sonnentag das frische Gr\u00fcn der Almen im Bergpanorama.","url":"https:\/\/www.salzburgerland.com\/de\/magazin\/author\/astrid-hickmann\/"}]}},"_wl_alt_label":[],"wl:entity_url":"http:\/\/open.salzburgerland.com\/magazin\/post\/der-bauernbogen-abtenau-179096","_links":{"self":[{"href":"https:\/\/www.salzburgerland.com\/de\/magazin\/wp-json\/wp\/v2\/posts\/179096","targetHints":{"allow":["GET"]}}],"collection":[{"href":"https:\/\/www.salzburgerland.com\/de\/magazin\/wp-json\/wp\/v2\/posts"}],"about":[{"href":"https:\/\/www.salzburgerland.com\/de\/magazin\/wp-json\/wp\/v2\/types\/post"}],"author":[{"embeddable":true,"href":"https:\/\/www.salzburgerland.com\/de\/magazin\/wp-json\/wp\/v2\/users\/549"}],"replies":[{"embeddable":true,"href":"https:\/\/www.salzburgerland.com\/de\/magazin\/wp-json\/wp\/v2\/comments?post=179096"}],"version-history":[{"count":24,"href":"https:\/\/www.salzburgerland.com\/de\/magazin\/wp-json\/wp\/v2\/posts\/179096\/revisions"}],"predecessor-version":[{"id":179359,"href":"https:\/\/www.salzburgerland.com\/de\/magazin\/wp-json\/wp\/v2\/posts\/179096\/revisions\/179359"}],"wp:featuredmedia":[{"embeddable":true,"href":"https:\/\/www.salzburgerland.com\/de\/magazin\/wp-json\/wp\/v2\/media\/179210"}],"wp:attachment":[{"href":"https:\/\/www.salzburgerland.com\/de\/magazin\/wp-json\/wp\/v2\/media?parent=179096"}],"wp:term":[{"taxonomy":"category","embeddable":true,"href":"https:\/\/www.salzburgerland.com\/de\/magazin\/wp-json\/wp\/v2\/categories?post=179096"},{"taxonomy":"post_tag","embeddable":true,"href":"https:\/\/www.salzburgerland.com\/de\/magazin\/wp-json\/wp\/v2\/tags?post=179096"},{"taxonomy":"wl_entity_type","embeddable":true,"href":"https:\/\/www.salzburgerland.com\/de\/magazin\/wp-json\/wp\/v2\/wl_entity_type?post=179096"},{"taxonomy":"monatsauswahl","embeddable":true,"href":"https:\/\/www.salzburgerland.com\/de\/magazin\/wp-json\/wp\/v2\/monatsauswahl?post=179096"}],"curies":[{"name":"wp","href":"https:\/\/api.w.org\/{rel}","templated":true}]}}