{"id":178842,"date":"2024-10-17T07:00:00","date_gmt":"2024-10-17T05:00:00","guid":{"rendered":"https:\/\/www.salzburgerland.com\/de\/magazin\/?p=178842"},"modified":"2024-10-16T07:50:41","modified_gmt":"2024-10-16T05:50:41","slug":"das-salzburger-seenland-von-oben-gesehen","status":"publish","type":"post","link":"https:\/\/www.salzburgerland.com\/de\/magazin\/das-salzburger-seenland-von-oben-gesehen\/","title":{"rendered":"Das Salzburger Seenland von oben gesehen"},"content":{"rendered":"\n<div class=\"wp-block-slt-top topBlocks\">\n<h2 class=\"wp-block-slt-subtitle\">Ein Flug \u00fcber das Seenland<\/h2>\n\n\n\n<p class=\"wp-block-slt-intro\">Das Salzburger Seenland liegt im Norden von Salzburg und besticht mit einer h\u00fcgeligen Landschaft aus Wiesen, W\u00e4ldern und dazwischen kleine Ortschaften. Die vier Seen Mattsee, Obertrumersee, Grabensee und Wallersee geben der Region ihren Namen und sind touristischer Anziehungspunkt in der warmen Jahreszeit.<\/p>\n<\/div>\n\n\n\n<p>Vier Seen, eine sanfte H\u00fcgellandschaft und die Berge der Alpen nicht weit entfernt. Das Seenland bietet f\u00fcr Erholungs-Suchende und auch Aktivurlauber jede Menge Attraktion \u2013 zu Fu\u00df, mit dem Rad oder im Wasser. In Sachen Kulinarik gibt es neben der Salzburger Hausmannskost ein gro\u00dfes Angebot an modernen Gerichten, auch der Fisch aus den Seen darf am Teller nicht fehlen. Eine Vielzahl an lokalen Produkten wie K\u00e4se, Wurst oder Gem\u00fcse aus dem eigenen Garten werden auf Bauernm\u00e4rkten, die meist w\u00f6chentlich stattfinden, angeboten.<\/p>\n\n\n\n<p>Das Salzburger Seenland ist nicht nur ein idealer Ort f\u00fcr Aktivurlauber, sondern bietet \u00fcber das ganze Jahr auch viele kulturelle Highlights. Die Ortschaften in der Region veranstalten regelm\u00e4\u00dfig traditionelle Feste, die einen Einblick in das l\u00e4ndliche Leben bieten.<\/p>\n\n\n\n<p>Information zu der Region und ihren Attraktionen gibt es auf der Website des <a href=\"https:\/\/www.salzburger-seenland.at\/\" target=\"_blank\" rel=\"noreferrer noopener\"><strong>Salzburger Seenlandes<\/strong><\/a>. <\/p>\n\n\n<div class=\"mag-gallery\"><div class=\"row\"><div class=\"col-6 col-sm-4\"><figure><a class=\"thumb-container\" href=\"https:\/\/www.salzburgerland.com\/de\/magazin\/wp-content\/uploads\/2024\/10\/DJI_0556-Verbessert-RR-1280x1024.jpg\">\t<picture><source media=\"(min-width: 576px)\" srcset=\"https:\/\/www.salzburgerland.com\/de\/magazin\/wp-content\/uploads\/2024\/10\/DJI_0556-Verbessert-RR-325x209.jpg 325w, https:\/\/www.salzburgerland.com\/de\/magazin\/wp-content\/uploads\/2024\/10\/DJI_0556-Verbessert-RR-249x160.jpg 249w\"><\/source><source media=\"(min-width: 0)\" srcset=\"https:\/\/www.salzburgerland.com\/de\/magazin\/wp-content\/uploads\/2024\/10\/DJI_0556-Verbessert-RR-249x160.jpg 249w, https:\/\/www.salzburgerland.com\/de\/magazin\/wp-content\/uploads\/2024\/10\/DJI_0556-Verbessert-RR-325x209.jpg 325w\"><\/source><img decoding=\"async\" alt=\"\" src=\"https:\/\/www.salzburgerland.com\/de\/magazin\/wp-content\/uploads\/2024\/10\/DJI_0556-Verbessert-RR-scaled.jpg\">\t<\/picture><\/a><\/figure><\/div><div class=\"col-6 col-sm-4\"><figure><a class=\"thumb-container\" href=\"https:\/\/www.salzburgerland.com\/de\/magazin\/wp-content\/uploads\/2024\/10\/DJI_0531-Verbessert-RR-1280x1024.jpg\">\t<picture><source media=\"(min-width: 576px)\" srcset=\"https:\/\/www.salzburgerland.com\/de\/magazin\/wp-content\/uploads\/2024\/10\/DJI_0531-Verbessert-RR-325x209.jpg 325w, https:\/\/www.salzburgerland.com\/de\/magazin\/wp-content\/uploads\/2024\/10\/DJI_0531-Verbessert-RR-249x160.jpg 249w\"><\/source><source media=\"(min-width: 0)\" srcset=\"https:\/\/www.salzburgerland.com\/de\/magazin\/wp-content\/uploads\/2024\/10\/DJI_0531-Verbessert-RR-249x160.jpg 249w, https:\/\/www.salzburgerland.com\/de\/magazin\/wp-content\/uploads\/2024\/10\/DJI_0531-Verbessert-RR-325x209.jpg 325w\"><\/source><img decoding=\"async\" alt=\"\" src=\"https:\/\/www.salzburgerland.com\/de\/magazin\/wp-content\/uploads\/2024\/10\/DJI_0531-Verbessert-RR-scaled.jpg\">\t<\/picture><\/a><\/figure><\/div><div class=\"col-6 col-sm-4\"><figure><a class=\"thumb-container\" href=\"https:\/\/www.salzburgerland.com\/de\/magazin\/wp-content\/uploads\/2024\/10\/DJI_0484-Verbessert-RR-1280x1024.jpg\">\t<picture><source media=\"(min-width: 576px)\" srcset=\"https:\/\/www.salzburgerland.com\/de\/magazin\/wp-content\/uploads\/2024\/10\/DJI_0484-Verbessert-RR-325x209.jpg 325w, https:\/\/www.salzburgerland.com\/de\/magazin\/wp-content\/uploads\/2024\/10\/DJI_0484-Verbessert-RR-249x160.jpg 249w\"><\/source><source media=\"(min-width: 0)\" srcset=\"https:\/\/www.salzburgerland.com\/de\/magazin\/wp-content\/uploads\/2024\/10\/DJI_0484-Verbessert-RR-249x160.jpg 249w, https:\/\/www.salzburgerland.com\/de\/magazin\/wp-content\/uploads\/2024\/10\/DJI_0484-Verbessert-RR-325x209.jpg 325w\"><\/source><img decoding=\"async\" alt=\"\" src=\"https:\/\/www.salzburgerland.com\/de\/magazin\/wp-content\/uploads\/2024\/10\/DJI_0484-Verbessert-RR-scaled.jpg\">\t<\/picture><\/a><\/figure><\/div><div class=\"col-6 col-sm-4\"><figure><a class=\"thumb-container\" href=\"https:\/\/www.salzburgerland.com\/de\/magazin\/wp-content\/uploads\/2024\/10\/DJI_0479-Verbessert-RR-1280x1024.jpg\">\t<picture><source media=\"(min-width: 576px)\" srcset=\"https:\/\/www.salzburgerland.com\/de\/magazin\/wp-content\/uploads\/2024\/10\/DJI_0479-Verbessert-RR-325x209.jpg 325w, https:\/\/www.salzburgerland.com\/de\/magazin\/wp-content\/uploads\/2024\/10\/DJI_0479-Verbessert-RR-249x160.jpg 249w\"><\/source><source media=\"(min-width: 0)\" srcset=\"https:\/\/www.salzburgerland.com\/de\/magazin\/wp-content\/uploads\/2024\/10\/DJI_0479-Verbessert-RR-249x160.jpg 249w, https:\/\/www.salzburgerland.com\/de\/magazin\/wp-content\/uploads\/2024\/10\/DJI_0479-Verbessert-RR-325x209.jpg 325w\"><\/source><img decoding=\"async\" alt=\"\" src=\"https:\/\/www.salzburgerland.com\/de\/magazin\/wp-content\/uploads\/2024\/10\/DJI_0479-Verbessert-RR-scaled.jpg\">\t<\/picture><\/a><\/figure><\/div><div class=\"col-6 col-sm-4\"><figure><a class=\"thumb-container\" href=\"https:\/\/www.salzburgerland.com\/de\/magazin\/wp-content\/uploads\/2024\/10\/DJI_0400-Verbessert-RR-1280x1024.jpg\">\t<picture><source media=\"(min-width: 576px)\" srcset=\"https:\/\/www.salzburgerland.com\/de\/magazin\/wp-content\/uploads\/2024\/10\/DJI_0400-Verbessert-RR-325x209.jpg 325w, https:\/\/www.salzburgerland.com\/de\/magazin\/wp-content\/uploads\/2024\/10\/DJI_0400-Verbessert-RR-249x160.jpg 249w\"><\/source><source media=\"(min-width: 0)\" srcset=\"https:\/\/www.salzburgerland.com\/de\/magazin\/wp-content\/uploads\/2024\/10\/DJI_0400-Verbessert-RR-249x160.jpg 249w, https:\/\/www.salzburgerland.com\/de\/magazin\/wp-content\/uploads\/2024\/10\/DJI_0400-Verbessert-RR-325x209.jpg 325w\"><\/source><img decoding=\"async\" alt=\"\" src=\"https:\/\/www.salzburgerland.com\/de\/magazin\/wp-content\/uploads\/2024\/10\/DJI_0400-Verbessert-RR-scaled.jpg\">\t<\/picture><\/a><\/figure><\/div><div class=\"col-6 col-sm-4\"><figure><a class=\"thumb-container\" href=\"https:\/\/www.salzburgerland.com\/de\/magazin\/wp-content\/uploads\/2024\/10\/DJI_0377-Verbessert-RR-1280x1024.jpg\">\t<picture><source media=\"(min-width: 576px)\" srcset=\"https:\/\/www.salzburgerland.com\/de\/magazin\/wp-content\/uploads\/2024\/10\/DJI_0377-Verbessert-RR-325x209.jpg 325w, https:\/\/www.salzburgerland.com\/de\/magazin\/wp-content\/uploads\/2024\/10\/DJI_0377-Verbessert-RR-249x160.jpg 249w\"><\/source><source media=\"(min-width: 0)\" srcset=\"https:\/\/www.salzburgerland.com\/de\/magazin\/wp-content\/uploads\/2024\/10\/DJI_0377-Verbessert-RR-249x160.jpg 249w, https:\/\/www.salzburgerland.com\/de\/magazin\/wp-content\/uploads\/2024\/10\/DJI_0377-Verbessert-RR-325x209.jpg 325w\"><\/source><img decoding=\"async\" alt=\"\" src=\"https:\/\/www.salzburgerland.com\/de\/magazin\/wp-content\/uploads\/2024\/10\/DJI_0377-Verbessert-RR-scaled.jpg\">\t<\/picture><\/a><\/figure><\/div><div class=\"col-6 col-sm-4\"><figure><a class=\"thumb-container\" href=\"https:\/\/www.salzburgerland.com\/de\/magazin\/wp-content\/uploads\/2024\/10\/DJI_0311-Verbessert-RR-1280x1024.jpg\">\t<picture><source media=\"(min-width: 576px)\" srcset=\"https:\/\/www.salzburgerland.com\/de\/magazin\/wp-content\/uploads\/2024\/10\/DJI_0311-Verbessert-RR-325x209.jpg 325w, https:\/\/www.salzburgerland.com\/de\/magazin\/wp-content\/uploads\/2024\/10\/DJI_0311-Verbessert-RR-249x160.jpg 249w\"><\/source><source media=\"(min-width: 0)\" srcset=\"https:\/\/www.salzburgerland.com\/de\/magazin\/wp-content\/uploads\/2024\/10\/DJI_0311-Verbessert-RR-249x160.jpg 249w, https:\/\/www.salzburgerland.com\/de\/magazin\/wp-content\/uploads\/2024\/10\/DJI_0311-Verbessert-RR-325x209.jpg 325w\"><\/source><img decoding=\"async\" alt=\"\" src=\"https:\/\/www.salzburgerland.com\/de\/magazin\/wp-content\/uploads\/2024\/10\/DJI_0311-Verbessert-RR-scaled.jpg\">\t<\/picture><\/a><\/figure><\/div><div class=\"col-6 col-sm-4\"><figure><a class=\"thumb-container\" href=\"https:\/\/www.salzburgerland.com\/de\/magazin\/wp-content\/uploads\/2024\/10\/DJI_0272-Verbessert-RR-1280x1024.jpg\">\t<picture><source media=\"(min-width: 576px)\" srcset=\"https:\/\/www.salzburgerland.com\/de\/magazin\/wp-content\/uploads\/2024\/10\/DJI_0272-Verbessert-RR-325x209.jpg 325w, https:\/\/www.salzburgerland.com\/de\/magazin\/wp-content\/uploads\/2024\/10\/DJI_0272-Verbessert-RR-249x160.jpg 249w\"><\/source><source media=\"(min-width: 0)\" srcset=\"https:\/\/www.salzburgerland.com\/de\/magazin\/wp-content\/uploads\/2024\/10\/DJI_0272-Verbessert-RR-249x160.jpg 249w, https:\/\/www.salzburgerland.com\/de\/magazin\/wp-content\/uploads\/2024\/10\/DJI_0272-Verbessert-RR-325x209.jpg 325w\"><\/source><img decoding=\"async\" alt=\"\" src=\"https:\/\/www.salzburgerland.com\/de\/magazin\/wp-content\/uploads\/2024\/10\/DJI_0272-Verbessert-RR-scaled.jpg\">\t<\/picture><\/a><\/figure><\/div><div class=\"col-6 col-sm-4\"><figure><a class=\"thumb-container\" href=\"https:\/\/www.salzburgerland.com\/de\/magazin\/wp-content\/uploads\/2024\/10\/DJI_0270-Verbessert-RR-1280x1024.jpg\">\t<picture><source media=\"(min-width: 576px)\" srcset=\"https:\/\/www.salzburgerland.com\/de\/magazin\/wp-content\/uploads\/2024\/10\/DJI_0270-Verbessert-RR-325x209.jpg 325w, https:\/\/www.salzburgerland.com\/de\/magazin\/wp-content\/uploads\/2024\/10\/DJI_0270-Verbessert-RR-249x160.jpg 249w\"><\/source><source media=\"(min-width: 0)\" srcset=\"https:\/\/www.salzburgerland.com\/de\/magazin\/wp-content\/uploads\/2024\/10\/DJI_0270-Verbessert-RR-249x160.jpg 249w, https:\/\/www.salzburgerland.com\/de\/magazin\/wp-content\/uploads\/2024\/10\/DJI_0270-Verbessert-RR-325x209.jpg 325w\"><\/source><img decoding=\"async\" alt=\"\" src=\"https:\/\/www.salzburgerland.com\/de\/magazin\/wp-content\/uploads\/2024\/10\/DJI_0270-Verbessert-RR-scaled.jpg\">\t<\/picture><\/a><\/figure><\/div><div class=\"col-6 col-sm-4\"><figure><a class=\"thumb-container\" href=\"https:\/\/www.salzburgerland.com\/de\/magazin\/wp-content\/uploads\/2024\/10\/DJI_0269-Verbessert-RR-1280x1024.jpg\">\t<picture><source media=\"(min-width: 576px)\" srcset=\"https:\/\/www.salzburgerland.com\/de\/magazin\/wp-content\/uploads\/2024\/10\/DJI_0269-Verbessert-RR-325x209.jpg 325w, https:\/\/www.salzburgerland.com\/de\/magazin\/wp-content\/uploads\/2024\/10\/DJI_0269-Verbessert-RR-249x160.jpg 249w\"><\/source><source media=\"(min-width: 0)\" srcset=\"https:\/\/www.salzburgerland.com\/de\/magazin\/wp-content\/uploads\/2024\/10\/DJI_0269-Verbessert-RR-249x160.jpg 249w, https:\/\/www.salzburgerland.com\/de\/magazin\/wp-content\/uploads\/2024\/10\/DJI_0269-Verbessert-RR-325x209.jpg 325w\"><\/source><img decoding=\"async\" alt=\"\" src=\"https:\/\/www.salzburgerland.com\/de\/magazin\/wp-content\/uploads\/2024\/10\/DJI_0269-Verbessert-RR-scaled.jpg\">\t<\/picture><\/a><\/figure><\/div><div class=\"col-6 col-sm-4\"><figure><a class=\"thumb-container\" href=\"https:\/\/www.salzburgerland.com\/de\/magazin\/wp-content\/uploads\/2024\/10\/DJI_0266-1280x1024.jpg\">\t<picture><source media=\"(min-width: 576px)\" srcset=\"https:\/\/www.salzburgerland.com\/de\/magazin\/wp-content\/uploads\/2024\/10\/DJI_0266-325x209.jpg 325w, https:\/\/www.salzburgerland.com\/de\/magazin\/wp-content\/uploads\/2024\/10\/DJI_0266-249x160.jpg 249w\"><\/source><source media=\"(min-width: 0)\" srcset=\"https:\/\/www.salzburgerland.com\/de\/magazin\/wp-content\/uploads\/2024\/10\/DJI_0266-249x160.jpg 249w, https:\/\/www.salzburgerland.com\/de\/magazin\/wp-content\/uploads\/2024\/10\/DJI_0266-325x209.jpg 325w\"><\/source><img decoding=\"async\" alt=\"\" src=\"https:\/\/www.salzburgerland.com\/de\/magazin\/wp-content\/uploads\/2024\/10\/DJI_0266-scaled.jpg\">\t<\/picture><\/a><\/figure><\/div><div class=\"col-6 col-sm-4\"><figure><a class=\"thumb-container\" href=\"https:\/\/www.salzburgerland.com\/de\/magazin\/wp-content\/uploads\/2024\/10\/DJI_0234-Verbessert-RR-1280x1024.jpg\">\t<picture><source media=\"(min-width: 576px)\" srcset=\"https:\/\/www.salzburgerland.com\/de\/magazin\/wp-content\/uploads\/2024\/10\/DJI_0234-Verbessert-RR-325x209.jpg 325w, https:\/\/www.salzburgerland.com\/de\/magazin\/wp-content\/uploads\/2024\/10\/DJI_0234-Verbessert-RR-249x160.jpg 249w\"><\/source><source media=\"(min-width: 0)\" srcset=\"https:\/\/www.salzburgerland.com\/de\/magazin\/wp-content\/uploads\/2024\/10\/DJI_0234-Verbessert-RR-249x160.jpg 249w, https:\/\/www.salzburgerland.com\/de\/magazin\/wp-content\/uploads\/2024\/10\/DJI_0234-Verbessert-RR-325x209.jpg 325w\"><\/source><img decoding=\"async\" alt=\"\" src=\"https:\/\/www.salzburgerland.com\/de\/magazin\/wp-content\/uploads\/2024\/10\/DJI_0234-Verbessert-RR-scaled.jpg\">\t<\/picture><\/a><\/figure><\/div><div class=\"col-6 col-sm-4\"><figure><a class=\"thumb-container\" href=\"https:\/\/www.salzburgerland.com\/de\/magazin\/wp-content\/uploads\/2024\/10\/DJI_0227-Verbessert-RR-1280x1024.jpg\">\t<picture><source media=\"(min-width: 576px)\" srcset=\"https:\/\/www.salzburgerland.com\/de\/magazin\/wp-content\/uploads\/2024\/10\/DJI_0227-Verbessert-RR-325x209.jpg 325w, https:\/\/www.salzburgerland.com\/de\/magazin\/wp-content\/uploads\/2024\/10\/DJI_0227-Verbessert-RR-249x160.jpg 249w\"><\/source><source media=\"(min-width: 0)\" srcset=\"https:\/\/www.salzburgerland.com\/de\/magazin\/wp-content\/uploads\/2024\/10\/DJI_0227-Verbessert-RR-249x160.jpg 249w, https:\/\/www.salzburgerland.com\/de\/magazin\/wp-content\/uploads\/2024\/10\/DJI_0227-Verbessert-RR-325x209.jpg 325w\"><\/source><img decoding=\"async\" alt=\"\" src=\"https:\/\/www.salzburgerland.com\/de\/magazin\/wp-content\/uploads\/2024\/10\/DJI_0227-Verbessert-RR-scaled.jpg\">\t<\/picture><\/a><\/figure><\/div><div class=\"col-6 col-sm-4\"><figure><a class=\"thumb-container\" href=\"https:\/\/www.salzburgerland.com\/de\/magazin\/wp-content\/uploads\/2024\/10\/DJI_0218-Verbessert-RR-1280x1024.jpg\">\t<picture><source media=\"(min-width: 576px)\" srcset=\"https:\/\/www.salzburgerland.com\/de\/magazin\/wp-content\/uploads\/2024\/10\/DJI_0218-Verbessert-RR-325x209.jpg 325w, https:\/\/www.salzburgerland.com\/de\/magazin\/wp-content\/uploads\/2024\/10\/DJI_0218-Verbessert-RR-249x160.jpg 249w\"><\/source><source media=\"(min-width: 0)\" srcset=\"https:\/\/www.salzburgerland.com\/de\/magazin\/wp-content\/uploads\/2024\/10\/DJI_0218-Verbessert-RR-249x160.jpg 249w, https:\/\/www.salzburgerland.com\/de\/magazin\/wp-content\/uploads\/2024\/10\/DJI_0218-Verbessert-RR-325x209.jpg 325w\"><\/source><img decoding=\"async\" alt=\"\" src=\"https:\/\/www.salzburgerland.com\/de\/magazin\/wp-content\/uploads\/2024\/10\/DJI_0218-Verbessert-RR-scaled.jpg\">\t<\/picture><\/a><\/figure><\/div><div class=\"col-6 col-sm-4\"><figure><a class=\"thumb-container\" href=\"https:\/\/www.salzburgerland.com\/de\/magazin\/wp-content\/uploads\/2024\/10\/DJI_0126-Verbessert-RR-1280x1024.jpg\">\t<picture><source media=\"(min-width: 576px)\" srcset=\"https:\/\/www.salzburgerland.com\/de\/magazin\/wp-content\/uploads\/2024\/10\/DJI_0126-Verbessert-RR-325x209.jpg 325w, https:\/\/www.salzburgerland.com\/de\/magazin\/wp-content\/uploads\/2024\/10\/DJI_0126-Verbessert-RR-249x160.jpg 249w\"><\/source><source media=\"(min-width: 0)\" srcset=\"https:\/\/www.salzburgerland.com\/de\/magazin\/wp-content\/uploads\/2024\/10\/DJI_0126-Verbessert-RR-249x160.jpg 249w, https:\/\/www.salzburgerland.com\/de\/magazin\/wp-content\/uploads\/2024\/10\/DJI_0126-Verbessert-RR-325x209.jpg 325w\"><\/source><img decoding=\"async\" alt=\"\" src=\"https:\/\/www.salzburgerland.com\/de\/magazin\/wp-content\/uploads\/2024\/10\/DJI_0126-Verbessert-RR-scaled.jpg\">\t<\/picture><\/a><\/figure><\/div><div class=\"col-6 col-sm-4\"><figure><a class=\"thumb-container\" href=\"https:\/\/www.salzburgerland.com\/de\/magazin\/wp-content\/uploads\/2024\/10\/DJI_0117-Verbessert-RR-1280x1024.jpg\">\t<picture><source media=\"(min-width: 576px)\" srcset=\"https:\/\/www.salzburgerland.com\/de\/magazin\/wp-content\/uploads\/2024\/10\/DJI_0117-Verbessert-RR-325x209.jpg 325w, https:\/\/www.salzburgerland.com\/de\/magazin\/wp-content\/uploads\/2024\/10\/DJI_0117-Verbessert-RR-249x160.jpg 249w\"><\/source><source media=\"(min-width: 0)\" srcset=\"https:\/\/www.salzburgerland.com\/de\/magazin\/wp-content\/uploads\/2024\/10\/DJI_0117-Verbessert-RR-249x160.jpg 249w, https:\/\/www.salzburgerland.com\/de\/magazin\/wp-content\/uploads\/2024\/10\/DJI_0117-Verbessert-RR-325x209.jpg 325w\"><\/source><img decoding=\"async\" alt=\"\" src=\"https:\/\/www.salzburgerland.com\/de\/magazin\/wp-content\/uploads\/2024\/10\/DJI_0117-Verbessert-RR-scaled.jpg\">\t<\/picture><\/a><\/figure><\/div><div class=\"col-6 col-sm-4\"><figure><a class=\"thumb-container\" href=\"https:\/\/www.salzburgerland.com\/de\/magazin\/wp-content\/uploads\/2024\/10\/DJI_0115-Verbessert-RR-1280x1024.jpg\">\t<picture><source media=\"(min-width: 576px)\" srcset=\"https:\/\/www.salzburgerland.com\/de\/magazin\/wp-content\/uploads\/2024\/10\/DJI_0115-Verbessert-RR-325x209.jpg 325w, https:\/\/www.salzburgerland.com\/de\/magazin\/wp-content\/uploads\/2024\/10\/DJI_0115-Verbessert-RR-249x160.jpg 249w\"><\/source><source media=\"(min-width: 0)\" srcset=\"https:\/\/www.salzburgerland.com\/de\/magazin\/wp-content\/uploads\/2024\/10\/DJI_0115-Verbessert-RR-249x160.jpg 249w, https:\/\/www.salzburgerland.com\/de\/magazin\/wp-content\/uploads\/2024\/10\/DJI_0115-Verbessert-RR-325x209.jpg 325w\"><\/source><img decoding=\"async\" alt=\"\" src=\"https:\/\/www.salzburgerland.com\/de\/magazin\/wp-content\/uploads\/2024\/10\/DJI_0115-Verbessert-RR-scaled.jpg\">\t<\/picture><\/a><\/figure><\/div><\/div><figcaption><\/figcaption><\/div>\n\n\n\n\n\n<p>Fotos: \u00a9<a href=\"http:\/\/heikomandl.at\">heikomandl.at<\/a><\/p>\n","protected":false},"excerpt":{"rendered":"<p>Vier Seen, eine sanfte H\u00fcgellandschaft und die Berge der Alpen nicht weit entfernt. Das Seenland bietet f\u00fcr Erholungs-Suchende und auch Aktivurlauber jede Menge Attraktion \u2013 zu Fu\u00df, mit dem Rad oder im Wasser. In Sachen Kulinarik gibt es neben der Salzburger Hausmannskost ein gro\u00dfes Angebot an modernen Gerichten, auch der Fisch aus den Seen darf [&hellip;]<\/p>\n","protected":false},"author":10,"featured_media":178828,"comment_status":"closed","ping_status":"closed","sticky":false,"template":"","format":"standard","meta":{"_acf_changed":false,"wl_entities_gutenberg":"","_wl_entity_redirect_enabled":"","footnotes":""},"categories":[9],"tags":[7827,7829,7830,7828,1755],"wl_entity_type":[306],"monatsauswahl":[82,83,84,85,86,87,88,89,90,91,92,93],"class_list":["post-178842","post","type-post","status-publish","format-standard","has-post-thumbnail","hentry","category-sehenswurdig","tag-alpenvorland","tag-erholung","tag-landleben","tag-luftaufnahme","tag-salzburger-seenland","wl_entity_type-article","monatsauswahl-monat_1","monatsauswahl-monat_2","monatsauswahl-monat_3","monatsauswahl-monat_4","monatsauswahl-monat_5","monatsauswahl-monat_6","monatsauswahl-monat_7","monatsauswahl-monat_8","monatsauswahl-monat_9","monatsauswahl-monat_10","monatsauswahl-monat_11","monatsauswahl-monat_12"],"acf":[],"yoast_head":"<!-- This site is optimized with the Yoast SEO Premium plugin v27.4 (Yoast SEO v27.4) - https:\/\/yoast.com\/product\/yoast-seo-premium-wordpress\/ -->\n<title>Das Salzburger Seenland von oben gesehen - SalzburgerLand Magazin<\/title>\n<meta name=\"robots\" content=\"index, follow, max-snippet:-1, max-image-preview:large, max-video-preview:-1\" \/>\n<link rel=\"canonical\" href=\"https:\/\/www.salzburgerland.com\/de\/magazin\/das-salzburger-seenland-von-oben-gesehen\/\" \/>\n<meta property=\"og:locale\" content=\"de_DE\" \/>\n<meta property=\"og:type\" content=\"article\" \/>\n<meta property=\"og:title\" content=\"Das Salzburger Seenland von oben gesehen\" \/>\n<meta property=\"og:description\" content=\"Vier Seen, eine sanfte H\u00fcgellandschaft und die Berge der Alpen nicht weit entfernt. Das Seenland bietet f\u00fcr Erholungs-Suchende und auch Aktivurlauber jede Menge Attraktion \u2013 zu Fu\u00df, mit dem Rad oder im Wasser. In Sachen Kulinarik gibt es neben der Salzburger Hausmannskost ein gro\u00dfes Angebot an modernen Gerichten, auch der Fisch aus den Seen darf [&hellip;]\" \/>\n<meta property=\"og:url\" content=\"https:\/\/www.salzburgerland.com\/de\/magazin\/das-salzburger-seenland-von-oben-gesehen\/\" \/>\n<meta property=\"og:site_name\" content=\"SalzburgerLand Magazin\" \/>\n<meta property=\"article:publisher\" content=\"https:\/\/www.facebook.com\/salzburgerland\/\" \/>\n<meta property=\"article:published_time\" content=\"2024-10-17T05:00:00+00:00\" \/>\n<meta property=\"og:image\" content=\"https:\/\/www.salzburgerland.com\/de\/magazin\/wp-content\/uploads\/2024\/10\/DJI_0218-Verbessert-RR-scaled.jpg\" \/>\n\t<meta property=\"og:image:width\" content=\"2560\" \/>\n\t<meta property=\"og:image:height\" content=\"1706\" \/>\n\t<meta property=\"og:image:type\" content=\"image\/jpeg\" \/>\n<meta name=\"author\" content=\"Heiko Mandl\" \/>\n<meta name=\"twitter:card\" content=\"summary_large_image\" \/>\n<meta name=\"twitter:creator\" content=\"@Salzburgerland\" \/>\n<meta name=\"twitter:site\" content=\"@Salzburgerland\" \/>\n<meta name=\"twitter:label1\" content=\"Verfasst von\" \/>\n\t<meta name=\"twitter:data1\" content=\"Heiko Mandl\" \/>\n\t<meta name=\"twitter:label2\" content=\"Gesch\u00e4tzte Lesezeit\" \/>\n\t<meta name=\"twitter:data2\" content=\"5\u00a0Minuten\" \/>\n<script type=\"application\/ld+json\" class=\"yoast-schema-graph\">{\"@context\":\"https:\\\/\\\/schema.org\",\"@graph\":[{\"@type\":\"Article\",\"@id\":\"https:\\\/\\\/www.salzburgerland.com\\\/de\\\/magazin\\\/das-salzburger-seenland-von-oben-gesehen\\\/#article\",\"isPartOf\":{\"@id\":\"https:\\\/\\\/www.salzburgerland.com\\\/de\\\/magazin\\\/das-salzburger-seenland-von-oben-gesehen\\\/\"},\"author\":{\"name\":\"Heiko Mandl\",\"@id\":\"https:\\\/\\\/www.salzburgerland.com\\\/de\\\/magazin\\\/#\\\/schema\\\/person\\\/8871c7c764fce6ea66752310e7fe9e98\"},\"headline\":\"Das Salzburger Seenland von oben gesehen\",\"datePublished\":\"2024-10-17T05:00:00+00:00\",\"mainEntityOfPage\":{\"@id\":\"https:\\\/\\\/www.salzburgerland.com\\\/de\\\/magazin\\\/das-salzburger-seenland-von-oben-gesehen\\\/\"},\"wordCount\":201,\"publisher\":{\"@id\":\"https:\\\/\\\/www.salzburgerland.com\\\/de\\\/magazin\\\/#organization\"},\"image\":{\"@id\":\"https:\\\/\\\/www.salzburgerland.com\\\/de\\\/magazin\\\/das-salzburger-seenland-von-oben-gesehen\\\/#primaryimage\"},\"thumbnailUrl\":\"https:\\\/\\\/www.salzburgerland.com\\\/de\\\/magazin\\\/wp-content\\\/uploads\\\/2024\\\/10\\\/DJI_0218-Verbessert-RR-scaled.jpg\",\"keywords\":[\"Alpenvorland\",\"Erholung\",\"Landleben\",\"Luftaufnahme\",\"Salzburger Seenland\"],\"articleSection\":[\"Sehensw\u00fcrdig\"],\"inLanguage\":\"de\"},{\"@type\":\"WebPage\",\"@id\":\"https:\\\/\\\/www.salzburgerland.com\\\/de\\\/magazin\\\/das-salzburger-seenland-von-oben-gesehen\\\/\",\"url\":\"https:\\\/\\\/www.salzburgerland.com\\\/de\\\/magazin\\\/das-salzburger-seenland-von-oben-gesehen\\\/\",\"name\":\"Das Salzburger Seenland von oben gesehen - SalzburgerLand Magazin\",\"isPartOf\":{\"@id\":\"https:\\\/\\\/www.salzburgerland.com\\\/de\\\/magazin\\\/#website\"},\"primaryImageOfPage\":{\"@id\":\"https:\\\/\\\/www.salzburgerland.com\\\/de\\\/magazin\\\/das-salzburger-seenland-von-oben-gesehen\\\/#primaryimage\"},\"image\":{\"@id\":\"https:\\\/\\\/www.salzburgerland.com\\\/de\\\/magazin\\\/das-salzburger-seenland-von-oben-gesehen\\\/#primaryimage\"},\"thumbnailUrl\":\"https:\\\/\\\/www.salzburgerland.com\\\/de\\\/magazin\\\/wp-content\\\/uploads\\\/2024\\\/10\\\/DJI_0218-Verbessert-RR-scaled.jpg\",\"datePublished\":\"2024-10-17T05:00:00+00:00\",\"breadcrumb\":{\"@id\":\"https:\\\/\\\/www.salzburgerland.com\\\/de\\\/magazin\\\/das-salzburger-seenland-von-oben-gesehen\\\/#breadcrumb\"},\"inLanguage\":\"de\",\"potentialAction\":[{\"@type\":\"ReadAction\",\"target\":[\"https:\\\/\\\/www.salzburgerland.com\\\/de\\\/magazin\\\/das-salzburger-seenland-von-oben-gesehen\\\/\"]}]},{\"@type\":\"ImageObject\",\"inLanguage\":\"de\",\"@id\":\"https:\\\/\\\/www.salzburgerland.com\\\/de\\\/magazin\\\/das-salzburger-seenland-von-oben-gesehen\\\/#primaryimage\",\"url\":\"https:\\\/\\\/www.salzburgerland.com\\\/de\\\/magazin\\\/wp-content\\\/uploads\\\/2024\\\/10\\\/DJI_0218-Verbessert-RR-scaled.jpg\",\"contentUrl\":\"https:\\\/\\\/www.salzburgerland.com\\\/de\\\/magazin\\\/wp-content\\\/uploads\\\/2024\\\/10\\\/DJI_0218-Verbessert-RR-scaled.jpg\",\"width\":2560,\"height\":1706},{\"@type\":\"BreadcrumbList\",\"@id\":\"https:\\\/\\\/www.salzburgerland.com\\\/de\\\/magazin\\\/das-salzburger-seenland-von-oben-gesehen\\\/#breadcrumb\",\"itemListElement\":[{\"@type\":\"ListItem\",\"position\":1,\"name\":\"Startseite\",\"item\":\"https:\\\/\\\/www.salzburgerland.com\\\/de\\\/magazin\\\/\"},{\"@type\":\"ListItem\",\"position\":2,\"name\":\"Sehensw\u00fcrdig\",\"item\":\"https:\\\/\\\/www.salzburgerland.com\\\/de\\\/magazin\\\/thema\\\/sehenswurdig\\\/\"},{\"@type\":\"ListItem\",\"position\":3,\"name\":\"Das Salzburger Seenland von oben gesehen\"}]},{\"@type\":\"WebSite\",\"@id\":\"https:\\\/\\\/www.salzburgerland.com\\\/de\\\/magazin\\\/#website\",\"url\":\"https:\\\/\\\/www.salzburgerland.com\\\/de\\\/magazin\\\/\",\"name\":\"SalzburgerLand Magazin\",\"description\":\"Geschichten und Interessantes aus dem SalzburgerLand\",\"publisher\":{\"@id\":\"https:\\\/\\\/www.salzburgerland.com\\\/de\\\/magazin\\\/#organization\"},\"potentialAction\":[{\"@type\":\"SearchAction\",\"target\":{\"@type\":\"EntryPoint\",\"urlTemplate\":\"https:\\\/\\\/www.salzburgerland.com\\\/de\\\/magazin\\\/?s={search_term_string}\"},\"query-input\":{\"@type\":\"PropertyValueSpecification\",\"valueRequired\":true,\"valueName\":\"search_term_string\"}}],\"inLanguage\":\"de\"},{\"@type\":\"Organization\",\"@id\":\"https:\\\/\\\/www.salzburgerland.com\\\/de\\\/magazin\\\/#organization\",\"name\":\"SalzburgerLand Tourismus\",\"url\":\"https:\\\/\\\/www.salzburgerland.com\\\/de\\\/magazin\\\/\",\"logo\":{\"@type\":\"ImageObject\",\"inLanguage\":\"de\",\"@id\":\"https:\\\/\\\/www.salzburgerland.com\\\/de\\\/magazin\\\/#\\\/schema\\\/logo\\\/image\\\/\",\"url\":\"https:\\\/\\\/www.salzburgerland.com\\\/de\\\/magazin\\\/wp-content\\\/uploads\\\/2019\\\/06\\\/salzburgerland-logo1.jpg\",\"contentUrl\":\"https:\\\/\\\/www.salzburgerland.com\\\/de\\\/magazin\\\/wp-content\\\/uploads\\\/2019\\\/06\\\/salzburgerland-logo1.jpg\",\"width\":2011,\"height\":866,\"caption\":\"SalzburgerLand Tourismus\"},\"image\":{\"@id\":\"https:\\\/\\\/www.salzburgerland.com\\\/de\\\/magazin\\\/#\\\/schema\\\/logo\\\/image\\\/\"},\"sameAs\":[\"https:\\\/\\\/www.facebook.com\\\/salzburgerland\\\/\",\"https:\\\/\\\/x.com\\\/Salzburgerland\",\"https:\\\/\\\/www.instagram.com\\\/salzburgerland\\\/\",\"https:\\\/\\\/at.linkedin.com\\\/company\\\/salzburgerland-tourismus-gmbh\",\"https:\\\/\\\/www.pinterest.at\\\/salzburgerland\\\/\",\"https:\\\/\\\/www.youtube.com\\\/user\\\/salzburgerland\",\"https:\\\/\\\/de.wikipedia.org\\\/wiki\\\/SalzburgerLand_Tourismus_GmbH\"]},{\"@type\":\"Person\",\"@id\":\"https:\\\/\\\/www.salzburgerland.com\\\/de\\\/magazin\\\/#\\\/schema\\\/person\\\/8871c7c764fce6ea66752310e7fe9e98\",\"name\":\"Heiko Mandl\",\"description\":\"Heiko Mandl, geboren 1976 in Salzburg, ist durch den Journalismus zur Fotografie gekommen und ist seit zehn Jahren als selbstst\u00e4ndiger Fotograf und Autor in Salzburg t\u00e4tig. Schon von Kindheit an haben ihn die Berge vor seiner Haust\u00fcr fasziniert. Heute z\u00e4hlen sie unter anderem zu seinem Arbeitsplatz. Er arbeitet f\u00fcr internationale Outdoor- und Reisemagazine sowie zahlreiche Firmen und Agenturen. Luxushotel oder Almh\u00fctte: Ich kann beides genie\u00dfen und ich gehe das nach dem Motto: Alles zur richtigen Zeit und zur passenden Gelegenheit an. Wandern oder Laufen: Auf jeden Fall wandern, ist gem\u00fctlicher und man kann sich mehr auf die Umgebung konzentrieren. Golfplatz oder Klettergarten: Klettergarten, zumindest noch die n\u00e4chsten 20 Jahre. Fr\u00fchling, sommer, herbst oder Winter? Fr\u00fchling und Sommer und Herbst und Winter! Im SalzburgerLand ist es das ganze Jahr traumhaft sch\u00f6n. Wellness oder Mountainbike? Zuerst eine Runde mit dem Mountainbike und dann ab in den Wellnesstempel. Das eine schlie\u00dft das andere nicht aus!\",\"url\":\"https:\\\/\\\/www.salzburgerland.com\\\/de\\\/magazin\\\/author\\\/heiko-mandl\\\/\"}]}<\/script>\n<!-- \/ Yoast SEO Premium plugin. -->","yoast_head_json":{"title":"Das Salzburger Seenland von oben gesehen - SalzburgerLand Magazin","robots":{"index":"index","follow":"follow","max-snippet":"max-snippet:-1","max-image-preview":"max-image-preview:large","max-video-preview":"max-video-preview:-1"},"canonical":"https:\/\/www.salzburgerland.com\/de\/magazin\/das-salzburger-seenland-von-oben-gesehen\/","og_locale":"de_DE","og_type":"article","og_title":"Das Salzburger Seenland von oben gesehen","og_description":"Vier Seen, eine sanfte H\u00fcgellandschaft und die Berge der Alpen nicht weit entfernt. Das Seenland bietet f\u00fcr Erholungs-Suchende und auch Aktivurlauber jede Menge Attraktion \u2013 zu Fu\u00df, mit dem Rad oder im Wasser. In Sachen Kulinarik gibt es neben der Salzburger Hausmannskost ein gro\u00dfes Angebot an modernen Gerichten, auch der Fisch aus den Seen darf [&hellip;]","og_url":"https:\/\/www.salzburgerland.com\/de\/magazin\/das-salzburger-seenland-von-oben-gesehen\/","og_site_name":"SalzburgerLand Magazin","article_publisher":"https:\/\/www.facebook.com\/salzburgerland\/","article_published_time":"2024-10-17T05:00:00+00:00","og_image":[{"width":2560,"height":1706,"url":"https:\/\/www.salzburgerland.com\/de\/magazin\/wp-content\/uploads\/2024\/10\/DJI_0218-Verbessert-RR-scaled.jpg","type":"image\/jpeg"}],"author":"Heiko Mandl","twitter_card":"summary_large_image","twitter_creator":"@Salzburgerland","twitter_site":"@Salzburgerland","twitter_misc":{"Verfasst von":"Heiko Mandl","Gesch\u00e4tzte Lesezeit":"5\u00a0Minuten"},"schema":{"@context":"https:\/\/schema.org","@graph":[{"@type":"Article","@id":"https:\/\/www.salzburgerland.com\/de\/magazin\/das-salzburger-seenland-von-oben-gesehen\/#article","isPartOf":{"@id":"https:\/\/www.salzburgerland.com\/de\/magazin\/das-salzburger-seenland-von-oben-gesehen\/"},"author":{"name":"Heiko Mandl","@id":"https:\/\/www.salzburgerland.com\/de\/magazin\/#\/schema\/person\/8871c7c764fce6ea66752310e7fe9e98"},"headline":"Das Salzburger Seenland von oben gesehen","datePublished":"2024-10-17T05:00:00+00:00","mainEntityOfPage":{"@id":"https:\/\/www.salzburgerland.com\/de\/magazin\/das-salzburger-seenland-von-oben-gesehen\/"},"wordCount":201,"publisher":{"@id":"https:\/\/www.salzburgerland.com\/de\/magazin\/#organization"},"image":{"@id":"https:\/\/www.salzburgerland.com\/de\/magazin\/das-salzburger-seenland-von-oben-gesehen\/#primaryimage"},"thumbnailUrl":"https:\/\/www.salzburgerland.com\/de\/magazin\/wp-content\/uploads\/2024\/10\/DJI_0218-Verbessert-RR-scaled.jpg","keywords":["Alpenvorland","Erholung","Landleben","Luftaufnahme","Salzburger Seenland"],"articleSection":["Sehensw\u00fcrdig"],"inLanguage":"de"},{"@type":"WebPage","@id":"https:\/\/www.salzburgerland.com\/de\/magazin\/das-salzburger-seenland-von-oben-gesehen\/","url":"https:\/\/www.salzburgerland.com\/de\/magazin\/das-salzburger-seenland-von-oben-gesehen\/","name":"Das Salzburger Seenland von oben gesehen - SalzburgerLand Magazin","isPartOf":{"@id":"https:\/\/www.salzburgerland.com\/de\/magazin\/#website"},"primaryImageOfPage":{"@id":"https:\/\/www.salzburgerland.com\/de\/magazin\/das-salzburger-seenland-von-oben-gesehen\/#primaryimage"},"image":{"@id":"https:\/\/www.salzburgerland.com\/de\/magazin\/das-salzburger-seenland-von-oben-gesehen\/#primaryimage"},"thumbnailUrl":"https:\/\/www.salzburgerland.com\/de\/magazin\/wp-content\/uploads\/2024\/10\/DJI_0218-Verbessert-RR-scaled.jpg","datePublished":"2024-10-17T05:00:00+00:00","breadcrumb":{"@id":"https:\/\/www.salzburgerland.com\/de\/magazin\/das-salzburger-seenland-von-oben-gesehen\/#breadcrumb"},"inLanguage":"de","potentialAction":[{"@type":"ReadAction","target":["https:\/\/www.salzburgerland.com\/de\/magazin\/das-salzburger-seenland-von-oben-gesehen\/"]}]},{"@type":"ImageObject","inLanguage":"de","@id":"https:\/\/www.salzburgerland.com\/de\/magazin\/das-salzburger-seenland-von-oben-gesehen\/#primaryimage","url":"https:\/\/www.salzburgerland.com\/de\/magazin\/wp-content\/uploads\/2024\/10\/DJI_0218-Verbessert-RR-scaled.jpg","contentUrl":"https:\/\/www.salzburgerland.com\/de\/magazin\/wp-content\/uploads\/2024\/10\/DJI_0218-Verbessert-RR-scaled.jpg","width":2560,"height":1706},{"@type":"BreadcrumbList","@id":"https:\/\/www.salzburgerland.com\/de\/magazin\/das-salzburger-seenland-von-oben-gesehen\/#breadcrumb","itemListElement":[{"@type":"ListItem","position":1,"name":"Startseite","item":"https:\/\/www.salzburgerland.com\/de\/magazin\/"},{"@type":"ListItem","position":2,"name":"Sehensw\u00fcrdig","item":"https:\/\/www.salzburgerland.com\/de\/magazin\/thema\/sehenswurdig\/"},{"@type":"ListItem","position":3,"name":"Das Salzburger Seenland von oben gesehen"}]},{"@type":"WebSite","@id":"https:\/\/www.salzburgerland.com\/de\/magazin\/#website","url":"https:\/\/www.salzburgerland.com\/de\/magazin\/","name":"SalzburgerLand Magazin","description":"Geschichten und Interessantes aus dem SalzburgerLand","publisher":{"@id":"https:\/\/www.salzburgerland.com\/de\/magazin\/#organization"},"potentialAction":[{"@type":"SearchAction","target":{"@type":"EntryPoint","urlTemplate":"https:\/\/www.salzburgerland.com\/de\/magazin\/?s={search_term_string}"},"query-input":{"@type":"PropertyValueSpecification","valueRequired":true,"valueName":"search_term_string"}}],"inLanguage":"de"},{"@type":"Organization","@id":"https:\/\/www.salzburgerland.com\/de\/magazin\/#organization","name":"SalzburgerLand Tourismus","url":"https:\/\/www.salzburgerland.com\/de\/magazin\/","logo":{"@type":"ImageObject","inLanguage":"de","@id":"https:\/\/www.salzburgerland.com\/de\/magazin\/#\/schema\/logo\/image\/","url":"https:\/\/www.salzburgerland.com\/de\/magazin\/wp-content\/uploads\/2019\/06\/salzburgerland-logo1.jpg","contentUrl":"https:\/\/www.salzburgerland.com\/de\/magazin\/wp-content\/uploads\/2019\/06\/salzburgerland-logo1.jpg","width":2011,"height":866,"caption":"SalzburgerLand Tourismus"},"image":{"@id":"https:\/\/www.salzburgerland.com\/de\/magazin\/#\/schema\/logo\/image\/"},"sameAs":["https:\/\/www.facebook.com\/salzburgerland\/","https:\/\/x.com\/Salzburgerland","https:\/\/www.instagram.com\/salzburgerland\/","https:\/\/at.linkedin.com\/company\/salzburgerland-tourismus-gmbh","https:\/\/www.pinterest.at\/salzburgerland\/","https:\/\/www.youtube.com\/user\/salzburgerland","https:\/\/de.wikipedia.org\/wiki\/SalzburgerLand_Tourismus_GmbH"]},{"@type":"Person","@id":"https:\/\/www.salzburgerland.com\/de\/magazin\/#\/schema\/person\/8871c7c764fce6ea66752310e7fe9e98","name":"Heiko Mandl","description":"Heiko Mandl, geboren 1976 in Salzburg, ist durch den Journalismus zur Fotografie gekommen und ist seit zehn Jahren als selbstst\u00e4ndiger Fotograf und Autor in Salzburg t\u00e4tig. Schon von Kindheit an haben ihn die Berge vor seiner Haust\u00fcr fasziniert. Heute z\u00e4hlen sie unter anderem zu seinem Arbeitsplatz. Er arbeitet f\u00fcr internationale Outdoor- und Reisemagazine sowie zahlreiche Firmen und Agenturen. Luxushotel oder Almh\u00fctte: Ich kann beides genie\u00dfen und ich gehe das nach dem Motto: Alles zur richtigen Zeit und zur passenden Gelegenheit an. Wandern oder Laufen: Auf jeden Fall wandern, ist gem\u00fctlicher und man kann sich mehr auf die Umgebung konzentrieren. Golfplatz oder Klettergarten: Klettergarten, zumindest noch die n\u00e4chsten 20 Jahre. Fr\u00fchling, sommer, herbst oder Winter? Fr\u00fchling und Sommer und Herbst und Winter! Im SalzburgerLand ist es das ganze Jahr traumhaft sch\u00f6n. Wellness oder Mountainbike? Zuerst eine Runde mit dem Mountainbike und dann ab in den Wellnesstempel. Das eine schlie\u00dft das andere nicht aus!","url":"https:\/\/www.salzburgerland.com\/de\/magazin\/author\/heiko-mandl\/"}]}},"_wl_alt_label":[],"wl:entity_url":"http:\/\/open.salzburgerland.com\/magazin\/post\/das-salzburger-seenland-von-oben-gesehen-178842","_links":{"self":[{"href":"https:\/\/www.salzburgerland.com\/de\/magazin\/wp-json\/wp\/v2\/posts\/178842","targetHints":{"allow":["GET"]}}],"collection":[{"href":"https:\/\/www.salzburgerland.com\/de\/magazin\/wp-json\/wp\/v2\/posts"}],"about":[{"href":"https:\/\/www.salzburgerland.com\/de\/magazin\/wp-json\/wp\/v2\/types\/post"}],"author":[{"embeddable":true,"href":"https:\/\/www.salzburgerland.com\/de\/magazin\/wp-json\/wp\/v2\/users\/10"}],"replies":[{"embeddable":true,"href":"https:\/\/www.salzburgerland.com\/de\/magazin\/wp-json\/wp\/v2\/comments?post=178842"}],"version-history":[{"count":8,"href":"https:\/\/www.salzburgerland.com\/de\/magazin\/wp-json\/wp\/v2\/posts\/178842\/revisions"}],"predecessor-version":[{"id":178876,"href":"https:\/\/www.salzburgerland.com\/de\/magazin\/wp-json\/wp\/v2\/posts\/178842\/revisions\/178876"}],"wp:featuredmedia":[{"embeddable":true,"href":"https:\/\/www.salzburgerland.com\/de\/magazin\/wp-json\/wp\/v2\/media\/178828"}],"wp:attachment":[{"href":"https:\/\/www.salzburgerland.com\/de\/magazin\/wp-json\/wp\/v2\/media?parent=178842"}],"wp:term":[{"taxonomy":"category","embeddable":true,"href":"https:\/\/www.salzburgerland.com\/de\/magazin\/wp-json\/wp\/v2\/categories?post=178842"},{"taxonomy":"post_tag","embeddable":true,"href":"https:\/\/www.salzburgerland.com\/de\/magazin\/wp-json\/wp\/v2\/tags?post=178842"},{"taxonomy":"wl_entity_type","embeddable":true,"href":"https:\/\/www.salzburgerland.com\/de\/magazin\/wp-json\/wp\/v2\/wl_entity_type?post=178842"},{"taxonomy":"monatsauswahl","embeddable":true,"href":"https:\/\/www.salzburgerland.com\/de\/magazin\/wp-json\/wp\/v2\/monatsauswahl?post=178842"}],"curies":[{"name":"wp","href":"https:\/\/api.w.org\/{rel}","templated":true}]}}