{"id":178669,"date":"2024-10-04T07:00:00","date_gmt":"2024-10-04T05:00:00","guid":{"rendered":"https:\/\/www.salzburgerland.com\/de\/magazin\/?p=178669"},"modified":"2024-10-10T10:59:35","modified_gmt":"2024-10-10T08:59:35","slug":"das-koechel-verzeichnis","status":"publish","type":"post","link":"https:\/\/www.salzburgerland.com\/de\/magazin\/das-koechel-verzeichnis\/","title":{"rendered":"Das K\u00f6chel-Verzeichnis\u00a0"},"content":{"rendered":"\n<div class=\"wp-block-slt-top topBlocks\">\n<h2 class=\"wp-block-slt-subtitle\">Alle Werke Mozarts auf 1.400 Seiten\u00a0<\/h2>\n\n\n\n<p class=\"wp-block-slt-intro\">\u00dcber 160 Jahre nach dem Erscheinen des ersten K\u00f6chel-Verzeichnis\u00b4 wurde Mozarts Gesamtschaffen 2024 neu dokumentiert und interpretiert und ist erstmals auch digital zug\u00e4nglich.<\/p>\n<\/div>\n\n\n\n<p>Wer kennt ihn nicht: Salzburgs ber\u00fchmten Sohn, <a href=\"https:\/\/www.salzburgerland.com\/de\/wolfgang-amadeus-mozart\/\" target=\"_blank\" rel=\"noreferrer noopener\">Wolfgang Amad\u00e9 Mozart<\/a>. Zeit seines Lebens war das einstmalige Wunderkind ein begnadeter Komponist. Schon im Kindesalter entstanden erste Kompositionen. Weit \u00fcber 600 folgten bis zu seinem Tod. &nbsp;<\/p>\n\n\n\n<h2 class=\"wp-block-heading\" id=\"h-kochel-verzeichnis-1862-bis-1964-nbsp\">K\u00f6chel-Verzeichnis 1862 bis 1964&nbsp;<\/h2>\n\n\n\n<p>Der \u00f6sterreichische Naturforscher und Musikwissenschaftler Ludwig Ritter von K\u00f6chel war fasziniert von Mozarts Musik und widmete sich der systematischen Aufarbeitung seines musikalischen Werks. Sein ehrgeiziges Ziel war es, eine Liste zu erstellen, die alle Kompositionen Mozarts chronologisch ordnet. Ein schwieriges Unterfangen, denn viele Originalmanuskripte waren verloren gegangen oder nur l\u00fcckenhaft \u00fcberliefert. 1862 schlie\u00dflich erschien das erste sogenannte K\u00f6chel-Verzeichnis, das insgesamt 626 Werke auflistet. &nbsp; Jedes Werk in diesem Verzeichnis erh\u00e4lt eine K\u00f6chelnummer, die aus dem Buchstaben KV &nbsp;und einer fortlaufenden Zahl besteht. So kennt man die ber\u00fchmte \u201cKleine Nachtmusik\u201d unter KV 525, die Sinfonie Nr. 40 in g-Moll unter KV 550 und das (von Mozart unvollendete) Requiem unter KV 262. &nbsp;<\/p>\n\n\n\n<p>Neue Forschungen f\u00fchrten zu einer genaueren Datierung von Werken oder zur Wiederentdeckung verschollener Kompositionen, sodass es im Lauf der Jahre  \u2013 1905, 1937 und 1964 \u2013  immer wieder zu Neuauflagen gekommen ist. &nbsp;<\/p>\n\n\n\n<figure class=\"wp-block-image size-full\"><img loading=\"lazy\" decoding=\"async\" width=\"1920\" height=\"1280\" src=\"https:\/\/www.salzburgerland.com\/de\/magazin\/wp-content\/uploads\/2024\/09\/ISM_Neues-KV_KV1-2024_c_ISM-Wolfgang-Lienbacher_48.jpg\" alt=\"F\u00fcnf B\u00fccher stehen aufrecht auf einem gr\u00fcnen Tisch vor einem wei\u00dfen B\u00fccherregal mit Glast\u00fcren.\" class=\"wp-image-178671\" srcset=\"https:\/\/www.salzburgerland.com\/de\/magazin\/wp-content\/uploads\/2024\/09\/ISM_Neues-KV_KV1-2024_c_ISM-Wolfgang-Lienbacher_48.jpg 1920w, https:\/\/www.salzburgerland.com\/de\/magazin\/wp-content\/uploads\/2024\/09\/ISM_Neues-KV_KV1-2024_c_ISM-Wolfgang-Lienbacher_48-300x200.jpg 300w, https:\/\/www.salzburgerland.com\/de\/magazin\/wp-content\/uploads\/2024\/09\/ISM_Neues-KV_KV1-2024_c_ISM-Wolfgang-Lienbacher_48-1536x1024.jpg 1536w, https:\/\/www.salzburgerland.com\/de\/magazin\/wp-content\/uploads\/2024\/09\/ISM_Neues-KV_KV1-2024_c_ISM-Wolfgang-Lienbacher_48-825x550.jpg 825w, https:\/\/www.salzburgerland.com\/de\/magazin\/wp-content\/uploads\/2024\/09\/ISM_Neues-KV_KV1-2024_c_ISM-Wolfgang-Lienbacher_48-600x400.jpg 600w, https:\/\/www.salzburgerland.com\/de\/magazin\/wp-content\/uploads\/2024\/09\/ISM_Neues-KV_KV1-2024_c_ISM-Wolfgang-Lienbacher_48-1320x880.jpg 1320w, https:\/\/www.salzburgerland.com\/de\/magazin\/wp-content\/uploads\/2024\/09\/ISM_Neues-KV_KV1-2024_c_ISM-Wolfgang-Lienbacher_48-150x100.jpg 150w\" sizes=\"auto, (max-width: 1920px) 100vw, 1920px\" \/><figcaption class=\"wp-element-caption\">K\u00f6chel-Verzeichnis \u00a9 Wolfgang Lienbacher<\/figcaption><\/figure>\n\n\n\n<h2 class=\"wp-block-heading\" id=\"h-kochel-verzeichnis-2024-nbsp\">K\u00f6chel-Verzeichnis 2024&nbsp;<\/h2>\n\n\n\n<p>Im Herbst 2024 war es wieder soweit: das reiche, unvergleichliche\u00a0Schaffen\u00a0des gro\u00dfen Komponisten wurde auf fast 1.400 Seiten neu dokumentiert und interpretiert. Auch diesmal mussten dazu einige H\u00fcrden gemeistert werden. Von Beginn an wurde das erste K\u00f6chel-Verzeichnis durch verschiedene Anh\u00e4nge immer wieder erg\u00e4nzt und erweitert. Das Nummernkonstrukt mit unz\u00e4hligen Querverweisen wurde immer komplizierter. Eine zus\u00e4tzliche Herausforderung war, dass immer wieder Nummern eingef\u00fcgt oder gel\u00f6scht wurden. Die Nummerierungen wurden daher zun\u00e4chst vereinfacht. Alle Werke des Hauptteils stehen jetzt unter der Nummer, unter der sie dort erstmals verzeichnet waren. F\u00fcr die meisten relevanten Kompositionen sind dies die Nummern aus der ersten Auflage von 1862, f\u00fcr die fast 100 Mozart\u2019schen Fragmente die der dritten Auflage von 1937. Die verwirrenden Mehrfach-Nnummerierungen wurden r\u00fcckg\u00e4ngig gemacht. 95 Kompositionen, die in keiner der bisherigen Auflagen des K\u00f6chel-Verzeichnis\u00b4 einen eigenen Eintrag erhalten hatten, werden mit Nummern ab KV 627 neu gez\u00e4hlt. Eine thematische\u00a0Aufstellung\u00a0nach Werkgruppen gibt eine bessere \u00dcbersicht. \u00a0<\/p>\n\n\n\n<figure class=\"wp-block-image size-full\"><img loading=\"lazy\" decoding=\"async\" width=\"1920\" height=\"1280\" src=\"https:\/\/www.salzburgerland.com\/de\/magazin\/wp-content\/uploads\/2024\/09\/ISM_Neues-KV_KV2024_c_ISM-Wolfgang-Lienbacher_76.jpg\" alt=\"Ein rotes Buch mit dem Titel K\u00f6chel-Verzeichnis 2024 steht aufrecht auf einem gr\u00fcnen Tisch in einer Bibliothek.\" class=\"wp-image-178672\" srcset=\"https:\/\/www.salzburgerland.com\/de\/magazin\/wp-content\/uploads\/2024\/09\/ISM_Neues-KV_KV2024_c_ISM-Wolfgang-Lienbacher_76.jpg 1920w, https:\/\/www.salzburgerland.com\/de\/magazin\/wp-content\/uploads\/2024\/09\/ISM_Neues-KV_KV2024_c_ISM-Wolfgang-Lienbacher_76-300x200.jpg 300w, https:\/\/www.salzburgerland.com\/de\/magazin\/wp-content\/uploads\/2024\/09\/ISM_Neues-KV_KV2024_c_ISM-Wolfgang-Lienbacher_76-1536x1024.jpg 1536w, https:\/\/www.salzburgerland.com\/de\/magazin\/wp-content\/uploads\/2024\/09\/ISM_Neues-KV_KV2024_c_ISM-Wolfgang-Lienbacher_76-825x550.jpg 825w, https:\/\/www.salzburgerland.com\/de\/magazin\/wp-content\/uploads\/2024\/09\/ISM_Neues-KV_KV2024_c_ISM-Wolfgang-Lienbacher_76-600x400.jpg 600w, https:\/\/www.salzburgerland.com\/de\/magazin\/wp-content\/uploads\/2024\/09\/ISM_Neues-KV_KV2024_c_ISM-Wolfgang-Lienbacher_76-1320x880.jpg 1320w, https:\/\/www.salzburgerland.com\/de\/magazin\/wp-content\/uploads\/2024\/09\/ISM_Neues-KV_KV2024_c_ISM-Wolfgang-Lienbacher_76-150x100.jpg 150w\" sizes=\"auto, (max-width: 1920px) 100vw, 1920px\" \/><figcaption class=\"wp-element-caption\">K\u00f6chel-Verzeichnis 2024 \u00a9 Wolfgang Lienbacher<\/figcaption><\/figure>\n\n\n\n<h3 class=\"wp-block-heading\" id=\"h-das-neue-kochel-verzeichnis-auf-einen-blick-nbsp\">Das neue K\u00f6chel-Verzeichnis auf einen Blick:&nbsp;<\/h3>\n\n\n\n<ul class=\"wp-block-list\">\n<li>beruht auf den aktuellsten Ergebnissen der internationalen Mozart-Forschung&nbsp;<\/li>\n\n\n\n<li>geht auf die urspr\u00fcngliche Nummerierung K\u00f6chels von 1862 zur\u00fcck&nbsp;<\/li>\n\n\n\n<li>enth\u00e4lt im Hauptteil ab KV 627 Neueintr\u00e4ge f\u00fcr 95 Werke, \u00fcberwiegend Fragmente und verschollene Kompositionen Mozarts, die in den bisherigen Auflagen fehlten oder nur beil\u00e4ufig erw\u00e4hnt wurden<\/li>\n\n\n\n<li>gew\u00e4hrt in neu strukturierten Anh\u00e4ngen einen \u00dcberblick \u00fcber Mozarts Bearbeitungen fremder Werke, \u00fcber Kadenzen zu eigenen und fremden Werken sowie \u00fcber Studien, Unterrichtsmaterial und alle sonstigen musikalischen Aufzeichnungen&nbsp;<\/li>\n\n\n\n<li>gibt Aufschluss \u00fcber Fehlzuschreibungen&nbsp;<\/li>\n\n\n\n<li>ist durch eine thematische \u00dcbersicht, zahlreiche Indizes und eine umfangreiche Bibliographie erschlossen&nbsp;<\/li>\n\n\n\n<li>hat einen Umfang von 1.392 Seiten und wiegt knapp drei Kilogramm&nbsp;<\/li>\n<\/ul>\n\n\n\n<h2 class=\"wp-block-heading\" id=\"h-neue-mozart-stucke-entdeckt-nbsp\">Neue Mozart-St\u00fccke entdeckt&nbsp;<\/h2>\n\n\n\n<p>W\u00e4hrend der Arbeiten an der Neuausgabe wurden auch neue Mozart-Werke entdeckt. Ein Teil davon hatte in fr\u00fcheren Ausgaben des K\u00f6chel-Verzeichnis\u00b4 bereits Platzhalter. Seit dem Mozart-Jahr 2006 wurden mehrere Klavierst\u00fccke des jungen Mozarts erstmals aufgefunden oder als Werke des jungen Komponisten identifiziert, darunter der erste Konzertsatz Mozarts, der ohne Autorenbezeichnung im sogenannten Nannerl-Notenbuch, dem Klavierbuch seiner Schwester Maria Anna, steht und jetzt als KV 636 verzeichnet ist. Zudem konnte eine \u201cSerenate ex C\u201d aus der Musikbibliothek der Leipziger St\u00e4dtischen Bibliotheken als ein Jugendwerk von Mozart verifiziert werden. Das bislang v\u00f6llig unbeachtet gebliebene Werk, jetzt mit der Nummer KV 648, besteht aus sieben Miniaturs\u00e4tzen f\u00fcr Streichtrio, die zusammen nur etwa zw\u00f6lf Minuten dauern. Mozart d\u00fcrfte die kleine Komposition noch vor seinem 13. Geburtstag f\u00fcr seine Schwester geschrieben haben.&nbsp;<br>&nbsp;<br><strong>Das K\u00f6chel-Verzeichnis ist ab sofort auch online zug\u00e4nglich<\/strong>&nbsp;<br>Neben der 1.392 Seiten umfassenden, im &nbsp;Verlag Breitkopf &amp; H\u00e4rtel 2024 neu erschienen Printausgabe, ist das&nbsp; <strong>K\u00f6chel-Verzeichnis<\/strong> ab sofort auch digital zug\u00e4nglich: <a href=\"https:\/\/kv.mozarteum.at\/\" target=\"_blank\" rel=\"noreferrer noopener\"><strong>K\u00f6chel digital<\/strong><\/a>&nbsp;<\/p>\n","protected":false},"excerpt":{"rendered":"<p>Wer kennt ihn nicht: Salzburgs ber\u00fchmten Sohn, Wolfgang Amad\u00e9 Mozart. Zeit seines Lebens war das einstmalige Wunderkind ein begnadeter Komponist. Schon im Kindesalter entstanden erste Kompositionen. Weit \u00fcber 600 folgten bis zu seinem Tod. &nbsp; K\u00f6chel-Verzeichnis 1862 bis 1964&nbsp; Der \u00f6sterreichische Naturforscher und Musikwissenschaftler Ludwig Ritter von K\u00f6chel war fasziniert von Mozarts Musik und widmete [&hellip;]<\/p>\n","protected":false},"author":90,"featured_media":178670,"comment_status":"closed","ping_status":"closed","sticky":false,"template":"","format":"standard","meta":{"_acf_changed":false,"wl_entities_gutenberg":"","_wl_entity_redirect_enabled":"","footnotes":""},"categories":[6],"tags":[7826,2449,5617],"wl_entity_type":[306],"monatsauswahl":[],"class_list":["post-178669","post","type-post","status-publish","format-standard","has-post-thumbnail","hentry","category-kunst-kultur","tag-konzerte","tag-mozart","tag-salzburg","wl_entity_type-article"],"acf":[],"yoast_head":"<!-- This site is optimized with the Yoast SEO Premium plugin v27.4 (Yoast SEO v27.4) - https:\/\/yoast.com\/product\/yoast-seo-premium-wordpress\/ -->\n<title>Das K\u00f6chel-Verzeichnis\u00a0 - SalzburgerLand Magazin<\/title>\n<meta name=\"robots\" content=\"index, follow, max-snippet:-1, max-image-preview:large, max-video-preview:-1\" \/>\n<link rel=\"canonical\" href=\"https:\/\/www.salzburgerland.com\/de\/magazin\/das-koechel-verzeichnis\/\" \/>\n<meta property=\"og:locale\" content=\"de_DE\" \/>\n<meta property=\"og:type\" content=\"article\" \/>\n<meta property=\"og:title\" content=\"Das K\u00f6chel-Verzeichnis\u00a0\" \/>\n<meta property=\"og:description\" content=\"Wer kennt ihn nicht: Salzburgs ber\u00fchmten Sohn, Wolfgang Amad\u00e9 Mozart. Zeit seines Lebens war das einstmalige Wunderkind ein begnadeter Komponist. Schon im Kindesalter entstanden erste Kompositionen. Weit \u00fcber 600 folgten bis zu seinem Tod. &nbsp; K\u00f6chel-Verzeichnis 1862 bis 1964&nbsp; Der \u00f6sterreichische Naturforscher und Musikwissenschaftler Ludwig Ritter von K\u00f6chel war fasziniert von Mozarts Musik und widmete [&hellip;]\" \/>\n<meta property=\"og:url\" content=\"https:\/\/www.salzburgerland.com\/de\/magazin\/das-koechel-verzeichnis\/\" \/>\n<meta property=\"og:site_name\" content=\"SalzburgerLand Magazin\" \/>\n<meta property=\"article:publisher\" content=\"https:\/\/www.facebook.com\/salzburgerland\/\" \/>\n<meta property=\"article:published_time\" content=\"2024-10-04T05:00:00+00:00\" \/>\n<meta property=\"article:modified_time\" content=\"2024-10-10T08:59:35+00:00\" \/>\n<meta property=\"og:image\" content=\"https:\/\/www.salzburgerland.com\/de\/magazin\/wp-content\/uploads\/2024\/09\/ISM_Neues-KV_KV1-2024_c_ISM-Wolfgang-Lienbacher_14.jpg\" \/>\n\t<meta property=\"og:image:width\" content=\"1920\" \/>\n\t<meta property=\"og:image:height\" content=\"1280\" \/>\n\t<meta property=\"og:image:type\" content=\"image\/jpeg\" \/>\n<meta name=\"author\" content=\"Ulli Hammerl\" \/>\n<meta name=\"twitter:card\" content=\"summary_large_image\" \/>\n<meta name=\"twitter:creator\" content=\"@Salzburgerland\" \/>\n<meta name=\"twitter:site\" content=\"@Salzburgerland\" \/>\n<meta name=\"twitter:label1\" content=\"Verfasst von\" \/>\n\t<meta name=\"twitter:data1\" content=\"Ulli Hammerl\" \/>\n\t<meta name=\"twitter:label2\" content=\"Gesch\u00e4tzte Lesezeit\" \/>\n\t<meta name=\"twitter:data2\" content=\"5\u00a0Minuten\" \/>\n<script type=\"application\/ld+json\" class=\"yoast-schema-graph\">{\"@context\":\"https:\\\/\\\/schema.org\",\"@graph\":[{\"@type\":\"Article\",\"@id\":\"https:\\\/\\\/www.salzburgerland.com\\\/de\\\/magazin\\\/das-koechel-verzeichnis\\\/#article\",\"isPartOf\":{\"@id\":\"https:\\\/\\\/www.salzburgerland.com\\\/de\\\/magazin\\\/das-koechel-verzeichnis\\\/\"},\"author\":{\"name\":\"Ulli Hammerl\",\"@id\":\"https:\\\/\\\/www.salzburgerland.com\\\/de\\\/magazin\\\/#\\\/schema\\\/person\\\/a55a4fee1009b9e458d298480a18a9f7\"},\"headline\":\"Das K\u00f6chel-Verzeichnis\u00a0\",\"datePublished\":\"2024-10-04T05:00:00+00:00\",\"dateModified\":\"2024-10-10T08:59:35+00:00\",\"mainEntityOfPage\":{\"@id\":\"https:\\\/\\\/www.salzburgerland.com\\\/de\\\/magazin\\\/das-koechel-verzeichnis\\\/\"},\"wordCount\":685,\"publisher\":{\"@id\":\"https:\\\/\\\/www.salzburgerland.com\\\/de\\\/magazin\\\/#organization\"},\"image\":{\"@id\":\"https:\\\/\\\/www.salzburgerland.com\\\/de\\\/magazin\\\/das-koechel-verzeichnis\\\/#primaryimage\"},\"thumbnailUrl\":\"https:\\\/\\\/www.salzburgerland.com\\\/de\\\/magazin\\\/wp-content\\\/uploads\\\/2024\\\/09\\\/ISM_Neues-KV_KV1-2024_c_ISM-Wolfgang-Lienbacher_14.jpg\",\"keywords\":[\"Konzerte\",\"Mozart\",\"Salzburg\"],\"articleSection\":[\"Kunst &amp; Kultur\"],\"inLanguage\":\"de\"},{\"@type\":\"WebPage\",\"@id\":\"https:\\\/\\\/www.salzburgerland.com\\\/de\\\/magazin\\\/das-koechel-verzeichnis\\\/\",\"url\":\"https:\\\/\\\/www.salzburgerland.com\\\/de\\\/magazin\\\/das-koechel-verzeichnis\\\/\",\"name\":\"Das K\u00f6chel-Verzeichnis\u00a0 - SalzburgerLand Magazin\",\"isPartOf\":{\"@id\":\"https:\\\/\\\/www.salzburgerland.com\\\/de\\\/magazin\\\/#website\"},\"primaryImageOfPage\":{\"@id\":\"https:\\\/\\\/www.salzburgerland.com\\\/de\\\/magazin\\\/das-koechel-verzeichnis\\\/#primaryimage\"},\"image\":{\"@id\":\"https:\\\/\\\/www.salzburgerland.com\\\/de\\\/magazin\\\/das-koechel-verzeichnis\\\/#primaryimage\"},\"thumbnailUrl\":\"https:\\\/\\\/www.salzburgerland.com\\\/de\\\/magazin\\\/wp-content\\\/uploads\\\/2024\\\/09\\\/ISM_Neues-KV_KV1-2024_c_ISM-Wolfgang-Lienbacher_14.jpg\",\"datePublished\":\"2024-10-04T05:00:00+00:00\",\"dateModified\":\"2024-10-10T08:59:35+00:00\",\"breadcrumb\":{\"@id\":\"https:\\\/\\\/www.salzburgerland.com\\\/de\\\/magazin\\\/das-koechel-verzeichnis\\\/#breadcrumb\"},\"inLanguage\":\"de\",\"potentialAction\":[{\"@type\":\"ReadAction\",\"target\":[\"https:\\\/\\\/www.salzburgerland.com\\\/de\\\/magazin\\\/das-koechel-verzeichnis\\\/\"]}]},{\"@type\":\"ImageObject\",\"inLanguage\":\"de\",\"@id\":\"https:\\\/\\\/www.salzburgerland.com\\\/de\\\/magazin\\\/das-koechel-verzeichnis\\\/#primaryimage\",\"url\":\"https:\\\/\\\/www.salzburgerland.com\\\/de\\\/magazin\\\/wp-content\\\/uploads\\\/2024\\\/09\\\/ISM_Neues-KV_KV1-2024_c_ISM-Wolfgang-Lienbacher_14.jpg\",\"contentUrl\":\"https:\\\/\\\/www.salzburgerland.com\\\/de\\\/magazin\\\/wp-content\\\/uploads\\\/2024\\\/09\\\/ISM_Neues-KV_KV1-2024_c_ISM-Wolfgang-Lienbacher_14.jpg\",\"width\":1920,\"height\":1280,\"caption\":\"K\u00f6chl-Verzeichnis \u00a9 Wolfgang Lienbacher\"},{\"@type\":\"BreadcrumbList\",\"@id\":\"https:\\\/\\\/www.salzburgerland.com\\\/de\\\/magazin\\\/das-koechel-verzeichnis\\\/#breadcrumb\",\"itemListElement\":[{\"@type\":\"ListItem\",\"position\":1,\"name\":\"Startseite\",\"item\":\"https:\\\/\\\/www.salzburgerland.com\\\/de\\\/magazin\\\/\"},{\"@type\":\"ListItem\",\"position\":2,\"name\":\"Kunst &amp; Kultur\",\"item\":\"https:\\\/\\\/www.salzburgerland.com\\\/de\\\/magazin\\\/thema\\\/kunst-kultur\\\/\"},{\"@type\":\"ListItem\",\"position\":3,\"name\":\"Das K\u00f6chel-Verzeichnis\u00a0\"}]},{\"@type\":\"WebSite\",\"@id\":\"https:\\\/\\\/www.salzburgerland.com\\\/de\\\/magazin\\\/#website\",\"url\":\"https:\\\/\\\/www.salzburgerland.com\\\/de\\\/magazin\\\/\",\"name\":\"SalzburgerLand Magazin\",\"description\":\"Geschichten und Interessantes aus dem SalzburgerLand\",\"publisher\":{\"@id\":\"https:\\\/\\\/www.salzburgerland.com\\\/de\\\/magazin\\\/#organization\"},\"potentialAction\":[{\"@type\":\"SearchAction\",\"target\":{\"@type\":\"EntryPoint\",\"urlTemplate\":\"https:\\\/\\\/www.salzburgerland.com\\\/de\\\/magazin\\\/?s={search_term_string}\"},\"query-input\":{\"@type\":\"PropertyValueSpecification\",\"valueRequired\":true,\"valueName\":\"search_term_string\"}}],\"inLanguage\":\"de\"},{\"@type\":\"Organization\",\"@id\":\"https:\\\/\\\/www.salzburgerland.com\\\/de\\\/magazin\\\/#organization\",\"name\":\"SalzburgerLand Tourismus\",\"url\":\"https:\\\/\\\/www.salzburgerland.com\\\/de\\\/magazin\\\/\",\"logo\":{\"@type\":\"ImageObject\",\"inLanguage\":\"de\",\"@id\":\"https:\\\/\\\/www.salzburgerland.com\\\/de\\\/magazin\\\/#\\\/schema\\\/logo\\\/image\\\/\",\"url\":\"https:\\\/\\\/www.salzburgerland.com\\\/de\\\/magazin\\\/wp-content\\\/uploads\\\/2019\\\/06\\\/salzburgerland-logo1.jpg\",\"contentUrl\":\"https:\\\/\\\/www.salzburgerland.com\\\/de\\\/magazin\\\/wp-content\\\/uploads\\\/2019\\\/06\\\/salzburgerland-logo1.jpg\",\"width\":2011,\"height\":866,\"caption\":\"SalzburgerLand Tourismus\"},\"image\":{\"@id\":\"https:\\\/\\\/www.salzburgerland.com\\\/de\\\/magazin\\\/#\\\/schema\\\/logo\\\/image\\\/\"},\"sameAs\":[\"https:\\\/\\\/www.facebook.com\\\/salzburgerland\\\/\",\"https:\\\/\\\/x.com\\\/Salzburgerland\",\"https:\\\/\\\/www.instagram.com\\\/salzburgerland\\\/\",\"https:\\\/\\\/at.linkedin.com\\\/company\\\/salzburgerland-tourismus-gmbh\",\"https:\\\/\\\/www.pinterest.at\\\/salzburgerland\\\/\",\"https:\\\/\\\/www.youtube.com\\\/user\\\/salzburgerland\",\"https:\\\/\\\/de.wikipedia.org\\\/wiki\\\/SalzburgerLand_Tourismus_GmbH\"]},{\"@type\":\"Person\",\"@id\":\"https:\\\/\\\/www.salzburgerland.com\\\/de\\\/magazin\\\/#\\\/schema\\\/person\\\/a55a4fee1009b9e458d298480a18a9f7\",\"name\":\"Ulli Hammerl\",\"description\":\"Geboren und aufgewachsen in der Stadt Salzburg war Ulli Hammerl fr\u00fch bewusst, in einer der sch\u00f6nsten St\u00e4dte der Welt zu leben. So ist sie auch w\u00e4hrend ihres Studiums der Kommunikationswissenschaft und \u00d6kologie ihrer Heimatstadt treu geblieben. Gleich nach dem Studium ist sie zu SalzburgerLand Tourismus (SLTG) gegangen und hat hier von 1998 - 2004 u.a. die SalzburgerLand Card betreut. Dabei ist sie viel herumgekommen, wodurch auch die Liebe zum SalzburgerLand enstanden und gewachsen ist. Nach der Geburt ihrer Tochter im September 2004 hat sich Ulli Hammerl 2007 mit einer Agentur selbst\u00e4ndig gemacht. Mein pers\u00f6nlicher Logenplatz: Hoch \u00fcber Salzburg, abseits der stark begangenen Wege mit Blick auf die D\u00e4cher und Kircht\u00fcrme der Stadt \u2013 hier geht mir das Herz auf! Morgen- oder Abendmensch: Ganz klar: Morgenmensch. Wenn um 5.00 Uhr fr\u00fch die V\u00f6gel zwitschern und rund herum noch alles in tiefer Ruhe versinkt, dann ist meine Zeit. Ausgeschlafen, Energie geladen und voller Tatendrang starte ich am liebsten in den fr\u00fchen Morgenstunden in den Tag. Daf\u00fcr kann man nach 21.00 Uhr nicht mehr mit mir rechnen. Buch oder Film: Es gibt nichts Sch\u00f6neres, als es sich am Ende des Tages auf der Couch gem\u00fctlich zu machen und in die Gedankenwelt eines guten Buches einzutauchen \u2013 Lesen ist Abenteuer im Kopf. Wandern, Spazierengehen oder Laufen: alles drei und zwar am besten jeden Tag. Mit ein bisschen Zeiteinteilung geht es sich tats\u00e4chlich fast gehen Tag aus, drau\u00dfen unterwegs zu sein. Fr\u00fchling, Sommer, Herbst oder Winter: Ich kann es im Fr\u00fchling kaum erwarten, die ersten Gr\u00fcnschattierungen in der Natur zu entdecken. Ich liebe hei\u00dfe Sommertage am See und laue Sommerabende am Balkon. Ich mag es, wenn im Herbst die W\u00e4lder in einem Meer aus Farben erstrahlen, Laubrascheln und Kastanien sammeln. Und ich freue mich wie ein Kind, wenn im Dezember die ersten Schneeflocken vom Himmel schweben. Die vier Jahreszeiten sind etwas Wunderbares.\",\"url\":\"https:\\\/\\\/www.salzburgerland.com\\\/de\\\/magazin\\\/author\\\/ulli-hammerl\\\/\"}]}<\/script>\n<!-- \/ Yoast SEO Premium plugin. -->","yoast_head_json":{"title":"Das K\u00f6chel-Verzeichnis\u00a0 - SalzburgerLand Magazin","robots":{"index":"index","follow":"follow","max-snippet":"max-snippet:-1","max-image-preview":"max-image-preview:large","max-video-preview":"max-video-preview:-1"},"canonical":"https:\/\/www.salzburgerland.com\/de\/magazin\/das-koechel-verzeichnis\/","og_locale":"de_DE","og_type":"article","og_title":"Das K\u00f6chel-Verzeichnis\u00a0","og_description":"Wer kennt ihn nicht: Salzburgs ber\u00fchmten Sohn, Wolfgang Amad\u00e9 Mozart. Zeit seines Lebens war das einstmalige Wunderkind ein begnadeter Komponist. Schon im Kindesalter entstanden erste Kompositionen. Weit \u00fcber 600 folgten bis zu seinem Tod. &nbsp; K\u00f6chel-Verzeichnis 1862 bis 1964&nbsp; Der \u00f6sterreichische Naturforscher und Musikwissenschaftler Ludwig Ritter von K\u00f6chel war fasziniert von Mozarts Musik und widmete [&hellip;]","og_url":"https:\/\/www.salzburgerland.com\/de\/magazin\/das-koechel-verzeichnis\/","og_site_name":"SalzburgerLand Magazin","article_publisher":"https:\/\/www.facebook.com\/salzburgerland\/","article_published_time":"2024-10-04T05:00:00+00:00","article_modified_time":"2024-10-10T08:59:35+00:00","og_image":[{"width":1920,"height":1280,"url":"https:\/\/www.salzburgerland.com\/de\/magazin\/wp-content\/uploads\/2024\/09\/ISM_Neues-KV_KV1-2024_c_ISM-Wolfgang-Lienbacher_14.jpg","type":"image\/jpeg"}],"author":"Ulli Hammerl","twitter_card":"summary_large_image","twitter_creator":"@Salzburgerland","twitter_site":"@Salzburgerland","twitter_misc":{"Verfasst von":"Ulli Hammerl","Gesch\u00e4tzte Lesezeit":"5\u00a0Minuten"},"schema":{"@context":"https:\/\/schema.org","@graph":[{"@type":"Article","@id":"https:\/\/www.salzburgerland.com\/de\/magazin\/das-koechel-verzeichnis\/#article","isPartOf":{"@id":"https:\/\/www.salzburgerland.com\/de\/magazin\/das-koechel-verzeichnis\/"},"author":{"name":"Ulli Hammerl","@id":"https:\/\/www.salzburgerland.com\/de\/magazin\/#\/schema\/person\/a55a4fee1009b9e458d298480a18a9f7"},"headline":"Das K\u00f6chel-Verzeichnis\u00a0","datePublished":"2024-10-04T05:00:00+00:00","dateModified":"2024-10-10T08:59:35+00:00","mainEntityOfPage":{"@id":"https:\/\/www.salzburgerland.com\/de\/magazin\/das-koechel-verzeichnis\/"},"wordCount":685,"publisher":{"@id":"https:\/\/www.salzburgerland.com\/de\/magazin\/#organization"},"image":{"@id":"https:\/\/www.salzburgerland.com\/de\/magazin\/das-koechel-verzeichnis\/#primaryimage"},"thumbnailUrl":"https:\/\/www.salzburgerland.com\/de\/magazin\/wp-content\/uploads\/2024\/09\/ISM_Neues-KV_KV1-2024_c_ISM-Wolfgang-Lienbacher_14.jpg","keywords":["Konzerte","Mozart","Salzburg"],"articleSection":["Kunst &amp; Kultur"],"inLanguage":"de"},{"@type":"WebPage","@id":"https:\/\/www.salzburgerland.com\/de\/magazin\/das-koechel-verzeichnis\/","url":"https:\/\/www.salzburgerland.com\/de\/magazin\/das-koechel-verzeichnis\/","name":"Das K\u00f6chel-Verzeichnis\u00a0 - SalzburgerLand Magazin","isPartOf":{"@id":"https:\/\/www.salzburgerland.com\/de\/magazin\/#website"},"primaryImageOfPage":{"@id":"https:\/\/www.salzburgerland.com\/de\/magazin\/das-koechel-verzeichnis\/#primaryimage"},"image":{"@id":"https:\/\/www.salzburgerland.com\/de\/magazin\/das-koechel-verzeichnis\/#primaryimage"},"thumbnailUrl":"https:\/\/www.salzburgerland.com\/de\/magazin\/wp-content\/uploads\/2024\/09\/ISM_Neues-KV_KV1-2024_c_ISM-Wolfgang-Lienbacher_14.jpg","datePublished":"2024-10-04T05:00:00+00:00","dateModified":"2024-10-10T08:59:35+00:00","breadcrumb":{"@id":"https:\/\/www.salzburgerland.com\/de\/magazin\/das-koechel-verzeichnis\/#breadcrumb"},"inLanguage":"de","potentialAction":[{"@type":"ReadAction","target":["https:\/\/www.salzburgerland.com\/de\/magazin\/das-koechel-verzeichnis\/"]}]},{"@type":"ImageObject","inLanguage":"de","@id":"https:\/\/www.salzburgerland.com\/de\/magazin\/das-koechel-verzeichnis\/#primaryimage","url":"https:\/\/www.salzburgerland.com\/de\/magazin\/wp-content\/uploads\/2024\/09\/ISM_Neues-KV_KV1-2024_c_ISM-Wolfgang-Lienbacher_14.jpg","contentUrl":"https:\/\/www.salzburgerland.com\/de\/magazin\/wp-content\/uploads\/2024\/09\/ISM_Neues-KV_KV1-2024_c_ISM-Wolfgang-Lienbacher_14.jpg","width":1920,"height":1280,"caption":"K\u00f6chl-Verzeichnis \u00a9 Wolfgang Lienbacher"},{"@type":"BreadcrumbList","@id":"https:\/\/www.salzburgerland.com\/de\/magazin\/das-koechel-verzeichnis\/#breadcrumb","itemListElement":[{"@type":"ListItem","position":1,"name":"Startseite","item":"https:\/\/www.salzburgerland.com\/de\/magazin\/"},{"@type":"ListItem","position":2,"name":"Kunst &amp; Kultur","item":"https:\/\/www.salzburgerland.com\/de\/magazin\/thema\/kunst-kultur\/"},{"@type":"ListItem","position":3,"name":"Das K\u00f6chel-Verzeichnis\u00a0"}]},{"@type":"WebSite","@id":"https:\/\/www.salzburgerland.com\/de\/magazin\/#website","url":"https:\/\/www.salzburgerland.com\/de\/magazin\/","name":"SalzburgerLand Magazin","description":"Geschichten und Interessantes aus dem SalzburgerLand","publisher":{"@id":"https:\/\/www.salzburgerland.com\/de\/magazin\/#organization"},"potentialAction":[{"@type":"SearchAction","target":{"@type":"EntryPoint","urlTemplate":"https:\/\/www.salzburgerland.com\/de\/magazin\/?s={search_term_string}"},"query-input":{"@type":"PropertyValueSpecification","valueRequired":true,"valueName":"search_term_string"}}],"inLanguage":"de"},{"@type":"Organization","@id":"https:\/\/www.salzburgerland.com\/de\/magazin\/#organization","name":"SalzburgerLand Tourismus","url":"https:\/\/www.salzburgerland.com\/de\/magazin\/","logo":{"@type":"ImageObject","inLanguage":"de","@id":"https:\/\/www.salzburgerland.com\/de\/magazin\/#\/schema\/logo\/image\/","url":"https:\/\/www.salzburgerland.com\/de\/magazin\/wp-content\/uploads\/2019\/06\/salzburgerland-logo1.jpg","contentUrl":"https:\/\/www.salzburgerland.com\/de\/magazin\/wp-content\/uploads\/2019\/06\/salzburgerland-logo1.jpg","width":2011,"height":866,"caption":"SalzburgerLand Tourismus"},"image":{"@id":"https:\/\/www.salzburgerland.com\/de\/magazin\/#\/schema\/logo\/image\/"},"sameAs":["https:\/\/www.facebook.com\/salzburgerland\/","https:\/\/x.com\/Salzburgerland","https:\/\/www.instagram.com\/salzburgerland\/","https:\/\/at.linkedin.com\/company\/salzburgerland-tourismus-gmbh","https:\/\/www.pinterest.at\/salzburgerland\/","https:\/\/www.youtube.com\/user\/salzburgerland","https:\/\/de.wikipedia.org\/wiki\/SalzburgerLand_Tourismus_GmbH"]},{"@type":"Person","@id":"https:\/\/www.salzburgerland.com\/de\/magazin\/#\/schema\/person\/a55a4fee1009b9e458d298480a18a9f7","name":"Ulli Hammerl","description":"Geboren und aufgewachsen in der Stadt Salzburg war Ulli Hammerl fr\u00fch bewusst, in einer der sch\u00f6nsten St\u00e4dte der Welt zu leben. So ist sie auch w\u00e4hrend ihres Studiums der Kommunikationswissenschaft und \u00d6kologie ihrer Heimatstadt treu geblieben. Gleich nach dem Studium ist sie zu SalzburgerLand Tourismus (SLTG) gegangen und hat hier von 1998 - 2004 u.a. die SalzburgerLand Card betreut. Dabei ist sie viel herumgekommen, wodurch auch die Liebe zum SalzburgerLand enstanden und gewachsen ist. Nach der Geburt ihrer Tochter im September 2004 hat sich Ulli Hammerl 2007 mit einer Agentur selbst\u00e4ndig gemacht. Mein pers\u00f6nlicher Logenplatz: Hoch \u00fcber Salzburg, abseits der stark begangenen Wege mit Blick auf die D\u00e4cher und Kircht\u00fcrme der Stadt \u2013 hier geht mir das Herz auf! Morgen- oder Abendmensch: Ganz klar: Morgenmensch. Wenn um 5.00 Uhr fr\u00fch die V\u00f6gel zwitschern und rund herum noch alles in tiefer Ruhe versinkt, dann ist meine Zeit. Ausgeschlafen, Energie geladen und voller Tatendrang starte ich am liebsten in den fr\u00fchen Morgenstunden in den Tag. Daf\u00fcr kann man nach 21.00 Uhr nicht mehr mit mir rechnen. Buch oder Film: Es gibt nichts Sch\u00f6neres, als es sich am Ende des Tages auf der Couch gem\u00fctlich zu machen und in die Gedankenwelt eines guten Buches einzutauchen \u2013 Lesen ist Abenteuer im Kopf. Wandern, Spazierengehen oder Laufen: alles drei und zwar am besten jeden Tag. Mit ein bisschen Zeiteinteilung geht es sich tats\u00e4chlich fast gehen Tag aus, drau\u00dfen unterwegs zu sein. Fr\u00fchling, Sommer, Herbst oder Winter: Ich kann es im Fr\u00fchling kaum erwarten, die ersten Gr\u00fcnschattierungen in der Natur zu entdecken. Ich liebe hei\u00dfe Sommertage am See und laue Sommerabende am Balkon. Ich mag es, wenn im Herbst die W\u00e4lder in einem Meer aus Farben erstrahlen, Laubrascheln und Kastanien sammeln. Und ich freue mich wie ein Kind, wenn im Dezember die ersten Schneeflocken vom Himmel schweben. Die vier Jahreszeiten sind etwas Wunderbares.","url":"https:\/\/www.salzburgerland.com\/de\/magazin\/author\/ulli-hammerl\/"}]}},"_wl_alt_label":[],"wl:entity_url":"http:\/\/open.salzburgerland.com\/magazin\/post\/das-koechl-verzeichnis-178669","_links":{"self":[{"href":"https:\/\/www.salzburgerland.com\/de\/magazin\/wp-json\/wp\/v2\/posts\/178669","targetHints":{"allow":["GET"]}}],"collection":[{"href":"https:\/\/www.salzburgerland.com\/de\/magazin\/wp-json\/wp\/v2\/posts"}],"about":[{"href":"https:\/\/www.salzburgerland.com\/de\/magazin\/wp-json\/wp\/v2\/types\/post"}],"author":[{"embeddable":true,"href":"https:\/\/www.salzburgerland.com\/de\/magazin\/wp-json\/wp\/v2\/users\/90"}],"replies":[{"embeddable":true,"href":"https:\/\/www.salzburgerland.com\/de\/magazin\/wp-json\/wp\/v2\/comments?post=178669"}],"version-history":[{"count":3,"href":"https:\/\/www.salzburgerland.com\/de\/magazin\/wp-json\/wp\/v2\/posts\/178669\/revisions"}],"predecessor-version":[{"id":178787,"href":"https:\/\/www.salzburgerland.com\/de\/magazin\/wp-json\/wp\/v2\/posts\/178669\/revisions\/178787"}],"wp:featuredmedia":[{"embeddable":true,"href":"https:\/\/www.salzburgerland.com\/de\/magazin\/wp-json\/wp\/v2\/media\/178670"}],"wp:attachment":[{"href":"https:\/\/www.salzburgerland.com\/de\/magazin\/wp-json\/wp\/v2\/media?parent=178669"}],"wp:term":[{"taxonomy":"category","embeddable":true,"href":"https:\/\/www.salzburgerland.com\/de\/magazin\/wp-json\/wp\/v2\/categories?post=178669"},{"taxonomy":"post_tag","embeddable":true,"href":"https:\/\/www.salzburgerland.com\/de\/magazin\/wp-json\/wp\/v2\/tags?post=178669"},{"taxonomy":"wl_entity_type","embeddable":true,"href":"https:\/\/www.salzburgerland.com\/de\/magazin\/wp-json\/wp\/v2\/wl_entity_type?post=178669"},{"taxonomy":"monatsauswahl","embeddable":true,"href":"https:\/\/www.salzburgerland.com\/de\/magazin\/wp-json\/wp\/v2\/monatsauswahl?post=178669"}],"curies":[{"name":"wp","href":"https:\/\/api.w.org\/{rel}","templated":true}]}}