{"id":178627,"date":"2024-11-04T07:00:00","date_gmt":"2024-11-04T06:00:00","guid":{"rendered":"https:\/\/www.salzburgerland.com\/de\/magazin\/?p=178627"},"modified":"2024-11-05T13:27:41","modified_gmt":"2024-11-05T12:27:41","slug":"der-tueftler-und-der-racer","status":"publish","type":"post","link":"https:\/\/www.salzburgerland.com\/de\/magazin\/der-tueftler-und-der-racer\/","title":{"rendered":"Der T\u00fcftler und der Racer"},"content":{"rendered":"\n<div class=\"wp-block-slt-top topBlocks\">\n<h2 class=\"wp-block-slt-subtitle\">Richard Wei\u00dfenbacher &amp; Manuel Feller <\/h2>\n\n\n\n<p class=\"wp-block-slt-intro\">Wie ein Formel 1-Renningenieur feilt der Forstauer Servicemann Richard Wei\u00dfenbacher am perfekten Setup von Local Hero und Top-Rennl\u00e4ufer Manuel Feller. Ein Blick \u00fcber die Schulter des Atomic Service-Profi bei seiner Arbeit im Rennzirkus. <\/p>\n<\/div>\n\n\n\n<p>Unvergessen der Moment, als Manuel Feller beim Weltcup Finale 2024 in Saalbach nach einer entfesselten Fahrt und dem zweiten Platz vor 50.000 begeisterten Zuschauern die kleine Kristallkugel der Slalomwertung jubelnd in H\u00e4nden hielt. Mindestens genauso laut gejubelt hat in diesem Moment aber auch Feller-Servicemann Richard \u201eRichie\u201c Wei\u00dfenbacher. Denn, dass die letzte Saison so richtig gut gelaufen ist mit neun Slaloms und nie einem schlechteren Resultat als Platz f\u00fcnf und Feller zur Kr\u00f6nung die begehrte Kugel in H\u00e4nden halten konnte, geht nicht zuletzt auch auf das Konto seines Servicemanns aus dem SalzburgerLand.&nbsp;<\/p>\n\n\n\n<figure class=\"wp-block-image size-full\"><img loading=\"lazy\" decoding=\"async\" width=\"2560\" height=\"1707\" src=\"https:\/\/www.salzburgerland.com\/de\/magazin\/wp-content\/uploads\/2024\/10\/WCFinale__Day2_\u00a9AndreasPutz_20-scaled.jpg\" alt=\"Ein Skifahrer feiert mit erhobenen Armen neben einem Kameramann auf einer verschneiten Piste, mit einer Menschenmenge im Hintergrund.\" class=\"wp-image-178981\" srcset=\"https:\/\/www.salzburgerland.com\/de\/magazin\/wp-content\/uploads\/2024\/10\/WCFinale__Day2_\u00a9AndreasPutz_20-scaled.jpg 2560w, https:\/\/www.salzburgerland.com\/de\/magazin\/wp-content\/uploads\/2024\/10\/WCFinale__Day2_\u00a9AndreasPutz_20-300x200.jpg 300w, https:\/\/www.salzburgerland.com\/de\/magazin\/wp-content\/uploads\/2024\/10\/WCFinale__Day2_\u00a9AndreasPutz_20-1536x1024.jpg 1536w, https:\/\/www.salzburgerland.com\/de\/magazin\/wp-content\/uploads\/2024\/10\/WCFinale__Day2_\u00a9AndreasPutz_20-2048x1366.jpg 2048w, https:\/\/www.salzburgerland.com\/de\/magazin\/wp-content\/uploads\/2024\/10\/WCFinale__Day2_\u00a9AndreasPutz_20-825x550.jpg 825w, https:\/\/www.salzburgerland.com\/de\/magazin\/wp-content\/uploads\/2024\/10\/WCFinale__Day2_\u00a9AndreasPutz_20-600x400.jpg 600w, https:\/\/www.salzburgerland.com\/de\/magazin\/wp-content\/uploads\/2024\/10\/WCFinale__Day2_\u00a9AndreasPutz_20-1320x880.jpg 1320w, https:\/\/www.salzburgerland.com\/de\/magazin\/wp-content\/uploads\/2024\/10\/WCFinale__Day2_\u00a9AndreasPutz_20-150x100.jpg 150w\" sizes=\"auto, (max-width: 2560px) 100vw, 2560px\" \/><\/figure>\n\n\n\n<h2 class=\"wp-block-heading\" id=\"h-fellers-schatten\">Fellers Schatten<\/h2>\n\n\n\n<p>Fragt man Richie, wie eng seine Zusammenarbeit mit dem Rennfahrer ist, so lacht er: \u201eIch bin wie sein Schatten!\u201c Ein nicht ganz unauff\u00e4lliger Schatten, denn der geb\u00fcrtige Steirer ist mit seinen 1,94 m K\u00f6rpergr\u00f6\u00dfe und t\u00e4towierten, muskul\u00f6sen Armen eine echte Type. Wie eben Manuel Feller auch, vielleicht harmonieren die beiden deswegen so gut? \u201eAm Musikgeschmack kann es nicht liegen\u201c, lacht Richie, der als eingefleischter Rocker mit dem Reggae Dancehall von Manuel wenig anfangen kann. \u201eDoch in den letzten f\u00fcnf Jahren haben wir uns wie ein altes Ehepaar gut zusammengelebt.\u201c Es war nach der Olympiade in Korea, als er nach zehn Jahren im Rennservice von Atomic gefragt wurde, ob er Lust h\u00e4tte, einen Top-L\u00e4ufer zu betreuen. \u201eMan sagte mir nur, der L\u00e4ufer h\u00e4tte lange Haare \u2013 es konnte also nur Mikaela Shiffrin oder Feller sein und ich sagte begeistert zu. Seitdem bin ich Manus Schatten und im Renngeschehen immer an seiner Seite.\u201c<\/p>\n\n\n\n<figure class=\"wp-block-image size-full\"><img loading=\"lazy\" decoding=\"async\" width=\"1120\" height=\"1048\" src=\"https:\/\/www.salzburgerland.com\/de\/magazin\/wp-content\/uploads\/2024\/11\/WhatsApp-Image-2024-11-04-at-20.40.13-2.jpeg\" alt=\"Zwei Personen in Winterkleidung posieren auf einem verschneiten Berg mit Wolken und Gipfeln im Hintergrund, eingerahmt von einer Metallkonstruktion.\" class=\"wp-image-179101\" srcset=\"https:\/\/www.salzburgerland.com\/de\/magazin\/wp-content\/uploads\/2024\/11\/WhatsApp-Image-2024-11-04-at-20.40.13-2.jpeg 1120w, https:\/\/www.salzburgerland.com\/de\/magazin\/wp-content\/uploads\/2024\/11\/WhatsApp-Image-2024-11-04-at-20.40.13-2-300x281.jpeg 300w, https:\/\/www.salzburgerland.com\/de\/magazin\/wp-content\/uploads\/2024\/11\/WhatsApp-Image-2024-11-04-at-20.40.13-2-588x550.jpeg 588w, https:\/\/www.salzburgerland.com\/de\/magazin\/wp-content\/uploads\/2024\/11\/WhatsApp-Image-2024-11-04-at-20.40.13-2-427x400.jpeg 427w, https:\/\/www.salzburgerland.com\/de\/magazin\/wp-content\/uploads\/2024\/11\/WhatsApp-Image-2024-11-04-at-20.40.13-2-150x140.jpeg 150w\" sizes=\"auto, (max-width: 1120px) 100vw, 1120px\" \/><figcaption class=\"wp-element-caption\">\u00a9 Privat &#8211; Ein gutes Gespann.<\/figcaption><\/figure>\n\n\n\n<p>Doch lange vor dem Renntag beginnt die Arbeit des Servicemanns, wie Richie erkl\u00e4rt: \u201eAnfangs sah ich mir viele L\u00e4ufe von Manuel auf Video an, analysierte und brachte Ideen ein, was man im Setup \u00e4ndern oder verbessern k\u00f6nne. Nach der Umsetzung sind wir bis heute grunds\u00e4tzlich bei diesem Setup geblieben. Im Setup gibt es 100.000 M\u00f6glichkeiten, an denen man t\u00fcfteln kann \u2013 Bindung, Platte, Sprengung, Belag, Kante \u2026 da kann man sich auch v\u00f6llig hineinsteigern und falsch abbiegen.\u201c Falsch abgebogen sind die beiden, die auch bei der Anreise im Auto meist ein gutes Team aus Fahrer und Beifahrer bilden, noch nie. Der mit Frau und Kindern in Forstau lebende Steirer erinnert sich noch gut an die erste gemeinsame lange Anfahrt zu einem Training: \u201eIn den acht Stunden nach Zermatt lernten wir uns gut kennen. Wir ticken in vielem \u00e4hnlich und beim Skifahren ist Manuel wie beim Fischen oder in der Musik \u2013 wenn er etwas macht, dann richtig und mit ganzem Herzen.\u201c<\/p>\n\n\n\n<figure class=\"wp-block-image size-full\"><img decoding=\"async\" src=\"https:\/\/www.salzburgerland.com\/de\/magazin\/wp-content\/uploads\/2024\/09\/image00001-scaled.jpeg\" alt=\"Ein Skitrainer beobachtet einen Skifahrer in roter Ausr\u00fcstung, der sich auf einem verschneiten, felsigen Berghang auf das Rennen vorbereitet.\" class=\"wp-image-178980\"\/><figcaption class=\"wp-element-caption\">(c) Ski Austria\/Schrammel<\/figcaption><\/figure>\n\n\n\n<h2 class=\"wp-block-heading\" id=\"h-kein-9-to-5-job\">Kein 9-to-5 Job<\/h2>\n\n\n\n<p>Mit ganzem Herzen ist auch Richie dabei, wenn er noch vor der Anreise zum n\u00e4chsten Rennort mit Locals telefoniert, den Wetterbericht studiert und mit seinen Erfahrungswerten aus seiner eigenen Zeit als Skirennl\u00e4ufer die richtigen Paar Ski f\u00fcr den Renneinsatz einpackt. \u201eMan kennt die Piste, man kennt den Kurssetzer, sieht die Wetterprognosen und packt sechs bis acht Paar Ski mit einer Grundpr\u00e4parierung ein. Nach der Ankunft geht es f\u00fcr mich gleich mal zum CheckIn im Skiraum, wo ich meinen Arbeitsplatz aufbaue und vom Trainer schon die ersten Infos direkt von der Piste bekomme. Nach den ersten Trainingsl\u00e4ufen kommuniziere ich wieder mit Manuel und bereite mindestens vier Paar Rennski, zwei Reserveski und ein paar Backups vor. Da endet der Tag im Skiraum meist nicht vor 20 oder 21 Uhr.\u201c Am Renntag kommt Richie mit Manuel und den Skiern auf den Berg, wie er schmunzelnd meint: \u201eDa bin ich wieder sein Schatten. Ich sehe mir die L\u00e4ufe vor ihm an und bekomm so ein Gesp\u00fcr f\u00fcr die Piste. Falls durch einen Temperatursturz oder pl\u00f6tzlich einsetzenden Regen eine Plan\u00e4nderung ansteht, zaubere ich selbst oben am Start daf\u00fcr immer noch ein paar Asse aus dem \u00c4rmel. Da haben wir alle unsere eigenen Schm\u00e4hs.\u201c Ist Manuel dann an der Reihe, ins Starthaus zu gehen, klopft der Servicemann den Schnee von den Schuhen, hilft in die Bindung und kontrolliert den Anpressdruck. Kurz vor dem Start wird der Belag abgewischt und eventuell angeeiste Kanten frei gemacht. Und dann \u00f6ffnet sich das Startgate und Richie kann nur noch Daumen dr\u00fccken. &nbsp;<\/p>\n\n\n\n<figure class=\"wp-block-image size-full\"><img loading=\"lazy\" decoding=\"async\" width=\"1048\" height=\"1600\" src=\"https:\/\/www.salzburgerland.com\/de\/magazin\/wp-content\/uploads\/2024\/11\/WhatsApp-Image-2024-11-04-at-20.40.13.jpeg\" alt=\"Zwei Personen in Skikleidung und mit Sonnenbrille posieren f\u00fcr ein Selfie auf einem Skilift und machen dabei Handgesten.\" class=\"wp-image-179103\" srcset=\"https:\/\/www.salzburgerland.com\/de\/magazin\/wp-content\/uploads\/2024\/11\/WhatsApp-Image-2024-11-04-at-20.40.13.jpeg 1048w, https:\/\/www.salzburgerland.com\/de\/magazin\/wp-content\/uploads\/2024\/11\/WhatsApp-Image-2024-11-04-at-20.40.13-197x300.jpeg 197w, https:\/\/www.salzburgerland.com\/de\/magazin\/wp-content\/uploads\/2024\/11\/WhatsApp-Image-2024-11-04-at-20.40.13-1006x1536.jpeg 1006w, https:\/\/www.salzburgerland.com\/de\/magazin\/wp-content\/uploads\/2024\/11\/WhatsApp-Image-2024-11-04-at-20.40.13-360x550.jpeg 360w, https:\/\/www.salzburgerland.com\/de\/magazin\/wp-content\/uploads\/2024\/11\/WhatsApp-Image-2024-11-04-at-20.40.13-262x400.jpeg 262w, https:\/\/www.salzburgerland.com\/de\/magazin\/wp-content\/uploads\/2024\/11\/WhatsApp-Image-2024-11-04-at-20.40.13-150x229.jpeg 150w\" sizes=\"auto, (max-width: 1048px) 100vw, 1048px\" \/><figcaption class=\"wp-element-caption\">\u00a9 Privat &#8211; der Racer und der T\u00fcftler. <\/figcaption><\/figure>\n\n\n\n<h2 class=\"wp-block-heading\" id=\"h-stunden-fur-sekunden\">Stunden f\u00fcr Sekunden<\/h2>\n\n\n\n<p>Rund eine Minute dauert eine Abfahrt f\u00fcr den L\u00e4ufer, in der sich zeigt, ob das in vielen Stunden erarbeitete Setup genau so funktioniert, wie geplant. Unten im Ziel wartet schon Andreas Dudek, technischer Koordinator von Atomic, der von Manuel die ersten Infos holt, w\u00e4hrend Richie selbst vom Berg f\u00e4hrt, um diese Infos und die eben gefahrenen Rennski abzuholen. Damit geht es bis zum zweiten Durchgang wieder an die Werkbank, um weiter zu optimieren. Eine T\u00fcftelei, wie Richie meint: \u201eDer Bereich, wo alles ideal l\u00e4uft, ist schmal. Da muss das Setup genau eingestellt sein.\u201c Und nach dem Rennen ist vor dem Rennen, da werden gleich die Skier wieder eingewachselt und es geht zum n\u00e4chsten Austragungsort. Au\u00dfer, es gibt einen Podestplatz zu feiern: \u201eDann trinken wir erst einmal gemeinsam ein Bier auf unseren Erfolg.\u201c Der Erfolg und die Lorbeeren werden im Team geteilt, denn Rennl\u00e4ufer und Servicemann bilden eine Symbiose. Auch wenn es Manuel ist, der durch die Tore muss, ohne die Abstimmung und das Feintuning seines Servicemanns w\u00fcrde er es vielleicht nicht best\u00e4ndig aufs Podium schaffen.<\/p>\n\n\n\n<figure class=\"wp-block-image size-full\"><img loading=\"lazy\" decoding=\"async\" width=\"1600\" height=\"1200\" src=\"https:\/\/www.salzburgerland.com\/de\/magazin\/wp-content\/uploads\/2024\/11\/WhatsApp-Image-2024-11-04-at-20.40.13-1.jpeg\" alt=\"Eine Person in Skiausr\u00fcstung sitzt auf einem Motorschlitten mit angeh\u00e4ngten Skiern auf einem verschneiten Berghang.\" class=\"wp-image-179102\" srcset=\"https:\/\/www.salzburgerland.com\/de\/magazin\/wp-content\/uploads\/2024\/11\/WhatsApp-Image-2024-11-04-at-20.40.13-1.jpeg 1600w, https:\/\/www.salzburgerland.com\/de\/magazin\/wp-content\/uploads\/2024\/11\/WhatsApp-Image-2024-11-04-at-20.40.13-1-300x225.jpeg 300w, https:\/\/www.salzburgerland.com\/de\/magazin\/wp-content\/uploads\/2024\/11\/WhatsApp-Image-2024-11-04-at-20.40.13-1-1536x1152.jpeg 1536w, https:\/\/www.salzburgerland.com\/de\/magazin\/wp-content\/uploads\/2024\/11\/WhatsApp-Image-2024-11-04-at-20.40.13-1-733x550.jpeg 733w, https:\/\/www.salzburgerland.com\/de\/magazin\/wp-content\/uploads\/2024\/11\/WhatsApp-Image-2024-11-04-at-20.40.13-1-140x105.jpeg 140w, https:\/\/www.salzburgerland.com\/de\/magazin\/wp-content\/uploads\/2024\/11\/WhatsApp-Image-2024-11-04-at-20.40.13-1-533x400.jpeg 533w, https:\/\/www.salzburgerland.com\/de\/magazin\/wp-content\/uploads\/2024\/11\/WhatsApp-Image-2024-11-04-at-20.40.13-1-960x720.jpeg 960w, https:\/\/www.salzburgerland.com\/de\/magazin\/wp-content\/uploads\/2024\/11\/WhatsApp-Image-2024-11-04-at-20.40.13-1-1320x990.jpeg 1320w, https:\/\/www.salzburgerland.com\/de\/magazin\/wp-content\/uploads\/2024\/11\/WhatsApp-Image-2024-11-04-at-20.40.13-1-1200x900.jpeg 1200w, https:\/\/www.salzburgerland.com\/de\/magazin\/wp-content\/uploads\/2024\/11\/WhatsApp-Image-2024-11-04-at-20.40.13-1-150x113.jpeg 150w\" sizes=\"auto, (max-width: 1600px) 100vw, 1600px\" \/><figcaption class=\"wp-element-caption\">\u00a9 Privat &#8211; Auf gehts zum Skitesten.<\/figcaption><\/figure>\n\n\n\n<h2 class=\"wp-block-heading\" id=\"h-gespur-konnen-und-handarbeit\">Gesp\u00fcr, K\u00f6nnen und Handarbeit<\/h2>\n\n\n\n<p>Als Schnittstelle zwischen dem L\u00e4ufer und seinem Material setzt der Servicemann mit viel Erfahrung und noch mehr Gesp\u00fcr um, was der Athlet haben will, damit er schnell Skifahren kann. Daf\u00fcr muss man gut hinschauen und hineinhorchen und auf eine gro\u00dfe Portion K\u00f6nnen zur\u00fcckgreifen k\u00f6nnen. F\u00fcr Richie kein Problem, denn er versteht sein Handwerk, das er sich \u00fcber die vielen Jahre im Rennzirkus angeeignet hat. In den Skiraum hat nat\u00fcrlich niemand Zutritt, denn wie bei allen Nationen gibt es die einen oder anderen geheimen Tricks f\u00fcr einen schnellen Ski. So viel sei aber verraten: \u201eWir \u00d6sterreicher machen die Kanten noch von Hand! Das ist zwar viel Arbeit und T\u00fcftlerei, aber es zahlt sich aus. Und wenn man am Ende gemeinsam jubelt, ist der Aufwand ohnehin vergessen.\u201c<\/p>\n\n\n\n<p>Gejubelt wird hoffentlich auch bei den <a href=\"https:\/\/www.salzburgerland.com\/de\/saalbach2025\/\" target=\"_blank\" rel=\"noreferrer noopener\">FIS Alpine Ski Weltmeisterschaften<\/a> von 4. bis 16. Februar 2025 in Saalbach, dem Heimspiel f\u00fcr Manuel Feller. \u201e<a href=\"https:\/\/www.salzburgerland.com\/de\/saalbach2025\/\" target=\"_blank\" rel=\"noreferrer noopener\">Saalbach<\/a> wird auf jeden Fall interessant. Der Slalom am Zw\u00f6lfer schiebt sch\u00f6n, da kann Manuel richtig schnell sein. Beim Riesenslalom wird es ordentlich zum Ziehen, aber Manuel wird bei seinem Heimrennen alles hineinlegen in seine L\u00e4ufe! Der Druck ist dann nat\u00fcrlich auch f\u00fcr mich hoch, aber ich freue mich auf die Weltmeisterschaft in Saalbach!\u201c<\/p>\n\n\n\n<p>Alle Informationen zur FIS Alpine Ski WM in Saalbach findet man unter <a href=\"https:\/\/www.saalbach2025.com\/de\" target=\"_blank\" rel=\"noreferrer noopener\">www.saalbach2025.com<\/a><\/p>\n\n\n\n<figure class=\"wp-block-embed is-type-video is-provider-youtube wp-block-embed-youtube wp-embed-aspect-16-9 wp-has-aspect-ratio\"><div class=\"wp-block-embed__wrapper\">\n<iframe loading=\"lazy\" title=\"FIS Alpine World Ski Championships Saalbach 2025 | OFFICIAL TRAILER\" width=\"640\" height=\"360\" src=\"https:\/\/www.youtube-nocookie.com\/embed\/TSufCeiHZdc?feature=oembed&#038;rel=0&#038;modestbranding=1\" frameborder=\"0\" allow=\"accelerometer; autoplay; clipboard-write; encrypted-media; gyroscope; picture-in-picture; web-share\" referrerpolicy=\"strict-origin-when-cross-origin\" allowfullscreen><\/iframe>\n<\/div><\/figure>\n","protected":false},"excerpt":{"rendered":"<p>Unvergessen der Moment, als Manuel Feller beim Weltcup Finale 2024 in Saalbach nach einer entfesselten Fahrt und dem zweiten Platz vor 50.000 begeisterten Zuschauern die kleine Kristallkugel der Slalomwertung jubelnd in H\u00e4nden hielt. Mindestens genauso laut gejubelt hat in diesem Moment aber auch Feller-Servicemann Richard \u201eRichie\u201c Wei\u00dfenbacher. Denn, dass die letzte Saison so richtig gut [&hellip;]<\/p>\n","protected":false},"author":11,"featured_media":178980,"comment_status":"closed","ping_status":"closed","sticky":false,"template":"","format":"standard","meta":{"_acf_changed":false,"wl_entities_gutenberg":"","_wl_entity_redirect_enabled":"","footnotes":""},"categories":[9],"tags":[],"wl_entity_type":[306],"monatsauswahl":[],"class_list":["post-178627","post","type-post","status-publish","format-standard","has-post-thumbnail","hentry","category-sehenswurdig","wl_entity_type-article"],"acf":[],"yoast_head":"<!-- This site is optimized with the Yoast SEO Premium plugin v27.4 (Yoast SEO v27.4) - https:\/\/yoast.com\/product\/yoast-seo-premium-wordpress\/ -->\n<title>Der T\u00fcftler und der Racer - SalzburgerLand Magazin<\/title>\n<meta name=\"robots\" content=\"index, follow, max-snippet:-1, max-image-preview:large, max-video-preview:-1\" \/>\n<link rel=\"canonical\" href=\"https:\/\/www.salzburgerland.com\/de\/magazin\/der-tueftler-und-der-racer\/\" \/>\n<meta property=\"og:locale\" content=\"de_DE\" \/>\n<meta property=\"og:type\" content=\"article\" \/>\n<meta property=\"og:title\" content=\"Der T\u00fcftler und der Racer\" \/>\n<meta property=\"og:description\" content=\"Unvergessen der Moment, als Manuel Feller beim Weltcup Finale 2024 in Saalbach nach einer entfesselten Fahrt und dem zweiten Platz vor 50.000 begeisterten Zuschauern die kleine Kristallkugel der Slalomwertung jubelnd in H\u00e4nden hielt. Mindestens genauso laut gejubelt hat in diesem Moment aber auch Feller-Servicemann Richard \u201eRichie\u201c Wei\u00dfenbacher. Denn, dass die letzte Saison so richtig gut [&hellip;]\" \/>\n<meta property=\"og:url\" content=\"https:\/\/www.salzburgerland.com\/de\/magazin\/der-tueftler-und-der-racer\/\" \/>\n<meta property=\"og:site_name\" content=\"SalzburgerLand Magazin\" \/>\n<meta property=\"article:publisher\" content=\"https:\/\/www.facebook.com\/salzburgerland\/\" \/>\n<meta property=\"article:published_time\" content=\"2024-11-04T06:00:00+00:00\" \/>\n<meta property=\"article:modified_time\" content=\"2024-11-05T12:27:41+00:00\" \/>\n<meta property=\"og:image\" content=\"https:\/\/www.salzburgerland.com\/de\/magazin\/wp-content\/uploads\/2024\/09\/image00001-scaled-e1730215518408.jpeg\" \/>\n\t<meta property=\"og:image:width\" content=\"2560\" \/>\n\t<meta property=\"og:image:height\" content=\"994\" \/>\n\t<meta property=\"og:image:type\" content=\"image\/jpeg\" \/>\n<meta name=\"author\" content=\"Edith Danzer\" \/>\n<meta name=\"twitter:card\" content=\"summary_large_image\" \/>\n<meta name=\"twitter:creator\" content=\"@Salzburgerland\" \/>\n<meta name=\"twitter:site\" content=\"@Salzburgerland\" \/>\n<meta name=\"twitter:label1\" content=\"Verfasst von\" \/>\n\t<meta name=\"twitter:data1\" content=\"Edith Danzer\" \/>\n\t<meta name=\"twitter:label2\" content=\"Gesch\u00e4tzte Lesezeit\" \/>\n\t<meta name=\"twitter:data2\" content=\"8\u00a0Minuten\" \/>\n<script type=\"application\/ld+json\" class=\"yoast-schema-graph\">{\"@context\":\"https:\\\/\\\/schema.org\",\"@graph\":[{\"@type\":\"Article\",\"@id\":\"https:\\\/\\\/www.salzburgerland.com\\\/de\\\/magazin\\\/der-tueftler-und-der-racer\\\/#article\",\"isPartOf\":{\"@id\":\"https:\\\/\\\/www.salzburgerland.com\\\/de\\\/magazin\\\/der-tueftler-und-der-racer\\\/\"},\"author\":{\"name\":\"Edith Danzer\",\"@id\":\"https:\\\/\\\/www.salzburgerland.com\\\/de\\\/magazin\\\/#\\\/schema\\\/person\\\/79452c699c410aa31a119426313748de\"},\"headline\":\"Der T\u00fcftler und der Racer\",\"datePublished\":\"2024-11-04T06:00:00+00:00\",\"dateModified\":\"2024-11-05T12:27:41+00:00\",\"mainEntityOfPage\":{\"@id\":\"https:\\\/\\\/www.salzburgerland.com\\\/de\\\/magazin\\\/der-tueftler-und-der-racer\\\/\"},\"wordCount\":1192,\"publisher\":{\"@id\":\"https:\\\/\\\/www.salzburgerland.com\\\/de\\\/magazin\\\/#organization\"},\"image\":{\"@id\":\"https:\\\/\\\/www.salzburgerland.com\\\/de\\\/magazin\\\/der-tueftler-und-der-racer\\\/#primaryimage\"},\"thumbnailUrl\":\"https:\\\/\\\/www.salzburgerland.com\\\/de\\\/magazin\\\/wp-content\\\/uploads\\\/2024\\\/09\\\/image00001-scaled-e1730215518408.jpeg\",\"articleSection\":[\"Sehensw\u00fcrdig\"],\"inLanguage\":\"de\"},{\"@type\":\"WebPage\",\"@id\":\"https:\\\/\\\/www.salzburgerland.com\\\/de\\\/magazin\\\/der-tueftler-und-der-racer\\\/\",\"url\":\"https:\\\/\\\/www.salzburgerland.com\\\/de\\\/magazin\\\/der-tueftler-und-der-racer\\\/\",\"name\":\"Der T\u00fcftler und der Racer - SalzburgerLand Magazin\",\"isPartOf\":{\"@id\":\"https:\\\/\\\/www.salzburgerland.com\\\/de\\\/magazin\\\/#website\"},\"primaryImageOfPage\":{\"@id\":\"https:\\\/\\\/www.salzburgerland.com\\\/de\\\/magazin\\\/der-tueftler-und-der-racer\\\/#primaryimage\"},\"image\":{\"@id\":\"https:\\\/\\\/www.salzburgerland.com\\\/de\\\/magazin\\\/der-tueftler-und-der-racer\\\/#primaryimage\"},\"thumbnailUrl\":\"https:\\\/\\\/www.salzburgerland.com\\\/de\\\/magazin\\\/wp-content\\\/uploads\\\/2024\\\/09\\\/image00001-scaled-e1730215518408.jpeg\",\"datePublished\":\"2024-11-04T06:00:00+00:00\",\"dateModified\":\"2024-11-05T12:27:41+00:00\",\"breadcrumb\":{\"@id\":\"https:\\\/\\\/www.salzburgerland.com\\\/de\\\/magazin\\\/der-tueftler-und-der-racer\\\/#breadcrumb\"},\"inLanguage\":\"de\",\"potentialAction\":[{\"@type\":\"ReadAction\",\"target\":[\"https:\\\/\\\/www.salzburgerland.com\\\/de\\\/magazin\\\/der-tueftler-und-der-racer\\\/\"]}]},{\"@type\":\"ImageObject\",\"inLanguage\":\"de\",\"@id\":\"https:\\\/\\\/www.salzburgerland.com\\\/de\\\/magazin\\\/der-tueftler-und-der-racer\\\/#primaryimage\",\"url\":\"https:\\\/\\\/www.salzburgerland.com\\\/de\\\/magazin\\\/wp-content\\\/uploads\\\/2024\\\/09\\\/image00001-scaled-e1730215518408.jpeg\",\"contentUrl\":\"https:\\\/\\\/www.salzburgerland.com\\\/de\\\/magazin\\\/wp-content\\\/uploads\\\/2024\\\/09\\\/image00001-scaled-e1730215518408.jpeg\",\"width\":2560,\"height\":994,\"caption\":\"(c) Ski Austria\\\/Schrammel\"},{\"@type\":\"BreadcrumbList\",\"@id\":\"https:\\\/\\\/www.salzburgerland.com\\\/de\\\/magazin\\\/der-tueftler-und-der-racer\\\/#breadcrumb\",\"itemListElement\":[{\"@type\":\"ListItem\",\"position\":1,\"name\":\"Startseite\",\"item\":\"https:\\\/\\\/www.salzburgerland.com\\\/de\\\/magazin\\\/\"},{\"@type\":\"ListItem\",\"position\":2,\"name\":\"Sehensw\u00fcrdig\",\"item\":\"https:\\\/\\\/www.salzburgerland.com\\\/de\\\/magazin\\\/thema\\\/sehenswurdig\\\/\"},{\"@type\":\"ListItem\",\"position\":3,\"name\":\"Der T\u00fcftler und der Racer\"}]},{\"@type\":\"WebSite\",\"@id\":\"https:\\\/\\\/www.salzburgerland.com\\\/de\\\/magazin\\\/#website\",\"url\":\"https:\\\/\\\/www.salzburgerland.com\\\/de\\\/magazin\\\/\",\"name\":\"SalzburgerLand Magazin\",\"description\":\"Geschichten und Interessantes aus dem SalzburgerLand\",\"publisher\":{\"@id\":\"https:\\\/\\\/www.salzburgerland.com\\\/de\\\/magazin\\\/#organization\"},\"potentialAction\":[{\"@type\":\"SearchAction\",\"target\":{\"@type\":\"EntryPoint\",\"urlTemplate\":\"https:\\\/\\\/www.salzburgerland.com\\\/de\\\/magazin\\\/?s={search_term_string}\"},\"query-input\":{\"@type\":\"PropertyValueSpecification\",\"valueRequired\":true,\"valueName\":\"search_term_string\"}}],\"inLanguage\":\"de\"},{\"@type\":\"Organization\",\"@id\":\"https:\\\/\\\/www.salzburgerland.com\\\/de\\\/magazin\\\/#organization\",\"name\":\"SalzburgerLand Tourismus\",\"url\":\"https:\\\/\\\/www.salzburgerland.com\\\/de\\\/magazin\\\/\",\"logo\":{\"@type\":\"ImageObject\",\"inLanguage\":\"de\",\"@id\":\"https:\\\/\\\/www.salzburgerland.com\\\/de\\\/magazin\\\/#\\\/schema\\\/logo\\\/image\\\/\",\"url\":\"https:\\\/\\\/www.salzburgerland.com\\\/de\\\/magazin\\\/wp-content\\\/uploads\\\/2019\\\/06\\\/salzburgerland-logo1.jpg\",\"contentUrl\":\"https:\\\/\\\/www.salzburgerland.com\\\/de\\\/magazin\\\/wp-content\\\/uploads\\\/2019\\\/06\\\/salzburgerland-logo1.jpg\",\"width\":2011,\"height\":866,\"caption\":\"SalzburgerLand Tourismus\"},\"image\":{\"@id\":\"https:\\\/\\\/www.salzburgerland.com\\\/de\\\/magazin\\\/#\\\/schema\\\/logo\\\/image\\\/\"},\"sameAs\":[\"https:\\\/\\\/www.facebook.com\\\/salzburgerland\\\/\",\"https:\\\/\\\/x.com\\\/Salzburgerland\",\"https:\\\/\\\/www.instagram.com\\\/salzburgerland\\\/\",\"https:\\\/\\\/at.linkedin.com\\\/company\\\/salzburgerland-tourismus-gmbh\",\"https:\\\/\\\/www.pinterest.at\\\/salzburgerland\\\/\",\"https:\\\/\\\/www.youtube.com\\\/user\\\/salzburgerland\",\"https:\\\/\\\/de.wikipedia.org\\\/wiki\\\/SalzburgerLand_Tourismus_GmbH\"]},{\"@type\":\"Person\",\"@id\":\"https:\\\/\\\/www.salzburgerland.com\\\/de\\\/magazin\\\/#\\\/schema\\\/person\\\/79452c699c410aa31a119426313748de\",\"name\":\"Edith Danzer\",\"description\":\"Seit Jahren arbeite ich als freie Redakteurin und Fotografin im SalzburgerLand. Schreiben ist f\u00fcr mich nicht blo\u00df das Erstellen eines Textes. Es ist ein Komponieren einer wundervollen Melodie, ein Malen mit Buchstaben und Worten. Ich liebe die Begegnungen mit Menschen, die mir ihre Geschichte anvertrauen. Wenn man mich sucht, bin ich entweder am Schreibtisch (der auch mal am sonnigen H\u00fcttenbankerl stehen kann) oder mit meinem Husky-M\u00e4dl Ylvi am Berg, am See oder im Wald. Ich \u2026 \u2026 in ein paar Worten. \u2022 Lieber drau\u00dfen, als drinnen. \u2022 Lieber Norden, als S\u00fcden. \u2022 Lieber Buchstaben, als Zahlen. \u2022 Lieber Schnee, als Strand. \u2022 Lieber Berg, als Tal. \u2022 Lieber Nordlichter, als S\u00fcdseezauber. \u2022 Lieber H\u00fctte, als F\u00fcnfsternschuppen. \u2022 Lieber Hund, als Katze. \u2022 Lieber grader Michl, als falscher Fufzga. \u2022 Lieber mittendurch, als drumherum \u2022 Lieber Almleben, als Couchpotato\",\"url\":\"https:\\\/\\\/www.salzburgerland.com\\\/de\\\/magazin\\\/author\\\/edith-danzer\\\/\"}]}<\/script>\n<meta property=\"og:video\" content=\"https:\/\/www.youtube.com\/embed\/TSufCeiHZdc\" \/>\n<meta property=\"og:video:type\" content=\"text\/html\" \/>\n<meta property=\"og:video:duration\" content=\"46\" \/>\n<meta property=\"og:video:width\" content=\"480\" \/>\n<meta property=\"og:video:height\" content=\"270\" \/>\n<meta property=\"ya:ovs:adult\" content=\"false\" \/>\n<meta property=\"ya:ovs:upload_date\" content=\"2024-11-04T06:00:00+00:00\" \/>\n<meta property=\"ya:ovs:allow_embed\" content=\"true\" \/>\n<!-- \/ Yoast SEO Premium plugin. -->","yoast_head_json":{"title":"Der T\u00fcftler und der Racer - SalzburgerLand Magazin","robots":{"index":"index","follow":"follow","max-snippet":"max-snippet:-1","max-image-preview":"max-image-preview:large","max-video-preview":"max-video-preview:-1"},"canonical":"https:\/\/www.salzburgerland.com\/de\/magazin\/der-tueftler-und-der-racer\/","og_locale":"de_DE","og_type":"article","og_title":"Der T\u00fcftler und der Racer","og_description":"Unvergessen der Moment, als Manuel Feller beim Weltcup Finale 2024 in Saalbach nach einer entfesselten Fahrt und dem zweiten Platz vor 50.000 begeisterten Zuschauern die kleine Kristallkugel der Slalomwertung jubelnd in H\u00e4nden hielt. Mindestens genauso laut gejubelt hat in diesem Moment aber auch Feller-Servicemann Richard \u201eRichie\u201c Wei\u00dfenbacher. Denn, dass die letzte Saison so richtig gut [&hellip;]","og_url":"https:\/\/www.salzburgerland.com\/de\/magazin\/der-tueftler-und-der-racer\/","og_site_name":"SalzburgerLand Magazin","article_publisher":"https:\/\/www.facebook.com\/salzburgerland\/","article_published_time":"2024-11-04T06:00:00+00:00","article_modified_time":"2024-11-05T12:27:41+00:00","og_image":[{"width":2560,"height":994,"url":"https:\/\/www.salzburgerland.com\/de\/magazin\/wp-content\/uploads\/2024\/09\/image00001-scaled-e1730215518408.jpeg","type":"image\/jpeg"}],"author":"Edith Danzer","twitter_card":"summary_large_image","twitter_creator":"@Salzburgerland","twitter_site":"@Salzburgerland","twitter_misc":{"Verfasst von":"Edith Danzer","Gesch\u00e4tzte Lesezeit":"8\u00a0Minuten"},"schema":{"@context":"https:\/\/schema.org","@graph":[{"@type":"Article","@id":"https:\/\/www.salzburgerland.com\/de\/magazin\/der-tueftler-und-der-racer\/#article","isPartOf":{"@id":"https:\/\/www.salzburgerland.com\/de\/magazin\/der-tueftler-und-der-racer\/"},"author":{"name":"Edith Danzer","@id":"https:\/\/www.salzburgerland.com\/de\/magazin\/#\/schema\/person\/79452c699c410aa31a119426313748de"},"headline":"Der T\u00fcftler und der Racer","datePublished":"2024-11-04T06:00:00+00:00","dateModified":"2024-11-05T12:27:41+00:00","mainEntityOfPage":{"@id":"https:\/\/www.salzburgerland.com\/de\/magazin\/der-tueftler-und-der-racer\/"},"wordCount":1192,"publisher":{"@id":"https:\/\/www.salzburgerland.com\/de\/magazin\/#organization"},"image":{"@id":"https:\/\/www.salzburgerland.com\/de\/magazin\/der-tueftler-und-der-racer\/#primaryimage"},"thumbnailUrl":"https:\/\/www.salzburgerland.com\/de\/magazin\/wp-content\/uploads\/2024\/09\/image00001-scaled-e1730215518408.jpeg","articleSection":["Sehensw\u00fcrdig"],"inLanguage":"de"},{"@type":"WebPage","@id":"https:\/\/www.salzburgerland.com\/de\/magazin\/der-tueftler-und-der-racer\/","url":"https:\/\/www.salzburgerland.com\/de\/magazin\/der-tueftler-und-der-racer\/","name":"Der T\u00fcftler und der Racer - SalzburgerLand Magazin","isPartOf":{"@id":"https:\/\/www.salzburgerland.com\/de\/magazin\/#website"},"primaryImageOfPage":{"@id":"https:\/\/www.salzburgerland.com\/de\/magazin\/der-tueftler-und-der-racer\/#primaryimage"},"image":{"@id":"https:\/\/www.salzburgerland.com\/de\/magazin\/der-tueftler-und-der-racer\/#primaryimage"},"thumbnailUrl":"https:\/\/www.salzburgerland.com\/de\/magazin\/wp-content\/uploads\/2024\/09\/image00001-scaled-e1730215518408.jpeg","datePublished":"2024-11-04T06:00:00+00:00","dateModified":"2024-11-05T12:27:41+00:00","breadcrumb":{"@id":"https:\/\/www.salzburgerland.com\/de\/magazin\/der-tueftler-und-der-racer\/#breadcrumb"},"inLanguage":"de","potentialAction":[{"@type":"ReadAction","target":["https:\/\/www.salzburgerland.com\/de\/magazin\/der-tueftler-und-der-racer\/"]}]},{"@type":"ImageObject","inLanguage":"de","@id":"https:\/\/www.salzburgerland.com\/de\/magazin\/der-tueftler-und-der-racer\/#primaryimage","url":"https:\/\/www.salzburgerland.com\/de\/magazin\/wp-content\/uploads\/2024\/09\/image00001-scaled-e1730215518408.jpeg","contentUrl":"https:\/\/www.salzburgerland.com\/de\/magazin\/wp-content\/uploads\/2024\/09\/image00001-scaled-e1730215518408.jpeg","width":2560,"height":994,"caption":"(c) Ski Austria\/Schrammel"},{"@type":"BreadcrumbList","@id":"https:\/\/www.salzburgerland.com\/de\/magazin\/der-tueftler-und-der-racer\/#breadcrumb","itemListElement":[{"@type":"ListItem","position":1,"name":"Startseite","item":"https:\/\/www.salzburgerland.com\/de\/magazin\/"},{"@type":"ListItem","position":2,"name":"Sehensw\u00fcrdig","item":"https:\/\/www.salzburgerland.com\/de\/magazin\/thema\/sehenswurdig\/"},{"@type":"ListItem","position":3,"name":"Der T\u00fcftler und der Racer"}]},{"@type":"WebSite","@id":"https:\/\/www.salzburgerland.com\/de\/magazin\/#website","url":"https:\/\/www.salzburgerland.com\/de\/magazin\/","name":"SalzburgerLand Magazin","description":"Geschichten und Interessantes aus dem SalzburgerLand","publisher":{"@id":"https:\/\/www.salzburgerland.com\/de\/magazin\/#organization"},"potentialAction":[{"@type":"SearchAction","target":{"@type":"EntryPoint","urlTemplate":"https:\/\/www.salzburgerland.com\/de\/magazin\/?s={search_term_string}"},"query-input":{"@type":"PropertyValueSpecification","valueRequired":true,"valueName":"search_term_string"}}],"inLanguage":"de"},{"@type":"Organization","@id":"https:\/\/www.salzburgerland.com\/de\/magazin\/#organization","name":"SalzburgerLand Tourismus","url":"https:\/\/www.salzburgerland.com\/de\/magazin\/","logo":{"@type":"ImageObject","inLanguage":"de","@id":"https:\/\/www.salzburgerland.com\/de\/magazin\/#\/schema\/logo\/image\/","url":"https:\/\/www.salzburgerland.com\/de\/magazin\/wp-content\/uploads\/2019\/06\/salzburgerland-logo1.jpg","contentUrl":"https:\/\/www.salzburgerland.com\/de\/magazin\/wp-content\/uploads\/2019\/06\/salzburgerland-logo1.jpg","width":2011,"height":866,"caption":"SalzburgerLand Tourismus"},"image":{"@id":"https:\/\/www.salzburgerland.com\/de\/magazin\/#\/schema\/logo\/image\/"},"sameAs":["https:\/\/www.facebook.com\/salzburgerland\/","https:\/\/x.com\/Salzburgerland","https:\/\/www.instagram.com\/salzburgerland\/","https:\/\/at.linkedin.com\/company\/salzburgerland-tourismus-gmbh","https:\/\/www.pinterest.at\/salzburgerland\/","https:\/\/www.youtube.com\/user\/salzburgerland","https:\/\/de.wikipedia.org\/wiki\/SalzburgerLand_Tourismus_GmbH"]},{"@type":"Person","@id":"https:\/\/www.salzburgerland.com\/de\/magazin\/#\/schema\/person\/79452c699c410aa31a119426313748de","name":"Edith Danzer","description":"Seit Jahren arbeite ich als freie Redakteurin und Fotografin im SalzburgerLand. Schreiben ist f\u00fcr mich nicht blo\u00df das Erstellen eines Textes. Es ist ein Komponieren einer wundervollen Melodie, ein Malen mit Buchstaben und Worten. Ich liebe die Begegnungen mit Menschen, die mir ihre Geschichte anvertrauen. Wenn man mich sucht, bin ich entweder am Schreibtisch (der auch mal am sonnigen H\u00fcttenbankerl stehen kann) oder mit meinem Husky-M\u00e4dl Ylvi am Berg, am See oder im Wald. Ich \u2026 \u2026 in ein paar Worten. \u2022 Lieber drau\u00dfen, als drinnen. \u2022 Lieber Norden, als S\u00fcden. \u2022 Lieber Buchstaben, als Zahlen. \u2022 Lieber Schnee, als Strand. \u2022 Lieber Berg, als Tal. \u2022 Lieber Nordlichter, als S\u00fcdseezauber. \u2022 Lieber H\u00fctte, als F\u00fcnfsternschuppen. \u2022 Lieber Hund, als Katze. \u2022 Lieber grader Michl, als falscher Fufzga. \u2022 Lieber mittendurch, als drumherum \u2022 Lieber Almleben, als Couchpotato","url":"https:\/\/www.salzburgerland.com\/de\/magazin\/author\/edith-danzer\/"}]},"og_video":"https:\/\/www.youtube.com\/embed\/TSufCeiHZdc","og_video_type":"text\/html","og_video_duration":"45","og_video_width":"480","og_video_height":"270","ya_ovs_adult":"false","ya_ovs_upload_date":"2024-11-04T06:00:00+00:00","ya_ovs_allow_embed":"true"},"_wl_alt_label":[],"wl:entity_url":"http:\/\/open.salzburgerland.com\/magazin\/post\/der-tueftler-und-der-racer-178627","_links":{"self":[{"href":"https:\/\/www.salzburgerland.com\/de\/magazin\/wp-json\/wp\/v2\/posts\/178627","targetHints":{"allow":["GET"]}}],"collection":[{"href":"https:\/\/www.salzburgerland.com\/de\/magazin\/wp-json\/wp\/v2\/posts"}],"about":[{"href":"https:\/\/www.salzburgerland.com\/de\/magazin\/wp-json\/wp\/v2\/types\/post"}],"author":[{"embeddable":true,"href":"https:\/\/www.salzburgerland.com\/de\/magazin\/wp-json\/wp\/v2\/users\/11"}],"replies":[{"embeddable":true,"href":"https:\/\/www.salzburgerland.com\/de\/magazin\/wp-json\/wp\/v2\/comments?post=178627"}],"version-history":[{"count":15,"href":"https:\/\/www.salzburgerland.com\/de\/magazin\/wp-json\/wp\/v2\/posts\/178627\/revisions"}],"predecessor-version":[{"id":179109,"href":"https:\/\/www.salzburgerland.com\/de\/magazin\/wp-json\/wp\/v2\/posts\/178627\/revisions\/179109"}],"wp:featuredmedia":[{"embeddable":true,"href":"https:\/\/www.salzburgerland.com\/de\/magazin\/wp-json\/wp\/v2\/media\/178980"}],"wp:attachment":[{"href":"https:\/\/www.salzburgerland.com\/de\/magazin\/wp-json\/wp\/v2\/media?parent=178627"}],"wp:term":[{"taxonomy":"category","embeddable":true,"href":"https:\/\/www.salzburgerland.com\/de\/magazin\/wp-json\/wp\/v2\/categories?post=178627"},{"taxonomy":"post_tag","embeddable":true,"href":"https:\/\/www.salzburgerland.com\/de\/magazin\/wp-json\/wp\/v2\/tags?post=178627"},{"taxonomy":"wl_entity_type","embeddable":true,"href":"https:\/\/www.salzburgerland.com\/de\/magazin\/wp-json\/wp\/v2\/wl_entity_type?post=178627"},{"taxonomy":"monatsauswahl","embeddable":true,"href":"https:\/\/www.salzburgerland.com\/de\/magazin\/wp-json\/wp\/v2\/monatsauswahl?post=178627"}],"curies":[{"name":"wp","href":"https:\/\/api.w.org\/{rel}","templated":true}]}}