{"id":178451,"date":"2024-09-20T07:00:00","date_gmt":"2024-09-20T05:00:00","guid":{"rendered":"https:\/\/www.salzburgerland.com\/de\/magazin\/?p=178451"},"modified":"2024-09-19T09:58:45","modified_gmt":"2024-09-19T07:58:45","slug":"mit-der-bier-kiste-auf-die-alm","status":"publish","type":"post","link":"https:\/\/www.salzburgerland.com\/de\/magazin\/mit-der-bier-kiste-auf-die-alm\/","title":{"rendered":"Mit der Bier-Kiste auf die Alm"},"content":{"rendered":"\n<div class=\"wp-block-slt-top topBlocks\">\n<h2 class=\"wp-block-slt-subtitle\">Alm-Bierlauf am Wolfgangsee<\/h2>\n\n\n\n<p class=\"wp-block-slt-intro\">Der Alm-Bierlauf ist kein gew\u00f6hnlicher Berglauf. Hier m\u00fcssen n\u00e4mlich die vier L\u00e4ufer pro Gruppe eine Kiste Bier zum Ziel bei der L\u00e4rchenh\u00fctte tragen. Aber nicht nur das schnellste Team gewinnt, auch die kreative Verkleidung der Teams wird gro\u00dfz\u00fcgig pr\u00e4miert.<\/p>\n<\/div>\n\n\n\n<p>Wer am letzten Septemberwochenende eine Wanderung Richtung <a href=\"https:\/\/www.zwoelferhorn.at\/\" target=\"_blank\" rel=\"noreferrer noopener\">Zw\u00f6lferhorn<\/a> unternimmt, wird wohl seinen Augen nicht trauen. Es kann dann sein, dass einige bunt verkleidete Gestalten mit Bierkisten in der Hand Richtung Gipfel st\u00fcrmen. Aber keine Sorge, diese lustigen Bergl\u00e4ufer nehmen nur beim traditionellen <a href=\"https:\/\/www.laerchenhuette.at\/veranstaltungen\/\" target=\"_blank\" rel=\"noreferrer noopener\">Alm-Bierlauf<\/a> teil.<\/p>\n\n\n\n<figure class=\"wp-block-image size-full\"><img loading=\"lazy\" decoding=\"async\" width=\"2560\" height=\"1920\" src=\"https:\/\/www.salzburgerland.com\/de\/magazin\/wp-content\/uploads\/2024\/09\/BierlaufSieger-scaled.jpg\" alt=\"Eine Gruppe von Menschen im Freien, einige als Bienen verkleidet, posiert und l\u00e4chelt mit Bergen und einer H\u00fctte im Hintergrund.\" class=\"wp-image-178455\" srcset=\"https:\/\/www.salzburgerland.com\/de\/magazin\/wp-content\/uploads\/2024\/09\/BierlaufSieger-scaled.jpg 2560w, https:\/\/www.salzburgerland.com\/de\/magazin\/wp-content\/uploads\/2024\/09\/BierlaufSieger-300x225.jpg 300w, https:\/\/www.salzburgerland.com\/de\/magazin\/wp-content\/uploads\/2024\/09\/BierlaufSieger-1536x1152.jpg 1536w, https:\/\/www.salzburgerland.com\/de\/magazin\/wp-content\/uploads\/2024\/09\/BierlaufSieger-2048x1536.jpg 2048w, https:\/\/www.salzburgerland.com\/de\/magazin\/wp-content\/uploads\/2024\/09\/BierlaufSieger-733x550.jpg 733w, https:\/\/www.salzburgerland.com\/de\/magazin\/wp-content\/uploads\/2024\/09\/BierlaufSieger-140x105.jpg 140w, https:\/\/www.salzburgerland.com\/de\/magazin\/wp-content\/uploads\/2024\/09\/BierlaufSieger-533x400.jpg 533w, https:\/\/www.salzburgerland.com\/de\/magazin\/wp-content\/uploads\/2024\/09\/BierlaufSieger-960x720.jpg 960w, https:\/\/www.salzburgerland.com\/de\/magazin\/wp-content\/uploads\/2024\/09\/BierlaufSieger-1320x990.jpg 1320w, https:\/\/www.salzburgerland.com\/de\/magazin\/wp-content\/uploads\/2024\/09\/BierlaufSieger-1200x900.jpg 1200w, https:\/\/www.salzburgerland.com\/de\/magazin\/wp-content\/uploads\/2024\/09\/BierlaufSieger-150x113.jpg 150w\" sizes=\"auto, (max-width: 2560px) 100vw, 2560px\" \/><figcaption class=\"wp-element-caption\">Beim Alm-Bierlauf steht die Gaudi ganz oben. \u00a9l\u00e4rchenh\u00fctte<\/figcaption><\/figure>\n\n\n\n<p>Die L\u00e4ufer starten beim Laimerlift in St. Gilgen. Die gekennzeichnete Strecke f\u00fchrt \u00fcber K\u00fchleiten hinauf auf die Sausteigalm zur <a href=\"https:\/\/www.laerchenhuette.at\/\" target=\"_blank\" rel=\"noreferrer noopener\">L\u00e4rchenh\u00fctte<\/a>.&nbsp;Jedes Team erh\u00e4lt beim Start neben einer Kiste <a href=\"https:\/\/strobler.at\/\" target=\"_blank\" rel=\"noreferrer noopener\">Strobler Helles <\/a>von der \u201eErsten Wolfgangseer Braugesellschaft\u201c auch einen Bier-Lauf-Pass, der bei jedem Kontrollpunkt abgestempelt wird.<\/p>\n\n\n\n<figure class=\"wp-block-image size-full\"><img loading=\"lazy\" decoding=\"async\" width=\"712\" height=\"945\" src=\"https:\/\/www.salzburgerland.com\/de\/magazin\/wp-content\/uploads\/2024\/09\/Bildschirmfoto-2024-09-19-um-08.31.36.png\" alt=\"Drei M\u00e4nner in Sportkleidung feiern im Freien, in der Hand eine Schachtel mit der Aufschrift Strobler und ein St\u00fcck Papier.\" class=\"wp-image-178456\" srcset=\"https:\/\/www.salzburgerland.com\/de\/magazin\/wp-content\/uploads\/2024\/09\/Bildschirmfoto-2024-09-19-um-08.31.36.png 712w, https:\/\/www.salzburgerland.com\/de\/magazin\/wp-content\/uploads\/2024\/09\/Bildschirmfoto-2024-09-19-um-08.31.36-226x300.png 226w, https:\/\/www.salzburgerland.com\/de\/magazin\/wp-content\/uploads\/2024\/09\/Bildschirmfoto-2024-09-19-um-08.31.36-414x550.png 414w, https:\/\/www.salzburgerland.com\/de\/magazin\/wp-content\/uploads\/2024\/09\/Bildschirmfoto-2024-09-19-um-08.31.36-301x400.png 301w, https:\/\/www.salzburgerland.com\/de\/magazin\/wp-content\/uploads\/2024\/09\/Bildschirmfoto-2024-09-19-um-08.31.36-150x199.png 150w\" sizes=\"auto, (max-width: 712px) 100vw, 712px\" \/><figcaption class=\"wp-element-caption\">Vier L\u00e4ufer und eine Kiste Bier. \u00a9l\u00e4rchenh\u00fctte<\/figcaption><\/figure>\n\n\n\n<h2 class=\"wp-block-heading\" id=\"h-mit-einer-kiste-bier-den-berg-hoch\">Mit einer Kiste Bier den Berg hoch<\/h2>\n\n\n\n<p>Die Teams, mit jeweils vier Personen, m\u00fcssen diese Kiste Bier zur L\u00e4rchenh\u00fctte hinauf tragen. Die Taktik spielt hier eine wichtige Rolle. Trinkt man die Bierflaschen m\u00f6glichst schnell aus oder tr\u00e4gt man das Gewicht bis ganz nach oben? Ersteres beeintr\u00e4chtigt die k\u00f6rperliche Fitness, zweiteres ist nicht minder anstrengend.<\/p>\n\n\n\n<figure class=\"wp-block-image size-full\"><img loading=\"lazy\" decoding=\"async\" width=\"1200\" height=\"1600\" src=\"https:\/\/www.salzburgerland.com\/de\/magazin\/wp-content\/uploads\/2024\/09\/Bierlauf1.jpg\" alt=\"Ein Mann tr\u00e4gt eine Kiste Bier auf seiner Schulter, w\u00e4hrend er auf einem sonnigen, grasbewachsenen Waldweg wandert.\" class=\"wp-image-178453\" srcset=\"https:\/\/www.salzburgerland.com\/de\/magazin\/wp-content\/uploads\/2024\/09\/Bierlauf1.jpg 1200w, https:\/\/www.salzburgerland.com\/de\/magazin\/wp-content\/uploads\/2024\/09\/Bierlauf1-225x300.jpg 225w, https:\/\/www.salzburgerland.com\/de\/magazin\/wp-content\/uploads\/2024\/09\/Bierlauf1-1152x1536.jpg 1152w, https:\/\/www.salzburgerland.com\/de\/magazin\/wp-content\/uploads\/2024\/09\/Bierlauf1-413x550.jpg 413w, https:\/\/www.salzburgerland.com\/de\/magazin\/wp-content\/uploads\/2024\/09\/Bierlauf1-300x400.jpg 300w, https:\/\/www.salzburgerland.com\/de\/magazin\/wp-content\/uploads\/2024\/09\/Bierlauf1-640x853.jpg 640w, https:\/\/www.salzburgerland.com\/de\/magazin\/wp-content\/uploads\/2024\/09\/Bierlauf1-150x200.jpg 150w\" sizes=\"auto, (max-width: 1200px) 100vw, 1200px\" \/><figcaption class=\"wp-element-caption\">Tragen oder Trinken? \u00a9l\u00e4rchenh\u00fctte<\/figcaption><\/figure>\n\n\n\n<h2 class=\"wp-block-heading\" id=\"h-spass-steht-ganz-oben\">Spa\u00df steht ganz oben<\/h2>\n\n\n\n<p>An erster Stelle steht hier die Gaudi. Die Teams k\u00f6nnen sich verkleiden und stylen, auch das wird am Schluss pr\u00e4miert. Zudem gewinnt auch das Team, welches der Durchschnittszeit aller Teilnehmer am n\u00e4chsten kommt. Nach der Siegerehrung k\u00f6nnen die Teilnehmer mit Blick \u00fcber den <a href=\"https:\/\/wolfgangsee.salzkammergut.at\/\" target=\"_blank\" rel=\"noreferrer noopener\">Wolfgangsee<\/a> den Tag ausklingen lassen.<\/p>\n","protected":false},"excerpt":{"rendered":"<p>Wer am letzten Septemberwochenende eine Wanderung Richtung Zw\u00f6lferhorn unternimmt, wird wohl seinen Augen nicht trauen. Es kann dann sein, dass einige bunt verkleidete Gestalten mit Bierkisten in der Hand Richtung Gipfel st\u00fcrmen. Aber keine Sorge, diese lustigen Bergl\u00e4ufer nehmen nur beim traditionellen Alm-Bierlauf teil. Die L\u00e4ufer starten beim Laimerlift in St. Gilgen. Die gekennzeichnete Strecke [&hellip;]<\/p>\n","protected":false},"author":10,"featured_media":178452,"comment_status":"closed","ping_status":"closed","sticky":false,"template":"","format":"standard","meta":{"_acf_changed":false,"wl_entities_gutenberg":"","_wl_entity_redirect_enabled":"","footnotes":""},"categories":[8],"tags":[7821,1801,1615,2535,7613,5906,139,2533],"wl_entity_type":[306],"monatsauswahl":[90],"class_list":["post-178451","post","type-post","status-publish","format-standard","has-post-thumbnail","hentry","category-outdoor-sport","tag-berglauf","tag-bier","tag-event","tag-salzkammergut","tag-spass","tag-sport","tag-wandern","tag-wolfgangsee","wl_entity_type-article","monatsauswahl-monat_9"],"acf":[],"yoast_head":"<!-- This site is optimized with the Yoast SEO Premium plugin v27.4 (Yoast SEO v27.4) - https:\/\/yoast.com\/product\/yoast-seo-premium-wordpress\/ -->\n<title>Mit der Bier-Kiste auf die Alm - SalzburgerLand Magazin<\/title>\n<meta name=\"robots\" content=\"index, follow, max-snippet:-1, max-image-preview:large, max-video-preview:-1\" \/>\n<link rel=\"canonical\" href=\"https:\/\/www.salzburgerland.com\/de\/magazin\/mit-der-bier-kiste-auf-die-alm\/\" \/>\n<meta property=\"og:locale\" content=\"de_DE\" \/>\n<meta property=\"og:type\" content=\"article\" \/>\n<meta property=\"og:title\" content=\"Mit der Bier-Kiste auf die Alm\" \/>\n<meta property=\"og:description\" content=\"Wer am letzten Septemberwochenende eine Wanderung Richtung Zw\u00f6lferhorn unternimmt, wird wohl seinen Augen nicht trauen. Es kann dann sein, dass einige bunt verkleidete Gestalten mit Bierkisten in der Hand Richtung Gipfel st\u00fcrmen. Aber keine Sorge, diese lustigen Bergl\u00e4ufer nehmen nur beim traditionellen Alm-Bierlauf teil. Die L\u00e4ufer starten beim Laimerlift in St. Gilgen. Die gekennzeichnete Strecke [&hellip;]\" \/>\n<meta property=\"og:url\" content=\"https:\/\/www.salzburgerland.com\/de\/magazin\/mit-der-bier-kiste-auf-die-alm\/\" \/>\n<meta property=\"og:site_name\" content=\"SalzburgerLand Magazin\" \/>\n<meta property=\"article:publisher\" content=\"https:\/\/www.facebook.com\/salzburgerland\/\" \/>\n<meta property=\"article:published_time\" content=\"2024-09-20T05:00:00+00:00\" \/>\n<meta property=\"og:image\" content=\"https:\/\/www.salzburgerland.com\/de\/magazin\/wp-content\/uploads\/2024\/09\/AnsichtLa\u0308rchenhu\u0308tteSommer21FotoPrivat-scaled-e1726732662473.jpg\" \/>\n\t<meta property=\"og:image:width\" content=\"2560\" \/>\n\t<meta property=\"og:image:height\" content=\"1109\" \/>\n\t<meta property=\"og:image:type\" content=\"image\/jpeg\" \/>\n<meta name=\"author\" content=\"Heiko Mandl\" \/>\n<meta name=\"twitter:card\" content=\"summary_large_image\" \/>\n<meta name=\"twitter:creator\" content=\"@Salzburgerland\" \/>\n<meta name=\"twitter:site\" content=\"@Salzburgerland\" \/>\n<meta name=\"twitter:label1\" content=\"Verfasst von\" \/>\n\t<meta name=\"twitter:data1\" content=\"Heiko Mandl\" \/>\n\t<meta name=\"twitter:label2\" content=\"Gesch\u00e4tzte Lesezeit\" \/>\n\t<meta name=\"twitter:data2\" content=\"3\u00a0Minuten\" \/>\n<script type=\"application\/ld+json\" class=\"yoast-schema-graph\">{\"@context\":\"https:\\\/\\\/schema.org\",\"@graph\":[{\"@type\":\"Article\",\"@id\":\"https:\\\/\\\/www.salzburgerland.com\\\/de\\\/magazin\\\/mit-der-bier-kiste-auf-die-alm\\\/#article\",\"isPartOf\":{\"@id\":\"https:\\\/\\\/www.salzburgerland.com\\\/de\\\/magazin\\\/mit-der-bier-kiste-auf-die-alm\\\/\"},\"author\":{\"name\":\"Heiko Mandl\",\"@id\":\"https:\\\/\\\/www.salzburgerland.com\\\/de\\\/magazin\\\/#\\\/schema\\\/person\\\/8871c7c764fce6ea66752310e7fe9e98\"},\"headline\":\"Mit der Bier-Kiste auf die Alm\",\"datePublished\":\"2024-09-20T05:00:00+00:00\",\"mainEntityOfPage\":{\"@id\":\"https:\\\/\\\/www.salzburgerland.com\\\/de\\\/magazin\\\/mit-der-bier-kiste-auf-die-alm\\\/\"},\"wordCount\":298,\"publisher\":{\"@id\":\"https:\\\/\\\/www.salzburgerland.com\\\/de\\\/magazin\\\/#organization\"},\"image\":{\"@id\":\"https:\\\/\\\/www.salzburgerland.com\\\/de\\\/magazin\\\/mit-der-bier-kiste-auf-die-alm\\\/#primaryimage\"},\"thumbnailUrl\":\"https:\\\/\\\/www.salzburgerland.com\\\/de\\\/magazin\\\/wp-content\\\/uploads\\\/2024\\\/09\\\/AnsichtLa\u0308rchenhu\u0308tteSommer21FotoPrivat-scaled-e1726732662473.jpg\",\"keywords\":[\"Berglauf\",\"Bier\",\"Event\",\"Salzkammergut\",\"spa\u00df\",\"Sport\",\"Wandern\",\"Wolfgangsee\"],\"articleSection\":[\"Outdoor &amp; Sport\"],\"inLanguage\":\"de\"},{\"@type\":\"WebPage\",\"@id\":\"https:\\\/\\\/www.salzburgerland.com\\\/de\\\/magazin\\\/mit-der-bier-kiste-auf-die-alm\\\/\",\"url\":\"https:\\\/\\\/www.salzburgerland.com\\\/de\\\/magazin\\\/mit-der-bier-kiste-auf-die-alm\\\/\",\"name\":\"Mit der Bier-Kiste auf die Alm - SalzburgerLand Magazin\",\"isPartOf\":{\"@id\":\"https:\\\/\\\/www.salzburgerland.com\\\/de\\\/magazin\\\/#website\"},\"primaryImageOfPage\":{\"@id\":\"https:\\\/\\\/www.salzburgerland.com\\\/de\\\/magazin\\\/mit-der-bier-kiste-auf-die-alm\\\/#primaryimage\"},\"image\":{\"@id\":\"https:\\\/\\\/www.salzburgerland.com\\\/de\\\/magazin\\\/mit-der-bier-kiste-auf-die-alm\\\/#primaryimage\"},\"thumbnailUrl\":\"https:\\\/\\\/www.salzburgerland.com\\\/de\\\/magazin\\\/wp-content\\\/uploads\\\/2024\\\/09\\\/AnsichtLa\u0308rchenhu\u0308tteSommer21FotoPrivat-scaled-e1726732662473.jpg\",\"datePublished\":\"2024-09-20T05:00:00+00:00\",\"breadcrumb\":{\"@id\":\"https:\\\/\\\/www.salzburgerland.com\\\/de\\\/magazin\\\/mit-der-bier-kiste-auf-die-alm\\\/#breadcrumb\"},\"inLanguage\":\"de\",\"potentialAction\":[{\"@type\":\"ReadAction\",\"target\":[\"https:\\\/\\\/www.salzburgerland.com\\\/de\\\/magazin\\\/mit-der-bier-kiste-auf-die-alm\\\/\"]}]},{\"@type\":\"ImageObject\",\"inLanguage\":\"de\",\"@id\":\"https:\\\/\\\/www.salzburgerland.com\\\/de\\\/magazin\\\/mit-der-bier-kiste-auf-die-alm\\\/#primaryimage\",\"url\":\"https:\\\/\\\/www.salzburgerland.com\\\/de\\\/magazin\\\/wp-content\\\/uploads\\\/2024\\\/09\\\/AnsichtLa\u0308rchenhu\u0308tteSommer21FotoPrivat-scaled-e1726732662473.jpg\",\"contentUrl\":\"https:\\\/\\\/www.salzburgerland.com\\\/de\\\/magazin\\\/wp-content\\\/uploads\\\/2024\\\/09\\\/AnsichtLa\u0308rchenhu\u0308tteSommer21FotoPrivat-scaled-e1726732662473.jpg\",\"width\":2560,\"height\":1109,\"caption\":\"Menschen essen an h\u00f6lzernen Picknicktischen vor einer rustikalen Bergh\u00fctte, umgeben von B\u00e4umen und einer malerischen Aussicht.\"},{\"@type\":\"BreadcrumbList\",\"@id\":\"https:\\\/\\\/www.salzburgerland.com\\\/de\\\/magazin\\\/mit-der-bier-kiste-auf-die-alm\\\/#breadcrumb\",\"itemListElement\":[{\"@type\":\"ListItem\",\"position\":1,\"name\":\"Startseite\",\"item\":\"https:\\\/\\\/www.salzburgerland.com\\\/de\\\/magazin\\\/\"},{\"@type\":\"ListItem\",\"position\":2,\"name\":\"Outdoor &amp; Sport\",\"item\":\"https:\\\/\\\/www.salzburgerland.com\\\/de\\\/magazin\\\/thema\\\/outdoor-sport\\\/\"},{\"@type\":\"ListItem\",\"position\":3,\"name\":\"Mit der Bier-Kiste auf die Alm\"}]},{\"@type\":\"WebSite\",\"@id\":\"https:\\\/\\\/www.salzburgerland.com\\\/de\\\/magazin\\\/#website\",\"url\":\"https:\\\/\\\/www.salzburgerland.com\\\/de\\\/magazin\\\/\",\"name\":\"SalzburgerLand Magazin\",\"description\":\"Geschichten und Interessantes aus dem SalzburgerLand\",\"publisher\":{\"@id\":\"https:\\\/\\\/www.salzburgerland.com\\\/de\\\/magazin\\\/#organization\"},\"potentialAction\":[{\"@type\":\"SearchAction\",\"target\":{\"@type\":\"EntryPoint\",\"urlTemplate\":\"https:\\\/\\\/www.salzburgerland.com\\\/de\\\/magazin\\\/?s={search_term_string}\"},\"query-input\":{\"@type\":\"PropertyValueSpecification\",\"valueRequired\":true,\"valueName\":\"search_term_string\"}}],\"inLanguage\":\"de\"},{\"@type\":\"Organization\",\"@id\":\"https:\\\/\\\/www.salzburgerland.com\\\/de\\\/magazin\\\/#organization\",\"name\":\"SalzburgerLand Tourismus\",\"url\":\"https:\\\/\\\/www.salzburgerland.com\\\/de\\\/magazin\\\/\",\"logo\":{\"@type\":\"ImageObject\",\"inLanguage\":\"de\",\"@id\":\"https:\\\/\\\/www.salzburgerland.com\\\/de\\\/magazin\\\/#\\\/schema\\\/logo\\\/image\\\/\",\"url\":\"https:\\\/\\\/www.salzburgerland.com\\\/de\\\/magazin\\\/wp-content\\\/uploads\\\/2019\\\/06\\\/salzburgerland-logo1.jpg\",\"contentUrl\":\"https:\\\/\\\/www.salzburgerland.com\\\/de\\\/magazin\\\/wp-content\\\/uploads\\\/2019\\\/06\\\/salzburgerland-logo1.jpg\",\"width\":2011,\"height\":866,\"caption\":\"SalzburgerLand Tourismus\"},\"image\":{\"@id\":\"https:\\\/\\\/www.salzburgerland.com\\\/de\\\/magazin\\\/#\\\/schema\\\/logo\\\/image\\\/\"},\"sameAs\":[\"https:\\\/\\\/www.facebook.com\\\/salzburgerland\\\/\",\"https:\\\/\\\/x.com\\\/Salzburgerland\",\"https:\\\/\\\/www.instagram.com\\\/salzburgerland\\\/\",\"https:\\\/\\\/at.linkedin.com\\\/company\\\/salzburgerland-tourismus-gmbh\",\"https:\\\/\\\/www.pinterest.at\\\/salzburgerland\\\/\",\"https:\\\/\\\/www.youtube.com\\\/user\\\/salzburgerland\",\"https:\\\/\\\/de.wikipedia.org\\\/wiki\\\/SalzburgerLand_Tourismus_GmbH\"]},{\"@type\":\"Person\",\"@id\":\"https:\\\/\\\/www.salzburgerland.com\\\/de\\\/magazin\\\/#\\\/schema\\\/person\\\/8871c7c764fce6ea66752310e7fe9e98\",\"name\":\"Heiko Mandl\",\"description\":\"Heiko Mandl, geboren 1976 in Salzburg, ist durch den Journalismus zur Fotografie gekommen und ist seit zehn Jahren als selbstst\u00e4ndiger Fotograf und Autor in Salzburg t\u00e4tig. Schon von Kindheit an haben ihn die Berge vor seiner Haust\u00fcr fasziniert. Heute z\u00e4hlen sie unter anderem zu seinem Arbeitsplatz. Er arbeitet f\u00fcr internationale Outdoor- und Reisemagazine sowie zahlreiche Firmen und Agenturen. Luxushotel oder Almh\u00fctte: Ich kann beides genie\u00dfen und ich gehe das nach dem Motto: Alles zur richtigen Zeit und zur passenden Gelegenheit an. Wandern oder Laufen: Auf jeden Fall wandern, ist gem\u00fctlicher und man kann sich mehr auf die Umgebung konzentrieren. Golfplatz oder Klettergarten: Klettergarten, zumindest noch die n\u00e4chsten 20 Jahre. Fr\u00fchling, sommer, herbst oder Winter? Fr\u00fchling und Sommer und Herbst und Winter! Im SalzburgerLand ist es das ganze Jahr traumhaft sch\u00f6n. Wellness oder Mountainbike? Zuerst eine Runde mit dem Mountainbike und dann ab in den Wellnesstempel. Das eine schlie\u00dft das andere nicht aus!\",\"url\":\"https:\\\/\\\/www.salzburgerland.com\\\/de\\\/magazin\\\/author\\\/heiko-mandl\\\/\"}]}<\/script>\n<!-- \/ Yoast SEO Premium plugin. -->","yoast_head_json":{"title":"Mit der Bier-Kiste auf die Alm - SalzburgerLand Magazin","robots":{"index":"index","follow":"follow","max-snippet":"max-snippet:-1","max-image-preview":"max-image-preview:large","max-video-preview":"max-video-preview:-1"},"canonical":"https:\/\/www.salzburgerland.com\/de\/magazin\/mit-der-bier-kiste-auf-die-alm\/","og_locale":"de_DE","og_type":"article","og_title":"Mit der Bier-Kiste auf die Alm","og_description":"Wer am letzten Septemberwochenende eine Wanderung Richtung Zw\u00f6lferhorn unternimmt, wird wohl seinen Augen nicht trauen. Es kann dann sein, dass einige bunt verkleidete Gestalten mit Bierkisten in der Hand Richtung Gipfel st\u00fcrmen. Aber keine Sorge, diese lustigen Bergl\u00e4ufer nehmen nur beim traditionellen Alm-Bierlauf teil. Die L\u00e4ufer starten beim Laimerlift in St. Gilgen. Die gekennzeichnete Strecke [&hellip;]","og_url":"https:\/\/www.salzburgerland.com\/de\/magazin\/mit-der-bier-kiste-auf-die-alm\/","og_site_name":"SalzburgerLand Magazin","article_publisher":"https:\/\/www.facebook.com\/salzburgerland\/","article_published_time":"2024-09-20T05:00:00+00:00","og_image":[{"width":2560,"height":1109,"url":"https:\/\/www.salzburgerland.com\/de\/magazin\/wp-content\/uploads\/2024\/09\/AnsichtLa\u0308rchenhu\u0308tteSommer21FotoPrivat-scaled-e1726732662473.jpg","type":"image\/jpeg"}],"author":"Heiko Mandl","twitter_card":"summary_large_image","twitter_creator":"@Salzburgerland","twitter_site":"@Salzburgerland","twitter_misc":{"Verfasst von":"Heiko Mandl","Gesch\u00e4tzte Lesezeit":"3\u00a0Minuten"},"schema":{"@context":"https:\/\/schema.org","@graph":[{"@type":"Article","@id":"https:\/\/www.salzburgerland.com\/de\/magazin\/mit-der-bier-kiste-auf-die-alm\/#article","isPartOf":{"@id":"https:\/\/www.salzburgerland.com\/de\/magazin\/mit-der-bier-kiste-auf-die-alm\/"},"author":{"name":"Heiko Mandl","@id":"https:\/\/www.salzburgerland.com\/de\/magazin\/#\/schema\/person\/8871c7c764fce6ea66752310e7fe9e98"},"headline":"Mit der Bier-Kiste auf die Alm","datePublished":"2024-09-20T05:00:00+00:00","mainEntityOfPage":{"@id":"https:\/\/www.salzburgerland.com\/de\/magazin\/mit-der-bier-kiste-auf-die-alm\/"},"wordCount":298,"publisher":{"@id":"https:\/\/www.salzburgerland.com\/de\/magazin\/#organization"},"image":{"@id":"https:\/\/www.salzburgerland.com\/de\/magazin\/mit-der-bier-kiste-auf-die-alm\/#primaryimage"},"thumbnailUrl":"https:\/\/www.salzburgerland.com\/de\/magazin\/wp-content\/uploads\/2024\/09\/AnsichtLa\u0308rchenhu\u0308tteSommer21FotoPrivat-scaled-e1726732662473.jpg","keywords":["Berglauf","Bier","Event","Salzkammergut","spa\u00df","Sport","Wandern","Wolfgangsee"],"articleSection":["Outdoor &amp; Sport"],"inLanguage":"de"},{"@type":"WebPage","@id":"https:\/\/www.salzburgerland.com\/de\/magazin\/mit-der-bier-kiste-auf-die-alm\/","url":"https:\/\/www.salzburgerland.com\/de\/magazin\/mit-der-bier-kiste-auf-die-alm\/","name":"Mit der Bier-Kiste auf die Alm - SalzburgerLand Magazin","isPartOf":{"@id":"https:\/\/www.salzburgerland.com\/de\/magazin\/#website"},"primaryImageOfPage":{"@id":"https:\/\/www.salzburgerland.com\/de\/magazin\/mit-der-bier-kiste-auf-die-alm\/#primaryimage"},"image":{"@id":"https:\/\/www.salzburgerland.com\/de\/magazin\/mit-der-bier-kiste-auf-die-alm\/#primaryimage"},"thumbnailUrl":"https:\/\/www.salzburgerland.com\/de\/magazin\/wp-content\/uploads\/2024\/09\/AnsichtLa\u0308rchenhu\u0308tteSommer21FotoPrivat-scaled-e1726732662473.jpg","datePublished":"2024-09-20T05:00:00+00:00","breadcrumb":{"@id":"https:\/\/www.salzburgerland.com\/de\/magazin\/mit-der-bier-kiste-auf-die-alm\/#breadcrumb"},"inLanguage":"de","potentialAction":[{"@type":"ReadAction","target":["https:\/\/www.salzburgerland.com\/de\/magazin\/mit-der-bier-kiste-auf-die-alm\/"]}]},{"@type":"ImageObject","inLanguage":"de","@id":"https:\/\/www.salzburgerland.com\/de\/magazin\/mit-der-bier-kiste-auf-die-alm\/#primaryimage","url":"https:\/\/www.salzburgerland.com\/de\/magazin\/wp-content\/uploads\/2024\/09\/AnsichtLa\u0308rchenhu\u0308tteSommer21FotoPrivat-scaled-e1726732662473.jpg","contentUrl":"https:\/\/www.salzburgerland.com\/de\/magazin\/wp-content\/uploads\/2024\/09\/AnsichtLa\u0308rchenhu\u0308tteSommer21FotoPrivat-scaled-e1726732662473.jpg","width":2560,"height":1109,"caption":"Menschen essen an h\u00f6lzernen Picknicktischen vor einer rustikalen Bergh\u00fctte, umgeben von B\u00e4umen und einer malerischen Aussicht."},{"@type":"BreadcrumbList","@id":"https:\/\/www.salzburgerland.com\/de\/magazin\/mit-der-bier-kiste-auf-die-alm\/#breadcrumb","itemListElement":[{"@type":"ListItem","position":1,"name":"Startseite","item":"https:\/\/www.salzburgerland.com\/de\/magazin\/"},{"@type":"ListItem","position":2,"name":"Outdoor &amp; Sport","item":"https:\/\/www.salzburgerland.com\/de\/magazin\/thema\/outdoor-sport\/"},{"@type":"ListItem","position":3,"name":"Mit der Bier-Kiste auf die Alm"}]},{"@type":"WebSite","@id":"https:\/\/www.salzburgerland.com\/de\/magazin\/#website","url":"https:\/\/www.salzburgerland.com\/de\/magazin\/","name":"SalzburgerLand Magazin","description":"Geschichten und Interessantes aus dem SalzburgerLand","publisher":{"@id":"https:\/\/www.salzburgerland.com\/de\/magazin\/#organization"},"potentialAction":[{"@type":"SearchAction","target":{"@type":"EntryPoint","urlTemplate":"https:\/\/www.salzburgerland.com\/de\/magazin\/?s={search_term_string}"},"query-input":{"@type":"PropertyValueSpecification","valueRequired":true,"valueName":"search_term_string"}}],"inLanguage":"de"},{"@type":"Organization","@id":"https:\/\/www.salzburgerland.com\/de\/magazin\/#organization","name":"SalzburgerLand Tourismus","url":"https:\/\/www.salzburgerland.com\/de\/magazin\/","logo":{"@type":"ImageObject","inLanguage":"de","@id":"https:\/\/www.salzburgerland.com\/de\/magazin\/#\/schema\/logo\/image\/","url":"https:\/\/www.salzburgerland.com\/de\/magazin\/wp-content\/uploads\/2019\/06\/salzburgerland-logo1.jpg","contentUrl":"https:\/\/www.salzburgerland.com\/de\/magazin\/wp-content\/uploads\/2019\/06\/salzburgerland-logo1.jpg","width":2011,"height":866,"caption":"SalzburgerLand Tourismus"},"image":{"@id":"https:\/\/www.salzburgerland.com\/de\/magazin\/#\/schema\/logo\/image\/"},"sameAs":["https:\/\/www.facebook.com\/salzburgerland\/","https:\/\/x.com\/Salzburgerland","https:\/\/www.instagram.com\/salzburgerland\/","https:\/\/at.linkedin.com\/company\/salzburgerland-tourismus-gmbh","https:\/\/www.pinterest.at\/salzburgerland\/","https:\/\/www.youtube.com\/user\/salzburgerland","https:\/\/de.wikipedia.org\/wiki\/SalzburgerLand_Tourismus_GmbH"]},{"@type":"Person","@id":"https:\/\/www.salzburgerland.com\/de\/magazin\/#\/schema\/person\/8871c7c764fce6ea66752310e7fe9e98","name":"Heiko Mandl","description":"Heiko Mandl, geboren 1976 in Salzburg, ist durch den Journalismus zur Fotografie gekommen und ist seit zehn Jahren als selbstst\u00e4ndiger Fotograf und Autor in Salzburg t\u00e4tig. Schon von Kindheit an haben ihn die Berge vor seiner Haust\u00fcr fasziniert. Heute z\u00e4hlen sie unter anderem zu seinem Arbeitsplatz. Er arbeitet f\u00fcr internationale Outdoor- und Reisemagazine sowie zahlreiche Firmen und Agenturen. Luxushotel oder Almh\u00fctte: Ich kann beides genie\u00dfen und ich gehe das nach dem Motto: Alles zur richtigen Zeit und zur passenden Gelegenheit an. Wandern oder Laufen: Auf jeden Fall wandern, ist gem\u00fctlicher und man kann sich mehr auf die Umgebung konzentrieren. Golfplatz oder Klettergarten: Klettergarten, zumindest noch die n\u00e4chsten 20 Jahre. Fr\u00fchling, sommer, herbst oder Winter? Fr\u00fchling und Sommer und Herbst und Winter! Im SalzburgerLand ist es das ganze Jahr traumhaft sch\u00f6n. Wellness oder Mountainbike? Zuerst eine Runde mit dem Mountainbike und dann ab in den Wellnesstempel. Das eine schlie\u00dft das andere nicht aus!","url":"https:\/\/www.salzburgerland.com\/de\/magazin\/author\/heiko-mandl\/"}]}},"_wl_alt_label":[],"wl:entity_url":"http:\/\/open.salzburgerland.com\/magazin\/post\/mit-der-bier-kiste-auf-die-alm-178451","_links":{"self":[{"href":"https:\/\/www.salzburgerland.com\/de\/magazin\/wp-json\/wp\/v2\/posts\/178451","targetHints":{"allow":["GET"]}}],"collection":[{"href":"https:\/\/www.salzburgerland.com\/de\/magazin\/wp-json\/wp\/v2\/posts"}],"about":[{"href":"https:\/\/www.salzburgerland.com\/de\/magazin\/wp-json\/wp\/v2\/types\/post"}],"author":[{"embeddable":true,"href":"https:\/\/www.salzburgerland.com\/de\/magazin\/wp-json\/wp\/v2\/users\/10"}],"replies":[{"embeddable":true,"href":"https:\/\/www.salzburgerland.com\/de\/magazin\/wp-json\/wp\/v2\/comments?post=178451"}],"version-history":[{"count":5,"href":"https:\/\/www.salzburgerland.com\/de\/magazin\/wp-json\/wp\/v2\/posts\/178451\/revisions"}],"predecessor-version":[{"id":178507,"href":"https:\/\/www.salzburgerland.com\/de\/magazin\/wp-json\/wp\/v2\/posts\/178451\/revisions\/178507"}],"wp:featuredmedia":[{"embeddable":true,"href":"https:\/\/www.salzburgerland.com\/de\/magazin\/wp-json\/wp\/v2\/media\/178452"}],"wp:attachment":[{"href":"https:\/\/www.salzburgerland.com\/de\/magazin\/wp-json\/wp\/v2\/media?parent=178451"}],"wp:term":[{"taxonomy":"category","embeddable":true,"href":"https:\/\/www.salzburgerland.com\/de\/magazin\/wp-json\/wp\/v2\/categories?post=178451"},{"taxonomy":"post_tag","embeddable":true,"href":"https:\/\/www.salzburgerland.com\/de\/magazin\/wp-json\/wp\/v2\/tags?post=178451"},{"taxonomy":"wl_entity_type","embeddable":true,"href":"https:\/\/www.salzburgerland.com\/de\/magazin\/wp-json\/wp\/v2\/wl_entity_type?post=178451"},{"taxonomy":"monatsauswahl","embeddable":true,"href":"https:\/\/www.salzburgerland.com\/de\/magazin\/wp-json\/wp\/v2\/monatsauswahl?post=178451"}],"curies":[{"name":"wp","href":"https:\/\/api.w.org\/{rel}","templated":true}]}}