{"id":177791,"date":"2024-07-17T07:00:00","date_gmt":"2024-07-17T05:00:00","guid":{"rendered":"https:\/\/www.salzburgerland.com\/de\/magazin\/?p=177791"},"modified":"2024-08-01T13:03:12","modified_gmt":"2024-08-01T11:03:12","slug":"auf-zur-seenland-garten-roas","status":"publish","type":"post","link":"https:\/\/www.salzburgerland.com\/de\/magazin\/auf-zur-seenland-garten-roas\/","title":{"rendered":"Auf zur Seenland Garten Roas\u00a0"},"content":{"rendered":"\n<div class=\"wp-block-slt-top topBlocks\">\n<h2 class=\"wp-block-slt-subtitle\">Plausch im Garten<\/h2>\n\n\n\n<p class=\"wp-block-slt-intro\">Wenn im Herbst die vielen Kr\u00e4uter im SalzburgerLand ihre volle Wirkung und ihren unwiderstehlichen Duft entfalten und sich die Insekten in den G\u00e4rten tummeln dann ist es wieder Zeit f\u00fcr die Seenland Garten Roas.&nbsp;<\/p>\n<\/div>\n\n\n\n<p>Diese findet heuer am Sonntag, den 1. September 2024 von 10 bis 17:00 Uhr im <a href=\"https:\/\/www.salzburger-seenland.at\/\" target=\"_blank\" rel=\"noreferrer noopener\">Salzburger Seenland <\/a>rund um Wallersee, Mattsee, Grabensee und Obertrumer See statt. Inspiriert vom <a href=\"https:\/\/www.salzburgerland.com\/de\/bauernherbst\/\" target=\"_blank\" rel=\"noreferrer noopener\">Bauernherbst<\/a>-Thema Garten 2021 laden an diesem Tag zahlreiche Bauern- und Kr\u00e4uterg\u00e4rten in der Region zu einem Besuch ein. Ob kleine private oder gr\u00f6\u00dfere \u201coffizielle\u201d G\u00e4rten \u2013 einer ist malerischer als der andere und jeder ist eine kleine Welt f\u00fcr sich. Die Gastgeber*innen vor Ort freuen sich \u00fcber jeden Besuch und darauf, ihr umfangreiches Wissen weitergeben zu k\u00f6nnen. Schwingt euch in den Sattel und taucht ein die Welt der Kr\u00e4uter.&nbsp;<\/p>\n\n\n\n<h2 class=\"wp-block-heading\" id=\"h-trumer-krautergarten\">Trumer Kr\u00e4utergarten<\/h2>\n\n\n\n<p>Wir haben uns schon vorab auf den Weg gemacht und starten unsere Tour beim <a href=\"https:\/\/www.braugasthof-sigl.at\/\" target=\"_blank\" rel=\"noreferrer noopener\">Braugasthof Sigl<\/a> in Obertrum. Direkt hinter dem Gasthof am Dorfplatz 1 befindet sich der Trumer Kr\u00e4utergarten mit einer breiten Auswahl an bekannten und weniger bekannten Gew\u00e4chsen, wie etwa der Erdkastanie. Die zahlreichen Heil- und K\u00fcchenkr\u00e4uter passen thematisch zusammen: da gibt es eine Ecke mit mediterranen oder eine mit heimischen Kr\u00e4utern \u2013 und alle verstr\u00f6men einen wunderbar aromatischen Duft. Wir g\u00f6nnen uns am Teich eine Pause, lassen den Geruch auf uns wirken und bestaunen dabei das farbenpr\u00e4chtige Rosenbeet. \u00a0<\/p>\n\n\n\n<p>Wer im Rahmen der Seenland Garten Roas im Trumer Kr\u00e4utergarten vorbeikommt, der kann bei einer Gartenf\u00fchrung dabei sein und beim Blumenkranz-Binden selbst aktiv werden. W\u00e4hrenddessen lauschen Kinder spannenden M\u00e4rchen und k\u00f6nnen sich Blumentatoos machen lassen.&nbsp;<\/p>\n\n\n\n<p>Trumer Kr\u00e4utergarten&nbsp;<br>Kirchst\u00e4ttstra\u00dfe \/ Dorfplatz 1&nbsp;<br>5162 Obertrum&nbsp;<\/p>\n\n\n\n<figure class=\"wp-block-image size-full\"><img loading=\"lazy\" decoding=\"async\" width=\"1173\" height=\"880\" src=\"https:\/\/www.salzburgerland.com\/de\/magazin\/wp-content\/uploads\/2024\/07\/Obertrumer_Kraeutergarten.jpg\" alt=\"Eine Frau in einem \u00e4rmellosen Oberteil kniet an einem sonnigen Tag zwischen bunten Blumen in einem \u00fcppigen Garten.\" class=\"wp-image-177800\" srcset=\"https:\/\/www.salzburgerland.com\/de\/magazin\/wp-content\/uploads\/2024\/07\/Obertrumer_Kraeutergarten.jpg 1173w, https:\/\/www.salzburgerland.com\/de\/magazin\/wp-content\/uploads\/2024\/07\/Obertrumer_Kraeutergarten-300x225.jpg 300w, https:\/\/www.salzburgerland.com\/de\/magazin\/wp-content\/uploads\/2024\/07\/Obertrumer_Kraeutergarten-733x550.jpg 733w, https:\/\/www.salzburgerland.com\/de\/magazin\/wp-content\/uploads\/2024\/07\/Obertrumer_Kraeutergarten-140x105.jpg 140w, https:\/\/www.salzburgerland.com\/de\/magazin\/wp-content\/uploads\/2024\/07\/Obertrumer_Kraeutergarten-533x400.jpg 533w, https:\/\/www.salzburgerland.com\/de\/magazin\/wp-content\/uploads\/2024\/07\/Obertrumer_Kraeutergarten-960x720.jpg 960w, https:\/\/www.salzburgerland.com\/de\/magazin\/wp-content\/uploads\/2024\/07\/Obertrumer_Kraeutergarten-1200x900.jpg 1200w, https:\/\/www.salzburgerland.com\/de\/magazin\/wp-content\/uploads\/2024\/07\/Obertrumer_Kraeutergarten-150x113.jpg 150w\" sizes=\"auto, (max-width: 1173px) 100vw, 1173px\" \/><figcaption class=\"wp-element-caption\">Obertrumer Kr\u00e4utergarten<\/figcaption><\/figure>\n\n\n\n<h2 class=\"wp-block-heading\" id=\"h-krauterladen-schleedorf\">Kr\u00e4uterladen Schleedorf<\/h2>\n\n\n\n<p>Nachdem wir uns an der Kr\u00e4utervielfalt satt gesehen haben, radeln wir weiter nach Schleedorf. Unser Ziel ist der <a href=\"https:\/\/www.conversiologie.at\/\" target=\"_blank\" rel=\"noreferrer noopener\">Kr\u00e4uterladen von Karin Mayr<\/a>. Seit 25 Jahren ist sie selbst\u00e4ndig t\u00e4tig und hat sich der spannenden Welt der Conversiologie angenommen, einer von ihr entwickelten Methode im alternativen Gesundheitsbereich, bei der die F\u00fc\u00dfe im Mittelpunkt stehen.\u00a0Kaum zu glauben, aber F\u00fc\u00dfe verraten aufgrund \u00e4u\u00dferer Merkmale\u00a0viel\u00a0\u00fcber innere Unstimmigkeiten und\u00a0welche Kr\u00e4uter ausgehend davon\u00a0zu einem passen. Da Karin Mayr mit dem, was am Markt angeboten wurde, nicht wirklich gl\u00fccklich war, hat sie kurzerhand beschlossen, ihre eigenen Kr\u00e4uteressenzen herzustellen. Bei der Garten Roas, sowie auch sonst unterm Jahr\u00a0zu den \u00d6ffnungszeiten von Montag bis Donnerstag, von 7.30 \u2013 15.30 Uhr\u00a0kann man sich beraten und eine kurze Fu\u00dfbetrachtung machen lassen. (F\u00fcr umfangreiche Konstitutionsermittlung muss ein Termin vereinbart werden). Wer sich auf dieses spannende Thema einl\u00e4sst, wird Kr\u00e4uteressenzen mit nach Hause nehmen, die die Seele ber\u00fchren und individuell auf die eigene physiologische und organische Konstitution abgestimmt sind. \u00a0<\/p>\n\n\n\n<p>Bei einem Rundgang durch die Manufaktur berichtete Karin Mayr mit Begeisterung \u00fcber ihre Essenzen. Bei der Garten Roas werden auch Filme und Interviews \u00fcber Conversiologie zu sehen sein. Wer tiefer in die Materie eintauchen will, bekommt vor Ort auch die von Karin Mayr verfasste Literatur sowie die Magazine \u201cNaturmagie\u201d, die sie\u00a0zu verschiedenen Themen aufbereitet.\u00a0<\/p>\n\n\n\n<p>Kr\u00e4uterladen Schleedorf&nbsp;<br>Karin Mayr&nbsp;<br>Dorf 3&nbsp;<br>5205 Schleedorf&nbsp;<br><a href=\"https:\/\/www.conversiologie.at\/\" target=\"_blank\" rel=\"noreferrer noopener\">www.conversiologie.at<\/a><\/p>\n\n\n\n<figure class=\"wp-block-image size-full\"><img loading=\"lazy\" decoding=\"async\" width=\"1920\" height=\"1440\" src=\"https:\/\/www.salzburgerland.com\/de\/magazin\/wp-content\/uploads\/2024\/07\/Schleedorf_Kraeuterladen_Conversiologie.jpg\" alt=\"Ein gem\u00fctliches Ladeninnere mit Regalen mit Flaschen, Gl\u00e4sern und Dekoration sowie einem kleinen Tresen und einem gr\u00fcnen Samtsessel.\" class=\"wp-image-177796\" srcset=\"https:\/\/www.salzburgerland.com\/de\/magazin\/wp-content\/uploads\/2024\/07\/Schleedorf_Kraeuterladen_Conversiologie.jpg 1920w, https:\/\/www.salzburgerland.com\/de\/magazin\/wp-content\/uploads\/2024\/07\/Schleedorf_Kraeuterladen_Conversiologie-300x225.jpg 300w, https:\/\/www.salzburgerland.com\/de\/magazin\/wp-content\/uploads\/2024\/07\/Schleedorf_Kraeuterladen_Conversiologie-1536x1152.jpg 1536w, https:\/\/www.salzburgerland.com\/de\/magazin\/wp-content\/uploads\/2024\/07\/Schleedorf_Kraeuterladen_Conversiologie-733x550.jpg 733w, https:\/\/www.salzburgerland.com\/de\/magazin\/wp-content\/uploads\/2024\/07\/Schleedorf_Kraeuterladen_Conversiologie-140x105.jpg 140w, https:\/\/www.salzburgerland.com\/de\/magazin\/wp-content\/uploads\/2024\/07\/Schleedorf_Kraeuterladen_Conversiologie-533x400.jpg 533w, https:\/\/www.salzburgerland.com\/de\/magazin\/wp-content\/uploads\/2024\/07\/Schleedorf_Kraeuterladen_Conversiologie-960x720.jpg 960w, https:\/\/www.salzburgerland.com\/de\/magazin\/wp-content\/uploads\/2024\/07\/Schleedorf_Kraeuterladen_Conversiologie-1320x990.jpg 1320w, https:\/\/www.salzburgerland.com\/de\/magazin\/wp-content\/uploads\/2024\/07\/Schleedorf_Kraeuterladen_Conversiologie-1200x900.jpg 1200w, https:\/\/www.salzburgerland.com\/de\/magazin\/wp-content\/uploads\/2024\/07\/Schleedorf_Kraeuterladen_Conversiologie-150x113.jpg 150w\" sizes=\"auto, (max-width: 1920px) 100vw, 1920px\" \/><figcaption class=\"wp-element-caption\">Kr\u00e4uterladen_Conversiologie Schleedorf<\/figcaption><\/figure>\n\n\n\n<h2 class=\"wp-block-heading\" id=\"h-gartenwelt-trapp\">Gartenwelt Trapp<\/h2>\n\n\n\n<p>Bevor wir uns drittes Tagesziel ansteuern, den Naturgarten von Anita Himmer in Henndorf am Wallersee, machen wir noch einen Abstecher zur <a href=\"https:\/\/www.gartenwelt.at\/\" target=\"_blank\" rel=\"noreferrer noopener\">Gartenwelt Trapp<\/a> in Neumarkt am Wallersee. Hier finden wir vor der T\u00fcr ein vielf\u00e4ltiges Angebot an bekannten und weniger bekannten (Heil-) Kr\u00e4utern und Gew\u00fcrzen &#8211; gro\u00dfteils ausgezeichnet mit dem <a href=\"https:\/\/www.salzburgschmeckt.at\/salzburgerland-herkunfts-zertifikat\" target=\"_blank\" rel=\"noreferrer noopener\">SalzburgerLand Herkunfts-Zertifikat<\/a>.&nbsp; <\/p>\n\n\n\n<p>Gartenwelt Trapp&nbsp;<br>Wertheim 50&nbsp;<br>5202 Neumarkt am Wallersee<br><a href=\"https:\/\/www.gartenwelt.at\/\" target=\"_blank\" rel=\"noreferrer noopener\">www.gartenwelt.at<\/a><\/p>\n\n\n\n<figure class=\"wp-block-image size-full\"><img loading=\"lazy\" decoding=\"async\" width=\"1920\" height=\"1440\" src=\"https:\/\/www.salzburgerland.com\/de\/magazin\/wp-content\/uploads\/2024\/07\/Kraeuter-Rad-Tour-Kraeutergarten_im_Topf_NeumarktWallersee-8-1.jpg\" alt=\"Zwei Radfahrer mit Helmen halten an einem sonnigen Tag an einem l\u00e4ndlichen Stra\u00dfenrand an, um Kr\u00e4uter aus Topfpflanzen zu pfl\u00fccken.\" class=\"wp-image-177863\" srcset=\"https:\/\/www.salzburgerland.com\/de\/magazin\/wp-content\/uploads\/2024\/07\/Kraeuter-Rad-Tour-Kraeutergarten_im_Topf_NeumarktWallersee-8-1.jpg 1920w, https:\/\/www.salzburgerland.com\/de\/magazin\/wp-content\/uploads\/2024\/07\/Kraeuter-Rad-Tour-Kraeutergarten_im_Topf_NeumarktWallersee-8-1-300x225.jpg 300w, https:\/\/www.salzburgerland.com\/de\/magazin\/wp-content\/uploads\/2024\/07\/Kraeuter-Rad-Tour-Kraeutergarten_im_Topf_NeumarktWallersee-8-1-1536x1152.jpg 1536w, https:\/\/www.salzburgerland.com\/de\/magazin\/wp-content\/uploads\/2024\/07\/Kraeuter-Rad-Tour-Kraeutergarten_im_Topf_NeumarktWallersee-8-1-733x550.jpg 733w, https:\/\/www.salzburgerland.com\/de\/magazin\/wp-content\/uploads\/2024\/07\/Kraeuter-Rad-Tour-Kraeutergarten_im_Topf_NeumarktWallersee-8-1-140x105.jpg 140w, https:\/\/www.salzburgerland.com\/de\/magazin\/wp-content\/uploads\/2024\/07\/Kraeuter-Rad-Tour-Kraeutergarten_im_Topf_NeumarktWallersee-8-1-533x400.jpg 533w, https:\/\/www.salzburgerland.com\/de\/magazin\/wp-content\/uploads\/2024\/07\/Kraeuter-Rad-Tour-Kraeutergarten_im_Topf_NeumarktWallersee-8-1-960x720.jpg 960w, https:\/\/www.salzburgerland.com\/de\/magazin\/wp-content\/uploads\/2024\/07\/Kraeuter-Rad-Tour-Kraeutergarten_im_Topf_NeumarktWallersee-8-1-1320x990.jpg 1320w, https:\/\/www.salzburgerland.com\/de\/magazin\/wp-content\/uploads\/2024\/07\/Kraeuter-Rad-Tour-Kraeutergarten_im_Topf_NeumarktWallersee-8-1-1200x900.jpg 1200w, https:\/\/www.salzburgerland.com\/de\/magazin\/wp-content\/uploads\/2024\/07\/Kraeuter-Rad-Tour-Kraeutergarten_im_Topf_NeumarktWallersee-8-1-150x113.jpg 150w\" sizes=\"auto, (max-width: 1920px) 100vw, 1920px\" \/><figcaption class=\"wp-element-caption\">Kr\u00e4utergarten im Topf bei der G\u00e4rtnerei Trapp in Neumarkt am Wallersee<\/figcaption><\/figure>\n\n\n\n<h2 class=\"wp-block-heading\" id=\"h-gartenparadies-von-henndorf\">Gartenparadies von Henndorf<\/h2>\n\n\n\n<p>Von hier geht es weiter zum Garten von Anita Himmer in Henndorf am Wallersee an.&nbsp;Was uns hier als erstes auff\u00e4llt, sind die vielen Bienen, Hummeln und Schmetterlinge, die von Bl\u00fcte und Bl\u00fcte fliegen. Wenn man sich die Bl\u00fcten- und Pflanzenpracht anschaut, kann man sich richtig vorstellen, dass das 1.500 qm gro\u00dfe Areal ein wahres Paradies f\u00fcr Insekten ist. Das liegt sicher auch daran, dass, so erz\u00e4hlt Andrea Himmer, ihre zahlreichen Insektenhotels zu 95 Prozent belegt sind \u2013 eine Zahl, von der Hoteliers nur tr\u00e4umen k\u00f6nnen. Die gelernte Heilpraktikerin und Kr\u00e4uterp\u00e4dagogin liebt ihren Garten, in der die Natur Raum haben darf. Sie werkelt, t\u00fcftelt, beobachtet und passt so ihren Garten immer wieder an die Bed\u00fcrfnisse der tierischen Mitbewohner an. Da entsteht dann ein weiteres Insektenhotel, ein K\u00e4ferkeller oder ein neuer Totholzstapel. Vielfalt schafft eben Vielfalt und so sind je nach Jahreszeit und Bl\u00fcte die unterschiedlichsten Tiere zu Gast. <\/p>\n\n\n\n<figure class=\"wp-block-image size-full\"><img loading=\"lazy\" decoding=\"async\" width=\"1024\" height=\"683\" src=\"https:\/\/www.salzburgerland.com\/de\/magazin\/wp-content\/uploads\/2024\/07\/TT2RTQZBP4TFYQMC4IFC_prvw_485599.jpg\" alt=\"Eine l\u00e4chelnde Frau in einem Garten h\u00e4lt ein &quot;Natur im Garten&quot;-Schild, umgeben von gr\u00fcnen Pflanzen und lila Blumen.\" class=\"wp-image-177817\" srcset=\"https:\/\/www.salzburgerland.com\/de\/magazin\/wp-content\/uploads\/2024\/07\/TT2RTQZBP4TFYQMC4IFC_prvw_485599.jpg 1024w, https:\/\/www.salzburgerland.com\/de\/magazin\/wp-content\/uploads\/2024\/07\/TT2RTQZBP4TFYQMC4IFC_prvw_485599-300x200.jpg 300w, https:\/\/www.salzburgerland.com\/de\/magazin\/wp-content\/uploads\/2024\/07\/TT2RTQZBP4TFYQMC4IFC_prvw_485599-825x550.jpg 825w, https:\/\/www.salzburgerland.com\/de\/magazin\/wp-content\/uploads\/2024\/07\/TT2RTQZBP4TFYQMC4IFC_prvw_485599-600x400.jpg 600w, https:\/\/www.salzburgerland.com\/de\/magazin\/wp-content\/uploads\/2024\/07\/TT2RTQZBP4TFYQMC4IFC_prvw_485599-150x100.jpg 150w\" sizes=\"auto, (max-width: 1024px) 100vw, 1024px\" \/><figcaption class=\"wp-element-caption\">Andrea Himmer in ihrem Garten \u00a9Land Salzburg\/Neumayr &#8211; Leopold<\/figcaption><\/figure>\n\n\n\n<p>Wenn es nach Andrea Himmer geht, sollten alle G\u00e4rten kleine Rettungsinseln werden und so zur Artenvielfalt beitragen. Die Idee kommt gut an, denn ihre Garten Workshops sind immer gut besucht. Und auch in ihrem Garten d\u00fcrfen sich Naturliebhaber und Gartenfreunde etwa beim j\u00e4hrlich stattfindenden Tag der offenen Gartent\u00fcr oder eben bei der Seenland Garten Roas umschauen und sich inspirieren lassen. <\/p>\n\n\n\n<p>Anita Himmer<br>Naturnaher Garten<br>Schoarerbergstr. 35<br>5302 Henndorf am Wallersee<\/p>\n\n\n<div class=\"mag-gallery\"><div class=\"row\"><div class=\"col-6 col-sm-4\"><figure><a class=\"thumb-container\" href=\"https:\/\/www.salzburgerland.com\/de\/magazin\/wp-content\/uploads\/2024\/07\/Himmer_Holzbiene_23--1280x1024.jpg\">\t<picture><source media=\"(min-width: 576px)\" srcset=\"https:\/\/www.salzburgerland.com\/de\/magazin\/wp-content\/uploads\/2024\/07\/Himmer_Holzbiene_23--325x209.jpg 325w, https:\/\/www.salzburgerland.com\/de\/magazin\/wp-content\/uploads\/2024\/07\/Himmer_Holzbiene_23--249x160.jpg 249w\"><\/source><source media=\"(min-width: 0)\" srcset=\"https:\/\/www.salzburgerland.com\/de\/magazin\/wp-content\/uploads\/2024\/07\/Himmer_Holzbiene_23--249x160.jpg 249w, https:\/\/www.salzburgerland.com\/de\/magazin\/wp-content\/uploads\/2024\/07\/Himmer_Holzbiene_23--325x209.jpg 325w\"><\/source><img decoding=\"async\" alt=\"Eine gro&szlig;e schwarze Biene mit schillernden Fl&uuml;geln ern&auml;hrt sich von kleinen rosafarbenen Bl&uuml;ten an einem flauschigen wei&szlig;en Stiel.\" src=\"https:\/\/www.salzburgerland.com\/de\/magazin\/wp-content\/uploads\/2024\/07\/Himmer_Holzbiene_23-.jpg\">\t<\/picture><figcaption>Holzbiene &copy;Himmer<\/figcaption><\/a><\/figure><\/div><div class=\"col-6 col-sm-4\"><figure><a class=\"thumb-container\" href=\"https:\/\/www.salzburgerland.com\/de\/magazin\/wp-content\/uploads\/2024\/07\/Himmer_2-1280x1024.jpg\">\t<picture><source media=\"(min-width: 576px)\" srcset=\"https:\/\/www.salzburgerland.com\/de\/magazin\/wp-content\/uploads\/2024\/07\/Himmer_2-325x209.jpg 325w, https:\/\/www.salzburgerland.com\/de\/magazin\/wp-content\/uploads\/2024\/07\/Himmer_2-249x160.jpg 249w\"><\/source><source media=\"(min-width: 0)\" srcset=\"https:\/\/www.salzburgerland.com\/de\/magazin\/wp-content\/uploads\/2024\/07\/Himmer_2-249x160.jpg 249w, https:\/\/www.salzburgerland.com\/de\/magazin\/wp-content\/uploads\/2024\/07\/Himmer_2-325x209.jpg 325w\"><\/source><img decoding=\"async\" alt=\"Ein leuchtendes Tagpfauenauge mit ge&ouml;ffneten Fl&uuml;geln ruht auf violetten Bl&uuml;ten im Sonnenlicht.\" src=\"https:\/\/www.salzburgerland.com\/de\/magazin\/wp-content\/uploads\/2024\/07\/Himmer_2.jpg\">\t<\/picture><figcaption>Tagpfauenauge &copy;Himmer<\/figcaption><\/a><\/figure><\/div><div class=\"col-6 col-sm-4\"><figure><a class=\"thumb-container\" href=\"https:\/\/www.salzburgerland.com\/de\/magazin\/wp-content\/uploads\/2024\/07\/Himmer-1280x1024.jpg\">\t<picture><source media=\"(min-width: 576px)\" srcset=\"https:\/\/www.salzburgerland.com\/de\/magazin\/wp-content\/uploads\/2024\/07\/Himmer-325x209.jpg 325w, https:\/\/www.salzburgerland.com\/de\/magazin\/wp-content\/uploads\/2024\/07\/Himmer-249x160.jpg 249w\"><\/source><source media=\"(min-width: 0)\" srcset=\"https:\/\/www.salzburgerland.com\/de\/magazin\/wp-content\/uploads\/2024\/07\/Himmer-249x160.jpg 249w, https:\/\/www.salzburgerland.com\/de\/magazin\/wp-content\/uploads\/2024\/07\/Himmer-325x209.jpg 325w\"><\/source><img decoding=\"async\" alt=\"Zwei Hochbeete mit Insektenhotels aus Ziegeln, Holz und Pflanzen an den Enden, im Freien.\" src=\"https:\/\/www.salzburgerland.com\/de\/magazin\/wp-content\/uploads\/2024\/07\/Himmer.jpg\">\t<\/picture><figcaption>Bienenhotels &copy;Himmer<\/figcaption><\/a><\/figure><\/div><\/div><figcaption><\/figcaption><\/div>\n\n\n\n<h3 class=\"wp-block-heading\" id=\"h-seenland-garten-roas-nbsp\">Seenland Garten Roas&nbsp;<\/h3>\n\n\n\n<p>Die Seenland Garten Roas findet heuer am 1. September 2024 von 10 bis 17:00 Uhr statt. Der Eintritt ist frei (Ausnahmen: Traumgarten Tannberg). Bei Schlechtwetter entf\u00e4llt die Veranstaltung.<br>N\u00e4here Infos unter <a href=\"https:\/\/www.salzburger-seenland.at\/seenland-highlights\/seenland-garten-roas?utm_source=seenland-kraeuterleben%5C%5C&amp;utm_medium=redirect\" target=\"_blank\" rel=\"noreferrer noopener\">www.seenland-kraeuterleben.at<\/a> bzw. im <a href=\"https:\/\/www.salzburger-seenland.at\/wp-content\/uploads\/2024\/07\/2024-GartenRoas_Flyer_kl.pdf\" target=\"_blank\" rel=\"noreferrer noopener\">Flyer.<\/a><\/p>\n","protected":false},"excerpt":{"rendered":"<p>Diese findet heuer am Sonntag, den 1. September 2024 von 10 bis 17:00 Uhr im Salzburger Seenland rund um Wallersee, Mattsee, Grabensee und Obertrumer See statt. Inspiriert vom Bauernherbst-Thema Garten 2021 laden an diesem Tag zahlreiche Bauern- und Kr\u00e4uterg\u00e4rten in der Region zu einem Besuch ein. Ob kleine private oder gr\u00f6\u00dfere \u201coffizielle\u201d G\u00e4rten \u2013 einer [&hellip;]<\/p>\n","protected":false},"author":90,"featured_media":177819,"comment_status":"closed","ping_status":"closed","sticky":false,"template":"","format":"standard","meta":{"_acf_changed":false,"wl_entities_gutenberg":"","_wl_entity_redirect_enabled":"","footnotes":""},"categories":[4],"tags":[],"wl_entity_type":[306],"monatsauswahl":[],"class_list":["post-177791","post","type-post","status-publish","format-standard","has-post-thumbnail","hentry","category-gesundheit","wl_entity_type-article"],"acf":[],"yoast_head":"<!-- This site is optimized with the Yoast SEO Premium plugin v27.4 (Yoast SEO v27.4) - https:\/\/yoast.com\/product\/yoast-seo-premium-wordpress\/ -->\n<title>Auf zur Seenland Garten Roas\u00a0 - SalzburgerLand Magazin<\/title>\n<meta name=\"robots\" content=\"index, follow, max-snippet:-1, max-image-preview:large, max-video-preview:-1\" \/>\n<link rel=\"canonical\" href=\"https:\/\/www.salzburgerland.com\/de\/magazin\/auf-zur-seenland-garten-roas\/\" \/>\n<meta property=\"og:locale\" content=\"de_DE\" \/>\n<meta property=\"og:type\" content=\"article\" \/>\n<meta property=\"og:title\" content=\"Auf zur Seenland Garten Roas\u00a0\" \/>\n<meta property=\"og:description\" content=\"Diese findet heuer am Sonntag, den 1. September 2024 von 10 bis 17:00 Uhr im Salzburger Seenland rund um Wallersee, Mattsee, Grabensee und Obertrumer See statt. Inspiriert vom Bauernherbst-Thema Garten 2021 laden an diesem Tag zahlreiche Bauern- und Kr\u00e4uterg\u00e4rten in der Region zu einem Besuch ein. Ob kleine private oder gr\u00f6\u00dfere \u201coffizielle\u201d G\u00e4rten \u2013 einer [&hellip;]\" \/>\n<meta property=\"og:url\" content=\"https:\/\/www.salzburgerland.com\/de\/magazin\/auf-zur-seenland-garten-roas\/\" \/>\n<meta property=\"og:site_name\" content=\"SalzburgerLand Magazin\" \/>\n<meta property=\"article:publisher\" content=\"https:\/\/www.facebook.com\/salzburgerland\/\" \/>\n<meta property=\"article:published_time\" content=\"2024-07-17T05:00:00+00:00\" \/>\n<meta property=\"article:modified_time\" content=\"2024-08-01T11:03:12+00:00\" \/>\n<meta property=\"og:image\" content=\"https:\/\/www.salzburgerland.com\/de\/magazin\/wp-content\/uploads\/2024\/07\/Himmer_3-e1721109848184.jpg\" \/>\n\t<meta property=\"og:image:width\" content=\"1920\" \/>\n\t<meta property=\"og:image:height\" content=\"1043\" \/>\n\t<meta property=\"og:image:type\" content=\"image\/jpeg\" \/>\n<meta name=\"author\" content=\"Ulli Hammerl\" \/>\n<meta name=\"twitter:card\" content=\"summary_large_image\" \/>\n<meta name=\"twitter:creator\" content=\"@Salzburgerland\" \/>\n<meta name=\"twitter:site\" content=\"@Salzburgerland\" \/>\n<meta name=\"twitter:label1\" content=\"Verfasst von\" \/>\n\t<meta name=\"twitter:data1\" content=\"Ulli Hammerl\" \/>\n\t<meta name=\"twitter:label2\" content=\"Gesch\u00e4tzte Lesezeit\" \/>\n\t<meta name=\"twitter:data2\" content=\"7\u00a0Minuten\" \/>\n<script type=\"application\/ld+json\" class=\"yoast-schema-graph\">{\"@context\":\"https:\\\/\\\/schema.org\",\"@graph\":[{\"@type\":\"Article\",\"@id\":\"https:\\\/\\\/www.salzburgerland.com\\\/de\\\/magazin\\\/auf-zur-seenland-garten-roas\\\/#article\",\"isPartOf\":{\"@id\":\"https:\\\/\\\/www.salzburgerland.com\\\/de\\\/magazin\\\/auf-zur-seenland-garten-roas\\\/\"},\"author\":{\"name\":\"Ulli Hammerl\",\"@id\":\"https:\\\/\\\/www.salzburgerland.com\\\/de\\\/magazin\\\/#\\\/schema\\\/person\\\/a55a4fee1009b9e458d298480a18a9f7\"},\"headline\":\"Auf zur Seenland Garten Roas\u00a0\",\"datePublished\":\"2024-07-17T05:00:00+00:00\",\"dateModified\":\"2024-08-01T11:03:12+00:00\",\"mainEntityOfPage\":{\"@id\":\"https:\\\/\\\/www.salzburgerland.com\\\/de\\\/magazin\\\/auf-zur-seenland-garten-roas\\\/\"},\"wordCount\":924,\"publisher\":{\"@id\":\"https:\\\/\\\/www.salzburgerland.com\\\/de\\\/magazin\\\/#organization\"},\"image\":{\"@id\":\"https:\\\/\\\/www.salzburgerland.com\\\/de\\\/magazin\\\/auf-zur-seenland-garten-roas\\\/#primaryimage\"},\"thumbnailUrl\":\"https:\\\/\\\/www.salzburgerland.com\\\/de\\\/magazin\\\/wp-content\\\/uploads\\\/2024\\\/07\\\/Himmer_3-e1721109848184.jpg\",\"articleSection\":[\"Gesundheit\"],\"inLanguage\":\"de\"},{\"@type\":\"WebPage\",\"@id\":\"https:\\\/\\\/www.salzburgerland.com\\\/de\\\/magazin\\\/auf-zur-seenland-garten-roas\\\/\",\"url\":\"https:\\\/\\\/www.salzburgerland.com\\\/de\\\/magazin\\\/auf-zur-seenland-garten-roas\\\/\",\"name\":\"Auf zur Seenland Garten Roas\u00a0 - SalzburgerLand Magazin\",\"isPartOf\":{\"@id\":\"https:\\\/\\\/www.salzburgerland.com\\\/de\\\/magazin\\\/#website\"},\"primaryImageOfPage\":{\"@id\":\"https:\\\/\\\/www.salzburgerland.com\\\/de\\\/magazin\\\/auf-zur-seenland-garten-roas\\\/#primaryimage\"},\"image\":{\"@id\":\"https:\\\/\\\/www.salzburgerland.com\\\/de\\\/magazin\\\/auf-zur-seenland-garten-roas\\\/#primaryimage\"},\"thumbnailUrl\":\"https:\\\/\\\/www.salzburgerland.com\\\/de\\\/magazin\\\/wp-content\\\/uploads\\\/2024\\\/07\\\/Himmer_3-e1721109848184.jpg\",\"datePublished\":\"2024-07-17T05:00:00+00:00\",\"dateModified\":\"2024-08-01T11:03:12+00:00\",\"breadcrumb\":{\"@id\":\"https:\\\/\\\/www.salzburgerland.com\\\/de\\\/magazin\\\/auf-zur-seenland-garten-roas\\\/#breadcrumb\"},\"inLanguage\":\"de\",\"potentialAction\":[{\"@type\":\"ReadAction\",\"target\":[\"https:\\\/\\\/www.salzburgerland.com\\\/de\\\/magazin\\\/auf-zur-seenland-garten-roas\\\/\"]}]},{\"@type\":\"ImageObject\",\"inLanguage\":\"de\",\"@id\":\"https:\\\/\\\/www.salzburgerland.com\\\/de\\\/magazin\\\/auf-zur-seenland-garten-roas\\\/#primaryimage\",\"url\":\"https:\\\/\\\/www.salzburgerland.com\\\/de\\\/magazin\\\/wp-content\\\/uploads\\\/2024\\\/07\\\/Himmer_3-e1721109848184.jpg\",\"contentUrl\":\"https:\\\/\\\/www.salzburgerland.com\\\/de\\\/magazin\\\/wp-content\\\/uploads\\\/2024\\\/07\\\/Himmer_3-e1721109848184.jpg\",\"width\":1920,\"height\":1043,\"caption\":\"\u00a9Himmer\"},{\"@type\":\"BreadcrumbList\",\"@id\":\"https:\\\/\\\/www.salzburgerland.com\\\/de\\\/magazin\\\/auf-zur-seenland-garten-roas\\\/#breadcrumb\",\"itemListElement\":[{\"@type\":\"ListItem\",\"position\":1,\"name\":\"Startseite\",\"item\":\"https:\\\/\\\/www.salzburgerland.com\\\/de\\\/magazin\\\/\"},{\"@type\":\"ListItem\",\"position\":2,\"name\":\"Gesundheit\",\"item\":\"https:\\\/\\\/www.salzburgerland.com\\\/de\\\/magazin\\\/thema\\\/gesundheit\\\/\"},{\"@type\":\"ListItem\",\"position\":3,\"name\":\"Auf zur Seenland Garten Roas\u00a0\"}]},{\"@type\":\"WebSite\",\"@id\":\"https:\\\/\\\/www.salzburgerland.com\\\/de\\\/magazin\\\/#website\",\"url\":\"https:\\\/\\\/www.salzburgerland.com\\\/de\\\/magazin\\\/\",\"name\":\"SalzburgerLand Magazin\",\"description\":\"Geschichten und Interessantes aus dem SalzburgerLand\",\"publisher\":{\"@id\":\"https:\\\/\\\/www.salzburgerland.com\\\/de\\\/magazin\\\/#organization\"},\"potentialAction\":[{\"@type\":\"SearchAction\",\"target\":{\"@type\":\"EntryPoint\",\"urlTemplate\":\"https:\\\/\\\/www.salzburgerland.com\\\/de\\\/magazin\\\/?s={search_term_string}\"},\"query-input\":{\"@type\":\"PropertyValueSpecification\",\"valueRequired\":true,\"valueName\":\"search_term_string\"}}],\"inLanguage\":\"de\"},{\"@type\":\"Organization\",\"@id\":\"https:\\\/\\\/www.salzburgerland.com\\\/de\\\/magazin\\\/#organization\",\"name\":\"SalzburgerLand Tourismus\",\"url\":\"https:\\\/\\\/www.salzburgerland.com\\\/de\\\/magazin\\\/\",\"logo\":{\"@type\":\"ImageObject\",\"inLanguage\":\"de\",\"@id\":\"https:\\\/\\\/www.salzburgerland.com\\\/de\\\/magazin\\\/#\\\/schema\\\/logo\\\/image\\\/\",\"url\":\"https:\\\/\\\/www.salzburgerland.com\\\/de\\\/magazin\\\/wp-content\\\/uploads\\\/2019\\\/06\\\/salzburgerland-logo1.jpg\",\"contentUrl\":\"https:\\\/\\\/www.salzburgerland.com\\\/de\\\/magazin\\\/wp-content\\\/uploads\\\/2019\\\/06\\\/salzburgerland-logo1.jpg\",\"width\":2011,\"height\":866,\"caption\":\"SalzburgerLand Tourismus\"},\"image\":{\"@id\":\"https:\\\/\\\/www.salzburgerland.com\\\/de\\\/magazin\\\/#\\\/schema\\\/logo\\\/image\\\/\"},\"sameAs\":[\"https:\\\/\\\/www.facebook.com\\\/salzburgerland\\\/\",\"https:\\\/\\\/x.com\\\/Salzburgerland\",\"https:\\\/\\\/www.instagram.com\\\/salzburgerland\\\/\",\"https:\\\/\\\/at.linkedin.com\\\/company\\\/salzburgerland-tourismus-gmbh\",\"https:\\\/\\\/www.pinterest.at\\\/salzburgerland\\\/\",\"https:\\\/\\\/www.youtube.com\\\/user\\\/salzburgerland\",\"https:\\\/\\\/de.wikipedia.org\\\/wiki\\\/SalzburgerLand_Tourismus_GmbH\"]},{\"@type\":\"Person\",\"@id\":\"https:\\\/\\\/www.salzburgerland.com\\\/de\\\/magazin\\\/#\\\/schema\\\/person\\\/a55a4fee1009b9e458d298480a18a9f7\",\"name\":\"Ulli Hammerl\",\"description\":\"Geboren und aufgewachsen in der Stadt Salzburg war Ulli Hammerl fr\u00fch bewusst, in einer der sch\u00f6nsten St\u00e4dte der Welt zu leben. So ist sie auch w\u00e4hrend ihres Studiums der Kommunikationswissenschaft und \u00d6kologie ihrer Heimatstadt treu geblieben. Gleich nach dem Studium ist sie zu SalzburgerLand Tourismus (SLTG) gegangen und hat hier von 1998 - 2004 u.a. die SalzburgerLand Card betreut. Dabei ist sie viel herumgekommen, wodurch auch die Liebe zum SalzburgerLand enstanden und gewachsen ist. Nach der Geburt ihrer Tochter im September 2004 hat sich Ulli Hammerl 2007 mit einer Agentur selbst\u00e4ndig gemacht. Mein pers\u00f6nlicher Logenplatz: Hoch \u00fcber Salzburg, abseits der stark begangenen Wege mit Blick auf die D\u00e4cher und Kircht\u00fcrme der Stadt \u2013 hier geht mir das Herz auf! Morgen- oder Abendmensch: Ganz klar: Morgenmensch. Wenn um 5.00 Uhr fr\u00fch die V\u00f6gel zwitschern und rund herum noch alles in tiefer Ruhe versinkt, dann ist meine Zeit. Ausgeschlafen, Energie geladen und voller Tatendrang starte ich am liebsten in den fr\u00fchen Morgenstunden in den Tag. Daf\u00fcr kann man nach 21.00 Uhr nicht mehr mit mir rechnen. Buch oder Film: Es gibt nichts Sch\u00f6neres, als es sich am Ende des Tages auf der Couch gem\u00fctlich zu machen und in die Gedankenwelt eines guten Buches einzutauchen \u2013 Lesen ist Abenteuer im Kopf. Wandern, Spazierengehen oder Laufen: alles drei und zwar am besten jeden Tag. Mit ein bisschen Zeiteinteilung geht es sich tats\u00e4chlich fast gehen Tag aus, drau\u00dfen unterwegs zu sein. Fr\u00fchling, Sommer, Herbst oder Winter: Ich kann es im Fr\u00fchling kaum erwarten, die ersten Gr\u00fcnschattierungen in der Natur zu entdecken. Ich liebe hei\u00dfe Sommertage am See und laue Sommerabende am Balkon. Ich mag es, wenn im Herbst die W\u00e4lder in einem Meer aus Farben erstrahlen, Laubrascheln und Kastanien sammeln. Und ich freue mich wie ein Kind, wenn im Dezember die ersten Schneeflocken vom Himmel schweben. Die vier Jahreszeiten sind etwas Wunderbares.\",\"url\":\"https:\\\/\\\/www.salzburgerland.com\\\/de\\\/magazin\\\/author\\\/ulli-hammerl\\\/\"}]}<\/script>\n<!-- \/ Yoast SEO Premium plugin. -->","yoast_head_json":{"title":"Auf zur Seenland Garten Roas\u00a0 - SalzburgerLand Magazin","robots":{"index":"index","follow":"follow","max-snippet":"max-snippet:-1","max-image-preview":"max-image-preview:large","max-video-preview":"max-video-preview:-1"},"canonical":"https:\/\/www.salzburgerland.com\/de\/magazin\/auf-zur-seenland-garten-roas\/","og_locale":"de_DE","og_type":"article","og_title":"Auf zur Seenland Garten Roas\u00a0","og_description":"Diese findet heuer am Sonntag, den 1. September 2024 von 10 bis 17:00 Uhr im Salzburger Seenland rund um Wallersee, Mattsee, Grabensee und Obertrumer See statt. Inspiriert vom Bauernherbst-Thema Garten 2021 laden an diesem Tag zahlreiche Bauern- und Kr\u00e4uterg\u00e4rten in der Region zu einem Besuch ein. Ob kleine private oder gr\u00f6\u00dfere \u201coffizielle\u201d G\u00e4rten \u2013 einer [&hellip;]","og_url":"https:\/\/www.salzburgerland.com\/de\/magazin\/auf-zur-seenland-garten-roas\/","og_site_name":"SalzburgerLand Magazin","article_publisher":"https:\/\/www.facebook.com\/salzburgerland\/","article_published_time":"2024-07-17T05:00:00+00:00","article_modified_time":"2024-08-01T11:03:12+00:00","og_image":[{"width":1920,"height":1043,"url":"https:\/\/www.salzburgerland.com\/de\/magazin\/wp-content\/uploads\/2024\/07\/Himmer_3-e1721109848184.jpg","type":"image\/jpeg"}],"author":"Ulli Hammerl","twitter_card":"summary_large_image","twitter_creator":"@Salzburgerland","twitter_site":"@Salzburgerland","twitter_misc":{"Verfasst von":"Ulli Hammerl","Gesch\u00e4tzte Lesezeit":"7\u00a0Minuten"},"schema":{"@context":"https:\/\/schema.org","@graph":[{"@type":"Article","@id":"https:\/\/www.salzburgerland.com\/de\/magazin\/auf-zur-seenland-garten-roas\/#article","isPartOf":{"@id":"https:\/\/www.salzburgerland.com\/de\/magazin\/auf-zur-seenland-garten-roas\/"},"author":{"name":"Ulli Hammerl","@id":"https:\/\/www.salzburgerland.com\/de\/magazin\/#\/schema\/person\/a55a4fee1009b9e458d298480a18a9f7"},"headline":"Auf zur Seenland Garten Roas\u00a0","datePublished":"2024-07-17T05:00:00+00:00","dateModified":"2024-08-01T11:03:12+00:00","mainEntityOfPage":{"@id":"https:\/\/www.salzburgerland.com\/de\/magazin\/auf-zur-seenland-garten-roas\/"},"wordCount":924,"publisher":{"@id":"https:\/\/www.salzburgerland.com\/de\/magazin\/#organization"},"image":{"@id":"https:\/\/www.salzburgerland.com\/de\/magazin\/auf-zur-seenland-garten-roas\/#primaryimage"},"thumbnailUrl":"https:\/\/www.salzburgerland.com\/de\/magazin\/wp-content\/uploads\/2024\/07\/Himmer_3-e1721109848184.jpg","articleSection":["Gesundheit"],"inLanguage":"de"},{"@type":"WebPage","@id":"https:\/\/www.salzburgerland.com\/de\/magazin\/auf-zur-seenland-garten-roas\/","url":"https:\/\/www.salzburgerland.com\/de\/magazin\/auf-zur-seenland-garten-roas\/","name":"Auf zur Seenland Garten Roas\u00a0 - SalzburgerLand Magazin","isPartOf":{"@id":"https:\/\/www.salzburgerland.com\/de\/magazin\/#website"},"primaryImageOfPage":{"@id":"https:\/\/www.salzburgerland.com\/de\/magazin\/auf-zur-seenland-garten-roas\/#primaryimage"},"image":{"@id":"https:\/\/www.salzburgerland.com\/de\/magazin\/auf-zur-seenland-garten-roas\/#primaryimage"},"thumbnailUrl":"https:\/\/www.salzburgerland.com\/de\/magazin\/wp-content\/uploads\/2024\/07\/Himmer_3-e1721109848184.jpg","datePublished":"2024-07-17T05:00:00+00:00","dateModified":"2024-08-01T11:03:12+00:00","breadcrumb":{"@id":"https:\/\/www.salzburgerland.com\/de\/magazin\/auf-zur-seenland-garten-roas\/#breadcrumb"},"inLanguage":"de","potentialAction":[{"@type":"ReadAction","target":["https:\/\/www.salzburgerland.com\/de\/magazin\/auf-zur-seenland-garten-roas\/"]}]},{"@type":"ImageObject","inLanguage":"de","@id":"https:\/\/www.salzburgerland.com\/de\/magazin\/auf-zur-seenland-garten-roas\/#primaryimage","url":"https:\/\/www.salzburgerland.com\/de\/magazin\/wp-content\/uploads\/2024\/07\/Himmer_3-e1721109848184.jpg","contentUrl":"https:\/\/www.salzburgerland.com\/de\/magazin\/wp-content\/uploads\/2024\/07\/Himmer_3-e1721109848184.jpg","width":1920,"height":1043,"caption":"\u00a9Himmer"},{"@type":"BreadcrumbList","@id":"https:\/\/www.salzburgerland.com\/de\/magazin\/auf-zur-seenland-garten-roas\/#breadcrumb","itemListElement":[{"@type":"ListItem","position":1,"name":"Startseite","item":"https:\/\/www.salzburgerland.com\/de\/magazin\/"},{"@type":"ListItem","position":2,"name":"Gesundheit","item":"https:\/\/www.salzburgerland.com\/de\/magazin\/thema\/gesundheit\/"},{"@type":"ListItem","position":3,"name":"Auf zur Seenland Garten Roas\u00a0"}]},{"@type":"WebSite","@id":"https:\/\/www.salzburgerland.com\/de\/magazin\/#website","url":"https:\/\/www.salzburgerland.com\/de\/magazin\/","name":"SalzburgerLand Magazin","description":"Geschichten und Interessantes aus dem SalzburgerLand","publisher":{"@id":"https:\/\/www.salzburgerland.com\/de\/magazin\/#organization"},"potentialAction":[{"@type":"SearchAction","target":{"@type":"EntryPoint","urlTemplate":"https:\/\/www.salzburgerland.com\/de\/magazin\/?s={search_term_string}"},"query-input":{"@type":"PropertyValueSpecification","valueRequired":true,"valueName":"search_term_string"}}],"inLanguage":"de"},{"@type":"Organization","@id":"https:\/\/www.salzburgerland.com\/de\/magazin\/#organization","name":"SalzburgerLand Tourismus","url":"https:\/\/www.salzburgerland.com\/de\/magazin\/","logo":{"@type":"ImageObject","inLanguage":"de","@id":"https:\/\/www.salzburgerland.com\/de\/magazin\/#\/schema\/logo\/image\/","url":"https:\/\/www.salzburgerland.com\/de\/magazin\/wp-content\/uploads\/2019\/06\/salzburgerland-logo1.jpg","contentUrl":"https:\/\/www.salzburgerland.com\/de\/magazin\/wp-content\/uploads\/2019\/06\/salzburgerland-logo1.jpg","width":2011,"height":866,"caption":"SalzburgerLand Tourismus"},"image":{"@id":"https:\/\/www.salzburgerland.com\/de\/magazin\/#\/schema\/logo\/image\/"},"sameAs":["https:\/\/www.facebook.com\/salzburgerland\/","https:\/\/x.com\/Salzburgerland","https:\/\/www.instagram.com\/salzburgerland\/","https:\/\/at.linkedin.com\/company\/salzburgerland-tourismus-gmbh","https:\/\/www.pinterest.at\/salzburgerland\/","https:\/\/www.youtube.com\/user\/salzburgerland","https:\/\/de.wikipedia.org\/wiki\/SalzburgerLand_Tourismus_GmbH"]},{"@type":"Person","@id":"https:\/\/www.salzburgerland.com\/de\/magazin\/#\/schema\/person\/a55a4fee1009b9e458d298480a18a9f7","name":"Ulli Hammerl","description":"Geboren und aufgewachsen in der Stadt Salzburg war Ulli Hammerl fr\u00fch bewusst, in einer der sch\u00f6nsten St\u00e4dte der Welt zu leben. So ist sie auch w\u00e4hrend ihres Studiums der Kommunikationswissenschaft und \u00d6kologie ihrer Heimatstadt treu geblieben. Gleich nach dem Studium ist sie zu SalzburgerLand Tourismus (SLTG) gegangen und hat hier von 1998 - 2004 u.a. die SalzburgerLand Card betreut. Dabei ist sie viel herumgekommen, wodurch auch die Liebe zum SalzburgerLand enstanden und gewachsen ist. Nach der Geburt ihrer Tochter im September 2004 hat sich Ulli Hammerl 2007 mit einer Agentur selbst\u00e4ndig gemacht. Mein pers\u00f6nlicher Logenplatz: Hoch \u00fcber Salzburg, abseits der stark begangenen Wege mit Blick auf die D\u00e4cher und Kircht\u00fcrme der Stadt \u2013 hier geht mir das Herz auf! Morgen- oder Abendmensch: Ganz klar: Morgenmensch. Wenn um 5.00 Uhr fr\u00fch die V\u00f6gel zwitschern und rund herum noch alles in tiefer Ruhe versinkt, dann ist meine Zeit. Ausgeschlafen, Energie geladen und voller Tatendrang starte ich am liebsten in den fr\u00fchen Morgenstunden in den Tag. Daf\u00fcr kann man nach 21.00 Uhr nicht mehr mit mir rechnen. Buch oder Film: Es gibt nichts Sch\u00f6neres, als es sich am Ende des Tages auf der Couch gem\u00fctlich zu machen und in die Gedankenwelt eines guten Buches einzutauchen \u2013 Lesen ist Abenteuer im Kopf. Wandern, Spazierengehen oder Laufen: alles drei und zwar am besten jeden Tag. Mit ein bisschen Zeiteinteilung geht es sich tats\u00e4chlich fast gehen Tag aus, drau\u00dfen unterwegs zu sein. Fr\u00fchling, Sommer, Herbst oder Winter: Ich kann es im Fr\u00fchling kaum erwarten, die ersten Gr\u00fcnschattierungen in der Natur zu entdecken. Ich liebe hei\u00dfe Sommertage am See und laue Sommerabende am Balkon. Ich mag es, wenn im Herbst die W\u00e4lder in einem Meer aus Farben erstrahlen, Laubrascheln und Kastanien sammeln. Und ich freue mich wie ein Kind, wenn im Dezember die ersten Schneeflocken vom Himmel schweben. Die vier Jahreszeiten sind etwas Wunderbares.","url":"https:\/\/www.salzburgerland.com\/de\/magazin\/author\/ulli-hammerl\/"}]}},"_wl_alt_label":[],"wl:entity_url":"http:\/\/open.salzburgerland.com\/magazin\/post\/auf-zur-seenland-garten-roas-177791","_links":{"self":[{"href":"https:\/\/www.salzburgerland.com\/de\/magazin\/wp-json\/wp\/v2\/posts\/177791","targetHints":{"allow":["GET"]}}],"collection":[{"href":"https:\/\/www.salzburgerland.com\/de\/magazin\/wp-json\/wp\/v2\/posts"}],"about":[{"href":"https:\/\/www.salzburgerland.com\/de\/magazin\/wp-json\/wp\/v2\/types\/post"}],"author":[{"embeddable":true,"href":"https:\/\/www.salzburgerland.com\/de\/magazin\/wp-json\/wp\/v2\/users\/90"}],"replies":[{"embeddable":true,"href":"https:\/\/www.salzburgerland.com\/de\/magazin\/wp-json\/wp\/v2\/comments?post=177791"}],"version-history":[{"count":9,"href":"https:\/\/www.salzburgerland.com\/de\/magazin\/wp-json\/wp\/v2\/posts\/177791\/revisions"}],"predecessor-version":[{"id":178101,"href":"https:\/\/www.salzburgerland.com\/de\/magazin\/wp-json\/wp\/v2\/posts\/177791\/revisions\/178101"}],"wp:featuredmedia":[{"embeddable":true,"href":"https:\/\/www.salzburgerland.com\/de\/magazin\/wp-json\/wp\/v2\/media\/177819"}],"wp:attachment":[{"href":"https:\/\/www.salzburgerland.com\/de\/magazin\/wp-json\/wp\/v2\/media?parent=177791"}],"wp:term":[{"taxonomy":"category","embeddable":true,"href":"https:\/\/www.salzburgerland.com\/de\/magazin\/wp-json\/wp\/v2\/categories?post=177791"},{"taxonomy":"post_tag","embeddable":true,"href":"https:\/\/www.salzburgerland.com\/de\/magazin\/wp-json\/wp\/v2\/tags?post=177791"},{"taxonomy":"wl_entity_type","embeddable":true,"href":"https:\/\/www.salzburgerland.com\/de\/magazin\/wp-json\/wp\/v2\/wl_entity_type?post=177791"},{"taxonomy":"monatsauswahl","embeddable":true,"href":"https:\/\/www.salzburgerland.com\/de\/magazin\/wp-json\/wp\/v2\/monatsauswahl?post=177791"}],"curies":[{"name":"wp","href":"https:\/\/api.w.org\/{rel}","templated":true}]}}