{"id":177740,"date":"2024-07-12T07:00:00","date_gmt":"2024-07-12T05:00:00","guid":{"rendered":"https:\/\/www.salzburgerland.com\/de\/magazin\/?p=177740"},"modified":"2024-08-16T11:32:17","modified_gmt":"2024-08-16T09:32:17","slug":"fuerthermoar-hideaways-auf-der-alm","status":"publish","type":"post","link":"https:\/\/www.salzburgerland.com\/de\/magazin\/fuerthermoar-hideaways-auf-der-alm\/","title":{"rendered":"F\u00fcrthermoar Hideaways auf der Alm"},"content":{"rendered":"\n<div class=\"wp-block-slt-top topBlocks\">\n<h2 class=\"wp-block-slt-subtitle\">Alm-Lieblingspl\u00e4tze unterm Sternenhimmel<\/h2>\n\n\n\n<p class=\"wp-block-slt-intro\">Alm-Urlaub mit Ruhe, Komfort und Stil auf 1.800 m Seeh\u00f6he bieten die F\u00fcrthermoar Hideaways in Zell am See-Kaprun, eingerahmt von den malerischen Hochgebirgsstauseen, Schafen, K\u00fchen und einem einzigartigen Sternenhimmel.<\/p>\n<\/div>\n\n\n\n<p>\u201eHier findet man einen Hauch Malediven!\u201c, verspricht Kathrin Aberger-Dick, die H\u00fcttenwirtin der <a href=\"https:\/\/www.fuerthermoar-alm.at\/de\/\" target=\"_blank\" rel=\"noreferrer noopener\">Ebmattenh\u00fctte &#8211; F\u00fcrthermoaralm<\/a>, lachend. Malediven auf der Alm? Das will ich genau wissen und melde mich f\u00fcr einen Besuch an. Ich fahre ins <a href=\"https:\/\/www.zellamsee-kaprun.com\/de\" target=\"_blank\" rel=\"noreferrer noopener\">Kapruner Tal<\/a>, vorbei an den Gletscherbahnen, die hinauf auf das <a href=\"https:\/\/www.kitzsteinhorn.at\/de\/\" target=\"_blank\" rel=\"noreferrer noopener\">Kitzsteinhorn<\/a> f\u00fchren und parke mein Auto im Parkhaus Kesselfall. Von hier geht es zu den <a href=\"https:\/\/www.verbund.com\/de-at\/ueber-verbund\/besucherzentren\/kaprun\" target=\"_blank\" rel=\"noreferrer noopener\">Hochgebirgsstauseen<\/a> gem\u00fctlich mit dem Bus weiter. Eine Anreise, die an sich schon ein Abenteuer ist, denn \u00fcber die kurvige Bergstra\u00dfe geht es hinauf bis zum L\u00e4rchwand Schr\u00e4gaufzug. Es ist der gr\u00f6\u00dfte offene Schr\u00e4gaufzug Europas und mit einer Spurweite von \u00fcber acht Meter k\u00f6nnen rund 185 Personen bef\u00f6rdert werden. Nur f\u00fcnf Minuten dauert die Fahrt, bevor es wieder mit dem Bus weitergeht in die hochalpine Almenwelt. Wir fahren vorbei am unteren Stausee, dem Wasserfallboden. In einem unglaublichen T\u00fcrkis leuchtet das stille Wasser und langsam verstehe ich, was Kathrin mit dem \u201eHauch von Malediven\u201c meint.<\/p>\n\n\n<div class=\"mag-gallery\"><div class=\"row\"><div class=\"col-6 col-sm-4\"><figure><a class=\"thumb-container\" href=\"https:\/\/www.salzburgerland.com\/de\/magazin\/wp-content\/uploads\/2024\/07\/Laerchwand_Schraegaufzug_%C2%A9VERBUND-JohannesWiedl_002-1280x1024.jpg\">\t<picture><source media=\"(min-width: 576px)\" srcset=\"https:\/\/www.salzburgerland.com\/de\/magazin\/wp-content\/uploads\/2024\/07\/Laerchwand_Schraegaufzug_&copy;VERBUND-JohannesWiedl_002-325x209.jpg 325w, https:\/\/www.salzburgerland.com\/de\/magazin\/wp-content\/uploads\/2024\/07\/Laerchwand_Schraegaufzug_&copy;VERBUND-JohannesWiedl_002-249x160.jpg 249w\"><\/source><source media=\"(min-width: 0)\" srcset=\"https:\/\/www.salzburgerland.com\/de\/magazin\/wp-content\/uploads\/2024\/07\/Laerchwand_Schraegaufzug_&copy;VERBUND-JohannesWiedl_002-249x160.jpg 249w, https:\/\/www.salzburgerland.com\/de\/magazin\/wp-content\/uploads\/2024\/07\/Laerchwand_Schraegaufzug_&copy;VERBUND-JohannesWiedl_002-325x209.jpg 325w\"><\/source><img decoding=\"async\" alt=\"\" src=\"https:\/\/www.salzburgerland.com\/de\/magazin\/wp-content\/uploads\/2024\/07\/Laerchwand_Schraegaufzug_%C2%A9VERBUND-JohannesWiedl_002.jpg\">\t<\/picture><figcaption>Der L&auml;rchenwand Schr&auml;gaufzug ist Teil der Anreise auf die Alm. &copy; Verbund Johannes Wiedl .<\/figcaption><\/a><\/figure><\/div><div class=\"col-6 col-sm-4\"><figure><a class=\"thumb-container\" href=\"https:\/\/www.salzburgerland.com\/de\/magazin\/wp-content\/uploads\/2024\/07\/Kaprun_Hochgebirgsstauseen_%C2%A9VERBUNDTourismus-JoachimHeuckeroth_001-1280x1024.jpg\">\t<picture><source media=\"(min-width: 576px)\" srcset=\"https:\/\/www.salzburgerland.com\/de\/magazin\/wp-content\/uploads\/2024\/07\/Kaprun_Hochgebirgsstauseen_&copy;VERBUNDTourismus-JoachimHeuckeroth_001-325x209.jpg 325w, https:\/\/www.salzburgerland.com\/de\/magazin\/wp-content\/uploads\/2024\/07\/Kaprun_Hochgebirgsstauseen_&copy;VERBUNDTourismus-JoachimHeuckeroth_001-249x160.jpg 249w\"><\/source><source media=\"(min-width: 0)\" srcset=\"https:\/\/www.salzburgerland.com\/de\/magazin\/wp-content\/uploads\/2024\/07\/Kaprun_Hochgebirgsstauseen_&copy;VERBUNDTourismus-JoachimHeuckeroth_001-249x160.jpg 249w, https:\/\/www.salzburgerland.com\/de\/magazin\/wp-content\/uploads\/2024\/07\/Kaprun_Hochgebirgsstauseen_&copy;VERBUNDTourismus-JoachimHeuckeroth_001-325x209.jpg 325w\"><\/source><img decoding=\"async\" alt=\"\" src=\"https:\/\/www.salzburgerland.com\/de\/magazin\/wp-content\/uploads\/2024\/07\/Kaprun_Hochgebirgsstauseen_%C2%A9VERBUNDTourismus-JoachimHeuckeroth_001-scaled.jpg\">\t<\/picture><figcaption>Blick Richtung Nordosten, &uuml;ber die beiden Stauseen Mooserboden und Wasserfallboden. Die beiden speichern rund 170 Millionen Kubikmeter Wasser. &copy; Verbund Tourismus Joachim Heuckeroth.<\/figcaption><\/a><\/figure><\/div><div class=\"col-6 col-sm-4\"><figure><a class=\"thumb-container\" href=\"https:\/\/www.salzburgerland.com\/de\/magazin\/wp-content\/uploads\/2024\/07\/Stausee_Mooserboden_%C2%A9VERBUNDTourismus-Maxum_003-1280x1024.jpg\">\t<picture><source media=\"(min-width: 576px)\" srcset=\"https:\/\/www.salzburgerland.com\/de\/magazin\/wp-content\/uploads\/2024\/07\/Stausee_Mooserboden_&copy;VERBUNDTourismus-Maxum_003-325x209.jpg 325w, https:\/\/www.salzburgerland.com\/de\/magazin\/wp-content\/uploads\/2024\/07\/Stausee_Mooserboden_&copy;VERBUNDTourismus-Maxum_003-249x160.jpg 249w\"><\/source><source media=\"(min-width: 0)\" srcset=\"https:\/\/www.salzburgerland.com\/de\/magazin\/wp-content\/uploads\/2024\/07\/Stausee_Mooserboden_&copy;VERBUNDTourismus-Maxum_003-249x160.jpg 249w, https:\/\/www.salzburgerland.com\/de\/magazin\/wp-content\/uploads\/2024\/07\/Stausee_Mooserboden_&copy;VERBUNDTourismus-Maxum_003-325x209.jpg 325w\"><\/source><img decoding=\"async\" alt=\"\" src=\"https:\/\/www.salzburgerland.com\/de\/magazin\/wp-content\/uploads\/2024\/07\/Stausee_Mooserboden_%C2%A9VERBUNDTourismus-Maxum_003-scaled.jpg\">\t<\/picture><figcaption>Kaprun Hochgebirgsstauseen: Blick vom Aussichtspunkt H&ouml;henburg auf den Stausee Mooserboden. Links die 112 Meter hohe Drossensperre, rechts die 107 Meter hohe Moosersperre, dahinter das Gebirge der Hohen Tauern &copy; Verbund Tourismus Maxum<\/figcaption><\/a><\/figure><\/div><\/div><figcaption><\/figcaption><\/div>\n\n\n\n<h2 class=\"wp-block-heading\" id=\"h-runterkommen-garantiert\">Runterkommen garantiert<\/h2>\n\n\n\n<p>Direkt an der F\u00fcrthermoaralm h\u00e4lt der Bus und Kathrin hei\u00dft mich dort schon herzlich willkommen. \u201eWie auf den Malediven ist die Anreise ein wenig aufw\u00e4ndiger, aber die Aussicht auf das t\u00fcrkise Wasser, die Almen und die unglaubliche Ruhe hier oben sind den Weg garantiert wert!\u201c, lacht sie und verspricht: \u201eHier oben ist ein Runterkommen von der Hektik des Alltags garantiert!\u201c Sie f\u00fchrt mich zur neu erbauten Alm, denn vor einigen Jahren war die alte F\u00fcrthermoaralm durch einen Brand zerst\u00f6rt worden. Ganz im Stil der urspr\u00fcnglichen Alm wurde der Neubau mit viel Fingerspitzengef\u00fchl und einem gut ausbalancierten Stilmix aus Almcharme und modernem Chic wiedererrichtet. Zur F\u00fcrthermoaralm, die als Schutzh\u00fctte auch wieder \u00fcber ein Schlaflager verf\u00fcgt, kamen mit dem Neubau auch die beiden Hideaways Mooserboden und Wasserfallboden. Sie als blo\u00dfe Ferienwohnung zu bezeichnen, t\u00e4te dem Charme der beiden Einheiten nicht Gen\u00fcge. \u201eEs sind echte Lieblingsplatzerl geworden! Wer hier \u00fcbernachtet, genie\u00dft die Alleinlage auf 1.800 m, den unglaublichen Panoramablick direkt von der Terrasse aus, die exklusive Ausstattung mit Sauna, eigenem Garten und freistehender Panorama Badewanne.\u201c<\/p>\n\n\n\n<figure class=\"wp-block-image size-full\"><img loading=\"lazy\" decoding=\"async\" width=\"1080\" height=\"720\" src=\"https:\/\/www.salzburgerland.com\/de\/magazin\/wp-content\/uploads\/2024\/07\/aad057f2-886a-4cfc-bc55-ea992b63840f.jpeg\" alt=\"aad057f2-886a-4cfc-bc55-ea992b63840f\" class=\"wp-image-177747\" srcset=\"https:\/\/www.salzburgerland.com\/de\/magazin\/wp-content\/uploads\/2024\/07\/aad057f2-886a-4cfc-bc55-ea992b63840f.jpeg 1080w, https:\/\/www.salzburgerland.com\/de\/magazin\/wp-content\/uploads\/2024\/07\/aad057f2-886a-4cfc-bc55-ea992b63840f-300x200.jpeg 300w, https:\/\/www.salzburgerland.com\/de\/magazin\/wp-content\/uploads\/2024\/07\/aad057f2-886a-4cfc-bc55-ea992b63840f-825x550.jpeg 825w, https:\/\/www.salzburgerland.com\/de\/magazin\/wp-content\/uploads\/2024\/07\/aad057f2-886a-4cfc-bc55-ea992b63840f-600x400.jpeg 600w, https:\/\/www.salzburgerland.com\/de\/magazin\/wp-content\/uploads\/2024\/07\/aad057f2-886a-4cfc-bc55-ea992b63840f-150x100.jpeg 150w\" sizes=\"auto, (max-width: 1080px) 100vw, 1080px\" \/><figcaption class=\"wp-element-caption\">Sicher eines der Highlights im H\u00fctten-Urlaub &#8211; Baden mit Traum-Panorama. \u00a9 Stefanie Oberhauser &amp; JFK Photography. <\/figcaption><\/figure>\n\n\n<div class=\"mag-gallery\"><div class=\"row\"><div class=\"col-6 col-sm-4\"><figure><a class=\"thumb-container\" href=\"https:\/\/www.salzburgerland.com\/de\/magazin\/wp-content\/uploads\/2024\/07\/ce9493e0-eddf-48f6-b75f-157ad761408a-1280x1024.jpeg\">\t<picture><source media=\"(min-width: 576px)\" srcset=\"https:\/\/www.salzburgerland.com\/de\/magazin\/wp-content\/uploads\/2024\/07\/ce9493e0-eddf-48f6-b75f-157ad761408a-325x209.jpeg 325w, https:\/\/www.salzburgerland.com\/de\/magazin\/wp-content\/uploads\/2024\/07\/ce9493e0-eddf-48f6-b75f-157ad761408a-249x160.jpeg 249w\"><\/source><source media=\"(min-width: 0)\" srcset=\"https:\/\/www.salzburgerland.com\/de\/magazin\/wp-content\/uploads\/2024\/07\/ce9493e0-eddf-48f6-b75f-157ad761408a-249x160.jpeg 249w, https:\/\/www.salzburgerland.com\/de\/magazin\/wp-content\/uploads\/2024\/07\/ce9493e0-eddf-48f6-b75f-157ad761408a-325x209.jpeg 325w\"><\/source><img decoding=\"async\" alt=\"\" src=\"https:\/\/www.salzburgerland.com\/de\/magazin\/wp-content\/uploads\/2024\/07\/ce9493e0-eddf-48f6-b75f-157ad761408a.jpeg\">\t<\/picture><figcaption>Die Hideaways. &copy; Stefanie Oberhauser &amp; JFK Photography. <\/figcaption><\/a><\/figure><\/div><div class=\"col-6 col-sm-4\"><figure><a class=\"thumb-container\" href=\"https:\/\/www.salzburgerland.com\/de\/magazin\/wp-content\/uploads\/2024\/07\/fedab461-8737-41ab-a8eb-15f67f3cd3b6-1280x1024.jpeg\">\t<picture><source media=\"(min-width: 576px)\" srcset=\"https:\/\/www.salzburgerland.com\/de\/magazin\/wp-content\/uploads\/2024\/07\/fedab461-8737-41ab-a8eb-15f67f3cd3b6-325x209.jpeg 325w, https:\/\/www.salzburgerland.com\/de\/magazin\/wp-content\/uploads\/2024\/07\/fedab461-8737-41ab-a8eb-15f67f3cd3b6-249x160.jpeg 249w\"><\/source><source media=\"(min-width: 0)\" srcset=\"https:\/\/www.salzburgerland.com\/de\/magazin\/wp-content\/uploads\/2024\/07\/fedab461-8737-41ab-a8eb-15f67f3cd3b6-249x160.jpeg 249w, https:\/\/www.salzburgerland.com\/de\/magazin\/wp-content\/uploads\/2024\/07\/fedab461-8737-41ab-a8eb-15f67f3cd3b6-325x209.jpeg 325w\"><\/source><img decoding=\"async\" alt=\"\" src=\"https:\/\/www.salzburgerland.com\/de\/magazin\/wp-content\/uploads\/2024\/07\/fedab461-8737-41ab-a8eb-15f67f3cd3b6.jpeg\">\t<\/picture><figcaption>Der eigene Garten. &copy; Stefanie Oberhauser &amp; JFK Photography. <\/figcaption><\/a><\/figure><\/div><div class=\"col-6 col-sm-4\"><figure><a class=\"thumb-container\" href=\"https:\/\/www.salzburgerland.com\/de\/magazin\/wp-content\/uploads\/2024\/07\/cf6e426a-d91c-41ac-b4ab-1300b34e240b-1280x1024.jpeg\">\t<picture><source media=\"(min-width: 576px)\" srcset=\"https:\/\/www.salzburgerland.com\/de\/magazin\/wp-content\/uploads\/2024\/07\/cf6e426a-d91c-41ac-b4ab-1300b34e240b-325x209.jpeg 325w, https:\/\/www.salzburgerland.com\/de\/magazin\/wp-content\/uploads\/2024\/07\/cf6e426a-d91c-41ac-b4ab-1300b34e240b-249x160.jpeg 249w\"><\/source><source media=\"(min-width: 0)\" srcset=\"https:\/\/www.salzburgerland.com\/de\/magazin\/wp-content\/uploads\/2024\/07\/cf6e426a-d91c-41ac-b4ab-1300b34e240b-249x160.jpeg 249w, https:\/\/www.salzburgerland.com\/de\/magazin\/wp-content\/uploads\/2024\/07\/cf6e426a-d91c-41ac-b4ab-1300b34e240b-325x209.jpeg 325w\"><\/source><img decoding=\"async\" alt=\"\" src=\"https:\/\/www.salzburgerland.com\/de\/magazin\/wp-content\/uploads\/2024\/07\/cf6e426a-d91c-41ac-b4ab-1300b34e240b.jpeg\">\t<\/picture><figcaption>Entspannte N&auml;chte. &copy; Stefanie Oberhauser &amp; JFK Photography. <\/figcaption><\/a><\/figure><\/div><\/div><figcaption><\/figcaption><\/div>\n\n\n\n<h2 class=\"wp-block-heading\" id=\"h-die-moarin\">Die Moarin<\/h2>\n\n\n\n<p>Mit einem guten Gef\u00fchl f\u00fcr Design wurden die Farben des Wassers, der Wiesen und Berge in der Innenausstattung wieder aufgenommen. An der Wand prangt das bunte Portr\u00e4t einer Kuh. \u201eDas ist die Moarin.02. Die Moarin war eine unserer K\u00fche, die die Pinzgauer K\u00fcnstlerin Resi Innerhofer \u2013 sie hat selbst zwei Saisonen hier oben gearbeitet \u2013 ganz wundervoll f\u00fcr uns portr\u00e4tierte. Bei dem Brand wurde das Bild jedoch leider zerst\u00f6rt. Nach einem Foto der Moarin.01, das wir zum Gl\u00fcck digital verf\u00fcgbar hatten, malte die K\u00fcnstlerin die Moarin.02 \u2013 noch lieblicher, noch freundlicher.\u201c Freundlich und heimelig ist auch das Gef\u00fchl hier im Hideaway, und doch hat das Ambiente nichts mit Almh\u00fctten-Kitsch zu tun. Ein idealer Platz f\u00fcr eine mehrt\u00e4gige Auszeit, bei der man untertags das Gel\u00e4nde um die F\u00fcrthermoaralm und die Stauseen erkunden kann und abends den Berg fast f\u00fcr sich hat. Vom Garten und der gesch\u00fctzten Terrasse aus tut sich ein atemberaubendes Panorama auf, an dem man sich keinesfalls sattsehen kann.<\/p>\n\n\n<div class=\"mag-gallery\"><div class=\"row\"><div class=\"col-6 col-sm-4\"><figure><a class=\"thumb-container\" href=\"https:\/\/www.salzburgerland.com\/de\/magazin\/wp-content\/uploads\/2024\/07\/a3866092-26b9-4132-a3e6-4ea4b5d79b22-1280x1024.jpeg\">\t<picture><source media=\"(min-width: 576px)\" srcset=\"https:\/\/www.salzburgerland.com\/de\/magazin\/wp-content\/uploads\/2024\/07\/a3866092-26b9-4132-a3e6-4ea4b5d79b22-325x209.jpeg 325w, https:\/\/www.salzburgerland.com\/de\/magazin\/wp-content\/uploads\/2024\/07\/a3866092-26b9-4132-a3e6-4ea4b5d79b22-249x160.jpeg 249w\"><\/source><source media=\"(min-width: 0)\" srcset=\"https:\/\/www.salzburgerland.com\/de\/magazin\/wp-content\/uploads\/2024\/07\/a3866092-26b9-4132-a3e6-4ea4b5d79b22-249x160.jpeg 249w, https:\/\/www.salzburgerland.com\/de\/magazin\/wp-content\/uploads\/2024\/07\/a3866092-26b9-4132-a3e6-4ea4b5d79b22-325x209.jpeg 325w\"><\/source><img decoding=\"async\" alt=\"\" src=\"https:\/\/www.salzburgerland.com\/de\/magazin\/wp-content\/uploads\/2024\/07\/a3866092-26b9-4132-a3e6-4ea4b5d79b22.jpeg\">\t<\/picture><figcaption>Die Moarin.02. &copy; Stefanie Oberhauser &amp; JFK Photography. <\/figcaption><\/a><\/figure><\/div><div class=\"col-6 col-sm-4\"><figure><a class=\"thumb-container\" href=\"https:\/\/www.salzburgerland.com\/de\/magazin\/wp-content\/uploads\/2024\/07\/5368a89f-8c51-45d5-80b4-a7dc78edc3d8-1280x1024.jpeg\">\t<picture><source media=\"(min-width: 576px)\" srcset=\"https:\/\/www.salzburgerland.com\/de\/magazin\/wp-content\/uploads\/2024\/07\/5368a89f-8c51-45d5-80b4-a7dc78edc3d8-325x209.jpeg 325w, https:\/\/www.salzburgerland.com\/de\/magazin\/wp-content\/uploads\/2024\/07\/5368a89f-8c51-45d5-80b4-a7dc78edc3d8-249x160.jpeg 249w\"><\/source><source media=\"(min-width: 0)\" srcset=\"https:\/\/www.salzburgerland.com\/de\/magazin\/wp-content\/uploads\/2024\/07\/5368a89f-8c51-45d5-80b4-a7dc78edc3d8-249x160.jpeg 249w, https:\/\/www.salzburgerland.com\/de\/magazin\/wp-content\/uploads\/2024\/07\/5368a89f-8c51-45d5-80b4-a7dc78edc3d8-325x209.jpeg 325w\"><\/source><img decoding=\"async\" alt=\"\" src=\"https:\/\/www.salzburgerland.com\/de\/magazin\/wp-content\/uploads\/2024\/07\/5368a89f-8c51-45d5-80b4-a7dc78edc3d8.jpeg\">\t<\/picture><figcaption>&copy; Stefanie Oberhauser &amp; JFK Photography. . <\/figcaption><\/a><\/figure><\/div><div class=\"col-6 col-sm-4\"><figure><a class=\"thumb-container\" href=\"https:\/\/www.salzburgerland.com\/de\/magazin\/wp-content\/uploads\/2024\/07\/5a731d90-edf1-493f-9b74-b98c2605cce7-1280x1024.jpeg\">\t<picture><source media=\"(min-width: 576px)\" srcset=\"https:\/\/www.salzburgerland.com\/de\/magazin\/wp-content\/uploads\/2024\/07\/5a731d90-edf1-493f-9b74-b98c2605cce7-325x209.jpeg 325w, https:\/\/www.salzburgerland.com\/de\/magazin\/wp-content\/uploads\/2024\/07\/5a731d90-edf1-493f-9b74-b98c2605cce7-249x160.jpeg 249w\"><\/source><source media=\"(min-width: 0)\" srcset=\"https:\/\/www.salzburgerland.com\/de\/magazin\/wp-content\/uploads\/2024\/07\/5a731d90-edf1-493f-9b74-b98c2605cce7-249x160.jpeg 249w, https:\/\/www.salzburgerland.com\/de\/magazin\/wp-content\/uploads\/2024\/07\/5a731d90-edf1-493f-9b74-b98c2605cce7-325x209.jpeg 325w\"><\/source><img decoding=\"async\" alt=\"\" src=\"https:\/\/www.salzburgerland.com\/de\/magazin\/wp-content\/uploads\/2024\/07\/5a731d90-edf1-493f-9b74-b98c2605cce7.jpeg\">\t<\/picture><figcaption>Abendstimmung. &copy; Stefanie Oberhauser &amp; JFK Photography. <\/figcaption><\/a><\/figure><\/div><\/div><figcaption><\/figcaption><\/div>\n\n\n\n<h2 class=\"wp-block-heading\" id=\"h-basislager-fur-bergabenteuer\">Basislager f\u00fcr Bergabenteuer<\/h2>\n\n\n\n<p>Idyllisch und wild ist es hier auf der F\u00fcrthermoaralm, hoch oben \u00fcber Kaprun, zwischen den beiden t\u00fcrkisblauen Hochgebirgsstauseen. Die imposante 107 Meter hohe und fast 500 Meter lange Talsperre pr\u00e4gt das Landschaftsbild. Die beiden Seen Mooserboden und der etwas tiefer gelegene Wasserfallboden sind ein beliebtes Ausflugsziel, umringt von den schroffen Steilh\u00e4ngen von zehn Dreitausendern wie Kitzsteinhorn, Hohem und Niederem Tenn, Bauernbrachkopf, Wiesbachhorn und Grie\u00dfkogel. \u201eHier ist ein ideales Basislager f\u00fcr den einen oder anderen hochalpinen Gipfelsieg. Aber auch sanfte Spazierg\u00e4nge, Erkundungs-Wanderungen zur Staumauer inklusive F\u00fchrung und Klettern an der Staumauer oder auch nur entspanntes Ruhen im Garten der Hideways. Jeder verbringt seine Tage hier nach seinem Geschmack. Auch f\u00fcr ganz pers\u00f6nliche magische Momente und Hochzeiten sind wir eine traumhafte Location. Und obwohl man hier so weit weg von allem ist, ist man nicht einsam. Man wird von unserem Team auf Wunsch rundum betreut. So hat man in den Hideaways die M\u00f6glichkeit selbst zu kochen, oder sich frisch gekochte Mahlzeiten von der Alm zu holen. Zum Fr\u00fchst\u00fcck gibt es hauseigene Almprodukte im Fr\u00fchst\u00fcckswagerl direkt in die Wohnung geliefert. Wer mag, bleibt ganz f\u00fcr sich, hat aber die gute Gewissheit, nicht ganz allein hier oben zu sein.\u201c<\/p>\n\n\n<div class=\"mag-gallery\"><div class=\"row\"><div class=\"col-6 col-sm-4\"><figure><a class=\"thumb-container\" href=\"https:\/\/www.salzburgerland.com\/de\/magazin\/wp-content\/uploads\/2024\/07\/Klettersteigarena_%C2%A9ZellAmSee-Kaprun_008-1280x1024.jpg\">\t<picture><source media=\"(min-width: 576px)\" srcset=\"https:\/\/www.salzburgerland.com\/de\/magazin\/wp-content\/uploads\/2024\/07\/Klettersteigarena_&copy;ZellAmSee-Kaprun_008-325x209.jpg 325w, https:\/\/www.salzburgerland.com\/de\/magazin\/wp-content\/uploads\/2024\/07\/Klettersteigarena_&copy;ZellAmSee-Kaprun_008-249x160.jpg 249w\"><\/source><source media=\"(min-width: 0)\" srcset=\"https:\/\/www.salzburgerland.com\/de\/magazin\/wp-content\/uploads\/2024\/07\/Klettersteigarena_&copy;ZellAmSee-Kaprun_008-249x160.jpg 249w, https:\/\/www.salzburgerland.com\/de\/magazin\/wp-content\/uploads\/2024\/07\/Klettersteigarena_&copy;ZellAmSee-Kaprun_008-325x209.jpg 325w\"><\/source><img decoding=\"async\" alt=\"\" src=\"https:\/\/www.salzburgerland.com\/de\/magazin\/wp-content\/uploads\/2024\/07\/Klettersteigarena_%C2%A9ZellAmSee-Kaprun_008-scaled.jpg\">\t<\/picture><figcaption>Die Klettersteigarena &uuml;ber dem Hochgebirgsstausee. &copy; Zell am See Kaprun. <\/figcaption><\/a><\/figure><\/div><div class=\"col-6 col-sm-4\"><figure><a class=\"thumb-container\" href=\"https:\/\/www.salzburgerland.com\/de\/magazin\/wp-content\/uploads\/2024\/07\/Klettersteigarena_%C2%A9ZellAmSee-Kaprun_007-1280x1024.jpg\">\t<picture><source media=\"(min-width: 576px)\" srcset=\"https:\/\/www.salzburgerland.com\/de\/magazin\/wp-content\/uploads\/2024\/07\/Klettersteigarena_&copy;ZellAmSee-Kaprun_007-325x209.jpg 325w, https:\/\/www.salzburgerland.com\/de\/magazin\/wp-content\/uploads\/2024\/07\/Klettersteigarena_&copy;ZellAmSee-Kaprun_007-249x160.jpg 249w\"><\/source><source media=\"(min-width: 0)\" srcset=\"https:\/\/www.salzburgerland.com\/de\/magazin\/wp-content\/uploads\/2024\/07\/Klettersteigarena_&copy;ZellAmSee-Kaprun_007-249x160.jpg 249w, https:\/\/www.salzburgerland.com\/de\/magazin\/wp-content\/uploads\/2024\/07\/Klettersteigarena_&copy;ZellAmSee-Kaprun_007-325x209.jpg 325w\"><\/source><img decoding=\"async\" alt=\"\" src=\"https:\/\/www.salzburgerland.com\/de\/magazin\/wp-content\/uploads\/2024\/07\/Klettersteigarena_%C2%A9ZellAmSee-Kaprun_007-scaled.jpg\">\t<\/picture><figcaption>Auch entlang der Staumauer kann man klettern.&copy; Zell am See Kaprun <\/figcaption><\/a><\/figure><\/div><div class=\"col-6 col-sm-4\"><figure><a class=\"thumb-container\" href=\"https:\/\/www.salzburgerland.com\/de\/magazin\/wp-content\/uploads\/2024\/07\/Stausee_Mooserboden_%C2%A9VERBUNDTourismus_004-1280x1024.jpg\">\t<picture><source media=\"(min-width: 576px)\" srcset=\"https:\/\/www.salzburgerland.com\/de\/magazin\/wp-content\/uploads\/2024\/07\/Stausee_Mooserboden_&copy;VERBUNDTourismus_004-325x209.jpg 325w, https:\/\/www.salzburgerland.com\/de\/magazin\/wp-content\/uploads\/2024\/07\/Stausee_Mooserboden_&copy;VERBUNDTourismus_004-249x160.jpg 249w\"><\/source><source media=\"(min-width: 0)\" srcset=\"https:\/\/www.salzburgerland.com\/de\/magazin\/wp-content\/uploads\/2024\/07\/Stausee_Mooserboden_&copy;VERBUNDTourismus_004-249x160.jpg 249w, https:\/\/www.salzburgerland.com\/de\/magazin\/wp-content\/uploads\/2024\/07\/Stausee_Mooserboden_&copy;VERBUNDTourismus_004-325x209.jpg 325w\"><\/source><img decoding=\"async\" alt=\"\" src=\"https:\/\/www.salzburgerland.com\/de\/magazin\/wp-content\/uploads\/2024\/07\/Stausee_Mooserboden_%C2%A9VERBUNDTourismus_004-scaled.jpg\">\t<\/picture><figcaption>Blick auf den Stausee Mooserboden in Kaprun, &copy;VERBUND Tourismus GmbH<\/figcaption><\/a><\/figure><\/div><div class=\"col-6 col-sm-4\"><figure><a class=\"thumb-container\" href=\"https:\/\/www.salzburgerland.com\/de\/magazin\/wp-content\/uploads\/2024\/07\/b6760753-a283-4dcc-a625-f3eb468afbad-1280x1024.jpeg\">\t<picture><source media=\"(min-width: 576px)\" srcset=\"https:\/\/www.salzburgerland.com\/de\/magazin\/wp-content\/uploads\/2024\/07\/b6760753-a283-4dcc-a625-f3eb468afbad-325x209.jpeg 325w, https:\/\/www.salzburgerland.com\/de\/magazin\/wp-content\/uploads\/2024\/07\/b6760753-a283-4dcc-a625-f3eb468afbad-249x160.jpeg 249w\"><\/source><source media=\"(min-width: 0)\" srcset=\"https:\/\/www.salzburgerland.com\/de\/magazin\/wp-content\/uploads\/2024\/07\/b6760753-a283-4dcc-a625-f3eb468afbad-249x160.jpeg 249w, https:\/\/www.salzburgerland.com\/de\/magazin\/wp-content\/uploads\/2024\/07\/b6760753-a283-4dcc-a625-f3eb468afbad-325x209.jpeg 325w\"><\/source><img decoding=\"async\" alt=\"\" src=\"https:\/\/www.salzburgerland.com\/de\/magazin\/wp-content\/uploads\/2024\/07\/b6760753-a283-4dcc-a625-f3eb468afbad.jpeg\">\t<\/picture><figcaption>&copy; Stefanie Oberhauser &amp; JFK Photography. <\/figcaption><\/a><\/figure><\/div><div class=\"col-6 col-sm-4\"><figure><a class=\"thumb-container\" href=\"https:\/\/www.salzburgerland.com\/de\/magazin\/wp-content\/uploads\/2024\/07\/4028d15b-a5d4-4327-87d2-3ccdb778e4c6-1280x1024.jpeg\">\t<picture><source media=\"(min-width: 576px)\" srcset=\"https:\/\/www.salzburgerland.com\/de\/magazin\/wp-content\/uploads\/2024\/07\/4028d15b-a5d4-4327-87d2-3ccdb778e4c6-325x209.jpeg 325w, https:\/\/www.salzburgerland.com\/de\/magazin\/wp-content\/uploads\/2024\/07\/4028d15b-a5d4-4327-87d2-3ccdb778e4c6-249x160.jpeg 249w\"><\/source><source media=\"(min-width: 0)\" srcset=\"https:\/\/www.salzburgerland.com\/de\/magazin\/wp-content\/uploads\/2024\/07\/4028d15b-a5d4-4327-87d2-3ccdb778e4c6-249x160.jpeg 249w, https:\/\/www.salzburgerland.com\/de\/magazin\/wp-content\/uploads\/2024\/07\/4028d15b-a5d4-4327-87d2-3ccdb778e4c6-325x209.jpeg 325w\"><\/source><img decoding=\"async\" alt=\"\" src=\"https:\/\/www.salzburgerland.com\/de\/magazin\/wp-content\/uploads\/2024\/07\/4028d15b-a5d4-4327-87d2-3ccdb778e4c6.jpeg\">\t<\/picture><figcaption>&copy; Stefanie Oberhauser &amp; JFK Photography. <\/figcaption><\/a><\/figure><\/div><div class=\"col-6 col-sm-4\"><figure><a class=\"thumb-container\" href=\"https:\/\/www.salzburgerland.com\/de\/magazin\/wp-content\/uploads\/2024\/07\/c9d6be32-500a-4f84-93a8-3d9bac6e7fd6-1280x1024.jpeg\">\t<picture><source media=\"(min-width: 576px)\" srcset=\"https:\/\/www.salzburgerland.com\/de\/magazin\/wp-content\/uploads\/2024\/07\/c9d6be32-500a-4f84-93a8-3d9bac6e7fd6-325x209.jpeg 325w, https:\/\/www.salzburgerland.com\/de\/magazin\/wp-content\/uploads\/2024\/07\/c9d6be32-500a-4f84-93a8-3d9bac6e7fd6-249x160.jpeg 249w\"><\/source><source media=\"(min-width: 0)\" srcset=\"https:\/\/www.salzburgerland.com\/de\/magazin\/wp-content\/uploads\/2024\/07\/c9d6be32-500a-4f84-93a8-3d9bac6e7fd6-249x160.jpeg 249w, https:\/\/www.salzburgerland.com\/de\/magazin\/wp-content\/uploads\/2024\/07\/c9d6be32-500a-4f84-93a8-3d9bac6e7fd6-325x209.jpeg 325w\"><\/source><img decoding=\"async\" alt=\"\" src=\"https:\/\/www.salzburgerland.com\/de\/magazin\/wp-content\/uploads\/2024\/07\/c9d6be32-500a-4f84-93a8-3d9bac6e7fd6.jpeg\">\t<\/picture><figcaption>Die gem&uuml;tliche Stube. &copy; Stefanie Oberhauser &amp; JFK Photography. <\/figcaption><\/a><\/figure><\/div><\/div><figcaption><\/figcaption><\/div>\n\n\n\n<h2 class=\"wp-block-heading\" id=\"h-ein-rucksack-voller-glucksgefuhle\">Ein Rucksack voller Gl\u00fccksgef\u00fchle<\/h2>\n\n\n\n<p>Kathrin, die mit ihrem Mann Markus und ihren drei Kindern die Alm bewirtschaftet, ist mit vollem Herzblut H\u00fcttenwirtin. \u201eWir kommen im Juni mit unseren 140 K\u00fchen, 50 Milchk\u00fchen und Jungvieh, zu Fu\u00df in einem 4,5 Stunden-Marsch von Kaprun hier herauf. Zus\u00e4tzlich beherbergt das Almgebiet \u00fcber die Sommermonate 600 Schafe und 50 Ziegen. Mein Mann Markus und unser Sohn Max k\u00fcmmern sich um das Vieh hier oben und auch um die Landwirtschaft daheim. Unsere sch\u00f6nste Tageszeit hier auf der F\u00fcrthermoaralm sind die Abende. Wenn die Tagesg\u00e4ste mit dem Bus ins Tal gefahren sind, die Berggipfel im letzten Licht aufgl\u00fchen, das Vieh versorgt und alles still ist, dann ist es uns selbst auch immer bewusst, wie sch\u00f6n wir es hier haben. Dann h\u00f6rt man fast den Puls der Natur. Und dieses Gef\u00fchl k\u00f6nnen nun auch unsere G\u00e4ste in den Hideaways erleben und merken, dass die Zeit hier oben eine andere Qualit\u00e4t hat. Hier reist man mit Hunger auf Natur und Berg-Abenteuer an und nach ein paar Tagen verl\u00e4sst man die F\u00fcrthermoar Alm mit einem Rucksack voller Gl\u00fccksgef\u00fchle.\u201c<\/p>\n\n\n\n<figure class=\"wp-block-image size-full\"><img loading=\"lazy\" decoding=\"async\" width=\"1600\" height=\"1066\" src=\"https:\/\/www.salzburgerland.com\/de\/magazin\/wp-content\/uploads\/2024\/07\/c048e83b-d466-4eff-9947-3df0c1536aea.jpeg\" alt=\"c048e83b-d466-4eff-9947-3df0c1536aea\" class=\"wp-image-177750\" srcset=\"https:\/\/www.salzburgerland.com\/de\/magazin\/wp-content\/uploads\/2024\/07\/c048e83b-d466-4eff-9947-3df0c1536aea.jpeg 1600w, https:\/\/www.salzburgerland.com\/de\/magazin\/wp-content\/uploads\/2024\/07\/c048e83b-d466-4eff-9947-3df0c1536aea-300x200.jpeg 300w, https:\/\/www.salzburgerland.com\/de\/magazin\/wp-content\/uploads\/2024\/07\/c048e83b-d466-4eff-9947-3df0c1536aea-1536x1023.jpeg 1536w, https:\/\/www.salzburgerland.com\/de\/magazin\/wp-content\/uploads\/2024\/07\/c048e83b-d466-4eff-9947-3df0c1536aea-826x550.jpeg 826w, https:\/\/www.salzburgerland.com\/de\/magazin\/wp-content\/uploads\/2024\/07\/c048e83b-d466-4eff-9947-3df0c1536aea-600x400.jpeg 600w, https:\/\/www.salzburgerland.com\/de\/magazin\/wp-content\/uploads\/2024\/07\/c048e83b-d466-4eff-9947-3df0c1536aea-1320x879.jpeg 1320w, https:\/\/www.salzburgerland.com\/de\/magazin\/wp-content\/uploads\/2024\/07\/c048e83b-d466-4eff-9947-3df0c1536aea-150x100.jpeg 150w\" sizes=\"auto, (max-width: 1600px) 100vw, 1600px\" \/><figcaption class=\"wp-element-caption\">\u00a9 Nikolaus Faistauer Photography. Die Familie Aberger Dick &#8211; hier helfen im Almsommer alle mit.<\/figcaption><\/figure>\n\n\n\n<p><strong>Kontakt: <\/strong><br>Ebmattenh\u00fctte &#8211; F\u00fcrthermoaralm Kaprun<br>Familie Aberger-Dick<br><a href=\"https:\/\/www.fuerthermoar-alm.at\/de\/\" target=\"_blank\" rel=\"noreferrer noopener\">www.fuerthermoar-alm.at <\/a><br><a href=\"mailto:office@fuerthermoar.at\">office@fuerthermoar.at<\/a><\/p>\n","protected":false},"excerpt":{"rendered":"<p>\u201eHier findet man einen Hauch Malediven!\u201c, verspricht Kathrin Aberger-Dick, die H\u00fcttenwirtin der Ebmattenh\u00fctte &#8211; F\u00fcrthermoaralm, lachend. Malediven auf der Alm? Das will ich genau wissen und melde mich f\u00fcr einen Besuch an. Ich fahre ins Kapruner Tal, vorbei an den Gletscherbahnen, die hinauf auf das Kitzsteinhorn f\u00fchren und parke mein Auto im Parkhaus Kesselfall. Von [&hellip;]<\/p>\n","protected":false},"author":11,"featured_media":177742,"comment_status":"closed","ping_status":"closed","sticky":false,"template":"","format":"standard","meta":{"_acf_changed":false,"wl_entities_gutenberg":"","_wl_entity_redirect_enabled":"","footnotes":""},"categories":[5],"tags":[],"wl_entity_type":[306],"monatsauswahl":[],"class_list":["post-177740","post","type-post","status-publish","format-standard","has-post-thumbnail","hentry","category-hotel-reise","wl_entity_type-article"],"acf":[],"yoast_head":"<!-- This site is optimized with the Yoast SEO Premium plugin v27.4 (Yoast SEO v27.4) - https:\/\/yoast.com\/product\/yoast-seo-premium-wordpress\/ -->\n<title>F\u00fcrthermoar Hideaways auf der Alm - SalzburgerLand Magazin<\/title>\n<meta name=\"robots\" content=\"index, follow, max-snippet:-1, max-image-preview:large, max-video-preview:-1\" \/>\n<link rel=\"canonical\" href=\"https:\/\/www.salzburgerland.com\/de\/magazin\/fuerthermoar-hideaways-auf-der-alm\/\" \/>\n<meta property=\"og:locale\" content=\"de_DE\" \/>\n<meta property=\"og:type\" content=\"article\" \/>\n<meta property=\"og:title\" content=\"F\u00fcrthermoar Hideaways auf der Alm\" \/>\n<meta property=\"og:description\" content=\"\u201eHier findet man einen Hauch Malediven!\u201c, verspricht Kathrin Aberger-Dick, die H\u00fcttenwirtin der Ebmattenh\u00fctte &#8211; F\u00fcrthermoaralm, lachend. Malediven auf der Alm? Das will ich genau wissen und melde mich f\u00fcr einen Besuch an. Ich fahre ins Kapruner Tal, vorbei an den Gletscherbahnen, die hinauf auf das Kitzsteinhorn f\u00fchren und parke mein Auto im Parkhaus Kesselfall. Von [&hellip;]\" \/>\n<meta property=\"og:url\" content=\"https:\/\/www.salzburgerland.com\/de\/magazin\/fuerthermoar-hideaways-auf-der-alm\/\" \/>\n<meta property=\"og:site_name\" content=\"SalzburgerLand Magazin\" \/>\n<meta property=\"article:publisher\" content=\"https:\/\/www.facebook.com\/salzburgerland\/\" \/>\n<meta property=\"article:published_time\" content=\"2024-07-12T05:00:00+00:00\" \/>\n<meta property=\"article:modified_time\" content=\"2024-08-16T09:32:17+00:00\" \/>\n<meta property=\"og:image\" content=\"https:\/\/www.salzburgerland.com\/de\/magazin\/wp-content\/uploads\/2024\/07\/0a7202ff-1c0f-4e5c-8b85-2277e396e606.jpeg\" \/>\n\t<meta property=\"og:image:width\" content=\"1600\" \/>\n\t<meta property=\"og:image:height\" content=\"1067\" \/>\n\t<meta property=\"og:image:type\" content=\"image\/jpeg\" \/>\n<meta name=\"author\" content=\"Edith Danzer\" \/>\n<meta name=\"twitter:card\" content=\"summary_large_image\" \/>\n<meta name=\"twitter:creator\" content=\"@Salzburgerland\" \/>\n<meta name=\"twitter:site\" content=\"@Salzburgerland\" \/>\n<meta name=\"twitter:label1\" content=\"Verfasst von\" \/>\n\t<meta name=\"twitter:data1\" content=\"Edith Danzer\" \/>\n\t<meta name=\"twitter:label2\" content=\"Gesch\u00e4tzte Lesezeit\" \/>\n\t<meta name=\"twitter:data2\" content=\"10\u00a0Minuten\" \/>\n<script type=\"application\/ld+json\" class=\"yoast-schema-graph\">{\"@context\":\"https:\\\/\\\/schema.org\",\"@graph\":[{\"@type\":\"Article\",\"@id\":\"https:\\\/\\\/www.salzburgerland.com\\\/de\\\/magazin\\\/fuerthermoar-hideaways-auf-der-alm\\\/#article\",\"isPartOf\":{\"@id\":\"https:\\\/\\\/www.salzburgerland.com\\\/de\\\/magazin\\\/fuerthermoar-hideaways-auf-der-alm\\\/\"},\"author\":{\"name\":\"Edith Danzer\",\"@id\":\"https:\\\/\\\/www.salzburgerland.com\\\/de\\\/magazin\\\/#\\\/schema\\\/person\\\/79452c699c410aa31a119426313748de\"},\"headline\":\"F\u00fcrthermoar Hideaways auf der Alm\",\"datePublished\":\"2024-07-12T05:00:00+00:00\",\"dateModified\":\"2024-08-16T09:32:17+00:00\",\"mainEntityOfPage\":{\"@id\":\"https:\\\/\\\/www.salzburgerland.com\\\/de\\\/magazin\\\/fuerthermoar-hideaways-auf-der-alm\\\/\"},\"wordCount\":1184,\"publisher\":{\"@id\":\"https:\\\/\\\/www.salzburgerland.com\\\/de\\\/magazin\\\/#organization\"},\"image\":{\"@id\":\"https:\\\/\\\/www.salzburgerland.com\\\/de\\\/magazin\\\/fuerthermoar-hideaways-auf-der-alm\\\/#primaryimage\"},\"thumbnailUrl\":\"https:\\\/\\\/www.salzburgerland.com\\\/de\\\/magazin\\\/wp-content\\\/uploads\\\/2024\\\/07\\\/0a7202ff-1c0f-4e5c-8b85-2277e396e606.jpeg\",\"articleSection\":[\"Hotel &amp; Reise\"],\"inLanguage\":\"de\"},{\"@type\":\"WebPage\",\"@id\":\"https:\\\/\\\/www.salzburgerland.com\\\/de\\\/magazin\\\/fuerthermoar-hideaways-auf-der-alm\\\/\",\"url\":\"https:\\\/\\\/www.salzburgerland.com\\\/de\\\/magazin\\\/fuerthermoar-hideaways-auf-der-alm\\\/\",\"name\":\"F\u00fcrthermoar Hideaways auf der Alm - SalzburgerLand Magazin\",\"isPartOf\":{\"@id\":\"https:\\\/\\\/www.salzburgerland.com\\\/de\\\/magazin\\\/#website\"},\"primaryImageOfPage\":{\"@id\":\"https:\\\/\\\/www.salzburgerland.com\\\/de\\\/magazin\\\/fuerthermoar-hideaways-auf-der-alm\\\/#primaryimage\"},\"image\":{\"@id\":\"https:\\\/\\\/www.salzburgerland.com\\\/de\\\/magazin\\\/fuerthermoar-hideaways-auf-der-alm\\\/#primaryimage\"},\"thumbnailUrl\":\"https:\\\/\\\/www.salzburgerland.com\\\/de\\\/magazin\\\/wp-content\\\/uploads\\\/2024\\\/07\\\/0a7202ff-1c0f-4e5c-8b85-2277e396e606.jpeg\",\"datePublished\":\"2024-07-12T05:00:00+00:00\",\"dateModified\":\"2024-08-16T09:32:17+00:00\",\"breadcrumb\":{\"@id\":\"https:\\\/\\\/www.salzburgerland.com\\\/de\\\/magazin\\\/fuerthermoar-hideaways-auf-der-alm\\\/#breadcrumb\"},\"inLanguage\":\"de\",\"potentialAction\":[{\"@type\":\"ReadAction\",\"target\":[\"https:\\\/\\\/www.salzburgerland.com\\\/de\\\/magazin\\\/fuerthermoar-hideaways-auf-der-alm\\\/\"]}]},{\"@type\":\"ImageObject\",\"inLanguage\":\"de\",\"@id\":\"https:\\\/\\\/www.salzburgerland.com\\\/de\\\/magazin\\\/fuerthermoar-hideaways-auf-der-alm\\\/#primaryimage\",\"url\":\"https:\\\/\\\/www.salzburgerland.com\\\/de\\\/magazin\\\/wp-content\\\/uploads\\\/2024\\\/07\\\/0a7202ff-1c0f-4e5c-8b85-2277e396e606.jpeg\",\"contentUrl\":\"https:\\\/\\\/www.salzburgerland.com\\\/de\\\/magazin\\\/wp-content\\\/uploads\\\/2024\\\/07\\\/0a7202ff-1c0f-4e5c-8b85-2277e396e606.jpeg\",\"width\":1600,\"height\":1067,\"caption\":\"\u00a9 Stefanie Oberhauser &amp; JFK Photography. Auf der gesch\u00fctzten Terrasse l\u00e4sst es sich in Ruhe die Aussicht genie\u00dfen.\"},{\"@type\":\"BreadcrumbList\",\"@id\":\"https:\\\/\\\/www.salzburgerland.com\\\/de\\\/magazin\\\/fuerthermoar-hideaways-auf-der-alm\\\/#breadcrumb\",\"itemListElement\":[{\"@type\":\"ListItem\",\"position\":1,\"name\":\"Startseite\",\"item\":\"https:\\\/\\\/www.salzburgerland.com\\\/de\\\/magazin\\\/\"},{\"@type\":\"ListItem\",\"position\":2,\"name\":\"Hotel &amp; Reise\",\"item\":\"https:\\\/\\\/www.salzburgerland.com\\\/de\\\/magazin\\\/thema\\\/hotel-reise\\\/\"},{\"@type\":\"ListItem\",\"position\":3,\"name\":\"F\u00fcrthermoar Hideaways auf der Alm\"}]},{\"@type\":\"WebSite\",\"@id\":\"https:\\\/\\\/www.salzburgerland.com\\\/de\\\/magazin\\\/#website\",\"url\":\"https:\\\/\\\/www.salzburgerland.com\\\/de\\\/magazin\\\/\",\"name\":\"SalzburgerLand Magazin\",\"description\":\"Geschichten und Interessantes aus dem SalzburgerLand\",\"publisher\":{\"@id\":\"https:\\\/\\\/www.salzburgerland.com\\\/de\\\/magazin\\\/#organization\"},\"potentialAction\":[{\"@type\":\"SearchAction\",\"target\":{\"@type\":\"EntryPoint\",\"urlTemplate\":\"https:\\\/\\\/www.salzburgerland.com\\\/de\\\/magazin\\\/?s={search_term_string}\"},\"query-input\":{\"@type\":\"PropertyValueSpecification\",\"valueRequired\":true,\"valueName\":\"search_term_string\"}}],\"inLanguage\":\"de\"},{\"@type\":\"Organization\",\"@id\":\"https:\\\/\\\/www.salzburgerland.com\\\/de\\\/magazin\\\/#organization\",\"name\":\"SalzburgerLand Tourismus\",\"url\":\"https:\\\/\\\/www.salzburgerland.com\\\/de\\\/magazin\\\/\",\"logo\":{\"@type\":\"ImageObject\",\"inLanguage\":\"de\",\"@id\":\"https:\\\/\\\/www.salzburgerland.com\\\/de\\\/magazin\\\/#\\\/schema\\\/logo\\\/image\\\/\",\"url\":\"https:\\\/\\\/www.salzburgerland.com\\\/de\\\/magazin\\\/wp-content\\\/uploads\\\/2019\\\/06\\\/salzburgerland-logo1.jpg\",\"contentUrl\":\"https:\\\/\\\/www.salzburgerland.com\\\/de\\\/magazin\\\/wp-content\\\/uploads\\\/2019\\\/06\\\/salzburgerland-logo1.jpg\",\"width\":2011,\"height\":866,\"caption\":\"SalzburgerLand Tourismus\"},\"image\":{\"@id\":\"https:\\\/\\\/www.salzburgerland.com\\\/de\\\/magazin\\\/#\\\/schema\\\/logo\\\/image\\\/\"},\"sameAs\":[\"https:\\\/\\\/www.facebook.com\\\/salzburgerland\\\/\",\"https:\\\/\\\/x.com\\\/Salzburgerland\",\"https:\\\/\\\/www.instagram.com\\\/salzburgerland\\\/\",\"https:\\\/\\\/at.linkedin.com\\\/company\\\/salzburgerland-tourismus-gmbh\",\"https:\\\/\\\/www.pinterest.at\\\/salzburgerland\\\/\",\"https:\\\/\\\/www.youtube.com\\\/user\\\/salzburgerland\",\"https:\\\/\\\/de.wikipedia.org\\\/wiki\\\/SalzburgerLand_Tourismus_GmbH\"]},{\"@type\":\"Person\",\"@id\":\"https:\\\/\\\/www.salzburgerland.com\\\/de\\\/magazin\\\/#\\\/schema\\\/person\\\/79452c699c410aa31a119426313748de\",\"name\":\"Edith Danzer\",\"description\":\"Seit Jahren arbeite ich als freie Redakteurin und Fotografin im SalzburgerLand. Schreiben ist f\u00fcr mich nicht blo\u00df das Erstellen eines Textes. Es ist ein Komponieren einer wundervollen Melodie, ein Malen mit Buchstaben und Worten. Ich liebe die Begegnungen mit Menschen, die mir ihre Geschichte anvertrauen. Wenn man mich sucht, bin ich entweder am Schreibtisch (der auch mal am sonnigen H\u00fcttenbankerl stehen kann) oder mit meinem Husky-M\u00e4dl Ylvi am Berg, am See oder im Wald. Ich \u2026 \u2026 in ein paar Worten. \u2022 Lieber drau\u00dfen, als drinnen. \u2022 Lieber Norden, als S\u00fcden. \u2022 Lieber Buchstaben, als Zahlen. \u2022 Lieber Schnee, als Strand. \u2022 Lieber Berg, als Tal. \u2022 Lieber Nordlichter, als S\u00fcdseezauber. \u2022 Lieber H\u00fctte, als F\u00fcnfsternschuppen. \u2022 Lieber Hund, als Katze. \u2022 Lieber grader Michl, als falscher Fufzga. \u2022 Lieber mittendurch, als drumherum \u2022 Lieber Almleben, als Couchpotato\",\"url\":\"https:\\\/\\\/www.salzburgerland.com\\\/de\\\/magazin\\\/author\\\/edith-danzer\\\/\"}]}<\/script>\n<!-- \/ Yoast SEO Premium plugin. -->","yoast_head_json":{"title":"F\u00fcrthermoar Hideaways auf der Alm - SalzburgerLand Magazin","robots":{"index":"index","follow":"follow","max-snippet":"max-snippet:-1","max-image-preview":"max-image-preview:large","max-video-preview":"max-video-preview:-1"},"canonical":"https:\/\/www.salzburgerland.com\/de\/magazin\/fuerthermoar-hideaways-auf-der-alm\/","og_locale":"de_DE","og_type":"article","og_title":"F\u00fcrthermoar Hideaways auf der Alm","og_description":"\u201eHier findet man einen Hauch Malediven!\u201c, verspricht Kathrin Aberger-Dick, die H\u00fcttenwirtin der Ebmattenh\u00fctte &#8211; F\u00fcrthermoaralm, lachend. Malediven auf der Alm? Das will ich genau wissen und melde mich f\u00fcr einen Besuch an. Ich fahre ins Kapruner Tal, vorbei an den Gletscherbahnen, die hinauf auf das Kitzsteinhorn f\u00fchren und parke mein Auto im Parkhaus Kesselfall. Von [&hellip;]","og_url":"https:\/\/www.salzburgerland.com\/de\/magazin\/fuerthermoar-hideaways-auf-der-alm\/","og_site_name":"SalzburgerLand Magazin","article_publisher":"https:\/\/www.facebook.com\/salzburgerland\/","article_published_time":"2024-07-12T05:00:00+00:00","article_modified_time":"2024-08-16T09:32:17+00:00","og_image":[{"width":1600,"height":1067,"url":"https:\/\/www.salzburgerland.com\/de\/magazin\/wp-content\/uploads\/2024\/07\/0a7202ff-1c0f-4e5c-8b85-2277e396e606.jpeg","type":"image\/jpeg"}],"author":"Edith Danzer","twitter_card":"summary_large_image","twitter_creator":"@Salzburgerland","twitter_site":"@Salzburgerland","twitter_misc":{"Verfasst von":"Edith Danzer","Gesch\u00e4tzte Lesezeit":"10\u00a0Minuten"},"schema":{"@context":"https:\/\/schema.org","@graph":[{"@type":"Article","@id":"https:\/\/www.salzburgerland.com\/de\/magazin\/fuerthermoar-hideaways-auf-der-alm\/#article","isPartOf":{"@id":"https:\/\/www.salzburgerland.com\/de\/magazin\/fuerthermoar-hideaways-auf-der-alm\/"},"author":{"name":"Edith Danzer","@id":"https:\/\/www.salzburgerland.com\/de\/magazin\/#\/schema\/person\/79452c699c410aa31a119426313748de"},"headline":"F\u00fcrthermoar Hideaways auf der Alm","datePublished":"2024-07-12T05:00:00+00:00","dateModified":"2024-08-16T09:32:17+00:00","mainEntityOfPage":{"@id":"https:\/\/www.salzburgerland.com\/de\/magazin\/fuerthermoar-hideaways-auf-der-alm\/"},"wordCount":1184,"publisher":{"@id":"https:\/\/www.salzburgerland.com\/de\/magazin\/#organization"},"image":{"@id":"https:\/\/www.salzburgerland.com\/de\/magazin\/fuerthermoar-hideaways-auf-der-alm\/#primaryimage"},"thumbnailUrl":"https:\/\/www.salzburgerland.com\/de\/magazin\/wp-content\/uploads\/2024\/07\/0a7202ff-1c0f-4e5c-8b85-2277e396e606.jpeg","articleSection":["Hotel &amp; Reise"],"inLanguage":"de"},{"@type":"WebPage","@id":"https:\/\/www.salzburgerland.com\/de\/magazin\/fuerthermoar-hideaways-auf-der-alm\/","url":"https:\/\/www.salzburgerland.com\/de\/magazin\/fuerthermoar-hideaways-auf-der-alm\/","name":"F\u00fcrthermoar Hideaways auf der Alm - SalzburgerLand Magazin","isPartOf":{"@id":"https:\/\/www.salzburgerland.com\/de\/magazin\/#website"},"primaryImageOfPage":{"@id":"https:\/\/www.salzburgerland.com\/de\/magazin\/fuerthermoar-hideaways-auf-der-alm\/#primaryimage"},"image":{"@id":"https:\/\/www.salzburgerland.com\/de\/magazin\/fuerthermoar-hideaways-auf-der-alm\/#primaryimage"},"thumbnailUrl":"https:\/\/www.salzburgerland.com\/de\/magazin\/wp-content\/uploads\/2024\/07\/0a7202ff-1c0f-4e5c-8b85-2277e396e606.jpeg","datePublished":"2024-07-12T05:00:00+00:00","dateModified":"2024-08-16T09:32:17+00:00","breadcrumb":{"@id":"https:\/\/www.salzburgerland.com\/de\/magazin\/fuerthermoar-hideaways-auf-der-alm\/#breadcrumb"},"inLanguage":"de","potentialAction":[{"@type":"ReadAction","target":["https:\/\/www.salzburgerland.com\/de\/magazin\/fuerthermoar-hideaways-auf-der-alm\/"]}]},{"@type":"ImageObject","inLanguage":"de","@id":"https:\/\/www.salzburgerland.com\/de\/magazin\/fuerthermoar-hideaways-auf-der-alm\/#primaryimage","url":"https:\/\/www.salzburgerland.com\/de\/magazin\/wp-content\/uploads\/2024\/07\/0a7202ff-1c0f-4e5c-8b85-2277e396e606.jpeg","contentUrl":"https:\/\/www.salzburgerland.com\/de\/magazin\/wp-content\/uploads\/2024\/07\/0a7202ff-1c0f-4e5c-8b85-2277e396e606.jpeg","width":1600,"height":1067,"caption":"\u00a9 Stefanie Oberhauser &amp; JFK Photography. Auf der gesch\u00fctzten Terrasse l\u00e4sst es sich in Ruhe die Aussicht genie\u00dfen."},{"@type":"BreadcrumbList","@id":"https:\/\/www.salzburgerland.com\/de\/magazin\/fuerthermoar-hideaways-auf-der-alm\/#breadcrumb","itemListElement":[{"@type":"ListItem","position":1,"name":"Startseite","item":"https:\/\/www.salzburgerland.com\/de\/magazin\/"},{"@type":"ListItem","position":2,"name":"Hotel &amp; Reise","item":"https:\/\/www.salzburgerland.com\/de\/magazin\/thema\/hotel-reise\/"},{"@type":"ListItem","position":3,"name":"F\u00fcrthermoar Hideaways auf der Alm"}]},{"@type":"WebSite","@id":"https:\/\/www.salzburgerland.com\/de\/magazin\/#website","url":"https:\/\/www.salzburgerland.com\/de\/magazin\/","name":"SalzburgerLand Magazin","description":"Geschichten und Interessantes aus dem SalzburgerLand","publisher":{"@id":"https:\/\/www.salzburgerland.com\/de\/magazin\/#organization"},"potentialAction":[{"@type":"SearchAction","target":{"@type":"EntryPoint","urlTemplate":"https:\/\/www.salzburgerland.com\/de\/magazin\/?s={search_term_string}"},"query-input":{"@type":"PropertyValueSpecification","valueRequired":true,"valueName":"search_term_string"}}],"inLanguage":"de"},{"@type":"Organization","@id":"https:\/\/www.salzburgerland.com\/de\/magazin\/#organization","name":"SalzburgerLand Tourismus","url":"https:\/\/www.salzburgerland.com\/de\/magazin\/","logo":{"@type":"ImageObject","inLanguage":"de","@id":"https:\/\/www.salzburgerland.com\/de\/magazin\/#\/schema\/logo\/image\/","url":"https:\/\/www.salzburgerland.com\/de\/magazin\/wp-content\/uploads\/2019\/06\/salzburgerland-logo1.jpg","contentUrl":"https:\/\/www.salzburgerland.com\/de\/magazin\/wp-content\/uploads\/2019\/06\/salzburgerland-logo1.jpg","width":2011,"height":866,"caption":"SalzburgerLand Tourismus"},"image":{"@id":"https:\/\/www.salzburgerland.com\/de\/magazin\/#\/schema\/logo\/image\/"},"sameAs":["https:\/\/www.facebook.com\/salzburgerland\/","https:\/\/x.com\/Salzburgerland","https:\/\/www.instagram.com\/salzburgerland\/","https:\/\/at.linkedin.com\/company\/salzburgerland-tourismus-gmbh","https:\/\/www.pinterest.at\/salzburgerland\/","https:\/\/www.youtube.com\/user\/salzburgerland","https:\/\/de.wikipedia.org\/wiki\/SalzburgerLand_Tourismus_GmbH"]},{"@type":"Person","@id":"https:\/\/www.salzburgerland.com\/de\/magazin\/#\/schema\/person\/79452c699c410aa31a119426313748de","name":"Edith Danzer","description":"Seit Jahren arbeite ich als freie Redakteurin und Fotografin im SalzburgerLand. Schreiben ist f\u00fcr mich nicht blo\u00df das Erstellen eines Textes. Es ist ein Komponieren einer wundervollen Melodie, ein Malen mit Buchstaben und Worten. Ich liebe die Begegnungen mit Menschen, die mir ihre Geschichte anvertrauen. Wenn man mich sucht, bin ich entweder am Schreibtisch (der auch mal am sonnigen H\u00fcttenbankerl stehen kann) oder mit meinem Husky-M\u00e4dl Ylvi am Berg, am See oder im Wald. Ich \u2026 \u2026 in ein paar Worten. \u2022 Lieber drau\u00dfen, als drinnen. \u2022 Lieber Norden, als S\u00fcden. \u2022 Lieber Buchstaben, als Zahlen. \u2022 Lieber Schnee, als Strand. \u2022 Lieber Berg, als Tal. \u2022 Lieber Nordlichter, als S\u00fcdseezauber. \u2022 Lieber H\u00fctte, als F\u00fcnfsternschuppen. \u2022 Lieber Hund, als Katze. \u2022 Lieber grader Michl, als falscher Fufzga. \u2022 Lieber mittendurch, als drumherum \u2022 Lieber Almleben, als Couchpotato","url":"https:\/\/www.salzburgerland.com\/de\/magazin\/author\/edith-danzer\/"}]}},"_wl_alt_label":[],"wl:entity_url":"http:\/\/open.salzburgerland.com\/magazin\/post\/fuerthermoar-hideaways-auf-der-alm","_links":{"self":[{"href":"https:\/\/www.salzburgerland.com\/de\/magazin\/wp-json\/wp\/v2\/posts\/177740","targetHints":{"allow":["GET"]}}],"collection":[{"href":"https:\/\/www.salzburgerland.com\/de\/magazin\/wp-json\/wp\/v2\/posts"}],"about":[{"href":"https:\/\/www.salzburgerland.com\/de\/magazin\/wp-json\/wp\/v2\/types\/post"}],"author":[{"embeddable":true,"href":"https:\/\/www.salzburgerland.com\/de\/magazin\/wp-json\/wp\/v2\/users\/11"}],"replies":[{"embeddable":true,"href":"https:\/\/www.salzburgerland.com\/de\/magazin\/wp-json\/wp\/v2\/comments?post=177740"}],"version-history":[{"count":8,"href":"https:\/\/www.salzburgerland.com\/de\/magazin\/wp-json\/wp\/v2\/posts\/177740\/revisions"}],"predecessor-version":[{"id":183267,"href":"https:\/\/www.salzburgerland.com\/de\/magazin\/wp-json\/wp\/v2\/posts\/177740\/revisions\/183267"}],"wp:featuredmedia":[{"embeddable":true,"href":"https:\/\/www.salzburgerland.com\/de\/magazin\/wp-json\/wp\/v2\/media\/177742"}],"wp:attachment":[{"href":"https:\/\/www.salzburgerland.com\/de\/magazin\/wp-json\/wp\/v2\/media?parent=177740"}],"wp:term":[{"taxonomy":"category","embeddable":true,"href":"https:\/\/www.salzburgerland.com\/de\/magazin\/wp-json\/wp\/v2\/categories?post=177740"},{"taxonomy":"post_tag","embeddable":true,"href":"https:\/\/www.salzburgerland.com\/de\/magazin\/wp-json\/wp\/v2\/tags?post=177740"},{"taxonomy":"wl_entity_type","embeddable":true,"href":"https:\/\/www.salzburgerland.com\/de\/magazin\/wp-json\/wp\/v2\/wl_entity_type?post=177740"},{"taxonomy":"monatsauswahl","embeddable":true,"href":"https:\/\/www.salzburgerland.com\/de\/magazin\/wp-json\/wp\/v2\/monatsauswahl?post=177740"}],"curies":[{"name":"wp","href":"https:\/\/api.w.org\/{rel}","templated":true}]}}