{"id":177345,"date":"2024-06-24T07:00:00","date_gmt":"2024-06-24T05:00:00","guid":{"rendered":"https:\/\/www.salzburgerland.com\/de\/magazin\/?p=177345"},"modified":"2025-01-21T08:04:45","modified_gmt":"2025-01-21T07:04:45","slug":"litzelhofalm-im-rauriser-seidlwinkltal","status":"publish","type":"post","link":"https:\/\/www.salzburgerland.com\/de\/magazin\/litzelhofalm-im-rauriser-seidlwinkltal\/","title":{"rendered":"Litzelhofalm im Rauriser Seidlwinkltal"},"content":{"rendered":"\n<div class=\"wp-block-slt-top topBlocks\">\n<h2 class=\"wp-block-slt-subtitle\">Wundervolle Kas-Alm am alten S\u00e4umerweg<\/h2>\n\n\n\n<p class=\"wp-block-slt-intro\">Mitten in der Kernzone des Nationalpark Hohe Tauern liegt am Ende des wildromantischen Seidlwinkltals die rund 150 Jahre alte Litzelhofalm. Au\u00dfer dem schmalen Saumpfad, auf dem schon einst die H\u00e4ndler mit ihren Pferden \u00fcber den Tauern schritten, f\u00fchrt keine Zufahrt zur H\u00fctte. Das erschwert zwar so manche Arbeit, verleiht ihr aber eine besondere Unber\u00fchrtheit und Sch\u00f6nheit.<\/p>\n<\/div>\n\n\n\n<p>Es ist Mitte Juni und die Bauersleute Toni und Kathrin Pichler machen sich bereit f\u00fcr den Almabtrieb. Richtig gelesen \u2013 den Abtrieb! Denn die Besonderheit der Litzelhofalm liegt auch darin, dass die K\u00fche vom Mittert\u00f6rl an der <a href=\"https:\/\/www.grossglockner.at\/de\" target=\"_blank\" rel=\"noreferrer noopener\">Gro\u00dfglockner Hochalpenstra\u00dfe<\/a> hinunter in das <a href=\"https:\/\/www.grossglockner.at\/de\" target=\"_blank\" rel=\"noreferrer noopener\">Rauriser Seidlwinkltal<\/a> wandern, wo sie rund um die H\u00fctte und auf der Hochalm ihren Almsommer verbringen. Kathrin und Toni werden von zwei jungen Sennerinnen unterst\u00fctzt, die beim Viehh\u00fcten, Kasen und Bewirten der G\u00e4ste helfen. Altbauer Toni hilft ebenfalls mit und sorgt zudem mit seiner kreativen Ader f\u00fcr ausgefallenes Mobiliar oder die besonders bei Kindern beliebte h\u00f6lzerne Melkkuh.<\/p>\n\n\n\n<figure class=\"wp-block-image size-full\"><img loading=\"lazy\" decoding=\"async\" width=\"1600\" height=\"1200\" src=\"https:\/\/www.salzburgerland.com\/de\/magazin\/wp-content\/uploads\/2024\/06\/9920f0a2-a3e3-4df2-9f35-fdfcf4f5f3c2.jpeg\" alt=\"9920f0a2-a3e3-4df2-9f35-fdfcf4f5f3c2\" class=\"wp-image-177364\" srcset=\"https:\/\/www.salzburgerland.com\/de\/magazin\/wp-content\/uploads\/2024\/06\/9920f0a2-a3e3-4df2-9f35-fdfcf4f5f3c2.jpeg 1600w, https:\/\/www.salzburgerland.com\/de\/magazin\/wp-content\/uploads\/2024\/06\/9920f0a2-a3e3-4df2-9f35-fdfcf4f5f3c2-300x225.jpeg 300w, https:\/\/www.salzburgerland.com\/de\/magazin\/wp-content\/uploads\/2024\/06\/9920f0a2-a3e3-4df2-9f35-fdfcf4f5f3c2-1536x1152.jpeg 1536w, https:\/\/www.salzburgerland.com\/de\/magazin\/wp-content\/uploads\/2024\/06\/9920f0a2-a3e3-4df2-9f35-fdfcf4f5f3c2-733x550.jpeg 733w, https:\/\/www.salzburgerland.com\/de\/magazin\/wp-content\/uploads\/2024\/06\/9920f0a2-a3e3-4df2-9f35-fdfcf4f5f3c2-140x105.jpeg 140w, https:\/\/www.salzburgerland.com\/de\/magazin\/wp-content\/uploads\/2024\/06\/9920f0a2-a3e3-4df2-9f35-fdfcf4f5f3c2-533x400.jpeg 533w, https:\/\/www.salzburgerland.com\/de\/magazin\/wp-content\/uploads\/2024\/06\/9920f0a2-a3e3-4df2-9f35-fdfcf4f5f3c2-960x720.jpeg 960w, https:\/\/www.salzburgerland.com\/de\/magazin\/wp-content\/uploads\/2024\/06\/9920f0a2-a3e3-4df2-9f35-fdfcf4f5f3c2-1320x990.jpeg 1320w, https:\/\/www.salzburgerland.com\/de\/magazin\/wp-content\/uploads\/2024\/06\/9920f0a2-a3e3-4df2-9f35-fdfcf4f5f3c2-150x113.jpeg 150w\" sizes=\"auto, (max-width: 1600px) 100vw, 1600px\" \/><figcaption class=\"wp-element-caption\">Die Wirtsfamilie der Litzelhofalm. Toni und Kathrin Pichler mit Klein-Toni. \u00a9 Privat <\/figcaption><\/figure>\n\n\n\n<h2 class=\"wp-block-heading\" id=\"h-von-der-sennerin-zur-bauerin\">Von der Sennerin zur B\u00e4uerin<\/h2>\n\n\n\n<p>Kathrin Pichler, die eigentlich gelernte Bilanzbuchhalterin ist, zog es vor zehn Jahren f\u00fcr einen Almsommer auf die Litzelhofalm auf 1.718 m Seeh\u00f6he. Sie erinnert sich noch gut: \u201eUm zu pr\u00fcfen, ob mein Kindheitstraum ,ein Leben als B\u00e4uerin\u2018 auch wirklich was f\u00fcr meine Zukunft ist, wollte ich neben dem mir bereits bekannten Umgang mit K\u00fchen auch einmal in die Milchverarbeitung hineinschnuppern. So bewarb ich mich als Sennerin und f\u00fchrte mit meinem heutigen Mann Anton das Bewerbungsgespr\u00e4ch. Nach dem Almsommer war uns klar, dass es gefunkt hat.\u201c Gemeinsam mit den beiden Sennerinnen k\u00fcmmert sie sich um die Milchverarbeitung und den Ausschank. \u201eEin fr\u00fcher Start in den Tag, denn schon nach dem Melken der K\u00fche und dem Kasen kommen die ersten Wanderer. Sie gelangen mit dem <a href=\"https:\/\/www.nationalpark.at\/de\/service\/partner\/NationalparktaxiSeidlwinkltalRauris~20625\" target=\"_blank\" rel=\"noreferrer noopener\">T\u00e4lertaxi<\/a> oder dem Mountainbike bis zum Tauernhaus und wandern von dort in weniger als einer Stunde zu uns herauf. Am Rauriser Tauernhaus verl\u00e4uft die Grenze zwischen Au\u00dfenzone und Kernzone des <a href=\"https:\/\/hohetauern.at\/de\/\" target=\"_blank\" rel=\"noreferrer noopener\">Nationalparks Hohe Tauern<\/a>, darum ist ein Heraufradeln zu uns nicht m\u00f6glich.\u201c Das Seidlwinkltal wird auch das Tal der Quellen und Almen genannt. Der Pfad vom Rauriser Tauernhaus entlang der Seidlwinklache in den Talschluss und zur Alm ist zauberhaft und wildromantisch. Flie\u00dft das Wasser unten entlang des Weges wild und unb\u00e4ndig, so sprudelt es oben am Almboden noch ruhig und zahm.<\/p>\n\n\n<div class=\"mag-gallery\"><div class=\"row\"><div class=\"col-6 col-sm-4\"><figure><a class=\"thumb-container\" href=\"https:\/\/www.salzburgerland.com\/de\/magazin\/wp-content\/uploads\/2024\/05\/IMG_20200910_104727-1280x1024.jpg\">\t<picture><source media=\"(min-width: 576px)\" srcset=\"https:\/\/www.salzburgerland.com\/de\/magazin\/wp-content\/uploads\/2024\/05\/IMG_20200910_104727-325x209.jpg 325w, https:\/\/www.salzburgerland.com\/de\/magazin\/wp-content\/uploads\/2024\/05\/IMG_20200910_104727-249x160.jpg 249w\"><\/source><source media=\"(min-width: 0)\" srcset=\"https:\/\/www.salzburgerland.com\/de\/magazin\/wp-content\/uploads\/2024\/05\/IMG_20200910_104727-249x160.jpg 249w, https:\/\/www.salzburgerland.com\/de\/magazin\/wp-content\/uploads\/2024\/05\/IMG_20200910_104727-325x209.jpg 325w\"><\/source><img decoding=\"async\" alt=\"\" src=\"https:\/\/www.salzburgerland.com\/de\/magazin\/wp-content\/uploads\/2024\/05\/IMG_20200910_104727-scaled.jpg\">\t<\/picture><figcaption>An der Melkkuh aus Holz k&ouml;nnen sich Kinder am Melken probieren. &copy; Privat <\/figcaption><\/a><\/figure><\/div><div class=\"col-6 col-sm-4\"><figure><a class=\"thumb-container\" href=\"https:\/\/www.salzburgerland.com\/de\/magazin\/wp-content\/uploads\/2024\/06\/d79c8397-08b4-4c84-97c4-3460e444e1dd-1280x1024.jpeg\">\t<picture><source media=\"(min-width: 576px)\" srcset=\"https:\/\/www.salzburgerland.com\/de\/magazin\/wp-content\/uploads\/2024\/06\/d79c8397-08b4-4c84-97c4-3460e444e1dd-325x209.jpeg 325w, https:\/\/www.salzburgerland.com\/de\/magazin\/wp-content\/uploads\/2024\/06\/d79c8397-08b4-4c84-97c4-3460e444e1dd-249x160.jpeg 249w\"><\/source><source media=\"(min-width: 0)\" srcset=\"https:\/\/www.salzburgerland.com\/de\/magazin\/wp-content\/uploads\/2024\/06\/d79c8397-08b4-4c84-97c4-3460e444e1dd-249x160.jpeg 249w, https:\/\/www.salzburgerland.com\/de\/magazin\/wp-content\/uploads\/2024\/06\/d79c8397-08b4-4c84-97c4-3460e444e1dd-325x209.jpeg 325w\"><\/source><img decoding=\"async\" alt=\"\" src=\"https:\/\/www.salzburgerland.com\/de\/magazin\/wp-content\/uploads\/2024\/06\/d79c8397-08b4-4c84-97c4-3460e444e1dd.jpeg\">\t<\/picture><figcaption> Blumengru&szlig; von der Litzelhofalm. &copy; Privat<\/figcaption><\/a><\/figure><\/div><div class=\"col-6 col-sm-4\"><figure><a class=\"thumb-container\" href=\"https:\/\/www.salzburgerland.com\/de\/magazin\/wp-content\/uploads\/2024\/06\/71b30551-54b2-408e-86ab-374ee0008658-1280x1024.jpeg\">\t<picture><source media=\"(min-width: 576px)\" srcset=\"https:\/\/www.salzburgerland.com\/de\/magazin\/wp-content\/uploads\/2024\/06\/71b30551-54b2-408e-86ab-374ee0008658-325x209.jpeg 325w, https:\/\/www.salzburgerland.com\/de\/magazin\/wp-content\/uploads\/2024\/06\/71b30551-54b2-408e-86ab-374ee0008658-249x160.jpeg 249w\"><\/source><source media=\"(min-width: 0)\" srcset=\"https:\/\/www.salzburgerland.com\/de\/magazin\/wp-content\/uploads\/2024\/06\/71b30551-54b2-408e-86ab-374ee0008658-249x160.jpeg 249w, https:\/\/www.salzburgerland.com\/de\/magazin\/wp-content\/uploads\/2024\/06\/71b30551-54b2-408e-86ab-374ee0008658-325x209.jpeg 325w\"><\/source><img decoding=\"async\" alt=\"\" src=\"https:\/\/www.salzburgerland.com\/de\/magazin\/wp-content\/uploads\/2024\/06\/71b30551-54b2-408e-86ab-374ee0008658.jpeg\">\t<\/picture><figcaption>Es ist Zeit zum Melken auf der Litzelhofalm. &copy; Privat <\/figcaption><\/a><\/figure><\/div><\/div><figcaption><\/figcaption><\/div>\n\n\n\n<h2 class=\"wp-block-heading\" id=\"h-litzelhofer-almkase\">Litzelhofer Almk\u00e4se<\/h2>\n\n\n\n<p>Auf den gem\u00fctlichen Holzb\u00e4nken an der H\u00fcttenwand l\u00e4sst sich gut verweilen und genie\u00dfen. Besonders der schmackhafte Almk\u00e4se hat es den vielen Stammg\u00e4sten und Wanderern angetan. Kathrin verr\u00e4t: \u201eT\u00e4glich werden rund 200 Liter Milch zu K\u00e4se, Topfen oder Molke verarbeitet. Da wir keine Zufahrtsstra\u00dfe haben und unsere einzige Nabelschnur raus aus dem Tal die Materialseilbahn ist, verarbeiten wir alles vor Ort. Der beliebte Litzelhofer Almk\u00e4se reift also direkt in unserem Erdkeller unter der H\u00fctte heran. Vor dem Bau der Seilbahn wurde alles auf Pferder\u00fccken \u00fcber den alten S\u00e4umerweg zur H\u00fctte gebracht.\u201c<\/p>\n\n\n<div class=\"mag-gallery\"><div class=\"row\"><div class=\"col-6 col-sm-4\"><figure><a class=\"thumb-container\" href=\"https:\/\/www.salzburgerland.com\/de\/magazin\/wp-content\/uploads\/2024\/06\/698ee00f-ef03-4343-b61f-88ce0f2dc893-1280x1024.jpeg\">\t<picture><source media=\"(min-width: 576px)\" srcset=\"https:\/\/www.salzburgerland.com\/de\/magazin\/wp-content\/uploads\/2024\/06\/698ee00f-ef03-4343-b61f-88ce0f2dc893-325x209.jpeg 325w, https:\/\/www.salzburgerland.com\/de\/magazin\/wp-content\/uploads\/2024\/06\/698ee00f-ef03-4343-b61f-88ce0f2dc893-249x160.jpeg 249w\"><\/source><source media=\"(min-width: 0)\" srcset=\"https:\/\/www.salzburgerland.com\/de\/magazin\/wp-content\/uploads\/2024\/06\/698ee00f-ef03-4343-b61f-88ce0f2dc893-249x160.jpeg 249w, https:\/\/www.salzburgerland.com\/de\/magazin\/wp-content\/uploads\/2024\/06\/698ee00f-ef03-4343-b61f-88ce0f2dc893-325x209.jpeg 325w\"><\/source><img decoding=\"async\" alt=\"\" src=\"https:\/\/www.salzburgerland.com\/de\/magazin\/wp-content\/uploads\/2024\/06\/698ee00f-ef03-4343-b61f-88ce0f2dc893.jpeg\">\t<\/picture><figcaption> Die Sennerinnen Mona und Kerstin holen den ersten Almk&auml;se zum Anschnitt. &copy; Privat<\/figcaption><\/a><\/figure><\/div><div class=\"col-6 col-sm-4\"><figure><a class=\"thumb-container\" href=\"https:\/\/www.salzburgerland.com\/de\/magazin\/wp-content\/uploads\/2024\/06\/9cf6697b-2cad-4e79-94f5-9725af45c4e3-1280x1024.jpeg\">\t<picture><source media=\"(min-width: 576px)\" srcset=\"https:\/\/www.salzburgerland.com\/de\/magazin\/wp-content\/uploads\/2024\/06\/9cf6697b-2cad-4e79-94f5-9725af45c4e3-325x209.jpeg 325w, https:\/\/www.salzburgerland.com\/de\/magazin\/wp-content\/uploads\/2024\/06\/9cf6697b-2cad-4e79-94f5-9725af45c4e3-249x160.jpeg 249w\"><\/source><source media=\"(min-width: 0)\" srcset=\"https:\/\/www.salzburgerland.com\/de\/magazin\/wp-content\/uploads\/2024\/06\/9cf6697b-2cad-4e79-94f5-9725af45c4e3-249x160.jpeg 249w, https:\/\/www.salzburgerland.com\/de\/magazin\/wp-content\/uploads\/2024\/06\/9cf6697b-2cad-4e79-94f5-9725af45c4e3-325x209.jpeg 325w\"><\/source><img decoding=\"async\" alt=\"\" src=\"https:\/\/www.salzburgerland.com\/de\/magazin\/wp-content\/uploads\/2024\/06\/9cf6697b-2cad-4e79-94f5-9725af45c4e3.jpeg\">\t<\/picture><figcaption>Altbauer Anton Pichler vor dem Almauftrieb im Herbst &#8211; denn auf der Litzelhofalm geht das Vieh am Ende des Almsommers hoch zur Glocknerstra&szlig;e. &copy; Privat <\/figcaption><\/a><\/figure><\/div><div class=\"col-6 col-sm-4\"><figure><a class=\"thumb-container\" href=\"https:\/\/www.salzburgerland.com\/de\/magazin\/wp-content\/uploads\/2024\/06\/d7dd29c1-3633-4195-babe-492992d3b207-1280x1024.jpeg\">\t<picture><source media=\"(min-width: 576px)\" srcset=\"https:\/\/www.salzburgerland.com\/de\/magazin\/wp-content\/uploads\/2024\/06\/d7dd29c1-3633-4195-babe-492992d3b207-325x209.jpeg 325w, https:\/\/www.salzburgerland.com\/de\/magazin\/wp-content\/uploads\/2024\/06\/d7dd29c1-3633-4195-babe-492992d3b207-249x160.jpeg 249w\"><\/source><source media=\"(min-width: 0)\" srcset=\"https:\/\/www.salzburgerland.com\/de\/magazin\/wp-content\/uploads\/2024\/06\/d7dd29c1-3633-4195-babe-492992d3b207-249x160.jpeg 249w, https:\/\/www.salzburgerland.com\/de\/magazin\/wp-content\/uploads\/2024\/06\/d7dd29c1-3633-4195-babe-492992d3b207-325x209.jpeg 325w\"><\/source><img decoding=\"async\" alt=\"\" src=\"https:\/\/www.salzburgerland.com\/de\/magazin\/wp-content\/uploads\/2024\/06\/d7dd29c1-3633-4195-babe-492992d3b207.jpeg\">\t<\/picture><figcaption>Da bleibt kein Wanderer hungrig &#8211; Brettljausn auf der Litzelhofalm. &copy; Privat <\/figcaption><\/a><\/figure><\/div><\/div><figcaption><\/figcaption><\/div>\n\n\n\n<h2 class=\"wp-block-heading\" id=\"h-sommerhighlight-kaseanschnitt\">Sommerhighlight K\u00e4seanschnitt<\/h2>\n\n\n\n<p>Was nicht direkt auf der H\u00fctte produziert wird, kommt \u00fcber die Glocknerstra\u00dfe und mit der Materialseilbahn vom Heimhof auf die Alm. \u201eWir servieren selbstgemachte Bioprodukte vom Apfelsaft, Most, Almk\u00e4se, Speck, W\u00fcrstel und Brot. Und wer sich in unseren K\u00e4se verliebt hat, der deckt sich am besten direkt im Alm-Laden mit Nachschub ein,\u201c lacht Kathrin und erz\u00e4hlt von ihrem besonderen Sommer-Highlight: \u201eUnser internes K\u00e4seanschneiden! Da wird der erste Almkas der Saison aus dem Keller geholt und feierlich im Familienkreis angeschnitten. Das ist immer spannend, denn dann zeigt sich, ob er wieder so gut geworden ist, wie in den Almsommern zuvor. F\u00fcr diesen Schnittk\u00e4se aus pasteurisierter Vollmilch ist die Alm bekannt und beliebt \u2013 viele wandern extra daf\u00fcr zu uns auf die Alm.\u201c<\/p>\n\n\n\n<figure class=\"wp-block-image size-full\"><img loading=\"lazy\" decoding=\"async\" width=\"1599\" height=\"1066\" src=\"https:\/\/www.salzburgerland.com\/de\/magazin\/wp-content\/uploads\/2024\/06\/4146321a-d03d-448b-aa5d-9673a008afaf.jpeg\" alt=\"4146321a-d03d-448b-aa5d-9673a008afaf\" class=\"wp-image-177365\" srcset=\"https:\/\/www.salzburgerland.com\/de\/magazin\/wp-content\/uploads\/2024\/06\/4146321a-d03d-448b-aa5d-9673a008afaf.jpeg 1599w, https:\/\/www.salzburgerland.com\/de\/magazin\/wp-content\/uploads\/2024\/06\/4146321a-d03d-448b-aa5d-9673a008afaf-300x200.jpeg 300w, https:\/\/www.salzburgerland.com\/de\/magazin\/wp-content\/uploads\/2024\/06\/4146321a-d03d-448b-aa5d-9673a008afaf-1536x1024.jpeg 1536w, https:\/\/www.salzburgerland.com\/de\/magazin\/wp-content\/uploads\/2024\/06\/4146321a-d03d-448b-aa5d-9673a008afaf-825x550.jpeg 825w, https:\/\/www.salzburgerland.com\/de\/magazin\/wp-content\/uploads\/2024\/06\/4146321a-d03d-448b-aa5d-9673a008afaf-600x400.jpeg 600w, https:\/\/www.salzburgerland.com\/de\/magazin\/wp-content\/uploads\/2024\/06\/4146321a-d03d-448b-aa5d-9673a008afaf-1320x880.jpeg 1320w, https:\/\/www.salzburgerland.com\/de\/magazin\/wp-content\/uploads\/2024\/06\/4146321a-d03d-448b-aa5d-9673a008afaf-150x100.jpeg 150w\" sizes=\"auto, (max-width: 1599px) 100vw, 1599px\" \/><figcaption class=\"wp-element-caption\">Viele Stammg\u00e4ste der Litzelhofalm kommen wegen dem K\u00e4se herauf. \u00a9 Privat <\/figcaption><\/figure>\n\n\n\n<p>W\u00e4hrend am sp\u00e4ten Nachmittag die letzten G\u00e4ste die Terrasse verlassen und heimw\u00e4rts wandern, machen sich die Almleute bereit, die Melkk\u00fche zur H\u00fctte zu holen oder mit dem Hofhund Axel noch rasch auf die Hochalm zu gehen, um nach dem restlichen Vieh zu sehen. Netzstrom, Handyempfang oder gar WLAN gibt es auf der Litzelhofalm nicht, wie die B\u00e4uerin erz\u00e4hlt: \u201eMit unserem eigenen Wasserkraftwerk erzeugen wir den Strom, den wir f\u00fcr die Milchverarbeitung und das Melken auf der Alm brauchen. Ein H\u00fcttentelefon verbindet uns mit der Au\u00dfenwelt. Dieses einfache Leben st\u00f6rt uns aber alle nicht. Wer von uns hinauf zu den K\u00fchen auf der Hochalm geht, hat dort oben Empfang. Die Abende auf der Alm verbringen wir mit einem gemeinsamen Abendessen mit den Sennerinnen und manchmal werden auch die Instrumente herausgeholt und musiziert. Und ab und zu kommen die J\u00e4ger nach ihrer Pirsch zu uns auf Besuch.\u201c W\u00e4hrend nun die Sonne hinter den Bergk\u00e4mmen verschwindet, sind alle bereits mit ihren t\u00e4glichen Almarbeiten besch\u00e4ftigt. In der K\u00fcche wird am Holzherd gebacken f\u00fcr den n\u00e4chsten Tag, im Melkstall h\u00f6rt man sanftes Muhen und die Katze r\u00e4kelt sich faul auf der Terrasse. Es kehrt herrliche Ruhe ein im hintersten Winkel des Seidlwinkltals.<\/p>\n\n\n\n<p><strong>Kontakt<\/strong><\/p>\n\n\n\n<p>Litzelhofalm &#8211; Seidlwinkltal Rauris<br>Mobil:\u00a0<a href=\"tel:+43%20664%204123%20512\">+43 664 4123 512<\/a><br><a href=\"mailto:info@litzelhof.com\" target=\"_blank\" rel=\"noreferrer noopener\">info@litzelhof.com<\/a><br><a href=\"http:\/\/www.litzelhof.com\" target=\"_blank\" rel=\"noreferrer noopener\">www.litzelhof.com<\/a><\/p>\n","protected":false},"excerpt":{"rendered":"<p>Es ist Mitte Juni und die Bauersleute Toni und Kathrin Pichler machen sich bereit f\u00fcr den Almabtrieb. Richtig gelesen \u2013 den Abtrieb! Denn die Besonderheit der Litzelhofalm liegt auch darin, dass die K\u00fche vom Mittert\u00f6rl an der Gro\u00dfglockner Hochalpenstra\u00dfe hinunter in das Rauriser Seidlwinkltal wandern, wo sie rund um die H\u00fctte und auf der Hochalm [&hellip;]<\/p>\n","protected":false},"author":11,"featured_media":177360,"comment_status":"closed","ping_status":"closed","sticky":false,"template":"","format":"standard","meta":{"_acf_changed":false,"wl_entities_gutenberg":"","_wl_entity_redirect_enabled":"","footnotes":""},"categories":[8],"tags":[],"wl_entity_type":[306],"monatsauswahl":[],"class_list":["post-177345","post","type-post","status-publish","format-standard","has-post-thumbnail","hentry","category-outdoor-sport","wl_entity_type-article"],"acf":[],"yoast_head":"<!-- This site is optimized with the Yoast SEO Premium plugin v27.4 (Yoast SEO v27.4) - https:\/\/yoast.com\/product\/yoast-seo-premium-wordpress\/ -->\n<title>Litzelhofalm im Rauriser Seidlwinkltal - SalzburgerLand Magazin<\/title>\n<meta name=\"robots\" content=\"index, follow, max-snippet:-1, max-image-preview:large, max-video-preview:-1\" \/>\n<link rel=\"canonical\" href=\"https:\/\/www.salzburgerland.com\/de\/magazin\/litzelhofalm-im-rauriser-seidlwinkltal\/\" \/>\n<meta property=\"og:locale\" content=\"de_DE\" \/>\n<meta property=\"og:type\" content=\"article\" \/>\n<meta property=\"og:title\" content=\"Litzelhofalm im Rauriser Seidlwinkltal\" \/>\n<meta property=\"og:description\" content=\"Es ist Mitte Juni und die Bauersleute Toni und Kathrin Pichler machen sich bereit f\u00fcr den Almabtrieb. Richtig gelesen \u2013 den Abtrieb! Denn die Besonderheit der Litzelhofalm liegt auch darin, dass die K\u00fche vom Mittert\u00f6rl an der Gro\u00dfglockner Hochalpenstra\u00dfe hinunter in das Rauriser Seidlwinkltal wandern, wo sie rund um die H\u00fctte und auf der Hochalm [&hellip;]\" \/>\n<meta property=\"og:url\" content=\"https:\/\/www.salzburgerland.com\/de\/magazin\/litzelhofalm-im-rauriser-seidlwinkltal\/\" \/>\n<meta property=\"og:site_name\" content=\"SalzburgerLand Magazin\" \/>\n<meta property=\"article:publisher\" content=\"https:\/\/www.facebook.com\/salzburgerland\/\" \/>\n<meta property=\"article:published_time\" content=\"2024-06-24T05:00:00+00:00\" \/>\n<meta property=\"article:modified_time\" content=\"2025-01-21T07:04:45+00:00\" \/>\n<meta property=\"og:image\" content=\"https:\/\/www.salzburgerland.com\/de\/magazin\/wp-content\/uploads\/2024\/06\/57e36b80-a4c3-4a65-afd5-3d2ecbceadc0.jpeg\" \/>\n\t<meta property=\"og:image:width\" content=\"1600\" \/>\n\t<meta property=\"og:image:height\" content=\"1200\" \/>\n\t<meta property=\"og:image:type\" content=\"image\/jpeg\" \/>\n<meta name=\"author\" content=\"Edith Danzer\" \/>\n<meta name=\"twitter:card\" content=\"summary_large_image\" \/>\n<meta name=\"twitter:creator\" content=\"@Salzburgerland\" \/>\n<meta name=\"twitter:site\" content=\"@Salzburgerland\" \/>\n<meta name=\"twitter:label1\" content=\"Verfasst von\" \/>\n\t<meta name=\"twitter:data1\" content=\"Edith Danzer\" \/>\n\t<meta name=\"twitter:label2\" content=\"Gesch\u00e4tzte Lesezeit\" \/>\n\t<meta name=\"twitter:data2\" content=\"7\u00a0Minuten\" \/>\n<script type=\"application\/ld+json\" class=\"yoast-schema-graph\">{\"@context\":\"https:\\\/\\\/schema.org\",\"@graph\":[{\"@type\":\"Article\",\"@id\":\"https:\\\/\\\/www.salzburgerland.com\\\/de\\\/magazin\\\/litzelhofalm-im-rauriser-seidlwinkltal\\\/#article\",\"isPartOf\":{\"@id\":\"https:\\\/\\\/www.salzburgerland.com\\\/de\\\/magazin\\\/litzelhofalm-im-rauriser-seidlwinkltal\\\/\"},\"author\":{\"name\":\"Edith Danzer\",\"@id\":\"https:\\\/\\\/www.salzburgerland.com\\\/de\\\/magazin\\\/#\\\/schema\\\/person\\\/79452c699c410aa31a119426313748de\"},\"headline\":\"Litzelhofalm im Rauriser Seidlwinkltal\",\"datePublished\":\"2024-06-24T05:00:00+00:00\",\"dateModified\":\"2025-01-21T07:04:45+00:00\",\"mainEntityOfPage\":{\"@id\":\"https:\\\/\\\/www.salzburgerland.com\\\/de\\\/magazin\\\/litzelhofalm-im-rauriser-seidlwinkltal\\\/\"},\"wordCount\":986,\"publisher\":{\"@id\":\"https:\\\/\\\/www.salzburgerland.com\\\/de\\\/magazin\\\/#organization\"},\"image\":{\"@id\":\"https:\\\/\\\/www.salzburgerland.com\\\/de\\\/magazin\\\/litzelhofalm-im-rauriser-seidlwinkltal\\\/#primaryimage\"},\"thumbnailUrl\":\"https:\\\/\\\/www.salzburgerland.com\\\/de\\\/magazin\\\/wp-content\\\/uploads\\\/2024\\\/06\\\/57e36b80-a4c3-4a65-afd5-3d2ecbceadc0.jpeg\",\"articleSection\":[\"Outdoor &amp; Sport\"],\"inLanguage\":\"de\"},{\"@type\":\"WebPage\",\"@id\":\"https:\\\/\\\/www.salzburgerland.com\\\/de\\\/magazin\\\/litzelhofalm-im-rauriser-seidlwinkltal\\\/\",\"url\":\"https:\\\/\\\/www.salzburgerland.com\\\/de\\\/magazin\\\/litzelhofalm-im-rauriser-seidlwinkltal\\\/\",\"name\":\"Litzelhofalm im Rauriser Seidlwinkltal - SalzburgerLand Magazin\",\"isPartOf\":{\"@id\":\"https:\\\/\\\/www.salzburgerland.com\\\/de\\\/magazin\\\/#website\"},\"primaryImageOfPage\":{\"@id\":\"https:\\\/\\\/www.salzburgerland.com\\\/de\\\/magazin\\\/litzelhofalm-im-rauriser-seidlwinkltal\\\/#primaryimage\"},\"image\":{\"@id\":\"https:\\\/\\\/www.salzburgerland.com\\\/de\\\/magazin\\\/litzelhofalm-im-rauriser-seidlwinkltal\\\/#primaryimage\"},\"thumbnailUrl\":\"https:\\\/\\\/www.salzburgerland.com\\\/de\\\/magazin\\\/wp-content\\\/uploads\\\/2024\\\/06\\\/57e36b80-a4c3-4a65-afd5-3d2ecbceadc0.jpeg\",\"datePublished\":\"2024-06-24T05:00:00+00:00\",\"dateModified\":\"2025-01-21T07:04:45+00:00\",\"breadcrumb\":{\"@id\":\"https:\\\/\\\/www.salzburgerland.com\\\/de\\\/magazin\\\/litzelhofalm-im-rauriser-seidlwinkltal\\\/#breadcrumb\"},\"inLanguage\":\"de\",\"potentialAction\":[{\"@type\":\"ReadAction\",\"target\":[\"https:\\\/\\\/www.salzburgerland.com\\\/de\\\/magazin\\\/litzelhofalm-im-rauriser-seidlwinkltal\\\/\"]}]},{\"@type\":\"ImageObject\",\"inLanguage\":\"de\",\"@id\":\"https:\\\/\\\/www.salzburgerland.com\\\/de\\\/magazin\\\/litzelhofalm-im-rauriser-seidlwinkltal\\\/#primaryimage\",\"url\":\"https:\\\/\\\/www.salzburgerland.com\\\/de\\\/magazin\\\/wp-content\\\/uploads\\\/2024\\\/06\\\/57e36b80-a4c3-4a65-afd5-3d2ecbceadc0.jpeg\",\"contentUrl\":\"https:\\\/\\\/www.salzburgerland.com\\\/de\\\/magazin\\\/wp-content\\\/uploads\\\/2024\\\/06\\\/57e36b80-a4c3-4a65-afd5-3d2ecbceadc0.jpeg\",\"width\":1600,\"height\":1200,\"caption\":\"\u00a9 Privat Die Litzelhofalm im Seidlwinkltal in Rauris.\"},{\"@type\":\"BreadcrumbList\",\"@id\":\"https:\\\/\\\/www.salzburgerland.com\\\/de\\\/magazin\\\/litzelhofalm-im-rauriser-seidlwinkltal\\\/#breadcrumb\",\"itemListElement\":[{\"@type\":\"ListItem\",\"position\":1,\"name\":\"Startseite\",\"item\":\"https:\\\/\\\/www.salzburgerland.com\\\/de\\\/magazin\\\/\"},{\"@type\":\"ListItem\",\"position\":2,\"name\":\"Outdoor &amp; Sport\",\"item\":\"https:\\\/\\\/www.salzburgerland.com\\\/de\\\/magazin\\\/thema\\\/outdoor-sport\\\/\"},{\"@type\":\"ListItem\",\"position\":3,\"name\":\"Litzelhofalm im Rauriser Seidlwinkltal\"}]},{\"@type\":\"WebSite\",\"@id\":\"https:\\\/\\\/www.salzburgerland.com\\\/de\\\/magazin\\\/#website\",\"url\":\"https:\\\/\\\/www.salzburgerland.com\\\/de\\\/magazin\\\/\",\"name\":\"SalzburgerLand Magazin\",\"description\":\"Geschichten und Interessantes aus dem SalzburgerLand\",\"publisher\":{\"@id\":\"https:\\\/\\\/www.salzburgerland.com\\\/de\\\/magazin\\\/#organization\"},\"potentialAction\":[{\"@type\":\"SearchAction\",\"target\":{\"@type\":\"EntryPoint\",\"urlTemplate\":\"https:\\\/\\\/www.salzburgerland.com\\\/de\\\/magazin\\\/?s={search_term_string}\"},\"query-input\":{\"@type\":\"PropertyValueSpecification\",\"valueRequired\":true,\"valueName\":\"search_term_string\"}}],\"inLanguage\":\"de\"},{\"@type\":\"Organization\",\"@id\":\"https:\\\/\\\/www.salzburgerland.com\\\/de\\\/magazin\\\/#organization\",\"name\":\"SalzburgerLand Tourismus\",\"url\":\"https:\\\/\\\/www.salzburgerland.com\\\/de\\\/magazin\\\/\",\"logo\":{\"@type\":\"ImageObject\",\"inLanguage\":\"de\",\"@id\":\"https:\\\/\\\/www.salzburgerland.com\\\/de\\\/magazin\\\/#\\\/schema\\\/logo\\\/image\\\/\",\"url\":\"https:\\\/\\\/www.salzburgerland.com\\\/de\\\/magazin\\\/wp-content\\\/uploads\\\/2019\\\/06\\\/salzburgerland-logo1.jpg\",\"contentUrl\":\"https:\\\/\\\/www.salzburgerland.com\\\/de\\\/magazin\\\/wp-content\\\/uploads\\\/2019\\\/06\\\/salzburgerland-logo1.jpg\",\"width\":2011,\"height\":866,\"caption\":\"SalzburgerLand Tourismus\"},\"image\":{\"@id\":\"https:\\\/\\\/www.salzburgerland.com\\\/de\\\/magazin\\\/#\\\/schema\\\/logo\\\/image\\\/\"},\"sameAs\":[\"https:\\\/\\\/www.facebook.com\\\/salzburgerland\\\/\",\"https:\\\/\\\/x.com\\\/Salzburgerland\",\"https:\\\/\\\/www.instagram.com\\\/salzburgerland\\\/\",\"https:\\\/\\\/at.linkedin.com\\\/company\\\/salzburgerland-tourismus-gmbh\",\"https:\\\/\\\/www.pinterest.at\\\/salzburgerland\\\/\",\"https:\\\/\\\/www.youtube.com\\\/user\\\/salzburgerland\",\"https:\\\/\\\/de.wikipedia.org\\\/wiki\\\/SalzburgerLand_Tourismus_GmbH\"]},{\"@type\":\"Person\",\"@id\":\"https:\\\/\\\/www.salzburgerland.com\\\/de\\\/magazin\\\/#\\\/schema\\\/person\\\/79452c699c410aa31a119426313748de\",\"name\":\"Edith Danzer\",\"description\":\"Seit Jahren arbeite ich als freie Redakteurin und Fotografin im SalzburgerLand. Schreiben ist f\u00fcr mich nicht blo\u00df das Erstellen eines Textes. Es ist ein Komponieren einer wundervollen Melodie, ein Malen mit Buchstaben und Worten. Ich liebe die Begegnungen mit Menschen, die mir ihre Geschichte anvertrauen. Wenn man mich sucht, bin ich entweder am Schreibtisch (der auch mal am sonnigen H\u00fcttenbankerl stehen kann) oder mit meinem Husky-M\u00e4dl Ylvi am Berg, am See oder im Wald. Ich \u2026 \u2026 in ein paar Worten. \u2022 Lieber drau\u00dfen, als drinnen. \u2022 Lieber Norden, als S\u00fcden. \u2022 Lieber Buchstaben, als Zahlen. \u2022 Lieber Schnee, als Strand. \u2022 Lieber Berg, als Tal. \u2022 Lieber Nordlichter, als S\u00fcdseezauber. \u2022 Lieber H\u00fctte, als F\u00fcnfsternschuppen. \u2022 Lieber Hund, als Katze. \u2022 Lieber grader Michl, als falscher Fufzga. \u2022 Lieber mittendurch, als drumherum \u2022 Lieber Almleben, als Couchpotato\",\"url\":\"https:\\\/\\\/www.salzburgerland.com\\\/de\\\/magazin\\\/author\\\/edith-danzer\\\/\"}]}<\/script>\n<!-- \/ Yoast SEO Premium plugin. -->","yoast_head_json":{"title":"Litzelhofalm im Rauriser Seidlwinkltal - SalzburgerLand Magazin","robots":{"index":"index","follow":"follow","max-snippet":"max-snippet:-1","max-image-preview":"max-image-preview:large","max-video-preview":"max-video-preview:-1"},"canonical":"https:\/\/www.salzburgerland.com\/de\/magazin\/litzelhofalm-im-rauriser-seidlwinkltal\/","og_locale":"de_DE","og_type":"article","og_title":"Litzelhofalm im Rauriser Seidlwinkltal","og_description":"Es ist Mitte Juni und die Bauersleute Toni und Kathrin Pichler machen sich bereit f\u00fcr den Almabtrieb. Richtig gelesen \u2013 den Abtrieb! Denn die Besonderheit der Litzelhofalm liegt auch darin, dass die K\u00fche vom Mittert\u00f6rl an der Gro\u00dfglockner Hochalpenstra\u00dfe hinunter in das Rauriser Seidlwinkltal wandern, wo sie rund um die H\u00fctte und auf der Hochalm [&hellip;]","og_url":"https:\/\/www.salzburgerland.com\/de\/magazin\/litzelhofalm-im-rauriser-seidlwinkltal\/","og_site_name":"SalzburgerLand Magazin","article_publisher":"https:\/\/www.facebook.com\/salzburgerland\/","article_published_time":"2024-06-24T05:00:00+00:00","article_modified_time":"2025-01-21T07:04:45+00:00","og_image":[{"width":1600,"height":1200,"url":"https:\/\/www.salzburgerland.com\/de\/magazin\/wp-content\/uploads\/2024\/06\/57e36b80-a4c3-4a65-afd5-3d2ecbceadc0.jpeg","type":"image\/jpeg"}],"author":"Edith Danzer","twitter_card":"summary_large_image","twitter_creator":"@Salzburgerland","twitter_site":"@Salzburgerland","twitter_misc":{"Verfasst von":"Edith Danzer","Gesch\u00e4tzte Lesezeit":"7\u00a0Minuten"},"schema":{"@context":"https:\/\/schema.org","@graph":[{"@type":"Article","@id":"https:\/\/www.salzburgerland.com\/de\/magazin\/litzelhofalm-im-rauriser-seidlwinkltal\/#article","isPartOf":{"@id":"https:\/\/www.salzburgerland.com\/de\/magazin\/litzelhofalm-im-rauriser-seidlwinkltal\/"},"author":{"name":"Edith Danzer","@id":"https:\/\/www.salzburgerland.com\/de\/magazin\/#\/schema\/person\/79452c699c410aa31a119426313748de"},"headline":"Litzelhofalm im Rauriser Seidlwinkltal","datePublished":"2024-06-24T05:00:00+00:00","dateModified":"2025-01-21T07:04:45+00:00","mainEntityOfPage":{"@id":"https:\/\/www.salzburgerland.com\/de\/magazin\/litzelhofalm-im-rauriser-seidlwinkltal\/"},"wordCount":986,"publisher":{"@id":"https:\/\/www.salzburgerland.com\/de\/magazin\/#organization"},"image":{"@id":"https:\/\/www.salzburgerland.com\/de\/magazin\/litzelhofalm-im-rauriser-seidlwinkltal\/#primaryimage"},"thumbnailUrl":"https:\/\/www.salzburgerland.com\/de\/magazin\/wp-content\/uploads\/2024\/06\/57e36b80-a4c3-4a65-afd5-3d2ecbceadc0.jpeg","articleSection":["Outdoor &amp; Sport"],"inLanguage":"de"},{"@type":"WebPage","@id":"https:\/\/www.salzburgerland.com\/de\/magazin\/litzelhofalm-im-rauriser-seidlwinkltal\/","url":"https:\/\/www.salzburgerland.com\/de\/magazin\/litzelhofalm-im-rauriser-seidlwinkltal\/","name":"Litzelhofalm im Rauriser Seidlwinkltal - SalzburgerLand Magazin","isPartOf":{"@id":"https:\/\/www.salzburgerland.com\/de\/magazin\/#website"},"primaryImageOfPage":{"@id":"https:\/\/www.salzburgerland.com\/de\/magazin\/litzelhofalm-im-rauriser-seidlwinkltal\/#primaryimage"},"image":{"@id":"https:\/\/www.salzburgerland.com\/de\/magazin\/litzelhofalm-im-rauriser-seidlwinkltal\/#primaryimage"},"thumbnailUrl":"https:\/\/www.salzburgerland.com\/de\/magazin\/wp-content\/uploads\/2024\/06\/57e36b80-a4c3-4a65-afd5-3d2ecbceadc0.jpeg","datePublished":"2024-06-24T05:00:00+00:00","dateModified":"2025-01-21T07:04:45+00:00","breadcrumb":{"@id":"https:\/\/www.salzburgerland.com\/de\/magazin\/litzelhofalm-im-rauriser-seidlwinkltal\/#breadcrumb"},"inLanguage":"de","potentialAction":[{"@type":"ReadAction","target":["https:\/\/www.salzburgerland.com\/de\/magazin\/litzelhofalm-im-rauriser-seidlwinkltal\/"]}]},{"@type":"ImageObject","inLanguage":"de","@id":"https:\/\/www.salzburgerland.com\/de\/magazin\/litzelhofalm-im-rauriser-seidlwinkltal\/#primaryimage","url":"https:\/\/www.salzburgerland.com\/de\/magazin\/wp-content\/uploads\/2024\/06\/57e36b80-a4c3-4a65-afd5-3d2ecbceadc0.jpeg","contentUrl":"https:\/\/www.salzburgerland.com\/de\/magazin\/wp-content\/uploads\/2024\/06\/57e36b80-a4c3-4a65-afd5-3d2ecbceadc0.jpeg","width":1600,"height":1200,"caption":"\u00a9 Privat Die Litzelhofalm im Seidlwinkltal in Rauris."},{"@type":"BreadcrumbList","@id":"https:\/\/www.salzburgerland.com\/de\/magazin\/litzelhofalm-im-rauriser-seidlwinkltal\/#breadcrumb","itemListElement":[{"@type":"ListItem","position":1,"name":"Startseite","item":"https:\/\/www.salzburgerland.com\/de\/magazin\/"},{"@type":"ListItem","position":2,"name":"Outdoor &amp; Sport","item":"https:\/\/www.salzburgerland.com\/de\/magazin\/thema\/outdoor-sport\/"},{"@type":"ListItem","position":3,"name":"Litzelhofalm im Rauriser Seidlwinkltal"}]},{"@type":"WebSite","@id":"https:\/\/www.salzburgerland.com\/de\/magazin\/#website","url":"https:\/\/www.salzburgerland.com\/de\/magazin\/","name":"SalzburgerLand Magazin","description":"Geschichten und Interessantes aus dem SalzburgerLand","publisher":{"@id":"https:\/\/www.salzburgerland.com\/de\/magazin\/#organization"},"potentialAction":[{"@type":"SearchAction","target":{"@type":"EntryPoint","urlTemplate":"https:\/\/www.salzburgerland.com\/de\/magazin\/?s={search_term_string}"},"query-input":{"@type":"PropertyValueSpecification","valueRequired":true,"valueName":"search_term_string"}}],"inLanguage":"de"},{"@type":"Organization","@id":"https:\/\/www.salzburgerland.com\/de\/magazin\/#organization","name":"SalzburgerLand Tourismus","url":"https:\/\/www.salzburgerland.com\/de\/magazin\/","logo":{"@type":"ImageObject","inLanguage":"de","@id":"https:\/\/www.salzburgerland.com\/de\/magazin\/#\/schema\/logo\/image\/","url":"https:\/\/www.salzburgerland.com\/de\/magazin\/wp-content\/uploads\/2019\/06\/salzburgerland-logo1.jpg","contentUrl":"https:\/\/www.salzburgerland.com\/de\/magazin\/wp-content\/uploads\/2019\/06\/salzburgerland-logo1.jpg","width":2011,"height":866,"caption":"SalzburgerLand Tourismus"},"image":{"@id":"https:\/\/www.salzburgerland.com\/de\/magazin\/#\/schema\/logo\/image\/"},"sameAs":["https:\/\/www.facebook.com\/salzburgerland\/","https:\/\/x.com\/Salzburgerland","https:\/\/www.instagram.com\/salzburgerland\/","https:\/\/at.linkedin.com\/company\/salzburgerland-tourismus-gmbh","https:\/\/www.pinterest.at\/salzburgerland\/","https:\/\/www.youtube.com\/user\/salzburgerland","https:\/\/de.wikipedia.org\/wiki\/SalzburgerLand_Tourismus_GmbH"]},{"@type":"Person","@id":"https:\/\/www.salzburgerland.com\/de\/magazin\/#\/schema\/person\/79452c699c410aa31a119426313748de","name":"Edith Danzer","description":"Seit Jahren arbeite ich als freie Redakteurin und Fotografin im SalzburgerLand. Schreiben ist f\u00fcr mich nicht blo\u00df das Erstellen eines Textes. Es ist ein Komponieren einer wundervollen Melodie, ein Malen mit Buchstaben und Worten. Ich liebe die Begegnungen mit Menschen, die mir ihre Geschichte anvertrauen. Wenn man mich sucht, bin ich entweder am Schreibtisch (der auch mal am sonnigen H\u00fcttenbankerl stehen kann) oder mit meinem Husky-M\u00e4dl Ylvi am Berg, am See oder im Wald. Ich \u2026 \u2026 in ein paar Worten. \u2022 Lieber drau\u00dfen, als drinnen. \u2022 Lieber Norden, als S\u00fcden. \u2022 Lieber Buchstaben, als Zahlen. \u2022 Lieber Schnee, als Strand. \u2022 Lieber Berg, als Tal. \u2022 Lieber Nordlichter, als S\u00fcdseezauber. \u2022 Lieber H\u00fctte, als F\u00fcnfsternschuppen. \u2022 Lieber Hund, als Katze. \u2022 Lieber grader Michl, als falscher Fufzga. \u2022 Lieber mittendurch, als drumherum \u2022 Lieber Almleben, als Couchpotato","url":"https:\/\/www.salzburgerland.com\/de\/magazin\/author\/edith-danzer\/"}]}},"_wl_alt_label":[],"wl:entity_url":"http:\/\/open.salzburgerland.com\/magazin\/post\/litzelhofalm-im-rauriser-seidlwinkltal","_links":{"self":[{"href":"https:\/\/www.salzburgerland.com\/de\/magazin\/wp-json\/wp\/v2\/posts\/177345","targetHints":{"allow":["GET"]}}],"collection":[{"href":"https:\/\/www.salzburgerland.com\/de\/magazin\/wp-json\/wp\/v2\/posts"}],"about":[{"href":"https:\/\/www.salzburgerland.com\/de\/magazin\/wp-json\/wp\/v2\/types\/post"}],"author":[{"embeddable":true,"href":"https:\/\/www.salzburgerland.com\/de\/magazin\/wp-json\/wp\/v2\/users\/11"}],"replies":[{"embeddable":true,"href":"https:\/\/www.salzburgerland.com\/de\/magazin\/wp-json\/wp\/v2\/comments?post=177345"}],"version-history":[{"count":6,"href":"https:\/\/www.salzburgerland.com\/de\/magazin\/wp-json\/wp\/v2\/posts\/177345\/revisions"}],"predecessor-version":[{"id":180493,"href":"https:\/\/www.salzburgerland.com\/de\/magazin\/wp-json\/wp\/v2\/posts\/177345\/revisions\/180493"}],"wp:featuredmedia":[{"embeddable":true,"href":"https:\/\/www.salzburgerland.com\/de\/magazin\/wp-json\/wp\/v2\/media\/177360"}],"wp:attachment":[{"href":"https:\/\/www.salzburgerland.com\/de\/magazin\/wp-json\/wp\/v2\/media?parent=177345"}],"wp:term":[{"taxonomy":"category","embeddable":true,"href":"https:\/\/www.salzburgerland.com\/de\/magazin\/wp-json\/wp\/v2\/categories?post=177345"},{"taxonomy":"post_tag","embeddable":true,"href":"https:\/\/www.salzburgerland.com\/de\/magazin\/wp-json\/wp\/v2\/tags?post=177345"},{"taxonomy":"wl_entity_type","embeddable":true,"href":"https:\/\/www.salzburgerland.com\/de\/magazin\/wp-json\/wp\/v2\/wl_entity_type?post=177345"},{"taxonomy":"monatsauswahl","embeddable":true,"href":"https:\/\/www.salzburgerland.com\/de\/magazin\/wp-json\/wp\/v2\/monatsauswahl?post=177345"}],"curies":[{"name":"wp","href":"https:\/\/api.w.org\/{rel}","templated":true}]}}