{"id":177247,"date":"2024-06-25T07:00:00","date_gmt":"2024-06-25T05:00:00","guid":{"rendered":"https:\/\/www.salzburgerland.com\/de\/magazin\/?p=177247"},"modified":"2024-08-01T13:03:49","modified_gmt":"2024-08-01T11:03:49","slug":"uebernachten-auf-der-postalm","status":"publish","type":"post","link":"https:\/\/www.salzburgerland.com\/de\/magazin\/uebernachten-auf-der-postalm\/","title":{"rendered":"\u00dcbernachten auf der Postalm"},"content":{"rendered":"\n<div class=\"wp-block-slt-top topBlocks\">\n<h2 class=\"wp-block-slt-subtitle\"> In der Natur Kraft und Ruhe tanken<\/h2>\n\n\n\n<p class=\"wp-block-slt-intro\">Sternenklare N\u00e4chte, traumhafte Sonnenauf- und Unterg\u00e4nge und eine frische Luft, wie sie in den St\u00e4dten nie zu atmen ist: Das erwartet die G\u00e4ste im Postalmgebiet. Angeboten werden Schlafpl\u00e4tze in urigen Almh\u00fctten, Appartements in schmucken H\u00e4usern und ein tiny house. <\/p>\n<\/div>\n\n\n\n<h2 class=\"wp-block-heading\" id=\"h-inmitten-der-natur-und-doch-zentral\">Inmitten der Natur und doch zentral <\/h2>\n\n\n\n<p>Sanft ert\u00f6nen Kuhglocken, Stuten grasen mit ihren Fohlen auf den weiten Wiesen und wer Gl\u00fcck hat, sieht ein scheues Reh davonhuschen. Die Postalm im SalzburgerLand ist das gr\u00f6\u00dfte zusammenh\u00e4ngende Almgebiet \u00d6sterreichs. Auf einer Fl\u00e4che von 42 Quadratkilometern und einer mittleren H\u00f6henlage von 1.300 Metern k\u00f6nnen sanfte Almen, ausgedehnte W\u00e4lder mit knorrigen L\u00e4rchen und Fichten sowie Wanderwege im felsigen Gel\u00e4nde erkundet werden.<\/p>\n\n\n\n<figure class=\"wp-block-image size-full is-resized\"><img loading=\"lazy\" decoding=\"async\" width=\"2057\" height=\"1543\" src=\"https:\/\/www.salzburgerland.com\/de\/magazin\/wp-content\/uploads\/2024\/06\/IMG_1922-edited.jpeg\" alt=\"Im Appartementhaus Alpenrose n\u00e4chtigen G\u00e4ste inmitten der Natur.\n\" class=\"wp-image-177414\" style=\"width:847px;height:auto\" srcset=\"https:\/\/www.salzburgerland.com\/de\/magazin\/wp-content\/uploads\/2024\/06\/IMG_1922-edited.jpeg 2057w, https:\/\/www.salzburgerland.com\/de\/magazin\/wp-content\/uploads\/2024\/06\/IMG_1922-edited-300x225.jpeg 300w, https:\/\/www.salzburgerland.com\/de\/magazin\/wp-content\/uploads\/2024\/06\/IMG_1922-edited-1536x1152.jpeg 1536w, https:\/\/www.salzburgerland.com\/de\/magazin\/wp-content\/uploads\/2024\/06\/IMG_1922-edited-2048x1536.jpeg 2048w, https:\/\/www.salzburgerland.com\/de\/magazin\/wp-content\/uploads\/2024\/06\/IMG_1922-edited-733x550.jpeg 733w, https:\/\/www.salzburgerland.com\/de\/magazin\/wp-content\/uploads\/2024\/06\/IMG_1922-edited-140x105.jpeg 140w, https:\/\/www.salzburgerland.com\/de\/magazin\/wp-content\/uploads\/2024\/06\/IMG_1922-edited-533x400.jpeg 533w, https:\/\/www.salzburgerland.com\/de\/magazin\/wp-content\/uploads\/2024\/06\/IMG_1922-edited-960x720.jpeg 960w, https:\/\/www.salzburgerland.com\/de\/magazin\/wp-content\/uploads\/2024\/06\/IMG_1922-edited-1320x990.jpeg 1320w, https:\/\/www.salzburgerland.com\/de\/magazin\/wp-content\/uploads\/2024\/06\/IMG_1922-edited-150x113.jpeg 150w\" sizes=\"auto, (max-width: 2057px) 100vw, 2057px\" \/><\/figure>\n\n\n\n<h2 class=\"wp-block-heading\" id=\"h-kuhe-kalber-stuten-und-fohlen-auf-sommerfrische\">K\u00fche, K\u00e4lber, Stuten und Fohlen auf Sommerfrische<\/h2>\n\n\n\n<p>Anfang Juni und wenn es die Temperaturen zulassen, bringen Bauersleute ihre K\u00fche und K\u00e4lber, Pferde und Fohlen hinauf in das Postalm-Gebiet. Diese verbringen bis September ihre Sommerfrische auf den Almen. Auch die H\u00fcttenwirte zieht es nach der Wintersaison wieder hinauf. Neun H\u00fctten haben f\u00fcr G\u00e4ste ge\u00f6ffnet; in f\u00fcnf davon kann in Lagern, Zimmern und teilweise in Appartements \u00fcbernachtet werden. Wer m\u00f6chte, kann auch eine ganze Almh\u00fctte mieten.<\/p>\n\n\n<div class=\"mag-gallery\"><div class=\"row\"><div class=\"col-6 col-sm-4\"><figure><a class=\"thumb-container\" href=\"https:\/\/www.salzburgerland.com\/de\/magazin\/wp-content\/uploads\/2024\/06\/IMG_9752-1280x1024.jpeg\">\t<picture><source media=\"(min-width: 576px)\" srcset=\"https:\/\/www.salzburgerland.com\/de\/magazin\/wp-content\/uploads\/2024\/06\/IMG_9752-325x209.jpeg 325w, https:\/\/www.salzburgerland.com\/de\/magazin\/wp-content\/uploads\/2024\/06\/IMG_9752-249x160.jpeg 249w\"><\/source><source media=\"(min-width: 0)\" srcset=\"https:\/\/www.salzburgerland.com\/de\/magazin\/wp-content\/uploads\/2024\/06\/IMG_9752-249x160.jpeg 249w, https:\/\/www.salzburgerland.com\/de\/magazin\/wp-content\/uploads\/2024\/06\/IMG_9752-325x209.jpeg 325w\"><\/source><img decoding=\"async\" alt=\"Mehrere Pferde stehen und grasen auf einem grasbewachsenen H&uuml;gel mit B&auml;umen und felsigen Klippen im Hintergrund.\" src=\"https:\/\/www.salzburgerland.com\/de\/magazin\/wp-content\/uploads\/2024\/06\/IMG_9752.jpeg\">\t<\/picture><\/a><\/figure><\/div><div class=\"col-6 col-sm-4\"><figure><a class=\"thumb-container\" href=\"https:\/\/www.salzburgerland.com\/de\/magazin\/wp-content\/uploads\/2024\/05\/IMG_1862-1280x1024.jpeg\">\t<picture><source media=\"(min-width: 576px)\" srcset=\"https:\/\/www.salzburgerland.com\/de\/magazin\/wp-content\/uploads\/2024\/05\/IMG_1862-325x209.jpeg 325w, https:\/\/www.salzburgerland.com\/de\/magazin\/wp-content\/uploads\/2024\/05\/IMG_1862-249x160.jpeg 249w\"><\/source><source media=\"(min-width: 0)\" srcset=\"https:\/\/www.salzburgerland.com\/de\/magazin\/wp-content\/uploads\/2024\/05\/IMG_1862-249x160.jpeg 249w, https:\/\/www.salzburgerland.com\/de\/magazin\/wp-content\/uploads\/2024\/05\/IMG_1862-325x209.jpeg 325w\"><\/source><img decoding=\"async\" alt=\"Holzh&uuml;tten auf einer gr&uuml;nen Wiese, umgeben von B&auml;umen und Bergen unter einem blauen Himmel mit Wolkenfetzen.\" src=\"https:\/\/www.salzburgerland.com\/de\/magazin\/wp-content\/uploads\/2024\/05\/IMG_1862-scaled.jpeg\">\t<\/picture><\/a><\/figure><\/div><div class=\"col-6 col-sm-4\"><figure><a class=\"thumb-container\" href=\"https:\/\/www.salzburgerland.com\/de\/magazin\/wp-content\/uploads\/2024\/06\/IMG_1953-1280x1024.jpeg\">\t<picture><source media=\"(min-width: 576px)\" srcset=\"https:\/\/www.salzburgerland.com\/de\/magazin\/wp-content\/uploads\/2024\/06\/IMG_1953-325x209.jpeg 325w, https:\/\/www.salzburgerland.com\/de\/magazin\/wp-content\/uploads\/2024\/06\/IMG_1953-249x160.jpeg 249w\"><\/source><source media=\"(min-width: 0)\" srcset=\"https:\/\/www.salzburgerland.com\/de\/magazin\/wp-content\/uploads\/2024\/06\/IMG_1953-249x160.jpeg 249w, https:\/\/www.salzburgerland.com\/de\/magazin\/wp-content\/uploads\/2024\/06\/IMG_1953-325x209.jpeg 325w\"><\/source><img decoding=\"async\" alt=\"Weidende und ruhende K&uuml;he auf einem gr&uuml;nen H&uuml;gel mit B&auml;umen und Bergen unter einem blauen Himmel mit Wolken.\" src=\"https:\/\/www.salzburgerland.com\/de\/magazin\/wp-content\/uploads\/2024\/06\/IMG_1953-scaled.jpeg\">\t<\/picture><\/a><\/figure><\/div><\/div><figcaption><\/figcaption><\/div>\n\n\n\n<p>Idyllisch schmiegt sich die <a href=\"https:\/\/www.rettenegghuette.at\" target=\"_blank\" rel=\"noreferrer noopener\">Retteneggh\u00fctte<\/a> am Fu\u00dfe des Braunedels in den Hang. H\u00fcttenwirtin Barbara Gsenger und ihre Familie bieten acht Schlafpl\u00e4tze an; davon sind f\u00fcnf in einem Lager und drei in Betten. Die H\u00fcttenwirte sind weitum bekannt f\u00fcr ihre selbstgemachten Produkte wie Brot, K\u00e4se, Aufstriche und Kaiserschmarren. Bereits zum Fr\u00fchst\u00fcck serviert Gsenger selbstgebackenes Brot, Butter, K\u00e4se, Ei und Aufstriche. Yoga findet jeden Mittwoch um 8:30 Uhr statt. F\u00fcr den Hunger nach der Bewegung an frischer Luft serviert die H\u00fcttenwirten allen Yogis einen ausgiebigen Brunch. Da der Kurs ab f\u00fcnf Personen stattfindet, sollten sich Interessierte zwei Tage vorher anmelden.&nbsp;<\/p>\n\n\n<div class=\"mag-gallery\"><div class=\"row\"><div class=\"col-6 col-sm-4\"><figure><a class=\"thumb-container\" href=\"https:\/\/www.salzburgerland.com\/de\/magazin\/wp-content\/uploads\/2024\/05\/IMG_1959-1280x1024.jpeg\">\t<picture><source media=\"(min-width: 576px)\" srcset=\"https:\/\/www.salzburgerland.com\/de\/magazin\/wp-content\/uploads\/2024\/05\/IMG_1959-325x209.jpeg 325w, https:\/\/www.salzburgerland.com\/de\/magazin\/wp-content\/uploads\/2024\/05\/IMG_1959-249x160.jpeg 249w\"><\/source><source media=\"(min-width: 0)\" srcset=\"https:\/\/www.salzburgerland.com\/de\/magazin\/wp-content\/uploads\/2024\/05\/IMG_1959-249x160.jpeg 249w, https:\/\/www.salzburgerland.com\/de\/magazin\/wp-content\/uploads\/2024\/05\/IMG_1959-325x209.jpeg 325w\"><\/source><img decoding=\"async\" alt=\"An einem sonnigen Tag sitzen zwei Frauen an einem h&ouml;lzernen Picknicktisch vor einer rustikalen Bergh&uuml;tte.\" src=\"https:\/\/www.salzburgerland.com\/de\/magazin\/wp-content\/uploads\/2024\/05\/IMG_1959-scaled.jpeg\">\t<\/picture><figcaption>Barbara und Petra Gsenger<\/figcaption><\/a><\/figure><\/div><div class=\"col-6 col-sm-4\"><figure><a class=\"thumb-container\" href=\"https:\/\/www.salzburgerland.com\/de\/magazin\/wp-content\/uploads\/2024\/05\/IMG_1965-1280x1024.jpeg\">\t<picture><source media=\"(min-width: 576px)\" srcset=\"https:\/\/www.salzburgerland.com\/de\/magazin\/wp-content\/uploads\/2024\/05\/IMG_1965-325x209.jpeg 325w, https:\/\/www.salzburgerland.com\/de\/magazin\/wp-content\/uploads\/2024\/05\/IMG_1965-249x160.jpeg 249w\"><\/source><source media=\"(min-width: 0)\" srcset=\"https:\/\/www.salzburgerland.com\/de\/magazin\/wp-content\/uploads\/2024\/05\/IMG_1965-249x160.jpeg 249w, https:\/\/www.salzburgerland.com\/de\/magazin\/wp-content\/uploads\/2024\/05\/IMG_1965-325x209.jpeg 325w\"><\/source><img decoding=\"async\" alt=\"Frau in wei&szlig;er Bluse und gr&uuml;nem Rock sitzt auf einem Bett in einem rustikalen Holzzimmer mit zwei Betten.\" src=\"https:\/\/www.salzburgerland.com\/de\/magazin\/wp-content\/uploads\/2024\/05\/IMG_1965-scaled.jpeg\">\t<\/picture><figcaption>Die Betten sind gem&uuml;tlich.<\/figcaption><\/a><\/figure><\/div><div class=\"col-6 col-sm-4\"><figure><a class=\"thumb-container\" href=\"https:\/\/www.salzburgerland.com\/de\/magazin\/wp-content\/uploads\/2024\/05\/IMG_1968-1280x1024.jpeg\">\t<picture><source media=\"(min-width: 576px)\" srcset=\"https:\/\/www.salzburgerland.com\/de\/magazin\/wp-content\/uploads\/2024\/05\/IMG_1968-325x209.jpeg 325w, https:\/\/www.salzburgerland.com\/de\/magazin\/wp-content\/uploads\/2024\/05\/IMG_1968-249x160.jpeg 249w\"><\/source><source media=\"(min-width: 0)\" srcset=\"https:\/\/www.salzburgerland.com\/de\/magazin\/wp-content\/uploads\/2024\/05\/IMG_1968-249x160.jpeg 249w, https:\/\/www.salzburgerland.com\/de\/magazin\/wp-content\/uploads\/2024\/05\/IMG_1968-325x209.jpeg 325w\"><\/source><img decoding=\"async\" alt=\"Holzwand mit h&auml;ngendem Porzellan, Tassen, einem Hirschbild und besticktem Stoff in einem gem&uuml;tlichen, rustikalen Raum.\" src=\"https:\/\/www.salzburgerland.com\/de\/magazin\/wp-content\/uploads\/2024\/05\/IMG_1968-scaled.jpeg\">\t<\/picture><figcaption>Urige Stube in der Retteneggh&uuml;tte<\/figcaption><\/a><\/figure><\/div><\/div><figcaption><\/figcaption><\/div>\n\n\n\n<h2 class=\"wp-block-heading\" id=\"h-barrierefrei-speisen-und-nachtigen\">Barrierefrei speisen und n\u00e4chtigen<\/h2>\n\n\n\n<p>Gleich bei der Talstation der Postalm-Lifte befindet sich der <a href=\"https:\/\/lienbachhof.at\" target=\"_blank\" rel=\"noreferrer noopener\">Lienbachhof<\/a>. Die Fassade des \u00fcber 50 Jahre alten Gasthofes ist mit Holzschindeln gedeckt. Dahinter verbirgt sich ein Kleinod: Die Postalm-Lodge. Es ist ein kleines Holzblockh\u00e4uschen f\u00fcr zwei bis vier Personen. Auf Wunsch k\u00f6nnen G\u00e4ste im Lienbachhof das Fr\u00fchst\u00fcck gleich mitbuchen. Wirtin Ulli Buchegger und ihr Team bereiten s\u00e4mtliche Speisen aus regionalen Produkten zu. Alle R\u00e4ume sind barrierefrei und f\u00fcr E-Biker gibt es sogar eine eigene Ladestation.<\/p>\n\n\n<div class=\"mag-gallery\"><div class=\"row\"><div class=\"col-6 col-sm-4\"><figure><a class=\"thumb-container\" href=\"https:\/\/www.salzburgerland.com\/de\/magazin\/wp-content\/uploads\/2024\/05\/IMG_1913-1280x1024.jpeg\">\t<picture><source media=\"(min-width: 576px)\" srcset=\"https:\/\/www.salzburgerland.com\/de\/magazin\/wp-content\/uploads\/2024\/05\/IMG_1913-325x209.jpeg 325w, https:\/\/www.salzburgerland.com\/de\/magazin\/wp-content\/uploads\/2024\/05\/IMG_1913-249x160.jpeg 249w\"><\/source><source media=\"(min-width: 0)\" srcset=\"https:\/\/www.salzburgerland.com\/de\/magazin\/wp-content\/uploads\/2024\/05\/IMG_1913-249x160.jpeg 249w, https:\/\/www.salzburgerland.com\/de\/magazin\/wp-content\/uploads\/2024\/05\/IMG_1913-325x209.jpeg 325w\"><\/source><img decoding=\"async\" alt=\"Eine Frau in einem rosa Pullover sitzt l&auml;chelnd an einem Holztisch im Freien neben einem Holzgeb&auml;ude.\" src=\"https:\/\/www.salzburgerland.com\/de\/magazin\/wp-content\/uploads\/2024\/05\/IMG_1913-scaled.jpeg\">\t<\/picture><figcaption>Ulla Buchegger im Gastgarten des Lienbachhofes<\/figcaption><\/a><\/figure><\/div><div class=\"col-6 col-sm-4\"><figure><a class=\"thumb-container\" href=\"https:\/\/www.salzburgerland.com\/de\/magazin\/wp-content\/uploads\/2024\/05\/IMG_1904-1280x1024.jpeg\">\t<picture><source media=\"(min-width: 576px)\" srcset=\"https:\/\/www.salzburgerland.com\/de\/magazin\/wp-content\/uploads\/2024\/05\/IMG_1904-325x209.jpeg 325w, https:\/\/www.salzburgerland.com\/de\/magazin\/wp-content\/uploads\/2024\/05\/IMG_1904-249x160.jpeg 249w\"><\/source><source media=\"(min-width: 0)\" srcset=\"https:\/\/www.salzburgerland.com\/de\/magazin\/wp-content\/uploads\/2024\/05\/IMG_1904-249x160.jpeg 249w, https:\/\/www.salzburgerland.com\/de\/magazin\/wp-content\/uploads\/2024\/05\/IMG_1904-325x209.jpeg 325w\"><\/source><img decoding=\"async\" alt=\"Eine Frau steht vor der T&uuml;r einer Holzh&uuml;tte in einer gr&uuml;nen, h&uuml;geligen Landschaft mit K&uuml;hen in der Ferne.\" src=\"https:\/\/www.salzburgerland.com\/de\/magazin\/wp-content\/uploads\/2024\/05\/IMG_1904-scaled.jpeg\">\t<\/picture><figcaption>Die Postalm-Lodge ist ein kleines &#8230;<\/figcaption><\/a><\/figure><\/div><div class=\"col-6 col-sm-4\"><figure><a class=\"thumb-container\" href=\"https:\/\/www.salzburgerland.com\/de\/magazin\/wp-content\/uploads\/2024\/05\/IMG_1899-1280x1024.jpeg\">\t<picture><source media=\"(min-width: 576px)\" srcset=\"https:\/\/www.salzburgerland.com\/de\/magazin\/wp-content\/uploads\/2024\/05\/IMG_1899-325x209.jpeg 325w, https:\/\/www.salzburgerland.com\/de\/magazin\/wp-content\/uploads\/2024\/05\/IMG_1899-249x160.jpeg 249w\"><\/source><source media=\"(min-width: 0)\" srcset=\"https:\/\/www.salzburgerland.com\/de\/magazin\/wp-content\/uploads\/2024\/05\/IMG_1899-249x160.jpeg 249w, https:\/\/www.salzburgerland.com\/de\/magazin\/wp-content\/uploads\/2024\/05\/IMG_1899-325x209.jpeg 325w\"><\/source><img decoding=\"async\" alt=\"Zwei Frauen l&auml;cheln und unterhalten sich an einem K&uuml;chentisch mit einer Topfpflanze in der Mitte.\" src=\"https:\/\/www.salzburgerland.com\/de\/magazin\/wp-content\/uploads\/2024\/05\/IMG_1899-scaled.jpeg\">\t<\/picture><figcaption>&#8230; und feines H&auml;uschen.<\/figcaption><\/a><\/figure><\/div><\/div><figcaption><\/figcaption><\/div>\n\n\n\n<p>In der N\u00e4he befindet sich die <a href=\"https:\/\/www.welser-huette.at\" target=\"_blank\" rel=\"noreferrer noopener\">Welser H\u00fctte<\/a>. Die H\u00fctte eignet sich besonders gut f\u00fcr Familien. Kinder und Erwachsene k\u00f6nnen im Funcourt Fu\u00dfball und V\u00f6lkerball spielen. 43 Betten sind auf f\u00fcnf R\u00e4ume aufgeteilt. Alle haben ein eigenes Bad und WC dabei. Die Zw\u00f6lfbett-Zimmer verf\u00fcgen sogar \u00fcber einen eigenen Balkon. Auf Wunsch bereiten die Wirtin Cornelia Hackl und ihr Team das Fr\u00fchst\u00fcck zu. Bekannt ist Hackl f\u00fcr ihr Surschnitzel und f\u00fcr die Bauernkrapfen mit Tiroler Gr\u00f6stl und Ei.<\/p>\n\n\n<div class=\"mag-gallery\"><div class=\"row\"><div class=\"col-6 col-sm-4\"><figure><a class=\"thumb-container\" href=\"https:\/\/www.salzburgerland.com\/de\/magazin\/wp-content\/uploads\/2024\/05\/IMG_1929-1280x1024.jpeg\">\t<picture><source media=\"(min-width: 576px)\" srcset=\"https:\/\/www.salzburgerland.com\/de\/magazin\/wp-content\/uploads\/2024\/05\/IMG_1929-325x209.jpeg 325w, https:\/\/www.salzburgerland.com\/de\/magazin\/wp-content\/uploads\/2024\/05\/IMG_1929-249x160.jpeg 249w\"><\/source><source media=\"(min-width: 0)\" srcset=\"https:\/\/www.salzburgerland.com\/de\/magazin\/wp-content\/uploads\/2024\/05\/IMG_1929-249x160.jpeg 249w, https:\/\/www.salzburgerland.com\/de\/magazin\/wp-content\/uploads\/2024\/05\/IMG_1929-325x209.jpeg 325w\"><\/source><img decoding=\"async\" alt=\"Eine Frau steht neben einem h&ouml;lzernen Etagenbett mit rot-kariertem Bettzeug in einem gem&uuml;tlichen Dachgeschosszimmer.\" src=\"https:\/\/www.salzburgerland.com\/de\/magazin\/wp-content\/uploads\/2024\/05\/IMG_1929-scaled.jpeg\">\t<\/picture><figcaption>Cornelia Hackl in einem der Zimmer<\/figcaption><\/a><\/figure><\/div><div class=\"col-6 col-sm-4\"><figure><a class=\"thumb-container\" href=\"https:\/\/www.salzburgerland.com\/de\/magazin\/wp-content\/uploads\/2024\/05\/IMG_1932-1280x1024.jpeg\">\t<picture><source media=\"(min-width: 576px)\" srcset=\"https:\/\/www.salzburgerland.com\/de\/magazin\/wp-content\/uploads\/2024\/05\/IMG_1932-325x209.jpeg 325w, https:\/\/www.salzburgerland.com\/de\/magazin\/wp-content\/uploads\/2024\/05\/IMG_1932-249x160.jpeg 249w\"><\/source><source media=\"(min-width: 0)\" srcset=\"https:\/\/www.salzburgerland.com\/de\/magazin\/wp-content\/uploads\/2024\/05\/IMG_1932-249x160.jpeg 249w, https:\/\/www.salzburgerland.com\/de\/magazin\/wp-content\/uploads\/2024\/05\/IMG_1932-325x209.jpeg 325w\"><\/source><img decoding=\"async\" alt=\"Eine Frau steht in einem gem&uuml;tlichen Holzzimmer in der N&auml;he einer Wand, an der ein Nummernschild aus Alabama h&auml;ngt.\" src=\"https:\/\/www.salzburgerland.com\/de\/magazin\/wp-content\/uploads\/2024\/05\/IMG_1932-scaled.jpeg\">\t<\/picture><figcaption>Die R&auml;ume haben Als Zimmernummer amerikanische Autokennzeichen<\/figcaption><\/a><\/figure><\/div><div class=\"col-6 col-sm-4\"><figure><a class=\"thumb-container\" href=\"https:\/\/www.salzburgerland.com\/de\/magazin\/wp-content\/uploads\/2024\/05\/IMG_1927-1280x1024.jpeg\">\t<picture><source media=\"(min-width: 576px)\" srcset=\"https:\/\/www.salzburgerland.com\/de\/magazin\/wp-content\/uploads\/2024\/05\/IMG_1927-325x209.jpeg 325w, https:\/\/www.salzburgerland.com\/de\/magazin\/wp-content\/uploads\/2024\/05\/IMG_1927-249x160.jpeg 249w\"><\/source><source media=\"(min-width: 0)\" srcset=\"https:\/\/www.salzburgerland.com\/de\/magazin\/wp-content\/uploads\/2024\/05\/IMG_1927-249x160.jpeg 249w, https:\/\/www.salzburgerland.com\/de\/magazin\/wp-content\/uploads\/2024\/05\/IMG_1927-325x209.jpeg 325w\"><\/source><img decoding=\"async\" alt=\"Zwei kleine Tische auf Kies bieten einen Blick auf grasbewachsene H&uuml;gel, Holzh&auml;user, K&uuml;he und einen fernen Berg unter bew&ouml;lktem Himmel.\" src=\"https:\/\/www.salzburgerland.com\/de\/magazin\/wp-content\/uploads\/2024\/05\/IMG_1927-scaled.jpeg\">\t<\/picture><figcaption>Gastgarten der Welser H&uuml;tte mit Blick auf die &#8222;Alpenrose&#8220;<\/figcaption><\/a><\/figure><\/div><\/div><figcaption><\/figcaption><\/div>\n\n\n\n<p>N\u00e4chtigen kann man auch im <a href=\"https:\/\/www.almhaus-alpenrose.at\" target=\"_blank\" rel=\"noreferrer noopener\">Selbstversorgerhaus Alpenrose<\/a>. Betreiberin Kathrin Spiegl: \u201eWir haben acht Doppelzimmer und drei Appartements. Jedes Zimmer verf\u00fcgt \u00fcber ein eigenes Bad.\u201c&nbsp;Wer m\u00f6chte bucht in der Welser H\u00fctte das Fr\u00fchst\u00fcck. Auch zu Mittag, zu Abend und zwischendurch kann hier gespeist und getrunken werden.<\/p>\n\n\n<div class=\"mag-gallery\"><div class=\"row\"><div class=\"col-6 col-sm-4\"><figure><a class=\"thumb-container\" href=\"https:\/\/www.salzburgerland.com\/de\/magazin\/wp-content\/uploads\/2024\/05\/IMG_1919-1280x1024.jpeg\">\t<picture><source media=\"(min-width: 576px)\" srcset=\"https:\/\/www.salzburgerland.com\/de\/magazin\/wp-content\/uploads\/2024\/05\/IMG_1919-325x209.jpeg 325w, https:\/\/www.salzburgerland.com\/de\/magazin\/wp-content\/uploads\/2024\/05\/IMG_1919-249x160.jpeg 249w\"><\/source><source media=\"(min-width: 0)\" srcset=\"https:\/\/www.salzburgerland.com\/de\/magazin\/wp-content\/uploads\/2024\/05\/IMG_1919-249x160.jpeg 249w, https:\/\/www.salzburgerland.com\/de\/magazin\/wp-content\/uploads\/2024\/05\/IMG_1919-325x209.jpeg 325w\"><\/source><img decoding=\"async\" alt=\"Ein Haus im Chalet-Stil steht auf einem gr&uuml;nen H&uuml;gel unter einem teilweise bew&ouml;lkten Himmel mit vereinzelten B&auml;umen und Wildblumen.\" src=\"https:\/\/www.salzburgerland.com\/de\/magazin\/wp-content\/uploads\/2024\/05\/IMG_1919-scaled.jpeg\">\t<\/picture><figcaption>Appartements im Haus Alpenrose &#8230;<\/figcaption><\/a><\/figure><\/div><div class=\"col-6 col-sm-4\"><figure><a class=\"thumb-container\" href=\"https:\/\/www.salzburgerland.com\/de\/magazin\/wp-content\/uploads\/2024\/05\/IMG_1924-1280x1024.jpeg\">\t<picture><source media=\"(min-width: 576px)\" srcset=\"https:\/\/www.salzburgerland.com\/de\/magazin\/wp-content\/uploads\/2024\/05\/IMG_1924-325x209.jpeg 325w, https:\/\/www.salzburgerland.com\/de\/magazin\/wp-content\/uploads\/2024\/05\/IMG_1924-249x160.jpeg 249w\"><\/source><source media=\"(min-width: 0)\" srcset=\"https:\/\/www.salzburgerland.com\/de\/magazin\/wp-content\/uploads\/2024\/05\/IMG_1924-249x160.jpeg 249w, https:\/\/www.salzburgerland.com\/de\/magazin\/wp-content\/uploads\/2024\/05\/IMG_1924-325x209.jpeg 325w\"><\/source><img decoding=\"async\" alt=\"Ein Holzchalet steht auf einem grasbewachsenen H&uuml;gel mit B&auml;umen und einem teilweise bew&ouml;lkten blauen Himmel im Hintergrund.\" src=\"https:\/\/www.salzburgerland.com\/de\/magazin\/wp-content\/uploads\/2024\/05\/IMG_1924-scaled.jpeg\">\t<\/picture><figcaption>&#8230; und im Haus Obweg<\/figcaption><\/a><\/figure><\/div><div class=\"col-6 col-sm-4\"><figure><a class=\"thumb-container\" href=\"https:\/\/www.salzburgerland.com\/de\/magazin\/wp-content\/uploads\/2024\/05\/IMG_1886-1280x1024.jpeg\">\t<picture><source media=\"(min-width: 576px)\" srcset=\"https:\/\/www.salzburgerland.com\/de\/magazin\/wp-content\/uploads\/2024\/05\/IMG_1886-325x209.jpeg 325w, https:\/\/www.salzburgerland.com\/de\/magazin\/wp-content\/uploads\/2024\/05\/IMG_1886-249x160.jpeg 249w\"><\/source><source media=\"(min-width: 0)\" srcset=\"https:\/\/www.salzburgerland.com\/de\/magazin\/wp-content\/uploads\/2024\/05\/IMG_1886-249x160.jpeg 249w, https:\/\/www.salzburgerland.com\/de\/magazin\/wp-content\/uploads\/2024\/05\/IMG_1886-325x209.jpeg 325w\"><\/source><img decoding=\"async\" alt=\"Eine Sesselstation eines Skilifts an einem grasbewachsenen Hang mit grasenden K&uuml;hen und H&uuml;tten im Hintergrund unter blauem Himmel.\" src=\"https:\/\/www.salzburgerland.com\/de\/magazin\/wp-content\/uploads\/2024\/05\/IMG_1886-scaled.jpeg\">\t<\/picture><figcaption>Tiny house mit Liftbank zum Rasten. <\/figcaption><\/a><\/figure><\/div><\/div><figcaption><\/figcaption><\/div>\n\n\n\n<p>Linus Pilar, seines Zeichens Gesch\u00e4ftsf\u00fchrer des Postalm-Winterparks, vermietet bei der Talstation der Lifte ein tiny house f\u00fcr ein bis vier Personen sowie Appartements im Haus Obweg. Das Tiny House ist ganz aus Holz und hat alles, was das Urlauberherz begehrt. Sogar eine Sauna neben dem H\u00e4uschen.<\/p>\n\n\n\n<h2 class=\"wp-block-heading\" id=\"h-zuruck-zur-natur-in-die-stille-und-einfachheit\">Zur\u00fcck zur Natur, in die Stille und Einfachheit<\/h2>\n\n\n\n<p>Romantisch schmiegt sich die <a href=\"https:\/\/postalm.abtenau-info.at\/betrieb\/alpinhuette\/\" target=\"_blank\" rel=\"noreferrer noopener\">Alpin H\u00fctte<\/a> in den kleinen Almboden der Au\u00dferlienbachalm. Sie eignet sich hervorragend f\u00fcr&nbsp;naturverbundene Gruppen und Familien.&nbsp;Diese Selbstversorger-Almh\u00fctte ist Ausgangspunkt f\u00fcr Wanderungen und im Winter f\u00fcr Skitouren und zum Langlaufen. Die Alpin H\u00fctte hat 14 Betten im Lager und ist ganzj\u00e4hrig zu mieten. Zu den weiteren H\u00fctten, die gemietet werden k\u00f6nnen, z\u00e4hlen&nbsp;die <a href=\"https:\/\/postalm.ski\/naechtigen\/\" target=\"_blank\" rel=\"noreferrer noopener\">Glatz- und Steinleith\u00fctte, die Schnitzhof- und Obwegh\u00fctte<\/a>.&nbsp;<\/p>\n","protected":false},"excerpt":{"rendered":"<p>Inmitten der Natur und doch zentral Sanft ert\u00f6nen Kuhglocken, Stuten grasen mit ihren Fohlen auf den weiten Wiesen und wer Gl\u00fcck hat, sieht ein scheues Reh davonhuschen. Die Postalm im SalzburgerLand ist das gr\u00f6\u00dfte zusammenh\u00e4ngende Almgebiet \u00d6sterreichs. Auf einer Fl\u00e4che von 42 Quadratkilometern und einer mittleren H\u00f6henlage von 1.300 Metern k\u00f6nnen sanfte Almen, ausgedehnte W\u00e4lder [&hellip;]<\/p>\n","protected":false},"author":236,"featured_media":177410,"comment_status":"closed","ping_status":"closed","sticky":false,"template":"","format":"standard","meta":{"_acf_changed":false,"wl_entities_gutenberg":"","_wl_entity_redirect_enabled":"","footnotes":""},"categories":[5],"tags":[7808,7065,7809,2162],"wl_entity_type":[306],"monatsauswahl":[86,87,88,89,90,91,92,93],"class_list":["post-177247","post","type-post","status-publish","format-standard","has-post-thumbnail","hentry","category-hotel-reise","tag-groesstes-almgebiet-oesterreichs","tag-huetten","tag-landschaftsschutzgebiet","tag-postalm","wl_entity_type-article","monatsauswahl-monat_5","monatsauswahl-monat_6","monatsauswahl-monat_7","monatsauswahl-monat_8","monatsauswahl-monat_9","monatsauswahl-monat_10","monatsauswahl-monat_11","monatsauswahl-monat_12"],"acf":[],"yoast_head":"<!-- This site is optimized with the Yoast SEO Premium plugin v27.4 (Yoast SEO v27.4) - https:\/\/yoast.com\/product\/yoast-seo-premium-wordpress\/ -->\n<title>\u00dcbernachten auf der Postalm - SalzburgerLand Magazin<\/title>\n<meta name=\"robots\" content=\"index, follow, max-snippet:-1, max-image-preview:large, max-video-preview:-1\" \/>\n<link rel=\"canonical\" href=\"https:\/\/www.salzburgerland.com\/de\/magazin\/uebernachten-auf-der-postalm\/\" \/>\n<meta property=\"og:locale\" content=\"de_DE\" \/>\n<meta property=\"og:type\" content=\"article\" \/>\n<meta property=\"og:title\" content=\"\u00dcbernachten auf der Postalm\" \/>\n<meta property=\"og:description\" content=\"Inmitten der Natur und doch zentral Sanft ert\u00f6nen Kuhglocken, Stuten grasen mit ihren Fohlen auf den weiten Wiesen und wer Gl\u00fcck hat, sieht ein scheues Reh davonhuschen. Die Postalm im SalzburgerLand ist das gr\u00f6\u00dfte zusammenh\u00e4ngende Almgebiet \u00d6sterreichs. Auf einer Fl\u00e4che von 42 Quadratkilometern und einer mittleren H\u00f6henlage von 1.300 Metern k\u00f6nnen sanfte Almen, ausgedehnte W\u00e4lder [&hellip;]\" \/>\n<meta property=\"og:url\" content=\"https:\/\/www.salzburgerland.com\/de\/magazin\/uebernachten-auf-der-postalm\/\" \/>\n<meta property=\"og:site_name\" content=\"SalzburgerLand Magazin\" \/>\n<meta property=\"article:publisher\" content=\"https:\/\/www.facebook.com\/salzburgerland\/\" \/>\n<meta property=\"article:published_time\" content=\"2024-06-25T05:00:00+00:00\" \/>\n<meta property=\"article:modified_time\" content=\"2024-08-01T11:03:49+00:00\" \/>\n<meta property=\"og:image\" content=\"https:\/\/www.salzburgerland.com\/de\/magazin\/wp-content\/uploads\/2024\/05\/IMG_1970-scaled.jpeg\" \/>\n\t<meta property=\"og:image:width\" content=\"2560\" \/>\n\t<meta property=\"og:image:height\" content=\"1920\" \/>\n\t<meta property=\"og:image:type\" content=\"image\/jpeg\" \/>\n<meta name=\"author\" content=\"Christine Fr\u00f6schl\" \/>\n<meta name=\"twitter:card\" content=\"summary_large_image\" \/>\n<meta name=\"twitter:creator\" content=\"@Salzburgerland\" \/>\n<meta name=\"twitter:site\" content=\"@Salzburgerland\" \/>\n<meta name=\"twitter:label1\" content=\"Verfasst von\" \/>\n\t<meta name=\"twitter:data1\" content=\"Christine Fr\u00f6schl\" \/>\n\t<meta name=\"twitter:label2\" content=\"Gesch\u00e4tzte Lesezeit\" \/>\n\t<meta name=\"twitter:data2\" content=\"8\u00a0Minuten\" \/>\n<script type=\"application\/ld+json\" class=\"yoast-schema-graph\">{\"@context\":\"https:\\\/\\\/schema.org\",\"@graph\":[{\"@type\":\"Article\",\"@id\":\"https:\\\/\\\/www.salzburgerland.com\\\/de\\\/magazin\\\/uebernachten-auf-der-postalm\\\/#article\",\"isPartOf\":{\"@id\":\"https:\\\/\\\/www.salzburgerland.com\\\/de\\\/magazin\\\/uebernachten-auf-der-postalm\\\/\"},\"author\":{\"name\":\"Christine Fr\u00f6schl\",\"@id\":\"https:\\\/\\\/www.salzburgerland.com\\\/de\\\/magazin\\\/#\\\/schema\\\/person\\\/7932db74f19d9640620859cb2b794c4e\"},\"headline\":\"\u00dcbernachten auf der Postalm\",\"datePublished\":\"2024-06-25T05:00:00+00:00\",\"dateModified\":\"2024-08-01T11:03:49+00:00\",\"mainEntityOfPage\":{\"@id\":\"https:\\\/\\\/www.salzburgerland.com\\\/de\\\/magazin\\\/uebernachten-auf-der-postalm\\\/\"},\"wordCount\":771,\"publisher\":{\"@id\":\"https:\\\/\\\/www.salzburgerland.com\\\/de\\\/magazin\\\/#organization\"},\"image\":{\"@id\":\"https:\\\/\\\/www.salzburgerland.com\\\/de\\\/magazin\\\/uebernachten-auf-der-postalm\\\/#primaryimage\"},\"thumbnailUrl\":\"https:\\\/\\\/www.salzburgerland.com\\\/de\\\/magazin\\\/wp-content\\\/uploads\\\/2024\\\/05\\\/IMG_1970-scaled.jpeg\",\"keywords\":[\"gr\u00f6\u00dftes Almgebiet \u00d6sterreichs\",\"H\u00fctten\",\"Landschaftsschutzgebiet\",\"Postalm\"],\"articleSection\":[\"Hotel &amp; Reise\"],\"inLanguage\":\"de\"},{\"@type\":\"WebPage\",\"@id\":\"https:\\\/\\\/www.salzburgerland.com\\\/de\\\/magazin\\\/uebernachten-auf-der-postalm\\\/\",\"url\":\"https:\\\/\\\/www.salzburgerland.com\\\/de\\\/magazin\\\/uebernachten-auf-der-postalm\\\/\",\"name\":\"\u00dcbernachten auf der Postalm - SalzburgerLand Magazin\",\"isPartOf\":{\"@id\":\"https:\\\/\\\/www.salzburgerland.com\\\/de\\\/magazin\\\/#website\"},\"primaryImageOfPage\":{\"@id\":\"https:\\\/\\\/www.salzburgerland.com\\\/de\\\/magazin\\\/uebernachten-auf-der-postalm\\\/#primaryimage\"},\"image\":{\"@id\":\"https:\\\/\\\/www.salzburgerland.com\\\/de\\\/magazin\\\/uebernachten-auf-der-postalm\\\/#primaryimage\"},\"thumbnailUrl\":\"https:\\\/\\\/www.salzburgerland.com\\\/de\\\/magazin\\\/wp-content\\\/uploads\\\/2024\\\/05\\\/IMG_1970-scaled.jpeg\",\"datePublished\":\"2024-06-25T05:00:00+00:00\",\"dateModified\":\"2024-08-01T11:03:49+00:00\",\"breadcrumb\":{\"@id\":\"https:\\\/\\\/www.salzburgerland.com\\\/de\\\/magazin\\\/uebernachten-auf-der-postalm\\\/#breadcrumb\"},\"inLanguage\":\"de\",\"potentialAction\":[{\"@type\":\"ReadAction\",\"target\":[\"https:\\\/\\\/www.salzburgerland.com\\\/de\\\/magazin\\\/uebernachten-auf-der-postalm\\\/\"]}]},{\"@type\":\"ImageObject\",\"inLanguage\":\"de\",\"@id\":\"https:\\\/\\\/www.salzburgerland.com\\\/de\\\/magazin\\\/uebernachten-auf-der-postalm\\\/#primaryimage\",\"url\":\"https:\\\/\\\/www.salzburgerland.com\\\/de\\\/magazin\\\/wp-content\\\/uploads\\\/2024\\\/05\\\/IMG_1970-scaled.jpeg\",\"contentUrl\":\"https:\\\/\\\/www.salzburgerland.com\\\/de\\\/magazin\\\/wp-content\\\/uploads\\\/2024\\\/05\\\/IMG_1970-scaled.jpeg\",\"width\":2560,\"height\":1920,\"caption\":\"Holzh\u00fctte auf einem grasbewachsenen H\u00fcgel mit Bergen und einem blauen Himmel mit Wolken im Hintergrund.\"},{\"@type\":\"BreadcrumbList\",\"@id\":\"https:\\\/\\\/www.salzburgerland.com\\\/de\\\/magazin\\\/uebernachten-auf-der-postalm\\\/#breadcrumb\",\"itemListElement\":[{\"@type\":\"ListItem\",\"position\":1,\"name\":\"Startseite\",\"item\":\"https:\\\/\\\/www.salzburgerland.com\\\/de\\\/magazin\\\/\"},{\"@type\":\"ListItem\",\"position\":2,\"name\":\"Hotel &amp; Reise\",\"item\":\"https:\\\/\\\/www.salzburgerland.com\\\/de\\\/magazin\\\/thema\\\/hotel-reise\\\/\"},{\"@type\":\"ListItem\",\"position\":3,\"name\":\"\u00dcbernachten auf der Postalm\"}]},{\"@type\":\"WebSite\",\"@id\":\"https:\\\/\\\/www.salzburgerland.com\\\/de\\\/magazin\\\/#website\",\"url\":\"https:\\\/\\\/www.salzburgerland.com\\\/de\\\/magazin\\\/\",\"name\":\"SalzburgerLand Magazin\",\"description\":\"Geschichten und Interessantes aus dem SalzburgerLand\",\"publisher\":{\"@id\":\"https:\\\/\\\/www.salzburgerland.com\\\/de\\\/magazin\\\/#organization\"},\"potentialAction\":[{\"@type\":\"SearchAction\",\"target\":{\"@type\":\"EntryPoint\",\"urlTemplate\":\"https:\\\/\\\/www.salzburgerland.com\\\/de\\\/magazin\\\/?s={search_term_string}\"},\"query-input\":{\"@type\":\"PropertyValueSpecification\",\"valueRequired\":true,\"valueName\":\"search_term_string\"}}],\"inLanguage\":\"de\"},{\"@type\":\"Organization\",\"@id\":\"https:\\\/\\\/www.salzburgerland.com\\\/de\\\/magazin\\\/#organization\",\"name\":\"SalzburgerLand Tourismus\",\"url\":\"https:\\\/\\\/www.salzburgerland.com\\\/de\\\/magazin\\\/\",\"logo\":{\"@type\":\"ImageObject\",\"inLanguage\":\"de\",\"@id\":\"https:\\\/\\\/www.salzburgerland.com\\\/de\\\/magazin\\\/#\\\/schema\\\/logo\\\/image\\\/\",\"url\":\"https:\\\/\\\/www.salzburgerland.com\\\/de\\\/magazin\\\/wp-content\\\/uploads\\\/2019\\\/06\\\/salzburgerland-logo1.jpg\",\"contentUrl\":\"https:\\\/\\\/www.salzburgerland.com\\\/de\\\/magazin\\\/wp-content\\\/uploads\\\/2019\\\/06\\\/salzburgerland-logo1.jpg\",\"width\":2011,\"height\":866,\"caption\":\"SalzburgerLand Tourismus\"},\"image\":{\"@id\":\"https:\\\/\\\/www.salzburgerland.com\\\/de\\\/magazin\\\/#\\\/schema\\\/logo\\\/image\\\/\"},\"sameAs\":[\"https:\\\/\\\/www.facebook.com\\\/salzburgerland\\\/\",\"https:\\\/\\\/x.com\\\/Salzburgerland\",\"https:\\\/\\\/www.instagram.com\\\/salzburgerland\\\/\",\"https:\\\/\\\/at.linkedin.com\\\/company\\\/salzburgerland-tourismus-gmbh\",\"https:\\\/\\\/www.pinterest.at\\\/salzburgerland\\\/\",\"https:\\\/\\\/www.youtube.com\\\/user\\\/salzburgerland\",\"https:\\\/\\\/de.wikipedia.org\\\/wiki\\\/SalzburgerLand_Tourismus_GmbH\"]},{\"@type\":\"Person\",\"@id\":\"https:\\\/\\\/www.salzburgerland.com\\\/de\\\/magazin\\\/#\\\/schema\\\/person\\\/7932db74f19d9640620859cb2b794c4e\",\"name\":\"Christine Fr\u00f6schl\",\"description\":\"Dein pers\u00f6nlicher Logenplatz im SalzburgerLand? Am liebsten gehe ich auf den Einberg im Salzburger Tennengau. Der Berg in der Osterhorn-Gruppe gl\u00e4nzt das ganze Jahr im Sonnenschein, auf dem Gipfel heben Paragleiter ab und die Aussicht auf das Tennengebirge, den Dachstein und die Bischofsm\u00fctze ist traumhaft. Dosige(r) oder Zuagroast? Zuagroast aus dem sch\u00f6nen Nieder\u00f6sterreich. Fr\u00fchling, Sommer, Herbst oder Winter? Alle Jahreszeiten begeistern mich. Momentan freue ich mich auf den Fr\u00fchling, das Zwitschern der V\u00f6gel und auf die sattgr\u00fcnen Wiesen. Salzburger Nockerl oder Schwarzbeernocken? Eindeutig Schwarzbeernocken. Rindsroulade vom Pinzgauer Biorind oder Saibling fangfrisch aus dem Fuschlsee? Mhhhh. Da kann ich mich nicht entscheiden. Bergtour oder Seentour? Mich zieht es auf jeden Fall hinauf. Begeistert bin ich auch von tiefblauen Bergseen in denen sich die Umgebung spiegelt und von der Aussicht w\u00e4hrend des Weges auf einen der wundersch\u00f6nen Seen im Salzburger Land.\",\"url\":\"https:\\\/\\\/www.salzburgerland.com\\\/de\\\/magazin\\\/author\\\/christine-froeschl\\\/\"}]}<\/script>\n<!-- \/ Yoast SEO Premium plugin. -->","yoast_head_json":{"title":"\u00dcbernachten auf der Postalm - SalzburgerLand Magazin","robots":{"index":"index","follow":"follow","max-snippet":"max-snippet:-1","max-image-preview":"max-image-preview:large","max-video-preview":"max-video-preview:-1"},"canonical":"https:\/\/www.salzburgerland.com\/de\/magazin\/uebernachten-auf-der-postalm\/","og_locale":"de_DE","og_type":"article","og_title":"\u00dcbernachten auf der Postalm","og_description":"Inmitten der Natur und doch zentral Sanft ert\u00f6nen Kuhglocken, Stuten grasen mit ihren Fohlen auf den weiten Wiesen und wer Gl\u00fcck hat, sieht ein scheues Reh davonhuschen. Die Postalm im SalzburgerLand ist das gr\u00f6\u00dfte zusammenh\u00e4ngende Almgebiet \u00d6sterreichs. Auf einer Fl\u00e4che von 42 Quadratkilometern und einer mittleren H\u00f6henlage von 1.300 Metern k\u00f6nnen sanfte Almen, ausgedehnte W\u00e4lder [&hellip;]","og_url":"https:\/\/www.salzburgerland.com\/de\/magazin\/uebernachten-auf-der-postalm\/","og_site_name":"SalzburgerLand Magazin","article_publisher":"https:\/\/www.facebook.com\/salzburgerland\/","article_published_time":"2024-06-25T05:00:00+00:00","article_modified_time":"2024-08-01T11:03:49+00:00","og_image":[{"width":2560,"height":1920,"url":"https:\/\/www.salzburgerland.com\/de\/magazin\/wp-content\/uploads\/2024\/05\/IMG_1970-scaled.jpeg","type":"image\/jpeg"}],"author":"Christine Fr\u00f6schl","twitter_card":"summary_large_image","twitter_creator":"@Salzburgerland","twitter_site":"@Salzburgerland","twitter_misc":{"Verfasst von":"Christine Fr\u00f6schl","Gesch\u00e4tzte Lesezeit":"8\u00a0Minuten"},"schema":{"@context":"https:\/\/schema.org","@graph":[{"@type":"Article","@id":"https:\/\/www.salzburgerland.com\/de\/magazin\/uebernachten-auf-der-postalm\/#article","isPartOf":{"@id":"https:\/\/www.salzburgerland.com\/de\/magazin\/uebernachten-auf-der-postalm\/"},"author":{"name":"Christine Fr\u00f6schl","@id":"https:\/\/www.salzburgerland.com\/de\/magazin\/#\/schema\/person\/7932db74f19d9640620859cb2b794c4e"},"headline":"\u00dcbernachten auf der Postalm","datePublished":"2024-06-25T05:00:00+00:00","dateModified":"2024-08-01T11:03:49+00:00","mainEntityOfPage":{"@id":"https:\/\/www.salzburgerland.com\/de\/magazin\/uebernachten-auf-der-postalm\/"},"wordCount":771,"publisher":{"@id":"https:\/\/www.salzburgerland.com\/de\/magazin\/#organization"},"image":{"@id":"https:\/\/www.salzburgerland.com\/de\/magazin\/uebernachten-auf-der-postalm\/#primaryimage"},"thumbnailUrl":"https:\/\/www.salzburgerland.com\/de\/magazin\/wp-content\/uploads\/2024\/05\/IMG_1970-scaled.jpeg","keywords":["gr\u00f6\u00dftes Almgebiet \u00d6sterreichs","H\u00fctten","Landschaftsschutzgebiet","Postalm"],"articleSection":["Hotel &amp; Reise"],"inLanguage":"de"},{"@type":"WebPage","@id":"https:\/\/www.salzburgerland.com\/de\/magazin\/uebernachten-auf-der-postalm\/","url":"https:\/\/www.salzburgerland.com\/de\/magazin\/uebernachten-auf-der-postalm\/","name":"\u00dcbernachten auf der Postalm - SalzburgerLand Magazin","isPartOf":{"@id":"https:\/\/www.salzburgerland.com\/de\/magazin\/#website"},"primaryImageOfPage":{"@id":"https:\/\/www.salzburgerland.com\/de\/magazin\/uebernachten-auf-der-postalm\/#primaryimage"},"image":{"@id":"https:\/\/www.salzburgerland.com\/de\/magazin\/uebernachten-auf-der-postalm\/#primaryimage"},"thumbnailUrl":"https:\/\/www.salzburgerland.com\/de\/magazin\/wp-content\/uploads\/2024\/05\/IMG_1970-scaled.jpeg","datePublished":"2024-06-25T05:00:00+00:00","dateModified":"2024-08-01T11:03:49+00:00","breadcrumb":{"@id":"https:\/\/www.salzburgerland.com\/de\/magazin\/uebernachten-auf-der-postalm\/#breadcrumb"},"inLanguage":"de","potentialAction":[{"@type":"ReadAction","target":["https:\/\/www.salzburgerland.com\/de\/magazin\/uebernachten-auf-der-postalm\/"]}]},{"@type":"ImageObject","inLanguage":"de","@id":"https:\/\/www.salzburgerland.com\/de\/magazin\/uebernachten-auf-der-postalm\/#primaryimage","url":"https:\/\/www.salzburgerland.com\/de\/magazin\/wp-content\/uploads\/2024\/05\/IMG_1970-scaled.jpeg","contentUrl":"https:\/\/www.salzburgerland.com\/de\/magazin\/wp-content\/uploads\/2024\/05\/IMG_1970-scaled.jpeg","width":2560,"height":1920,"caption":"Holzh\u00fctte auf einem grasbewachsenen H\u00fcgel mit Bergen und einem blauen Himmel mit Wolken im Hintergrund."},{"@type":"BreadcrumbList","@id":"https:\/\/www.salzburgerland.com\/de\/magazin\/uebernachten-auf-der-postalm\/#breadcrumb","itemListElement":[{"@type":"ListItem","position":1,"name":"Startseite","item":"https:\/\/www.salzburgerland.com\/de\/magazin\/"},{"@type":"ListItem","position":2,"name":"Hotel &amp; Reise","item":"https:\/\/www.salzburgerland.com\/de\/magazin\/thema\/hotel-reise\/"},{"@type":"ListItem","position":3,"name":"\u00dcbernachten auf der Postalm"}]},{"@type":"WebSite","@id":"https:\/\/www.salzburgerland.com\/de\/magazin\/#website","url":"https:\/\/www.salzburgerland.com\/de\/magazin\/","name":"SalzburgerLand Magazin","description":"Geschichten und Interessantes aus dem SalzburgerLand","publisher":{"@id":"https:\/\/www.salzburgerland.com\/de\/magazin\/#organization"},"potentialAction":[{"@type":"SearchAction","target":{"@type":"EntryPoint","urlTemplate":"https:\/\/www.salzburgerland.com\/de\/magazin\/?s={search_term_string}"},"query-input":{"@type":"PropertyValueSpecification","valueRequired":true,"valueName":"search_term_string"}}],"inLanguage":"de"},{"@type":"Organization","@id":"https:\/\/www.salzburgerland.com\/de\/magazin\/#organization","name":"SalzburgerLand Tourismus","url":"https:\/\/www.salzburgerland.com\/de\/magazin\/","logo":{"@type":"ImageObject","inLanguage":"de","@id":"https:\/\/www.salzburgerland.com\/de\/magazin\/#\/schema\/logo\/image\/","url":"https:\/\/www.salzburgerland.com\/de\/magazin\/wp-content\/uploads\/2019\/06\/salzburgerland-logo1.jpg","contentUrl":"https:\/\/www.salzburgerland.com\/de\/magazin\/wp-content\/uploads\/2019\/06\/salzburgerland-logo1.jpg","width":2011,"height":866,"caption":"SalzburgerLand Tourismus"},"image":{"@id":"https:\/\/www.salzburgerland.com\/de\/magazin\/#\/schema\/logo\/image\/"},"sameAs":["https:\/\/www.facebook.com\/salzburgerland\/","https:\/\/x.com\/Salzburgerland","https:\/\/www.instagram.com\/salzburgerland\/","https:\/\/at.linkedin.com\/company\/salzburgerland-tourismus-gmbh","https:\/\/www.pinterest.at\/salzburgerland\/","https:\/\/www.youtube.com\/user\/salzburgerland","https:\/\/de.wikipedia.org\/wiki\/SalzburgerLand_Tourismus_GmbH"]},{"@type":"Person","@id":"https:\/\/www.salzburgerland.com\/de\/magazin\/#\/schema\/person\/7932db74f19d9640620859cb2b794c4e","name":"Christine Fr\u00f6schl","description":"Dein pers\u00f6nlicher Logenplatz im SalzburgerLand? Am liebsten gehe ich auf den Einberg im Salzburger Tennengau. Der Berg in der Osterhorn-Gruppe gl\u00e4nzt das ganze Jahr im Sonnenschein, auf dem Gipfel heben Paragleiter ab und die Aussicht auf das Tennengebirge, den Dachstein und die Bischofsm\u00fctze ist traumhaft. Dosige(r) oder Zuagroast? Zuagroast aus dem sch\u00f6nen Nieder\u00f6sterreich. Fr\u00fchling, Sommer, Herbst oder Winter? Alle Jahreszeiten begeistern mich. Momentan freue ich mich auf den Fr\u00fchling, das Zwitschern der V\u00f6gel und auf die sattgr\u00fcnen Wiesen. Salzburger Nockerl oder Schwarzbeernocken? Eindeutig Schwarzbeernocken. Rindsroulade vom Pinzgauer Biorind oder Saibling fangfrisch aus dem Fuschlsee? Mhhhh. Da kann ich mich nicht entscheiden. Bergtour oder Seentour? Mich zieht es auf jeden Fall hinauf. Begeistert bin ich auch von tiefblauen Bergseen in denen sich die Umgebung spiegelt und von der Aussicht w\u00e4hrend des Weges auf einen der wundersch\u00f6nen Seen im Salzburger Land.","url":"https:\/\/www.salzburgerland.com\/de\/magazin\/author\/christine-froeschl\/"}]}},"_wl_alt_label":[],"wl:entity_url":"http:\/\/open.salzburgerland.com\/magazin\/post\/uebernachten-auf-der-postalm","_links":{"self":[{"href":"https:\/\/www.salzburgerland.com\/de\/magazin\/wp-json\/wp\/v2\/posts\/177247","targetHints":{"allow":["GET"]}}],"collection":[{"href":"https:\/\/www.salzburgerland.com\/de\/magazin\/wp-json\/wp\/v2\/posts"}],"about":[{"href":"https:\/\/www.salzburgerland.com\/de\/magazin\/wp-json\/wp\/v2\/types\/post"}],"author":[{"embeddable":true,"href":"https:\/\/www.salzburgerland.com\/de\/magazin\/wp-json\/wp\/v2\/users\/236"}],"replies":[{"embeddable":true,"href":"https:\/\/www.salzburgerland.com\/de\/magazin\/wp-json\/wp\/v2\/comments?post=177247"}],"version-history":[{"count":9,"href":"https:\/\/www.salzburgerland.com\/de\/magazin\/wp-json\/wp\/v2\/posts\/177247\/revisions"}],"predecessor-version":[{"id":178102,"href":"https:\/\/www.salzburgerland.com\/de\/magazin\/wp-json\/wp\/v2\/posts\/177247\/revisions\/178102"}],"wp:featuredmedia":[{"embeddable":true,"href":"https:\/\/www.salzburgerland.com\/de\/magazin\/wp-json\/wp\/v2\/media\/177410"}],"wp:attachment":[{"href":"https:\/\/www.salzburgerland.com\/de\/magazin\/wp-json\/wp\/v2\/media?parent=177247"}],"wp:term":[{"taxonomy":"category","embeddable":true,"href":"https:\/\/www.salzburgerland.com\/de\/magazin\/wp-json\/wp\/v2\/categories?post=177247"},{"taxonomy":"post_tag","embeddable":true,"href":"https:\/\/www.salzburgerland.com\/de\/magazin\/wp-json\/wp\/v2\/tags?post=177247"},{"taxonomy":"wl_entity_type","embeddable":true,"href":"https:\/\/www.salzburgerland.com\/de\/magazin\/wp-json\/wp\/v2\/wl_entity_type?post=177247"},{"taxonomy":"monatsauswahl","embeddable":true,"href":"https:\/\/www.salzburgerland.com\/de\/magazin\/wp-json\/wp\/v2\/monatsauswahl?post=177247"}],"curies":[{"name":"wp","href":"https:\/\/api.w.org\/{rel}","templated":true}]}}