{"id":177174,"date":"2024-06-21T07:00:00","date_gmt":"2024-06-21T05:00:00","guid":{"rendered":"https:\/\/www.salzburgerland.com\/de\/magazin\/?p=177174"},"modified":"2024-06-26T06:30:31","modified_gmt":"2024-06-26T04:30:31","slug":"die-filzmoosalm-im-grossarltal","status":"publish","type":"post","link":"https:\/\/www.salzburgerland.com\/de\/magazin\/die-filzmoosalm-im-grossarltal\/","title":{"rendered":"Die Filzmoosalm im Gro\u00dfarltal"},"content":{"rendered":"\n<div class=\"wp-block-slt-top topBlocks\">\n<h2 class=\"wp-block-slt-subtitle\">Pinzgauer K\u00fche, Alpen-Mozzarella und Eis<\/h2>\n\n\n\n<p class=\"wp-block-slt-intro\">Eis auf der Alm? Klingt nach einem Alpengasthof. Ist es aber nicht. Denn die <a href=\"https:\/\/www.filzmoosalm.at\/\" target=\"_blank\" rel=\"noreferrer noopener\">Filzmoosalm<\/a> ist eine traditionelle Almh\u00fctte im Gro\u00dfarltal, wo die Bauersleute ihre Milch neben verschiedenen K\u00e4sesorten auch zu Bauernhof-Eis verarbeiten.<\/p>\n<\/div>\n\n\n\n<figure class=\"wp-block-image size-full\"><img loading=\"lazy\" decoding=\"async\" width=\"2560\" height=\"1707\" src=\"https:\/\/www.salzburgerland.com\/de\/magazin\/wp-content\/uploads\/2024\/05\/H-49_Bettina__Manfred_104\u00a9Elisabeth-Fotografie-scaled.jpg\" alt=\"Familie Huber auf der Filzmoosalm\" class=\"wp-image-177179\" srcset=\"https:\/\/www.salzburgerland.com\/de\/magazin\/wp-content\/uploads\/2024\/05\/H-49_Bettina__Manfred_104\u00a9Elisabeth-Fotografie-scaled.jpg 2560w, https:\/\/www.salzburgerland.com\/de\/magazin\/wp-content\/uploads\/2024\/05\/H-49_Bettina__Manfred_104\u00a9Elisabeth-Fotografie-300x200.jpg 300w, https:\/\/www.salzburgerland.com\/de\/magazin\/wp-content\/uploads\/2024\/05\/H-49_Bettina__Manfred_104\u00a9Elisabeth-Fotografie-1536x1024.jpg 1536w, https:\/\/www.salzburgerland.com\/de\/magazin\/wp-content\/uploads\/2024\/05\/H-49_Bettina__Manfred_104\u00a9Elisabeth-Fotografie-2048x1365.jpg 2048w, https:\/\/www.salzburgerland.com\/de\/magazin\/wp-content\/uploads\/2024\/05\/H-49_Bettina__Manfred_104\u00a9Elisabeth-Fotografie-825x550.jpg 825w, https:\/\/www.salzburgerland.com\/de\/magazin\/wp-content\/uploads\/2024\/05\/H-49_Bettina__Manfred_104\u00a9Elisabeth-Fotografie-600x400.jpg 600w, https:\/\/www.salzburgerland.com\/de\/magazin\/wp-content\/uploads\/2024\/05\/H-49_Bettina__Manfred_104\u00a9Elisabeth-Fotografie-1320x880.jpg 1320w, https:\/\/www.salzburgerland.com\/de\/magazin\/wp-content\/uploads\/2024\/05\/H-49_Bettina__Manfred_104\u00a9Elisabeth-Fotografie-150x100.jpg 150w\" sizes=\"auto, (max-width: 2560px) 100vw, 2560px\" \/><\/figure>\n\n\n\n<h2 class=\"wp-block-heading\" id=\"h-die-filzmoosalm-ein-idyll-im-hinteren-ellmautal\">Die Filzmoosalm \u2013 ein Idyll im hinteren Ellmautal<\/h2>\n\n\n\n<p>Die Zirben, die L\u00e4rchen und der Talkessel pr\u00e4gen die Umgebung dieser Alm. Eingebettet zwischen dem Draugstein und dem Gro\u00dfen Schneibenstein verbringen zahlreiche K\u00fche und K\u00e4lber hier heroben ihren Sommer. Sie zupfen die k\u00f6stlichen Kr\u00e4uter vom Boden, denn in der Gegend der Kalkberge wachsen andere Gr\u00e4ser, Blumen und Kr\u00e4uter als auf den typischen Grasbergen. Und von diesen Kalkbergen gibt es im Gro\u00dfarltal nur drei \u2013 den Draugstein, den Schuhflicker und die H\u00f6llwand.<\/p>\n\n\n\n<figure class=\"wp-block-image size-full\"><img loading=\"lazy\" decoding=\"async\" width=\"2400\" height=\"1600\" src=\"https:\/\/www.salzburgerland.com\/de\/magazin\/wp-content\/uploads\/2024\/05\/Filzmoos-Draugstein-2016-Herbst_39.jpg\" alt=\"Blick auf den Draugstein \u00a9 www.grossarltal.info\" class=\"wp-image-177183\" srcset=\"https:\/\/www.salzburgerland.com\/de\/magazin\/wp-content\/uploads\/2024\/05\/Filzmoos-Draugstein-2016-Herbst_39.jpg 2400w, https:\/\/www.salzburgerland.com\/de\/magazin\/wp-content\/uploads\/2024\/05\/Filzmoos-Draugstein-2016-Herbst_39-300x200.jpg 300w, https:\/\/www.salzburgerland.com\/de\/magazin\/wp-content\/uploads\/2024\/05\/Filzmoos-Draugstein-2016-Herbst_39-1536x1024.jpg 1536w, https:\/\/www.salzburgerland.com\/de\/magazin\/wp-content\/uploads\/2024\/05\/Filzmoos-Draugstein-2016-Herbst_39-2048x1365.jpg 2048w, https:\/\/www.salzburgerland.com\/de\/magazin\/wp-content\/uploads\/2024\/05\/Filzmoos-Draugstein-2016-Herbst_39-825x550.jpg 825w, https:\/\/www.salzburgerland.com\/de\/magazin\/wp-content\/uploads\/2024\/05\/Filzmoos-Draugstein-2016-Herbst_39-600x400.jpg 600w, https:\/\/www.salzburgerland.com\/de\/magazin\/wp-content\/uploads\/2024\/05\/Filzmoos-Draugstein-2016-Herbst_39-1320x880.jpg 1320w, https:\/\/www.salzburgerland.com\/de\/magazin\/wp-content\/uploads\/2024\/05\/Filzmoos-Draugstein-2016-Herbst_39-150x100.jpg 150w\" sizes=\"auto, (max-width: 2400px) 100vw, 2400px\" \/><\/figure>\n\n\n\n<p>Der Wanderweg startet im Talschluss vom Ellmautal, beim Parkplatz Grund. Nach ca. 1 \u00bc Stunde erreicht man die Filzmoosalm \u2013 entweder entlang des Wanderweges oder des Forstweges. Auch Mountainbiker radeln auf diese Alm.<\/p>\n\n\n\n<p>Startend von der Filzmoosalm gibt es f\u00fcr jeden ein Gipfelkreuz: Die Filzmoosh\u00f6he f\u00fcr die gem\u00fctlicheren Wanderer. Das Filzmoosh\u00f6rndl f\u00fcr alle, die einen Grasberg bevorzugen. Und den Draugstein f\u00fcr alle, die Ausdauer, Schwindelfreiheit und Trittsicherheit im Gep\u00e4ck haben.<br>Und verschiedene Almen erreicht man sowieso in der \u201eNachbarschaft\u201c.<\/p>\n\n\n\n<h2 class=\"wp-block-heading\" id=\"h-von-modern-wie-alpen-mozzarella-bis-traditionell-wie-sauerkase\">Von modern wie Alpen-Mozzarella bis traditionell wie Sauerk\u00e4se<\/h2>\n\n\n\n<p>Typisch f\u00fcr das Gro\u00dfarltal ist der Sauerk\u00e4se. Obwohl dieser auf jeder H\u00fctte anders schmeckt und jede*r ein pers\u00f6nliches Geheimrezept hat. Und trotzdem vereint dieser Grauk\u00e4se die Almbauern im Tal.<br>Bettina und Manfred Huber verarbeiten ihre Milch neben den traditionellen K\u00f6stlichkeiten auch zu modernen Milchprodukten: Alpen-Mozzarella, Ofen-Camembert und Bauernhof-Eis. Die Milch kommt von ihren Pinzgauer K\u00fchen \u2013 einer gef\u00e4hrdeten Tierrasse.<\/p>\n\n\n\n<figure class=\"wp-block-image size-full\"><img loading=\"lazy\" decoding=\"async\" width=\"2560\" height=\"1700\" src=\"https:\/\/www.salzburgerland.com\/de\/magazin\/wp-content\/uploads\/2024\/05\/Filzmoosalm3-scaled.jpg\" alt=\"Manfed Huber mit seinen Pinzgauer K\u00fchen\" class=\"wp-image-177177\" srcset=\"https:\/\/www.salzburgerland.com\/de\/magazin\/wp-content\/uploads\/2024\/05\/Filzmoosalm3-scaled.jpg 2560w, https:\/\/www.salzburgerland.com\/de\/magazin\/wp-content\/uploads\/2024\/05\/Filzmoosalm3-300x199.jpg 300w, https:\/\/www.salzburgerland.com\/de\/magazin\/wp-content\/uploads\/2024\/05\/Filzmoosalm3-1536x1020.jpg 1536w, https:\/\/www.salzburgerland.com\/de\/magazin\/wp-content\/uploads\/2024\/05\/Filzmoosalm3-2048x1360.jpg 2048w, https:\/\/www.salzburgerland.com\/de\/magazin\/wp-content\/uploads\/2024\/05\/Filzmoosalm3-828x550.jpg 828w, https:\/\/www.salzburgerland.com\/de\/magazin\/wp-content\/uploads\/2024\/05\/Filzmoosalm3-602x400.jpg 602w, https:\/\/www.salzburgerland.com\/de\/magazin\/wp-content\/uploads\/2024\/05\/Filzmoosalm3-1320x877.jpg 1320w, https:\/\/www.salzburgerland.com\/de\/magazin\/wp-content\/uploads\/2024\/05\/Filzmoosalm3-150x100.jpg 150w\" sizes=\"auto, (max-width: 2560px) 100vw, 2560px\" \/><\/figure>\n\n\n\n<p>Mit ihrer extensiven Landwirtschaft (das sind keine Hochleistungsk\u00fche, sondern Familie Huber setzt auf die nat\u00fcrliche Milchleistung ihrer K\u00fche) geben die Pinzgauer K\u00fche weniger Milch als andere Rassen. Daf\u00fcr ist diese Rasse leichter und besser f\u00fcr das alpine Gel\u00e4nde geeignet.<\/p>\n\n\n\n<p>Zirl, Zeder, Sissi, Zirm, Schr\u00e4gi, Segen, Raim, Sieglinde, Liesl, Stern und Suma. Bettina und Manfred kennen ihre Damen alle beim Namen. Und sie kennen auch ihre Charakter-Eigenschaften. Die eine ist zur\u00fcckhaltend, die andere neugierig und wieder eine andere sehr aufmerksam.<\/p>\n\n\n\n<figure class=\"wp-block-image size-full\"><img loading=\"lazy\" decoding=\"async\" width=\"2560\" height=\"1707\" src=\"https:\/\/www.salzburgerland.com\/de\/magazin\/wp-content\/uploads\/2024\/05\/SBM_Filzmoosalm-22-scaled.jpg\" alt=\"Manfed Huber mit eine seiner Pinzgauer K\u00fche\" class=\"wp-image-177181\" srcset=\"https:\/\/www.salzburgerland.com\/de\/magazin\/wp-content\/uploads\/2024\/05\/SBM_Filzmoosalm-22-scaled.jpg 2560w, https:\/\/www.salzburgerland.com\/de\/magazin\/wp-content\/uploads\/2024\/05\/SBM_Filzmoosalm-22-300x200.jpg 300w, https:\/\/www.salzburgerland.com\/de\/magazin\/wp-content\/uploads\/2024\/05\/SBM_Filzmoosalm-22-1536x1024.jpg 1536w, https:\/\/www.salzburgerland.com\/de\/magazin\/wp-content\/uploads\/2024\/05\/SBM_Filzmoosalm-22-2048x1365.jpg 2048w, https:\/\/www.salzburgerland.com\/de\/magazin\/wp-content\/uploads\/2024\/05\/SBM_Filzmoosalm-22-825x550.jpg 825w, https:\/\/www.salzburgerland.com\/de\/magazin\/wp-content\/uploads\/2024\/05\/SBM_Filzmoosalm-22-600x400.jpg 600w, https:\/\/www.salzburgerland.com\/de\/magazin\/wp-content\/uploads\/2024\/05\/SBM_Filzmoosalm-22-1320x880.jpg 1320w, https:\/\/www.salzburgerland.com\/de\/magazin\/wp-content\/uploads\/2024\/05\/SBM_Filzmoosalm-22-150x100.jpg 150w\" sizes=\"auto, (max-width: 2560px) 100vw, 2560px\" \/><\/figure>\n\n\n\n<p>Auch das Fleisch f\u00fcr ihren Speck und die Wurst kommt von ihren Tieren. Und diese schlachtet und verarbeitet ein Metzger in Gro\u00dfarl. <em>\u201eAlles auf der Brettljause au\u00dfer die Essiggurkerl sind von uns\u201c<\/em>, erz\u00e4hlt mir Bettina, <em>\u201eund wenn wir im Garten genug Gurken haben, kommen sogar die von uns.\u201c<\/em><\/p>\n\n\n\n<figure class=\"wp-block-image size-full\"><img loading=\"lazy\" decoding=\"async\" width=\"2120\" height=\"1413\" src=\"https:\/\/www.salzburgerland.com\/de\/magazin\/wp-content\/uploads\/2024\/05\/Filzmoosalm-Jause-2022_111.jpg\" alt=\"Brettljause auf der Filzmoosalm \u00a9 www.grossarltal.info\" class=\"wp-image-177185\" srcset=\"https:\/\/www.salzburgerland.com\/de\/magazin\/wp-content\/uploads\/2024\/05\/Filzmoosalm-Jause-2022_111.jpg 2120w, https:\/\/www.salzburgerland.com\/de\/magazin\/wp-content\/uploads\/2024\/05\/Filzmoosalm-Jause-2022_111-300x200.jpg 300w, https:\/\/www.salzburgerland.com\/de\/magazin\/wp-content\/uploads\/2024\/05\/Filzmoosalm-Jause-2022_111-1536x1024.jpg 1536w, https:\/\/www.salzburgerland.com\/de\/magazin\/wp-content\/uploads\/2024\/05\/Filzmoosalm-Jause-2022_111-2048x1365.jpg 2048w, https:\/\/www.salzburgerland.com\/de\/magazin\/wp-content\/uploads\/2024\/05\/Filzmoosalm-Jause-2022_111-825x550.jpg 825w, https:\/\/www.salzburgerland.com\/de\/magazin\/wp-content\/uploads\/2024\/05\/Filzmoosalm-Jause-2022_111-600x400.jpg 600w, https:\/\/www.salzburgerland.com\/de\/magazin\/wp-content\/uploads\/2024\/05\/Filzmoosalm-Jause-2022_111-1320x880.jpg 1320w, https:\/\/www.salzburgerland.com\/de\/magazin\/wp-content\/uploads\/2024\/05\/Filzmoosalm-Jause-2022_111-150x100.jpg 150w\" sizes=\"auto, (max-width: 2120px) 100vw, 2120px\" \/><\/figure>\n\n\n\n<p>Kuchen, Kaspresskn\u00f6del und Brot b\u00e4ckt ihre Mama Christl am Hof, seit ein paar Jahren verarbeiten Bettina und Manfred die Milch auch am Prommegghof in ihrer Tauernsennerei zu K\u00e4sespezialit\u00e4ten, die alle Gaumen zum Staunen bringen. <br>\u00dcbrigens: Die Lebensmittel von der Tauernsennerei gibt es beim <a href=\"https:\/\/www.grossarler-troadkastn.at\/\" target=\"_blank\" rel=\"noreferrer noopener\">Troadkastn in Gro\u00dfarl<\/a> das ganze Jahr zu kaufen. Und im <a href=\"https:\/\/www.nesslerhof.at\/\" target=\"_blank\" rel=\"noreferrer noopener\">Hotel Nesslerhof<\/a> sowie im <a href=\"https:\/\/www.grossarlerhof.at\/de\" target=\"_blank\" rel=\"noreferrer noopener\">Hotel Gro\u00dfarler Hof<\/a> schlemmen die G\u00e4ste die K\u00f6stlichkeiten am Fr\u00fchst\u00fccksbuffet und zum Teil auch in den Speisen.<\/p>\n\n\n\n<h2 class=\"wp-block-heading\" id=\"h-ubernachten-auf-der-filzmoosalm\">\u00dcbernachten auf der Filzmoosalm<\/h2>\n\n\n\n<p>Ein Erlebnis f\u00fcr die ganze Familie ist eine \u00dcbernachtung auf der Filzmoosalm. Die H\u00fctte ist relativ gro\u00df, da sie in den 1950er Jahren eine Skih\u00fctte war. Damals als es das <a href=\"https:\/\/www.salzburgerland.com\/de\/magazin\/neue-gondelbahn-in-grossarl-die-kieserlbahn\/\" target=\"_blank\" rel=\"noreferrer noopener\">Skigebiet in Gro\u00dfarl<\/a> noch nicht gab. Im Winter boten die Naturfreunde \u201eSkikurse\u201c an, im Sommer bewirtschaftete die Familie vom Prommegghof die Filzmoosalm. Als das Skifahren mit Lift modern wurde, kam die ganze H\u00fctte zum Prommegghof.<\/p>\n\n\n\n<p>Geweckt vom L\u00e4uten der Kuhglocken und einschlafen mit der Almluft, die den Staub des Alltages aus den Lungen putzt. Gibt es etwas Sch\u00f6neres? Ge\u00f6ffnet ist die <a href=\"https:\/\/www.filzmoosalm.at\/\" target=\"_blank\" rel=\"noreferrer noopener\">Filzmoosalm<\/a> von Ende Mai bis Mitte September.<\/p>\n\n\n\n<figure class=\"wp-block-image size-full\"><img loading=\"lazy\" decoding=\"async\" width=\"2400\" height=\"1600\" src=\"https:\/\/www.salzburgerland.com\/de\/magazin\/wp-content\/uploads\/2024\/05\/filzmoosalm.webp\" alt=\"Filzmoosalm im Gro\u00dfarltal\" class=\"wp-image-177176\" srcset=\"https:\/\/www.salzburgerland.com\/de\/magazin\/wp-content\/uploads\/2024\/05\/filzmoosalm.webp 2400w, https:\/\/www.salzburgerland.com\/de\/magazin\/wp-content\/uploads\/2024\/05\/filzmoosalm-300x200.webp 300w, https:\/\/www.salzburgerland.com\/de\/magazin\/wp-content\/uploads\/2024\/05\/filzmoosalm-1536x1024.webp 1536w, https:\/\/www.salzburgerland.com\/de\/magazin\/wp-content\/uploads\/2024\/05\/filzmoosalm-2048x1365.webp 2048w, https:\/\/www.salzburgerland.com\/de\/magazin\/wp-content\/uploads\/2024\/05\/filzmoosalm-825x550.webp 825w, https:\/\/www.salzburgerland.com\/de\/magazin\/wp-content\/uploads\/2024\/05\/filzmoosalm-600x400.webp 600w, https:\/\/www.salzburgerland.com\/de\/magazin\/wp-content\/uploads\/2024\/05\/filzmoosalm-1320x880.webp 1320w, https:\/\/www.salzburgerland.com\/de\/magazin\/wp-content\/uploads\/2024\/05\/filzmoosalm-150x100.webp 150w\" sizes=\"auto, (max-width: 2400px) 100vw, 2400px\" \/><\/figure>\n","protected":false},"excerpt":{"rendered":"<p>Die Filzmoosalm \u2013 ein Idyll im hinteren Ellmautal Die Zirben, die L\u00e4rchen und der Talkessel pr\u00e4gen die Umgebung dieser Alm. Eingebettet zwischen dem Draugstein und dem Gro\u00dfen Schneibenstein verbringen zahlreiche K\u00fche und K\u00e4lber hier heroben ihren Sommer. Sie zupfen die k\u00f6stlichen Kr\u00e4uter vom Boden, denn in der Gegend der Kalkberge wachsen andere Gr\u00e4ser, Blumen und [&hellip;]<\/p>\n","protected":false},"author":564,"featured_media":177182,"comment_status":"closed","ping_status":"closed","sticky":false,"template":"","format":"standard","meta":{"_acf_changed":false,"wl_entities_gutenberg":"","_wl_entity_redirect_enabled":"","footnotes":""},"categories":[3],"tags":[7804,221,139],"wl_entity_type":[306],"monatsauswahl":[87,88,89,90],"class_list":["post-177174","post","type-post","status-publish","format-standard","has-post-thumbnail","hentry","category-essen-trinken","tag-filzmoosalm","tag-grossarl","tag-wandern","wl_entity_type-article","monatsauswahl-monat_6","monatsauswahl-monat_7","monatsauswahl-monat_8","monatsauswahl-monat_9"],"acf":[],"yoast_head":"<!-- This site is optimized with the Yoast SEO Premium plugin v27.4 (Yoast SEO v27.4) - https:\/\/yoast.com\/product\/yoast-seo-premium-wordpress\/ -->\n<title>Die Filzmoosalm im Gro\u00dfarltal - SalzburgerLand Magazin<\/title>\n<meta name=\"description\" content=\"Bettina und Manfred Huber verw\u00f6hnen die G\u00e4ste auf der Filzmoosalm in Gro\u00dfarl mit Schmankerln vom Bauernhof - von Eis bis Sauerk\u00e4se.\" \/>\n<meta name=\"robots\" content=\"index, follow, max-snippet:-1, max-image-preview:large, max-video-preview:-1\" \/>\n<link rel=\"canonical\" href=\"https:\/\/www.salzburgerland.com\/de\/magazin\/die-filzmoosalm-im-grossarltal\/\" \/>\n<meta property=\"og:locale\" content=\"de_DE\" \/>\n<meta property=\"og:type\" content=\"article\" \/>\n<meta property=\"og:title\" content=\"Die Filzmoosalm im Gro\u00dfarltal\" \/>\n<meta property=\"og:description\" content=\"Bettina und Manfred Huber verw\u00f6hnen die G\u00e4ste auf der Filzmoosalm in Gro\u00dfarl mit Schmankerln vom Bauernhof - von Eis bis Sauerk\u00e4se.\" \/>\n<meta property=\"og:url\" content=\"https:\/\/www.salzburgerland.com\/de\/magazin\/die-filzmoosalm-im-grossarltal\/\" \/>\n<meta property=\"og:site_name\" content=\"SalzburgerLand Magazin\" \/>\n<meta property=\"article:publisher\" content=\"https:\/\/www.facebook.com\/salzburgerland\/\" \/>\n<meta property=\"article:published_time\" content=\"2024-06-21T05:00:00+00:00\" \/>\n<meta property=\"article:modified_time\" content=\"2024-06-26T04:30:31+00:00\" \/>\n<meta property=\"og:image\" content=\"https:\/\/www.salzburgerland.com\/de\/magazin\/wp-content\/uploads\/2024\/05\/Filzmoosalm-2021-Panorama-2-scaled.jpg\" \/>\n\t<meta property=\"og:image:width\" content=\"2560\" \/>\n\t<meta property=\"og:image:height\" content=\"977\" \/>\n\t<meta property=\"og:image:type\" content=\"image\/jpeg\" \/>\n<meta name=\"author\" content=\"Barbara Pirchner\" \/>\n<meta name=\"twitter:card\" content=\"summary_large_image\" \/>\n<meta name=\"twitter:creator\" content=\"@Salzburgerland\" \/>\n<meta name=\"twitter:site\" content=\"@Salzburgerland\" \/>\n<meta name=\"twitter:label1\" content=\"Verfasst von\" \/>\n\t<meta name=\"twitter:data1\" content=\"Barbara Pirchner\" \/>\n\t<meta name=\"twitter:label2\" content=\"Gesch\u00e4tzte Lesezeit\" \/>\n\t<meta name=\"twitter:data2\" content=\"5\u00a0Minuten\" \/>\n<script type=\"application\/ld+json\" class=\"yoast-schema-graph\">{\"@context\":\"https:\\\/\\\/schema.org\",\"@graph\":[{\"@type\":\"Article\",\"@id\":\"https:\\\/\\\/www.salzburgerland.com\\\/de\\\/magazin\\\/die-filzmoosalm-im-grossarltal\\\/#article\",\"isPartOf\":{\"@id\":\"https:\\\/\\\/www.salzburgerland.com\\\/de\\\/magazin\\\/die-filzmoosalm-im-grossarltal\\\/\"},\"author\":{\"name\":\"Barbara Pirchner\",\"@id\":\"https:\\\/\\\/www.salzburgerland.com\\\/de\\\/magazin\\\/#\\\/schema\\\/person\\\/1e4d0c967a02c339e6c85f8c3f38b89a\"},\"headline\":\"Die Filzmoosalm im Gro\u00dfarltal\",\"datePublished\":\"2024-06-21T05:00:00+00:00\",\"dateModified\":\"2024-06-26T04:30:31+00:00\",\"mainEntityOfPage\":{\"@id\":\"https:\\\/\\\/www.salzburgerland.com\\\/de\\\/magazin\\\/die-filzmoosalm-im-grossarltal\\\/\"},\"wordCount\":630,\"publisher\":{\"@id\":\"https:\\\/\\\/www.salzburgerland.com\\\/de\\\/magazin\\\/#organization\"},\"image\":{\"@id\":\"https:\\\/\\\/www.salzburgerland.com\\\/de\\\/magazin\\\/die-filzmoosalm-im-grossarltal\\\/#primaryimage\"},\"thumbnailUrl\":\"https:\\\/\\\/www.salzburgerland.com\\\/de\\\/magazin\\\/wp-content\\\/uploads\\\/2024\\\/05\\\/Filzmoosalm-2021-Panorama-2-scaled.jpg\",\"keywords\":[\"filzmoosalm\",\"Gro\u00dfarl\",\"Wandern\"],\"articleSection\":[\"Essen &amp; Trinken\"],\"inLanguage\":\"de\"},{\"@type\":\"WebPage\",\"@id\":\"https:\\\/\\\/www.salzburgerland.com\\\/de\\\/magazin\\\/die-filzmoosalm-im-grossarltal\\\/\",\"url\":\"https:\\\/\\\/www.salzburgerland.com\\\/de\\\/magazin\\\/die-filzmoosalm-im-grossarltal\\\/\",\"name\":\"Die Filzmoosalm im Gro\u00dfarltal - SalzburgerLand Magazin\",\"isPartOf\":{\"@id\":\"https:\\\/\\\/www.salzburgerland.com\\\/de\\\/magazin\\\/#website\"},\"primaryImageOfPage\":{\"@id\":\"https:\\\/\\\/www.salzburgerland.com\\\/de\\\/magazin\\\/die-filzmoosalm-im-grossarltal\\\/#primaryimage\"},\"image\":{\"@id\":\"https:\\\/\\\/www.salzburgerland.com\\\/de\\\/magazin\\\/die-filzmoosalm-im-grossarltal\\\/#primaryimage\"},\"thumbnailUrl\":\"https:\\\/\\\/www.salzburgerland.com\\\/de\\\/magazin\\\/wp-content\\\/uploads\\\/2024\\\/05\\\/Filzmoosalm-2021-Panorama-2-scaled.jpg\",\"datePublished\":\"2024-06-21T05:00:00+00:00\",\"dateModified\":\"2024-06-26T04:30:31+00:00\",\"description\":\"Bettina und Manfred Huber verw\u00f6hnen die G\u00e4ste auf der Filzmoosalm in Gro\u00dfarl mit Schmankerln vom Bauernhof - von Eis bis Sauerk\u00e4se.\",\"breadcrumb\":{\"@id\":\"https:\\\/\\\/www.salzburgerland.com\\\/de\\\/magazin\\\/die-filzmoosalm-im-grossarltal\\\/#breadcrumb\"},\"inLanguage\":\"de\",\"potentialAction\":[{\"@type\":\"ReadAction\",\"target\":[\"https:\\\/\\\/www.salzburgerland.com\\\/de\\\/magazin\\\/die-filzmoosalm-im-grossarltal\\\/\"]}]},{\"@type\":\"ImageObject\",\"inLanguage\":\"de\",\"@id\":\"https:\\\/\\\/www.salzburgerland.com\\\/de\\\/magazin\\\/die-filzmoosalm-im-grossarltal\\\/#primaryimage\",\"url\":\"https:\\\/\\\/www.salzburgerland.com\\\/de\\\/magazin\\\/wp-content\\\/uploads\\\/2024\\\/05\\\/Filzmoosalm-2021-Panorama-2-scaled.jpg\",\"contentUrl\":\"https:\\\/\\\/www.salzburgerland.com\\\/de\\\/magazin\\\/wp-content\\\/uploads\\\/2024\\\/05\\\/Filzmoosalm-2021-Panorama-2-scaled.jpg\",\"width\":2560,\"height\":977,\"caption\":\"Die Filzmoosalm in Gro\u00dfarl\"},{\"@type\":\"BreadcrumbList\",\"@id\":\"https:\\\/\\\/www.salzburgerland.com\\\/de\\\/magazin\\\/die-filzmoosalm-im-grossarltal\\\/#breadcrumb\",\"itemListElement\":[{\"@type\":\"ListItem\",\"position\":1,\"name\":\"Startseite\",\"item\":\"https:\\\/\\\/www.salzburgerland.com\\\/de\\\/magazin\\\/\"},{\"@type\":\"ListItem\",\"position\":2,\"name\":\"Essen &amp; Trinken\",\"item\":\"https:\\\/\\\/www.salzburgerland.com\\\/de\\\/magazin\\\/thema\\\/essen-trinken\\\/\"},{\"@type\":\"ListItem\",\"position\":3,\"name\":\"Die Filzmoosalm im Gro\u00dfarltal\"}]},{\"@type\":\"WebSite\",\"@id\":\"https:\\\/\\\/www.salzburgerland.com\\\/de\\\/magazin\\\/#website\",\"url\":\"https:\\\/\\\/www.salzburgerland.com\\\/de\\\/magazin\\\/\",\"name\":\"SalzburgerLand Magazin\",\"description\":\"Geschichten und Interessantes aus dem SalzburgerLand\",\"publisher\":{\"@id\":\"https:\\\/\\\/www.salzburgerland.com\\\/de\\\/magazin\\\/#organization\"},\"potentialAction\":[{\"@type\":\"SearchAction\",\"target\":{\"@type\":\"EntryPoint\",\"urlTemplate\":\"https:\\\/\\\/www.salzburgerland.com\\\/de\\\/magazin\\\/?s={search_term_string}\"},\"query-input\":{\"@type\":\"PropertyValueSpecification\",\"valueRequired\":true,\"valueName\":\"search_term_string\"}}],\"inLanguage\":\"de\"},{\"@type\":\"Organization\",\"@id\":\"https:\\\/\\\/www.salzburgerland.com\\\/de\\\/magazin\\\/#organization\",\"name\":\"SalzburgerLand Tourismus\",\"url\":\"https:\\\/\\\/www.salzburgerland.com\\\/de\\\/magazin\\\/\",\"logo\":{\"@type\":\"ImageObject\",\"inLanguage\":\"de\",\"@id\":\"https:\\\/\\\/www.salzburgerland.com\\\/de\\\/magazin\\\/#\\\/schema\\\/logo\\\/image\\\/\",\"url\":\"https:\\\/\\\/www.salzburgerland.com\\\/de\\\/magazin\\\/wp-content\\\/uploads\\\/2019\\\/06\\\/salzburgerland-logo1.jpg\",\"contentUrl\":\"https:\\\/\\\/www.salzburgerland.com\\\/de\\\/magazin\\\/wp-content\\\/uploads\\\/2019\\\/06\\\/salzburgerland-logo1.jpg\",\"width\":2011,\"height\":866,\"caption\":\"SalzburgerLand Tourismus\"},\"image\":{\"@id\":\"https:\\\/\\\/www.salzburgerland.com\\\/de\\\/magazin\\\/#\\\/schema\\\/logo\\\/image\\\/\"},\"sameAs\":[\"https:\\\/\\\/www.facebook.com\\\/salzburgerland\\\/\",\"https:\\\/\\\/x.com\\\/Salzburgerland\",\"https:\\\/\\\/www.instagram.com\\\/salzburgerland\\\/\",\"https:\\\/\\\/at.linkedin.com\\\/company\\\/salzburgerland-tourismus-gmbh\",\"https:\\\/\\\/www.pinterest.at\\\/salzburgerland\\\/\",\"https:\\\/\\\/www.youtube.com\\\/user\\\/salzburgerland\",\"https:\\\/\\\/de.wikipedia.org\\\/wiki\\\/SalzburgerLand_Tourismus_GmbH\"]},{\"@type\":\"Person\",\"@id\":\"https:\\\/\\\/www.salzburgerland.com\\\/de\\\/magazin\\\/#\\\/schema\\\/person\\\/1e4d0c967a02c339e6c85f8c3f38b89a\",\"name\":\"Barbara Pirchner\",\"description\":\"Reisen sieht Barbara Pirchner als ein gro\u00dfes Geschenk. Es gibt so viele tolle M\u00f6glichkeiten, wie sie die Welt entdeckt. Und wenn sie nicht unterwegs ist, erkundet sie ihre Heimat. F\u00fcr sie ist es ihr zuhause, f\u00fcr euch der Urlaubsort. Gerne nimmt sie euch hier im Magazin mit und berichtet \u00fcber die sch\u00f6nsten Orte, die lustigsten Aktivit\u00e4ten oder die entspannendsten Momente im SalzburgerLand. Nach dem Studium und jahrelanger Erfahrung im Tourismusmarketing schreibt Barbara Pirchner jetzt f\u00fcr Tourismusbetriebe. Dosige oder Zuagroast? Eindeutig a Dosige. Geboren, aufgewachsen und wohnhaft in der Salzburger Bergwelt. Jedoch jederzeit offen, was anderes von der Welt zu sehen sowie andere Kulturen und L\u00e4nder kennenzulernen \u2013 und danach die sch\u00f6nen Kleinigkeiten in der Heimat wieder mehr wertsch\u00e4tzen zu k\u00f6nnen. Salzburger Nockerl oder Schwarzbeernocken? Bei Schwarzbeernocken kribbeln meine Geschmacksknospen. Haubenlokal oder Ab-Hof-Laden? Hm. Schwere Entscheidung. Am besten alles zu seiner Zeit. K\u00f6stliche Produkte im Ab-Hof-Laden kaufen zum selber Kochen oder sich verw\u00f6hnen lassen im Haubenlokal. Kochen, schlemmen und schnabulieren - damit kann ich mich identifizieren :) Wellness oder Mountainbike? Zuerst eine sch\u00f6ne Mountainbiketour, danach zum Entspannen in den Wellnessbereich. Alpinski, Offpist oder Skitour? Alles. Am besten auf einmal und das ganze Jahr. Als Winterm\u00e4dchen sehne ich mich nach den ersten Schnee. Und dann das ganze Programm. Dirndl oder Bustierkleid? Dirndl. Liebend gern.\",\"sameAs\":[\"https:\\\/\\\/www.barbara-pirchner.com\\\/\",\"https:\\\/\\\/www.linkedin.com\\\/in\\\/barbara-pirchner-573031120\\\/\"],\"url\":\"https:\\\/\\\/www.salzburgerland.com\\\/de\\\/magazin\\\/author\\\/barbara-pirchner\\\/\"}]}<\/script>\n<!-- \/ Yoast SEO Premium plugin. -->","yoast_head_json":{"title":"Die Filzmoosalm im Gro\u00dfarltal - SalzburgerLand Magazin","description":"Bettina und Manfred Huber verw\u00f6hnen die G\u00e4ste auf der Filzmoosalm in Gro\u00dfarl mit Schmankerln vom Bauernhof - von Eis bis Sauerk\u00e4se.","robots":{"index":"index","follow":"follow","max-snippet":"max-snippet:-1","max-image-preview":"max-image-preview:large","max-video-preview":"max-video-preview:-1"},"canonical":"https:\/\/www.salzburgerland.com\/de\/magazin\/die-filzmoosalm-im-grossarltal\/","og_locale":"de_DE","og_type":"article","og_title":"Die Filzmoosalm im Gro\u00dfarltal","og_description":"Bettina und Manfred Huber verw\u00f6hnen die G\u00e4ste auf der Filzmoosalm in Gro\u00dfarl mit Schmankerln vom Bauernhof - von Eis bis Sauerk\u00e4se.","og_url":"https:\/\/www.salzburgerland.com\/de\/magazin\/die-filzmoosalm-im-grossarltal\/","og_site_name":"SalzburgerLand Magazin","article_publisher":"https:\/\/www.facebook.com\/salzburgerland\/","article_published_time":"2024-06-21T05:00:00+00:00","article_modified_time":"2024-06-26T04:30:31+00:00","og_image":[{"width":2560,"height":977,"url":"https:\/\/www.salzburgerland.com\/de\/magazin\/wp-content\/uploads\/2024\/05\/Filzmoosalm-2021-Panorama-2-scaled.jpg","type":"image\/jpeg"}],"author":"Barbara Pirchner","twitter_card":"summary_large_image","twitter_creator":"@Salzburgerland","twitter_site":"@Salzburgerland","twitter_misc":{"Verfasst von":"Barbara Pirchner","Gesch\u00e4tzte Lesezeit":"5\u00a0Minuten"},"schema":{"@context":"https:\/\/schema.org","@graph":[{"@type":"Article","@id":"https:\/\/www.salzburgerland.com\/de\/magazin\/die-filzmoosalm-im-grossarltal\/#article","isPartOf":{"@id":"https:\/\/www.salzburgerland.com\/de\/magazin\/die-filzmoosalm-im-grossarltal\/"},"author":{"name":"Barbara Pirchner","@id":"https:\/\/www.salzburgerland.com\/de\/magazin\/#\/schema\/person\/1e4d0c967a02c339e6c85f8c3f38b89a"},"headline":"Die Filzmoosalm im Gro\u00dfarltal","datePublished":"2024-06-21T05:00:00+00:00","dateModified":"2024-06-26T04:30:31+00:00","mainEntityOfPage":{"@id":"https:\/\/www.salzburgerland.com\/de\/magazin\/die-filzmoosalm-im-grossarltal\/"},"wordCount":630,"publisher":{"@id":"https:\/\/www.salzburgerland.com\/de\/magazin\/#organization"},"image":{"@id":"https:\/\/www.salzburgerland.com\/de\/magazin\/die-filzmoosalm-im-grossarltal\/#primaryimage"},"thumbnailUrl":"https:\/\/www.salzburgerland.com\/de\/magazin\/wp-content\/uploads\/2024\/05\/Filzmoosalm-2021-Panorama-2-scaled.jpg","keywords":["filzmoosalm","Gro\u00dfarl","Wandern"],"articleSection":["Essen &amp; Trinken"],"inLanguage":"de"},{"@type":"WebPage","@id":"https:\/\/www.salzburgerland.com\/de\/magazin\/die-filzmoosalm-im-grossarltal\/","url":"https:\/\/www.salzburgerland.com\/de\/magazin\/die-filzmoosalm-im-grossarltal\/","name":"Die Filzmoosalm im Gro\u00dfarltal - SalzburgerLand Magazin","isPartOf":{"@id":"https:\/\/www.salzburgerland.com\/de\/magazin\/#website"},"primaryImageOfPage":{"@id":"https:\/\/www.salzburgerland.com\/de\/magazin\/die-filzmoosalm-im-grossarltal\/#primaryimage"},"image":{"@id":"https:\/\/www.salzburgerland.com\/de\/magazin\/die-filzmoosalm-im-grossarltal\/#primaryimage"},"thumbnailUrl":"https:\/\/www.salzburgerland.com\/de\/magazin\/wp-content\/uploads\/2024\/05\/Filzmoosalm-2021-Panorama-2-scaled.jpg","datePublished":"2024-06-21T05:00:00+00:00","dateModified":"2024-06-26T04:30:31+00:00","description":"Bettina und Manfred Huber verw\u00f6hnen die G\u00e4ste auf der Filzmoosalm in Gro\u00dfarl mit Schmankerln vom Bauernhof - von Eis bis Sauerk\u00e4se.","breadcrumb":{"@id":"https:\/\/www.salzburgerland.com\/de\/magazin\/die-filzmoosalm-im-grossarltal\/#breadcrumb"},"inLanguage":"de","potentialAction":[{"@type":"ReadAction","target":["https:\/\/www.salzburgerland.com\/de\/magazin\/die-filzmoosalm-im-grossarltal\/"]}]},{"@type":"ImageObject","inLanguage":"de","@id":"https:\/\/www.salzburgerland.com\/de\/magazin\/die-filzmoosalm-im-grossarltal\/#primaryimage","url":"https:\/\/www.salzburgerland.com\/de\/magazin\/wp-content\/uploads\/2024\/05\/Filzmoosalm-2021-Panorama-2-scaled.jpg","contentUrl":"https:\/\/www.salzburgerland.com\/de\/magazin\/wp-content\/uploads\/2024\/05\/Filzmoosalm-2021-Panorama-2-scaled.jpg","width":2560,"height":977,"caption":"Die Filzmoosalm in Gro\u00dfarl"},{"@type":"BreadcrumbList","@id":"https:\/\/www.salzburgerland.com\/de\/magazin\/die-filzmoosalm-im-grossarltal\/#breadcrumb","itemListElement":[{"@type":"ListItem","position":1,"name":"Startseite","item":"https:\/\/www.salzburgerland.com\/de\/magazin\/"},{"@type":"ListItem","position":2,"name":"Essen &amp; Trinken","item":"https:\/\/www.salzburgerland.com\/de\/magazin\/thema\/essen-trinken\/"},{"@type":"ListItem","position":3,"name":"Die Filzmoosalm im Gro\u00dfarltal"}]},{"@type":"WebSite","@id":"https:\/\/www.salzburgerland.com\/de\/magazin\/#website","url":"https:\/\/www.salzburgerland.com\/de\/magazin\/","name":"SalzburgerLand Magazin","description":"Geschichten und Interessantes aus dem SalzburgerLand","publisher":{"@id":"https:\/\/www.salzburgerland.com\/de\/magazin\/#organization"},"potentialAction":[{"@type":"SearchAction","target":{"@type":"EntryPoint","urlTemplate":"https:\/\/www.salzburgerland.com\/de\/magazin\/?s={search_term_string}"},"query-input":{"@type":"PropertyValueSpecification","valueRequired":true,"valueName":"search_term_string"}}],"inLanguage":"de"},{"@type":"Organization","@id":"https:\/\/www.salzburgerland.com\/de\/magazin\/#organization","name":"SalzburgerLand Tourismus","url":"https:\/\/www.salzburgerland.com\/de\/magazin\/","logo":{"@type":"ImageObject","inLanguage":"de","@id":"https:\/\/www.salzburgerland.com\/de\/magazin\/#\/schema\/logo\/image\/","url":"https:\/\/www.salzburgerland.com\/de\/magazin\/wp-content\/uploads\/2019\/06\/salzburgerland-logo1.jpg","contentUrl":"https:\/\/www.salzburgerland.com\/de\/magazin\/wp-content\/uploads\/2019\/06\/salzburgerland-logo1.jpg","width":2011,"height":866,"caption":"SalzburgerLand Tourismus"},"image":{"@id":"https:\/\/www.salzburgerland.com\/de\/magazin\/#\/schema\/logo\/image\/"},"sameAs":["https:\/\/www.facebook.com\/salzburgerland\/","https:\/\/x.com\/Salzburgerland","https:\/\/www.instagram.com\/salzburgerland\/","https:\/\/at.linkedin.com\/company\/salzburgerland-tourismus-gmbh","https:\/\/www.pinterest.at\/salzburgerland\/","https:\/\/www.youtube.com\/user\/salzburgerland","https:\/\/de.wikipedia.org\/wiki\/SalzburgerLand_Tourismus_GmbH"]},{"@type":"Person","@id":"https:\/\/www.salzburgerland.com\/de\/magazin\/#\/schema\/person\/1e4d0c967a02c339e6c85f8c3f38b89a","name":"Barbara Pirchner","description":"Reisen sieht Barbara Pirchner als ein gro\u00dfes Geschenk. Es gibt so viele tolle M\u00f6glichkeiten, wie sie die Welt entdeckt. Und wenn sie nicht unterwegs ist, erkundet sie ihre Heimat. F\u00fcr sie ist es ihr zuhause, f\u00fcr euch der Urlaubsort. Gerne nimmt sie euch hier im Magazin mit und berichtet \u00fcber die sch\u00f6nsten Orte, die lustigsten Aktivit\u00e4ten oder die entspannendsten Momente im SalzburgerLand. Nach dem Studium und jahrelanger Erfahrung im Tourismusmarketing schreibt Barbara Pirchner jetzt f\u00fcr Tourismusbetriebe. Dosige oder Zuagroast? Eindeutig a Dosige. Geboren, aufgewachsen und wohnhaft in der Salzburger Bergwelt. Jedoch jederzeit offen, was anderes von der Welt zu sehen sowie andere Kulturen und L\u00e4nder kennenzulernen \u2013 und danach die sch\u00f6nen Kleinigkeiten in der Heimat wieder mehr wertsch\u00e4tzen zu k\u00f6nnen. Salzburger Nockerl oder Schwarzbeernocken? Bei Schwarzbeernocken kribbeln meine Geschmacksknospen. Haubenlokal oder Ab-Hof-Laden? Hm. Schwere Entscheidung. Am besten alles zu seiner Zeit. K\u00f6stliche Produkte im Ab-Hof-Laden kaufen zum selber Kochen oder sich verw\u00f6hnen lassen im Haubenlokal. Kochen, schlemmen und schnabulieren - damit kann ich mich identifizieren :) Wellness oder Mountainbike? Zuerst eine sch\u00f6ne Mountainbiketour, danach zum Entspannen in den Wellnessbereich. Alpinski, Offpist oder Skitour? Alles. Am besten auf einmal und das ganze Jahr. Als Winterm\u00e4dchen sehne ich mich nach den ersten Schnee. Und dann das ganze Programm. Dirndl oder Bustierkleid? Dirndl. Liebend gern.","sameAs":["https:\/\/www.barbara-pirchner.com\/","https:\/\/www.linkedin.com\/in\/barbara-pirchner-573031120\/"],"url":"https:\/\/www.salzburgerland.com\/de\/magazin\/author\/barbara-pirchner\/"}]}},"_wl_alt_label":[],"wl:entity_url":"http:\/\/open.salzburgerland.com\/magazin\/post\/die-filzmoosalm-im-grossarltal","_links":{"self":[{"href":"https:\/\/www.salzburgerland.com\/de\/magazin\/wp-json\/wp\/v2\/posts\/177174","targetHints":{"allow":["GET"]}}],"collection":[{"href":"https:\/\/www.salzburgerland.com\/de\/magazin\/wp-json\/wp\/v2\/posts"}],"about":[{"href":"https:\/\/www.salzburgerland.com\/de\/magazin\/wp-json\/wp\/v2\/types\/post"}],"author":[{"embeddable":true,"href":"https:\/\/www.salzburgerland.com\/de\/magazin\/wp-json\/wp\/v2\/users\/564"}],"replies":[{"embeddable":true,"href":"https:\/\/www.salzburgerland.com\/de\/magazin\/wp-json\/wp\/v2\/comments?post=177174"}],"version-history":[{"count":7,"href":"https:\/\/www.salzburgerland.com\/de\/magazin\/wp-json\/wp\/v2\/posts\/177174\/revisions"}],"predecessor-version":[{"id":177550,"href":"https:\/\/www.salzburgerland.com\/de\/magazin\/wp-json\/wp\/v2\/posts\/177174\/revisions\/177550"}],"wp:featuredmedia":[{"embeddable":true,"href":"https:\/\/www.salzburgerland.com\/de\/magazin\/wp-json\/wp\/v2\/media\/177182"}],"wp:attachment":[{"href":"https:\/\/www.salzburgerland.com\/de\/magazin\/wp-json\/wp\/v2\/media?parent=177174"}],"wp:term":[{"taxonomy":"category","embeddable":true,"href":"https:\/\/www.salzburgerland.com\/de\/magazin\/wp-json\/wp\/v2\/categories?post=177174"},{"taxonomy":"post_tag","embeddable":true,"href":"https:\/\/www.salzburgerland.com\/de\/magazin\/wp-json\/wp\/v2\/tags?post=177174"},{"taxonomy":"wl_entity_type","embeddable":true,"href":"https:\/\/www.salzburgerland.com\/de\/magazin\/wp-json\/wp\/v2\/wl_entity_type?post=177174"},{"taxonomy":"monatsauswahl","embeddable":true,"href":"https:\/\/www.salzburgerland.com\/de\/magazin\/wp-json\/wp\/v2\/monatsauswahl?post=177174"}],"curies":[{"name":"wp","href":"https:\/\/api.w.org\/{rel}","templated":true}]}}