{"id":176839,"date":"2024-05-20T07:00:00","date_gmt":"2024-05-20T05:00:00","guid":{"rendered":"https:\/\/www.salzburgerland.com\/de\/magazin\/?p=176839"},"modified":"2024-05-22T06:25:16","modified_gmt":"2024-05-22T04:25:16","slug":"maurachhof-maurachalm-in-grossarl","status":"publish","type":"post","link":"https:\/\/www.salzburgerland.com\/de\/magazin\/maurachhof-maurachalm-in-grossarl\/","title":{"rendered":"Maurachhof &amp; Maurachalm in Gro\u00dfarl"},"content":{"rendered":"\n<div class=\"wp-block-slt-top topBlocks\">\n<h2 class=\"wp-block-slt-subtitle\">Speck, Sprinzen und Schn\u00e4pse<\/h2>\n\n\n\n<p class=\"wp-block-slt-intro\">Allein die herzliche Art von Marianne, Andrea, Wost und Johann auf der Maurachalm ist eine Wanderung wert. Dazu kommen noch die Aussicht, die selbstgemachten Schmankerln und die flauschigen Alpakas. Und f\u00fcr alle, die das noch intensiver erleben wollen, bietet Familie Gschwandtl Urlaub am Bauernhof am Maurachhof in Gro\u00dfarl an.<\/p>\n<\/div>\n\n\n\n<figure class=\"wp-block-image size-full\"><img loading=\"lazy\" decoding=\"async\" width=\"2560\" height=\"1706\" src=\"https:\/\/www.salzburgerland.com\/de\/magazin\/wp-content\/uploads\/2024\/05\/Maurachhof\u00a9Unterkofler-Fotografie-109-scaled.jpg\" alt=\"Familie Gschwandtl vom Maurachhof \u00a9 Leoni Unterkofler\" class=\"wp-image-176965\" srcset=\"https:\/\/www.salzburgerland.com\/de\/magazin\/wp-content\/uploads\/2024\/05\/Maurachhof\u00a9Unterkofler-Fotografie-109-scaled.jpg 2560w, https:\/\/www.salzburgerland.com\/de\/magazin\/wp-content\/uploads\/2024\/05\/Maurachhof\u00a9Unterkofler-Fotografie-109-300x200.jpg 300w, https:\/\/www.salzburgerland.com\/de\/magazin\/wp-content\/uploads\/2024\/05\/Maurachhof\u00a9Unterkofler-Fotografie-109-1536x1024.jpg 1536w, https:\/\/www.salzburgerland.com\/de\/magazin\/wp-content\/uploads\/2024\/05\/Maurachhof\u00a9Unterkofler-Fotografie-109-2048x1365.jpg 2048w, https:\/\/www.salzburgerland.com\/de\/magazin\/wp-content\/uploads\/2024\/05\/Maurachhof\u00a9Unterkofler-Fotografie-109-825x550.jpg 825w, https:\/\/www.salzburgerland.com\/de\/magazin\/wp-content\/uploads\/2024\/05\/Maurachhof\u00a9Unterkofler-Fotografie-109-600x400.jpg 600w, https:\/\/www.salzburgerland.com\/de\/magazin\/wp-content\/uploads\/2024\/05\/Maurachhof\u00a9Unterkofler-Fotografie-109-1320x880.jpg 1320w, https:\/\/www.salzburgerland.com\/de\/magazin\/wp-content\/uploads\/2024\/05\/Maurachhof\u00a9Unterkofler-Fotografie-109-150x100.jpg 150w\" sizes=\"auto, (max-width: 2560px) 100vw, 2560px\" \/><\/figure>\n\n\n\n<h2 class=\"wp-block-heading\" id=\"h-die-maurachalm-im-grossarltal\">Die Maurachalm im Gro\u00dfarltal<\/h2>\n\n\n\n<p>Sie ist die n\u00f6rdlichste Almh\u00fctte im <a href=\"https:\/\/www.salzburgerland.com\/de\/magazin\/grossarl-tal-der-almen\/\" target=\"_blank\" rel=\"noreferrer noopener\">Gro\u00dfarltal<\/a>. Und hat daher den Vorteil, dass man sie zus\u00e4tzlich vom Talboden in Gro\u00dfarl auch von St. Johann und Wagrain erreicht. Geht sogar noch bequemer, weil da die Gondelbahn bei den steilsten Passagen unterst\u00fctzt. Von Gro\u00dfarl aus f\u00fchrt eine Forststra\u00dfe durch den Wald oder man kann \u00fcber den Steig abk\u00fcrzen. Auch mit dem Mountainbike oder gem\u00fctlicher mit dem E-Bike radelt man auf die Maurachalm. Die H\u00fctte ist urig, die Almleute musizieren gerne und verw\u00f6hnen Besucher mit ihren K\u00f6stlichkeiten \u2013 von Mitte Juni bis Mitte Oktober.<\/p>\n\n\n\n<figure class=\"wp-block-image size-full\"><img loading=\"lazy\" decoding=\"async\" width=\"1920\" height=\"1280\" src=\"https:\/\/www.salzburgerland.com\/de\/magazin\/wp-content\/uploads\/2024\/05\/grossarltal-maurachalm-wandern-2022-37.jpg\" alt=\"Ein l\u00e4chelndes \u00e4lteres Paar steht vor dem Maurachhof, einem rustikalen Holzhaus mit roten Blumen und traditionellen Schildern.\" class=\"wp-image-177163\" srcset=\"https:\/\/www.salzburgerland.com\/de\/magazin\/wp-content\/uploads\/2024\/05\/grossarltal-maurachalm-wandern-2022-37.jpg 1920w, https:\/\/www.salzburgerland.com\/de\/magazin\/wp-content\/uploads\/2024\/05\/grossarltal-maurachalm-wandern-2022-37-300x200.jpg 300w, https:\/\/www.salzburgerland.com\/de\/magazin\/wp-content\/uploads\/2024\/05\/grossarltal-maurachalm-wandern-2022-37-1536x1024.jpg 1536w, https:\/\/www.salzburgerland.com\/de\/magazin\/wp-content\/uploads\/2024\/05\/grossarltal-maurachalm-wandern-2022-37-825x550.jpg 825w, https:\/\/www.salzburgerland.com\/de\/magazin\/wp-content\/uploads\/2024\/05\/grossarltal-maurachalm-wandern-2022-37-600x400.jpg 600w, https:\/\/www.salzburgerland.com\/de\/magazin\/wp-content\/uploads\/2024\/05\/grossarltal-maurachalm-wandern-2022-37-1320x880.jpg 1320w, https:\/\/www.salzburgerland.com\/de\/magazin\/wp-content\/uploads\/2024\/05\/grossarltal-maurachalm-wandern-2022-37-150x100.jpg 150w\" sizes=\"auto, (max-width: 1920px) 100vw, 1920px\" \/><\/figure>\n\n\n\n<p>Brettljause, K\u00e4sejause oder Kaspresskn\u00f6del? Auf der Maurachalm kann man sich schwer entscheiden, denn Familie Gschwandtl produziert ihre Sch\u00e4tze selbst. Aus ihrer Milch, ihrem Fleisch und aus ihren Fr\u00fcchten.<\/p>\n\n\n\n<figure class=\"wp-block-image size-full\"><img loading=\"lazy\" decoding=\"async\" width=\"2560\" height=\"1706\" src=\"https:\/\/www.salzburgerland.com\/de\/magazin\/wp-content\/uploads\/2024\/05\/Maurachhof\u00a9Unterkofler-Fotografie-81-scaled.jpg\" alt=\"Jause auf der Maurachalm \u00a9 Leoni Unterkofler\" class=\"wp-image-176962\" srcset=\"https:\/\/www.salzburgerland.com\/de\/magazin\/wp-content\/uploads\/2024\/05\/Maurachhof\u00a9Unterkofler-Fotografie-81-scaled.jpg 2560w, https:\/\/www.salzburgerland.com\/de\/magazin\/wp-content\/uploads\/2024\/05\/Maurachhof\u00a9Unterkofler-Fotografie-81-300x200.jpg 300w, https:\/\/www.salzburgerland.com\/de\/magazin\/wp-content\/uploads\/2024\/05\/Maurachhof\u00a9Unterkofler-Fotografie-81-1536x1024.jpg 1536w, https:\/\/www.salzburgerland.com\/de\/magazin\/wp-content\/uploads\/2024\/05\/Maurachhof\u00a9Unterkofler-Fotografie-81-2048x1365.jpg 2048w, https:\/\/www.salzburgerland.com\/de\/magazin\/wp-content\/uploads\/2024\/05\/Maurachhof\u00a9Unterkofler-Fotografie-81-825x550.jpg 825w, https:\/\/www.salzburgerland.com\/de\/magazin\/wp-content\/uploads\/2024\/05\/Maurachhof\u00a9Unterkofler-Fotografie-81-600x400.jpg 600w, https:\/\/www.salzburgerland.com\/de\/magazin\/wp-content\/uploads\/2024\/05\/Maurachhof\u00a9Unterkofler-Fotografie-81-1320x880.jpg 1320w, https:\/\/www.salzburgerland.com\/de\/magazin\/wp-content\/uploads\/2024\/05\/Maurachhof\u00a9Unterkofler-Fotografie-81-150x100.jpg 150w\" sizes=\"auto, (max-width: 2560px) 100vw, 2560px\" \/><\/figure>\n\n\n\n<p>Der Zucker staubt bis unter die Augen, die Marillenmarmelade streichelt den Gaumen und die Geschmacksknospen feiern ein Fest der k\u00f6stlichen Erlebnisse. Das kann nur der frisch gebackene Bauernkrapfen. Den lassen wir uns schmecken, w\u00e4hrend eines der flauschigen Alpakas neugierig \u00fcber den Zaun lugt und den G\u00e4sten beim Schmausen zusieht.<\/p>\n\n\n\n<figure class=\"wp-block-image size-full\"><img loading=\"lazy\" decoding=\"async\" width=\"2560\" height=\"1706\" src=\"https:\/\/www.salzburgerland.com\/de\/magazin\/wp-content\/uploads\/2024\/05\/Maurachhof\u00a9Unterkofler-Fotografie-61-scaled.jpg\" alt=\"Alpaka-Wanderung \u00a9 Leoni Unterkofler\" class=\"wp-image-176958\" srcset=\"https:\/\/www.salzburgerland.com\/de\/magazin\/wp-content\/uploads\/2024\/05\/Maurachhof\u00a9Unterkofler-Fotografie-61-scaled.jpg 2560w, https:\/\/www.salzburgerland.com\/de\/magazin\/wp-content\/uploads\/2024\/05\/Maurachhof\u00a9Unterkofler-Fotografie-61-300x200.jpg 300w, https:\/\/www.salzburgerland.com\/de\/magazin\/wp-content\/uploads\/2024\/05\/Maurachhof\u00a9Unterkofler-Fotografie-61-1536x1024.jpg 1536w, https:\/\/www.salzburgerland.com\/de\/magazin\/wp-content\/uploads\/2024\/05\/Maurachhof\u00a9Unterkofler-Fotografie-61-2048x1365.jpg 2048w, https:\/\/www.salzburgerland.com\/de\/magazin\/wp-content\/uploads\/2024\/05\/Maurachhof\u00a9Unterkofler-Fotografie-61-825x550.jpg 825w, https:\/\/www.salzburgerland.com\/de\/magazin\/wp-content\/uploads\/2024\/05\/Maurachhof\u00a9Unterkofler-Fotografie-61-600x400.jpg 600w, https:\/\/www.salzburgerland.com\/de\/magazin\/wp-content\/uploads\/2024\/05\/Maurachhof\u00a9Unterkofler-Fotografie-61-1320x880.jpg 1320w, https:\/\/www.salzburgerland.com\/de\/magazin\/wp-content\/uploads\/2024\/05\/Maurachhof\u00a9Unterkofler-Fotografie-61-150x100.jpg 150w\" sizes=\"auto, (max-width: 2560px) 100vw, 2560px\" \/><\/figure>\n\n\n\n<h2 class=\"wp-block-heading\" id=\"h-flauschig-flauschiger-alpaka\">Flauschig, flauschiger, Alpaka<\/h2>\n\n\n\n<p>Hausgast am Maurachhof m\u00fcsste man sein. Denn die gehen mit den Alpakas spazieren und d\u00fcrfen die flauschigen Tierchen an einem Halfter f\u00fchren. Und sie streicheln. Wann immer sie m\u00f6chten. Aber. <em>\u201eSie k\u00f6nnen auch m\u00fcrrisch sein, wenn sie nicht m\u00f6chten\u201c, <\/em>verr\u00e4t mir Bauer Johann \u201eund <em>sie behalten ihren Urinstinkt \u2013 ganz egal, wie lange ich mit ihnen trainiere.\u201c<\/em><\/p>\n\n\n\n<figure class=\"wp-block-image size-full\"><img loading=\"lazy\" decoding=\"async\" width=\"2560\" height=\"1706\" src=\"https:\/\/www.salzburgerland.com\/de\/magazin\/wp-content\/uploads\/2024\/05\/Maurachhof\u00a9Unterkofler-Fotografie-59-scaled.jpg\" alt=\"Alpaka-Wanderung am Maurachhof in Gro\u00dfarl \u00a9 Leoni Unterkofler\" class=\"wp-image-176957\" srcset=\"https:\/\/www.salzburgerland.com\/de\/magazin\/wp-content\/uploads\/2024\/05\/Maurachhof\u00a9Unterkofler-Fotografie-59-scaled.jpg 2560w, https:\/\/www.salzburgerland.com\/de\/magazin\/wp-content\/uploads\/2024\/05\/Maurachhof\u00a9Unterkofler-Fotografie-59-300x200.jpg 300w, https:\/\/www.salzburgerland.com\/de\/magazin\/wp-content\/uploads\/2024\/05\/Maurachhof\u00a9Unterkofler-Fotografie-59-1536x1024.jpg 1536w, https:\/\/www.salzburgerland.com\/de\/magazin\/wp-content\/uploads\/2024\/05\/Maurachhof\u00a9Unterkofler-Fotografie-59-2048x1365.jpg 2048w, https:\/\/www.salzburgerland.com\/de\/magazin\/wp-content\/uploads\/2024\/05\/Maurachhof\u00a9Unterkofler-Fotografie-59-825x550.jpg 825w, https:\/\/www.salzburgerland.com\/de\/magazin\/wp-content\/uploads\/2024\/05\/Maurachhof\u00a9Unterkofler-Fotografie-59-600x400.jpg 600w, https:\/\/www.salzburgerland.com\/de\/magazin\/wp-content\/uploads\/2024\/05\/Maurachhof\u00a9Unterkofler-Fotografie-59-1320x880.jpg 1320w, https:\/\/www.salzburgerland.com\/de\/magazin\/wp-content\/uploads\/2024\/05\/Maurachhof\u00a9Unterkofler-Fotografie-59-150x100.jpg 150w\" sizes=\"auto, (max-width: 2560px) 100vw, 2560px\" \/><\/figure>\n\n\n\n<p>Die Alpakas am Maurachhof und auf der Maurachalm in Gro\u00dfarl sehen zwar aus wie Kuscheltiere \u2013 sind aber definitiv keine. Dennoch beruhigen sie, wenn man sie streichelt, sie f\u00fchrt oder mit ihnen spaziert. Sie liefern Wolle, die so kuschelig weich ist wie eine Umarmung aus Wolken.<\/p>\n\n\n\n<h2 class=\"wp-block-heading\" id=\"h-hofladen-am-maurachhof\">Hofladen am Maurachhof<\/h2>\n\n\n\n<p>Das ganze Jahr gibt es den Hofladen am Maurachhof (vorher telefonisch anmelden), im Sommer bekommt man die Produkte auch auf der Alm. Familie Gschwandtl produziert K\u00e4se, Butter, Speck, Wurst, Marmeladen, Sirup und erlesene Schn\u00e4pse. Apropos Schn\u00e4pse. Immer wieder gewinnt Familie Gschwandtl Medaillen f\u00fcr ihre Edelbr\u00e4nde. Unser Geheimtipp: der Hollerschnaps.<\/p>\n\n\n\n<p>Und zu den k\u00f6stlichen Lebensmitteln verw\u00f6hnen euch auch Alpaka-Produkte vom Maurachhof. Alpaka-Socken, Alpaka-Decken und sogar Alpaka-Seifen bietet Familie Gschwandtl in ihrem Hofladen an.<\/p>\n\n\n\n<figure class=\"wp-block-image size-full\"><img loading=\"lazy\" decoding=\"async\" width=\"2560\" height=\"1706\" src=\"https:\/\/www.salzburgerland.com\/de\/magazin\/wp-content\/uploads\/2024\/05\/Maurachhof\u00a9Unterkofler-Fotografie-80-scaled.jpg\" alt=\"Hofladen Maurachhof \u00a9 Leoni Unterkofler\" class=\"wp-image-176961\" srcset=\"https:\/\/www.salzburgerland.com\/de\/magazin\/wp-content\/uploads\/2024\/05\/Maurachhof\u00a9Unterkofler-Fotografie-80-scaled.jpg 2560w, https:\/\/www.salzburgerland.com\/de\/magazin\/wp-content\/uploads\/2024\/05\/Maurachhof\u00a9Unterkofler-Fotografie-80-300x200.jpg 300w, https:\/\/www.salzburgerland.com\/de\/magazin\/wp-content\/uploads\/2024\/05\/Maurachhof\u00a9Unterkofler-Fotografie-80-1536x1024.jpg 1536w, https:\/\/www.salzburgerland.com\/de\/magazin\/wp-content\/uploads\/2024\/05\/Maurachhof\u00a9Unterkofler-Fotografie-80-2048x1365.jpg 2048w, https:\/\/www.salzburgerland.com\/de\/magazin\/wp-content\/uploads\/2024\/05\/Maurachhof\u00a9Unterkofler-Fotografie-80-825x550.jpg 825w, https:\/\/www.salzburgerland.com\/de\/magazin\/wp-content\/uploads\/2024\/05\/Maurachhof\u00a9Unterkofler-Fotografie-80-600x400.jpg 600w, https:\/\/www.salzburgerland.com\/de\/magazin\/wp-content\/uploads\/2024\/05\/Maurachhof\u00a9Unterkofler-Fotografie-80-1320x880.jpg 1320w, https:\/\/www.salzburgerland.com\/de\/magazin\/wp-content\/uploads\/2024\/05\/Maurachhof\u00a9Unterkofler-Fotografie-80-150x100.jpg 150w\" sizes=\"auto, (max-width: 2560px) 100vw, 2560px\" \/><\/figure>\n\n\n\n<figure class=\"wp-block-image size-full\"><img loading=\"lazy\" decoding=\"async\" width=\"2560\" height=\"1706\" src=\"https:\/\/www.salzburgerland.com\/de\/magazin\/wp-content\/uploads\/2024\/05\/Maurachhof\u00a9Unterkofler-Fotografie-79-scaled.jpg\" alt=\"Alpaka-Produkte vom Maurachhof \u00a9 Leoni Unterkofler\" class=\"wp-image-176960\" srcset=\"https:\/\/www.salzburgerland.com\/de\/magazin\/wp-content\/uploads\/2024\/05\/Maurachhof\u00a9Unterkofler-Fotografie-79-scaled.jpg 2560w, https:\/\/www.salzburgerland.com\/de\/magazin\/wp-content\/uploads\/2024\/05\/Maurachhof\u00a9Unterkofler-Fotografie-79-300x200.jpg 300w, https:\/\/www.salzburgerland.com\/de\/magazin\/wp-content\/uploads\/2024\/05\/Maurachhof\u00a9Unterkofler-Fotografie-79-1536x1024.jpg 1536w, https:\/\/www.salzburgerland.com\/de\/magazin\/wp-content\/uploads\/2024\/05\/Maurachhof\u00a9Unterkofler-Fotografie-79-2048x1365.jpg 2048w, https:\/\/www.salzburgerland.com\/de\/magazin\/wp-content\/uploads\/2024\/05\/Maurachhof\u00a9Unterkofler-Fotografie-79-825x550.jpg 825w, https:\/\/www.salzburgerland.com\/de\/magazin\/wp-content\/uploads\/2024\/05\/Maurachhof\u00a9Unterkofler-Fotografie-79-600x400.jpg 600w, https:\/\/www.salzburgerland.com\/de\/magazin\/wp-content\/uploads\/2024\/05\/Maurachhof\u00a9Unterkofler-Fotografie-79-1320x880.jpg 1320w, https:\/\/www.salzburgerland.com\/de\/magazin\/wp-content\/uploads\/2024\/05\/Maurachhof\u00a9Unterkofler-Fotografie-79-150x100.jpg 150w\" sizes=\"auto, (max-width: 2560px) 100vw, 2560px\" \/><\/figure>\n\n\n\n<h2 class=\"wp-block-heading\" id=\"h-urlaub-am-bauernhof-am-maurachhof-in-grossarl\">Urlaub am Bauernhof am Maurachhof in Gro\u00dfarl<\/h2>\n\n\n\n<p>2 Ferienwohnungen, 1 Chalet und 1 H\u00fctte. Direkt am Maurachhof in Gro\u00dfarl. Mit t\u00e4glichem flauschigen Erlebnis, frischen Produkten und gem\u00fctlichen Unterk\u00fcnften. Und wie ist die Lage?<\/p>\n\n\n\n<figure class=\"wp-block-image size-full\"><img loading=\"lazy\" decoding=\"async\" width=\"8000\" height=\"6000\" src=\"https:\/\/www.salzburgerland.com\/de\/magazin\/wp-content\/uploads\/2024\/05\/E0F7382F981EA792D6181D56E8EA2EE7.jpg\" alt=\"Maurachhof in Gro\u00dfarl \u00a9 Leoni Unterkofler\" class=\"wp-image-176956\" srcset=\"https:\/\/www.salzburgerland.com\/de\/magazin\/wp-content\/uploads\/2024\/05\/E0F7382F981EA792D6181D56E8EA2EE7.jpg 8000w, https:\/\/www.salzburgerland.com\/de\/magazin\/wp-content\/uploads\/2024\/05\/E0F7382F981EA792D6181D56E8EA2EE7-300x225.jpg 300w, https:\/\/www.salzburgerland.com\/de\/magazin\/wp-content\/uploads\/2024\/05\/E0F7382F981EA792D6181D56E8EA2EE7-733x550.jpg 733w, https:\/\/www.salzburgerland.com\/de\/magazin\/wp-content\/uploads\/2024\/05\/E0F7382F981EA792D6181D56E8EA2EE7-533x400.jpg 533w, https:\/\/www.salzburgerland.com\/de\/magazin\/wp-content\/uploads\/2024\/05\/E0F7382F981EA792D6181D56E8EA2EE7-1320x990.jpg 1320w, https:\/\/www.salzburgerland.com\/de\/magazin\/wp-content\/uploads\/2024\/05\/E0F7382F981EA792D6181D56E8EA2EE7-150x113.jpg 150w\" sizes=\"auto, (max-width: 8000px) 100vw, 8000px\" \/><\/figure>\n\n\n\n<p>Einzigartig. Denn der Maurachhof thront auf einer Anh\u00f6he \u2013 fern vom Durchzugsverkehr, vom Stra\u00dfenl\u00e4rm und vom hektischen Treiben einer Stadt. Und ist dennoch leicht erreichbar.<\/p>\n\n\n\n<p>Hier leben auch Pustertaler Sprinzen, eine hochgef\u00e4hrdete Rinderrasse, ebenso Alpakas, Mini-Ponys und Hasen. Ein kleines Paradies mitten im Gro\u00dfarltal.<\/p>\n\n\n\n<figure class=\"wp-block-image size-full\"><img loading=\"lazy\" decoding=\"async\" width=\"2560\" height=\"1706\" src=\"https:\/\/www.salzburgerland.com\/de\/magazin\/wp-content\/uploads\/2024\/05\/Maurachhof\u00a9Unterkofler-Fotografie-139-scaled.jpg\" alt=\"Pustertaler Sprinzen \u00a9 Leoni Unterkofler\" class=\"wp-image-176967\" srcset=\"https:\/\/www.salzburgerland.com\/de\/magazin\/wp-content\/uploads\/2024\/05\/Maurachhof\u00a9Unterkofler-Fotografie-139-scaled.jpg 2560w, https:\/\/www.salzburgerland.com\/de\/magazin\/wp-content\/uploads\/2024\/05\/Maurachhof\u00a9Unterkofler-Fotografie-139-300x200.jpg 300w, https:\/\/www.salzburgerland.com\/de\/magazin\/wp-content\/uploads\/2024\/05\/Maurachhof\u00a9Unterkofler-Fotografie-139-1536x1024.jpg 1536w, https:\/\/www.salzburgerland.com\/de\/magazin\/wp-content\/uploads\/2024\/05\/Maurachhof\u00a9Unterkofler-Fotografie-139-2048x1365.jpg 2048w, https:\/\/www.salzburgerland.com\/de\/magazin\/wp-content\/uploads\/2024\/05\/Maurachhof\u00a9Unterkofler-Fotografie-139-825x550.jpg 825w, https:\/\/www.salzburgerland.com\/de\/magazin\/wp-content\/uploads\/2024\/05\/Maurachhof\u00a9Unterkofler-Fotografie-139-600x400.jpg 600w, https:\/\/www.salzburgerland.com\/de\/magazin\/wp-content\/uploads\/2024\/05\/Maurachhof\u00a9Unterkofler-Fotografie-139-1320x880.jpg 1320w, https:\/\/www.salzburgerland.com\/de\/magazin\/wp-content\/uploads\/2024\/05\/Maurachhof\u00a9Unterkofler-Fotografie-139-150x100.jpg 150w\" sizes=\"auto, (max-width: 2560px) 100vw, 2560px\" \/><\/figure>\n\n\n\n<p>Das klingt nach dem, was ihr braucht? Dann <a href=\"https:\/\/www.bauernhof-grossarl.com\/\" target=\"_blank\" rel=\"noreferrer noopener\">bucht euch doch gleich eure Auszeit am Maurachhof<\/a>.<\/p>\n\n\n\n<p><strong>PS:<\/strong> Am 16. Juni 2024 findet die Salzburger Almsommerer\u00f6ffnung auf der Maurachalm statt.<\/p>\n\n\n\n<figure class=\"wp-block-image size-full\"><img loading=\"lazy\" decoding=\"async\" width=\"2560\" height=\"1706\" src=\"https:\/\/www.salzburgerland.com\/de\/magazin\/wp-content\/uploads\/2024\/05\/Maurachhof\u00a9Unterkofler-Fotografie-91-scaled.jpg\" alt=\"Spielplatz auf der Maurachalm \u00a9 Leoni Unterkofler\" class=\"wp-image-176963\" srcset=\"https:\/\/www.salzburgerland.com\/de\/magazin\/wp-content\/uploads\/2024\/05\/Maurachhof\u00a9Unterkofler-Fotografie-91-scaled.jpg 2560w, https:\/\/www.salzburgerland.com\/de\/magazin\/wp-content\/uploads\/2024\/05\/Maurachhof\u00a9Unterkofler-Fotografie-91-300x200.jpg 300w, https:\/\/www.salzburgerland.com\/de\/magazin\/wp-content\/uploads\/2024\/05\/Maurachhof\u00a9Unterkofler-Fotografie-91-1536x1024.jpg 1536w, https:\/\/www.salzburgerland.com\/de\/magazin\/wp-content\/uploads\/2024\/05\/Maurachhof\u00a9Unterkofler-Fotografie-91-2048x1365.jpg 2048w, https:\/\/www.salzburgerland.com\/de\/magazin\/wp-content\/uploads\/2024\/05\/Maurachhof\u00a9Unterkofler-Fotografie-91-825x550.jpg 825w, https:\/\/www.salzburgerland.com\/de\/magazin\/wp-content\/uploads\/2024\/05\/Maurachhof\u00a9Unterkofler-Fotografie-91-600x400.jpg 600w, https:\/\/www.salzburgerland.com\/de\/magazin\/wp-content\/uploads\/2024\/05\/Maurachhof\u00a9Unterkofler-Fotografie-91-1320x880.jpg 1320w, https:\/\/www.salzburgerland.com\/de\/magazin\/wp-content\/uploads\/2024\/05\/Maurachhof\u00a9Unterkofler-Fotografie-91-150x100.jpg 150w\" sizes=\"auto, (max-width: 2560px) 100vw, 2560px\" \/><\/figure>\n","protected":false},"excerpt":{"rendered":"<p>Die Maurachalm im Gro\u00dfarltal Sie ist die n\u00f6rdlichste Almh\u00fctte im Gro\u00dfarltal. Und hat daher den Vorteil, dass man sie zus\u00e4tzlich vom Talboden in Gro\u00dfarl auch von St. Johann und Wagrain erreicht. Geht sogar noch bequemer, weil da die Gondelbahn bei den steilsten Passagen unterst\u00fctzt. Von Gro\u00dfarl aus f\u00fchrt eine Forststra\u00dfe durch den Wald oder man [&hellip;]<\/p>\n","protected":false},"author":564,"featured_media":176966,"comment_status":"closed","ping_status":"closed","sticky":false,"template":"","format":"standard","meta":{"_acf_changed":false,"wl_entities_gutenberg":"","_wl_entity_redirect_enabled":"","footnotes":""},"categories":[8],"tags":[7795,7794],"wl_entity_type":[306],"monatsauswahl":[87,88,89,90,91],"class_list":["post-176839","post","type-post","status-publish","format-standard","has-post-thumbnail","hentry","category-outdoor-sport","tag-maurachalm","tag-maurachhof","wl_entity_type-article","monatsauswahl-monat_6","monatsauswahl-monat_7","monatsauswahl-monat_8","monatsauswahl-monat_9","monatsauswahl-monat_10"],"acf":[],"yoast_head":"<!-- This site is optimized with the Yoast SEO Premium plugin v27.4 (Yoast SEO v27.4) - https:\/\/yoast.com\/product\/yoast-seo-premium-wordpress\/ -->\n<title>Maurachhof &amp; Maurachalm in Gro\u00dfarl - SalzburgerLand Magazin<\/title>\n<meta name=\"description\" content=\"Kennt ihr schon den Maurachhof und die Maurachalm in Gro\u00dfarl? Die produzieren erlesene Schn\u00e4pse, haben einen Hofladen &amp; Alpakas. Hier lang!\" \/>\n<meta name=\"robots\" content=\"index, follow, max-snippet:-1, max-image-preview:large, max-video-preview:-1\" \/>\n<link rel=\"canonical\" href=\"https:\/\/www.salzburgerland.com\/de\/magazin\/maurachhof-maurachalm-in-grossarl\/\" \/>\n<meta property=\"og:locale\" content=\"de_DE\" \/>\n<meta property=\"og:type\" content=\"article\" \/>\n<meta property=\"og:title\" content=\"Maurachhof &amp; Maurachalm in Gro\u00dfarl\" \/>\n<meta property=\"og:description\" content=\"Kennt ihr schon den Maurachhof und die Maurachalm in Gro\u00dfarl? Die produzieren erlesene Schn\u00e4pse, haben einen Hofladen &amp; Alpakas. Hier lang!\" \/>\n<meta property=\"og:url\" content=\"https:\/\/www.salzburgerland.com\/de\/magazin\/maurachhof-maurachalm-in-grossarl\/\" \/>\n<meta property=\"og:site_name\" content=\"SalzburgerLand Magazin\" \/>\n<meta property=\"article:publisher\" content=\"https:\/\/www.facebook.com\/salzburgerland\/\" \/>\n<meta property=\"article:published_time\" content=\"2024-05-20T05:00:00+00:00\" \/>\n<meta property=\"article:modified_time\" content=\"2024-05-22T04:25:16+00:00\" \/>\n<meta property=\"og:image\" content=\"https:\/\/www.salzburgerland.com\/de\/magazin\/wp-content\/uploads\/2024\/05\/Maurachhof\u00a9Unterkofler-Fotografie-130-scaled.jpg\" \/>\n\t<meta property=\"og:image:width\" content=\"2560\" \/>\n\t<meta property=\"og:image:height\" content=\"1706\" \/>\n\t<meta property=\"og:image:type\" content=\"image\/jpeg\" \/>\n<meta name=\"author\" content=\"Barbara Pirchner\" \/>\n<meta name=\"twitter:card\" content=\"summary_large_image\" \/>\n<meta name=\"twitter:creator\" content=\"@Salzburgerland\" \/>\n<meta name=\"twitter:site\" content=\"@Salzburgerland\" \/>\n<meta name=\"twitter:label1\" content=\"Verfasst von\" \/>\n\t<meta name=\"twitter:data1\" content=\"Barbara Pirchner\" \/>\n\t<meta name=\"twitter:label2\" content=\"Gesch\u00e4tzte Lesezeit\" \/>\n\t<meta name=\"twitter:data2\" content=\"6\u00a0Minuten\" \/>\n<script type=\"application\/ld+json\" class=\"yoast-schema-graph\">{\"@context\":\"https:\\\/\\\/schema.org\",\"@graph\":[{\"@type\":\"Article\",\"@id\":\"https:\\\/\\\/www.salzburgerland.com\\\/de\\\/magazin\\\/maurachhof-maurachalm-in-grossarl\\\/#article\",\"isPartOf\":{\"@id\":\"https:\\\/\\\/www.salzburgerland.com\\\/de\\\/magazin\\\/maurachhof-maurachalm-in-grossarl\\\/\"},\"author\":{\"name\":\"Barbara Pirchner\",\"@id\":\"https:\\\/\\\/www.salzburgerland.com\\\/de\\\/magazin\\\/#\\\/schema\\\/person\\\/1e4d0c967a02c339e6c85f8c3f38b89a\"},\"headline\":\"Maurachhof &amp; Maurachalm in Gro\u00dfarl\",\"datePublished\":\"2024-05-20T05:00:00+00:00\",\"dateModified\":\"2024-05-22T04:25:16+00:00\",\"mainEntityOfPage\":{\"@id\":\"https:\\\/\\\/www.salzburgerland.com\\\/de\\\/magazin\\\/maurachhof-maurachalm-in-grossarl\\\/\"},\"wordCount\":563,\"publisher\":{\"@id\":\"https:\\\/\\\/www.salzburgerland.com\\\/de\\\/magazin\\\/#organization\"},\"image\":{\"@id\":\"https:\\\/\\\/www.salzburgerland.com\\\/de\\\/magazin\\\/maurachhof-maurachalm-in-grossarl\\\/#primaryimage\"},\"thumbnailUrl\":\"https:\\\/\\\/www.salzburgerland.com\\\/de\\\/magazin\\\/wp-content\\\/uploads\\\/2024\\\/05\\\/Maurachhof\u00a9Unterkofler-Fotografie-130-scaled.jpg\",\"keywords\":[\"maurachalm\",\"maurachhof\"],\"articleSection\":[\"Outdoor &amp; Sport\"],\"inLanguage\":\"de\"},{\"@type\":\"WebPage\",\"@id\":\"https:\\\/\\\/www.salzburgerland.com\\\/de\\\/magazin\\\/maurachhof-maurachalm-in-grossarl\\\/\",\"url\":\"https:\\\/\\\/www.salzburgerland.com\\\/de\\\/magazin\\\/maurachhof-maurachalm-in-grossarl\\\/\",\"name\":\"Maurachhof & Maurachalm in Gro\u00dfarl - SalzburgerLand Magazin\",\"isPartOf\":{\"@id\":\"https:\\\/\\\/www.salzburgerland.com\\\/de\\\/magazin\\\/#website\"},\"primaryImageOfPage\":{\"@id\":\"https:\\\/\\\/www.salzburgerland.com\\\/de\\\/magazin\\\/maurachhof-maurachalm-in-grossarl\\\/#primaryimage\"},\"image\":{\"@id\":\"https:\\\/\\\/www.salzburgerland.com\\\/de\\\/magazin\\\/maurachhof-maurachalm-in-grossarl\\\/#primaryimage\"},\"thumbnailUrl\":\"https:\\\/\\\/www.salzburgerland.com\\\/de\\\/magazin\\\/wp-content\\\/uploads\\\/2024\\\/05\\\/Maurachhof\u00a9Unterkofler-Fotografie-130-scaled.jpg\",\"datePublished\":\"2024-05-20T05:00:00+00:00\",\"dateModified\":\"2024-05-22T04:25:16+00:00\",\"description\":\"Kennt ihr schon den Maurachhof und die Maurachalm in Gro\u00dfarl? Die produzieren erlesene Schn\u00e4pse, haben einen Hofladen & Alpakas. Hier lang!\",\"breadcrumb\":{\"@id\":\"https:\\\/\\\/www.salzburgerland.com\\\/de\\\/magazin\\\/maurachhof-maurachalm-in-grossarl\\\/#breadcrumb\"},\"inLanguage\":\"de\",\"potentialAction\":[{\"@type\":\"ReadAction\",\"target\":[\"https:\\\/\\\/www.salzburgerland.com\\\/de\\\/magazin\\\/maurachhof-maurachalm-in-grossarl\\\/\"]}]},{\"@type\":\"ImageObject\",\"inLanguage\":\"de\",\"@id\":\"https:\\\/\\\/www.salzburgerland.com\\\/de\\\/magazin\\\/maurachhof-maurachalm-in-grossarl\\\/#primaryimage\",\"url\":\"https:\\\/\\\/www.salzburgerland.com\\\/de\\\/magazin\\\/wp-content\\\/uploads\\\/2024\\\/05\\\/Maurachhof\u00a9Unterkofler-Fotografie-130-scaled.jpg\",\"contentUrl\":\"https:\\\/\\\/www.salzburgerland.com\\\/de\\\/magazin\\\/wp-content\\\/uploads\\\/2024\\\/05\\\/Maurachhof\u00a9Unterkofler-Fotografie-130-scaled.jpg\",\"width\":2560,\"height\":1706,\"caption\":\"Maurachalm in Gro\u00dfarl \u00a9 Leoni Unterkofler\"},{\"@type\":\"BreadcrumbList\",\"@id\":\"https:\\\/\\\/www.salzburgerland.com\\\/de\\\/magazin\\\/maurachhof-maurachalm-in-grossarl\\\/#breadcrumb\",\"itemListElement\":[{\"@type\":\"ListItem\",\"position\":1,\"name\":\"Startseite\",\"item\":\"https:\\\/\\\/www.salzburgerland.com\\\/de\\\/magazin\\\/\"},{\"@type\":\"ListItem\",\"position\":2,\"name\":\"Outdoor &amp; Sport\",\"item\":\"https:\\\/\\\/www.salzburgerland.com\\\/de\\\/magazin\\\/thema\\\/outdoor-sport\\\/\"},{\"@type\":\"ListItem\",\"position\":3,\"name\":\"Maurachhof &amp; Maurachalm in Gro\u00dfarl\"}]},{\"@type\":\"WebSite\",\"@id\":\"https:\\\/\\\/www.salzburgerland.com\\\/de\\\/magazin\\\/#website\",\"url\":\"https:\\\/\\\/www.salzburgerland.com\\\/de\\\/magazin\\\/\",\"name\":\"SalzburgerLand Magazin\",\"description\":\"Geschichten und Interessantes aus dem SalzburgerLand\",\"publisher\":{\"@id\":\"https:\\\/\\\/www.salzburgerland.com\\\/de\\\/magazin\\\/#organization\"},\"potentialAction\":[{\"@type\":\"SearchAction\",\"target\":{\"@type\":\"EntryPoint\",\"urlTemplate\":\"https:\\\/\\\/www.salzburgerland.com\\\/de\\\/magazin\\\/?s={search_term_string}\"},\"query-input\":{\"@type\":\"PropertyValueSpecification\",\"valueRequired\":true,\"valueName\":\"search_term_string\"}}],\"inLanguage\":\"de\"},{\"@type\":\"Organization\",\"@id\":\"https:\\\/\\\/www.salzburgerland.com\\\/de\\\/magazin\\\/#organization\",\"name\":\"SalzburgerLand Tourismus\",\"url\":\"https:\\\/\\\/www.salzburgerland.com\\\/de\\\/magazin\\\/\",\"logo\":{\"@type\":\"ImageObject\",\"inLanguage\":\"de\",\"@id\":\"https:\\\/\\\/www.salzburgerland.com\\\/de\\\/magazin\\\/#\\\/schema\\\/logo\\\/image\\\/\",\"url\":\"https:\\\/\\\/www.salzburgerland.com\\\/de\\\/magazin\\\/wp-content\\\/uploads\\\/2019\\\/06\\\/salzburgerland-logo1.jpg\",\"contentUrl\":\"https:\\\/\\\/www.salzburgerland.com\\\/de\\\/magazin\\\/wp-content\\\/uploads\\\/2019\\\/06\\\/salzburgerland-logo1.jpg\",\"width\":2011,\"height\":866,\"caption\":\"SalzburgerLand Tourismus\"},\"image\":{\"@id\":\"https:\\\/\\\/www.salzburgerland.com\\\/de\\\/magazin\\\/#\\\/schema\\\/logo\\\/image\\\/\"},\"sameAs\":[\"https:\\\/\\\/www.facebook.com\\\/salzburgerland\\\/\",\"https:\\\/\\\/x.com\\\/Salzburgerland\",\"https:\\\/\\\/www.instagram.com\\\/salzburgerland\\\/\",\"https:\\\/\\\/at.linkedin.com\\\/company\\\/salzburgerland-tourismus-gmbh\",\"https:\\\/\\\/www.pinterest.at\\\/salzburgerland\\\/\",\"https:\\\/\\\/www.youtube.com\\\/user\\\/salzburgerland\",\"https:\\\/\\\/de.wikipedia.org\\\/wiki\\\/SalzburgerLand_Tourismus_GmbH\"]},{\"@type\":\"Person\",\"@id\":\"https:\\\/\\\/www.salzburgerland.com\\\/de\\\/magazin\\\/#\\\/schema\\\/person\\\/1e4d0c967a02c339e6c85f8c3f38b89a\",\"name\":\"Barbara Pirchner\",\"description\":\"Reisen sieht Barbara Pirchner als ein gro\u00dfes Geschenk. Es gibt so viele tolle M\u00f6glichkeiten, wie sie die Welt entdeckt. Und wenn sie nicht unterwegs ist, erkundet sie ihre Heimat. F\u00fcr sie ist es ihr zuhause, f\u00fcr euch der Urlaubsort. Gerne nimmt sie euch hier im Magazin mit und berichtet \u00fcber die sch\u00f6nsten Orte, die lustigsten Aktivit\u00e4ten oder die entspannendsten Momente im SalzburgerLand. Nach dem Studium und jahrelanger Erfahrung im Tourismusmarketing schreibt Barbara Pirchner jetzt f\u00fcr Tourismusbetriebe. Dosige oder Zuagroast? Eindeutig a Dosige. Geboren, aufgewachsen und wohnhaft in der Salzburger Bergwelt. Jedoch jederzeit offen, was anderes von der Welt zu sehen sowie andere Kulturen und L\u00e4nder kennenzulernen \u2013 und danach die sch\u00f6nen Kleinigkeiten in der Heimat wieder mehr wertsch\u00e4tzen zu k\u00f6nnen. Salzburger Nockerl oder Schwarzbeernocken? Bei Schwarzbeernocken kribbeln meine Geschmacksknospen. Haubenlokal oder Ab-Hof-Laden? Hm. Schwere Entscheidung. Am besten alles zu seiner Zeit. K\u00f6stliche Produkte im Ab-Hof-Laden kaufen zum selber Kochen oder sich verw\u00f6hnen lassen im Haubenlokal. Kochen, schlemmen und schnabulieren - damit kann ich mich identifizieren :) Wellness oder Mountainbike? Zuerst eine sch\u00f6ne Mountainbiketour, danach zum Entspannen in den Wellnessbereich. Alpinski, Offpist oder Skitour? Alles. Am besten auf einmal und das ganze Jahr. Als Winterm\u00e4dchen sehne ich mich nach den ersten Schnee. Und dann das ganze Programm. Dirndl oder Bustierkleid? Dirndl. Liebend gern.\",\"sameAs\":[\"https:\\\/\\\/www.barbara-pirchner.com\\\/\",\"https:\\\/\\\/www.linkedin.com\\\/in\\\/barbara-pirchner-573031120\\\/\"],\"url\":\"https:\\\/\\\/www.salzburgerland.com\\\/de\\\/magazin\\\/author\\\/barbara-pirchner\\\/\"}]}<\/script>\n<!-- \/ Yoast SEO Premium plugin. -->","yoast_head_json":{"title":"Maurachhof & Maurachalm in Gro\u00dfarl - SalzburgerLand Magazin","description":"Kennt ihr schon den Maurachhof und die Maurachalm in Gro\u00dfarl? Die produzieren erlesene Schn\u00e4pse, haben einen Hofladen & Alpakas. Hier lang!","robots":{"index":"index","follow":"follow","max-snippet":"max-snippet:-1","max-image-preview":"max-image-preview:large","max-video-preview":"max-video-preview:-1"},"canonical":"https:\/\/www.salzburgerland.com\/de\/magazin\/maurachhof-maurachalm-in-grossarl\/","og_locale":"de_DE","og_type":"article","og_title":"Maurachhof &amp; Maurachalm in Gro\u00dfarl","og_description":"Kennt ihr schon den Maurachhof und die Maurachalm in Gro\u00dfarl? Die produzieren erlesene Schn\u00e4pse, haben einen Hofladen & Alpakas. Hier lang!","og_url":"https:\/\/www.salzburgerland.com\/de\/magazin\/maurachhof-maurachalm-in-grossarl\/","og_site_name":"SalzburgerLand Magazin","article_publisher":"https:\/\/www.facebook.com\/salzburgerland\/","article_published_time":"2024-05-20T05:00:00+00:00","article_modified_time":"2024-05-22T04:25:16+00:00","og_image":[{"width":2560,"height":1706,"url":"https:\/\/www.salzburgerland.com\/de\/magazin\/wp-content\/uploads\/2024\/05\/Maurachhof\u00a9Unterkofler-Fotografie-130-scaled.jpg","type":"image\/jpeg"}],"author":"Barbara Pirchner","twitter_card":"summary_large_image","twitter_creator":"@Salzburgerland","twitter_site":"@Salzburgerland","twitter_misc":{"Verfasst von":"Barbara Pirchner","Gesch\u00e4tzte Lesezeit":"6\u00a0Minuten"},"schema":{"@context":"https:\/\/schema.org","@graph":[{"@type":"Article","@id":"https:\/\/www.salzburgerland.com\/de\/magazin\/maurachhof-maurachalm-in-grossarl\/#article","isPartOf":{"@id":"https:\/\/www.salzburgerland.com\/de\/magazin\/maurachhof-maurachalm-in-grossarl\/"},"author":{"name":"Barbara Pirchner","@id":"https:\/\/www.salzburgerland.com\/de\/magazin\/#\/schema\/person\/1e4d0c967a02c339e6c85f8c3f38b89a"},"headline":"Maurachhof &amp; Maurachalm in Gro\u00dfarl","datePublished":"2024-05-20T05:00:00+00:00","dateModified":"2024-05-22T04:25:16+00:00","mainEntityOfPage":{"@id":"https:\/\/www.salzburgerland.com\/de\/magazin\/maurachhof-maurachalm-in-grossarl\/"},"wordCount":563,"publisher":{"@id":"https:\/\/www.salzburgerland.com\/de\/magazin\/#organization"},"image":{"@id":"https:\/\/www.salzburgerland.com\/de\/magazin\/maurachhof-maurachalm-in-grossarl\/#primaryimage"},"thumbnailUrl":"https:\/\/www.salzburgerland.com\/de\/magazin\/wp-content\/uploads\/2024\/05\/Maurachhof\u00a9Unterkofler-Fotografie-130-scaled.jpg","keywords":["maurachalm","maurachhof"],"articleSection":["Outdoor &amp; Sport"],"inLanguage":"de"},{"@type":"WebPage","@id":"https:\/\/www.salzburgerland.com\/de\/magazin\/maurachhof-maurachalm-in-grossarl\/","url":"https:\/\/www.salzburgerland.com\/de\/magazin\/maurachhof-maurachalm-in-grossarl\/","name":"Maurachhof & Maurachalm in Gro\u00dfarl - SalzburgerLand Magazin","isPartOf":{"@id":"https:\/\/www.salzburgerland.com\/de\/magazin\/#website"},"primaryImageOfPage":{"@id":"https:\/\/www.salzburgerland.com\/de\/magazin\/maurachhof-maurachalm-in-grossarl\/#primaryimage"},"image":{"@id":"https:\/\/www.salzburgerland.com\/de\/magazin\/maurachhof-maurachalm-in-grossarl\/#primaryimage"},"thumbnailUrl":"https:\/\/www.salzburgerland.com\/de\/magazin\/wp-content\/uploads\/2024\/05\/Maurachhof\u00a9Unterkofler-Fotografie-130-scaled.jpg","datePublished":"2024-05-20T05:00:00+00:00","dateModified":"2024-05-22T04:25:16+00:00","description":"Kennt ihr schon den Maurachhof und die Maurachalm in Gro\u00dfarl? Die produzieren erlesene Schn\u00e4pse, haben einen Hofladen & Alpakas. Hier lang!","breadcrumb":{"@id":"https:\/\/www.salzburgerland.com\/de\/magazin\/maurachhof-maurachalm-in-grossarl\/#breadcrumb"},"inLanguage":"de","potentialAction":[{"@type":"ReadAction","target":["https:\/\/www.salzburgerland.com\/de\/magazin\/maurachhof-maurachalm-in-grossarl\/"]}]},{"@type":"ImageObject","inLanguage":"de","@id":"https:\/\/www.salzburgerland.com\/de\/magazin\/maurachhof-maurachalm-in-grossarl\/#primaryimage","url":"https:\/\/www.salzburgerland.com\/de\/magazin\/wp-content\/uploads\/2024\/05\/Maurachhof\u00a9Unterkofler-Fotografie-130-scaled.jpg","contentUrl":"https:\/\/www.salzburgerland.com\/de\/magazin\/wp-content\/uploads\/2024\/05\/Maurachhof\u00a9Unterkofler-Fotografie-130-scaled.jpg","width":2560,"height":1706,"caption":"Maurachalm in Gro\u00dfarl \u00a9 Leoni Unterkofler"},{"@type":"BreadcrumbList","@id":"https:\/\/www.salzburgerland.com\/de\/magazin\/maurachhof-maurachalm-in-grossarl\/#breadcrumb","itemListElement":[{"@type":"ListItem","position":1,"name":"Startseite","item":"https:\/\/www.salzburgerland.com\/de\/magazin\/"},{"@type":"ListItem","position":2,"name":"Outdoor &amp; Sport","item":"https:\/\/www.salzburgerland.com\/de\/magazin\/thema\/outdoor-sport\/"},{"@type":"ListItem","position":3,"name":"Maurachhof &amp; Maurachalm in Gro\u00dfarl"}]},{"@type":"WebSite","@id":"https:\/\/www.salzburgerland.com\/de\/magazin\/#website","url":"https:\/\/www.salzburgerland.com\/de\/magazin\/","name":"SalzburgerLand Magazin","description":"Geschichten und Interessantes aus dem SalzburgerLand","publisher":{"@id":"https:\/\/www.salzburgerland.com\/de\/magazin\/#organization"},"potentialAction":[{"@type":"SearchAction","target":{"@type":"EntryPoint","urlTemplate":"https:\/\/www.salzburgerland.com\/de\/magazin\/?s={search_term_string}"},"query-input":{"@type":"PropertyValueSpecification","valueRequired":true,"valueName":"search_term_string"}}],"inLanguage":"de"},{"@type":"Organization","@id":"https:\/\/www.salzburgerland.com\/de\/magazin\/#organization","name":"SalzburgerLand Tourismus","url":"https:\/\/www.salzburgerland.com\/de\/magazin\/","logo":{"@type":"ImageObject","inLanguage":"de","@id":"https:\/\/www.salzburgerland.com\/de\/magazin\/#\/schema\/logo\/image\/","url":"https:\/\/www.salzburgerland.com\/de\/magazin\/wp-content\/uploads\/2019\/06\/salzburgerland-logo1.jpg","contentUrl":"https:\/\/www.salzburgerland.com\/de\/magazin\/wp-content\/uploads\/2019\/06\/salzburgerland-logo1.jpg","width":2011,"height":866,"caption":"SalzburgerLand Tourismus"},"image":{"@id":"https:\/\/www.salzburgerland.com\/de\/magazin\/#\/schema\/logo\/image\/"},"sameAs":["https:\/\/www.facebook.com\/salzburgerland\/","https:\/\/x.com\/Salzburgerland","https:\/\/www.instagram.com\/salzburgerland\/","https:\/\/at.linkedin.com\/company\/salzburgerland-tourismus-gmbh","https:\/\/www.pinterest.at\/salzburgerland\/","https:\/\/www.youtube.com\/user\/salzburgerland","https:\/\/de.wikipedia.org\/wiki\/SalzburgerLand_Tourismus_GmbH"]},{"@type":"Person","@id":"https:\/\/www.salzburgerland.com\/de\/magazin\/#\/schema\/person\/1e4d0c967a02c339e6c85f8c3f38b89a","name":"Barbara Pirchner","description":"Reisen sieht Barbara Pirchner als ein gro\u00dfes Geschenk. Es gibt so viele tolle M\u00f6glichkeiten, wie sie die Welt entdeckt. Und wenn sie nicht unterwegs ist, erkundet sie ihre Heimat. F\u00fcr sie ist es ihr zuhause, f\u00fcr euch der Urlaubsort. Gerne nimmt sie euch hier im Magazin mit und berichtet \u00fcber die sch\u00f6nsten Orte, die lustigsten Aktivit\u00e4ten oder die entspannendsten Momente im SalzburgerLand. Nach dem Studium und jahrelanger Erfahrung im Tourismusmarketing schreibt Barbara Pirchner jetzt f\u00fcr Tourismusbetriebe. Dosige oder Zuagroast? Eindeutig a Dosige. Geboren, aufgewachsen und wohnhaft in der Salzburger Bergwelt. Jedoch jederzeit offen, was anderes von der Welt zu sehen sowie andere Kulturen und L\u00e4nder kennenzulernen \u2013 und danach die sch\u00f6nen Kleinigkeiten in der Heimat wieder mehr wertsch\u00e4tzen zu k\u00f6nnen. Salzburger Nockerl oder Schwarzbeernocken? Bei Schwarzbeernocken kribbeln meine Geschmacksknospen. Haubenlokal oder Ab-Hof-Laden? Hm. Schwere Entscheidung. Am besten alles zu seiner Zeit. K\u00f6stliche Produkte im Ab-Hof-Laden kaufen zum selber Kochen oder sich verw\u00f6hnen lassen im Haubenlokal. Kochen, schlemmen und schnabulieren - damit kann ich mich identifizieren :) Wellness oder Mountainbike? Zuerst eine sch\u00f6ne Mountainbiketour, danach zum Entspannen in den Wellnessbereich. Alpinski, Offpist oder Skitour? Alles. Am besten auf einmal und das ganze Jahr. Als Winterm\u00e4dchen sehne ich mich nach den ersten Schnee. Und dann das ganze Programm. Dirndl oder Bustierkleid? Dirndl. Liebend gern.","sameAs":["https:\/\/www.barbara-pirchner.com\/","https:\/\/www.linkedin.com\/in\/barbara-pirchner-573031120\/"],"url":"https:\/\/www.salzburgerland.com\/de\/magazin\/author\/barbara-pirchner\/"}]}},"_wl_alt_label":[],"wl:entity_url":"http:\/\/open.salzburgerland.com\/magazin\/post\/maurachhof-maurachalm-in-grossarl","_links":{"self":[{"href":"https:\/\/www.salzburgerland.com\/de\/magazin\/wp-json\/wp\/v2\/posts\/176839","targetHints":{"allow":["GET"]}}],"collection":[{"href":"https:\/\/www.salzburgerland.com\/de\/magazin\/wp-json\/wp\/v2\/posts"}],"about":[{"href":"https:\/\/www.salzburgerland.com\/de\/magazin\/wp-json\/wp\/v2\/types\/post"}],"author":[{"embeddable":true,"href":"https:\/\/www.salzburgerland.com\/de\/magazin\/wp-json\/wp\/v2\/users\/564"}],"replies":[{"embeddable":true,"href":"https:\/\/www.salzburgerland.com\/de\/magazin\/wp-json\/wp\/v2\/comments?post=176839"}],"version-history":[{"count":5,"href":"https:\/\/www.salzburgerland.com\/de\/magazin\/wp-json\/wp\/v2\/posts\/176839\/revisions"}],"predecessor-version":[{"id":177164,"href":"https:\/\/www.salzburgerland.com\/de\/magazin\/wp-json\/wp\/v2\/posts\/176839\/revisions\/177164"}],"wp:featuredmedia":[{"embeddable":true,"href":"https:\/\/www.salzburgerland.com\/de\/magazin\/wp-json\/wp\/v2\/media\/176966"}],"wp:attachment":[{"href":"https:\/\/www.salzburgerland.com\/de\/magazin\/wp-json\/wp\/v2\/media?parent=176839"}],"wp:term":[{"taxonomy":"category","embeddable":true,"href":"https:\/\/www.salzburgerland.com\/de\/magazin\/wp-json\/wp\/v2\/categories?post=176839"},{"taxonomy":"post_tag","embeddable":true,"href":"https:\/\/www.salzburgerland.com\/de\/magazin\/wp-json\/wp\/v2\/tags?post=176839"},{"taxonomy":"wl_entity_type","embeddable":true,"href":"https:\/\/www.salzburgerland.com\/de\/magazin\/wp-json\/wp\/v2\/wl_entity_type?post=176839"},{"taxonomy":"monatsauswahl","embeddable":true,"href":"https:\/\/www.salzburgerland.com\/de\/magazin\/wp-json\/wp\/v2\/monatsauswahl?post=176839"}],"curies":[{"name":"wp","href":"https:\/\/api.w.org\/{rel}","templated":true}]}}