{"id":175879,"date":"2024-03-28T07:00:00","date_gmt":"2024-03-28T06:00:00","guid":{"rendered":"https:\/\/www.salzburgerland.com\/de\/magazin\/?p=175879"},"modified":"2024-04-02T10:44:17","modified_gmt":"2024-04-02T08:44:17","slug":"garnelen-aus-dem-salzburgerland","status":"publish","type":"post","link":"https:\/\/www.salzburgerland.com\/de\/magazin\/garnelen-aus-dem-salzburgerland\/","title":{"rendered":"Garnelen aus dem SalzburgerLand"},"content":{"rendered":"\n<div class=\"wp-block-slt-top topBlocks\">\n<h2 class=\"wp-block-slt-subtitle\">Frisch und nachhaltig<\/h2>\n\n\n\n<p class=\"wp-block-slt-intro\">Garnelen kommen oft aus verschiedenen Ecken der Erde. Nicht so im SalzburgerLand. Da kommen die Tiere aus riesigen Salzwasserbecken in Bergheim und sie bestechen durch beste Qualit\u00e4t.<\/p>\n<\/div>\n\n\n\n<p>Wer an leckere Garnelen denkt, dem fallen sofort L\u00e4nder wie Thailand, Indonesien oder Ecuador ein. Dort werden die Tiere massenweise gez\u00fcchtet und mit dem Schiff \u00fcber tausende Kilometern nach Europa und \u00d6sterreich gebracht. Nicht so die Garnelen von Thomas Praniess und Lorenz H\u00f6ller. Die beiden Salzburger kennen sich schon seit Kindheitstagen und teilen sich ein gemeinsames Hobby: das Fischen. So wurde auch bald klar, dass sie ihre Leidenschaft zum Beruf machen wollen. Zun\u00e4chst stand die Zucht von Zander auf dem Business-Plan. Doch dieser wurde von den beiden schnell verworfen. So kamen sie schlussendlich auf die Garnelen. Der Bedarf ist gro\u00df. In \u00d6sterreich werden gesch\u00e4tzt 3000 Tonnen Garnelen konsumiert. Nur 120 Tonnen werden im Land gez\u00fcchtet, der Rest kommt aus dem Ausland.<\/p>\n\n\n\n<h2 class=\"wp-block-heading\" id=\"h-nachhaltig-und-frei-von-antibiotika\">Nachhaltig und frei von Antibiotika<\/h2>\n\n\n\n<p>In den Kellerr\u00e4umen des Handelszentrums 16 in Bergheim haben die beiden ihre <a href=\"http:\/\/salzburggarnelen.at\" target=\"_blank\" rel=\"noreferrer noopener\">Garnelen-Zucht<\/a> eingerichtet. 150.000 Liter Wasser flie\u00dfen durch die Becken und versorgen die Garnelen mit N\u00e4hrstoffen und frischem Salzwasser. Dabei ist das Filter- und Heizungssystem gut ausget\u00fcftelt. Die Heizung wird durch die Abw\u00e4rme der Klimaanlagen versorgt, der Wasserkreislauf ist so konzipiert, dass die Pumpen nur wenig zum Einsatz kommen. 140.000 Garnelen befinden sich in den Becken. In vier Monaten haben sie ein Gewicht von ca. 35 Gramm und sind f\u00fcr den Verzehr fertig. Der Unterschied zu Garnelen aus dem K\u00fchlfach ist schnell zu erkennen. Die Garnelen aus Bergheim sind blau und haben nicht den Geruch nach Fisch. \u201eFrische Garnelen haben keinen Geruch. Unsere Garnelen k\u00f6nnen auch roh ohne Bedenken verzehrt werden\u201c, so Thomas Praniess.<\/p>\n\n\n\n<figure class=\"wp-block-image size-full\"><img loading=\"lazy\" decoding=\"async\" width=\"1600\" height=\"1066\" src=\"https:\/\/www.salzburgerland.com\/de\/magazin\/wp-content\/uploads\/2024\/03\/PHOTO-2024-01-16-21-31-06.jpg\" alt=\"Drei l\u00e4chelnde M\u00e4nner stehen in einem Haus, zwei von ihnen halten eine Geschenkbox, die f\u00fcr Garnelenzucht aus Salzburg wirbt.\" class=\"wp-image-175881\" srcset=\"https:\/\/www.salzburgerland.com\/de\/magazin\/wp-content\/uploads\/2024\/03\/PHOTO-2024-01-16-21-31-06.jpg 1600w, https:\/\/www.salzburgerland.com\/de\/magazin\/wp-content\/uploads\/2024\/03\/PHOTO-2024-01-16-21-31-06-300x200.jpg 300w, https:\/\/www.salzburgerland.com\/de\/magazin\/wp-content\/uploads\/2024\/03\/PHOTO-2024-01-16-21-31-06-1536x1023.jpg 1536w, https:\/\/www.salzburgerland.com\/de\/magazin\/wp-content\/uploads\/2024\/03\/PHOTO-2024-01-16-21-31-06-826x550.jpg 826w, https:\/\/www.salzburgerland.com\/de\/magazin\/wp-content\/uploads\/2024\/03\/PHOTO-2024-01-16-21-31-06-600x400.jpg 600w, https:\/\/www.salzburgerland.com\/de\/magazin\/wp-content\/uploads\/2024\/03\/PHOTO-2024-01-16-21-31-06-1320x879.jpg 1320w, https:\/\/www.salzburgerland.com\/de\/magazin\/wp-content\/uploads\/2024\/03\/PHOTO-2024-01-16-21-31-06-150x100.jpg 150w\" sizes=\"auto, (max-width: 1600px) 100vw, 1600px\" \/><figcaption class=\"wp-element-caption\">Die beiden Garnelenz\u00fcchter mit ihrem Investor. \u00a9Praniess.<\/figcaption><\/figure>\n\n\n\n<h2 class=\"wp-block-heading\" id=\"h-viel-auf-markten-aktiv\">Viel auf M\u00e4rkten aktiv<\/h2>\n\n\n\n<p>Ohne Investor w\u00e4re das Projekt nicht m\u00f6glich gewesen. Mehrere hunderttausende Euro stecken in den Anlagen. Die beiden sind zuversichtlich, dass sich die Investition lohnt. Sie sind schon mit mehreren Restaurants im Gesch\u00e4ft und auf den Wochenm\u00e4rkten pr\u00e4sent. Seit kurzem k\u00f6nnen die Garnelen auch jeden Donnerstag auf der Schranne gekostet und gekauft werden.<\/p>\n\n\n\n<figure class=\"wp-block-image size-full\"><img loading=\"lazy\" decoding=\"async\" width=\"8192\" height=\"5464\" src=\"https:\/\/www.salzburgerland.com\/de\/magazin\/wp-content\/uploads\/2024\/03\/MA_1334.jpg\" alt=\"Zw\u00f6lf rohe blaue Garnelen von Garnelenzucht aus Salzburg mit nachhaltigem Konzept auf Eisw\u00fcrfeln angerichtet.\" class=\"wp-image-175882\" srcset=\"https:\/\/www.salzburgerland.com\/de\/magazin\/wp-content\/uploads\/2024\/03\/MA_1334.jpg 8192w, https:\/\/www.salzburgerland.com\/de\/magazin\/wp-content\/uploads\/2024\/03\/MA_1334-300x200.jpg 300w, https:\/\/www.salzburgerland.com\/de\/magazin\/wp-content\/uploads\/2024\/03\/MA_1334-1536x1025.jpg 1536w, https:\/\/www.salzburgerland.com\/de\/magazin\/wp-content\/uploads\/2024\/03\/MA_1334-825x550.jpg 825w, https:\/\/www.salzburgerland.com\/de\/magazin\/wp-content\/uploads\/2024\/03\/MA_1334-600x400.jpg 600w, https:\/\/www.salzburgerland.com\/de\/magazin\/wp-content\/uploads\/2024\/03\/MA_1334-1320x880.jpg 1320w, https:\/\/www.salzburgerland.com\/de\/magazin\/wp-content\/uploads\/2024\/03\/MA_1334-150x100.jpg 150w\" sizes=\"auto, (max-width: 8192px) 100vw, 8192px\" \/><figcaption class=\"wp-element-caption\">Die Garnelen gibt es in verschiedenen Mengen frisch aus den Salzwasserbecken. \u00a9heikomandl.at<\/figcaption><\/figure>\n\n\n\n<p>Auch vor Ort im <a href=\"https:\/\/www.handelszentrum16.at\/\">Handelszentrum 16 Bergheim<\/a> k\u00f6nnen die frischen Garnelen abgeholt werden. Thomas und Lorenz stehen aber auch auf verschiedenen Wochenm\u00e4rkten:<\/p>\n\n\n\n<ul class=\"wp-block-list\">\n<li>Freitag von 15:00 bis 19:00 Uhr Wochenmarkt Thalgau<\/li>\n\n\n\n<li>Samstag von 08:00 bis 12:00 Uhr am Oberndorfer Wochenmarkt<\/li>\n\n\n\n<li>Donnerstag auf der <a href=\"https:\/\/www.salzburgschmeckt.at\/marktplatz\/maerkte\/test-salzburger-schranne\" target=\"_blank\" rel=\"noreferrer noopener\">Schranne<\/a>.<\/li>\n<\/ul>\n\n\n\n<p>Mehr Infos gibt es auch auf ihrer Website: <a href=\"http:\/\/www.salzburggarnelen.at\" target=\"_blank\" rel=\"noreferrer noopener\">www.salzburggarnelen.at<\/a><\/p>\n","protected":false},"excerpt":{"rendered":"<p>Wer an leckere Garnelen denkt, dem fallen sofort L\u00e4nder wie Thailand, Indonesien oder Ecuador ein. Dort werden die Tiere massenweise gez\u00fcchtet und mit dem Schiff \u00fcber tausende Kilometern nach Europa und \u00d6sterreich gebracht. Nicht so die Garnelen von Thomas Praniess und Lorenz H\u00f6ller. Die beiden Salzburger kennen sich schon seit Kindheitstagen und teilen sich ein [&hellip;]<\/p>\n","protected":false},"author":10,"featured_media":175880,"comment_status":"closed","ping_status":"closed","sticky":false,"template":"","format":"standard","meta":{"_acf_changed":false,"wl_entities_gutenberg":"","_wl_entity_redirect_enabled":"","footnotes":""},"categories":[3],"tags":[5564,7773,2002,6951,5617,7774],"wl_entity_type":[306],"monatsauswahl":[82,83,84,85,86,87,88,89,90,91,92,93],"class_list":["post-175879","post","type-post","status-publish","format-standard","has-post-thumbnail","hentry","category-essen-trinken","tag-bio","tag-garnelen","tag-kulinarik","tag-nachhaltig","tag-salzburg","tag-zucht","wl_entity_type-article","monatsauswahl-monat_1","monatsauswahl-monat_2","monatsauswahl-monat_3","monatsauswahl-monat_4","monatsauswahl-monat_5","monatsauswahl-monat_6","monatsauswahl-monat_7","monatsauswahl-monat_8","monatsauswahl-monat_9","monatsauswahl-monat_10","monatsauswahl-monat_11","monatsauswahl-monat_12"],"acf":[],"yoast_head":"<!-- This site is optimized with the Yoast SEO Premium plugin v27.4 (Yoast SEO v27.4) - https:\/\/yoast.com\/product\/yoast-seo-premium-wordpress\/ -->\n<title>Garnelen aus dem SalzburgerLand - SalzburgerLand Magazin<\/title>\n<meta name=\"robots\" content=\"index, follow, max-snippet:-1, max-image-preview:large, max-video-preview:-1\" \/>\n<link rel=\"canonical\" href=\"https:\/\/www.salzburgerland.com\/de\/magazin\/garnelen-aus-dem-salzburgerland\/\" \/>\n<meta property=\"og:locale\" content=\"de_DE\" \/>\n<meta property=\"og:type\" content=\"article\" \/>\n<meta property=\"og:title\" content=\"Garnelen aus dem SalzburgerLand\" \/>\n<meta property=\"og:description\" content=\"Wer an leckere Garnelen denkt, dem fallen sofort L\u00e4nder wie Thailand, Indonesien oder Ecuador ein. Dort werden die Tiere massenweise gez\u00fcchtet und mit dem Schiff \u00fcber tausende Kilometern nach Europa und \u00d6sterreich gebracht. Nicht so die Garnelen von Thomas Praniess und Lorenz H\u00f6ller. Die beiden Salzburger kennen sich schon seit Kindheitstagen und teilen sich ein [&hellip;]\" \/>\n<meta property=\"og:url\" content=\"https:\/\/www.salzburgerland.com\/de\/magazin\/garnelen-aus-dem-salzburgerland\/\" \/>\n<meta property=\"og:site_name\" content=\"SalzburgerLand Magazin\" \/>\n<meta property=\"article:publisher\" content=\"https:\/\/www.facebook.com\/salzburgerland\/\" \/>\n<meta property=\"article:published_time\" content=\"2024-03-28T06:00:00+00:00\" \/>\n<meta property=\"article:modified_time\" content=\"2024-04-02T08:44:17+00:00\" \/>\n<meta property=\"og:image\" content=\"https:\/\/www.salzburgerland.com\/de\/magazin\/wp-content\/uploads\/2024\/03\/A24_9197.jpg\" \/>\n\t<meta property=\"og:image:width\" content=\"1772\" \/>\n\t<meta property=\"og:image:height\" content=\"1181\" \/>\n\t<meta property=\"og:image:type\" content=\"image\/jpeg\" \/>\n<meta name=\"author\" content=\"Heiko Mandl\" \/>\n<meta name=\"twitter:card\" content=\"summary_large_image\" \/>\n<meta name=\"twitter:creator\" content=\"@Salzburgerland\" \/>\n<meta name=\"twitter:site\" content=\"@Salzburgerland\" \/>\n<meta name=\"twitter:label1\" content=\"Verfasst von\" \/>\n\t<meta name=\"twitter:data1\" content=\"Heiko Mandl\" \/>\n\t<meta name=\"twitter:label2\" content=\"Gesch\u00e4tzte Lesezeit\" \/>\n\t<meta name=\"twitter:data2\" content=\"3\u00a0Minuten\" \/>\n<script type=\"application\/ld+json\" class=\"yoast-schema-graph\">{\"@context\":\"https:\\\/\\\/schema.org\",\"@graph\":[{\"@type\":\"Article\",\"@id\":\"https:\\\/\\\/www.salzburgerland.com\\\/de\\\/magazin\\\/garnelen-aus-dem-salzburgerland\\\/#article\",\"isPartOf\":{\"@id\":\"https:\\\/\\\/www.salzburgerland.com\\\/de\\\/magazin\\\/garnelen-aus-dem-salzburgerland\\\/\"},\"author\":{\"name\":\"Heiko Mandl\",\"@id\":\"https:\\\/\\\/www.salzburgerland.com\\\/de\\\/magazin\\\/#\\\/schema\\\/person\\\/8871c7c764fce6ea66752310e7fe9e98\"},\"headline\":\"Garnelen aus dem SalzburgerLand\",\"datePublished\":\"2024-03-28T06:00:00+00:00\",\"dateModified\":\"2024-04-02T08:44:17+00:00\",\"mainEntityOfPage\":{\"@id\":\"https:\\\/\\\/www.salzburgerland.com\\\/de\\\/magazin\\\/garnelen-aus-dem-salzburgerland\\\/\"},\"wordCount\":429,\"publisher\":{\"@id\":\"https:\\\/\\\/www.salzburgerland.com\\\/de\\\/magazin\\\/#organization\"},\"image\":{\"@id\":\"https:\\\/\\\/www.salzburgerland.com\\\/de\\\/magazin\\\/garnelen-aus-dem-salzburgerland\\\/#primaryimage\"},\"thumbnailUrl\":\"https:\\\/\\\/www.salzburgerland.com\\\/de\\\/magazin\\\/wp-content\\\/uploads\\\/2024\\\/03\\\/A24_9197.jpg\",\"keywords\":[\"bio\",\"Garnelen\",\"Kulinarik\",\"Nachhaltig\",\"Salzburg\",\"Zucht\"],\"articleSection\":[\"Essen &amp; Trinken\"],\"inLanguage\":\"de\"},{\"@type\":\"WebPage\",\"@id\":\"https:\\\/\\\/www.salzburgerland.com\\\/de\\\/magazin\\\/garnelen-aus-dem-salzburgerland\\\/\",\"url\":\"https:\\\/\\\/www.salzburgerland.com\\\/de\\\/magazin\\\/garnelen-aus-dem-salzburgerland\\\/\",\"name\":\"Garnelen aus dem SalzburgerLand - SalzburgerLand Magazin\",\"isPartOf\":{\"@id\":\"https:\\\/\\\/www.salzburgerland.com\\\/de\\\/magazin\\\/#website\"},\"primaryImageOfPage\":{\"@id\":\"https:\\\/\\\/www.salzburgerland.com\\\/de\\\/magazin\\\/garnelen-aus-dem-salzburgerland\\\/#primaryimage\"},\"image\":{\"@id\":\"https:\\\/\\\/www.salzburgerland.com\\\/de\\\/magazin\\\/garnelen-aus-dem-salzburgerland\\\/#primaryimage\"},\"thumbnailUrl\":\"https:\\\/\\\/www.salzburgerland.com\\\/de\\\/magazin\\\/wp-content\\\/uploads\\\/2024\\\/03\\\/A24_9197.jpg\",\"datePublished\":\"2024-03-28T06:00:00+00:00\",\"dateModified\":\"2024-04-02T08:44:17+00:00\",\"breadcrumb\":{\"@id\":\"https:\\\/\\\/www.salzburgerland.com\\\/de\\\/magazin\\\/garnelen-aus-dem-salzburgerland\\\/#breadcrumb\"},\"inLanguage\":\"de\",\"potentialAction\":[{\"@type\":\"ReadAction\",\"target\":[\"https:\\\/\\\/www.salzburgerland.com\\\/de\\\/magazin\\\/garnelen-aus-dem-salzburgerland\\\/\"]}]},{\"@type\":\"ImageObject\",\"inLanguage\":\"de\",\"@id\":\"https:\\\/\\\/www.salzburgerland.com\\\/de\\\/magazin\\\/garnelen-aus-dem-salzburgerland\\\/#primaryimage\",\"url\":\"https:\\\/\\\/www.salzburgerland.com\\\/de\\\/magazin\\\/wp-content\\\/uploads\\\/2024\\\/03\\\/A24_9197.jpg\",\"contentUrl\":\"https:\\\/\\\/www.salzburgerland.com\\\/de\\\/magazin\\\/wp-content\\\/uploads\\\/2024\\\/03\\\/A24_9197.jpg\",\"width\":1772,\"height\":1181,\"caption\":\"Eine blaue Garnele von Garnelenzucht aus Salzburg mit nachhaltigem Konzept auf Eis vor schwarzem Hintergrund.\"},{\"@type\":\"BreadcrumbList\",\"@id\":\"https:\\\/\\\/www.salzburgerland.com\\\/de\\\/magazin\\\/garnelen-aus-dem-salzburgerland\\\/#breadcrumb\",\"itemListElement\":[{\"@type\":\"ListItem\",\"position\":1,\"name\":\"Startseite\",\"item\":\"https:\\\/\\\/www.salzburgerland.com\\\/de\\\/magazin\\\/\"},{\"@type\":\"ListItem\",\"position\":2,\"name\":\"Essen &amp; Trinken\",\"item\":\"https:\\\/\\\/www.salzburgerland.com\\\/de\\\/magazin\\\/thema\\\/essen-trinken\\\/\"},{\"@type\":\"ListItem\",\"position\":3,\"name\":\"Garnelen aus dem SalzburgerLand\"}]},{\"@type\":\"WebSite\",\"@id\":\"https:\\\/\\\/www.salzburgerland.com\\\/de\\\/magazin\\\/#website\",\"url\":\"https:\\\/\\\/www.salzburgerland.com\\\/de\\\/magazin\\\/\",\"name\":\"SalzburgerLand Magazin\",\"description\":\"Geschichten und Interessantes aus dem SalzburgerLand\",\"publisher\":{\"@id\":\"https:\\\/\\\/www.salzburgerland.com\\\/de\\\/magazin\\\/#organization\"},\"potentialAction\":[{\"@type\":\"SearchAction\",\"target\":{\"@type\":\"EntryPoint\",\"urlTemplate\":\"https:\\\/\\\/www.salzburgerland.com\\\/de\\\/magazin\\\/?s={search_term_string}\"},\"query-input\":{\"@type\":\"PropertyValueSpecification\",\"valueRequired\":true,\"valueName\":\"search_term_string\"}}],\"inLanguage\":\"de\"},{\"@type\":\"Organization\",\"@id\":\"https:\\\/\\\/www.salzburgerland.com\\\/de\\\/magazin\\\/#organization\",\"name\":\"SalzburgerLand Tourismus\",\"url\":\"https:\\\/\\\/www.salzburgerland.com\\\/de\\\/magazin\\\/\",\"logo\":{\"@type\":\"ImageObject\",\"inLanguage\":\"de\",\"@id\":\"https:\\\/\\\/www.salzburgerland.com\\\/de\\\/magazin\\\/#\\\/schema\\\/logo\\\/image\\\/\",\"url\":\"https:\\\/\\\/www.salzburgerland.com\\\/de\\\/magazin\\\/wp-content\\\/uploads\\\/2019\\\/06\\\/salzburgerland-logo1.jpg\",\"contentUrl\":\"https:\\\/\\\/www.salzburgerland.com\\\/de\\\/magazin\\\/wp-content\\\/uploads\\\/2019\\\/06\\\/salzburgerland-logo1.jpg\",\"width\":2011,\"height\":866,\"caption\":\"SalzburgerLand Tourismus\"},\"image\":{\"@id\":\"https:\\\/\\\/www.salzburgerland.com\\\/de\\\/magazin\\\/#\\\/schema\\\/logo\\\/image\\\/\"},\"sameAs\":[\"https:\\\/\\\/www.facebook.com\\\/salzburgerland\\\/\",\"https:\\\/\\\/x.com\\\/Salzburgerland\",\"https:\\\/\\\/www.instagram.com\\\/salzburgerland\\\/\",\"https:\\\/\\\/at.linkedin.com\\\/company\\\/salzburgerland-tourismus-gmbh\",\"https:\\\/\\\/www.pinterest.at\\\/salzburgerland\\\/\",\"https:\\\/\\\/www.youtube.com\\\/user\\\/salzburgerland\",\"https:\\\/\\\/de.wikipedia.org\\\/wiki\\\/SalzburgerLand_Tourismus_GmbH\"]},{\"@type\":\"Person\",\"@id\":\"https:\\\/\\\/www.salzburgerland.com\\\/de\\\/magazin\\\/#\\\/schema\\\/person\\\/8871c7c764fce6ea66752310e7fe9e98\",\"name\":\"Heiko Mandl\",\"description\":\"Heiko Mandl, geboren 1976 in Salzburg, ist durch den Journalismus zur Fotografie gekommen und ist seit zehn Jahren als selbstst\u00e4ndiger Fotograf und Autor in Salzburg t\u00e4tig. Schon von Kindheit an haben ihn die Berge vor seiner Haust\u00fcr fasziniert. Heute z\u00e4hlen sie unter anderem zu seinem Arbeitsplatz. Er arbeitet f\u00fcr internationale Outdoor- und Reisemagazine sowie zahlreiche Firmen und Agenturen. Luxushotel oder Almh\u00fctte: Ich kann beides genie\u00dfen und ich gehe das nach dem Motto: Alles zur richtigen Zeit und zur passenden Gelegenheit an. Wandern oder Laufen: Auf jeden Fall wandern, ist gem\u00fctlicher und man kann sich mehr auf die Umgebung konzentrieren. Golfplatz oder Klettergarten: Klettergarten, zumindest noch die n\u00e4chsten 20 Jahre. Fr\u00fchling, sommer, herbst oder Winter? Fr\u00fchling und Sommer und Herbst und Winter! Im SalzburgerLand ist es das ganze Jahr traumhaft sch\u00f6n. Wellness oder Mountainbike? Zuerst eine Runde mit dem Mountainbike und dann ab in den Wellnesstempel. Das eine schlie\u00dft das andere nicht aus!\",\"url\":\"https:\\\/\\\/www.salzburgerland.com\\\/de\\\/magazin\\\/author\\\/heiko-mandl\\\/\"}]}<\/script>\n<!-- \/ Yoast SEO Premium plugin. -->","yoast_head_json":{"title":"Garnelen aus dem SalzburgerLand - SalzburgerLand Magazin","robots":{"index":"index","follow":"follow","max-snippet":"max-snippet:-1","max-image-preview":"max-image-preview:large","max-video-preview":"max-video-preview:-1"},"canonical":"https:\/\/www.salzburgerland.com\/de\/magazin\/garnelen-aus-dem-salzburgerland\/","og_locale":"de_DE","og_type":"article","og_title":"Garnelen aus dem SalzburgerLand","og_description":"Wer an leckere Garnelen denkt, dem fallen sofort L\u00e4nder wie Thailand, Indonesien oder Ecuador ein. Dort werden die Tiere massenweise gez\u00fcchtet und mit dem Schiff \u00fcber tausende Kilometern nach Europa und \u00d6sterreich gebracht. Nicht so die Garnelen von Thomas Praniess und Lorenz H\u00f6ller. Die beiden Salzburger kennen sich schon seit Kindheitstagen und teilen sich ein [&hellip;]","og_url":"https:\/\/www.salzburgerland.com\/de\/magazin\/garnelen-aus-dem-salzburgerland\/","og_site_name":"SalzburgerLand Magazin","article_publisher":"https:\/\/www.facebook.com\/salzburgerland\/","article_published_time":"2024-03-28T06:00:00+00:00","article_modified_time":"2024-04-02T08:44:17+00:00","og_image":[{"width":1772,"height":1181,"url":"https:\/\/www.salzburgerland.com\/de\/magazin\/wp-content\/uploads\/2024\/03\/A24_9197.jpg","type":"image\/jpeg"}],"author":"Heiko Mandl","twitter_card":"summary_large_image","twitter_creator":"@Salzburgerland","twitter_site":"@Salzburgerland","twitter_misc":{"Verfasst von":"Heiko Mandl","Gesch\u00e4tzte Lesezeit":"3\u00a0Minuten"},"schema":{"@context":"https:\/\/schema.org","@graph":[{"@type":"Article","@id":"https:\/\/www.salzburgerland.com\/de\/magazin\/garnelen-aus-dem-salzburgerland\/#article","isPartOf":{"@id":"https:\/\/www.salzburgerland.com\/de\/magazin\/garnelen-aus-dem-salzburgerland\/"},"author":{"name":"Heiko Mandl","@id":"https:\/\/www.salzburgerland.com\/de\/magazin\/#\/schema\/person\/8871c7c764fce6ea66752310e7fe9e98"},"headline":"Garnelen aus dem SalzburgerLand","datePublished":"2024-03-28T06:00:00+00:00","dateModified":"2024-04-02T08:44:17+00:00","mainEntityOfPage":{"@id":"https:\/\/www.salzburgerland.com\/de\/magazin\/garnelen-aus-dem-salzburgerland\/"},"wordCount":429,"publisher":{"@id":"https:\/\/www.salzburgerland.com\/de\/magazin\/#organization"},"image":{"@id":"https:\/\/www.salzburgerland.com\/de\/magazin\/garnelen-aus-dem-salzburgerland\/#primaryimage"},"thumbnailUrl":"https:\/\/www.salzburgerland.com\/de\/magazin\/wp-content\/uploads\/2024\/03\/A24_9197.jpg","keywords":["bio","Garnelen","Kulinarik","Nachhaltig","Salzburg","Zucht"],"articleSection":["Essen &amp; Trinken"],"inLanguage":"de"},{"@type":"WebPage","@id":"https:\/\/www.salzburgerland.com\/de\/magazin\/garnelen-aus-dem-salzburgerland\/","url":"https:\/\/www.salzburgerland.com\/de\/magazin\/garnelen-aus-dem-salzburgerland\/","name":"Garnelen aus dem SalzburgerLand - SalzburgerLand Magazin","isPartOf":{"@id":"https:\/\/www.salzburgerland.com\/de\/magazin\/#website"},"primaryImageOfPage":{"@id":"https:\/\/www.salzburgerland.com\/de\/magazin\/garnelen-aus-dem-salzburgerland\/#primaryimage"},"image":{"@id":"https:\/\/www.salzburgerland.com\/de\/magazin\/garnelen-aus-dem-salzburgerland\/#primaryimage"},"thumbnailUrl":"https:\/\/www.salzburgerland.com\/de\/magazin\/wp-content\/uploads\/2024\/03\/A24_9197.jpg","datePublished":"2024-03-28T06:00:00+00:00","dateModified":"2024-04-02T08:44:17+00:00","breadcrumb":{"@id":"https:\/\/www.salzburgerland.com\/de\/magazin\/garnelen-aus-dem-salzburgerland\/#breadcrumb"},"inLanguage":"de","potentialAction":[{"@type":"ReadAction","target":["https:\/\/www.salzburgerland.com\/de\/magazin\/garnelen-aus-dem-salzburgerland\/"]}]},{"@type":"ImageObject","inLanguage":"de","@id":"https:\/\/www.salzburgerland.com\/de\/magazin\/garnelen-aus-dem-salzburgerland\/#primaryimage","url":"https:\/\/www.salzburgerland.com\/de\/magazin\/wp-content\/uploads\/2024\/03\/A24_9197.jpg","contentUrl":"https:\/\/www.salzburgerland.com\/de\/magazin\/wp-content\/uploads\/2024\/03\/A24_9197.jpg","width":1772,"height":1181,"caption":"Eine blaue Garnele von Garnelenzucht aus Salzburg mit nachhaltigem Konzept auf Eis vor schwarzem Hintergrund."},{"@type":"BreadcrumbList","@id":"https:\/\/www.salzburgerland.com\/de\/magazin\/garnelen-aus-dem-salzburgerland\/#breadcrumb","itemListElement":[{"@type":"ListItem","position":1,"name":"Startseite","item":"https:\/\/www.salzburgerland.com\/de\/magazin\/"},{"@type":"ListItem","position":2,"name":"Essen &amp; Trinken","item":"https:\/\/www.salzburgerland.com\/de\/magazin\/thema\/essen-trinken\/"},{"@type":"ListItem","position":3,"name":"Garnelen aus dem SalzburgerLand"}]},{"@type":"WebSite","@id":"https:\/\/www.salzburgerland.com\/de\/magazin\/#website","url":"https:\/\/www.salzburgerland.com\/de\/magazin\/","name":"SalzburgerLand Magazin","description":"Geschichten und Interessantes aus dem SalzburgerLand","publisher":{"@id":"https:\/\/www.salzburgerland.com\/de\/magazin\/#organization"},"potentialAction":[{"@type":"SearchAction","target":{"@type":"EntryPoint","urlTemplate":"https:\/\/www.salzburgerland.com\/de\/magazin\/?s={search_term_string}"},"query-input":{"@type":"PropertyValueSpecification","valueRequired":true,"valueName":"search_term_string"}}],"inLanguage":"de"},{"@type":"Organization","@id":"https:\/\/www.salzburgerland.com\/de\/magazin\/#organization","name":"SalzburgerLand Tourismus","url":"https:\/\/www.salzburgerland.com\/de\/magazin\/","logo":{"@type":"ImageObject","inLanguage":"de","@id":"https:\/\/www.salzburgerland.com\/de\/magazin\/#\/schema\/logo\/image\/","url":"https:\/\/www.salzburgerland.com\/de\/magazin\/wp-content\/uploads\/2019\/06\/salzburgerland-logo1.jpg","contentUrl":"https:\/\/www.salzburgerland.com\/de\/magazin\/wp-content\/uploads\/2019\/06\/salzburgerland-logo1.jpg","width":2011,"height":866,"caption":"SalzburgerLand Tourismus"},"image":{"@id":"https:\/\/www.salzburgerland.com\/de\/magazin\/#\/schema\/logo\/image\/"},"sameAs":["https:\/\/www.facebook.com\/salzburgerland\/","https:\/\/x.com\/Salzburgerland","https:\/\/www.instagram.com\/salzburgerland\/","https:\/\/at.linkedin.com\/company\/salzburgerland-tourismus-gmbh","https:\/\/www.pinterest.at\/salzburgerland\/","https:\/\/www.youtube.com\/user\/salzburgerland","https:\/\/de.wikipedia.org\/wiki\/SalzburgerLand_Tourismus_GmbH"]},{"@type":"Person","@id":"https:\/\/www.salzburgerland.com\/de\/magazin\/#\/schema\/person\/8871c7c764fce6ea66752310e7fe9e98","name":"Heiko Mandl","description":"Heiko Mandl, geboren 1976 in Salzburg, ist durch den Journalismus zur Fotografie gekommen und ist seit zehn Jahren als selbstst\u00e4ndiger Fotograf und Autor in Salzburg t\u00e4tig. Schon von Kindheit an haben ihn die Berge vor seiner Haust\u00fcr fasziniert. Heute z\u00e4hlen sie unter anderem zu seinem Arbeitsplatz. Er arbeitet f\u00fcr internationale Outdoor- und Reisemagazine sowie zahlreiche Firmen und Agenturen. Luxushotel oder Almh\u00fctte: Ich kann beides genie\u00dfen und ich gehe das nach dem Motto: Alles zur richtigen Zeit und zur passenden Gelegenheit an. Wandern oder Laufen: Auf jeden Fall wandern, ist gem\u00fctlicher und man kann sich mehr auf die Umgebung konzentrieren. Golfplatz oder Klettergarten: Klettergarten, zumindest noch die n\u00e4chsten 20 Jahre. Fr\u00fchling, sommer, herbst oder Winter? Fr\u00fchling und Sommer und Herbst und Winter! Im SalzburgerLand ist es das ganze Jahr traumhaft sch\u00f6n. Wellness oder Mountainbike? Zuerst eine Runde mit dem Mountainbike und dann ab in den Wellnesstempel. Das eine schlie\u00dft das andere nicht aus!","url":"https:\/\/www.salzburgerland.com\/de\/magazin\/author\/heiko-mandl\/"}]}},"_wl_alt_label":[],"wl:entity_url":"http:\/\/open.salzburgerland.com\/magazin\/post\/garnelen-aus-dem-salzburgerland","_links":{"self":[{"href":"https:\/\/www.salzburgerland.com\/de\/magazin\/wp-json\/wp\/v2\/posts\/175879","targetHints":{"allow":["GET"]}}],"collection":[{"href":"https:\/\/www.salzburgerland.com\/de\/magazin\/wp-json\/wp\/v2\/posts"}],"about":[{"href":"https:\/\/www.salzburgerland.com\/de\/magazin\/wp-json\/wp\/v2\/types\/post"}],"author":[{"embeddable":true,"href":"https:\/\/www.salzburgerland.com\/de\/magazin\/wp-json\/wp\/v2\/users\/10"}],"replies":[{"embeddable":true,"href":"https:\/\/www.salzburgerland.com\/de\/magazin\/wp-json\/wp\/v2\/comments?post=175879"}],"version-history":[{"count":5,"href":"https:\/\/www.salzburgerland.com\/de\/magazin\/wp-json\/wp\/v2\/posts\/175879\/revisions"}],"predecessor-version":[{"id":176243,"href":"https:\/\/www.salzburgerland.com\/de\/magazin\/wp-json\/wp\/v2\/posts\/175879\/revisions\/176243"}],"wp:featuredmedia":[{"embeddable":true,"href":"https:\/\/www.salzburgerland.com\/de\/magazin\/wp-json\/wp\/v2\/media\/175880"}],"wp:attachment":[{"href":"https:\/\/www.salzburgerland.com\/de\/magazin\/wp-json\/wp\/v2\/media?parent=175879"}],"wp:term":[{"taxonomy":"category","embeddable":true,"href":"https:\/\/www.salzburgerland.com\/de\/magazin\/wp-json\/wp\/v2\/categories?post=175879"},{"taxonomy":"post_tag","embeddable":true,"href":"https:\/\/www.salzburgerland.com\/de\/magazin\/wp-json\/wp\/v2\/tags?post=175879"},{"taxonomy":"wl_entity_type","embeddable":true,"href":"https:\/\/www.salzburgerland.com\/de\/magazin\/wp-json\/wp\/v2\/wl_entity_type?post=175879"},{"taxonomy":"monatsauswahl","embeddable":true,"href":"https:\/\/www.salzburgerland.com\/de\/magazin\/wp-json\/wp\/v2\/monatsauswahl?post=175879"}],"curies":[{"name":"wp","href":"https:\/\/api.w.org\/{rel}","templated":true}]}}