{"id":175835,"date":"2024-06-06T07:00:00","date_gmt":"2024-06-06T05:00:00","guid":{"rendered":"https:\/\/www.salzburgerland.com\/de\/magazin\/?p=175835"},"modified":"2024-06-18T07:41:55","modified_gmt":"2024-06-18T05:41:55","slug":"lakes-nknoedel","status":"publish","type":"post","link":"https:\/\/www.salzburgerland.com\/de\/magazin\/lakes-nknoedel\/","title":{"rendered":"Lakes \u00b4n\u00b4Kn\u00f6del"},"content":{"rendered":"\n<div class=\"wp-block-slt-top topBlocks\">\n<h2 class=\"wp-block-slt-subtitle\">Vom Fuschlsee bis zum Bodensee mit dem Gravelbike<\/h2>\n\n\n\n<p class=\"wp-block-slt-intro\">Am 03. August 2024 findet zwischen Fuschl am See und dem Bodensee erstmals das unsupported Bikepacking-Event, Lakes &#8217;n&#8216; Kn\u00f6del, statt. Die Fahrer sind hier v\u00f6llig auf sich alleine gestellt und m\u00fcssen s\u00e4mtliche Probleme und Hindernisse ohne Hilfe bew\u00e4ltigen. Dabei geht es durch die sch\u00f6nsten Regionen \u00d6sterreichs und Deutschlands.<\/p>\n<\/div>\n\n\n\n<p>Die Premiere wird auf 175 TeilnehmerInnen limitiert sein und erstreckt sich vom SalzburgerLand \u00fcber den Chiemgau, das Tegernseerland, wechselt wieder nach Tirol, durchquert das Karwendel, die Zugspitzregion und das Au\u00dferfern um den Bregenzerwald zu durchqueren und in Bregenz sein Ziel zu finden.<\/p>\n\n\n\n<figure class=\"wp-block-image size-full\"><img loading=\"lazy\" decoding=\"async\" width=\"8640\" height=\"5760\" src=\"https:\/\/www.salzburgerland.com\/de\/magazin\/wp-content\/uploads\/2024\/03\/2024-02-09_LakesAndKnoedel_Fuschlseeregion_324.jpg\" alt=\"Mann in roter Jacke f\u00e4hrt mit dem Fahrrad auf einem Schotterweg, wie bei einem Ein Gravelbike Rennen durchs SalzburgerLand.\" class=\"wp-image-175837\" srcset=\"https:\/\/www.salzburgerland.com\/de\/magazin\/wp-content\/uploads\/2024\/03\/2024-02-09_LakesAndKnoedel_Fuschlseeregion_324.jpg 8640w, https:\/\/www.salzburgerland.com\/de\/magazin\/wp-content\/uploads\/2024\/03\/2024-02-09_LakesAndKnoedel_Fuschlseeregion_324-300x200.jpg 300w, https:\/\/www.salzburgerland.com\/de\/magazin\/wp-content\/uploads\/2024\/03\/2024-02-09_LakesAndKnoedel_Fuschlseeregion_324-825x550.jpg 825w, https:\/\/www.salzburgerland.com\/de\/magazin\/wp-content\/uploads\/2024\/03\/2024-02-09_LakesAndKnoedel_Fuschlseeregion_324-600x400.jpg 600w, https:\/\/www.salzburgerland.com\/de\/magazin\/wp-content\/uploads\/2024\/03\/2024-02-09_LakesAndKnoedel_Fuschlseeregion_324-1320x880.jpg 1320w, https:\/\/www.salzburgerland.com\/de\/magazin\/wp-content\/uploads\/2024\/03\/2024-02-09_LakesAndKnoedel_Fuschlseeregion_324-150x100.jpg 150w\" sizes=\"auto, (max-width: 8640px) 100vw, 8640px\" \/><figcaption class=\"wp-element-caption\">Auf Asphalt und Schotter geht es von Checkpoint zu Checkpoint. \u00a9Lienbacher<\/figcaption><\/figure>\n\n\n\n<h2 class=\"wp-block-heading\" id=\"h-start-in-fuschl-am-see\">Start in Fuschl am See<\/h2>\n\n\n\n<p>Das Gravel-Abenteuer beginnt dabei am Fuschlsee. P\u00fcnktlich um 8.30 Uhr starten die Teilnehmer in Fuschl zur Premiere des Gravel-Abenteuers. Vom Fuschlsee aus f\u00fchren die ersten Kilometer gleich bergauf \u00fcber das Perffalleck in die Triefbrunnau. Von dort aus werden die Asphaltwege vor\u00fcbergehend verlassen und vorbei an der Schafbachalm geht es weiter in den beschaulichen Ort Hintersee. Dort wechseln die Gravelbiker wieder auf den Asphalt. Nach kurzer Zeit steht der Hintersee als landschaftliches Highlight am Programm. Durch tiefe Schluchten geht es dann in das Wiesental und bergauf \u00fcber Hinterwinkel nach Elsbethen.<\/p>\n\n\n\n<figure class=\"wp-block-image size-full\"><img loading=\"lazy\" decoding=\"async\" width=\"2560\" height=\"1705\" src=\"https:\/\/www.salzburgerland.com\/de\/magazin\/wp-content\/uploads\/2024\/03\/DJI_0932-scaled.jpg\" alt=\"Luftaufnahme einer geschotterten Radrennstrecke im SalzburgerLand, Tirol und Vorarlberg neben einem dichten Wald.\" class=\"wp-image-175839\" srcset=\"https:\/\/www.salzburgerland.com\/de\/magazin\/wp-content\/uploads\/2024\/03\/DJI_0932-scaled.jpg 2560w, https:\/\/www.salzburgerland.com\/de\/magazin\/wp-content\/uploads\/2024\/03\/DJI_0932-300x200.jpg 300w, https:\/\/www.salzburgerland.com\/de\/magazin\/wp-content\/uploads\/2024\/03\/DJI_0932-1536x1023.jpg 1536w, https:\/\/www.salzburgerland.com\/de\/magazin\/wp-content\/uploads\/2024\/03\/DJI_0932-2048x1364.jpg 2048w, https:\/\/www.salzburgerland.com\/de\/magazin\/wp-content\/uploads\/2024\/03\/DJI_0932-826x550.jpg 826w, https:\/\/www.salzburgerland.com\/de\/magazin\/wp-content\/uploads\/2024\/03\/DJI_0932-600x400.jpg 600w, https:\/\/www.salzburgerland.com\/de\/magazin\/wp-content\/uploads\/2024\/03\/DJI_0932-1320x879.jpg 1320w, https:\/\/www.salzburgerland.com\/de\/magazin\/wp-content\/uploads\/2024\/03\/DJI_0932-150x100.jpg 150w\" sizes=\"auto, (max-width: 2560px) 100vw, 2560px\" \/><figcaption class=\"wp-element-caption\">Die Strecke f\u00fchrt durch die sch\u00f6nsten Regionen im Flachgau. \u00a9 heikomandl.at<\/figcaption><\/figure>\n\n\n\n<h2 class=\"wp-block-heading\" id=\"h-blick-auf-die-mozartstadt\">Blick auf die Mozartstadt<\/h2>\n\n\n\n<p>Bei der Abfahrt nach Glasenbach gibt die Strecke den einen oder anderen Blick auf die Stadt Salzburg, mit der unverkennbaren Festung Hohensalzburg frei. Die Strecke f\u00fchrt die Abenteurer dann sogleich in den Stadtkern, entlang der Salzach radeln sie flott Richtung Norden, bis sie \u00fcber den Saalach-Radweg, dann hei\u00dft es ins benachbarten Deutschland abbiegen. Hier folgt das Abenteuer seinem Lauf. Ziel ist es, entlang einer vorgegebenen Strecke 3 Checkpoints anzufahren. Dort werden Gravelbiker jeweils mit einem leckeren Kn\u00f6del verk\u00f6stigt.<\/p>\n\n\n\n<figure class=\"wp-block-image size-full\"><img loading=\"lazy\" decoding=\"async\" width=\"8640\" height=\"5760\" src=\"https:\/\/www.salzburgerland.com\/de\/magazin\/wp-content\/uploads\/2024\/03\/2024-02-09_LakesAndKnoedel_Fuschlseeregion_104.jpg\" alt=\"Ein Gravelbike mit mehreren Taschen ist an einem ruhigen See geparkt - bereit f\u00fcr ein Gravelbike Rennen im SalzburgerLand.\" class=\"wp-image-175836\" srcset=\"https:\/\/www.salzburgerland.com\/de\/magazin\/wp-content\/uploads\/2024\/03\/2024-02-09_LakesAndKnoedel_Fuschlseeregion_104.jpg 8640w, https:\/\/www.salzburgerland.com\/de\/magazin\/wp-content\/uploads\/2024\/03\/2024-02-09_LakesAndKnoedel_Fuschlseeregion_104-300x200.jpg 300w, https:\/\/www.salzburgerland.com\/de\/magazin\/wp-content\/uploads\/2024\/03\/2024-02-09_LakesAndKnoedel_Fuschlseeregion_104-825x550.jpg 825w, https:\/\/www.salzburgerland.com\/de\/magazin\/wp-content\/uploads\/2024\/03\/2024-02-09_LakesAndKnoedel_Fuschlseeregion_104-600x400.jpg 600w, https:\/\/www.salzburgerland.com\/de\/magazin\/wp-content\/uploads\/2024\/03\/2024-02-09_LakesAndKnoedel_Fuschlseeregion_104-1320x880.jpg 1320w, https:\/\/www.salzburgerland.com\/de\/magazin\/wp-content\/uploads\/2024\/03\/2024-02-09_LakesAndKnoedel_Fuschlseeregion_104-150x100.jpg 150w\" sizes=\"auto, (max-width: 8640px) 100vw, 8640px\" \/><figcaption class=\"wp-element-caption\">Vollgepackt f\u00fchrt das Abenteuer durch die sch\u00f6nsten Regionen zwischen Fuschlsee und Bodensee. \u00a9Lienbacher<\/figcaption><\/figure>\n\n\n\n<p>\u201eNeben den Kn\u00f6deln, freuen wir uns, dass wir ab Mitte der Strecke ein \u201eBesenfahrrad\u201c mit auf die Strecke schicken.\u201c, so der Veranstalter. In Anlehnung an den ber\u00fchmten Besenwagen von anderen Radveranstaltungen, wird das sogenannte \u201eBroomBike\u201c jeden Tag in einem vorgegebenen Zeitraum radeln und dann immer \u00fcber Nacht ruhen und pausieren. So k\u00f6nnen sich die gem\u00fctlichen TeilnehmerInnen daran orientieren. Der h\u00f6chste Punkt des Abenteuers liegt auf stolzen 1.800 Meter, auf einigen kurzen Passagen muss das Gravelbike sogar geschultert werden.<\/p>\n\n\n\n<p>Informationen und Anmeldung zu dem Event gibt es auf der Website <a href=\"http:\/\/www.lakesnknoedel.com\" target=\"_blank\" rel=\"noreferrer noopener\">www.lakesnknoedel.com<\/a>.<\/p>\n","protected":false},"excerpt":{"rendered":"<p>Die Premiere wird auf 175 TeilnehmerInnen limitiert sein und erstreckt sich vom SalzburgerLand \u00fcber den Chiemgau, das Tegernseerland, wechselt wieder nach Tirol, durchquert das Karwendel, die Zugspitzregion und das Au\u00dferfern um den Bregenzerwald zu durchqueren und in Bregenz sein Ziel zu finden. Start in Fuschl am See Das Gravel-Abenteuer beginnt dabei am Fuschlsee. P\u00fcnktlich um [&hellip;]<\/p>\n","protected":false},"author":10,"featured_media":177464,"comment_status":"closed","ping_status":"closed","sticky":false,"template":"","format":"standard","meta":{"_acf_changed":false,"wl_entities_gutenberg":"","_wl_entity_redirect_enabled":"","footnotes":""},"categories":[8],"tags":[7775,7280,7634,7644],"wl_entity_type":[306],"monatsauswahl":[89],"class_list":["post-175835","post","type-post","status-publish","format-standard","has-post-thumbnail","hentry","category-outdoor-sport","tag-abenteuer","tag-fuschlsee","tag-gravelbike","tag-schotter","wl_entity_type-article","monatsauswahl-monat_8"],"acf":[],"yoast_head":"<!-- This site is optimized with the Yoast SEO Premium plugin v27.4 (Yoast SEO v27.4) - https:\/\/yoast.com\/product\/yoast-seo-premium-wordpress\/ -->\n<title>Lakes \u00b4n\u00b4Kn\u00f6del - SalzburgerLand Magazin<\/title>\n<meta name=\"robots\" content=\"index, follow, max-snippet:-1, max-image-preview:large, max-video-preview:-1\" \/>\n<link rel=\"canonical\" href=\"https:\/\/www.salzburgerland.com\/de\/magazin\/lakes-nknoedel\/\" \/>\n<meta property=\"og:locale\" content=\"de_DE\" \/>\n<meta property=\"og:type\" content=\"article\" \/>\n<meta property=\"og:title\" content=\"Lakes \u00b4n\u00b4Kn\u00f6del\" \/>\n<meta property=\"og:description\" content=\"Die Premiere wird auf 175 TeilnehmerInnen limitiert sein und erstreckt sich vom SalzburgerLand \u00fcber den Chiemgau, das Tegernseerland, wechselt wieder nach Tirol, durchquert das Karwendel, die Zugspitzregion und das Au\u00dferfern um den Bregenzerwald zu durchqueren und in Bregenz sein Ziel zu finden. Start in Fuschl am See Das Gravel-Abenteuer beginnt dabei am Fuschlsee. P\u00fcnktlich um [&hellip;]\" \/>\n<meta property=\"og:url\" content=\"https:\/\/www.salzburgerland.com\/de\/magazin\/lakes-nknoedel\/\" \/>\n<meta property=\"og:site_name\" content=\"SalzburgerLand Magazin\" \/>\n<meta property=\"article:publisher\" content=\"https:\/\/www.facebook.com\/salzburgerland\/\" \/>\n<meta property=\"article:published_time\" content=\"2024-06-06T05:00:00+00:00\" \/>\n<meta property=\"article:modified_time\" content=\"2024-06-18T05:41:55+00:00\" \/>\n<meta property=\"og:image\" content=\"https:\/\/www.salzburgerland.com\/de\/magazin\/wp-content\/uploads\/2024\/06\/MA_3377-scaled.jpg\" \/>\n\t<meta property=\"og:image:width\" content=\"2560\" \/>\n\t<meta property=\"og:image:height\" content=\"1708\" \/>\n\t<meta property=\"og:image:type\" content=\"image\/jpeg\" \/>\n<meta name=\"author\" content=\"Heiko Mandl\" \/>\n<meta name=\"twitter:card\" content=\"summary_large_image\" \/>\n<meta name=\"twitter:creator\" content=\"@Salzburgerland\" \/>\n<meta name=\"twitter:site\" content=\"@Salzburgerland\" \/>\n<meta name=\"twitter:label1\" content=\"Verfasst von\" \/>\n\t<meta name=\"twitter:data1\" content=\"Heiko Mandl\" \/>\n\t<meta name=\"twitter:label2\" content=\"Gesch\u00e4tzte Lesezeit\" \/>\n\t<meta name=\"twitter:data2\" content=\"1\u00a0Minute\" \/>\n<script type=\"application\/ld+json\" class=\"yoast-schema-graph\">{\"@context\":\"https:\\\/\\\/schema.org\",\"@graph\":[{\"@type\":\"Article\",\"@id\":\"https:\\\/\\\/www.salzburgerland.com\\\/de\\\/magazin\\\/lakes-nknoedel\\\/#article\",\"isPartOf\":{\"@id\":\"https:\\\/\\\/www.salzburgerland.com\\\/de\\\/magazin\\\/lakes-nknoedel\\\/\"},\"author\":{\"name\":\"Heiko Mandl\",\"@id\":\"https:\\\/\\\/www.salzburgerland.com\\\/de\\\/magazin\\\/#\\\/schema\\\/person\\\/8871c7c764fce6ea66752310e7fe9e98\"},\"headline\":\"Lakes \u00b4n\u00b4Kn\u00f6del\",\"datePublished\":\"2024-06-06T05:00:00+00:00\",\"dateModified\":\"2024-06-18T05:41:55+00:00\",\"mainEntityOfPage\":{\"@id\":\"https:\\\/\\\/www.salzburgerland.com\\\/de\\\/magazin\\\/lakes-nknoedel\\\/\"},\"wordCount\":422,\"publisher\":{\"@id\":\"https:\\\/\\\/www.salzburgerland.com\\\/de\\\/magazin\\\/#organization\"},\"image\":{\"@id\":\"https:\\\/\\\/www.salzburgerland.com\\\/de\\\/magazin\\\/lakes-nknoedel\\\/#primaryimage\"},\"thumbnailUrl\":\"https:\\\/\\\/www.salzburgerland.com\\\/de\\\/magazin\\\/wp-content\\\/uploads\\\/2024\\\/06\\\/MA_3377-scaled.jpg\",\"keywords\":[\"Abenteuer\",\"Fuschlsee\",\"Gravelbike\",\"Schotter\"],\"articleSection\":[\"Outdoor &amp; Sport\"],\"inLanguage\":\"de\"},{\"@type\":\"WebPage\",\"@id\":\"https:\\\/\\\/www.salzburgerland.com\\\/de\\\/magazin\\\/lakes-nknoedel\\\/\",\"url\":\"https:\\\/\\\/www.salzburgerland.com\\\/de\\\/magazin\\\/lakes-nknoedel\\\/\",\"name\":\"Lakes \u00b4n\u00b4Kn\u00f6del - SalzburgerLand Magazin\",\"isPartOf\":{\"@id\":\"https:\\\/\\\/www.salzburgerland.com\\\/de\\\/magazin\\\/#website\"},\"primaryImageOfPage\":{\"@id\":\"https:\\\/\\\/www.salzburgerland.com\\\/de\\\/magazin\\\/lakes-nknoedel\\\/#primaryimage\"},\"image\":{\"@id\":\"https:\\\/\\\/www.salzburgerland.com\\\/de\\\/magazin\\\/lakes-nknoedel\\\/#primaryimage\"},\"thumbnailUrl\":\"https:\\\/\\\/www.salzburgerland.com\\\/de\\\/magazin\\\/wp-content\\\/uploads\\\/2024\\\/06\\\/MA_3377-scaled.jpg\",\"datePublished\":\"2024-06-06T05:00:00+00:00\",\"dateModified\":\"2024-06-18T05:41:55+00:00\",\"breadcrumb\":{\"@id\":\"https:\\\/\\\/www.salzburgerland.com\\\/de\\\/magazin\\\/lakes-nknoedel\\\/#breadcrumb\"},\"inLanguage\":\"de\",\"potentialAction\":[{\"@type\":\"ReadAction\",\"target\":[\"https:\\\/\\\/www.salzburgerland.com\\\/de\\\/magazin\\\/lakes-nknoedel\\\/\"]}]},{\"@type\":\"ImageObject\",\"inLanguage\":\"de\",\"@id\":\"https:\\\/\\\/www.salzburgerland.com\\\/de\\\/magazin\\\/lakes-nknoedel\\\/#primaryimage\",\"url\":\"https:\\\/\\\/www.salzburgerland.com\\\/de\\\/magazin\\\/wp-content\\\/uploads\\\/2024\\\/06\\\/MA_3377-scaled.jpg\",\"contentUrl\":\"https:\\\/\\\/www.salzburgerland.com\\\/de\\\/magazin\\\/wp-content\\\/uploads\\\/2024\\\/06\\\/MA_3377-scaled.jpg\",\"width\":2560,\"height\":1708,\"caption\":\"Zwei Personen fahren bei Sonnenuntergang mit dem Fahrrad auf einem Grasweg - wie bei einem Gravelbike-Rennen im SalzburgerLand.\"},{\"@type\":\"BreadcrumbList\",\"@id\":\"https:\\\/\\\/www.salzburgerland.com\\\/de\\\/magazin\\\/lakes-nknoedel\\\/#breadcrumb\",\"itemListElement\":[{\"@type\":\"ListItem\",\"position\":1,\"name\":\"Startseite\",\"item\":\"https:\\\/\\\/www.salzburgerland.com\\\/de\\\/magazin\\\/\"},{\"@type\":\"ListItem\",\"position\":2,\"name\":\"Outdoor &amp; Sport\",\"item\":\"https:\\\/\\\/www.salzburgerland.com\\\/de\\\/magazin\\\/thema\\\/outdoor-sport\\\/\"},{\"@type\":\"ListItem\",\"position\":3,\"name\":\"Lakes \u00b4n\u00b4Kn\u00f6del\"}]},{\"@type\":\"WebSite\",\"@id\":\"https:\\\/\\\/www.salzburgerland.com\\\/de\\\/magazin\\\/#website\",\"url\":\"https:\\\/\\\/www.salzburgerland.com\\\/de\\\/magazin\\\/\",\"name\":\"SalzburgerLand Magazin\",\"description\":\"Geschichten und Interessantes aus dem SalzburgerLand\",\"publisher\":{\"@id\":\"https:\\\/\\\/www.salzburgerland.com\\\/de\\\/magazin\\\/#organization\"},\"potentialAction\":[{\"@type\":\"SearchAction\",\"target\":{\"@type\":\"EntryPoint\",\"urlTemplate\":\"https:\\\/\\\/www.salzburgerland.com\\\/de\\\/magazin\\\/?s={search_term_string}\"},\"query-input\":{\"@type\":\"PropertyValueSpecification\",\"valueRequired\":true,\"valueName\":\"search_term_string\"}}],\"inLanguage\":\"de\"},{\"@type\":\"Organization\",\"@id\":\"https:\\\/\\\/www.salzburgerland.com\\\/de\\\/magazin\\\/#organization\",\"name\":\"SalzburgerLand Tourismus\",\"url\":\"https:\\\/\\\/www.salzburgerland.com\\\/de\\\/magazin\\\/\",\"logo\":{\"@type\":\"ImageObject\",\"inLanguage\":\"de\",\"@id\":\"https:\\\/\\\/www.salzburgerland.com\\\/de\\\/magazin\\\/#\\\/schema\\\/logo\\\/image\\\/\",\"url\":\"https:\\\/\\\/www.salzburgerland.com\\\/de\\\/magazin\\\/wp-content\\\/uploads\\\/2019\\\/06\\\/salzburgerland-logo1.jpg\",\"contentUrl\":\"https:\\\/\\\/www.salzburgerland.com\\\/de\\\/magazin\\\/wp-content\\\/uploads\\\/2019\\\/06\\\/salzburgerland-logo1.jpg\",\"width\":2011,\"height\":866,\"caption\":\"SalzburgerLand Tourismus\"},\"image\":{\"@id\":\"https:\\\/\\\/www.salzburgerland.com\\\/de\\\/magazin\\\/#\\\/schema\\\/logo\\\/image\\\/\"},\"sameAs\":[\"https:\\\/\\\/www.facebook.com\\\/salzburgerland\\\/\",\"https:\\\/\\\/x.com\\\/Salzburgerland\",\"https:\\\/\\\/www.instagram.com\\\/salzburgerland\\\/\",\"https:\\\/\\\/at.linkedin.com\\\/company\\\/salzburgerland-tourismus-gmbh\",\"https:\\\/\\\/www.pinterest.at\\\/salzburgerland\\\/\",\"https:\\\/\\\/www.youtube.com\\\/user\\\/salzburgerland\",\"https:\\\/\\\/de.wikipedia.org\\\/wiki\\\/SalzburgerLand_Tourismus_GmbH\"]},{\"@type\":\"Person\",\"@id\":\"https:\\\/\\\/www.salzburgerland.com\\\/de\\\/magazin\\\/#\\\/schema\\\/person\\\/8871c7c764fce6ea66752310e7fe9e98\",\"name\":\"Heiko Mandl\",\"description\":\"Heiko Mandl, geboren 1976 in Salzburg, ist durch den Journalismus zur Fotografie gekommen und ist seit zehn Jahren als selbstst\u00e4ndiger Fotograf und Autor in Salzburg t\u00e4tig. Schon von Kindheit an haben ihn die Berge vor seiner Haust\u00fcr fasziniert. Heute z\u00e4hlen sie unter anderem zu seinem Arbeitsplatz. Er arbeitet f\u00fcr internationale Outdoor- und Reisemagazine sowie zahlreiche Firmen und Agenturen. Luxushotel oder Almh\u00fctte: Ich kann beides genie\u00dfen und ich gehe das nach dem Motto: Alles zur richtigen Zeit und zur passenden Gelegenheit an. Wandern oder Laufen: Auf jeden Fall wandern, ist gem\u00fctlicher und man kann sich mehr auf die Umgebung konzentrieren. Golfplatz oder Klettergarten: Klettergarten, zumindest noch die n\u00e4chsten 20 Jahre. Fr\u00fchling, sommer, herbst oder Winter? Fr\u00fchling und Sommer und Herbst und Winter! Im SalzburgerLand ist es das ganze Jahr traumhaft sch\u00f6n. Wellness oder Mountainbike? Zuerst eine Runde mit dem Mountainbike und dann ab in den Wellnesstempel. Das eine schlie\u00dft das andere nicht aus!\",\"url\":\"https:\\\/\\\/www.salzburgerland.com\\\/de\\\/magazin\\\/author\\\/heiko-mandl\\\/\"}]}<\/script>\n<!-- \/ Yoast SEO Premium plugin. -->","yoast_head_json":{"title":"Lakes \u00b4n\u00b4Kn\u00f6del - SalzburgerLand Magazin","robots":{"index":"index","follow":"follow","max-snippet":"max-snippet:-1","max-image-preview":"max-image-preview:large","max-video-preview":"max-video-preview:-1"},"canonical":"https:\/\/www.salzburgerland.com\/de\/magazin\/lakes-nknoedel\/","og_locale":"de_DE","og_type":"article","og_title":"Lakes \u00b4n\u00b4Kn\u00f6del","og_description":"Die Premiere wird auf 175 TeilnehmerInnen limitiert sein und erstreckt sich vom SalzburgerLand \u00fcber den Chiemgau, das Tegernseerland, wechselt wieder nach Tirol, durchquert das Karwendel, die Zugspitzregion und das Au\u00dferfern um den Bregenzerwald zu durchqueren und in Bregenz sein Ziel zu finden. Start in Fuschl am See Das Gravel-Abenteuer beginnt dabei am Fuschlsee. P\u00fcnktlich um [&hellip;]","og_url":"https:\/\/www.salzburgerland.com\/de\/magazin\/lakes-nknoedel\/","og_site_name":"SalzburgerLand Magazin","article_publisher":"https:\/\/www.facebook.com\/salzburgerland\/","article_published_time":"2024-06-06T05:00:00+00:00","article_modified_time":"2024-06-18T05:41:55+00:00","og_image":[{"width":2560,"height":1708,"url":"https:\/\/www.salzburgerland.com\/de\/magazin\/wp-content\/uploads\/2024\/06\/MA_3377-scaled.jpg","type":"image\/jpeg"}],"author":"Heiko Mandl","twitter_card":"summary_large_image","twitter_creator":"@Salzburgerland","twitter_site":"@Salzburgerland","twitter_misc":{"Verfasst von":"Heiko Mandl","Gesch\u00e4tzte Lesezeit":"1\u00a0Minute"},"schema":{"@context":"https:\/\/schema.org","@graph":[{"@type":"Article","@id":"https:\/\/www.salzburgerland.com\/de\/magazin\/lakes-nknoedel\/#article","isPartOf":{"@id":"https:\/\/www.salzburgerland.com\/de\/magazin\/lakes-nknoedel\/"},"author":{"name":"Heiko Mandl","@id":"https:\/\/www.salzburgerland.com\/de\/magazin\/#\/schema\/person\/8871c7c764fce6ea66752310e7fe9e98"},"headline":"Lakes \u00b4n\u00b4Kn\u00f6del","datePublished":"2024-06-06T05:00:00+00:00","dateModified":"2024-06-18T05:41:55+00:00","mainEntityOfPage":{"@id":"https:\/\/www.salzburgerland.com\/de\/magazin\/lakes-nknoedel\/"},"wordCount":422,"publisher":{"@id":"https:\/\/www.salzburgerland.com\/de\/magazin\/#organization"},"image":{"@id":"https:\/\/www.salzburgerland.com\/de\/magazin\/lakes-nknoedel\/#primaryimage"},"thumbnailUrl":"https:\/\/www.salzburgerland.com\/de\/magazin\/wp-content\/uploads\/2024\/06\/MA_3377-scaled.jpg","keywords":["Abenteuer","Fuschlsee","Gravelbike","Schotter"],"articleSection":["Outdoor &amp; Sport"],"inLanguage":"de"},{"@type":"WebPage","@id":"https:\/\/www.salzburgerland.com\/de\/magazin\/lakes-nknoedel\/","url":"https:\/\/www.salzburgerland.com\/de\/magazin\/lakes-nknoedel\/","name":"Lakes \u00b4n\u00b4Kn\u00f6del - SalzburgerLand Magazin","isPartOf":{"@id":"https:\/\/www.salzburgerland.com\/de\/magazin\/#website"},"primaryImageOfPage":{"@id":"https:\/\/www.salzburgerland.com\/de\/magazin\/lakes-nknoedel\/#primaryimage"},"image":{"@id":"https:\/\/www.salzburgerland.com\/de\/magazin\/lakes-nknoedel\/#primaryimage"},"thumbnailUrl":"https:\/\/www.salzburgerland.com\/de\/magazin\/wp-content\/uploads\/2024\/06\/MA_3377-scaled.jpg","datePublished":"2024-06-06T05:00:00+00:00","dateModified":"2024-06-18T05:41:55+00:00","breadcrumb":{"@id":"https:\/\/www.salzburgerland.com\/de\/magazin\/lakes-nknoedel\/#breadcrumb"},"inLanguage":"de","potentialAction":[{"@type":"ReadAction","target":["https:\/\/www.salzburgerland.com\/de\/magazin\/lakes-nknoedel\/"]}]},{"@type":"ImageObject","inLanguage":"de","@id":"https:\/\/www.salzburgerland.com\/de\/magazin\/lakes-nknoedel\/#primaryimage","url":"https:\/\/www.salzburgerland.com\/de\/magazin\/wp-content\/uploads\/2024\/06\/MA_3377-scaled.jpg","contentUrl":"https:\/\/www.salzburgerland.com\/de\/magazin\/wp-content\/uploads\/2024\/06\/MA_3377-scaled.jpg","width":2560,"height":1708,"caption":"Zwei Personen fahren bei Sonnenuntergang mit dem Fahrrad auf einem Grasweg - wie bei einem Gravelbike-Rennen im SalzburgerLand."},{"@type":"BreadcrumbList","@id":"https:\/\/www.salzburgerland.com\/de\/magazin\/lakes-nknoedel\/#breadcrumb","itemListElement":[{"@type":"ListItem","position":1,"name":"Startseite","item":"https:\/\/www.salzburgerland.com\/de\/magazin\/"},{"@type":"ListItem","position":2,"name":"Outdoor &amp; Sport","item":"https:\/\/www.salzburgerland.com\/de\/magazin\/thema\/outdoor-sport\/"},{"@type":"ListItem","position":3,"name":"Lakes \u00b4n\u00b4Kn\u00f6del"}]},{"@type":"WebSite","@id":"https:\/\/www.salzburgerland.com\/de\/magazin\/#website","url":"https:\/\/www.salzburgerland.com\/de\/magazin\/","name":"SalzburgerLand Magazin","description":"Geschichten und Interessantes aus dem SalzburgerLand","publisher":{"@id":"https:\/\/www.salzburgerland.com\/de\/magazin\/#organization"},"potentialAction":[{"@type":"SearchAction","target":{"@type":"EntryPoint","urlTemplate":"https:\/\/www.salzburgerland.com\/de\/magazin\/?s={search_term_string}"},"query-input":{"@type":"PropertyValueSpecification","valueRequired":true,"valueName":"search_term_string"}}],"inLanguage":"de"},{"@type":"Organization","@id":"https:\/\/www.salzburgerland.com\/de\/magazin\/#organization","name":"SalzburgerLand Tourismus","url":"https:\/\/www.salzburgerland.com\/de\/magazin\/","logo":{"@type":"ImageObject","inLanguage":"de","@id":"https:\/\/www.salzburgerland.com\/de\/magazin\/#\/schema\/logo\/image\/","url":"https:\/\/www.salzburgerland.com\/de\/magazin\/wp-content\/uploads\/2019\/06\/salzburgerland-logo1.jpg","contentUrl":"https:\/\/www.salzburgerland.com\/de\/magazin\/wp-content\/uploads\/2019\/06\/salzburgerland-logo1.jpg","width":2011,"height":866,"caption":"SalzburgerLand Tourismus"},"image":{"@id":"https:\/\/www.salzburgerland.com\/de\/magazin\/#\/schema\/logo\/image\/"},"sameAs":["https:\/\/www.facebook.com\/salzburgerland\/","https:\/\/x.com\/Salzburgerland","https:\/\/www.instagram.com\/salzburgerland\/","https:\/\/at.linkedin.com\/company\/salzburgerland-tourismus-gmbh","https:\/\/www.pinterest.at\/salzburgerland\/","https:\/\/www.youtube.com\/user\/salzburgerland","https:\/\/de.wikipedia.org\/wiki\/SalzburgerLand_Tourismus_GmbH"]},{"@type":"Person","@id":"https:\/\/www.salzburgerland.com\/de\/magazin\/#\/schema\/person\/8871c7c764fce6ea66752310e7fe9e98","name":"Heiko Mandl","description":"Heiko Mandl, geboren 1976 in Salzburg, ist durch den Journalismus zur Fotografie gekommen und ist seit zehn Jahren als selbstst\u00e4ndiger Fotograf und Autor in Salzburg t\u00e4tig. Schon von Kindheit an haben ihn die Berge vor seiner Haust\u00fcr fasziniert. Heute z\u00e4hlen sie unter anderem zu seinem Arbeitsplatz. Er arbeitet f\u00fcr internationale Outdoor- und Reisemagazine sowie zahlreiche Firmen und Agenturen. Luxushotel oder Almh\u00fctte: Ich kann beides genie\u00dfen und ich gehe das nach dem Motto: Alles zur richtigen Zeit und zur passenden Gelegenheit an. Wandern oder Laufen: Auf jeden Fall wandern, ist gem\u00fctlicher und man kann sich mehr auf die Umgebung konzentrieren. Golfplatz oder Klettergarten: Klettergarten, zumindest noch die n\u00e4chsten 20 Jahre. Fr\u00fchling, sommer, herbst oder Winter? Fr\u00fchling und Sommer und Herbst und Winter! Im SalzburgerLand ist es das ganze Jahr traumhaft sch\u00f6n. Wellness oder Mountainbike? Zuerst eine Runde mit dem Mountainbike und dann ab in den Wellnesstempel. Das eine schlie\u00dft das andere nicht aus!","url":"https:\/\/www.salzburgerland.com\/de\/magazin\/author\/heiko-mandl\/"}]}},"_wl_alt_label":[],"wl:entity_url":"http:\/\/open.salzburgerland.com\/magazin\/post\/lakes-nknoedel","_links":{"self":[{"href":"https:\/\/www.salzburgerland.com\/de\/magazin\/wp-json\/wp\/v2\/posts\/175835","targetHints":{"allow":["GET"]}}],"collection":[{"href":"https:\/\/www.salzburgerland.com\/de\/magazin\/wp-json\/wp\/v2\/posts"}],"about":[{"href":"https:\/\/www.salzburgerland.com\/de\/magazin\/wp-json\/wp\/v2\/types\/post"}],"author":[{"embeddable":true,"href":"https:\/\/www.salzburgerland.com\/de\/magazin\/wp-json\/wp\/v2\/users\/10"}],"replies":[{"embeddable":true,"href":"https:\/\/www.salzburgerland.com\/de\/magazin\/wp-json\/wp\/v2\/comments?post=175835"}],"version-history":[{"count":6,"href":"https:\/\/www.salzburgerland.com\/de\/magazin\/wp-json\/wp\/v2\/posts\/175835\/revisions"}],"predecessor-version":[{"id":177466,"href":"https:\/\/www.salzburgerland.com\/de\/magazin\/wp-json\/wp\/v2\/posts\/175835\/revisions\/177466"}],"wp:featuredmedia":[{"embeddable":true,"href":"https:\/\/www.salzburgerland.com\/de\/magazin\/wp-json\/wp\/v2\/media\/177464"}],"wp:attachment":[{"href":"https:\/\/www.salzburgerland.com\/de\/magazin\/wp-json\/wp\/v2\/media?parent=175835"}],"wp:term":[{"taxonomy":"category","embeddable":true,"href":"https:\/\/www.salzburgerland.com\/de\/magazin\/wp-json\/wp\/v2\/categories?post=175835"},{"taxonomy":"post_tag","embeddable":true,"href":"https:\/\/www.salzburgerland.com\/de\/magazin\/wp-json\/wp\/v2\/tags?post=175835"},{"taxonomy":"wl_entity_type","embeddable":true,"href":"https:\/\/www.salzburgerland.com\/de\/magazin\/wp-json\/wp\/v2\/wl_entity_type?post=175835"},{"taxonomy":"monatsauswahl","embeddable":true,"href":"https:\/\/www.salzburgerland.com\/de\/magazin\/wp-json\/wp\/v2\/monatsauswahl?post=175835"}],"curies":[{"name":"wp","href":"https:\/\/api.w.org\/{rel}","templated":true}]}}