{"id":175827,"date":"2024-04-22T07:00:00","date_gmt":"2024-04-22T05:00:00","guid":{"rendered":"https:\/\/www.salzburgerland.com\/de\/magazin\/?p=175827"},"modified":"2024-05-02T13:07:52","modified_gmt":"2024-05-02T11:07:52","slug":"die-tauernkarleitenalm","status":"publish","type":"post","link":"https:\/\/www.salzburgerland.com\/de\/magazin\/die-tauernkarleitenalm\/","title":{"rendered":"Die Tauernkarleitenalm"},"content":{"rendered":"\n<div class=\"wp-block-slt-top topBlocks\">\n<h2 class=\"wp-block-slt-subtitle\">Kleinod in den Radst\u00e4dter Tauern<\/h2>\n\n\n\n<p class=\"wp-block-slt-intro\">Versteckt in der weitl\u00e4ufigen Bergwelt der Radst\u00e4dter Tauern, unweit von Zauchensee, thront die Tauernkarleitenalm auf einer H\u00f6he von 1.653 Metern \u2013\u00a0 ein Ort, der durch seine atemberaubende Sch\u00f6nheit und Urspr\u00fcnglichkeit besticht. Wir entf\u00fchren euch an einen Ort, an dem die Zeit stehen geblieben zu sein scheint. V\u00f6ller Sch\u00f6nheit, herrlicher Ausblicke und bodenst\u00e4ndiger Gaumenfreuden. <\/p>\n<\/div>\n\n\n\n<p>Die <a href=\"https:\/\/www.altenmarkt-zauchensee.at\/de\/infrastruktur\/altenmarkt-zauchensee-tauernkarleitenalm.html\" target=\"_blank\" rel=\"noreferrer noopener\">Tauernkarleitenalm<\/a> befindet sich in einer einzigartigen Lage, umgeben von der majest\u00e4tischen Kulisse der Salzburger Bergwelt. Hier, wo der Himmel die Erde ber\u00fchrt, offenbart sich die Natur in ihrer ganzen Pracht. Von saftig gr\u00fcnen Almwiesen bis hin zu den beeindruckenden Gipfeln unz\u00e4hliger 3.000er, die das Panorama zieren, bietet die Alm einen unvergesslichen Ausblick. Im Osten die Niederen Tauern, die Hohen Tauern im Westen. Im Norden der schneewei\u00dfe Dachstein und die Bischofsm\u00fctze und im S\u00fcden die Radst\u00e4tter Tauern in all ihrer wilden Pracht. <\/p>\n\n\n\n<figure class=\"wp-block-image size-full\"><img loading=\"lazy\" decoding=\"async\" width=\"1620\" height=\"1080\" src=\"https:\/\/www.salzburgerland.com\/de\/magazin\/wp-content\/uploads\/2024\/03\/2019-sonnenaufgang-lackenkoogel-matthias-fritzenwallner-4.jpg\" alt=\"Sonnenaufgang \u00fcber der Tauernkarleitenalm, einem Bergtal mit Holzh\u00fctten und goldenen Herbstb\u00e4umen.\" class=\"wp-image-175830\" srcset=\"https:\/\/www.salzburgerland.com\/de\/magazin\/wp-content\/uploads\/2024\/03\/2019-sonnenaufgang-lackenkoogel-matthias-fritzenwallner-4.jpg 1620w, https:\/\/www.salzburgerland.com\/de\/magazin\/wp-content\/uploads\/2024\/03\/2019-sonnenaufgang-lackenkoogel-matthias-fritzenwallner-4-300x200.jpg 300w, https:\/\/www.salzburgerland.com\/de\/magazin\/wp-content\/uploads\/2024\/03\/2019-sonnenaufgang-lackenkoogel-matthias-fritzenwallner-4-1536x1024.jpg 1536w, https:\/\/www.salzburgerland.com\/de\/magazin\/wp-content\/uploads\/2024\/03\/2019-sonnenaufgang-lackenkoogel-matthias-fritzenwallner-4-825x550.jpg 825w, https:\/\/www.salzburgerland.com\/de\/magazin\/wp-content\/uploads\/2024\/03\/2019-sonnenaufgang-lackenkoogel-matthias-fritzenwallner-4-600x400.jpg 600w, https:\/\/www.salzburgerland.com\/de\/magazin\/wp-content\/uploads\/2024\/03\/2019-sonnenaufgang-lackenkoogel-matthias-fritzenwallner-4-1320x880.jpg 1320w, https:\/\/www.salzburgerland.com\/de\/magazin\/wp-content\/uploads\/2024\/03\/2019-sonnenaufgang-lackenkoogel-matthias-fritzenwallner-4-150x100.jpg 150w\" sizes=\"auto, (max-width: 1620px) 100vw, 1620px\" \/><figcaption class=\"wp-element-caption\">\u00a9Matthias Fritzenwallner<\/figcaption><\/figure>\n\n\n\n<h2 class=\"wp-block-heading\" id=\"h-almhuttenzauber-auf-1-653-m-uber-dem-meer\">Almh\u00fcttenzauber auf 1.653 m \u00fcber dem Meer<\/h2>\n\n\n\n<p>Die Almh\u00fctte selbst spiegelt alpine Tradition l\u00e4ngst vergangener Tage wider. Mit ihrer rustikalen Holzbauweise und der charakteristischen, ru\u00dfgeschw\u00e4rzten Rauchkuchl, \u00e4hnelt sie einem lebendigen Museum, das Geschichten fr\u00fcherer Zeiten erz\u00e4hlt. Und dennoch so perfekt ins Hier und Heute passt. Es ist dieser Hauch von Echtheit und Urspr\u00fcnglichkeit, der den Charme ausmacht und Bergliebhaber:innen in eine Welt entf\u00fchrt, die weit entfernt scheint von der Hektik des Alltags.<\/p>\n\n\n\n<h2 class=\"wp-block-heading\" id=\"h-ein-lohnender-aufstieg\">Ein lohnender Aufstieg<\/h2>\n\n\n\n<p>Bereits die Wanderung zur Tauernkarleitenalm ist ein Erlebnis f\u00fcr sich. Mit verschiedenen Routen, die sowohl f\u00fcr Familien als auch f\u00fcr erfahrene Wanderer:innen geeignet sind, bietet der Weg zur Alm spektakul\u00e4re Ausblicke und f\u00fchrt vorbei Feuchtwiesen und gro\u00dfen Feldern voller Latschenkiefern. Von der Alm aus er\u00f6ffnen sich zahlreiche weitere Wanderwege, die zu den umliegenden Gipfeln und durch die atemberaubende Landschaft der Salzburger Alpen f\u00fchren. Jeder Schritt auf diesen Pfaden ist eine Einladung, die Natur in ihrer unber\u00fchrtesten Form zu erkunden. Die beliebteste Tour f\u00fchrt von <a href=\"https:\/\/www.outdooractive.com\/de\/route\/wanderung\/salzburger-sportwelt\/von-zauchensee-zur-tauernkarleitenalm\/117207058\/#dmdtab=oax-tab3\" target=\"_blank\" rel=\"noreferrer noopener\">Zauchensee aus \u00fcber die Stubh\u00f6he hinauf auf die Alm<\/a> und dauert ca. 2,45 h. F\u00fcr Familien eignet sich der <a href=\"https:\/\/www.bergfex.at\/sommer\/salzburg\/touren\/wanderung\/335744,tauernkarleitenalm\/\" target=\"_blank\" rel=\"noreferrer noopener\">Aufstieg \u00fcber die Vordergnadenalm<\/a>, bei dem man nach ca. 2,5 h die H\u00fctte erreicht. <\/p>\n\n\n\n<figure class=\"wp-block-image size-full\"><img loading=\"lazy\" decoding=\"async\" width=\"1827\" height=\"1080\" src=\"https:\/\/www.salzburgerland.com\/de\/magazin\/wp-content\/uploads\/2024\/03\/2021-sommer-christian-schartner-1.jpg\" alt=\"Die Tauernkarleitenalm mit weidenden K\u00fchen in der N\u00e4he von Holzh\u00fctten, Kiefern und felsigen Gipfeln unter einem wolkenverhangenen Himmel.\" class=\"wp-image-175832\" srcset=\"https:\/\/www.salzburgerland.com\/de\/magazin\/wp-content\/uploads\/2024\/03\/2021-sommer-christian-schartner-1.jpg 1827w, https:\/\/www.salzburgerland.com\/de\/magazin\/wp-content\/uploads\/2024\/03\/2021-sommer-christian-schartner-1-300x177.jpg 300w, https:\/\/www.salzburgerland.com\/de\/magazin\/wp-content\/uploads\/2024\/03\/2021-sommer-christian-schartner-1-1536x908.jpg 1536w, https:\/\/www.salzburgerland.com\/de\/magazin\/wp-content\/uploads\/2024\/03\/2021-sommer-christian-schartner-1-930x550.jpg 930w, https:\/\/www.salzburgerland.com\/de\/magazin\/wp-content\/uploads\/2024\/03\/2021-sommer-christian-schartner-1-677x400.jpg 677w, https:\/\/www.salzburgerland.com\/de\/magazin\/wp-content\/uploads\/2024\/03\/2021-sommer-christian-schartner-1-1320x780.jpg 1320w, https:\/\/www.salzburgerland.com\/de\/magazin\/wp-content\/uploads\/2024\/03\/2021-sommer-christian-schartner-1-150x89.jpg 150w\" sizes=\"auto, (max-width: 1827px) 100vw, 1827px\" \/><figcaption class=\"wp-element-caption\">\u00a9Christian Schartner<\/figcaption><\/figure>\n\n\n\n<h2 class=\"wp-block-heading\" id=\"h-kulinarische-schatze-der-tauernkarleitenalm\">Kulinarische Sch\u00e4tze der Tauernkarleitenalm<\/h2>\n\n\n\n<p>Auf der Tauernkarleitenalm angekommen wird man mit k\u00f6stlichen alpinen Schmankerln verw\u00f6hnt, die mit Liebe und traditionellem Wissen zubereitet werden. Unter der Leitung von Michael Haym und seiner Frau Veronika genie\u00dfen G\u00e4ste Spezialit\u00e4ten wie den ber\u00fchmten &#8222;Radst\u00e4dter Kas&#8220;, einen Sauerk\u00e4se, der idealerweise mit frischer Butter und hausgemachtem Brot serviert wird. Diese kulinarischen Gen\u00fcsse, kombiniert mit dem Panorama der Alpen, machen jede Mahlzeit zu einem unvergesslichen Erlebnis. <\/p>\n\n\n\n<h2 class=\"wp-block-heading\" id=\"h-michael-haym-huter-der-almtraditionen\">Michael Haym: H\u00fcter der Almtraditionen<\/h2>\n\n\n\n<p>Michael Haym, der H\u00fcttenwirt und Senner der Tauernkarleitenalm, ist die Seele der Alm. Mit seiner herzlichen Gastfreundschaft und seinem tiefen Verst\u00e4ndnis f\u00fcr die alpine Kultur und Lebensweise tr\u00e4gt er ma\u00dfgeblich zum authentischen Erlebnis bei. G\u00e4ste sch\u00e4tzen seine Geschichten und das Engagement, mit dem er die Alm bewirtschaftet \u2013 ein wahres Vorbild f\u00fcr die Bewahrung alpiner Traditionen.<\/p>\n\n\n\n<p>Die Tauernkarleitenalm ist mehr als nur ein Ausflugsziel; sie ist ein Ort, der zum Verweilen einl\u00e4dt, die Seele baumeln l\u00e4sst und Erinnerungen schafft, die ein Leben lang halten. Egal, ob man sich nach Ruhe und Entspannung sehnt, die alpine Flora und Fauna erkunden m\u00f6chte oder auf der Suche nach kulinarischen H\u00f6hepunkten ist &#8211; die Tauernkarleitenalm bietet all dies und noch viel mehr.<\/p>\n\n\n\n<p><strong>Tauernkarleitenalm<\/strong><br><a href=\"tel:+436645925198\">+43 664 592 51 98<\/a><br><a href=\"mailto:info@untersulzberghof.at\">info@untersulzberghof.at<\/a> <br>Alle weiteren Infos gibt es auf der <a href=\"https:\/\/www.untersulzberghof.at\/seite-3\/unsere-alm\/\" target=\"_blank\" rel=\"noreferrer noopener\">Website<\/a><\/p>\n\n\n\n<p><strong>Begleiten Sie den Salzburger Skiweltmeister <a href=\"https:\/\/www.salzburgerland.com\/de\/mit-michael-walchhofer-zur-tauernkarleitenalm\/\" target=\"_blank\" rel=\"noreferrer noopener\">Michael Walchhofer auf einer Wanderung hinauf zur Tauernkarleitenalm im Salzburger Almsommer<\/a>.<\/strong><\/p>\n","protected":false},"excerpt":{"rendered":"<p>Die Tauernkarleitenalm befindet sich in einer einzigartigen Lage, umgeben von der majest\u00e4tischen Kulisse der Salzburger Bergwelt. Hier, wo der Himmel die Erde ber\u00fchrt, offenbart sich die Natur in ihrer ganzen Pracht. Von saftig gr\u00fcnen Almwiesen bis hin zu den beeindruckenden Gipfeln unz\u00e4hliger 3.000er, die das Panorama zieren, bietet die Alm einen unvergesslichen Ausblick. Im Osten [&hellip;]<\/p>\n","protected":false},"author":505,"featured_media":175831,"comment_status":"closed","ping_status":"closed","sticky":false,"template":"","format":"standard","meta":{"_acf_changed":false,"wl_entities_gutenberg":"","_wl_entity_redirect_enabled":"","footnotes":""},"categories":[3],"tags":[],"wl_entity_type":[306],"monatsauswahl":[85,86,87,88,89,90],"class_list":["post-175827","post","type-post","status-publish","format-standard","has-post-thumbnail","hentry","category-essen-trinken","wl_entity_type-article","monatsauswahl-monat_4","monatsauswahl-monat_5","monatsauswahl-monat_6","monatsauswahl-monat_7","monatsauswahl-monat_8","monatsauswahl-monat_9"],"acf":[],"yoast_head":"<!-- This site is optimized with the Yoast SEO Premium plugin v27.4 (Yoast SEO v27.4) - https:\/\/yoast.com\/product\/yoast-seo-premium-wordpress\/ -->\n<title>Die Tauernkarleitenalm - SalzburgerLand Magazin<\/title>\n<meta name=\"description\" content=\"Entdecken Sie die Tauernkarleitenalm: inmitten unber\u00fchrter Natur, mit traditioneller Almkultur und kulinarischen Hochgen\u00fcssen.\" \/>\n<meta name=\"robots\" content=\"index, follow, max-snippet:-1, max-image-preview:large, max-video-preview:-1\" \/>\n<link rel=\"canonical\" href=\"https:\/\/www.salzburgerland.com\/de\/magazin\/die-tauernkarleitenalm\/\" \/>\n<meta property=\"og:locale\" content=\"de_DE\" \/>\n<meta property=\"og:type\" content=\"article\" \/>\n<meta property=\"og:title\" content=\"Die Tauernkarleitenalm\" \/>\n<meta property=\"og:description\" content=\"Entdecken Sie die Tauernkarleitenalm: inmitten unber\u00fchrter Natur, mit traditioneller Almkultur und kulinarischen Hochgen\u00fcssen.\" \/>\n<meta property=\"og:url\" content=\"https:\/\/www.salzburgerland.com\/de\/magazin\/die-tauernkarleitenalm\/\" \/>\n<meta property=\"og:site_name\" content=\"SalzburgerLand Magazin\" \/>\n<meta property=\"article:publisher\" content=\"https:\/\/www.facebook.com\/salzburgerland\/\" \/>\n<meta property=\"article:published_time\" content=\"2024-04-22T05:00:00+00:00\" \/>\n<meta property=\"article:modified_time\" content=\"2024-05-02T11:07:52+00:00\" \/>\n<meta property=\"og:image\" content=\"https:\/\/www.salzburgerland.com\/de\/magazin\/wp-content\/uploads\/2024\/03\/2021-sommer-landschaft-christian-schartner-18.jpg\" \/>\n\t<meta property=\"og:image:width\" content=\"1620\" \/>\n\t<meta property=\"og:image:height\" content=\"1080\" \/>\n\t<meta property=\"og:image:type\" content=\"image\/jpeg\" \/>\n<meta name=\"author\" content=\"Peter Zeitlhofer\" \/>\n<meta name=\"twitter:card\" content=\"summary_large_image\" \/>\n<meta name=\"twitter:creator\" content=\"@Salzburgerland\" \/>\n<meta name=\"twitter:site\" content=\"@Salzburgerland\" \/>\n<meta name=\"twitter:label1\" content=\"Verfasst von\" \/>\n\t<meta name=\"twitter:data1\" content=\"Peter Zeitlhofer\" \/>\n\t<meta name=\"twitter:label2\" content=\"Gesch\u00e4tzte Lesezeit\" \/>\n\t<meta name=\"twitter:data2\" content=\"4\u00a0Minuten\" \/>\n<script type=\"application\/ld+json\" class=\"yoast-schema-graph\">{\"@context\":\"https:\\\/\\\/schema.org\",\"@graph\":[{\"@type\":\"Article\",\"@id\":\"https:\\\/\\\/www.salzburgerland.com\\\/de\\\/magazin\\\/die-tauernkarleitenalm\\\/#article\",\"isPartOf\":{\"@id\":\"https:\\\/\\\/www.salzburgerland.com\\\/de\\\/magazin\\\/die-tauernkarleitenalm\\\/\"},\"author\":{\"name\":\"Peter Zeitlhofer\",\"@id\":\"https:\\\/\\\/www.salzburgerland.com\\\/de\\\/magazin\\\/#\\\/schema\\\/person\\\/ebd2c9f244aeea71e30f3b5d5e309de4\"},\"headline\":\"Die Tauernkarleitenalm\",\"datePublished\":\"2024-04-22T05:00:00+00:00\",\"dateModified\":\"2024-05-02T11:07:52+00:00\",\"mainEntityOfPage\":{\"@id\":\"https:\\\/\\\/www.salzburgerland.com\\\/de\\\/magazin\\\/die-tauernkarleitenalm\\\/\"},\"wordCount\":617,\"publisher\":{\"@id\":\"https:\\\/\\\/www.salzburgerland.com\\\/de\\\/magazin\\\/#organization\"},\"image\":{\"@id\":\"https:\\\/\\\/www.salzburgerland.com\\\/de\\\/magazin\\\/die-tauernkarleitenalm\\\/#primaryimage\"},\"thumbnailUrl\":\"https:\\\/\\\/www.salzburgerland.com\\\/de\\\/magazin\\\/wp-content\\\/uploads\\\/2024\\\/03\\\/2021-sommer-landschaft-christian-schartner-18.jpg\",\"articleSection\":[\"Essen &amp; Trinken\"],\"inLanguage\":\"de\"},{\"@type\":\"WebPage\",\"@id\":\"https:\\\/\\\/www.salzburgerland.com\\\/de\\\/magazin\\\/die-tauernkarleitenalm\\\/\",\"url\":\"https:\\\/\\\/www.salzburgerland.com\\\/de\\\/magazin\\\/die-tauernkarleitenalm\\\/\",\"name\":\"Die Tauernkarleitenalm - SalzburgerLand Magazin\",\"isPartOf\":{\"@id\":\"https:\\\/\\\/www.salzburgerland.com\\\/de\\\/magazin\\\/#website\"},\"primaryImageOfPage\":{\"@id\":\"https:\\\/\\\/www.salzburgerland.com\\\/de\\\/magazin\\\/die-tauernkarleitenalm\\\/#primaryimage\"},\"image\":{\"@id\":\"https:\\\/\\\/www.salzburgerland.com\\\/de\\\/magazin\\\/die-tauernkarleitenalm\\\/#primaryimage\"},\"thumbnailUrl\":\"https:\\\/\\\/www.salzburgerland.com\\\/de\\\/magazin\\\/wp-content\\\/uploads\\\/2024\\\/03\\\/2021-sommer-landschaft-christian-schartner-18.jpg\",\"datePublished\":\"2024-04-22T05:00:00+00:00\",\"dateModified\":\"2024-05-02T11:07:52+00:00\",\"description\":\"Entdecken Sie die Tauernkarleitenalm: inmitten unber\u00fchrter Natur, mit traditioneller Almkultur und kulinarischen Hochgen\u00fcssen.\",\"breadcrumb\":{\"@id\":\"https:\\\/\\\/www.salzburgerland.com\\\/de\\\/magazin\\\/die-tauernkarleitenalm\\\/#breadcrumb\"},\"inLanguage\":\"de\",\"potentialAction\":[{\"@type\":\"ReadAction\",\"target\":[\"https:\\\/\\\/www.salzburgerland.com\\\/de\\\/magazin\\\/die-tauernkarleitenalm\\\/\"]}]},{\"@type\":\"ImageObject\",\"inLanguage\":\"de\",\"@id\":\"https:\\\/\\\/www.salzburgerland.com\\\/de\\\/magazin\\\/die-tauernkarleitenalm\\\/#primaryimage\",\"url\":\"https:\\\/\\\/www.salzburgerland.com\\\/de\\\/magazin\\\/wp-content\\\/uploads\\\/2024\\\/03\\\/2021-sommer-landschaft-christian-schartner-18.jpg\",\"contentUrl\":\"https:\\\/\\\/www.salzburgerland.com\\\/de\\\/magazin\\\/wp-content\\\/uploads\\\/2024\\\/03\\\/2021-sommer-landschaft-christian-schartner-18.jpg\",\"width\":1620,\"height\":1080,\"caption\":\"\u00a9Christian Schartner\"},{\"@type\":\"BreadcrumbList\",\"@id\":\"https:\\\/\\\/www.salzburgerland.com\\\/de\\\/magazin\\\/die-tauernkarleitenalm\\\/#breadcrumb\",\"itemListElement\":[{\"@type\":\"ListItem\",\"position\":1,\"name\":\"Startseite\",\"item\":\"https:\\\/\\\/www.salzburgerland.com\\\/de\\\/magazin\\\/\"},{\"@type\":\"ListItem\",\"position\":2,\"name\":\"Essen &amp; Trinken\",\"item\":\"https:\\\/\\\/www.salzburgerland.com\\\/de\\\/magazin\\\/thema\\\/essen-trinken\\\/\"},{\"@type\":\"ListItem\",\"position\":3,\"name\":\"Die Tauernkarleitenalm\"}]},{\"@type\":\"WebSite\",\"@id\":\"https:\\\/\\\/www.salzburgerland.com\\\/de\\\/magazin\\\/#website\",\"url\":\"https:\\\/\\\/www.salzburgerland.com\\\/de\\\/magazin\\\/\",\"name\":\"SalzburgerLand Magazin\",\"description\":\"Geschichten und Interessantes aus dem SalzburgerLand\",\"publisher\":{\"@id\":\"https:\\\/\\\/www.salzburgerland.com\\\/de\\\/magazin\\\/#organization\"},\"potentialAction\":[{\"@type\":\"SearchAction\",\"target\":{\"@type\":\"EntryPoint\",\"urlTemplate\":\"https:\\\/\\\/www.salzburgerland.com\\\/de\\\/magazin\\\/?s={search_term_string}\"},\"query-input\":{\"@type\":\"PropertyValueSpecification\",\"valueRequired\":true,\"valueName\":\"search_term_string\"}}],\"inLanguage\":\"de\"},{\"@type\":\"Organization\",\"@id\":\"https:\\\/\\\/www.salzburgerland.com\\\/de\\\/magazin\\\/#organization\",\"name\":\"SalzburgerLand Tourismus\",\"url\":\"https:\\\/\\\/www.salzburgerland.com\\\/de\\\/magazin\\\/\",\"logo\":{\"@type\":\"ImageObject\",\"inLanguage\":\"de\",\"@id\":\"https:\\\/\\\/www.salzburgerland.com\\\/de\\\/magazin\\\/#\\\/schema\\\/logo\\\/image\\\/\",\"url\":\"https:\\\/\\\/www.salzburgerland.com\\\/de\\\/magazin\\\/wp-content\\\/uploads\\\/2019\\\/06\\\/salzburgerland-logo1.jpg\",\"contentUrl\":\"https:\\\/\\\/www.salzburgerland.com\\\/de\\\/magazin\\\/wp-content\\\/uploads\\\/2019\\\/06\\\/salzburgerland-logo1.jpg\",\"width\":2011,\"height\":866,\"caption\":\"SalzburgerLand Tourismus\"},\"image\":{\"@id\":\"https:\\\/\\\/www.salzburgerland.com\\\/de\\\/magazin\\\/#\\\/schema\\\/logo\\\/image\\\/\"},\"sameAs\":[\"https:\\\/\\\/www.facebook.com\\\/salzburgerland\\\/\",\"https:\\\/\\\/x.com\\\/Salzburgerland\",\"https:\\\/\\\/www.instagram.com\\\/salzburgerland\\\/\",\"https:\\\/\\\/at.linkedin.com\\\/company\\\/salzburgerland-tourismus-gmbh\",\"https:\\\/\\\/www.pinterest.at\\\/salzburgerland\\\/\",\"https:\\\/\\\/www.youtube.com\\\/user\\\/salzburgerland\",\"https:\\\/\\\/de.wikipedia.org\\\/wiki\\\/SalzburgerLand_Tourismus_GmbH\"]},{\"@type\":\"Person\",\"@id\":\"https:\\\/\\\/www.salzburgerland.com\\\/de\\\/magazin\\\/#\\\/schema\\\/person\\\/ebd2c9f244aeea71e30f3b5d5e309de4\",\"name\":\"Peter Zeitlhofer\",\"description\":\"'Von Neugier getrieben' - diese Worte kommen Peter Zeitlhofer wohl schon ziemlich nahe. Egal ob am Segelboot, im Tiefschnee, unterwegs in Stadt und Land, oder auf einer seinen vielen Reisen - er ist immer auf der Suche nach Neuem, nach dem Besonderen, probiert so ziemlich alles aus und liebt es, dar\u00fcber zu reden und zu berichten. Womit man auch schon fast bei seiner zweiten Leidenschaft w\u00e4re - dem Schreiben. Immer und \u00fcberall ausgestattet\u00a0mit seinem Notebook, hat der Salzburger, mit Wurzeln am Attersee, sein Office\u00a0im wahrsten Sinne des Wortes unterm Arm und k\u00f6nnte sich nichts besseres vorstellen, als die Geschichten dort zu erz\u00e4hlen, wo sie passieren. Fr\u00fchling, Sommer, Herbst oder Winter? Als Mensch der Extreme, mag ich auch bei den Jahreszeiten den Sommer und den Winter am liebsten. Obwohl nat\u00fcrlich auch der Fr\u00fchling seine Reize hat. Aber der Herbst? Rindsroulade vom Pinzgauer Biorind oder Saibling fangfrisch aus dem Fuschlsee? Immer diese Entscheidungen! Kann ich auch beides haben? Mundharmonika oder Stradivari? Weder noch - als Gitarrist k\u00f6nnte ich mit beiden Instrumenten nichts anfangen. Lederhose oder Smoking? Eindeutig Lederhose, die bei mir mittlerweile sogar den Einzug in den sommerlichen Alltag gefunden hat. Und der LederhosnDonnerstag ist \u00a0ohnehin Pflicht. Alpinski, Offpist oder Skitour? Hauptsache rauf auf den Berg! Was dann tats\u00e4chlich auf dem Programm steht ist zweitrangig. Nur so viel: wenn der Schnee passt, dann h\u00e4lt mich nichts oder niemand auf der Piste. Bergtour oder Seentour? F\u00fcr mich gibt es im Sommer nichts Sch\u00f6neres, als mit dem Segelboot auf unseren herrlichen Seen unterwegs zu sein. Also wenn ich die Wahl habe, dann nehme ich im Sommer die Berge h\u00f6chstens als Kulisse. Haubenlokal oder Ab-Hof-Laden? Auch hier nehme ich von beidem ein bisschen. Aber bei der Oma schmeckt's dann doch am besten.\",\"url\":\"https:\\\/\\\/www.salzburgerland.com\\\/de\\\/magazin\\\/author\\\/peter-zeitlhofer\\\/\"}]}<\/script>\n<!-- \/ Yoast SEO Premium plugin. -->","yoast_head_json":{"title":"Die Tauernkarleitenalm - SalzburgerLand Magazin","description":"Entdecken Sie die Tauernkarleitenalm: inmitten unber\u00fchrter Natur, mit traditioneller Almkultur und kulinarischen Hochgen\u00fcssen.","robots":{"index":"index","follow":"follow","max-snippet":"max-snippet:-1","max-image-preview":"max-image-preview:large","max-video-preview":"max-video-preview:-1"},"canonical":"https:\/\/www.salzburgerland.com\/de\/magazin\/die-tauernkarleitenalm\/","og_locale":"de_DE","og_type":"article","og_title":"Die Tauernkarleitenalm","og_description":"Entdecken Sie die Tauernkarleitenalm: inmitten unber\u00fchrter Natur, mit traditioneller Almkultur und kulinarischen Hochgen\u00fcssen.","og_url":"https:\/\/www.salzburgerland.com\/de\/magazin\/die-tauernkarleitenalm\/","og_site_name":"SalzburgerLand Magazin","article_publisher":"https:\/\/www.facebook.com\/salzburgerland\/","article_published_time":"2024-04-22T05:00:00+00:00","article_modified_time":"2024-05-02T11:07:52+00:00","og_image":[{"width":1620,"height":1080,"url":"https:\/\/www.salzburgerland.com\/de\/magazin\/wp-content\/uploads\/2024\/03\/2021-sommer-landschaft-christian-schartner-18.jpg","type":"image\/jpeg"}],"author":"Peter Zeitlhofer","twitter_card":"summary_large_image","twitter_creator":"@Salzburgerland","twitter_site":"@Salzburgerland","twitter_misc":{"Verfasst von":"Peter Zeitlhofer","Gesch\u00e4tzte Lesezeit":"4\u00a0Minuten"},"schema":{"@context":"https:\/\/schema.org","@graph":[{"@type":"Article","@id":"https:\/\/www.salzburgerland.com\/de\/magazin\/die-tauernkarleitenalm\/#article","isPartOf":{"@id":"https:\/\/www.salzburgerland.com\/de\/magazin\/die-tauernkarleitenalm\/"},"author":{"name":"Peter Zeitlhofer","@id":"https:\/\/www.salzburgerland.com\/de\/magazin\/#\/schema\/person\/ebd2c9f244aeea71e30f3b5d5e309de4"},"headline":"Die Tauernkarleitenalm","datePublished":"2024-04-22T05:00:00+00:00","dateModified":"2024-05-02T11:07:52+00:00","mainEntityOfPage":{"@id":"https:\/\/www.salzburgerland.com\/de\/magazin\/die-tauernkarleitenalm\/"},"wordCount":617,"publisher":{"@id":"https:\/\/www.salzburgerland.com\/de\/magazin\/#organization"},"image":{"@id":"https:\/\/www.salzburgerland.com\/de\/magazin\/die-tauernkarleitenalm\/#primaryimage"},"thumbnailUrl":"https:\/\/www.salzburgerland.com\/de\/magazin\/wp-content\/uploads\/2024\/03\/2021-sommer-landschaft-christian-schartner-18.jpg","articleSection":["Essen &amp; Trinken"],"inLanguage":"de"},{"@type":"WebPage","@id":"https:\/\/www.salzburgerland.com\/de\/magazin\/die-tauernkarleitenalm\/","url":"https:\/\/www.salzburgerland.com\/de\/magazin\/die-tauernkarleitenalm\/","name":"Die Tauernkarleitenalm - SalzburgerLand Magazin","isPartOf":{"@id":"https:\/\/www.salzburgerland.com\/de\/magazin\/#website"},"primaryImageOfPage":{"@id":"https:\/\/www.salzburgerland.com\/de\/magazin\/die-tauernkarleitenalm\/#primaryimage"},"image":{"@id":"https:\/\/www.salzburgerland.com\/de\/magazin\/die-tauernkarleitenalm\/#primaryimage"},"thumbnailUrl":"https:\/\/www.salzburgerland.com\/de\/magazin\/wp-content\/uploads\/2024\/03\/2021-sommer-landschaft-christian-schartner-18.jpg","datePublished":"2024-04-22T05:00:00+00:00","dateModified":"2024-05-02T11:07:52+00:00","description":"Entdecken Sie die Tauernkarleitenalm: inmitten unber\u00fchrter Natur, mit traditioneller Almkultur und kulinarischen Hochgen\u00fcssen.","breadcrumb":{"@id":"https:\/\/www.salzburgerland.com\/de\/magazin\/die-tauernkarleitenalm\/#breadcrumb"},"inLanguage":"de","potentialAction":[{"@type":"ReadAction","target":["https:\/\/www.salzburgerland.com\/de\/magazin\/die-tauernkarleitenalm\/"]}]},{"@type":"ImageObject","inLanguage":"de","@id":"https:\/\/www.salzburgerland.com\/de\/magazin\/die-tauernkarleitenalm\/#primaryimage","url":"https:\/\/www.salzburgerland.com\/de\/magazin\/wp-content\/uploads\/2024\/03\/2021-sommer-landschaft-christian-schartner-18.jpg","contentUrl":"https:\/\/www.salzburgerland.com\/de\/magazin\/wp-content\/uploads\/2024\/03\/2021-sommer-landschaft-christian-schartner-18.jpg","width":1620,"height":1080,"caption":"\u00a9Christian Schartner"},{"@type":"BreadcrumbList","@id":"https:\/\/www.salzburgerland.com\/de\/magazin\/die-tauernkarleitenalm\/#breadcrumb","itemListElement":[{"@type":"ListItem","position":1,"name":"Startseite","item":"https:\/\/www.salzburgerland.com\/de\/magazin\/"},{"@type":"ListItem","position":2,"name":"Essen &amp; Trinken","item":"https:\/\/www.salzburgerland.com\/de\/magazin\/thema\/essen-trinken\/"},{"@type":"ListItem","position":3,"name":"Die Tauernkarleitenalm"}]},{"@type":"WebSite","@id":"https:\/\/www.salzburgerland.com\/de\/magazin\/#website","url":"https:\/\/www.salzburgerland.com\/de\/magazin\/","name":"SalzburgerLand Magazin","description":"Geschichten und Interessantes aus dem SalzburgerLand","publisher":{"@id":"https:\/\/www.salzburgerland.com\/de\/magazin\/#organization"},"potentialAction":[{"@type":"SearchAction","target":{"@type":"EntryPoint","urlTemplate":"https:\/\/www.salzburgerland.com\/de\/magazin\/?s={search_term_string}"},"query-input":{"@type":"PropertyValueSpecification","valueRequired":true,"valueName":"search_term_string"}}],"inLanguage":"de"},{"@type":"Organization","@id":"https:\/\/www.salzburgerland.com\/de\/magazin\/#organization","name":"SalzburgerLand Tourismus","url":"https:\/\/www.salzburgerland.com\/de\/magazin\/","logo":{"@type":"ImageObject","inLanguage":"de","@id":"https:\/\/www.salzburgerland.com\/de\/magazin\/#\/schema\/logo\/image\/","url":"https:\/\/www.salzburgerland.com\/de\/magazin\/wp-content\/uploads\/2019\/06\/salzburgerland-logo1.jpg","contentUrl":"https:\/\/www.salzburgerland.com\/de\/magazin\/wp-content\/uploads\/2019\/06\/salzburgerland-logo1.jpg","width":2011,"height":866,"caption":"SalzburgerLand Tourismus"},"image":{"@id":"https:\/\/www.salzburgerland.com\/de\/magazin\/#\/schema\/logo\/image\/"},"sameAs":["https:\/\/www.facebook.com\/salzburgerland\/","https:\/\/x.com\/Salzburgerland","https:\/\/www.instagram.com\/salzburgerland\/","https:\/\/at.linkedin.com\/company\/salzburgerland-tourismus-gmbh","https:\/\/www.pinterest.at\/salzburgerland\/","https:\/\/www.youtube.com\/user\/salzburgerland","https:\/\/de.wikipedia.org\/wiki\/SalzburgerLand_Tourismus_GmbH"]},{"@type":"Person","@id":"https:\/\/www.salzburgerland.com\/de\/magazin\/#\/schema\/person\/ebd2c9f244aeea71e30f3b5d5e309de4","name":"Peter Zeitlhofer","description":"'Von Neugier getrieben' - diese Worte kommen Peter Zeitlhofer wohl schon ziemlich nahe. Egal ob am Segelboot, im Tiefschnee, unterwegs in Stadt und Land, oder auf einer seinen vielen Reisen - er ist immer auf der Suche nach Neuem, nach dem Besonderen, probiert so ziemlich alles aus und liebt es, dar\u00fcber zu reden und zu berichten. Womit man auch schon fast bei seiner zweiten Leidenschaft w\u00e4re - dem Schreiben. Immer und \u00fcberall ausgestattet\u00a0mit seinem Notebook, hat der Salzburger, mit Wurzeln am Attersee, sein Office\u00a0im wahrsten Sinne des Wortes unterm Arm und k\u00f6nnte sich nichts besseres vorstellen, als die Geschichten dort zu erz\u00e4hlen, wo sie passieren. Fr\u00fchling, Sommer, Herbst oder Winter? Als Mensch der Extreme, mag ich auch bei den Jahreszeiten den Sommer und den Winter am liebsten. Obwohl nat\u00fcrlich auch der Fr\u00fchling seine Reize hat. Aber der Herbst? Rindsroulade vom Pinzgauer Biorind oder Saibling fangfrisch aus dem Fuschlsee? Immer diese Entscheidungen! Kann ich auch beides haben? Mundharmonika oder Stradivari? Weder noch - als Gitarrist k\u00f6nnte ich mit beiden Instrumenten nichts anfangen. Lederhose oder Smoking? Eindeutig Lederhose, die bei mir mittlerweile sogar den Einzug in den sommerlichen Alltag gefunden hat. Und der LederhosnDonnerstag ist \u00a0ohnehin Pflicht. Alpinski, Offpist oder Skitour? Hauptsache rauf auf den Berg! Was dann tats\u00e4chlich auf dem Programm steht ist zweitrangig. Nur so viel: wenn der Schnee passt, dann h\u00e4lt mich nichts oder niemand auf der Piste. Bergtour oder Seentour? F\u00fcr mich gibt es im Sommer nichts Sch\u00f6neres, als mit dem Segelboot auf unseren herrlichen Seen unterwegs zu sein. Also wenn ich die Wahl habe, dann nehme ich im Sommer die Berge h\u00f6chstens als Kulisse. Haubenlokal oder Ab-Hof-Laden? Auch hier nehme ich von beidem ein bisschen. Aber bei der Oma schmeckt's dann doch am besten.","url":"https:\/\/www.salzburgerland.com\/de\/magazin\/author\/peter-zeitlhofer\/"}]}},"_wl_alt_label":[],"wl:entity_url":"http:\/\/open.salzburgerland.com\/magazin\/post\/die-tauernkarleitenalm","_links":{"self":[{"href":"https:\/\/www.salzburgerland.com\/de\/magazin\/wp-json\/wp\/v2\/posts\/175827","targetHints":{"allow":["GET"]}}],"collection":[{"href":"https:\/\/www.salzburgerland.com\/de\/magazin\/wp-json\/wp\/v2\/posts"}],"about":[{"href":"https:\/\/www.salzburgerland.com\/de\/magazin\/wp-json\/wp\/v2\/types\/post"}],"author":[{"embeddable":true,"href":"https:\/\/www.salzburgerland.com\/de\/magazin\/wp-json\/wp\/v2\/users\/505"}],"replies":[{"embeddable":true,"href":"https:\/\/www.salzburgerland.com\/de\/magazin\/wp-json\/wp\/v2\/comments?post=175827"}],"version-history":[{"count":6,"href":"https:\/\/www.salzburgerland.com\/de\/magazin\/wp-json\/wp\/v2\/posts\/175827\/revisions"}],"predecessor-version":[{"id":180913,"href":"https:\/\/www.salzburgerland.com\/de\/magazin\/wp-json\/wp\/v2\/posts\/175827\/revisions\/180913"}],"wp:featuredmedia":[{"embeddable":true,"href":"https:\/\/www.salzburgerland.com\/de\/magazin\/wp-json\/wp\/v2\/media\/175831"}],"wp:attachment":[{"href":"https:\/\/www.salzburgerland.com\/de\/magazin\/wp-json\/wp\/v2\/media?parent=175827"}],"wp:term":[{"taxonomy":"category","embeddable":true,"href":"https:\/\/www.salzburgerland.com\/de\/magazin\/wp-json\/wp\/v2\/categories?post=175827"},{"taxonomy":"post_tag","embeddable":true,"href":"https:\/\/www.salzburgerland.com\/de\/magazin\/wp-json\/wp\/v2\/tags?post=175827"},{"taxonomy":"wl_entity_type","embeddable":true,"href":"https:\/\/www.salzburgerland.com\/de\/magazin\/wp-json\/wp\/v2\/wl_entity_type?post=175827"},{"taxonomy":"monatsauswahl","embeddable":true,"href":"https:\/\/www.salzburgerland.com\/de\/magazin\/wp-json\/wp\/v2\/monatsauswahl?post=175827"}],"curies":[{"name":"wp","href":"https:\/\/api.w.org\/{rel}","templated":true}]}}