{"id":175238,"date":"2024-02-03T07:00:00","date_gmt":"2024-02-03T06:00:00","guid":{"rendered":"https:\/\/www.salzburgerland.com\/de\/magazin\/?p=175238"},"modified":"2024-02-13T11:20:51","modified_gmt":"2024-02-13T10:20:51","slug":"rodelspass-fuer-klein-und-gross","status":"publish","type":"post","link":"https:\/\/www.salzburgerland.com\/de\/magazin\/rodelspass-fuer-klein-und-gross\/","title":{"rendered":"Rodelspa\u00df f\u00fcr Klein und Gro\u00df"},"content":{"rendered":"\n<div class=\"wp-block-slt-top topBlocks\">\n<h2 class=\"wp-block-slt-subtitle\">Rodeln ist der Winterspa\u00df abseits der Pisten<\/h2>\n\n\n\n<p class=\"wp-block-slt-intro\">Gerodelt wird im SalzburgerLand seit vielen Hunderten Jahren. Rodeln ist beliebt. Besonders attraktiv werden Rodelausfl\u00fcge jedoch, wenn sie urige H\u00fctten zum Einkehren haben. So etwa die Strecke bei der Bifei\u00b4s H\u00fctt\u00b4n (Altenmarkt\/Pongau). Dort mit den Kufen statt auf Brettern hinuntersausen, das ist ein Vergn\u00fcgen f\u00fcr die ganze Familie. <\/p>\n<\/div>\n\n\n\n<p>Das SalzburgerLand Magazin hat sich f\u00fcr diesen Winterspa\u00df nach Altenmarkt im Pongau begeben. Dort gibt es einige lustige und sch\u00f6n pr\u00e4parierte Rodelstrecken. Jene zu der <a href=\"https:\/\/www.bifeis-huette.at\/\" target=\"_blank\" rel=\"noreferrer noopener\">Bifeis\u00b4s H\u00fctt\u00b4n <\/a>oder Hochn\u00f6ssler-Alm geh\u00f6ren zu den beliebtesten.<br>Marlies und Stefan Huber, die Chefleute von der Bifei\u00b4s H\u00fctt\u00b4n wissen, was eine gelungene Schlittenfahrt ausmacht: \u201eSpa\u00df, Herausforderung und nat\u00fcrlich eine gute Verpflegung.\u201c <\/p>\n\n\n<div class=\"mag-gallery\"><div class=\"row\"><div class=\"col-6 col-sm-4\"><figure><a class=\"thumb-container\" href=\"https:\/\/www.salzburgerland.com\/de\/magazin\/wp-content\/uploads\/2024\/01\/2019-rodeln-matthias-fritzenwallner-1-1280x1024.jpg\">\t<picture><source media=\"(min-width: 576px)\" srcset=\"https:\/\/www.salzburgerland.com\/de\/magazin\/wp-content\/uploads\/2024\/01\/2019-rodeln-matthias-fritzenwallner-1-325x209.jpg 325w, https:\/\/www.salzburgerland.com\/de\/magazin\/wp-content\/uploads\/2024\/01\/2019-rodeln-matthias-fritzenwallner-1-249x160.jpg 249w\"><\/source><source media=\"(min-width: 0)\" srcset=\"https:\/\/www.salzburgerland.com\/de\/magazin\/wp-content\/uploads\/2024\/01\/2019-rodeln-matthias-fritzenwallner-1-249x160.jpg 249w, https:\/\/www.salzburgerland.com\/de\/magazin\/wp-content\/uploads\/2024\/01\/2019-rodeln-matthias-fritzenwallner-1-325x209.jpg 325w\"><\/source><img decoding=\"async\" alt=\"Drei Personen in Winterkleidung mit Schlitten genie&szlig;en den Schnee in der N&auml;he eines Waldes mit schneebedeckten B&auml;umen.\" src=\"https:\/\/www.salzburgerland.com\/de\/magazin\/wp-content\/uploads\/2024\/01\/2019-rodeln-matthias-fritzenwallner-1.jpg\">\t<\/picture><figcaption>\n\t\t\t\n\t\t\t\t\n\t\t\t\n\t\t<\/figcaption><\/a><\/figure><\/div><div class=\"col-6 col-sm-4\"><figure><a class=\"thumb-container\" href=\"https:\/\/www.salzburgerland.com\/de\/magazin\/wp-content\/uploads\/2024\/01\/2019-rodeln-matthias-fritzenwallner-15-1280x1024.jpg\">\t<picture><source media=\"(min-width: 576px)\" srcset=\"https:\/\/www.salzburgerland.com\/de\/magazin\/wp-content\/uploads\/2024\/01\/2019-rodeln-matthias-fritzenwallner-15-325x209.jpg 325w, https:\/\/www.salzburgerland.com\/de\/magazin\/wp-content\/uploads\/2024\/01\/2019-rodeln-matthias-fritzenwallner-15-249x160.jpg 249w\"><\/source><source media=\"(min-width: 0)\" srcset=\"https:\/\/www.salzburgerland.com\/de\/magazin\/wp-content\/uploads\/2024\/01\/2019-rodeln-matthias-fritzenwallner-15-249x160.jpg 249w, https:\/\/www.salzburgerland.com\/de\/magazin\/wp-content\/uploads\/2024\/01\/2019-rodeln-matthias-fritzenwallner-15-325x209.jpg 325w\"><\/source><img decoding=\"async\" alt=\"Drei Personen ziehen Schlitten einen verschneiten Weg hinauf, der von B&auml;umen umgeben ist, durch die das Sonnenlicht scheint.\" src=\"https:\/\/www.salzburgerland.com\/de\/magazin\/wp-content\/uploads\/2024\/01\/2019-rodeln-matthias-fritzenwallner-15.jpg\">\t<\/picture><\/a><\/figure><\/div><div class=\"col-6 col-sm-4\"><figure><a class=\"thumb-container\" href=\"https:\/\/www.salzburgerland.com\/de\/magazin\/wp-content\/uploads\/2024\/01\/IMG_3123-1280x1024.jpg\">\t<picture><source media=\"(min-width: 576px)\" srcset=\"https:\/\/www.salzburgerland.com\/de\/magazin\/wp-content\/uploads\/2024\/01\/IMG_3123-325x209.jpg 325w, https:\/\/www.salzburgerland.com\/de\/magazin\/wp-content\/uploads\/2024\/01\/IMG_3123-249x160.jpg 249w\"><\/source><source media=\"(min-width: 0)\" srcset=\"https:\/\/www.salzburgerland.com\/de\/magazin\/wp-content\/uploads\/2024\/01\/IMG_3123-249x160.jpg 249w, https:\/\/www.salzburgerland.com\/de\/magazin\/wp-content\/uploads\/2024\/01\/IMG_3123-325x209.jpg 325w\"><\/source><img decoding=\"async\" alt=\"Holzskier stehen vor einer rustikalen Almh&uuml;tte mit fellbespannten B&auml;nken und einem sonnigen blauen Himmel.\" src=\"https:\/\/www.salzburgerland.com\/de\/magazin\/wp-content\/uploads\/2024\/01\/IMG_3123-scaled.jpg\">\t<\/picture><figcaption>\n\t\t\t\n\t\t\t\t\n\t\t\t\n\t\t<\/figcaption><\/a><\/figure><\/div><\/div><figcaption><\/figcaption><\/div>\n\n\n\n<p>Seit 2003 gibt es beim Hochbifang eine eigene Rodelstrecke vor der H\u00fctte und Hausherr Stefan pr\u00e4pariert sie t\u00e4glich mit einem von ihm selbst erbauten Spezialger\u00e4t. 3,2 Kilometer ist die Strecke lang und jeden Abend mit Flutlicht beleuchtet. \u201eSchlitten kann man sich bei uns ausborgen\u201c, erz\u00e4hlt Chefin Marlies. Die Rodeln stehen in der <a href=\"https:\/\/www.bifeis-huette.at\/\" target=\"_blank\" rel=\"noreferrer noopener\">Bifeis H\u00fctte<\/a> zum Ausleihen bereit und k\u00f6nnen nach Ende der Fahrt am Abstellplatz beim <a href=\"https:\/\/www.radstadt-altenmarkt.at\/\" target=\"_blank\" rel=\"noreferrer noopener\">Parkplatz der Hochbifangbahn<\/a> (Altenmarkt) wieder abgestellt werden.<\/p>\n\n\n\n<h2 class=\"wp-block-heading\" id=\"h-rasante-abfahrt-durch-wintermarchenwald\">Rasante Abfahrt durch Winterm\u00e4rchenwald<\/h2>\n\n\n\n<p>Der Schnee glitzert in der Sonne und unsere Fu\u00dfspuren hinterlassen die ersten Abdr\u00fccke auf der perfekt pr\u00e4parierten Abfahrt. Die Rodelbahn schl\u00e4ngelt sich durch einen Winterm\u00e4rchenwald, der immer wieder durch Lichtungen unterbrochen wird. So kann man \u2013&nbsp; bei Pausen zwischendurch \u2013&nbsp; Blicke auf die traumhaft sch\u00f6ne Bergwelt der Umgebung werfen.<br>Ein weiteres Plus dieser Rodelstrecke: sie ist t\u00e4glich bis 24 Uhr beleuchtet. Zu den H\u00fctten kann man zu Fu\u00df gehen bzw. besteht f\u00fcr gr\u00f6\u00dfere Runden auch die M\u00f6glichkeit, ein Rodeltaxi zu bestellen.<br>Bei der gem\u00fctlichen Bifei\u00b4s H\u00fctte verw\u00f6hnen die freundlichen Gastgeber mit regionalen Spezialit\u00e4ten; auf der Speisekarte steht sogar eine \u201eSchlittenfuhr\u201c, ein origineller Grillteller. F\u00fcr besondere Schmankerl wie Ripperl im Reindl , \u201esollte man vorbestellen und bei gr\u00f6\u00dferen Runden ist eine Reservierung kein Fehler\u201c, sagt die Chefin, \u201evor allem an Wochenenden oder in Ferienzeiten.\u201c Ihr Tipp f\u00fcr k\u00fcnftige Rodler: Gute Winterbekleidung samt robuster Handschuhe tragen und schon geht\u00b4s los!<\/p>\n\n\n<div class=\"mag-gallery\"><div class=\"row\"><div class=\"col-6 col-sm-4\"><figure><a class=\"thumb-container\" href=\"https:\/\/www.salzburgerland.com\/de\/magazin\/wp-content\/uploads\/2024\/01\/IMG_3137-1280x1024.jpg\">\t<picture><source media=\"(min-width: 576px)\" srcset=\"https:\/\/www.salzburgerland.com\/de\/magazin\/wp-content\/uploads\/2024\/01\/IMG_3137-325x209.jpg 325w, https:\/\/www.salzburgerland.com\/de\/magazin\/wp-content\/uploads\/2024\/01\/IMG_3137-249x160.jpg 249w\"><\/source><source media=\"(min-width: 0)\" srcset=\"https:\/\/www.salzburgerland.com\/de\/magazin\/wp-content\/uploads\/2024\/01\/IMG_3137-249x160.jpg 249w, https:\/\/www.salzburgerland.com\/de\/magazin\/wp-content\/uploads\/2024\/01\/IMG_3137-325x209.jpg 325w\"><\/source><img decoding=\"async\" alt=\"Eine l&auml;chelnde Frau in gr&uuml;ner Weste steht vor einem rustikalen Holzgeb&auml;ude und h&auml;lt einen blauen Schlitten in das Sonnenlicht.\" src=\"https:\/\/www.salzburgerland.com\/de\/magazin\/wp-content\/uploads\/2024\/01\/IMG_3137-scaled.jpg\">\t<\/picture><figcaption>\n\t\t\t\n\t\t\t\t\n\t\t\t\n\t\t<\/figcaption><\/a><\/figure><\/div><div class=\"col-6 col-sm-4\"><figure><a class=\"thumb-container\" href=\"https:\/\/www.salzburgerland.com\/de\/magazin\/wp-content\/uploads\/2024\/01\/IMG-20240131-WA0011-1280x1024.jpg\">\t<picture><source media=\"(min-width: 576px)\" srcset=\"https:\/\/www.salzburgerland.com\/de\/magazin\/wp-content\/uploads\/2024\/01\/IMG-20240131-WA0011-325x209.jpg 325w, https:\/\/www.salzburgerland.com\/de\/magazin\/wp-content\/uploads\/2024\/01\/IMG-20240131-WA0011-249x160.jpg 249w\"><\/source><source media=\"(min-width: 0)\" srcset=\"https:\/\/www.salzburgerland.com\/de\/magazin\/wp-content\/uploads\/2024\/01\/IMG-20240131-WA0011-249x160.jpg 249w, https:\/\/www.salzburgerland.com\/de\/magazin\/wp-content\/uploads\/2024\/01\/IMG-20240131-WA0011-325x209.jpg 325w\"><\/source><img decoding=\"async\" alt=\"Rustikale K&uuml;che mit Holzm&ouml;beln, gr&uuml;nen Kissen und einer gro&szlig;en Eisenpfanne auf einem alten Herd.\" src=\"https:\/\/www.salzburgerland.com\/de\/magazin\/wp-content\/uploads\/2024\/01\/IMG-20240131-WA0011.jpg\">\t<\/picture><\/a><\/figure><\/div><div class=\"col-6 col-sm-4\"><figure><a class=\"thumb-container\" href=\"https:\/\/www.salzburgerland.com\/de\/magazin\/wp-content\/uploads\/2024\/01\/IMG-20240131-WA0005-1280x1024.jpg\">\t<picture><source media=\"(min-width: 576px)\" srcset=\"https:\/\/www.salzburgerland.com\/de\/magazin\/wp-content\/uploads\/2024\/01\/IMG-20240131-WA0005-325x209.jpg 325w, https:\/\/www.salzburgerland.com\/de\/magazin\/wp-content\/uploads\/2024\/01\/IMG-20240131-WA0005-249x160.jpg 249w\"><\/source><source media=\"(min-width: 0)\" srcset=\"https:\/\/www.salzburgerland.com\/de\/magazin\/wp-content\/uploads\/2024\/01\/IMG-20240131-WA0005-249x160.jpg 249w, https:\/\/www.salzburgerland.com\/de\/magazin\/wp-content\/uploads\/2024\/01\/IMG-20240131-WA0005-325x209.jpg 325w\"><\/source><img decoding=\"async\" alt=\"Au&szlig;enbestuhlung mit rotkarierten Tischen und Blick auf die Berge an einem sonnigen, verschneiten Tag, leere B&auml;nke sichtbar.\" src=\"https:\/\/www.salzburgerland.com\/de\/magazin\/wp-content\/uploads\/2024\/01\/IMG-20240131-WA0005.jpg\">\t<\/picture><\/a><\/figure><\/div><div class=\"col-6 col-sm-4\"><figure><a class=\"thumb-container\" href=\"https:\/\/www.salzburgerland.com\/de\/magazin\/wp-content\/uploads\/2024\/01\/IMG-20240131-WA0007-1280x1024.jpg\">\t<picture><source media=\"(min-width: 576px)\" srcset=\"https:\/\/www.salzburgerland.com\/de\/magazin\/wp-content\/uploads\/2024\/01\/IMG-20240131-WA0007-325x209.jpg 325w, https:\/\/www.salzburgerland.com\/de\/magazin\/wp-content\/uploads\/2024\/01\/IMG-20240131-WA0007-249x160.jpg 249w\"><\/source><source media=\"(min-width: 0)\" srcset=\"https:\/\/www.salzburgerland.com\/de\/magazin\/wp-content\/uploads\/2024\/01\/IMG-20240131-WA0007-249x160.jpg 249w, https:\/\/www.salzburgerland.com\/de\/magazin\/wp-content\/uploads\/2024\/01\/IMG-20240131-WA0007-325x209.jpg 325w\"><\/source><img decoding=\"async\" alt=\"Ein Kind in Winterkleidung sitzt auf einem Schlitten in einem verschneiten Rodelgebiet mit Kiefern und einem roten Schild im Hintergrund.\" src=\"https:\/\/www.salzburgerland.com\/de\/magazin\/wp-content\/uploads\/2024\/01\/IMG-20240131-WA0007.jpg\">\t<\/picture><\/a><\/figure><\/div><div class=\"col-6 col-sm-4\"><figure><a class=\"thumb-container\" href=\"https:\/\/www.salzburgerland.com\/de\/magazin\/wp-content\/uploads\/2024\/01\/IMG_3165-1280x1024.jpg\">\t<picture><source media=\"(min-width: 576px)\" srcset=\"https:\/\/www.salzburgerland.com\/de\/magazin\/wp-content\/uploads\/2024\/01\/IMG_3165-325x209.jpg 325w, https:\/\/www.salzburgerland.com\/de\/magazin\/wp-content\/uploads\/2024\/01\/IMG_3165-249x160.jpg 249w\"><\/source><source media=\"(min-width: 0)\" srcset=\"https:\/\/www.salzburgerland.com\/de\/magazin\/wp-content\/uploads\/2024\/01\/IMG_3165-249x160.jpg 249w, https:\/\/www.salzburgerland.com\/de\/magazin\/wp-content\/uploads\/2024\/01\/IMG_3165-325x209.jpg 325w\"><\/source><img decoding=\"async\" alt=\"Eine Person, die mit dem Schlitten einen verschneiten H&uuml;gel hinunterf&auml;hrt, sich zur&uuml;cklehnt und an einem sonnigen Wintertag l&auml;chelt.\" src=\"https:\/\/www.salzburgerland.com\/de\/magazin\/wp-content\/uploads\/2024\/01\/IMG_3165-scaled.jpg\">\t<\/picture><figcaption>\n\t\t\t\n\t\t\t\t\n\t\t\t\n\t\t<\/figcaption><\/a><\/figure><\/div><div class=\"col-6 col-sm-4\"><figure><a class=\"thumb-container\" href=\"https:\/\/www.salzburgerland.com\/de\/magazin\/wp-content\/uploads\/2024\/01\/2016-17-rodeln-bifang-freunde-nadia-jabli-photography-26-1280x1024.jpg\">\t<picture><source media=\"(min-width: 576px)\" srcset=\"https:\/\/www.salzburgerland.com\/de\/magazin\/wp-content\/uploads\/2024\/01\/2016-17-rodeln-bifang-freunde-nadia-jabli-photography-26-325x209.jpg 325w, https:\/\/www.salzburgerland.com\/de\/magazin\/wp-content\/uploads\/2024\/01\/2016-17-rodeln-bifang-freunde-nadia-jabli-photography-26-249x160.jpg 249w\"><\/source><source media=\"(min-width: 0)\" srcset=\"https:\/\/www.salzburgerland.com\/de\/magazin\/wp-content\/uploads\/2024\/01\/2016-17-rodeln-bifang-freunde-nadia-jabli-photography-26-249x160.jpg 249w, https:\/\/www.salzburgerland.com\/de\/magazin\/wp-content\/uploads\/2024\/01\/2016-17-rodeln-bifang-freunde-nadia-jabli-photography-26-325x209.jpg 325w\"><\/source><img decoding=\"async\" alt=\"Frau in heller Winterkleidung schlittelt auf Schnee, l&auml;chelt und schaut zur&uuml;ck; andere schlitteln im Wald voraus.\" src=\"https:\/\/www.salzburgerland.com\/de\/magazin\/wp-content\/uploads\/2024\/01\/2016-17-rodeln-bifang-freunde-nadia-jabli-photography-26.jpg\">\t<\/picture><figcaption>\n\t\t\t\n\t\t\t\t\n\t\t\t\n\t\t<\/figcaption><\/a><\/figure><\/div><\/div><figcaption><\/figcaption><\/div>\n\n\n\n<p>Ein weiterer Tipp: beliebte <a href=\"https:\/\/www.outdooractive.com\/de\/rodelstrecken\/bezirk-sankt-johann-im-pongau\/rodeln-in-sankt-johann-im-pongau\/1461293\/\" target=\"_blank\" rel=\"noreferrer noopener\">Rodelstrecken im Pongau<\/a><a href=\"https:\/\/www.outdooractive.com\/de\/rodelstrecken\/bezirk-sankt-johann-im-pongau\/rodeln-in-sankt-johann-im-pongau\/1461293\/\"> &#8230;<\/a><br><br>@ Bilder: Tourismusverband Altenmarkt\/Matthias Fritzenwallner\/Nadia Jabli Photography, <a href=\"https:\/\/www.bifeis-huette.at\/\">Bifei\u00b4s H\u00fctt`n <\/a>und Maria Riedler<\/p>\n","protected":false},"excerpt":{"rendered":"<p>rodeln schlittenfahren bei hochbifang, bifei h\u00fctte altenmarkt<\/p>\n","protected":false},"author":217,"featured_media":175241,"comment_status":"closed","ping_status":"closed","sticky":false,"template":"","format":"standard","meta":{"_acf_changed":false,"wl_entities_gutenberg":"","_wl_entity_redirect_enabled":"","footnotes":""},"categories":[8],"tags":[7751],"wl_entity_type":[306],"monatsauswahl":[82,83,84,93],"class_list":["post-175238","post","type-post","status-publish","format-standard","has-post-thumbnail","hentry","category-outdoor-sport","tag-rodel-salzburgerland-pongau-altenmarkt-hochbifang","wl_entity_type-article","monatsauswahl-monat_1","monatsauswahl-monat_2","monatsauswahl-monat_3","monatsauswahl-monat_12"],"acf":[],"yoast_head":"<!-- This site is optimized with the Yoast SEO Premium plugin v27.4 (Yoast SEO v27.4) - https:\/\/yoast.com\/product\/yoast-seo-premium-wordpress\/ -->\n<title>Rodelspa\u00df f\u00fcr Klein und Gro\u00df - SalzburgerLand Magazin<\/title>\n<meta name=\"robots\" content=\"index, follow, max-snippet:-1, max-image-preview:large, max-video-preview:-1\" \/>\n<link rel=\"canonical\" href=\"https:\/\/www.salzburgerland.com\/de\/magazin\/rodelspass-fuer-klein-und-gross\/\" \/>\n<meta property=\"og:locale\" content=\"de_DE\" \/>\n<meta property=\"og:type\" content=\"article\" \/>\n<meta property=\"og:title\" content=\"Rodelspa\u00df f\u00fcr Klein und Gro\u00df\" \/>\n<meta property=\"og:description\" content=\"rodeln schlittenfahren bei hochbifang, bifei h\u00fctte altenmarkt\" \/>\n<meta property=\"og:url\" content=\"https:\/\/www.salzburgerland.com\/de\/magazin\/rodelspass-fuer-klein-und-gross\/\" \/>\n<meta property=\"og:site_name\" content=\"SalzburgerLand Magazin\" \/>\n<meta property=\"article:publisher\" content=\"https:\/\/www.facebook.com\/salzburgerland\/\" \/>\n<meta property=\"article:published_time\" content=\"2024-02-03T06:00:00+00:00\" \/>\n<meta property=\"article:modified_time\" content=\"2024-02-13T10:20:51+00:00\" \/>\n<meta property=\"og:image\" content=\"https:\/\/www.salzburgerland.com\/de\/magazin\/wp-content\/uploads\/2024\/01\/2016-17-rodeln-bifang-freunde-nadia-jabli-photography-37.jpg\" \/>\n\t<meta property=\"og:image:width\" content=\"1618\" \/>\n\t<meta property=\"og:image:height\" content=\"1080\" \/>\n\t<meta property=\"og:image:type\" content=\"image\/jpeg\" \/>\n<meta name=\"author\" content=\"Maria Riedler\" \/>\n<meta name=\"twitter:card\" content=\"summary_large_image\" \/>\n<meta name=\"twitter:creator\" content=\"@Salzburgerland\" \/>\n<meta name=\"twitter:site\" content=\"@Salzburgerland\" \/>\n<meta name=\"twitter:label1\" content=\"Verfasst von\" \/>\n\t<meta name=\"twitter:data1\" content=\"Maria Riedler\" \/>\n\t<meta name=\"twitter:label2\" content=\"Gesch\u00e4tzte Lesezeit\" \/>\n\t<meta name=\"twitter:data2\" content=\"4\u00a0Minuten\" \/>\n<script type=\"application\/ld+json\" class=\"yoast-schema-graph\">{\"@context\":\"https:\\\/\\\/schema.org\",\"@graph\":[{\"@type\":\"Article\",\"@id\":\"https:\\\/\\\/www.salzburgerland.com\\\/de\\\/magazin\\\/rodelspass-fuer-klein-und-gross\\\/#article\",\"isPartOf\":{\"@id\":\"https:\\\/\\\/www.salzburgerland.com\\\/de\\\/magazin\\\/rodelspass-fuer-klein-und-gross\\\/\"},\"author\":{\"name\":\"Maria Riedler\",\"@id\":\"https:\\\/\\\/www.salzburgerland.com\\\/de\\\/magazin\\\/#\\\/schema\\\/person\\\/0cd712588b834668bcd33d7a0668adb3\"},\"headline\":\"Rodelspa\u00df f\u00fcr Klein und Gro\u00df\",\"datePublished\":\"2024-02-03T06:00:00+00:00\",\"dateModified\":\"2024-02-13T10:20:51+00:00\",\"mainEntityOfPage\":{\"@id\":\"https:\\\/\\\/www.salzburgerland.com\\\/de\\\/magazin\\\/rodelspass-fuer-klein-und-gross\\\/\"},\"wordCount\":410,\"publisher\":{\"@id\":\"https:\\\/\\\/www.salzburgerland.com\\\/de\\\/magazin\\\/#organization\"},\"image\":{\"@id\":\"https:\\\/\\\/www.salzburgerland.com\\\/de\\\/magazin\\\/rodelspass-fuer-klein-und-gross\\\/#primaryimage\"},\"thumbnailUrl\":\"https:\\\/\\\/www.salzburgerland.com\\\/de\\\/magazin\\\/wp-content\\\/uploads\\\/2024\\\/01\\\/2016-17-rodeln-bifang-freunde-nadia-jabli-photography-37.jpg\",\"keywords\":[\"rodel salzburgerland pongau altenmarkt hochbifang\"],\"articleSection\":[\"Outdoor &amp; Sport\"],\"inLanguage\":\"de\"},{\"@type\":\"WebPage\",\"@id\":\"https:\\\/\\\/www.salzburgerland.com\\\/de\\\/magazin\\\/rodelspass-fuer-klein-und-gross\\\/\",\"url\":\"https:\\\/\\\/www.salzburgerland.com\\\/de\\\/magazin\\\/rodelspass-fuer-klein-und-gross\\\/\",\"name\":\"Rodelspa\u00df f\u00fcr Klein und Gro\u00df - SalzburgerLand Magazin\",\"isPartOf\":{\"@id\":\"https:\\\/\\\/www.salzburgerland.com\\\/de\\\/magazin\\\/#website\"},\"primaryImageOfPage\":{\"@id\":\"https:\\\/\\\/www.salzburgerland.com\\\/de\\\/magazin\\\/rodelspass-fuer-klein-und-gross\\\/#primaryimage\"},\"image\":{\"@id\":\"https:\\\/\\\/www.salzburgerland.com\\\/de\\\/magazin\\\/rodelspass-fuer-klein-und-gross\\\/#primaryimage\"},\"thumbnailUrl\":\"https:\\\/\\\/www.salzburgerland.com\\\/de\\\/magazin\\\/wp-content\\\/uploads\\\/2024\\\/01\\\/2016-17-rodeln-bifang-freunde-nadia-jabli-photography-37.jpg\",\"datePublished\":\"2024-02-03T06:00:00+00:00\",\"dateModified\":\"2024-02-13T10:20:51+00:00\",\"breadcrumb\":{\"@id\":\"https:\\\/\\\/www.salzburgerland.com\\\/de\\\/magazin\\\/rodelspass-fuer-klein-und-gross\\\/#breadcrumb\"},\"inLanguage\":\"de\",\"potentialAction\":[{\"@type\":\"ReadAction\",\"target\":[\"https:\\\/\\\/www.salzburgerland.com\\\/de\\\/magazin\\\/rodelspass-fuer-klein-und-gross\\\/\"]}]},{\"@type\":\"ImageObject\",\"inLanguage\":\"de\",\"@id\":\"https:\\\/\\\/www.salzburgerland.com\\\/de\\\/magazin\\\/rodelspass-fuer-klein-und-gross\\\/#primaryimage\",\"url\":\"https:\\\/\\\/www.salzburgerland.com\\\/de\\\/magazin\\\/wp-content\\\/uploads\\\/2024\\\/01\\\/2016-17-rodeln-bifang-freunde-nadia-jabli-photography-37.jpg\",\"contentUrl\":\"https:\\\/\\\/www.salzburgerland.com\\\/de\\\/magazin\\\/wp-content\\\/uploads\\\/2024\\\/01\\\/2016-17-rodeln-bifang-freunde-nadia-jabli-photography-37.jpg\",\"width\":1618,\"height\":1080,\"caption\":\"Vier Frauen in farbenfroher Winterkleidung rodeln auf Schnee bergab, l\u00e4cheln und genie\u00dfen die Fahrt.\"},{\"@type\":\"BreadcrumbList\",\"@id\":\"https:\\\/\\\/www.salzburgerland.com\\\/de\\\/magazin\\\/rodelspass-fuer-klein-und-gross\\\/#breadcrumb\",\"itemListElement\":[{\"@type\":\"ListItem\",\"position\":1,\"name\":\"Startseite\",\"item\":\"https:\\\/\\\/www.salzburgerland.com\\\/de\\\/magazin\\\/\"},{\"@type\":\"ListItem\",\"position\":2,\"name\":\"Outdoor &amp; Sport\",\"item\":\"https:\\\/\\\/www.salzburgerland.com\\\/de\\\/magazin\\\/thema\\\/outdoor-sport\\\/\"},{\"@type\":\"ListItem\",\"position\":3,\"name\":\"Rodelspa\u00df f\u00fcr Klein und Gro\u00df\"}]},{\"@type\":\"WebSite\",\"@id\":\"https:\\\/\\\/www.salzburgerland.com\\\/de\\\/magazin\\\/#website\",\"url\":\"https:\\\/\\\/www.salzburgerland.com\\\/de\\\/magazin\\\/\",\"name\":\"SalzburgerLand Magazin\",\"description\":\"Geschichten und Interessantes aus dem SalzburgerLand\",\"publisher\":{\"@id\":\"https:\\\/\\\/www.salzburgerland.com\\\/de\\\/magazin\\\/#organization\"},\"potentialAction\":[{\"@type\":\"SearchAction\",\"target\":{\"@type\":\"EntryPoint\",\"urlTemplate\":\"https:\\\/\\\/www.salzburgerland.com\\\/de\\\/magazin\\\/?s={search_term_string}\"},\"query-input\":{\"@type\":\"PropertyValueSpecification\",\"valueRequired\":true,\"valueName\":\"search_term_string\"}}],\"inLanguage\":\"de\"},{\"@type\":\"Organization\",\"@id\":\"https:\\\/\\\/www.salzburgerland.com\\\/de\\\/magazin\\\/#organization\",\"name\":\"SalzburgerLand Tourismus\",\"url\":\"https:\\\/\\\/www.salzburgerland.com\\\/de\\\/magazin\\\/\",\"logo\":{\"@type\":\"ImageObject\",\"inLanguage\":\"de\",\"@id\":\"https:\\\/\\\/www.salzburgerland.com\\\/de\\\/magazin\\\/#\\\/schema\\\/logo\\\/image\\\/\",\"url\":\"https:\\\/\\\/www.salzburgerland.com\\\/de\\\/magazin\\\/wp-content\\\/uploads\\\/2019\\\/06\\\/salzburgerland-logo1.jpg\",\"contentUrl\":\"https:\\\/\\\/www.salzburgerland.com\\\/de\\\/magazin\\\/wp-content\\\/uploads\\\/2019\\\/06\\\/salzburgerland-logo1.jpg\",\"width\":2011,\"height\":866,\"caption\":\"SalzburgerLand Tourismus\"},\"image\":{\"@id\":\"https:\\\/\\\/www.salzburgerland.com\\\/de\\\/magazin\\\/#\\\/schema\\\/logo\\\/image\\\/\"},\"sameAs\":[\"https:\\\/\\\/www.facebook.com\\\/salzburgerland\\\/\",\"https:\\\/\\\/x.com\\\/Salzburgerland\",\"https:\\\/\\\/www.instagram.com\\\/salzburgerland\\\/\",\"https:\\\/\\\/at.linkedin.com\\\/company\\\/salzburgerland-tourismus-gmbh\",\"https:\\\/\\\/www.pinterest.at\\\/salzburgerland\\\/\",\"https:\\\/\\\/www.youtube.com\\\/user\\\/salzburgerland\",\"https:\\\/\\\/de.wikipedia.org\\\/wiki\\\/SalzburgerLand_Tourismus_GmbH\"]},{\"@type\":\"Person\",\"@id\":\"https:\\\/\\\/www.salzburgerland.com\\\/de\\\/magazin\\\/#\\\/schema\\\/person\\\/0cd712588b834668bcd33d7a0668adb3\",\"name\":\"Maria Riedler\",\"description\":\"Ein Bild sagt mehr als tausend Worte, hei\u00dft es. Aber genauso wichtig ist die Geschichte dazu. Spannende Texte haben nicht nur einen gro\u00dfen Effekt auf unsere Wahrnehmung, sie lassen auch das Kopfkino in uns starten! Den Dingen nachzusp\u00fcren und auf den Grund zu gehen, das geh\u00f6rt jedenfalls seit meiner Jugendzeit zu mir ... Maria Riedler studierte neben ihrer T\u00e4tigkeit als Kinderkrankenschwester Publizistik und P\u00e4dagogik. Nach dem Studium verbrachte sie \u00fcber zwei Jahre in Australien, wo sie f\u00fcr den staatlichen Rundfunk SBS arbeitete. Anschlie\u00dfend war sie f\u00fcnf Jahre freie Mitarbeiterin im ORF Landesstudio Salzburg, weiters Kommunikationsbeauftragte beim Arbeitskreis f\u00fcr Vorsorgemedizin Salzburg (AVOS), war freiberufliche Journalistin bei der Salzburgerin und ist als Redakteurin f\u00fcr die Pongauer Nachrichten t\u00e4tig. Neben Schreiben, Fotografieren und Lesen liebt sie vor allem unsere Berge und ist ehrenamtlich Bergrettungshundef\u00fchrerin und Pressereferentin der Bergrettung Salzburg. Dosige(r) oder Zuagroast? Eindeutig dosig - aus dem\u00a0einmaligen Lungau. Fr\u00fchling, Sommer, Herbst oder Winter? Nachdem ich auch einige Jahre in Australien gelebt habe, bin ich mir sicher, dass uns weltweit die Menschen um diese so unterschiedlich sch\u00f6nen und so facettenreichen Jahreszeiten beneiden. Luxushotel oder Almh\u00fctte? Obwohl so ein Luxushotel schon seine Reize hat, genie\u00dfe ich doch meist eher die Einsamkeit auf einer Almh\u00fctte\u2026. Mozart oder Hubert von Goisern? Wie sch\u00f6n, dass wir so begnadete Musiker haben!\u00a0Leider\u00a0gibt es f\u00fcr mich - wie so oft - siehe oben und unten :-) kein Entweder-Oder\u2026 Ausstellung oder Bergpanorama? \\\"Kunst w\u00e4scht den Staub des Alltag von der Seele\\\", meinte Pablo Picasso. \u00a0Die Berge und deren Traumpanorama brauche ich auch, um mir\u00a0neue Perspektiven vom Leben zu holen.\u00a0Also:\u00a0Es muss doch mehr als alles geben \u00a0- wahrscheinlich mein Lebensmotto, deshalb bitte keine weiteren Entweder-Oder Fragen!\u00a0:-) Wer jemals einen Sonnenaufgang oder Sonnenuntergang in unseren Bergen erlebt hat, wei\u00df um die Einmaligkeit dieser Bilder und Eindr\u00fccke.\",\"url\":\"https:\\\/\\\/www.salzburgerland.com\\\/de\\\/magazin\\\/author\\\/mriedler\\\/\"}]}<\/script>\n<!-- \/ Yoast SEO Premium plugin. -->","yoast_head_json":{"title":"Rodelspa\u00df f\u00fcr Klein und Gro\u00df - SalzburgerLand Magazin","robots":{"index":"index","follow":"follow","max-snippet":"max-snippet:-1","max-image-preview":"max-image-preview:large","max-video-preview":"max-video-preview:-1"},"canonical":"https:\/\/www.salzburgerland.com\/de\/magazin\/rodelspass-fuer-klein-und-gross\/","og_locale":"de_DE","og_type":"article","og_title":"Rodelspa\u00df f\u00fcr Klein und Gro\u00df","og_description":"rodeln schlittenfahren bei hochbifang, bifei h\u00fctte altenmarkt","og_url":"https:\/\/www.salzburgerland.com\/de\/magazin\/rodelspass-fuer-klein-und-gross\/","og_site_name":"SalzburgerLand Magazin","article_publisher":"https:\/\/www.facebook.com\/salzburgerland\/","article_published_time":"2024-02-03T06:00:00+00:00","article_modified_time":"2024-02-13T10:20:51+00:00","og_image":[{"width":1618,"height":1080,"url":"https:\/\/www.salzburgerland.com\/de\/magazin\/wp-content\/uploads\/2024\/01\/2016-17-rodeln-bifang-freunde-nadia-jabli-photography-37.jpg","type":"image\/jpeg"}],"author":"Maria Riedler","twitter_card":"summary_large_image","twitter_creator":"@Salzburgerland","twitter_site":"@Salzburgerland","twitter_misc":{"Verfasst von":"Maria Riedler","Gesch\u00e4tzte Lesezeit":"4\u00a0Minuten"},"schema":{"@context":"https:\/\/schema.org","@graph":[{"@type":"Article","@id":"https:\/\/www.salzburgerland.com\/de\/magazin\/rodelspass-fuer-klein-und-gross\/#article","isPartOf":{"@id":"https:\/\/www.salzburgerland.com\/de\/magazin\/rodelspass-fuer-klein-und-gross\/"},"author":{"name":"Maria Riedler","@id":"https:\/\/www.salzburgerland.com\/de\/magazin\/#\/schema\/person\/0cd712588b834668bcd33d7a0668adb3"},"headline":"Rodelspa\u00df f\u00fcr Klein und Gro\u00df","datePublished":"2024-02-03T06:00:00+00:00","dateModified":"2024-02-13T10:20:51+00:00","mainEntityOfPage":{"@id":"https:\/\/www.salzburgerland.com\/de\/magazin\/rodelspass-fuer-klein-und-gross\/"},"wordCount":410,"publisher":{"@id":"https:\/\/www.salzburgerland.com\/de\/magazin\/#organization"},"image":{"@id":"https:\/\/www.salzburgerland.com\/de\/magazin\/rodelspass-fuer-klein-und-gross\/#primaryimage"},"thumbnailUrl":"https:\/\/www.salzburgerland.com\/de\/magazin\/wp-content\/uploads\/2024\/01\/2016-17-rodeln-bifang-freunde-nadia-jabli-photography-37.jpg","keywords":["rodel salzburgerland pongau altenmarkt hochbifang"],"articleSection":["Outdoor &amp; Sport"],"inLanguage":"de"},{"@type":"WebPage","@id":"https:\/\/www.salzburgerland.com\/de\/magazin\/rodelspass-fuer-klein-und-gross\/","url":"https:\/\/www.salzburgerland.com\/de\/magazin\/rodelspass-fuer-klein-und-gross\/","name":"Rodelspa\u00df f\u00fcr Klein und Gro\u00df - SalzburgerLand Magazin","isPartOf":{"@id":"https:\/\/www.salzburgerland.com\/de\/magazin\/#website"},"primaryImageOfPage":{"@id":"https:\/\/www.salzburgerland.com\/de\/magazin\/rodelspass-fuer-klein-und-gross\/#primaryimage"},"image":{"@id":"https:\/\/www.salzburgerland.com\/de\/magazin\/rodelspass-fuer-klein-und-gross\/#primaryimage"},"thumbnailUrl":"https:\/\/www.salzburgerland.com\/de\/magazin\/wp-content\/uploads\/2024\/01\/2016-17-rodeln-bifang-freunde-nadia-jabli-photography-37.jpg","datePublished":"2024-02-03T06:00:00+00:00","dateModified":"2024-02-13T10:20:51+00:00","breadcrumb":{"@id":"https:\/\/www.salzburgerland.com\/de\/magazin\/rodelspass-fuer-klein-und-gross\/#breadcrumb"},"inLanguage":"de","potentialAction":[{"@type":"ReadAction","target":["https:\/\/www.salzburgerland.com\/de\/magazin\/rodelspass-fuer-klein-und-gross\/"]}]},{"@type":"ImageObject","inLanguage":"de","@id":"https:\/\/www.salzburgerland.com\/de\/magazin\/rodelspass-fuer-klein-und-gross\/#primaryimage","url":"https:\/\/www.salzburgerland.com\/de\/magazin\/wp-content\/uploads\/2024\/01\/2016-17-rodeln-bifang-freunde-nadia-jabli-photography-37.jpg","contentUrl":"https:\/\/www.salzburgerland.com\/de\/magazin\/wp-content\/uploads\/2024\/01\/2016-17-rodeln-bifang-freunde-nadia-jabli-photography-37.jpg","width":1618,"height":1080,"caption":"Vier Frauen in farbenfroher Winterkleidung rodeln auf Schnee bergab, l\u00e4cheln und genie\u00dfen die Fahrt."},{"@type":"BreadcrumbList","@id":"https:\/\/www.salzburgerland.com\/de\/magazin\/rodelspass-fuer-klein-und-gross\/#breadcrumb","itemListElement":[{"@type":"ListItem","position":1,"name":"Startseite","item":"https:\/\/www.salzburgerland.com\/de\/magazin\/"},{"@type":"ListItem","position":2,"name":"Outdoor &amp; Sport","item":"https:\/\/www.salzburgerland.com\/de\/magazin\/thema\/outdoor-sport\/"},{"@type":"ListItem","position":3,"name":"Rodelspa\u00df f\u00fcr Klein und Gro\u00df"}]},{"@type":"WebSite","@id":"https:\/\/www.salzburgerland.com\/de\/magazin\/#website","url":"https:\/\/www.salzburgerland.com\/de\/magazin\/","name":"SalzburgerLand Magazin","description":"Geschichten und Interessantes aus dem SalzburgerLand","publisher":{"@id":"https:\/\/www.salzburgerland.com\/de\/magazin\/#organization"},"potentialAction":[{"@type":"SearchAction","target":{"@type":"EntryPoint","urlTemplate":"https:\/\/www.salzburgerland.com\/de\/magazin\/?s={search_term_string}"},"query-input":{"@type":"PropertyValueSpecification","valueRequired":true,"valueName":"search_term_string"}}],"inLanguage":"de"},{"@type":"Organization","@id":"https:\/\/www.salzburgerland.com\/de\/magazin\/#organization","name":"SalzburgerLand Tourismus","url":"https:\/\/www.salzburgerland.com\/de\/magazin\/","logo":{"@type":"ImageObject","inLanguage":"de","@id":"https:\/\/www.salzburgerland.com\/de\/magazin\/#\/schema\/logo\/image\/","url":"https:\/\/www.salzburgerland.com\/de\/magazin\/wp-content\/uploads\/2019\/06\/salzburgerland-logo1.jpg","contentUrl":"https:\/\/www.salzburgerland.com\/de\/magazin\/wp-content\/uploads\/2019\/06\/salzburgerland-logo1.jpg","width":2011,"height":866,"caption":"SalzburgerLand Tourismus"},"image":{"@id":"https:\/\/www.salzburgerland.com\/de\/magazin\/#\/schema\/logo\/image\/"},"sameAs":["https:\/\/www.facebook.com\/salzburgerland\/","https:\/\/x.com\/Salzburgerland","https:\/\/www.instagram.com\/salzburgerland\/","https:\/\/at.linkedin.com\/company\/salzburgerland-tourismus-gmbh","https:\/\/www.pinterest.at\/salzburgerland\/","https:\/\/www.youtube.com\/user\/salzburgerland","https:\/\/de.wikipedia.org\/wiki\/SalzburgerLand_Tourismus_GmbH"]},{"@type":"Person","@id":"https:\/\/www.salzburgerland.com\/de\/magazin\/#\/schema\/person\/0cd712588b834668bcd33d7a0668adb3","name":"Maria Riedler","description":"Ein Bild sagt mehr als tausend Worte, hei\u00dft es. Aber genauso wichtig ist die Geschichte dazu. Spannende Texte haben nicht nur einen gro\u00dfen Effekt auf unsere Wahrnehmung, sie lassen auch das Kopfkino in uns starten! Den Dingen nachzusp\u00fcren und auf den Grund zu gehen, das geh\u00f6rt jedenfalls seit meiner Jugendzeit zu mir ... Maria Riedler studierte neben ihrer T\u00e4tigkeit als Kinderkrankenschwester Publizistik und P\u00e4dagogik. Nach dem Studium verbrachte sie \u00fcber zwei Jahre in Australien, wo sie f\u00fcr den staatlichen Rundfunk SBS arbeitete. Anschlie\u00dfend war sie f\u00fcnf Jahre freie Mitarbeiterin im ORF Landesstudio Salzburg, weiters Kommunikationsbeauftragte beim Arbeitskreis f\u00fcr Vorsorgemedizin Salzburg (AVOS), war freiberufliche Journalistin bei der Salzburgerin und ist als Redakteurin f\u00fcr die Pongauer Nachrichten t\u00e4tig. Neben Schreiben, Fotografieren und Lesen liebt sie vor allem unsere Berge und ist ehrenamtlich Bergrettungshundef\u00fchrerin und Pressereferentin der Bergrettung Salzburg. Dosige(r) oder Zuagroast? Eindeutig dosig - aus dem\u00a0einmaligen Lungau. Fr\u00fchling, Sommer, Herbst oder Winter? Nachdem ich auch einige Jahre in Australien gelebt habe, bin ich mir sicher, dass uns weltweit die Menschen um diese so unterschiedlich sch\u00f6nen und so facettenreichen Jahreszeiten beneiden. Luxushotel oder Almh\u00fctte? Obwohl so ein Luxushotel schon seine Reize hat, genie\u00dfe ich doch meist eher die Einsamkeit auf einer Almh\u00fctte\u2026. Mozart oder Hubert von Goisern? Wie sch\u00f6n, dass wir so begnadete Musiker haben!\u00a0Leider\u00a0gibt es f\u00fcr mich - wie so oft - siehe oben und unten :-) kein Entweder-Oder\u2026 Ausstellung oder Bergpanorama? \"Kunst w\u00e4scht den Staub des Alltag von der Seele\", meinte Pablo Picasso. \u00a0Die Berge und deren Traumpanorama brauche ich auch, um mir\u00a0neue Perspektiven vom Leben zu holen.\u00a0Also:\u00a0Es muss doch mehr als alles geben \u00a0- wahrscheinlich mein Lebensmotto, deshalb bitte keine weiteren Entweder-Oder Fragen!\u00a0:-) Wer jemals einen Sonnenaufgang oder Sonnenuntergang in unseren Bergen erlebt hat, wei\u00df um die Einmaligkeit dieser Bilder und Eindr\u00fccke.","url":"https:\/\/www.salzburgerland.com\/de\/magazin\/author\/mriedler\/"}]}},"_wl_alt_label":[],"wl:entity_url":"http:\/\/open.salzburgerland.com\/magazin\/post\/rodelspass-fuer-klein-und-gross","_links":{"self":[{"href":"https:\/\/www.salzburgerland.com\/de\/magazin\/wp-json\/wp\/v2\/posts\/175238","targetHints":{"allow":["GET"]}}],"collection":[{"href":"https:\/\/www.salzburgerland.com\/de\/magazin\/wp-json\/wp\/v2\/posts"}],"about":[{"href":"https:\/\/www.salzburgerland.com\/de\/magazin\/wp-json\/wp\/v2\/types\/post"}],"author":[{"embeddable":true,"href":"https:\/\/www.salzburgerland.com\/de\/magazin\/wp-json\/wp\/v2\/users\/217"}],"replies":[{"embeddable":true,"href":"https:\/\/www.salzburgerland.com\/de\/magazin\/wp-json\/wp\/v2\/comments?post=175238"}],"version-history":[{"count":5,"href":"https:\/\/www.salzburgerland.com\/de\/magazin\/wp-json\/wp\/v2\/posts\/175238\/revisions"}],"predecessor-version":[{"id":175451,"href":"https:\/\/www.salzburgerland.com\/de\/magazin\/wp-json\/wp\/v2\/posts\/175238\/revisions\/175451"}],"wp:featuredmedia":[{"embeddable":true,"href":"https:\/\/www.salzburgerland.com\/de\/magazin\/wp-json\/wp\/v2\/media\/175241"}],"wp:attachment":[{"href":"https:\/\/www.salzburgerland.com\/de\/magazin\/wp-json\/wp\/v2\/media?parent=175238"}],"wp:term":[{"taxonomy":"category","embeddable":true,"href":"https:\/\/www.salzburgerland.com\/de\/magazin\/wp-json\/wp\/v2\/categories?post=175238"},{"taxonomy":"post_tag","embeddable":true,"href":"https:\/\/www.salzburgerland.com\/de\/magazin\/wp-json\/wp\/v2\/tags?post=175238"},{"taxonomy":"wl_entity_type","embeddable":true,"href":"https:\/\/www.salzburgerland.com\/de\/magazin\/wp-json\/wp\/v2\/wl_entity_type?post=175238"},{"taxonomy":"monatsauswahl","embeddable":true,"href":"https:\/\/www.salzburgerland.com\/de\/magazin\/wp-json\/wp\/v2\/monatsauswahl?post=175238"}],"curies":[{"name":"wp","href":"https:\/\/api.w.org\/{rel}","templated":true}]}}