{"id":174733,"date":"2026-01-30T07:00:00","date_gmt":"2026-01-30T06:00:00","guid":{"rendered":"https:\/\/www.salzburgerland.com\/de\/magazin\/?p=174733"},"modified":"2026-02-04T14:25:37","modified_gmt":"2026-02-04T13:25:37","slug":"hochgenuesse-der-falstaff-genuss-skitage-in-zell-am-see-kaprun","status":"publish","type":"post","link":"https:\/\/www.salzburgerland.com\/de\/magazin\/hochgenuesse-der-falstaff-genuss-skitage-in-zell-am-see-kaprun\/","title":{"rendered":"Die Falstaff Genuss-Skitage 2026 locken Foodies &amp; Gourmets nach Zell am See-Kaprun"},"content":{"rendered":"\n<div class=\"wp-block-slt-top topBlocks\">\n<h2 class=\"wp-block-slt-subtitle\">Kulinarik-Event zwischen Gletscher, Berg und See<\/h2>\n\n\n\n<p class=\"wp-block-slt-intro\">Von Anfang M\u00e4rz bis Mitte April 2026 steht Zell am See-Kaprun wieder ganz im Zeichen des Sonnenskilaufs und des Genusses. Die Genuss-Skitage sind mittlerweile zum Fixtermin f\u00fcr Foodies, Gourmets und Wintersport-begeisterte Genie\u00dfer*innen geworden \u2013 und auch dieses Jahr verspricht das Programm wieder kulinarische Highlights zwischen Berg und Tal. Von 5. bis 8. M\u00e4rz und vom 9. bis 11. April 2026 darf man sich auf perfekte Pisten, feinste Weine und Genuss-Erlebnisse der Extraklasse in Zell am See-Kaprun, auf der Schmittenh\u00f6he und am Kitzsteinhorn freuen.<\/p>\n<\/div>\n\n\n\n<p>Acht Tage, zwei Wochenenden, zwei Mottos \u2013 und eine Region, die wie kaum eine andere f\u00fcr genussvolles Skifahren steht: Die Falstaff Genuss-Skitage 2026 machen Zell am See-Kaprun erneut zum Treffpunkt f\u00fcr alle, die alpine Kulinarik nicht nur kosten, sondern erleben wollen. Zwischen Gletscher, Berg und See verschmelzen Wintersport, Spitzenk\u00fcche und Weinkultur zu einem <a href=\"https:\/\/www.genuss-skitage.at\/de\" target=\"_blank\" rel=\"noreferrer noopener\">Festival f\u00fcr alle Sinne<\/a>.<\/p>\n\n\n\n<p>An zwei Terminen \u2013 von 5. bis 8. M\u00e4rz unter dem Motto \u201eAlpiner Genuss\u201c sowie von 9. bis 11. April unter dem Leitgedanken \u201eAuf Piste &amp; Gaumen\u201c \u2013 zeigt sich die Urlaubsregion Zell am See-Kaprun von ihrer genussvollsten Seite. Hoch oben auf der Schmittenh\u00f6he, am Kitzsteinhorn und in ausgew\u00e4hlten Tal-Locations warten au\u00dfergew\u00f6hnliche kulinarische Formate: exklusive Dinner, BBQs mit Panorama, Live-Cooking, Wein-Flights und genussvolle Begegnungen mit einigen der spannendsten Pers\u00f6nlichkeiten der \u00f6sterreichischen Kulinarikszene.<\/p>\n\n\n\n<figure class=\"wp-block-image size-full\"><img loading=\"lazy\" decoding=\"async\" width=\"8192\" height=\"5464\" src=\"https:\/\/www.salzburgerland.com\/de\/magazin\/wp-content\/uploads\/2025\/03\/Genuss-Skitage-128.jpg\" alt=\"Menschen essen im Freien auf einer Holzterrasse mit schneebedeckten Bergen im Hintergrund unter einem klaren blauen Himmel.\" class=\"wp-image-185890\" srcset=\"https:\/\/www.salzburgerland.com\/de\/magazin\/wp-content\/uploads\/2025\/03\/Genuss-Skitage-128.jpg 8192w, https:\/\/www.salzburgerland.com\/de\/magazin\/wp-content\/uploads\/2025\/03\/Genuss-Skitage-128-300x200.jpg 300w, https:\/\/www.salzburgerland.com\/de\/magazin\/wp-content\/uploads\/2025\/03\/Genuss-Skitage-128-1536x1025.jpg 1536w, https:\/\/www.salzburgerland.com\/de\/magazin\/wp-content\/uploads\/2025\/03\/Genuss-Skitage-128-825x550.jpg 825w, https:\/\/www.salzburgerland.com\/de\/magazin\/wp-content\/uploads\/2025\/03\/Genuss-Skitage-128-600x400.jpg 600w, https:\/\/www.salzburgerland.com\/de\/magazin\/wp-content\/uploads\/2025\/03\/Genuss-Skitage-128-1320x880.jpg 1320w, https:\/\/www.salzburgerland.com\/de\/magazin\/wp-content\/uploads\/2025\/03\/Genuss-Skitage-128-150x100.jpg 150w\" sizes=\"auto, (max-width: 8192px) 100vw, 8192px\" \/><figcaption class=\"wp-element-caption\">Grillweltmeister Adi Bittermann kredenzt bei besten Aussichten K\u00f6stlichkeiten vom Grill. \u00a9Zell am See-Kaprun<\/figcaption><\/figure>\n\n\n\n<p>Alle Informationen und den Ticketshop <strong><a href=\"https:\/\/www.genuss-skitage.at\" target=\"_blank\" rel=\"noreferrer noopener\">zu den Falstaff Genuss-Skitagen 2026 findet ihr hier<\/a><\/strong>! <\/p>\n\n\n\n<h2 class=\"wp-block-heading\" id=\"h-alpiner-genuss-der-genussvolle-auftakt-im-marz\">Alpiner Genuss: der genussvolle Auftakt im M\u00e4rz<\/h2>\n\n\n\n<p>Den Auftakt der Falstaff Genuss-Skitage 2026 bildet Anfang M\u00e4rz das Wochenende unter dem Motto \u201eAlpiner Genuss\u201c. Hoch oben auf der Schmittenh\u00f6he steht dabei jene besondere Verbindung im Mittelpunkt, f\u00fcr die die Genuss-Skitage in Zell am See-Kaprun weit \u00fcber die Region hinaus bekannt sind: Skifahren auf perfekt pr\u00e4parierten Pisten, kombiniert mit Kulinarik auf h\u00f6chstem Niveau. Der Startschuss f\u00e4llt mit einem exklusiven <strong>Ski-&amp;-Dine-Abend mit Sternekoch Vitus Winkler in der AreitLounge und der AreitAlm am 5. M\u00e4rz 2026<\/strong>, bei dem alpine Landschaft und feine K\u00fcche ineinandergreifen und Genuss bewusst entschleunigt erlebt wird. Die Kulisse hoch \u00fcber dem Zeller See schafft dabei den idealen Rahmen f\u00fcr einen Abend, der den Genuss am Teller und im Glas erlebbar macht.<\/p>\n\n\n\n<p>Am <strong>6. M\u00e4rz 2026 <\/strong>verlagert sich das Geschehen ins Tal <strong>zum vielfach ausgezeichneten Sternekoch Lukas Nagl vom <a href=\"https:\/\/www.dastraunsee.at\/restaurant-bootshaus\">Restaurant Bootshaus am Traunsee<\/a>, <\/strong>wo sich<strong> im Seecamp Zell am See<\/strong> Kulinarik unter dem Motto &#8222;Treffpunkt Genuss&#8220; als Dialog zwischen Produkt, Herkunft und Pers\u00f6nlichkeit zeigt. In entspannter Atmosph\u00e4re treffen hier unterschiedliche Zug\u00e4nge zur Spitzenk\u00fcche aufeinander \u2013 immer getragen vom gemeinsamen Anspruch, Regionalit\u00e4t, Nachhaltigkeit und Handwerk in den Mittelpunkt zu stellen. <\/p>\n\n\n\n<p>Der<strong> Samstag, 7. M\u00e4rz<\/strong>, steht schlie\u00dflich ganz im Zeichen des offenen Feuers. Beim <strong>Ski &amp; Gourmet BBQ mit Grillweltmeister Adi Bittermann verbinden sich auf der Franzl-Terrasse <\/strong>knisternde Glut, alpine Weite und ehrlicher Geschmack zu einem Erlebnis, das die alpine Genusskultur auf ihre urspr\u00fcngliche Art feiert. Hoch \u00fcber Zell am See wird hier nicht nur gegrillt, sondern zelebriert \u2013 und das mit Blick auf die umliegenden Gipfel. Den Ausklang des ersten Wochenendes bildet am <strong>Sonntag, dem 8. M\u00e4rz 2026, ein Gourmet-Brunch am Sonnkogel<\/strong> mit der charismatischen K\u00f6chin und Lokalmatadorin <strong>Paula Br\u00fcndl<\/strong>. Mit viel Gesp\u00fcr f\u00fcr regionale Produkte und zeitgem\u00e4\u00dfe Interpretationen alpiner K\u00fcche macht sie diesen Vormittag zum genussvollen Finale des ersten Genuss-Skitage-Wochenendes, das den Fokus auf Bodenst\u00e4ndigkeit, Emotion und Geschmack legt.<\/p>\n\n\n<div class=\"mag-gallery\"><div class=\"row\"><div class=\"col-6 col-sm-4\"><figure><a class=\"thumb-container\" href=\"https:\/\/www.salzburgerland.com\/de\/magazin\/wp-content\/uploads\/2025\/03\/Winkler_250515_2057-1280x1024.jpg\">\t<picture><source media=\"(min-width: 576px)\" srcset=\"https:\/\/www.salzburgerland.com\/de\/magazin\/wp-content\/uploads\/2025\/03\/Winkler_250515_2057-418x650.jpg 418w, https:\/\/www.salzburgerland.com\/de\/magazin\/wp-content\/uploads\/2025\/03\/Winkler_250515_2057-209x325.jpg 209w\"><\/source><source media=\"(min-width: 0)\" srcset=\"https:\/\/www.salzburgerland.com\/de\/magazin\/wp-content\/uploads\/2025\/03\/Winkler_250515_2057-209x325.jpg 209w, https:\/\/www.salzburgerland.com\/de\/magazin\/wp-content\/uploads\/2025\/03\/Winkler_250515_2057-418x650.jpg 418w\"><\/source><img decoding=\"async\" alt=\"Mann mit grauem Haar und Bart, der ein schwarzes Hemd und Jeans tr&auml;gt, l&auml;chelt vor einer Holzwand.\" src=\"https:\/\/www.salzburgerland.com\/de\/magazin\/wp-content\/uploads\/2025\/03\/Winkler_250515_2057-scaled.jpg\">\t<\/picture><figcaption>Sternekoch Vitus WInkler wird in der AreitLounge begeistern. @Zell am See-Kaprun<\/figcaption><\/a><\/figure><\/div><div class=\"col-6 col-sm-4\"><figure><a class=\"thumb-container\" href=\"https:\/\/www.salzburgerland.com\/de\/magazin\/wp-content\/uploads\/2025\/03\/groller-hospitality-executive-kuchenchef-lukas-nagl-groller-hospitality-foto-lupi-spuma-46x69cm-300dpi-2-1280x1024.jpg\">\t<picture><source media=\"(min-width: 576px)\" srcset=\"https:\/\/www.salzburgerland.com\/de\/magazin\/wp-content\/uploads\/2025\/03\/groller-hospitality-executive-kuchenchef-lukas-nagl-groller-hospitality-foto-lupi-spuma-46x69cm-300dpi-2-418x650.jpg 418w, https:\/\/www.salzburgerland.com\/de\/magazin\/wp-content\/uploads\/2025\/03\/groller-hospitality-executive-kuchenchef-lukas-nagl-groller-hospitality-foto-lupi-spuma-46x69cm-300dpi-2-209x325.jpg 209w\"><\/source><source media=\"(min-width: 0)\" srcset=\"https:\/\/www.salzburgerland.com\/de\/magazin\/wp-content\/uploads\/2025\/03\/groller-hospitality-executive-kuchenchef-lukas-nagl-groller-hospitality-foto-lupi-spuma-46x69cm-300dpi-2-209x325.jpg 209w, https:\/\/www.salzburgerland.com\/de\/magazin\/wp-content\/uploads\/2025\/03\/groller-hospitality-executive-kuchenchef-lukas-nagl-groller-hospitality-foto-lupi-spuma-46x69cm-300dpi-2-418x650.jpg 418w\"><\/source><img decoding=\"async\" alt=\"\" src=\"https:\/\/www.salzburgerland.com\/de\/magazin\/wp-content\/uploads\/2025\/03\/groller-hospitality-executive-kuchenchef-lukas-nagl-groller-hospitality-foto-lupi-spuma-46x69cm-300dpi-2.jpg\">\t<\/picture><figcaption>Lukas Nagl macht seine Kulinarik im Seecamp Zell am See erlebbar. &copy;Gr&ouml;ller Hospitality\/Lupi Spuma<\/figcaption><\/a><\/figure><\/div><div class=\"col-6 col-sm-4\"><figure><a class=\"thumb-container\" href=\"https:\/\/www.salzburgerland.com\/de\/magazin\/wp-content\/uploads\/2025\/03\/paula_muttertag-8-1280x1024.jpg\">\t<picture><source media=\"(min-width: 576px)\" srcset=\"https:\/\/www.salzburgerland.com\/de\/magazin\/wp-content\/uploads\/2025\/03\/paula_muttertag-8.jpg 5584w, https:\/\/www.salzburgerland.com\/de\/magazin\/wp-content\/uploads\/2025\/03\/paula_muttertag-8-200x300.jpg 200w, https:\/\/www.salzburgerland.com\/de\/magazin\/wp-content\/uploads\/2025\/03\/paula_muttertag-8-1025x1536.jpg 1025w, https:\/\/www.salzburgerland.com\/de\/magazin\/wp-content\/uploads\/2025\/03\/paula_muttertag-8-367x550.jpg 367w, https:\/\/www.salzburgerland.com\/de\/magazin\/wp-content\/uploads\/2025\/03\/paula_muttertag-8-267x400.jpg 267w, https:\/\/www.salzburgerland.com\/de\/magazin\/wp-content\/uploads\/2025\/03\/paula_muttertag-8-150x225.jpg 150w\"><\/source><source media=\"(min-width: 0)\" srcset=\"https:\/\/www.salzburgerland.com\/de\/magazin\/wp-content\/uploads\/2025\/03\/paula_muttertag-8.jpg 5584w, https:\/\/www.salzburgerland.com\/de\/magazin\/wp-content\/uploads\/2025\/03\/paula_muttertag-8-200x300.jpg 200w, https:\/\/www.salzburgerland.com\/de\/magazin\/wp-content\/uploads\/2025\/03\/paula_muttertag-8-1025x1536.jpg 1025w, https:\/\/www.salzburgerland.com\/de\/magazin\/wp-content\/uploads\/2025\/03\/paula_muttertag-8-367x550.jpg 367w, https:\/\/www.salzburgerland.com\/de\/magazin\/wp-content\/uploads\/2025\/03\/paula_muttertag-8-267x400.jpg 267w, https:\/\/www.salzburgerland.com\/de\/magazin\/wp-content\/uploads\/2025\/03\/paula_muttertag-8-150x225.jpg 150w\"><\/source><img decoding=\"async\" alt=\"Eine Kellnerin l&auml;chelt und gestikuliert, w&auml;hrend sie mit einer sitzenden Frau in einem belebten, modernen Restaurant spricht.\" src=\"https:\/\/www.salzburgerland.com\/de\/magazin\/wp-content\/uploads\/2025\/03\/paula_muttertag-8.jpg\">\t<\/picture><figcaption>Paula Br&uuml;ndl serviert ihren Gourmet-Brunch am Sonnkogel. @Zell am See-Kaprun<\/figcaption><\/a><\/figure><\/div><\/div><figcaption><\/figcaption><\/div>\n\n\n\n<h2 class=\"wp-block-heading\" id=\"h-auf-piste-amp-gaumen-kulinarische-hohenfluge-im-april\">Auf Piste &amp; Gaumen: kulinarische H\u00f6henfl\u00fcge im April<\/h2>\n\n\n\n<p>Im April schlagen die Falstaff Genuss-Skitage 2026 ein weiteres Kapitel auf und r\u00fccken dabei Kulinarik und Skierlebnis noch enger zusammen. Unter dem Motto \u201eAuf Piste &amp; Gaumen\u201c verbindet das zweite Wochenende sportliche Leichtigkeit mit kulinarischer Raffinesse und f\u00fchrt die G\u00e4ste von historischen Mauern bis hinauf in hochalpine Regionen. Den Auftakt macht am <strong>9. April 2026 ein <a href=\"https:\/\/www.zellamsee-kaprun.com\/de\/buchen\/tickets?sub_shop_id=13&amp;gotocat=199&amp;sessionGUID=8e3b89e4-8242-2c87-5811-7c92335ca066&amp;webSyncID=ac787bc7-33ca-a00a-021d-1b8b1ca0be95&amp;sessionGUID=8e3b89e4-8242-2c87-5811-7c92335ca066&amp;_gl=1*86rqze*_gcl_au*NTExMzY0NTI3LjE3NzAxMTM1MjA.*FPAU*NTExMzY0NTI3LjE3NzAxMTM1MjA.\">Genussabend auf der Burg Kaprun<\/a><\/strong>, wo die besondere Atmosph\u00e4re des jahrhundertealten Gem\u00e4uers auf die moderne Spitzenk\u00fcche von Kulinarik-Shootingstar <strong>David Senfter<\/strong> vom <a href=\"https:\/\/www.ansitz12.at\/\">Restaurant Ansitz12<\/a> (4 Hauben von Gault &amp; Millau \u00d6sterreich) aus Osttirol trifft. Hier verschmelzen Geschichte, Handwerk und Spitzenk\u00fcche zu einem Abend, der die G\u00e4ste mit seinen unvergesslichen Genussmomenten begeistert. <\/p>\n\n\n\n<figure class=\"wp-block-image size-full\"><img loading=\"lazy\" decoding=\"async\" width=\"2048\" height=\"1366\" src=\"https:\/\/www.salzburgerland.com\/de\/magazin\/wp-content\/uploads\/2026\/01\/Ansitz12_DavidSenfter_22.jpeg\" alt=\"Ansitz12_DavidSenfter_22\" class=\"wp-image-186045\" srcset=\"https:\/\/www.salzburgerland.com\/de\/magazin\/wp-content\/uploads\/2026\/01\/Ansitz12_DavidSenfter_22.jpeg 2048w, https:\/\/www.salzburgerland.com\/de\/magazin\/wp-content\/uploads\/2026\/01\/Ansitz12_DavidSenfter_22-300x200.jpeg 300w, https:\/\/www.salzburgerland.com\/de\/magazin\/wp-content\/uploads\/2026\/01\/Ansitz12_DavidSenfter_22-1536x1025.jpeg 1536w, https:\/\/www.salzburgerland.com\/de\/magazin\/wp-content\/uploads\/2026\/01\/Ansitz12_DavidSenfter_22-825x550.jpeg 825w, https:\/\/www.salzburgerland.com\/de\/magazin\/wp-content\/uploads\/2026\/01\/Ansitz12_DavidSenfter_22-600x400.jpeg 600w, https:\/\/www.salzburgerland.com\/de\/magazin\/wp-content\/uploads\/2026\/01\/Ansitz12_DavidSenfter_22-1320x880.jpeg 1320w, https:\/\/www.salzburgerland.com\/de\/magazin\/wp-content\/uploads\/2026\/01\/Ansitz12_DavidSenfter_22-150x100.jpeg 150w\" sizes=\"auto, (max-width: 2048px) 100vw, 2048px\" \/><figcaption class=\"wp-element-caption\">David Senfter, Shootingstar der Kulinarik-Szene, l\u00e4dt mit seiner Frau Anita Senfter zum Genussabend auf die Burg Kaprun. \u00a9 Silvia Steiner<\/figcaption><\/figure>\n\n\n\n<p>Am darauffolgenden Tag verlagert sich der Fokus weiter hinauf ins <strong>Gletscherskigebiet des Kitzsteinhorns<\/strong>. Das hochalpine <strong>Wein-Special am 10. April 2026 <\/strong>l\u00e4dt dazu ein, Genuss in Bewegung zu erleben: Mehrere Stationen f\u00fchren Schritt f\u00fcr Schritt durch das Gebiet und verbinden ausgew\u00e4hlte Wein-Flights mit fein abgestimmten Tapas. Dabei steht nicht nur der Geschmack im Vordergrund, sondern auch das Zusammenspiel von H\u00f6he, Landschaft und Kulinarik. Ein Erlebnis, das Skitag und Weinverkostung auf ungewohnte, aber stimmige Weise vereint.<\/p>\n\n\n\n<p>Den Abschluss der Falstaff Genuss-Skitage 2026 bildet am <strong>11. April 2026 der Hochgenuss am Kitzsteinhorn auf \u00fcber 3.000 Metern Seeh\u00f6he mit Sternekoch Johannes Nuding<\/strong>: Bereits die abendliche Auffahrt zur Gipfelstation wird zum Teil des Erlebnisses, bevor sich Panorama, Kulinarik und Atmosph\u00e4re zu einem besonderen Abend verdichten. Hier oben, umgeben von der winterlichen Bergwelt der Hohen Tauern, zeigt sich noch einmal, wof\u00fcr die Falstaff Genuss-Skitage stehen: f\u00fcr Genuss mit Weitblick, f\u00fcr Begegnungen auf Augenh\u00f6he und f\u00fcr kulinarische Erlebnisse, die lange in Erinnerung bleiben.<\/p>\n\n\n\n<figure class=\"wp-block-image size-full\"><img loading=\"lazy\" decoding=\"async\" width=\"8192\" height=\"5464\" src=\"https:\/\/www.salzburgerland.com\/de\/magazin\/wp-content\/uploads\/2023\/12\/Genussmomente-Burg-Kaprun-60.jpg\" alt=\"Ein steinernes Schloss, beleuchtet mit blauem Licht und GENUSS SKITAGE, das nachts an die Wand projiziert wird.\" class=\"wp-image-174737\" srcset=\"https:\/\/www.salzburgerland.com\/de\/magazin\/wp-content\/uploads\/2023\/12\/Genussmomente-Burg-Kaprun-60.jpg 8192w, https:\/\/www.salzburgerland.com\/de\/magazin\/wp-content\/uploads\/2023\/12\/Genussmomente-Burg-Kaprun-60-300x200.jpg 300w, https:\/\/www.salzburgerland.com\/de\/magazin\/wp-content\/uploads\/2023\/12\/Genussmomente-Burg-Kaprun-60-1536x1025.jpg 1536w, https:\/\/www.salzburgerland.com\/de\/magazin\/wp-content\/uploads\/2023\/12\/Genussmomente-Burg-Kaprun-60-825x550.jpg 825w, https:\/\/www.salzburgerland.com\/de\/magazin\/wp-content\/uploads\/2023\/12\/Genussmomente-Burg-Kaprun-60-600x400.jpg 600w, https:\/\/www.salzburgerland.com\/de\/magazin\/wp-content\/uploads\/2023\/12\/Genussmomente-Burg-Kaprun-60-1320x880.jpg 1320w, https:\/\/www.salzburgerland.com\/de\/magazin\/wp-content\/uploads\/2023\/12\/Genussmomente-Burg-Kaprun-60-150x100.jpg 150w\" sizes=\"auto, (max-width: 8192px) 100vw, 8192px\" \/><figcaption class=\"wp-element-caption\">Beeindruckende Location der Genuss-Skitage: die Burg Kaprun \u00a9Zell am See-Kaprun<\/figcaption><\/figure>\n\n\n\n<p><strong>Tipp:<\/strong> Erg\u00e4nzt wird das Programm der Falstaff Genuss-Skitage 2026 durch sorgf\u00e4ltig kuratierte Kulinarik-Packages, die Genuss und Aufenthalt auf besondere Weise miteinander verbinden. Die Pakete vereinen ausgew\u00e4hlte Veranstaltungen der Genuss-Skitage mit \u00dcbernachtungen in der Region sowie zus\u00e4tzlichen kulinarischen Erlebnissen \u2013 von Kochkursen und Tastings bis hin zu exklusiven Dinnerformaten. So entsteht ein rundes Gesamterlebnis, das einl\u00e4dt, die Region Zell am See-Kaprun mit all ihren Facetten zu entdecken und den Genuss \u00fcber mehrere Tage hinweg zu erleben.<\/p>\n\n\n\n<p>Alle Informationen zu den Falstaff Genuss-Skitagen 2026 und den Ticketshop zu allen Veranstaltungen gibt\u2019s hier: <strong><a href=\"https:\/\/www.genuss-skitage.at\/de\">www.genuss-skitage.at<\/a><\/strong><\/p>\n","protected":false},"excerpt":{"rendered":"<p>Acht Tage, zwei Wochenenden, zwei Mottos \u2013 und eine Region, die wie kaum eine andere f\u00fcr genussvolles Skifahren steht: Die Falstaff Genuss-Skitage 2026 machen Zell am See-Kaprun erneut zum Treffpunkt f\u00fcr alle, die alpine Kulinarik nicht nur kosten, sondern erleben wollen. Zwischen Gletscher, Berg und See verschmelzen Wintersport, Spitzenk\u00fcche und Weinkultur zu einem Festival f\u00fcr [&hellip;]<\/p>\n","protected":false},"author":586,"featured_media":185889,"comment_status":"closed","ping_status":"closed","sticky":false,"template":"","format":"standard","meta":{"_acf_changed":false,"wl_entities_gutenberg":"","_wl_entity_redirect_enabled":"","footnotes":""},"categories":[3],"tags":[],"wl_entity_type":[306],"monatsauswahl":[82,83,84,85,86,87,88,89,90,91,92,93],"class_list":["post-174733","post","type-post","status-publish","format-standard","has-post-thumbnail","hentry","category-essen-trinken","wl_entity_type-article","monatsauswahl-monat_1","monatsauswahl-monat_2","monatsauswahl-monat_3","monatsauswahl-monat_4","monatsauswahl-monat_5","monatsauswahl-monat_6","monatsauswahl-monat_7","monatsauswahl-monat_8","monatsauswahl-monat_9","monatsauswahl-monat_10","monatsauswahl-monat_11","monatsauswahl-monat_12"],"acf":[],"yoast_head":"<!-- This site is optimized with the Yoast SEO Premium plugin v27.4 (Yoast SEO v27.4) - https:\/\/yoast.com\/product\/yoast-seo-premium-wordpress\/ -->\n<title>Die Falstaff Genuss-Skitage 2026 locken Foodies &amp; Gourmets nach Zell am See-Kaprun - SalzburgerLand Magazin<\/title>\n<meta name=\"robots\" content=\"index, follow, max-snippet:-1, max-image-preview:large, max-video-preview:-1\" \/>\n<link rel=\"canonical\" href=\"https:\/\/www.salzburgerland.com\/de\/magazin\/hochgenuesse-der-falstaff-genuss-skitage-in-zell-am-see-kaprun\/\" \/>\n<meta property=\"og:locale\" content=\"de_DE\" \/>\n<meta property=\"og:type\" content=\"article\" \/>\n<meta property=\"og:title\" content=\"Die Falstaff Genuss-Skitage 2026 locken Foodies &amp; Gourmets nach Zell am See-Kaprun\" \/>\n<meta property=\"og:description\" content=\"Acht Tage, zwei Wochenenden, zwei Mottos \u2013 und eine Region, die wie kaum eine andere f\u00fcr genussvolles Skifahren steht: Die Falstaff Genuss-Skitage 2026 machen Zell am See-Kaprun erneut zum Treffpunkt f\u00fcr alle, die alpine Kulinarik nicht nur kosten, sondern erleben wollen. Zwischen Gletscher, Berg und See verschmelzen Wintersport, Spitzenk\u00fcche und Weinkultur zu einem Festival f\u00fcr [&hellip;]\" \/>\n<meta property=\"og:url\" content=\"https:\/\/www.salzburgerland.com\/de\/magazin\/hochgenuesse-der-falstaff-genuss-skitage-in-zell-am-see-kaprun\/\" \/>\n<meta property=\"og:site_name\" content=\"SalzburgerLand Magazin\" \/>\n<meta property=\"article:publisher\" content=\"https:\/\/www.facebook.com\/salzburgerland\/\" \/>\n<meta property=\"article:published_time\" content=\"2026-01-30T06:00:00+00:00\" \/>\n<meta property=\"article:modified_time\" content=\"2026-02-04T13:25:37+00:00\" \/>\n<meta property=\"og:image\" content=\"https:\/\/www.salzburgerland.com\/de\/magazin\/wp-content\/uploads\/2025\/03\/2026_Genuss-Ski-Tage_947x325-300dpi_Split-Ma\u0308rzApril_V1.jpg\" \/>\n\t<meta property=\"og:image:width\" content=\"947\" \/>\n\t<meta property=\"og:image:height\" content=\"325\" \/>\n\t<meta property=\"og:image:type\" content=\"image\/jpeg\" \/>\n<meta name=\"author\" content=\"Martina Baumgartner\" \/>\n<meta name=\"twitter:card\" content=\"summary_large_image\" \/>\n<meta name=\"twitter:creator\" content=\"@Salzburgerland\" \/>\n<meta name=\"twitter:site\" content=\"@Salzburgerland\" \/>\n<meta name=\"twitter:label1\" content=\"Verfasst von\" \/>\n\t<meta name=\"twitter:data1\" content=\"Martina Baumgartner\" \/>\n\t<meta name=\"twitter:label2\" content=\"Gesch\u00e4tzte Lesezeit\" \/>\n\t<meta name=\"twitter:data2\" content=\"7\u00a0Minuten\" \/>\n<script type=\"application\/ld+json\" class=\"yoast-schema-graph\">{\"@context\":\"https:\\\/\\\/schema.org\",\"@graph\":[{\"@type\":\"Article\",\"@id\":\"https:\\\/\\\/www.salzburgerland.com\\\/de\\\/magazin\\\/hochgenuesse-der-falstaff-genuss-skitage-in-zell-am-see-kaprun\\\/#article\",\"isPartOf\":{\"@id\":\"https:\\\/\\\/www.salzburgerland.com\\\/de\\\/magazin\\\/hochgenuesse-der-falstaff-genuss-skitage-in-zell-am-see-kaprun\\\/\"},\"author\":{\"name\":\"Martina Baumgartner\",\"@id\":\"https:\\\/\\\/www.salzburgerland.com\\\/de\\\/magazin\\\/#\\\/schema\\\/person\\\/26faa186b30a5495209f4129e1cff1f6\"},\"headline\":\"Die Falstaff Genuss-Skitage 2026 locken Foodies &amp; Gourmets nach Zell am See-Kaprun\",\"datePublished\":\"2026-01-30T06:00:00+00:00\",\"dateModified\":\"2026-02-04T13:25:37+00:00\",\"mainEntityOfPage\":{\"@id\":\"https:\\\/\\\/www.salzburgerland.com\\\/de\\\/magazin\\\/hochgenuesse-der-falstaff-genuss-skitage-in-zell-am-see-kaprun\\\/\"},\"wordCount\":1029,\"publisher\":{\"@id\":\"https:\\\/\\\/www.salzburgerland.com\\\/de\\\/magazin\\\/#organization\"},\"image\":{\"@id\":\"https:\\\/\\\/www.salzburgerland.com\\\/de\\\/magazin\\\/hochgenuesse-der-falstaff-genuss-skitage-in-zell-am-see-kaprun\\\/#primaryimage\"},\"thumbnailUrl\":\"https:\\\/\\\/www.salzburgerland.com\\\/de\\\/magazin\\\/wp-content\\\/uploads\\\/2025\\\/03\\\/2026_Genuss-Ski-Tage_947x325-300dpi_Split-Ma\u0308rzApril_V1.jpg\",\"articleSection\":[\"Essen &amp; Trinken\"],\"inLanguage\":\"de\"},{\"@type\":\"WebPage\",\"@id\":\"https:\\\/\\\/www.salzburgerland.com\\\/de\\\/magazin\\\/hochgenuesse-der-falstaff-genuss-skitage-in-zell-am-see-kaprun\\\/\",\"url\":\"https:\\\/\\\/www.salzburgerland.com\\\/de\\\/magazin\\\/hochgenuesse-der-falstaff-genuss-skitage-in-zell-am-see-kaprun\\\/\",\"name\":\"Die Falstaff Genuss-Skitage 2026 locken Foodies &amp; Gourmets nach Zell am See-Kaprun - SalzburgerLand Magazin\",\"isPartOf\":{\"@id\":\"https:\\\/\\\/www.salzburgerland.com\\\/de\\\/magazin\\\/#website\"},\"primaryImageOfPage\":{\"@id\":\"https:\\\/\\\/www.salzburgerland.com\\\/de\\\/magazin\\\/hochgenuesse-der-falstaff-genuss-skitage-in-zell-am-see-kaprun\\\/#primaryimage\"},\"image\":{\"@id\":\"https:\\\/\\\/www.salzburgerland.com\\\/de\\\/magazin\\\/hochgenuesse-der-falstaff-genuss-skitage-in-zell-am-see-kaprun\\\/#primaryimage\"},\"thumbnailUrl\":\"https:\\\/\\\/www.salzburgerland.com\\\/de\\\/magazin\\\/wp-content\\\/uploads\\\/2025\\\/03\\\/2026_Genuss-Ski-Tage_947x325-300dpi_Split-Ma\u0308rzApril_V1.jpg\",\"datePublished\":\"2026-01-30T06:00:00+00:00\",\"dateModified\":\"2026-02-04T13:25:37+00:00\",\"breadcrumb\":{\"@id\":\"https:\\\/\\\/www.salzburgerland.com\\\/de\\\/magazin\\\/hochgenuesse-der-falstaff-genuss-skitage-in-zell-am-see-kaprun\\\/#breadcrumb\"},\"inLanguage\":\"de\",\"potentialAction\":[{\"@type\":\"ReadAction\",\"target\":[\"https:\\\/\\\/www.salzburgerland.com\\\/de\\\/magazin\\\/hochgenuesse-der-falstaff-genuss-skitage-in-zell-am-see-kaprun\\\/\"]}]},{\"@type\":\"ImageObject\",\"inLanguage\":\"de\",\"@id\":\"https:\\\/\\\/www.salzburgerland.com\\\/de\\\/magazin\\\/hochgenuesse-der-falstaff-genuss-skitage-in-zell-am-see-kaprun\\\/#primaryimage\",\"url\":\"https:\\\/\\\/www.salzburgerland.com\\\/de\\\/magazin\\\/wp-content\\\/uploads\\\/2025\\\/03\\\/2026_Genuss-Ski-Tage_947x325-300dpi_Split-Ma\u0308rzApril_V1.jpg\",\"contentUrl\":\"https:\\\/\\\/www.salzburgerland.com\\\/de\\\/magazin\\\/wp-content\\\/uploads\\\/2025\\\/03\\\/2026_Genuss-Ski-Tage_947x325-300dpi_Split-Ma\u0308rzApril_V1.jpg\",\"width\":947,\"height\":325,\"caption\":\"Genuss-Skitage 2026 in Zell am See-Kaprun \u00a9 Zell am See-Kaprun\"},{\"@type\":\"BreadcrumbList\",\"@id\":\"https:\\\/\\\/www.salzburgerland.com\\\/de\\\/magazin\\\/hochgenuesse-der-falstaff-genuss-skitage-in-zell-am-see-kaprun\\\/#breadcrumb\",\"itemListElement\":[{\"@type\":\"ListItem\",\"position\":1,\"name\":\"Startseite\",\"item\":\"https:\\\/\\\/www.salzburgerland.com\\\/de\\\/magazin\\\/\"},{\"@type\":\"ListItem\",\"position\":2,\"name\":\"Essen &amp; Trinken\",\"item\":\"https:\\\/\\\/www.salzburgerland.com\\\/de\\\/magazin\\\/thema\\\/essen-trinken\\\/\"},{\"@type\":\"ListItem\",\"position\":3,\"name\":\"Die Falstaff Genuss-Skitage 2026 locken Foodies &amp; Gourmets nach Zell am See-Kaprun\"}]},{\"@type\":\"WebSite\",\"@id\":\"https:\\\/\\\/www.salzburgerland.com\\\/de\\\/magazin\\\/#website\",\"url\":\"https:\\\/\\\/www.salzburgerland.com\\\/de\\\/magazin\\\/\",\"name\":\"SalzburgerLand Magazin\",\"description\":\"Geschichten und Interessantes aus dem SalzburgerLand\",\"publisher\":{\"@id\":\"https:\\\/\\\/www.salzburgerland.com\\\/de\\\/magazin\\\/#organization\"},\"potentialAction\":[{\"@type\":\"SearchAction\",\"target\":{\"@type\":\"EntryPoint\",\"urlTemplate\":\"https:\\\/\\\/www.salzburgerland.com\\\/de\\\/magazin\\\/?s={search_term_string}\"},\"query-input\":{\"@type\":\"PropertyValueSpecification\",\"valueRequired\":true,\"valueName\":\"search_term_string\"}}],\"inLanguage\":\"de\"},{\"@type\":\"Organization\",\"@id\":\"https:\\\/\\\/www.salzburgerland.com\\\/de\\\/magazin\\\/#organization\",\"name\":\"SalzburgerLand Tourismus\",\"url\":\"https:\\\/\\\/www.salzburgerland.com\\\/de\\\/magazin\\\/\",\"logo\":{\"@type\":\"ImageObject\",\"inLanguage\":\"de\",\"@id\":\"https:\\\/\\\/www.salzburgerland.com\\\/de\\\/magazin\\\/#\\\/schema\\\/logo\\\/image\\\/\",\"url\":\"https:\\\/\\\/www.salzburgerland.com\\\/de\\\/magazin\\\/wp-content\\\/uploads\\\/2019\\\/06\\\/salzburgerland-logo1.jpg\",\"contentUrl\":\"https:\\\/\\\/www.salzburgerland.com\\\/de\\\/magazin\\\/wp-content\\\/uploads\\\/2019\\\/06\\\/salzburgerland-logo1.jpg\",\"width\":2011,\"height\":866,\"caption\":\"SalzburgerLand Tourismus\"},\"image\":{\"@id\":\"https:\\\/\\\/www.salzburgerland.com\\\/de\\\/magazin\\\/#\\\/schema\\\/logo\\\/image\\\/\"},\"sameAs\":[\"https:\\\/\\\/www.facebook.com\\\/salzburgerland\\\/\",\"https:\\\/\\\/x.com\\\/Salzburgerland\",\"https:\\\/\\\/www.instagram.com\\\/salzburgerland\\\/\",\"https:\\\/\\\/at.linkedin.com\\\/company\\\/salzburgerland-tourismus-gmbh\",\"https:\\\/\\\/www.pinterest.at\\\/salzburgerland\\\/\",\"https:\\\/\\\/www.youtube.com\\\/user\\\/salzburgerland\",\"https:\\\/\\\/de.wikipedia.org\\\/wiki\\\/SalzburgerLand_Tourismus_GmbH\"]},{\"@type\":\"Person\",\"@id\":\"https:\\\/\\\/www.salzburgerland.com\\\/de\\\/magazin\\\/#\\\/schema\\\/person\\\/26faa186b30a5495209f4129e1cff1f6\",\"name\":\"Martina Baumgartner\",\"url\":\"https:\\\/\\\/www.salzburgerland.com\\\/de\\\/magazin\\\/author\\\/mbaumgartner\\\/\"}]}<\/script>\n<!-- \/ Yoast SEO Premium plugin. -->","yoast_head_json":{"title":"Die Falstaff Genuss-Skitage 2026 locken Foodies &amp; Gourmets nach Zell am See-Kaprun - SalzburgerLand Magazin","robots":{"index":"index","follow":"follow","max-snippet":"max-snippet:-1","max-image-preview":"max-image-preview:large","max-video-preview":"max-video-preview:-1"},"canonical":"https:\/\/www.salzburgerland.com\/de\/magazin\/hochgenuesse-der-falstaff-genuss-skitage-in-zell-am-see-kaprun\/","og_locale":"de_DE","og_type":"article","og_title":"Die Falstaff Genuss-Skitage 2026 locken Foodies &amp; Gourmets nach Zell am See-Kaprun","og_description":"Acht Tage, zwei Wochenenden, zwei Mottos \u2013 und eine Region, die wie kaum eine andere f\u00fcr genussvolles Skifahren steht: Die Falstaff Genuss-Skitage 2026 machen Zell am See-Kaprun erneut zum Treffpunkt f\u00fcr alle, die alpine Kulinarik nicht nur kosten, sondern erleben wollen. Zwischen Gletscher, Berg und See verschmelzen Wintersport, Spitzenk\u00fcche und Weinkultur zu einem Festival f\u00fcr [&hellip;]","og_url":"https:\/\/www.salzburgerland.com\/de\/magazin\/hochgenuesse-der-falstaff-genuss-skitage-in-zell-am-see-kaprun\/","og_site_name":"SalzburgerLand Magazin","article_publisher":"https:\/\/www.facebook.com\/salzburgerland\/","article_published_time":"2026-01-30T06:00:00+00:00","article_modified_time":"2026-02-04T13:25:37+00:00","og_image":[{"width":947,"height":325,"url":"https:\/\/www.salzburgerland.com\/de\/magazin\/wp-content\/uploads\/2025\/03\/2026_Genuss-Ski-Tage_947x325-300dpi_Split-Ma\u0308rzApril_V1.jpg","type":"image\/jpeg"}],"author":"Martina Baumgartner","twitter_card":"summary_large_image","twitter_creator":"@Salzburgerland","twitter_site":"@Salzburgerland","twitter_misc":{"Verfasst von":"Martina Baumgartner","Gesch\u00e4tzte Lesezeit":"7\u00a0Minuten"},"schema":{"@context":"https:\/\/schema.org","@graph":[{"@type":"Article","@id":"https:\/\/www.salzburgerland.com\/de\/magazin\/hochgenuesse-der-falstaff-genuss-skitage-in-zell-am-see-kaprun\/#article","isPartOf":{"@id":"https:\/\/www.salzburgerland.com\/de\/magazin\/hochgenuesse-der-falstaff-genuss-skitage-in-zell-am-see-kaprun\/"},"author":{"name":"Martina Baumgartner","@id":"https:\/\/www.salzburgerland.com\/de\/magazin\/#\/schema\/person\/26faa186b30a5495209f4129e1cff1f6"},"headline":"Die Falstaff Genuss-Skitage 2026 locken Foodies &amp; Gourmets nach Zell am See-Kaprun","datePublished":"2026-01-30T06:00:00+00:00","dateModified":"2026-02-04T13:25:37+00:00","mainEntityOfPage":{"@id":"https:\/\/www.salzburgerland.com\/de\/magazin\/hochgenuesse-der-falstaff-genuss-skitage-in-zell-am-see-kaprun\/"},"wordCount":1029,"publisher":{"@id":"https:\/\/www.salzburgerland.com\/de\/magazin\/#organization"},"image":{"@id":"https:\/\/www.salzburgerland.com\/de\/magazin\/hochgenuesse-der-falstaff-genuss-skitage-in-zell-am-see-kaprun\/#primaryimage"},"thumbnailUrl":"https:\/\/www.salzburgerland.com\/de\/magazin\/wp-content\/uploads\/2025\/03\/2026_Genuss-Ski-Tage_947x325-300dpi_Split-Ma\u0308rzApril_V1.jpg","articleSection":["Essen &amp; Trinken"],"inLanguage":"de"},{"@type":"WebPage","@id":"https:\/\/www.salzburgerland.com\/de\/magazin\/hochgenuesse-der-falstaff-genuss-skitage-in-zell-am-see-kaprun\/","url":"https:\/\/www.salzburgerland.com\/de\/magazin\/hochgenuesse-der-falstaff-genuss-skitage-in-zell-am-see-kaprun\/","name":"Die Falstaff Genuss-Skitage 2026 locken Foodies &amp; Gourmets nach Zell am See-Kaprun - SalzburgerLand Magazin","isPartOf":{"@id":"https:\/\/www.salzburgerland.com\/de\/magazin\/#website"},"primaryImageOfPage":{"@id":"https:\/\/www.salzburgerland.com\/de\/magazin\/hochgenuesse-der-falstaff-genuss-skitage-in-zell-am-see-kaprun\/#primaryimage"},"image":{"@id":"https:\/\/www.salzburgerland.com\/de\/magazin\/hochgenuesse-der-falstaff-genuss-skitage-in-zell-am-see-kaprun\/#primaryimage"},"thumbnailUrl":"https:\/\/www.salzburgerland.com\/de\/magazin\/wp-content\/uploads\/2025\/03\/2026_Genuss-Ski-Tage_947x325-300dpi_Split-Ma\u0308rzApril_V1.jpg","datePublished":"2026-01-30T06:00:00+00:00","dateModified":"2026-02-04T13:25:37+00:00","breadcrumb":{"@id":"https:\/\/www.salzburgerland.com\/de\/magazin\/hochgenuesse-der-falstaff-genuss-skitage-in-zell-am-see-kaprun\/#breadcrumb"},"inLanguage":"de","potentialAction":[{"@type":"ReadAction","target":["https:\/\/www.salzburgerland.com\/de\/magazin\/hochgenuesse-der-falstaff-genuss-skitage-in-zell-am-see-kaprun\/"]}]},{"@type":"ImageObject","inLanguage":"de","@id":"https:\/\/www.salzburgerland.com\/de\/magazin\/hochgenuesse-der-falstaff-genuss-skitage-in-zell-am-see-kaprun\/#primaryimage","url":"https:\/\/www.salzburgerland.com\/de\/magazin\/wp-content\/uploads\/2025\/03\/2026_Genuss-Ski-Tage_947x325-300dpi_Split-Ma\u0308rzApril_V1.jpg","contentUrl":"https:\/\/www.salzburgerland.com\/de\/magazin\/wp-content\/uploads\/2025\/03\/2026_Genuss-Ski-Tage_947x325-300dpi_Split-Ma\u0308rzApril_V1.jpg","width":947,"height":325,"caption":"Genuss-Skitage 2026 in Zell am See-Kaprun \u00a9 Zell am See-Kaprun"},{"@type":"BreadcrumbList","@id":"https:\/\/www.salzburgerland.com\/de\/magazin\/hochgenuesse-der-falstaff-genuss-skitage-in-zell-am-see-kaprun\/#breadcrumb","itemListElement":[{"@type":"ListItem","position":1,"name":"Startseite","item":"https:\/\/www.salzburgerland.com\/de\/magazin\/"},{"@type":"ListItem","position":2,"name":"Essen &amp; Trinken","item":"https:\/\/www.salzburgerland.com\/de\/magazin\/thema\/essen-trinken\/"},{"@type":"ListItem","position":3,"name":"Die Falstaff Genuss-Skitage 2026 locken Foodies &amp; Gourmets nach Zell am See-Kaprun"}]},{"@type":"WebSite","@id":"https:\/\/www.salzburgerland.com\/de\/magazin\/#website","url":"https:\/\/www.salzburgerland.com\/de\/magazin\/","name":"SalzburgerLand Magazin","description":"Geschichten und Interessantes aus dem SalzburgerLand","publisher":{"@id":"https:\/\/www.salzburgerland.com\/de\/magazin\/#organization"},"potentialAction":[{"@type":"SearchAction","target":{"@type":"EntryPoint","urlTemplate":"https:\/\/www.salzburgerland.com\/de\/magazin\/?s={search_term_string}"},"query-input":{"@type":"PropertyValueSpecification","valueRequired":true,"valueName":"search_term_string"}}],"inLanguage":"de"},{"@type":"Organization","@id":"https:\/\/www.salzburgerland.com\/de\/magazin\/#organization","name":"SalzburgerLand Tourismus","url":"https:\/\/www.salzburgerland.com\/de\/magazin\/","logo":{"@type":"ImageObject","inLanguage":"de","@id":"https:\/\/www.salzburgerland.com\/de\/magazin\/#\/schema\/logo\/image\/","url":"https:\/\/www.salzburgerland.com\/de\/magazin\/wp-content\/uploads\/2019\/06\/salzburgerland-logo1.jpg","contentUrl":"https:\/\/www.salzburgerland.com\/de\/magazin\/wp-content\/uploads\/2019\/06\/salzburgerland-logo1.jpg","width":2011,"height":866,"caption":"SalzburgerLand Tourismus"},"image":{"@id":"https:\/\/www.salzburgerland.com\/de\/magazin\/#\/schema\/logo\/image\/"},"sameAs":["https:\/\/www.facebook.com\/salzburgerland\/","https:\/\/x.com\/Salzburgerland","https:\/\/www.instagram.com\/salzburgerland\/","https:\/\/at.linkedin.com\/company\/salzburgerland-tourismus-gmbh","https:\/\/www.pinterest.at\/salzburgerland\/","https:\/\/www.youtube.com\/user\/salzburgerland","https:\/\/de.wikipedia.org\/wiki\/SalzburgerLand_Tourismus_GmbH"]},{"@type":"Person","@id":"https:\/\/www.salzburgerland.com\/de\/magazin\/#\/schema\/person\/26faa186b30a5495209f4129e1cff1f6","name":"Martina Baumgartner","url":"https:\/\/www.salzburgerland.com\/de\/magazin\/author\/mbaumgartner\/"}]}},"_wl_alt_label":[],"wl:entity_url":"http:\/\/open.salzburgerland.com\/magazin\/post\/hochgenuesse-der-falstaff-genuss-skitage-2024-in-zell-am-see-kaprun-174733","_links":{"self":[{"href":"https:\/\/www.salzburgerland.com\/de\/magazin\/wp-json\/wp\/v2\/posts\/174733","targetHints":{"allow":["GET"]}}],"collection":[{"href":"https:\/\/www.salzburgerland.com\/de\/magazin\/wp-json\/wp\/v2\/posts"}],"about":[{"href":"https:\/\/www.salzburgerland.com\/de\/magazin\/wp-json\/wp\/v2\/types\/post"}],"author":[{"embeddable":true,"href":"https:\/\/www.salzburgerland.com\/de\/magazin\/wp-json\/wp\/v2\/users\/586"}],"replies":[{"embeddable":true,"href":"https:\/\/www.salzburgerland.com\/de\/magazin\/wp-json\/wp\/v2\/comments?post=174733"}],"version-history":[{"count":35,"href":"https:\/\/www.salzburgerland.com\/de\/magazin\/wp-json\/wp\/v2\/posts\/174733\/revisions"}],"predecessor-version":[{"id":186048,"href":"https:\/\/www.salzburgerland.com\/de\/magazin\/wp-json\/wp\/v2\/posts\/174733\/revisions\/186048"}],"wp:featuredmedia":[{"embeddable":true,"href":"https:\/\/www.salzburgerland.com\/de\/magazin\/wp-json\/wp\/v2\/media\/185889"}],"wp:attachment":[{"href":"https:\/\/www.salzburgerland.com\/de\/magazin\/wp-json\/wp\/v2\/media?parent=174733"}],"wp:term":[{"taxonomy":"category","embeddable":true,"href":"https:\/\/www.salzburgerland.com\/de\/magazin\/wp-json\/wp\/v2\/categories?post=174733"},{"taxonomy":"post_tag","embeddable":true,"href":"https:\/\/www.salzburgerland.com\/de\/magazin\/wp-json\/wp\/v2\/tags?post=174733"},{"taxonomy":"wl_entity_type","embeddable":true,"href":"https:\/\/www.salzburgerland.com\/de\/magazin\/wp-json\/wp\/v2\/wl_entity_type?post=174733"},{"taxonomy":"monatsauswahl","embeddable":true,"href":"https:\/\/www.salzburgerland.com\/de\/magazin\/wp-json\/wp\/v2\/monatsauswahl?post=174733"}],"curies":[{"name":"wp","href":"https:\/\/api.w.org\/{rel}","templated":true}]}}