{"id":174600,"date":"2024-01-02T07:00:00","date_gmt":"2024-01-02T06:00:00","guid":{"rendered":"https:\/\/www.salzburgerland.com\/de\/magazin\/?p=174600"},"modified":"2025-02-17T07:18:17","modified_gmt":"2025-02-17T06:18:17","slug":"die-sonnen-ski-wm-1991-in-saalbach-hinterglemm","status":"publish","type":"post","link":"https:\/\/www.salzburgerland.com\/de\/magazin\/die-sonnen-ski-wm-1991-in-saalbach-hinterglemm\/","title":{"rendered":"Die Sonnen-Ski-WM 1991 in Saalbach Hinterglemm"},"content":{"rendered":"\n<div class=\"wp-block-slt-top topBlocks\">\n<h2 class=\"wp-block-slt-subtitle\">Spannende Wettk\u00e4mpfe und zwei Wochen Traumwetter begeisterten die Welt<\/h2>\n\n\n\n<p class=\"wp-block-slt-intro\">Die Ski-WM 1991 in Saalbach Hinterglemm ging als Sonnen-WM in die Geschichtsb\u00fccher ein. Urspr\u00fcnglich unter keinem guten Stern stehend, sorgten sportliche H\u00f6chstleistungen der Salzburgerinnen Petra Kronberger und Ulli Maier, des Stroblers Rudi Nierlich und des aufstrebenden Zillertalers Stefan Eberharter f\u00fcr ein Jubelfest des alpinen Skisports. Der Oskar f\u00fcr die beste Nebenrolle ging dabei an das herrliche Wetter, das mit den Medaillen um die Wette strahlte.&nbsp;<\/p>\n<\/div>\n\n\n\n<p>\u201eKannst du dich erinnern, als die Petra Kronberger wie eine Verr\u00fcckte den Zielhang heruntergeschossen ist?\u201c Oder: \u201eDen Eberharter, den kannte damals ja noch niemand!\u201c Noch heute, \u00fcber 30 Jahre sp\u00e4ter, erinnert man sich lebhaft an die Ski-Weltmeisterschaften 1991 in Saalbach Hinterglemm. Dabei sah es anfangs aus, als w\u00fcrden sie \u00fcberhaupt nicht stattfinden. Der Ausbruch des zweiten Golfkrieges kurz zuvor sorgten daf\u00fcr, dass starke Sicherheitsbedenken im Raum standen. Zum blauen Himmel \u00fcber den Salzburger Alpen waren dunkle Wolken der Weltpolitik aufgezogen. Einige die es wissen sollten, erz\u00e4hlen sogar, dass die WM eine viertel Stunde im Laufe einer hitzigen Sitzung sogar abgesagt gewesen sein soll. Doch dann zeigte sich die Sonne. Und die Festspiele begannen. Zwei Wochen blauer Himmel, zwei Wochen beste Stimmung bei den Zuschauer*innen und den Sportler*innen gleicherma\u00dfen. Und Bilder aus dem SalzburgerLand hinaus in die Welt, die zeigten, dass das Miteinander immer gewinnt.&nbsp;<\/p>\n\n\n\n<figure class=\"wp-block-image size-full\"><img loading=\"lazy\" decoding=\"async\" width=\"2560\" height=\"1772\" src=\"https:\/\/www.salzburgerland.com\/de\/magazin\/wp-content\/uploads\/2023\/12\/eberharter_wm1991-scaled.jpg\" alt=\"Ein Skifahrer in heller Kleidung rast bei der Sonnen-Ski-WM 1991 auf einer verschneiten Piste durch Tore hinunter.\" class=\"wp-image-174602\" srcset=\"https:\/\/www.salzburgerland.com\/de\/magazin\/wp-content\/uploads\/2023\/12\/eberharter_wm1991-scaled.jpg 2560w, https:\/\/www.salzburgerland.com\/de\/magazin\/wp-content\/uploads\/2023\/12\/eberharter_wm1991-300x208.jpg 300w, https:\/\/www.salzburgerland.com\/de\/magazin\/wp-content\/uploads\/2023\/12\/eberharter_wm1991-1536x1063.jpg 1536w, https:\/\/www.salzburgerland.com\/de\/magazin\/wp-content\/uploads\/2023\/12\/eberharter_wm1991-2048x1418.jpg 2048w, https:\/\/www.salzburgerland.com\/de\/magazin\/wp-content\/uploads\/2023\/12\/eberharter_wm1991-795x550.jpg 795w, https:\/\/www.salzburgerland.com\/de\/magazin\/wp-content\/uploads\/2023\/12\/eberharter_wm1991-578x400.jpg 578w, https:\/\/www.salzburgerland.com\/de\/magazin\/wp-content\/uploads\/2023\/12\/eberharter_wm1991-1320x914.jpg 1320w, https:\/\/www.salzburgerland.com\/de\/magazin\/wp-content\/uploads\/2023\/12\/eberharter_wm1991-150x104.jpg 150w\" sizes=\"auto, (max-width: 2560px) 100vw, 2560px\" \/><\/figure>\n\n\n\n<p>Aus sportlicher Sicht war die WM f\u00fcr \u00d6sterreich ein wahrer Genuss. Insgesamt f\u00fcnf Goldene gingen auf das Konto der \u00f6sterreichischen Athletinnen und Athleten. Davon gingen dank Petra Kronberger (Abfahrt), Ulli Maier (Super G) und Rudi Nierlich (RTL) drei der f\u00fcnf Siege an Salzburgs Skiverband. Dazu weitere Salzburger Medaillen durch Ulli Maier, Thomas Stangassinger und Ingrid St\u00f6ckl. Unvergessen sind auch die Startschwierigkeiten des Top-Favoriten in der Abfahrt Helmut H\u00f6flehner und der Husarenritt des unvergessenen Rudi Nierlichs. Dieser kam kurz vor dem Ziel im 2. Durchgang des Herren Riesentorlaufs als F\u00fchrender auf den Innenski und war mit dem Ges\u00e4\u00df bereits im Schnee. Getragen vom Geschrei Tausender Fans konnte er sich hochretten und fuhr den Vorsprung ins Ziel.&nbsp;<\/p>\n\n\n\n<figure class=\"wp-block-embed is-type-video is-provider-youtube wp-block-embed-youtube wp-embed-aspect-4-3 wp-has-aspect-ratio\"><div class=\"wp-block-embed__wrapper\">\n<iframe loading=\"lazy\" title=\"Alpine Ski WM 1991 Saalbach Hinterglemm\" width=\"640\" height=\"480\" src=\"https:\/\/www.youtube-nocookie.com\/embed\/n_hto1Kpxmw?feature=oembed&#038;rel=0&#038;modestbranding=1\" frameborder=\"0\" allow=\"accelerometer; autoplay; clipboard-write; encrypted-media; gyroscope; picture-in-picture; web-share\" referrerpolicy=\"strict-origin-when-cross-origin\" allowfullscreen><\/iframe>\n<\/div><\/figure>\n\n\n\n<p>Als bei der Siegerehrung dann die Hymne f\u00fcr Nierlich erklang, begann es zu schneien. Erstmalig. Nach zwei Wochen Sonnenschein. Damals schrieben die Salzburger Nachrichten,&nbsp;<em>\u201edie WM war eine B\u00fchne f\u00fcr den perfekten Skizirkus.&nbsp;Ein Glanzlicht mit Strahlkraft in die Zukunft\u201c.&nbsp;<\/em>&nbsp;<\/p>\n\n\n\n<p>\u00a9Bilder:<strong> saalbach.com, FotoJank<\/strong><\/p>\n","protected":false},"excerpt":{"rendered":"<p>\u201eKannst du dich erinnern, als die Petra Kronberger wie eine Verr\u00fcckte den Zielhang heruntergeschossen ist?\u201c Oder: \u201eDen Eberharter, den kannte damals ja noch niemand!\u201c Noch heute, \u00fcber 30 Jahre sp\u00e4ter, erinnert man sich lebhaft an die Ski-Weltmeisterschaften 1991 in Saalbach Hinterglemm. Dabei sah es anfangs aus, als w\u00fcrden sie \u00fcberhaupt nicht stattfinden. Der Ausbruch des [&hellip;]<\/p>\n","protected":false},"author":505,"featured_media":174603,"comment_status":"closed","ping_status":"closed","sticky":false,"template":"","format":"standard","meta":{"_acf_changed":false,"wl_entities_gutenberg":"","_wl_entity_redirect_enabled":"","footnotes":""},"categories":[8],"tags":[],"wl_entity_type":[306],"monatsauswahl":[82,83,84,92,93],"class_list":["post-174600","post","type-post","status-publish","format-standard","has-post-thumbnail","hentry","category-outdoor-sport","wl_entity_type-article","monatsauswahl-monat_1","monatsauswahl-monat_2","monatsauswahl-monat_3","monatsauswahl-monat_11","monatsauswahl-monat_12"],"acf":[],"yoast_head":"<!-- This site is optimized with the Yoast SEO Premium plugin v27.4 (Yoast SEO v27.4) - https:\/\/yoast.com\/product\/yoast-seo-premium-wordpress\/ -->\n<title>Die Sonnen-Ski-WM 1991 in Saalbach Hinterglemm - SalzburgerLand Magazin<\/title>\n<meta name=\"description\" content=\"Die Ski-WM 1991 in Saalbach Hinterglemm ging als Sonnen-WM in die Geschichtsb\u00fccher ein und brachte viele Medaillen f\u00fcr das SalzburgerLand.\" \/>\n<meta name=\"robots\" content=\"index, follow, max-snippet:-1, max-image-preview:large, max-video-preview:-1\" \/>\n<link rel=\"canonical\" href=\"https:\/\/www.salzburgerland.com\/de\/magazin\/die-sonnen-ski-wm-1991-in-saalbach-hinterglemm\/\" \/>\n<meta property=\"og:locale\" content=\"de_DE\" \/>\n<meta property=\"og:type\" content=\"article\" \/>\n<meta property=\"og:title\" content=\"Die Sonnen-Ski-WM 1991 in Saalbach Hinterglemm\" \/>\n<meta property=\"og:description\" content=\"Die Ski-WM 1991 in Saalbach Hinterglemm ging als Sonnen-WM in die Geschichtsb\u00fccher ein und brachte viele Medaillen f\u00fcr das SalzburgerLand.\" \/>\n<meta property=\"og:url\" content=\"https:\/\/www.salzburgerland.com\/de\/magazin\/die-sonnen-ski-wm-1991-in-saalbach-hinterglemm\/\" \/>\n<meta property=\"og:site_name\" content=\"SalzburgerLand Magazin\" \/>\n<meta property=\"article:publisher\" content=\"https:\/\/www.facebook.com\/salzburgerland\/\" \/>\n<meta property=\"article:published_time\" content=\"2024-01-02T06:00:00+00:00\" \/>\n<meta property=\"article:modified_time\" content=\"2025-02-17T06:18:17+00:00\" \/>\n<meta property=\"og:image\" content=\"https:\/\/www.salzburgerland.com\/de\/magazin\/wp-content\/uploads\/2023\/12\/Zwoelfer-Zielstadion.jpg\" \/>\n\t<meta property=\"og:image:width\" content=\"2516\" \/>\n\t<meta property=\"og:image:height\" content=\"1731\" \/>\n\t<meta property=\"og:image:type\" content=\"image\/jpeg\" \/>\n<meta name=\"author\" content=\"Peter Zeitlhofer\" \/>\n<meta name=\"twitter:card\" content=\"summary_large_image\" \/>\n<meta name=\"twitter:creator\" content=\"@Salzburgerland\" \/>\n<meta name=\"twitter:site\" content=\"@Salzburgerland\" \/>\n<meta name=\"twitter:label1\" content=\"Verfasst von\" \/>\n\t<meta name=\"twitter:data1\" content=\"Peter Zeitlhofer\" \/>\n\t<meta name=\"twitter:label2\" content=\"Gesch\u00e4tzte Lesezeit\" \/>\n\t<meta name=\"twitter:data2\" content=\"1\u00a0Minute\" \/>\n<script type=\"application\/ld+json\" class=\"yoast-schema-graph\">{\"@context\":\"https:\\\/\\\/schema.org\",\"@graph\":[{\"@type\":\"Article\",\"@id\":\"https:\\\/\\\/www.salzburgerland.com\\\/de\\\/magazin\\\/die-sonnen-ski-wm-1991-in-saalbach-hinterglemm\\\/#article\",\"isPartOf\":{\"@id\":\"https:\\\/\\\/www.salzburgerland.com\\\/de\\\/magazin\\\/die-sonnen-ski-wm-1991-in-saalbach-hinterglemm\\\/\"},\"author\":{\"name\":\"Peter Zeitlhofer\",\"@id\":\"https:\\\/\\\/www.salzburgerland.com\\\/de\\\/magazin\\\/#\\\/schema\\\/person\\\/ebd2c9f244aeea71e30f3b5d5e309de4\"},\"headline\":\"Die Sonnen-Ski-WM 1991 in Saalbach Hinterglemm\",\"datePublished\":\"2024-01-02T06:00:00+00:00\",\"dateModified\":\"2025-02-17T06:18:17+00:00\",\"mainEntityOfPage\":{\"@id\":\"https:\\\/\\\/www.salzburgerland.com\\\/de\\\/magazin\\\/die-sonnen-ski-wm-1991-in-saalbach-hinterglemm\\\/\"},\"wordCount\":417,\"publisher\":{\"@id\":\"https:\\\/\\\/www.salzburgerland.com\\\/de\\\/magazin\\\/#organization\"},\"image\":{\"@id\":\"https:\\\/\\\/www.salzburgerland.com\\\/de\\\/magazin\\\/die-sonnen-ski-wm-1991-in-saalbach-hinterglemm\\\/#primaryimage\"},\"thumbnailUrl\":\"https:\\\/\\\/www.salzburgerland.com\\\/de\\\/magazin\\\/wp-content\\\/uploads\\\/2023\\\/12\\\/Zwoelfer-Zielstadion.jpg\",\"articleSection\":[\"Outdoor &amp; Sport\"],\"inLanguage\":\"de\"},{\"@type\":\"WebPage\",\"@id\":\"https:\\\/\\\/www.salzburgerland.com\\\/de\\\/magazin\\\/die-sonnen-ski-wm-1991-in-saalbach-hinterglemm\\\/\",\"url\":\"https:\\\/\\\/www.salzburgerland.com\\\/de\\\/magazin\\\/die-sonnen-ski-wm-1991-in-saalbach-hinterglemm\\\/\",\"name\":\"Die Sonnen-Ski-WM 1991 in Saalbach Hinterglemm - SalzburgerLand Magazin\",\"isPartOf\":{\"@id\":\"https:\\\/\\\/www.salzburgerland.com\\\/de\\\/magazin\\\/#website\"},\"primaryImageOfPage\":{\"@id\":\"https:\\\/\\\/www.salzburgerland.com\\\/de\\\/magazin\\\/die-sonnen-ski-wm-1991-in-saalbach-hinterglemm\\\/#primaryimage\"},\"image\":{\"@id\":\"https:\\\/\\\/www.salzburgerland.com\\\/de\\\/magazin\\\/die-sonnen-ski-wm-1991-in-saalbach-hinterglemm\\\/#primaryimage\"},\"thumbnailUrl\":\"https:\\\/\\\/www.salzburgerland.com\\\/de\\\/magazin\\\/wp-content\\\/uploads\\\/2023\\\/12\\\/Zwoelfer-Zielstadion.jpg\",\"datePublished\":\"2024-01-02T06:00:00+00:00\",\"dateModified\":\"2025-02-17T06:18:17+00:00\",\"description\":\"Die Ski-WM 1991 in Saalbach Hinterglemm ging als Sonnen-WM in die Geschichtsb\u00fccher ein und brachte viele Medaillen f\u00fcr das SalzburgerLand.\",\"breadcrumb\":{\"@id\":\"https:\\\/\\\/www.salzburgerland.com\\\/de\\\/magazin\\\/die-sonnen-ski-wm-1991-in-saalbach-hinterglemm\\\/#breadcrumb\"},\"inLanguage\":\"de\",\"potentialAction\":[{\"@type\":\"ReadAction\",\"target\":[\"https:\\\/\\\/www.salzburgerland.com\\\/de\\\/magazin\\\/die-sonnen-ski-wm-1991-in-saalbach-hinterglemm\\\/\"]}]},{\"@type\":\"ImageObject\",\"inLanguage\":\"de\",\"@id\":\"https:\\\/\\\/www.salzburgerland.com\\\/de\\\/magazin\\\/die-sonnen-ski-wm-1991-in-saalbach-hinterglemm\\\/#primaryimage\",\"url\":\"https:\\\/\\\/www.salzburgerland.com\\\/de\\\/magazin\\\/wp-content\\\/uploads\\\/2023\\\/12\\\/Zwoelfer-Zielstadion.jpg\",\"contentUrl\":\"https:\\\/\\\/www.salzburgerland.com\\\/de\\\/magazin\\\/wp-content\\\/uploads\\\/2023\\\/12\\\/Zwoelfer-Zielstadion.jpg\",\"width\":2516,\"height\":1731,\"caption\":\"Ein Skirennen bei der Sonnen-Ski-WM 1991 mit jubelnden Zuschauern, Hei\u00dfluftballons und verschneiten Bergen im Hintergrund.\"},{\"@type\":\"BreadcrumbList\",\"@id\":\"https:\\\/\\\/www.salzburgerland.com\\\/de\\\/magazin\\\/die-sonnen-ski-wm-1991-in-saalbach-hinterglemm\\\/#breadcrumb\",\"itemListElement\":[{\"@type\":\"ListItem\",\"position\":1,\"name\":\"Startseite\",\"item\":\"https:\\\/\\\/www.salzburgerland.com\\\/de\\\/magazin\\\/\"},{\"@type\":\"ListItem\",\"position\":2,\"name\":\"Outdoor &amp; Sport\",\"item\":\"https:\\\/\\\/www.salzburgerland.com\\\/de\\\/magazin\\\/thema\\\/outdoor-sport\\\/\"},{\"@type\":\"ListItem\",\"position\":3,\"name\":\"Die Sonnen-Ski-WM 1991 in Saalbach Hinterglemm\"}]},{\"@type\":\"WebSite\",\"@id\":\"https:\\\/\\\/www.salzburgerland.com\\\/de\\\/magazin\\\/#website\",\"url\":\"https:\\\/\\\/www.salzburgerland.com\\\/de\\\/magazin\\\/\",\"name\":\"SalzburgerLand Magazin\",\"description\":\"Geschichten und Interessantes aus dem SalzburgerLand\",\"publisher\":{\"@id\":\"https:\\\/\\\/www.salzburgerland.com\\\/de\\\/magazin\\\/#organization\"},\"potentialAction\":[{\"@type\":\"SearchAction\",\"target\":{\"@type\":\"EntryPoint\",\"urlTemplate\":\"https:\\\/\\\/www.salzburgerland.com\\\/de\\\/magazin\\\/?s={search_term_string}\"},\"query-input\":{\"@type\":\"PropertyValueSpecification\",\"valueRequired\":true,\"valueName\":\"search_term_string\"}}],\"inLanguage\":\"de\"},{\"@type\":\"Organization\",\"@id\":\"https:\\\/\\\/www.salzburgerland.com\\\/de\\\/magazin\\\/#organization\",\"name\":\"SalzburgerLand Tourismus\",\"url\":\"https:\\\/\\\/www.salzburgerland.com\\\/de\\\/magazin\\\/\",\"logo\":{\"@type\":\"ImageObject\",\"inLanguage\":\"de\",\"@id\":\"https:\\\/\\\/www.salzburgerland.com\\\/de\\\/magazin\\\/#\\\/schema\\\/logo\\\/image\\\/\",\"url\":\"https:\\\/\\\/www.salzburgerland.com\\\/de\\\/magazin\\\/wp-content\\\/uploads\\\/2019\\\/06\\\/salzburgerland-logo1.jpg\",\"contentUrl\":\"https:\\\/\\\/www.salzburgerland.com\\\/de\\\/magazin\\\/wp-content\\\/uploads\\\/2019\\\/06\\\/salzburgerland-logo1.jpg\",\"width\":2011,\"height\":866,\"caption\":\"SalzburgerLand Tourismus\"},\"image\":{\"@id\":\"https:\\\/\\\/www.salzburgerland.com\\\/de\\\/magazin\\\/#\\\/schema\\\/logo\\\/image\\\/\"},\"sameAs\":[\"https:\\\/\\\/www.facebook.com\\\/salzburgerland\\\/\",\"https:\\\/\\\/x.com\\\/Salzburgerland\",\"https:\\\/\\\/www.instagram.com\\\/salzburgerland\\\/\",\"https:\\\/\\\/at.linkedin.com\\\/company\\\/salzburgerland-tourismus-gmbh\",\"https:\\\/\\\/www.pinterest.at\\\/salzburgerland\\\/\",\"https:\\\/\\\/www.youtube.com\\\/user\\\/salzburgerland\",\"https:\\\/\\\/de.wikipedia.org\\\/wiki\\\/SalzburgerLand_Tourismus_GmbH\"]},{\"@type\":\"Person\",\"@id\":\"https:\\\/\\\/www.salzburgerland.com\\\/de\\\/magazin\\\/#\\\/schema\\\/person\\\/ebd2c9f244aeea71e30f3b5d5e309de4\",\"name\":\"Peter Zeitlhofer\",\"description\":\"'Von Neugier getrieben' - diese Worte kommen Peter Zeitlhofer wohl schon ziemlich nahe. Egal ob am Segelboot, im Tiefschnee, unterwegs in Stadt und Land, oder auf einer seinen vielen Reisen - er ist immer auf der Suche nach Neuem, nach dem Besonderen, probiert so ziemlich alles aus und liebt es, dar\u00fcber zu reden und zu berichten. Womit man auch schon fast bei seiner zweiten Leidenschaft w\u00e4re - dem Schreiben. Immer und \u00fcberall ausgestattet\u00a0mit seinem Notebook, hat der Salzburger, mit Wurzeln am Attersee, sein Office\u00a0im wahrsten Sinne des Wortes unterm Arm und k\u00f6nnte sich nichts besseres vorstellen, als die Geschichten dort zu erz\u00e4hlen, wo sie passieren. Fr\u00fchling, Sommer, Herbst oder Winter? Als Mensch der Extreme, mag ich auch bei den Jahreszeiten den Sommer und den Winter am liebsten. Obwohl nat\u00fcrlich auch der Fr\u00fchling seine Reize hat. Aber der Herbst? Rindsroulade vom Pinzgauer Biorind oder Saibling fangfrisch aus dem Fuschlsee? Immer diese Entscheidungen! Kann ich auch beides haben? Mundharmonika oder Stradivari? Weder noch - als Gitarrist k\u00f6nnte ich mit beiden Instrumenten nichts anfangen. Lederhose oder Smoking? Eindeutig Lederhose, die bei mir mittlerweile sogar den Einzug in den sommerlichen Alltag gefunden hat. Und der LederhosnDonnerstag ist \u00a0ohnehin Pflicht. Alpinski, Offpist oder Skitour? Hauptsache rauf auf den Berg! Was dann tats\u00e4chlich auf dem Programm steht ist zweitrangig. Nur so viel: wenn der Schnee passt, dann h\u00e4lt mich nichts oder niemand auf der Piste. Bergtour oder Seentour? F\u00fcr mich gibt es im Sommer nichts Sch\u00f6neres, als mit dem Segelboot auf unseren herrlichen Seen unterwegs zu sein. Also wenn ich die Wahl habe, dann nehme ich im Sommer die Berge h\u00f6chstens als Kulisse. Haubenlokal oder Ab-Hof-Laden? Auch hier nehme ich von beidem ein bisschen. Aber bei der Oma schmeckt's dann doch am besten.\",\"url\":\"https:\\\/\\\/www.salzburgerland.com\\\/de\\\/magazin\\\/author\\\/peter-zeitlhofer\\\/\"}]}<\/script>\n<meta property=\"og:video\" content=\"https:\/\/www.youtube.com\/embed\/n_hto1Kpxmw\" \/>\n<meta property=\"og:video:type\" content=\"text\/html\" \/>\n<meta property=\"og:video:duration\" content=\"1688\" \/>\n<meta property=\"og:video:width\" content=\"480\" \/>\n<meta property=\"og:video:height\" content=\"360\" \/>\n<meta property=\"ya:ovs:adult\" content=\"false\" \/>\n<meta property=\"ya:ovs:upload_date\" content=\"2024-01-02T06:00:00+00:00\" \/>\n<meta property=\"ya:ovs:allow_embed\" content=\"true\" \/>\n<!-- \/ Yoast SEO Premium plugin. -->","yoast_head_json":{"title":"Die Sonnen-Ski-WM 1991 in Saalbach Hinterglemm - SalzburgerLand Magazin","description":"Die Ski-WM 1991 in Saalbach Hinterglemm ging als Sonnen-WM in die Geschichtsb\u00fccher ein und brachte viele Medaillen f\u00fcr das SalzburgerLand.","robots":{"index":"index","follow":"follow","max-snippet":"max-snippet:-1","max-image-preview":"max-image-preview:large","max-video-preview":"max-video-preview:-1"},"canonical":"https:\/\/www.salzburgerland.com\/de\/magazin\/die-sonnen-ski-wm-1991-in-saalbach-hinterglemm\/","og_locale":"de_DE","og_type":"article","og_title":"Die Sonnen-Ski-WM 1991 in Saalbach Hinterglemm","og_description":"Die Ski-WM 1991 in Saalbach Hinterglemm ging als Sonnen-WM in die Geschichtsb\u00fccher ein und brachte viele Medaillen f\u00fcr das SalzburgerLand.","og_url":"https:\/\/www.salzburgerland.com\/de\/magazin\/die-sonnen-ski-wm-1991-in-saalbach-hinterglemm\/","og_site_name":"SalzburgerLand Magazin","article_publisher":"https:\/\/www.facebook.com\/salzburgerland\/","article_published_time":"2024-01-02T06:00:00+00:00","article_modified_time":"2025-02-17T06:18:17+00:00","og_image":[{"url":"https:\/\/www.salzburgerland.com\/de\/magazin\/wp-content\/uploads\/2023\/12\/Zwoelfer-Zielstadion.jpg","width":2516,"height":1731,"type":"image\/jpeg"}],"author":"Peter Zeitlhofer","twitter_card":"summary_large_image","twitter_creator":"@Salzburgerland","twitter_site":"@Salzburgerland","twitter_misc":{"Verfasst von":"Peter Zeitlhofer","Gesch\u00e4tzte Lesezeit":"1\u00a0Minute"},"schema":{"@context":"https:\/\/schema.org","@graph":[{"@type":"Article","@id":"https:\/\/www.salzburgerland.com\/de\/magazin\/die-sonnen-ski-wm-1991-in-saalbach-hinterglemm\/#article","isPartOf":{"@id":"https:\/\/www.salzburgerland.com\/de\/magazin\/die-sonnen-ski-wm-1991-in-saalbach-hinterglemm\/"},"author":{"name":"Peter Zeitlhofer","@id":"https:\/\/www.salzburgerland.com\/de\/magazin\/#\/schema\/person\/ebd2c9f244aeea71e30f3b5d5e309de4"},"headline":"Die Sonnen-Ski-WM 1991 in Saalbach Hinterglemm","datePublished":"2024-01-02T06:00:00+00:00","dateModified":"2025-02-17T06:18:17+00:00","mainEntityOfPage":{"@id":"https:\/\/www.salzburgerland.com\/de\/magazin\/die-sonnen-ski-wm-1991-in-saalbach-hinterglemm\/"},"wordCount":417,"publisher":{"@id":"https:\/\/www.salzburgerland.com\/de\/magazin\/#organization"},"image":{"@id":"https:\/\/www.salzburgerland.com\/de\/magazin\/die-sonnen-ski-wm-1991-in-saalbach-hinterglemm\/#primaryimage"},"thumbnailUrl":"https:\/\/www.salzburgerland.com\/de\/magazin\/wp-content\/uploads\/2023\/12\/Zwoelfer-Zielstadion.jpg","articleSection":["Outdoor &amp; Sport"],"inLanguage":"de"},{"@type":"WebPage","@id":"https:\/\/www.salzburgerland.com\/de\/magazin\/die-sonnen-ski-wm-1991-in-saalbach-hinterglemm\/","url":"https:\/\/www.salzburgerland.com\/de\/magazin\/die-sonnen-ski-wm-1991-in-saalbach-hinterglemm\/","name":"Die Sonnen-Ski-WM 1991 in Saalbach Hinterglemm - SalzburgerLand Magazin","isPartOf":{"@id":"https:\/\/www.salzburgerland.com\/de\/magazin\/#website"},"primaryImageOfPage":{"@id":"https:\/\/www.salzburgerland.com\/de\/magazin\/die-sonnen-ski-wm-1991-in-saalbach-hinterglemm\/#primaryimage"},"image":{"@id":"https:\/\/www.salzburgerland.com\/de\/magazin\/die-sonnen-ski-wm-1991-in-saalbach-hinterglemm\/#primaryimage"},"thumbnailUrl":"https:\/\/www.salzburgerland.com\/de\/magazin\/wp-content\/uploads\/2023\/12\/Zwoelfer-Zielstadion.jpg","datePublished":"2024-01-02T06:00:00+00:00","dateModified":"2025-02-17T06:18:17+00:00","description":"Die Ski-WM 1991 in Saalbach Hinterglemm ging als Sonnen-WM in die Geschichtsb\u00fccher ein und brachte viele Medaillen f\u00fcr das SalzburgerLand.","breadcrumb":{"@id":"https:\/\/www.salzburgerland.com\/de\/magazin\/die-sonnen-ski-wm-1991-in-saalbach-hinterglemm\/#breadcrumb"},"inLanguage":"de","potentialAction":[{"@type":"ReadAction","target":["https:\/\/www.salzburgerland.com\/de\/magazin\/die-sonnen-ski-wm-1991-in-saalbach-hinterglemm\/"]}]},{"@type":"ImageObject","inLanguage":"de","@id":"https:\/\/www.salzburgerland.com\/de\/magazin\/die-sonnen-ski-wm-1991-in-saalbach-hinterglemm\/#primaryimage","url":"https:\/\/www.salzburgerland.com\/de\/magazin\/wp-content\/uploads\/2023\/12\/Zwoelfer-Zielstadion.jpg","contentUrl":"https:\/\/www.salzburgerland.com\/de\/magazin\/wp-content\/uploads\/2023\/12\/Zwoelfer-Zielstadion.jpg","width":2516,"height":1731,"caption":"Ein Skirennen bei der Sonnen-Ski-WM 1991 mit jubelnden Zuschauern, Hei\u00dfluftballons und verschneiten Bergen im Hintergrund."},{"@type":"BreadcrumbList","@id":"https:\/\/www.salzburgerland.com\/de\/magazin\/die-sonnen-ski-wm-1991-in-saalbach-hinterglemm\/#breadcrumb","itemListElement":[{"@type":"ListItem","position":1,"name":"Startseite","item":"https:\/\/www.salzburgerland.com\/de\/magazin\/"},{"@type":"ListItem","position":2,"name":"Outdoor &amp; Sport","item":"https:\/\/www.salzburgerland.com\/de\/magazin\/thema\/outdoor-sport\/"},{"@type":"ListItem","position":3,"name":"Die Sonnen-Ski-WM 1991 in Saalbach Hinterglemm"}]},{"@type":"WebSite","@id":"https:\/\/www.salzburgerland.com\/de\/magazin\/#website","url":"https:\/\/www.salzburgerland.com\/de\/magazin\/","name":"SalzburgerLand Magazin","description":"Geschichten und Interessantes aus dem SalzburgerLand","publisher":{"@id":"https:\/\/www.salzburgerland.com\/de\/magazin\/#organization"},"potentialAction":[{"@type":"SearchAction","target":{"@type":"EntryPoint","urlTemplate":"https:\/\/www.salzburgerland.com\/de\/magazin\/?s={search_term_string}"},"query-input":{"@type":"PropertyValueSpecification","valueRequired":true,"valueName":"search_term_string"}}],"inLanguage":"de"},{"@type":"Organization","@id":"https:\/\/www.salzburgerland.com\/de\/magazin\/#organization","name":"SalzburgerLand Tourismus","url":"https:\/\/www.salzburgerland.com\/de\/magazin\/","logo":{"@type":"ImageObject","inLanguage":"de","@id":"https:\/\/www.salzburgerland.com\/de\/magazin\/#\/schema\/logo\/image\/","url":"https:\/\/www.salzburgerland.com\/de\/magazin\/wp-content\/uploads\/2019\/06\/salzburgerland-logo1.jpg","contentUrl":"https:\/\/www.salzburgerland.com\/de\/magazin\/wp-content\/uploads\/2019\/06\/salzburgerland-logo1.jpg","width":2011,"height":866,"caption":"SalzburgerLand Tourismus"},"image":{"@id":"https:\/\/www.salzburgerland.com\/de\/magazin\/#\/schema\/logo\/image\/"},"sameAs":["https:\/\/www.facebook.com\/salzburgerland\/","https:\/\/x.com\/Salzburgerland","https:\/\/www.instagram.com\/salzburgerland\/","https:\/\/at.linkedin.com\/company\/salzburgerland-tourismus-gmbh","https:\/\/www.pinterest.at\/salzburgerland\/","https:\/\/www.youtube.com\/user\/salzburgerland","https:\/\/de.wikipedia.org\/wiki\/SalzburgerLand_Tourismus_GmbH"]},{"@type":"Person","@id":"https:\/\/www.salzburgerland.com\/de\/magazin\/#\/schema\/person\/ebd2c9f244aeea71e30f3b5d5e309de4","name":"Peter Zeitlhofer","description":"'Von Neugier getrieben' - diese Worte kommen Peter Zeitlhofer wohl schon ziemlich nahe. Egal ob am Segelboot, im Tiefschnee, unterwegs in Stadt und Land, oder auf einer seinen vielen Reisen - er ist immer auf der Suche nach Neuem, nach dem Besonderen, probiert so ziemlich alles aus und liebt es, dar\u00fcber zu reden und zu berichten. Womit man auch schon fast bei seiner zweiten Leidenschaft w\u00e4re - dem Schreiben. Immer und \u00fcberall ausgestattet\u00a0mit seinem Notebook, hat der Salzburger, mit Wurzeln am Attersee, sein Office\u00a0im wahrsten Sinne des Wortes unterm Arm und k\u00f6nnte sich nichts besseres vorstellen, als die Geschichten dort zu erz\u00e4hlen, wo sie passieren. Fr\u00fchling, Sommer, Herbst oder Winter? Als Mensch der Extreme, mag ich auch bei den Jahreszeiten den Sommer und den Winter am liebsten. Obwohl nat\u00fcrlich auch der Fr\u00fchling seine Reize hat. Aber der Herbst? Rindsroulade vom Pinzgauer Biorind oder Saibling fangfrisch aus dem Fuschlsee? Immer diese Entscheidungen! Kann ich auch beides haben? Mundharmonika oder Stradivari? Weder noch - als Gitarrist k\u00f6nnte ich mit beiden Instrumenten nichts anfangen. Lederhose oder Smoking? Eindeutig Lederhose, die bei mir mittlerweile sogar den Einzug in den sommerlichen Alltag gefunden hat. Und der LederhosnDonnerstag ist \u00a0ohnehin Pflicht. Alpinski, Offpist oder Skitour? Hauptsache rauf auf den Berg! Was dann tats\u00e4chlich auf dem Programm steht ist zweitrangig. Nur so viel: wenn der Schnee passt, dann h\u00e4lt mich nichts oder niemand auf der Piste. Bergtour oder Seentour? F\u00fcr mich gibt es im Sommer nichts Sch\u00f6neres, als mit dem Segelboot auf unseren herrlichen Seen unterwegs zu sein. Also wenn ich die Wahl habe, dann nehme ich im Sommer die Berge h\u00f6chstens als Kulisse. Haubenlokal oder Ab-Hof-Laden? Auch hier nehme ich von beidem ein bisschen. Aber bei der Oma schmeckt's dann doch am besten.","url":"https:\/\/www.salzburgerland.com\/de\/magazin\/author\/peter-zeitlhofer\/"}]},"og_video":"https:\/\/www.youtube.com\/embed\/n_hto1Kpxmw","og_video_type":"text\/html","og_video_duration":"1688","og_video_width":"480","og_video_height":"360","ya_ovs_adult":"false","ya_ovs_upload_date":"2024-01-02T06:00:00+00:00","ya_ovs_allow_embed":"true"},"_wl_alt_label":[],"wl:entity_url":"http:\/\/open.salzburgerland.com\/magazin\/post\/die-sonnen-ski-wm-1991-in-saalbach-hinterglemm-174600","_links":{"self":[{"href":"https:\/\/www.salzburgerland.com\/de\/magazin\/wp-json\/wp\/v2\/posts\/174600","targetHints":{"allow":["GET"]}}],"collection":[{"href":"https:\/\/www.salzburgerland.com\/de\/magazin\/wp-json\/wp\/v2\/posts"}],"about":[{"href":"https:\/\/www.salzburgerland.com\/de\/magazin\/wp-json\/wp\/v2\/types\/post"}],"author":[{"embeddable":true,"href":"https:\/\/www.salzburgerland.com\/de\/magazin\/wp-json\/wp\/v2\/users\/505"}],"replies":[{"embeddable":true,"href":"https:\/\/www.salzburgerland.com\/de\/magazin\/wp-json\/wp\/v2\/comments?post=174600"}],"version-history":[{"count":7,"href":"https:\/\/www.salzburgerland.com\/de\/magazin\/wp-json\/wp\/v2\/posts\/174600\/revisions"}],"predecessor-version":[{"id":181142,"href":"https:\/\/www.salzburgerland.com\/de\/magazin\/wp-json\/wp\/v2\/posts\/174600\/revisions\/181142"}],"wp:featuredmedia":[{"embeddable":true,"href":"https:\/\/www.salzburgerland.com\/de\/magazin\/wp-json\/wp\/v2\/media\/174603"}],"wp:attachment":[{"href":"https:\/\/www.salzburgerland.com\/de\/magazin\/wp-json\/wp\/v2\/media?parent=174600"}],"wp:term":[{"taxonomy":"category","embeddable":true,"href":"https:\/\/www.salzburgerland.com\/de\/magazin\/wp-json\/wp\/v2\/categories?post=174600"},{"taxonomy":"post_tag","embeddable":true,"href":"https:\/\/www.salzburgerland.com\/de\/magazin\/wp-json\/wp\/v2\/tags?post=174600"},{"taxonomy":"wl_entity_type","embeddable":true,"href":"https:\/\/www.salzburgerland.com\/de\/magazin\/wp-json\/wp\/v2\/wl_entity_type?post=174600"},{"taxonomy":"monatsauswahl","embeddable":true,"href":"https:\/\/www.salzburgerland.com\/de\/magazin\/wp-json\/wp\/v2\/monatsauswahl?post=174600"}],"curies":[{"name":"wp","href":"https:\/\/api.w.org\/{rel}","templated":true}]}}