{"id":174352,"date":"2024-05-17T07:00:00","date_gmt":"2024-05-17T05:00:00","guid":{"rendered":"https:\/\/www.salzburgerland.com\/de\/magazin\/?p=174352"},"modified":"2025-07-08T13:37:02","modified_gmt":"2025-07-08T11:37:02","slug":"das-riedingtal","status":"publish","type":"post","link":"https:\/\/www.salzburgerland.com\/de\/magazin\/das-riedingtal\/","title":{"rendered":"Das Riedingtal"},"content":{"rendered":"\n<div class=\"wp-block-slt-top topBlocks\">\n<h2 class=\"wp-block-slt-subtitle\">Ein urspr\u00fcngliches Naturparadies im Sommer wie im Winter<\/h2>\n\n\n\n<p class=\"wp-block-slt-intro\">Der Naturpark Riedingtal im Biosph\u00e4renpark Lungau bietet Bergsportlern sowohl im Sommer f\u00fcr Wanderer oder Radfahrer als auch im Winter f\u00fcr Skitourengeher vielf\u00e4ltige M\u00f6glichkeiten. Die Region verfolgt dabei das Konzept eines nachhaltigen Tourismus, um die Urspr\u00fcnglichkeit der Natur zu bewahren. Mal ganz wild mit seinen schroffen Felsformationen, mal sehr sanft mit seinen bl\u00fchenden Almen und glasklaren Bergseen, pr\u00e4sentiert das Tal seinen gro\u00dfen Reichtum an Alpenflora und -fauna.<\/p>\n<\/div>\n\n\n\n<h2 class=\"wp-block-heading\" id=\"h-wandern-im-riedingtal\">Wandern im Riedingtal<\/h2>\n\n\n\n<p>Da Wasser und <a href=\"https:\/\/www.salzburgerland.com\/de\/magazin\/lungauer-bergseen\/\" target=\"_blank\" rel=\"noreferrer noopener\">Seen im Lungau<\/a> ein allgegenw\u00e4rtiges Thema sind, haben wir uns f\u00fcr unsere Wanderung den Themen- und Erlebnisweg <a href=\"https:\/\/www.naturpark-riedingtal.at\/naturpark-riedingtal-themenwanderwege.html\" target=\"_blank\" rel=\"noreferrer noopener\">&#8222;Kraft der stillen Wasser&#8220;<\/a> ausgesucht. <\/p>\n\n\n\n<p>Startend am Schlierersee nehmen wir den Aufstieg zur Jakoberalm. Die gro\u00dfe Pflanzenvielfalt ist eine wahre Freude. Besonders das Wollgras, das hier in Nasswiesen und Flachmooren vorkommt, hat es uns mit seinen flauschigen Fruchtst\u00e4nden angetan.<\/p>\n\n\n\n<figure class=\"wp-block-image size-full\"><img loading=\"lazy\" decoding=\"async\" width=\"1920\" height=\"1440\" src=\"https:\/\/www.salzburgerland.com\/de\/magazin\/wp-content\/uploads\/2023\/07\/See-e1711349646324.jpg\" alt=\"Ein klarer Bergsee mit pl\u00e4tscherndem Wasser, umgeben von gr\u00fcnen H\u00fcgeln und felsigen Gipfeln unter einem bew\u00f6lkten Himmel.\" class=\"wp-image-172159\"\/><figcaption class=\"wp-element-caption\">Der Zaunersee bei der Franz Fischer-H\u00fctte \u00a9 Bergschule Wandererlebnis<\/figcaption><\/figure>\n\n\n\n<p>Keine Menschenseele treffen wir auf unserem weiteren Weg vorbei am Essersee, den wir f\u00fcr eine Rast nutzen. Das Motto des Weges &#8222;Kraft tanken, Stille genie\u00dfen und Wasser als Quelle des Lebens sp\u00fcren&#8220; erleben wir an diesem Ort hautnah. Wir k\u00f6nnen uns nur schwer losrei\u00dfen, bew\u00e4ltigen allerdings die letzten Meter zur <a href=\"https:\/\/franzfischer-huette.at\/\" target=\"_blank\" rel=\"noreferrer noopener\">Franz Fischer-H\u00fctte<\/a> etwas schneller, da dichte Wolken aufziehen. Gerade p\u00fcnktlich mit dem Regenguss treffen wir ein. Ja, das Wasser spielt an diesem Tag eben eine gro\u00dfe Rolle. Da wir \u00fcber Nacht bleiben, k\u00f6nnen wir die Regenstimmung aus der warmen Stube heraus entspannt beobachten und uns <a href=\"https:\/\/www.salzburgerland.com\/de\/magazin\/genuss-und-gastfreundschaft-auf-der-franz-fischer-huette\/\" target=\"_blank\" rel=\"noreferrer noopener\">am au\u00dfergew\u00f6hnlichen fleischlosen Abendmen\u00fc<\/a> laben.<\/p>\n\n\n\n<p>Ein Bad im sehr erfrischenden Zaunersee direkt bei der H\u00fctte darf in der Fr\u00fch des folgenden Tages bei wieder strahlendem Sonnenschein nicht fehlen, bevor wir uns an den Abstieg ins Tal machen. Und dort empf\u00e4ngt uns beim Weg entlang des Riedingbachs wiederum eine Bl\u00fctenpracht in allen Farben. Zur Sommersonnenwende zieren solche Bl\u00fcten \u00fcbrigens die <a href=\"https:\/\/www.salzburgerland.com\/de\/magazin\/die-zederhauser-prangstangen-ein-bluhender-logenplatz\/\" target=\"_blank\" rel=\"noreferrer noopener\">Zederhauser Prangstangen<\/a>. Ein kleines Str\u00e4u\u00dfchen pfl\u00fccken auch wir uns als Erinnerung f\u00fcr daheim. Selbstverst\u00e4ndlich nur aus Blumen, die nicht auf der roten Liste gesch\u00fctzter Pflanzen stehen. <\/p>\n\n\n<div class=\"mag-gallery\"><div class=\"row\"><div class=\"col-6 col-sm-4\"><figure><a class=\"thumb-container\" href=\"https:\/\/www.salzburgerland.com\/de\/magazin\/wp-content\/uploads\/2023\/11\/Riedingtal2-1280x1024.jpg\">\t<picture><source media=\"(min-width: 576px)\" srcset=\"https:\/\/www.salzburgerland.com\/de\/magazin\/wp-content\/uploads\/2023\/11\/Riedingtal2-418x650.jpg 418w, https:\/\/www.salzburgerland.com\/de\/magazin\/wp-content\/uploads\/2023\/11\/Riedingtal2-209x325.jpg 209w\"><\/source><source media=\"(min-width: 0)\" srcset=\"https:\/\/www.salzburgerland.com\/de\/magazin\/wp-content\/uploads\/2023\/11\/Riedingtal2-209x325.jpg 209w, https:\/\/www.salzburgerland.com\/de\/magazin\/wp-content\/uploads\/2023\/11\/Riedingtal2-418x650.jpg 418w\"><\/source><img decoding=\"async\" alt=\"Ein Wanderer &uuml;berquert eine Holzbr&uuml;cke &uuml;ber einen Bach in einem &uuml;ppigen, gr&uuml;nen Wald.\" src=\"https:\/\/www.salzburgerland.com\/de\/magazin\/wp-content\/uploads\/2023\/11\/Riedingtal2.jpg\">\t<\/picture><figcaption>&Uuml;ber Stock, Stein und Wasser &copy; Bergschule Wandererlebnis<\/figcaption><\/a><\/figure><\/div><div class=\"col-6 col-sm-4\"><figure><a class=\"thumb-container\" href=\"https:\/\/www.salzburgerland.com\/de\/magazin\/wp-content\/uploads\/2023\/11\/Alpenueberquerung95-1280x1024.jpg\">\t<picture><source media=\"(min-width: 576px)\" srcset=\"https:\/\/www.salzburgerland.com\/de\/magazin\/wp-content\/uploads\/2023\/11\/Alpenueberquerung95-418x650.jpg 418w, https:\/\/www.salzburgerland.com\/de\/magazin\/wp-content\/uploads\/2023\/11\/Alpenueberquerung95-209x325.jpg 209w\"><\/source><source media=\"(min-width: 0)\" srcset=\"https:\/\/www.salzburgerland.com\/de\/magazin\/wp-content\/uploads\/2023\/11\/Alpenueberquerung95-209x325.jpg 209w, https:\/\/www.salzburgerland.com\/de\/magazin\/wp-content\/uploads\/2023\/11\/Alpenueberquerung95-418x650.jpg 418w\"><\/source><img decoding=\"async\" alt=\"Eine Kuh weidet an einem sonnigen Tag auf einer Wiese voller wei&szlig;er Wildblumen.\" src=\"https:\/\/www.salzburgerland.com\/de\/magazin\/wp-content\/uploads\/2023\/11\/Alpenueberquerung95-scaled.jpg\">\t<\/picture><figcaption>Wollgras &copy; Bergschule Wandererlebnis<\/figcaption><\/a><\/figure><\/div><div class=\"col-6 col-sm-4\"><figure><a class=\"thumb-container\" href=\"https:\/\/www.salzburgerland.com\/de\/magazin\/wp-content\/uploads\/2023\/11\/Riedingtal_Blumen-1280x1024.jpeg\">\t<picture><source media=\"(min-width: 576px)\" srcset=\"https:\/\/www.salzburgerland.com\/de\/magazin\/wp-content\/uploads\/2023\/11\/Riedingtal_Blumen-418x650.jpeg 418w, https:\/\/www.salzburgerland.com\/de\/magazin\/wp-content\/uploads\/2023\/11\/Riedingtal_Blumen-209x325.jpeg 209w\"><\/source><source media=\"(min-width: 0)\" srcset=\"https:\/\/www.salzburgerland.com\/de\/magazin\/wp-content\/uploads\/2023\/11\/Riedingtal_Blumen-209x325.jpeg 209w, https:\/\/www.salzburgerland.com\/de\/magazin\/wp-content\/uploads\/2023\/11\/Riedingtal_Blumen-418x650.jpeg 418w\"><\/source><img decoding=\"async\" alt=\"Ein l&auml;chelnder Mann mit einem roten Rucksack h&auml;lt einen bunten Strau&szlig; Wildblumen in einer &uuml;ppigen, gr&uuml;nen Berglandschaft.\" src=\"https:\/\/www.salzburgerland.com\/de\/magazin\/wp-content\/uploads\/2023\/11\/Riedingtal_Blumen.jpeg\">\t<\/picture><figcaption>Es bl&uuml;ht in allen Farben &copy; Bergschule Wandererlebnis<\/figcaption><\/a><\/figure><\/div><\/div><figcaption><\/figcaption><\/div>\n\n\n\n<h2 class=\"wp-block-heading\" id=\"h-radfahren-im-riedingtal\">Radfahren im Riedingtal<\/h2>\n\n\n\n<p>Den kompletten Talboden, zun\u00e4chst entlang des Zederhausbachs, vorbei am Schlierersee und schlie\u00dflich dem Riedingbach folgend bis zur \u00d6rgenhiasalm, kann man entlang radeln. Eine l\u00e4ngere Tour l\u00e4sst sich aus dieser Varaiante (Riedingweg) und den Varianten Bartlalm und Muhreralm zusammenf\u00fcgen.<\/p>\n\n\n\n<h2 class=\"wp-block-heading\" id=\"h-skitourenparadies-riedingtal\">Skitourenparadies Riedingtal<\/h2>\n\n\n\n<p>Aufgrund der H\u00f6henlage von \u00fcber 1.300 Metern herrscht ziemliche Schneesicherheit, die viele Monate Skitourenvergn\u00fcgen versprechen. Gestartet wird jeweils am kleine Weilern Wald in unmittelbarer N\u00e4he zum S\u00fcdportal des Tauerntunnels. Die Riedingtalstra\u00dfe (Mautstra\u00dfe) ist in den Wintermonaten gesperrt. Eine sch\u00f6ne und informative \u00dcbersicht \u00fcber Touren in verschiedenen Schwierigkeitsgraden mit detaillierten Beschreibungen findet sich auf der Seite des <a href=\"https:\/\/www.naturpark-riedingtal.at\/naturpark-riedingtal-skitouren.html\" target=\"_blank\" rel=\"noreferrer noopener\">Naturparks<\/a>:<\/p>\n\n\n\n<p><a href=\"https:\/\/www.naturpark-riedingtal.at\/naturpark-riedingtal-aignerhoehe.html\" target=\"_blank\" rel=\"noreferrer noopener\">Aignerh\u00f6he<\/a><br><a href=\"https:\/\/www.naturpark-riedingtal.at\/naturpark-riedingtal-schoepfing.html\" target=\"_blank\" rel=\"noreferrer noopener\">Sch\u00f6pfing<\/a><br><a href=\"https:\/\/www.naturpark-riedingtal.at\/naturpark-riedingtal-kleines-mosermandl.html\" target=\"_blank\" rel=\"noreferrer noopener\">Kleines Mosermandl<br><\/a><a href=\"https:\/\/www.naturpark-riedingtal.at\/naturpark-riedingtal-taferlnock.html\" target=\"_blank\" rel=\"noreferrer noopener\">Taferlnock<\/a><br><a href=\"https:\/\/www.naturpark-riedingtal.at\/naturpark-riedingtal-felskarspitze.html\" target=\"_blank\" rel=\"noreferrer noopener\">Felskarspitze<\/a><br><a href=\"https:\/\/www.naturpark-riedingtal.at\/naturpark-riedingtal-weisseck.html\" target=\"_blank\" rel=\"noreferrer noopener\">Wei\u00dfeck<\/a><br><a href=\"https:\/\/www.naturpark-riedingtal.at\/naturpark-riedingtal-grosses-mosermandl.html\" target=\"_blank\" rel=\"noreferrer noopener\">Gro\u00dfes Mosermandl<br><\/a><a href=\"https:\/\/www.naturpark-riedingtal.at\/naturpark-riedingtal-jaegerspitze.html\" target=\"_blank\" rel=\"noreferrer noopener\">J\u00e4gerspitze<\/a><\/p>\n\n\n\n<figure class=\"wp-block-image size-full\"><img loading=\"lazy\" decoding=\"async\" width=\"1920\" height=\"933\" src=\"https:\/\/www.salzburgerland.com\/de\/magazin\/wp-content\/uploads\/2023\/11\/Riedingtal_Skitouren.jpg\" alt=\"Schneebedeckte Berge unter einem klaren blauen Himmel mit sanften H\u00fcgeln und fernen Gipfeln.\" class=\"wp-image-174398\" srcset=\"https:\/\/www.salzburgerland.com\/de\/magazin\/wp-content\/uploads\/2023\/11\/Riedingtal_Skitouren.jpg 1920w, https:\/\/www.salzburgerland.com\/de\/magazin\/wp-content\/uploads\/2023\/11\/Riedingtal_Skitouren-300x146.jpg 300w, https:\/\/www.salzburgerland.com\/de\/magazin\/wp-content\/uploads\/2023\/11\/Riedingtal_Skitouren-1536x746.jpg 1536w, https:\/\/www.salzburgerland.com\/de\/magazin\/wp-content\/uploads\/2023\/11\/Riedingtal_Skitouren-1132x550.jpg 1132w, https:\/\/www.salzburgerland.com\/de\/magazin\/wp-content\/uploads\/2023\/11\/Riedingtal_Skitouren-823x400.jpg 823w, https:\/\/www.salzburgerland.com\/de\/magazin\/wp-content\/uploads\/2023\/11\/Riedingtal_Skitouren-1320x641.jpg 1320w, https:\/\/www.salzburgerland.com\/de\/magazin\/wp-content\/uploads\/2023\/11\/Riedingtal_Skitouren-150x73.jpg 150w\" sizes=\"auto, (max-width: 1920px) 100vw, 1920px\" \/><figcaption class=\"wp-element-caption\">Das winterliche Riedingtal \u00a9 Franz Fischer-H\u00fctte<\/figcaption><\/figure>\n","protected":false},"excerpt":{"rendered":"<p>Wandern im Riedingtal Da Wasser und Seen im Lungau ein allgegenw\u00e4rtiges Thema sind, haben wir uns f\u00fcr unsere Wanderung den Themen- und Erlebnisweg &#8222;Kraft der stillen Wasser&#8220; ausgesucht. Startend am Schlierersee nehmen wir den Aufstieg zur Jakoberalm. Die gro\u00dfe Pflanzenvielfalt ist eine wahre Freude. Besonders das Wollgras, das hier in Nasswiesen und Flachmooren vorkommt, hat [&hellip;]<\/p>\n","protected":false},"author":591,"featured_media":174396,"comment_status":"closed","ping_status":"closed","sticky":false,"template":"","format":"standard","meta":{"_acf_changed":false,"wl_entities_gutenberg":"","_wl_entity_redirect_enabled":"","footnotes":""},"categories":[8],"tags":[],"wl_entity_type":[306],"monatsauswahl":[],"class_list":["post-174352","post","type-post","status-publish","format-standard","has-post-thumbnail","hentry","category-outdoor-sport","wl_entity_type-article"],"acf":[],"yoast_head":"<!-- This site is optimized with the Yoast SEO Premium plugin v27.4 (Yoast SEO v27.4) - https:\/\/yoast.com\/product\/yoast-seo-premium-wordpress\/ -->\n<title>Das Riedingtal - SalzburgerLand Magazin<\/title>\n<meta name=\"robots\" content=\"index, follow, max-snippet:-1, max-image-preview:large, max-video-preview:-1\" \/>\n<link rel=\"canonical\" href=\"https:\/\/www.salzburgerland.com\/de\/magazin\/das-riedingtal\/\" \/>\n<meta property=\"og:locale\" content=\"de_DE\" \/>\n<meta property=\"og:type\" content=\"article\" \/>\n<meta property=\"og:title\" content=\"Das Riedingtal\" \/>\n<meta property=\"og:description\" content=\"Wandern im Riedingtal Da Wasser und Seen im Lungau ein allgegenw\u00e4rtiges Thema sind, haben wir uns f\u00fcr unsere Wanderung den Themen- und Erlebnisweg &#8222;Kraft der stillen Wasser&#8220; ausgesucht. Startend am Schlierersee nehmen wir den Aufstieg zur Jakoberalm. Die gro\u00dfe Pflanzenvielfalt ist eine wahre Freude. Besonders das Wollgras, das hier in Nasswiesen und Flachmooren vorkommt, hat [&hellip;]\" \/>\n<meta property=\"og:url\" content=\"https:\/\/www.salzburgerland.com\/de\/magazin\/das-riedingtal\/\" \/>\n<meta property=\"og:site_name\" content=\"SalzburgerLand Magazin\" \/>\n<meta property=\"article:publisher\" content=\"https:\/\/www.facebook.com\/salzburgerland\/\" \/>\n<meta property=\"article:author\" content=\"www.facebook.com\/christoph.werntgen\" \/>\n<meta property=\"article:published_time\" content=\"2024-05-17T05:00:00+00:00\" \/>\n<meta property=\"article:modified_time\" content=\"2025-07-08T11:37:02+00:00\" \/>\n<meta property=\"og:image\" content=\"https:\/\/www.salzburgerland.com\/de\/magazin\/wp-content\/uploads\/2023\/11\/Riedingtal3-scaled.jpg\" \/>\n\t<meta property=\"og:image:width\" content=\"2560\" \/>\n\t<meta property=\"og:image:height\" content=\"1707\" \/>\n\t<meta property=\"og:image:type\" content=\"image\/jpeg\" \/>\n<meta name=\"author\" content=\"Christoph Werntgen\" \/>\n<meta name=\"twitter:card\" content=\"summary_large_image\" \/>\n<meta name=\"twitter:creator\" content=\"@Salzburgerland\" \/>\n<meta name=\"twitter:site\" content=\"@Salzburgerland\" \/>\n<meta name=\"twitter:label1\" content=\"Verfasst von\" \/>\n\t<meta name=\"twitter:data1\" content=\"Christoph Werntgen\" \/>\n\t<meta name=\"twitter:label2\" content=\"Gesch\u00e4tzte Lesezeit\" \/>\n\t<meta name=\"twitter:data2\" content=\"4\u00a0Minuten\" \/>\n<script type=\"application\/ld+json\" class=\"yoast-schema-graph\">{\"@context\":\"https:\\\/\\\/schema.org\",\"@graph\":[{\"@type\":\"Article\",\"@id\":\"https:\\\/\\\/www.salzburgerland.com\\\/de\\\/magazin\\\/das-riedingtal\\\/#article\",\"isPartOf\":{\"@id\":\"https:\\\/\\\/www.salzburgerland.com\\\/de\\\/magazin\\\/das-riedingtal\\\/\"},\"author\":{\"name\":\"Christoph Werntgen\",\"@id\":\"https:\\\/\\\/www.salzburgerland.com\\\/de\\\/magazin\\\/#\\\/schema\\\/person\\\/b3957ee14ec977aae208588187c4e1a2\"},\"headline\":\"Das Riedingtal\",\"datePublished\":\"2024-05-17T05:00:00+00:00\",\"dateModified\":\"2025-07-08T11:37:02+00:00\",\"mainEntityOfPage\":{\"@id\":\"https:\\\/\\\/www.salzburgerland.com\\\/de\\\/magazin\\\/das-riedingtal\\\/\"},\"wordCount\":514,\"publisher\":{\"@id\":\"https:\\\/\\\/www.salzburgerland.com\\\/de\\\/magazin\\\/#organization\"},\"image\":{\"@id\":\"https:\\\/\\\/www.salzburgerland.com\\\/de\\\/magazin\\\/das-riedingtal\\\/#primaryimage\"},\"thumbnailUrl\":\"https:\\\/\\\/www.salzburgerland.com\\\/de\\\/magazin\\\/wp-content\\\/uploads\\\/2023\\\/11\\\/Riedingtal3-scaled.jpg\",\"articleSection\":[\"Outdoor &amp; Sport\"],\"inLanguage\":\"de\"},{\"@type\":\"WebPage\",\"@id\":\"https:\\\/\\\/www.salzburgerland.com\\\/de\\\/magazin\\\/das-riedingtal\\\/\",\"url\":\"https:\\\/\\\/www.salzburgerland.com\\\/de\\\/magazin\\\/das-riedingtal\\\/\",\"name\":\"Das Riedingtal - SalzburgerLand Magazin\",\"isPartOf\":{\"@id\":\"https:\\\/\\\/www.salzburgerland.com\\\/de\\\/magazin\\\/#website\"},\"primaryImageOfPage\":{\"@id\":\"https:\\\/\\\/www.salzburgerland.com\\\/de\\\/magazin\\\/das-riedingtal\\\/#primaryimage\"},\"image\":{\"@id\":\"https:\\\/\\\/www.salzburgerland.com\\\/de\\\/magazin\\\/das-riedingtal\\\/#primaryimage\"},\"thumbnailUrl\":\"https:\\\/\\\/www.salzburgerland.com\\\/de\\\/magazin\\\/wp-content\\\/uploads\\\/2023\\\/11\\\/Riedingtal3-scaled.jpg\",\"datePublished\":\"2024-05-17T05:00:00+00:00\",\"dateModified\":\"2025-07-08T11:37:02+00:00\",\"breadcrumb\":{\"@id\":\"https:\\\/\\\/www.salzburgerland.com\\\/de\\\/magazin\\\/das-riedingtal\\\/#breadcrumb\"},\"inLanguage\":\"de\",\"potentialAction\":[{\"@type\":\"ReadAction\",\"target\":[\"https:\\\/\\\/www.salzburgerland.com\\\/de\\\/magazin\\\/das-riedingtal\\\/\"]}]},{\"@type\":\"ImageObject\",\"inLanguage\":\"de\",\"@id\":\"https:\\\/\\\/www.salzburgerland.com\\\/de\\\/magazin\\\/das-riedingtal\\\/#primaryimage\",\"url\":\"https:\\\/\\\/www.salzburgerland.com\\\/de\\\/magazin\\\/wp-content\\\/uploads\\\/2023\\\/11\\\/Riedingtal3-scaled.jpg\",\"contentUrl\":\"https:\\\/\\\/www.salzburgerland.com\\\/de\\\/magazin\\\/wp-content\\\/uploads\\\/2023\\\/11\\\/Riedingtal3-scaled.jpg\",\"width\":2560,\"height\":1707,\"caption\":\"Riedingtal3\"},{\"@type\":\"BreadcrumbList\",\"@id\":\"https:\\\/\\\/www.salzburgerland.com\\\/de\\\/magazin\\\/das-riedingtal\\\/#breadcrumb\",\"itemListElement\":[{\"@type\":\"ListItem\",\"position\":1,\"name\":\"Startseite\",\"item\":\"https:\\\/\\\/www.salzburgerland.com\\\/de\\\/magazin\\\/\"},{\"@type\":\"ListItem\",\"position\":2,\"name\":\"Outdoor &amp; Sport\",\"item\":\"https:\\\/\\\/www.salzburgerland.com\\\/de\\\/magazin\\\/thema\\\/outdoor-sport\\\/\"},{\"@type\":\"ListItem\",\"position\":3,\"name\":\"Das Riedingtal\"}]},{\"@type\":\"WebSite\",\"@id\":\"https:\\\/\\\/www.salzburgerland.com\\\/de\\\/magazin\\\/#website\",\"url\":\"https:\\\/\\\/www.salzburgerland.com\\\/de\\\/magazin\\\/\",\"name\":\"SalzburgerLand Magazin\",\"description\":\"Geschichten und Interessantes aus dem SalzburgerLand\",\"publisher\":{\"@id\":\"https:\\\/\\\/www.salzburgerland.com\\\/de\\\/magazin\\\/#organization\"},\"potentialAction\":[{\"@type\":\"SearchAction\",\"target\":{\"@type\":\"EntryPoint\",\"urlTemplate\":\"https:\\\/\\\/www.salzburgerland.com\\\/de\\\/magazin\\\/?s={search_term_string}\"},\"query-input\":{\"@type\":\"PropertyValueSpecification\",\"valueRequired\":true,\"valueName\":\"search_term_string\"}}],\"inLanguage\":\"de\"},{\"@type\":\"Organization\",\"@id\":\"https:\\\/\\\/www.salzburgerland.com\\\/de\\\/magazin\\\/#organization\",\"name\":\"SalzburgerLand Tourismus\",\"url\":\"https:\\\/\\\/www.salzburgerland.com\\\/de\\\/magazin\\\/\",\"logo\":{\"@type\":\"ImageObject\",\"inLanguage\":\"de\",\"@id\":\"https:\\\/\\\/www.salzburgerland.com\\\/de\\\/magazin\\\/#\\\/schema\\\/logo\\\/image\\\/\",\"url\":\"https:\\\/\\\/www.salzburgerland.com\\\/de\\\/magazin\\\/wp-content\\\/uploads\\\/2019\\\/06\\\/salzburgerland-logo1.jpg\",\"contentUrl\":\"https:\\\/\\\/www.salzburgerland.com\\\/de\\\/magazin\\\/wp-content\\\/uploads\\\/2019\\\/06\\\/salzburgerland-logo1.jpg\",\"width\":2011,\"height\":866,\"caption\":\"SalzburgerLand Tourismus\"},\"image\":{\"@id\":\"https:\\\/\\\/www.salzburgerland.com\\\/de\\\/magazin\\\/#\\\/schema\\\/logo\\\/image\\\/\"},\"sameAs\":[\"https:\\\/\\\/www.facebook.com\\\/salzburgerland\\\/\",\"https:\\\/\\\/x.com\\\/Salzburgerland\",\"https:\\\/\\\/www.instagram.com\\\/salzburgerland\\\/\",\"https:\\\/\\\/at.linkedin.com\\\/company\\\/salzburgerland-tourismus-gmbh\",\"https:\\\/\\\/www.pinterest.at\\\/salzburgerland\\\/\",\"https:\\\/\\\/www.youtube.com\\\/user\\\/salzburgerland\",\"https:\\\/\\\/de.wikipedia.org\\\/wiki\\\/SalzburgerLand_Tourismus_GmbH\"]},{\"@type\":\"Person\",\"@id\":\"https:\\\/\\\/www.salzburgerland.com\\\/de\\\/magazin\\\/#\\\/schema\\\/person\\\/b3957ee14ec977aae208588187c4e1a2\",\"name\":\"Christoph Werntgen\",\"description\":\"Im Grunde liegen Christoph Werntgens Wurzeln im Salzburger Land, lernten sich seine Eltern doch am Hochk\u00f6nig kennen. Als Mitgr\u00fcnder der Bergschule Wandererlebnis und Team-Mitglied im Verein #estutnichtweh ist die Salzburger Bergwelt inzwischen zu gro\u00dfen Teilen Arbeitsplatz und ehrenamtliches Bet\u00e4tigungsfeld des Bergwanderf\u00fchrers. Die Freude am Unterwegssein, das Eintauchen in die Natur und den achtsamen und bewussten Umgang mit der Umwelt m\u00f6chte der Diplom-Geograph seinen G\u00e4sten vermitteln. Mein pers\u00f6nlicher Logenplatz im SalzburgerLand? Traumhafte Panoramen er\u00f6ffnen sich nat\u00fcrlich bei jeder Bergtour. Aber nicht nur der Weitblick, sondern auch das genaue Hinschauen und bewusste Wahrnehmen, machen solche Naturerlebnisse zu ganz besonderen Schauspielen: Das schreiende Murmeltier in einem grasbewachsenen Hang beobachten, Kr\u00e4uter, Fr\u00fcchte und Schwammerl im Wald sammeln oder die k\u00fchle, feuchte Luft an einem Wasserfall einatmen. Und dabei ist es ganz egal, ob es f\u00fcr mehrere Tage hoch hinaus oder nur f\u00fcr einen Spaziergang in den Wald geht. Morgen- oder Abendmensch? In den Bergen definitiv Morgenmensch. Wer l\u00e4sst sich schon einen traumhaften Sonnenaufgang, w\u00e4hrend im Tal noch der Nebel liegt, entgehen? Und nach langen Tagen auf den Beinen endet ein Tag auf der H\u00fctte meist nicht allzu sp\u00e4t. Mundharmonika oder Stradivari? Ich liebe es, in gem\u00fctlicher Runde zusammen zu musizieren. Seit einer Weile \u00fcbe ich mit gro\u00dfer Freude auf meiner Ukulele. Eine Mundharmonika w\u00fcrd dem Ensemble sicher auch noch gut zu Gesicht stehen. Kr\u00e4utertee oder Zirbenschnaps? Alles zu seiner Zeit. Was beide eint: selbst gesammelt und verarbeitet, bereiten sie den gr\u00f6\u00dften Genuss. Und es gibt noch so viele weitere Sch\u00e4tze, die die Natur uns schenkt. Bergtour oder Seentour? Da kann ich ganz diplomatisch antworten: eine Bergseentour. Nicht von ungef\u00e4hr hat mein erster Artikel f\u00fcr das SalzburgerLand Magazin die Lungauer Bergseen zum Thema. Und was gibt es feineres, als sich nach einer langen Bergtour in einem k\u00fchlen Gew\u00e4sser zu erfrischen? &nbsp;\",\"sameAs\":[\"http:\\\/\\\/www.wandererlebnis.guide\",\"www.facebook.com\\\/christoph.werntgen\",\"www.instagram.com\\\/christoph_werntgen\"],\"url\":\"https:\\\/\\\/www.salzburgerland.com\\\/de\\\/magazin\\\/author\\\/christophwerntgen\\\/\"}]}<\/script>\n<!-- \/ Yoast SEO Premium plugin. -->","yoast_head_json":{"title":"Das Riedingtal - SalzburgerLand Magazin","robots":{"index":"index","follow":"follow","max-snippet":"max-snippet:-1","max-image-preview":"max-image-preview:large","max-video-preview":"max-video-preview:-1"},"canonical":"https:\/\/www.salzburgerland.com\/de\/magazin\/das-riedingtal\/","og_locale":"de_DE","og_type":"article","og_title":"Das Riedingtal","og_description":"Wandern im Riedingtal Da Wasser und Seen im Lungau ein allgegenw\u00e4rtiges Thema sind, haben wir uns f\u00fcr unsere Wanderung den Themen- und Erlebnisweg &#8222;Kraft der stillen Wasser&#8220; ausgesucht. Startend am Schlierersee nehmen wir den Aufstieg zur Jakoberalm. Die gro\u00dfe Pflanzenvielfalt ist eine wahre Freude. Besonders das Wollgras, das hier in Nasswiesen und Flachmooren vorkommt, hat [&hellip;]","og_url":"https:\/\/www.salzburgerland.com\/de\/magazin\/das-riedingtal\/","og_site_name":"SalzburgerLand Magazin","article_publisher":"https:\/\/www.facebook.com\/salzburgerland\/","article_author":"www.facebook.com\/christoph.werntgen","article_published_time":"2024-05-17T05:00:00+00:00","article_modified_time":"2025-07-08T11:37:02+00:00","og_image":[{"width":2560,"height":1707,"url":"https:\/\/www.salzburgerland.com\/de\/magazin\/wp-content\/uploads\/2023\/11\/Riedingtal3-scaled.jpg","type":"image\/jpeg"}],"author":"Christoph Werntgen","twitter_card":"summary_large_image","twitter_creator":"@Salzburgerland","twitter_site":"@Salzburgerland","twitter_misc":{"Verfasst von":"Christoph Werntgen","Gesch\u00e4tzte Lesezeit":"4\u00a0Minuten"},"schema":{"@context":"https:\/\/schema.org","@graph":[{"@type":"Article","@id":"https:\/\/www.salzburgerland.com\/de\/magazin\/das-riedingtal\/#article","isPartOf":{"@id":"https:\/\/www.salzburgerland.com\/de\/magazin\/das-riedingtal\/"},"author":{"name":"Christoph Werntgen","@id":"https:\/\/www.salzburgerland.com\/de\/magazin\/#\/schema\/person\/b3957ee14ec977aae208588187c4e1a2"},"headline":"Das Riedingtal","datePublished":"2024-05-17T05:00:00+00:00","dateModified":"2025-07-08T11:37:02+00:00","mainEntityOfPage":{"@id":"https:\/\/www.salzburgerland.com\/de\/magazin\/das-riedingtal\/"},"wordCount":514,"publisher":{"@id":"https:\/\/www.salzburgerland.com\/de\/magazin\/#organization"},"image":{"@id":"https:\/\/www.salzburgerland.com\/de\/magazin\/das-riedingtal\/#primaryimage"},"thumbnailUrl":"https:\/\/www.salzburgerland.com\/de\/magazin\/wp-content\/uploads\/2023\/11\/Riedingtal3-scaled.jpg","articleSection":["Outdoor &amp; Sport"],"inLanguage":"de"},{"@type":"WebPage","@id":"https:\/\/www.salzburgerland.com\/de\/magazin\/das-riedingtal\/","url":"https:\/\/www.salzburgerland.com\/de\/magazin\/das-riedingtal\/","name":"Das Riedingtal - SalzburgerLand Magazin","isPartOf":{"@id":"https:\/\/www.salzburgerland.com\/de\/magazin\/#website"},"primaryImageOfPage":{"@id":"https:\/\/www.salzburgerland.com\/de\/magazin\/das-riedingtal\/#primaryimage"},"image":{"@id":"https:\/\/www.salzburgerland.com\/de\/magazin\/das-riedingtal\/#primaryimage"},"thumbnailUrl":"https:\/\/www.salzburgerland.com\/de\/magazin\/wp-content\/uploads\/2023\/11\/Riedingtal3-scaled.jpg","datePublished":"2024-05-17T05:00:00+00:00","dateModified":"2025-07-08T11:37:02+00:00","breadcrumb":{"@id":"https:\/\/www.salzburgerland.com\/de\/magazin\/das-riedingtal\/#breadcrumb"},"inLanguage":"de","potentialAction":[{"@type":"ReadAction","target":["https:\/\/www.salzburgerland.com\/de\/magazin\/das-riedingtal\/"]}]},{"@type":"ImageObject","inLanguage":"de","@id":"https:\/\/www.salzburgerland.com\/de\/magazin\/das-riedingtal\/#primaryimage","url":"https:\/\/www.salzburgerland.com\/de\/magazin\/wp-content\/uploads\/2023\/11\/Riedingtal3-scaled.jpg","contentUrl":"https:\/\/www.salzburgerland.com\/de\/magazin\/wp-content\/uploads\/2023\/11\/Riedingtal3-scaled.jpg","width":2560,"height":1707,"caption":"Riedingtal3"},{"@type":"BreadcrumbList","@id":"https:\/\/www.salzburgerland.com\/de\/magazin\/das-riedingtal\/#breadcrumb","itemListElement":[{"@type":"ListItem","position":1,"name":"Startseite","item":"https:\/\/www.salzburgerland.com\/de\/magazin\/"},{"@type":"ListItem","position":2,"name":"Outdoor &amp; Sport","item":"https:\/\/www.salzburgerland.com\/de\/magazin\/thema\/outdoor-sport\/"},{"@type":"ListItem","position":3,"name":"Das Riedingtal"}]},{"@type":"WebSite","@id":"https:\/\/www.salzburgerland.com\/de\/magazin\/#website","url":"https:\/\/www.salzburgerland.com\/de\/magazin\/","name":"SalzburgerLand Magazin","description":"Geschichten und Interessantes aus dem SalzburgerLand","publisher":{"@id":"https:\/\/www.salzburgerland.com\/de\/magazin\/#organization"},"potentialAction":[{"@type":"SearchAction","target":{"@type":"EntryPoint","urlTemplate":"https:\/\/www.salzburgerland.com\/de\/magazin\/?s={search_term_string}"},"query-input":{"@type":"PropertyValueSpecification","valueRequired":true,"valueName":"search_term_string"}}],"inLanguage":"de"},{"@type":"Organization","@id":"https:\/\/www.salzburgerland.com\/de\/magazin\/#organization","name":"SalzburgerLand Tourismus","url":"https:\/\/www.salzburgerland.com\/de\/magazin\/","logo":{"@type":"ImageObject","inLanguage":"de","@id":"https:\/\/www.salzburgerland.com\/de\/magazin\/#\/schema\/logo\/image\/","url":"https:\/\/www.salzburgerland.com\/de\/magazin\/wp-content\/uploads\/2019\/06\/salzburgerland-logo1.jpg","contentUrl":"https:\/\/www.salzburgerland.com\/de\/magazin\/wp-content\/uploads\/2019\/06\/salzburgerland-logo1.jpg","width":2011,"height":866,"caption":"SalzburgerLand Tourismus"},"image":{"@id":"https:\/\/www.salzburgerland.com\/de\/magazin\/#\/schema\/logo\/image\/"},"sameAs":["https:\/\/www.facebook.com\/salzburgerland\/","https:\/\/x.com\/Salzburgerland","https:\/\/www.instagram.com\/salzburgerland\/","https:\/\/at.linkedin.com\/company\/salzburgerland-tourismus-gmbh","https:\/\/www.pinterest.at\/salzburgerland\/","https:\/\/www.youtube.com\/user\/salzburgerland","https:\/\/de.wikipedia.org\/wiki\/SalzburgerLand_Tourismus_GmbH"]},{"@type":"Person","@id":"https:\/\/www.salzburgerland.com\/de\/magazin\/#\/schema\/person\/b3957ee14ec977aae208588187c4e1a2","name":"Christoph Werntgen","description":"Im Grunde liegen Christoph Werntgens Wurzeln im Salzburger Land, lernten sich seine Eltern doch am Hochk\u00f6nig kennen. Als Mitgr\u00fcnder der Bergschule Wandererlebnis und Team-Mitglied im Verein #estutnichtweh ist die Salzburger Bergwelt inzwischen zu gro\u00dfen Teilen Arbeitsplatz und ehrenamtliches Bet\u00e4tigungsfeld des Bergwanderf\u00fchrers. Die Freude am Unterwegssein, das Eintauchen in die Natur und den achtsamen und bewussten Umgang mit der Umwelt m\u00f6chte der Diplom-Geograph seinen G\u00e4sten vermitteln. Mein pers\u00f6nlicher Logenplatz im SalzburgerLand? Traumhafte Panoramen er\u00f6ffnen sich nat\u00fcrlich bei jeder Bergtour. Aber nicht nur der Weitblick, sondern auch das genaue Hinschauen und bewusste Wahrnehmen, machen solche Naturerlebnisse zu ganz besonderen Schauspielen: Das schreiende Murmeltier in einem grasbewachsenen Hang beobachten, Kr\u00e4uter, Fr\u00fcchte und Schwammerl im Wald sammeln oder die k\u00fchle, feuchte Luft an einem Wasserfall einatmen. Und dabei ist es ganz egal, ob es f\u00fcr mehrere Tage hoch hinaus oder nur f\u00fcr einen Spaziergang in den Wald geht. Morgen- oder Abendmensch? In den Bergen definitiv Morgenmensch. Wer l\u00e4sst sich schon einen traumhaften Sonnenaufgang, w\u00e4hrend im Tal noch der Nebel liegt, entgehen? Und nach langen Tagen auf den Beinen endet ein Tag auf der H\u00fctte meist nicht allzu sp\u00e4t. Mundharmonika oder Stradivari? Ich liebe es, in gem\u00fctlicher Runde zusammen zu musizieren. Seit einer Weile \u00fcbe ich mit gro\u00dfer Freude auf meiner Ukulele. Eine Mundharmonika w\u00fcrd dem Ensemble sicher auch noch gut zu Gesicht stehen. Kr\u00e4utertee oder Zirbenschnaps? Alles zu seiner Zeit. Was beide eint: selbst gesammelt und verarbeitet, bereiten sie den gr\u00f6\u00dften Genuss. Und es gibt noch so viele weitere Sch\u00e4tze, die die Natur uns schenkt. Bergtour oder Seentour? Da kann ich ganz diplomatisch antworten: eine Bergseentour. Nicht von ungef\u00e4hr hat mein erster Artikel f\u00fcr das SalzburgerLand Magazin die Lungauer Bergseen zum Thema. Und was gibt es feineres, als sich nach einer langen Bergtour in einem k\u00fchlen Gew\u00e4sser zu erfrischen? &nbsp;","sameAs":["http:\/\/www.wandererlebnis.guide","www.facebook.com\/christoph.werntgen","www.instagram.com\/christoph_werntgen"],"url":"https:\/\/www.salzburgerland.com\/de\/magazin\/author\/christophwerntgen\/"}]}},"_wl_alt_label":[],"wl:entity_url":"http:\/\/open.salzburgerland.com\/magazin\/post\/das-riedingtal-174352","_links":{"self":[{"href":"https:\/\/www.salzburgerland.com\/de\/magazin\/wp-json\/wp\/v2\/posts\/174352","targetHints":{"allow":["GET"]}}],"collection":[{"href":"https:\/\/www.salzburgerland.com\/de\/magazin\/wp-json\/wp\/v2\/posts"}],"about":[{"href":"https:\/\/www.salzburgerland.com\/de\/magazin\/wp-json\/wp\/v2\/types\/post"}],"author":[{"embeddable":true,"href":"https:\/\/www.salzburgerland.com\/de\/magazin\/wp-json\/wp\/v2\/users\/591"}],"replies":[{"embeddable":true,"href":"https:\/\/www.salzburgerland.com\/de\/magazin\/wp-json\/wp\/v2\/comments?post=174352"}],"version-history":[{"count":6,"href":"https:\/\/www.salzburgerland.com\/de\/magazin\/wp-json\/wp\/v2\/posts\/174352\/revisions"}],"predecessor-version":[{"id":183343,"href":"https:\/\/www.salzburgerland.com\/de\/magazin\/wp-json\/wp\/v2\/posts\/174352\/revisions\/183343"}],"wp:featuredmedia":[{"embeddable":true,"href":"https:\/\/www.salzburgerland.com\/de\/magazin\/wp-json\/wp\/v2\/media\/174396"}],"wp:attachment":[{"href":"https:\/\/www.salzburgerland.com\/de\/magazin\/wp-json\/wp\/v2\/media?parent=174352"}],"wp:term":[{"taxonomy":"category","embeddable":true,"href":"https:\/\/www.salzburgerland.com\/de\/magazin\/wp-json\/wp\/v2\/categories?post=174352"},{"taxonomy":"post_tag","embeddable":true,"href":"https:\/\/www.salzburgerland.com\/de\/magazin\/wp-json\/wp\/v2\/tags?post=174352"},{"taxonomy":"wl_entity_type","embeddable":true,"href":"https:\/\/www.salzburgerland.com\/de\/magazin\/wp-json\/wp\/v2\/wl_entity_type?post=174352"},{"taxonomy":"monatsauswahl","embeddable":true,"href":"https:\/\/www.salzburgerland.com\/de\/magazin\/wp-json\/wp\/v2\/monatsauswahl?post=174352"}],"curies":[{"name":"wp","href":"https:\/\/api.w.org\/{rel}","templated":true}]}}