{"id":172801,"date":"2023-08-31T07:00:00","date_gmt":"2023-08-31T05:00:00","guid":{"rendered":"https:\/\/www.salzburgerland.com\/de\/magazin\/?p=172801"},"modified":"2025-09-05T07:57:10","modified_gmt":"2025-09-05T05:57:10","slug":"die-mozartstadt-im-zeichen-des-sportes","status":"publish","type":"post","link":"https:\/\/www.salzburgerland.com\/de\/magazin\/die-mozartstadt-im-zeichen-des-sportes\/","title":{"rendered":"Die Mozartstadt im Zeichen des Sportes"},"content":{"rendered":"\n<div class=\"wp-block-slt-top topBlocks\">\n<h2 class=\"wp-block-slt-subtitle\">Die Woche des Sportes in der Stadt Salzburg<\/h2>\n\n\n\n<p class=\"wp-block-slt-intro\">Von 4. bis 11. September 2025 steht die Stadt Salzburg ganz im Zeichen des Sports. Die Event-Highlights in der Woche sind das Rennrad-Kriterium, der Businesslauf, der MTB-Eliminator und der City-Hill-Climb.<\/p>\n<\/div>\n\n\n\n<p>In der zweiten Septemberwoche wird die Altstadt von Salzburg sportlich belebt. Neben einigen Event-Highlights k\u00f6nnen dabei beim <a href=\"https:\/\/www.tagdessports-salzburg.at\/\" target=\"_blank\" rel=\"noreferrer noopener\">Tag des Sportes<\/a> am 6. September 2025 verschiedene Sportarten ausprobiert werden. American Football, Behindertensport, Boxen, Fechten, Fu\u00dfball, Judo, Klettern, Leichtathletik, Rh\u00f6nradturnen, Tischtennis, Turnen, Volleyball \u2013 die rund 20 Verb\u00e4nde, Vereine und Institutionen werden sich vor dem Salzburger Dom pr\u00e4sentieren und viele M\u00f6glichkeiten anbieten, die Sportarten vor Ort zu versuchen. Auf der Veranstaltungsb\u00fchne werden dazu noch Show-Vorf\u00fchrungen von den Profis der jeweiligen Sportarten pr\u00e4sentiert. Beim Tag des Sportes sollen Vereinswesen niederschwellig pr\u00e4sentiert und Jung und Alt animiert werden, Sport zu treiben.<\/p>\n\n\n\n<figure class=\"wp-block-image size-full\"><img loading=\"lazy\" decoding=\"async\" width=\"2400\" height=\"1600\" src=\"https:\/\/www.salzburgerland.com\/de\/magazin\/wp-content\/uploads\/2023\/08\/Tag-des-Sports-2021_c_Sarah-Baier-4.jpg\" alt=\"Ein Kind in einem Klettergurt klettert an einer Felswand im Freien, w\u00e4hrend im Hintergrund Menschen spazieren gehen.\" class=\"wp-image-172811\" srcset=\"https:\/\/www.salzburgerland.com\/de\/magazin\/wp-content\/uploads\/2023\/08\/Tag-des-Sports-2021_c_Sarah-Baier-4.jpg 2400w, https:\/\/www.salzburgerland.com\/de\/magazin\/wp-content\/uploads\/2023\/08\/Tag-des-Sports-2021_c_Sarah-Baier-4-300x200.jpg 300w, https:\/\/www.salzburgerland.com\/de\/magazin\/wp-content\/uploads\/2023\/08\/Tag-des-Sports-2021_c_Sarah-Baier-4-1536x1024.jpg 1536w, https:\/\/www.salzburgerland.com\/de\/magazin\/wp-content\/uploads\/2023\/08\/Tag-des-Sports-2021_c_Sarah-Baier-4-2048x1365.jpg 2048w, https:\/\/www.salzburgerland.com\/de\/magazin\/wp-content\/uploads\/2023\/08\/Tag-des-Sports-2021_c_Sarah-Baier-4-825x550.jpg 825w, https:\/\/www.salzburgerland.com\/de\/magazin\/wp-content\/uploads\/2023\/08\/Tag-des-Sports-2021_c_Sarah-Baier-4-600x400.jpg 600w, https:\/\/www.salzburgerland.com\/de\/magazin\/wp-content\/uploads\/2023\/08\/Tag-des-Sports-2021_c_Sarah-Baier-4-1320x880.jpg 1320w, https:\/\/www.salzburgerland.com\/de\/magazin\/wp-content\/uploads\/2023\/08\/Tag-des-Sports-2021_c_Sarah-Baier-4-150x100.jpg 150w\" sizes=\"auto, (max-width: 2400px) 100vw, 2400px\" \/><figcaption class=\"wp-element-caption\">Kinder und Erwachsene k\u00f6nnen verschiedene Sportarten probieren. \u00a9 Sarah Baier<\/figcaption><\/figure>\n\n\n\n<h2 class=\"wp-block-heading\" id=\"h-radfahrer-im-mittelpunkt\">Radfahrer im Mittelpunkt<\/h2>\n\n\n\n<p>Die beiden Tage davor haben die Radfahrer beim <a href=\"https:\/\/www.cyclodome.at\/\" target=\"_blank\" rel=\"noreferrer noopener\">Cycledome<\/a> die Altstadt fest im Griff. Das Altstadt Rennradkriterium macht am 4. September 2025 den Auftakt zur Woche des Sportes. Rund 40 Profis starten vom Residenzplatz \u00fcber den Mozartplatz und fahren rund um den Salzburger Dom. Im Vorfeld findet das Damen Amateur-Rennen, ein Jedermann-Nachwuchs-Rennen und ein Charity-Rennen statt. <\/p>\n\n\n\n<figure class=\"wp-block-image size-full\"><img loading=\"lazy\" decoding=\"async\" width=\"2560\" height=\"1707\" src=\"https:\/\/www.salzburgerland.com\/de\/magazin\/wp-content\/uploads\/2023\/08\/Cyclodrome-Pre-Shooting_Mai23_c-Philipp-Reiter-99-scaled.jpg\" alt=\"Cyclodrome Pre-Shooting_Mai23_(c) Philipp Reiter-99\" class=\"wp-image-172799\" srcset=\"https:\/\/www.salzburgerland.com\/de\/magazin\/wp-content\/uploads\/2023\/08\/Cyclodrome-Pre-Shooting_Mai23_c-Philipp-Reiter-99-scaled.jpg 2560w, https:\/\/www.salzburgerland.com\/de\/magazin\/wp-content\/uploads\/2023\/08\/Cyclodrome-Pre-Shooting_Mai23_c-Philipp-Reiter-99-300x200.jpg 300w, https:\/\/www.salzburgerland.com\/de\/magazin\/wp-content\/uploads\/2023\/08\/Cyclodrome-Pre-Shooting_Mai23_c-Philipp-Reiter-99-1536x1024.jpg 1536w, https:\/\/www.salzburgerland.com\/de\/magazin\/wp-content\/uploads\/2023\/08\/Cyclodrome-Pre-Shooting_Mai23_c-Philipp-Reiter-99-2048x1365.jpg 2048w, https:\/\/www.salzburgerland.com\/de\/magazin\/wp-content\/uploads\/2023\/08\/Cyclodrome-Pre-Shooting_Mai23_c-Philipp-Reiter-99-825x550.jpg 825w, https:\/\/www.salzburgerland.com\/de\/magazin\/wp-content\/uploads\/2023\/08\/Cyclodrome-Pre-Shooting_Mai23_c-Philipp-Reiter-99-600x400.jpg 600w, https:\/\/www.salzburgerland.com\/de\/magazin\/wp-content\/uploads\/2023\/08\/Cyclodrome-Pre-Shooting_Mai23_c-Philipp-Reiter-99-1320x880.jpg 1320w, https:\/\/www.salzburgerland.com\/de\/magazin\/wp-content\/uploads\/2023\/08\/Cyclodrome-Pre-Shooting_Mai23_c-Philipp-Reiter-99-150x100.jpg 150w\" sizes=\"auto, (max-width: 2560px) 100vw, 2560px\" \/><figcaption class=\"wp-element-caption\">Beim Altstadtkriterium geht es um den Salzburger Dom. \u00a9 Cyclodome\/Philipp Reiter<\/figcaption><\/figure>\n\n\n\n<p>Am 5. September 2025 sind die Mountainbiker gefordert. Der Cyclodome Mountainbike Eliminator ist ein spektakul\u00e4res Rennen mit anspruchsvollen Hindernissen und einer herausfordernden Rennstrecke, die ebenfalls mitten durch die Salzburger Altstad f\u00fchrt. Neben dem Rennen gibt es auch einen Expo-Bereich, wo verschiedene Hersteller ihre Produkte pr\u00e4sentieren, Gastrost\u00e4nde und ein Musikprogramm mit Moderation.<\/p>\n\n\n\n<figure class=\"wp-block-image size-full\"><img loading=\"lazy\" decoding=\"async\" width=\"2560\" height=\"1707\" src=\"https:\/\/www.salzburgerland.com\/de\/magazin\/wp-content\/uploads\/2023\/08\/Cyclodrome-Pre-Shooting_Mai23_c-Philipp-Reiter-151-scaled.jpg\" alt=\"Cyclodrome Pre-Shooting_Mai23_(c) Philipp Reiter-151\" class=\"wp-image-172797\" srcset=\"https:\/\/www.salzburgerland.com\/de\/magazin\/wp-content\/uploads\/2023\/08\/Cyclodrome-Pre-Shooting_Mai23_c-Philipp-Reiter-151-scaled.jpg 2560w, https:\/\/www.salzburgerland.com\/de\/magazin\/wp-content\/uploads\/2023\/08\/Cyclodrome-Pre-Shooting_Mai23_c-Philipp-Reiter-151-300x200.jpg 300w, https:\/\/www.salzburgerland.com\/de\/magazin\/wp-content\/uploads\/2023\/08\/Cyclodrome-Pre-Shooting_Mai23_c-Philipp-Reiter-151-1536x1024.jpg 1536w, https:\/\/www.salzburgerland.com\/de\/magazin\/wp-content\/uploads\/2023\/08\/Cyclodrome-Pre-Shooting_Mai23_c-Philipp-Reiter-151-2048x1365.jpg 2048w, https:\/\/www.salzburgerland.com\/de\/magazin\/wp-content\/uploads\/2023\/08\/Cyclodrome-Pre-Shooting_Mai23_c-Philipp-Reiter-151-825x550.jpg 825w, https:\/\/www.salzburgerland.com\/de\/magazin\/wp-content\/uploads\/2023\/08\/Cyclodrome-Pre-Shooting_Mai23_c-Philipp-Reiter-151-600x400.jpg 600w, https:\/\/www.salzburgerland.com\/de\/magazin\/wp-content\/uploads\/2023\/08\/Cyclodrome-Pre-Shooting_Mai23_c-Philipp-Reiter-151-1320x880.jpg 1320w, https:\/\/www.salzburgerland.com\/de\/magazin\/wp-content\/uploads\/2023\/08\/Cyclodrome-Pre-Shooting_Mai23_c-Philipp-Reiter-151-150x100.jpg 150w\" sizes=\"auto, (max-width: 2560px) 100vw, 2560px\" \/><figcaption class=\"wp-element-caption\"> Action garantiert der Mountainbike-Eliminator. \u00a9 Cyclodome\/Philipp Reiter<\/figcaption><\/figure>\n\n\n\n<h2 class=\"wp-block-heading\" id=\"h-mit-dem-mountainbike-auf-die-burg\">Mit dem Mountainbike auf die Burg<\/h2>\n\n\n\n<p>Am 6. September findet am Abend die 5. Ausgabe des <a href=\"https:\/\/cityhillclimb.com\/\" target=\"_blank\" rel=\"noreferrer noopener\">City Hill Climbs<\/a> statt. Das Rennen f\u00fchrt auf die Festung Hohensalzburg. Dieses Bikerennen der besonderen Art, wird dabei in einem Ausscheidungsmodus Mann gegen Mann beziehungsweise Frau gegen Frau ausgetragen. Wer schneller oben ist kommt also eine Runde weiter.<\/p>\n\n\n\n<h2 class=\"wp-block-heading\" id=\"h-businesslauf-als-abschluss\">Businesslauf als Abschluss<\/h2>\n\n\n\n<p>Der <a href=\"https:\/\/www.salzburger-businesslauf.at\/\" target=\"_blank\" rel=\"noreferrer noopener\">Salzburger Businesslauf <\/a>ist zugleich der Abschluss der sportlichen Woche. Viele Unternehmen starten in Teams bei dem Lauf, der in drei Leistungskategorien unterteilt wird: Q-Trail, Salzburger Businesslauf und Nordic Walking.<\/p>\n","protected":false},"excerpt":{"rendered":"<p>In der zweiten Septemberwoche wird die Altstadt von Salzburg sportlich belebt. Neben einigen Event-Highlights k\u00f6nnen dabei beim Tag des Sportes am 6. September 2025 verschiedene Sportarten ausprobiert werden. American Football, Behindertensport, Boxen, Fechten, Fu\u00dfball, Judo, Klettern, Leichtathletik, Rh\u00f6nradturnen, Tischtennis, Turnen, Volleyball \u2013 die rund 20 Verb\u00e4nde, Vereine und Institutionen werden sich vor dem Salzburger Dom [&hellip;]<\/p>\n","protected":false},"author":10,"featured_media":172798,"comment_status":"closed","ping_status":"closed","sticky":false,"template":"","format":"standard","meta":{"_acf_changed":false,"wl_entities_gutenberg":"","_wl_entity_redirect_enabled":"","footnotes":""},"categories":[8],"tags":[58,7687,5617,5906,7688],"wl_entity_type":[306],"monatsauswahl":[90],"class_list":["post-172801","post","type-post","status-publish","format-standard","has-post-thumbnail","hentry","category-outdoor-sport","tag-mountainbike","tag-radkriterium","tag-salzburg","tag-sport","tag-sportarten","wl_entity_type-article","monatsauswahl-monat_9"],"acf":[],"yoast_head":"<!-- This site is optimized with the Yoast SEO Premium plugin v27.4 (Yoast SEO v27.4) - https:\/\/yoast.com\/product\/yoast-seo-premium-wordpress\/ -->\n<title>Die Mozartstadt im Zeichen des Sportes - SalzburgerLand Magazin<\/title>\n<meta name=\"robots\" content=\"index, follow, max-snippet:-1, max-image-preview:large, max-video-preview:-1\" \/>\n<link rel=\"canonical\" href=\"https:\/\/www.salzburgerland.com\/de\/magazin\/die-mozartstadt-im-zeichen-des-sportes\/\" \/>\n<meta property=\"og:locale\" content=\"de_DE\" \/>\n<meta property=\"og:type\" content=\"article\" \/>\n<meta property=\"og:title\" content=\"Die Mozartstadt im Zeichen des Sportes\" \/>\n<meta property=\"og:description\" content=\"In der zweiten Septemberwoche wird die Altstadt von Salzburg sportlich belebt. Neben einigen Event-Highlights k\u00f6nnen dabei beim Tag des Sportes am 6. September 2025 verschiedene Sportarten ausprobiert werden. American Football, Behindertensport, Boxen, Fechten, Fu\u00dfball, Judo, Klettern, Leichtathletik, Rh\u00f6nradturnen, Tischtennis, Turnen, Volleyball \u2013 die rund 20 Verb\u00e4nde, Vereine und Institutionen werden sich vor dem Salzburger Dom [&hellip;]\" \/>\n<meta property=\"og:url\" content=\"https:\/\/www.salzburgerland.com\/de\/magazin\/die-mozartstadt-im-zeichen-des-sportes\/\" \/>\n<meta property=\"og:site_name\" content=\"SalzburgerLand Magazin\" \/>\n<meta property=\"article:publisher\" content=\"https:\/\/www.facebook.com\/salzburgerland\/\" \/>\n<meta property=\"article:published_time\" content=\"2023-08-31T05:00:00+00:00\" \/>\n<meta property=\"article:modified_time\" content=\"2025-09-05T05:57:10+00:00\" \/>\n<meta property=\"og:image\" content=\"https:\/\/www.salzburgerland.com\/de\/magazin\/wp-content\/uploads\/2023\/08\/Cyclodrome-Pre-Shooting_Mai23_c-Philipp-Reiter-23-scaled.jpg\" \/>\n\t<meta property=\"og:image:width\" content=\"2560\" \/>\n\t<meta property=\"og:image:height\" content=\"1707\" \/>\n\t<meta property=\"og:image:type\" content=\"image\/jpeg\" \/>\n<meta name=\"author\" content=\"Heiko Mandl\" \/>\n<meta name=\"twitter:card\" content=\"summary_large_image\" \/>\n<meta name=\"twitter:creator\" content=\"@Salzburgerland\" \/>\n<meta name=\"twitter:site\" content=\"@Salzburgerland\" \/>\n<meta name=\"twitter:label1\" content=\"Verfasst von\" \/>\n\t<meta name=\"twitter:data1\" content=\"Heiko Mandl\" \/>\n\t<meta name=\"twitter:label2\" content=\"Gesch\u00e4tzte Lesezeit\" \/>\n\t<meta name=\"twitter:data2\" content=\"3\u00a0Minuten\" \/>\n<script type=\"application\/ld+json\" class=\"yoast-schema-graph\">{\"@context\":\"https:\\\/\\\/schema.org\",\"@graph\":[{\"@type\":\"Article\",\"@id\":\"https:\\\/\\\/www.salzburgerland.com\\\/de\\\/magazin\\\/die-mozartstadt-im-zeichen-des-sportes\\\/#article\",\"isPartOf\":{\"@id\":\"https:\\\/\\\/www.salzburgerland.com\\\/de\\\/magazin\\\/die-mozartstadt-im-zeichen-des-sportes\\\/\"},\"author\":{\"name\":\"Heiko Mandl\",\"@id\":\"https:\\\/\\\/www.salzburgerland.com\\\/de\\\/magazin\\\/#\\\/schema\\\/person\\\/8871c7c764fce6ea66752310e7fe9e98\"},\"headline\":\"Die Mozartstadt im Zeichen des Sportes\",\"datePublished\":\"2023-08-31T05:00:00+00:00\",\"dateModified\":\"2025-09-05T05:57:10+00:00\",\"mainEntityOfPage\":{\"@id\":\"https:\\\/\\\/www.salzburgerland.com\\\/de\\\/magazin\\\/die-mozartstadt-im-zeichen-des-sportes\\\/\"},\"wordCount\":367,\"publisher\":{\"@id\":\"https:\\\/\\\/www.salzburgerland.com\\\/de\\\/magazin\\\/#organization\"},\"image\":{\"@id\":\"https:\\\/\\\/www.salzburgerland.com\\\/de\\\/magazin\\\/die-mozartstadt-im-zeichen-des-sportes\\\/#primaryimage\"},\"thumbnailUrl\":\"https:\\\/\\\/www.salzburgerland.com\\\/de\\\/magazin\\\/wp-content\\\/uploads\\\/2023\\\/08\\\/Cyclodrome-Pre-Shooting_Mai23_c-Philipp-Reiter-23-scaled.jpg\",\"keywords\":[\"Mountainbike\",\"Radkriterium\",\"Salzburg\",\"Sport\",\"Sportarten\"],\"articleSection\":[\"Outdoor &amp; Sport\"],\"inLanguage\":\"de\"},{\"@type\":\"WebPage\",\"@id\":\"https:\\\/\\\/www.salzburgerland.com\\\/de\\\/magazin\\\/die-mozartstadt-im-zeichen-des-sportes\\\/\",\"url\":\"https:\\\/\\\/www.salzburgerland.com\\\/de\\\/magazin\\\/die-mozartstadt-im-zeichen-des-sportes\\\/\",\"name\":\"Die Mozartstadt im Zeichen des Sportes - SalzburgerLand Magazin\",\"isPartOf\":{\"@id\":\"https:\\\/\\\/www.salzburgerland.com\\\/de\\\/magazin\\\/#website\"},\"primaryImageOfPage\":{\"@id\":\"https:\\\/\\\/www.salzburgerland.com\\\/de\\\/magazin\\\/die-mozartstadt-im-zeichen-des-sportes\\\/#primaryimage\"},\"image\":{\"@id\":\"https:\\\/\\\/www.salzburgerland.com\\\/de\\\/magazin\\\/die-mozartstadt-im-zeichen-des-sportes\\\/#primaryimage\"},\"thumbnailUrl\":\"https:\\\/\\\/www.salzburgerland.com\\\/de\\\/magazin\\\/wp-content\\\/uploads\\\/2023\\\/08\\\/Cyclodrome-Pre-Shooting_Mai23_c-Philipp-Reiter-23-scaled.jpg\",\"datePublished\":\"2023-08-31T05:00:00+00:00\",\"dateModified\":\"2025-09-05T05:57:10+00:00\",\"breadcrumb\":{\"@id\":\"https:\\\/\\\/www.salzburgerland.com\\\/de\\\/magazin\\\/die-mozartstadt-im-zeichen-des-sportes\\\/#breadcrumb\"},\"inLanguage\":\"de\",\"potentialAction\":[{\"@type\":\"ReadAction\",\"target\":[\"https:\\\/\\\/www.salzburgerland.com\\\/de\\\/magazin\\\/die-mozartstadt-im-zeichen-des-sportes\\\/\"]}]},{\"@type\":\"ImageObject\",\"inLanguage\":\"de\",\"@id\":\"https:\\\/\\\/www.salzburgerland.com\\\/de\\\/magazin\\\/die-mozartstadt-im-zeichen-des-sportes\\\/#primaryimage\",\"url\":\"https:\\\/\\\/www.salzburgerland.com\\\/de\\\/magazin\\\/wp-content\\\/uploads\\\/2023\\\/08\\\/Cyclodrome-Pre-Shooting_Mai23_c-Philipp-Reiter-23-scaled.jpg\",\"contentUrl\":\"https:\\\/\\\/www.salzburgerland.com\\\/de\\\/magazin\\\/wp-content\\\/uploads\\\/2023\\\/08\\\/Cyclodrome-Pre-Shooting_Mai23_c-Philipp-Reiter-23-scaled.jpg\",\"width\":2560,\"height\":1707},{\"@type\":\"BreadcrumbList\",\"@id\":\"https:\\\/\\\/www.salzburgerland.com\\\/de\\\/magazin\\\/die-mozartstadt-im-zeichen-des-sportes\\\/#breadcrumb\",\"itemListElement\":[{\"@type\":\"ListItem\",\"position\":1,\"name\":\"Startseite\",\"item\":\"https:\\\/\\\/www.salzburgerland.com\\\/de\\\/magazin\\\/\"},{\"@type\":\"ListItem\",\"position\":2,\"name\":\"Outdoor &amp; Sport\",\"item\":\"https:\\\/\\\/www.salzburgerland.com\\\/de\\\/magazin\\\/thema\\\/outdoor-sport\\\/\"},{\"@type\":\"ListItem\",\"position\":3,\"name\":\"Die Mozartstadt im Zeichen des Sportes\"}]},{\"@type\":\"WebSite\",\"@id\":\"https:\\\/\\\/www.salzburgerland.com\\\/de\\\/magazin\\\/#website\",\"url\":\"https:\\\/\\\/www.salzburgerland.com\\\/de\\\/magazin\\\/\",\"name\":\"SalzburgerLand Magazin\",\"description\":\"Geschichten und Interessantes aus dem SalzburgerLand\",\"publisher\":{\"@id\":\"https:\\\/\\\/www.salzburgerland.com\\\/de\\\/magazin\\\/#organization\"},\"potentialAction\":[{\"@type\":\"SearchAction\",\"target\":{\"@type\":\"EntryPoint\",\"urlTemplate\":\"https:\\\/\\\/www.salzburgerland.com\\\/de\\\/magazin\\\/?s={search_term_string}\"},\"query-input\":{\"@type\":\"PropertyValueSpecification\",\"valueRequired\":true,\"valueName\":\"search_term_string\"}}],\"inLanguage\":\"de\"},{\"@type\":\"Organization\",\"@id\":\"https:\\\/\\\/www.salzburgerland.com\\\/de\\\/magazin\\\/#organization\",\"name\":\"SalzburgerLand Tourismus\",\"url\":\"https:\\\/\\\/www.salzburgerland.com\\\/de\\\/magazin\\\/\",\"logo\":{\"@type\":\"ImageObject\",\"inLanguage\":\"de\",\"@id\":\"https:\\\/\\\/www.salzburgerland.com\\\/de\\\/magazin\\\/#\\\/schema\\\/logo\\\/image\\\/\",\"url\":\"https:\\\/\\\/www.salzburgerland.com\\\/de\\\/magazin\\\/wp-content\\\/uploads\\\/2019\\\/06\\\/salzburgerland-logo1.jpg\",\"contentUrl\":\"https:\\\/\\\/www.salzburgerland.com\\\/de\\\/magazin\\\/wp-content\\\/uploads\\\/2019\\\/06\\\/salzburgerland-logo1.jpg\",\"width\":2011,\"height\":866,\"caption\":\"SalzburgerLand Tourismus\"},\"image\":{\"@id\":\"https:\\\/\\\/www.salzburgerland.com\\\/de\\\/magazin\\\/#\\\/schema\\\/logo\\\/image\\\/\"},\"sameAs\":[\"https:\\\/\\\/www.facebook.com\\\/salzburgerland\\\/\",\"https:\\\/\\\/x.com\\\/Salzburgerland\",\"https:\\\/\\\/www.instagram.com\\\/salzburgerland\\\/\",\"https:\\\/\\\/at.linkedin.com\\\/company\\\/salzburgerland-tourismus-gmbh\",\"https:\\\/\\\/www.pinterest.at\\\/salzburgerland\\\/\",\"https:\\\/\\\/www.youtube.com\\\/user\\\/salzburgerland\",\"https:\\\/\\\/de.wikipedia.org\\\/wiki\\\/SalzburgerLand_Tourismus_GmbH\"]},{\"@type\":\"Person\",\"@id\":\"https:\\\/\\\/www.salzburgerland.com\\\/de\\\/magazin\\\/#\\\/schema\\\/person\\\/8871c7c764fce6ea66752310e7fe9e98\",\"name\":\"Heiko Mandl\",\"description\":\"Heiko Mandl, geboren 1976 in Salzburg, ist durch den Journalismus zur Fotografie gekommen und ist seit zehn Jahren als selbstst\u00e4ndiger Fotograf und Autor in Salzburg t\u00e4tig. Schon von Kindheit an haben ihn die Berge vor seiner Haust\u00fcr fasziniert. Heute z\u00e4hlen sie unter anderem zu seinem Arbeitsplatz. Er arbeitet f\u00fcr internationale Outdoor- und Reisemagazine sowie zahlreiche Firmen und Agenturen. Luxushotel oder Almh\u00fctte: Ich kann beides genie\u00dfen und ich gehe das nach dem Motto: Alles zur richtigen Zeit und zur passenden Gelegenheit an. Wandern oder Laufen: Auf jeden Fall wandern, ist gem\u00fctlicher und man kann sich mehr auf die Umgebung konzentrieren. Golfplatz oder Klettergarten: Klettergarten, zumindest noch die n\u00e4chsten 20 Jahre. Fr\u00fchling, sommer, herbst oder Winter? Fr\u00fchling und Sommer und Herbst und Winter! Im SalzburgerLand ist es das ganze Jahr traumhaft sch\u00f6n. Wellness oder Mountainbike? Zuerst eine Runde mit dem Mountainbike und dann ab in den Wellnesstempel. Das eine schlie\u00dft das andere nicht aus!\",\"url\":\"https:\\\/\\\/www.salzburgerland.com\\\/de\\\/magazin\\\/author\\\/heiko-mandl\\\/\"}]}<\/script>\n<!-- \/ Yoast SEO Premium plugin. -->","yoast_head_json":{"title":"Die Mozartstadt im Zeichen des Sportes - SalzburgerLand Magazin","robots":{"index":"index","follow":"follow","max-snippet":"max-snippet:-1","max-image-preview":"max-image-preview:large","max-video-preview":"max-video-preview:-1"},"canonical":"https:\/\/www.salzburgerland.com\/de\/magazin\/die-mozartstadt-im-zeichen-des-sportes\/","og_locale":"de_DE","og_type":"article","og_title":"Die Mozartstadt im Zeichen des Sportes","og_description":"In der zweiten Septemberwoche wird die Altstadt von Salzburg sportlich belebt. Neben einigen Event-Highlights k\u00f6nnen dabei beim Tag des Sportes am 6. September 2025 verschiedene Sportarten ausprobiert werden. American Football, Behindertensport, Boxen, Fechten, Fu\u00dfball, Judo, Klettern, Leichtathletik, Rh\u00f6nradturnen, Tischtennis, Turnen, Volleyball \u2013 die rund 20 Verb\u00e4nde, Vereine und Institutionen werden sich vor dem Salzburger Dom [&hellip;]","og_url":"https:\/\/www.salzburgerland.com\/de\/magazin\/die-mozartstadt-im-zeichen-des-sportes\/","og_site_name":"SalzburgerLand Magazin","article_publisher":"https:\/\/www.facebook.com\/salzburgerland\/","article_published_time":"2023-08-31T05:00:00+00:00","article_modified_time":"2025-09-05T05:57:10+00:00","og_image":[{"width":2560,"height":1707,"url":"https:\/\/www.salzburgerland.com\/de\/magazin\/wp-content\/uploads\/2023\/08\/Cyclodrome-Pre-Shooting_Mai23_c-Philipp-Reiter-23-scaled.jpg","type":"image\/jpeg"}],"author":"Heiko Mandl","twitter_card":"summary_large_image","twitter_creator":"@Salzburgerland","twitter_site":"@Salzburgerland","twitter_misc":{"Verfasst von":"Heiko Mandl","Gesch\u00e4tzte Lesezeit":"3\u00a0Minuten"},"schema":{"@context":"https:\/\/schema.org","@graph":[{"@type":"Article","@id":"https:\/\/www.salzburgerland.com\/de\/magazin\/die-mozartstadt-im-zeichen-des-sportes\/#article","isPartOf":{"@id":"https:\/\/www.salzburgerland.com\/de\/magazin\/die-mozartstadt-im-zeichen-des-sportes\/"},"author":{"name":"Heiko Mandl","@id":"https:\/\/www.salzburgerland.com\/de\/magazin\/#\/schema\/person\/8871c7c764fce6ea66752310e7fe9e98"},"headline":"Die Mozartstadt im Zeichen des Sportes","datePublished":"2023-08-31T05:00:00+00:00","dateModified":"2025-09-05T05:57:10+00:00","mainEntityOfPage":{"@id":"https:\/\/www.salzburgerland.com\/de\/magazin\/die-mozartstadt-im-zeichen-des-sportes\/"},"wordCount":367,"publisher":{"@id":"https:\/\/www.salzburgerland.com\/de\/magazin\/#organization"},"image":{"@id":"https:\/\/www.salzburgerland.com\/de\/magazin\/die-mozartstadt-im-zeichen-des-sportes\/#primaryimage"},"thumbnailUrl":"https:\/\/www.salzburgerland.com\/de\/magazin\/wp-content\/uploads\/2023\/08\/Cyclodrome-Pre-Shooting_Mai23_c-Philipp-Reiter-23-scaled.jpg","keywords":["Mountainbike","Radkriterium","Salzburg","Sport","Sportarten"],"articleSection":["Outdoor &amp; Sport"],"inLanguage":"de"},{"@type":"WebPage","@id":"https:\/\/www.salzburgerland.com\/de\/magazin\/die-mozartstadt-im-zeichen-des-sportes\/","url":"https:\/\/www.salzburgerland.com\/de\/magazin\/die-mozartstadt-im-zeichen-des-sportes\/","name":"Die Mozartstadt im Zeichen des Sportes - SalzburgerLand Magazin","isPartOf":{"@id":"https:\/\/www.salzburgerland.com\/de\/magazin\/#website"},"primaryImageOfPage":{"@id":"https:\/\/www.salzburgerland.com\/de\/magazin\/die-mozartstadt-im-zeichen-des-sportes\/#primaryimage"},"image":{"@id":"https:\/\/www.salzburgerland.com\/de\/magazin\/die-mozartstadt-im-zeichen-des-sportes\/#primaryimage"},"thumbnailUrl":"https:\/\/www.salzburgerland.com\/de\/magazin\/wp-content\/uploads\/2023\/08\/Cyclodrome-Pre-Shooting_Mai23_c-Philipp-Reiter-23-scaled.jpg","datePublished":"2023-08-31T05:00:00+00:00","dateModified":"2025-09-05T05:57:10+00:00","breadcrumb":{"@id":"https:\/\/www.salzburgerland.com\/de\/magazin\/die-mozartstadt-im-zeichen-des-sportes\/#breadcrumb"},"inLanguage":"de","potentialAction":[{"@type":"ReadAction","target":["https:\/\/www.salzburgerland.com\/de\/magazin\/die-mozartstadt-im-zeichen-des-sportes\/"]}]},{"@type":"ImageObject","inLanguage":"de","@id":"https:\/\/www.salzburgerland.com\/de\/magazin\/die-mozartstadt-im-zeichen-des-sportes\/#primaryimage","url":"https:\/\/www.salzburgerland.com\/de\/magazin\/wp-content\/uploads\/2023\/08\/Cyclodrome-Pre-Shooting_Mai23_c-Philipp-Reiter-23-scaled.jpg","contentUrl":"https:\/\/www.salzburgerland.com\/de\/magazin\/wp-content\/uploads\/2023\/08\/Cyclodrome-Pre-Shooting_Mai23_c-Philipp-Reiter-23-scaled.jpg","width":2560,"height":1707},{"@type":"BreadcrumbList","@id":"https:\/\/www.salzburgerland.com\/de\/magazin\/die-mozartstadt-im-zeichen-des-sportes\/#breadcrumb","itemListElement":[{"@type":"ListItem","position":1,"name":"Startseite","item":"https:\/\/www.salzburgerland.com\/de\/magazin\/"},{"@type":"ListItem","position":2,"name":"Outdoor &amp; Sport","item":"https:\/\/www.salzburgerland.com\/de\/magazin\/thema\/outdoor-sport\/"},{"@type":"ListItem","position":3,"name":"Die Mozartstadt im Zeichen des Sportes"}]},{"@type":"WebSite","@id":"https:\/\/www.salzburgerland.com\/de\/magazin\/#website","url":"https:\/\/www.salzburgerland.com\/de\/magazin\/","name":"SalzburgerLand Magazin","description":"Geschichten und Interessantes aus dem SalzburgerLand","publisher":{"@id":"https:\/\/www.salzburgerland.com\/de\/magazin\/#organization"},"potentialAction":[{"@type":"SearchAction","target":{"@type":"EntryPoint","urlTemplate":"https:\/\/www.salzburgerland.com\/de\/magazin\/?s={search_term_string}"},"query-input":{"@type":"PropertyValueSpecification","valueRequired":true,"valueName":"search_term_string"}}],"inLanguage":"de"},{"@type":"Organization","@id":"https:\/\/www.salzburgerland.com\/de\/magazin\/#organization","name":"SalzburgerLand Tourismus","url":"https:\/\/www.salzburgerland.com\/de\/magazin\/","logo":{"@type":"ImageObject","inLanguage":"de","@id":"https:\/\/www.salzburgerland.com\/de\/magazin\/#\/schema\/logo\/image\/","url":"https:\/\/www.salzburgerland.com\/de\/magazin\/wp-content\/uploads\/2019\/06\/salzburgerland-logo1.jpg","contentUrl":"https:\/\/www.salzburgerland.com\/de\/magazin\/wp-content\/uploads\/2019\/06\/salzburgerland-logo1.jpg","width":2011,"height":866,"caption":"SalzburgerLand Tourismus"},"image":{"@id":"https:\/\/www.salzburgerland.com\/de\/magazin\/#\/schema\/logo\/image\/"},"sameAs":["https:\/\/www.facebook.com\/salzburgerland\/","https:\/\/x.com\/Salzburgerland","https:\/\/www.instagram.com\/salzburgerland\/","https:\/\/at.linkedin.com\/company\/salzburgerland-tourismus-gmbh","https:\/\/www.pinterest.at\/salzburgerland\/","https:\/\/www.youtube.com\/user\/salzburgerland","https:\/\/de.wikipedia.org\/wiki\/SalzburgerLand_Tourismus_GmbH"]},{"@type":"Person","@id":"https:\/\/www.salzburgerland.com\/de\/magazin\/#\/schema\/person\/8871c7c764fce6ea66752310e7fe9e98","name":"Heiko Mandl","description":"Heiko Mandl, geboren 1976 in Salzburg, ist durch den Journalismus zur Fotografie gekommen und ist seit zehn Jahren als selbstst\u00e4ndiger Fotograf und Autor in Salzburg t\u00e4tig. Schon von Kindheit an haben ihn die Berge vor seiner Haust\u00fcr fasziniert. Heute z\u00e4hlen sie unter anderem zu seinem Arbeitsplatz. Er arbeitet f\u00fcr internationale Outdoor- und Reisemagazine sowie zahlreiche Firmen und Agenturen. Luxushotel oder Almh\u00fctte: Ich kann beides genie\u00dfen und ich gehe das nach dem Motto: Alles zur richtigen Zeit und zur passenden Gelegenheit an. Wandern oder Laufen: Auf jeden Fall wandern, ist gem\u00fctlicher und man kann sich mehr auf die Umgebung konzentrieren. Golfplatz oder Klettergarten: Klettergarten, zumindest noch die n\u00e4chsten 20 Jahre. Fr\u00fchling, sommer, herbst oder Winter? Fr\u00fchling und Sommer und Herbst und Winter! Im SalzburgerLand ist es das ganze Jahr traumhaft sch\u00f6n. Wellness oder Mountainbike? Zuerst eine Runde mit dem Mountainbike und dann ab in den Wellnesstempel. Das eine schlie\u00dft das andere nicht aus!","url":"https:\/\/www.salzburgerland.com\/de\/magazin\/author\/heiko-mandl\/"}]}},"_wl_alt_label":[],"wl:entity_url":"http:\/\/open.salzburgerland.com\/magazin\/post\/die-mozartstadt-im-zeichen-des-sportes-172801","_links":{"self":[{"href":"https:\/\/www.salzburgerland.com\/de\/magazin\/wp-json\/wp\/v2\/posts\/172801","targetHints":{"allow":["GET"]}}],"collection":[{"href":"https:\/\/www.salzburgerland.com\/de\/magazin\/wp-json\/wp\/v2\/posts"}],"about":[{"href":"https:\/\/www.salzburgerland.com\/de\/magazin\/wp-json\/wp\/v2\/types\/post"}],"author":[{"embeddable":true,"href":"https:\/\/www.salzburgerland.com\/de\/magazin\/wp-json\/wp\/v2\/users\/10"}],"replies":[{"embeddable":true,"href":"https:\/\/www.salzburgerland.com\/de\/magazin\/wp-json\/wp\/v2\/comments?post=172801"}],"version-history":[{"count":8,"href":"https:\/\/www.salzburgerland.com\/de\/magazin\/wp-json\/wp\/v2\/posts\/172801\/revisions"}],"predecessor-version":[{"id":185906,"href":"https:\/\/www.salzburgerland.com\/de\/magazin\/wp-json\/wp\/v2\/posts\/172801\/revisions\/185906"}],"wp:featuredmedia":[{"embeddable":true,"href":"https:\/\/www.salzburgerland.com\/de\/magazin\/wp-json\/wp\/v2\/media\/172798"}],"wp:attachment":[{"href":"https:\/\/www.salzburgerland.com\/de\/magazin\/wp-json\/wp\/v2\/media?parent=172801"}],"wp:term":[{"taxonomy":"category","embeddable":true,"href":"https:\/\/www.salzburgerland.com\/de\/magazin\/wp-json\/wp\/v2\/categories?post=172801"},{"taxonomy":"post_tag","embeddable":true,"href":"https:\/\/www.salzburgerland.com\/de\/magazin\/wp-json\/wp\/v2\/tags?post=172801"},{"taxonomy":"wl_entity_type","embeddable":true,"href":"https:\/\/www.salzburgerland.com\/de\/magazin\/wp-json\/wp\/v2\/wl_entity_type?post=172801"},{"taxonomy":"monatsauswahl","embeddable":true,"href":"https:\/\/www.salzburgerland.com\/de\/magazin\/wp-json\/wp\/v2\/monatsauswahl?post=172801"}],"curies":[{"name":"wp","href":"https:\/\/api.w.org\/{rel}","templated":true}]}}