{"id":172634,"date":"2023-08-11T07:00:00","date_gmt":"2023-08-11T05:00:00","guid":{"rendered":"https:\/\/www.salzburgerland.com\/de\/magazin\/?p=172634"},"modified":"2025-02-10T06:20:30","modified_gmt":"2025-02-10T05:20:30","slug":"renaissance-in-bad-gastein","status":"publish","type":"post","link":"https:\/\/www.salzburgerland.com\/de\/magazin\/renaissance-in-bad-gastein\/","title":{"rendered":"Renaissance in Bad Gastein"},"content":{"rendered":"\n<div class=\"wp-block-slt-top topBlocks\">\n<h2 class=\"wp-block-slt-subtitle\">Die Wiederer\u00f6ffnung von Hotel Straubinger und des Badeschlosses<\/h2>\n\n\n\n<p class=\"wp-block-slt-intro\">Mit der Er\u00f6ffnung des Straubinger und des Badeschlosses erwachten 2023 zwei der traditionsreichsten Hotels Bad Gasteins aus ihrem langj\u00e4hrigen Winterschlaf. Eine Renaissance in den Salzburger Alpen, die den Bogen zwischen internationalem Flair und nat\u00fcrlichem Lebensstil spannt.&nbsp;<\/p>\n<\/div>\n\n\n\n<p>Inmitten einer Region der Extreme, von tiefen T\u00e4lern bis zu Gipfeln mit \u00fcber 3.000 Metern H\u00f6he, bilden das im 19. Jahrhundert erbaute <a href=\"https:\/\/www.travelcharme.com\/hotels\/straubinger\" target=\"_blank\" rel=\"noreferrer noopener\">Straubinger<\/a> und das Ende des 18. Jahrhunderts er\u00f6ffnete <a href=\"https:\/\/www.travelcharme.com\/hotels\/badeschloss\/geschichte-des-badens\" target=\"_blank\" rel=\"noreferrer noopener\">Badeschloss <\/a>das Herzst\u00fcck und das Zentrum von Bad Gastein. Diese ehrw\u00fcrdigen Geb\u00e4ude haben zahlreiche Pers\u00f6nlichkeiten in ihrer Geschichte beherbergt und sogar Kaiser Franz Josef selbst stiegt hier ab. Au\u00dferdem erlangte das Ensemble am Straubingerplatz weltpolitische Bedeutung, nachdem 1865 der Gasteiner Vertrag zwischen Preu\u00dfen und \u00d6sterreich unterzeichnet wurde.<\/p>\n\n\n\n<p>Nachdem fast das gesamte Zentrum von Bad Gastein in einen Dornr\u00f6schenschlaf gefallen war, fand 2023 das gro\u00dfe Erwachen statt. Das angesehene Wiener Architektenb\u00fcro BWM Architekten hat sich dem Gestaltungsprinzip \u201aArbeiten mit den Schichten der Vergangenheit\u2018 verschrieben und in den vergangenen Jahren ein anspruchsvolles Hotelkonzept f\u00fcr &#8218;Travel Charme Hotels &amp; Resorts&#8216; entwickelt. Dieses geht weit \u00fcber die blo\u00dfen Geb\u00e4ude hinaus und l\u00e4sst den Glanz des Straubingerplatzes wie nie zuvor aufleben.<\/p>\n\n\n\n<figure class=\"wp-block-image size-full\"><img loading=\"lazy\" decoding=\"async\" width=\"2560\" height=\"1920\" src=\"https:\/\/www.salzburgerland.com\/de\/magazin\/wp-content\/uploads\/2023\/08\/wasserfall-wasser-braust-stein-felsen-baeume-tanne-natur-schnee-winter-mood-weit-frontalansicht-drohne-querformat-bad-gasteincArne-Nagel-AMOA-e.K-scaled.jpg\" alt=\"Wasserfall zwischen Felsen in Gastein, mit Schneeflecken und Tannenb\u00e4umen am Rand.\" class=\"wp-image-172635\" srcset=\"https:\/\/www.salzburgerland.com\/de\/magazin\/wp-content\/uploads\/2023\/08\/wasserfall-wasser-braust-stein-felsen-baeume-tanne-natur-schnee-winter-mood-weit-frontalansicht-drohne-querformat-bad-gasteincArne-Nagel-AMOA-e.K-scaled.jpg 2560w, https:\/\/www.salzburgerland.com\/de\/magazin\/wp-content\/uploads\/2023\/08\/wasserfall-wasser-braust-stein-felsen-baeume-tanne-natur-schnee-winter-mood-weit-frontalansicht-drohne-querformat-bad-gasteincArne-Nagel-AMOA-e.K-300x225.jpg 300w, https:\/\/www.salzburgerland.com\/de\/magazin\/wp-content\/uploads\/2023\/08\/wasserfall-wasser-braust-stein-felsen-baeume-tanne-natur-schnee-winter-mood-weit-frontalansicht-drohne-querformat-bad-gasteincArne-Nagel-AMOA-e.K-1536x1152.jpg 1536w, https:\/\/www.salzburgerland.com\/de\/magazin\/wp-content\/uploads\/2023\/08\/wasserfall-wasser-braust-stein-felsen-baeume-tanne-natur-schnee-winter-mood-weit-frontalansicht-drohne-querformat-bad-gasteincArne-Nagel-AMOA-e.K-2048x1536.jpg 2048w, https:\/\/www.salzburgerland.com\/de\/magazin\/wp-content\/uploads\/2023\/08\/wasserfall-wasser-braust-stein-felsen-baeume-tanne-natur-schnee-winter-mood-weit-frontalansicht-drohne-querformat-bad-gasteincArne-Nagel-AMOA-e.K-733x550.jpg 733w, https:\/\/www.salzburgerland.com\/de\/magazin\/wp-content\/uploads\/2023\/08\/wasserfall-wasser-braust-stein-felsen-baeume-tanne-natur-schnee-winter-mood-weit-frontalansicht-drohne-querformat-bad-gasteincArne-Nagel-AMOA-e.K-140x105.jpg 140w, https:\/\/www.salzburgerland.com\/de\/magazin\/wp-content\/uploads\/2023\/08\/wasserfall-wasser-braust-stein-felsen-baeume-tanne-natur-schnee-winter-mood-weit-frontalansicht-drohne-querformat-bad-gasteincArne-Nagel-AMOA-e.K-533x400.jpg 533w, https:\/\/www.salzburgerland.com\/de\/magazin\/wp-content\/uploads\/2023\/08\/wasserfall-wasser-braust-stein-felsen-baeume-tanne-natur-schnee-winter-mood-weit-frontalansicht-drohne-querformat-bad-gasteincArne-Nagel-AMOA-e.K-960x720.jpg 960w, https:\/\/www.salzburgerland.com\/de\/magazin\/wp-content\/uploads\/2023\/08\/wasserfall-wasser-braust-stein-felsen-baeume-tanne-natur-schnee-winter-mood-weit-frontalansicht-drohne-querformat-bad-gasteincArne-Nagel-AMOA-e.K-1320x990.jpg 1320w, https:\/\/www.salzburgerland.com\/de\/magazin\/wp-content\/uploads\/2023\/08\/wasserfall-wasser-braust-stein-felsen-baeume-tanne-natur-schnee-winter-mood-weit-frontalansicht-drohne-querformat-bad-gasteincArne-Nagel-AMOA-e.K-1200x900.jpg 1200w, https:\/\/www.salzburgerland.com\/de\/magazin\/wp-content\/uploads\/2023\/08\/wasserfall-wasser-braust-stein-felsen-baeume-tanne-natur-schnee-winter-mood-weit-frontalansicht-drohne-querformat-bad-gasteincArne-Nagel-AMOA-e.K-150x113.jpg 150w\" sizes=\"auto, (max-width: 2560px) 100vw, 2560px\" \/><figcaption class=\"wp-element-caption\">\u00a9Arne Nagel AMOA e.K<\/figcaption><\/figure>\n\n\n\n<h2 class=\"wp-block-heading\" id=\"h-das-straubinger\">Das Straubinger<\/h2>\n\n\n\n<p>Das Hotel Straubinger liegt&nbsp;direkt am <a href=\"https:\/\/www.salzburgerland.com\/de\/magazin\/bad-gasteiner-wasserfall\/\" target=\"_blank\" rel=\"noreferrer noopener\">Wasserfall<\/a> und z\u00e4hlt zu den charmantesten Belle \u00c9poque H\u00e4user Gasteins. Au\u00dferdem geh\u00f6rt es nach der Revitalisierung sicherlich zu den au\u00dfergew\u00f6hnlichsten Grand Hotels der Alpen. Schon das elegante und opulente Entree gibt einen Vorgeschmack auf das, was einem im Inneren erwartet \u2013 dezent luxuri\u00f6ser F\u00fcnf-Sterne-Komfort, eine Hommage an die Vergangenheit, aber mit einer erfrischenden und zeitgem\u00e4\u00dfen Note. Das Haus bietet 46 Zimmer und Suiten mit herrlichem Blick \u00fcber das Gasteinertal und das fallende Wasser. Das gastronomische Angebot umfasst ein Restaurant, eine Weinbar und ein traditionelles Caf\u00e9. Das Spa verf\u00fcgt \u00fcber einen Outdoorpool, einen entspannenden Ruhebereich sowie zwei Saunen und sechs Beauty- und Massager\u00e4ume.<\/p>\n\n\n<div class=\"mag-gallery\"><div class=\"row\"><div class=\"col-6 col-sm-4\"><figure><a class=\"thumb-container\" href=\"https:\/\/www.salzburgerland.com\/de\/magazin\/wp-content\/uploads\/2023\/08\/rendering-doppelzimmer-bett-straubinger-bad-gasteincBWM-Archtects-Design-1280x1024.jpg\">\t<picture><source media=\"(min-width: 576px)\" srcset=\"https:\/\/www.salzburgerland.com\/de\/magazin\/wp-content\/uploads\/2023\/08\/rendering-doppelzimmer-bett-straubinger-bad-gasteincBWM-Archtects-Design-325x209.jpg 325w, https:\/\/www.salzburgerland.com\/de\/magazin\/wp-content\/uploads\/2023\/08\/rendering-doppelzimmer-bett-straubinger-bad-gasteincBWM-Archtects-Design-249x160.jpg 249w\"><\/source><source media=\"(min-width: 0)\" srcset=\"https:\/\/www.salzburgerland.com\/de\/magazin\/wp-content\/uploads\/2023\/08\/rendering-doppelzimmer-bett-straubinger-bad-gasteincBWM-Archtects-Design-249x160.jpg 249w, https:\/\/www.salzburgerland.com\/de\/magazin\/wp-content\/uploads\/2023\/08\/rendering-doppelzimmer-bett-straubinger-bad-gasteincBWM-Archtects-Design-325x209.jpg 325w\"><\/source><img decoding=\"async\" alt=\"Modernes Gasteiner Schlafzimmer mit Doppelbett, wei&szlig;er Bettw&auml;sche, Sessel aus Samt und transparenten Vorh&auml;ngen, sanft beleuchtet.\" src=\"https:\/\/www.salzburgerland.com\/de\/magazin\/wp-content\/uploads\/2023\/08\/rendering-doppelzimmer-bett-straubinger-bad-gasteincBWM-Archtects-Design-scaled.jpg\">\t<\/picture><figcaption>&copy;BWM Designers &amp; Architects<\/figcaption><\/a><\/figure><\/div><div class=\"col-6 col-sm-4\"><figure><a class=\"thumb-container\" href=\"https:\/\/www.salzburgerland.com\/de\/magazin\/wp-content\/uploads\/2023\/08\/rendering-wellness-frau-spa-ruheraum-straubinger-bad-gasteincBWM-Archtects-Design-1280x1024.jpg\">\t<picture><source media=\"(min-width: 576px)\" srcset=\"https:\/\/www.salzburgerland.com\/de\/magazin\/wp-content\/uploads\/2023\/08\/rendering-wellness-frau-spa-ruheraum-straubinger-bad-gasteincBWM-Archtects-Design-325x209.jpg 325w, https:\/\/www.salzburgerland.com\/de\/magazin\/wp-content\/uploads\/2023\/08\/rendering-wellness-frau-spa-ruheraum-straubinger-bad-gasteincBWM-Archtects-Design-249x160.jpg 249w\"><\/source><source media=\"(min-width: 0)\" srcset=\"https:\/\/www.salzburgerland.com\/de\/magazin\/wp-content\/uploads\/2023\/08\/rendering-wellness-frau-spa-ruheraum-straubinger-bad-gasteincBWM-Archtects-Design-249x160.jpg 249w, https:\/\/www.salzburgerland.com\/de\/magazin\/wp-content\/uploads\/2023\/08\/rendering-wellness-frau-spa-ruheraum-straubinger-bad-gasteincBWM-Archtects-Design-325x209.jpg 325w\"><\/source><img decoding=\"async\" alt=\"Moderne Indoor-Lounge mit gestreiften Sitzm&ouml;beln, Pflanzen und einem von Gastein inspirierten Ausblick; eine Person entspannt sich auf einem Sofa.\" src=\"https:\/\/www.salzburgerland.com\/de\/magazin\/wp-content\/uploads\/2023\/08\/rendering-wellness-frau-spa-ruheraum-straubinger-bad-gasteincBWM-Archtects-Design-scaled.jpg\">\t<\/picture><figcaption>&copy;BWM Designers &amp; Architects<\/figcaption><\/a><\/figure><\/div><div class=\"col-6 col-sm-4\"><figure><a class=\"thumb-container\" href=\"https:\/\/www.salzburgerland.com\/de\/magazin\/wp-content\/uploads\/2023\/08\/paar-frau-mann-in-abendkleidung-kleid-anzug-smoking-auf-treppe-lobby-eingang-straubinger-bad-gastein-1280x1024.jpeg\">\t<picture><source media=\"(min-width: 576px)\" srcset=\"https:\/\/www.salzburgerland.com\/de\/magazin\/wp-content\/uploads\/2023\/08\/paar-frau-mann-in-abendkleidung-kleid-anzug-smoking-auf-treppe-lobby-eingang-straubinger-bad-gastein-325x209.jpeg 325w, https:\/\/www.salzburgerland.com\/de\/magazin\/wp-content\/uploads\/2023\/08\/paar-frau-mann-in-abendkleidung-kleid-anzug-smoking-auf-treppe-lobby-eingang-straubinger-bad-gastein-249x160.jpeg 249w\"><\/source><source media=\"(min-width: 0)\" srcset=\"https:\/\/www.salzburgerland.com\/de\/magazin\/wp-content\/uploads\/2023\/08\/paar-frau-mann-in-abendkleidung-kleid-anzug-smoking-auf-treppe-lobby-eingang-straubinger-bad-gastein-249x160.jpeg 249w, https:\/\/www.salzburgerland.com\/de\/magazin\/wp-content\/uploads\/2023\/08\/paar-frau-mann-in-abendkleidung-kleid-anzug-smoking-auf-treppe-lobby-eingang-straubinger-bad-gastein-325x209.jpeg 325w\"><\/source><img decoding=\"async\" alt=\"Eine Frau in einem schwarzen Kleid und ein Mann im Anzug steigen die alte Gasteiner Steintreppe am n&auml;chtlichen Fenster hinauf.\" src=\"https:\/\/www.salzburgerland.com\/de\/magazin\/wp-content\/uploads\/2023\/08\/paar-frau-mann-in-abendkleidung-kleid-anzug-smoking-auf-treppe-lobby-eingang-straubinger-bad-gastein-scaled.jpeg\">\t<\/picture><figcaption>&copy; Arne Nagel AMOA e.K<\/figcaption><\/a><\/figure><\/div><\/div><figcaption><\/figcaption><\/div>\n\n\n\n<h2 class=\"wp-block-heading\" id=\"h-das-badeschloss\">Das Badeschloss<\/h2>\n\n\n\n<p>&#8222;Dip a little deeper\u201c, so das Motto des Badeschlosses, das bereits 1791 erbaut wurde. Die gepflegte Badekultur prominenter Pers\u00f6nlichkeiten wird nun mit einer kosmopolitischen Weltanschauung und einer verspielten Leichtigkeit auf eine humorvolle und farbenfrohe Weise neu interpretiert. Ein \u00fcberaus lebendiger Ort, dessen besondere Atmosph\u00e4re direkt vom beruhigenden Rauschen des ikonischen Wasserfalls untermalt wird. Erlebbar wird diese Symbiose aus Natur und Lifestyle in einem der 102 Zimmer und Suiten.<\/p>\n\n\n<div class=\"mag-gallery\"><div class=\"row\"><div class=\"col-6 col-sm-4\"><figure><a class=\"thumb-container\" href=\"https:\/\/www.salzburgerland.com\/de\/magazin\/wp-content\/uploads\/2023\/08\/rendering-zimmer-bett-bergblick-sitzgruppe-moebel-badeschloss-neubau-bad-gasteincBWM-Architects-Design-1280x1024.jpg\">\t<picture><source media=\"(min-width: 576px)\" srcset=\"https:\/\/www.salzburgerland.com\/de\/magazin\/wp-content\/uploads\/2023\/08\/rendering-zimmer-bett-bergblick-sitzgruppe-moebel-badeschloss-neubau-bad-gasteincBWM-Architects-Design-325x209.jpg 325w, https:\/\/www.salzburgerland.com\/de\/magazin\/wp-content\/uploads\/2023\/08\/rendering-zimmer-bett-bergblick-sitzgruppe-moebel-badeschloss-neubau-bad-gasteincBWM-Architects-Design-249x160.jpg 249w\"><\/source><source media=\"(min-width: 0)\" srcset=\"https:\/\/www.salzburgerland.com\/de\/magazin\/wp-content\/uploads\/2023\/08\/rendering-zimmer-bett-bergblick-sitzgruppe-moebel-badeschloss-neubau-bad-gasteincBWM-Architects-Design-249x160.jpg 249w, https:\/\/www.salzburgerland.com\/de\/magazin\/wp-content\/uploads\/2023\/08\/rendering-zimmer-bett-bergblick-sitzgruppe-moebel-badeschloss-neubau-bad-gasteincBWM-Architects-Design-325x209.jpg 325w\"><\/source><img decoding=\"async\" alt=\"Modernes Gasteiner Hotelzimmer mit Bett, Sitzecke, gro&szlig;em Fenster und herrlichem Bergblick.\" src=\"https:\/\/www.salzburgerland.com\/de\/magazin\/wp-content\/uploads\/2023\/08\/rendering-zimmer-bett-bergblick-sitzgruppe-moebel-badeschloss-neubau-bad-gasteincBWM-Architects-Design.jpg\">\t<\/picture><figcaption>&copy;BWM Designers &amp; Architects<\/figcaption><\/a><\/figure><\/div><div class=\"col-6 col-sm-4\"><figure><a class=\"thumb-container\" href=\"https:\/\/www.salzburgerland.com\/de\/magazin\/wp-content\/uploads\/2023\/08\/rendering-lobby-rezeption-tisch-anreise-badeschloss-bad-gasteincBWM-Archtects-Design-1280x1024.jpg\">\t<picture><source media=\"(min-width: 576px)\" srcset=\"https:\/\/www.salzburgerland.com\/de\/magazin\/wp-content\/uploads\/2023\/08\/rendering-lobby-rezeption-tisch-anreise-badeschloss-bad-gasteincBWM-Archtects-Design-325x209.jpg 325w, https:\/\/www.salzburgerland.com\/de\/magazin\/wp-content\/uploads\/2023\/08\/rendering-lobby-rezeption-tisch-anreise-badeschloss-bad-gasteincBWM-Archtects-Design-249x160.jpg 249w\"><\/source><source media=\"(min-width: 0)\" srcset=\"https:\/\/www.salzburgerland.com\/de\/magazin\/wp-content\/uploads\/2023\/08\/rendering-lobby-rezeption-tisch-anreise-badeschloss-bad-gasteincBWM-Archtects-Design-249x160.jpg 249w, https:\/\/www.salzburgerland.com\/de\/magazin\/wp-content\/uploads\/2023\/08\/rendering-lobby-rezeption-tisch-anreise-badeschloss-bad-gasteincBWM-Archtects-Design-325x209.jpg 325w\"><\/source><img decoding=\"async\" alt=\"Moderne B&uuml;ro-Lounge mit von Gastein inspiriertem Dekor, Pflanzen, bunten M&ouml;beln und Menschen an einem gelben Tisch.\" src=\"https:\/\/www.salzburgerland.com\/de\/magazin\/wp-content\/uploads\/2023\/08\/rendering-lobby-rezeption-tisch-anreise-badeschloss-bad-gasteincBWM-Archtects-Design-scaled.jpg\">\t<\/picture><figcaption>&copy;BWM Designers &amp; Architects<\/figcaption><\/a><\/figure><\/div><div class=\"col-6 col-sm-4\"><figure><a class=\"thumb-container\" href=\"https:\/\/www.salzburgerland.com\/de\/magazin\/wp-content\/uploads\/2023\/08\/frau-in-badeanzug-sitzt-auf-sprungrett-seitlich-schwimmbecken-schwimmbad-pool-bademuetze-schnee-wasser-winter-bad-gastein-1280x1024.jpeg\">\t<picture><source media=\"(min-width: 576px)\" srcset=\"https:\/\/www.salzburgerland.com\/de\/magazin\/wp-content\/uploads\/2023\/08\/frau-in-badeanzug-sitzt-auf-sprungrett-seitlich-schwimmbecken-schwimmbad-pool-bademuetze-schnee-wasser-winter-bad-gastein-325x209.jpeg 325w, https:\/\/www.salzburgerland.com\/de\/magazin\/wp-content\/uploads\/2023\/08\/frau-in-badeanzug-sitzt-auf-sprungrett-seitlich-schwimmbecken-schwimmbad-pool-bademuetze-schnee-wasser-winter-bad-gastein-249x160.jpeg 249w\"><\/source><source media=\"(min-width: 0)\" srcset=\"https:\/\/www.salzburgerland.com\/de\/magazin\/wp-content\/uploads\/2023\/08\/frau-in-badeanzug-sitzt-auf-sprungrett-seitlich-schwimmbecken-schwimmbad-pool-bademuetze-schnee-wasser-winter-bad-gastein-249x160.jpeg 249w, https:\/\/www.salzburgerland.com\/de\/magazin\/wp-content\/uploads\/2023\/08\/frau-in-badeanzug-sitzt-auf-sprungrett-seitlich-schwimmbecken-schwimmbad-pool-bademuetze-schnee-wasser-winter-bad-gastein-325x209.jpeg 325w\"><\/source><img decoding=\"async\" alt=\"Frau im wei&szlig;en Badeanzug und mit Badekappe sitzt auf einem Gasteiner Sprungbrett &uuml;ber einem blauen Schwimmbecken.\" src=\"https:\/\/www.salzburgerland.com\/de\/magazin\/wp-content\/uploads\/2023\/08\/frau-in-badeanzug-sitzt-auf-sprungrett-seitlich-schwimmbecken-schwimmbad-pool-bademuetze-schnee-wasser-winter-bad-gastein-scaled.jpeg\">\t<\/picture><figcaption>&copy; Arne Nagel AMOA e.K<\/figcaption><\/a><\/figure><\/div><\/div><figcaption><\/figcaption><\/div>\n\n\n\n<p>Dabei wurde in dem, zwischen Wasserfall und Hang felsenartig dazu gebauten, 13-st\u00f6ckigen Turm eine einzigartige Idee umgesetzt, indem die Badewannen der Zimmer in die hinausragenden Fenster gestellt wurden. Hier kann man entspannen und sich mit einem atemberaubenden Panoramablick auf das Gasteinertal im Wasser treiben lassen. Das Spa befindet sich auf dem Dach des Turms und erstreckt sich \u00fcber die oberen drei Stockwerke. Dort gibt es einen Infinity-Pool und drei Saunen. Und selbst in den individuellen Zimmern im historischen Trakt stehen die Wannen und Duschen im Mittelpunkt des besonderen Designs. Einmal Badeschloss, immer Badeschloss.&nbsp;<\/p>\n\n\n\n<figure class=\"wp-block-embed is-type-video is-provider-youtube wp-block-embed-youtube wp-embed-aspect-16-9 wp-has-aspect-ratio\"><div class=\"wp-block-embed__wrapper\">\n<iframe loading=\"lazy\" title=\"BADESCHLOSS in Bad Gastein\" width=\"640\" height=\"360\" src=\"https:\/\/www.youtube-nocookie.com\/embed\/CyDpCG_nj6s?feature=oembed&#038;rel=0&#038;modestbranding=1\" frameborder=\"0\" allow=\"accelerometer; autoplay; clipboard-write; encrypted-media; gyroscope; picture-in-picture; web-share\" referrerpolicy=\"strict-origin-when-cross-origin\" allowfullscreen><\/iframe>\n<\/div><\/figure>\n","protected":false},"excerpt":{"rendered":"<p>Inmitten einer Region der Extreme, von tiefen T\u00e4lern bis zu Gipfeln mit \u00fcber 3.000 Metern H\u00f6he, bilden das im 19. Jahrhundert erbaute Straubinger und das Ende des 18. Jahrhunderts er\u00f6ffnete Badeschloss das Herzst\u00fcck und das Zentrum von Bad Gastein. Diese ehrw\u00fcrdigen Geb\u00e4ude haben zahlreiche Pers\u00f6nlichkeiten in ihrer Geschichte beherbergt und sogar Kaiser Franz Josef selbst [&hellip;]<\/p>\n","protected":false},"author":505,"featured_media":172641,"comment_status":"closed","ping_status":"closed","sticky":false,"template":"","format":"standard","meta":{"_acf_changed":false,"wl_entities_gutenberg":"","_wl_entity_redirect_enabled":"","footnotes":""},"categories":[9],"tags":[],"wl_entity_type":[306],"monatsauswahl":[],"class_list":["post-172634","post","type-post","status-publish","format-standard","has-post-thumbnail","hentry","category-sehenswurdig","wl_entity_type-article"],"acf":[],"yoast_head":"<!-- This site is optimized with the Yoast SEO Premium plugin v27.4 (Yoast SEO v27.4) - https:\/\/yoast.com\/product\/yoast-seo-premium-wordpress\/ -->\n<title>Straubinger und Badeschloss in Bad Gastein<\/title>\n<meta name=\"description\" content=\"Mit der Er\u00f6ffnung des Straubingers und des Badeschlosses erwachen zwei der traditionsreichsten Hotels Gasteins aus ihrem Winterschlaf.\" \/>\n<meta name=\"robots\" content=\"index, follow, max-snippet:-1, max-image-preview:large, max-video-preview:-1\" \/>\n<link rel=\"canonical\" href=\"https:\/\/www.salzburgerland.com\/de\/magazin\/renaissance-in-bad-gastein\/\" \/>\n<meta property=\"og:locale\" content=\"de_DE\" \/>\n<meta property=\"og:type\" content=\"article\" \/>\n<meta property=\"og:title\" content=\"Renaissance in Bad Gastein\" \/>\n<meta property=\"og:description\" content=\"Mit der Er\u00f6ffnung des Straubingers und des Badeschlosses erwachen zwei der traditionsreichsten Hotels Gasteins aus ihrem Winterschlaf.\" \/>\n<meta property=\"og:url\" content=\"https:\/\/www.salzburgerland.com\/de\/magazin\/renaissance-in-bad-gastein\/\" \/>\n<meta property=\"og:site_name\" content=\"SalzburgerLand Magazin\" \/>\n<meta property=\"article:publisher\" content=\"https:\/\/www.facebook.com\/salzburgerland\/\" \/>\n<meta property=\"article:published_time\" content=\"2023-08-11T05:00:00+00:00\" \/>\n<meta property=\"article:modified_time\" content=\"2025-02-10T05:20:30+00:00\" \/>\n<meta property=\"og:image\" content=\"https:\/\/www.salzburgerland.com\/de\/magazin\/wp-content\/uploads\/2023\/08\/frau-liegt-in-abendkleid-glitzer-pailetten-cocktail-glas-in-badewanne-badeschloss-bad-gastein-scaled.jpeg\" \/>\n\t<meta property=\"og:image:width\" content=\"2560\" \/>\n\t<meta property=\"og:image:height\" content=\"1707\" \/>\n\t<meta property=\"og:image:type\" content=\"image\/jpeg\" \/>\n<meta name=\"author\" content=\"Peter Zeitlhofer\" \/>\n<meta name=\"twitter:card\" content=\"summary_large_image\" \/>\n<meta name=\"twitter:creator\" content=\"@Salzburgerland\" \/>\n<meta name=\"twitter:site\" content=\"@Salzburgerland\" \/>\n<meta name=\"twitter:label1\" content=\"Verfasst von\" \/>\n\t<meta name=\"twitter:data1\" content=\"Peter Zeitlhofer\" \/>\n\t<meta name=\"twitter:label2\" content=\"Gesch\u00e4tzte Lesezeit\" \/>\n\t<meta name=\"twitter:data2\" content=\"5\u00a0Minuten\" \/>\n<script type=\"application\/ld+json\" class=\"yoast-schema-graph\">{\"@context\":\"https:\\\/\\\/schema.org\",\"@graph\":[{\"@type\":\"Article\",\"@id\":\"https:\\\/\\\/www.salzburgerland.com\\\/de\\\/magazin\\\/renaissance-in-bad-gastein\\\/#article\",\"isPartOf\":{\"@id\":\"https:\\\/\\\/www.salzburgerland.com\\\/de\\\/magazin\\\/renaissance-in-bad-gastein\\\/\"},\"author\":{\"name\":\"Peter Zeitlhofer\",\"@id\":\"https:\\\/\\\/www.salzburgerland.com\\\/de\\\/magazin\\\/#\\\/schema\\\/person\\\/ebd2c9f244aeea71e30f3b5d5e309de4\"},\"headline\":\"Renaissance in Bad Gastein\",\"datePublished\":\"2023-08-11T05:00:00+00:00\",\"dateModified\":\"2025-02-10T05:20:30+00:00\",\"mainEntityOfPage\":{\"@id\":\"https:\\\/\\\/www.salzburgerland.com\\\/de\\\/magazin\\\/renaissance-in-bad-gastein\\\/\"},\"wordCount\":534,\"publisher\":{\"@id\":\"https:\\\/\\\/www.salzburgerland.com\\\/de\\\/magazin\\\/#organization\"},\"image\":{\"@id\":\"https:\\\/\\\/www.salzburgerland.com\\\/de\\\/magazin\\\/renaissance-in-bad-gastein\\\/#primaryimage\"},\"thumbnailUrl\":\"https:\\\/\\\/www.salzburgerland.com\\\/de\\\/magazin\\\/wp-content\\\/uploads\\\/2023\\\/08\\\/frau-liegt-in-abendkleid-glitzer-pailetten-cocktail-glas-in-badewanne-badeschloss-bad-gastein-scaled.jpeg\",\"articleSection\":[\"Sehensw\u00fcrdig\"],\"inLanguage\":\"de\"},{\"@type\":\"WebPage\",\"@id\":\"https:\\\/\\\/www.salzburgerland.com\\\/de\\\/magazin\\\/renaissance-in-bad-gastein\\\/\",\"url\":\"https:\\\/\\\/www.salzburgerland.com\\\/de\\\/magazin\\\/renaissance-in-bad-gastein\\\/\",\"name\":\"Straubinger und Badeschloss in Bad Gastein\",\"isPartOf\":{\"@id\":\"https:\\\/\\\/www.salzburgerland.com\\\/de\\\/magazin\\\/#website\"},\"primaryImageOfPage\":{\"@id\":\"https:\\\/\\\/www.salzburgerland.com\\\/de\\\/magazin\\\/renaissance-in-bad-gastein\\\/#primaryimage\"},\"image\":{\"@id\":\"https:\\\/\\\/www.salzburgerland.com\\\/de\\\/magazin\\\/renaissance-in-bad-gastein\\\/#primaryimage\"},\"thumbnailUrl\":\"https:\\\/\\\/www.salzburgerland.com\\\/de\\\/magazin\\\/wp-content\\\/uploads\\\/2023\\\/08\\\/frau-liegt-in-abendkleid-glitzer-pailetten-cocktail-glas-in-badewanne-badeschloss-bad-gastein-scaled.jpeg\",\"datePublished\":\"2023-08-11T05:00:00+00:00\",\"dateModified\":\"2025-02-10T05:20:30+00:00\",\"description\":\"Mit der Er\u00f6ffnung des Straubingers und des Badeschlosses erwachen zwei der traditionsreichsten Hotels Gasteins aus ihrem Winterschlaf.\",\"breadcrumb\":{\"@id\":\"https:\\\/\\\/www.salzburgerland.com\\\/de\\\/magazin\\\/renaissance-in-bad-gastein\\\/#breadcrumb\"},\"inLanguage\":\"de\",\"potentialAction\":[{\"@type\":\"ReadAction\",\"target\":[\"https:\\\/\\\/www.salzburgerland.com\\\/de\\\/magazin\\\/renaissance-in-bad-gastein\\\/\"]}]},{\"@type\":\"ImageObject\",\"inLanguage\":\"de\",\"@id\":\"https:\\\/\\\/www.salzburgerland.com\\\/de\\\/magazin\\\/renaissance-in-bad-gastein\\\/#primaryimage\",\"url\":\"https:\\\/\\\/www.salzburgerland.com\\\/de\\\/magazin\\\/wp-content\\\/uploads\\\/2023\\\/08\\\/frau-liegt-in-abendkleid-glitzer-pailetten-cocktail-glas-in-badewanne-badeschloss-bad-gastein-scaled.jpeg\",\"contentUrl\":\"https:\\\/\\\/www.salzburgerland.com\\\/de\\\/magazin\\\/wp-content\\\/uploads\\\/2023\\\/08\\\/frau-liegt-in-abendkleid-glitzer-pailetten-cocktail-glas-in-badewanne-badeschloss-bad-gastein-scaled.jpeg\",\"width\":2560,\"height\":1707,\"caption\":\"\u00a9Arne Nagel AMOA e.K\"},{\"@type\":\"BreadcrumbList\",\"@id\":\"https:\\\/\\\/www.salzburgerland.com\\\/de\\\/magazin\\\/renaissance-in-bad-gastein\\\/#breadcrumb\",\"itemListElement\":[{\"@type\":\"ListItem\",\"position\":1,\"name\":\"Startseite\",\"item\":\"https:\\\/\\\/www.salzburgerland.com\\\/de\\\/magazin\\\/\"},{\"@type\":\"ListItem\",\"position\":2,\"name\":\"Sehensw\u00fcrdig\",\"item\":\"https:\\\/\\\/www.salzburgerland.com\\\/de\\\/magazin\\\/thema\\\/sehenswurdig\\\/\"},{\"@type\":\"ListItem\",\"position\":3,\"name\":\"Renaissance in Bad Gastein\"}]},{\"@type\":\"WebSite\",\"@id\":\"https:\\\/\\\/www.salzburgerland.com\\\/de\\\/magazin\\\/#website\",\"url\":\"https:\\\/\\\/www.salzburgerland.com\\\/de\\\/magazin\\\/\",\"name\":\"SalzburgerLand Magazin\",\"description\":\"Geschichten und Interessantes aus dem SalzburgerLand\",\"publisher\":{\"@id\":\"https:\\\/\\\/www.salzburgerland.com\\\/de\\\/magazin\\\/#organization\"},\"potentialAction\":[{\"@type\":\"SearchAction\",\"target\":{\"@type\":\"EntryPoint\",\"urlTemplate\":\"https:\\\/\\\/www.salzburgerland.com\\\/de\\\/magazin\\\/?s={search_term_string}\"},\"query-input\":{\"@type\":\"PropertyValueSpecification\",\"valueRequired\":true,\"valueName\":\"search_term_string\"}}],\"inLanguage\":\"de\"},{\"@type\":\"Organization\",\"@id\":\"https:\\\/\\\/www.salzburgerland.com\\\/de\\\/magazin\\\/#organization\",\"name\":\"SalzburgerLand Tourismus\",\"url\":\"https:\\\/\\\/www.salzburgerland.com\\\/de\\\/magazin\\\/\",\"logo\":{\"@type\":\"ImageObject\",\"inLanguage\":\"de\",\"@id\":\"https:\\\/\\\/www.salzburgerland.com\\\/de\\\/magazin\\\/#\\\/schema\\\/logo\\\/image\\\/\",\"url\":\"https:\\\/\\\/www.salzburgerland.com\\\/de\\\/magazin\\\/wp-content\\\/uploads\\\/2019\\\/06\\\/salzburgerland-logo1.jpg\",\"contentUrl\":\"https:\\\/\\\/www.salzburgerland.com\\\/de\\\/magazin\\\/wp-content\\\/uploads\\\/2019\\\/06\\\/salzburgerland-logo1.jpg\",\"width\":2011,\"height\":866,\"caption\":\"SalzburgerLand Tourismus\"},\"image\":{\"@id\":\"https:\\\/\\\/www.salzburgerland.com\\\/de\\\/magazin\\\/#\\\/schema\\\/logo\\\/image\\\/\"},\"sameAs\":[\"https:\\\/\\\/www.facebook.com\\\/salzburgerland\\\/\",\"https:\\\/\\\/x.com\\\/Salzburgerland\",\"https:\\\/\\\/www.instagram.com\\\/salzburgerland\\\/\",\"https:\\\/\\\/at.linkedin.com\\\/company\\\/salzburgerland-tourismus-gmbh\",\"https:\\\/\\\/www.pinterest.at\\\/salzburgerland\\\/\",\"https:\\\/\\\/www.youtube.com\\\/user\\\/salzburgerland\",\"https:\\\/\\\/de.wikipedia.org\\\/wiki\\\/SalzburgerLand_Tourismus_GmbH\"]},{\"@type\":\"Person\",\"@id\":\"https:\\\/\\\/www.salzburgerland.com\\\/de\\\/magazin\\\/#\\\/schema\\\/person\\\/ebd2c9f244aeea71e30f3b5d5e309de4\",\"name\":\"Peter Zeitlhofer\",\"description\":\"'Von Neugier getrieben' - diese Worte kommen Peter Zeitlhofer wohl schon ziemlich nahe. Egal ob am Segelboot, im Tiefschnee, unterwegs in Stadt und Land, oder auf einer seinen vielen Reisen - er ist immer auf der Suche nach Neuem, nach dem Besonderen, probiert so ziemlich alles aus und liebt es, dar\u00fcber zu reden und zu berichten. Womit man auch schon fast bei seiner zweiten Leidenschaft w\u00e4re - dem Schreiben. Immer und \u00fcberall ausgestattet\u00a0mit seinem Notebook, hat der Salzburger, mit Wurzeln am Attersee, sein Office\u00a0im wahrsten Sinne des Wortes unterm Arm und k\u00f6nnte sich nichts besseres vorstellen, als die Geschichten dort zu erz\u00e4hlen, wo sie passieren. Fr\u00fchling, Sommer, Herbst oder Winter? Als Mensch der Extreme, mag ich auch bei den Jahreszeiten den Sommer und den Winter am liebsten. Obwohl nat\u00fcrlich auch der Fr\u00fchling seine Reize hat. Aber der Herbst? Rindsroulade vom Pinzgauer Biorind oder Saibling fangfrisch aus dem Fuschlsee? Immer diese Entscheidungen! Kann ich auch beides haben? Mundharmonika oder Stradivari? Weder noch - als Gitarrist k\u00f6nnte ich mit beiden Instrumenten nichts anfangen. Lederhose oder Smoking? Eindeutig Lederhose, die bei mir mittlerweile sogar den Einzug in den sommerlichen Alltag gefunden hat. Und der LederhosnDonnerstag ist \u00a0ohnehin Pflicht. Alpinski, Offpist oder Skitour? Hauptsache rauf auf den Berg! Was dann tats\u00e4chlich auf dem Programm steht ist zweitrangig. Nur so viel: wenn der Schnee passt, dann h\u00e4lt mich nichts oder niemand auf der Piste. Bergtour oder Seentour? F\u00fcr mich gibt es im Sommer nichts Sch\u00f6neres, als mit dem Segelboot auf unseren herrlichen Seen unterwegs zu sein. Also wenn ich die Wahl habe, dann nehme ich im Sommer die Berge h\u00f6chstens als Kulisse. Haubenlokal oder Ab-Hof-Laden? Auch hier nehme ich von beidem ein bisschen. Aber bei der Oma schmeckt's dann doch am besten.\",\"url\":\"https:\\\/\\\/www.salzburgerland.com\\\/de\\\/magazin\\\/author\\\/peter-zeitlhofer\\\/\"}]}<\/script>\n<meta property=\"og:video\" content=\"https:\/\/www.youtube.com\/embed\/CyDpCG_nj6s\" \/>\n<meta property=\"og:video:type\" content=\"text\/html\" \/>\n<meta property=\"og:video:duration\" content=\"24\" \/>\n<meta property=\"og:video:width\" content=\"480\" \/>\n<meta property=\"og:video:height\" content=\"270\" \/>\n<meta property=\"ya:ovs:adult\" content=\"false\" \/>\n<meta property=\"ya:ovs:upload_date\" content=\"2023-08-11T05:00:00+00:00\" \/>\n<meta property=\"ya:ovs:allow_embed\" content=\"true\" \/>\n<!-- \/ Yoast SEO Premium plugin. -->","yoast_head_json":{"title":"Straubinger und Badeschloss in Bad Gastein","description":"Mit der Er\u00f6ffnung des Straubingers und des Badeschlosses erwachen zwei der traditionsreichsten Hotels Gasteins aus ihrem Winterschlaf.","robots":{"index":"index","follow":"follow","max-snippet":"max-snippet:-1","max-image-preview":"max-image-preview:large","max-video-preview":"max-video-preview:-1"},"canonical":"https:\/\/www.salzburgerland.com\/de\/magazin\/renaissance-in-bad-gastein\/","og_locale":"de_DE","og_type":"article","og_title":"Renaissance in Bad Gastein","og_description":"Mit der Er\u00f6ffnung des Straubingers und des Badeschlosses erwachen zwei der traditionsreichsten Hotels Gasteins aus ihrem Winterschlaf.","og_url":"https:\/\/www.salzburgerland.com\/de\/magazin\/renaissance-in-bad-gastein\/","og_site_name":"SalzburgerLand Magazin","article_publisher":"https:\/\/www.facebook.com\/salzburgerland\/","article_published_time":"2023-08-11T05:00:00+00:00","article_modified_time":"2025-02-10T05:20:30+00:00","og_image":[{"width":2560,"height":1707,"url":"https:\/\/www.salzburgerland.com\/de\/magazin\/wp-content\/uploads\/2023\/08\/frau-liegt-in-abendkleid-glitzer-pailetten-cocktail-glas-in-badewanne-badeschloss-bad-gastein-scaled.jpeg","type":"image\/jpeg"}],"author":"Peter Zeitlhofer","twitter_card":"summary_large_image","twitter_creator":"@Salzburgerland","twitter_site":"@Salzburgerland","twitter_misc":{"Verfasst von":"Peter Zeitlhofer","Gesch\u00e4tzte Lesezeit":"5\u00a0Minuten"},"schema":{"@context":"https:\/\/schema.org","@graph":[{"@type":"Article","@id":"https:\/\/www.salzburgerland.com\/de\/magazin\/renaissance-in-bad-gastein\/#article","isPartOf":{"@id":"https:\/\/www.salzburgerland.com\/de\/magazin\/renaissance-in-bad-gastein\/"},"author":{"name":"Peter Zeitlhofer","@id":"https:\/\/www.salzburgerland.com\/de\/magazin\/#\/schema\/person\/ebd2c9f244aeea71e30f3b5d5e309de4"},"headline":"Renaissance in Bad Gastein","datePublished":"2023-08-11T05:00:00+00:00","dateModified":"2025-02-10T05:20:30+00:00","mainEntityOfPage":{"@id":"https:\/\/www.salzburgerland.com\/de\/magazin\/renaissance-in-bad-gastein\/"},"wordCount":534,"publisher":{"@id":"https:\/\/www.salzburgerland.com\/de\/magazin\/#organization"},"image":{"@id":"https:\/\/www.salzburgerland.com\/de\/magazin\/renaissance-in-bad-gastein\/#primaryimage"},"thumbnailUrl":"https:\/\/www.salzburgerland.com\/de\/magazin\/wp-content\/uploads\/2023\/08\/frau-liegt-in-abendkleid-glitzer-pailetten-cocktail-glas-in-badewanne-badeschloss-bad-gastein-scaled.jpeg","articleSection":["Sehensw\u00fcrdig"],"inLanguage":"de"},{"@type":"WebPage","@id":"https:\/\/www.salzburgerland.com\/de\/magazin\/renaissance-in-bad-gastein\/","url":"https:\/\/www.salzburgerland.com\/de\/magazin\/renaissance-in-bad-gastein\/","name":"Straubinger und Badeschloss in Bad Gastein","isPartOf":{"@id":"https:\/\/www.salzburgerland.com\/de\/magazin\/#website"},"primaryImageOfPage":{"@id":"https:\/\/www.salzburgerland.com\/de\/magazin\/renaissance-in-bad-gastein\/#primaryimage"},"image":{"@id":"https:\/\/www.salzburgerland.com\/de\/magazin\/renaissance-in-bad-gastein\/#primaryimage"},"thumbnailUrl":"https:\/\/www.salzburgerland.com\/de\/magazin\/wp-content\/uploads\/2023\/08\/frau-liegt-in-abendkleid-glitzer-pailetten-cocktail-glas-in-badewanne-badeschloss-bad-gastein-scaled.jpeg","datePublished":"2023-08-11T05:00:00+00:00","dateModified":"2025-02-10T05:20:30+00:00","description":"Mit der Er\u00f6ffnung des Straubingers und des Badeschlosses erwachen zwei der traditionsreichsten Hotels Gasteins aus ihrem Winterschlaf.","breadcrumb":{"@id":"https:\/\/www.salzburgerland.com\/de\/magazin\/renaissance-in-bad-gastein\/#breadcrumb"},"inLanguage":"de","potentialAction":[{"@type":"ReadAction","target":["https:\/\/www.salzburgerland.com\/de\/magazin\/renaissance-in-bad-gastein\/"]}]},{"@type":"ImageObject","inLanguage":"de","@id":"https:\/\/www.salzburgerland.com\/de\/magazin\/renaissance-in-bad-gastein\/#primaryimage","url":"https:\/\/www.salzburgerland.com\/de\/magazin\/wp-content\/uploads\/2023\/08\/frau-liegt-in-abendkleid-glitzer-pailetten-cocktail-glas-in-badewanne-badeschloss-bad-gastein-scaled.jpeg","contentUrl":"https:\/\/www.salzburgerland.com\/de\/magazin\/wp-content\/uploads\/2023\/08\/frau-liegt-in-abendkleid-glitzer-pailetten-cocktail-glas-in-badewanne-badeschloss-bad-gastein-scaled.jpeg","width":2560,"height":1707,"caption":"\u00a9Arne Nagel AMOA e.K"},{"@type":"BreadcrumbList","@id":"https:\/\/www.salzburgerland.com\/de\/magazin\/renaissance-in-bad-gastein\/#breadcrumb","itemListElement":[{"@type":"ListItem","position":1,"name":"Startseite","item":"https:\/\/www.salzburgerland.com\/de\/magazin\/"},{"@type":"ListItem","position":2,"name":"Sehensw\u00fcrdig","item":"https:\/\/www.salzburgerland.com\/de\/magazin\/thema\/sehenswurdig\/"},{"@type":"ListItem","position":3,"name":"Renaissance in Bad Gastein"}]},{"@type":"WebSite","@id":"https:\/\/www.salzburgerland.com\/de\/magazin\/#website","url":"https:\/\/www.salzburgerland.com\/de\/magazin\/","name":"SalzburgerLand Magazin","description":"Geschichten und Interessantes aus dem SalzburgerLand","publisher":{"@id":"https:\/\/www.salzburgerland.com\/de\/magazin\/#organization"},"potentialAction":[{"@type":"SearchAction","target":{"@type":"EntryPoint","urlTemplate":"https:\/\/www.salzburgerland.com\/de\/magazin\/?s={search_term_string}"},"query-input":{"@type":"PropertyValueSpecification","valueRequired":true,"valueName":"search_term_string"}}],"inLanguage":"de"},{"@type":"Organization","@id":"https:\/\/www.salzburgerland.com\/de\/magazin\/#organization","name":"SalzburgerLand Tourismus","url":"https:\/\/www.salzburgerland.com\/de\/magazin\/","logo":{"@type":"ImageObject","inLanguage":"de","@id":"https:\/\/www.salzburgerland.com\/de\/magazin\/#\/schema\/logo\/image\/","url":"https:\/\/www.salzburgerland.com\/de\/magazin\/wp-content\/uploads\/2019\/06\/salzburgerland-logo1.jpg","contentUrl":"https:\/\/www.salzburgerland.com\/de\/magazin\/wp-content\/uploads\/2019\/06\/salzburgerland-logo1.jpg","width":2011,"height":866,"caption":"SalzburgerLand Tourismus"},"image":{"@id":"https:\/\/www.salzburgerland.com\/de\/magazin\/#\/schema\/logo\/image\/"},"sameAs":["https:\/\/www.facebook.com\/salzburgerland\/","https:\/\/x.com\/Salzburgerland","https:\/\/www.instagram.com\/salzburgerland\/","https:\/\/at.linkedin.com\/company\/salzburgerland-tourismus-gmbh","https:\/\/www.pinterest.at\/salzburgerland\/","https:\/\/www.youtube.com\/user\/salzburgerland","https:\/\/de.wikipedia.org\/wiki\/SalzburgerLand_Tourismus_GmbH"]},{"@type":"Person","@id":"https:\/\/www.salzburgerland.com\/de\/magazin\/#\/schema\/person\/ebd2c9f244aeea71e30f3b5d5e309de4","name":"Peter Zeitlhofer","description":"'Von Neugier getrieben' - diese Worte kommen Peter Zeitlhofer wohl schon ziemlich nahe. Egal ob am Segelboot, im Tiefschnee, unterwegs in Stadt und Land, oder auf einer seinen vielen Reisen - er ist immer auf der Suche nach Neuem, nach dem Besonderen, probiert so ziemlich alles aus und liebt es, dar\u00fcber zu reden und zu berichten. Womit man auch schon fast bei seiner zweiten Leidenschaft w\u00e4re - dem Schreiben. Immer und \u00fcberall ausgestattet\u00a0mit seinem Notebook, hat der Salzburger, mit Wurzeln am Attersee, sein Office\u00a0im wahrsten Sinne des Wortes unterm Arm und k\u00f6nnte sich nichts besseres vorstellen, als die Geschichten dort zu erz\u00e4hlen, wo sie passieren. Fr\u00fchling, Sommer, Herbst oder Winter? Als Mensch der Extreme, mag ich auch bei den Jahreszeiten den Sommer und den Winter am liebsten. Obwohl nat\u00fcrlich auch der Fr\u00fchling seine Reize hat. Aber der Herbst? Rindsroulade vom Pinzgauer Biorind oder Saibling fangfrisch aus dem Fuschlsee? Immer diese Entscheidungen! Kann ich auch beides haben? Mundharmonika oder Stradivari? Weder noch - als Gitarrist k\u00f6nnte ich mit beiden Instrumenten nichts anfangen. Lederhose oder Smoking? Eindeutig Lederhose, die bei mir mittlerweile sogar den Einzug in den sommerlichen Alltag gefunden hat. Und der LederhosnDonnerstag ist \u00a0ohnehin Pflicht. Alpinski, Offpist oder Skitour? Hauptsache rauf auf den Berg! Was dann tats\u00e4chlich auf dem Programm steht ist zweitrangig. Nur so viel: wenn der Schnee passt, dann h\u00e4lt mich nichts oder niemand auf der Piste. Bergtour oder Seentour? F\u00fcr mich gibt es im Sommer nichts Sch\u00f6neres, als mit dem Segelboot auf unseren herrlichen Seen unterwegs zu sein. Also wenn ich die Wahl habe, dann nehme ich im Sommer die Berge h\u00f6chstens als Kulisse. Haubenlokal oder Ab-Hof-Laden? Auch hier nehme ich von beidem ein bisschen. Aber bei der Oma schmeckt's dann doch am besten.","url":"https:\/\/www.salzburgerland.com\/de\/magazin\/author\/peter-zeitlhofer\/"}]},"og_video":"https:\/\/www.youtube.com\/embed\/CyDpCG_nj6s","og_video_type":"text\/html","og_video_duration":"24","og_video_width":"480","og_video_height":"270","ya_ovs_adult":"false","ya_ovs_upload_date":"2023-08-11T05:00:00+00:00","ya_ovs_allow_embed":"true"},"_wl_alt_label":[],"wl:entity_url":"http:\/\/open.salzburgerland.com\/magazin\/post\/renaissance-in-bad-gastein-172634","_links":{"self":[{"href":"https:\/\/www.salzburgerland.com\/de\/magazin\/wp-json\/wp\/v2\/posts\/172634","targetHints":{"allow":["GET"]}}],"collection":[{"href":"https:\/\/www.salzburgerland.com\/de\/magazin\/wp-json\/wp\/v2\/posts"}],"about":[{"href":"https:\/\/www.salzburgerland.com\/de\/magazin\/wp-json\/wp\/v2\/types\/post"}],"author":[{"embeddable":true,"href":"https:\/\/www.salzburgerland.com\/de\/magazin\/wp-json\/wp\/v2\/users\/505"}],"replies":[{"embeddable":true,"href":"https:\/\/www.salzburgerland.com\/de\/magazin\/wp-json\/wp\/v2\/comments?post=172634"}],"version-history":[{"count":7,"href":"https:\/\/www.salzburgerland.com\/de\/magazin\/wp-json\/wp\/v2\/posts\/172634\/revisions"}],"predecessor-version":[{"id":180989,"href":"https:\/\/www.salzburgerland.com\/de\/magazin\/wp-json\/wp\/v2\/posts\/172634\/revisions\/180989"}],"wp:featuredmedia":[{"embeddable":true,"href":"https:\/\/www.salzburgerland.com\/de\/magazin\/wp-json\/wp\/v2\/media\/172641"}],"wp:attachment":[{"href":"https:\/\/www.salzburgerland.com\/de\/magazin\/wp-json\/wp\/v2\/media?parent=172634"}],"wp:term":[{"taxonomy":"category","embeddable":true,"href":"https:\/\/www.salzburgerland.com\/de\/magazin\/wp-json\/wp\/v2\/categories?post=172634"},{"taxonomy":"post_tag","embeddable":true,"href":"https:\/\/www.salzburgerland.com\/de\/magazin\/wp-json\/wp\/v2\/tags?post=172634"},{"taxonomy":"wl_entity_type","embeddable":true,"href":"https:\/\/www.salzburgerland.com\/de\/magazin\/wp-json\/wp\/v2\/wl_entity_type?post=172634"},{"taxonomy":"monatsauswahl","embeddable":true,"href":"https:\/\/www.salzburgerland.com\/de\/magazin\/wp-json\/wp\/v2\/monatsauswahl?post=172634"}],"curies":[{"name":"wp","href":"https:\/\/api.w.org\/{rel}","templated":true}]}}