{"id":172627,"date":"2023-08-18T07:00:00","date_gmt":"2023-08-18T05:00:00","guid":{"rendered":"https:\/\/www.salzburgerland.com\/de\/magazin\/?p=172627"},"modified":"2023-09-15T07:38:27","modified_gmt":"2023-09-15T05:38:27","slug":"wolfgangseer-wanderdamen","status":"publish","type":"post","link":"https:\/\/www.salzburgerland.com\/de\/magazin\/wolfgangseer-wanderdamen\/","title":{"rendered":"Wolfgangseer Wanderdamen"},"content":{"rendered":"\n<div class=\"wp-block-slt-top topBlocks\">\n<h2 class=\"wp-block-slt-subtitle\">Gastgeberinnen mit Wanderherz vom Wolfgangsee<\/h2>\n\n\n\n<p class=\"wp-block-slt-intro\">Wenn man seinen Urlaub bei den Wolfgangseer Wanderdamen bucht, entdeckt man die sch\u00f6nsten Pl\u00e4tze rund um den Wolfgangsee und auch den ein oder anderen geheimen Lieblingsort der weiblichen Wanderfans.<\/p>\n<\/div>\n\n\n\n<h2 class=\"wp-block-heading\" id=\"h-wanderlust-am-wolfgangsee-schone-touren-mit-den-wolfgangseer-wanderdamen\">Wanderlust am Wolfgangsee: Sch\u00f6ne Touren mit den Wolfgangseer Wanderdamen<\/h2>\n\n\n\n<p>Eine gem\u00fctliche Bergtour in den aussichtsreichen Salzkammergut-Bergen, sch\u00f6ne Wanderungen \u00fcber die saftigen Almen zwischen Postalm und Osterhorngruppe oder ein gem\u00fctlicher Spaziergang am Ufer des Wolfgangsees. Mit den Wolfgangseer Wanderdamen entdeckst du die vielen kleinen Sch\u00e4tze zwischen St. Gilgen, Abersee, Strobl und St. Wolfgang.<\/p>\n\n\n\n<h2 class=\"wp-block-heading\" id=\"h-wer-sind-die-wolfgangseer-wanderdamen\">Wer sind die Wolfgangseer Wanderdamen?<\/h2>\n\n\n\n<p>Bei den Wolfgangseer Wanderdamen handelt es sich um eine ganz besondere Truppe. Gekleidet im bezaubernden Dirndlgwand oder sportlich im pinken Shirt, dazu einen schnittigen Hut mit pinker Krempe \u2013 fesch schauen sie aus, die 9 Wanderdamen vom Wolfgangsee! Die Wolfgangseer Wanderdamen gibt es seit 2013. Die Wanderdamen haben drei Sachen gemeinsam: sie alle sind Gastgeberinnen am Wolfgangsee, teilen ihre Leidenschaft f\u00fcr das Wandern und sie kennen die Wolfgangseeregion wie ihre Westentasche.<\/p>\n\n\n\n<ul class=\"wp-block-list\">\n<li><a href=\"https:\/\/www.wanderdamen.at\/wanderdamen-unterkuenfte-am-wolfgangsee-hotel-doppelzimmer-ferienhaus-ferienwohnungen\/\">Jede Wanderdame f\u00fchrt einen Gastronomiebetrieb in der Region.<\/a><\/li>\n\n\n\n<li><a href=\"https:\/\/www.wanderdamen.at\/kleinode-und-wander-tipps-am-wolfgangsee-im-salzkammergut\/\">Sch\u00f6ne Wanderziele rund um den Wolfgangsee<\/a><\/li>\n<\/ul>\n\n\n\n<figure class=\"wp-block-image size-full\"><img loading=\"lazy\" decoding=\"async\" width=\"2000\" height=\"1333\" src=\"https:\/\/www.salzburgerland.com\/de\/magazin\/wp-content\/uploads\/2023\/08\/wolfgangseer-wanderdamen-3.jpg\" alt=\"Wolfgangseer Wanderdamen\" class=\"wp-image-172696\" srcset=\"https:\/\/www.salzburgerland.com\/de\/magazin\/wp-content\/uploads\/2023\/08\/wolfgangseer-wanderdamen-3.jpg 2000w, https:\/\/www.salzburgerland.com\/de\/magazin\/wp-content\/uploads\/2023\/08\/wolfgangseer-wanderdamen-3-300x200.jpg 300w, https:\/\/www.salzburgerland.com\/de\/magazin\/wp-content\/uploads\/2023\/08\/wolfgangseer-wanderdamen-3-1536x1024.jpg 1536w, https:\/\/www.salzburgerland.com\/de\/magazin\/wp-content\/uploads\/2023\/08\/wolfgangseer-wanderdamen-3-825x550.jpg 825w, https:\/\/www.salzburgerland.com\/de\/magazin\/wp-content\/uploads\/2023\/08\/wolfgangseer-wanderdamen-3-600x400.jpg 600w, https:\/\/www.salzburgerland.com\/de\/magazin\/wp-content\/uploads\/2023\/08\/wolfgangseer-wanderdamen-3-1320x880.jpg 1320w, https:\/\/www.salzburgerland.com\/de\/magazin\/wp-content\/uploads\/2023\/08\/wolfgangseer-wanderdamen-3-150x100.jpg 150w\" sizes=\"auto, (max-width: 2000px) 100vw, 2000px\" \/><figcaption class=\"wp-element-caption\">Flei\u00dfige Wanderf\u00fc\u00dfe k\u00fchlen \u00a9 Wolfgangseer Wanderdamen<\/figcaption><\/figure>\n\n\n\n<figure class=\"wp-block-image size-full\"><img loading=\"lazy\" decoding=\"async\" width=\"2000\" height=\"1249\" src=\"https:\/\/www.salzburgerland.com\/de\/magazin\/wp-content\/uploads\/2023\/08\/wolfgangseer-wanderdamen-4.jpg\" alt=\"Wolfgangseer Wanderdamen\" class=\"wp-image-172693\" srcset=\"https:\/\/www.salzburgerland.com\/de\/magazin\/wp-content\/uploads\/2023\/08\/wolfgangseer-wanderdamen-4.jpg 2000w, https:\/\/www.salzburgerland.com\/de\/magazin\/wp-content\/uploads\/2023\/08\/wolfgangseer-wanderdamen-4-300x187.jpg 300w, https:\/\/www.salzburgerland.com\/de\/magazin\/wp-content\/uploads\/2023\/08\/wolfgangseer-wanderdamen-4-1536x959.jpg 1536w, https:\/\/www.salzburgerland.com\/de\/magazin\/wp-content\/uploads\/2023\/08\/wolfgangseer-wanderdamen-4-881x550.jpg 881w, https:\/\/www.salzburgerland.com\/de\/magazin\/wp-content\/uploads\/2023\/08\/wolfgangseer-wanderdamen-4-641x400.jpg 641w, https:\/\/www.salzburgerland.com\/de\/magazin\/wp-content\/uploads\/2023\/08\/wolfgangseer-wanderdamen-4-1320x824.jpg 1320w, https:\/\/www.salzburgerland.com\/de\/magazin\/wp-content\/uploads\/2023\/08\/wolfgangseer-wanderdamen-4-150x94.jpg 150w\" sizes=\"auto, (max-width: 2000px) 100vw, 2000px\" \/><figcaption class=\"wp-element-caption\">Fesch beinand im Dirndlgwand \u00a9 Wolfgangseer Wanderdamen<\/figcaption><\/figure>\n\n\n\n<h2 class=\"wp-block-heading\" id=\"h-exklusives-angebot-der-wolfgangseer-wanderdamen-buchen\">Exklusives Angebot der Wolfgangseer Wanderdamen buchen<\/h2>\n\n\n\n<p>Das Angebot der Wolfgangseer Wanderdamen richtet sich exklusiv an Urlauber, die ihren Urlaub am Wolfgangsee in einem der Betriebe der 9 Wolfgangseer Wanderdamen buchen. Das Spektrum der Beherbergungsbetriebe reicht von der Fr\u00fchst\u00fcckspension \u00fcber Ferienwohnungen bis hin zum 4-Sterne-Hotel. Jede Unterkunft bietet ein Wander-Package mit \u00dcbernachtung und mindestens Fr\u00fchst\u00fcck f\u00fcr 3, 4 oder 7 N\u00e4chte an. Je nach Aufenthaltsdauer kann man an bis zu drei Wanderungen teilnehmen.<\/p>\n\n\n\n<p>Das Angebot richtet sich an alle Altersgruppen: Frauen, M\u00e4nner, Familien mit Kindern \u2013 alle sind herzlich willkommen, die einen Wanderurlaub am Wolfgangsee erleben m\u00f6chten. <\/p>\n\n\n\n<p>Hier werden alle H\u00e4user der Wanderdamen Betriebe angef\u00fchrt, mit Klick auf das Haus, kommt man zum entsprechenden buchbaren Angebot. Hotelg\u00e4ste der Betriebe k\u00f6nnen f\u00fcr einen Aufpreis von 20,00 EUR pro Person (Wanderung inkl. Jause und Getr\u00e4nk) ebenfalls an den Wanderungen teilnehmen.<\/p>\n\n\n\n<ul class=\"wp-block-list\">\n<li><a href=\"https:\/\/www.wanderdamen.at\/wanderdamen-unterkuenfte-am-wolfgangsee-hotel-doppelzimmer-ferienhaus-ferienwohnungen\/\" target=\"_blank\" rel=\"noreferrer noopener\">Angebot der 9 Wanderdamen Betriebe buchen<\/a><\/li>\n<\/ul>\n\n\n\n<h2 class=\"wp-block-heading\" id=\"h-gemeinsam-gemutlich-wandern\">Gemeinsam gem\u00fctlich wandern!<\/h2>\n\n\n\n<p>Man trifft sich gemeinsam zu den vereinbarten Terminen und wandert in kleinen Gruppen in Begleitung einer Wanderdame zu einem ausgew\u00e4hlten  Ziel rund um den Wolfgangsee. Bei besonders gro\u00dfen Gruppen begleiten zwei Wanderdamen die Runde. Bei den einfachen Wanderungen sind nur wenige Steigungen zu bew\u00e4ltigen, daf\u00fcr k\u00f6nnen dabei aber sch\u00f6ne Ausblicke und spannende Pl\u00e4tze entdeckt werden.<\/p>\n\n\n\n<p>Jede Wanderung endet mit einer Einkehr in einer gem\u00fctlichen Gastst\u00e4tte, wo sich die Wandergruppe auf regionale Schmankerln freuen darf.<\/p>\n\n\n\n<figure class=\"wp-block-image size-full\"><img loading=\"lazy\" decoding=\"async\" width=\"2000\" height=\"1333\" src=\"https:\/\/www.salzburgerland.com\/de\/magazin\/wp-content\/uploads\/2023\/08\/wolfgangseer-wanderdamen-2.jpg\" alt=\"Wolfgangseer Wanderdamen\" class=\"wp-image-172695\" srcset=\"https:\/\/www.salzburgerland.com\/de\/magazin\/wp-content\/uploads\/2023\/08\/wolfgangseer-wanderdamen-2.jpg 2000w, https:\/\/www.salzburgerland.com\/de\/magazin\/wp-content\/uploads\/2023\/08\/wolfgangseer-wanderdamen-2-300x200.jpg 300w, https:\/\/www.salzburgerland.com\/de\/magazin\/wp-content\/uploads\/2023\/08\/wolfgangseer-wanderdamen-2-1536x1024.jpg 1536w, https:\/\/www.salzburgerland.com\/de\/magazin\/wp-content\/uploads\/2023\/08\/wolfgangseer-wanderdamen-2-825x550.jpg 825w, https:\/\/www.salzburgerland.com\/de\/magazin\/wp-content\/uploads\/2023\/08\/wolfgangseer-wanderdamen-2-600x400.jpg 600w, https:\/\/www.salzburgerland.com\/de\/magazin\/wp-content\/uploads\/2023\/08\/wolfgangseer-wanderdamen-2-1320x880.jpg 1320w, https:\/\/www.salzburgerland.com\/de\/magazin\/wp-content\/uploads\/2023\/08\/wolfgangseer-wanderdamen-2-150x100.jpg 150w\" sizes=\"auto, (max-width: 2000px) 100vw, 2000px\" \/><figcaption class=\"wp-element-caption\">Gem\u00fctliche Einkehr \u00a9 Wolfgangseer Wanderdamen<\/figcaption><\/figure>\n\n\n\n<h2 class=\"wp-block-heading\" id=\"h-montags-mittwochs-und-freitags-sind-die-wolfgangseer-wanderdamen-unterwegs\">Montags, Mittwochs und Freitags sind die Wolfgangseer Wanderdamen unterwegs<\/h2>\n\n\n\n<p>Die Wanderungen finden jeweils am Montag, Mittwoch und Freitag statt. Am Montag wird in St. Gilgen gestartet, am Mittwoch geht&#8217;s von Strobl aus los und am Freitag winkt ein Wanderziel, das von St. Wolfgang aus erreichbar ist. Die Wanderungen finden bei jeder Witterung statt, sofern die G\u00e4ste Lust darauf haben. Es gib ja kein schlechtes Wetter, sondern nur eine schlechte Ausr\u00fcstung!<\/p>\n\n\n\n<h2 class=\"wp-block-heading\" id=\"h-wanderherbst-am-wolfgangsee\">Wanderherbst am Wolfgangsee<\/h2>\n\n\n\n<p>Der Wolfgangsee ist das ganze Jahr \u00fcber eine reizvolle Region zum Wandern. Dennoch ist der Sp\u00e4tsommer die Zeit, wo man am Berg das sch\u00f6nste Licht erlebt. Wenn sich der Sommer langsam dem Herbst n\u00e4hert, wird die Region um den Wolfgangsee in besonders warmes Licht getaucht. Das ist der perfekte Zeitpunkt f\u00fcr einen sch\u00f6nen Wandertag mit den Wolfgangseer Wanderdamen. Die Termine f\u00fcr den Herbst 2023 stehen fest.<\/p>\n\n\n\n<h2 class=\"wp-block-heading\" id=\"h-ein-guter-tropfen-fur-fleissige-wanderer\">Ein guter Tropfen f\u00fcr flei\u00dfige Wanderer!<\/h2>\n\n\n\n<p>Es gibt mittlerweile sogar einen eigenen Wein f\u00fcr die wandernde Damentruppe. Ein w\u00fcrziger, fruchtiger Muskateller vom Weingut Wruss aus Gamlitz in der S\u00fcdsteiermark konnte die Damenrunde \u00fcberzeugen. Die Wolfgangseer Wanderdamen freuen sich auf ihre G\u00e4ste, mit denen sie gerne nach der Wanderung in der Wolfgangseeregion mit diesem guten Tropfen ansto\u00dfen!<\/p>\n\n\n\n<figure class=\"wp-block-image size-full\"><img loading=\"lazy\" decoding=\"async\" width=\"2000\" height=\"1333\" src=\"https:\/\/www.salzburgerland.com\/de\/magazin\/wp-content\/uploads\/2023\/08\/wolfgangseer-wanderdamen-7.jpg\" alt=\"Wolfgangseer Wanderdamen\" class=\"wp-image-172698\" srcset=\"https:\/\/www.salzburgerland.com\/de\/magazin\/wp-content\/uploads\/2023\/08\/wolfgangseer-wanderdamen-7.jpg 2000w, https:\/\/www.salzburgerland.com\/de\/magazin\/wp-content\/uploads\/2023\/08\/wolfgangseer-wanderdamen-7-300x200.jpg 300w, https:\/\/www.salzburgerland.com\/de\/magazin\/wp-content\/uploads\/2023\/08\/wolfgangseer-wanderdamen-7-1536x1024.jpg 1536w, https:\/\/www.salzburgerland.com\/de\/magazin\/wp-content\/uploads\/2023\/08\/wolfgangseer-wanderdamen-7-825x550.jpg 825w, https:\/\/www.salzburgerland.com\/de\/magazin\/wp-content\/uploads\/2023\/08\/wolfgangseer-wanderdamen-7-600x400.jpg 600w, https:\/\/www.salzburgerland.com\/de\/magazin\/wp-content\/uploads\/2023\/08\/wolfgangseer-wanderdamen-7-1320x880.jpg 1320w, https:\/\/www.salzburgerland.com\/de\/magazin\/wp-content\/uploads\/2023\/08\/wolfgangseer-wanderdamen-7-150x100.jpg 150w\" sizes=\"auto, (max-width: 2000px) 100vw, 2000px\" \/><figcaption class=\"wp-element-caption\">Auf die Gesundheit \u00a9 Wolfgangseer Wanderdamen<\/figcaption><\/figure>\n\n\n<div class=\"mag-gallery\"><div class=\"row\"><div class=\"col-6 col-sm-4\"><figure><a class=\"thumb-container\" href=\"https:\/\/www.salzburgerland.com\/de\/magazin\/wp-content\/uploads\/2023\/08\/wolfgangseer-wanderdamen-8-1280x1024.jpg\">\t<picture><source media=\"(min-width: 576px)\" srcset=\"https:\/\/www.salzburgerland.com\/de\/magazin\/wp-content\/uploads\/2023\/08\/wolfgangseer-wanderdamen-8-325x209.jpg 325w, https:\/\/www.salzburgerland.com\/de\/magazin\/wp-content\/uploads\/2023\/08\/wolfgangseer-wanderdamen-8-249x160.jpg 249w\"><\/source><source media=\"(min-width: 0)\" srcset=\"https:\/\/www.salzburgerland.com\/de\/magazin\/wp-content\/uploads\/2023\/08\/wolfgangseer-wanderdamen-8-249x160.jpg 249w, https:\/\/www.salzburgerland.com\/de\/magazin\/wp-content\/uploads\/2023\/08\/wolfgangseer-wanderdamen-8-325x209.jpg 325w\"><\/source><img decoding=\"async\" alt=\"Wolfgangseer Wanderdamen\" src=\"https:\/\/www.salzburgerland.com\/de\/magazin\/wp-content\/uploads\/2023\/08\/wolfgangseer-wanderdamen-8.jpg\">\t<\/picture><figcaption>&copy; Wolfgangseer Wanderdamen <\/figcaption><\/a><\/figure><\/div><div class=\"col-6 col-sm-4\"><figure><a class=\"thumb-container\" href=\"https:\/\/www.salzburgerland.com\/de\/magazin\/wp-content\/uploads\/2023\/08\/wolfgangseer-wanderdamen-6-1280x1024.jpg\">\t<picture><source media=\"(min-width: 576px)\" srcset=\"https:\/\/www.salzburgerland.com\/de\/magazin\/wp-content\/uploads\/2023\/08\/wolfgangseer-wanderdamen-6-325x209.jpg 325w, https:\/\/www.salzburgerland.com\/de\/magazin\/wp-content\/uploads\/2023\/08\/wolfgangseer-wanderdamen-6-249x160.jpg 249w\"><\/source><source media=\"(min-width: 0)\" srcset=\"https:\/\/www.salzburgerland.com\/de\/magazin\/wp-content\/uploads\/2023\/08\/wolfgangseer-wanderdamen-6-249x160.jpg 249w, https:\/\/www.salzburgerland.com\/de\/magazin\/wp-content\/uploads\/2023\/08\/wolfgangseer-wanderdamen-6-325x209.jpg 325w\"><\/source><img decoding=\"async\" alt=\"Wolfgangseer Wanderdamen\" src=\"https:\/\/www.salzburgerland.com\/de\/magazin\/wp-content\/uploads\/2023\/08\/wolfgangseer-wanderdamen-6.jpg\">\t<\/picture><figcaption>&copy; Wolfgangseer Wanderdamen <\/figcaption><\/a><\/figure><\/div><div class=\"col-6 col-sm-4\"><figure><a class=\"thumb-container\" href=\"https:\/\/www.salzburgerland.com\/de\/magazin\/wp-content\/uploads\/2023\/08\/wolfgangseer-wanderdamen-1-1280x1024.jpg\">\t<picture><source media=\"(min-width: 576px)\" srcset=\"https:\/\/www.salzburgerland.com\/de\/magazin\/wp-content\/uploads\/2023\/08\/wolfgangseer-wanderdamen-1-325x209.jpg 325w, https:\/\/www.salzburgerland.com\/de\/magazin\/wp-content\/uploads\/2023\/08\/wolfgangseer-wanderdamen-1-249x160.jpg 249w\"><\/source><source media=\"(min-width: 0)\" srcset=\"https:\/\/www.salzburgerland.com\/de\/magazin\/wp-content\/uploads\/2023\/08\/wolfgangseer-wanderdamen-1-249x160.jpg 249w, https:\/\/www.salzburgerland.com\/de\/magazin\/wp-content\/uploads\/2023\/08\/wolfgangseer-wanderdamen-1-325x209.jpg 325w\"><\/source><img decoding=\"async\" alt=\"Wolfgangseer Wanderdamen\" src=\"https:\/\/www.salzburgerland.com\/de\/magazin\/wp-content\/uploads\/2023\/08\/wolfgangseer-wanderdamen-1.jpg\">\t<\/picture><figcaption>&copy; Wolfgangseer Wanderdamen <\/figcaption><\/a><\/figure><\/div><\/div><figcaption><\/figcaption><\/div>\n\n\n\n<h2 class=\"wp-block-heading\" id=\"h-gastgeberinnen-mit-wanderlust-authentische-wandererlebnisse-mit-den-wolfgangseer-wanderdamen\">Gastgeberinnen mit Wanderlust: Authentische Wandererlebnisse mit den Wolfgangseer Wanderdamen<\/h2>\n\n\n\n<p>W\u00e4hrend einem Urlaub am Wolfgangsee geh\u00f6rt eine sch\u00f6ne Wanderung einfach dazu. Die Gemeinden rund um den Wolfgangsee und die sch\u00f6nen Salzkammergut-Berge bieten daf\u00fcr die beste Kulisse. Denn Schafberg, Zw\u00f6lferhorn, Postalm &amp; Co lassen jedes Wanderherz h\u00f6her schlagen. Lust auf einen Wanderurlaub am Wolfgangsee bekommen? In den Betrieben der Wolfgangseer Wanderdamen kann man seinen kompletten <a href=\"https:\/\/www.wanderdamen.at\/\" target=\"_blank\" rel=\"noreferrer noopener\">Wanderurlaub buchen<\/a> und so die Region aus erster Hand entdecken.<\/p>\n\n\n\n<figure class=\"wp-block-image size-full\"><img loading=\"lazy\" decoding=\"async\" width=\"2000\" height=\"1124\" src=\"https:\/\/www.salzburgerland.com\/de\/magazin\/wp-content\/uploads\/2023\/08\/wolfgangseer-wanderdamen-5.jpg\" alt=\"Wolfgangseer Wanderdamen\" class=\"wp-image-172699\" srcset=\"https:\/\/www.salzburgerland.com\/de\/magazin\/wp-content\/uploads\/2023\/08\/wolfgangseer-wanderdamen-5.jpg 2000w, https:\/\/www.salzburgerland.com\/de\/magazin\/wp-content\/uploads\/2023\/08\/wolfgangseer-wanderdamen-5-300x169.jpg 300w, https:\/\/www.salzburgerland.com\/de\/magazin\/wp-content\/uploads\/2023\/08\/wolfgangseer-wanderdamen-5-1536x863.jpg 1536w, https:\/\/www.salzburgerland.com\/de\/magazin\/wp-content\/uploads\/2023\/08\/wolfgangseer-wanderdamen-5-979x550.jpg 979w, https:\/\/www.salzburgerland.com\/de\/magazin\/wp-content\/uploads\/2023\/08\/wolfgangseer-wanderdamen-5-712x400.jpg 712w, https:\/\/www.salzburgerland.com\/de\/magazin\/wp-content\/uploads\/2023\/08\/wolfgangseer-wanderdamen-5-560x316.jpg 560w, https:\/\/www.salzburgerland.com\/de\/magazin\/wp-content\/uploads\/2023\/08\/wolfgangseer-wanderdamen-5-250x140.jpg 250w, https:\/\/www.salzburgerland.com\/de\/magazin\/wp-content\/uploads\/2023\/08\/wolfgangseer-wanderdamen-5-1320x742.jpg 1320w, https:\/\/www.salzburgerland.com\/de\/magazin\/wp-content\/uploads\/2023\/08\/wolfgangseer-wanderdamen-5-1200x675.jpg 1200w, https:\/\/www.salzburgerland.com\/de\/magazin\/wp-content\/uploads\/2023\/08\/wolfgangseer-wanderdamen-5-150x84.jpg 150w\" sizes=\"auto, (max-width: 2000px) 100vw, 2000px\" \/><figcaption class=\"wp-element-caption\">Juchee \u00a9 Wolfgangseer Wanderdamen <\/figcaption><\/figure>\n\n\n\n<p><strong>Wolfgangseer Wanderdamen<\/strong><br>E-Mail: info@wanderdamen.at<br>www.wanderdamen.at<\/p>\n\n\n\n<hr class=\"wp-block-separator has-alpha-channel-opacity\"\/>\n\n\n\n<p><em>Fotocredits: \u00a9 <a href=\"https:\/\/www.wanderdamen.at\/impressum\/\" target=\"_blank\" rel=\"noreferrer noopener\">Wolfgangseer Wanderdamen<\/a> <\/em><\/p>\n\n\n","protected":false},"excerpt":{"rendered":"<p>Wanderlust am Wolfgangsee: Sch\u00f6ne Touren mit den Wolfgangseer Wanderdamen Eine gem\u00fctliche Bergtour in den aussichtsreichen Salzkammergut-Bergen, sch\u00f6ne Wanderungen \u00fcber die saftigen Almen zwischen Postalm und Osterhorngruppe oder ein gem\u00fctlicher Spaziergang am Ufer des Wolfgangsees. Mit den Wolfgangseer Wanderdamen entdeckst du die vielen kleinen Sch\u00e4tze zwischen St. Gilgen, Abersee, Strobl und St. Wolfgang. Wer sind die [&hellip;]<\/p>\n","protected":false},"author":565,"featured_media":172699,"comment_status":"closed","ping_status":"closed","sticky":false,"template":"","format":"standard","meta":{"_acf_changed":false,"wl_entities_gutenberg":"","_wl_entity_redirect_enabled":"","footnotes":""},"categories":[8],"tags":[4175,2535,4176,4177,4420,139,2533],"wl_entity_type":[306],"monatsauswahl":[86,87,88,89,90,91,92],"class_list":["post-172627","post","type-post","status-publish","format-standard","has-post-thumbnail","hentry","category-outdoor-sport","tag-hotel-am-wolfgangsee","tag-salzkammergut","tag-urlaub-am-wolfgangsee","tag-urlaub-im-salzkammergut","tag-wanderhotel","tag-wandern","tag-wolfgangsee","wl_entity_type-article","monatsauswahl-monat_5","monatsauswahl-monat_6","monatsauswahl-monat_7","monatsauswahl-monat_8","monatsauswahl-monat_9","monatsauswahl-monat_10","monatsauswahl-monat_11"],"acf":[],"yoast_head":"<!-- This site is optimized with the Yoast SEO Premium plugin v27.4 (Yoast SEO v27.4) - https:\/\/yoast.com\/product\/yoast-seo-premium-wordpress\/ -->\n<title>Wolfgangseer Wanderdamen - SalzburgerLand Magazin<\/title>\n<meta name=\"description\" content=\"Die Wolfgangseer Wanderdamen sind Gastgeberinnen mit Wanderlust. Authentische Wandererlebnisse in der Gruppe\" \/>\n<meta name=\"robots\" content=\"index, follow, max-snippet:-1, max-image-preview:large, max-video-preview:-1\" \/>\n<link rel=\"canonical\" href=\"https:\/\/www.salzburgerland.com\/de\/magazin\/wolfgangseer-wanderdamen\/\" \/>\n<meta property=\"og:locale\" content=\"de_DE\" \/>\n<meta property=\"og:type\" content=\"article\" \/>\n<meta property=\"og:title\" content=\"Wolfgangseer Wanderdamen\" \/>\n<meta property=\"og:description\" content=\"Die Wolfgangseer Wanderdamen sind Gastgeberinnen mit Wanderlust. Authentische Wandererlebnisse in der Gruppe\" \/>\n<meta property=\"og:url\" content=\"https:\/\/www.salzburgerland.com\/de\/magazin\/wolfgangseer-wanderdamen\/\" \/>\n<meta property=\"og:site_name\" content=\"SalzburgerLand Magazin\" \/>\n<meta property=\"article:publisher\" content=\"https:\/\/www.facebook.com\/salzburgerland\/\" \/>\n<meta property=\"article:author\" content=\"https:\/\/www.facebook.com\/urlaubsgeschichten\/\" \/>\n<meta property=\"article:published_time\" content=\"2023-08-18T05:00:00+00:00\" \/>\n<meta property=\"article:modified_time\" content=\"2023-09-15T05:38:27+00:00\" \/>\n<meta property=\"og:image\" content=\"https:\/\/www.salzburgerland.com\/de\/magazin\/wp-content\/uploads\/2023\/08\/wolfgangseer-wanderdamen-5.jpg\" \/>\n\t<meta property=\"og:image:width\" content=\"2000\" \/>\n\t<meta property=\"og:image:height\" content=\"1124\" \/>\n\t<meta property=\"og:image:type\" content=\"image\/jpeg\" \/>\n<meta name=\"author\" content=\"Melanie Deisl\" \/>\n<meta name=\"twitter:card\" content=\"summary_large_image\" \/>\n<meta name=\"twitter:creator\" content=\"@Salzburgerland\" \/>\n<meta name=\"twitter:site\" content=\"@Salzburgerland\" \/>\n<meta name=\"twitter:label1\" content=\"Verfasst von\" \/>\n\t<meta name=\"twitter:data1\" content=\"Melanie Deisl\" \/>\n\t<meta name=\"twitter:label2\" content=\"Gesch\u00e4tzte Lesezeit\" \/>\n\t<meta name=\"twitter:data2\" content=\"6\u00a0Minuten\" \/>\n<script type=\"application\/ld+json\" class=\"yoast-schema-graph\">{\"@context\":\"https:\\\/\\\/schema.org\",\"@graph\":[{\"@type\":\"Article\",\"@id\":\"https:\\\/\\\/www.salzburgerland.com\\\/de\\\/magazin\\\/wolfgangseer-wanderdamen\\\/#article\",\"isPartOf\":{\"@id\":\"https:\\\/\\\/www.salzburgerland.com\\\/de\\\/magazin\\\/wolfgangseer-wanderdamen\\\/\"},\"author\":{\"name\":\"Melanie Deisl\",\"@id\":\"https:\\\/\\\/www.salzburgerland.com\\\/de\\\/magazin\\\/#\\\/schema\\\/person\\\/3d66364225257aad8b700259f8d80a69\"},\"headline\":\"Wolfgangseer Wanderdamen\",\"datePublished\":\"2023-08-18T05:00:00+00:00\",\"dateModified\":\"2023-09-15T05:38:27+00:00\",\"mainEntityOfPage\":{\"@id\":\"https:\\\/\\\/www.salzburgerland.com\\\/de\\\/magazin\\\/wolfgangseer-wanderdamen\\\/\"},\"wordCount\":756,\"publisher\":{\"@id\":\"https:\\\/\\\/www.salzburgerland.com\\\/de\\\/magazin\\\/#organization\"},\"image\":{\"@id\":\"https:\\\/\\\/www.salzburgerland.com\\\/de\\\/magazin\\\/wolfgangseer-wanderdamen\\\/#primaryimage\"},\"thumbnailUrl\":\"https:\\\/\\\/www.salzburgerland.com\\\/de\\\/magazin\\\/wp-content\\\/uploads\\\/2023\\\/08\\\/wolfgangseer-wanderdamen-5.jpg\",\"keywords\":[\"Hotel am Wolfgangsee\",\"Salzkammergut\",\"Urlaub am Wolfgangsee\",\"Urlaub im Salzkammergut\",\"Wanderhotel\",\"Wandern\",\"Wolfgangsee\"],\"articleSection\":[\"Outdoor &amp; Sport\"],\"inLanguage\":\"de\"},{\"@type\":\"WebPage\",\"@id\":\"https:\\\/\\\/www.salzburgerland.com\\\/de\\\/magazin\\\/wolfgangseer-wanderdamen\\\/\",\"url\":\"https:\\\/\\\/www.salzburgerland.com\\\/de\\\/magazin\\\/wolfgangseer-wanderdamen\\\/\",\"name\":\"Wolfgangseer Wanderdamen - SalzburgerLand Magazin\",\"isPartOf\":{\"@id\":\"https:\\\/\\\/www.salzburgerland.com\\\/de\\\/magazin\\\/#website\"},\"primaryImageOfPage\":{\"@id\":\"https:\\\/\\\/www.salzburgerland.com\\\/de\\\/magazin\\\/wolfgangseer-wanderdamen\\\/#primaryimage\"},\"image\":{\"@id\":\"https:\\\/\\\/www.salzburgerland.com\\\/de\\\/magazin\\\/wolfgangseer-wanderdamen\\\/#primaryimage\"},\"thumbnailUrl\":\"https:\\\/\\\/www.salzburgerland.com\\\/de\\\/magazin\\\/wp-content\\\/uploads\\\/2023\\\/08\\\/wolfgangseer-wanderdamen-5.jpg\",\"datePublished\":\"2023-08-18T05:00:00+00:00\",\"dateModified\":\"2023-09-15T05:38:27+00:00\",\"description\":\"Die Wolfgangseer Wanderdamen sind Gastgeberinnen mit Wanderlust. Authentische Wandererlebnisse in der Gruppe\",\"breadcrumb\":{\"@id\":\"https:\\\/\\\/www.salzburgerland.com\\\/de\\\/magazin\\\/wolfgangseer-wanderdamen\\\/#breadcrumb\"},\"inLanguage\":\"de\",\"potentialAction\":[{\"@type\":\"ReadAction\",\"target\":[\"https:\\\/\\\/www.salzburgerland.com\\\/de\\\/magazin\\\/wolfgangseer-wanderdamen\\\/\"]}]},{\"@type\":\"ImageObject\",\"inLanguage\":\"de\",\"@id\":\"https:\\\/\\\/www.salzburgerland.com\\\/de\\\/magazin\\\/wolfgangseer-wanderdamen\\\/#primaryimage\",\"url\":\"https:\\\/\\\/www.salzburgerland.com\\\/de\\\/magazin\\\/wp-content\\\/uploads\\\/2023\\\/08\\\/wolfgangseer-wanderdamen-5.jpg\",\"contentUrl\":\"https:\\\/\\\/www.salzburgerland.com\\\/de\\\/magazin\\\/wp-content\\\/uploads\\\/2023\\\/08\\\/wolfgangseer-wanderdamen-5.jpg\",\"width\":2000,\"height\":1124,\"caption\":\"\u00a9 Wolfgangseer Wanderdamen\"},{\"@type\":\"BreadcrumbList\",\"@id\":\"https:\\\/\\\/www.salzburgerland.com\\\/de\\\/magazin\\\/wolfgangseer-wanderdamen\\\/#breadcrumb\",\"itemListElement\":[{\"@type\":\"ListItem\",\"position\":1,\"name\":\"Startseite\",\"item\":\"https:\\\/\\\/www.salzburgerland.com\\\/de\\\/magazin\\\/\"},{\"@type\":\"ListItem\",\"position\":2,\"name\":\"Outdoor &amp; Sport\",\"item\":\"https:\\\/\\\/www.salzburgerland.com\\\/de\\\/magazin\\\/thema\\\/outdoor-sport\\\/\"},{\"@type\":\"ListItem\",\"position\":3,\"name\":\"Wolfgangseer Wanderdamen\"}]},{\"@type\":\"WebSite\",\"@id\":\"https:\\\/\\\/www.salzburgerland.com\\\/de\\\/magazin\\\/#website\",\"url\":\"https:\\\/\\\/www.salzburgerland.com\\\/de\\\/magazin\\\/\",\"name\":\"SalzburgerLand Magazin\",\"description\":\"Geschichten und Interessantes aus dem SalzburgerLand\",\"publisher\":{\"@id\":\"https:\\\/\\\/www.salzburgerland.com\\\/de\\\/magazin\\\/#organization\"},\"potentialAction\":[{\"@type\":\"SearchAction\",\"target\":{\"@type\":\"EntryPoint\",\"urlTemplate\":\"https:\\\/\\\/www.salzburgerland.com\\\/de\\\/magazin\\\/?s={search_term_string}\"},\"query-input\":{\"@type\":\"PropertyValueSpecification\",\"valueRequired\":true,\"valueName\":\"search_term_string\"}}],\"inLanguage\":\"de\"},{\"@type\":\"Organization\",\"@id\":\"https:\\\/\\\/www.salzburgerland.com\\\/de\\\/magazin\\\/#organization\",\"name\":\"SalzburgerLand Tourismus\",\"url\":\"https:\\\/\\\/www.salzburgerland.com\\\/de\\\/magazin\\\/\",\"logo\":{\"@type\":\"ImageObject\",\"inLanguage\":\"de\",\"@id\":\"https:\\\/\\\/www.salzburgerland.com\\\/de\\\/magazin\\\/#\\\/schema\\\/logo\\\/image\\\/\",\"url\":\"https:\\\/\\\/www.salzburgerland.com\\\/de\\\/magazin\\\/wp-content\\\/uploads\\\/2019\\\/06\\\/salzburgerland-logo1.jpg\",\"contentUrl\":\"https:\\\/\\\/www.salzburgerland.com\\\/de\\\/magazin\\\/wp-content\\\/uploads\\\/2019\\\/06\\\/salzburgerland-logo1.jpg\",\"width\":2011,\"height\":866,\"caption\":\"SalzburgerLand Tourismus\"},\"image\":{\"@id\":\"https:\\\/\\\/www.salzburgerland.com\\\/de\\\/magazin\\\/#\\\/schema\\\/logo\\\/image\\\/\"},\"sameAs\":[\"https:\\\/\\\/www.facebook.com\\\/salzburgerland\\\/\",\"https:\\\/\\\/x.com\\\/Salzburgerland\",\"https:\\\/\\\/www.instagram.com\\\/salzburgerland\\\/\",\"https:\\\/\\\/at.linkedin.com\\\/company\\\/salzburgerland-tourismus-gmbh\",\"https:\\\/\\\/www.pinterest.at\\\/salzburgerland\\\/\",\"https:\\\/\\\/www.youtube.com\\\/user\\\/salzburgerland\",\"https:\\\/\\\/de.wikipedia.org\\\/wiki\\\/SalzburgerLand_Tourismus_GmbH\"]},{\"@type\":\"Person\",\"@id\":\"https:\\\/\\\/www.salzburgerland.com\\\/de\\\/magazin\\\/#\\\/schema\\\/person\\\/3d66364225257aad8b700259f8d80a69\",\"name\":\"Melanie Deisl\",\"description\":\"Ihre Liebe zum Reisen teilt Melanie genauso gerne, wie ihre Liebe zum SalzburgerLand. Die geb\u00fcrtige Faistenauerin ist in Koppl aufgewachsen und in der Fuschlseeregion zuhause. Und die kennt sie auch wie ihre Westentasche. Ihre erste, noch sehr analoge, Tourismuserfahrung konnte sie bereits w\u00e4hrend der Schulzeit beim SalzburgerLand Tourismus (SLTG) und sp\u00e4ter beim TVB Fuschl am See sammeln. Beruflich ist sie seit ihrem Studium der Kommunikationswissenschaften im Bereich SEO, Text &amp; Content Marketing zuhause. Was dazu f\u00fchrte, dass sie sich ans Reisebloggen wagte. Schnell wurde aus reinem Interesse, pure Passion. Dem Ausflug in ferne L\u00e4nder folgte eine Revision der Qualit\u00e4ten der eigenen Heimat als Urlaubsziel. Und diese fiel mehr als positiv aus. Die Liebe zu Ihrer Heimat ist ihr in die Wiege gelegt, und wie sie sagt, wird diese auch immer st\u00e4rker. Na, sie muss es ja wissen. Immerhin bietet sie auf \\\"urlaubsgeschichten.at\\\" Inspiration f\u00fcr Reisen in ferne L\u00e4nder und gibt Insidertipps f\u00fcr \u00d6sterreich-Liebhaber. Ihr ist es ein pers\u00f6nliches Anliegen zu zeigen, dass man auch auf kurzen Reisen einzigartige Erfahrungen sammeln kann. Da z\u00e4hlt das SalzburgerLand nat\u00fcrlich zu ihren TOP-Favoriten. Ihre Reisen verbindet Sie selbst am liebsten mit Wandern, Skifahren und Genuss. Vor allem regionale Produkte aus der Heimat haben es der bodenst\u00e4ndigen Salzburgerin angetan.\u00a0In der Freizeit zieht es Melanie, wie soll es anders sein, hinaus. Mal auf den Berg, mal an den See, mal in die Stadt Salzburg. Aber nie ohne Kamera und Notizbuch. Es k\u00f6nnte ja eine gute Urlaubsgeschichte dabei sein ... Mein pers\u00f6nlicher Logenplatz im SalzburgerLand Eine Runde um den Hintersee. Das geht immer und macht den Kopf frei. Bei einer Runde um den See kann ich mich gut entspannen. Aber ich drehe auch gerne mal eine gem\u00fctliche \\\"Tratschrunde\\\" mit einer Freundin um den sch\u00f6nen See. Salzburger Nockerl oder Schwarzbeernocken? Die Wahl f\u00e4llt mir sehr leicht. Ich liebe \\\"Zeckbeerdatscherln\\\", wie man bei uns zu den Schwarzbeernocken sagt. Nat\u00fcrlich mit selbstgepfl\u00fcckten Schwarzbeeren zubereitet und sch\u00f6n dunkelblau. Mozart oder Hubert von Goisern? Beides. Ich mag Musik in fast jeder Form. Ich spiele selbst Gitarre und singe sehr gerne - das f\u00e4llt mir bei Hubert von Goisern, Austropop und Rockmusik leichter ;-) aber ich hab auch f\u00fcr Mozart und klassische Musik was \u00fcbrig. Ich bin musikalisch \u00fcberhaupt sehr aufgeschlossen und vor allem immer interessiert Neues zu entdecken. Musik, die mir gef\u00e4llt eben. Luxushotel oder Almh\u00fctte? Mal dies mal das. Zu einem Wellness-Wochenende im Luxushotel braucht man mich nicht lange \u00fcberreden, das versteht sich von selbst. Zu einem Urlaub auf der Alm aber auch nicht. Ich wei\u00df jedoch, dass man das hervorragend miteinander verbinden kann. Die Antwort lautet also: beides! Ausstellung oder Bergpanorama? Ich muss gestehen, ich bin eher erlebnisorientiert, deshalb entscheide ich mich immer f\u00fcr das Bergpanorama. Morgen- oder Abendmensch? Ich war schon immer ein Fr\u00fchaufsteher und bin schon vor dem ersten Kaffee hellwach, diskussionsfreudig und sehr produktiv. Ich erlebe aber in meiner Tageskurve das typische Nachmittagstief, daher w\u00e4re ich voll f\u00fcr die Einf\u00fchrung der \\\"Siesta\\\". Daf\u00fcr bin ich in aber in den Abendstunden auch wieder hellwach und voller Energie.\",\"sameAs\":[\"https:\\\/\\\/urlaubsgeschichten.at\",\"https:\\\/\\\/www.facebook.com\\\/urlaubsgeschichten\\\/\",\"https:\\\/\\\/www.instagram.com\\\/urlaubsgeschichten\\\/\",\"https:\\\/\\\/www.linkedin.com\\\/in\\\/urlaubsgeschichten\\\/\",\"https:\\\/\\\/www.pinterest.at\\\/mytravelstories\\\/\"],\"url\":\"https:\\\/\\\/www.salzburgerland.com\\\/de\\\/magazin\\\/author\\\/melanie_deisl\\\/\"}]}<\/script>\n<!-- \/ Yoast SEO Premium plugin. -->","yoast_head_json":{"title":"Wolfgangseer Wanderdamen - SalzburgerLand Magazin","description":"Die Wolfgangseer Wanderdamen sind Gastgeberinnen mit Wanderlust. Authentische Wandererlebnisse in der Gruppe","robots":{"index":"index","follow":"follow","max-snippet":"max-snippet:-1","max-image-preview":"max-image-preview:large","max-video-preview":"max-video-preview:-1"},"canonical":"https:\/\/www.salzburgerland.com\/de\/magazin\/wolfgangseer-wanderdamen\/","og_locale":"de_DE","og_type":"article","og_title":"Wolfgangseer Wanderdamen","og_description":"Die Wolfgangseer Wanderdamen sind Gastgeberinnen mit Wanderlust. Authentische Wandererlebnisse in der Gruppe","og_url":"https:\/\/www.salzburgerland.com\/de\/magazin\/wolfgangseer-wanderdamen\/","og_site_name":"SalzburgerLand Magazin","article_publisher":"https:\/\/www.facebook.com\/salzburgerland\/","article_author":"https:\/\/www.facebook.com\/urlaubsgeschichten\/","article_published_time":"2023-08-18T05:00:00+00:00","article_modified_time":"2023-09-15T05:38:27+00:00","og_image":[{"width":2000,"height":1124,"url":"https:\/\/www.salzburgerland.com\/de\/magazin\/wp-content\/uploads\/2023\/08\/wolfgangseer-wanderdamen-5.jpg","type":"image\/jpeg"}],"author":"Melanie Deisl","twitter_card":"summary_large_image","twitter_creator":"@Salzburgerland","twitter_site":"@Salzburgerland","twitter_misc":{"Verfasst von":"Melanie Deisl","Gesch\u00e4tzte Lesezeit":"6\u00a0Minuten"},"schema":{"@context":"https:\/\/schema.org","@graph":[{"@type":"Article","@id":"https:\/\/www.salzburgerland.com\/de\/magazin\/wolfgangseer-wanderdamen\/#article","isPartOf":{"@id":"https:\/\/www.salzburgerland.com\/de\/magazin\/wolfgangseer-wanderdamen\/"},"author":{"name":"Melanie Deisl","@id":"https:\/\/www.salzburgerland.com\/de\/magazin\/#\/schema\/person\/3d66364225257aad8b700259f8d80a69"},"headline":"Wolfgangseer Wanderdamen","datePublished":"2023-08-18T05:00:00+00:00","dateModified":"2023-09-15T05:38:27+00:00","mainEntityOfPage":{"@id":"https:\/\/www.salzburgerland.com\/de\/magazin\/wolfgangseer-wanderdamen\/"},"wordCount":756,"publisher":{"@id":"https:\/\/www.salzburgerland.com\/de\/magazin\/#organization"},"image":{"@id":"https:\/\/www.salzburgerland.com\/de\/magazin\/wolfgangseer-wanderdamen\/#primaryimage"},"thumbnailUrl":"https:\/\/www.salzburgerland.com\/de\/magazin\/wp-content\/uploads\/2023\/08\/wolfgangseer-wanderdamen-5.jpg","keywords":["Hotel am Wolfgangsee","Salzkammergut","Urlaub am Wolfgangsee","Urlaub im Salzkammergut","Wanderhotel","Wandern","Wolfgangsee"],"articleSection":["Outdoor &amp; Sport"],"inLanguage":"de"},{"@type":"WebPage","@id":"https:\/\/www.salzburgerland.com\/de\/magazin\/wolfgangseer-wanderdamen\/","url":"https:\/\/www.salzburgerland.com\/de\/magazin\/wolfgangseer-wanderdamen\/","name":"Wolfgangseer Wanderdamen - SalzburgerLand Magazin","isPartOf":{"@id":"https:\/\/www.salzburgerland.com\/de\/magazin\/#website"},"primaryImageOfPage":{"@id":"https:\/\/www.salzburgerland.com\/de\/magazin\/wolfgangseer-wanderdamen\/#primaryimage"},"image":{"@id":"https:\/\/www.salzburgerland.com\/de\/magazin\/wolfgangseer-wanderdamen\/#primaryimage"},"thumbnailUrl":"https:\/\/www.salzburgerland.com\/de\/magazin\/wp-content\/uploads\/2023\/08\/wolfgangseer-wanderdamen-5.jpg","datePublished":"2023-08-18T05:00:00+00:00","dateModified":"2023-09-15T05:38:27+00:00","description":"Die Wolfgangseer Wanderdamen sind Gastgeberinnen mit Wanderlust. Authentische Wandererlebnisse in der Gruppe","breadcrumb":{"@id":"https:\/\/www.salzburgerland.com\/de\/magazin\/wolfgangseer-wanderdamen\/#breadcrumb"},"inLanguage":"de","potentialAction":[{"@type":"ReadAction","target":["https:\/\/www.salzburgerland.com\/de\/magazin\/wolfgangseer-wanderdamen\/"]}]},{"@type":"ImageObject","inLanguage":"de","@id":"https:\/\/www.salzburgerland.com\/de\/magazin\/wolfgangseer-wanderdamen\/#primaryimage","url":"https:\/\/www.salzburgerland.com\/de\/magazin\/wp-content\/uploads\/2023\/08\/wolfgangseer-wanderdamen-5.jpg","contentUrl":"https:\/\/www.salzburgerland.com\/de\/magazin\/wp-content\/uploads\/2023\/08\/wolfgangseer-wanderdamen-5.jpg","width":2000,"height":1124,"caption":"\u00a9 Wolfgangseer Wanderdamen"},{"@type":"BreadcrumbList","@id":"https:\/\/www.salzburgerland.com\/de\/magazin\/wolfgangseer-wanderdamen\/#breadcrumb","itemListElement":[{"@type":"ListItem","position":1,"name":"Startseite","item":"https:\/\/www.salzburgerland.com\/de\/magazin\/"},{"@type":"ListItem","position":2,"name":"Outdoor &amp; Sport","item":"https:\/\/www.salzburgerland.com\/de\/magazin\/thema\/outdoor-sport\/"},{"@type":"ListItem","position":3,"name":"Wolfgangseer Wanderdamen"}]},{"@type":"WebSite","@id":"https:\/\/www.salzburgerland.com\/de\/magazin\/#website","url":"https:\/\/www.salzburgerland.com\/de\/magazin\/","name":"SalzburgerLand Magazin","description":"Geschichten und Interessantes aus dem SalzburgerLand","publisher":{"@id":"https:\/\/www.salzburgerland.com\/de\/magazin\/#organization"},"potentialAction":[{"@type":"SearchAction","target":{"@type":"EntryPoint","urlTemplate":"https:\/\/www.salzburgerland.com\/de\/magazin\/?s={search_term_string}"},"query-input":{"@type":"PropertyValueSpecification","valueRequired":true,"valueName":"search_term_string"}}],"inLanguage":"de"},{"@type":"Organization","@id":"https:\/\/www.salzburgerland.com\/de\/magazin\/#organization","name":"SalzburgerLand Tourismus","url":"https:\/\/www.salzburgerland.com\/de\/magazin\/","logo":{"@type":"ImageObject","inLanguage":"de","@id":"https:\/\/www.salzburgerland.com\/de\/magazin\/#\/schema\/logo\/image\/","url":"https:\/\/www.salzburgerland.com\/de\/magazin\/wp-content\/uploads\/2019\/06\/salzburgerland-logo1.jpg","contentUrl":"https:\/\/www.salzburgerland.com\/de\/magazin\/wp-content\/uploads\/2019\/06\/salzburgerland-logo1.jpg","width":2011,"height":866,"caption":"SalzburgerLand Tourismus"},"image":{"@id":"https:\/\/www.salzburgerland.com\/de\/magazin\/#\/schema\/logo\/image\/"},"sameAs":["https:\/\/www.facebook.com\/salzburgerland\/","https:\/\/x.com\/Salzburgerland","https:\/\/www.instagram.com\/salzburgerland\/","https:\/\/at.linkedin.com\/company\/salzburgerland-tourismus-gmbh","https:\/\/www.pinterest.at\/salzburgerland\/","https:\/\/www.youtube.com\/user\/salzburgerland","https:\/\/de.wikipedia.org\/wiki\/SalzburgerLand_Tourismus_GmbH"]},{"@type":"Person","@id":"https:\/\/www.salzburgerland.com\/de\/magazin\/#\/schema\/person\/3d66364225257aad8b700259f8d80a69","name":"Melanie Deisl","description":"Ihre Liebe zum Reisen teilt Melanie genauso gerne, wie ihre Liebe zum SalzburgerLand. Die geb\u00fcrtige Faistenauerin ist in Koppl aufgewachsen und in der Fuschlseeregion zuhause. Und die kennt sie auch wie ihre Westentasche. Ihre erste, noch sehr analoge, Tourismuserfahrung konnte sie bereits w\u00e4hrend der Schulzeit beim SalzburgerLand Tourismus (SLTG) und sp\u00e4ter beim TVB Fuschl am See sammeln. Beruflich ist sie seit ihrem Studium der Kommunikationswissenschaften im Bereich SEO, Text &amp; Content Marketing zuhause. Was dazu f\u00fchrte, dass sie sich ans Reisebloggen wagte. Schnell wurde aus reinem Interesse, pure Passion. Dem Ausflug in ferne L\u00e4nder folgte eine Revision der Qualit\u00e4ten der eigenen Heimat als Urlaubsziel. Und diese fiel mehr als positiv aus. Die Liebe zu Ihrer Heimat ist ihr in die Wiege gelegt, und wie sie sagt, wird diese auch immer st\u00e4rker. Na, sie muss es ja wissen. Immerhin bietet sie auf \"urlaubsgeschichten.at\" Inspiration f\u00fcr Reisen in ferne L\u00e4nder und gibt Insidertipps f\u00fcr \u00d6sterreich-Liebhaber. Ihr ist es ein pers\u00f6nliches Anliegen zu zeigen, dass man auch auf kurzen Reisen einzigartige Erfahrungen sammeln kann. Da z\u00e4hlt das SalzburgerLand nat\u00fcrlich zu ihren TOP-Favoriten. Ihre Reisen verbindet Sie selbst am liebsten mit Wandern, Skifahren und Genuss. Vor allem regionale Produkte aus der Heimat haben es der bodenst\u00e4ndigen Salzburgerin angetan.\u00a0In der Freizeit zieht es Melanie, wie soll es anders sein, hinaus. Mal auf den Berg, mal an den See, mal in die Stadt Salzburg. Aber nie ohne Kamera und Notizbuch. Es k\u00f6nnte ja eine gute Urlaubsgeschichte dabei sein ... Mein pers\u00f6nlicher Logenplatz im SalzburgerLand Eine Runde um den Hintersee. Das geht immer und macht den Kopf frei. Bei einer Runde um den See kann ich mich gut entspannen. Aber ich drehe auch gerne mal eine gem\u00fctliche \"Tratschrunde\" mit einer Freundin um den sch\u00f6nen See. Salzburger Nockerl oder Schwarzbeernocken? Die Wahl f\u00e4llt mir sehr leicht. Ich liebe \"Zeckbeerdatscherln\", wie man bei uns zu den Schwarzbeernocken sagt. Nat\u00fcrlich mit selbstgepfl\u00fcckten Schwarzbeeren zubereitet und sch\u00f6n dunkelblau. Mozart oder Hubert von Goisern? Beides. Ich mag Musik in fast jeder Form. Ich spiele selbst Gitarre und singe sehr gerne - das f\u00e4llt mir bei Hubert von Goisern, Austropop und Rockmusik leichter ;-) aber ich hab auch f\u00fcr Mozart und klassische Musik was \u00fcbrig. Ich bin musikalisch \u00fcberhaupt sehr aufgeschlossen und vor allem immer interessiert Neues zu entdecken. Musik, die mir gef\u00e4llt eben. Luxushotel oder Almh\u00fctte? Mal dies mal das. Zu einem Wellness-Wochenende im Luxushotel braucht man mich nicht lange \u00fcberreden, das versteht sich von selbst. Zu einem Urlaub auf der Alm aber auch nicht. Ich wei\u00df jedoch, dass man das hervorragend miteinander verbinden kann. Die Antwort lautet also: beides! Ausstellung oder Bergpanorama? Ich muss gestehen, ich bin eher erlebnisorientiert, deshalb entscheide ich mich immer f\u00fcr das Bergpanorama. Morgen- oder Abendmensch? Ich war schon immer ein Fr\u00fchaufsteher und bin schon vor dem ersten Kaffee hellwach, diskussionsfreudig und sehr produktiv. Ich erlebe aber in meiner Tageskurve das typische Nachmittagstief, daher w\u00e4re ich voll f\u00fcr die Einf\u00fchrung der \"Siesta\". Daf\u00fcr bin ich in aber in den Abendstunden auch wieder hellwach und voller Energie.","sameAs":["https:\/\/urlaubsgeschichten.at","https:\/\/www.facebook.com\/urlaubsgeschichten\/","https:\/\/www.instagram.com\/urlaubsgeschichten\/","https:\/\/www.linkedin.com\/in\/urlaubsgeschichten\/","https:\/\/www.pinterest.at\/mytravelstories\/"],"url":"https:\/\/www.salzburgerland.com\/de\/magazin\/author\/melanie_deisl\/"}]}},"_wl_alt_label":[],"wl:entity_url":"http:\/\/open.salzburgerland.com\/magazin\/post\/wolfgangseer-wanderdamen-172627","_links":{"self":[{"href":"https:\/\/www.salzburgerland.com\/de\/magazin\/wp-json\/wp\/v2\/posts\/172627","targetHints":{"allow":["GET"]}}],"collection":[{"href":"https:\/\/www.salzburgerland.com\/de\/magazin\/wp-json\/wp\/v2\/posts"}],"about":[{"href":"https:\/\/www.salzburgerland.com\/de\/magazin\/wp-json\/wp\/v2\/types\/post"}],"author":[{"embeddable":true,"href":"https:\/\/www.salzburgerland.com\/de\/magazin\/wp-json\/wp\/v2\/users\/565"}],"replies":[{"embeddable":true,"href":"https:\/\/www.salzburgerland.com\/de\/magazin\/wp-json\/wp\/v2\/comments?post=172627"}],"version-history":[{"count":5,"href":"https:\/\/www.salzburgerland.com\/de\/magazin\/wp-json\/wp\/v2\/posts\/172627\/revisions"}],"predecessor-version":[{"id":173094,"href":"https:\/\/www.salzburgerland.com\/de\/magazin\/wp-json\/wp\/v2\/posts\/172627\/revisions\/173094"}],"wp:featuredmedia":[{"embeddable":true,"href":"https:\/\/www.salzburgerland.com\/de\/magazin\/wp-json\/wp\/v2\/media\/172699"}],"wp:attachment":[{"href":"https:\/\/www.salzburgerland.com\/de\/magazin\/wp-json\/wp\/v2\/media?parent=172627"}],"wp:term":[{"taxonomy":"category","embeddable":true,"href":"https:\/\/www.salzburgerland.com\/de\/magazin\/wp-json\/wp\/v2\/categories?post=172627"},{"taxonomy":"post_tag","embeddable":true,"href":"https:\/\/www.salzburgerland.com\/de\/magazin\/wp-json\/wp\/v2\/tags?post=172627"},{"taxonomy":"wl_entity_type","embeddable":true,"href":"https:\/\/www.salzburgerland.com\/de\/magazin\/wp-json\/wp\/v2\/wl_entity_type?post=172627"},{"taxonomy":"monatsauswahl","embeddable":true,"href":"https:\/\/www.salzburgerland.com\/de\/magazin\/wp-json\/wp\/v2\/monatsauswahl?post=172627"}],"curies":[{"name":"wp","href":"https:\/\/api.w.org\/{rel}","templated":true}]}}