{"id":172006,"date":"2023-08-05T07:00:00","date_gmt":"2023-08-05T05:00:00","guid":{"rendered":"https:\/\/www.salzburgerland.com\/de\/magazin\/?p=172006"},"modified":"2023-08-22T12:58:09","modified_gmt":"2023-08-22T10:58:09","slug":"unter-den-waenden-des-schafbergs","status":"publish","type":"post","link":"https:\/\/www.salzburgerland.com\/de\/magazin\/unter-den-waenden-des-schafbergs\/","title":{"rendered":"Unter den W\u00e4nden des Schafbergs"},"content":{"rendered":"\n<div class=\"wp-block-slt-top topBlocks\">\n<h2 class=\"wp-block-slt-subtitle\">Genussvolle Familienwanderung im Flachgau<\/h2>\n\n\n\n<p class=\"wp-block-slt-intro\">Die Wanderung zur Eisenaualm ist eine leichte Tour, geeignet f\u00fcr Familien oder f\u00fcr einen schnellen Ausflug nach der Arbeit. Highlights w\u00e4hrend des Aufstiegs sind der Wasserfall und die sch\u00f6nen Ausblicke \u00fcber den Mondsee und Attersee.<\/p>\n<\/div>\n\n\n\n<p>Vom S\u00fcdufer des Mondsees startet die Tour durch steileres Gel\u00e4nde hinauf Richtung Eisenau. Wer zu den Gl\u00fccklichen geh\u00f6rt, beim Wanderparkplatz einen Platz f\u00fcr das Auto zu finden, kann gleich direkt in die Wandertour einsteigen. Wenn der Parkplatz belegt ist, m\u00fcssen Wanderer entlang der Stra\u00dfe ihr Gl\u00fcck versuchen. Aber Achtung, dort gibt es viele Bereiche mit Parkverbot.<\/p>\n\n\n\n<figure class=\"wp-block-image size-full\"><img loading=\"lazy\" decoding=\"async\" width=\"2560\" height=\"1920\" src=\"https:\/\/www.salzburgerland.com\/de\/magazin\/wp-content\/uploads\/2023\/07\/IMG_4424-scaled.jpg\" alt=\"Gelbe Wegweiser und ein Baum markieren eine Familienweanderung im Flachgau unter dem Gipfel des Schafberges.\" class=\"wp-image-172008\" srcset=\"https:\/\/www.salzburgerland.com\/de\/magazin\/wp-content\/uploads\/2023\/07\/IMG_4424-scaled.jpg 2560w, https:\/\/www.salzburgerland.com\/de\/magazin\/wp-content\/uploads\/2023\/07\/IMG_4424-300x225.jpg 300w, https:\/\/www.salzburgerland.com\/de\/magazin\/wp-content\/uploads\/2023\/07\/IMG_4424-1536x1152.jpg 1536w, https:\/\/www.salzburgerland.com\/de\/magazin\/wp-content\/uploads\/2023\/07\/IMG_4424-2048x1536.jpg 2048w, https:\/\/www.salzburgerland.com\/de\/magazin\/wp-content\/uploads\/2023\/07\/IMG_4424-733x550.jpg 733w, https:\/\/www.salzburgerland.com\/de\/magazin\/wp-content\/uploads\/2023\/07\/IMG_4424-140x105.jpg 140w, https:\/\/www.salzburgerland.com\/de\/magazin\/wp-content\/uploads\/2023\/07\/IMG_4424-533x400.jpg 533w, https:\/\/www.salzburgerland.com\/de\/magazin\/wp-content\/uploads\/2023\/07\/IMG_4424-960x720.jpg 960w, https:\/\/www.salzburgerland.com\/de\/magazin\/wp-content\/uploads\/2023\/07\/IMG_4424-1320x990.jpg 1320w, https:\/\/www.salzburgerland.com\/de\/magazin\/wp-content\/uploads\/2023\/07\/IMG_4424-1200x900.jpg 1200w, https:\/\/www.salzburgerland.com\/de\/magazin\/wp-content\/uploads\/2023\/07\/IMG_4424-150x113.jpg 150w\" sizes=\"auto, (max-width: 2560px) 100vw, 2560px\" \/><figcaption class=\"wp-element-caption\">Immer den Schildern nach. @heikomandl.at<\/figcaption><\/figure>\n\n\n\n<h2 class=\"wp-block-heading\" id=\"h-zuerst-steil-dann-sanft\">Zuerst steil, dann sanft<\/h2>\n\n\n\n<p>Doch nun zur\u00fcck zur Wanderung. Vom Parkplatz aus geht es zun\u00e4chst \u00fcber einen Schotterweg durch einen dichten Wald bergauf. Die Eisenaualm ist von Beginn an mit gelben Schildern gut angeschrieben, auch die Abzweigung in einen Wanderpfad ist hier am Beginn nicht zu \u00fcbersehen. Dieser f\u00fchrt sogleich steil bergauf durch den Wald. Nicht zu \u00fcberh\u00f6ren ist das Tosen des Kreuzstein-Wasserfalls, der etwas weiter oben als Highlight der Tour auf die Wanderer wartet. An hei\u00dfen Tagen spenden die B\u00e4ume genug Schatten und auch der Wasserfall bietet eine willkommene Abk\u00fchlung f\u00fcr Wanderer.<\/p>\n\n\n\n<figure class=\"wp-block-image size-full\"><img loading=\"lazy\" decoding=\"async\" width=\"2560\" height=\"1920\" src=\"https:\/\/www.salzburgerland.com\/de\/magazin\/wp-content\/uploads\/2023\/07\/IMG_4411-scaled.jpg\" alt=\"Ein Wanderer geht auf einem Waldweg, Familienweanderung im Flachgau unter dem Gipfel des Schafberges, zu einem felsigen Wasserfall.\" class=\"wp-image-172007\" srcset=\"https:\/\/www.salzburgerland.com\/de\/magazin\/wp-content\/uploads\/2023\/07\/IMG_4411-scaled.jpg 2560w, https:\/\/www.salzburgerland.com\/de\/magazin\/wp-content\/uploads\/2023\/07\/IMG_4411-300x225.jpg 300w, https:\/\/www.salzburgerland.com\/de\/magazin\/wp-content\/uploads\/2023\/07\/IMG_4411-1536x1152.jpg 1536w, https:\/\/www.salzburgerland.com\/de\/magazin\/wp-content\/uploads\/2023\/07\/IMG_4411-2048x1536.jpg 2048w, https:\/\/www.salzburgerland.com\/de\/magazin\/wp-content\/uploads\/2023\/07\/IMG_4411-733x550.jpg 733w, https:\/\/www.salzburgerland.com\/de\/magazin\/wp-content\/uploads\/2023\/07\/IMG_4411-140x105.jpg 140w, https:\/\/www.salzburgerland.com\/de\/magazin\/wp-content\/uploads\/2023\/07\/IMG_4411-533x400.jpg 533w, https:\/\/www.salzburgerland.com\/de\/magazin\/wp-content\/uploads\/2023\/07\/IMG_4411-960x720.jpg 960w, https:\/\/www.salzburgerland.com\/de\/magazin\/wp-content\/uploads\/2023\/07\/IMG_4411-1320x990.jpg 1320w, https:\/\/www.salzburgerland.com\/de\/magazin\/wp-content\/uploads\/2023\/07\/IMG_4411-1200x900.jpg 1200w, https:\/\/www.salzburgerland.com\/de\/magazin\/wp-content\/uploads\/2023\/07\/IMG_4411-150x113.jpg 150w\" sizes=\"auto, (max-width: 2560px) 100vw, 2560px\" \/><figcaption class=\"wp-element-caption\">Eines der Highlights der Tour. @heikomandl.at <\/figcaption><\/figure>\n\n\n\n<h2 class=\"wp-block-heading\">Abenteuerspielplatz f\u00fcr Kinder<\/h2>\n\n\n\n<p>Kinder erfreuen sich des nassen Naturschauspieles und k\u00f6nnen hier immer wieder am Ufer des Baches im Wasser spielen. Achtung: Weiter oben werden der Weg und auch der Bach steiler, hier bitte aufpassen. Der Bach wird mithilfe einer Leiter und Br\u00fccke \u00fcberquert. Anschlie\u00dfend f\u00fchrt der Pfad etwas flacher weiter bergauf. Einige Trampelpfade zweigen vom Weg ab und bieten wundersch\u00f6ner Aussichtspunkte mit Blick \u00fcber den Mondsee. Schlie\u00dflich endet der Pfad in einer Forststra\u00dfe, der weiter in den Forstweg Richtung Eisenaualm \u2013 den Wiener Weg \u2013 m\u00fcndet. Nach ein paar Serpentinen erreicht man nach dem Weidegatter eine freie Weidefl\u00e4che, auf der sich die H\u00fctten der Eisenaualm befinden. Unverkennbar ist von hier auch der Gipfel des Schafberges, der \u00fcber der Wiesenlandschaft thront.<\/p>\n\n\n\n<figure class=\"wp-block-image size-full\"><img loading=\"lazy\" decoding=\"async\" width=\"2560\" height=\"1920\" src=\"https:\/\/www.salzburgerland.com\/de\/magazin\/wp-content\/uploads\/2023\/07\/IMG_4431-scaled.jpg\" alt=\"Schotterweg durch eine gr\u00fcne Wiese-Familienwanderung im Flachgau unter dem Gipfel des Schafberges.\" class=\"wp-image-172009\" srcset=\"https:\/\/www.salzburgerland.com\/de\/magazin\/wp-content\/uploads\/2023\/07\/IMG_4431-scaled.jpg 2560w, https:\/\/www.salzburgerland.com\/de\/magazin\/wp-content\/uploads\/2023\/07\/IMG_4431-300x225.jpg 300w, https:\/\/www.salzburgerland.com\/de\/magazin\/wp-content\/uploads\/2023\/07\/IMG_4431-1536x1152.jpg 1536w, https:\/\/www.salzburgerland.com\/de\/magazin\/wp-content\/uploads\/2023\/07\/IMG_4431-2048x1536.jpg 2048w, https:\/\/www.salzburgerland.com\/de\/magazin\/wp-content\/uploads\/2023\/07\/IMG_4431-733x550.jpg 733w, https:\/\/www.salzburgerland.com\/de\/magazin\/wp-content\/uploads\/2023\/07\/IMG_4431-140x105.jpg 140w, https:\/\/www.salzburgerland.com\/de\/magazin\/wp-content\/uploads\/2023\/07\/IMG_4431-533x400.jpg 533w, https:\/\/www.salzburgerland.com\/de\/magazin\/wp-content\/uploads\/2023\/07\/IMG_4431-960x720.jpg 960w, https:\/\/www.salzburgerland.com\/de\/magazin\/wp-content\/uploads\/2023\/07\/IMG_4431-1320x990.jpg 1320w, https:\/\/www.salzburgerland.com\/de\/magazin\/wp-content\/uploads\/2023\/07\/IMG_4431-1200x900.jpg 1200w, https:\/\/www.salzburgerland.com\/de\/magazin\/wp-content\/uploads\/2023\/07\/IMG_4431-150x113.jpg 150w\" sizes=\"auto, (max-width: 2560px) 100vw, 2560px\" \/><figcaption class=\"wp-element-caption\">Die letzten Meter f\u00fchren \u00fcber freie Fl\u00e4chen. @heikomandl.at<\/figcaption><\/figure>\n\n\n\n<p>Nach einer gem\u00fctlichen Rast in eine der H\u00fctten geht es wieder zur\u00fcck Richtung Mondsee. Der Aufstiegsroute entlang ist man in gut 1,5 Stunden wieder beim Ausgangspunkt angelangt. Hier l\u00e4dt der See beim Kreuzstein zu einem abschlie\u00dfenden Badestopp ein.<\/p>\n\n\n\n<figure class=\"wp-block-image size-full\"><img loading=\"lazy\" decoding=\"async\" width=\"2560\" height=\"1920\" src=\"https:\/\/www.salzburgerland.com\/de\/magazin\/wp-content\/uploads\/2023\/07\/IMG_4451-scaled.jpg\" alt=\"Eine Person im roten Hemd wandert auf einer Familienwanderung im Flachgau unter dem Gipfel des Schafberges einen felsigen Pfad.\" class=\"wp-image-172011\" srcset=\"https:\/\/www.salzburgerland.com\/de\/magazin\/wp-content\/uploads\/2023\/07\/IMG_4451-scaled.jpg 2560w, https:\/\/www.salzburgerland.com\/de\/magazin\/wp-content\/uploads\/2023\/07\/IMG_4451-300x225.jpg 300w, https:\/\/www.salzburgerland.com\/de\/magazin\/wp-content\/uploads\/2023\/07\/IMG_4451-1536x1152.jpg 1536w, https:\/\/www.salzburgerland.com\/de\/magazin\/wp-content\/uploads\/2023\/07\/IMG_4451-2048x1536.jpg 2048w, https:\/\/www.salzburgerland.com\/de\/magazin\/wp-content\/uploads\/2023\/07\/IMG_4451-733x550.jpg 733w, https:\/\/www.salzburgerland.com\/de\/magazin\/wp-content\/uploads\/2023\/07\/IMG_4451-140x105.jpg 140w, https:\/\/www.salzburgerland.com\/de\/magazin\/wp-content\/uploads\/2023\/07\/IMG_4451-533x400.jpg 533w, https:\/\/www.salzburgerland.com\/de\/magazin\/wp-content\/uploads\/2023\/07\/IMG_4451-960x720.jpg 960w, https:\/\/www.salzburgerland.com\/de\/magazin\/wp-content\/uploads\/2023\/07\/IMG_4451-1320x990.jpg 1320w, https:\/\/www.salzburgerland.com\/de\/magazin\/wp-content\/uploads\/2023\/07\/IMG_4451-1200x900.jpg 1200w, https:\/\/www.salzburgerland.com\/de\/magazin\/wp-content\/uploads\/2023\/07\/IMG_4451-150x113.jpg 150w\" sizes=\"auto, (max-width: 2560px) 100vw, 2560px\" \/><figcaption class=\"wp-element-caption\">Abstieg durch den schattigen Wald. @heikomandl.at<\/figcaption><\/figure>\n\n\n\n<figure class=\"wp-block-image size-full is-resized\"><img loading=\"lazy\" decoding=\"async\" src=\"https:\/\/www.salzburgerland.com\/de\/magazin\/wp-content\/uploads\/2023\/07\/IMG_4455-scaled.jpg\" alt=\"Drei Kinder waten in einem See w\u00e4hrend einer Familienwanderung im Flachgau unter dem Gipfel des Schafberges.\" class=\"wp-image-172013\" style=\"width:840px;height:630px\" width=\"840\" height=\"630\" srcset=\"https:\/\/www.salzburgerland.com\/de\/magazin\/wp-content\/uploads\/2023\/07\/IMG_4455-scaled.jpg 2560w, https:\/\/www.salzburgerland.com\/de\/magazin\/wp-content\/uploads\/2023\/07\/IMG_4455-300x225.jpg 300w, https:\/\/www.salzburgerland.com\/de\/magazin\/wp-content\/uploads\/2023\/07\/IMG_4455-1536x1152.jpg 1536w, https:\/\/www.salzburgerland.com\/de\/magazin\/wp-content\/uploads\/2023\/07\/IMG_4455-2048x1536.jpg 2048w, https:\/\/www.salzburgerland.com\/de\/magazin\/wp-content\/uploads\/2023\/07\/IMG_4455-733x550.jpg 733w, https:\/\/www.salzburgerland.com\/de\/magazin\/wp-content\/uploads\/2023\/07\/IMG_4455-140x105.jpg 140w, https:\/\/www.salzburgerland.com\/de\/magazin\/wp-content\/uploads\/2023\/07\/IMG_4455-533x400.jpg 533w, https:\/\/www.salzburgerland.com\/de\/magazin\/wp-content\/uploads\/2023\/07\/IMG_4455-960x720.jpg 960w, https:\/\/www.salzburgerland.com\/de\/magazin\/wp-content\/uploads\/2023\/07\/IMG_4455-1320x990.jpg 1320w, https:\/\/www.salzburgerland.com\/de\/magazin\/wp-content\/uploads\/2023\/07\/IMG_4455-1200x900.jpg 1200w, https:\/\/www.salzburgerland.com\/de\/magazin\/wp-content\/uploads\/2023\/07\/IMG_4455-150x113.jpg 150w\" sizes=\"auto, (max-width: 840px) 100vw, 840px\" \/><figcaption class=\"wp-element-caption\">Am Schluss noch eine Abk\u00fchlung im Mondsee. @heikomandl.at<\/figcaption><\/figure>\n\n\n\n\n\n<p><strong>Infos zur Tour:<\/strong><\/p>\n\n\n\n<ul class=\"wp-block-list\">\n<li><\/li>\n\n\n\n<li>Dauer: Aufstieg 2:00 h\/Abstieg 1,5 h<\/li>\n\n\n\n<li>L\u00e4nge 6,8 km<\/li>\n\n\n\n<li>Aufstieg: 530 H\u00f6henmeter<\/li>\n\n\n\n<li>Anspruch: Leichte Tour f\u00fcr Familien bzw. schnelle Tour nach Feierabend.<\/li>\n<\/ul>\n","protected":false},"excerpt":{"rendered":"<p>Vom S\u00fcdufer des Mondsees startet die Tour durch steileres Gel\u00e4nde hinauf Richtung Eisenau. Wer zu den Gl\u00fccklichen geh\u00f6rt, beim Wanderparkplatz einen Platz f\u00fcr das Auto zu finden, kann gleich direkt in die Wandertour einsteigen. Wenn der Parkplatz belegt ist, m\u00fcssen Wanderer entlang der Stra\u00dfe ihr Gl\u00fcck versuchen. Aber Achtung, dort gibt es viele Bereiche mit [&hellip;]<\/p>\n","protected":false},"author":10,"featured_media":172010,"comment_status":"closed","ping_status":"closed","sticky":false,"template":"","format":"standard","meta":{"_acf_changed":false,"wl_entities_gutenberg":"","_wl_entity_redirect_enabled":"","footnotes":""},"categories":[8],"tags":[7686,4368,2535,7668,139],"wl_entity_type":[306],"monatsauswahl":[86,87,88,89,90],"class_list":["post-172006","post","type-post","status-publish","format-standard","has-post-thumbnail","hentry","category-outdoor-sport","tag-eisenaueralm","tag-familienwanderung","tag-salzkammergut","tag-schafberg","tag-wandern","wl_entity_type-article","monatsauswahl-monat_5","monatsauswahl-monat_6","monatsauswahl-monat_7","monatsauswahl-monat_8","monatsauswahl-monat_9"],"acf":[],"yoast_head":"<!-- This site is optimized with the Yoast SEO Premium plugin v27.4 (Yoast SEO v27.4) - https:\/\/yoast.com\/product\/yoast-seo-premium-wordpress\/ -->\n<title>Unter den W\u00e4nden des Schafbergs - SalzburgerLand Magazin<\/title>\n<meta name=\"robots\" content=\"index, follow, max-snippet:-1, max-image-preview:large, max-video-preview:-1\" \/>\n<link rel=\"canonical\" href=\"https:\/\/www.salzburgerland.com\/de\/magazin\/unter-den-waenden-des-schafbergs\/\" \/>\n<meta property=\"og:locale\" content=\"de_DE\" \/>\n<meta property=\"og:type\" content=\"article\" \/>\n<meta property=\"og:title\" content=\"Unter den W\u00e4nden des Schafbergs\" \/>\n<meta property=\"og:description\" content=\"Vom S\u00fcdufer des Mondsees startet die Tour durch steileres Gel\u00e4nde hinauf Richtung Eisenau. Wer zu den Gl\u00fccklichen geh\u00f6rt, beim Wanderparkplatz einen Platz f\u00fcr das Auto zu finden, kann gleich direkt in die Wandertour einsteigen. Wenn der Parkplatz belegt ist, m\u00fcssen Wanderer entlang der Stra\u00dfe ihr Gl\u00fcck versuchen. Aber Achtung, dort gibt es viele Bereiche mit [&hellip;]\" \/>\n<meta property=\"og:url\" content=\"https:\/\/www.salzburgerland.com\/de\/magazin\/unter-den-waenden-des-schafbergs\/\" \/>\n<meta property=\"og:site_name\" content=\"SalzburgerLand Magazin\" \/>\n<meta property=\"article:publisher\" content=\"https:\/\/www.facebook.com\/salzburgerland\/\" \/>\n<meta property=\"article:published_time\" content=\"2023-08-05T05:00:00+00:00\" \/>\n<meta property=\"article:modified_time\" content=\"2023-08-22T10:58:09+00:00\" \/>\n<meta property=\"og:image\" content=\"https:\/\/www.salzburgerland.com\/de\/magazin\/wp-content\/uploads\/2023\/07\/IMG_4437-scaled-e1688399500234.jpg\" \/>\n\t<meta property=\"og:image:width\" content=\"2560\" \/>\n\t<meta property=\"og:image:height\" content=\"960\" \/>\n\t<meta property=\"og:image:type\" content=\"image\/jpeg\" \/>\n<meta name=\"author\" content=\"Heiko Mandl\" \/>\n<meta name=\"twitter:card\" content=\"summary_large_image\" \/>\n<meta name=\"twitter:creator\" content=\"@Salzburgerland\" \/>\n<meta name=\"twitter:site\" content=\"@Salzburgerland\" \/>\n<meta name=\"twitter:label1\" content=\"Verfasst von\" \/>\n\t<meta name=\"twitter:data1\" content=\"Heiko Mandl\" \/>\n\t<meta name=\"twitter:label2\" content=\"Gesch\u00e4tzte Lesezeit\" \/>\n\t<meta name=\"twitter:data2\" content=\"4\u00a0Minuten\" \/>\n<script type=\"application\/ld+json\" class=\"yoast-schema-graph\">{\"@context\":\"https:\\\/\\\/schema.org\",\"@graph\":[{\"@type\":\"Article\",\"@id\":\"https:\\\/\\\/www.salzburgerland.com\\\/de\\\/magazin\\\/unter-den-waenden-des-schafbergs\\\/#article\",\"isPartOf\":{\"@id\":\"https:\\\/\\\/www.salzburgerland.com\\\/de\\\/magazin\\\/unter-den-waenden-des-schafbergs\\\/\"},\"author\":{\"name\":\"Heiko Mandl\",\"@id\":\"https:\\\/\\\/www.salzburgerland.com\\\/de\\\/magazin\\\/#\\\/schema\\\/person\\\/8871c7c764fce6ea66752310e7fe9e98\"},\"headline\":\"Unter den W\u00e4nden des Schafbergs\",\"datePublished\":\"2023-08-05T05:00:00+00:00\",\"dateModified\":\"2023-08-22T10:58:09+00:00\",\"mainEntityOfPage\":{\"@id\":\"https:\\\/\\\/www.salzburgerland.com\\\/de\\\/magazin\\\/unter-den-waenden-des-schafbergs\\\/\"},\"wordCount\":452,\"publisher\":{\"@id\":\"https:\\\/\\\/www.salzburgerland.com\\\/de\\\/magazin\\\/#organization\"},\"image\":{\"@id\":\"https:\\\/\\\/www.salzburgerland.com\\\/de\\\/magazin\\\/unter-den-waenden-des-schafbergs\\\/#primaryimage\"},\"thumbnailUrl\":\"https:\\\/\\\/www.salzburgerland.com\\\/de\\\/magazin\\\/wp-content\\\/uploads\\\/2023\\\/07\\\/IMG_4437-scaled-e1688399500234.jpg\",\"keywords\":[\"Eisenaueralm\",\"Familienwanderung\",\"Salzkammergut\",\"schafberg\",\"Wandern\"],\"articleSection\":[\"Outdoor &amp; Sport\"],\"inLanguage\":\"de\"},{\"@type\":\"WebPage\",\"@id\":\"https:\\\/\\\/www.salzburgerland.com\\\/de\\\/magazin\\\/unter-den-waenden-des-schafbergs\\\/\",\"url\":\"https:\\\/\\\/www.salzburgerland.com\\\/de\\\/magazin\\\/unter-den-waenden-des-schafbergs\\\/\",\"name\":\"Unter den W\u00e4nden des Schafbergs - SalzburgerLand Magazin\",\"isPartOf\":{\"@id\":\"https:\\\/\\\/www.salzburgerland.com\\\/de\\\/magazin\\\/#website\"},\"primaryImageOfPage\":{\"@id\":\"https:\\\/\\\/www.salzburgerland.com\\\/de\\\/magazin\\\/unter-den-waenden-des-schafbergs\\\/#primaryimage\"},\"image\":{\"@id\":\"https:\\\/\\\/www.salzburgerland.com\\\/de\\\/magazin\\\/unter-den-waenden-des-schafbergs\\\/#primaryimage\"},\"thumbnailUrl\":\"https:\\\/\\\/www.salzburgerland.com\\\/de\\\/magazin\\\/wp-content\\\/uploads\\\/2023\\\/07\\\/IMG_4437-scaled-e1688399500234.jpg\",\"datePublished\":\"2023-08-05T05:00:00+00:00\",\"dateModified\":\"2023-08-22T10:58:09+00:00\",\"breadcrumb\":{\"@id\":\"https:\\\/\\\/www.salzburgerland.com\\\/de\\\/magazin\\\/unter-den-waenden-des-schafbergs\\\/#breadcrumb\"},\"inLanguage\":\"de\",\"potentialAction\":[{\"@type\":\"ReadAction\",\"target\":[\"https:\\\/\\\/www.salzburgerland.com\\\/de\\\/magazin\\\/unter-den-waenden-des-schafbergs\\\/\"]}]},{\"@type\":\"ImageObject\",\"inLanguage\":\"de\",\"@id\":\"https:\\\/\\\/www.salzburgerland.com\\\/de\\\/magazin\\\/unter-den-waenden-des-schafbergs\\\/#primaryimage\",\"url\":\"https:\\\/\\\/www.salzburgerland.com\\\/de\\\/magazin\\\/wp-content\\\/uploads\\\/2023\\\/07\\\/IMG_4437-scaled-e1688399500234.jpg\",\"contentUrl\":\"https:\\\/\\\/www.salzburgerland.com\\\/de\\\/magazin\\\/wp-content\\\/uploads\\\/2023\\\/07\\\/IMG_4437-scaled-e1688399500234.jpg\",\"width\":2560,\"height\":960,\"caption\":\"Herrliche Aussicht auf Berge und H\u00fctten, ideal f\u00fcr eine Familienwanderung im Flachgau unter dem Gipfel des Schafberges.\"},{\"@type\":\"BreadcrumbList\",\"@id\":\"https:\\\/\\\/www.salzburgerland.com\\\/de\\\/magazin\\\/unter-den-waenden-des-schafbergs\\\/#breadcrumb\",\"itemListElement\":[{\"@type\":\"ListItem\",\"position\":1,\"name\":\"Startseite\",\"item\":\"https:\\\/\\\/www.salzburgerland.com\\\/de\\\/magazin\\\/\"},{\"@type\":\"ListItem\",\"position\":2,\"name\":\"Outdoor &amp; Sport\",\"item\":\"https:\\\/\\\/www.salzburgerland.com\\\/de\\\/magazin\\\/thema\\\/outdoor-sport\\\/\"},{\"@type\":\"ListItem\",\"position\":3,\"name\":\"Unter den W\u00e4nden des Schafbergs\"}]},{\"@type\":\"WebSite\",\"@id\":\"https:\\\/\\\/www.salzburgerland.com\\\/de\\\/magazin\\\/#website\",\"url\":\"https:\\\/\\\/www.salzburgerland.com\\\/de\\\/magazin\\\/\",\"name\":\"SalzburgerLand Magazin\",\"description\":\"Geschichten und Interessantes aus dem SalzburgerLand\",\"publisher\":{\"@id\":\"https:\\\/\\\/www.salzburgerland.com\\\/de\\\/magazin\\\/#organization\"},\"potentialAction\":[{\"@type\":\"SearchAction\",\"target\":{\"@type\":\"EntryPoint\",\"urlTemplate\":\"https:\\\/\\\/www.salzburgerland.com\\\/de\\\/magazin\\\/?s={search_term_string}\"},\"query-input\":{\"@type\":\"PropertyValueSpecification\",\"valueRequired\":true,\"valueName\":\"search_term_string\"}}],\"inLanguage\":\"de\"},{\"@type\":\"Organization\",\"@id\":\"https:\\\/\\\/www.salzburgerland.com\\\/de\\\/magazin\\\/#organization\",\"name\":\"SalzburgerLand Tourismus\",\"url\":\"https:\\\/\\\/www.salzburgerland.com\\\/de\\\/magazin\\\/\",\"logo\":{\"@type\":\"ImageObject\",\"inLanguage\":\"de\",\"@id\":\"https:\\\/\\\/www.salzburgerland.com\\\/de\\\/magazin\\\/#\\\/schema\\\/logo\\\/image\\\/\",\"url\":\"https:\\\/\\\/www.salzburgerland.com\\\/de\\\/magazin\\\/wp-content\\\/uploads\\\/2019\\\/06\\\/salzburgerland-logo1.jpg\",\"contentUrl\":\"https:\\\/\\\/www.salzburgerland.com\\\/de\\\/magazin\\\/wp-content\\\/uploads\\\/2019\\\/06\\\/salzburgerland-logo1.jpg\",\"width\":2011,\"height\":866,\"caption\":\"SalzburgerLand Tourismus\"},\"image\":{\"@id\":\"https:\\\/\\\/www.salzburgerland.com\\\/de\\\/magazin\\\/#\\\/schema\\\/logo\\\/image\\\/\"},\"sameAs\":[\"https:\\\/\\\/www.facebook.com\\\/salzburgerland\\\/\",\"https:\\\/\\\/x.com\\\/Salzburgerland\",\"https:\\\/\\\/www.instagram.com\\\/salzburgerland\\\/\",\"https:\\\/\\\/at.linkedin.com\\\/company\\\/salzburgerland-tourismus-gmbh\",\"https:\\\/\\\/www.pinterest.at\\\/salzburgerland\\\/\",\"https:\\\/\\\/www.youtube.com\\\/user\\\/salzburgerland\",\"https:\\\/\\\/de.wikipedia.org\\\/wiki\\\/SalzburgerLand_Tourismus_GmbH\"]},{\"@type\":\"Person\",\"@id\":\"https:\\\/\\\/www.salzburgerland.com\\\/de\\\/magazin\\\/#\\\/schema\\\/person\\\/8871c7c764fce6ea66752310e7fe9e98\",\"name\":\"Heiko Mandl\",\"description\":\"Heiko Mandl, geboren 1976 in Salzburg, ist durch den Journalismus zur Fotografie gekommen und ist seit zehn Jahren als selbstst\u00e4ndiger Fotograf und Autor in Salzburg t\u00e4tig. Schon von Kindheit an haben ihn die Berge vor seiner Haust\u00fcr fasziniert. Heute z\u00e4hlen sie unter anderem zu seinem Arbeitsplatz. Er arbeitet f\u00fcr internationale Outdoor- und Reisemagazine sowie zahlreiche Firmen und Agenturen. Luxushotel oder Almh\u00fctte: Ich kann beides genie\u00dfen und ich gehe das nach dem Motto: Alles zur richtigen Zeit und zur passenden Gelegenheit an. Wandern oder Laufen: Auf jeden Fall wandern, ist gem\u00fctlicher und man kann sich mehr auf die Umgebung konzentrieren. Golfplatz oder Klettergarten: Klettergarten, zumindest noch die n\u00e4chsten 20 Jahre. Fr\u00fchling, sommer, herbst oder Winter? Fr\u00fchling und Sommer und Herbst und Winter! Im SalzburgerLand ist es das ganze Jahr traumhaft sch\u00f6n. Wellness oder Mountainbike? Zuerst eine Runde mit dem Mountainbike und dann ab in den Wellnesstempel. Das eine schlie\u00dft das andere nicht aus!\",\"url\":\"https:\\\/\\\/www.salzburgerland.com\\\/de\\\/magazin\\\/author\\\/heiko-mandl\\\/\"}]}<\/script>\n<!-- \/ Yoast SEO Premium plugin. -->","yoast_head_json":{"title":"Unter den W\u00e4nden des Schafbergs - SalzburgerLand Magazin","robots":{"index":"index","follow":"follow","max-snippet":"max-snippet:-1","max-image-preview":"max-image-preview:large","max-video-preview":"max-video-preview:-1"},"canonical":"https:\/\/www.salzburgerland.com\/de\/magazin\/unter-den-waenden-des-schafbergs\/","og_locale":"de_DE","og_type":"article","og_title":"Unter den W\u00e4nden des Schafbergs","og_description":"Vom S\u00fcdufer des Mondsees startet die Tour durch steileres Gel\u00e4nde hinauf Richtung Eisenau. Wer zu den Gl\u00fccklichen geh\u00f6rt, beim Wanderparkplatz einen Platz f\u00fcr das Auto zu finden, kann gleich direkt in die Wandertour einsteigen. Wenn der Parkplatz belegt ist, m\u00fcssen Wanderer entlang der Stra\u00dfe ihr Gl\u00fcck versuchen. Aber Achtung, dort gibt es viele Bereiche mit [&hellip;]","og_url":"https:\/\/www.salzburgerland.com\/de\/magazin\/unter-den-waenden-des-schafbergs\/","og_site_name":"SalzburgerLand Magazin","article_publisher":"https:\/\/www.facebook.com\/salzburgerland\/","article_published_time":"2023-08-05T05:00:00+00:00","article_modified_time":"2023-08-22T10:58:09+00:00","og_image":[{"width":2560,"height":960,"url":"https:\/\/www.salzburgerland.com\/de\/magazin\/wp-content\/uploads\/2023\/07\/IMG_4437-scaled-e1688399500234.jpg","type":"image\/jpeg"}],"author":"Heiko Mandl","twitter_card":"summary_large_image","twitter_creator":"@Salzburgerland","twitter_site":"@Salzburgerland","twitter_misc":{"Verfasst von":"Heiko Mandl","Gesch\u00e4tzte Lesezeit":"4\u00a0Minuten"},"schema":{"@context":"https:\/\/schema.org","@graph":[{"@type":"Article","@id":"https:\/\/www.salzburgerland.com\/de\/magazin\/unter-den-waenden-des-schafbergs\/#article","isPartOf":{"@id":"https:\/\/www.salzburgerland.com\/de\/magazin\/unter-den-waenden-des-schafbergs\/"},"author":{"name":"Heiko Mandl","@id":"https:\/\/www.salzburgerland.com\/de\/magazin\/#\/schema\/person\/8871c7c764fce6ea66752310e7fe9e98"},"headline":"Unter den W\u00e4nden des Schafbergs","datePublished":"2023-08-05T05:00:00+00:00","dateModified":"2023-08-22T10:58:09+00:00","mainEntityOfPage":{"@id":"https:\/\/www.salzburgerland.com\/de\/magazin\/unter-den-waenden-des-schafbergs\/"},"wordCount":452,"publisher":{"@id":"https:\/\/www.salzburgerland.com\/de\/magazin\/#organization"},"image":{"@id":"https:\/\/www.salzburgerland.com\/de\/magazin\/unter-den-waenden-des-schafbergs\/#primaryimage"},"thumbnailUrl":"https:\/\/www.salzburgerland.com\/de\/magazin\/wp-content\/uploads\/2023\/07\/IMG_4437-scaled-e1688399500234.jpg","keywords":["Eisenaueralm","Familienwanderung","Salzkammergut","schafberg","Wandern"],"articleSection":["Outdoor &amp; Sport"],"inLanguage":"de"},{"@type":"WebPage","@id":"https:\/\/www.salzburgerland.com\/de\/magazin\/unter-den-waenden-des-schafbergs\/","url":"https:\/\/www.salzburgerland.com\/de\/magazin\/unter-den-waenden-des-schafbergs\/","name":"Unter den W\u00e4nden des Schafbergs - SalzburgerLand Magazin","isPartOf":{"@id":"https:\/\/www.salzburgerland.com\/de\/magazin\/#website"},"primaryImageOfPage":{"@id":"https:\/\/www.salzburgerland.com\/de\/magazin\/unter-den-waenden-des-schafbergs\/#primaryimage"},"image":{"@id":"https:\/\/www.salzburgerland.com\/de\/magazin\/unter-den-waenden-des-schafbergs\/#primaryimage"},"thumbnailUrl":"https:\/\/www.salzburgerland.com\/de\/magazin\/wp-content\/uploads\/2023\/07\/IMG_4437-scaled-e1688399500234.jpg","datePublished":"2023-08-05T05:00:00+00:00","dateModified":"2023-08-22T10:58:09+00:00","breadcrumb":{"@id":"https:\/\/www.salzburgerland.com\/de\/magazin\/unter-den-waenden-des-schafbergs\/#breadcrumb"},"inLanguage":"de","potentialAction":[{"@type":"ReadAction","target":["https:\/\/www.salzburgerland.com\/de\/magazin\/unter-den-waenden-des-schafbergs\/"]}]},{"@type":"ImageObject","inLanguage":"de","@id":"https:\/\/www.salzburgerland.com\/de\/magazin\/unter-den-waenden-des-schafbergs\/#primaryimage","url":"https:\/\/www.salzburgerland.com\/de\/magazin\/wp-content\/uploads\/2023\/07\/IMG_4437-scaled-e1688399500234.jpg","contentUrl":"https:\/\/www.salzburgerland.com\/de\/magazin\/wp-content\/uploads\/2023\/07\/IMG_4437-scaled-e1688399500234.jpg","width":2560,"height":960,"caption":"Herrliche Aussicht auf Berge und H\u00fctten, ideal f\u00fcr eine Familienwanderung im Flachgau unter dem Gipfel des Schafberges."},{"@type":"BreadcrumbList","@id":"https:\/\/www.salzburgerland.com\/de\/magazin\/unter-den-waenden-des-schafbergs\/#breadcrumb","itemListElement":[{"@type":"ListItem","position":1,"name":"Startseite","item":"https:\/\/www.salzburgerland.com\/de\/magazin\/"},{"@type":"ListItem","position":2,"name":"Outdoor &amp; Sport","item":"https:\/\/www.salzburgerland.com\/de\/magazin\/thema\/outdoor-sport\/"},{"@type":"ListItem","position":3,"name":"Unter den W\u00e4nden des Schafbergs"}]},{"@type":"WebSite","@id":"https:\/\/www.salzburgerland.com\/de\/magazin\/#website","url":"https:\/\/www.salzburgerland.com\/de\/magazin\/","name":"SalzburgerLand Magazin","description":"Geschichten und Interessantes aus dem SalzburgerLand","publisher":{"@id":"https:\/\/www.salzburgerland.com\/de\/magazin\/#organization"},"potentialAction":[{"@type":"SearchAction","target":{"@type":"EntryPoint","urlTemplate":"https:\/\/www.salzburgerland.com\/de\/magazin\/?s={search_term_string}"},"query-input":{"@type":"PropertyValueSpecification","valueRequired":true,"valueName":"search_term_string"}}],"inLanguage":"de"},{"@type":"Organization","@id":"https:\/\/www.salzburgerland.com\/de\/magazin\/#organization","name":"SalzburgerLand Tourismus","url":"https:\/\/www.salzburgerland.com\/de\/magazin\/","logo":{"@type":"ImageObject","inLanguage":"de","@id":"https:\/\/www.salzburgerland.com\/de\/magazin\/#\/schema\/logo\/image\/","url":"https:\/\/www.salzburgerland.com\/de\/magazin\/wp-content\/uploads\/2019\/06\/salzburgerland-logo1.jpg","contentUrl":"https:\/\/www.salzburgerland.com\/de\/magazin\/wp-content\/uploads\/2019\/06\/salzburgerland-logo1.jpg","width":2011,"height":866,"caption":"SalzburgerLand Tourismus"},"image":{"@id":"https:\/\/www.salzburgerland.com\/de\/magazin\/#\/schema\/logo\/image\/"},"sameAs":["https:\/\/www.facebook.com\/salzburgerland\/","https:\/\/x.com\/Salzburgerland","https:\/\/www.instagram.com\/salzburgerland\/","https:\/\/at.linkedin.com\/company\/salzburgerland-tourismus-gmbh","https:\/\/www.pinterest.at\/salzburgerland\/","https:\/\/www.youtube.com\/user\/salzburgerland","https:\/\/de.wikipedia.org\/wiki\/SalzburgerLand_Tourismus_GmbH"]},{"@type":"Person","@id":"https:\/\/www.salzburgerland.com\/de\/magazin\/#\/schema\/person\/8871c7c764fce6ea66752310e7fe9e98","name":"Heiko Mandl","description":"Heiko Mandl, geboren 1976 in Salzburg, ist durch den Journalismus zur Fotografie gekommen und ist seit zehn Jahren als selbstst\u00e4ndiger Fotograf und Autor in Salzburg t\u00e4tig. Schon von Kindheit an haben ihn die Berge vor seiner Haust\u00fcr fasziniert. Heute z\u00e4hlen sie unter anderem zu seinem Arbeitsplatz. Er arbeitet f\u00fcr internationale Outdoor- und Reisemagazine sowie zahlreiche Firmen und Agenturen. Luxushotel oder Almh\u00fctte: Ich kann beides genie\u00dfen und ich gehe das nach dem Motto: Alles zur richtigen Zeit und zur passenden Gelegenheit an. Wandern oder Laufen: Auf jeden Fall wandern, ist gem\u00fctlicher und man kann sich mehr auf die Umgebung konzentrieren. Golfplatz oder Klettergarten: Klettergarten, zumindest noch die n\u00e4chsten 20 Jahre. Fr\u00fchling, sommer, herbst oder Winter? Fr\u00fchling und Sommer und Herbst und Winter! Im SalzburgerLand ist es das ganze Jahr traumhaft sch\u00f6n. Wellness oder Mountainbike? Zuerst eine Runde mit dem Mountainbike und dann ab in den Wellnesstempel. Das eine schlie\u00dft das andere nicht aus!","url":"https:\/\/www.salzburgerland.com\/de\/magazin\/author\/heiko-mandl\/"}]}},"_wl_alt_label":[],"wl:entity_url":"http:\/\/open.salzburgerland.com\/magazin\/post\/unter-den-waenden-des-schafbergs-172006","_links":{"self":[{"href":"https:\/\/www.salzburgerland.com\/de\/magazin\/wp-json\/wp\/v2\/posts\/172006","targetHints":{"allow":["GET"]}}],"collection":[{"href":"https:\/\/www.salzburgerland.com\/de\/magazin\/wp-json\/wp\/v2\/posts"}],"about":[{"href":"https:\/\/www.salzburgerland.com\/de\/magazin\/wp-json\/wp\/v2\/types\/post"}],"author":[{"embeddable":true,"href":"https:\/\/www.salzburgerland.com\/de\/magazin\/wp-json\/wp\/v2\/users\/10"}],"replies":[{"embeddable":true,"href":"https:\/\/www.salzburgerland.com\/de\/magazin\/wp-json\/wp\/v2\/comments?post=172006"}],"version-history":[{"count":5,"href":"https:\/\/www.salzburgerland.com\/de\/magazin\/wp-json\/wp\/v2\/posts\/172006\/revisions"}],"predecessor-version":[{"id":172751,"href":"https:\/\/www.salzburgerland.com\/de\/magazin\/wp-json\/wp\/v2\/posts\/172006\/revisions\/172751"}],"wp:featuredmedia":[{"embeddable":true,"href":"https:\/\/www.salzburgerland.com\/de\/magazin\/wp-json\/wp\/v2\/media\/172010"}],"wp:attachment":[{"href":"https:\/\/www.salzburgerland.com\/de\/magazin\/wp-json\/wp\/v2\/media?parent=172006"}],"wp:term":[{"taxonomy":"category","embeddable":true,"href":"https:\/\/www.salzburgerland.com\/de\/magazin\/wp-json\/wp\/v2\/categories?post=172006"},{"taxonomy":"post_tag","embeddable":true,"href":"https:\/\/www.salzburgerland.com\/de\/magazin\/wp-json\/wp\/v2\/tags?post=172006"},{"taxonomy":"wl_entity_type","embeddable":true,"href":"https:\/\/www.salzburgerland.com\/de\/magazin\/wp-json\/wp\/v2\/wl_entity_type?post=172006"},{"taxonomy":"monatsauswahl","embeddable":true,"href":"https:\/\/www.salzburgerland.com\/de\/magazin\/wp-json\/wp\/v2\/monatsauswahl?post=172006"}],"curies":[{"name":"wp","href":"https:\/\/api.w.org\/{rel}","templated":true}]}}