{"id":17148,"date":"2025-04-07T12:20:00","date_gmt":"2025-04-07T10:20:00","guid":{"rendered":"http:\/\/magazin.salzburgerland.com\/?p=17148"},"modified":"2025-04-25T12:19:12","modified_gmt":"2025-04-25T10:19:12","slug":"der-maibaum-wird-aufgestellt","status":"publish","type":"post","link":"https:\/\/www.salzburgerland.com\/de\/magazin\/der-maibaum-wird-aufgestellt\/","title":{"rendered":"Der Maibaum wird aufgestellt"},"content":{"rendered":"\n<h2 class=\"wp-block-slt-subtitle\">Tradioneller Brauch am 1. Mai<\/h2>\n\n\n\n<p class=\"wp-block-slt-intro\">Br\u00e4uche um den Maibaum gibt es schon seit dem 13. Jahrhundert. Viel angeblich Mythisch-Mysthisches,\u00a0 Kultisch-Rituelles wurde in den Maibaum immer wieder hineininterpretiert. Es folgt hier nun der Versuch mit den Mythos Maibaum in einer heiteren Fr\u00fchlingsgeschichte ein f\u00fcr alle mal aufzur\u00e4umen.<\/p>\n\n\n\n<p>Das Salzburger Landesinstitut f\u00fcr Volkskunde spricht von Maibaum-Br\u00e4uchen seit dem Mittelalter, diese sind aber in der heutigen Form als Feste mit Volkstanz im 19. Jahrhunderts entstanden. Eine fl\u00e4chendeckende Verbreitung des Brauches fand erst im 20. Jahrhundert statt. Wohl kein anderer Baum hat derart viele Ausgestaltungen und erlebt bis heute auch regional unterschiedliche Bedeutungen. War er im Mittelalter ein sichtbares Rechtssymbol, wurde er sp\u00e4ter zum Sinnbild der Fr\u00fchlings- und Maifeiern und ist bis heute sichtbarer Hinweis, dass die fruchtbare Zeit des Jahres begonnen hat. Ein m\u00e4nnliches Fruchtbarkeitssymbol soll er sein und \u00a0sogar heidnische Wurzeln sprach man ihm ab dem 19. Jahrhundert zu. Dessen nicht genug, z\u00e4hlt der Maibaum zur &#8222;gro\u00dfen Familie der Festb\u00e4ume&#8220;, zu denen unter anderem auch der Kirtagsbaum, der Sonnwendbaum oder die B\u00e4umchen zur Dachgleiche z\u00e4hlen.<\/p>\n\n\n\n<h2 class=\"wp-block-heading\" id=\"h-maibaumfeste-im-salzburgerland\">Maibaumfeste im SalzburgerLand<\/h2>\n\n\n\n<p>Im SalzburgerLand sind heute die bei Jung und Alt beliebten Maibaumfeste \u00fcblich, die es in jeder gr\u00f6\u00dferen Dorfgemeinde gibt. Bei der jungen Generation besonders beliebt sind etwa die Feste in Anif, Aigen oder bei der Stieglbrauerei in Maxglan. Besonders authentischen Charakter erfahren die Maibaum-Br\u00e4uche innergebirg. Traditionell wird der Baum am Vorabend des 1. Mai in die Dorfgemeinde geholt. Geschnitten wird er im Wald weitaus fr\u00fcher, etwa ein Jahr zuvor, oder zur Zeit des Erntedanks im Herbst. Der Maibaum soll, so glauben es die Menschen, seine Segen bringende Wirkung auf Mensch, Vieh, H\u00e4user und Felder ausbreiten und wird daher vorwiegend zentral am Dorfplatz aufgestellt. Dort bleibt er dann weit in den Sommer hinein stehen und wirkt und wirkt und wirkt.<\/p>\n\n\n\n<p>In der Nacht vor dem 1. Mai muss der Maibaum besonders gut bewacht werden. Es geh\u00f6rt mit zum Brauch, dass die Maib\u00e4ume von der Nachbargemeinde gestohlen werden. Das wiederum bedeutet, dass sie in dieser Nacht von den Dorfburschen wie ihr eigenes Leben bewacht werden m\u00fcssen. Das sehen die dorfeigenen Verhaltensrichtlinien vor und werden sogar von der Gesetzgebung als orts\u00fcbliche Sitten ber\u00fccksichtigt. Welche Schande w\u00e4re es f\u00fcr die Burschen, wenn der Maibaum in der Walpurgisnacht gestohlen w\u00fcrde und es am 1. Mai nichts g\u00e4be, was mit vereinter Manneskraft vor den funkelnden Augen der begehrenswerten Dorfsch\u00f6nen aufgestellt werden k\u00f6nnte.<\/p>\n\n\n\n<p><em>&nbsp;\u201eEs naht der 1. Mai. Schon Tags vorher werden in den D\u00f6rfern Liefering, Maxglan, Gretig [!], auf den Felsenspitzen des Nocksteins und des Pabensteines (Barmstoan) bei Hallein \u201aMaib\u00e4ume\u2018 gesetzt; am fr\u00fchen Morgen durchzieht Musik die Stra\u00dfen der Hauptstadt und ein schulfreier Tag gestattet der Jugend gr\u00f6\u00dfere Ausfl\u00fcge in die Umgegend. Auf diesen Tag f\u00e4llt auch die Besitznahme Salzburgs durch \u00d6sterreich.\u201c<\/em><\/p>\n\n\n\n<p><em>(Franz Ziller, \u00d6sterr.-Ung.\u201eMonarchie, Sbg-O\u00d6, 1889)<\/em><\/p>\n\n\n\n<p>Zu dem heroischen Brauch, den es im gesamten Alpenraum gibt, versammelt sich Jung und Alt bevorzugt in Tracht am Dorfplatz und gemeinsam wird bei Speis und Trank, Musik und Tanz der Beginn der &#8222;lieblichen Jahreszeit&#8220; eingel\u00e4utet.<\/p>\n\n\n<div class=\"mag-gallery\"><div class=\"row\"><div class=\"col-6 col-sm-4\"><figure><a class=\"thumb-container\" href=\"https:\/\/www.salzburgerland.com\/de\/magazin\/wp-content\/uploads\/2012\/05\/IMG_1073-1280x1024.jpg\">\t<picture><source media=\"(min-width: 576px)\" srcset=\"\"><\/source><source media=\"(min-width: 0)\" srcset=\"https:\/\/www.salzburgerland.com\/de\/magazin\/wp-content\/uploads\/2012\/05\/IMG_1073.jpg 1500w, https:\/\/www.salzburgerland.com\/de\/magazin\/wp-content\/uploads\/2012\/05\/IMG_1073-200x300.jpg 200w, https:\/\/www.salzburgerland.com\/de\/magazin\/wp-content\/uploads\/2012\/05\/IMG_1073-367x550.jpg 367w, https:\/\/www.salzburgerland.com\/de\/magazin\/wp-content\/uploads\/2012\/05\/IMG_1073-267x400.jpg 267w, https:\/\/www.salzburgerland.com\/de\/magazin\/wp-content\/uploads\/2012\/05\/IMG_1073-1320x1980.jpg 1320w\"><\/source><img decoding=\"async\" alt=\"Vier Personen in blauen Hemden und gr&uuml;nen Hosen heben bei einer Veranstaltung im Freien eine hohe Holzstange hoch.\" src=\"https:\/\/www.salzburgerland.com\/de\/magazin\/wp-content\/uploads\/2012\/05\/IMG_1073.jpg\">\t<\/picture><\/a><\/figure><\/div><div class=\"col-6 col-sm-4\"><figure><a class=\"thumb-container\" href=\"https:\/\/www.salzburgerland.com\/de\/magazin\/wp-content\/uploads\/2012\/05\/IMG_1078-1280x1024.jpg\">\t<picture><source media=\"(min-width: 576px)\" srcset=\"\"><\/source><source media=\"(min-width: 0)\" srcset=\"https:\/\/www.salzburgerland.com\/de\/magazin\/wp-content\/uploads\/2012\/05\/IMG_1078.jpg 1500w, https:\/\/www.salzburgerland.com\/de\/magazin\/wp-content\/uploads\/2012\/05\/IMG_1078-200x300.jpg 200w, https:\/\/www.salzburgerland.com\/de\/magazin\/wp-content\/uploads\/2012\/05\/IMG_1078-367x550.jpg 367w, https:\/\/www.salzburgerland.com\/de\/magazin\/wp-content\/uploads\/2012\/05\/IMG_1078-267x400.jpg 267w, https:\/\/www.salzburgerland.com\/de\/magazin\/wp-content\/uploads\/2012\/05\/IMG_1078-1320x1980.jpg 1320w\"><\/source><img decoding=\"async\" alt=\"Ein hoher, mit gr&uuml;nen Kr&auml;nzen und roten B&auml;ndern geschm&uuml;ckter Maibaum steht vor einem teilweise bew&ouml;lkten Himmel.\" src=\"https:\/\/www.salzburgerland.com\/de\/magazin\/wp-content\/uploads\/2012\/05\/IMG_1078.jpg\">\t<\/picture><\/a><\/figure><\/div><div class=\"col-6 col-sm-4\"><figure><a class=\"thumb-container\" href=\"https:\/\/www.salzburgerland.com\/de\/magazin\/wp-content\/uploads\/2012\/05\/IMG_1146-1280x1024.jpg\">\t<picture><source media=\"(min-width: 576px)\" srcset=\"\"><\/source><source media=\"(min-width: 0)\" srcset=\"https:\/\/www.salzburgerland.com\/de\/magazin\/wp-content\/uploads\/2012\/05\/IMG_1146.jpg 1500w, https:\/\/www.salzburgerland.com\/de\/magazin\/wp-content\/uploads\/2012\/05\/IMG_1146-200x300.jpg 200w, https:\/\/www.salzburgerland.com\/de\/magazin\/wp-content\/uploads\/2012\/05\/IMG_1146-367x550.jpg 367w, https:\/\/www.salzburgerland.com\/de\/magazin\/wp-content\/uploads\/2012\/05\/IMG_1146-267x400.jpg 267w, https:\/\/www.salzburgerland.com\/de\/magazin\/wp-content\/uploads\/2012\/05\/IMG_1146-1320x1980.jpg 1320w\"><\/source><img decoding=\"async\" alt=\"Eine Person klettert auf einen hohen, mit Gr&uuml;nzeug, B&auml;ndern und W&uuml;rsten geschm&uuml;ckten Mast vor blauem Himmel.\" src=\"https:\/\/www.salzburgerland.com\/de\/magazin\/wp-content\/uploads\/2012\/05\/IMG_1146.jpg\">\t<\/picture><\/a><\/figure><\/div><\/div><figcaption><\/figcaption><\/div>\n\n\n\n<h2 class=\"wp-block-heading\" id=\"h-der-maibaum-steht\">Der Maibaum steht! <\/h2>\n\n\n\n<p>Haben es die g&#8217;standenen Burschen unter tosendem Beifall der Dorfgemeinde geschafft, den Maibaum aufzustellen, gilt es, ihn einzuweihen. Das stellt eine ziemliche Mutprobe dar und avanciert in manchen Orten zum echten sportlichen Wettkampf.<\/p>\n\n\n\n<p>Doch es gibt sie auch noch, die unverdrossenen und der Tradition verpflichteten Tollk\u00fchnen, die sogar in richtiger Bekleidung den angeblichen &#8222;Fruchtbarkeitsgott&#8220; mit blo\u00dfen H\u00e4nden zu erklimmen versuchen. In Lederhose und mit nacktem Oberk\u00f6rper geht es mehr oder weniger rasant nach oben, w\u00e4hrend einem von den G\u00e4sten des Spektakels zugejodelt wird. Wurde der Maibaum fr\u00fcher mit reiner Kraft, Geschicklichkeit und K\u00f6nnen erklommen, wird heute oft, wie beim Klettern, gesichert. Trotzdem sind auch heute noch eine glatte Baumoberfl\u00e4che und eine Portion &#8222;Pech&#8220; hilfreich. Das ist eine nach geheimem Rezept gemischte Mixtur aus Harz und Schweinepech. Die besonders Starken schaffen es bis ganz nach oben, in 15 Metern H\u00f6he wird eine Glocke gel\u00e4utet und als Belohnung kann der Held des Tages f\u00fcr seine angebetete Dorfsch\u00f6ne den angebrachten Schmuck mit hinunter nehmen.<\/p>\n\n\n<div class=\"mag-gallery\"><div class=\"row\"><div class=\"col-6 col-sm-4\"><figure><a class=\"thumb-container\" href=\"https:\/\/www.salzburgerland.com\/de\/magazin\/wp-content\/uploads\/2012\/05\/IMG_1133-1280x1024.jpg\">\t<picture><source media=\"(min-width: 576px)\" srcset=\"\"><\/source><source media=\"(min-width: 0)\" srcset=\"https:\/\/www.salzburgerland.com\/de\/magazin\/wp-content\/uploads\/2012\/05\/IMG_1133.jpg 1500w, https:\/\/www.salzburgerland.com\/de\/magazin\/wp-content\/uploads\/2012\/05\/IMG_1133-200x300.jpg 200w, https:\/\/www.salzburgerland.com\/de\/magazin\/wp-content\/uploads\/2012\/05\/IMG_1133-367x550.jpg 367w, https:\/\/www.salzburgerland.com\/de\/magazin\/wp-content\/uploads\/2012\/05\/IMG_1133-267x400.jpg 267w, https:\/\/www.salzburgerland.com\/de\/magazin\/wp-content\/uploads\/2012\/05\/IMG_1133-1320x1980.jpg 1320w\"><\/source><img decoding=\"async\" alt=\"Ein hemds&auml;rmeliger Junge klettert im Freien bei teilweise bew&ouml;lktem Himmel auf eine hohe, glatte Holzstange.\" src=\"https:\/\/www.salzburgerland.com\/de\/magazin\/wp-content\/uploads\/2012\/05\/IMG_1133.jpg\">\t<\/picture><\/a><\/figure><\/div><div class=\"col-6 col-sm-4\"><figure><a class=\"thumb-container\" href=\"https:\/\/www.salzburgerland.com\/de\/magazin\/wp-content\/uploads\/2012\/05\/IMG_1134-1280x1024.jpg\">\t<picture><source media=\"(min-width: 576px)\" srcset=\"\"><\/source><source media=\"(min-width: 0)\" srcset=\"https:\/\/www.salzburgerland.com\/de\/magazin\/wp-content\/uploads\/2012\/05\/IMG_1134.jpg 1500w, https:\/\/www.salzburgerland.com\/de\/magazin\/wp-content\/uploads\/2012\/05\/IMG_1134-200x300.jpg 200w, https:\/\/www.salzburgerland.com\/de\/magazin\/wp-content\/uploads\/2012\/05\/IMG_1134-367x550.jpg 367w, https:\/\/www.salzburgerland.com\/de\/magazin\/wp-content\/uploads\/2012\/05\/IMG_1134-267x400.jpg 267w, https:\/\/www.salzburgerland.com\/de\/magazin\/wp-content\/uploads\/2012\/05\/IMG_1134-1320x1980.jpg 1320w\"><\/source><img decoding=\"async\" alt=\"Eine Person klettert auf einen hohen Holzpfahl, der mit einem Kranz und B&auml;ndern geschm&uuml;ckt ist, vor einem blauen Himmel mit Wolken.\" src=\"https:\/\/www.salzburgerland.com\/de\/magazin\/wp-content\/uploads\/2012\/05\/IMG_1134.jpg\">\t<\/picture><\/a><\/figure><\/div><div class=\"col-6 col-sm-4\"><figure><a class=\"thumb-container\" href=\"https:\/\/www.salzburgerland.com\/de\/magazin\/wp-content\/uploads\/2012\/05\/IMG_1137-1280x1024.jpg\">\t<picture><source media=\"(min-width: 576px)\" srcset=\"\"><\/source><source media=\"(min-width: 0)\" srcset=\"https:\/\/www.salzburgerland.com\/de\/magazin\/wp-content\/uploads\/2012\/05\/IMG_1137.jpg 1500w, https:\/\/www.salzburgerland.com\/de\/magazin\/wp-content\/uploads\/2012\/05\/IMG_1137-200x300.jpg 200w, https:\/\/www.salzburgerland.com\/de\/magazin\/wp-content\/uploads\/2012\/05\/IMG_1137-367x550.jpg 367w, https:\/\/www.salzburgerland.com\/de\/magazin\/wp-content\/uploads\/2012\/05\/IMG_1137-267x400.jpg 267w, https:\/\/www.salzburgerland.com\/de\/magazin\/wp-content\/uploads\/2012\/05\/IMG_1137-1320x1980.jpg 1320w\"><\/source><img decoding=\"async\" alt=\"Eine Person klettert an einem hohen Holzpfahl auf einen Kranz mit h&auml;ngenden Brezeln und B&auml;ndern vor einem blauen Himmel.\" src=\"https:\/\/www.salzburgerland.com\/de\/magazin\/wp-content\/uploads\/2012\/05\/IMG_1137.jpg\">\t<\/picture><\/a><\/figure><\/div><\/div><figcaption><\/figcaption><\/div>\n\n\n\n<p>Was auf die Maib\u00e4ume geh\u00e4ngt wird, variiert ganz stark nach Regionen und \u00e4nderte sich im Laufe der Zeit. So gibt es aus dem 16. Jahrhundert Belege f\u00fcr Reisigkr\u00e4nze und Girlanden als Schmuck f\u00fcr den Festbaum. Im Bayern des 18. Jahrhunderts wurde in vielen Regionen mit Dorfwappen und Zunftzeichen geschm\u00fcckt, die dann im 20. Jahrhundert gegen Trachtenpaare ausgetauscht wurden. Die Trachtenpaare sind besonders im Salzkammergut vorwiegend als Schmuck immer noch im Einsatz. Die Salzburger Maib\u00e4ume erstrahlen schlicht und anmutig mit Reisig, rotwei\u00dfroten B\u00e4ndern, ganz von der Rinde befreit, nur oben bleibt der Baumwipfel in seiner vollen Pracht erhalten.<\/p>\n\n\n\n<p><em>Fotocredits \u00a9 dieJ\u00e4ger. Aufgenommen in Anif bei Salzburg.<\/em><\/p>\n","protected":false},"excerpt":{"rendered":"<p>Das Salzburger Landesinstitut f\u00fcr Volkskunde spricht von Maibaum-Br\u00e4uchen seit dem Mittelalter, diese sind aber in der heutigen Form als Feste mit Volkstanz im 19. Jahrhunderts entstanden. Eine fl\u00e4chendeckende Verbreitung des Brauches fand erst im 20. Jahrhundert statt. Wohl kein anderer Baum hat derart viele Ausgestaltungen und erlebt bis heute auch regional unterschiedliche Bedeutungen. War er [&hellip;]<\/p>\n","protected":false},"author":12,"featured_media":17137,"comment_status":"open","ping_status":"open","sticky":false,"template":"","format":"standard","meta":{"_acf_changed":false,"wl_entities_gutenberg":"","_wl_entity_redirect_enabled":"","footnotes":""},"categories":[6],"tags":[],"wl_entity_type":[306],"monatsauswahl":[86],"class_list":["post-17148","post","type-post","status-publish","format-standard","has-post-thumbnail","hentry","category-kunst-kultur","wl_entity_type-article","monatsauswahl-monat_5"],"acf":[],"yoast_head":"<!-- This site is optimized with the Yoast SEO Premium plugin v27.4 (Yoast SEO v27.4) - https:\/\/yoast.com\/product\/yoast-seo-premium-wordpress\/ -->\n<title>Der Maibaum wird aufgestellt - SalzburgerLand Magazin<\/title>\n<meta name=\"description\" content=\"Br\u00e4uche um den Maibaum gibt es schon seit dem 13. Jahrhundert. Viel angeblich Mythisch-Mysthisches,\u00a0 Kultisch-Rituelles wurde in den Maibaum immer wieder hineininterpretiert. Es folgt hier nun der Versuch mit den Mythos Maibaum in einer heiteren Fr\u00fchlingsgeschichte ein f\u00fcr alle mal aufzur\u00e4umen.\" \/>\n<meta name=\"robots\" content=\"index, follow, max-snippet:-1, max-image-preview:large, max-video-preview:-1\" \/>\n<link rel=\"canonical\" href=\"https:\/\/www.salzburgerland.com\/de\/magazin\/der-maibaum-wird-aufgestellt\/\" \/>\n<meta property=\"og:locale\" content=\"de_DE\" \/>\n<meta property=\"og:type\" content=\"article\" \/>\n<meta property=\"og:title\" content=\"Der Maibaum wird aufgestellt\" \/>\n<meta property=\"og:description\" content=\"Das Salzburger Landesinstitut f\u00fcr Volkskunde spricht von Maibaum-Br\u00e4uchen seit dem Mittelalter, diese sind aber in der heutigen Form als Feste mit Volkstanz im 19. Jahrhunderts entstanden. Eine fl\u00e4chendeckende Verbreitung des Brauches fand erst im 20. Jahrhundert statt. Wohl kein anderer Baum hat derart viele Ausgestaltungen und erlebt bis heute auch regional unterschiedliche Bedeutungen. War er [&hellip;]\" \/>\n<meta property=\"og:url\" content=\"https:\/\/www.salzburgerland.com\/de\/magazin\/der-maibaum-wird-aufgestellt\/\" \/>\n<meta property=\"og:site_name\" content=\"SalzburgerLand Magazin\" \/>\n<meta property=\"article:publisher\" content=\"https:\/\/www.facebook.com\/salzburgerland\/\" \/>\n<meta property=\"article:published_time\" content=\"2025-04-07T10:20:00+00:00\" \/>\n<meta property=\"article:modified_time\" content=\"2025-04-25T10:19:12+00:00\" \/>\n<meta property=\"og:image\" content=\"https:\/\/www.salzburgerland.com\/de\/magazin\/wp-content\/uploads\/2012\/05\/IMG_1144.jpg\" \/>\n\t<meta property=\"og:image:width\" content=\"1500\" \/>\n\t<meta property=\"og:image:height\" content=\"1000\" \/>\n\t<meta property=\"og:image:type\" content=\"image\/jpeg\" \/>\n<meta name=\"author\" content=\"Daniela J\u00e4ger\" \/>\n<meta name=\"twitter:card\" content=\"summary_large_image\" \/>\n<meta name=\"twitter:creator\" content=\"@Salzburgerland\" \/>\n<meta name=\"twitter:site\" content=\"@Salzburgerland\" \/>\n<meta name=\"twitter:label1\" content=\"Verfasst von\" \/>\n\t<meta name=\"twitter:data1\" content=\"Daniela J\u00e4ger\" \/>\n\t<meta name=\"twitter:label2\" content=\"Gesch\u00e4tzte Lesezeit\" \/>\n\t<meta name=\"twitter:data2\" content=\"6\u00a0Minuten\" \/>\n<script type=\"application\/ld+json\" class=\"yoast-schema-graph\">{\"@context\":\"https:\\\/\\\/schema.org\",\"@graph\":[{\"@type\":\"Article\",\"@id\":\"https:\\\/\\\/www.salzburgerland.com\\\/de\\\/magazin\\\/der-maibaum-wird-aufgestellt\\\/#article\",\"isPartOf\":{\"@id\":\"https:\\\/\\\/www.salzburgerland.com\\\/de\\\/magazin\\\/der-maibaum-wird-aufgestellt\\\/\"},\"author\":{\"name\":\"Daniela J\u00e4ger\",\"@id\":\"https:\\\/\\\/www.salzburgerland.com\\\/de\\\/magazin\\\/#\\\/schema\\\/person\\\/436a159c3d355745bb9190e3e7f6d897\"},\"headline\":\"Der Maibaum wird aufgestellt\",\"datePublished\":\"2025-04-07T10:20:00+00:00\",\"dateModified\":\"2025-04-25T10:19:12+00:00\",\"mainEntityOfPage\":{\"@id\":\"https:\\\/\\\/www.salzburgerland.com\\\/de\\\/magazin\\\/der-maibaum-wird-aufgestellt\\\/\"},\"wordCount\":815,\"commentCount\":0,\"publisher\":{\"@id\":\"https:\\\/\\\/www.salzburgerland.com\\\/de\\\/magazin\\\/#organization\"},\"image\":{\"@id\":\"https:\\\/\\\/www.salzburgerland.com\\\/de\\\/magazin\\\/der-maibaum-wird-aufgestellt\\\/#primaryimage\"},\"thumbnailUrl\":\"https:\\\/\\\/www.salzburgerland.com\\\/de\\\/magazin\\\/wp-content\\\/uploads\\\/2012\\\/05\\\/IMG_1144.jpg\",\"articleSection\":[\"Kunst &amp; Kultur\"],\"inLanguage\":\"de\",\"potentialAction\":[{\"@type\":\"CommentAction\",\"name\":\"Comment\",\"target\":[\"https:\\\/\\\/www.salzburgerland.com\\\/de\\\/magazin\\\/der-maibaum-wird-aufgestellt\\\/#respond\"]}]},{\"@type\":\"WebPage\",\"@id\":\"https:\\\/\\\/www.salzburgerland.com\\\/de\\\/magazin\\\/der-maibaum-wird-aufgestellt\\\/\",\"url\":\"https:\\\/\\\/www.salzburgerland.com\\\/de\\\/magazin\\\/der-maibaum-wird-aufgestellt\\\/\",\"name\":\"Der Maibaum wird aufgestellt - SalzburgerLand Magazin\",\"isPartOf\":{\"@id\":\"https:\\\/\\\/www.salzburgerland.com\\\/de\\\/magazin\\\/#website\"},\"primaryImageOfPage\":{\"@id\":\"https:\\\/\\\/www.salzburgerland.com\\\/de\\\/magazin\\\/der-maibaum-wird-aufgestellt\\\/#primaryimage\"},\"image\":{\"@id\":\"https:\\\/\\\/www.salzburgerland.com\\\/de\\\/magazin\\\/der-maibaum-wird-aufgestellt\\\/#primaryimage\"},\"thumbnailUrl\":\"https:\\\/\\\/www.salzburgerland.com\\\/de\\\/magazin\\\/wp-content\\\/uploads\\\/2012\\\/05\\\/IMG_1144.jpg\",\"datePublished\":\"2025-04-07T10:20:00+00:00\",\"dateModified\":\"2025-04-25T10:19:12+00:00\",\"breadcrumb\":{\"@id\":\"https:\\\/\\\/www.salzburgerland.com\\\/de\\\/magazin\\\/der-maibaum-wird-aufgestellt\\\/#breadcrumb\"},\"inLanguage\":\"de\",\"potentialAction\":[{\"@type\":\"ReadAction\",\"target\":[\"https:\\\/\\\/www.salzburgerland.com\\\/de\\\/magazin\\\/der-maibaum-wird-aufgestellt\\\/\"]}]},{\"@type\":\"ImageObject\",\"inLanguage\":\"de\",\"@id\":\"https:\\\/\\\/www.salzburgerland.com\\\/de\\\/magazin\\\/der-maibaum-wird-aufgestellt\\\/#primaryimage\",\"url\":\"https:\\\/\\\/www.salzburgerland.com\\\/de\\\/magazin\\\/wp-content\\\/uploads\\\/2012\\\/05\\\/IMG_1144.jpg\",\"contentUrl\":\"https:\\\/\\\/www.salzburgerland.com\\\/de\\\/magazin\\\/wp-content\\\/uploads\\\/2012\\\/05\\\/IMG_1144.jpg\",\"width\":1500,\"height\":1000,\"caption\":\"Eine Person klettert auf einen hohen Mast, der mit Kr\u00e4nzen, B\u00e4ndern und h\u00e4ngenden W\u00fcrsten vor einem blauen Himmel geschm\u00fcckt ist.\"},{\"@type\":\"BreadcrumbList\",\"@id\":\"https:\\\/\\\/www.salzburgerland.com\\\/de\\\/magazin\\\/der-maibaum-wird-aufgestellt\\\/#breadcrumb\",\"itemListElement\":[{\"@type\":\"ListItem\",\"position\":1,\"name\":\"Startseite\",\"item\":\"https:\\\/\\\/www.salzburgerland.com\\\/de\\\/magazin\\\/\"},{\"@type\":\"ListItem\",\"position\":2,\"name\":\"Kunst &amp; Kultur\",\"item\":\"https:\\\/\\\/www.salzburgerland.com\\\/de\\\/magazin\\\/thema\\\/kunst-kultur\\\/\"},{\"@type\":\"ListItem\",\"position\":3,\"name\":\"Der Maibaum wird aufgestellt\"}]},{\"@type\":\"WebSite\",\"@id\":\"https:\\\/\\\/www.salzburgerland.com\\\/de\\\/magazin\\\/#website\",\"url\":\"https:\\\/\\\/www.salzburgerland.com\\\/de\\\/magazin\\\/\",\"name\":\"SalzburgerLand Magazin\",\"description\":\"Geschichten und Interessantes aus dem SalzburgerLand\",\"publisher\":{\"@id\":\"https:\\\/\\\/www.salzburgerland.com\\\/de\\\/magazin\\\/#organization\"},\"potentialAction\":[{\"@type\":\"SearchAction\",\"target\":{\"@type\":\"EntryPoint\",\"urlTemplate\":\"https:\\\/\\\/www.salzburgerland.com\\\/de\\\/magazin\\\/?s={search_term_string}\"},\"query-input\":{\"@type\":\"PropertyValueSpecification\",\"valueRequired\":true,\"valueName\":\"search_term_string\"}}],\"inLanguage\":\"de\"},{\"@type\":\"Organization\",\"@id\":\"https:\\\/\\\/www.salzburgerland.com\\\/de\\\/magazin\\\/#organization\",\"name\":\"SalzburgerLand Tourismus\",\"url\":\"https:\\\/\\\/www.salzburgerland.com\\\/de\\\/magazin\\\/\",\"logo\":{\"@type\":\"ImageObject\",\"inLanguage\":\"de\",\"@id\":\"https:\\\/\\\/www.salzburgerland.com\\\/de\\\/magazin\\\/#\\\/schema\\\/logo\\\/image\\\/\",\"url\":\"https:\\\/\\\/www.salzburgerland.com\\\/de\\\/magazin\\\/wp-content\\\/uploads\\\/2019\\\/06\\\/salzburgerland-logo1.jpg\",\"contentUrl\":\"https:\\\/\\\/www.salzburgerland.com\\\/de\\\/magazin\\\/wp-content\\\/uploads\\\/2019\\\/06\\\/salzburgerland-logo1.jpg\",\"width\":2011,\"height\":866,\"caption\":\"SalzburgerLand Tourismus\"},\"image\":{\"@id\":\"https:\\\/\\\/www.salzburgerland.com\\\/de\\\/magazin\\\/#\\\/schema\\\/logo\\\/image\\\/\"},\"sameAs\":[\"https:\\\/\\\/www.facebook.com\\\/salzburgerland\\\/\",\"https:\\\/\\\/x.com\\\/Salzburgerland\",\"https:\\\/\\\/www.instagram.com\\\/salzburgerland\\\/\",\"https:\\\/\\\/at.linkedin.com\\\/company\\\/salzburgerland-tourismus-gmbh\",\"https:\\\/\\\/www.pinterest.at\\\/salzburgerland\\\/\",\"https:\\\/\\\/www.youtube.com\\\/user\\\/salzburgerland\",\"https:\\\/\\\/de.wikipedia.org\\\/wiki\\\/SalzburgerLand_Tourismus_GmbH\"]},{\"@type\":\"Person\",\"@id\":\"https:\\\/\\\/www.salzburgerland.com\\\/de\\\/magazin\\\/#\\\/schema\\\/person\\\/436a159c3d355745bb9190e3e7f6d897\",\"name\":\"Daniela J\u00e4ger\",\"description\":\"Salzburg Stadt, SalzburgLand, Bad Ischl, Krems, St. P\u00f6lten, M\u00fcnchen, Wien und wieder retour. Daniela J\u00e4ger hat w\u00e4hrend ihrer Ausbildung und ersten Berufserfahrungen relativ wenig von der Welt, daf\u00fcr viel von \u00d6sterreich gesehen und wei\u00df - zu Hause im SalzburgerLand ist es doch am sch\u00f6nsten. Zur\u00fcckgekommen, um zu bleiben lautet also das Motto. Im M\u00e4rz 2009 in der Stadt Salzburg mit einer Marketing- und PR-Agentur selbstst\u00e4ndig gemacht hatte Daniela J\u00e4ger von Beginn an das Gl\u00fcck, der Heimat, der Tradition &amp; der Innovation verbundene Unternehmen ihre Kunden nennen zu d\u00fcrfen. In der Freizeit nutzt sie jede Gelegenheit, einen Berg zu erobern oder an einem der umliegenden Seen die Seele baumeln zu lassen und die Sch\u00f6nheit der Salzburger Natur zu jeder Jahreszeit voll und ganz auszukosten. Fragen mit Antworten von Daniela J\u00e4ger Fr\u00fchling, Sommer, Herbst oder Winter? Das wirklich Besondere bei uns sind die Jahreszeiten. Der Fr\u00fchling mit seinem Erwachen, der Sommer mit seiner Energie, der Herbst mit seiner Sinnlichkeit und der Winter mit seiner Ruhe - ich liebe sie alle! Luxushotel oder Almh\u00fctte? Da sag ich ganz klar zu keinem von beiden Nein. Jede dieser \\\"Herbergen\\\" haben ihren ganz besonderen Reiz und je nach Sehnsucht wird dort wie da entspannt und jeder auch noch so kurze Besuch wird zu Urlaubsfeeling pur. Gummistiefel oder Highheels? Bei meiner R\u00fcckkehr nach Salzburg waren auch meine Gummistiefel - nicht diese modischen Modestieferl, sondern die echten - mit im Gep\u00e4ck. Klar, im Salzburger Schn\u00fcrlregen habe ich nun endlich Grund, sie dauerzutragen. Aber auch mit atemberaubenden Highheels d\u00fcrfen meine F\u00fc\u00dfe ab und an au\u00dfer Haus. Kr\u00e4utertee oder Zirbenschnaps? Ein Zirberl in Ehren kann dieJ\u00e4gerin niemals verwehren - aber selbstverst\u00e4ndlich nur die, die auf legalem Weg kredenzt werden, denn der Zirbenzapfen steht unter Naturschutz. Doch auch ein guter Bio-Kr\u00e4utertee hat es etwas Magisches und tut unglaublich gut. Alpinski, Offpist oder Skitour? Alles was mit zwei Brettern unter den F\u00fc\u00dfen zu tun hat wird gemacht. Au\u00dfer im Sommer. Da tausche ich die Wasserski lieber gegen das Wakeboard. Einer der gro\u00dfen Vorteile am Leben im SalzburgerLand ist die N\u00e4he zu unz\u00e4hligen Skigebieten. Da kann man auch unter der Woche nach dem B\u00fcro die Tourenski anschnallen und noch schnell den D\u00fcrrnberg oder das Zw\u00f6lferhorn bezwingen. Und am Wochenende geht es dann zum Powdern und Carven in eines der gr\u00f6\u00dferen umliegenden Skigebiete.\",\"url\":\"https:\\\/\\\/www.salzburgerland.com\\\/de\\\/magazin\\\/author\\\/daniela-jaeger\\\/\"}]}<\/script>\n<!-- \/ Yoast SEO Premium plugin. -->","yoast_head_json":{"title":"Der Maibaum wird aufgestellt - SalzburgerLand Magazin","description":"Br\u00e4uche um den Maibaum gibt es schon seit dem 13. Jahrhundert. Viel angeblich Mythisch-Mysthisches,\u00a0 Kultisch-Rituelles wurde in den Maibaum immer wieder hineininterpretiert. Es folgt hier nun der Versuch mit den Mythos Maibaum in einer heiteren Fr\u00fchlingsgeschichte ein f\u00fcr alle mal aufzur\u00e4umen.","robots":{"index":"index","follow":"follow","max-snippet":"max-snippet:-1","max-image-preview":"max-image-preview:large","max-video-preview":"max-video-preview:-1"},"canonical":"https:\/\/www.salzburgerland.com\/de\/magazin\/der-maibaum-wird-aufgestellt\/","og_locale":"de_DE","og_type":"article","og_title":"Der Maibaum wird aufgestellt","og_description":"Das Salzburger Landesinstitut f\u00fcr Volkskunde spricht von Maibaum-Br\u00e4uchen seit dem Mittelalter, diese sind aber in der heutigen Form als Feste mit Volkstanz im 19. Jahrhunderts entstanden. Eine fl\u00e4chendeckende Verbreitung des Brauches fand erst im 20. Jahrhundert statt. Wohl kein anderer Baum hat derart viele Ausgestaltungen und erlebt bis heute auch regional unterschiedliche Bedeutungen. War er [&hellip;]","og_url":"https:\/\/www.salzburgerland.com\/de\/magazin\/der-maibaum-wird-aufgestellt\/","og_site_name":"SalzburgerLand Magazin","article_publisher":"https:\/\/www.facebook.com\/salzburgerland\/","article_published_time":"2025-04-07T10:20:00+00:00","article_modified_time":"2025-04-25T10:19:12+00:00","og_image":[{"width":1500,"height":1000,"url":"https:\/\/www.salzburgerland.com\/de\/magazin\/wp-content\/uploads\/2012\/05\/IMG_1144.jpg","type":"image\/jpeg"}],"author":"Daniela J\u00e4ger","twitter_card":"summary_large_image","twitter_creator":"@Salzburgerland","twitter_site":"@Salzburgerland","twitter_misc":{"Verfasst von":"Daniela J\u00e4ger","Gesch\u00e4tzte Lesezeit":"6\u00a0Minuten"},"schema":{"@context":"https:\/\/schema.org","@graph":[{"@type":"Article","@id":"https:\/\/www.salzburgerland.com\/de\/magazin\/der-maibaum-wird-aufgestellt\/#article","isPartOf":{"@id":"https:\/\/www.salzburgerland.com\/de\/magazin\/der-maibaum-wird-aufgestellt\/"},"author":{"name":"Daniela J\u00e4ger","@id":"https:\/\/www.salzburgerland.com\/de\/magazin\/#\/schema\/person\/436a159c3d355745bb9190e3e7f6d897"},"headline":"Der Maibaum wird aufgestellt","datePublished":"2025-04-07T10:20:00+00:00","dateModified":"2025-04-25T10:19:12+00:00","mainEntityOfPage":{"@id":"https:\/\/www.salzburgerland.com\/de\/magazin\/der-maibaum-wird-aufgestellt\/"},"wordCount":815,"commentCount":0,"publisher":{"@id":"https:\/\/www.salzburgerland.com\/de\/magazin\/#organization"},"image":{"@id":"https:\/\/www.salzburgerland.com\/de\/magazin\/der-maibaum-wird-aufgestellt\/#primaryimage"},"thumbnailUrl":"https:\/\/www.salzburgerland.com\/de\/magazin\/wp-content\/uploads\/2012\/05\/IMG_1144.jpg","articleSection":["Kunst &amp; Kultur"],"inLanguage":"de","potentialAction":[{"@type":"CommentAction","name":"Comment","target":["https:\/\/www.salzburgerland.com\/de\/magazin\/der-maibaum-wird-aufgestellt\/#respond"]}]},{"@type":"WebPage","@id":"https:\/\/www.salzburgerland.com\/de\/magazin\/der-maibaum-wird-aufgestellt\/","url":"https:\/\/www.salzburgerland.com\/de\/magazin\/der-maibaum-wird-aufgestellt\/","name":"Der Maibaum wird aufgestellt - SalzburgerLand Magazin","isPartOf":{"@id":"https:\/\/www.salzburgerland.com\/de\/magazin\/#website"},"primaryImageOfPage":{"@id":"https:\/\/www.salzburgerland.com\/de\/magazin\/der-maibaum-wird-aufgestellt\/#primaryimage"},"image":{"@id":"https:\/\/www.salzburgerland.com\/de\/magazin\/der-maibaum-wird-aufgestellt\/#primaryimage"},"thumbnailUrl":"https:\/\/www.salzburgerland.com\/de\/magazin\/wp-content\/uploads\/2012\/05\/IMG_1144.jpg","datePublished":"2025-04-07T10:20:00+00:00","dateModified":"2025-04-25T10:19:12+00:00","breadcrumb":{"@id":"https:\/\/www.salzburgerland.com\/de\/magazin\/der-maibaum-wird-aufgestellt\/#breadcrumb"},"inLanguage":"de","potentialAction":[{"@type":"ReadAction","target":["https:\/\/www.salzburgerland.com\/de\/magazin\/der-maibaum-wird-aufgestellt\/"]}]},{"@type":"ImageObject","inLanguage":"de","@id":"https:\/\/www.salzburgerland.com\/de\/magazin\/der-maibaum-wird-aufgestellt\/#primaryimage","url":"https:\/\/www.salzburgerland.com\/de\/magazin\/wp-content\/uploads\/2012\/05\/IMG_1144.jpg","contentUrl":"https:\/\/www.salzburgerland.com\/de\/magazin\/wp-content\/uploads\/2012\/05\/IMG_1144.jpg","width":1500,"height":1000,"caption":"Eine Person klettert auf einen hohen Mast, der mit Kr\u00e4nzen, B\u00e4ndern und h\u00e4ngenden W\u00fcrsten vor einem blauen Himmel geschm\u00fcckt ist."},{"@type":"BreadcrumbList","@id":"https:\/\/www.salzburgerland.com\/de\/magazin\/der-maibaum-wird-aufgestellt\/#breadcrumb","itemListElement":[{"@type":"ListItem","position":1,"name":"Startseite","item":"https:\/\/www.salzburgerland.com\/de\/magazin\/"},{"@type":"ListItem","position":2,"name":"Kunst &amp; Kultur","item":"https:\/\/www.salzburgerland.com\/de\/magazin\/thema\/kunst-kultur\/"},{"@type":"ListItem","position":3,"name":"Der Maibaum wird aufgestellt"}]},{"@type":"WebSite","@id":"https:\/\/www.salzburgerland.com\/de\/magazin\/#website","url":"https:\/\/www.salzburgerland.com\/de\/magazin\/","name":"SalzburgerLand Magazin","description":"Geschichten und Interessantes aus dem SalzburgerLand","publisher":{"@id":"https:\/\/www.salzburgerland.com\/de\/magazin\/#organization"},"potentialAction":[{"@type":"SearchAction","target":{"@type":"EntryPoint","urlTemplate":"https:\/\/www.salzburgerland.com\/de\/magazin\/?s={search_term_string}"},"query-input":{"@type":"PropertyValueSpecification","valueRequired":true,"valueName":"search_term_string"}}],"inLanguage":"de"},{"@type":"Organization","@id":"https:\/\/www.salzburgerland.com\/de\/magazin\/#organization","name":"SalzburgerLand Tourismus","url":"https:\/\/www.salzburgerland.com\/de\/magazin\/","logo":{"@type":"ImageObject","inLanguage":"de","@id":"https:\/\/www.salzburgerland.com\/de\/magazin\/#\/schema\/logo\/image\/","url":"https:\/\/www.salzburgerland.com\/de\/magazin\/wp-content\/uploads\/2019\/06\/salzburgerland-logo1.jpg","contentUrl":"https:\/\/www.salzburgerland.com\/de\/magazin\/wp-content\/uploads\/2019\/06\/salzburgerland-logo1.jpg","width":2011,"height":866,"caption":"SalzburgerLand Tourismus"},"image":{"@id":"https:\/\/www.salzburgerland.com\/de\/magazin\/#\/schema\/logo\/image\/"},"sameAs":["https:\/\/www.facebook.com\/salzburgerland\/","https:\/\/x.com\/Salzburgerland","https:\/\/www.instagram.com\/salzburgerland\/","https:\/\/at.linkedin.com\/company\/salzburgerland-tourismus-gmbh","https:\/\/www.pinterest.at\/salzburgerland\/","https:\/\/www.youtube.com\/user\/salzburgerland","https:\/\/de.wikipedia.org\/wiki\/SalzburgerLand_Tourismus_GmbH"]},{"@type":"Person","@id":"https:\/\/www.salzburgerland.com\/de\/magazin\/#\/schema\/person\/436a159c3d355745bb9190e3e7f6d897","name":"Daniela J\u00e4ger","description":"Salzburg Stadt, SalzburgLand, Bad Ischl, Krems, St. P\u00f6lten, M\u00fcnchen, Wien und wieder retour. Daniela J\u00e4ger hat w\u00e4hrend ihrer Ausbildung und ersten Berufserfahrungen relativ wenig von der Welt, daf\u00fcr viel von \u00d6sterreich gesehen und wei\u00df - zu Hause im SalzburgerLand ist es doch am sch\u00f6nsten. Zur\u00fcckgekommen, um zu bleiben lautet also das Motto. Im M\u00e4rz 2009 in der Stadt Salzburg mit einer Marketing- und PR-Agentur selbstst\u00e4ndig gemacht hatte Daniela J\u00e4ger von Beginn an das Gl\u00fcck, der Heimat, der Tradition &amp; der Innovation verbundene Unternehmen ihre Kunden nennen zu d\u00fcrfen. In der Freizeit nutzt sie jede Gelegenheit, einen Berg zu erobern oder an einem der umliegenden Seen die Seele baumeln zu lassen und die Sch\u00f6nheit der Salzburger Natur zu jeder Jahreszeit voll und ganz auszukosten. Fragen mit Antworten von Daniela J\u00e4ger Fr\u00fchling, Sommer, Herbst oder Winter? Das wirklich Besondere bei uns sind die Jahreszeiten. Der Fr\u00fchling mit seinem Erwachen, der Sommer mit seiner Energie, der Herbst mit seiner Sinnlichkeit und der Winter mit seiner Ruhe - ich liebe sie alle! Luxushotel oder Almh\u00fctte? Da sag ich ganz klar zu keinem von beiden Nein. Jede dieser \"Herbergen\" haben ihren ganz besonderen Reiz und je nach Sehnsucht wird dort wie da entspannt und jeder auch noch so kurze Besuch wird zu Urlaubsfeeling pur. Gummistiefel oder Highheels? Bei meiner R\u00fcckkehr nach Salzburg waren auch meine Gummistiefel - nicht diese modischen Modestieferl, sondern die echten - mit im Gep\u00e4ck. Klar, im Salzburger Schn\u00fcrlregen habe ich nun endlich Grund, sie dauerzutragen. Aber auch mit atemberaubenden Highheels d\u00fcrfen meine F\u00fc\u00dfe ab und an au\u00dfer Haus. Kr\u00e4utertee oder Zirbenschnaps? Ein Zirberl in Ehren kann dieJ\u00e4gerin niemals verwehren - aber selbstverst\u00e4ndlich nur die, die auf legalem Weg kredenzt werden, denn der Zirbenzapfen steht unter Naturschutz. Doch auch ein guter Bio-Kr\u00e4utertee hat es etwas Magisches und tut unglaublich gut. Alpinski, Offpist oder Skitour? Alles was mit zwei Brettern unter den F\u00fc\u00dfen zu tun hat wird gemacht. Au\u00dfer im Sommer. Da tausche ich die Wasserski lieber gegen das Wakeboard. Einer der gro\u00dfen Vorteile am Leben im SalzburgerLand ist die N\u00e4he zu unz\u00e4hligen Skigebieten. Da kann man auch unter der Woche nach dem B\u00fcro die Tourenski anschnallen und noch schnell den D\u00fcrrnberg oder das Zw\u00f6lferhorn bezwingen. Und am Wochenende geht es dann zum Powdern und Carven in eines der gr\u00f6\u00dferen umliegenden Skigebiete.","url":"https:\/\/www.salzburgerland.com\/de\/magazin\/author\/daniela-jaeger\/"}]}},"_wl_alt_label":[],"wl:entity_url":"http:\/\/open.salzburgerland.com\/magazin\/post\/der_maibaum_wird_aufgestellt","_links":{"self":[{"href":"https:\/\/www.salzburgerland.com\/de\/magazin\/wp-json\/wp\/v2\/posts\/17148","targetHints":{"allow":["GET"]}}],"collection":[{"href":"https:\/\/www.salzburgerland.com\/de\/magazin\/wp-json\/wp\/v2\/posts"}],"about":[{"href":"https:\/\/www.salzburgerland.com\/de\/magazin\/wp-json\/wp\/v2\/types\/post"}],"author":[{"embeddable":true,"href":"https:\/\/www.salzburgerland.com\/de\/magazin\/wp-json\/wp\/v2\/users\/12"}],"replies":[{"embeddable":true,"href":"https:\/\/www.salzburgerland.com\/de\/magazin\/wp-json\/wp\/v2\/comments?post=17148"}],"version-history":[{"count":5,"href":"https:\/\/www.salzburgerland.com\/de\/magazin\/wp-json\/wp\/v2\/posts\/17148\/revisions"}],"predecessor-version":[{"id":186555,"href":"https:\/\/www.salzburgerland.com\/de\/magazin\/wp-json\/wp\/v2\/posts\/17148\/revisions\/186555"}],"wp:featuredmedia":[{"embeddable":true,"href":"https:\/\/www.salzburgerland.com\/de\/magazin\/wp-json\/wp\/v2\/media\/17137"}],"wp:attachment":[{"href":"https:\/\/www.salzburgerland.com\/de\/magazin\/wp-json\/wp\/v2\/media?parent=17148"}],"wp:term":[{"taxonomy":"category","embeddable":true,"href":"https:\/\/www.salzburgerland.com\/de\/magazin\/wp-json\/wp\/v2\/categories?post=17148"},{"taxonomy":"post_tag","embeddable":true,"href":"https:\/\/www.salzburgerland.com\/de\/magazin\/wp-json\/wp\/v2\/tags?post=17148"},{"taxonomy":"wl_entity_type","embeddable":true,"href":"https:\/\/www.salzburgerland.com\/de\/magazin\/wp-json\/wp\/v2\/wl_entity_type?post=17148"},{"taxonomy":"monatsauswahl","embeddable":true,"href":"https:\/\/www.salzburgerland.com\/de\/magazin\/wp-json\/wp\/v2\/monatsauswahl?post=17148"}],"curies":[{"name":"wp","href":"https:\/\/api.w.org\/{rel}","templated":true}]}}