{"id":170581,"date":"2023-06-07T07:00:00","date_gmt":"2023-06-07T05:00:00","guid":{"rendered":"https:\/\/www.salzburgerland.com\/de\/magazin\/?p=170581"},"modified":"2023-05-15T08:16:32","modified_gmt":"2023-05-15T06:16:32","slug":"vom-gasteinertal-ins-grossarltal","status":"publish","type":"post","link":"https:\/\/www.salzburgerland.com\/de\/magazin\/vom-gasteinertal-ins-grossarltal\/","title":{"rendered":"Vom Gasteinertal ins Gro\u00dfarltal"},"content":{"rendered":"\n<div class=\"wp-block-slt-top topBlocks\">\n<h2 class=\"wp-block-slt-subtitle\">Mit dem Bike von Tal zu Tal<\/h2>\n\n\n\n<p class=\"wp-block-slt-intro\">Die Biketour vom Gasteinertal \u00fcber der Fulseck bis in das Gro\u00dfarltal ist eines der sportlichen Highlights im Herzen des SalzburgerLandes. Die Tour bietet jede Menge Abwechslung, von einfachen Forstwegen bis hin zu rasanten Trailabfahrten in das Gro\u00dfarltal. Wer die Tour abk\u00fcrzen m\u00f6chte, der nimmt die Bergbahnen zu Hilfe.<\/p>\n<\/div>\n\n\n\n\n\n<p>Wir sind heute schon den ganzen Tag auf unseren R\u00e4dern unterwegs. Gestartet sind wir im Gasteinertal. Von hier aus sind wir kr\u00e4ftig in die Pedale getreten und haben die vielen H\u00f6henmeter bis zum Fulseck hinter uns gebracht. Wir h\u00e4tten auch die Gondelbahn zum Fulseck nehmen k\u00f6nnen, doch der Ehrgeiz war zu gro\u00df. Oben angekommen haben wir den Lohn unserer Anstrengungen genossen. Doch nicht genug, haben wir noch die letzten Meter zum Gipfel des Kreuzkogels zu Fu\u00df bew\u00e4ltigt. Der Ausblick von oben ist nochmal um einiges sch\u00f6ner als von der Bergstation. Der Rundumblick reicht von den Hohen Tauern, \u00fcber den Hochk\u00f6nig bis hin zu den hohen Gipfeln im Norden.<\/p>\n\n\n\n<figure class=\"wp-block-image size-full\"><img loading=\"lazy\" decoding=\"async\" width=\"2000\" height=\"1334\" src=\"https:\/\/www.salzburgerland.com\/de\/magazin\/wp-content\/uploads\/2023\/05\/RS4699__MA_6988-2-lpr.jpg\" alt=\"Zwei Personen genie\u00dfen eine Biketour von Gro\u00dfarl bis Gastein auf verschlungenen Pfaden durch gr\u00fcne H\u00fcgel und Bergblicke.\" class=\"wp-image-170584\" srcset=\"https:\/\/www.salzburgerland.com\/de\/magazin\/wp-content\/uploads\/2023\/05\/RS4699__MA_6988-2-lpr.jpg 2000w, https:\/\/www.salzburgerland.com\/de\/magazin\/wp-content\/uploads\/2023\/05\/RS4699__MA_6988-2-lpr-300x200.jpg 300w, https:\/\/www.salzburgerland.com\/de\/magazin\/wp-content\/uploads\/2023\/05\/RS4699__MA_6988-2-lpr-1536x1025.jpg 1536w, https:\/\/www.salzburgerland.com\/de\/magazin\/wp-content\/uploads\/2023\/05\/RS4699__MA_6988-2-lpr-825x550.jpg 825w, https:\/\/www.salzburgerland.com\/de\/magazin\/wp-content\/uploads\/2023\/05\/RS4699__MA_6988-2-lpr-600x400.jpg 600w, https:\/\/www.salzburgerland.com\/de\/magazin\/wp-content\/uploads\/2023\/05\/RS4699__MA_6988-2-lpr-1320x880.jpg 1320w, https:\/\/www.salzburgerland.com\/de\/magazin\/wp-content\/uploads\/2023\/05\/RS4699__MA_6988-2-lpr-150x100.jpg 150w\" sizes=\"auto, (max-width: 2000px) 100vw, 2000px\" \/><figcaption class=\"wp-element-caption\">Der Trail f\u00fchrt sanft Richtung Tal. \u00a9heikomandl.at<\/figcaption><\/figure>\n\n\n\n<h2 class=\"wp-block-heading\">Bikeaction im Gro\u00dfarltal<\/h2>\n\n\n\n<p>Ab jetzt hei\u00dft es aber Action. Der Trail in das Gro\u00dfarltal ist \u00fcber 10 Kilometer lang und l\u00e4sst uns mit unserer Bikes 1.000 Tiefenmeter in das idyllische Tal st\u00fcrzen. \u00dcber einen schmalen Bergr\u00fccken schl\u00e4ngelt sich der Trail in Falllinie bergab. Wir nehmen die Anliegerkurven in vollem Tempo. Hinter uns tut sich eine Staubwolke auf und die Reifen fangen fast schon zu Gl\u00fchen an. Wir nehmen den ersten Kicker und sehen schon den n\u00e4chsten Corner ein paar H\u00f6henmeter unter uns. Der neue Trail am Hochbrand geh\u00f6rt nicht zu den technisch schwierigsten, daf\u00fcr f\u00fchrt er flowig den Berg hinunter und macht einfach Spa\u00df.<\/p>\n\n\n\n<figure class=\"wp-block-image size-full\"><img loading=\"lazy\" decoding=\"async\" width=\"2000\" height=\"1334\" src=\"https:\/\/www.salzburgerland.com\/de\/magazin\/wp-content\/uploads\/2023\/05\/RS4700__MA_7104-2-lpr.jpg\" alt=\"Zwei Personen beim Mountainbiken auf einer kurvenreichen Biketour von Gro\u00dfarl bis Gastein mit landschaftlich reizvollen Biketrails unter blauem Himmel.\" class=\"wp-image-170590\" srcset=\"https:\/\/www.salzburgerland.com\/de\/magazin\/wp-content\/uploads\/2023\/05\/RS4700__MA_7104-2-lpr.jpg 2000w, https:\/\/www.salzburgerland.com\/de\/magazin\/wp-content\/uploads\/2023\/05\/RS4700__MA_7104-2-lpr-300x200.jpg 300w, https:\/\/www.salzburgerland.com\/de\/magazin\/wp-content\/uploads\/2023\/05\/RS4700__MA_7104-2-lpr-1536x1025.jpg 1536w, https:\/\/www.salzburgerland.com\/de\/magazin\/wp-content\/uploads\/2023\/05\/RS4700__MA_7104-2-lpr-825x550.jpg 825w, https:\/\/www.salzburgerland.com\/de\/magazin\/wp-content\/uploads\/2023\/05\/RS4700__MA_7104-2-lpr-600x400.jpg 600w, https:\/\/www.salzburgerland.com\/de\/magazin\/wp-content\/uploads\/2023\/05\/RS4700__MA_7104-2-lpr-1320x880.jpg 1320w, https:\/\/www.salzburgerland.com\/de\/magazin\/wp-content\/uploads\/2023\/05\/RS4700__MA_7104-2-lpr-150x100.jpg 150w\" sizes=\"auto, (max-width: 2000px) 100vw, 2000px\" \/><figcaption class=\"wp-element-caption\">Bikeaction mit Aussicht. \u00a9heikomandl.at<\/figcaption><\/figure>\n\n\n\n<h2 class=\"wp-block-heading\">Teil zwei<\/h2>\n\n\n\n<p>Ab der Mittelstation treffen wir auf ein paar Biker, die nicht bis ganz oben gefahren sind und &#8222;nur&#8220; den unteren Teil des Trails testen wollen. Wir matchen uns bergab und geben noch einmal richtig Gas. Dieser Teil wird etwas verwinkelter und technisch anspruchsvoller. Daf\u00fcr spenden die B\u00e4ume einen wohltuenden Schatten. In schmalen Serpentinen geht es immer bergab. Unten angekommen merken wir an unseren verschwitzen Trikots, dass wir auch sportlich etwas getan haben. Die Frage nach dem \u201eWas nun?\u201c stellt sich nicht. Nat\u00fcrlich fahren wir noch einmal hinauf. Doch zuerst fassen wir eine geh\u00f6rige Portion Wasser. So verbringen wir den Tag hier am Trail und in der Gondel.<\/p>\n\n\n\n<figure class=\"wp-block-image size-full\"><img loading=\"lazy\" decoding=\"async\" width=\"1334\" height=\"2000\" src=\"https:\/\/www.salzburgerland.com\/de\/magazin\/wp-content\/uploads\/2023\/05\/RS4702__MA_7211-2-lpr.jpg\" alt=\"Zwei Radfahrer genie\u00dfen eine Biketour von Gro\u00dfarl bis Gastein auf Waldwegen mit Sonnenlicht durch hohe B\u00e4ume.\" class=\"wp-image-170589\" srcset=\"https:\/\/www.salzburgerland.com\/de\/magazin\/wp-content\/uploads\/2023\/05\/RS4702__MA_7211-2-lpr.jpg 1334w, https:\/\/www.salzburgerland.com\/de\/magazin\/wp-content\/uploads\/2023\/05\/RS4702__MA_7211-2-lpr-200x300.jpg 200w, https:\/\/www.salzburgerland.com\/de\/magazin\/wp-content\/uploads\/2023\/05\/RS4702__MA_7211-2-lpr-1025x1536.jpg 1025w, https:\/\/www.salzburgerland.com\/de\/magazin\/wp-content\/uploads\/2023\/05\/RS4702__MA_7211-2-lpr-367x550.jpg 367w, https:\/\/www.salzburgerland.com\/de\/magazin\/wp-content\/uploads\/2023\/05\/RS4702__MA_7211-2-lpr-267x400.jpg 267w, https:\/\/www.salzburgerland.com\/de\/magazin\/wp-content\/uploads\/2023\/05\/RS4702__MA_7211-2-lpr-1320x1979.jpg 1320w, https:\/\/www.salzburgerland.com\/de\/magazin\/wp-content\/uploads\/2023\/05\/RS4702__MA_7211-2-lpr-150x225.jpg 150w\" sizes=\"auto, (max-width: 1334px) 100vw, 1334px\" \/><figcaption class=\"wp-element-caption\">Der untere Teil f\u00fchrt zum Teil durch W\u00e4lder. \u00a9heikomandl.at<\/figcaption><\/figure>\n\n\n\n<h2 class=\"wp-block-heading\" id=\"h-alles-hat-ein-ende\">Alles hat ein Ende<\/h2>\n\n\n\n<p>Schlie\u00dflich neigt sich die Sonne gegen den Horizont. F\u00fcr uns ist es Zeit wieder Richtung Gro\u00dfarltal aufzubrechen. Wir nehmen zum letzten Mal die Gondel zum Gipfel und treten ersch\u00f6pft die letzten Meter Richtung Kreuzkogel. Danach geht es f\u00fcr uns nur mehr bergab. \u00dcber den Schotter unter dem Fulseck vorbei rollen wir sanft nach Dorfgastein. Ein actionreicher Tag in den Bergen geht zu Ende, zufrieden steigen wir ins Auto, mit im Gep\u00e4ck jede Menge Erinnerungen an die vielen sch\u00f6nen Momente im Herzen des SalzburgerLandes.<\/p>\n\n\n\n<figure class=\"wp-block-image size-full\"><img loading=\"lazy\" decoding=\"async\" width=\"2000\" height=\"1334\" src=\"https:\/\/www.salzburgerland.com\/de\/magazin\/wp-content\/uploads\/2023\/05\/RS4697__MA_6513-2-lpr.jpg\" alt=\"Zwei Radfahrer mit Rucks\u00e4cken genie\u00dfen einen wolkenverhangenen Ausblick auf der Biketour von Gro\u00dfarl bis Gastein mit einigen Biketrails.\" class=\"wp-image-170591\" srcset=\"https:\/\/www.salzburgerland.com\/de\/magazin\/wp-content\/uploads\/2023\/05\/RS4697__MA_6513-2-lpr.jpg 2000w, https:\/\/www.salzburgerland.com\/de\/magazin\/wp-content\/uploads\/2023\/05\/RS4697__MA_6513-2-lpr-300x200.jpg 300w, https:\/\/www.salzburgerland.com\/de\/magazin\/wp-content\/uploads\/2023\/05\/RS4697__MA_6513-2-lpr-1536x1025.jpg 1536w, https:\/\/www.salzburgerland.com\/de\/magazin\/wp-content\/uploads\/2023\/05\/RS4697__MA_6513-2-lpr-825x550.jpg 825w, https:\/\/www.salzburgerland.com\/de\/magazin\/wp-content\/uploads\/2023\/05\/RS4697__MA_6513-2-lpr-600x400.jpg 600w, https:\/\/www.salzburgerland.com\/de\/magazin\/wp-content\/uploads\/2023\/05\/RS4697__MA_6513-2-lpr-1320x880.jpg 1320w, https:\/\/www.salzburgerland.com\/de\/magazin\/wp-content\/uploads\/2023\/05\/RS4697__MA_6513-2-lpr-150x100.jpg 150w\" sizes=\"auto, (max-width: 2000px) 100vw, 2000px\" \/><figcaption class=\"wp-element-caption\">Momente f\u00fcr die Mountainbiker leben. \u00a9heikomandl.at<\/figcaption><\/figure>\n\n\n\n<p>Informationen zur Tour gibt es hier: <a href=\"https:\/\/www.bergfex.at\/sommer\/salzburg\/touren\/mountainbike\/938479,\/\" target=\"_blank\" rel=\"noreferrer noopener\">Biketour Gastein-, Gro\u00dfarltal<\/a>.<\/p>\n","protected":false},"excerpt":{"rendered":"<p>Wir sind heute schon den ganzen Tag auf unseren R\u00e4dern unterwegs. Gestartet sind wir im Gasteinertal. Von hier aus sind wir kr\u00e4ftig in die Pedale getreten und haben die vielen H\u00f6henmeter bis zum Fulseck hinter uns gebracht. Wir h\u00e4tten auch die Gondelbahn zum Fulseck nehmen k\u00f6nnen, doch der Ehrgeiz war zu gro\u00df. Oben angekommen haben [&hellip;]<\/p>\n","protected":false},"author":10,"featured_media":170583,"comment_status":"closed","ping_status":"closed","sticky":false,"template":"","format":"standard","meta":{"_acf_changed":false,"wl_entities_gutenberg":"","_wl_entity_redirect_enabled":"","footnotes":""},"categories":[8],"tags":[7649,161,59,7156,1613,221],"wl_entity_type":[306],"monatsauswahl":[86,87,88,89,90,91],"class_list":["post-170581","post","type-post","status-publish","format-standard","has-post-thumbnail","hentry","category-outdoor-sport","tag-bergbahnen","tag-bergsee","tag-bike","tag-gastein","tag-gipfel","tag-grossarl","wl_entity_type-article","monatsauswahl-monat_5","monatsauswahl-monat_6","monatsauswahl-monat_7","monatsauswahl-monat_8","monatsauswahl-monat_9","monatsauswahl-monat_10"],"acf":[],"yoast_head":"<!-- This site is optimized with the Yoast SEO Premium plugin v27.4 (Yoast SEO v27.4) - https:\/\/yoast.com\/product\/yoast-seo-premium-wordpress\/ -->\n<title>Vom Gasteinertal ins Gro\u00dfarltal - SalzburgerLand Magazin<\/title>\n<meta name=\"robots\" content=\"index, follow, max-snippet:-1, max-image-preview:large, max-video-preview:-1\" \/>\n<link rel=\"canonical\" href=\"https:\/\/www.salzburgerland.com\/de\/magazin\/vom-gasteinertal-ins-grossarltal\/\" \/>\n<meta property=\"og:locale\" content=\"de_DE\" \/>\n<meta property=\"og:type\" content=\"article\" \/>\n<meta property=\"og:title\" content=\"Vom Gasteinertal ins Gro\u00dfarltal\" \/>\n<meta property=\"og:description\" content=\"Wir sind heute schon den ganzen Tag auf unseren R\u00e4dern unterwegs. Gestartet sind wir im Gasteinertal. Von hier aus sind wir kr\u00e4ftig in die Pedale getreten und haben die vielen H\u00f6henmeter bis zum Fulseck hinter uns gebracht. Wir h\u00e4tten auch die Gondelbahn zum Fulseck nehmen k\u00f6nnen, doch der Ehrgeiz war zu gro\u00df. Oben angekommen haben [&hellip;]\" \/>\n<meta property=\"og:url\" content=\"https:\/\/www.salzburgerland.com\/de\/magazin\/vom-gasteinertal-ins-grossarltal\/\" \/>\n<meta property=\"og:site_name\" content=\"SalzburgerLand Magazin\" \/>\n<meta property=\"article:publisher\" content=\"https:\/\/www.facebook.com\/salzburgerland\/\" \/>\n<meta property=\"article:published_time\" content=\"2023-06-07T05:00:00+00:00\" \/>\n<meta property=\"og:image\" content=\"https:\/\/www.salzburgerland.com\/de\/magazin\/wp-content\/uploads\/2023\/05\/RS4696__MA_6215-2-lpr1-e1684131311741.jpg\" \/>\n\t<meta property=\"og:image:width\" content=\"2000\" \/>\n\t<meta property=\"og:image:height\" content=\"1010\" \/>\n\t<meta property=\"og:image:type\" content=\"image\/jpeg\" \/>\n<meta name=\"author\" content=\"Heiko Mandl\" \/>\n<meta name=\"twitter:card\" content=\"summary_large_image\" \/>\n<meta name=\"twitter:creator\" content=\"@Salzburgerland\" \/>\n<meta name=\"twitter:site\" content=\"@Salzburgerland\" \/>\n<meta name=\"twitter:label1\" content=\"Verfasst von\" \/>\n\t<meta name=\"twitter:data1\" content=\"Heiko Mandl\" \/>\n\t<meta name=\"twitter:label2\" content=\"Gesch\u00e4tzte Lesezeit\" \/>\n\t<meta name=\"twitter:data2\" content=\"4\u00a0Minuten\" \/>\n<script type=\"application\/ld+json\" class=\"yoast-schema-graph\">{\"@context\":\"https:\\\/\\\/schema.org\",\"@graph\":[{\"@type\":\"Article\",\"@id\":\"https:\\\/\\\/www.salzburgerland.com\\\/de\\\/magazin\\\/vom-gasteinertal-ins-grossarltal\\\/#article\",\"isPartOf\":{\"@id\":\"https:\\\/\\\/www.salzburgerland.com\\\/de\\\/magazin\\\/vom-gasteinertal-ins-grossarltal\\\/\"},\"author\":{\"name\":\"Heiko Mandl\",\"@id\":\"https:\\\/\\\/www.salzburgerland.com\\\/de\\\/magazin\\\/#\\\/schema\\\/person\\\/8871c7c764fce6ea66752310e7fe9e98\"},\"headline\":\"Vom Gasteinertal ins Gro\u00dfarltal\",\"datePublished\":\"2023-06-07T05:00:00+00:00\",\"mainEntityOfPage\":{\"@id\":\"https:\\\/\\\/www.salzburgerland.com\\\/de\\\/magazin\\\/vom-gasteinertal-ins-grossarltal\\\/\"},\"wordCount\":546,\"publisher\":{\"@id\":\"https:\\\/\\\/www.salzburgerland.com\\\/de\\\/magazin\\\/#organization\"},\"image\":{\"@id\":\"https:\\\/\\\/www.salzburgerland.com\\\/de\\\/magazin\\\/vom-gasteinertal-ins-grossarltal\\\/#primaryimage\"},\"thumbnailUrl\":\"https:\\\/\\\/www.salzburgerland.com\\\/de\\\/magazin\\\/wp-content\\\/uploads\\\/2023\\\/05\\\/RS4696__MA_6215-2-lpr1-e1684131311741.jpg\",\"keywords\":[\"Bergbahnen\",\"bergsee\",\"Bike\",\"gastein\",\"Gipfel\",\"Gro\u00dfarl\"],\"articleSection\":[\"Outdoor &amp; Sport\"],\"inLanguage\":\"de\"},{\"@type\":\"WebPage\",\"@id\":\"https:\\\/\\\/www.salzburgerland.com\\\/de\\\/magazin\\\/vom-gasteinertal-ins-grossarltal\\\/\",\"url\":\"https:\\\/\\\/www.salzburgerland.com\\\/de\\\/magazin\\\/vom-gasteinertal-ins-grossarltal\\\/\",\"name\":\"Vom Gasteinertal ins Gro\u00dfarltal - SalzburgerLand Magazin\",\"isPartOf\":{\"@id\":\"https:\\\/\\\/www.salzburgerland.com\\\/de\\\/magazin\\\/#website\"},\"primaryImageOfPage\":{\"@id\":\"https:\\\/\\\/www.salzburgerland.com\\\/de\\\/magazin\\\/vom-gasteinertal-ins-grossarltal\\\/#primaryimage\"},\"image\":{\"@id\":\"https:\\\/\\\/www.salzburgerland.com\\\/de\\\/magazin\\\/vom-gasteinertal-ins-grossarltal\\\/#primaryimage\"},\"thumbnailUrl\":\"https:\\\/\\\/www.salzburgerland.com\\\/de\\\/magazin\\\/wp-content\\\/uploads\\\/2023\\\/05\\\/RS4696__MA_6215-2-lpr1-e1684131311741.jpg\",\"datePublished\":\"2023-06-07T05:00:00+00:00\",\"breadcrumb\":{\"@id\":\"https:\\\/\\\/www.salzburgerland.com\\\/de\\\/magazin\\\/vom-gasteinertal-ins-grossarltal\\\/#breadcrumb\"},\"inLanguage\":\"de\",\"potentialAction\":[{\"@type\":\"ReadAction\",\"target\":[\"https:\\\/\\\/www.salzburgerland.com\\\/de\\\/magazin\\\/vom-gasteinertal-ins-grossarltal\\\/\"]}]},{\"@type\":\"ImageObject\",\"inLanguage\":\"de\",\"@id\":\"https:\\\/\\\/www.salzburgerland.com\\\/de\\\/magazin\\\/vom-gasteinertal-ins-grossarltal\\\/#primaryimage\",\"url\":\"https:\\\/\\\/www.salzburgerland.com\\\/de\\\/magazin\\\/wp-content\\\/uploads\\\/2023\\\/05\\\/RS4696__MA_6215-2-lpr1-e1684131311741.jpg\",\"contentUrl\":\"https:\\\/\\\/www.salzburgerland.com\\\/de\\\/magazin\\\/wp-content\\\/uploads\\\/2023\\\/05\\\/RS4696__MA_6215-2-lpr1-e1684131311741.jpg\",\"width\":2000,\"height\":1010,\"caption\":\"Mountainbike\"},{\"@type\":\"BreadcrumbList\",\"@id\":\"https:\\\/\\\/www.salzburgerland.com\\\/de\\\/magazin\\\/vom-gasteinertal-ins-grossarltal\\\/#breadcrumb\",\"itemListElement\":[{\"@type\":\"ListItem\",\"position\":1,\"name\":\"Startseite\",\"item\":\"https:\\\/\\\/www.salzburgerland.com\\\/de\\\/magazin\\\/\"},{\"@type\":\"ListItem\",\"position\":2,\"name\":\"Outdoor &amp; Sport\",\"item\":\"https:\\\/\\\/www.salzburgerland.com\\\/de\\\/magazin\\\/thema\\\/outdoor-sport\\\/\"},{\"@type\":\"ListItem\",\"position\":3,\"name\":\"Vom Gasteinertal ins Gro\u00dfarltal\"}]},{\"@type\":\"WebSite\",\"@id\":\"https:\\\/\\\/www.salzburgerland.com\\\/de\\\/magazin\\\/#website\",\"url\":\"https:\\\/\\\/www.salzburgerland.com\\\/de\\\/magazin\\\/\",\"name\":\"SalzburgerLand Magazin\",\"description\":\"Geschichten und Interessantes aus dem SalzburgerLand\",\"publisher\":{\"@id\":\"https:\\\/\\\/www.salzburgerland.com\\\/de\\\/magazin\\\/#organization\"},\"potentialAction\":[{\"@type\":\"SearchAction\",\"target\":{\"@type\":\"EntryPoint\",\"urlTemplate\":\"https:\\\/\\\/www.salzburgerland.com\\\/de\\\/magazin\\\/?s={search_term_string}\"},\"query-input\":{\"@type\":\"PropertyValueSpecification\",\"valueRequired\":true,\"valueName\":\"search_term_string\"}}],\"inLanguage\":\"de\"},{\"@type\":\"Organization\",\"@id\":\"https:\\\/\\\/www.salzburgerland.com\\\/de\\\/magazin\\\/#organization\",\"name\":\"SalzburgerLand Tourismus\",\"url\":\"https:\\\/\\\/www.salzburgerland.com\\\/de\\\/magazin\\\/\",\"logo\":{\"@type\":\"ImageObject\",\"inLanguage\":\"de\",\"@id\":\"https:\\\/\\\/www.salzburgerland.com\\\/de\\\/magazin\\\/#\\\/schema\\\/logo\\\/image\\\/\",\"url\":\"https:\\\/\\\/www.salzburgerland.com\\\/de\\\/magazin\\\/wp-content\\\/uploads\\\/2019\\\/06\\\/salzburgerland-logo1.jpg\",\"contentUrl\":\"https:\\\/\\\/www.salzburgerland.com\\\/de\\\/magazin\\\/wp-content\\\/uploads\\\/2019\\\/06\\\/salzburgerland-logo1.jpg\",\"width\":2011,\"height\":866,\"caption\":\"SalzburgerLand Tourismus\"},\"image\":{\"@id\":\"https:\\\/\\\/www.salzburgerland.com\\\/de\\\/magazin\\\/#\\\/schema\\\/logo\\\/image\\\/\"},\"sameAs\":[\"https:\\\/\\\/www.facebook.com\\\/salzburgerland\\\/\",\"https:\\\/\\\/x.com\\\/Salzburgerland\",\"https:\\\/\\\/www.instagram.com\\\/salzburgerland\\\/\",\"https:\\\/\\\/at.linkedin.com\\\/company\\\/salzburgerland-tourismus-gmbh\",\"https:\\\/\\\/www.pinterest.at\\\/salzburgerland\\\/\",\"https:\\\/\\\/www.youtube.com\\\/user\\\/salzburgerland\",\"https:\\\/\\\/de.wikipedia.org\\\/wiki\\\/SalzburgerLand_Tourismus_GmbH\"]},{\"@type\":\"Person\",\"@id\":\"https:\\\/\\\/www.salzburgerland.com\\\/de\\\/magazin\\\/#\\\/schema\\\/person\\\/8871c7c764fce6ea66752310e7fe9e98\",\"name\":\"Heiko Mandl\",\"description\":\"Heiko Mandl, geboren 1976 in Salzburg, ist durch den Journalismus zur Fotografie gekommen und ist seit zehn Jahren als selbstst\u00e4ndiger Fotograf und Autor in Salzburg t\u00e4tig. Schon von Kindheit an haben ihn die Berge vor seiner Haust\u00fcr fasziniert. Heute z\u00e4hlen sie unter anderem zu seinem Arbeitsplatz. Er arbeitet f\u00fcr internationale Outdoor- und Reisemagazine sowie zahlreiche Firmen und Agenturen. Luxushotel oder Almh\u00fctte: Ich kann beides genie\u00dfen und ich gehe das nach dem Motto: Alles zur richtigen Zeit und zur passenden Gelegenheit an. Wandern oder Laufen: Auf jeden Fall wandern, ist gem\u00fctlicher und man kann sich mehr auf die Umgebung konzentrieren. Golfplatz oder Klettergarten: Klettergarten, zumindest noch die n\u00e4chsten 20 Jahre. Fr\u00fchling, sommer, herbst oder Winter? Fr\u00fchling und Sommer und Herbst und Winter! Im SalzburgerLand ist es das ganze Jahr traumhaft sch\u00f6n. Wellness oder Mountainbike? Zuerst eine Runde mit dem Mountainbike und dann ab in den Wellnesstempel. Das eine schlie\u00dft das andere nicht aus!\",\"url\":\"https:\\\/\\\/www.salzburgerland.com\\\/de\\\/magazin\\\/author\\\/heiko-mandl\\\/\"}]}<\/script>\n<!-- \/ Yoast SEO Premium plugin. -->","yoast_head_json":{"title":"Vom Gasteinertal ins Gro\u00dfarltal - SalzburgerLand Magazin","robots":{"index":"index","follow":"follow","max-snippet":"max-snippet:-1","max-image-preview":"max-image-preview:large","max-video-preview":"max-video-preview:-1"},"canonical":"https:\/\/www.salzburgerland.com\/de\/magazin\/vom-gasteinertal-ins-grossarltal\/","og_locale":"de_DE","og_type":"article","og_title":"Vom Gasteinertal ins Gro\u00dfarltal","og_description":"Wir sind heute schon den ganzen Tag auf unseren R\u00e4dern unterwegs. Gestartet sind wir im Gasteinertal. Von hier aus sind wir kr\u00e4ftig in die Pedale getreten und haben die vielen H\u00f6henmeter bis zum Fulseck hinter uns gebracht. Wir h\u00e4tten auch die Gondelbahn zum Fulseck nehmen k\u00f6nnen, doch der Ehrgeiz war zu gro\u00df. Oben angekommen haben [&hellip;]","og_url":"https:\/\/www.salzburgerland.com\/de\/magazin\/vom-gasteinertal-ins-grossarltal\/","og_site_name":"SalzburgerLand Magazin","article_publisher":"https:\/\/www.facebook.com\/salzburgerland\/","article_published_time":"2023-06-07T05:00:00+00:00","og_image":[{"width":2000,"height":1010,"url":"https:\/\/www.salzburgerland.com\/de\/magazin\/wp-content\/uploads\/2023\/05\/RS4696__MA_6215-2-lpr1-e1684131311741.jpg","type":"image\/jpeg"}],"author":"Heiko Mandl","twitter_card":"summary_large_image","twitter_creator":"@Salzburgerland","twitter_site":"@Salzburgerland","twitter_misc":{"Verfasst von":"Heiko Mandl","Gesch\u00e4tzte Lesezeit":"4\u00a0Minuten"},"schema":{"@context":"https:\/\/schema.org","@graph":[{"@type":"Article","@id":"https:\/\/www.salzburgerland.com\/de\/magazin\/vom-gasteinertal-ins-grossarltal\/#article","isPartOf":{"@id":"https:\/\/www.salzburgerland.com\/de\/magazin\/vom-gasteinertal-ins-grossarltal\/"},"author":{"name":"Heiko Mandl","@id":"https:\/\/www.salzburgerland.com\/de\/magazin\/#\/schema\/person\/8871c7c764fce6ea66752310e7fe9e98"},"headline":"Vom Gasteinertal ins Gro\u00dfarltal","datePublished":"2023-06-07T05:00:00+00:00","mainEntityOfPage":{"@id":"https:\/\/www.salzburgerland.com\/de\/magazin\/vom-gasteinertal-ins-grossarltal\/"},"wordCount":546,"publisher":{"@id":"https:\/\/www.salzburgerland.com\/de\/magazin\/#organization"},"image":{"@id":"https:\/\/www.salzburgerland.com\/de\/magazin\/vom-gasteinertal-ins-grossarltal\/#primaryimage"},"thumbnailUrl":"https:\/\/www.salzburgerland.com\/de\/magazin\/wp-content\/uploads\/2023\/05\/RS4696__MA_6215-2-lpr1-e1684131311741.jpg","keywords":["Bergbahnen","bergsee","Bike","gastein","Gipfel","Gro\u00dfarl"],"articleSection":["Outdoor &amp; Sport"],"inLanguage":"de"},{"@type":"WebPage","@id":"https:\/\/www.salzburgerland.com\/de\/magazin\/vom-gasteinertal-ins-grossarltal\/","url":"https:\/\/www.salzburgerland.com\/de\/magazin\/vom-gasteinertal-ins-grossarltal\/","name":"Vom Gasteinertal ins Gro\u00dfarltal - SalzburgerLand Magazin","isPartOf":{"@id":"https:\/\/www.salzburgerland.com\/de\/magazin\/#website"},"primaryImageOfPage":{"@id":"https:\/\/www.salzburgerland.com\/de\/magazin\/vom-gasteinertal-ins-grossarltal\/#primaryimage"},"image":{"@id":"https:\/\/www.salzburgerland.com\/de\/magazin\/vom-gasteinertal-ins-grossarltal\/#primaryimage"},"thumbnailUrl":"https:\/\/www.salzburgerland.com\/de\/magazin\/wp-content\/uploads\/2023\/05\/RS4696__MA_6215-2-lpr1-e1684131311741.jpg","datePublished":"2023-06-07T05:00:00+00:00","breadcrumb":{"@id":"https:\/\/www.salzburgerland.com\/de\/magazin\/vom-gasteinertal-ins-grossarltal\/#breadcrumb"},"inLanguage":"de","potentialAction":[{"@type":"ReadAction","target":["https:\/\/www.salzburgerland.com\/de\/magazin\/vom-gasteinertal-ins-grossarltal\/"]}]},{"@type":"ImageObject","inLanguage":"de","@id":"https:\/\/www.salzburgerland.com\/de\/magazin\/vom-gasteinertal-ins-grossarltal\/#primaryimage","url":"https:\/\/www.salzburgerland.com\/de\/magazin\/wp-content\/uploads\/2023\/05\/RS4696__MA_6215-2-lpr1-e1684131311741.jpg","contentUrl":"https:\/\/www.salzburgerland.com\/de\/magazin\/wp-content\/uploads\/2023\/05\/RS4696__MA_6215-2-lpr1-e1684131311741.jpg","width":2000,"height":1010,"caption":"Mountainbike"},{"@type":"BreadcrumbList","@id":"https:\/\/www.salzburgerland.com\/de\/magazin\/vom-gasteinertal-ins-grossarltal\/#breadcrumb","itemListElement":[{"@type":"ListItem","position":1,"name":"Startseite","item":"https:\/\/www.salzburgerland.com\/de\/magazin\/"},{"@type":"ListItem","position":2,"name":"Outdoor &amp; Sport","item":"https:\/\/www.salzburgerland.com\/de\/magazin\/thema\/outdoor-sport\/"},{"@type":"ListItem","position":3,"name":"Vom Gasteinertal ins Gro\u00dfarltal"}]},{"@type":"WebSite","@id":"https:\/\/www.salzburgerland.com\/de\/magazin\/#website","url":"https:\/\/www.salzburgerland.com\/de\/magazin\/","name":"SalzburgerLand Magazin","description":"Geschichten und Interessantes aus dem SalzburgerLand","publisher":{"@id":"https:\/\/www.salzburgerland.com\/de\/magazin\/#organization"},"potentialAction":[{"@type":"SearchAction","target":{"@type":"EntryPoint","urlTemplate":"https:\/\/www.salzburgerland.com\/de\/magazin\/?s={search_term_string}"},"query-input":{"@type":"PropertyValueSpecification","valueRequired":true,"valueName":"search_term_string"}}],"inLanguage":"de"},{"@type":"Organization","@id":"https:\/\/www.salzburgerland.com\/de\/magazin\/#organization","name":"SalzburgerLand Tourismus","url":"https:\/\/www.salzburgerland.com\/de\/magazin\/","logo":{"@type":"ImageObject","inLanguage":"de","@id":"https:\/\/www.salzburgerland.com\/de\/magazin\/#\/schema\/logo\/image\/","url":"https:\/\/www.salzburgerland.com\/de\/magazin\/wp-content\/uploads\/2019\/06\/salzburgerland-logo1.jpg","contentUrl":"https:\/\/www.salzburgerland.com\/de\/magazin\/wp-content\/uploads\/2019\/06\/salzburgerland-logo1.jpg","width":2011,"height":866,"caption":"SalzburgerLand Tourismus"},"image":{"@id":"https:\/\/www.salzburgerland.com\/de\/magazin\/#\/schema\/logo\/image\/"},"sameAs":["https:\/\/www.facebook.com\/salzburgerland\/","https:\/\/x.com\/Salzburgerland","https:\/\/www.instagram.com\/salzburgerland\/","https:\/\/at.linkedin.com\/company\/salzburgerland-tourismus-gmbh","https:\/\/www.pinterest.at\/salzburgerland\/","https:\/\/www.youtube.com\/user\/salzburgerland","https:\/\/de.wikipedia.org\/wiki\/SalzburgerLand_Tourismus_GmbH"]},{"@type":"Person","@id":"https:\/\/www.salzburgerland.com\/de\/magazin\/#\/schema\/person\/8871c7c764fce6ea66752310e7fe9e98","name":"Heiko Mandl","description":"Heiko Mandl, geboren 1976 in Salzburg, ist durch den Journalismus zur Fotografie gekommen und ist seit zehn Jahren als selbstst\u00e4ndiger Fotograf und Autor in Salzburg t\u00e4tig. Schon von Kindheit an haben ihn die Berge vor seiner Haust\u00fcr fasziniert. Heute z\u00e4hlen sie unter anderem zu seinem Arbeitsplatz. Er arbeitet f\u00fcr internationale Outdoor- und Reisemagazine sowie zahlreiche Firmen und Agenturen. Luxushotel oder Almh\u00fctte: Ich kann beides genie\u00dfen und ich gehe das nach dem Motto: Alles zur richtigen Zeit und zur passenden Gelegenheit an. Wandern oder Laufen: Auf jeden Fall wandern, ist gem\u00fctlicher und man kann sich mehr auf die Umgebung konzentrieren. Golfplatz oder Klettergarten: Klettergarten, zumindest noch die n\u00e4chsten 20 Jahre. Fr\u00fchling, sommer, herbst oder Winter? Fr\u00fchling und Sommer und Herbst und Winter! Im SalzburgerLand ist es das ganze Jahr traumhaft sch\u00f6n. Wellness oder Mountainbike? Zuerst eine Runde mit dem Mountainbike und dann ab in den Wellnesstempel. Das eine schlie\u00dft das andere nicht aus!","url":"https:\/\/www.salzburgerland.com\/de\/magazin\/author\/heiko-mandl\/"}]}},"_wl_alt_label":[],"wl:entity_url":"http:\/\/open.salzburgerland.com\/magazin\/post\/vom-gasteinertal-ins-grossarltal-170581","_links":{"self":[{"href":"https:\/\/www.salzburgerland.com\/de\/magazin\/wp-json\/wp\/v2\/posts\/170581","targetHints":{"allow":["GET"]}}],"collection":[{"href":"https:\/\/www.salzburgerland.com\/de\/magazin\/wp-json\/wp\/v2\/posts"}],"about":[{"href":"https:\/\/www.salzburgerland.com\/de\/magazin\/wp-json\/wp\/v2\/types\/post"}],"author":[{"embeddable":true,"href":"https:\/\/www.salzburgerland.com\/de\/magazin\/wp-json\/wp\/v2\/users\/10"}],"replies":[{"embeddable":true,"href":"https:\/\/www.salzburgerland.com\/de\/magazin\/wp-json\/wp\/v2\/comments?post=170581"}],"version-history":[{"count":5,"href":"https:\/\/www.salzburgerland.com\/de\/magazin\/wp-json\/wp\/v2\/posts\/170581\/revisions"}],"predecessor-version":[{"id":170811,"href":"https:\/\/www.salzburgerland.com\/de\/magazin\/wp-json\/wp\/v2\/posts\/170581\/revisions\/170811"}],"wp:featuredmedia":[{"embeddable":true,"href":"https:\/\/www.salzburgerland.com\/de\/magazin\/wp-json\/wp\/v2\/media\/170583"}],"wp:attachment":[{"href":"https:\/\/www.salzburgerland.com\/de\/magazin\/wp-json\/wp\/v2\/media?parent=170581"}],"wp:term":[{"taxonomy":"category","embeddable":true,"href":"https:\/\/www.salzburgerland.com\/de\/magazin\/wp-json\/wp\/v2\/categories?post=170581"},{"taxonomy":"post_tag","embeddable":true,"href":"https:\/\/www.salzburgerland.com\/de\/magazin\/wp-json\/wp\/v2\/tags?post=170581"},{"taxonomy":"wl_entity_type","embeddable":true,"href":"https:\/\/www.salzburgerland.com\/de\/magazin\/wp-json\/wp\/v2\/wl_entity_type?post=170581"},{"taxonomy":"monatsauswahl","embeddable":true,"href":"https:\/\/www.salzburgerland.com\/de\/magazin\/wp-json\/wp\/v2\/monatsauswahl?post=170581"}],"curies":[{"name":"wp","href":"https:\/\/api.w.org\/{rel}","templated":true}]}}