{"id":170473,"date":"2023-05-18T07:00:00","date_gmt":"2023-05-18T05:00:00","guid":{"rendered":"https:\/\/www.salzburgerland.com\/de\/magazin\/?p=170473"},"modified":"2023-05-26T07:17:40","modified_gmt":"2023-05-26T05:17:40","slug":"zu-gast-im-restaurant-kraut-und-rueben","status":"publish","type":"post","link":"https:\/\/www.salzburgerland.com\/de\/magazin\/zu-gast-im-restaurant-kraut-und-rueben\/","title":{"rendered":"Zu Gast im Restaurant Kraut und R\u00fcben"},"content":{"rendered":"\n<div class=\"wp-block-slt-top topBlocks\">\n<h2 class=\"wp-block-slt-subtitle\">Gesunde, vegetarische Kost in Bad Hofgastein<\/h2>\n\n\n\n<p class=\"wp-block-slt-intro\">Bad Hofgastein ist seit jeher bekannt f\u00fcr seinen Gesundheitstourismus. Ein Restaurant, das seit den Neunzigern dort ma\u00dfgeblich zu einer gesunden und vor allem inklusiven Ern\u00e4hrung beitr\u00e4gt, ist das \u201eKraut und R\u00fcben\u201c. Wir haben mit den beiden Gastgebern Claudia und Gernot Leitner \u00fcber ihre Prinzipien, die vegetarische Ern\u00e4hrung sowie die Wichtigkeit von Regionalit\u00e4t gesprochen.<\/p>\n<\/div>\n\n\n\n<p>1993 markiert das Geburtsjahr des in Bad Hofgastein ans\u00e4ssigen vegetarischen Restaurants <a href=\"https:\/\/xn--kraut-und-rben-qsb.at\/\" target=\"_blank\" rel=\"noreferrer noopener\">Kraut und R\u00fcben<\/a>. Eine Zeit, in der Vegetarismus und Veganismus bei Weitem noch nicht so gesellschaftstauglich waren wie heute. Der Fokus auf die Gesundheit war aber bereits damals ein Thema und die vegetarische und oftmals leichtere Kost daher bereits vor 30 Jahren beliebt. \u201eBad Hofgastein steht seit jeher f\u00fcr den Gesundheitstourismus. Es gab also immer schon ein bunt gemischtes Publikum.\u201c, sagt Gernot Leitner. Ins Kraut und R\u00fcben kommt man also nicht nur wegen des fleischlosen Angebots, sondern vorrangig auch wegen der gesunden Alternativen.<\/p>\n\n\n\n<p>Und die gibt es in H\u00fclle und F\u00fclle. Denn auch wenn der Name des Lokals vermuten l\u00e4sst, dass hier nur Gem\u00fcse auf die Teller kommt, k\u00f6nnte die Karte nicht umfangreicher sein \u2013 von veganen \u00fcber laktose- bis hin zu glutenfreien gibt es hier allerhand kreative Gerichte. Schlie\u00dflich sollen alle etwas finden, nicht zuletzt auch die Fleischesser*innen. Denn die machen immerhin den Gro\u00dfteil der G\u00e4ste aus. \u201e80 Prozent unserer G\u00e4ste ern\u00e4hren sich nicht ausschlie\u00dflich vegetarisch oder vegan. Die kommen immer wieder gerne, weil es schmeckt und ausgewogen ist bei uns.\u201c, erkl\u00e4rt Gernot Leitner.<\/p>\n\n\n\n<h2 class=\"wp-block-heading\" id=\"h-naturlich-vollwertig-und-kreativ\">Nat\u00fcrlich, vollwertig und kreativ<\/h2>\n\n\n\n<p>Als das Lokal Anfang der Neunziger aufmachte, stand Fisch noch auf der Karte. Auf rein vegetarische (und vegane) Kost wurde erst sp\u00e4ter umgestellt. Verzicht ist im Kraut und R\u00fcben deshalb aber kein Thema. Denn hier wird mit der Vielfalt an Produkten gekocht, die die Natur bereitstellt. \u201eWir verwenden wenig Ersatzprodukte. Die Natur gibt so viele tolle Dinge her und darauf greifen wir gerne zur\u00fcck.\u201c, sagt Claudia Leitner. Da w\u00e4re Wildreis aus dem Wok mit frischem Gem\u00fcse, etwas Curry, Birne, Cashewkernen und Rosinen, Kr\u00e4uterpalatschinken mit frischem Brokkoli, Tomaten, Gorgonzola, Basilikumpesto und Tomatenragout oder mit K\u00e4se \u00fcberbackener Erd\u00e4pfelauflauf mit pikantem Chilibohnenragout. Verzicht klingt definitiv anders.<\/p>\n\n\n<div class=\"wp-block-image\">\n<figure class=\"aligncenter size-full\"><img loading=\"lazy\" decoding=\"async\" width=\"2560\" height=\"1649\" src=\"https:\/\/www.salzburgerland.com\/de\/magazin\/wp-content\/uploads\/2023\/05\/Nachspeisen-im-Kraut-und-Ru\u0308ben-scaled.jpg\" alt=\"Nachspeisen im Kraut und R\u00fcben\" class=\"wp-image-170481\" srcset=\"https:\/\/www.salzburgerland.com\/de\/magazin\/wp-content\/uploads\/2023\/05\/Nachspeisen-im-Kraut-und-Ru\u0308ben-scaled.jpg 2560w, https:\/\/www.salzburgerland.com\/de\/magazin\/wp-content\/uploads\/2023\/05\/Nachspeisen-im-Kraut-und-Ru\u0308ben-300x193.jpg 300w, https:\/\/www.salzburgerland.com\/de\/magazin\/wp-content\/uploads\/2023\/05\/Nachspeisen-im-Kraut-und-Ru\u0308ben-1536x989.jpg 1536w, https:\/\/www.salzburgerland.com\/de\/magazin\/wp-content\/uploads\/2023\/05\/Nachspeisen-im-Kraut-und-Ru\u0308ben-2048x1319.jpg 2048w, https:\/\/www.salzburgerland.com\/de\/magazin\/wp-content\/uploads\/2023\/05\/Nachspeisen-im-Kraut-und-Ru\u0308ben-854x550.jpg 854w, https:\/\/www.salzburgerland.com\/de\/magazin\/wp-content\/uploads\/2023\/05\/Nachspeisen-im-Kraut-und-Ru\u0308ben-621x400.jpg 621w, https:\/\/www.salzburgerland.com\/de\/magazin\/wp-content\/uploads\/2023\/05\/Nachspeisen-im-Kraut-und-Ru\u0308ben-325x209.jpg 325w, https:\/\/www.salzburgerland.com\/de\/magazin\/wp-content\/uploads\/2023\/05\/Nachspeisen-im-Kraut-und-Ru\u0308ben-249x160.jpg 249w, https:\/\/www.salzburgerland.com\/de\/magazin\/wp-content\/uploads\/2023\/05\/Nachspeisen-im-Kraut-und-Ru\u0308ben-1320x850.jpg 1320w, https:\/\/www.salzburgerland.com\/de\/magazin\/wp-content\/uploads\/2023\/05\/Nachspeisen-im-Kraut-und-Ru\u0308ben-150x97.jpg 150w\" sizes=\"auto, (max-width: 2560px) 100vw, 2560px\" \/><figcaption class=\"wp-element-caption\">Nussnudeln und Waffeln \u2013 die Dessertauswahl l\u00e4sst nicht zu w\u00fcnschen \u00fcbrig. <em>\u00a9 Nadine Pinezits<\/em><\/figcaption><\/figure><\/div>\n\n\n<h2 class=\"wp-block-heading\" id=\"h-die-gaste-aus-aller-welt-die-zutaten-vorrangig-aus-der-region\">Die G\u00e4ste aus aller Welt, die Zutaten vorrangig aus der Region<\/h2>\n\n\n\n<p>Von Nichts kommt aber auch nichts. Denn gute Gerichte brauchen nat\u00fcrlich gute Zutaten und wer vollwertig und gesund kocht, legt auch Wert auf Regionalit\u00e4t. Claudia und Gernot versuchen, ihre Produkte aus der Region zu beziehen. Klar, gelingt das nicht immer, aber zumindest immer \u00f6fter. Die Nudeln f\u00fcr die bei G\u00e4sten beliebten Mac and Cheese kommen beispielsweise von einer B\u00e4uerin aus der Region. Genauso wird der Gin f\u00fcr die beiden Tonic-Drinks in Bad Hofgastein hergestellt. Der Plan f\u00fcr die Zukunft: eine kleinere, aber daf\u00fcr noch regionalere Karte. \u201eUnsere G\u00e4ste wissen gerne, woher der K\u00e4se oder der Spargel auf ihren Tellern kommt.\u201c, so Claudia Leitner.<\/p>\n\n\n<div class=\"wp-block-image\">\n<figure class=\"aligncenter size-full\"><img loading=\"lazy\" decoding=\"async\" width=\"2560\" height=\"1707\" src=\"https:\/\/www.salzburgerland.com\/de\/magazin\/wp-content\/uploads\/2023\/05\/Lokal-Kraut-und-Ru\u0308ben-innen-scaled.jpg\" alt=\"Kraut und R\u00fcben Inneneinrichtung Gastraum\" class=\"wp-image-170482\" srcset=\"https:\/\/www.salzburgerland.com\/de\/magazin\/wp-content\/uploads\/2023\/05\/Lokal-Kraut-und-Ru\u0308ben-innen-scaled.jpg 2560w, https:\/\/www.salzburgerland.com\/de\/magazin\/wp-content\/uploads\/2023\/05\/Lokal-Kraut-und-Ru\u0308ben-innen-300x200.jpg 300w, https:\/\/www.salzburgerland.com\/de\/magazin\/wp-content\/uploads\/2023\/05\/Lokal-Kraut-und-Ru\u0308ben-innen-1536x1024.jpg 1536w, https:\/\/www.salzburgerland.com\/de\/magazin\/wp-content\/uploads\/2023\/05\/Lokal-Kraut-und-Ru\u0308ben-innen-2048x1365.jpg 2048w, https:\/\/www.salzburgerland.com\/de\/magazin\/wp-content\/uploads\/2023\/05\/Lokal-Kraut-und-Ru\u0308ben-innen-825x550.jpg 825w, https:\/\/www.salzburgerland.com\/de\/magazin\/wp-content\/uploads\/2023\/05\/Lokal-Kraut-und-Ru\u0308ben-innen-600x400.jpg 600w, https:\/\/www.salzburgerland.com\/de\/magazin\/wp-content\/uploads\/2023\/05\/Lokal-Kraut-und-Ru\u0308ben-innen-1320x880.jpg 1320w, https:\/\/www.salzburgerland.com\/de\/magazin\/wp-content\/uploads\/2023\/05\/Lokal-Kraut-und-Ru\u0308ben-innen-150x100.jpg 150w\" sizes=\"auto, (max-width: 2560px) 100vw, 2560px\" \/><figcaption class=\"wp-element-caption\">Der gem\u00fctliche Gastraum <em>\u00a9 Nadine Pinezits<\/em><\/figcaption><\/figure><\/div>\n\n\n<p>Neben der Regionalit\u00e4t spielt auch das saisonale Angebot an Lebensmitteln eine wichtige Rolle. Mit den Saisonkarten, die viermal im Jahr wechseln (Spargel im Fr\u00fchling, Schwammerl im Sommer, K\u00fcrbis im Herbst und Linsen im Winter), r\u00fccken die Produkte der einzelnen Jahreszeiten im Kraut und R\u00fcben in den Fokus. \u201eSo k\u00f6nnen wir abwechslungsreiche und qualitativ hochwertige Gerichte liefern\u201c, wei\u00df Gernot Leitner.<\/p>\n\n\n<div class=\"wp-block-image\">\n<figure class=\"aligncenter size-full\"><img loading=\"lazy\" decoding=\"async\" width=\"2560\" height=\"1707\" src=\"https:\/\/www.salzburgerland.com\/de\/magazin\/wp-content\/uploads\/2023\/05\/Kraut-und-Ru\u0308ben-offene-Ku\u0308che-scaled.jpg\" alt=\"Gew\u00fcrzgl\u00e4ser und Zutaten in der Showk\u00fcche im Kraut und R\u00fcben\" class=\"wp-image-170484\" srcset=\"https:\/\/www.salzburgerland.com\/de\/magazin\/wp-content\/uploads\/2023\/05\/Kraut-und-Ru\u0308ben-offene-Ku\u0308che-scaled.jpg 2560w, https:\/\/www.salzburgerland.com\/de\/magazin\/wp-content\/uploads\/2023\/05\/Kraut-und-Ru\u0308ben-offene-Ku\u0308che-300x200.jpg 300w, https:\/\/www.salzburgerland.com\/de\/magazin\/wp-content\/uploads\/2023\/05\/Kraut-und-Ru\u0308ben-offene-Ku\u0308che-1536x1024.jpg 1536w, https:\/\/www.salzburgerland.com\/de\/magazin\/wp-content\/uploads\/2023\/05\/Kraut-und-Ru\u0308ben-offene-Ku\u0308che-2048x1365.jpg 2048w, https:\/\/www.salzburgerland.com\/de\/magazin\/wp-content\/uploads\/2023\/05\/Kraut-und-Ru\u0308ben-offene-Ku\u0308che-825x550.jpg 825w, https:\/\/www.salzburgerland.com\/de\/magazin\/wp-content\/uploads\/2023\/05\/Kraut-und-Ru\u0308ben-offene-Ku\u0308che-600x400.jpg 600w, https:\/\/www.salzburgerland.com\/de\/magazin\/wp-content\/uploads\/2023\/05\/Kraut-und-Ru\u0308ben-offene-Ku\u0308che-1320x880.jpg 1320w, https:\/\/www.salzburgerland.com\/de\/magazin\/wp-content\/uploads\/2023\/05\/Kraut-und-Ru\u0308ben-offene-Ku\u0308che-150x100.jpg 150w\" sizes=\"auto, (max-width: 2560px) 100vw, 2560px\" \/><figcaption class=\"wp-element-caption\">Die offene Schauk\u00fcche gibt Einblicke in die Arbeit von Gernot und Claudia Leitner. <em>\u00a9 Nadine Pinezits<\/em><\/figcaption><\/figure><\/div>\n\n\n<h2 class=\"wp-block-heading\" id=\"h-zwei-die-ihr-ding-durchziehen\">Zwei, die ihr Ding durchziehen<\/h2>\n\n\n\n<p>Was das Kraut und R\u00fcben so besonders macht, sind aber nicht blo\u00df die schmackhaften Gerichte, sondern vor allem der Spirit, den Claudia und Gernot hier an den Tag legen. Die beiden stehen hinter ihren Gerichten, beugen sich keinen Trends und bleiben auch nach 30 Jahren ihrer Richtung treu. Und: Sie haben Spa\u00df bei der Arbeit. Das kommt nicht nur bei unserem Interview deutlich heraus, das schmeckt man vor allem auch bei jedem Bissen. &nbsp;<\/p>\n\n\n<div class=\"wp-block-image\">\n<figure class=\"aligncenter size-full\"><img loading=\"lazy\" decoding=\"async\" width=\"2560\" height=\"1755\" src=\"https:\/\/www.salzburgerland.com\/de\/magazin\/wp-content\/uploads\/2023\/05\/Claudia-und-Gernot-Leitner-scaled.jpg\" alt=\"Claudia und Gernot Leitner\" class=\"wp-image-170483\" srcset=\"https:\/\/www.salzburgerland.com\/de\/magazin\/wp-content\/uploads\/2023\/05\/Claudia-und-Gernot-Leitner-scaled.jpg 2560w, https:\/\/www.salzburgerland.com\/de\/magazin\/wp-content\/uploads\/2023\/05\/Claudia-und-Gernot-Leitner-300x206.jpg 300w, https:\/\/www.salzburgerland.com\/de\/magazin\/wp-content\/uploads\/2023\/05\/Claudia-und-Gernot-Leitner-1536x1053.jpg 1536w, https:\/\/www.salzburgerland.com\/de\/magazin\/wp-content\/uploads\/2023\/05\/Claudia-und-Gernot-Leitner-2048x1404.jpg 2048w, https:\/\/www.salzburgerland.com\/de\/magazin\/wp-content\/uploads\/2023\/05\/Claudia-und-Gernot-Leitner-802x550.jpg 802w, https:\/\/www.salzburgerland.com\/de\/magazin\/wp-content\/uploads\/2023\/05\/Claudia-und-Gernot-Leitner-583x400.jpg 583w, https:\/\/www.salzburgerland.com\/de\/magazin\/wp-content\/uploads\/2023\/05\/Claudia-und-Gernot-Leitner-1320x905.jpg 1320w, https:\/\/www.salzburgerland.com\/de\/magazin\/wp-content\/uploads\/2023\/05\/Claudia-und-Gernot-Leitner-150x103.jpg 150w\" sizes=\"auto, (max-width: 2560px) 100vw, 2560px\" \/><figcaption class=\"wp-element-caption\">Immer mit Herzblut bei der Sache: Die beiden Betreiber des Kraut und R\u00fcben, Claudia und Gernot Leitner. <em>\u00a9 Nadine Pinezits<\/em><\/figcaption><\/figure><\/div>\n\n\n<p>Kraut und R\u00fcben<br>Pyrkerstra\u00dfe 3<br>5630 Bad Hofgastein<br><a href=\"http:\/\/www.kraut-und-r\u00fcben.at\" target=\"_blank\" rel=\"noreferrer noopener\">www.kraut-und-r\u00fcben.at<\/a><\/p>\n\n\n","protected":false},"excerpt":{"rendered":"<p>1993 markiert das Geburtsjahr des in Bad Hofgastein ans\u00e4ssigen vegetarischen Restaurants Kraut und R\u00fcben. Eine Zeit, in der Vegetarismus und Veganismus bei Weitem noch nicht so gesellschaftstauglich waren wie heute. Der Fokus auf die Gesundheit war aber bereits damals ein Thema und die vegetarische und oftmals leichtere Kost daher bereits vor 30 Jahren beliebt. \u201eBad [&hellip;]<\/p>\n","protected":false},"author":595,"featured_media":170480,"comment_status":"closed","ping_status":"closed","sticky":false,"template":"","format":"standard","meta":{"_acf_changed":false,"wl_entities_gutenberg":"","_wl_entity_redirect_enabled":"","footnotes":""},"categories":[9],"tags":[7642,4386,2822,23,7643,7641],"wl_entity_type":[306],"monatsauswahl":[],"class_list":["post-170473","post","type-post","status-publish","format-standard","has-post-thumbnail","hentry","category-sehenswurdig","tag-bad-hofgastein","tag-gesundheit","tag-regionale-kulinarik","tag-restaurant","tag-vegan","tag-vegetarisches-restaurant","wl_entity_type-article"],"acf":[],"yoast_head":"<!-- This site is optimized with the Yoast SEO Premium plugin v27.4 (Yoast SEO v27.4) - https:\/\/yoast.com\/product\/yoast-seo-premium-wordpress\/ -->\n<title>Zu Gast im Restaurant Kraut und R\u00fcben - SalzburgerLand Magazin<\/title>\n<meta name=\"description\" content=\"Vegetarisch und gesund in Bad Hofgastein: Im Gespr\u00e4ch mit Claudia und Gernot Leitner, den Betreibern des Restaurants &quot;Kraut und R\u00fcben&quot;.\" \/>\n<meta name=\"robots\" content=\"index, follow, max-snippet:-1, max-image-preview:large, max-video-preview:-1\" \/>\n<link rel=\"canonical\" href=\"https:\/\/www.salzburgerland.com\/de\/magazin\/zu-gast-im-restaurant-kraut-und-rueben\/\" \/>\n<meta property=\"og:locale\" content=\"de_DE\" \/>\n<meta property=\"og:type\" content=\"article\" \/>\n<meta property=\"og:title\" content=\"Zu Gast im Restaurant Kraut und R\u00fcben\" \/>\n<meta property=\"og:description\" content=\"Vegetarisch und gesund in Bad Hofgastein: Im Gespr\u00e4ch mit Claudia und Gernot Leitner, den Betreibern des Restaurants &quot;Kraut und R\u00fcben&quot;.\" \/>\n<meta property=\"og:url\" content=\"https:\/\/www.salzburgerland.com\/de\/magazin\/zu-gast-im-restaurant-kraut-und-rueben\/\" \/>\n<meta property=\"og:site_name\" content=\"SalzburgerLand Magazin\" \/>\n<meta property=\"article:publisher\" content=\"https:\/\/www.facebook.com\/salzburgerland\/\" \/>\n<meta property=\"article:published_time\" content=\"2023-05-18T05:00:00+00:00\" \/>\n<meta property=\"article:modified_time\" content=\"2023-05-26T05:17:40+00:00\" \/>\n<meta property=\"og:image\" content=\"https:\/\/www.salzburgerland.com\/de\/magazin\/wp-content\/uploads\/2023\/05\/Gernot-Leitner-bei-der-Arbeit-scaled.jpg\" \/>\n\t<meta property=\"og:image:width\" content=\"2560\" \/>\n\t<meta property=\"og:image:height\" content=\"1707\" \/>\n\t<meta property=\"og:image:type\" content=\"image\/jpeg\" \/>\n<meta name=\"author\" content=\"Nadine Pinezits\" \/>\n<meta name=\"twitter:card\" content=\"summary_large_image\" \/>\n<meta name=\"twitter:creator\" content=\"@Salzburgerland\" \/>\n<meta name=\"twitter:site\" content=\"@Salzburgerland\" \/>\n<meta name=\"twitter:label1\" content=\"Verfasst von\" \/>\n\t<meta name=\"twitter:data1\" content=\"Nadine Pinezits\" \/>\n\t<meta name=\"twitter:label2\" content=\"Gesch\u00e4tzte Lesezeit\" \/>\n\t<meta name=\"twitter:data2\" content=\"5\u00a0Minuten\" \/>\n<script type=\"application\/ld+json\" class=\"yoast-schema-graph\">{\"@context\":\"https:\\\/\\\/schema.org\",\"@graph\":[{\"@type\":\"Article\",\"@id\":\"https:\\\/\\\/www.salzburgerland.com\\\/de\\\/magazin\\\/zu-gast-im-restaurant-kraut-und-rueben\\\/#article\",\"isPartOf\":{\"@id\":\"https:\\\/\\\/www.salzburgerland.com\\\/de\\\/magazin\\\/zu-gast-im-restaurant-kraut-und-rueben\\\/\"},\"author\":{\"name\":\"Nadine Pinezits\",\"@id\":\"https:\\\/\\\/www.salzburgerland.com\\\/de\\\/magazin\\\/#\\\/schema\\\/person\\\/bafabf5dbf8884faa4405255601a53bf\"},\"headline\":\"Zu Gast im Restaurant Kraut und R\u00fcben\",\"datePublished\":\"2023-05-18T05:00:00+00:00\",\"dateModified\":\"2023-05-26T05:17:40+00:00\",\"mainEntityOfPage\":{\"@id\":\"https:\\\/\\\/www.salzburgerland.com\\\/de\\\/magazin\\\/zu-gast-im-restaurant-kraut-und-rueben\\\/\"},\"wordCount\":725,\"publisher\":{\"@id\":\"https:\\\/\\\/www.salzburgerland.com\\\/de\\\/magazin\\\/#organization\"},\"image\":{\"@id\":\"https:\\\/\\\/www.salzburgerland.com\\\/de\\\/magazin\\\/zu-gast-im-restaurant-kraut-und-rueben\\\/#primaryimage\"},\"thumbnailUrl\":\"https:\\\/\\\/www.salzburgerland.com\\\/de\\\/magazin\\\/wp-content\\\/uploads\\\/2023\\\/05\\\/Gernot-Leitner-bei-der-Arbeit-scaled.jpg\",\"keywords\":[\"Bad Hofgastein\",\"Gesundheit\",\"Regionale Kulinarik\",\"restaurant\",\"Vegan\",\"Vegetarisches Restaurant\"],\"articleSection\":[\"Sehensw\u00fcrdig\"],\"inLanguage\":\"de\"},{\"@type\":\"WebPage\",\"@id\":\"https:\\\/\\\/www.salzburgerland.com\\\/de\\\/magazin\\\/zu-gast-im-restaurant-kraut-und-rueben\\\/\",\"url\":\"https:\\\/\\\/www.salzburgerland.com\\\/de\\\/magazin\\\/zu-gast-im-restaurant-kraut-und-rueben\\\/\",\"name\":\"Zu Gast im Restaurant Kraut und R\u00fcben - SalzburgerLand Magazin\",\"isPartOf\":{\"@id\":\"https:\\\/\\\/www.salzburgerland.com\\\/de\\\/magazin\\\/#website\"},\"primaryImageOfPage\":{\"@id\":\"https:\\\/\\\/www.salzburgerland.com\\\/de\\\/magazin\\\/zu-gast-im-restaurant-kraut-und-rueben\\\/#primaryimage\"},\"image\":{\"@id\":\"https:\\\/\\\/www.salzburgerland.com\\\/de\\\/magazin\\\/zu-gast-im-restaurant-kraut-und-rueben\\\/#primaryimage\"},\"thumbnailUrl\":\"https:\\\/\\\/www.salzburgerland.com\\\/de\\\/magazin\\\/wp-content\\\/uploads\\\/2023\\\/05\\\/Gernot-Leitner-bei-der-Arbeit-scaled.jpg\",\"datePublished\":\"2023-05-18T05:00:00+00:00\",\"dateModified\":\"2023-05-26T05:17:40+00:00\",\"description\":\"Vegetarisch und gesund in Bad Hofgastein: Im Gespr\u00e4ch mit Claudia und Gernot Leitner, den Betreibern des Restaurants \\\"Kraut und R\u00fcben\\\".\",\"breadcrumb\":{\"@id\":\"https:\\\/\\\/www.salzburgerland.com\\\/de\\\/magazin\\\/zu-gast-im-restaurant-kraut-und-rueben\\\/#breadcrumb\"},\"inLanguage\":\"de\",\"potentialAction\":[{\"@type\":\"ReadAction\",\"target\":[\"https:\\\/\\\/www.salzburgerland.com\\\/de\\\/magazin\\\/zu-gast-im-restaurant-kraut-und-rueben\\\/\"]}]},{\"@type\":\"ImageObject\",\"inLanguage\":\"de\",\"@id\":\"https:\\\/\\\/www.salzburgerland.com\\\/de\\\/magazin\\\/zu-gast-im-restaurant-kraut-und-rueben\\\/#primaryimage\",\"url\":\"https:\\\/\\\/www.salzburgerland.com\\\/de\\\/magazin\\\/wp-content\\\/uploads\\\/2023\\\/05\\\/Gernot-Leitner-bei-der-Arbeit-scaled.jpg\",\"contentUrl\":\"https:\\\/\\\/www.salzburgerland.com\\\/de\\\/magazin\\\/wp-content\\\/uploads\\\/2023\\\/05\\\/Gernot-Leitner-bei-der-Arbeit-scaled.jpg\",\"width\":2560,\"height\":1707,\"caption\":\"Gernot Leitner beim R\u00f6sti braten\"},{\"@type\":\"BreadcrumbList\",\"@id\":\"https:\\\/\\\/www.salzburgerland.com\\\/de\\\/magazin\\\/zu-gast-im-restaurant-kraut-und-rueben\\\/#breadcrumb\",\"itemListElement\":[{\"@type\":\"ListItem\",\"position\":1,\"name\":\"Startseite\",\"item\":\"https:\\\/\\\/www.salzburgerland.com\\\/de\\\/magazin\\\/\"},{\"@type\":\"ListItem\",\"position\":2,\"name\":\"Sehensw\u00fcrdig\",\"item\":\"https:\\\/\\\/www.salzburgerland.com\\\/de\\\/magazin\\\/thema\\\/sehenswurdig\\\/\"},{\"@type\":\"ListItem\",\"position\":3,\"name\":\"Zu Gast im Restaurant Kraut und R\u00fcben\"}]},{\"@type\":\"WebSite\",\"@id\":\"https:\\\/\\\/www.salzburgerland.com\\\/de\\\/magazin\\\/#website\",\"url\":\"https:\\\/\\\/www.salzburgerland.com\\\/de\\\/magazin\\\/\",\"name\":\"SalzburgerLand Magazin\",\"description\":\"Geschichten und Interessantes aus dem SalzburgerLand\",\"publisher\":{\"@id\":\"https:\\\/\\\/www.salzburgerland.com\\\/de\\\/magazin\\\/#organization\"},\"potentialAction\":[{\"@type\":\"SearchAction\",\"target\":{\"@type\":\"EntryPoint\",\"urlTemplate\":\"https:\\\/\\\/www.salzburgerland.com\\\/de\\\/magazin\\\/?s={search_term_string}\"},\"query-input\":{\"@type\":\"PropertyValueSpecification\",\"valueRequired\":true,\"valueName\":\"search_term_string\"}}],\"inLanguage\":\"de\"},{\"@type\":\"Organization\",\"@id\":\"https:\\\/\\\/www.salzburgerland.com\\\/de\\\/magazin\\\/#organization\",\"name\":\"SalzburgerLand Tourismus\",\"url\":\"https:\\\/\\\/www.salzburgerland.com\\\/de\\\/magazin\\\/\",\"logo\":{\"@type\":\"ImageObject\",\"inLanguage\":\"de\",\"@id\":\"https:\\\/\\\/www.salzburgerland.com\\\/de\\\/magazin\\\/#\\\/schema\\\/logo\\\/image\\\/\",\"url\":\"https:\\\/\\\/www.salzburgerland.com\\\/de\\\/magazin\\\/wp-content\\\/uploads\\\/2019\\\/06\\\/salzburgerland-logo1.jpg\",\"contentUrl\":\"https:\\\/\\\/www.salzburgerland.com\\\/de\\\/magazin\\\/wp-content\\\/uploads\\\/2019\\\/06\\\/salzburgerland-logo1.jpg\",\"width\":2011,\"height\":866,\"caption\":\"SalzburgerLand Tourismus\"},\"image\":{\"@id\":\"https:\\\/\\\/www.salzburgerland.com\\\/de\\\/magazin\\\/#\\\/schema\\\/logo\\\/image\\\/\"},\"sameAs\":[\"https:\\\/\\\/www.facebook.com\\\/salzburgerland\\\/\",\"https:\\\/\\\/x.com\\\/Salzburgerland\",\"https:\\\/\\\/www.instagram.com\\\/salzburgerland\\\/\",\"https:\\\/\\\/at.linkedin.com\\\/company\\\/salzburgerland-tourismus-gmbh\",\"https:\\\/\\\/www.pinterest.at\\\/salzburgerland\\\/\",\"https:\\\/\\\/www.youtube.com\\\/user\\\/salzburgerland\",\"https:\\\/\\\/de.wikipedia.org\\\/wiki\\\/SalzburgerLand_Tourismus_GmbH\"]},{\"@type\":\"Person\",\"@id\":\"https:\\\/\\\/www.salzburgerland.com\\\/de\\\/magazin\\\/#\\\/schema\\\/person\\\/bafabf5dbf8884faa4405255601a53bf\",\"name\":\"Nadine Pinezits\",\"description\":\"Die geb\u00fcrtige Salzburgerin hat es vor vielen Jahren nach Wien zum Studieren verschlagen. Dort ist sie dann irgendwie geblieben, was nicht hei\u00dft, dass nicht ein- bis zweimal im Monat Heimatbesuche auf dem Plan stehen. Das l\u00e4sst sich f\u00fcr die ortsunabh\u00e4ngige, freiberufliche Redakteurin n\u00e4mlich gut machen. Nadine ist studierte Publizistin, gelegentliche Fotografin und vor allem totale Naturliebhaberin. Wenn man sie nicht auf den Bergen im SalzburgerLand findet, dann mit Sicherheit in Portugal beim Surfen \u2013 Abwechslung muss schlie\u00dflich sein. Ihre restliche Zeit verbringt sie beim Geschichten schreiben vor dem Laptop oder mit Notizbuch und Kamera im Gep\u00e4ck irgendwo drau\u00dfen. Bergtour oder Seentour? Zuerst auf den Berg, dann ab an den See. Deal? Deal! Luxushotel oder Almh\u00fctte? Eine Mischung aus beiden \u2013 vielleicht ein gem\u00fctliches Tiny House mit eigener Sauna im Wald oder am See? Man merkt schon, Entscheidungen liegen mir wirklich nicht. Aber: Manchmal sollte man sich auch alle M\u00f6glichkeiten offen lassen. Haubenlokal oder Ab-Hof-Laden? Das ist leicht: ganz klar, Ab-Hof-Laden. Dann noch ein nettes Gespr\u00e4ch mit den Hersteller*innen der guten Produkte f\u00fchren und sich zuhause was Feines daraus kochen. Fr\u00fchling, Sommer, Herbst oder Winter? \u00a0 Sommer, immer. Laue N\u00e4chte, warmer Sommerwind, goldenes Licht, ausgiebige Badetage am See mit anschlie\u00dfender Grillerei im Garten, lustige Abende in Schanig\u00e4rten in der Stadt mit kaltem Aperol und guten Gespr\u00e4chen, Sonnenunterg\u00e4nge am Berg mit selbstgemachter Jausn und samstagmorgens vom Ger\u00e4usch des eines Rasenm\u00e4hers geweckt werden \u2013 da geht mir das Herz auf. Wellness oder Mountainbike? Da ich gar kein Fan vom Radsport bin (f\u00fcr mich ist mein Fahrrad ein reines Mittel zum Zweck und kein Genuss haha), muss ich Wellness sagen. Gerne kombiniert mit einer Yogaeinheit oder ein paar Pilates\u00fcbungen.\",\"url\":\"https:\\\/\\\/www.salzburgerland.com\\\/de\\\/magazin\\\/author\\\/npinezits\\\/\"}]}<\/script>\n<!-- \/ Yoast SEO Premium plugin. -->","yoast_head_json":{"title":"Zu Gast im Restaurant Kraut und R\u00fcben - SalzburgerLand Magazin","description":"Vegetarisch und gesund in Bad Hofgastein: Im Gespr\u00e4ch mit Claudia und Gernot Leitner, den Betreibern des Restaurants \"Kraut und R\u00fcben\".","robots":{"index":"index","follow":"follow","max-snippet":"max-snippet:-1","max-image-preview":"max-image-preview:large","max-video-preview":"max-video-preview:-1"},"canonical":"https:\/\/www.salzburgerland.com\/de\/magazin\/zu-gast-im-restaurant-kraut-und-rueben\/","og_locale":"de_DE","og_type":"article","og_title":"Zu Gast im Restaurant Kraut und R\u00fcben","og_description":"Vegetarisch und gesund in Bad Hofgastein: Im Gespr\u00e4ch mit Claudia und Gernot Leitner, den Betreibern des Restaurants \"Kraut und R\u00fcben\".","og_url":"https:\/\/www.salzburgerland.com\/de\/magazin\/zu-gast-im-restaurant-kraut-und-rueben\/","og_site_name":"SalzburgerLand Magazin","article_publisher":"https:\/\/www.facebook.com\/salzburgerland\/","article_published_time":"2023-05-18T05:00:00+00:00","article_modified_time":"2023-05-26T05:17:40+00:00","og_image":[{"width":2560,"height":1707,"url":"https:\/\/www.salzburgerland.com\/de\/magazin\/wp-content\/uploads\/2023\/05\/Gernot-Leitner-bei-der-Arbeit-scaled.jpg","type":"image\/jpeg"}],"author":"Nadine Pinezits","twitter_card":"summary_large_image","twitter_creator":"@Salzburgerland","twitter_site":"@Salzburgerland","twitter_misc":{"Verfasst von":"Nadine Pinezits","Gesch\u00e4tzte Lesezeit":"5\u00a0Minuten"},"schema":{"@context":"https:\/\/schema.org","@graph":[{"@type":"Article","@id":"https:\/\/www.salzburgerland.com\/de\/magazin\/zu-gast-im-restaurant-kraut-und-rueben\/#article","isPartOf":{"@id":"https:\/\/www.salzburgerland.com\/de\/magazin\/zu-gast-im-restaurant-kraut-und-rueben\/"},"author":{"name":"Nadine Pinezits","@id":"https:\/\/www.salzburgerland.com\/de\/magazin\/#\/schema\/person\/bafabf5dbf8884faa4405255601a53bf"},"headline":"Zu Gast im Restaurant Kraut und R\u00fcben","datePublished":"2023-05-18T05:00:00+00:00","dateModified":"2023-05-26T05:17:40+00:00","mainEntityOfPage":{"@id":"https:\/\/www.salzburgerland.com\/de\/magazin\/zu-gast-im-restaurant-kraut-und-rueben\/"},"wordCount":725,"publisher":{"@id":"https:\/\/www.salzburgerland.com\/de\/magazin\/#organization"},"image":{"@id":"https:\/\/www.salzburgerland.com\/de\/magazin\/zu-gast-im-restaurant-kraut-und-rueben\/#primaryimage"},"thumbnailUrl":"https:\/\/www.salzburgerland.com\/de\/magazin\/wp-content\/uploads\/2023\/05\/Gernot-Leitner-bei-der-Arbeit-scaled.jpg","keywords":["Bad Hofgastein","Gesundheit","Regionale Kulinarik","restaurant","Vegan","Vegetarisches Restaurant"],"articleSection":["Sehensw\u00fcrdig"],"inLanguage":"de"},{"@type":"WebPage","@id":"https:\/\/www.salzburgerland.com\/de\/magazin\/zu-gast-im-restaurant-kraut-und-rueben\/","url":"https:\/\/www.salzburgerland.com\/de\/magazin\/zu-gast-im-restaurant-kraut-und-rueben\/","name":"Zu Gast im Restaurant Kraut und R\u00fcben - SalzburgerLand Magazin","isPartOf":{"@id":"https:\/\/www.salzburgerland.com\/de\/magazin\/#website"},"primaryImageOfPage":{"@id":"https:\/\/www.salzburgerland.com\/de\/magazin\/zu-gast-im-restaurant-kraut-und-rueben\/#primaryimage"},"image":{"@id":"https:\/\/www.salzburgerland.com\/de\/magazin\/zu-gast-im-restaurant-kraut-und-rueben\/#primaryimage"},"thumbnailUrl":"https:\/\/www.salzburgerland.com\/de\/magazin\/wp-content\/uploads\/2023\/05\/Gernot-Leitner-bei-der-Arbeit-scaled.jpg","datePublished":"2023-05-18T05:00:00+00:00","dateModified":"2023-05-26T05:17:40+00:00","description":"Vegetarisch und gesund in Bad Hofgastein: Im Gespr\u00e4ch mit Claudia und Gernot Leitner, den Betreibern des Restaurants \"Kraut und R\u00fcben\".","breadcrumb":{"@id":"https:\/\/www.salzburgerland.com\/de\/magazin\/zu-gast-im-restaurant-kraut-und-rueben\/#breadcrumb"},"inLanguage":"de","potentialAction":[{"@type":"ReadAction","target":["https:\/\/www.salzburgerland.com\/de\/magazin\/zu-gast-im-restaurant-kraut-und-rueben\/"]}]},{"@type":"ImageObject","inLanguage":"de","@id":"https:\/\/www.salzburgerland.com\/de\/magazin\/zu-gast-im-restaurant-kraut-und-rueben\/#primaryimage","url":"https:\/\/www.salzburgerland.com\/de\/magazin\/wp-content\/uploads\/2023\/05\/Gernot-Leitner-bei-der-Arbeit-scaled.jpg","contentUrl":"https:\/\/www.salzburgerland.com\/de\/magazin\/wp-content\/uploads\/2023\/05\/Gernot-Leitner-bei-der-Arbeit-scaled.jpg","width":2560,"height":1707,"caption":"Gernot Leitner beim R\u00f6sti braten"},{"@type":"BreadcrumbList","@id":"https:\/\/www.salzburgerland.com\/de\/magazin\/zu-gast-im-restaurant-kraut-und-rueben\/#breadcrumb","itemListElement":[{"@type":"ListItem","position":1,"name":"Startseite","item":"https:\/\/www.salzburgerland.com\/de\/magazin\/"},{"@type":"ListItem","position":2,"name":"Sehensw\u00fcrdig","item":"https:\/\/www.salzburgerland.com\/de\/magazin\/thema\/sehenswurdig\/"},{"@type":"ListItem","position":3,"name":"Zu Gast im Restaurant Kraut und R\u00fcben"}]},{"@type":"WebSite","@id":"https:\/\/www.salzburgerland.com\/de\/magazin\/#website","url":"https:\/\/www.salzburgerland.com\/de\/magazin\/","name":"SalzburgerLand Magazin","description":"Geschichten und Interessantes aus dem SalzburgerLand","publisher":{"@id":"https:\/\/www.salzburgerland.com\/de\/magazin\/#organization"},"potentialAction":[{"@type":"SearchAction","target":{"@type":"EntryPoint","urlTemplate":"https:\/\/www.salzburgerland.com\/de\/magazin\/?s={search_term_string}"},"query-input":{"@type":"PropertyValueSpecification","valueRequired":true,"valueName":"search_term_string"}}],"inLanguage":"de"},{"@type":"Organization","@id":"https:\/\/www.salzburgerland.com\/de\/magazin\/#organization","name":"SalzburgerLand Tourismus","url":"https:\/\/www.salzburgerland.com\/de\/magazin\/","logo":{"@type":"ImageObject","inLanguage":"de","@id":"https:\/\/www.salzburgerland.com\/de\/magazin\/#\/schema\/logo\/image\/","url":"https:\/\/www.salzburgerland.com\/de\/magazin\/wp-content\/uploads\/2019\/06\/salzburgerland-logo1.jpg","contentUrl":"https:\/\/www.salzburgerland.com\/de\/magazin\/wp-content\/uploads\/2019\/06\/salzburgerland-logo1.jpg","width":2011,"height":866,"caption":"SalzburgerLand Tourismus"},"image":{"@id":"https:\/\/www.salzburgerland.com\/de\/magazin\/#\/schema\/logo\/image\/"},"sameAs":["https:\/\/www.facebook.com\/salzburgerland\/","https:\/\/x.com\/Salzburgerland","https:\/\/www.instagram.com\/salzburgerland\/","https:\/\/at.linkedin.com\/company\/salzburgerland-tourismus-gmbh","https:\/\/www.pinterest.at\/salzburgerland\/","https:\/\/www.youtube.com\/user\/salzburgerland","https:\/\/de.wikipedia.org\/wiki\/SalzburgerLand_Tourismus_GmbH"]},{"@type":"Person","@id":"https:\/\/www.salzburgerland.com\/de\/magazin\/#\/schema\/person\/bafabf5dbf8884faa4405255601a53bf","name":"Nadine Pinezits","description":"Die geb\u00fcrtige Salzburgerin hat es vor vielen Jahren nach Wien zum Studieren verschlagen. Dort ist sie dann irgendwie geblieben, was nicht hei\u00dft, dass nicht ein- bis zweimal im Monat Heimatbesuche auf dem Plan stehen. Das l\u00e4sst sich f\u00fcr die ortsunabh\u00e4ngige, freiberufliche Redakteurin n\u00e4mlich gut machen. Nadine ist studierte Publizistin, gelegentliche Fotografin und vor allem totale Naturliebhaberin. Wenn man sie nicht auf den Bergen im SalzburgerLand findet, dann mit Sicherheit in Portugal beim Surfen \u2013 Abwechslung muss schlie\u00dflich sein. Ihre restliche Zeit verbringt sie beim Geschichten schreiben vor dem Laptop oder mit Notizbuch und Kamera im Gep\u00e4ck irgendwo drau\u00dfen. Bergtour oder Seentour? Zuerst auf den Berg, dann ab an den See. Deal? Deal! Luxushotel oder Almh\u00fctte? Eine Mischung aus beiden \u2013 vielleicht ein gem\u00fctliches Tiny House mit eigener Sauna im Wald oder am See? Man merkt schon, Entscheidungen liegen mir wirklich nicht. Aber: Manchmal sollte man sich auch alle M\u00f6glichkeiten offen lassen. Haubenlokal oder Ab-Hof-Laden? Das ist leicht: ganz klar, Ab-Hof-Laden. Dann noch ein nettes Gespr\u00e4ch mit den Hersteller*innen der guten Produkte f\u00fchren und sich zuhause was Feines daraus kochen. Fr\u00fchling, Sommer, Herbst oder Winter? \u00a0 Sommer, immer. Laue N\u00e4chte, warmer Sommerwind, goldenes Licht, ausgiebige Badetage am See mit anschlie\u00dfender Grillerei im Garten, lustige Abende in Schanig\u00e4rten in der Stadt mit kaltem Aperol und guten Gespr\u00e4chen, Sonnenunterg\u00e4nge am Berg mit selbstgemachter Jausn und samstagmorgens vom Ger\u00e4usch des eines Rasenm\u00e4hers geweckt werden \u2013 da geht mir das Herz auf. Wellness oder Mountainbike? Da ich gar kein Fan vom Radsport bin (f\u00fcr mich ist mein Fahrrad ein reines Mittel zum Zweck und kein Genuss haha), muss ich Wellness sagen. Gerne kombiniert mit einer Yogaeinheit oder ein paar Pilates\u00fcbungen.","url":"https:\/\/www.salzburgerland.com\/de\/magazin\/author\/npinezits\/"}]}},"_wl_alt_label":[],"wl:entity_url":"http:\/\/open.salzburgerland.com\/magazin\/post\/zu-gast-im-restaurant-kraut-und-rueben-170473","_links":{"self":[{"href":"https:\/\/www.salzburgerland.com\/de\/magazin\/wp-json\/wp\/v2\/posts\/170473","targetHints":{"allow":["GET"]}}],"collection":[{"href":"https:\/\/www.salzburgerland.com\/de\/magazin\/wp-json\/wp\/v2\/posts"}],"about":[{"href":"https:\/\/www.salzburgerland.com\/de\/magazin\/wp-json\/wp\/v2\/types\/post"}],"author":[{"embeddable":true,"href":"https:\/\/www.salzburgerland.com\/de\/magazin\/wp-json\/wp\/v2\/users\/595"}],"replies":[{"embeddable":true,"href":"https:\/\/www.salzburgerland.com\/de\/magazin\/wp-json\/wp\/v2\/comments?post=170473"}],"version-history":[{"count":5,"href":"https:\/\/www.salzburgerland.com\/de\/magazin\/wp-json\/wp\/v2\/posts\/170473\/revisions"}],"predecessor-version":[{"id":171288,"href":"https:\/\/www.salzburgerland.com\/de\/magazin\/wp-json\/wp\/v2\/posts\/170473\/revisions\/171288"}],"wp:featuredmedia":[{"embeddable":true,"href":"https:\/\/www.salzburgerland.com\/de\/magazin\/wp-json\/wp\/v2\/media\/170480"}],"wp:attachment":[{"href":"https:\/\/www.salzburgerland.com\/de\/magazin\/wp-json\/wp\/v2\/media?parent=170473"}],"wp:term":[{"taxonomy":"category","embeddable":true,"href":"https:\/\/www.salzburgerland.com\/de\/magazin\/wp-json\/wp\/v2\/categories?post=170473"},{"taxonomy":"post_tag","embeddable":true,"href":"https:\/\/www.salzburgerland.com\/de\/magazin\/wp-json\/wp\/v2\/tags?post=170473"},{"taxonomy":"wl_entity_type","embeddable":true,"href":"https:\/\/www.salzburgerland.com\/de\/magazin\/wp-json\/wp\/v2\/wl_entity_type?post=170473"},{"taxonomy":"monatsauswahl","embeddable":true,"href":"https:\/\/www.salzburgerland.com\/de\/magazin\/wp-json\/wp\/v2\/monatsauswahl?post=170473"}],"curies":[{"name":"wp","href":"https:\/\/api.w.org\/{rel}","templated":true}]}}