{"id":170255,"date":"2023-05-26T07:00:00","date_gmt":"2023-05-26T05:00:00","guid":{"rendered":"https:\/\/www.salzburgerland.com\/de\/magazin\/?p=170255"},"modified":"2023-09-12T18:07:15","modified_gmt":"2023-09-12T16:07:15","slug":"die-kraeuterhex-von-der-branntweiner-alm","status":"publish","type":"post","link":"https:\/\/www.salzburgerland.com\/de\/magazin\/die-kraeuterhex-von-der-branntweiner-alm\/","title":{"rendered":"Die Kr\u00e4uterhex von der Branntweiner Alm"},"content":{"rendered":"\n<div class=\"wp-block-slt-top topBlocks\">\n<h2 class=\"wp-block-slt-subtitle\">TEH-Produkte und Gutes aus Milch im Biosph\u00e4renpark Lungau<\/h2>\n\n\n\n<p class=\"wp-block-slt-intro\">&#8222;Mein Kr\u00e4utergarten ist die Alm.&#8220;, sagt H\u00fcttenwirtin Sabine Lerchner, die alles, was hier oben am Aineck im Jahreslauf w\u00e4chst, sammelt und verarbeitet. Nach den Methoden der <a href=\"https:\/\/www.teh.at\/\" target=\"_blank\" rel=\"noreferrer noopener\">Traditionellen Europ\u00e4ischen Heilkunde (TEH)<\/a> entsteht aus den Kr\u00e4utern Gesundes, Heilsames und Schmackhaftes. Ebenfalls direkt vom Berg, von den 30 Milchk\u00fchen, kommen K\u00e4se, Butter, Joghurt und Topfen. Wem l\u00e4uft da bei so viel Gutem aus der Natur nicht das Wasser im Mund zusammen? Und regionaler und saisonaler geht&#8217;s nun wirklich nicht. Als Schmankerl verr\u00e4t uns Sabine zwei Kr\u00e4uterrezepte: einen L\u00f6wenzahndudler f\u00fcr durstige Wanderer und eine Tinktur aus den Sch\u00e4tzen vom Berg zum Einreiben der Muskulatur und Gelenke nach einer langen Tour.<\/p>\n<\/div>\n\n\n\n<p>Im Jahr 2005 er\u00f6ffnete Sabine die neue H\u00fctte der <a href=\"https:\/\/www.branntweineralm.at\" target=\"_blank\" rel=\"noreferrer noopener\">Branntweiner Alm auf 1.778 m H\u00f6he<\/a> oberhalb von St. Margarethen im Lungau f\u00fcr Besucher. Sennerei wird allerdings bereits seit 1779 betrieben. Ein Tisch aus dieser Zeit bildet den Mittelpunkt der heutigen Stube und nicht selten biegt sich dessen Tischplatte unter den K\u00f6stlichkeiten wie der Kasjause mit selbstgebackenem Brot oder Sch\u00e4tzen vom Berg wie Fichtenwipfel- und Zirbengelee oder Sirups aus allerlei Kr\u00e4utern.<\/p>\n\n\n<div class=\"mag-gallery\"><div class=\"row\"><div class=\"col-6 col-sm-4\"><figure><a class=\"thumb-container\" href=\"https:\/\/www.salzburgerland.com\/de\/magazin\/wp-content\/uploads\/2023\/05\/20220814_090045-edited-1280x1024.jpg\">\t<picture><source media=\"(min-width: 576px)\" srcset=\"https:\/\/www.salzburgerland.com\/de\/magazin\/wp-content\/uploads\/2023\/05\/20220814_090045-edited-418x650.jpg 418w, https:\/\/www.salzburgerland.com\/de\/magazin\/wp-content\/uploads\/2023\/05\/20220814_090045-edited-209x325.jpg 209w\"><\/source><source media=\"(min-width: 0)\" srcset=\"https:\/\/www.salzburgerland.com\/de\/magazin\/wp-content\/uploads\/2023\/05\/20220814_090045-edited-209x325.jpg 209w, https:\/\/www.salzburgerland.com\/de\/magazin\/wp-content\/uploads\/2023\/05\/20220814_090045-edited-418x650.jpg 418w\"><\/source><img decoding=\"async\" alt=\"Ein gedeckter Tisch mit verschiedenen K&auml;sesorten, Aufschnitt, Brot, Obst, Getr&auml;nken und Beilagen auf einem wei&szlig;en Tischtuch.\" src=\"https:\/\/www.salzburgerland.com\/de\/magazin\/wp-content\/uploads\/2023\/05\/20220814_090045-edited-scaled.jpg\">\t<\/picture><figcaption>K&auml;se aus eigener Erzeugung &copy; Branntweineralm<\/figcaption><\/a><\/figure><\/div><div class=\"col-6 col-sm-4\"><figure><a class=\"thumb-container\" href=\"https:\/\/www.salzburgerland.com\/de\/magazin\/wp-content\/uploads\/2023\/05\/20220617_110125-edited-1280x1024.jpg\">\t<picture><source media=\"(min-width: 576px)\" srcset=\"https:\/\/www.salzburgerland.com\/de\/magazin\/wp-content\/uploads\/2023\/05\/20220617_110125-edited-418x650.jpg 418w, https:\/\/www.salzburgerland.com\/de\/magazin\/wp-content\/uploads\/2023\/05\/20220617_110125-edited-209x325.jpg 209w\"><\/source><source media=\"(min-width: 0)\" srcset=\"https:\/\/www.salzburgerland.com\/de\/magazin\/wp-content\/uploads\/2023\/05\/20220617_110125-edited-209x325.jpg 209w, https:\/\/www.salzburgerland.com\/de\/magazin\/wp-content\/uploads\/2023\/05\/20220617_110125-edited-418x650.jpg 418w\"><\/source><img decoding=\"async\" alt=\"Eine aufgeschnittene Tannenzapfenfrucht neben Wildblumen auf einer Holzunterlage.\" src=\"https:\/\/www.salzburgerland.com\/de\/magazin\/wp-content\/uploads\/2023\/05\/20220617_110125-edited-scaled.jpg\">\t<\/picture><figcaption>Was am Berg und auf der Alm w&auml;chst wird verarbeitet. &copy; Branntweineralm<\/figcaption><\/a><\/figure><\/div><div class=\"col-6 col-sm-4\"><figure><a class=\"thumb-container\" href=\"https:\/\/www.salzburgerland.com\/de\/magazin\/wp-content\/uploads\/2023\/05\/Sommer-2017-321-edited-1280x1024.jpg\">\t<picture><source media=\"(min-width: 576px)\" srcset=\"https:\/\/www.salzburgerland.com\/de\/magazin\/wp-content\/uploads\/2023\/05\/Sommer-2017-321-edited-418x650.jpg 418w, https:\/\/www.salzburgerland.com\/de\/magazin\/wp-content\/uploads\/2023\/05\/Sommer-2017-321-edited-209x325.jpg 209w\"><\/source><source media=\"(min-width: 0)\" srcset=\"https:\/\/www.salzburgerland.com\/de\/magazin\/wp-content\/uploads\/2023\/05\/Sommer-2017-321-edited-209x325.jpg 209w, https:\/\/www.salzburgerland.com\/de\/magazin\/wp-content\/uploads\/2023\/05\/Sommer-2017-321-edited-418x650.jpg 418w\"><\/source><img decoding=\"async\" alt='Auf einem Holztisch stehen vier Glasflaschen mit rotem Sirup mit der Aufschrift \"Zirbensaft\" und handschriftlichen Notizen.' src=\"https:\/\/www.salzburgerland.com\/de\/magazin\/wp-content\/uploads\/2023\/05\/Sommer-2017-321-edited-scaled.jpg\">\t<\/picture><figcaption>Zirbensirup &copy; Branntweineralm<\/figcaption><\/a><\/figure><\/div><\/div><figcaption><\/figcaption><\/div>\n\n\n\n<p>Vor allem die Kr\u00e4uter haben es der leidenschaftlichen H\u00fcttenwirtin angetan. Sie bezeichnet sich selbst als <a href=\"https:\/\/www.instagram.com\/almundkraeuter\/\" target=\"_blank\" rel=\"noreferrer noopener\">Kr\u00e4uterhex vom Aineck<\/a>. Die Pflanzen, die sie zur Herstellung ihrer TEH-Produkte verwendet, muss sie nicht selber anbauen. &#8222;Auf der Alm w\u00e4chst alles zu seiner Zeit. Und alles was in dem Moment da sein soll, ist da&#8220;, berichtet Sabine. &#8222;Im Fr\u00fchjahr setze ich gern <strong>L\u00f6wenzahndudler <\/strong>an. Der Sirup l\u00e4sst sich auch aus anderen Kr\u00e4utern, wie Schafgarbe oder Melisse, alleine oder gemischt zubereiten \u2013 und ist bei den durstigen Wanderern, die den Aufstieg hier hinauf geschafft haben, sehr beliebt.&#8220;<\/p>\n\n\n\n<blockquote class=\"wp-block-quote is-layout-flow wp-block-quote-is-layout-flow\">\n<h2 class=\"wp-block-heading\" id=\"h-rezept-lowenzahndudler\">Rezept L\u00f6wenzahndudler<\/h2>\n\n\n\n<p class=\"has-text-align-left\">Zutaten:<\/p>\n\n\n\n<ul class=\"wp-block-list\">\n<li>1 Liter Wasser (am besten frisches Quellwasser)<\/li>\n\n\n\n<li>1 Kilogramm Zucker<\/li>\n\n\n\n<li>2 Handvoll L\u00f6wenzahnbl\u00fcten (ohne Gr\u00fcn und ohne St\u00e4ngel)<\/li>\n\n\n\n<li>2 Zitronen<\/li>\n<\/ul>\n\n\n\n<p>Zubereitung: <\/p>\n\n\n\n<p>Quellwasser mit dem Zucker aufkochen. Diesen Sud \u00fcber die L\u00f6wenzahnbl\u00fcten und in Scheiben geschnittene Zitronen gie\u00dfen. 24 Stunden ziehen lassen und abschlie\u00dfend abseihen. Mit Sprudelwasser verd\u00fcnnen und mit einer Zitronenscheibe servieren.<br>Alternativ k\u00f6nnen auch andere Kr\u00e4uter, wie Schafgarbe oder Melisse, allein oder gemischt, verwendet werden.<\/p>\n\n\n\n<p>F\u00fcr den Abend nach einer Bergtour hat sie ebenfalls einen Tipp parat: &#8222;Ich nenne diese Tinktur <strong>Wanderer Wohltat<\/strong>. Sie ist zum Einreiben der Muskulatur und der Gelenke. Damit man sich nach einem langen Wandertag nicht an die Strapazen erinnert, sondern nur an das sch\u00f6ne Berggef\u00fchl.&#8220;<\/p>\n<\/blockquote>\n\n\n\n<figure class=\"wp-block-image size-full\"><img loading=\"lazy\" decoding=\"async\" width=\"1137\" height=\"640\" src=\"https:\/\/www.salzburgerland.com\/de\/magazin\/wp-content\/uploads\/2023\/04\/Winter-16-Fruehjahr-17-464.jpg\" alt=\"Frau in traditioneller \u00f6sterreichischer Tracht steht hinter einem Tisch mit Flaschen und Blumen und h\u00e4lt ein rotes Herzschild vor einem Holzgeb\u00e4ude.\" class=\"wp-image-170268\" srcset=\"https:\/\/www.salzburgerland.com\/de\/magazin\/wp-content\/uploads\/2023\/04\/Winter-16-Fruehjahr-17-464.jpg 1137w, https:\/\/www.salzburgerland.com\/de\/magazin\/wp-content\/uploads\/2023\/04\/Winter-16-Fruehjahr-17-464-300x169.jpg 300w, https:\/\/www.salzburgerland.com\/de\/magazin\/wp-content\/uploads\/2023\/04\/Winter-16-Fruehjahr-17-464-977x550.jpg 977w, https:\/\/www.salzburgerland.com\/de\/magazin\/wp-content\/uploads\/2023\/04\/Winter-16-Fruehjahr-17-464-711x400.jpg 711w, https:\/\/www.salzburgerland.com\/de\/magazin\/wp-content\/uploads\/2023\/04\/Winter-16-Fruehjahr-17-464-560x316.jpg 560w, https:\/\/www.salzburgerland.com\/de\/magazin\/wp-content\/uploads\/2023\/04\/Winter-16-Fruehjahr-17-464-250x140.jpg 250w, https:\/\/www.salzburgerland.com\/de\/magazin\/wp-content\/uploads\/2023\/04\/Winter-16-Fruehjahr-17-464-1200x675.jpg 1200w, https:\/\/www.salzburgerland.com\/de\/magazin\/wp-content\/uploads\/2023\/04\/Winter-16-Fruehjahr-17-464-150x84.jpg 150w\" sizes=\"auto, (max-width: 1137px) 100vw, 1137px\" \/><figcaption class=\"wp-element-caption\">H\u00fcttenwirtin Sabine Lerchner mit ihren TEH-Produkten \u00a9 Branntweineralm<\/figcaption><\/figure>\n\n\n\n<blockquote class=\"wp-block-quote is-layout-flow wp-block-quote-is-layout-flow\">\n<h2 class=\"wp-block-heading\">Rezept Wanderer Wohltat (Muskel- und Gelenktinktur)<\/h2>\n\n\n\n<p class=\"has-text-align-left\">Zutaten:<\/p>\n\n\n\n<ul class=\"wp-block-list\">\n<li>3 Handvoll Fichtenwipferl<\/li>\n\n\n\n<li>15 reife Wacholderbeeren<\/li>\n\n\n\n<li>L\u00e4rchenzapfen<\/li>\n\n\n\n<li>1 Handvoll Minzbl\u00e4tter<\/li>\n\n\n\n<li>250 ml Korn<\/li>\n<\/ul>\n\n\n\n<p>Zubereitung: <\/p>\n\n\n\n<p>Fichtenwipfel, zersto\u00dfene Wacholderbeeren, L\u00e4rchenzapfen und Minzbl\u00e4tter mit dem Korn ansetzen und einige Wochen stehen lassen. Immer wieder sch\u00fctteln und zum Schluss abseihen.<\/p>\n<\/blockquote>\n\n\n\n<p>Und wo verbringt man die Nacht am besten? Klar! Gleich hier oben mit traumhaftem Blick \u00fcber den Salzburger Lungau. Aber Achtung: die Anzahl der Betten ist begrenzt. So finden sich insgesamt nur sechs bis acht begehrte Schlafpl\u00e4tze im modern und liebevoll einegrichteten Doppel- bzw. Familienzimmer.<\/p>\n\n\n<div class=\"mag-gallery\"><div class=\"row\"><div class=\"col-6 col-sm-4\"><figure><a class=\"thumb-container\" href=\"https:\/\/www.salzburgerland.com\/de\/magazin\/wp-content\/uploads\/2023\/04\/IMG-20220626-WA0006-1280x1024.jpg\">\t<picture><source media=\"(min-width: 576px)\" srcset=\"https:\/\/www.salzburgerland.com\/de\/magazin\/wp-content\/uploads\/2023\/04\/IMG-20220626-WA0006-325x209.jpg 325w, https:\/\/www.salzburgerland.com\/de\/magazin\/wp-content\/uploads\/2023\/04\/IMG-20220626-WA0006-249x160.jpg 249w\"><\/source><source media=\"(min-width: 0)\" srcset=\"https:\/\/www.salzburgerland.com\/de\/magazin\/wp-content\/uploads\/2023\/04\/IMG-20220626-WA0006-249x160.jpg 249w, https:\/\/www.salzburgerland.com\/de\/magazin\/wp-content\/uploads\/2023\/04\/IMG-20220626-WA0006-325x209.jpg 325w\"><\/source><img decoding=\"async\" alt=\"Eine h&ouml;lzerne Bergh&uuml;tte mit Sitzgelegenheiten im Freien und roten Sonnenschirmen vor einem strahlend blauen Himmel und fernen H&uuml;geln.\" src=\"https:\/\/www.salzburgerland.com\/de\/magazin\/wp-content\/uploads\/2023\/04\/IMG-20220626-WA0006.jpg\">\t<\/picture><figcaption>&copy; Branntweineralm<\/figcaption><\/a><\/figure><\/div><div class=\"col-6 col-sm-4\"><figure><a class=\"thumb-container\" href=\"https:\/\/www.salzburgerland.com\/de\/magazin\/wp-content\/uploads\/2023\/04\/20220825_090357-1280x1024.jpg\">\t<picture><source media=\"(min-width: 576px)\" srcset=\"https:\/\/www.salzburgerland.com\/de\/magazin\/wp-content\/uploads\/2023\/04\/20220825_090357-325x209.jpg 325w, https:\/\/www.salzburgerland.com\/de\/magazin\/wp-content\/uploads\/2023\/04\/20220825_090357-249x160.jpg 249w\"><\/source><source media=\"(min-width: 0)\" srcset=\"https:\/\/www.salzburgerland.com\/de\/magazin\/wp-content\/uploads\/2023\/04\/20220825_090357-249x160.jpg 249w, https:\/\/www.salzburgerland.com\/de\/magazin\/wp-content\/uploads\/2023\/04\/20220825_090357-325x209.jpg 325w\"><\/source><img decoding=\"async\" alt=\"K&uuml;he grasen auf einem grasbewachsenen H&uuml;gel mit Bergen und einem Tal im Hintergrund unter einem blauen Himmel.\" src=\"https:\/\/www.salzburgerland.com\/de\/magazin\/wp-content\/uploads\/2023\/04\/20220825_090357-scaled.jpg\">\t<\/picture><figcaption>Blick in den Biosph&auml;renpark Lungau &copy; Branntweineralm<\/figcaption><\/a><\/figure><\/div><div class=\"col-6 col-sm-4\"><figure><a class=\"thumb-container\" href=\"https:\/\/www.salzburgerland.com\/de\/magazin\/wp-content\/uploads\/2023\/04\/DSC9900-1280x1024.jpg\">\t<picture><source media=\"(min-width: 576px)\" srcset=\"https:\/\/www.salzburgerland.com\/de\/magazin\/wp-content\/uploads\/2023\/04\/DSC9900-325x209.jpg 325w, https:\/\/www.salzburgerland.com\/de\/magazin\/wp-content\/uploads\/2023\/04\/DSC9900-249x160.jpg 249w\"><\/source><source media=\"(min-width: 0)\" srcset=\"https:\/\/www.salzburgerland.com\/de\/magazin\/wp-content\/uploads\/2023\/04\/DSC9900-249x160.jpg 249w, https:\/\/www.salzburgerland.com\/de\/magazin\/wp-content\/uploads\/2023\/04\/DSC9900-325x209.jpg 325w\"><\/source><img decoding=\"async\" alt=\"Kuscheliges Bett mit gr&uuml;n karierten Kissen, herzf&ouml;rmigem Kissen, roter Decke und einer beleuchteten Wandlampe.\" src=\"https:\/\/www.salzburgerland.com\/de\/magazin\/wp-content\/uploads\/2023\/04\/DSC9900-scaled.jpg\">\t<\/picture><figcaption>moderne und gem&uuml;tliche Zimmer &copy; Branntweineralm<\/figcaption><\/a><\/figure><\/div><\/div><figcaption><\/figcaption><\/div>\n\n\n\n<p>Ge\u00f6ffnet ist die H\u00fctte im Sommer etwa von Ende Mai bis Ende Oktober, im Winter w\u00e4hrend des Liftbetriebs des Skigebietes Katschberg Aineck.<\/p>\n","protected":false},"excerpt":{"rendered":"<p>Im Jahr 2005 er\u00f6ffnete Sabine die neue H\u00fctte der Branntweiner Alm auf 1.778 m H\u00f6he oberhalb von St. Margarethen im Lungau f\u00fcr Besucher. Sennerei wird allerdings bereits seit 1779 betrieben. Ein Tisch aus dieser Zeit bildet den Mittelpunkt der heutigen Stube und nicht selten biegt sich dessen Tischplatte unter den K\u00f6stlichkeiten wie der Kasjause mit [&hellip;]<\/p>\n","protected":false},"author":591,"featured_media":170273,"comment_status":"closed","ping_status":"closed","sticky":false,"template":"","format":"standard","meta":{"_acf_changed":false,"wl_entities_gutenberg":"","_wl_entity_redirect_enabled":"","footnotes":""},"categories":[3],"tags":[],"wl_entity_type":[306],"monatsauswahl":[],"class_list":["post-170255","post","type-post","status-publish","format-standard","has-post-thumbnail","hentry","category-essen-trinken","wl_entity_type-article"],"acf":[],"yoast_head":"<!-- This site is optimized with the Yoast SEO Premium plugin v27.4 (Yoast SEO v27.4) - https:\/\/yoast.com\/product\/yoast-seo-premium-wordpress\/ -->\n<title>Die Kr\u00e4uterhex von der Branntweiner Alm - SalzburgerLand Magazin<\/title>\n<meta name=\"robots\" content=\"index, follow, max-snippet:-1, max-image-preview:large, max-video-preview:-1\" \/>\n<link rel=\"canonical\" href=\"https:\/\/www.salzburgerland.com\/de\/magazin\/die-kraeuterhex-von-der-branntweiner-alm\/\" \/>\n<meta property=\"og:locale\" content=\"de_DE\" \/>\n<meta property=\"og:type\" content=\"article\" \/>\n<meta property=\"og:title\" content=\"Die Kr\u00e4uterhex von der Branntweiner Alm\" \/>\n<meta property=\"og:description\" content=\"Im Jahr 2005 er\u00f6ffnete Sabine die neue H\u00fctte der Branntweiner Alm auf 1.778 m H\u00f6he oberhalb von St. Margarethen im Lungau f\u00fcr Besucher. Sennerei wird allerdings bereits seit 1779 betrieben. Ein Tisch aus dieser Zeit bildet den Mittelpunkt der heutigen Stube und nicht selten biegt sich dessen Tischplatte unter den K\u00f6stlichkeiten wie der Kasjause mit [&hellip;]\" \/>\n<meta property=\"og:url\" content=\"https:\/\/www.salzburgerland.com\/de\/magazin\/die-kraeuterhex-von-der-branntweiner-alm\/\" \/>\n<meta property=\"og:site_name\" content=\"SalzburgerLand Magazin\" \/>\n<meta property=\"article:publisher\" content=\"https:\/\/www.facebook.com\/salzburgerland\/\" \/>\n<meta property=\"article:author\" content=\"www.facebook.com\/christoph.werntgen\" \/>\n<meta property=\"article:published_time\" content=\"2023-05-26T05:00:00+00:00\" \/>\n<meta property=\"article:modified_time\" content=\"2023-09-12T16:07:15+00:00\" \/>\n<meta property=\"og:image\" content=\"https:\/\/www.salzburgerland.com\/de\/magazin\/wp-content\/uploads\/2023\/04\/20220709_163008-scaled.jpg\" \/>\n\t<meta property=\"og:image:width\" content=\"2560\" \/>\n\t<meta property=\"og:image:height\" content=\"1920\" \/>\n\t<meta property=\"og:image:type\" content=\"image\/jpeg\" \/>\n<meta name=\"author\" content=\"Christoph Werntgen\" \/>\n<meta name=\"twitter:card\" content=\"summary_large_image\" \/>\n<meta name=\"twitter:creator\" content=\"@Salzburgerland\" \/>\n<meta name=\"twitter:site\" content=\"@Salzburgerland\" \/>\n<meta name=\"twitter:label1\" content=\"Verfasst von\" \/>\n\t<meta name=\"twitter:data1\" content=\"Christoph Werntgen\" \/>\n\t<meta name=\"twitter:label2\" content=\"Gesch\u00e4tzte Lesezeit\" \/>\n\t<meta name=\"twitter:data2\" content=\"4\u00a0Minuten\" \/>\n<script type=\"application\/ld+json\" class=\"yoast-schema-graph\">{\"@context\":\"https:\\\/\\\/schema.org\",\"@graph\":[{\"@type\":\"Article\",\"@id\":\"https:\\\/\\\/www.salzburgerland.com\\\/de\\\/magazin\\\/die-kraeuterhex-von-der-branntweiner-alm\\\/#article\",\"isPartOf\":{\"@id\":\"https:\\\/\\\/www.salzburgerland.com\\\/de\\\/magazin\\\/die-kraeuterhex-von-der-branntweiner-alm\\\/\"},\"author\":{\"name\":\"Christoph Werntgen\",\"@id\":\"https:\\\/\\\/www.salzburgerland.com\\\/de\\\/magazin\\\/#\\\/schema\\\/person\\\/b3957ee14ec977aae208588187c4e1a2\"},\"headline\":\"Die Kr\u00e4uterhex von der Branntweiner Alm\",\"datePublished\":\"2023-05-26T05:00:00+00:00\",\"dateModified\":\"2023-09-12T16:07:15+00:00\",\"mainEntityOfPage\":{\"@id\":\"https:\\\/\\\/www.salzburgerland.com\\\/de\\\/magazin\\\/die-kraeuterhex-von-der-branntweiner-alm\\\/\"},\"wordCount\":590,\"publisher\":{\"@id\":\"https:\\\/\\\/www.salzburgerland.com\\\/de\\\/magazin\\\/#organization\"},\"image\":{\"@id\":\"https:\\\/\\\/www.salzburgerland.com\\\/de\\\/magazin\\\/die-kraeuterhex-von-der-branntweiner-alm\\\/#primaryimage\"},\"thumbnailUrl\":\"https:\\\/\\\/www.salzburgerland.com\\\/de\\\/magazin\\\/wp-content\\\/uploads\\\/2023\\\/04\\\/20220709_163008-scaled.jpg\",\"articleSection\":[\"Essen &amp; Trinken\"],\"inLanguage\":\"de\"},{\"@type\":\"WebPage\",\"@id\":\"https:\\\/\\\/www.salzburgerland.com\\\/de\\\/magazin\\\/die-kraeuterhex-von-der-branntweiner-alm\\\/\",\"url\":\"https:\\\/\\\/www.salzburgerland.com\\\/de\\\/magazin\\\/die-kraeuterhex-von-der-branntweiner-alm\\\/\",\"name\":\"Die Kr\u00e4uterhex von der Branntweiner Alm - SalzburgerLand Magazin\",\"isPartOf\":{\"@id\":\"https:\\\/\\\/www.salzburgerland.com\\\/de\\\/magazin\\\/#website\"},\"primaryImageOfPage\":{\"@id\":\"https:\\\/\\\/www.salzburgerland.com\\\/de\\\/magazin\\\/die-kraeuterhex-von-der-branntweiner-alm\\\/#primaryimage\"},\"image\":{\"@id\":\"https:\\\/\\\/www.salzburgerland.com\\\/de\\\/magazin\\\/die-kraeuterhex-von-der-branntweiner-alm\\\/#primaryimage\"},\"thumbnailUrl\":\"https:\\\/\\\/www.salzburgerland.com\\\/de\\\/magazin\\\/wp-content\\\/uploads\\\/2023\\\/04\\\/20220709_163008-scaled.jpg\",\"datePublished\":\"2023-05-26T05:00:00+00:00\",\"dateModified\":\"2023-09-12T16:07:15+00:00\",\"breadcrumb\":{\"@id\":\"https:\\\/\\\/www.salzburgerland.com\\\/de\\\/magazin\\\/die-kraeuterhex-von-der-branntweiner-alm\\\/#breadcrumb\"},\"inLanguage\":\"de\",\"potentialAction\":[{\"@type\":\"ReadAction\",\"target\":[\"https:\\\/\\\/www.salzburgerland.com\\\/de\\\/magazin\\\/die-kraeuterhex-von-der-branntweiner-alm\\\/\"]}]},{\"@type\":\"ImageObject\",\"inLanguage\":\"de\",\"@id\":\"https:\\\/\\\/www.salzburgerland.com\\\/de\\\/magazin\\\/die-kraeuterhex-von-der-branntweiner-alm\\\/#primaryimage\",\"url\":\"https:\\\/\\\/www.salzburgerland.com\\\/de\\\/magazin\\\/wp-content\\\/uploads\\\/2023\\\/04\\\/20220709_163008-scaled.jpg\",\"contentUrl\":\"https:\\\/\\\/www.salzburgerland.com\\\/de\\\/magazin\\\/wp-content\\\/uploads\\\/2023\\\/04\\\/20220709_163008-scaled.jpg\",\"width\":2560,\"height\":1920,\"caption\":\"Auf einem Holztisch stehen sieben Gl\u00e4ser mit Kr\u00e4utern und \u00d6len mit handgeschriebenen Etiketten, die mit einem getrockneten Kr\u00e4uterstrau\u00df versehen sind.\"},{\"@type\":\"BreadcrumbList\",\"@id\":\"https:\\\/\\\/www.salzburgerland.com\\\/de\\\/magazin\\\/die-kraeuterhex-von-der-branntweiner-alm\\\/#breadcrumb\",\"itemListElement\":[{\"@type\":\"ListItem\",\"position\":1,\"name\":\"Startseite\",\"item\":\"https:\\\/\\\/www.salzburgerland.com\\\/de\\\/magazin\\\/\"},{\"@type\":\"ListItem\",\"position\":2,\"name\":\"Essen &amp; Trinken\",\"item\":\"https:\\\/\\\/www.salzburgerland.com\\\/de\\\/magazin\\\/thema\\\/essen-trinken\\\/\"},{\"@type\":\"ListItem\",\"position\":3,\"name\":\"Die Kr\u00e4uterhex von der Branntweiner Alm\"}]},{\"@type\":\"WebSite\",\"@id\":\"https:\\\/\\\/www.salzburgerland.com\\\/de\\\/magazin\\\/#website\",\"url\":\"https:\\\/\\\/www.salzburgerland.com\\\/de\\\/magazin\\\/\",\"name\":\"SalzburgerLand Magazin\",\"description\":\"Geschichten und Interessantes aus dem SalzburgerLand\",\"publisher\":{\"@id\":\"https:\\\/\\\/www.salzburgerland.com\\\/de\\\/magazin\\\/#organization\"},\"potentialAction\":[{\"@type\":\"SearchAction\",\"target\":{\"@type\":\"EntryPoint\",\"urlTemplate\":\"https:\\\/\\\/www.salzburgerland.com\\\/de\\\/magazin\\\/?s={search_term_string}\"},\"query-input\":{\"@type\":\"PropertyValueSpecification\",\"valueRequired\":true,\"valueName\":\"search_term_string\"}}],\"inLanguage\":\"de\"},{\"@type\":\"Organization\",\"@id\":\"https:\\\/\\\/www.salzburgerland.com\\\/de\\\/magazin\\\/#organization\",\"name\":\"SalzburgerLand Tourismus\",\"url\":\"https:\\\/\\\/www.salzburgerland.com\\\/de\\\/magazin\\\/\",\"logo\":{\"@type\":\"ImageObject\",\"inLanguage\":\"de\",\"@id\":\"https:\\\/\\\/www.salzburgerland.com\\\/de\\\/magazin\\\/#\\\/schema\\\/logo\\\/image\\\/\",\"url\":\"https:\\\/\\\/www.salzburgerland.com\\\/de\\\/magazin\\\/wp-content\\\/uploads\\\/2019\\\/06\\\/salzburgerland-logo1.jpg\",\"contentUrl\":\"https:\\\/\\\/www.salzburgerland.com\\\/de\\\/magazin\\\/wp-content\\\/uploads\\\/2019\\\/06\\\/salzburgerland-logo1.jpg\",\"width\":2011,\"height\":866,\"caption\":\"SalzburgerLand Tourismus\"},\"image\":{\"@id\":\"https:\\\/\\\/www.salzburgerland.com\\\/de\\\/magazin\\\/#\\\/schema\\\/logo\\\/image\\\/\"},\"sameAs\":[\"https:\\\/\\\/www.facebook.com\\\/salzburgerland\\\/\",\"https:\\\/\\\/x.com\\\/Salzburgerland\",\"https:\\\/\\\/www.instagram.com\\\/salzburgerland\\\/\",\"https:\\\/\\\/at.linkedin.com\\\/company\\\/salzburgerland-tourismus-gmbh\",\"https:\\\/\\\/www.pinterest.at\\\/salzburgerland\\\/\",\"https:\\\/\\\/www.youtube.com\\\/user\\\/salzburgerland\",\"https:\\\/\\\/de.wikipedia.org\\\/wiki\\\/SalzburgerLand_Tourismus_GmbH\"]},{\"@type\":\"Person\",\"@id\":\"https:\\\/\\\/www.salzburgerland.com\\\/de\\\/magazin\\\/#\\\/schema\\\/person\\\/b3957ee14ec977aae208588187c4e1a2\",\"name\":\"Christoph Werntgen\",\"description\":\"Im Grunde liegen Christoph Werntgens Wurzeln im Salzburger Land, lernten sich seine Eltern doch am Hochk\u00f6nig kennen. Als Mitgr\u00fcnder der Bergschule Wandererlebnis und Team-Mitglied im Verein #estutnichtweh ist die Salzburger Bergwelt inzwischen zu gro\u00dfen Teilen Arbeitsplatz und ehrenamtliches Bet\u00e4tigungsfeld des Bergwanderf\u00fchrers. Die Freude am Unterwegssein, das Eintauchen in die Natur und den achtsamen und bewussten Umgang mit der Umwelt m\u00f6chte der Diplom-Geograph seinen G\u00e4sten vermitteln. Mein pers\u00f6nlicher Logenplatz im SalzburgerLand? Traumhafte Panoramen er\u00f6ffnen sich nat\u00fcrlich bei jeder Bergtour. Aber nicht nur der Weitblick, sondern auch das genaue Hinschauen und bewusste Wahrnehmen, machen solche Naturerlebnisse zu ganz besonderen Schauspielen: Das schreiende Murmeltier in einem grasbewachsenen Hang beobachten, Kr\u00e4uter, Fr\u00fcchte und Schwammerl im Wald sammeln oder die k\u00fchle, feuchte Luft an einem Wasserfall einatmen. Und dabei ist es ganz egal, ob es f\u00fcr mehrere Tage hoch hinaus oder nur f\u00fcr einen Spaziergang in den Wald geht. Morgen- oder Abendmensch? In den Bergen definitiv Morgenmensch. Wer l\u00e4sst sich schon einen traumhaften Sonnenaufgang, w\u00e4hrend im Tal noch der Nebel liegt, entgehen? Und nach langen Tagen auf den Beinen endet ein Tag auf der H\u00fctte meist nicht allzu sp\u00e4t. Mundharmonika oder Stradivari? Ich liebe es, in gem\u00fctlicher Runde zusammen zu musizieren. Seit einer Weile \u00fcbe ich mit gro\u00dfer Freude auf meiner Ukulele. Eine Mundharmonika w\u00fcrd dem Ensemble sicher auch noch gut zu Gesicht stehen. Kr\u00e4utertee oder Zirbenschnaps? Alles zu seiner Zeit. Was beide eint: selbst gesammelt und verarbeitet, bereiten sie den gr\u00f6\u00dften Genuss. Und es gibt noch so viele weitere Sch\u00e4tze, die die Natur uns schenkt. Bergtour oder Seentour? Da kann ich ganz diplomatisch antworten: eine Bergseentour. Nicht von ungef\u00e4hr hat mein erster Artikel f\u00fcr das SalzburgerLand Magazin die Lungauer Bergseen zum Thema. Und was gibt es feineres, als sich nach einer langen Bergtour in einem k\u00fchlen Gew\u00e4sser zu erfrischen? &nbsp;\",\"sameAs\":[\"http:\\\/\\\/www.wandererlebnis.guide\",\"www.facebook.com\\\/christoph.werntgen\",\"www.instagram.com\\\/christoph_werntgen\"],\"url\":\"https:\\\/\\\/www.salzburgerland.com\\\/de\\\/magazin\\\/author\\\/christophwerntgen\\\/\"}]}<\/script>\n<!-- \/ Yoast SEO Premium plugin. -->","yoast_head_json":{"title":"Die Kr\u00e4uterhex von der Branntweiner Alm - SalzburgerLand Magazin","robots":{"index":"index","follow":"follow","max-snippet":"max-snippet:-1","max-image-preview":"max-image-preview:large","max-video-preview":"max-video-preview:-1"},"canonical":"https:\/\/www.salzburgerland.com\/de\/magazin\/die-kraeuterhex-von-der-branntweiner-alm\/","og_locale":"de_DE","og_type":"article","og_title":"Die Kr\u00e4uterhex von der Branntweiner Alm","og_description":"Im Jahr 2005 er\u00f6ffnete Sabine die neue H\u00fctte der Branntweiner Alm auf 1.778 m H\u00f6he oberhalb von St. Margarethen im Lungau f\u00fcr Besucher. Sennerei wird allerdings bereits seit 1779 betrieben. Ein Tisch aus dieser Zeit bildet den Mittelpunkt der heutigen Stube und nicht selten biegt sich dessen Tischplatte unter den K\u00f6stlichkeiten wie der Kasjause mit [&hellip;]","og_url":"https:\/\/www.salzburgerland.com\/de\/magazin\/die-kraeuterhex-von-der-branntweiner-alm\/","og_site_name":"SalzburgerLand Magazin","article_publisher":"https:\/\/www.facebook.com\/salzburgerland\/","article_author":"www.facebook.com\/christoph.werntgen","article_published_time":"2023-05-26T05:00:00+00:00","article_modified_time":"2023-09-12T16:07:15+00:00","og_image":[{"width":2560,"height":1920,"url":"https:\/\/www.salzburgerland.com\/de\/magazin\/wp-content\/uploads\/2023\/04\/20220709_163008-scaled.jpg","type":"image\/jpeg"}],"author":"Christoph Werntgen","twitter_card":"summary_large_image","twitter_creator":"@Salzburgerland","twitter_site":"@Salzburgerland","twitter_misc":{"Verfasst von":"Christoph Werntgen","Gesch\u00e4tzte Lesezeit":"4\u00a0Minuten"},"schema":{"@context":"https:\/\/schema.org","@graph":[{"@type":"Article","@id":"https:\/\/www.salzburgerland.com\/de\/magazin\/die-kraeuterhex-von-der-branntweiner-alm\/#article","isPartOf":{"@id":"https:\/\/www.salzburgerland.com\/de\/magazin\/die-kraeuterhex-von-der-branntweiner-alm\/"},"author":{"name":"Christoph Werntgen","@id":"https:\/\/www.salzburgerland.com\/de\/magazin\/#\/schema\/person\/b3957ee14ec977aae208588187c4e1a2"},"headline":"Die Kr\u00e4uterhex von der Branntweiner Alm","datePublished":"2023-05-26T05:00:00+00:00","dateModified":"2023-09-12T16:07:15+00:00","mainEntityOfPage":{"@id":"https:\/\/www.salzburgerland.com\/de\/magazin\/die-kraeuterhex-von-der-branntweiner-alm\/"},"wordCount":590,"publisher":{"@id":"https:\/\/www.salzburgerland.com\/de\/magazin\/#organization"},"image":{"@id":"https:\/\/www.salzburgerland.com\/de\/magazin\/die-kraeuterhex-von-der-branntweiner-alm\/#primaryimage"},"thumbnailUrl":"https:\/\/www.salzburgerland.com\/de\/magazin\/wp-content\/uploads\/2023\/04\/20220709_163008-scaled.jpg","articleSection":["Essen &amp; Trinken"],"inLanguage":"de"},{"@type":"WebPage","@id":"https:\/\/www.salzburgerland.com\/de\/magazin\/die-kraeuterhex-von-der-branntweiner-alm\/","url":"https:\/\/www.salzburgerland.com\/de\/magazin\/die-kraeuterhex-von-der-branntweiner-alm\/","name":"Die Kr\u00e4uterhex von der Branntweiner Alm - SalzburgerLand Magazin","isPartOf":{"@id":"https:\/\/www.salzburgerland.com\/de\/magazin\/#website"},"primaryImageOfPage":{"@id":"https:\/\/www.salzburgerland.com\/de\/magazin\/die-kraeuterhex-von-der-branntweiner-alm\/#primaryimage"},"image":{"@id":"https:\/\/www.salzburgerland.com\/de\/magazin\/die-kraeuterhex-von-der-branntweiner-alm\/#primaryimage"},"thumbnailUrl":"https:\/\/www.salzburgerland.com\/de\/magazin\/wp-content\/uploads\/2023\/04\/20220709_163008-scaled.jpg","datePublished":"2023-05-26T05:00:00+00:00","dateModified":"2023-09-12T16:07:15+00:00","breadcrumb":{"@id":"https:\/\/www.salzburgerland.com\/de\/magazin\/die-kraeuterhex-von-der-branntweiner-alm\/#breadcrumb"},"inLanguage":"de","potentialAction":[{"@type":"ReadAction","target":["https:\/\/www.salzburgerland.com\/de\/magazin\/die-kraeuterhex-von-der-branntweiner-alm\/"]}]},{"@type":"ImageObject","inLanguage":"de","@id":"https:\/\/www.salzburgerland.com\/de\/magazin\/die-kraeuterhex-von-der-branntweiner-alm\/#primaryimage","url":"https:\/\/www.salzburgerland.com\/de\/magazin\/wp-content\/uploads\/2023\/04\/20220709_163008-scaled.jpg","contentUrl":"https:\/\/www.salzburgerland.com\/de\/magazin\/wp-content\/uploads\/2023\/04\/20220709_163008-scaled.jpg","width":2560,"height":1920,"caption":"Auf einem Holztisch stehen sieben Gl\u00e4ser mit Kr\u00e4utern und \u00d6len mit handgeschriebenen Etiketten, die mit einem getrockneten Kr\u00e4uterstrau\u00df versehen sind."},{"@type":"BreadcrumbList","@id":"https:\/\/www.salzburgerland.com\/de\/magazin\/die-kraeuterhex-von-der-branntweiner-alm\/#breadcrumb","itemListElement":[{"@type":"ListItem","position":1,"name":"Startseite","item":"https:\/\/www.salzburgerland.com\/de\/magazin\/"},{"@type":"ListItem","position":2,"name":"Essen &amp; Trinken","item":"https:\/\/www.salzburgerland.com\/de\/magazin\/thema\/essen-trinken\/"},{"@type":"ListItem","position":3,"name":"Die Kr\u00e4uterhex von der Branntweiner Alm"}]},{"@type":"WebSite","@id":"https:\/\/www.salzburgerland.com\/de\/magazin\/#website","url":"https:\/\/www.salzburgerland.com\/de\/magazin\/","name":"SalzburgerLand Magazin","description":"Geschichten und Interessantes aus dem SalzburgerLand","publisher":{"@id":"https:\/\/www.salzburgerland.com\/de\/magazin\/#organization"},"potentialAction":[{"@type":"SearchAction","target":{"@type":"EntryPoint","urlTemplate":"https:\/\/www.salzburgerland.com\/de\/magazin\/?s={search_term_string}"},"query-input":{"@type":"PropertyValueSpecification","valueRequired":true,"valueName":"search_term_string"}}],"inLanguage":"de"},{"@type":"Organization","@id":"https:\/\/www.salzburgerland.com\/de\/magazin\/#organization","name":"SalzburgerLand Tourismus","url":"https:\/\/www.salzburgerland.com\/de\/magazin\/","logo":{"@type":"ImageObject","inLanguage":"de","@id":"https:\/\/www.salzburgerland.com\/de\/magazin\/#\/schema\/logo\/image\/","url":"https:\/\/www.salzburgerland.com\/de\/magazin\/wp-content\/uploads\/2019\/06\/salzburgerland-logo1.jpg","contentUrl":"https:\/\/www.salzburgerland.com\/de\/magazin\/wp-content\/uploads\/2019\/06\/salzburgerland-logo1.jpg","width":2011,"height":866,"caption":"SalzburgerLand Tourismus"},"image":{"@id":"https:\/\/www.salzburgerland.com\/de\/magazin\/#\/schema\/logo\/image\/"},"sameAs":["https:\/\/www.facebook.com\/salzburgerland\/","https:\/\/x.com\/Salzburgerland","https:\/\/www.instagram.com\/salzburgerland\/","https:\/\/at.linkedin.com\/company\/salzburgerland-tourismus-gmbh","https:\/\/www.pinterest.at\/salzburgerland\/","https:\/\/www.youtube.com\/user\/salzburgerland","https:\/\/de.wikipedia.org\/wiki\/SalzburgerLand_Tourismus_GmbH"]},{"@type":"Person","@id":"https:\/\/www.salzburgerland.com\/de\/magazin\/#\/schema\/person\/b3957ee14ec977aae208588187c4e1a2","name":"Christoph Werntgen","description":"Im Grunde liegen Christoph Werntgens Wurzeln im Salzburger Land, lernten sich seine Eltern doch am Hochk\u00f6nig kennen. Als Mitgr\u00fcnder der Bergschule Wandererlebnis und Team-Mitglied im Verein #estutnichtweh ist die Salzburger Bergwelt inzwischen zu gro\u00dfen Teilen Arbeitsplatz und ehrenamtliches Bet\u00e4tigungsfeld des Bergwanderf\u00fchrers. Die Freude am Unterwegssein, das Eintauchen in die Natur und den achtsamen und bewussten Umgang mit der Umwelt m\u00f6chte der Diplom-Geograph seinen G\u00e4sten vermitteln. Mein pers\u00f6nlicher Logenplatz im SalzburgerLand? Traumhafte Panoramen er\u00f6ffnen sich nat\u00fcrlich bei jeder Bergtour. Aber nicht nur der Weitblick, sondern auch das genaue Hinschauen und bewusste Wahrnehmen, machen solche Naturerlebnisse zu ganz besonderen Schauspielen: Das schreiende Murmeltier in einem grasbewachsenen Hang beobachten, Kr\u00e4uter, Fr\u00fcchte und Schwammerl im Wald sammeln oder die k\u00fchle, feuchte Luft an einem Wasserfall einatmen. Und dabei ist es ganz egal, ob es f\u00fcr mehrere Tage hoch hinaus oder nur f\u00fcr einen Spaziergang in den Wald geht. Morgen- oder Abendmensch? In den Bergen definitiv Morgenmensch. Wer l\u00e4sst sich schon einen traumhaften Sonnenaufgang, w\u00e4hrend im Tal noch der Nebel liegt, entgehen? Und nach langen Tagen auf den Beinen endet ein Tag auf der H\u00fctte meist nicht allzu sp\u00e4t. Mundharmonika oder Stradivari? Ich liebe es, in gem\u00fctlicher Runde zusammen zu musizieren. Seit einer Weile \u00fcbe ich mit gro\u00dfer Freude auf meiner Ukulele. Eine Mundharmonika w\u00fcrd dem Ensemble sicher auch noch gut zu Gesicht stehen. Kr\u00e4utertee oder Zirbenschnaps? Alles zu seiner Zeit. Was beide eint: selbst gesammelt und verarbeitet, bereiten sie den gr\u00f6\u00dften Genuss. Und es gibt noch so viele weitere Sch\u00e4tze, die die Natur uns schenkt. Bergtour oder Seentour? Da kann ich ganz diplomatisch antworten: eine Bergseentour. Nicht von ungef\u00e4hr hat mein erster Artikel f\u00fcr das SalzburgerLand Magazin die Lungauer Bergseen zum Thema. Und was gibt es feineres, als sich nach einer langen Bergtour in einem k\u00fchlen Gew\u00e4sser zu erfrischen? &nbsp;","sameAs":["http:\/\/www.wandererlebnis.guide","www.facebook.com\/christoph.werntgen","www.instagram.com\/christoph_werntgen"],"url":"https:\/\/www.salzburgerland.com\/de\/magazin\/author\/christophwerntgen\/"}]}},"_wl_alt_label":[],"wl:entity_url":"http:\/\/open.salzburgerland.com\/magazin\/post\/kraeuter-und-kuehe-auf-der-branntweiner-alm-170255","_links":{"self":[{"href":"https:\/\/www.salzburgerland.com\/de\/magazin\/wp-json\/wp\/v2\/posts\/170255","targetHints":{"allow":["GET"]}}],"collection":[{"href":"https:\/\/www.salzburgerland.com\/de\/magazin\/wp-json\/wp\/v2\/posts"}],"about":[{"href":"https:\/\/www.salzburgerland.com\/de\/magazin\/wp-json\/wp\/v2\/types\/post"}],"author":[{"embeddable":true,"href":"https:\/\/www.salzburgerland.com\/de\/magazin\/wp-json\/wp\/v2\/users\/591"}],"replies":[{"embeddable":true,"href":"https:\/\/www.salzburgerland.com\/de\/magazin\/wp-json\/wp\/v2\/comments?post=170255"}],"version-history":[{"count":5,"href":"https:\/\/www.salzburgerland.com\/de\/magazin\/wp-json\/wp\/v2\/posts\/170255\/revisions"}],"predecessor-version":[{"id":172958,"href":"https:\/\/www.salzburgerland.com\/de\/magazin\/wp-json\/wp\/v2\/posts\/170255\/revisions\/172958"}],"wp:featuredmedia":[{"embeddable":true,"href":"https:\/\/www.salzburgerland.com\/de\/magazin\/wp-json\/wp\/v2\/media\/170273"}],"wp:attachment":[{"href":"https:\/\/www.salzburgerland.com\/de\/magazin\/wp-json\/wp\/v2\/media?parent=170255"}],"wp:term":[{"taxonomy":"category","embeddable":true,"href":"https:\/\/www.salzburgerland.com\/de\/magazin\/wp-json\/wp\/v2\/categories?post=170255"},{"taxonomy":"post_tag","embeddable":true,"href":"https:\/\/www.salzburgerland.com\/de\/magazin\/wp-json\/wp\/v2\/tags?post=170255"},{"taxonomy":"wl_entity_type","embeddable":true,"href":"https:\/\/www.salzburgerland.com\/de\/magazin\/wp-json\/wp\/v2\/wl_entity_type?post=170255"},{"taxonomy":"monatsauswahl","embeddable":true,"href":"https:\/\/www.salzburgerland.com\/de\/magazin\/wp-json\/wp\/v2\/monatsauswahl?post=170255"}],"curies":[{"name":"wp","href":"https:\/\/api.w.org\/{rel}","templated":true}]}}