{"id":169795,"date":"2023-05-05T07:00:00","date_gmt":"2023-05-05T05:00:00","guid":{"rendered":"https:\/\/www.salzburgerland.com\/de\/magazin\/?p=169795"},"modified":"2023-04-13T09:44:35","modified_gmt":"2023-04-13T07:44:35","slug":"auf-den-spuren-der-sommerfrische-in-bad-fusch","status":"publish","type":"post","link":"https:\/\/www.salzburgerland.com\/de\/magazin\/auf-den-spuren-der-sommerfrische-in-bad-fusch\/","title":{"rendered":"Auf den Spuren der Sommerfrische in Bad Fusch"},"content":{"rendered":"\n<div class=\"wp-block-slt-top topBlocks\">\n<h2 class=\"wp-block-slt-subtitle\">Geschichtstr\u00e4chtig sprudelnde Heilquellen, eiskaltes Kneippen, spannende Geschichten  und kulinarischer Genuss<\/h2>\n\n\n\n<p class=\"wp-block-slt-intro\">Vielfach lohnendes Ausflugsziel in Fusch an der Glocknerstra\u00dfe: F\u00fcr kulinarische Genie\u00dfer, naturnahe Sportler, kleine Leseratten und zum erfrischenden Wandeln auf Spuren der Historie.<\/p>\n<\/div>\n\n\n\n<h2 class=\"wp-block-heading\">Das historische \u201eBad in der Fusch\u201c<\/h2>\n\n\n\n<p>Schon im 15. Jahrhundert str\u00f6mten Heilungssuchende in den einst hochangesehenen Kurort hoch \u00fcber dem heutigen <a href=\"https:\/\/www.salzburgerland.com\/de\/fusch\/veranstaltungen\">Fusch an der Glocknerstra\u00dfe<\/a>. Von heilbringenden Wassern in wildromantischer Bergkulisse magisch belebt wurde aus dem einsamen Dorf ein vielfrequentiertes und nobles Alpenbad f\u00fcr Wallfahrer und Bader. Touristisch rangierte Fusch in der Biedermeierzeit f\u00fcr alpine Badereisen in Augenh\u00f6he mit der Stadt Salzburg, Gastein und Bad Ischl. Auch die N\u00e4he zum \u201eh\u00f6chsten \u00d6sterreicher\u201c, dem am 28. Juli 1800 erstmals bestiegenen Gro\u00dfglockner, sorgte f\u00fcr einen regen Zustrom im aufkeimenden Alpinismus. Das \u201eBad in der Fusch\u201c, anfangs beliebtes Bauernbad f\u00fcr an \u201eWechselfieber\u201c leidende Pinzgauer stieg durch den Salzburger F\u00fcrsterzbischof Friedrich Schwarzenberg als G\u00f6nner und F\u00f6rderer in der zweiten H\u00e4lfte des 19. Jahrhunderts zur Bl\u00fctezeit auf. Der begeisterte Alpinist besuchte regelm\u00e4\u00dfig den Kurort, und das Ansehen von Bad Fusch im In- und Ausland wuchs. 1.500 Badeg\u00e4ste verbrachten am Ende des 19. Jahrhunderts ihre Sommerfrische hier. Nach den Kriegswirren verblasste der Glanz des Kurortes und es blieben Ruinen aber auch die Kapelle und Quellen zur\u00fcck.<\/p>\n\n\n<div class=\"mag-gallery\"><div class=\"row\"><div class=\"col-6 col-sm-4\"><figure><a class=\"thumb-container\" href=\"https:\/\/www.salzburgerland.com\/de\/magazin\/wp-content\/uploads\/2023\/04\/IMG_7782-2-1280x1024.jpg\">\t<picture><source media=\"(min-width: 576px)\" srcset=\"https:\/\/www.salzburgerland.com\/de\/magazin\/wp-content\/uploads\/2023\/04\/IMG_7782-2-325x209.jpg 325w, https:\/\/www.salzburgerland.com\/de\/magazin\/wp-content\/uploads\/2023\/04\/IMG_7782-2-249x160.jpg 249w\"><\/source><source media=\"(min-width: 0)\" srcset=\"https:\/\/www.salzburgerland.com\/de\/magazin\/wp-content\/uploads\/2023\/04\/IMG_7782-2-249x160.jpg 249w, https:\/\/www.salzburgerland.com\/de\/magazin\/wp-content\/uploads\/2023\/04\/IMG_7782-2-325x209.jpg 325w\"><\/source><img decoding=\"async\" alt=\"Hohe Kiefern spiegeln sich in einem klaren, gr&uuml;nen Teich, das Sonnenlicht f&auml;llt unter einem strahlend blauen Himmel hindurch.\" src=\"https:\/\/www.salzburgerland.com\/de\/magazin\/wp-content\/uploads\/2023\/04\/IMG_7782-2-scaled.jpg\">\t<\/picture><figcaption>Der Waldrundweg f&uuml;hrt an den Teichen vorbei.&copy; Jausenstation Bad Fusch <\/figcaption><\/a><\/figure><\/div><div class=\"col-6 col-sm-4\"><figure><a class=\"thumb-container\" href=\"https:\/\/www.salzburgerland.com\/de\/magazin\/wp-content\/uploads\/2023\/04\/badfusch-c-edith-danzer-3-1280x1024.jpg\">\t<picture><source media=\"(min-width: 576px)\" srcset=\"https:\/\/www.salzburgerland.com\/de\/magazin\/wp-content\/uploads\/2023\/04\/badfusch-c-edith-danzer-3-325x209.jpg 325w, https:\/\/www.salzburgerland.com\/de\/magazin\/wp-content\/uploads\/2023\/04\/badfusch-c-edith-danzer-3-249x160.jpg 249w\"><\/source><source media=\"(min-width: 0)\" srcset=\"https:\/\/www.salzburgerland.com\/de\/magazin\/wp-content\/uploads\/2023\/04\/badfusch-c-edith-danzer-3-249x160.jpg 249w, https:\/\/www.salzburgerland.com\/de\/magazin\/wp-content\/uploads\/2023\/04\/badfusch-c-edith-danzer-3-325x209.jpg 325w\"><\/source><img decoding=\"async\" alt=\"Zwei Holzb&auml;nke neben einem kleinen Teich in einer friedlichen, schattigen Waldlichtung.\" src=\"https:\/\/www.salzburgerland.com\/de\/magazin\/wp-content\/uploads\/2023\/04\/badfusch-c-edith-danzer-3-scaled.jpg\">\t<\/picture><figcaption> Einfach Platz nehmen und durchatmen. &copy; Edith Danzer<\/figcaption><\/a><\/figure><\/div><div class=\"col-6 col-sm-4\"><figure><a class=\"thumb-container\" href=\"https:\/\/www.salzburgerland.com\/de\/magazin\/wp-content\/uploads\/2023\/04\/badfusch-c-edith-danzer-5-1280x1024.jpg\">\t<picture><source media=\"(min-width: 576px)\" srcset=\"https:\/\/www.salzburgerland.com\/de\/magazin\/wp-content\/uploads\/2023\/04\/badfusch-c-edith-danzer-5-325x209.jpg 325w, https:\/\/www.salzburgerland.com\/de\/magazin\/wp-content\/uploads\/2023\/04\/badfusch-c-edith-danzer-5-249x160.jpg 249w\"><\/source><source media=\"(min-width: 0)\" srcset=\"https:\/\/www.salzburgerland.com\/de\/magazin\/wp-content\/uploads\/2023\/04\/badfusch-c-edith-danzer-5-249x160.jpg 249w, https:\/\/www.salzburgerland.com\/de\/magazin\/wp-content\/uploads\/2023\/04\/badfusch-c-edith-danzer-5-325x209.jpg 325w\"><\/source><img decoding=\"async\" alt=\"Ein steinernes Quellhaus mit einem herzf&ouml;rmigen Pool, umgeben von B&auml;umen und Gr&uuml;npflanzen im Sonnenlicht.\" src=\"https:\/\/www.salzburgerland.com\/de\/magazin\/wp-content\/uploads\/2023\/04\/badfusch-c-edith-danzer-5-scaled.jpg\">\t<\/picture><figcaption>Die historisch sprudelnden Heilquellen&copy; Edith Danzer<\/figcaption><\/a><\/figure><\/div><\/div><figcaption><\/figcaption><\/div>\n\n\n\n<p>Doch die Fuscher k\u00fcssten in den 1980er-Jahren den einst so pittoresken Kurort auf 1.180 m Seeh\u00f6he durch eine Verkehrsvereins-Initiative wach und begannen Bad Fusch und seine Wassersch\u00e4tze zu sanieren. Heute sind von den einst elf Heilquellen die F\u00fcrstenquelle, die Augenquelle und die Theresienquelle \u00fcbriggeblieben. Man sagt dem Wasser nach, es habe eine erfrischende, belebende Wirkung, regt den Appetit an und f\u00f6rdert Verdauung und Blutkreislauf.<\/p>\n\n\n<div class=\"mag-gallery\"><div class=\"row\"><div class=\"col-6 col-sm-4\"><figure><a class=\"thumb-container\" href=\"https:\/\/www.salzburgerland.com\/de\/magazin\/wp-content\/uploads\/2023\/04\/badfusch-c-edith-danzer-8-1280x1024.jpg\">\t<picture><source media=\"(min-width: 576px)\" srcset=\"https:\/\/www.salzburgerland.com\/de\/magazin\/wp-content\/uploads\/2023\/04\/badfusch-c-edith-danzer-8-325x209.jpg 325w, https:\/\/www.salzburgerland.com\/de\/magazin\/wp-content\/uploads\/2023\/04\/badfusch-c-edith-danzer-8-249x160.jpg 249w\"><\/source><source media=\"(min-width: 0)\" srcset=\"https:\/\/www.salzburgerland.com\/de\/magazin\/wp-content\/uploads\/2023\/04\/badfusch-c-edith-danzer-8-249x160.jpg 249w, https:\/\/www.salzburgerland.com\/de\/magazin\/wp-content\/uploads\/2023\/04\/badfusch-c-edith-danzer-8-325x209.jpg 325w\"><\/source><img decoding=\"async\" alt=\"Eine l&auml;chelnde Frau im wei&szlig;en Hemd taucht ihren Arm in einen klaren Wassertrog im Freien in einer malerischen Berglandschaft.\" src=\"https:\/\/www.salzburgerland.com\/de\/magazin\/wp-content\/uploads\/2023\/04\/badfusch-c-edith-danzer-8-scaled.jpg\">\t<\/picture><figcaption>Kneippen &copy; Edith Danzer<\/figcaption><\/a><\/figure><\/div><div class=\"col-6 col-sm-4\"><figure><a class=\"thumb-container\" href=\"https:\/\/www.salzburgerland.com\/de\/magazin\/wp-content\/uploads\/2023\/04\/badfusch-c-edith-danzer-7-1280x1024.jpg\">\t<picture><source media=\"(min-width: 576px)\" srcset=\"https:\/\/www.salzburgerland.com\/de\/magazin\/wp-content\/uploads\/2023\/04\/badfusch-c-edith-danzer-7-325x209.jpg 325w, https:\/\/www.salzburgerland.com\/de\/magazin\/wp-content\/uploads\/2023\/04\/badfusch-c-edith-danzer-7-249x160.jpg 249w\"><\/source><source media=\"(min-width: 0)\" srcset=\"https:\/\/www.salzburgerland.com\/de\/magazin\/wp-content\/uploads\/2023\/04\/badfusch-c-edith-danzer-7-249x160.jpg 249w, https:\/\/www.salzburgerland.com\/de\/magazin\/wp-content\/uploads\/2023\/04\/badfusch-c-edith-danzer-7-325x209.jpg 325w\"><\/source><img decoding=\"async\" alt=\"Eine Person w&auml;scht sich an einem sonnigen Tag den nackten Fu&szlig; in einem kleinen Wassertrog im Freien.\" src=\"https:\/\/www.salzburgerland.com\/de\/magazin\/wp-content\/uploads\/2023\/04\/badfusch-c-edith-danzer-7-scaled.jpg\">\t<\/picture><figcaption>Eiskaltes, klares Wasser &copy; Edith Danzer<\/figcaption><\/a><\/figure><\/div><div class=\"col-6 col-sm-4\"><figure><a class=\"thumb-container\" href=\"https:\/\/www.salzburgerland.com\/de\/magazin\/wp-content\/uploads\/2023\/04\/IMG_8856-1280x1024.jpg\">\t<picture><source media=\"(min-width: 576px)\" srcset=\"https:\/\/www.salzburgerland.com\/de\/magazin\/wp-content\/uploads\/2023\/04\/IMG_8856-325x209.jpg 325w, https:\/\/www.salzburgerland.com\/de\/magazin\/wp-content\/uploads\/2023\/04\/IMG_8856-249x160.jpg 249w\"><\/source><source media=\"(min-width: 0)\" srcset=\"https:\/\/www.salzburgerland.com\/de\/magazin\/wp-content\/uploads\/2023\/04\/IMG_8856-249x160.jpg 249w, https:\/\/www.salzburgerland.com\/de\/magazin\/wp-content\/uploads\/2023\/04\/IMG_8856-325x209.jpg 325w\"><\/source><img decoding=\"async\" alt=\"Das h&ouml;lzerne Schild f&uuml;r den Nationalpark Hohe Tauern, Au&szlig;enzone, steht in einer grasbewachsenen Alpenlandschaft mit Bergen im Hintergrund.\" src=\"https:\/\/www.salzburgerland.com\/de\/magazin\/wp-content\/uploads\/2023\/04\/IMG_8856-scaled.jpg\">\t<\/picture><figcaption>Am Rande des Nationalparks Hohe Tauern &copy;Jausenstation Bad Fusch<\/figcaption><\/a><\/figure><\/div><div class=\"col-6 col-sm-4\"><figure><a class=\"thumb-container\" href=\"https:\/\/www.salzburgerland.com\/de\/magazin\/wp-content\/uploads\/2023\/04\/IMG_1097-1280x1024.jpg\">\t<picture><source media=\"(min-width: 576px)\" srcset=\"https:\/\/www.salzburgerland.com\/de\/magazin\/wp-content\/uploads\/2023\/04\/IMG_1097-325x209.jpg 325w, https:\/\/www.salzburgerland.com\/de\/magazin\/wp-content\/uploads\/2023\/04\/IMG_1097-249x160.jpg 249w\"><\/source><source media=\"(min-width: 0)\" srcset=\"https:\/\/www.salzburgerland.com\/de\/magazin\/wp-content\/uploads\/2023\/04\/IMG_1097-249x160.jpg 249w, https:\/\/www.salzburgerland.com\/de\/magazin\/wp-content\/uploads\/2023\/04\/IMG_1097-325x209.jpg 325w\"><\/source><img decoding=\"async\" alt=\"Eine kleine wei&szlig;e Kapelle mit einem Kirchturm steht an einem verzweigten Schotterweg, umgeben von gr&uuml;nen B&auml;umen und Sonnenlicht.\" src=\"https:\/\/www.salzburgerland.com\/de\/magazin\/wp-content\/uploads\/2023\/04\/IMG_1097-scaled.jpg\">\t<\/picture><figcaption>&copy;Jausenstation Bad Fusch<\/figcaption><\/a><\/figure><\/div><div class=\"col-6 col-sm-4\"><figure><a class=\"thumb-container\" href=\"https:\/\/www.salzburgerland.com\/de\/magazin\/wp-content\/uploads\/2023\/04\/IMG_1093-2-1280x1024.jpg\">\t<picture><source media=\"(min-width: 576px)\" srcset=\"https:\/\/www.salzburgerland.com\/de\/magazin\/wp-content\/uploads\/2023\/04\/IMG_1093-2-325x209.jpg 325w, https:\/\/www.salzburgerland.com\/de\/magazin\/wp-content\/uploads\/2023\/04\/IMG_1093-2-249x160.jpg 249w\"><\/source><source media=\"(min-width: 0)\" srcset=\"https:\/\/www.salzburgerland.com\/de\/magazin\/wp-content\/uploads\/2023\/04\/IMG_1093-2-249x160.jpg 249w, https:\/\/www.salzburgerland.com\/de\/magazin\/wp-content\/uploads\/2023\/04\/IMG_1093-2-325x209.jpg 325w\"><\/source><img decoding=\"async\" alt=\"H&ouml;lzerne Aussichtsplattform, kleiner Teich und gr&uuml;nes Gras mit Bergen und blauem Himmel im Hintergrund.\" src=\"https:\/\/www.salzburgerland.com\/de\/magazin\/wp-content\/uploads\/2023\/04\/IMG_1093-2-scaled.jpg\">\t<\/picture><figcaption>&copy;Jausenstation Bad Fusch<\/figcaption><\/a><\/figure><\/div><div class=\"col-6 col-sm-4\"><figure><a class=\"thumb-container\" href=\"https:\/\/www.salzburgerland.com\/de\/magazin\/wp-content\/uploads\/2023\/04\/badfusch-c-edith-danzer-6-1280x1024.jpg\">\t<picture><source media=\"(min-width: 576px)\" srcset=\"https:\/\/www.salzburgerland.com\/de\/magazin\/wp-content\/uploads\/2023\/04\/badfusch-c-edith-danzer-6-325x209.jpg 325w, https:\/\/www.salzburgerland.com\/de\/magazin\/wp-content\/uploads\/2023\/04\/badfusch-c-edith-danzer-6-249x160.jpg 249w\"><\/source><source media=\"(min-width: 0)\" srcset=\"https:\/\/www.salzburgerland.com\/de\/magazin\/wp-content\/uploads\/2023\/04\/badfusch-c-edith-danzer-6-249x160.jpg 249w, https:\/\/www.salzburgerland.com\/de\/magazin\/wp-content\/uploads\/2023\/04\/badfusch-c-edith-danzer-6-325x209.jpg 325w\"><\/source><img decoding=\"async\" alt=\"Eine Person in einem roten Hemd steht in einem felsigen Au&szlig;enbereich mit Kies, Steinen und Metallschienen, von oben gesehen.\" src=\"https:\/\/www.salzburgerland.com\/de\/magazin\/wp-content\/uploads\/2023\/04\/badfusch-c-edith-danzer-6-scaled.jpg\">\t<\/picture><figcaption>&copy; Edith Danzer<\/figcaption><\/a><\/figure><\/div><\/div><figcaption>Kneippen und Wandern entlang der historischen Heilquellen und Kapellen<\/figcaption><\/div>\n\n\n\n<h2 class=\"wp-block-heading\" id=\"h-jausenstation-grill-craft-bad-fusch\">Jausenstation Grill &amp; Craft Bad Fusch<\/h2>\n\n\n\n<p>F\u00fcr den guten Blutkreislauf sorgt die Kneippanlage Bad Fusch mit Kneipp-Bach, Armbecken, Layrinth und Wasserpavillion. Und f\u00fcr einen regen Appetit nach dem Besuch der Heilquellen und Kneippbecken kommt die Jausenstation Bad Fusch gelegen. Die seit 2020 von den beiden Engl\u00e4ndern Andy Rose und Jonnie Tash gef\u00fchrte Grill &amp; Craft Beer Station ist l\u00e4ngst Besuchermagnet und Geheimtipp unter den Pinzgauer Feinschmeckern. Als absolute Quereinsteiger nutzten die Skilehrer und Tourguides die Coronakrise als Chance f\u00fcr eine Neustart der bestehenden Jausenstation. Nach der Er\u00f6ffnung wurde den beiden schnell klar, dass sie ein besonderes Speisenangebot ihr kulinarischer USP sein solle. Neben Club Sandwich, unglaublich zarten Spareribs vom Grill, Mexikanischen Quesadillas und regionalem Bier vom Pinzgaubr\u00e4u finden vor allem zahlreiche vegetarische und vegane Gerichte gro\u00dfen Zuspruch. Was ihre Speisen so besonders macht? Jonnie erkl\u00e4rt: \u201eWir sorgen in der frischen Zubereitung vor Ort f\u00fcr den gewissen Twist und legen gro\u00dfen Wert auf Regionalit\u00e4t.<\/p>\n\n\n<div class=\"mag-gallery\"><div class=\"row\"><div class=\"col-6 col-sm-4\"><figure><a class=\"thumb-container\" href=\"https:\/\/www.salzburgerland.com\/de\/magazin\/wp-content\/uploads\/2023\/04\/badfusch-c-edith-danzer-9-1280x1024.jpg\">\t<picture><source media=\"(min-width: 576px)\" srcset=\"https:\/\/www.salzburgerland.com\/de\/magazin\/wp-content\/uploads\/2023\/04\/badfusch-c-edith-danzer-9-325x209.jpg 325w, https:\/\/www.salzburgerland.com\/de\/magazin\/wp-content\/uploads\/2023\/04\/badfusch-c-edith-danzer-9-249x160.jpg 249w\"><\/source><source media=\"(min-width: 0)\" srcset=\"https:\/\/www.salzburgerland.com\/de\/magazin\/wp-content\/uploads\/2023\/04\/badfusch-c-edith-danzer-9-249x160.jpg 249w, https:\/\/www.salzburgerland.com\/de\/magazin\/wp-content\/uploads\/2023\/04\/badfusch-c-edith-danzer-9-325x209.jpg 325w\"><\/source><img decoding=\"async\" alt=\"Ein Teller mit glasierten Barbecue-Rippchen, Pommes frites in einem Metallkorb, Krautsalat und Dip-Sauce.\" src=\"https:\/\/www.salzburgerland.com\/de\/magazin\/wp-content\/uploads\/2023\/04\/badfusch-c-edith-danzer-9-scaled.jpg\">\t<\/picture><figcaption>&copy; Edith Danzer<\/figcaption><\/a><\/figure><\/div><div class=\"col-6 col-sm-4\"><figure><a class=\"thumb-container\" href=\"https:\/\/www.salzburgerland.com\/de\/magazin\/wp-content\/uploads\/2023\/04\/IMG_9219-1280x1024.jpg\">\t<picture><source media=\"(min-width: 576px)\" srcset=\"https:\/\/www.salzburgerland.com\/de\/magazin\/wp-content\/uploads\/2023\/04\/IMG_9219-325x209.jpg 325w, https:\/\/www.salzburgerland.com\/de\/magazin\/wp-content\/uploads\/2023\/04\/IMG_9219-249x160.jpg 249w\"><\/source><source media=\"(min-width: 0)\" srcset=\"https:\/\/www.salzburgerland.com\/de\/magazin\/wp-content\/uploads\/2023\/04\/IMG_9219-249x160.jpg 249w, https:\/\/www.salzburgerland.com\/de\/magazin\/wp-content\/uploads\/2023\/04\/IMG_9219-325x209.jpg 325w\"><\/source><img decoding=\"async\" alt=\"Reihen von gr&uuml;nen Liegest&uuml;hlen stehen vor einer kleinen Holzh&uuml;tte auf einer sonnigen, bewaldeten Berglichtung.\" src=\"https:\/\/www.salzburgerland.com\/de\/magazin\/wp-content\/uploads\/2023\/04\/IMG_9219-scaled.jpg\">\t<\/picture><figcaption>&copy;Jausenstation Bad Fusch<\/figcaption><\/a><\/figure><\/div><div class=\"col-6 col-sm-4\"><figure><a class=\"thumb-container\" href=\"https:\/\/www.salzburgerland.com\/de\/magazin\/wp-content\/uploads\/2023\/04\/IMG_9693-1280x1024.jpg\">\t<picture><source media=\"(min-width: 576px)\" srcset=\"https:\/\/www.salzburgerland.com\/de\/magazin\/wp-content\/uploads\/2023\/04\/IMG_9693-325x209.jpg 325w, https:\/\/www.salzburgerland.com\/de\/magazin\/wp-content\/uploads\/2023\/04\/IMG_9693-249x160.jpg 249w\"><\/source><source media=\"(min-width: 0)\" srcset=\"https:\/\/www.salzburgerland.com\/de\/magazin\/wp-content\/uploads\/2023\/04\/IMG_9693-249x160.jpg 249w, https:\/\/www.salzburgerland.com\/de\/magazin\/wp-content\/uploads\/2023\/04\/IMG_9693-325x209.jpg 325w\"><\/source><img decoding=\"async\" alt=\"Bierflaschen, eine So&szlig;enflasche und ein Schild mit der Speisekarte sind im Freien an einem begr&uuml;nten Teich aufgestellt.\" src=\"https:\/\/www.salzburgerland.com\/de\/magazin\/wp-content\/uploads\/2023\/04\/IMG_9693-scaled.jpg\">\t<\/picture><figcaption>&copy;Jausenstation Bad Fusch<\/figcaption><\/a><\/figure><\/div><div class=\"col-6 col-sm-4\"><figure><a class=\"thumb-container\" href=\"https:\/\/www.salzburgerland.com\/de\/magazin\/wp-content\/uploads\/2023\/04\/IMG_0858-1280x1024.jpg\">\t<picture><source media=\"(min-width: 576px)\" srcset=\"https:\/\/www.salzburgerland.com\/de\/magazin\/wp-content\/uploads\/2023\/04\/IMG_0858-325x209.jpg 325w, https:\/\/www.salzburgerland.com\/de\/magazin\/wp-content\/uploads\/2023\/04\/IMG_0858-249x160.jpg 249w\"><\/source><source media=\"(min-width: 0)\" srcset=\"https:\/\/www.salzburgerland.com\/de\/magazin\/wp-content\/uploads\/2023\/04\/IMG_0858-249x160.jpg 249w, https:\/\/www.salzburgerland.com\/de\/magazin\/wp-content\/uploads\/2023\/04\/IMG_0858-325x209.jpg 325w\"><\/source><img decoding=\"async\" alt=\"Die Menschen sitzen an Picknicktischen mit roten Sonnenschirmen in einer malerischen, sonnigen, von B&auml;umen umgebenen Berglichtung.\" src=\"https:\/\/www.salzburgerland.com\/de\/magazin\/wp-content\/uploads\/2023\/04\/IMG_0858-scaled.jpg\">\t<\/picture><figcaption>&copy;Jausenstation Bad Fusch<\/figcaption><\/a><\/figure><\/div><div class=\"col-6 col-sm-4\"><figure><a class=\"thumb-container\" href=\"https:\/\/www.salzburgerland.com\/de\/magazin\/wp-content\/uploads\/2023\/04\/202209_13-Jonnie-Andy_MGL8089-2-1280x1024.jpg\">\t<picture><source media=\"(min-width: 576px)\" srcset=\"https:\/\/www.salzburgerland.com\/de\/magazin\/wp-content\/uploads\/2023\/04\/202209_13-Jonnie-Andy_MGL8089-2-325x209.jpg 325w, https:\/\/www.salzburgerland.com\/de\/magazin\/wp-content\/uploads\/2023\/04\/202209_13-Jonnie-Andy_MGL8089-2-249x160.jpg 249w\"><\/source><source media=\"(min-width: 0)\" srcset=\"https:\/\/www.salzburgerland.com\/de\/magazin\/wp-content\/uploads\/2023\/04\/202209_13-Jonnie-Andy_MGL8089-2-249x160.jpg 249w, https:\/\/www.salzburgerland.com\/de\/magazin\/wp-content\/uploads\/2023\/04\/202209_13-Jonnie-Andy_MGL8089-2-325x209.jpg 325w\"><\/source><img decoding=\"async\" alt=\"Zwei M&auml;nner stehen vor einem rustikalen Stra&szlig;encaf&eacute; mit Bergen und B&auml;umen im Hintergrund.\" src=\"https:\/\/www.salzburgerland.com\/de\/magazin\/wp-content\/uploads\/2023\/04\/202209_13-Jonnie-Andy_MGL8089-2.jpg\">\t<\/picture><figcaption>&copy;Jausenstation Bad Fusch<\/figcaption><\/a><\/figure><\/div><div class=\"col-6 col-sm-4\"><figure><a class=\"thumb-container\" href=\"https:\/\/www.salzburgerland.com\/de\/magazin\/wp-content\/uploads\/2023\/04\/Jaussenstation_MGL5290_media-1280x1024.jpg\">\t<picture><source media=\"(min-width: 576px)\" srcset=\"https:\/\/www.salzburgerland.com\/de\/magazin\/wp-content\/uploads\/2023\/04\/Jaussenstation_MGL5290_media-325x209.jpg 325w, https:\/\/www.salzburgerland.com\/de\/magazin\/wp-content\/uploads\/2023\/04\/Jaussenstation_MGL5290_media-249x160.jpg 249w\"><\/source><source media=\"(min-width: 0)\" srcset=\"https:\/\/www.salzburgerland.com\/de\/magazin\/wp-content\/uploads\/2023\/04\/Jaussenstation_MGL5290_media-249x160.jpg 249w, https:\/\/www.salzburgerland.com\/de\/magazin\/wp-content\/uploads\/2023\/04\/Jaussenstation_MGL5290_media-325x209.jpg 325w\"><\/source><img decoding=\"async\" alt=\"Zwei l&auml;chelnde M&auml;nner, einer in einer roten Sch&uuml;rze, stehen an einem sonnigen Tag vor einem h&ouml;lzernen Essensstand.\" src=\"https:\/\/www.salzburgerland.com\/de\/magazin\/wp-content\/uploads\/2023\/04\/Jaussenstation_MGL5290_media.jpg\">\t<\/picture><figcaption>&copy;Jausenstation Bad Fusch<\/figcaption><\/a><\/figure><\/div><\/div><figcaption><\/figcaption><\/div>\n\n\n\n<p>Inmitten der imposanten Kulisse der Fuscher Bergwelt, der eiskalt sprudelnden Kneippbecken und den historischen Quellen findet man hier also einen kulinarischen Logenplatz. Gro\u00dfe rustikale Holztische mit B\u00e4nken laden zum gemeinsamen Zusammenkommen ein. Andy verr\u00e4t: \u201eAlle Speisen werden in der kleinen K\u00fcche von mir frisch zubereitet und von Jonnie mit einem Mix aus englischem und \u00f6sterreichischem Charme serviert.\u201c Die 2-Man-Show der Wahlpinzgauer scheint den Zeitgeist getroffen zu haben, denn zahlreiche Kneippg\u00e4ste, Wanderer, Biker und hungrige Stammg\u00e4ste setzen sich zum gemeinsamen Plausch um die Holztische. Familien machen sich auf zu einer Entdeckung des von Jonnie und Andy selbst kreierten Gie\u00dfkannenwegs direkt an der Grenze zum Nationalpark Hohe Tauern. Ein 10-Min\u00fctiger Themenweg f\u00fcr Kinder mit lustigen Figuren aus Jonnies erstem Buch. F\u00fcr den Sommer 2023 ist ein weiterer Themenweg mit Schatzkarte, inspiriert von einem der Kinderb\u00fccher, in Planung.<\/p>\n\n\n<div class=\"mag-gallery\"><div class=\"row\"><div class=\"col-6 col-sm-4\"><figure><a class=\"thumb-container\" href=\"https:\/\/www.salzburgerland.com\/de\/magazin\/wp-content\/uploads\/2023\/04\/IMG_7563-2-1280x1024.jpg\">\t<picture><source media=\"(min-width: 576px)\" srcset=\"https:\/\/www.salzburgerland.com\/de\/magazin\/wp-content\/uploads\/2023\/04\/IMG_7563-2-325x209.jpg 325w, https:\/\/www.salzburgerland.com\/de\/magazin\/wp-content\/uploads\/2023\/04\/IMG_7563-2-249x160.jpg 249w\"><\/source><source media=\"(min-width: 0)\" srcset=\"https:\/\/www.salzburgerland.com\/de\/magazin\/wp-content\/uploads\/2023\/04\/IMG_7563-2-249x160.jpg 249w, https:\/\/www.salzburgerland.com\/de\/magazin\/wp-content\/uploads\/2023\/04\/IMG_7563-2-325x209.jpg 325w\"><\/source><img decoding=\"async\" alt=\"Zwei M&auml;nner stehen auf einem Waldweg, einer in einer Sch&uuml;rze, neben einer orangefarbenen Gie&szlig;kanne auf einem Pfosten.\" src=\"https:\/\/www.salzburgerland.com\/de\/magazin\/wp-content\/uploads\/2023\/04\/IMG_7563-2-scaled.jpg\">\t<\/picture><figcaption>v.l. Jonnie und Andy am Eingang des Gie&szlig;kannenwegs.ielleicht Jausenstation Bad Fusch<\/figcaption><\/a><\/figure><\/div><div class=\"col-6 col-sm-4\"><figure><a class=\"thumb-container\" href=\"https:\/\/www.salzburgerland.com\/de\/magazin\/wp-content\/uploads\/2023\/04\/badfusch-c-edith-danzer-1280x1024.jpg\">\t<picture><source media=\"(min-width: 576px)\" srcset=\"https:\/\/www.salzburgerland.com\/de\/magazin\/wp-content\/uploads\/2023\/04\/badfusch-c-edith-danzer-325x209.jpg 325w, https:\/\/www.salzburgerland.com\/de\/magazin\/wp-content\/uploads\/2023\/04\/badfusch-c-edith-danzer-249x160.jpg 249w\"><\/source><source media=\"(min-width: 0)\" srcset=\"https:\/\/www.salzburgerland.com\/de\/magazin\/wp-content\/uploads\/2023\/04\/badfusch-c-edith-danzer-249x160.jpg 249w, https:\/\/www.salzburgerland.com\/de\/magazin\/wp-content\/uploads\/2023\/04\/badfusch-c-edith-danzer-325x209.jpg 325w\"><\/source><img decoding=\"async\" alt=\"Eine orangefarbene Gie&szlig;kanne h&auml;ngt an einem Pfosten &uuml;ber einem Zum See-Schild mit einem Pfeil, umgeben von Gr&uuml;nzeug.\" src=\"https:\/\/www.salzburgerland.com\/de\/magazin\/wp-content\/uploads\/2023\/04\/badfusch-c-edith-danzer-scaled.jpg\">\t<\/picture><figcaption>Die Gie&szlig;kannen weisen den WEg. &copy; Edith Danzer<\/figcaption><\/a><\/figure><\/div><div class=\"col-6 col-sm-4\"><figure><a class=\"thumb-container\" href=\"https:\/\/www.salzburgerland.com\/de\/magazin\/wp-content\/uploads\/2023\/04\/badfusch-c-edith-danzer-2-1280x1024.jpg\">\t<picture><source media=\"(min-width: 576px)\" srcset=\"https:\/\/www.salzburgerland.com\/de\/magazin\/wp-content\/uploads\/2023\/04\/badfusch-c-edith-danzer-2-325x209.jpg 325w, https:\/\/www.salzburgerland.com\/de\/magazin\/wp-content\/uploads\/2023\/04\/badfusch-c-edith-danzer-2-249x160.jpg 249w\"><\/source><source media=\"(min-width: 0)\" srcset=\"https:\/\/www.salzburgerland.com\/de\/magazin\/wp-content\/uploads\/2023\/04\/badfusch-c-edith-danzer-2-249x160.jpg 249w, https:\/\/www.salzburgerland.com\/de\/magazin\/wp-content\/uploads\/2023\/04\/badfusch-c-edith-danzer-2-325x209.jpg 325w\"><\/source><img decoding=\"async\" alt=\"Ein sonnenbeschienener Waldweg schl&auml;ngelt sich durch hohe B&auml;ume und &uuml;ppig gr&uuml;nes Unterholz.\" src=\"https:\/\/www.salzburgerland.com\/de\/magazin\/wp-content\/uploads\/2023\/04\/badfusch-c-edith-danzer-2-scaled.jpg\">\t<\/picture><figcaption>Mystische Stimmung im Wald &copy; Edith Danzer<\/figcaption><\/a><\/figure><\/div><\/div><figcaption><\/figcaption><\/div>\n\n\n\n<h2 class=\"wp-block-heading\">Reggie Mouse aus Bad Fusch<\/h2>\n\n\n\n<p>Ja, Jonnie ist n\u00e4mlich nebenbei auch erfolgreicher Kinderbuchautor, mittlerweile hat er bereits mehrere B\u00fccher publiziert. Die lehrreichen und kindgerechten Geschichten rund um die Maus Reggie, die in Bad Fusch mit ihren Freunden spannende Abenteuer erlebt, hat Jonnie urspr\u00fcnglich f\u00fcr seinen kleinen Neffen in England geschrieben und illustriert. Die international beliebten B\u00fccher sind vor Ort, in den Tourismusverb\u00e4nden Bruck und Fusch oder \u00fcbers Internet in deutsch und englisch erh\u00e4ltlich. K\u00fcrzlich wurde der Autor sogar zu einer Lesungs-Tour nach Amerika eingeladen. \u201eDas musste ich jedoch schweren Herzens absagen, denn Bad Fusch ist mir wichtiger\u201c, lacht der b\u00e4rtige Engl\u00e4nder mit starkem Pinzgauer Akzent und f\u00fcgt mit einem Augenzwinkern hinzu: \u201eBad Fusch ist unsere Herzensangelegenheit \u2013 oder, wie wir sagen w\u00fcrden \u2013 it\u00b4s our job to make Bad Fusch great again!\u201c<\/p>\n\n\n\n<figure class=\"wp-block-image size-full\"><img loading=\"lazy\" decoding=\"async\" width=\"2560\" height=\"1709\" src=\"https:\/\/www.salzburgerland.com\/de\/magazin\/wp-content\/uploads\/2023\/04\/reggie-mouse-jonnie-tash-c-Marc-Daniel-Leeds-scaled.jpeg\" alt=\"Ein l\u00e4chelnder b\u00e4rtiger Mann h\u00e4lt bunte Kinderb\u00fccher vor einer Gondelkabine.\" class=\"wp-image-169846\" srcset=\"https:\/\/www.salzburgerland.com\/de\/magazin\/wp-content\/uploads\/2023\/04\/reggie-mouse-jonnie-tash-c-Marc-Daniel-Leeds-scaled.jpeg 2560w, https:\/\/www.salzburgerland.com\/de\/magazin\/wp-content\/uploads\/2023\/04\/reggie-mouse-jonnie-tash-c-Marc-Daniel-Leeds-300x200.jpeg 300w, https:\/\/www.salzburgerland.com\/de\/magazin\/wp-content\/uploads\/2023\/04\/reggie-mouse-jonnie-tash-c-Marc-Daniel-Leeds-1536x1025.jpeg 1536w, https:\/\/www.salzburgerland.com\/de\/magazin\/wp-content\/uploads\/2023\/04\/reggie-mouse-jonnie-tash-c-Marc-Daniel-Leeds-2048x1367.jpeg 2048w, https:\/\/www.salzburgerland.com\/de\/magazin\/wp-content\/uploads\/2023\/04\/reggie-mouse-jonnie-tash-c-Marc-Daniel-Leeds-824x550.jpeg 824w, https:\/\/www.salzburgerland.com\/de\/magazin\/wp-content\/uploads\/2023\/04\/reggie-mouse-jonnie-tash-c-Marc-Daniel-Leeds-599x400.jpeg 599w, https:\/\/www.salzburgerland.com\/de\/magazin\/wp-content\/uploads\/2023\/04\/reggie-mouse-jonnie-tash-c-Marc-Daniel-Leeds-1320x881.jpeg 1320w, https:\/\/www.salzburgerland.com\/de\/magazin\/wp-content\/uploads\/2023\/04\/reggie-mouse-jonnie-tash-c-Marc-Daniel-Leeds-150x100.jpeg 150w\" sizes=\"auto, (max-width: 2560px) 100vw, 2560px\" \/><figcaption class=\"wp-element-caption\">Autor Jonnie Tash mit einer Auswahl seiner Kinderb\u00fccher. \u00a9 Marc Daniel Leeds #marc_leeds22<\/figcaption><\/figure>\n\n\n\n<p>Und wenn Jonnie gerade nicht am B\u00fccherschreiben, Servieren oder F\u00fcllen der Social-Media-Kan\u00e4le von <a href=\"https:\/\/www.facebook.com\/jausenstationbadfusch\/?locale=de_DE\">Facebook<\/a> und <a href=\"https:\/\/www.instagram.com\/jausenstation_bad_fusch\/?hl=de\">Instagram<\/a> ist, verschwindet er wie jetzt in der K\u00fcche, um mit Leidenschaft s\u00fc\u00dfe Kuchen f\u00fcr seine G\u00e4ste zu backen. Seine Brownies und Torten sind weitum bekannt.<\/p>\n\n\n\n<p>Wer mehr \u00fcber die Geschichte von Bad Fusch erfahren m\u00f6chte, besucht die Ausstellung der Familie de Mas in der Erlebniswelt Holz in Fusch oder schm\u00f6kert im Buch \u201eBad Fusch \u2013 eine Wiederentdeckung\u201c von Gertraud Steiner (Verlag Anton Pustet).<\/p>\n\n\n\n<p>Die Jausenstation Bad Fusch ist von Juni bis Ende August t\u00e4glich von 11:00 bis 17:00 Uhr ge\u00f6ffnet. Zufahrt bis direkt zu den Kneippanlagen, Lokal und Start der Wanderungen mit dem PKW m\u00f6glich.<\/p>\n","protected":false},"excerpt":{"rendered":"<p>Das historische \u201eBad in der Fusch\u201c Schon im 15. Jahrhundert str\u00f6mten Heilungssuchende in den einst hochangesehenen Kurort hoch \u00fcber dem heutigen Fusch an der Glocknerstra\u00dfe. Von heilbringenden Wassern in wildromantischer Bergkulisse magisch belebt wurde aus dem einsamen Dorf ein vielfrequentiertes und nobles Alpenbad f\u00fcr Wallfahrer und Bader. Touristisch rangierte Fusch in der Biedermeierzeit f\u00fcr alpine [&hellip;]<\/p>\n","protected":false},"author":11,"featured_media":169820,"comment_status":"closed","ping_status":"closed","sticky":false,"template":"","format":"standard","meta":{"_acf_changed":false,"wl_entities_gutenberg":"","_wl_entity_redirect_enabled":"","footnotes":""},"categories":[9],"tags":[],"wl_entity_type":[306],"monatsauswahl":[],"class_list":["post-169795","post","type-post","status-publish","format-standard","has-post-thumbnail","hentry","category-sehenswurdig","wl_entity_type-article"],"acf":[],"yoast_head":"<!-- This site is optimized with the Yoast SEO Premium plugin v27.4 (Yoast SEO v27.4) - https:\/\/yoast.com\/product\/yoast-seo-premium-wordpress\/ -->\n<title>Auf den Spuren der Sommerfrische in Bad Fusch - SalzburgerLand Magazin<\/title>\n<meta name=\"robots\" content=\"index, follow, max-snippet:-1, max-image-preview:large, max-video-preview:-1\" \/>\n<link rel=\"canonical\" href=\"https:\/\/www.salzburgerland.com\/de\/magazin\/auf-den-spuren-der-sommerfrische-in-bad-fusch\/\" \/>\n<meta property=\"og:locale\" content=\"de_DE\" \/>\n<meta property=\"og:type\" content=\"article\" \/>\n<meta property=\"og:title\" content=\"Auf den Spuren der Sommerfrische in Bad Fusch\" \/>\n<meta property=\"og:description\" content=\"Das historische \u201eBad in der Fusch\u201c Schon im 15. Jahrhundert str\u00f6mten Heilungssuchende in den einst hochangesehenen Kurort hoch \u00fcber dem heutigen Fusch an der Glocknerstra\u00dfe. Von heilbringenden Wassern in wildromantischer Bergkulisse magisch belebt wurde aus dem einsamen Dorf ein vielfrequentiertes und nobles Alpenbad f\u00fcr Wallfahrer und Bader. Touristisch rangierte Fusch in der Biedermeierzeit f\u00fcr alpine [&hellip;]\" \/>\n<meta property=\"og:url\" content=\"https:\/\/www.salzburgerland.com\/de\/magazin\/auf-den-spuren-der-sommerfrische-in-bad-fusch\/\" \/>\n<meta property=\"og:site_name\" content=\"SalzburgerLand Magazin\" \/>\n<meta property=\"article:publisher\" content=\"https:\/\/www.facebook.com\/salzburgerland\/\" \/>\n<meta property=\"article:published_time\" content=\"2023-05-05T05:00:00+00:00\" \/>\n<meta property=\"og:image\" content=\"https:\/\/www.salzburgerland.com\/de\/magazin\/wp-content\/uploads\/2023\/04\/202209_13-Jonnie-Andy_MGL8091.jpg\" \/>\n\t<meta property=\"og:image:width\" content=\"2065\" \/>\n\t<meta property=\"og:image:height\" content=\"1377\" \/>\n\t<meta property=\"og:image:type\" content=\"image\/jpeg\" \/>\n<meta name=\"author\" content=\"Edith Danzer\" \/>\n<meta name=\"twitter:card\" content=\"summary_large_image\" \/>\n<meta name=\"twitter:creator\" content=\"@Salzburgerland\" \/>\n<meta name=\"twitter:site\" content=\"@Salzburgerland\" \/>\n<meta name=\"twitter:label1\" content=\"Verfasst von\" \/>\n\t<meta name=\"twitter:data1\" content=\"Edith Danzer\" \/>\n\t<meta name=\"twitter:label2\" content=\"Gesch\u00e4tzte Lesezeit\" \/>\n\t<meta name=\"twitter:data2\" content=\"9\u00a0Minuten\" \/>\n<script type=\"application\/ld+json\" class=\"yoast-schema-graph\">{\"@context\":\"https:\\\/\\\/schema.org\",\"@graph\":[{\"@type\":\"Article\",\"@id\":\"https:\\\/\\\/www.salzburgerland.com\\\/de\\\/magazin\\\/auf-den-spuren-der-sommerfrische-in-bad-fusch\\\/#article\",\"isPartOf\":{\"@id\":\"https:\\\/\\\/www.salzburgerland.com\\\/de\\\/magazin\\\/auf-den-spuren-der-sommerfrische-in-bad-fusch\\\/\"},\"author\":{\"name\":\"Edith Danzer\",\"@id\":\"https:\\\/\\\/www.salzburgerland.com\\\/de\\\/magazin\\\/#\\\/schema\\\/person\\\/79452c699c410aa31a119426313748de\"},\"headline\":\"Auf den Spuren der Sommerfrische in Bad Fusch\",\"datePublished\":\"2023-05-05T05:00:00+00:00\",\"mainEntityOfPage\":{\"@id\":\"https:\\\/\\\/www.salzburgerland.com\\\/de\\\/magazin\\\/auf-den-spuren-der-sommerfrische-in-bad-fusch\\\/\"},\"wordCount\":985,\"publisher\":{\"@id\":\"https:\\\/\\\/www.salzburgerland.com\\\/de\\\/magazin\\\/#organization\"},\"image\":{\"@id\":\"https:\\\/\\\/www.salzburgerland.com\\\/de\\\/magazin\\\/auf-den-spuren-der-sommerfrische-in-bad-fusch\\\/#primaryimage\"},\"thumbnailUrl\":\"https:\\\/\\\/www.salzburgerland.com\\\/de\\\/magazin\\\/wp-content\\\/uploads\\\/2023\\\/04\\\/202209_13-Jonnie-Andy_MGL8091.jpg\",\"articleSection\":[\"Sehensw\u00fcrdig\"],\"inLanguage\":\"de\"},{\"@type\":\"WebPage\",\"@id\":\"https:\\\/\\\/www.salzburgerland.com\\\/de\\\/magazin\\\/auf-den-spuren-der-sommerfrische-in-bad-fusch\\\/\",\"url\":\"https:\\\/\\\/www.salzburgerland.com\\\/de\\\/magazin\\\/auf-den-spuren-der-sommerfrische-in-bad-fusch\\\/\",\"name\":\"Auf den Spuren der Sommerfrische in Bad Fusch - SalzburgerLand Magazin\",\"isPartOf\":{\"@id\":\"https:\\\/\\\/www.salzburgerland.com\\\/de\\\/magazin\\\/#website\"},\"primaryImageOfPage\":{\"@id\":\"https:\\\/\\\/www.salzburgerland.com\\\/de\\\/magazin\\\/auf-den-spuren-der-sommerfrische-in-bad-fusch\\\/#primaryimage\"},\"image\":{\"@id\":\"https:\\\/\\\/www.salzburgerland.com\\\/de\\\/magazin\\\/auf-den-spuren-der-sommerfrische-in-bad-fusch\\\/#primaryimage\"},\"thumbnailUrl\":\"https:\\\/\\\/www.salzburgerland.com\\\/de\\\/magazin\\\/wp-content\\\/uploads\\\/2023\\\/04\\\/202209_13-Jonnie-Andy_MGL8091.jpg\",\"datePublished\":\"2023-05-05T05:00:00+00:00\",\"breadcrumb\":{\"@id\":\"https:\\\/\\\/www.salzburgerland.com\\\/de\\\/magazin\\\/auf-den-spuren-der-sommerfrische-in-bad-fusch\\\/#breadcrumb\"},\"inLanguage\":\"de\",\"potentialAction\":[{\"@type\":\"ReadAction\",\"target\":[\"https:\\\/\\\/www.salzburgerland.com\\\/de\\\/magazin\\\/auf-den-spuren-der-sommerfrische-in-bad-fusch\\\/\"]}]},{\"@type\":\"ImageObject\",\"inLanguage\":\"de\",\"@id\":\"https:\\\/\\\/www.salzburgerland.com\\\/de\\\/magazin\\\/auf-den-spuren-der-sommerfrische-in-bad-fusch\\\/#primaryimage\",\"url\":\"https:\\\/\\\/www.salzburgerland.com\\\/de\\\/magazin\\\/wp-content\\\/uploads\\\/2023\\\/04\\\/202209_13-Jonnie-Andy_MGL8091.jpg\",\"contentUrl\":\"https:\\\/\\\/www.salzburgerland.com\\\/de\\\/magazin\\\/wp-content\\\/uploads\\\/2023\\\/04\\\/202209_13-Jonnie-Andy_MGL8091.jpg\",\"width\":2065,\"height\":1377,\"caption\":\"\u00a9Jausenstation Bad Fusch\"},{\"@type\":\"BreadcrumbList\",\"@id\":\"https:\\\/\\\/www.salzburgerland.com\\\/de\\\/magazin\\\/auf-den-spuren-der-sommerfrische-in-bad-fusch\\\/#breadcrumb\",\"itemListElement\":[{\"@type\":\"ListItem\",\"position\":1,\"name\":\"Startseite\",\"item\":\"https:\\\/\\\/www.salzburgerland.com\\\/de\\\/magazin\\\/\"},{\"@type\":\"ListItem\",\"position\":2,\"name\":\"Sehensw\u00fcrdig\",\"item\":\"https:\\\/\\\/www.salzburgerland.com\\\/de\\\/magazin\\\/thema\\\/sehenswurdig\\\/\"},{\"@type\":\"ListItem\",\"position\":3,\"name\":\"Auf den Spuren der Sommerfrische in Bad Fusch\"}]},{\"@type\":\"WebSite\",\"@id\":\"https:\\\/\\\/www.salzburgerland.com\\\/de\\\/magazin\\\/#website\",\"url\":\"https:\\\/\\\/www.salzburgerland.com\\\/de\\\/magazin\\\/\",\"name\":\"SalzburgerLand Magazin\",\"description\":\"Geschichten und Interessantes aus dem SalzburgerLand\",\"publisher\":{\"@id\":\"https:\\\/\\\/www.salzburgerland.com\\\/de\\\/magazin\\\/#organization\"},\"potentialAction\":[{\"@type\":\"SearchAction\",\"target\":{\"@type\":\"EntryPoint\",\"urlTemplate\":\"https:\\\/\\\/www.salzburgerland.com\\\/de\\\/magazin\\\/?s={search_term_string}\"},\"query-input\":{\"@type\":\"PropertyValueSpecification\",\"valueRequired\":true,\"valueName\":\"search_term_string\"}}],\"inLanguage\":\"de\"},{\"@type\":\"Organization\",\"@id\":\"https:\\\/\\\/www.salzburgerland.com\\\/de\\\/magazin\\\/#organization\",\"name\":\"SalzburgerLand Tourismus\",\"url\":\"https:\\\/\\\/www.salzburgerland.com\\\/de\\\/magazin\\\/\",\"logo\":{\"@type\":\"ImageObject\",\"inLanguage\":\"de\",\"@id\":\"https:\\\/\\\/www.salzburgerland.com\\\/de\\\/magazin\\\/#\\\/schema\\\/logo\\\/image\\\/\",\"url\":\"https:\\\/\\\/www.salzburgerland.com\\\/de\\\/magazin\\\/wp-content\\\/uploads\\\/2019\\\/06\\\/salzburgerland-logo1.jpg\",\"contentUrl\":\"https:\\\/\\\/www.salzburgerland.com\\\/de\\\/magazin\\\/wp-content\\\/uploads\\\/2019\\\/06\\\/salzburgerland-logo1.jpg\",\"width\":2011,\"height\":866,\"caption\":\"SalzburgerLand Tourismus\"},\"image\":{\"@id\":\"https:\\\/\\\/www.salzburgerland.com\\\/de\\\/magazin\\\/#\\\/schema\\\/logo\\\/image\\\/\"},\"sameAs\":[\"https:\\\/\\\/www.facebook.com\\\/salzburgerland\\\/\",\"https:\\\/\\\/x.com\\\/Salzburgerland\",\"https:\\\/\\\/www.instagram.com\\\/salzburgerland\\\/\",\"https:\\\/\\\/at.linkedin.com\\\/company\\\/salzburgerland-tourismus-gmbh\",\"https:\\\/\\\/www.pinterest.at\\\/salzburgerland\\\/\",\"https:\\\/\\\/www.youtube.com\\\/user\\\/salzburgerland\",\"https:\\\/\\\/de.wikipedia.org\\\/wiki\\\/SalzburgerLand_Tourismus_GmbH\"]},{\"@type\":\"Person\",\"@id\":\"https:\\\/\\\/www.salzburgerland.com\\\/de\\\/magazin\\\/#\\\/schema\\\/person\\\/79452c699c410aa31a119426313748de\",\"name\":\"Edith Danzer\",\"description\":\"Seit Jahren arbeite ich als freie Redakteurin und Fotografin im SalzburgerLand. Schreiben ist f\u00fcr mich nicht blo\u00df das Erstellen eines Textes. Es ist ein Komponieren einer wundervollen Melodie, ein Malen mit Buchstaben und Worten. Ich liebe die Begegnungen mit Menschen, die mir ihre Geschichte anvertrauen. Wenn man mich sucht, bin ich entweder am Schreibtisch (der auch mal am sonnigen H\u00fcttenbankerl stehen kann) oder mit meinem Husky-M\u00e4dl Ylvi am Berg, am See oder im Wald. Ich \u2026 \u2026 in ein paar Worten. \u2022 Lieber drau\u00dfen, als drinnen. \u2022 Lieber Norden, als S\u00fcden. \u2022 Lieber Buchstaben, als Zahlen. \u2022 Lieber Schnee, als Strand. \u2022 Lieber Berg, als Tal. \u2022 Lieber Nordlichter, als S\u00fcdseezauber. \u2022 Lieber H\u00fctte, als F\u00fcnfsternschuppen. \u2022 Lieber Hund, als Katze. \u2022 Lieber grader Michl, als falscher Fufzga. \u2022 Lieber mittendurch, als drumherum \u2022 Lieber Almleben, als Couchpotato\",\"url\":\"https:\\\/\\\/www.salzburgerland.com\\\/de\\\/magazin\\\/author\\\/edith-danzer\\\/\"}]}<\/script>\n<!-- \/ Yoast SEO Premium plugin. -->","yoast_head_json":{"title":"Auf den Spuren der Sommerfrische in Bad Fusch - SalzburgerLand Magazin","robots":{"index":"index","follow":"follow","max-snippet":"max-snippet:-1","max-image-preview":"max-image-preview:large","max-video-preview":"max-video-preview:-1"},"canonical":"https:\/\/www.salzburgerland.com\/de\/magazin\/auf-den-spuren-der-sommerfrische-in-bad-fusch\/","og_locale":"de_DE","og_type":"article","og_title":"Auf den Spuren der Sommerfrische in Bad Fusch","og_description":"Das historische \u201eBad in der Fusch\u201c Schon im 15. Jahrhundert str\u00f6mten Heilungssuchende in den einst hochangesehenen Kurort hoch \u00fcber dem heutigen Fusch an der Glocknerstra\u00dfe. Von heilbringenden Wassern in wildromantischer Bergkulisse magisch belebt wurde aus dem einsamen Dorf ein vielfrequentiertes und nobles Alpenbad f\u00fcr Wallfahrer und Bader. Touristisch rangierte Fusch in der Biedermeierzeit f\u00fcr alpine [&hellip;]","og_url":"https:\/\/www.salzburgerland.com\/de\/magazin\/auf-den-spuren-der-sommerfrische-in-bad-fusch\/","og_site_name":"SalzburgerLand Magazin","article_publisher":"https:\/\/www.facebook.com\/salzburgerland\/","article_published_time":"2023-05-05T05:00:00+00:00","og_image":[{"width":2065,"height":1377,"url":"https:\/\/www.salzburgerland.com\/de\/magazin\/wp-content\/uploads\/2023\/04\/202209_13-Jonnie-Andy_MGL8091.jpg","type":"image\/jpeg"}],"author":"Edith Danzer","twitter_card":"summary_large_image","twitter_creator":"@Salzburgerland","twitter_site":"@Salzburgerland","twitter_misc":{"Verfasst von":"Edith Danzer","Gesch\u00e4tzte Lesezeit":"9\u00a0Minuten"},"schema":{"@context":"https:\/\/schema.org","@graph":[{"@type":"Article","@id":"https:\/\/www.salzburgerland.com\/de\/magazin\/auf-den-spuren-der-sommerfrische-in-bad-fusch\/#article","isPartOf":{"@id":"https:\/\/www.salzburgerland.com\/de\/magazin\/auf-den-spuren-der-sommerfrische-in-bad-fusch\/"},"author":{"name":"Edith Danzer","@id":"https:\/\/www.salzburgerland.com\/de\/magazin\/#\/schema\/person\/79452c699c410aa31a119426313748de"},"headline":"Auf den Spuren der Sommerfrische in Bad Fusch","datePublished":"2023-05-05T05:00:00+00:00","mainEntityOfPage":{"@id":"https:\/\/www.salzburgerland.com\/de\/magazin\/auf-den-spuren-der-sommerfrische-in-bad-fusch\/"},"wordCount":985,"publisher":{"@id":"https:\/\/www.salzburgerland.com\/de\/magazin\/#organization"},"image":{"@id":"https:\/\/www.salzburgerland.com\/de\/magazin\/auf-den-spuren-der-sommerfrische-in-bad-fusch\/#primaryimage"},"thumbnailUrl":"https:\/\/www.salzburgerland.com\/de\/magazin\/wp-content\/uploads\/2023\/04\/202209_13-Jonnie-Andy_MGL8091.jpg","articleSection":["Sehensw\u00fcrdig"],"inLanguage":"de"},{"@type":"WebPage","@id":"https:\/\/www.salzburgerland.com\/de\/magazin\/auf-den-spuren-der-sommerfrische-in-bad-fusch\/","url":"https:\/\/www.salzburgerland.com\/de\/magazin\/auf-den-spuren-der-sommerfrische-in-bad-fusch\/","name":"Auf den Spuren der Sommerfrische in Bad Fusch - SalzburgerLand Magazin","isPartOf":{"@id":"https:\/\/www.salzburgerland.com\/de\/magazin\/#website"},"primaryImageOfPage":{"@id":"https:\/\/www.salzburgerland.com\/de\/magazin\/auf-den-spuren-der-sommerfrische-in-bad-fusch\/#primaryimage"},"image":{"@id":"https:\/\/www.salzburgerland.com\/de\/magazin\/auf-den-spuren-der-sommerfrische-in-bad-fusch\/#primaryimage"},"thumbnailUrl":"https:\/\/www.salzburgerland.com\/de\/magazin\/wp-content\/uploads\/2023\/04\/202209_13-Jonnie-Andy_MGL8091.jpg","datePublished":"2023-05-05T05:00:00+00:00","breadcrumb":{"@id":"https:\/\/www.salzburgerland.com\/de\/magazin\/auf-den-spuren-der-sommerfrische-in-bad-fusch\/#breadcrumb"},"inLanguage":"de","potentialAction":[{"@type":"ReadAction","target":["https:\/\/www.salzburgerland.com\/de\/magazin\/auf-den-spuren-der-sommerfrische-in-bad-fusch\/"]}]},{"@type":"ImageObject","inLanguage":"de","@id":"https:\/\/www.salzburgerland.com\/de\/magazin\/auf-den-spuren-der-sommerfrische-in-bad-fusch\/#primaryimage","url":"https:\/\/www.salzburgerland.com\/de\/magazin\/wp-content\/uploads\/2023\/04\/202209_13-Jonnie-Andy_MGL8091.jpg","contentUrl":"https:\/\/www.salzburgerland.com\/de\/magazin\/wp-content\/uploads\/2023\/04\/202209_13-Jonnie-Andy_MGL8091.jpg","width":2065,"height":1377,"caption":"\u00a9Jausenstation Bad Fusch"},{"@type":"BreadcrumbList","@id":"https:\/\/www.salzburgerland.com\/de\/magazin\/auf-den-spuren-der-sommerfrische-in-bad-fusch\/#breadcrumb","itemListElement":[{"@type":"ListItem","position":1,"name":"Startseite","item":"https:\/\/www.salzburgerland.com\/de\/magazin\/"},{"@type":"ListItem","position":2,"name":"Sehensw\u00fcrdig","item":"https:\/\/www.salzburgerland.com\/de\/magazin\/thema\/sehenswurdig\/"},{"@type":"ListItem","position":3,"name":"Auf den Spuren der Sommerfrische in Bad Fusch"}]},{"@type":"WebSite","@id":"https:\/\/www.salzburgerland.com\/de\/magazin\/#website","url":"https:\/\/www.salzburgerland.com\/de\/magazin\/","name":"SalzburgerLand Magazin","description":"Geschichten und Interessantes aus dem SalzburgerLand","publisher":{"@id":"https:\/\/www.salzburgerland.com\/de\/magazin\/#organization"},"potentialAction":[{"@type":"SearchAction","target":{"@type":"EntryPoint","urlTemplate":"https:\/\/www.salzburgerland.com\/de\/magazin\/?s={search_term_string}"},"query-input":{"@type":"PropertyValueSpecification","valueRequired":true,"valueName":"search_term_string"}}],"inLanguage":"de"},{"@type":"Organization","@id":"https:\/\/www.salzburgerland.com\/de\/magazin\/#organization","name":"SalzburgerLand Tourismus","url":"https:\/\/www.salzburgerland.com\/de\/magazin\/","logo":{"@type":"ImageObject","inLanguage":"de","@id":"https:\/\/www.salzburgerland.com\/de\/magazin\/#\/schema\/logo\/image\/","url":"https:\/\/www.salzburgerland.com\/de\/magazin\/wp-content\/uploads\/2019\/06\/salzburgerland-logo1.jpg","contentUrl":"https:\/\/www.salzburgerland.com\/de\/magazin\/wp-content\/uploads\/2019\/06\/salzburgerland-logo1.jpg","width":2011,"height":866,"caption":"SalzburgerLand Tourismus"},"image":{"@id":"https:\/\/www.salzburgerland.com\/de\/magazin\/#\/schema\/logo\/image\/"},"sameAs":["https:\/\/www.facebook.com\/salzburgerland\/","https:\/\/x.com\/Salzburgerland","https:\/\/www.instagram.com\/salzburgerland\/","https:\/\/at.linkedin.com\/company\/salzburgerland-tourismus-gmbh","https:\/\/www.pinterest.at\/salzburgerland\/","https:\/\/www.youtube.com\/user\/salzburgerland","https:\/\/de.wikipedia.org\/wiki\/SalzburgerLand_Tourismus_GmbH"]},{"@type":"Person","@id":"https:\/\/www.salzburgerland.com\/de\/magazin\/#\/schema\/person\/79452c699c410aa31a119426313748de","name":"Edith Danzer","description":"Seit Jahren arbeite ich als freie Redakteurin und Fotografin im SalzburgerLand. Schreiben ist f\u00fcr mich nicht blo\u00df das Erstellen eines Textes. Es ist ein Komponieren einer wundervollen Melodie, ein Malen mit Buchstaben und Worten. Ich liebe die Begegnungen mit Menschen, die mir ihre Geschichte anvertrauen. Wenn man mich sucht, bin ich entweder am Schreibtisch (der auch mal am sonnigen H\u00fcttenbankerl stehen kann) oder mit meinem Husky-M\u00e4dl Ylvi am Berg, am See oder im Wald. Ich \u2026 \u2026 in ein paar Worten. \u2022 Lieber drau\u00dfen, als drinnen. \u2022 Lieber Norden, als S\u00fcden. \u2022 Lieber Buchstaben, als Zahlen. \u2022 Lieber Schnee, als Strand. \u2022 Lieber Berg, als Tal. \u2022 Lieber Nordlichter, als S\u00fcdseezauber. \u2022 Lieber H\u00fctte, als F\u00fcnfsternschuppen. \u2022 Lieber Hund, als Katze. \u2022 Lieber grader Michl, als falscher Fufzga. \u2022 Lieber mittendurch, als drumherum \u2022 Lieber Almleben, als Couchpotato","url":"https:\/\/www.salzburgerland.com\/de\/magazin\/author\/edith-danzer\/"}]}},"_wl_alt_label":[],"wl:entity_url":"http:\/\/open.salzburgerland.com\/magazin\/post\/kneippen-bad-fusch-169795","_links":{"self":[{"href":"https:\/\/www.salzburgerland.com\/de\/magazin\/wp-json\/wp\/v2\/posts\/169795","targetHints":{"allow":["GET"]}}],"collection":[{"href":"https:\/\/www.salzburgerland.com\/de\/magazin\/wp-json\/wp\/v2\/posts"}],"about":[{"href":"https:\/\/www.salzburgerland.com\/de\/magazin\/wp-json\/wp\/v2\/types\/post"}],"author":[{"embeddable":true,"href":"https:\/\/www.salzburgerland.com\/de\/magazin\/wp-json\/wp\/v2\/users\/11"}],"replies":[{"embeddable":true,"href":"https:\/\/www.salzburgerland.com\/de\/magazin\/wp-json\/wp\/v2\/comments?post=169795"}],"version-history":[{"count":6,"href":"https:\/\/www.salzburgerland.com\/de\/magazin\/wp-json\/wp\/v2\/posts\/169795\/revisions"}],"predecessor-version":[{"id":184379,"href":"https:\/\/www.salzburgerland.com\/de\/magazin\/wp-json\/wp\/v2\/posts\/169795\/revisions\/184379"}],"wp:featuredmedia":[{"embeddable":true,"href":"https:\/\/www.salzburgerland.com\/de\/magazin\/wp-json\/wp\/v2\/media\/169820"}],"wp:attachment":[{"href":"https:\/\/www.salzburgerland.com\/de\/magazin\/wp-json\/wp\/v2\/media?parent=169795"}],"wp:term":[{"taxonomy":"category","embeddable":true,"href":"https:\/\/www.salzburgerland.com\/de\/magazin\/wp-json\/wp\/v2\/categories?post=169795"},{"taxonomy":"post_tag","embeddable":true,"href":"https:\/\/www.salzburgerland.com\/de\/magazin\/wp-json\/wp\/v2\/tags?post=169795"},{"taxonomy":"wl_entity_type","embeddable":true,"href":"https:\/\/www.salzburgerland.com\/de\/magazin\/wp-json\/wp\/v2\/wl_entity_type?post=169795"},{"taxonomy":"monatsauswahl","embeddable":true,"href":"https:\/\/www.salzburgerland.com\/de\/magazin\/wp-json\/wp\/v2\/monatsauswahl?post=169795"}],"curies":[{"name":"wp","href":"https:\/\/api.w.org\/{rel}","templated":true}]}}