{"id":169657,"date":"2023-06-05T07:00:00","date_gmt":"2023-06-05T05:00:00","guid":{"rendered":"https:\/\/www.salzburgerland.com\/de\/magazin\/?p=169657"},"modified":"2023-06-05T10:56:18","modified_gmt":"2023-06-05T08:56:18","slug":"es-wird-heiss-hoechste-zeit-fuer-ein-nationalparkeis","status":"publish","type":"post","link":"https:\/\/www.salzburgerland.com\/de\/magazin\/es-wird-heiss-hoechste-zeit-fuer-ein-nationalparkeis\/","title":{"rendered":"Es wird hei\u00df! H\u00f6chste Zeit f\u00fcr ein Nationalparkeis"},"content":{"rendered":"\n<div class=\"wp-block-slt-top topBlocks\">\n<h2 class=\"wp-block-slt-subtitle\">Wie dieses Eis ein Feuerwerk ausl\u00f6st<\/h2>\n\n\n\n<p class=\"wp-block-slt-intro\">In der Schule fragt der Lehrer: \u201eWer kann mir die drei Eisheiligen nennen?\u201c Meldet sich Fritzchen: \u201eEskimo, Sch\u00f6ller und M\u00f6venpick!\u201c Fritzchen, du hast einen vergessen. Das Nationalparkeis vom Talwirt in H\u00fcttschlag kommt auf jeden Fall auf diese Liste! Denn mit Milch von den Nachbar-K\u00fchen, sprudelndem Nationalparkwasser und feinsten Zutaten schmeckt es einfach besser.<\/p>\n<\/div>\n\n\n\n<p>Nat\u00fcrlich, handgemacht und mit Milch von den Bauern aus dem Gro\u00dfarltaler Talschluss. Eigentlich ist alles gesagt. Achso. Und frisches Quellwasser aus dem Nationalpark Hohe Tauern. Familie Prommegger vom <a href=\"https:\/\/www.talwirt.com\/\" target=\"_blank\" rel=\"noreferrer noopener\">Talwirt<\/a> im H\u00fcttschlager Talschluss kreiert k\u00f6stliche Eissorten. Ihr Nationalparkeis. Mal klassisch, mal exotisch.<\/p>\n\n\n<div class=\"mag-gallery\"><div class=\"row\"><div class=\"col-6 col-sm-4\"><figure><a class=\"thumb-container\" href=\"https:\/\/www.salzburgerland.com\/de\/magazin\/wp-content\/uploads\/2023\/04\/IMG_0468-1280x1024.jpg\">\t<picture><source media=\"(min-width: 576px)\" srcset=\"https:\/\/www.salzburgerland.com\/de\/magazin\/wp-content\/uploads\/2023\/04\/IMG_0468-418x650.jpg 418w, https:\/\/www.salzburgerland.com\/de\/magazin\/wp-content\/uploads\/2023\/04\/IMG_0468-209x325.jpg 209w\"><\/source><source media=\"(min-width: 0)\" srcset=\"https:\/\/www.salzburgerland.com\/de\/magazin\/wp-content\/uploads\/2023\/04\/IMG_0468-209x325.jpg 209w, https:\/\/www.salzburgerland.com\/de\/magazin\/wp-content\/uploads\/2023\/04\/IMG_0468-418x650.jpg 418w\"><\/source><img decoding=\"async\" alt=\"Nationalparkeis-Becher &copy; Talwirt\" src=\"https:\/\/www.salzburgerland.com\/de\/magazin\/wp-content\/uploads\/2023\/04\/IMG_0468.jpg\">\t<\/picture><figcaption>Nationalparkeis-Becher &copy;  Talwirt<\/figcaption><\/a><\/figure><\/div><div class=\"col-6 col-sm-4\"><figure><a class=\"thumb-container\" href=\"https:\/\/www.salzburgerland.com\/de\/magazin\/wp-content\/uploads\/2023\/04\/IMG_0466-1280x1024.jpg\">\t<picture><source media=\"(min-width: 576px)\" srcset=\"https:\/\/www.salzburgerland.com\/de\/magazin\/wp-content\/uploads\/2023\/04\/IMG_0466-418x650.jpg 418w, https:\/\/www.salzburgerland.com\/de\/magazin\/wp-content\/uploads\/2023\/04\/IMG_0466-209x325.jpg 209w\"><\/source><source media=\"(min-width: 0)\" srcset=\"https:\/\/www.salzburgerland.com\/de\/magazin\/wp-content\/uploads\/2023\/04\/IMG_0466-209x325.jpg 209w, https:\/\/www.salzburgerland.com\/de\/magazin\/wp-content\/uploads\/2023\/04\/IMG_0466-418x650.jpg 418w\"><\/source><img decoding=\"async\" alt=\"Lecker Eis im H&uuml;ttschlager Talschluss &copy; Talwirt\" src=\"https:\/\/www.salzburgerland.com\/de\/magazin\/wp-content\/uploads\/2023\/04\/IMG_0466.jpg\">\t<\/picture><figcaption>Leckeres Eis im H&uuml;ttschlager Talschluss &copy; Talwirt<\/figcaption><\/a><\/figure><\/div><div class=\"col-6 col-sm-4\"><figure><a class=\"thumb-container\" href=\"https:\/\/www.salzburgerland.com\/de\/magazin\/wp-content\/uploads\/2023\/04\/IMG_0316-1280x1024.jpg\">\t<picture><source media=\"(min-width: 576px)\" srcset=\"https:\/\/www.salzburgerland.com\/de\/magazin\/wp-content\/uploads\/2023\/04\/IMG_0316-418x650.jpg 418w, https:\/\/www.salzburgerland.com\/de\/magazin\/wp-content\/uploads\/2023\/04\/IMG_0316-209x325.jpg 209w\"><\/source><source media=\"(min-width: 0)\" srcset=\"https:\/\/www.salzburgerland.com\/de\/magazin\/wp-content\/uploads\/2023\/04\/IMG_0316-209x325.jpg 209w, https:\/\/www.salzburgerland.com\/de\/magazin\/wp-content\/uploads\/2023\/04\/IMG_0316-418x650.jpg 418w\"><\/source><img decoding=\"async\" alt=\"Eispiration in H&uuml;ttschlag &copy; Talwirt\" src=\"https:\/\/www.salzburgerland.com\/de\/magazin\/wp-content\/uploads\/2023\/04\/IMG_0316.jpg\">\t<\/picture><figcaption>Eispiration in H&uuml;ttschlag &copy; Talwirt<\/figcaption><\/a><\/figure><\/div><\/div><figcaption><\/figcaption><\/div>\n\n\n\n<h2 class=\"wp-block-heading\" id=\"h-vielen-dank-herr-zufall\">Vielen Dank, Herr Zufall<\/h2>\n\n\n\n<p>Durch Zufall sind sie auf \u201eihr\u201c Eis gesto\u00dfen: Familie Prommegger war auf der Suche nach einem Zusatzgesch\u00e4ft f\u00fcr ihren Ausflugsgasthof. Sie sind aufs Eis gekommen: Die Idee von einer selbstgemachten gefrorenen Liebeserkl\u00e4rung l\u00e4sst sie nicht mehr los. Holen sich Inspirationen und  beschlie\u00dfen schlie\u00dflich, selbst ans Eisgemachte zu gehen. Ein wahrer Eis-Meister verr\u00e4t ihnen die Kniffe f\u00fcr das Verw\u00f6hn-Programm f\u00fcr die Zunge. Was daf\u00fcr wichtig ist?<\/p>\n\n\n\n<p>Nat\u00fcrliche Zutaten. So holen die Prommeggers die Milch von ihren Nachbar-K\u00fchen \u2013 nur 300 m entfernt. Das Gebirgswasser sprudelt bei ihnen aus dem Brunnen. Dazu verwenden sie echte Lebensmittel. Ins Erdbeereis wandern echte Erdbeeren, ins Vanilleeis echte Vanille.<\/p>\n\n\n\n<p>Geschmacksverst\u00e4rker, Konservierungsmittel und Farbstoffe haben Hausverbot. Das Nationalparkeis bedankt sich mit einzigartigem Geschmack und mit einer luftig-lockeren Konsistenz.<\/p>\n\n\n\n<p>Diese Lebensmittel bilden den Grundstein f\u00fcr das Feuerwerk auf euren Gaumen: Zuerst aktiviert ein kaltes Rauschen eure Aufmerksamkeit. Das cremige Erlebnis schie\u00dft Gl\u00fccksgef\u00fchle in jede Faser des K\u00f6rpers. <\/p>\n\n\n\n<figure class=\"wp-block-image size-full\"><img loading=\"lazy\" decoding=\"async\" width=\"750\" height=\"920\" src=\"https:\/\/www.salzburgerland.com\/de\/magazin\/wp-content\/uploads\/2023\/04\/IMG_0461.jpg\" alt=\"Echte Erdbeeren im Erdbeereis \u00a9 Talwirt\" class=\"wp-image-169754\" srcset=\"https:\/\/www.salzburgerland.com\/de\/magazin\/wp-content\/uploads\/2023\/04\/IMG_0461.jpg 750w, https:\/\/www.salzburgerland.com\/de\/magazin\/wp-content\/uploads\/2023\/04\/IMG_0461-245x300.jpg 245w, https:\/\/www.salzburgerland.com\/de\/magazin\/wp-content\/uploads\/2023\/04\/IMG_0461-448x550.jpg 448w, https:\/\/www.salzburgerland.com\/de\/magazin\/wp-content\/uploads\/2023\/04\/IMG_0461-326x400.jpg 326w, https:\/\/www.salzburgerland.com\/de\/magazin\/wp-content\/uploads\/2023\/04\/IMG_0461-150x184.jpg 150w\" sizes=\"auto, (max-width: 750px) 100vw, 750px\" \/><figcaption class=\"wp-element-caption\">Echte Erdbeeren im Erdbeereis \u00a9 Talwirt<\/figcaption><\/figure>\n\n\n\n<h2 class=\"wp-block-heading\" id=\"h-die-nationalparkeis-sortenvielfalt\">Die Nationalparkeis-Sortenvielfalt<\/h2>\n\n\n\n<p>Die Milch hat Pause, wenn in der Eismaschine vegane und laktosefreie Gen\u00fcsse ihre Runden drehen. 20 Sorten verf\u00fchren euch das ganze Jahr \u00fcber \u2013 mehr als 30 sind im Sortiment. Dabei wechseln sie von Saison zu Saison: Das Lebkucheneis schmeckt den Schleckerm\u00e4ulchen ganz besonders im Advent, die frischen Frucht-Verf\u00fchrer im Fr\u00fchling.<\/p>\n\n\n\n<figure class=\"wp-block-image size-full\"><img loading=\"lazy\" decoding=\"async\" width=\"736\" height=\"856\" src=\"https:\/\/www.salzburgerland.com\/de\/magazin\/wp-content\/uploads\/2023\/04\/IMG_0464.jpg\" alt=\"Nationalparkeis zum L\u00f6ffeln \u00a9 Talwirt\" class=\"wp-image-169755\" srcset=\"https:\/\/www.salzburgerland.com\/de\/magazin\/wp-content\/uploads\/2023\/04\/IMG_0464.jpg 736w, https:\/\/www.salzburgerland.com\/de\/magazin\/wp-content\/uploads\/2023\/04\/IMG_0464-258x300.jpg 258w, https:\/\/www.salzburgerland.com\/de\/magazin\/wp-content\/uploads\/2023\/04\/IMG_0464-473x550.jpg 473w, https:\/\/www.salzburgerland.com\/de\/magazin\/wp-content\/uploads\/2023\/04\/IMG_0464-344x400.jpg 344w, https:\/\/www.salzburgerland.com\/de\/magazin\/wp-content\/uploads\/2023\/04\/IMG_0464-150x174.jpg 150w\" sizes=\"auto, (max-width: 736px) 100vw, 736px\" \/><figcaption class=\"wp-element-caption\">Nationalparkeis zum L\u00f6ffeln \u00a9 Talwirt<\/figcaption><\/figure>\n\n\n\n<p>Im praktischen Schnell-Mal-Ein-Eis-Genie\u00dfen-Becher mit 150 ml oder f\u00fcr den gr\u00f6\u00dferen Eisgenuss in der 500 ml Verpackung \u2013 das Nationalparkeis schleckt ihr beim <a href=\"http:\/\/www.talwirt.com\/\" target=\"_blank\" rel=\"noreferrer noopener\">Talwirt in H\u00fcttschlag<\/a>, bei den <a href=\"https:\/\/www.salzburgerland.com\/de\/magazin\/bio-freilandeier-aus-dem-pongau\/\" target=\"_blank\" rel=\"noreferrer noopener\">BergerWiesen<\/a>, bei vielen Billa-M\u00e4rkten und Lagerh\u00e4usern, beim <a href=\"https:\/\/www.tauernspakaprun.com\/\" target=\"_blank\" rel=\"noreferrer noopener\">Tauern Spa<\/a>, beim Gut Aiderbichl oder in verschiedenen Gasth\u00e4usern.<\/p>\n\n\n\n<p>Ja. Fritzchen. Wenn du das Nationalparkeis probiert hast, fallen dir die anderen Eisheiligen gar nicht mehr ein! Am besten du f\u00e4hrst so bald wie m\u00f6glich zum Talwirt nach H\u00fcttschlag.<\/p>\n\n\n","protected":false},"excerpt":{"rendered":"<p>Nat\u00fcrlich, handgemacht und mit Milch von den Bauern aus dem Gro\u00dfarltaler Talschluss. Eigentlich ist alles gesagt. Achso. Und frisches Quellwasser aus dem Nationalpark Hohe Tauern. Familie Prommegger vom Talwirt im H\u00fcttschlager Talschluss kreiert k\u00f6stliche Eissorten. Ihr Nationalparkeis. Mal klassisch, mal exotisch. Vielen Dank, Herr Zufall Durch Zufall sind sie auf \u201eihr\u201c Eis gesto\u00dfen: Familie Prommegger [&hellip;]<\/p>\n","protected":false},"author":564,"featured_media":169753,"comment_status":"closed","ping_status":"closed","sticky":false,"template":"","format":"standard","meta":{"_acf_changed":false,"wl_entities_gutenberg":"","_wl_entity_redirect_enabled":"","footnotes":""},"categories":[3],"tags":[210,7621,7622,7623],"wl_entity_type":[306],"monatsauswahl":[82,83,84,85,86,87,88,89,90,91,92,93],"class_list":["post-169657","post","type-post","status-publish","format-standard","has-post-thumbnail","hentry","category-essen-trinken","tag-huttschlag","tag-nationalpark-hohe-tauern","tag-nationalparkeis","tag-talwirt","wl_entity_type-article","monatsauswahl-monat_1","monatsauswahl-monat_2","monatsauswahl-monat_3","monatsauswahl-monat_4","monatsauswahl-monat_5","monatsauswahl-monat_6","monatsauswahl-monat_7","monatsauswahl-monat_8","monatsauswahl-monat_9","monatsauswahl-monat_10","monatsauswahl-monat_11","monatsauswahl-monat_12"],"acf":[],"yoast_head":"<!-- This site is optimized with the Yoast SEO Premium plugin v27.4 (Yoast SEO v27.4) - https:\/\/yoast.com\/product\/yoast-seo-premium-wordpress\/ -->\n<title>Es wird hei\u00df! Zeit f\u00fcr ein Nationalparkeis - SalzburgerLand Magazin<\/title>\n<meta name=\"description\" content=\"Was ist das Beste im Sommer? Genau! Ein Eis schlecken! Am leckersten schmeckt das Nationalparkeis vom Talwirt in H\u00fcttschlag. Hier gustieren!\" \/>\n<meta name=\"robots\" content=\"index, follow, max-snippet:-1, max-image-preview:large, max-video-preview:-1\" \/>\n<link rel=\"canonical\" href=\"https:\/\/www.salzburgerland.com\/de\/magazin\/es-wird-heiss-hoechste-zeit-fuer-ein-nationalparkeis\/\" \/>\n<meta property=\"og:locale\" content=\"de_DE\" \/>\n<meta property=\"og:type\" content=\"article\" \/>\n<meta property=\"og:title\" content=\"Es wird hei\u00df! H\u00f6chste Zeit f\u00fcr ein Nationalparkeis\" \/>\n<meta property=\"og:description\" content=\"Was ist das Beste im Sommer? Genau! Ein Eis schlecken! Am leckersten schmeckt das Nationalparkeis vom Talwirt in H\u00fcttschlag. Hier gustieren!\" \/>\n<meta property=\"og:url\" content=\"https:\/\/www.salzburgerland.com\/de\/magazin\/es-wird-heiss-hoechste-zeit-fuer-ein-nationalparkeis\/\" \/>\n<meta property=\"og:site_name\" content=\"SalzburgerLand Magazin\" \/>\n<meta property=\"article:publisher\" content=\"https:\/\/www.facebook.com\/salzburgerland\/\" \/>\n<meta property=\"article:published_time\" content=\"2023-06-05T05:00:00+00:00\" \/>\n<meta property=\"article:modified_time\" content=\"2023-06-05T08:56:18+00:00\" \/>\n<meta property=\"og:image\" content=\"https:\/\/www.salzburgerland.com\/de\/magazin\/wp-content\/uploads\/2023\/04\/IMG_0370-scaled-e1680783985219.jpg\" \/>\n\t<meta property=\"og:image:width\" content=\"2091\" \/>\n\t<meta property=\"og:image:height\" content=\"1181\" \/>\n\t<meta property=\"og:image:type\" content=\"image\/jpeg\" \/>\n<meta name=\"author\" content=\"Barbara Pirchner\" \/>\n<meta name=\"twitter:card\" content=\"summary_large_image\" \/>\n<meta name=\"twitter:creator\" content=\"@Salzburgerland\" \/>\n<meta name=\"twitter:site\" content=\"@Salzburgerland\" \/>\n<meta name=\"twitter:label1\" content=\"Verfasst von\" \/>\n\t<meta name=\"twitter:data1\" content=\"Barbara Pirchner\" \/>\n\t<meta name=\"twitter:label2\" content=\"Gesch\u00e4tzte Lesezeit\" \/>\n\t<meta name=\"twitter:data2\" content=\"4\u00a0Minuten\" \/>\n<script type=\"application\/ld+json\" class=\"yoast-schema-graph\">{\"@context\":\"https:\\\/\\\/schema.org\",\"@graph\":[{\"@type\":\"Article\",\"@id\":\"https:\\\/\\\/www.salzburgerland.com\\\/de\\\/magazin\\\/es-wird-heiss-hoechste-zeit-fuer-ein-nationalparkeis\\\/#article\",\"isPartOf\":{\"@id\":\"https:\\\/\\\/www.salzburgerland.com\\\/de\\\/magazin\\\/es-wird-heiss-hoechste-zeit-fuer-ein-nationalparkeis\\\/\"},\"author\":{\"name\":\"Barbara Pirchner\",\"@id\":\"https:\\\/\\\/www.salzburgerland.com\\\/de\\\/magazin\\\/#\\\/schema\\\/person\\\/1e4d0c967a02c339e6c85f8c3f38b89a\"},\"headline\":\"Es wird hei\u00df! H\u00f6chste Zeit f\u00fcr ein Nationalparkeis\",\"datePublished\":\"2023-06-05T05:00:00+00:00\",\"dateModified\":\"2023-06-05T08:56:18+00:00\",\"mainEntityOfPage\":{\"@id\":\"https:\\\/\\\/www.salzburgerland.com\\\/de\\\/magazin\\\/es-wird-heiss-hoechste-zeit-fuer-ein-nationalparkeis\\\/\"},\"wordCount\":448,\"publisher\":{\"@id\":\"https:\\\/\\\/www.salzburgerland.com\\\/de\\\/magazin\\\/#organization\"},\"image\":{\"@id\":\"https:\\\/\\\/www.salzburgerland.com\\\/de\\\/magazin\\\/es-wird-heiss-hoechste-zeit-fuer-ein-nationalparkeis\\\/#primaryimage\"},\"thumbnailUrl\":\"https:\\\/\\\/www.salzburgerland.com\\\/de\\\/magazin\\\/wp-content\\\/uploads\\\/2023\\\/04\\\/IMG_0370-scaled.jpg\",\"keywords\":[\"H\u00fcttschlag\",\"nationalpark hohe tauern\",\"nationalparkeis\",\"talwirt\"],\"articleSection\":[\"Essen &amp; Trinken\"],\"inLanguage\":\"de\"},{\"@type\":\"WebPage\",\"@id\":\"https:\\\/\\\/www.salzburgerland.com\\\/de\\\/magazin\\\/es-wird-heiss-hoechste-zeit-fuer-ein-nationalparkeis\\\/\",\"url\":\"https:\\\/\\\/www.salzburgerland.com\\\/de\\\/magazin\\\/es-wird-heiss-hoechste-zeit-fuer-ein-nationalparkeis\\\/\",\"name\":\"Es wird hei\u00df! Zeit f\u00fcr ein Nationalparkeis - SalzburgerLand Magazin\",\"isPartOf\":{\"@id\":\"https:\\\/\\\/www.salzburgerland.com\\\/de\\\/magazin\\\/#website\"},\"primaryImageOfPage\":{\"@id\":\"https:\\\/\\\/www.salzburgerland.com\\\/de\\\/magazin\\\/es-wird-heiss-hoechste-zeit-fuer-ein-nationalparkeis\\\/#primaryimage\"},\"image\":{\"@id\":\"https:\\\/\\\/www.salzburgerland.com\\\/de\\\/magazin\\\/es-wird-heiss-hoechste-zeit-fuer-ein-nationalparkeis\\\/#primaryimage\"},\"thumbnailUrl\":\"https:\\\/\\\/www.salzburgerland.com\\\/de\\\/magazin\\\/wp-content\\\/uploads\\\/2023\\\/04\\\/IMG_0370-scaled.jpg\",\"datePublished\":\"2023-06-05T05:00:00+00:00\",\"dateModified\":\"2023-06-05T08:56:18+00:00\",\"description\":\"Was ist das Beste im Sommer? Genau! Ein Eis schlecken! Am leckersten schmeckt das Nationalparkeis vom Talwirt in H\u00fcttschlag. Hier gustieren!\",\"breadcrumb\":{\"@id\":\"https:\\\/\\\/www.salzburgerland.com\\\/de\\\/magazin\\\/es-wird-heiss-hoechste-zeit-fuer-ein-nationalparkeis\\\/#breadcrumb\"},\"inLanguage\":\"de\",\"potentialAction\":[{\"@type\":\"ReadAction\",\"target\":[\"https:\\\/\\\/www.salzburgerland.com\\\/de\\\/magazin\\\/es-wird-heiss-hoechste-zeit-fuer-ein-nationalparkeis\\\/\"]}]},{\"@type\":\"ImageObject\",\"inLanguage\":\"de\",\"@id\":\"https:\\\/\\\/www.salzburgerland.com\\\/de\\\/magazin\\\/es-wird-heiss-hoechste-zeit-fuer-ein-nationalparkeis\\\/#primaryimage\",\"url\":\"https:\\\/\\\/www.salzburgerland.com\\\/de\\\/magazin\\\/wp-content\\\/uploads\\\/2023\\\/04\\\/IMG_0370-scaled.jpg\",\"contentUrl\":\"https:\\\/\\\/www.salzburgerland.com\\\/de\\\/magazin\\\/wp-content\\\/uploads\\\/2023\\\/04\\\/IMG_0370-scaled.jpg\",\"width\":2091,\"height\":1181,\"caption\":\"Nationalparkeis auf der T\u00fcte \u00a9 Talwirt\"},{\"@type\":\"BreadcrumbList\",\"@id\":\"https:\\\/\\\/www.salzburgerland.com\\\/de\\\/magazin\\\/es-wird-heiss-hoechste-zeit-fuer-ein-nationalparkeis\\\/#breadcrumb\",\"itemListElement\":[{\"@type\":\"ListItem\",\"position\":1,\"name\":\"Startseite\",\"item\":\"https:\\\/\\\/www.salzburgerland.com\\\/de\\\/magazin\\\/\"},{\"@type\":\"ListItem\",\"position\":2,\"name\":\"Essen &amp; Trinken\",\"item\":\"https:\\\/\\\/www.salzburgerland.com\\\/de\\\/magazin\\\/thema\\\/essen-trinken\\\/\"},{\"@type\":\"ListItem\",\"position\":3,\"name\":\"Es wird hei\u00df! H\u00f6chste Zeit f\u00fcr ein Nationalparkeis\"}]},{\"@type\":\"WebSite\",\"@id\":\"https:\\\/\\\/www.salzburgerland.com\\\/de\\\/magazin\\\/#website\",\"url\":\"https:\\\/\\\/www.salzburgerland.com\\\/de\\\/magazin\\\/\",\"name\":\"SalzburgerLand Magazin\",\"description\":\"Geschichten und Interessantes aus dem SalzburgerLand\",\"publisher\":{\"@id\":\"https:\\\/\\\/www.salzburgerland.com\\\/de\\\/magazin\\\/#organization\"},\"potentialAction\":[{\"@type\":\"SearchAction\",\"target\":{\"@type\":\"EntryPoint\",\"urlTemplate\":\"https:\\\/\\\/www.salzburgerland.com\\\/de\\\/magazin\\\/?s={search_term_string}\"},\"query-input\":{\"@type\":\"PropertyValueSpecification\",\"valueRequired\":true,\"valueName\":\"search_term_string\"}}],\"inLanguage\":\"de\"},{\"@type\":\"Organization\",\"@id\":\"https:\\\/\\\/www.salzburgerland.com\\\/de\\\/magazin\\\/#organization\",\"name\":\"SalzburgerLand Tourismus\",\"url\":\"https:\\\/\\\/www.salzburgerland.com\\\/de\\\/magazin\\\/\",\"logo\":{\"@type\":\"ImageObject\",\"inLanguage\":\"de\",\"@id\":\"https:\\\/\\\/www.salzburgerland.com\\\/de\\\/magazin\\\/#\\\/schema\\\/logo\\\/image\\\/\",\"url\":\"https:\\\/\\\/www.salzburgerland.com\\\/de\\\/magazin\\\/wp-content\\\/uploads\\\/2019\\\/06\\\/salzburgerland-logo1.jpg\",\"contentUrl\":\"https:\\\/\\\/www.salzburgerland.com\\\/de\\\/magazin\\\/wp-content\\\/uploads\\\/2019\\\/06\\\/salzburgerland-logo1.jpg\",\"width\":2011,\"height\":866,\"caption\":\"SalzburgerLand Tourismus\"},\"image\":{\"@id\":\"https:\\\/\\\/www.salzburgerland.com\\\/de\\\/magazin\\\/#\\\/schema\\\/logo\\\/image\\\/\"},\"sameAs\":[\"https:\\\/\\\/www.facebook.com\\\/salzburgerland\\\/\",\"https:\\\/\\\/x.com\\\/Salzburgerland\",\"https:\\\/\\\/www.instagram.com\\\/salzburgerland\\\/\",\"https:\\\/\\\/at.linkedin.com\\\/company\\\/salzburgerland-tourismus-gmbh\",\"https:\\\/\\\/www.pinterest.at\\\/salzburgerland\\\/\",\"https:\\\/\\\/www.youtube.com\\\/user\\\/salzburgerland\",\"https:\\\/\\\/de.wikipedia.org\\\/wiki\\\/SalzburgerLand_Tourismus_GmbH\"]},{\"@type\":\"Person\",\"@id\":\"https:\\\/\\\/www.salzburgerland.com\\\/de\\\/magazin\\\/#\\\/schema\\\/person\\\/1e4d0c967a02c339e6c85f8c3f38b89a\",\"name\":\"Barbara Pirchner\",\"description\":\"Reisen sieht Barbara Pirchner als ein gro\u00dfes Geschenk. Es gibt so viele tolle M\u00f6glichkeiten, wie sie die Welt entdeckt. Und wenn sie nicht unterwegs ist, erkundet sie ihre Heimat. F\u00fcr sie ist es ihr zuhause, f\u00fcr euch der Urlaubsort. Gerne nimmt sie euch hier im Magazin mit und berichtet \u00fcber die sch\u00f6nsten Orte, die lustigsten Aktivit\u00e4ten oder die entspannendsten Momente im SalzburgerLand. Nach dem Studium und jahrelanger Erfahrung im Tourismusmarketing schreibt Barbara Pirchner jetzt f\u00fcr Tourismusbetriebe. Dosige oder Zuagroast? Eindeutig a Dosige. Geboren, aufgewachsen und wohnhaft in der Salzburger Bergwelt. Jedoch jederzeit offen, was anderes von der Welt zu sehen sowie andere Kulturen und L\u00e4nder kennenzulernen \u2013 und danach die sch\u00f6nen Kleinigkeiten in der Heimat wieder mehr wertsch\u00e4tzen zu k\u00f6nnen. Salzburger Nockerl oder Schwarzbeernocken? Bei Schwarzbeernocken kribbeln meine Geschmacksknospen. Haubenlokal oder Ab-Hof-Laden? Hm. Schwere Entscheidung. Am besten alles zu seiner Zeit. K\u00f6stliche Produkte im Ab-Hof-Laden kaufen zum selber Kochen oder sich verw\u00f6hnen lassen im Haubenlokal. Kochen, schlemmen und schnabulieren - damit kann ich mich identifizieren :) Wellness oder Mountainbike? Zuerst eine sch\u00f6ne Mountainbiketour, danach zum Entspannen in den Wellnessbereich. Alpinski, Offpist oder Skitour? Alles. Am besten auf einmal und das ganze Jahr. Als Winterm\u00e4dchen sehne ich mich nach den ersten Schnee. Und dann das ganze Programm. Dirndl oder Bustierkleid? Dirndl. Liebend gern.\",\"sameAs\":[\"https:\\\/\\\/www.barbara-pirchner.com\\\/\",\"https:\\\/\\\/www.linkedin.com\\\/in\\\/barbara-pirchner-573031120\\\/\"],\"url\":\"https:\\\/\\\/www.salzburgerland.com\\\/de\\\/magazin\\\/author\\\/barbara-pirchner\\\/\"}]}<\/script>\n<!-- \/ Yoast SEO Premium plugin. -->","yoast_head_json":{"title":"Es wird hei\u00df! Zeit f\u00fcr ein Nationalparkeis - SalzburgerLand Magazin","description":"Was ist das Beste im Sommer? Genau! Ein Eis schlecken! Am leckersten schmeckt das Nationalparkeis vom Talwirt in H\u00fcttschlag. Hier gustieren!","robots":{"index":"index","follow":"follow","max-snippet":"max-snippet:-1","max-image-preview":"max-image-preview:large","max-video-preview":"max-video-preview:-1"},"canonical":"https:\/\/www.salzburgerland.com\/de\/magazin\/es-wird-heiss-hoechste-zeit-fuer-ein-nationalparkeis\/","og_locale":"de_DE","og_type":"article","og_title":"Es wird hei\u00df! H\u00f6chste Zeit f\u00fcr ein Nationalparkeis","og_description":"Was ist das Beste im Sommer? Genau! Ein Eis schlecken! Am leckersten schmeckt das Nationalparkeis vom Talwirt in H\u00fcttschlag. Hier gustieren!","og_url":"https:\/\/www.salzburgerland.com\/de\/magazin\/es-wird-heiss-hoechste-zeit-fuer-ein-nationalparkeis\/","og_site_name":"SalzburgerLand Magazin","article_publisher":"https:\/\/www.facebook.com\/salzburgerland\/","article_published_time":"2023-06-05T05:00:00+00:00","article_modified_time":"2023-06-05T08:56:18+00:00","og_image":[{"width":2091,"height":1181,"url":"https:\/\/www.salzburgerland.com\/de\/magazin\/wp-content\/uploads\/2023\/04\/IMG_0370-scaled-e1680783985219.jpg","type":"image\/jpeg"}],"author":"Barbara Pirchner","twitter_card":"summary_large_image","twitter_creator":"@Salzburgerland","twitter_site":"@Salzburgerland","twitter_misc":{"Verfasst von":"Barbara Pirchner","Gesch\u00e4tzte Lesezeit":"4\u00a0Minuten"},"schema":{"@context":"https:\/\/schema.org","@graph":[{"@type":"Article","@id":"https:\/\/www.salzburgerland.com\/de\/magazin\/es-wird-heiss-hoechste-zeit-fuer-ein-nationalparkeis\/#article","isPartOf":{"@id":"https:\/\/www.salzburgerland.com\/de\/magazin\/es-wird-heiss-hoechste-zeit-fuer-ein-nationalparkeis\/"},"author":{"name":"Barbara Pirchner","@id":"https:\/\/www.salzburgerland.com\/de\/magazin\/#\/schema\/person\/1e4d0c967a02c339e6c85f8c3f38b89a"},"headline":"Es wird hei\u00df! H\u00f6chste Zeit f\u00fcr ein Nationalparkeis","datePublished":"2023-06-05T05:00:00+00:00","dateModified":"2023-06-05T08:56:18+00:00","mainEntityOfPage":{"@id":"https:\/\/www.salzburgerland.com\/de\/magazin\/es-wird-heiss-hoechste-zeit-fuer-ein-nationalparkeis\/"},"wordCount":448,"publisher":{"@id":"https:\/\/www.salzburgerland.com\/de\/magazin\/#organization"},"image":{"@id":"https:\/\/www.salzburgerland.com\/de\/magazin\/es-wird-heiss-hoechste-zeit-fuer-ein-nationalparkeis\/#primaryimage"},"thumbnailUrl":"https:\/\/www.salzburgerland.com\/de\/magazin\/wp-content\/uploads\/2023\/04\/IMG_0370-scaled.jpg","keywords":["H\u00fcttschlag","nationalpark hohe tauern","nationalparkeis","talwirt"],"articleSection":["Essen &amp; Trinken"],"inLanguage":"de"},{"@type":"WebPage","@id":"https:\/\/www.salzburgerland.com\/de\/magazin\/es-wird-heiss-hoechste-zeit-fuer-ein-nationalparkeis\/","url":"https:\/\/www.salzburgerland.com\/de\/magazin\/es-wird-heiss-hoechste-zeit-fuer-ein-nationalparkeis\/","name":"Es wird hei\u00df! Zeit f\u00fcr ein Nationalparkeis - SalzburgerLand Magazin","isPartOf":{"@id":"https:\/\/www.salzburgerland.com\/de\/magazin\/#website"},"primaryImageOfPage":{"@id":"https:\/\/www.salzburgerland.com\/de\/magazin\/es-wird-heiss-hoechste-zeit-fuer-ein-nationalparkeis\/#primaryimage"},"image":{"@id":"https:\/\/www.salzburgerland.com\/de\/magazin\/es-wird-heiss-hoechste-zeit-fuer-ein-nationalparkeis\/#primaryimage"},"thumbnailUrl":"https:\/\/www.salzburgerland.com\/de\/magazin\/wp-content\/uploads\/2023\/04\/IMG_0370-scaled.jpg","datePublished":"2023-06-05T05:00:00+00:00","dateModified":"2023-06-05T08:56:18+00:00","description":"Was ist das Beste im Sommer? Genau! Ein Eis schlecken! Am leckersten schmeckt das Nationalparkeis vom Talwirt in H\u00fcttschlag. Hier gustieren!","breadcrumb":{"@id":"https:\/\/www.salzburgerland.com\/de\/magazin\/es-wird-heiss-hoechste-zeit-fuer-ein-nationalparkeis\/#breadcrumb"},"inLanguage":"de","potentialAction":[{"@type":"ReadAction","target":["https:\/\/www.salzburgerland.com\/de\/magazin\/es-wird-heiss-hoechste-zeit-fuer-ein-nationalparkeis\/"]}]},{"@type":"ImageObject","inLanguage":"de","@id":"https:\/\/www.salzburgerland.com\/de\/magazin\/es-wird-heiss-hoechste-zeit-fuer-ein-nationalparkeis\/#primaryimage","url":"https:\/\/www.salzburgerland.com\/de\/magazin\/wp-content\/uploads\/2023\/04\/IMG_0370-scaled.jpg","contentUrl":"https:\/\/www.salzburgerland.com\/de\/magazin\/wp-content\/uploads\/2023\/04\/IMG_0370-scaled.jpg","width":2091,"height":1181,"caption":"Nationalparkeis auf der T\u00fcte \u00a9 Talwirt"},{"@type":"BreadcrumbList","@id":"https:\/\/www.salzburgerland.com\/de\/magazin\/es-wird-heiss-hoechste-zeit-fuer-ein-nationalparkeis\/#breadcrumb","itemListElement":[{"@type":"ListItem","position":1,"name":"Startseite","item":"https:\/\/www.salzburgerland.com\/de\/magazin\/"},{"@type":"ListItem","position":2,"name":"Essen &amp; Trinken","item":"https:\/\/www.salzburgerland.com\/de\/magazin\/thema\/essen-trinken\/"},{"@type":"ListItem","position":3,"name":"Es wird hei\u00df! H\u00f6chste Zeit f\u00fcr ein Nationalparkeis"}]},{"@type":"WebSite","@id":"https:\/\/www.salzburgerland.com\/de\/magazin\/#website","url":"https:\/\/www.salzburgerland.com\/de\/magazin\/","name":"SalzburgerLand Magazin","description":"Geschichten und Interessantes aus dem SalzburgerLand","publisher":{"@id":"https:\/\/www.salzburgerland.com\/de\/magazin\/#organization"},"potentialAction":[{"@type":"SearchAction","target":{"@type":"EntryPoint","urlTemplate":"https:\/\/www.salzburgerland.com\/de\/magazin\/?s={search_term_string}"},"query-input":{"@type":"PropertyValueSpecification","valueRequired":true,"valueName":"search_term_string"}}],"inLanguage":"de"},{"@type":"Organization","@id":"https:\/\/www.salzburgerland.com\/de\/magazin\/#organization","name":"SalzburgerLand Tourismus","url":"https:\/\/www.salzburgerland.com\/de\/magazin\/","logo":{"@type":"ImageObject","inLanguage":"de","@id":"https:\/\/www.salzburgerland.com\/de\/magazin\/#\/schema\/logo\/image\/","url":"https:\/\/www.salzburgerland.com\/de\/magazin\/wp-content\/uploads\/2019\/06\/salzburgerland-logo1.jpg","contentUrl":"https:\/\/www.salzburgerland.com\/de\/magazin\/wp-content\/uploads\/2019\/06\/salzburgerland-logo1.jpg","width":2011,"height":866,"caption":"SalzburgerLand Tourismus"},"image":{"@id":"https:\/\/www.salzburgerland.com\/de\/magazin\/#\/schema\/logo\/image\/"},"sameAs":["https:\/\/www.facebook.com\/salzburgerland\/","https:\/\/x.com\/Salzburgerland","https:\/\/www.instagram.com\/salzburgerland\/","https:\/\/at.linkedin.com\/company\/salzburgerland-tourismus-gmbh","https:\/\/www.pinterest.at\/salzburgerland\/","https:\/\/www.youtube.com\/user\/salzburgerland","https:\/\/de.wikipedia.org\/wiki\/SalzburgerLand_Tourismus_GmbH"]},{"@type":"Person","@id":"https:\/\/www.salzburgerland.com\/de\/magazin\/#\/schema\/person\/1e4d0c967a02c339e6c85f8c3f38b89a","name":"Barbara Pirchner","description":"Reisen sieht Barbara Pirchner als ein gro\u00dfes Geschenk. Es gibt so viele tolle M\u00f6glichkeiten, wie sie die Welt entdeckt. Und wenn sie nicht unterwegs ist, erkundet sie ihre Heimat. F\u00fcr sie ist es ihr zuhause, f\u00fcr euch der Urlaubsort. Gerne nimmt sie euch hier im Magazin mit und berichtet \u00fcber die sch\u00f6nsten Orte, die lustigsten Aktivit\u00e4ten oder die entspannendsten Momente im SalzburgerLand. Nach dem Studium und jahrelanger Erfahrung im Tourismusmarketing schreibt Barbara Pirchner jetzt f\u00fcr Tourismusbetriebe. Dosige oder Zuagroast? Eindeutig a Dosige. Geboren, aufgewachsen und wohnhaft in der Salzburger Bergwelt. Jedoch jederzeit offen, was anderes von der Welt zu sehen sowie andere Kulturen und L\u00e4nder kennenzulernen \u2013 und danach die sch\u00f6nen Kleinigkeiten in der Heimat wieder mehr wertsch\u00e4tzen zu k\u00f6nnen. Salzburger Nockerl oder Schwarzbeernocken? Bei Schwarzbeernocken kribbeln meine Geschmacksknospen. Haubenlokal oder Ab-Hof-Laden? Hm. Schwere Entscheidung. Am besten alles zu seiner Zeit. K\u00f6stliche Produkte im Ab-Hof-Laden kaufen zum selber Kochen oder sich verw\u00f6hnen lassen im Haubenlokal. Kochen, schlemmen und schnabulieren - damit kann ich mich identifizieren :) Wellness oder Mountainbike? Zuerst eine sch\u00f6ne Mountainbiketour, danach zum Entspannen in den Wellnessbereich. Alpinski, Offpist oder Skitour? Alles. Am besten auf einmal und das ganze Jahr. Als Winterm\u00e4dchen sehne ich mich nach den ersten Schnee. Und dann das ganze Programm. Dirndl oder Bustierkleid? Dirndl. Liebend gern.","sameAs":["https:\/\/www.barbara-pirchner.com\/","https:\/\/www.linkedin.com\/in\/barbara-pirchner-573031120\/"],"url":"https:\/\/www.salzburgerland.com\/de\/magazin\/author\/barbara-pirchner\/"}]}},"_wl_alt_label":[],"wl:entity_url":"http:\/\/open.salzburgerland.com\/magazin\/post\/es-wird-heiss-hoechste-zeit-fuer-ein-nationalparkeis-169657","_links":{"self":[{"href":"https:\/\/www.salzburgerland.com\/de\/magazin\/wp-json\/wp\/v2\/posts\/169657","targetHints":{"allow":["GET"]}}],"collection":[{"href":"https:\/\/www.salzburgerland.com\/de\/magazin\/wp-json\/wp\/v2\/posts"}],"about":[{"href":"https:\/\/www.salzburgerland.com\/de\/magazin\/wp-json\/wp\/v2\/types\/post"}],"author":[{"embeddable":true,"href":"https:\/\/www.salzburgerland.com\/de\/magazin\/wp-json\/wp\/v2\/users\/564"}],"replies":[{"embeddable":true,"href":"https:\/\/www.salzburgerland.com\/de\/magazin\/wp-json\/wp\/v2\/comments?post=169657"}],"version-history":[{"count":5,"href":"https:\/\/www.salzburgerland.com\/de\/magazin\/wp-json\/wp\/v2\/posts\/169657\/revisions"}],"predecessor-version":[{"id":171353,"href":"https:\/\/www.salzburgerland.com\/de\/magazin\/wp-json\/wp\/v2\/posts\/169657\/revisions\/171353"}],"wp:featuredmedia":[{"embeddable":true,"href":"https:\/\/www.salzburgerland.com\/de\/magazin\/wp-json\/wp\/v2\/media\/169753"}],"wp:attachment":[{"href":"https:\/\/www.salzburgerland.com\/de\/magazin\/wp-json\/wp\/v2\/media?parent=169657"}],"wp:term":[{"taxonomy":"category","embeddable":true,"href":"https:\/\/www.salzburgerland.com\/de\/magazin\/wp-json\/wp\/v2\/categories?post=169657"},{"taxonomy":"post_tag","embeddable":true,"href":"https:\/\/www.salzburgerland.com\/de\/magazin\/wp-json\/wp\/v2\/tags?post=169657"},{"taxonomy":"wl_entity_type","embeddable":true,"href":"https:\/\/www.salzburgerland.com\/de\/magazin\/wp-json\/wp\/v2\/wl_entity_type?post=169657"},{"taxonomy":"monatsauswahl","embeddable":true,"href":"https:\/\/www.salzburgerland.com\/de\/magazin\/wp-json\/wp\/v2\/monatsauswahl?post=169657"}],"curies":[{"name":"wp","href":"https:\/\/api.w.org\/{rel}","templated":true}]}}