{"id":169339,"date":"2025-04-11T08:28:00","date_gmt":"2025-04-11T06:28:00","guid":{"rendered":"https:\/\/www.salzburgerland.com\/de\/magazin\/?p=169339"},"modified":"2025-04-29T06:03:24","modified_gmt":"2025-04-29T04:03:24","slug":"der-salzburger-radfruehling-im-volksgarten","status":"publish","type":"post","link":"https:\/\/www.salzburgerland.com\/de\/magazin\/der-salzburger-radfruehling-im-volksgarten\/","title":{"rendered":"Der Salzburger Radfr\u00fchling im Volksgarten"},"content":{"rendered":"\n<div class=\"wp-block-slt-top topBlocks\">\n<h2 class=\"wp-block-slt-subtitle\">Alles dreht sich um das Rad<\/h2>\n\n\n\n<p class=\"wp-block-slt-intro\">Am 2. und 3 Mai steht die <a href=\"https:\/\/www.stadt-salzburg.at\/home\/?no_cache=1\" target=\"_blank\" rel=\"noreferrer noopener\">Stadt Salzburg<\/a> ganz im Zeichen des Fahrrades. Beim Radfr\u00fchling finden sich Freunde und Anh\u00e4nger des Drahtesels im Volksgarten genug Attraktionen rund um das Rad. Ein Highlight ist heuer wieder die <a href=\"https:\/\/sbg.arbeiterkammer.at\/radboerse\" target=\"_blank\" rel=\"noreferrer noopener\">AK-Radb\u00f6rse<\/a>, wo jeder Radfan das eine oder andere Schn\u00e4ppchen in der Eisarena finden wird.<\/p>\n<\/div>\n\n\n\n<p>An Fahrr\u00e4dern wird es in der Altstadt an dem Wochenende nicht mangeln. Der Radfr\u00fchling m\u00f6chte in erster Linie seine G\u00e4ste unterhalten, viele Fahrradliebhaber zusammenbringen und den Besuchern die M\u00f6glichkeit geben, m\u00f6glichst viele Dinge rund um das Fahrrad auszuprobieren. Der Radfr\u00fchling Salzburg erlebt in den letzten Jahren einen enormen Zulauf. Mit der neuen Location im Volksgarten k\u00f6nnen die Veranstalter jetzt den Event noch attraktiver machen. Mehr Aussteller, mehr Programm und mehr M\u00f6glichkeiten, Fahrr\u00e4der und Zubeh\u00f6r auszuprobieren, erwarten die G\u00e4ste. Der Radfr\u00fchling ist auch der Beginn der Fahrradsaison in der Stadt Salzburg.<\/p>\n\n\n\n<figure class=\"wp-block-image size-full\"><img loading=\"lazy\" decoding=\"async\" width=\"2560\" height=\"1478\" src=\"https:\/\/www.salzburgerland.com\/de\/magazin\/wp-content\/uploads\/2025\/04\/RES_5635-scaled.jpg\" alt=\"Eine Menschenmenge genie\u00dft eine Freiluftveranstaltung in der N\u00e4he einer B\u00fchne und eines Zeltes an einem sonnigen Tag in einem Park mit gr\u00fcnen B\u00e4umen.\" class=\"wp-image-182332\" srcset=\"https:\/\/www.salzburgerland.com\/de\/magazin\/wp-content\/uploads\/2025\/04\/RES_5635-scaled.jpg 2560w, https:\/\/www.salzburgerland.com\/de\/magazin\/wp-content\/uploads\/2025\/04\/RES_5635-300x173.jpg 300w, https:\/\/www.salzburgerland.com\/de\/magazin\/wp-content\/uploads\/2025\/04\/RES_5635-1536x887.jpg 1536w, https:\/\/www.salzburgerland.com\/de\/magazin\/wp-content\/uploads\/2025\/04\/RES_5635-2048x1183.jpg 2048w, https:\/\/www.salzburgerland.com\/de\/magazin\/wp-content\/uploads\/2025\/04\/RES_5635-952x550.jpg 952w, https:\/\/www.salzburgerland.com\/de\/magazin\/wp-content\/uploads\/2025\/04\/RES_5635-693x400.jpg 693w, https:\/\/www.salzburgerland.com\/de\/magazin\/wp-content\/uploads\/2025\/04\/RES_5635-1320x762.jpg 1320w, https:\/\/www.salzburgerland.com\/de\/magazin\/wp-content\/uploads\/2025\/04\/RES_5635-150x87.jpg 150w\" sizes=\"auto, (max-width: 2560px) 100vw, 2560px\" \/><figcaption class=\"wp-element-caption\">Der Radr\u00fchling findet heuer erstmals im Volksgarten statt. Foto: Stadt Salzburg<\/figcaption><\/figure>\n\n\n\n<h2 class=\"wp-block-heading\">Rad-B\u00f6rse<\/h2>\n\n\n\n<p>Bereits am Freitag startet traditionell die Radb\u00f6rse der Arbeiterkammer Salzburg. Mit 1.500 R\u00e4dern erwartet die Besucher eine riesige Auswahl an gebrauchten Fahrr\u00e4dern aus allen Kategorien zu attraktiven Preisen inklusive \u201eSchn\u00e4ppchen-Garantie\u201c f\u00fcr Jung und Alt . Die Mitarbeiter vor Ort stehen beratend zur Seite und auch eine kleine Probefahrt ist m\u00f6glich. <\/p>\n\n\n\n<figure class=\"wp-block-image size-full\"><img loading=\"lazy\" decoding=\"async\" width=\"2560\" height=\"1706\" src=\"https:\/\/www.salzburgerland.com\/de\/magazin\/wp-content\/uploads\/2023\/03\/h22dXXII212-scaled.jpg\" alt=\"Ein blaugr\u00fcnes Fahrrad vor einem Werbebanner f\u00fcr die Radfr\u00fchling-Veranstaltung in Salzburg, \u00d6sterreich.\" class=\"wp-image-169344\" srcset=\"https:\/\/www.salzburgerland.com\/de\/magazin\/wp-content\/uploads\/2023\/03\/h22dXXII212-scaled.jpg 2560w, https:\/\/www.salzburgerland.com\/de\/magazin\/wp-content\/uploads\/2023\/03\/h22dXXII212-300x200.jpg 300w, https:\/\/www.salzburgerland.com\/de\/magazin\/wp-content\/uploads\/2023\/03\/h22dXXII212-1536x1024.jpg 1536w, https:\/\/www.salzburgerland.com\/de\/magazin\/wp-content\/uploads\/2023\/03\/h22dXXII212-2048x1365.jpg 2048w, https:\/\/www.salzburgerland.com\/de\/magazin\/wp-content\/uploads\/2023\/03\/h22dXXII212-825x550.jpg 825w, https:\/\/www.salzburgerland.com\/de\/magazin\/wp-content\/uploads\/2023\/03\/h22dXXII212-600x400.jpg 600w, https:\/\/www.salzburgerland.com\/de\/magazin\/wp-content\/uploads\/2023\/03\/h22dXXII212-1320x880.jpg 1320w, https:\/\/www.salzburgerland.com\/de\/magazin\/wp-content\/uploads\/2023\/03\/h22dXXII212-150x100.jpg 150w\" sizes=\"auto, (max-width: 2560px) 100vw, 2560px\" \/><figcaption class=\"wp-element-caption\">Der Radfr\u00fchling begr\u00fc\u00dft seine G\u00e4ste. Foto: wildbild, Herbert Rohrer<\/figcaption><\/figure>\n\n\n\n<h2 class=\"wp-block-heading\" id=\"h-neueste-modelle-zum-testen\">Neueste Modelle zum Testen<\/h2>\n\n\n\n<p>Die H\u00e4ndler aus der Region bieten jede Menge R\u00e4der der unterschiedlichen Kategorien zum Test an. Vom neuesten E-Bike bis hin zu den klassischen Fahrr\u00e4dern werden die letzten Innovationen in der Altstadt pr\u00e4sentiert. Es gibt auch gef\u00fchrte Touren mit Gravel- und E-Bikes.<\/p>\n\n\n\n<h2 class=\"wp-block-heading\">Attraktionen und Action<\/h2>\n\n\n\n<p>F\u00fcr Familien und Kinder ist richtig viel geboten: Der riesige Pumptrack l\u00e4sst nicht nur Kinderherzen h\u00f6herschlagen. Am Laufrad- und Roller-Parcours der AUVA lernen die Kleinsten das Fahrradfahren. Eltern und Kinder k\u00f6nnen am \u201eKarussell der Fundgegenst\u00e4nde\u201c Geschwindigkeit sp\u00fcren. Abgerundet wird das Ganze mit einem Kinderprogramm  und vielen Kinderfahrr\u00e4dern zum Testen am Gel\u00e4nde.<\/p>\n\n\n\n<h2 class=\"wp-block-heading\" id=\"h-live-versteigerung\">Live Versteigerung<\/h2>\n\n\n\n<p>Wer bietet mehr? Mit gro\u00dfer Vorfreude blicken alle auf die Live-Versteigerung vom Salzburger Fundamt und Dorotheum am Freitagnachmittag. \u00dcber 50 R\u00e4der kommen unter den Hammer \u2013 die Spannung ist hier garantiert. Zum Schluss  gibt es am Samstag noch einmal ein richtiges Highlight. Mit der Band \u201eCandlelight Ficus\u201c lassen die Veranstalter ab 18 Uhr den Abend musikalisch ausklingen.<\/p>\n\n\n","protected":false},"excerpt":{"rendered":"<p>An Fahrr\u00e4dern wird es in der Altstadt an dem Wochenende nicht mangeln. Der Radfr\u00fchling m\u00f6chte in erster Linie seine G\u00e4ste unterhalten, viele Fahrradliebhaber zusammenbringen und den Besuchern die M\u00f6glichkeit geben, m\u00f6glichst viele Dinge rund um das Fahrrad auszuprobieren. Der Radfr\u00fchling Salzburg erlebt in den letzten Jahren einen enormen Zulauf. Mit der neuen Location im Volksgarten [&hellip;]<\/p>\n","protected":false},"author":10,"featured_media":169342,"comment_status":"closed","ping_status":"closed","sticky":false,"template":"","format":"standard","meta":{"_acf_changed":false,"wl_entities_gutenberg":"","_wl_entity_redirect_enabled":"","footnotes":""},"categories":[9],"tags":[7629,4394,7627,7628,5617],"wl_entity_type":[306],"monatsauswahl":[85],"class_list":["post-169339","post","type-post","status-publish","format-standard","has-post-thumbnail","hentry","category-sehenswurdig","tag-aussteller","tag-e-bike","tag-rad","tag-radboerse","tag-salzburg","wl_entity_type-article","monatsauswahl-monat_4"],"acf":[],"yoast_head":"<!-- This site is optimized with the Yoast SEO Premium plugin v27.4 (Yoast SEO v27.4) - https:\/\/yoast.com\/product\/yoast-seo-premium-wordpress\/ -->\n<title>Der Salzburger Radfr\u00fchling im Volksgarten - SalzburgerLand Magazin<\/title>\n<meta name=\"robots\" content=\"index, follow, max-snippet:-1, max-image-preview:large, max-video-preview:-1\" \/>\n<link rel=\"canonical\" href=\"https:\/\/www.salzburgerland.com\/de\/magazin\/der-salzburger-radfruehling-im-volksgarten\/\" \/>\n<meta property=\"og:locale\" content=\"de_DE\" \/>\n<meta property=\"og:type\" content=\"article\" \/>\n<meta property=\"og:title\" content=\"Der Salzburger Radfr\u00fchling im Volksgarten\" \/>\n<meta property=\"og:description\" content=\"An Fahrr\u00e4dern wird es in der Altstadt an dem Wochenende nicht mangeln. Der Radfr\u00fchling m\u00f6chte in erster Linie seine G\u00e4ste unterhalten, viele Fahrradliebhaber zusammenbringen und den Besuchern die M\u00f6glichkeit geben, m\u00f6glichst viele Dinge rund um das Fahrrad auszuprobieren. Der Radfr\u00fchling Salzburg erlebt in den letzten Jahren einen enormen Zulauf. Mit der neuen Location im Volksgarten [&hellip;]\" \/>\n<meta property=\"og:url\" content=\"https:\/\/www.salzburgerland.com\/de\/magazin\/der-salzburger-radfruehling-im-volksgarten\/\" \/>\n<meta property=\"og:site_name\" content=\"SalzburgerLand Magazin\" \/>\n<meta property=\"article:publisher\" content=\"https:\/\/www.facebook.com\/salzburgerland\/\" \/>\n<meta property=\"article:published_time\" content=\"2025-04-11T06:28:00+00:00\" \/>\n<meta property=\"article:modified_time\" content=\"2025-04-29T04:03:24+00:00\" \/>\n<meta property=\"og:image\" content=\"https:\/\/www.salzburgerland.com\/de\/magazin\/wp-content\/uploads\/2023\/03\/h22dXXII120-scaled.jpg\" \/>\n\t<meta property=\"og:image:width\" content=\"2560\" \/>\n\t<meta property=\"og:image:height\" content=\"1706\" \/>\n\t<meta property=\"og:image:type\" content=\"image\/jpeg\" \/>\n<meta name=\"author\" content=\"Heiko Mandl\" \/>\n<meta name=\"twitter:card\" content=\"summary_large_image\" \/>\n<meta name=\"twitter:creator\" content=\"@Salzburgerland\" \/>\n<meta name=\"twitter:site\" content=\"@Salzburgerland\" \/>\n<meta name=\"twitter:label1\" content=\"Verfasst von\" \/>\n\t<meta name=\"twitter:data1\" content=\"Heiko Mandl\" \/>\n\t<meta name=\"twitter:label2\" content=\"Gesch\u00e4tzte Lesezeit\" \/>\n\t<meta name=\"twitter:data2\" content=\"3\u00a0Minuten\" \/>\n<script type=\"application\/ld+json\" class=\"yoast-schema-graph\">{\"@context\":\"https:\\\/\\\/schema.org\",\"@graph\":[{\"@type\":\"Article\",\"@id\":\"https:\\\/\\\/www.salzburgerland.com\\\/de\\\/magazin\\\/der-salzburger-radfruehling-im-volksgarten\\\/#article\",\"isPartOf\":{\"@id\":\"https:\\\/\\\/www.salzburgerland.com\\\/de\\\/magazin\\\/der-salzburger-radfruehling-im-volksgarten\\\/\"},\"author\":{\"name\":\"Heiko Mandl\",\"@id\":\"https:\\\/\\\/www.salzburgerland.com\\\/de\\\/magazin\\\/#\\\/schema\\\/person\\\/8871c7c764fce6ea66752310e7fe9e98\"},\"headline\":\"Der Salzburger Radfr\u00fchling im Volksgarten\",\"datePublished\":\"2025-04-11T06:28:00+00:00\",\"dateModified\":\"2025-04-29T04:03:24+00:00\",\"mainEntityOfPage\":{\"@id\":\"https:\\\/\\\/www.salzburgerland.com\\\/de\\\/magazin\\\/der-salzburger-radfruehling-im-volksgarten\\\/\"},\"wordCount\":418,\"publisher\":{\"@id\":\"https:\\\/\\\/www.salzburgerland.com\\\/de\\\/magazin\\\/#organization\"},\"image\":{\"@id\":\"https:\\\/\\\/www.salzburgerland.com\\\/de\\\/magazin\\\/der-salzburger-radfruehling-im-volksgarten\\\/#primaryimage\"},\"thumbnailUrl\":\"https:\\\/\\\/www.salzburgerland.com\\\/de\\\/magazin\\\/wp-content\\\/uploads\\\/2023\\\/03\\\/h22dXXII120-scaled.jpg\",\"keywords\":[\"Aussteller\",\"E-Bike\",\"Rad\",\"Radb\u00f6rse\",\"Salzburg\"],\"articleSection\":[\"Sehensw\u00fcrdig\"],\"inLanguage\":\"de\"},{\"@type\":\"WebPage\",\"@id\":\"https:\\\/\\\/www.salzburgerland.com\\\/de\\\/magazin\\\/der-salzburger-radfruehling-im-volksgarten\\\/\",\"url\":\"https:\\\/\\\/www.salzburgerland.com\\\/de\\\/magazin\\\/der-salzburger-radfruehling-im-volksgarten\\\/\",\"name\":\"Der Salzburger Radfr\u00fchling im Volksgarten - SalzburgerLand Magazin\",\"isPartOf\":{\"@id\":\"https:\\\/\\\/www.salzburgerland.com\\\/de\\\/magazin\\\/#website\"},\"primaryImageOfPage\":{\"@id\":\"https:\\\/\\\/www.salzburgerland.com\\\/de\\\/magazin\\\/der-salzburger-radfruehling-im-volksgarten\\\/#primaryimage\"},\"image\":{\"@id\":\"https:\\\/\\\/www.salzburgerland.com\\\/de\\\/magazin\\\/der-salzburger-radfruehling-im-volksgarten\\\/#primaryimage\"},\"thumbnailUrl\":\"https:\\\/\\\/www.salzburgerland.com\\\/de\\\/magazin\\\/wp-content\\\/uploads\\\/2023\\\/03\\\/h22dXXII120-scaled.jpg\",\"datePublished\":\"2025-04-11T06:28:00+00:00\",\"dateModified\":\"2025-04-29T04:03:24+00:00\",\"breadcrumb\":{\"@id\":\"https:\\\/\\\/www.salzburgerland.com\\\/de\\\/magazin\\\/der-salzburger-radfruehling-im-volksgarten\\\/#breadcrumb\"},\"inLanguage\":\"de\",\"potentialAction\":[{\"@type\":\"ReadAction\",\"target\":[\"https:\\\/\\\/www.salzburgerland.com\\\/de\\\/magazin\\\/der-salzburger-radfruehling-im-volksgarten\\\/\"]}]},{\"@type\":\"ImageObject\",\"inLanguage\":\"de\",\"@id\":\"https:\\\/\\\/www.salzburgerland.com\\\/de\\\/magazin\\\/der-salzburger-radfruehling-im-volksgarten\\\/#primaryimage\",\"url\":\"https:\\\/\\\/www.salzburgerland.com\\\/de\\\/magazin\\\/wp-content\\\/uploads\\\/2023\\\/03\\\/h22dXXII120-scaled.jpg\",\"contentUrl\":\"https:\\\/\\\/www.salzburgerland.com\\\/de\\\/magazin\\\/wp-content\\\/uploads\\\/2023\\\/03\\\/h22dXXII120-scaled.jpg\",\"width\":2560,\"height\":1706,\"caption\":\"Radfr\u00fchling Altstadt Salzburg, 20220422 Foto: wildbild, Herbert Rohrer\"},{\"@type\":\"BreadcrumbList\",\"@id\":\"https:\\\/\\\/www.salzburgerland.com\\\/de\\\/magazin\\\/der-salzburger-radfruehling-im-volksgarten\\\/#breadcrumb\",\"itemListElement\":[{\"@type\":\"ListItem\",\"position\":1,\"name\":\"Startseite\",\"item\":\"https:\\\/\\\/www.salzburgerland.com\\\/de\\\/magazin\\\/\"},{\"@type\":\"ListItem\",\"position\":2,\"name\":\"Sehensw\u00fcrdig\",\"item\":\"https:\\\/\\\/www.salzburgerland.com\\\/de\\\/magazin\\\/thema\\\/sehenswurdig\\\/\"},{\"@type\":\"ListItem\",\"position\":3,\"name\":\"Der Salzburger Radfr\u00fchling im Volksgarten\"}]},{\"@type\":\"WebSite\",\"@id\":\"https:\\\/\\\/www.salzburgerland.com\\\/de\\\/magazin\\\/#website\",\"url\":\"https:\\\/\\\/www.salzburgerland.com\\\/de\\\/magazin\\\/\",\"name\":\"SalzburgerLand Magazin\",\"description\":\"Geschichten und Interessantes aus dem SalzburgerLand\",\"publisher\":{\"@id\":\"https:\\\/\\\/www.salzburgerland.com\\\/de\\\/magazin\\\/#organization\"},\"potentialAction\":[{\"@type\":\"SearchAction\",\"target\":{\"@type\":\"EntryPoint\",\"urlTemplate\":\"https:\\\/\\\/www.salzburgerland.com\\\/de\\\/magazin\\\/?s={search_term_string}\"},\"query-input\":{\"@type\":\"PropertyValueSpecification\",\"valueRequired\":true,\"valueName\":\"search_term_string\"}}],\"inLanguage\":\"de\"},{\"@type\":\"Organization\",\"@id\":\"https:\\\/\\\/www.salzburgerland.com\\\/de\\\/magazin\\\/#organization\",\"name\":\"SalzburgerLand Tourismus\",\"url\":\"https:\\\/\\\/www.salzburgerland.com\\\/de\\\/magazin\\\/\",\"logo\":{\"@type\":\"ImageObject\",\"inLanguage\":\"de\",\"@id\":\"https:\\\/\\\/www.salzburgerland.com\\\/de\\\/magazin\\\/#\\\/schema\\\/logo\\\/image\\\/\",\"url\":\"https:\\\/\\\/www.salzburgerland.com\\\/de\\\/magazin\\\/wp-content\\\/uploads\\\/2019\\\/06\\\/salzburgerland-logo1.jpg\",\"contentUrl\":\"https:\\\/\\\/www.salzburgerland.com\\\/de\\\/magazin\\\/wp-content\\\/uploads\\\/2019\\\/06\\\/salzburgerland-logo1.jpg\",\"width\":2011,\"height\":866,\"caption\":\"SalzburgerLand Tourismus\"},\"image\":{\"@id\":\"https:\\\/\\\/www.salzburgerland.com\\\/de\\\/magazin\\\/#\\\/schema\\\/logo\\\/image\\\/\"},\"sameAs\":[\"https:\\\/\\\/www.facebook.com\\\/salzburgerland\\\/\",\"https:\\\/\\\/x.com\\\/Salzburgerland\",\"https:\\\/\\\/www.instagram.com\\\/salzburgerland\\\/\",\"https:\\\/\\\/at.linkedin.com\\\/company\\\/salzburgerland-tourismus-gmbh\",\"https:\\\/\\\/www.pinterest.at\\\/salzburgerland\\\/\",\"https:\\\/\\\/www.youtube.com\\\/user\\\/salzburgerland\",\"https:\\\/\\\/de.wikipedia.org\\\/wiki\\\/SalzburgerLand_Tourismus_GmbH\"]},{\"@type\":\"Person\",\"@id\":\"https:\\\/\\\/www.salzburgerland.com\\\/de\\\/magazin\\\/#\\\/schema\\\/person\\\/8871c7c764fce6ea66752310e7fe9e98\",\"name\":\"Heiko Mandl\",\"description\":\"Heiko Mandl, geboren 1976 in Salzburg, ist durch den Journalismus zur Fotografie gekommen und ist seit zehn Jahren als selbstst\u00e4ndiger Fotograf und Autor in Salzburg t\u00e4tig. Schon von Kindheit an haben ihn die Berge vor seiner Haust\u00fcr fasziniert. Heute z\u00e4hlen sie unter anderem zu seinem Arbeitsplatz. Er arbeitet f\u00fcr internationale Outdoor- und Reisemagazine sowie zahlreiche Firmen und Agenturen. Luxushotel oder Almh\u00fctte: Ich kann beides genie\u00dfen und ich gehe das nach dem Motto: Alles zur richtigen Zeit und zur passenden Gelegenheit an. Wandern oder Laufen: Auf jeden Fall wandern, ist gem\u00fctlicher und man kann sich mehr auf die Umgebung konzentrieren. Golfplatz oder Klettergarten: Klettergarten, zumindest noch die n\u00e4chsten 20 Jahre. Fr\u00fchling, sommer, herbst oder Winter? Fr\u00fchling und Sommer und Herbst und Winter! Im SalzburgerLand ist es das ganze Jahr traumhaft sch\u00f6n. Wellness oder Mountainbike? Zuerst eine Runde mit dem Mountainbike und dann ab in den Wellnesstempel. Das eine schlie\u00dft das andere nicht aus!\",\"url\":\"https:\\\/\\\/www.salzburgerland.com\\\/de\\\/magazin\\\/author\\\/heiko-mandl\\\/\"}]}<\/script>\n<!-- \/ Yoast SEO Premium plugin. -->","yoast_head_json":{"title":"Der Salzburger Radfr\u00fchling im Volksgarten - SalzburgerLand Magazin","robots":{"index":"index","follow":"follow","max-snippet":"max-snippet:-1","max-image-preview":"max-image-preview:large","max-video-preview":"max-video-preview:-1"},"canonical":"https:\/\/www.salzburgerland.com\/de\/magazin\/der-salzburger-radfruehling-im-volksgarten\/","og_locale":"de_DE","og_type":"article","og_title":"Der Salzburger Radfr\u00fchling im Volksgarten","og_description":"An Fahrr\u00e4dern wird es in der Altstadt an dem Wochenende nicht mangeln. Der Radfr\u00fchling m\u00f6chte in erster Linie seine G\u00e4ste unterhalten, viele Fahrradliebhaber zusammenbringen und den Besuchern die M\u00f6glichkeit geben, m\u00f6glichst viele Dinge rund um das Fahrrad auszuprobieren. Der Radfr\u00fchling Salzburg erlebt in den letzten Jahren einen enormen Zulauf. Mit der neuen Location im Volksgarten [&hellip;]","og_url":"https:\/\/www.salzburgerland.com\/de\/magazin\/der-salzburger-radfruehling-im-volksgarten\/","og_site_name":"SalzburgerLand Magazin","article_publisher":"https:\/\/www.facebook.com\/salzburgerland\/","article_published_time":"2025-04-11T06:28:00+00:00","article_modified_time":"2025-04-29T04:03:24+00:00","og_image":[{"width":2560,"height":1706,"url":"https:\/\/www.salzburgerland.com\/de\/magazin\/wp-content\/uploads\/2023\/03\/h22dXXII120-scaled.jpg","type":"image\/jpeg"}],"author":"Heiko Mandl","twitter_card":"summary_large_image","twitter_creator":"@Salzburgerland","twitter_site":"@Salzburgerland","twitter_misc":{"Verfasst von":"Heiko Mandl","Gesch\u00e4tzte Lesezeit":"3\u00a0Minuten"},"schema":{"@context":"https:\/\/schema.org","@graph":[{"@type":"Article","@id":"https:\/\/www.salzburgerland.com\/de\/magazin\/der-salzburger-radfruehling-im-volksgarten\/#article","isPartOf":{"@id":"https:\/\/www.salzburgerland.com\/de\/magazin\/der-salzburger-radfruehling-im-volksgarten\/"},"author":{"name":"Heiko Mandl","@id":"https:\/\/www.salzburgerland.com\/de\/magazin\/#\/schema\/person\/8871c7c764fce6ea66752310e7fe9e98"},"headline":"Der Salzburger Radfr\u00fchling im Volksgarten","datePublished":"2025-04-11T06:28:00+00:00","dateModified":"2025-04-29T04:03:24+00:00","mainEntityOfPage":{"@id":"https:\/\/www.salzburgerland.com\/de\/magazin\/der-salzburger-radfruehling-im-volksgarten\/"},"wordCount":418,"publisher":{"@id":"https:\/\/www.salzburgerland.com\/de\/magazin\/#organization"},"image":{"@id":"https:\/\/www.salzburgerland.com\/de\/magazin\/der-salzburger-radfruehling-im-volksgarten\/#primaryimage"},"thumbnailUrl":"https:\/\/www.salzburgerland.com\/de\/magazin\/wp-content\/uploads\/2023\/03\/h22dXXII120-scaled.jpg","keywords":["Aussteller","E-Bike","Rad","Radb\u00f6rse","Salzburg"],"articleSection":["Sehensw\u00fcrdig"],"inLanguage":"de"},{"@type":"WebPage","@id":"https:\/\/www.salzburgerland.com\/de\/magazin\/der-salzburger-radfruehling-im-volksgarten\/","url":"https:\/\/www.salzburgerland.com\/de\/magazin\/der-salzburger-radfruehling-im-volksgarten\/","name":"Der Salzburger Radfr\u00fchling im Volksgarten - SalzburgerLand Magazin","isPartOf":{"@id":"https:\/\/www.salzburgerland.com\/de\/magazin\/#website"},"primaryImageOfPage":{"@id":"https:\/\/www.salzburgerland.com\/de\/magazin\/der-salzburger-radfruehling-im-volksgarten\/#primaryimage"},"image":{"@id":"https:\/\/www.salzburgerland.com\/de\/magazin\/der-salzburger-radfruehling-im-volksgarten\/#primaryimage"},"thumbnailUrl":"https:\/\/www.salzburgerland.com\/de\/magazin\/wp-content\/uploads\/2023\/03\/h22dXXII120-scaled.jpg","datePublished":"2025-04-11T06:28:00+00:00","dateModified":"2025-04-29T04:03:24+00:00","breadcrumb":{"@id":"https:\/\/www.salzburgerland.com\/de\/magazin\/der-salzburger-radfruehling-im-volksgarten\/#breadcrumb"},"inLanguage":"de","potentialAction":[{"@type":"ReadAction","target":["https:\/\/www.salzburgerland.com\/de\/magazin\/der-salzburger-radfruehling-im-volksgarten\/"]}]},{"@type":"ImageObject","inLanguage":"de","@id":"https:\/\/www.salzburgerland.com\/de\/magazin\/der-salzburger-radfruehling-im-volksgarten\/#primaryimage","url":"https:\/\/www.salzburgerland.com\/de\/magazin\/wp-content\/uploads\/2023\/03\/h22dXXII120-scaled.jpg","contentUrl":"https:\/\/www.salzburgerland.com\/de\/magazin\/wp-content\/uploads\/2023\/03\/h22dXXII120-scaled.jpg","width":2560,"height":1706,"caption":"Radfr\u00fchling Altstadt Salzburg, 20220422 Foto: wildbild, Herbert Rohrer"},{"@type":"BreadcrumbList","@id":"https:\/\/www.salzburgerland.com\/de\/magazin\/der-salzburger-radfruehling-im-volksgarten\/#breadcrumb","itemListElement":[{"@type":"ListItem","position":1,"name":"Startseite","item":"https:\/\/www.salzburgerland.com\/de\/magazin\/"},{"@type":"ListItem","position":2,"name":"Sehensw\u00fcrdig","item":"https:\/\/www.salzburgerland.com\/de\/magazin\/thema\/sehenswurdig\/"},{"@type":"ListItem","position":3,"name":"Der Salzburger Radfr\u00fchling im Volksgarten"}]},{"@type":"WebSite","@id":"https:\/\/www.salzburgerland.com\/de\/magazin\/#website","url":"https:\/\/www.salzburgerland.com\/de\/magazin\/","name":"SalzburgerLand Magazin","description":"Geschichten und Interessantes aus dem SalzburgerLand","publisher":{"@id":"https:\/\/www.salzburgerland.com\/de\/magazin\/#organization"},"potentialAction":[{"@type":"SearchAction","target":{"@type":"EntryPoint","urlTemplate":"https:\/\/www.salzburgerland.com\/de\/magazin\/?s={search_term_string}"},"query-input":{"@type":"PropertyValueSpecification","valueRequired":true,"valueName":"search_term_string"}}],"inLanguage":"de"},{"@type":"Organization","@id":"https:\/\/www.salzburgerland.com\/de\/magazin\/#organization","name":"SalzburgerLand Tourismus","url":"https:\/\/www.salzburgerland.com\/de\/magazin\/","logo":{"@type":"ImageObject","inLanguage":"de","@id":"https:\/\/www.salzburgerland.com\/de\/magazin\/#\/schema\/logo\/image\/","url":"https:\/\/www.salzburgerland.com\/de\/magazin\/wp-content\/uploads\/2019\/06\/salzburgerland-logo1.jpg","contentUrl":"https:\/\/www.salzburgerland.com\/de\/magazin\/wp-content\/uploads\/2019\/06\/salzburgerland-logo1.jpg","width":2011,"height":866,"caption":"SalzburgerLand Tourismus"},"image":{"@id":"https:\/\/www.salzburgerland.com\/de\/magazin\/#\/schema\/logo\/image\/"},"sameAs":["https:\/\/www.facebook.com\/salzburgerland\/","https:\/\/x.com\/Salzburgerland","https:\/\/www.instagram.com\/salzburgerland\/","https:\/\/at.linkedin.com\/company\/salzburgerland-tourismus-gmbh","https:\/\/www.pinterest.at\/salzburgerland\/","https:\/\/www.youtube.com\/user\/salzburgerland","https:\/\/de.wikipedia.org\/wiki\/SalzburgerLand_Tourismus_GmbH"]},{"@type":"Person","@id":"https:\/\/www.salzburgerland.com\/de\/magazin\/#\/schema\/person\/8871c7c764fce6ea66752310e7fe9e98","name":"Heiko Mandl","description":"Heiko Mandl, geboren 1976 in Salzburg, ist durch den Journalismus zur Fotografie gekommen und ist seit zehn Jahren als selbstst\u00e4ndiger Fotograf und Autor in Salzburg t\u00e4tig. Schon von Kindheit an haben ihn die Berge vor seiner Haust\u00fcr fasziniert. Heute z\u00e4hlen sie unter anderem zu seinem Arbeitsplatz. Er arbeitet f\u00fcr internationale Outdoor- und Reisemagazine sowie zahlreiche Firmen und Agenturen. Luxushotel oder Almh\u00fctte: Ich kann beides genie\u00dfen und ich gehe das nach dem Motto: Alles zur richtigen Zeit und zur passenden Gelegenheit an. Wandern oder Laufen: Auf jeden Fall wandern, ist gem\u00fctlicher und man kann sich mehr auf die Umgebung konzentrieren. Golfplatz oder Klettergarten: Klettergarten, zumindest noch die n\u00e4chsten 20 Jahre. Fr\u00fchling, sommer, herbst oder Winter? Fr\u00fchling und Sommer und Herbst und Winter! Im SalzburgerLand ist es das ganze Jahr traumhaft sch\u00f6n. Wellness oder Mountainbike? Zuerst eine Runde mit dem Mountainbike und dann ab in den Wellnesstempel. Das eine schlie\u00dft das andere nicht aus!","url":"https:\/\/www.salzburgerland.com\/de\/magazin\/author\/heiko-mandl\/"}]}},"_wl_alt_label":[],"wl:entity_url":"http:\/\/open.salzburgerland.com\/magazin\/post\/der-salzburger-radfruehling-169339","_links":{"self":[{"href":"https:\/\/www.salzburgerland.com\/de\/magazin\/wp-json\/wp\/v2\/posts\/169339","targetHints":{"allow":["GET"]}}],"collection":[{"href":"https:\/\/www.salzburgerland.com\/de\/magazin\/wp-json\/wp\/v2\/posts"}],"about":[{"href":"https:\/\/www.salzburgerland.com\/de\/magazin\/wp-json\/wp\/v2\/types\/post"}],"author":[{"embeddable":true,"href":"https:\/\/www.salzburgerland.com\/de\/magazin\/wp-json\/wp\/v2\/users\/10"}],"replies":[{"embeddable":true,"href":"https:\/\/www.salzburgerland.com\/de\/magazin\/wp-json\/wp\/v2\/comments?post=169339"}],"version-history":[{"count":10,"href":"https:\/\/www.salzburgerland.com\/de\/magazin\/wp-json\/wp\/v2\/posts\/169339\/revisions"}],"predecessor-version":[{"id":182338,"href":"https:\/\/www.salzburgerland.com\/de\/magazin\/wp-json\/wp\/v2\/posts\/169339\/revisions\/182338"}],"wp:featuredmedia":[{"embeddable":true,"href":"https:\/\/www.salzburgerland.com\/de\/magazin\/wp-json\/wp\/v2\/media\/169342"}],"wp:attachment":[{"href":"https:\/\/www.salzburgerland.com\/de\/magazin\/wp-json\/wp\/v2\/media?parent=169339"}],"wp:term":[{"taxonomy":"category","embeddable":true,"href":"https:\/\/www.salzburgerland.com\/de\/magazin\/wp-json\/wp\/v2\/categories?post=169339"},{"taxonomy":"post_tag","embeddable":true,"href":"https:\/\/www.salzburgerland.com\/de\/magazin\/wp-json\/wp\/v2\/tags?post=169339"},{"taxonomy":"wl_entity_type","embeddable":true,"href":"https:\/\/www.salzburgerland.com\/de\/magazin\/wp-json\/wp\/v2\/wl_entity_type?post=169339"},{"taxonomy":"monatsauswahl","embeddable":true,"href":"https:\/\/www.salzburgerland.com\/de\/magazin\/wp-json\/wp\/v2\/monatsauswahl?post=169339"}],"curies":[{"name":"wp","href":"https:\/\/api.w.org\/{rel}","templated":true}]}}