{"id":168812,"date":"2023-03-03T07:00:00","date_gmt":"2023-03-03T06:00:00","guid":{"rendered":"https:\/\/www.salzburgerland.com\/de\/magazin\/?p=168812"},"modified":"2023-03-06T15:47:50","modified_gmt":"2023-03-06T14:47:50","slug":"skiclub-elsbethen","status":"publish","type":"post","link":"https:\/\/www.salzburgerland.com\/de\/magazin\/skiclub-elsbethen\/","title":{"rendered":"Skiclub Elsbethen"},"content":{"rendered":"\n<div class=\"wp-block-slt-top topBlocks\">\n<h2 class=\"wp-block-slt-subtitle\">Eine Institution im Salzburger Skirennlauf<\/h2>\n\n\n\n<p class=\"wp-block-slt-intro\">Der <a href=\"https:\/\/www.skiclubelsbethen.at\/\" target=\"_blank\" rel=\"noreferrer noopener\">Skiclub Elsbethen<\/a> ist im Salzburger Vereinswesen nicht wegzudenken. Gegr\u00fcndet im Jahre 1952 z\u00e4hlt er heute zu den gr\u00f6\u00dften Skiclubs im SalzburgerLand und bietet jungen Skifahrern ein breites Programm an Trainingsm\u00f6glichkeiten, Skiausfl\u00fcgen und diversen Kursen.<\/p>\n<\/div>\n\n\n\n<p>Es war das Jahr 1952, als f\u00fcnf Sportbegeisterte aus Elsbethen beschlossen, einen Skiclub zu gr\u00fcnden. Zu jener Zeit hat niemand angenommen, dass aus dem Skiclub im \u201eFlachland\u201c ein stattlicher Skiclub mit mehreren hundert Mitgliedern wird.<\/p>\n\n\n\n<h2 class=\"wp-block-heading\" id=\"h-43-mitglieder\">43 Mitglieder<\/h2>\n\n\n\n<p>Schlie\u00dflich war es der 4. J\u00e4nner 1953, als der Skiclub Elsbethen aus der Taufe gehoben wurde. Bereits am ersten Tag trugen sich 43 \u00f6rtliche Skifahrer in die Mitgliedsliste ein. Erster Obmann war Sigurd Lettner. Der Name Lettner war kein unbekannter, sein Vater <a href=\"https:\/\/www.sn.at\/salzburg\/chronik\/vor-100-jahren-rudolf-lettners-idee-fuer-die-ski-stahlkante-21853318\" target=\"_blank\" rel=\"noreferrer noopener\">Rudolf Lettner<\/a> war der Erfinder der ersten Stahlkante bei Skiern, seine Schwester K\u00e4the wurde 1928 bei den ersten \u00d6SV-Damenmeisterschaften Zweite in der Abfahrt.<\/p>\n\n\n\n<figure class=\"wp-block-image size-full\"><img loading=\"lazy\" decoding=\"async\" width=\"2560\" height=\"1707\" src=\"https:\/\/www.salzburgerland.com\/de\/magazin\/wp-content\/uploads\/2023\/02\/3R9A9393-2-scaled.jpg\" alt=\"Ein Skifahrer in Rot f\u00e4hrt auf einem verschneiten Waldslalom bergab - Der Skiclub Elsbethen f\u00f6rdert junge Skitalente.\" class=\"wp-image-168820\" srcset=\"https:\/\/www.salzburgerland.com\/de\/magazin\/wp-content\/uploads\/2023\/02\/3R9A9393-2-scaled.jpg 2560w, https:\/\/www.salzburgerland.com\/de\/magazin\/wp-content\/uploads\/2023\/02\/3R9A9393-2-300x200.jpg 300w, https:\/\/www.salzburgerland.com\/de\/magazin\/wp-content\/uploads\/2023\/02\/3R9A9393-2-1536x1024.jpg 1536w, https:\/\/www.salzburgerland.com\/de\/magazin\/wp-content\/uploads\/2023\/02\/3R9A9393-2-2048x1365.jpg 2048w, https:\/\/www.salzburgerland.com\/de\/magazin\/wp-content\/uploads\/2023\/02\/3R9A9393-2-825x550.jpg 825w, https:\/\/www.salzburgerland.com\/de\/magazin\/wp-content\/uploads\/2023\/02\/3R9A9393-2-600x400.jpg 600w, https:\/\/www.salzburgerland.com\/de\/magazin\/wp-content\/uploads\/2023\/02\/3R9A9393-2-1320x880.jpg 1320w, https:\/\/www.salzburgerland.com\/de\/magazin\/wp-content\/uploads\/2023\/02\/3R9A9393-2-150x100.jpg 150w\" sizes=\"auto, (max-width: 2560px) 100vw, 2560px\" \/><figcaption class=\"wp-element-caption\">Jeden Samstag wird auf den Pisten in Filzmoos trainiert. \u00a9skiclub Elsbethen<\/figcaption><\/figure>\n\n\n\n<h2 class=\"wp-block-heading\">Vom kleinen Skiclub zur Institution im Salzburger Skisport<\/h2>\n\n\n\n<p>Waren es 1969 noch gut 80 Mitglieder, wuchs der Skiclub innerhalb von zehn Jahren auf rund 400 Kinder und Erwachsene, die sich immer mehr engagierten und mit Skikursen und -rennen ein breites Angebot f\u00fcr die Mitglieder anboten. Der Skiunterricht fand damals noch auf der <a href=\"https:\/\/www.erentrudisalm.at\/\" target=\"_blank\" rel=\"noreferrer noopener\">Erentrudisalm<\/a> statt, die ersten Skirennen am Hengstberg. Im nahegelegenen Skigebiet Gai\u00dfau fanden Anfang der 70er Jahre zum ersten Mal Landessch\u00fcler-Cuprennen statt. In diese Zeit fiel auch die Anschaffung der ersten elektronischen Zeitnehmung.<\/p>\n\n\n\n<figure class=\"wp-block-image size-full\"><img loading=\"lazy\" decoding=\"async\" width=\"2560\" height=\"1707\" src=\"https:\/\/www.salzburgerland.com\/de\/magazin\/wp-content\/uploads\/2023\/02\/3R9A9841-2-scaled.jpg\" alt=\"Eine Gruppe von Skifahrern in passenden roten Outfits posiert als Vertreter der jungen regionalen Skitalente von Der Skiclub Elsbethen.\" class=\"wp-image-168816\" srcset=\"https:\/\/www.salzburgerland.com\/de\/magazin\/wp-content\/uploads\/2023\/02\/3R9A9841-2-scaled.jpg 2560w, https:\/\/www.salzburgerland.com\/de\/magazin\/wp-content\/uploads\/2023\/02\/3R9A9841-2-300x200.jpg 300w, https:\/\/www.salzburgerland.com\/de\/magazin\/wp-content\/uploads\/2023\/02\/3R9A9841-2-1536x1024.jpg 1536w, https:\/\/www.salzburgerland.com\/de\/magazin\/wp-content\/uploads\/2023\/02\/3R9A9841-2-2048x1365.jpg 2048w, https:\/\/www.salzburgerland.com\/de\/magazin\/wp-content\/uploads\/2023\/02\/3R9A9841-2-825x550.jpg 825w, https:\/\/www.salzburgerland.com\/de\/magazin\/wp-content\/uploads\/2023\/02\/3R9A9841-2-600x400.jpg 600w, https:\/\/www.salzburgerland.com\/de\/magazin\/wp-content\/uploads\/2023\/02\/3R9A9841-2-1320x880.jpg 1320w, https:\/\/www.salzburgerland.com\/de\/magazin\/wp-content\/uploads\/2023\/02\/3R9A9841-2-150x100.jpg 150w\" sizes=\"auto, (max-width: 2560px) 100vw, 2560px\" \/><figcaption class=\"wp-element-caption\">Ein L\u00e4cheln in den Gesichtern ist der beste Lohn der ganzen Arbeit. \u00a9Skiclub Elsbethen<\/figcaption><\/figure>\n\n\n\n<h2 class=\"wp-block-heading\">Sportliches Ganzjahresprogramm <\/h2>\n\n\n\n<p>Das Angebot des Skiclubs wurde \u00fcber das klassische Skitraining hinaus stetig erweitert. Seit dem Jahr 1972 treffen sich die Mitglieder regelm\u00e4\u00dfig zur Skigymnastik in der Turnhalle in Elsbethen. Seit 2007 wird der Glasenbachklammlauf ausgetragen. Jedes Jahr treffen sich L\u00e4ufer aus ganz \u00d6sterreich und Deutschland f\u00fcr den Lauf durch die Glasenbachklamm mit Ziel bei der Schwaitlalm. Zudem gibt es seit einigen Jahren eine eigene Langlaufgruppe, die vom ehemaligen Weltcupl\u00e4ufer Thomas St\u00f6ggl und seiner Frau Julia betreut wird.<\/p>\n\n\n\n<h2 class=\"wp-block-heading\">Erfolge im Weltcup<\/h2>\n\n\n\n<p>Der Skiclub hat bereits viele erfolgreiche Skitalente entdeckt und gef\u00f6rdert. Das Aush\u00e4ngeschild war und ist noch immer der ehemalige \u00d6SV-Athlet Florian Seer. Er war ab 1999 Mitglied des \u00d6SV-A-Kaders und erreichte im Jahr 2000\/01 die ersten Top-10 Platzierungen. Der Grasskifahrer Josef Zorzi erreichte im August 2000 eine Bronzemedaille bei der Juniorenweltmeisterschaft. Drei Jahre sp\u00e4ter konnte er in der allgemeinen Klasse ebenfalls WM-Bronze erreichen.<\/p>\n\n\n\n<figure class=\"wp-block-image size-full\"><img loading=\"lazy\" decoding=\"async\" width=\"2560\" height=\"1707\" src=\"https:\/\/www.salzburgerland.com\/de\/magazin\/wp-content\/uploads\/2023\/02\/3R9A9810-2-scaled.jpg\" alt=\"Eine Gruppe von Skifahrern in roten Outfits vom Skiclub Elsbethen versammelt sich auf einer verschneiten Piste mit Sonnenlicht und B\u00e4umen.\" class=\"wp-image-168814\" srcset=\"https:\/\/www.salzburgerland.com\/de\/magazin\/wp-content\/uploads\/2023\/02\/3R9A9810-2-scaled.jpg 2560w, https:\/\/www.salzburgerland.com\/de\/magazin\/wp-content\/uploads\/2023\/02\/3R9A9810-2-300x200.jpg 300w, https:\/\/www.salzburgerland.com\/de\/magazin\/wp-content\/uploads\/2023\/02\/3R9A9810-2-1536x1024.jpg 1536w, https:\/\/www.salzburgerland.com\/de\/magazin\/wp-content\/uploads\/2023\/02\/3R9A9810-2-2048x1365.jpg 2048w, https:\/\/www.salzburgerland.com\/de\/magazin\/wp-content\/uploads\/2023\/02\/3R9A9810-2-825x550.jpg 825w, https:\/\/www.salzburgerland.com\/de\/magazin\/wp-content\/uploads\/2023\/02\/3R9A9810-2-600x400.jpg 600w, https:\/\/www.salzburgerland.com\/de\/magazin\/wp-content\/uploads\/2023\/02\/3R9A9810-2-1320x880.jpg 1320w, https:\/\/www.salzburgerland.com\/de\/magazin\/wp-content\/uploads\/2023\/02\/3R9A9810-2-150x100.jpg 150w\" sizes=\"auto, (max-width: 2560px) 100vw, 2560px\" \/><figcaption class=\"wp-element-caption\">Warten auf den n\u00e4chsten Trainingslauf. \u00a9 Skiclub Elsbethen<\/figcaption><\/figure>\n\n\n\n<p>Der Skiclub Elsbethen hat es sich von Anfang an zur Aufgabe gemacht, der Jugend die Freude am Skisport und dem Rennlauf zu vermitteln. Das Ergebnis sieht man jedes Wochenende in den gl\u00e4nzenden Augen der Kinder, wenn sie auf den Pisten ihre Schw\u00fcnge durch die Torstangen ziehen, auf der Suche nach neuen Bestzeiten und Erfolgen.<\/p>\n\n\n","protected":false},"excerpt":{"rendered":"<p>Es war das Jahr 1952, als f\u00fcnf Sportbegeisterte aus Elsbethen beschlossen, einen Skiclub zu gr\u00fcnden. Zu jener Zeit hat niemand angenommen, dass aus dem Skiclub im \u201eFlachland\u201c ein stattlicher Skiclub mit mehreren hundert Mitgliedern wird. 43 Mitglieder Schlie\u00dflich war es der 4. J\u00e4nner 1953, als der Skiclub Elsbethen aus der Taufe gehoben wurde. Bereits am [&hellip;]<\/p>\n","protected":false},"author":10,"featured_media":168813,"comment_status":"closed","ping_status":"closed","sticky":false,"template":"","format":"standard","meta":{"_acf_changed":false,"wl_entities_gutenberg":"","_wl_entity_redirect_enabled":"","footnotes":""},"categories":[8],"tags":[5776,7597,7276,7599,7600,7598],"wl_entity_type":[306],"monatsauswahl":[82,83,84,92,93],"class_list":["post-168812","post","type-post","status-publish","format-standard","has-post-thumbnail","hentry","category-outdoor-sport","tag-elsbethen","tag-skiclub","tag-skilauf","tag-skirennen","tag-torlauf","tag-weltcup","wl_entity_type-article","monatsauswahl-monat_1","monatsauswahl-monat_2","monatsauswahl-monat_3","monatsauswahl-monat_11","monatsauswahl-monat_12"],"acf":[],"yoast_head":"<!-- This site is optimized with the Yoast SEO Premium plugin v27.4 (Yoast SEO v27.4) - https:\/\/yoast.com\/product\/yoast-seo-premium-wordpress\/ -->\n<title>Skiclub Elsbethen - SalzburgerLand Magazin<\/title>\n<meta name=\"robots\" content=\"index, follow, max-snippet:-1, max-image-preview:large, max-video-preview:-1\" \/>\n<link rel=\"canonical\" href=\"https:\/\/www.salzburgerland.com\/de\/magazin\/skiclub-elsbethen\/\" \/>\n<meta property=\"og:locale\" content=\"de_DE\" \/>\n<meta property=\"og:type\" content=\"article\" \/>\n<meta property=\"og:title\" content=\"Skiclub Elsbethen\" \/>\n<meta property=\"og:description\" content=\"Es war das Jahr 1952, als f\u00fcnf Sportbegeisterte aus Elsbethen beschlossen, einen Skiclub zu gr\u00fcnden. Zu jener Zeit hat niemand angenommen, dass aus dem Skiclub im \u201eFlachland\u201c ein stattlicher Skiclub mit mehreren hundert Mitgliedern wird. 43 Mitglieder Schlie\u00dflich war es der 4. J\u00e4nner 1953, als der Skiclub Elsbethen aus der Taufe gehoben wurde. Bereits am [&hellip;]\" \/>\n<meta property=\"og:url\" content=\"https:\/\/www.salzburgerland.com\/de\/magazin\/skiclub-elsbethen\/\" \/>\n<meta property=\"og:site_name\" content=\"SalzburgerLand Magazin\" \/>\n<meta property=\"article:publisher\" content=\"https:\/\/www.facebook.com\/salzburgerland\/\" \/>\n<meta property=\"article:published_time\" content=\"2023-03-03T06:00:00+00:00\" \/>\n<meta property=\"article:modified_time\" content=\"2023-03-06T14:47:50+00:00\" \/>\n<meta property=\"og:image\" content=\"https:\/\/www.salzburgerland.com\/de\/magazin\/wp-content\/uploads\/2023\/02\/3R9A9140-2-scaled.jpg\" \/>\n\t<meta property=\"og:image:width\" content=\"2560\" \/>\n\t<meta property=\"og:image:height\" content=\"1707\" \/>\n\t<meta property=\"og:image:type\" content=\"image\/jpeg\" \/>\n<meta name=\"author\" content=\"Heiko Mandl\" \/>\n<meta name=\"twitter:card\" content=\"summary_large_image\" \/>\n<meta name=\"twitter:creator\" content=\"@Salzburgerland\" \/>\n<meta name=\"twitter:site\" content=\"@Salzburgerland\" \/>\n<meta name=\"twitter:label1\" content=\"Verfasst von\" \/>\n\t<meta name=\"twitter:data1\" content=\"Heiko Mandl\" \/>\n\t<meta name=\"twitter:label2\" content=\"Gesch\u00e4tzte Lesezeit\" \/>\n\t<meta name=\"twitter:data2\" content=\"4\u00a0Minuten\" \/>\n<script type=\"application\/ld+json\" class=\"yoast-schema-graph\">{\"@context\":\"https:\\\/\\\/schema.org\",\"@graph\":[{\"@type\":\"Article\",\"@id\":\"https:\\\/\\\/www.salzburgerland.com\\\/de\\\/magazin\\\/skiclub-elsbethen\\\/#article\",\"isPartOf\":{\"@id\":\"https:\\\/\\\/www.salzburgerland.com\\\/de\\\/magazin\\\/skiclub-elsbethen\\\/\"},\"author\":{\"name\":\"Heiko Mandl\",\"@id\":\"https:\\\/\\\/www.salzburgerland.com\\\/de\\\/magazin\\\/#\\\/schema\\\/person\\\/8871c7c764fce6ea66752310e7fe9e98\"},\"headline\":\"Skiclub Elsbethen\",\"datePublished\":\"2023-03-03T06:00:00+00:00\",\"dateModified\":\"2023-03-06T14:47:50+00:00\",\"mainEntityOfPage\":{\"@id\":\"https:\\\/\\\/www.salzburgerland.com\\\/de\\\/magazin\\\/skiclub-elsbethen\\\/\"},\"wordCount\":468,\"publisher\":{\"@id\":\"https:\\\/\\\/www.salzburgerland.com\\\/de\\\/magazin\\\/#organization\"},\"image\":{\"@id\":\"https:\\\/\\\/www.salzburgerland.com\\\/de\\\/magazin\\\/skiclub-elsbethen\\\/#primaryimage\"},\"thumbnailUrl\":\"https:\\\/\\\/www.salzburgerland.com\\\/de\\\/magazin\\\/wp-content\\\/uploads\\\/2023\\\/02\\\/3R9A9140-2-scaled.jpg\",\"keywords\":[\"Elsbethen\",\"Skiclub\",\"Skilauf\",\"Skirennen\",\"Torlauf\",\"Weltcup\"],\"articleSection\":[\"Outdoor &amp; Sport\"],\"inLanguage\":\"de\"},{\"@type\":\"WebPage\",\"@id\":\"https:\\\/\\\/www.salzburgerland.com\\\/de\\\/magazin\\\/skiclub-elsbethen\\\/\",\"url\":\"https:\\\/\\\/www.salzburgerland.com\\\/de\\\/magazin\\\/skiclub-elsbethen\\\/\",\"name\":\"Skiclub Elsbethen - SalzburgerLand Magazin\",\"isPartOf\":{\"@id\":\"https:\\\/\\\/www.salzburgerland.com\\\/de\\\/magazin\\\/#website\"},\"primaryImageOfPage\":{\"@id\":\"https:\\\/\\\/www.salzburgerland.com\\\/de\\\/magazin\\\/skiclub-elsbethen\\\/#primaryimage\"},\"image\":{\"@id\":\"https:\\\/\\\/www.salzburgerland.com\\\/de\\\/magazin\\\/skiclub-elsbethen\\\/#primaryimage\"},\"thumbnailUrl\":\"https:\\\/\\\/www.salzburgerland.com\\\/de\\\/magazin\\\/wp-content\\\/uploads\\\/2023\\\/02\\\/3R9A9140-2-scaled.jpg\",\"datePublished\":\"2023-03-03T06:00:00+00:00\",\"dateModified\":\"2023-03-06T14:47:50+00:00\",\"breadcrumb\":{\"@id\":\"https:\\\/\\\/www.salzburgerland.com\\\/de\\\/magazin\\\/skiclub-elsbethen\\\/#breadcrumb\"},\"inLanguage\":\"de\",\"potentialAction\":[{\"@type\":\"ReadAction\",\"target\":[\"https:\\\/\\\/www.salzburgerland.com\\\/de\\\/magazin\\\/skiclub-elsbethen\\\/\"]}]},{\"@type\":\"ImageObject\",\"inLanguage\":\"de\",\"@id\":\"https:\\\/\\\/www.salzburgerland.com\\\/de\\\/magazin\\\/skiclub-elsbethen\\\/#primaryimage\",\"url\":\"https:\\\/\\\/www.salzburgerland.com\\\/de\\\/magazin\\\/wp-content\\\/uploads\\\/2023\\\/02\\\/3R9A9140-2-scaled.jpg\",\"contentUrl\":\"https:\\\/\\\/www.salzburgerland.com\\\/de\\\/magazin\\\/wp-content\\\/uploads\\\/2023\\\/02\\\/3R9A9140-2-scaled.jpg\",\"width\":2560,\"height\":1707,\"caption\":\"Eine Gruppe von Skifahrern in einer Reihe - Der Skiclub Elsbethen f\u00f6rdert junge Skitalente in der Region.\"},{\"@type\":\"BreadcrumbList\",\"@id\":\"https:\\\/\\\/www.salzburgerland.com\\\/de\\\/magazin\\\/skiclub-elsbethen\\\/#breadcrumb\",\"itemListElement\":[{\"@type\":\"ListItem\",\"position\":1,\"name\":\"Startseite\",\"item\":\"https:\\\/\\\/www.salzburgerland.com\\\/de\\\/magazin\\\/\"},{\"@type\":\"ListItem\",\"position\":2,\"name\":\"Outdoor &amp; Sport\",\"item\":\"https:\\\/\\\/www.salzburgerland.com\\\/de\\\/magazin\\\/thema\\\/outdoor-sport\\\/\"},{\"@type\":\"ListItem\",\"position\":3,\"name\":\"Skiclub Elsbethen\"}]},{\"@type\":\"WebSite\",\"@id\":\"https:\\\/\\\/www.salzburgerland.com\\\/de\\\/magazin\\\/#website\",\"url\":\"https:\\\/\\\/www.salzburgerland.com\\\/de\\\/magazin\\\/\",\"name\":\"SalzburgerLand Magazin\",\"description\":\"Geschichten und Interessantes aus dem SalzburgerLand\",\"publisher\":{\"@id\":\"https:\\\/\\\/www.salzburgerland.com\\\/de\\\/magazin\\\/#organization\"},\"potentialAction\":[{\"@type\":\"SearchAction\",\"target\":{\"@type\":\"EntryPoint\",\"urlTemplate\":\"https:\\\/\\\/www.salzburgerland.com\\\/de\\\/magazin\\\/?s={search_term_string}\"},\"query-input\":{\"@type\":\"PropertyValueSpecification\",\"valueRequired\":true,\"valueName\":\"search_term_string\"}}],\"inLanguage\":\"de\"},{\"@type\":\"Organization\",\"@id\":\"https:\\\/\\\/www.salzburgerland.com\\\/de\\\/magazin\\\/#organization\",\"name\":\"SalzburgerLand Tourismus\",\"url\":\"https:\\\/\\\/www.salzburgerland.com\\\/de\\\/magazin\\\/\",\"logo\":{\"@type\":\"ImageObject\",\"inLanguage\":\"de\",\"@id\":\"https:\\\/\\\/www.salzburgerland.com\\\/de\\\/magazin\\\/#\\\/schema\\\/logo\\\/image\\\/\",\"url\":\"https:\\\/\\\/www.salzburgerland.com\\\/de\\\/magazin\\\/wp-content\\\/uploads\\\/2019\\\/06\\\/salzburgerland-logo1.jpg\",\"contentUrl\":\"https:\\\/\\\/www.salzburgerland.com\\\/de\\\/magazin\\\/wp-content\\\/uploads\\\/2019\\\/06\\\/salzburgerland-logo1.jpg\",\"width\":2011,\"height\":866,\"caption\":\"SalzburgerLand Tourismus\"},\"image\":{\"@id\":\"https:\\\/\\\/www.salzburgerland.com\\\/de\\\/magazin\\\/#\\\/schema\\\/logo\\\/image\\\/\"},\"sameAs\":[\"https:\\\/\\\/www.facebook.com\\\/salzburgerland\\\/\",\"https:\\\/\\\/x.com\\\/Salzburgerland\",\"https:\\\/\\\/www.instagram.com\\\/salzburgerland\\\/\",\"https:\\\/\\\/at.linkedin.com\\\/company\\\/salzburgerland-tourismus-gmbh\",\"https:\\\/\\\/www.pinterest.at\\\/salzburgerland\\\/\",\"https:\\\/\\\/www.youtube.com\\\/user\\\/salzburgerland\",\"https:\\\/\\\/de.wikipedia.org\\\/wiki\\\/SalzburgerLand_Tourismus_GmbH\"]},{\"@type\":\"Person\",\"@id\":\"https:\\\/\\\/www.salzburgerland.com\\\/de\\\/magazin\\\/#\\\/schema\\\/person\\\/8871c7c764fce6ea66752310e7fe9e98\",\"name\":\"Heiko Mandl\",\"description\":\"Heiko Mandl, geboren 1976 in Salzburg, ist durch den Journalismus zur Fotografie gekommen und ist seit zehn Jahren als selbstst\u00e4ndiger Fotograf und Autor in Salzburg t\u00e4tig. Schon von Kindheit an haben ihn die Berge vor seiner Haust\u00fcr fasziniert. Heute z\u00e4hlen sie unter anderem zu seinem Arbeitsplatz. Er arbeitet f\u00fcr internationale Outdoor- und Reisemagazine sowie zahlreiche Firmen und Agenturen. Luxushotel oder Almh\u00fctte: Ich kann beides genie\u00dfen und ich gehe das nach dem Motto: Alles zur richtigen Zeit und zur passenden Gelegenheit an. Wandern oder Laufen: Auf jeden Fall wandern, ist gem\u00fctlicher und man kann sich mehr auf die Umgebung konzentrieren. Golfplatz oder Klettergarten: Klettergarten, zumindest noch die n\u00e4chsten 20 Jahre. Fr\u00fchling, sommer, herbst oder Winter? Fr\u00fchling und Sommer und Herbst und Winter! Im SalzburgerLand ist es das ganze Jahr traumhaft sch\u00f6n. Wellness oder Mountainbike? Zuerst eine Runde mit dem Mountainbike und dann ab in den Wellnesstempel. Das eine schlie\u00dft das andere nicht aus!\",\"url\":\"https:\\\/\\\/www.salzburgerland.com\\\/de\\\/magazin\\\/author\\\/heiko-mandl\\\/\"}]}<\/script>\n<!-- \/ Yoast SEO Premium plugin. -->","yoast_head_json":{"title":"Skiclub Elsbethen - SalzburgerLand Magazin","robots":{"index":"index","follow":"follow","max-snippet":"max-snippet:-1","max-image-preview":"max-image-preview:large","max-video-preview":"max-video-preview:-1"},"canonical":"https:\/\/www.salzburgerland.com\/de\/magazin\/skiclub-elsbethen\/","og_locale":"de_DE","og_type":"article","og_title":"Skiclub Elsbethen","og_description":"Es war das Jahr 1952, als f\u00fcnf Sportbegeisterte aus Elsbethen beschlossen, einen Skiclub zu gr\u00fcnden. Zu jener Zeit hat niemand angenommen, dass aus dem Skiclub im \u201eFlachland\u201c ein stattlicher Skiclub mit mehreren hundert Mitgliedern wird. 43 Mitglieder Schlie\u00dflich war es der 4. J\u00e4nner 1953, als der Skiclub Elsbethen aus der Taufe gehoben wurde. Bereits am [&hellip;]","og_url":"https:\/\/www.salzburgerland.com\/de\/magazin\/skiclub-elsbethen\/","og_site_name":"SalzburgerLand Magazin","article_publisher":"https:\/\/www.facebook.com\/salzburgerland\/","article_published_time":"2023-03-03T06:00:00+00:00","article_modified_time":"2023-03-06T14:47:50+00:00","og_image":[{"width":2560,"height":1707,"url":"https:\/\/www.salzburgerland.com\/de\/magazin\/wp-content\/uploads\/2023\/02\/3R9A9140-2-scaled.jpg","type":"image\/jpeg"}],"author":"Heiko Mandl","twitter_card":"summary_large_image","twitter_creator":"@Salzburgerland","twitter_site":"@Salzburgerland","twitter_misc":{"Verfasst von":"Heiko Mandl","Gesch\u00e4tzte Lesezeit":"4\u00a0Minuten"},"schema":{"@context":"https:\/\/schema.org","@graph":[{"@type":"Article","@id":"https:\/\/www.salzburgerland.com\/de\/magazin\/skiclub-elsbethen\/#article","isPartOf":{"@id":"https:\/\/www.salzburgerland.com\/de\/magazin\/skiclub-elsbethen\/"},"author":{"name":"Heiko Mandl","@id":"https:\/\/www.salzburgerland.com\/de\/magazin\/#\/schema\/person\/8871c7c764fce6ea66752310e7fe9e98"},"headline":"Skiclub Elsbethen","datePublished":"2023-03-03T06:00:00+00:00","dateModified":"2023-03-06T14:47:50+00:00","mainEntityOfPage":{"@id":"https:\/\/www.salzburgerland.com\/de\/magazin\/skiclub-elsbethen\/"},"wordCount":468,"publisher":{"@id":"https:\/\/www.salzburgerland.com\/de\/magazin\/#organization"},"image":{"@id":"https:\/\/www.salzburgerland.com\/de\/magazin\/skiclub-elsbethen\/#primaryimage"},"thumbnailUrl":"https:\/\/www.salzburgerland.com\/de\/magazin\/wp-content\/uploads\/2023\/02\/3R9A9140-2-scaled.jpg","keywords":["Elsbethen","Skiclub","Skilauf","Skirennen","Torlauf","Weltcup"],"articleSection":["Outdoor &amp; Sport"],"inLanguage":"de"},{"@type":"WebPage","@id":"https:\/\/www.salzburgerland.com\/de\/magazin\/skiclub-elsbethen\/","url":"https:\/\/www.salzburgerland.com\/de\/magazin\/skiclub-elsbethen\/","name":"Skiclub Elsbethen - SalzburgerLand Magazin","isPartOf":{"@id":"https:\/\/www.salzburgerland.com\/de\/magazin\/#website"},"primaryImageOfPage":{"@id":"https:\/\/www.salzburgerland.com\/de\/magazin\/skiclub-elsbethen\/#primaryimage"},"image":{"@id":"https:\/\/www.salzburgerland.com\/de\/magazin\/skiclub-elsbethen\/#primaryimage"},"thumbnailUrl":"https:\/\/www.salzburgerland.com\/de\/magazin\/wp-content\/uploads\/2023\/02\/3R9A9140-2-scaled.jpg","datePublished":"2023-03-03T06:00:00+00:00","dateModified":"2023-03-06T14:47:50+00:00","breadcrumb":{"@id":"https:\/\/www.salzburgerland.com\/de\/magazin\/skiclub-elsbethen\/#breadcrumb"},"inLanguage":"de","potentialAction":[{"@type":"ReadAction","target":["https:\/\/www.salzburgerland.com\/de\/magazin\/skiclub-elsbethen\/"]}]},{"@type":"ImageObject","inLanguage":"de","@id":"https:\/\/www.salzburgerland.com\/de\/magazin\/skiclub-elsbethen\/#primaryimage","url":"https:\/\/www.salzburgerland.com\/de\/magazin\/wp-content\/uploads\/2023\/02\/3R9A9140-2-scaled.jpg","contentUrl":"https:\/\/www.salzburgerland.com\/de\/magazin\/wp-content\/uploads\/2023\/02\/3R9A9140-2-scaled.jpg","width":2560,"height":1707,"caption":"Eine Gruppe von Skifahrern in einer Reihe - Der Skiclub Elsbethen f\u00f6rdert junge Skitalente in der Region."},{"@type":"BreadcrumbList","@id":"https:\/\/www.salzburgerland.com\/de\/magazin\/skiclub-elsbethen\/#breadcrumb","itemListElement":[{"@type":"ListItem","position":1,"name":"Startseite","item":"https:\/\/www.salzburgerland.com\/de\/magazin\/"},{"@type":"ListItem","position":2,"name":"Outdoor &amp; Sport","item":"https:\/\/www.salzburgerland.com\/de\/magazin\/thema\/outdoor-sport\/"},{"@type":"ListItem","position":3,"name":"Skiclub Elsbethen"}]},{"@type":"WebSite","@id":"https:\/\/www.salzburgerland.com\/de\/magazin\/#website","url":"https:\/\/www.salzburgerland.com\/de\/magazin\/","name":"SalzburgerLand Magazin","description":"Geschichten und Interessantes aus dem SalzburgerLand","publisher":{"@id":"https:\/\/www.salzburgerland.com\/de\/magazin\/#organization"},"potentialAction":[{"@type":"SearchAction","target":{"@type":"EntryPoint","urlTemplate":"https:\/\/www.salzburgerland.com\/de\/magazin\/?s={search_term_string}"},"query-input":{"@type":"PropertyValueSpecification","valueRequired":true,"valueName":"search_term_string"}}],"inLanguage":"de"},{"@type":"Organization","@id":"https:\/\/www.salzburgerland.com\/de\/magazin\/#organization","name":"SalzburgerLand Tourismus","url":"https:\/\/www.salzburgerland.com\/de\/magazin\/","logo":{"@type":"ImageObject","inLanguage":"de","@id":"https:\/\/www.salzburgerland.com\/de\/magazin\/#\/schema\/logo\/image\/","url":"https:\/\/www.salzburgerland.com\/de\/magazin\/wp-content\/uploads\/2019\/06\/salzburgerland-logo1.jpg","contentUrl":"https:\/\/www.salzburgerland.com\/de\/magazin\/wp-content\/uploads\/2019\/06\/salzburgerland-logo1.jpg","width":2011,"height":866,"caption":"SalzburgerLand Tourismus"},"image":{"@id":"https:\/\/www.salzburgerland.com\/de\/magazin\/#\/schema\/logo\/image\/"},"sameAs":["https:\/\/www.facebook.com\/salzburgerland\/","https:\/\/x.com\/Salzburgerland","https:\/\/www.instagram.com\/salzburgerland\/","https:\/\/at.linkedin.com\/company\/salzburgerland-tourismus-gmbh","https:\/\/www.pinterest.at\/salzburgerland\/","https:\/\/www.youtube.com\/user\/salzburgerland","https:\/\/de.wikipedia.org\/wiki\/SalzburgerLand_Tourismus_GmbH"]},{"@type":"Person","@id":"https:\/\/www.salzburgerland.com\/de\/magazin\/#\/schema\/person\/8871c7c764fce6ea66752310e7fe9e98","name":"Heiko Mandl","description":"Heiko Mandl, geboren 1976 in Salzburg, ist durch den Journalismus zur Fotografie gekommen und ist seit zehn Jahren als selbstst\u00e4ndiger Fotograf und Autor in Salzburg t\u00e4tig. Schon von Kindheit an haben ihn die Berge vor seiner Haust\u00fcr fasziniert. Heute z\u00e4hlen sie unter anderem zu seinem Arbeitsplatz. Er arbeitet f\u00fcr internationale Outdoor- und Reisemagazine sowie zahlreiche Firmen und Agenturen. Luxushotel oder Almh\u00fctte: Ich kann beides genie\u00dfen und ich gehe das nach dem Motto: Alles zur richtigen Zeit und zur passenden Gelegenheit an. Wandern oder Laufen: Auf jeden Fall wandern, ist gem\u00fctlicher und man kann sich mehr auf die Umgebung konzentrieren. Golfplatz oder Klettergarten: Klettergarten, zumindest noch die n\u00e4chsten 20 Jahre. Fr\u00fchling, sommer, herbst oder Winter? Fr\u00fchling und Sommer und Herbst und Winter! Im SalzburgerLand ist es das ganze Jahr traumhaft sch\u00f6n. Wellness oder Mountainbike? Zuerst eine Runde mit dem Mountainbike und dann ab in den Wellnesstempel. Das eine schlie\u00dft das andere nicht aus!","url":"https:\/\/www.salzburgerland.com\/de\/magazin\/author\/heiko-mandl\/"}]}},"_wl_alt_label":[],"wl:entity_url":"http:\/\/open.salzburgerland.com\/magazin\/post\/skiclub-elsbethen-168812","_links":{"self":[{"href":"https:\/\/www.salzburgerland.com\/de\/magazin\/wp-json\/wp\/v2\/posts\/168812","targetHints":{"allow":["GET"]}}],"collection":[{"href":"https:\/\/www.salzburgerland.com\/de\/magazin\/wp-json\/wp\/v2\/posts"}],"about":[{"href":"https:\/\/www.salzburgerland.com\/de\/magazin\/wp-json\/wp\/v2\/types\/post"}],"author":[{"embeddable":true,"href":"https:\/\/www.salzburgerland.com\/de\/magazin\/wp-json\/wp\/v2\/users\/10"}],"replies":[{"embeddable":true,"href":"https:\/\/www.salzburgerland.com\/de\/magazin\/wp-json\/wp\/v2\/comments?post=168812"}],"version-history":[{"count":5,"href":"https:\/\/www.salzburgerland.com\/de\/magazin\/wp-json\/wp\/v2\/posts\/168812\/revisions"}],"predecessor-version":[{"id":169356,"href":"https:\/\/www.salzburgerland.com\/de\/magazin\/wp-json\/wp\/v2\/posts\/168812\/revisions\/169356"}],"wp:featuredmedia":[{"embeddable":true,"href":"https:\/\/www.salzburgerland.com\/de\/magazin\/wp-json\/wp\/v2\/media\/168813"}],"wp:attachment":[{"href":"https:\/\/www.salzburgerland.com\/de\/magazin\/wp-json\/wp\/v2\/media?parent=168812"}],"wp:term":[{"taxonomy":"category","embeddable":true,"href":"https:\/\/www.salzburgerland.com\/de\/magazin\/wp-json\/wp\/v2\/categories?post=168812"},{"taxonomy":"post_tag","embeddable":true,"href":"https:\/\/www.salzburgerland.com\/de\/magazin\/wp-json\/wp\/v2\/tags?post=168812"},{"taxonomy":"wl_entity_type","embeddable":true,"href":"https:\/\/www.salzburgerland.com\/de\/magazin\/wp-json\/wp\/v2\/wl_entity_type?post=168812"},{"taxonomy":"monatsauswahl","embeddable":true,"href":"https:\/\/www.salzburgerland.com\/de\/magazin\/wp-json\/wp\/v2\/monatsauswahl?post=168812"}],"curies":[{"name":"wp","href":"https:\/\/api.w.org\/{rel}","templated":true}]}}