{"id":16829,"date":"2012-04-24T16:15:39","date_gmt":"2012-04-24T14:15:39","guid":{"rendered":"http:\/\/magazin.salzburgerland.com\/?p=16829"},"modified":"2019-08-12T13:47:19","modified_gmt":"2019-08-12T11:47:19","slug":"huttschlag-nationalparkgemeinde-bergsteigerdorf","status":"publish","type":"post","link":"https:\/\/www.salzburgerland.com\/de\/magazin\/huttschlag-nationalparkgemeinde-bergsteigerdorf\/","title":{"rendered":"H\u00fcttschlag &#8211; Nationalparkgemeinde &amp; Bergsteigerdorf"},"content":{"rendered":"<p>Die Gemeinde H\u00fcttschlag hat seit dem Jahr 1991 Anteil am Nationalpark Hohe Tauern und z\u00e4hlt seit dem Jahr 2006 zu den nach strengen Kriterien ausgew\u00e4hlten Bergsteigerd\u00f6rfern \u00d6sterreichs &#8211; einer Initiative des \u00d6sterreichischen Alpenvereines im Rahmen der Umsetzung der Internationalen Alpenkonvention. Einen herrlichen Blick auf das Ortszentrum hat man, wenn man gleich nach dem Tunnel rechts in den Ort hochf\u00e4hrt und nach dem Aparthotel Almr\u00f6sl rechts abzweigt. Am Bauernhof Vorderschappachhof geht man den schmalen Wirtschaftsweg ein St\u00fcck bergw\u00e4rts und hat von dort einen herrlichen Blick auf H\u00fcttschlag.<\/p>\n<div class=\"mag-gallery\"><div class=\"row\"><div class=\"col-6 col-sm-4\"><figure><a class=\"thumb-container\" href=\"https:\/\/www.salzburgerland.com\/de\/magazin\/wp-content\/uploads\/2012\/04\/Huttschlag-Fruhling-2011_4-1280x1024.jpg\">\t<picture><source media=\"(min-width: 576px)\" srcset=\"https:\/\/www.salzburgerland.com\/de\/magazin\/wp-content\/uploads\/2012\/04\/Huttschlag-Fruhling-2011_4-325x209.jpg 325w, https:\/\/www.salzburgerland.com\/de\/magazin\/wp-content\/uploads\/2012\/04\/Huttschlag-Fruhling-2011_4-249x160.jpg 249w\" \/><source media=\"(min-width: 0)\" srcset=\"https:\/\/www.salzburgerland.com\/de\/magazin\/wp-content\/uploads\/2012\/04\/Huttschlag-Fruhling-2011_4-249x160.jpg 249w, https:\/\/www.salzburgerland.com\/de\/magazin\/wp-content\/uploads\/2012\/04\/Huttschlag-Fruhling-2011_4-325x209.jpg 325w\" \/><img decoding=\"async\" alt=\"H\u00fcttschlag im Fr\u00fchling\" src=\"https:\/\/www.salzburgerland.com\/de\/magazin\/wp-content\/uploads\/2012\/04\/Huttschlag-Fruhling-2011_4.jpg\" \/>\t<\/picture><\/a><\/figure><\/div><div class=\"col-6 col-sm-4\"><figure><a class=\"thumb-container\" href=\"https:\/\/www.salzburgerland.com\/de\/magazin\/wp-content\/uploads\/2012\/04\/Huettschlag_101-1280x1024.jpg\">\t<picture><source media=\"(min-width: 576px)\" srcset=\"https:\/\/www.salzburgerland.com\/de\/magazin\/wp-content\/uploads\/2012\/04\/Huettschlag_101-325x209.jpg 325w, https:\/\/www.salzburgerland.com\/de\/magazin\/wp-content\/uploads\/2012\/04\/Huettschlag_101-249x160.jpg 249w\" \/><source media=\"(min-width: 0)\" srcset=\"https:\/\/www.salzburgerland.com\/de\/magazin\/wp-content\/uploads\/2012\/04\/Huettschlag_101-249x160.jpg 249w, https:\/\/www.salzburgerland.com\/de\/magazin\/wp-content\/uploads\/2012\/04\/Huettschlag_101-325x209.jpg 325w\" \/><img decoding=\"async\" alt=\"H\u00fcttschlag im Sp\u00e4tsommer\" src=\"https:\/\/www.salzburgerland.com\/de\/magazin\/wp-content\/uploads\/2012\/04\/Huettschlag_101.jpg\" \/>\t<\/picture><\/a><\/figure><\/div><div class=\"col-6 col-sm-4\"><figure><a class=\"thumb-container\" href=\"https:\/\/www.salzburgerland.com\/de\/magazin\/wp-content\/uploads\/2012\/04\/Huettschlag_14-1280x1024.jpg\">\t<picture><source media=\"(min-width: 576px)\" srcset=\"https:\/\/www.salzburgerland.com\/de\/magazin\/wp-content\/uploads\/2012\/04\/Huettschlag_14-325x209.jpg 325w, https:\/\/www.salzburgerland.com\/de\/magazin\/wp-content\/uploads\/2012\/04\/Huettschlag_14-249x160.jpg 249w\" \/><source media=\"(min-width: 0)\" srcset=\"https:\/\/www.salzburgerland.com\/de\/magazin\/wp-content\/uploads\/2012\/04\/Huettschlag_14-249x160.jpg 249w, https:\/\/www.salzburgerland.com\/de\/magazin\/wp-content\/uploads\/2012\/04\/Huettschlag_14-325x209.jpg 325w\" \/><img decoding=\"async\" alt=\"Fr\u00fchling in H\u00fcttschlag, aufgenommen beim Vorderschappachhof\" src=\"https:\/\/www.salzburgerland.com\/de\/magazin\/wp-content\/uploads\/2012\/04\/Huettschlag_14.jpg\" \/>\t<\/picture><\/a><\/figure><\/div><div class=\"col-6 col-sm-4\"><figure><a class=\"thumb-container\" href=\"https:\/\/www.salzburgerland.com\/de\/magazin\/wp-content\/uploads\/2012\/04\/Huettschlag-Ort_29-1280x1024.jpg\">\t<picture><source media=\"(min-width: 576px)\" srcset=\"https:\/\/www.salzburgerland.com\/de\/magazin\/wp-content\/uploads\/2012\/04\/Huettschlag-Ort_29-325x209.jpg 325w, https:\/\/www.salzburgerland.com\/de\/magazin\/wp-content\/uploads\/2012\/04\/Huettschlag-Ort_29-249x160.jpg 249w\" \/><source media=\"(min-width: 0)\" srcset=\"https:\/\/www.salzburgerland.com\/de\/magazin\/wp-content\/uploads\/2012\/04\/Huettschlag-Ort_29-249x160.jpg 249w, https:\/\/www.salzburgerland.com\/de\/magazin\/wp-content\/uploads\/2012\/04\/Huettschlag-Ort_29-325x209.jpg 325w\" \/><img decoding=\"async\" alt=\"Blick auf das winterliche H\u00fcttschlag\" src=\"https:\/\/www.salzburgerland.com\/de\/magazin\/wp-content\/uploads\/2012\/04\/Huettschlag-Ort_29.jpg\" \/>\t<\/picture><\/a><\/figure><\/div><div class=\"col-6 col-sm-4\"><figure><a class=\"thumb-container\" href=\"https:\/\/www.salzburgerland.com\/de\/magazin\/wp-content\/uploads\/2012\/04\/Huettschlag-Ort-Almenweg_4-1280x1024.jpg\">\t<picture><source media=\"(min-width: 576px)\" srcset=\"https:\/\/www.salzburgerland.com\/de\/magazin\/wp-content\/uploads\/2012\/04\/Huettschlag-Ort-Almenweg_4-325x209.jpg 325w, https:\/\/www.salzburgerland.com\/de\/magazin\/wp-content\/uploads\/2012\/04\/Huettschlag-Ort-Almenweg_4-249x160.jpg 249w\" \/><source media=\"(min-width: 0)\" srcset=\"https:\/\/www.salzburgerland.com\/de\/magazin\/wp-content\/uploads\/2012\/04\/Huettschlag-Ort-Almenweg_4-249x160.jpg 249w, https:\/\/www.salzburgerland.com\/de\/magazin\/wp-content\/uploads\/2012\/04\/Huettschlag-Ort-Almenweg_4-325x209.jpg 325w\" \/><img decoding=\"async\" alt=\"Einstieg in den Salzburger Almenweg in H\u00fcttschlag\" src=\"https:\/\/www.salzburgerland.com\/de\/magazin\/wp-content\/uploads\/2012\/04\/Huettschlag-Ort-Almenweg_4.jpg\" \/>\t<\/picture><\/a><\/figure><\/div><div class=\"col-6 col-sm-4\"><figure><a class=\"thumb-container\" href=\"https:\/\/www.salzburgerland.com\/de\/magazin\/wp-content\/uploads\/2012\/04\/Huttschlag_22-1280x1024.jpg\">\t<picture><source media=\"(min-width: 576px)\" srcset=\"https:\/\/www.salzburgerland.com\/de\/magazin\/wp-content\/uploads\/2012\/04\/Huttschlag_22-325x209.jpg 325w, https:\/\/www.salzburgerland.com\/de\/magazin\/wp-content\/uploads\/2012\/04\/Huttschlag_22-300x193.jpg 300w, https:\/\/www.salzburgerland.com\/de\/magazin\/wp-content\/uploads\/2012\/04\/Huttschlag_22-855x550.jpg 855w, https:\/\/www.salzburgerland.com\/de\/magazin\/wp-content\/uploads\/2012\/04\/Huttschlag_22-622x400.jpg 622w, https:\/\/www.salzburgerland.com\/de\/magazin\/wp-content\/uploads\/2012\/04\/Huttschlag_22-249x160.jpg 249w, https:\/\/www.salzburgerland.com\/de\/magazin\/wp-content\/uploads\/2012\/04\/Huttschlag_22-1320x849.jpg 1320w\" \/><source media=\"(min-width: 0)\" srcset=\"https:\/\/www.salzburgerland.com\/de\/magazin\/wp-content\/uploads\/2012\/04\/Huttschlag_22-249x160.jpg 249w, https:\/\/www.salzburgerland.com\/de\/magazin\/wp-content\/uploads\/2012\/04\/Huttschlag_22-300x193.jpg 300w, https:\/\/www.salzburgerland.com\/de\/magazin\/wp-content\/uploads\/2012\/04\/Huttschlag_22-855x550.jpg 855w, https:\/\/www.salzburgerland.com\/de\/magazin\/wp-content\/uploads\/2012\/04\/Huttschlag_22-622x400.jpg 622w, https:\/\/www.salzburgerland.com\/de\/magazin\/wp-content\/uploads\/2012\/04\/Huttschlag_22-325x209.jpg 325w, https:\/\/www.salzburgerland.com\/de\/magazin\/wp-content\/uploads\/2012\/04\/Huttschlag_22-1320x849.jpg 1320w\" \/><img decoding=\"async\" alt=\"Advent in H\u00fcttschlag\" src=\"https:\/\/www.salzburgerland.com\/de\/magazin\/wp-content\/uploads\/2012\/04\/Huttschlag_22.jpg\" \/>\t<\/picture><\/a><\/figure><\/div><\/div><\/div><figcaption><\/figcaption>\n","protected":false},"excerpt":{"rendered":"<p>Die Gemeinde H\u00fcttschlag hat seit dem Jahr 1991 Anteil am Nationalpark Hohe Tauern und z\u00e4hlt seit dem Jahr 2006 zu den nach strengen Kriterien ausgew\u00e4hlten Bergsteigerd\u00f6rfern \u00d6sterreichs &#8211; einer Initiative des \u00d6sterreichischen Alpenvereines im Rahmen der Umsetzung der Internationalen Alpenkonvention. Einen herrlichen Blick auf das Ortszentrum hat man, wenn man gleich nach dem Tunnel rechts [&hellip;]<\/p>\n","protected":false},"author":104,"featured_media":16830,"comment_status":"open","ping_status":"open","sticky":false,"template":"","format":"standard","meta":{"_acf_changed":false,"wl_entities_gutenberg":"","_wl_entity_redirect_enabled":"","footnotes":""},"categories":[9],"tags":[240],"wl_entity_type":[306],"monatsauswahl":[86,87,88,89,90,91],"class_list":["post-16829","post","type-post","status-publish","format-standard","has-post-thumbnail","hentry","category-sehenswurdig","tag-nationalpark","wl_entity_type-article","monatsauswahl-monat_5","monatsauswahl-monat_6","monatsauswahl-monat_7","monatsauswahl-monat_8","monatsauswahl-monat_9","monatsauswahl-monat_10"],"acf":[],"yoast_head":"<!-- This site is optimized with the Yoast SEO Premium plugin v27.4 (Yoast SEO v27.4) - https:\/\/yoast.com\/product\/yoast-seo-premium-wordpress\/ -->\n<title>H\u00fcttschlag - Nationalparkgemeinde &amp; Bergsteigerdorf - SalzburgerLand Magazin<\/title>\n<meta name=\"description\" content=\"Die Gemeinde H\u00fcttschlag hat seit dem Jahr 1991 Anteil am Nationalpark Hohe Tauern und z\u00e4hlt seit dem Jahr 2006 zu den nach strengen Kriterien ausgew\u00e4hlten Bergsteigerd\u00f6rfern \u00d6sterreichs &#8211; einer Initiative des \u00d6sterreichischen Alpenvereines im Rahmen der Umsetzung der Internationalen Alpenkonvention. Einen herrlichen Blick auf das Ortszentrum hat man, wenn man gleich nach dem Tunnel rechts [&hellip;]\" \/>\n<meta name=\"robots\" content=\"index, follow, max-snippet:-1, max-image-preview:large, max-video-preview:-1\" \/>\n<link rel=\"canonical\" href=\"https:\/\/www.salzburgerland.com\/de\/magazin\/huttschlag-nationalparkgemeinde-bergsteigerdorf\/\" \/>\n<meta property=\"og:locale\" content=\"de_DE\" \/>\n<meta property=\"og:type\" content=\"article\" \/>\n<meta property=\"og:title\" content=\"H\u00fcttschlag - Nationalparkgemeinde &amp; Bergsteigerdorf\" \/>\n<meta property=\"og:description\" content=\"Die Gemeinde H\u00fcttschlag hat seit dem Jahr 1991 Anteil am Nationalpark Hohe Tauern und z\u00e4hlt seit dem Jahr 2006 zu den nach strengen Kriterien ausgew\u00e4hlten Bergsteigerd\u00f6rfern \u00d6sterreichs &#8211; einer Initiative des \u00d6sterreichischen Alpenvereines im Rahmen der Umsetzung der Internationalen Alpenkonvention. Einen herrlichen Blick auf das Ortszentrum hat man, wenn man gleich nach dem Tunnel rechts [&hellip;]\" \/>\n<meta property=\"og:url\" content=\"https:\/\/www.salzburgerland.com\/de\/magazin\/huttschlag-nationalparkgemeinde-bergsteigerdorf\/\" \/>\n<meta property=\"og:site_name\" content=\"SalzburgerLand Magazin\" \/>\n<meta property=\"article:publisher\" content=\"https:\/\/www.facebook.com\/salzburgerland\/\" \/>\n<meta property=\"article:author\" content=\"http:\/\/www.facebook.com\/profile.php?id=100001111563712\" \/>\n<meta property=\"article:published_time\" content=\"2012-04-24T14:15:39+00:00\" \/>\n<meta property=\"article:modified_time\" content=\"2019-08-12T11:47:19+00:00\" \/>\n<meta property=\"og:image\" content=\"https:\/\/www.salzburgerland.com\/de\/magazin\/wp-content\/uploads\/2012\/04\/Huttschlag-Fruhling-2011_4.jpg\" \/>\n\t<meta property=\"og:image:width\" content=\"2123\" \/>\n\t<meta property=\"og:image:height\" content=\"1415\" \/>\n\t<meta property=\"og:image:type\" content=\"image\/jpeg\" \/>\n<meta name=\"author\" content=\"Thomas Wirnsperger\" \/>\n<meta name=\"twitter:card\" content=\"summary_large_image\" \/>\n<meta name=\"twitter:creator\" content=\"@Salzburgerland\" \/>\n<meta name=\"twitter:site\" content=\"@Salzburgerland\" \/>\n<meta name=\"twitter:label1\" content=\"Verfasst von\" \/>\n\t<meta name=\"twitter:data1\" content=\"Thomas Wirnsperger\" \/>\n<script type=\"application\/ld+json\" class=\"yoast-schema-graph\">{\"@context\":\"https:\\\/\\\/schema.org\",\"@graph\":[{\"@type\":\"Article\",\"@id\":\"https:\\\/\\\/www.salzburgerland.com\\\/de\\\/magazin\\\/huttschlag-nationalparkgemeinde-bergsteigerdorf\\\/#article\",\"isPartOf\":{\"@id\":\"https:\\\/\\\/www.salzburgerland.com\\\/de\\\/magazin\\\/huttschlag-nationalparkgemeinde-bergsteigerdorf\\\/\"},\"author\":{\"name\":\"Thomas Wirnsperger\",\"@id\":\"https:\\\/\\\/www.salzburgerland.com\\\/de\\\/magazin\\\/#\\\/schema\\\/person\\\/a7f9eb9a0ee489c679f629ef02614391\"},\"headline\":\"H\u00fcttschlag &#8211; Nationalparkgemeinde &amp; Bergsteigerdorf\",\"datePublished\":\"2012-04-24T14:15:39+00:00\",\"dateModified\":\"2019-08-12T11:47:19+00:00\",\"mainEntityOfPage\":{\"@id\":\"https:\\\/\\\/www.salzburgerland.com\\\/de\\\/magazin\\\/huttschlag-nationalparkgemeinde-bergsteigerdorf\\\/\"},\"wordCount\":103,\"commentCount\":1,\"publisher\":{\"@id\":\"https:\\\/\\\/www.salzburgerland.com\\\/de\\\/magazin\\\/#organization\"},\"image\":{\"@id\":\"https:\\\/\\\/www.salzburgerland.com\\\/de\\\/magazin\\\/huttschlag-nationalparkgemeinde-bergsteigerdorf\\\/#primaryimage\"},\"thumbnailUrl\":\"https:\\\/\\\/www.salzburgerland.com\\\/de\\\/magazin\\\/wp-content\\\/uploads\\\/2012\\\/04\\\/Huttschlag-Fruhling-2011_4.jpg\",\"keywords\":[\"nationalpark\"],\"articleSection\":[\"Sehensw\u00fcrdig\"],\"inLanguage\":\"de\",\"potentialAction\":[{\"@type\":\"CommentAction\",\"name\":\"Comment\",\"target\":[\"https:\\\/\\\/www.salzburgerland.com\\\/de\\\/magazin\\\/huttschlag-nationalparkgemeinde-bergsteigerdorf\\\/#respond\"]}]},{\"@type\":\"WebPage\",\"@id\":\"https:\\\/\\\/www.salzburgerland.com\\\/de\\\/magazin\\\/huttschlag-nationalparkgemeinde-bergsteigerdorf\\\/\",\"url\":\"https:\\\/\\\/www.salzburgerland.com\\\/de\\\/magazin\\\/huttschlag-nationalparkgemeinde-bergsteigerdorf\\\/\",\"name\":\"H\u00fcttschlag - Nationalparkgemeinde &amp; Bergsteigerdorf - SalzburgerLand Magazin\",\"isPartOf\":{\"@id\":\"https:\\\/\\\/www.salzburgerland.com\\\/de\\\/magazin\\\/#website\"},\"primaryImageOfPage\":{\"@id\":\"https:\\\/\\\/www.salzburgerland.com\\\/de\\\/magazin\\\/huttschlag-nationalparkgemeinde-bergsteigerdorf\\\/#primaryimage\"},\"image\":{\"@id\":\"https:\\\/\\\/www.salzburgerland.com\\\/de\\\/magazin\\\/huttschlag-nationalparkgemeinde-bergsteigerdorf\\\/#primaryimage\"},\"thumbnailUrl\":\"https:\\\/\\\/www.salzburgerland.com\\\/de\\\/magazin\\\/wp-content\\\/uploads\\\/2012\\\/04\\\/Huttschlag-Fruhling-2011_4.jpg\",\"datePublished\":\"2012-04-24T14:15:39+00:00\",\"dateModified\":\"2019-08-12T11:47:19+00:00\",\"breadcrumb\":{\"@id\":\"https:\\\/\\\/www.salzburgerland.com\\\/de\\\/magazin\\\/huttschlag-nationalparkgemeinde-bergsteigerdorf\\\/#breadcrumb\"},\"inLanguage\":\"de\",\"potentialAction\":[{\"@type\":\"ReadAction\",\"target\":[\"https:\\\/\\\/www.salzburgerland.com\\\/de\\\/magazin\\\/huttschlag-nationalparkgemeinde-bergsteigerdorf\\\/\"]}]},{\"@type\":\"ImageObject\",\"inLanguage\":\"de\",\"@id\":\"https:\\\/\\\/www.salzburgerland.com\\\/de\\\/magazin\\\/huttschlag-nationalparkgemeinde-bergsteigerdorf\\\/#primaryimage\",\"url\":\"https:\\\/\\\/www.salzburgerland.com\\\/de\\\/magazin\\\/wp-content\\\/uploads\\\/2012\\\/04\\\/Huttschlag-Fruhling-2011_4.jpg\",\"contentUrl\":\"https:\\\/\\\/www.salzburgerland.com\\\/de\\\/magazin\\\/wp-content\\\/uploads\\\/2012\\\/04\\\/Huttschlag-Fruhling-2011_4.jpg\",\"width\":2123,\"height\":1415,\"caption\":\"H\u00fcttschlag im Fr\u00fchling\"},{\"@type\":\"BreadcrumbList\",\"@id\":\"https:\\\/\\\/www.salzburgerland.com\\\/de\\\/magazin\\\/huttschlag-nationalparkgemeinde-bergsteigerdorf\\\/#breadcrumb\",\"itemListElement\":[{\"@type\":\"ListItem\",\"position\":1,\"name\":\"Startseite\",\"item\":\"https:\\\/\\\/www.salzburgerland.com\\\/de\\\/magazin\\\/\"},{\"@type\":\"ListItem\",\"position\":2,\"name\":\"H\u00fcttschlag &#8211; Nationalparkgemeinde &amp; Bergsteigerdorf\"}]},{\"@type\":\"WebSite\",\"@id\":\"https:\\\/\\\/www.salzburgerland.com\\\/de\\\/magazin\\\/#website\",\"url\":\"https:\\\/\\\/www.salzburgerland.com\\\/de\\\/magazin\\\/\",\"name\":\"SalzburgerLand Magazin\",\"description\":\"Geschichten und Interessantes aus dem SalzburgerLand\",\"publisher\":{\"@id\":\"https:\\\/\\\/www.salzburgerland.com\\\/de\\\/magazin\\\/#organization\"},\"potentialAction\":[{\"@type\":\"SearchAction\",\"target\":{\"@type\":\"EntryPoint\",\"urlTemplate\":\"https:\\\/\\\/www.salzburgerland.com\\\/de\\\/magazin\\\/?s={search_term_string}\"},\"query-input\":{\"@type\":\"PropertyValueSpecification\",\"valueRequired\":true,\"valueName\":\"search_term_string\"}}],\"inLanguage\":\"de\"},{\"@type\":\"Organization\",\"@id\":\"https:\\\/\\\/www.salzburgerland.com\\\/de\\\/magazin\\\/#organization\",\"name\":\"SalzburgerLand Tourismus\",\"url\":\"https:\\\/\\\/www.salzburgerland.com\\\/de\\\/magazin\\\/\",\"logo\":{\"@type\":\"ImageObject\",\"inLanguage\":\"de\",\"@id\":\"https:\\\/\\\/www.salzburgerland.com\\\/de\\\/magazin\\\/#\\\/schema\\\/logo\\\/image\\\/\",\"url\":\"https:\\\/\\\/www.salzburgerland.com\\\/de\\\/magazin\\\/wp-content\\\/uploads\\\/2019\\\/06\\\/salzburgerland-logo1.jpg\",\"contentUrl\":\"https:\\\/\\\/www.salzburgerland.com\\\/de\\\/magazin\\\/wp-content\\\/uploads\\\/2019\\\/06\\\/salzburgerland-logo1.jpg\",\"width\":2011,\"height\":866,\"caption\":\"SalzburgerLand Tourismus\"},\"image\":{\"@id\":\"https:\\\/\\\/www.salzburgerland.com\\\/de\\\/magazin\\\/#\\\/schema\\\/logo\\\/image\\\/\"},\"sameAs\":[\"https:\\\/\\\/www.facebook.com\\\/salzburgerland\\\/\",\"https:\\\/\\\/x.com\\\/Salzburgerland\",\"https:\\\/\\\/www.instagram.com\\\/salzburgerland\\\/\",\"https:\\\/\\\/at.linkedin.com\\\/company\\\/salzburgerland-tourismus-gmbh\",\"https:\\\/\\\/www.pinterest.at\\\/salzburgerland\\\/\",\"https:\\\/\\\/www.youtube.com\\\/user\\\/salzburgerland\",\"https:\\\/\\\/de.wikipedia.org\\\/wiki\\\/SalzburgerLand_Tourismus_GmbH\"]},{\"@type\":\"Person\",\"@id\":\"https:\\\/\\\/www.salzburgerland.com\\\/de\\\/magazin\\\/#\\\/schema\\\/person\\\/a7f9eb9a0ee489c679f629ef02614391\",\"name\":\"Thomas Wirnsperger\",\"description\":\"Thomas Wirnsperger ist seit \u00fcber 20 Jahren Gesch\u00e4ftsf\u00fchrer des Tourismusverbandes im Gro\u00dfarltal, das mit seinen beiden Gemeinden Gro\u00dfarl und H\u00fcttschlag auch als \u201eTal der Almen\u201c bekannt ist. Neben Arbeit und Familie ist er viel mit seiner Kamera (Canon 5D Mark IV) im gesamten Land, vor allem aber in den Bergen seiner geliebten Heimat im Gro\u00dfarltal unterwegs. Im Sommer sind bl\u00fchende Almwiesen, aussichtsreiche Gipfel, idyllische Bergseen und gem\u00fctliche Almen seine bevorzugten Motive. Im Winter ist er gerne auf den Pisten der Skischaukel Gro\u00dfarltal-Dorfgastein (Ski amad\u00e9) aber auch abseits in der herrlichen Natur des Nationalparks Hohe Tauern unterwegs. Neben der einzigartigen Naturlandschaft h\u00e4lt er auch viele Veranstaltungen wie den Salzburger Bergadvent, die traditionelle Schlenkerfahrt, das allj\u00e4hrliche Sonnwendfeuer, etc.f\u00fcr die Freunde des Gro\u00dfarltales mit seiner Kamera fest. \u00a0\",\"sameAs\":[\"http:\\\/\\\/www.grossarltal.info\",\"http:\\\/\\\/www.facebook.com\\\/profile.php?id=100001111563712\"],\"url\":\"https:\\\/\\\/www.salzburgerland.com\\\/de\\\/magazin\\\/author\\\/thomas-wirnsperger\\\/\"}]}<\/script>\n<!-- \/ Yoast SEO Premium plugin. -->","yoast_head_json":{"title":"H\u00fcttschlag - Nationalparkgemeinde &amp; Bergsteigerdorf - SalzburgerLand Magazin","description":"Die Gemeinde H\u00fcttschlag hat seit dem Jahr 1991 Anteil am Nationalpark Hohe Tauern und z\u00e4hlt seit dem Jahr 2006 zu den nach strengen Kriterien ausgew\u00e4hlten Bergsteigerd\u00f6rfern \u00d6sterreichs &#8211; einer Initiative des \u00d6sterreichischen Alpenvereines im Rahmen der Umsetzung der Internationalen Alpenkonvention. Einen herrlichen Blick auf das Ortszentrum hat man, wenn man gleich nach dem Tunnel rechts [&hellip;]","robots":{"index":"index","follow":"follow","max-snippet":"max-snippet:-1","max-image-preview":"max-image-preview:large","max-video-preview":"max-video-preview:-1"},"canonical":"https:\/\/www.salzburgerland.com\/de\/magazin\/huttschlag-nationalparkgemeinde-bergsteigerdorf\/","og_locale":"de_DE","og_type":"article","og_title":"H\u00fcttschlag - Nationalparkgemeinde &amp; Bergsteigerdorf","og_description":"Die Gemeinde H\u00fcttschlag hat seit dem Jahr 1991 Anteil am Nationalpark Hohe Tauern und z\u00e4hlt seit dem Jahr 2006 zu den nach strengen Kriterien ausgew\u00e4hlten Bergsteigerd\u00f6rfern \u00d6sterreichs &#8211; einer Initiative des \u00d6sterreichischen Alpenvereines im Rahmen der Umsetzung der Internationalen Alpenkonvention. Einen herrlichen Blick auf das Ortszentrum hat man, wenn man gleich nach dem Tunnel rechts [&hellip;]","og_url":"https:\/\/www.salzburgerland.com\/de\/magazin\/huttschlag-nationalparkgemeinde-bergsteigerdorf\/","og_site_name":"SalzburgerLand Magazin","article_publisher":"https:\/\/www.facebook.com\/salzburgerland\/","article_author":"http:\/\/www.facebook.com\/profile.php?id=100001111563712","article_published_time":"2012-04-24T14:15:39+00:00","article_modified_time":"2019-08-12T11:47:19+00:00","og_image":[{"width":2123,"height":1415,"url":"https:\/\/www.salzburgerland.com\/de\/magazin\/wp-content\/uploads\/2012\/04\/Huttschlag-Fruhling-2011_4.jpg","type":"image\/jpeg"}],"author":"Thomas Wirnsperger","twitter_card":"summary_large_image","twitter_creator":"@Salzburgerland","twitter_site":"@Salzburgerland","twitter_misc":{"Verfasst von":"Thomas Wirnsperger"},"schema":{"@context":"https:\/\/schema.org","@graph":[{"@type":"Article","@id":"https:\/\/www.salzburgerland.com\/de\/magazin\/huttschlag-nationalparkgemeinde-bergsteigerdorf\/#article","isPartOf":{"@id":"https:\/\/www.salzburgerland.com\/de\/magazin\/huttschlag-nationalparkgemeinde-bergsteigerdorf\/"},"author":{"name":"Thomas Wirnsperger","@id":"https:\/\/www.salzburgerland.com\/de\/magazin\/#\/schema\/person\/a7f9eb9a0ee489c679f629ef02614391"},"headline":"H\u00fcttschlag &#8211; Nationalparkgemeinde &amp; Bergsteigerdorf","datePublished":"2012-04-24T14:15:39+00:00","dateModified":"2019-08-12T11:47:19+00:00","mainEntityOfPage":{"@id":"https:\/\/www.salzburgerland.com\/de\/magazin\/huttschlag-nationalparkgemeinde-bergsteigerdorf\/"},"wordCount":103,"commentCount":1,"publisher":{"@id":"https:\/\/www.salzburgerland.com\/de\/magazin\/#organization"},"image":{"@id":"https:\/\/www.salzburgerland.com\/de\/magazin\/huttschlag-nationalparkgemeinde-bergsteigerdorf\/#primaryimage"},"thumbnailUrl":"https:\/\/www.salzburgerland.com\/de\/magazin\/wp-content\/uploads\/2012\/04\/Huttschlag-Fruhling-2011_4.jpg","keywords":["nationalpark"],"articleSection":["Sehensw\u00fcrdig"],"inLanguage":"de","potentialAction":[{"@type":"CommentAction","name":"Comment","target":["https:\/\/www.salzburgerland.com\/de\/magazin\/huttschlag-nationalparkgemeinde-bergsteigerdorf\/#respond"]}]},{"@type":"WebPage","@id":"https:\/\/www.salzburgerland.com\/de\/magazin\/huttschlag-nationalparkgemeinde-bergsteigerdorf\/","url":"https:\/\/www.salzburgerland.com\/de\/magazin\/huttschlag-nationalparkgemeinde-bergsteigerdorf\/","name":"H\u00fcttschlag - Nationalparkgemeinde &amp; Bergsteigerdorf - SalzburgerLand Magazin","isPartOf":{"@id":"https:\/\/www.salzburgerland.com\/de\/magazin\/#website"},"primaryImageOfPage":{"@id":"https:\/\/www.salzburgerland.com\/de\/magazin\/huttschlag-nationalparkgemeinde-bergsteigerdorf\/#primaryimage"},"image":{"@id":"https:\/\/www.salzburgerland.com\/de\/magazin\/huttschlag-nationalparkgemeinde-bergsteigerdorf\/#primaryimage"},"thumbnailUrl":"https:\/\/www.salzburgerland.com\/de\/magazin\/wp-content\/uploads\/2012\/04\/Huttschlag-Fruhling-2011_4.jpg","datePublished":"2012-04-24T14:15:39+00:00","dateModified":"2019-08-12T11:47:19+00:00","breadcrumb":{"@id":"https:\/\/www.salzburgerland.com\/de\/magazin\/huttschlag-nationalparkgemeinde-bergsteigerdorf\/#breadcrumb"},"inLanguage":"de","potentialAction":[{"@type":"ReadAction","target":["https:\/\/www.salzburgerland.com\/de\/magazin\/huttschlag-nationalparkgemeinde-bergsteigerdorf\/"]}]},{"@type":"ImageObject","inLanguage":"de","@id":"https:\/\/www.salzburgerland.com\/de\/magazin\/huttschlag-nationalparkgemeinde-bergsteigerdorf\/#primaryimage","url":"https:\/\/www.salzburgerland.com\/de\/magazin\/wp-content\/uploads\/2012\/04\/Huttschlag-Fruhling-2011_4.jpg","contentUrl":"https:\/\/www.salzburgerland.com\/de\/magazin\/wp-content\/uploads\/2012\/04\/Huttschlag-Fruhling-2011_4.jpg","width":2123,"height":1415,"caption":"H\u00fcttschlag im Fr\u00fchling"},{"@type":"BreadcrumbList","@id":"https:\/\/www.salzburgerland.com\/de\/magazin\/huttschlag-nationalparkgemeinde-bergsteigerdorf\/#breadcrumb","itemListElement":[{"@type":"ListItem","position":1,"name":"Startseite","item":"https:\/\/www.salzburgerland.com\/de\/magazin\/"},{"@type":"ListItem","position":2,"name":"H\u00fcttschlag &#8211; Nationalparkgemeinde &amp; Bergsteigerdorf"}]},{"@type":"WebSite","@id":"https:\/\/www.salzburgerland.com\/de\/magazin\/#website","url":"https:\/\/www.salzburgerland.com\/de\/magazin\/","name":"SalzburgerLand Magazin","description":"Geschichten und Interessantes aus dem SalzburgerLand","publisher":{"@id":"https:\/\/www.salzburgerland.com\/de\/magazin\/#organization"},"potentialAction":[{"@type":"SearchAction","target":{"@type":"EntryPoint","urlTemplate":"https:\/\/www.salzburgerland.com\/de\/magazin\/?s={search_term_string}"},"query-input":{"@type":"PropertyValueSpecification","valueRequired":true,"valueName":"search_term_string"}}],"inLanguage":"de"},{"@type":"Organization","@id":"https:\/\/www.salzburgerland.com\/de\/magazin\/#organization","name":"SalzburgerLand Tourismus","url":"https:\/\/www.salzburgerland.com\/de\/magazin\/","logo":{"@type":"ImageObject","inLanguage":"de","@id":"https:\/\/www.salzburgerland.com\/de\/magazin\/#\/schema\/logo\/image\/","url":"https:\/\/www.salzburgerland.com\/de\/magazin\/wp-content\/uploads\/2019\/06\/salzburgerland-logo1.jpg","contentUrl":"https:\/\/www.salzburgerland.com\/de\/magazin\/wp-content\/uploads\/2019\/06\/salzburgerland-logo1.jpg","width":2011,"height":866,"caption":"SalzburgerLand Tourismus"},"image":{"@id":"https:\/\/www.salzburgerland.com\/de\/magazin\/#\/schema\/logo\/image\/"},"sameAs":["https:\/\/www.facebook.com\/salzburgerland\/","https:\/\/x.com\/Salzburgerland","https:\/\/www.instagram.com\/salzburgerland\/","https:\/\/at.linkedin.com\/company\/salzburgerland-tourismus-gmbh","https:\/\/www.pinterest.at\/salzburgerland\/","https:\/\/www.youtube.com\/user\/salzburgerland","https:\/\/de.wikipedia.org\/wiki\/SalzburgerLand_Tourismus_GmbH"]},{"@type":"Person","@id":"https:\/\/www.salzburgerland.com\/de\/magazin\/#\/schema\/person\/a7f9eb9a0ee489c679f629ef02614391","name":"Thomas Wirnsperger","description":"Thomas Wirnsperger ist seit \u00fcber 20 Jahren Gesch\u00e4ftsf\u00fchrer des Tourismusverbandes im Gro\u00dfarltal, das mit seinen beiden Gemeinden Gro\u00dfarl und H\u00fcttschlag auch als \u201eTal der Almen\u201c bekannt ist. Neben Arbeit und Familie ist er viel mit seiner Kamera (Canon 5D Mark IV) im gesamten Land, vor allem aber in den Bergen seiner geliebten Heimat im Gro\u00dfarltal unterwegs. Im Sommer sind bl\u00fchende Almwiesen, aussichtsreiche Gipfel, idyllische Bergseen und gem\u00fctliche Almen seine bevorzugten Motive. Im Winter ist er gerne auf den Pisten der Skischaukel Gro\u00dfarltal-Dorfgastein (Ski amad\u00e9) aber auch abseits in der herrlichen Natur des Nationalparks Hohe Tauern unterwegs. Neben der einzigartigen Naturlandschaft h\u00e4lt er auch viele Veranstaltungen wie den Salzburger Bergadvent, die traditionelle Schlenkerfahrt, das allj\u00e4hrliche Sonnwendfeuer, etc.f\u00fcr die Freunde des Gro\u00dfarltales mit seiner Kamera fest. \u00a0","sameAs":["http:\/\/www.grossarltal.info","http:\/\/www.facebook.com\/profile.php?id=100001111563712"],"url":"https:\/\/www.salzburgerland.com\/de\/magazin\/author\/thomas-wirnsperger\/"}]}},"_wl_alt_label":[],"wl:entity_url":"http:\/\/open.salzburgerland.com\/magazin\/post\/huettschlag_-_nationalparkgemeinde__amp__bergsteigerdorf","_links":{"self":[{"href":"https:\/\/www.salzburgerland.com\/de\/magazin\/wp-json\/wp\/v2\/posts\/16829","targetHints":{"allow":["GET"]}}],"collection":[{"href":"https:\/\/www.salzburgerland.com\/de\/magazin\/wp-json\/wp\/v2\/posts"}],"about":[{"href":"https:\/\/www.salzburgerland.com\/de\/magazin\/wp-json\/wp\/v2\/types\/post"}],"author":[{"embeddable":true,"href":"https:\/\/www.salzburgerland.com\/de\/magazin\/wp-json\/wp\/v2\/users\/104"}],"replies":[{"embeddable":true,"href":"https:\/\/www.salzburgerland.com\/de\/magazin\/wp-json\/wp\/v2\/comments?post=16829"}],"version-history":[{"count":0,"href":"https:\/\/www.salzburgerland.com\/de\/magazin\/wp-json\/wp\/v2\/posts\/16829\/revisions"}],"wp:featuredmedia":[{"embeddable":true,"href":"https:\/\/www.salzburgerland.com\/de\/magazin\/wp-json\/wp\/v2\/media\/16830"}],"wp:attachment":[{"href":"https:\/\/www.salzburgerland.com\/de\/magazin\/wp-json\/wp\/v2\/media?parent=16829"}],"wp:term":[{"taxonomy":"category","embeddable":true,"href":"https:\/\/www.salzburgerland.com\/de\/magazin\/wp-json\/wp\/v2\/categories?post=16829"},{"taxonomy":"post_tag","embeddable":true,"href":"https:\/\/www.salzburgerland.com\/de\/magazin\/wp-json\/wp\/v2\/tags?post=16829"},{"taxonomy":"wl_entity_type","embeddable":true,"href":"https:\/\/www.salzburgerland.com\/de\/magazin\/wp-json\/wp\/v2\/wl_entity_type?post=16829"},{"taxonomy":"monatsauswahl","embeddable":true,"href":"https:\/\/www.salzburgerland.com\/de\/magazin\/wp-json\/wp\/v2\/monatsauswahl?post=16829"}],"curies":[{"name":"wp","href":"https:\/\/api.w.org\/{rel}","templated":true}]}}