{"id":168016,"date":"2023-01-24T07:00:00","date_gmt":"2023-01-24T06:00:00","guid":{"rendered":"https:\/\/www.salzburgerland.com\/de\/magazin\/?p=168016"},"modified":"2023-01-24T08:44:50","modified_gmt":"2023-01-24T07:44:50","slug":"weltmeister-vaeter","status":"publish","type":"post","link":"https:\/\/www.salzburgerland.com\/de\/magazin\/weltmeister-vaeter\/","title":{"rendered":"Weltmeister V\u00e4ter"},"content":{"rendered":"\n<div class=\"wp-block-slt-top topBlocks\">\n<h2 class=\"wp-block-slt-subtitle\">Rupert Walchhofer &amp; Hermann Maier sen.<\/h2>\n\n\n\n<p class=\"wp-block-slt-intro\">Hermann Maier, Michi Walchhofer, Andreas Schifferer. Die glorreichen Skifahrer aus der Salzburger Sportwelt sind schon ein Zeitl in \u201ePension\u201c. Diese genie\u00dfen auch ihre V\u00e4ter \u2013 in vollen Z\u00fcgen. Rupert Walchhofer und Hermann Maier sen. nehmen euch mit in die Welt der Weltmeister V\u00e4ter.<\/p>\n<\/div>\n\n\n\n<p>Rupert Walchhofer lacht, als er erf\u00e4hrt, dass ich Hermann Maier sen. ebenso interviewe \u2013 sie kennen sich seit ihrer Kindheit. Fuhren im Kindesalter gegeneinander Rennen \u2013 \u201eBauernrennen\u201c nennt sie Maier. \u201eBeim Messen war es noch nicht so genau wie heute\u201c, verr\u00e4t er weiter. Mit der Stoppuhr ging es eher um Sekunden als um Hundertstel. Die V\u00e4ter der Weltmeister tauschten die Pl\u00e4tze oben am Stockerl regelm\u00e4\u00dfig ab. Hauptsache es war eine Gaudi \u2013 das war f\u00fcr die Herren das wichtigste.<\/p>\n\n\n\n<h2 class=\"wp-block-heading\" id=\"h-weltmeister-vater-rupert-walchhofer\">Weltmeister-Vater Rupert Walchhofer<\/h2>\n\n\n\n<p>Die Familie Walchhofer pachtete in Zauchensee eine Alm. Dort verbrachten sie ihre Sommer \u2013 der Winter geh\u00f6rte dem Bauernhof <a href=\"https:\/\/www.urlaub-apartment.at\/apartmenturlaub.html\" target=\"_blank\" rel=\"noreferrer noopener\">Kuchelberg<\/a> in Altenmarkt. Der Gro\u00dfvater und der Vater vom Vater von Michi Walchhofer sorgten f\u00fcr die Weidefreistellung im Almgebiet.  Zauchensee mit ein paar Almh\u00fctten, ohne Stra\u00dfe, ohne Lifte \u2013 heute kaum mehr vorstellbar. Dennoch startete der Skibetrieb in den 1930er Jahren \u2013 die Leute reisten mit dem Zug von Wien nach Altenmarkt, marschierten von dort nach Zauchensee und vergn\u00fcgten sich im Schnee.<\/p>\n\n\n\n<p>Der erste Lift in den 1950er Jahren war ein Komfort ohne gleichen \u2013 immerhin zwei B\u00fcgel, einer rauf, einer runter. Die Gr\u00fcndung der Liftgesellschaft einige Jahre sp\u00e4ter hatte einen Vorteil im Gep\u00e4ck: Die Gemeinde baute die Stra\u00dfe nach Zauchensee und \u00fcbernahm die Schneer\u00e4umung.<\/p>\n\n\n\n<p>Skifahren faszinierte den Gro\u00dfvater, dann viel mehr den Vater von Michi Walchhofer. Als Sch\u00fcler war Rupert Walchhofer Liftwart, wurde 1958 Landesch\u00fclermeister und kennt die eigene Muskelkraft noch als Pistenpr\u00e4parier-Maschine.<\/p>\n\n\n\n<p>Klingt jetzt alles nach einem Lotter-Leben voller Freizeit, war es allerdings nicht. Rupert Walchhofer war Bauer, Skilehrer und baute in den 1960er Jahren ein Jugendheim mit Gasthof in Zauchensee. Damals gab es noch keine Skih\u00fctten \u2013 im Gasthaus ging Mittag die Post ab. Eine Almbar folgte und in den sp\u00e4ten 1980er Jahren gr\u00fcndete er seine Skischule in Zauchensee. Ebenso entwickelte sich die Jugendherberge rasch zu einem Hotel.<\/p>\n\n\n\n<p>Rupert Walchhofers Tag sah in etwa so aus:<\/p>\n\n\n\n<ul class=\"wp-block-list\">\n<li><strong>In der Fr\u00fch:<\/strong> Stallarbeit<\/li>\n\n\n\n<li><strong>Untertags:<\/strong> Rezeptionist, Gastwirt und Verantwortlicher f\u00fcr den <a href=\"https:\/\/www.walchhofer.at\/\" target=\"_blank\" rel=\"noreferrer noopener\">Hotelbetrieb<\/a><\/li>\n\n\n\n<li><strong>Abends:<\/strong> Stallarbeit<\/li>\n\n\n\n<li><strong>Nachts:<\/strong> Almbar<\/li>\n\n\n\n<li><strong>Irgendwo dazwischen:<\/strong> Skilehrer<\/li>\n\n\n\n<li><strong>Immer:<\/strong> Vater von sechs Kindern<\/li>\n<\/ul>\n\n\n\n<p><strong>Funfact:<\/strong> Hermann Maier jun. baute als Maurer einen Teil von Walchhofers Caf\u00e9.<\/p>\n\n\n\n<figure class=\"wp-block-image size-full\"><img loading=\"lazy\" decoding=\"async\" width=\"1600\" height=\"1066\" src=\"https:\/\/www.salzburgerland.com\/de\/magazin\/wp-content\/uploads\/2023\/01\/WhatsApp-Image-2023-01-18-at-12.03.26.jpeg\" alt=\"Rupert Walchhofer - einer der Weltmeister V\u00e4ter im Gespr\u00e4ch \u00a9 Barbara Pirchner\" class=\"wp-image-168017\" srcset=\"https:\/\/www.salzburgerland.com\/de\/magazin\/wp-content\/uploads\/2023\/01\/WhatsApp-Image-2023-01-18-at-12.03.26.jpeg 1600w, https:\/\/www.salzburgerland.com\/de\/magazin\/wp-content\/uploads\/2023\/01\/WhatsApp-Image-2023-01-18-at-12.03.26-300x200.jpeg 300w, https:\/\/www.salzburgerland.com\/de\/magazin\/wp-content\/uploads\/2023\/01\/WhatsApp-Image-2023-01-18-at-12.03.26-1536x1023.jpeg 1536w, https:\/\/www.salzburgerland.com\/de\/magazin\/wp-content\/uploads\/2023\/01\/WhatsApp-Image-2023-01-18-at-12.03.26-826x550.jpeg 826w, https:\/\/www.salzburgerland.com\/de\/magazin\/wp-content\/uploads\/2023\/01\/WhatsApp-Image-2023-01-18-at-12.03.26-600x400.jpeg 600w, https:\/\/www.salzburgerland.com\/de\/magazin\/wp-content\/uploads\/2023\/01\/WhatsApp-Image-2023-01-18-at-12.03.26-1320x879.jpeg 1320w, https:\/\/www.salzburgerland.com\/de\/magazin\/wp-content\/uploads\/2023\/01\/WhatsApp-Image-2023-01-18-at-12.03.26-150x100.jpeg 150w\" sizes=\"auto, (max-width: 1600px) 100vw, 1600px\" \/><figcaption class=\"wp-element-caption\">Rupert Walchhofer &#8211; einer der Weltmeister V\u00e4ter im Gespr\u00e4ch \u00a9 Barbara Pirchner<\/figcaption><\/figure>\n\n\n\n<h2 class=\"wp-block-heading\" id=\"h-motivation-fur-seinen-sohn-michi-walchhofer\">Motivation f\u00fcr seinen Sohn Michi Walchhofer<\/h2>\n\n\n\n<p>Michi ist der j\u00fcngste der sechs Walchhofer-Kinder. Skifahren liegt allen im Blut. Es war der \u00e4lteste Sohn Rupert Walchhofer jun., der den Vorschlag macht, Michi auf die Skihauptschule zu schicken. Lief alles wunderbar, bis nach dem Bundesheer. Danach arbeitete Michi Walchhofer in der Raiffeisenbank. Vater Rupert schickte Motivation \u2013 er glaubte an das skifahrerische K\u00f6nnen seines Sohns.<\/p>\n\n\n\n<p>\u00dcber den Europacup katapultierte er sich in den Weltcup. Zuerst erfolgreich im Slalom. Dann vor allem in der Abfahrt. \u201eOftmals patzte Michi im zweiten Slalom-Durchgang. Er entschied sich daher f\u00fcr die Abfahrt, da dort ein Lauf gen\u00fcgt\u201c, grinst Rupert verschmitzt. Der Rest ist Skigeschichte.<\/p>\n\n\n\n<p><strong>Funfact:<\/strong> Ein Sohn von Rupert Walchhofer ging mit Hermann Maier jun. in die Volksschule.<\/p>\n\n\n\n<h2 class=\"wp-block-heading\" id=\"h-weltmeister-vater-hermann-maier-sen\">Weltmeister-Vater Hermann Maier sen.<\/h2>\n\n\n\n<p>Als Kind tummelte sich Hermann bereits im Skiclub \u2013 obwohl das mit heute nicht vergleichbar ist. Lange Zeit war er der Sektionsobmann. Und f\u00fcr den Sommer? Genau! Gr\u00fcndungsmitglied in der Sektion Fu\u00dfball.<\/p>\n\n\n\n<p>Er erinnert sich gern an das Silberfuchsrennen in Flachau \u2013 irgendwann in den 1960er Jahren. Zu gewinnen gab es einen Silbernen Fuchs \u2013 und die B-Garnitur der \u00f6sterreichischen Skifahrer k\u00e4mpfte um diese Troph\u00e4e. Mittendrin: Die einheimischen Skik\u00fcnstler.<\/p>\n\n\n\n<p>Eine spannende Wochenendbesch\u00e4ftigung begleitete Hermann Maier sen. eine Zeit lang: Am Samstag ging er mit seinen Freunden aufs Grie\u00dfenkar, schlief oben und wedelte am Sonntag ins Tal. Auch er erinnert sich an das \u201eTretteln\u201c der eigenen Pisten \u2013 mit Schulbeginn stand er auf Skiern.<\/p>\n\n\n\n<p>Nach seiner Lehre gab es damals w\u00e4hrend des Winters wenig Arbeit in der Region. Daher entschied er sich f\u00fcr sein Hobby: Er wurde Skilehrer. Zuerst als Anw\u00e4rter, dann Landesskilehrer und schlie\u00dflich Staatlicher Skilehrer.<\/p>\n\n\n\n<p>Fr\u00fcher gab es einen Gebietsschutz f\u00fcr Skischulen \u2013 in jedem Ort durfte nur eine Skischule sein. Gl\u00fccklicherweise war Flachauwinkl ein separater Ort. Dort gr\u00fcndete Hermann in den 1980er seine kleine Skischule. Ende der 1990er siedelte er nach Flachau \u2013 dort gab es mehr G\u00e4ste und der Gebietsschutz war gefallen. Den Sommer verbrachte er bei der Firma Atomic in der Qualit\u00e4tskontrolle \u2013 quasi Skifahren das ganze Jahr.<\/p>\n\n\n\n<figure class=\"wp-block-image size-full\"><img loading=\"lazy\" decoding=\"async\" width=\"1600\" height=\"1066\" src=\"https:\/\/www.salzburgerland.com\/de\/magazin\/wp-content\/uploads\/2023\/01\/WhatsApp-Image-2023-01-18-at-12.03.25.jpeg\" alt=\"Hermann Maier sen. \u00a9 Barbara Pirchner\" class=\"wp-image-168018\" srcset=\"https:\/\/www.salzburgerland.com\/de\/magazin\/wp-content\/uploads\/2023\/01\/WhatsApp-Image-2023-01-18-at-12.03.25.jpeg 1600w, https:\/\/www.salzburgerland.com\/de\/magazin\/wp-content\/uploads\/2023\/01\/WhatsApp-Image-2023-01-18-at-12.03.25-300x200.jpeg 300w, https:\/\/www.salzburgerland.com\/de\/magazin\/wp-content\/uploads\/2023\/01\/WhatsApp-Image-2023-01-18-at-12.03.25-1536x1023.jpeg 1536w, https:\/\/www.salzburgerland.com\/de\/magazin\/wp-content\/uploads\/2023\/01\/WhatsApp-Image-2023-01-18-at-12.03.25-826x550.jpeg 826w, https:\/\/www.salzburgerland.com\/de\/magazin\/wp-content\/uploads\/2023\/01\/WhatsApp-Image-2023-01-18-at-12.03.25-600x400.jpeg 600w, https:\/\/www.salzburgerland.com\/de\/magazin\/wp-content\/uploads\/2023\/01\/WhatsApp-Image-2023-01-18-at-12.03.25-1320x879.jpeg 1320w, https:\/\/www.salzburgerland.com\/de\/magazin\/wp-content\/uploads\/2023\/01\/WhatsApp-Image-2023-01-18-at-12.03.25-150x100.jpeg 150w\" sizes=\"auto, (max-width: 1600px) 100vw, 1600px\" \/><figcaption class=\"wp-element-caption\">Hermann Maier sen. \u00a9 Barbara Pirchner<\/figcaption><\/figure>\n\n\n\n<h2 class=\"wp-block-heading\" id=\"h-alles-fur-seinen-sohn-hermann-maier-jun\">Alles f\u00fcr seinen Sohn Hermann Maier jun.<\/h2>\n\n\n\n<p>Hermann sen. und seine Frau erm\u00f6glichten ihren S\u00f6hnen alles, damit sie es an die Spitze des Skisports schafften. Die Jugendzeit von Hermann Maier jun. verlief nicht weltmeisterlich. Hermann k\u00e4mpfte mit Heimweh und Verletzungen, flog aus dem Kader, absolvierte eine Lehre als Maurer (und Rupert Walchhofer bekam sein Caf\u00e9).<\/p>\n\n\n\n<p>Es war Hermann Maier sen., der stets an seine S\u00f6hne glaubte. Bis der Junior es wieder in den Landeskader geschafft hatte, trainierte der Vater den Sohn. Sehr gute Ergebnisse im Europacup f\u00fchrten Hermann Maier in den Weltcup. Und auch bei Hermann Maier ist der Rest Skigeschichte.<\/p>\n\n\n\n<p>\u201eWir waren ganz normale Eltern, die halt f\u00fcr Sport sehr viel \u00fcbrig hatten\u201c, verr\u00e4t Maier sen. Sie taten alles, um das n\u00f6tige Geld f\u00fcr den Sport aufzubringen.<\/p>\n\n\n\n<p><strong>Funfact:<\/strong> Alex Maier war vorher ein sehr guter Skifahrer \u2013 er schaffte es allerdings nicht an die Weltspitze. Mit dem Snowboard schl\u00fcpfte er in die \u00d6ffentlichkeit und feierte damit gro\u00dfartige Erfolge.<\/p>\n\n\n\n<h2 class=\"wp-block-heading\" id=\"h-die-gefuhle-der-weltmeister-vater\">Die Gef\u00fchle der Weltmeister V\u00e4ter<\/h2>\n\n\n\n<p>Ganz klar: Dankbar. Rupert Walchhofer erinnert sich gern an die Live-Rennen. Besonders an die Weltmeisterschaft in St. Moritz. Beim Abschlusstraining sauste Michi am letzten Tor vorbei \u2013 als Strafe startete er beim Weltmeister-Rennen mit der Nummer 31. In Rupert lauerte die Gewissheit: Wenn er es kriegt, dann gewinnt er! Und so war es. \u201eDie Goldmedaille um den Hals vom eigenen Sohn ist alles, was man sich w\u00fcnscht\u201c, strahlt Rupert. <\/p>\n\n\n\n<p>F\u00fcr Hermann Maier sen. siegt die Freude als oberstes Gef\u00fchl \u2013 f\u00fcr beide Buben. F\u00fcr ihn ein unbeschreiblich sch\u00f6nes Erlebnis, wenn er Ergebnisse sah. Worauf er und seine Jungs jahrelang hingearbeitet hatten. Es steckt viel Flei\u00df, Arbeit und Geld in der einen Minute, die zum Sieg f\u00fchrt.<\/p>\n\n\n\n<p>Die Olympischen Spiele 1998 in Nagano erlebt er vor dem Fernseher \u2013 zuhause in Flachau. Ein Kamerateam berichtete live aus dem Wohnzimmer. Familie und Freunde konnten ihren Gef\u00fchlen nicht freien Lauf lassen \u2013 sie f\u00fchlten sich beobachtet. Dieses Team h\u00e4tte heute bei solchen Ereignissen Hausverbot.<\/p>\n\n\n\n<p>Die Ber\u00fchmtheit des Sohnes sp\u00fcrten auch die Eltern: Zahlreiche Anrufe, St\u00f6rfriede klopften an der T\u00fcr, keine Ruhe im Privatleben.<\/p>\n\n\n\n<p>F\u00fcr ihn ist es super, dass er Erfolge in Form von Pokalen, Medaillen und Kristallkugeln erleben durfte. Dennoch ist ihm bewusst, dass es f\u00fcr Eltern ein Erfolg ist, wenn ihre Kinder nicht an der Weltspitze gewinnen, sondern die Liebe zum Sport beibehalten.<\/p>\n\n\n\n<h2 class=\"wp-block-heading\" id=\"h-was-weltmeister-vater-heute-machen\">Was Weltmeister V\u00e4ter heute machen<\/h2>\n\n\n\n<p>Rupert genie\u00dft seine Pension in vollen Z\u00fcgen. Die Betriebe f\u00fchren seit einigen Jahren seine S\u00f6hne \u2013 auch deren Kindern verwirklichen sich. Ansonsten liebt er das Skifahren \u2013 in Sto\u00dfzeiten hilft er in der <a href=\"https:\/\/www.salzburgerland.com\/de\/magazin\/freiheitsgefuehl-telemarken\/\">Skischule<\/a> aus.<\/p>\n\n\n\n<p>Er schneidet Obstb\u00e4ume, veredelt <a href=\"https:\/\/www.salzburgerland.com\/de\/magazin\/schluck-fuer-schluck-foerdert-vogelbeerschnaps-die-gesundheit\/\">Vogelbeeren<\/a> und verschenkt die Vitamine in der Flasche an die G\u00e4ste in Zauchensee. Er ist \u201ea zfriena Mensch hoit\u201c \u2013 gibt es etwas Sch\u00f6neres?<\/p>\n\n\n\n<p>Hermann macht es seinem Altenmarkter Kollegen gleich: Im Sommer wandert er, im Winter steht Skifahren oben auf der Wunschliste. Meistens privat, wenn der Hut brennt als Aushilfe als Skilehrer.<\/p>\n\n\n\n<p>Der Rummel um die S\u00f6hne hat sich gelegt. Dennoch \u201egenie\u00dfen\u201c die V\u00e4ter der Weltmeister ihre Bekanntheit. So erkannten zum Beispiel bei einem Ausflug nach Polen Leute die Eltern von Michi Walchhofer \u2013 selbstverst\u00e4ndlich nur, da andere Mitreisende geplaudert hatten. Selbst w\u00fcrde Rupert Walchhofer nie damit prahlen. \u201eAber so kommen wir schnell mit Leuten ins Gespr\u00e4ch und das ist sch\u00f6n\u201c, sch\u00e4tzt er die Situation.<\/p>\n\n\n\n<p>Auch bei Hermann Maier hat sich der Trara um die Person gelegt \u2013 obwohl der Junior pr\u00e4sent in den Medien ist. Manchmal rufen Leute beim Vater an \u2013 die Nummer von Hermann Maier jun. ist nicht \u00f6ffentlich. Meistens geht es um \u201esch\u00f6ne\u201c Sachen \u2013 manchmal nerven die Anrufe allerdings: Sie wollen Geld.  Jedoch wei\u00df er, dass der Ort vom Ruhm profitiert. Und selbstverst\u00e4ndlich die <a href=\"https:\/\/www.skischule-hermann-maier.at\/\" target=\"_blank\" rel=\"noreferrer noopener\">Skischule Hermann Maier<\/a> \u2013 die mittlerweile Alex Maier f\u00fchrt.<\/p>\n\n\n\n<p><strong>Funfact:<\/strong> Rupert Walchhofer war am Tag des Interviews am Vormittag Skifahren, Hermann Maier sen. kommt direkt von der Piste. So soll die Pension sein!<\/p>\n\n\n","protected":false},"excerpt":{"rendered":"<p>Rupert Walchhofer lacht, als er erf\u00e4hrt, dass ich Hermann Maier sen. ebenso interviewe \u2013 sie kennen sich seit ihrer Kindheit. Fuhren im Kindesalter gegeneinander Rennen \u2013 \u201eBauernrennen\u201c nennt sie Maier. \u201eBeim Messen war es noch nicht so genau wie heute\u201c, verr\u00e4t er weiter. Mit der Stoppuhr ging es eher um Sekunden als um Hundertstel. Die [&hellip;]<\/p>\n","protected":false},"author":564,"featured_media":168019,"comment_status":"closed","ping_status":"closed","sticky":false,"template":"","format":"standard","meta":{"_acf_changed":false,"wl_entities_gutenberg":"","_wl_entity_redirect_enabled":"","footnotes":""},"categories":[8],"tags":[2209,7564,7563],"wl_entity_type":[306],"monatsauswahl":[82],"class_list":["post-168016","post","type-post","status-publish","format-standard","has-post-thumbnail","hentry","category-outdoor-sport","tag-hermann-maier","tag-michi-walchhofer","tag-vaeter","wl_entity_type-article","monatsauswahl-monat_1"],"acf":[],"yoast_head":"<!-- This site is optimized with the Yoast SEO Premium plugin v27.4 (Yoast SEO v27.4) - https:\/\/yoast.com\/product\/yoast-seo-premium-wordpress\/ -->\n<title>Weltmeister V\u00e4ter - SalzburgerLand Magazin<\/title>\n<meta name=\"description\" content=\"Was machen V\u00e4ter von Ski-Weltmeister? Genau! Sie freuen sich, dass sie die Ergebnisse ihrer S\u00f6hne feiern durfen. Hier lang f\u00fcr mehr Infos!\" \/>\n<meta name=\"robots\" content=\"index, follow, max-snippet:-1, max-image-preview:large, max-video-preview:-1\" \/>\n<link rel=\"canonical\" href=\"https:\/\/www.salzburgerland.com\/de\/magazin\/weltmeister-vaeter\/\" \/>\n<meta property=\"og:locale\" content=\"de_DE\" \/>\n<meta property=\"og:type\" content=\"article\" \/>\n<meta property=\"og:title\" content=\"Weltmeister V\u00e4ter\" \/>\n<meta property=\"og:description\" content=\"Was machen V\u00e4ter von Ski-Weltmeister? Genau! Sie freuen sich, dass sie die Ergebnisse ihrer S\u00f6hne feiern durfen. Hier lang f\u00fcr mehr Infos!\" \/>\n<meta property=\"og:url\" content=\"https:\/\/www.salzburgerland.com\/de\/magazin\/weltmeister-vaeter\/\" \/>\n<meta property=\"og:site_name\" content=\"SalzburgerLand Magazin\" \/>\n<meta property=\"article:publisher\" content=\"https:\/\/www.facebook.com\/salzburgerland\/\" \/>\n<meta property=\"article:published_time\" content=\"2023-01-24T06:00:00+00:00\" \/>\n<meta property=\"article:modified_time\" content=\"2023-01-24T07:44:50+00:00\" \/>\n<meta property=\"og:image\" content=\"https:\/\/www.salzburgerland.com\/de\/magazin\/wp-content\/uploads\/2023\/01\/50838001491_52ce58113a_k.jpg\" \/>\n\t<meta property=\"og:image:width\" content=\"2048\" \/>\n\t<meta property=\"og:image:height\" content=\"1152\" \/>\n\t<meta property=\"og:image:type\" content=\"image\/jpeg\" \/>\n<meta name=\"author\" content=\"Barbara Pirchner\" \/>\n<meta name=\"twitter:card\" content=\"summary_large_image\" \/>\n<meta name=\"twitter:creator\" content=\"@Salzburgerland\" \/>\n<meta name=\"twitter:site\" content=\"@Salzburgerland\" \/>\n<meta name=\"twitter:label1\" content=\"Verfasst von\" \/>\n\t<meta name=\"twitter:data1\" content=\"Barbara Pirchner\" \/>\n<script type=\"application\/ld+json\" class=\"yoast-schema-graph\">{\"@context\":\"https:\\\/\\\/schema.org\",\"@graph\":[{\"@type\":\"Article\",\"@id\":\"https:\\\/\\\/www.salzburgerland.com\\\/de\\\/magazin\\\/weltmeister-vaeter\\\/#article\",\"isPartOf\":{\"@id\":\"https:\\\/\\\/www.salzburgerland.com\\\/de\\\/magazin\\\/weltmeister-vaeter\\\/\"},\"author\":{\"name\":\"Barbara Pirchner\",\"@id\":\"https:\\\/\\\/www.salzburgerland.com\\\/de\\\/magazin\\\/#\\\/schema\\\/person\\\/1e4d0c967a02c339e6c85f8c3f38b89a\"},\"headline\":\"Weltmeister V\u00e4ter\",\"datePublished\":\"2023-01-24T06:00:00+00:00\",\"dateModified\":\"2023-01-24T07:44:50+00:00\",\"mainEntityOfPage\":{\"@id\":\"https:\\\/\\\/www.salzburgerland.com\\\/de\\\/magazin\\\/weltmeister-vaeter\\\/\"},\"wordCount\":1468,\"publisher\":{\"@id\":\"https:\\\/\\\/www.salzburgerland.com\\\/de\\\/magazin\\\/#organization\"},\"image\":{\"@id\":\"https:\\\/\\\/www.salzburgerland.com\\\/de\\\/magazin\\\/weltmeister-vaeter\\\/#primaryimage\"},\"thumbnailUrl\":\"https:\\\/\\\/www.salzburgerland.com\\\/de\\\/magazin\\\/wp-content\\\/uploads\\\/2023\\\/01\\\/50838001491_52ce58113a_k.jpg\",\"keywords\":[\"Hermann maier\",\"michi walchhofer\",\"v\u00e4ter\"],\"articleSection\":[\"Outdoor &amp; Sport\"],\"inLanguage\":\"de\"},{\"@type\":\"WebPage\",\"@id\":\"https:\\\/\\\/www.salzburgerland.com\\\/de\\\/magazin\\\/weltmeister-vaeter\\\/\",\"url\":\"https:\\\/\\\/www.salzburgerland.com\\\/de\\\/magazin\\\/weltmeister-vaeter\\\/\",\"name\":\"Weltmeister V\u00e4ter - SalzburgerLand Magazin\",\"isPartOf\":{\"@id\":\"https:\\\/\\\/www.salzburgerland.com\\\/de\\\/magazin\\\/#website\"},\"primaryImageOfPage\":{\"@id\":\"https:\\\/\\\/www.salzburgerland.com\\\/de\\\/magazin\\\/weltmeister-vaeter\\\/#primaryimage\"},\"image\":{\"@id\":\"https:\\\/\\\/www.salzburgerland.com\\\/de\\\/magazin\\\/weltmeister-vaeter\\\/#primaryimage\"},\"thumbnailUrl\":\"https:\\\/\\\/www.salzburgerland.com\\\/de\\\/magazin\\\/wp-content\\\/uploads\\\/2023\\\/01\\\/50838001491_52ce58113a_k.jpg\",\"datePublished\":\"2023-01-24T06:00:00+00:00\",\"dateModified\":\"2023-01-24T07:44:50+00:00\",\"description\":\"Was machen V\u00e4ter von Ski-Weltmeister? Genau! Sie freuen sich, dass sie die Ergebnisse ihrer S\u00f6hne feiern durfen. Hier lang f\u00fcr mehr Infos!\",\"breadcrumb\":{\"@id\":\"https:\\\/\\\/www.salzburgerland.com\\\/de\\\/magazin\\\/weltmeister-vaeter\\\/#breadcrumb\"},\"inLanguage\":\"de\",\"potentialAction\":[{\"@type\":\"ReadAction\",\"target\":[\"https:\\\/\\\/www.salzburgerland.com\\\/de\\\/magazin\\\/weltmeister-vaeter\\\/\"]}]},{\"@type\":\"ImageObject\",\"inLanguage\":\"de\",\"@id\":\"https:\\\/\\\/www.salzburgerland.com\\\/de\\\/magazin\\\/weltmeister-vaeter\\\/#primaryimage\",\"url\":\"https:\\\/\\\/www.salzburgerland.com\\\/de\\\/magazin\\\/wp-content\\\/uploads\\\/2023\\\/01\\\/50838001491_52ce58113a_k.jpg\",\"contentUrl\":\"https:\\\/\\\/www.salzburgerland.com\\\/de\\\/magazin\\\/wp-content\\\/uploads\\\/2023\\\/01\\\/50838001491_52ce58113a_k.jpg\",\"width\":2048,\"height\":1152,\"caption\":\"Panorama Link verbindet die Skigebiete der Weltmeister V\u00e4ter \u00a9 Wagrain-Kleinarl Tourismus\"},{\"@type\":\"BreadcrumbList\",\"@id\":\"https:\\\/\\\/www.salzburgerland.com\\\/de\\\/magazin\\\/weltmeister-vaeter\\\/#breadcrumb\",\"itemListElement\":[{\"@type\":\"ListItem\",\"position\":1,\"name\":\"Startseite\",\"item\":\"https:\\\/\\\/www.salzburgerland.com\\\/de\\\/magazin\\\/\"},{\"@type\":\"ListItem\",\"position\":2,\"name\":\"Outdoor &amp; Sport\",\"item\":\"https:\\\/\\\/www.salzburgerland.com\\\/de\\\/magazin\\\/thema\\\/outdoor-sport\\\/\"},{\"@type\":\"ListItem\",\"position\":3,\"name\":\"Weltmeister V\u00e4ter\"}]},{\"@type\":\"WebSite\",\"@id\":\"https:\\\/\\\/www.salzburgerland.com\\\/de\\\/magazin\\\/#website\",\"url\":\"https:\\\/\\\/www.salzburgerland.com\\\/de\\\/magazin\\\/\",\"name\":\"SalzburgerLand Magazin\",\"description\":\"Geschichten und Interessantes aus dem SalzburgerLand\",\"publisher\":{\"@id\":\"https:\\\/\\\/www.salzburgerland.com\\\/de\\\/magazin\\\/#organization\"},\"potentialAction\":[{\"@type\":\"SearchAction\",\"target\":{\"@type\":\"EntryPoint\",\"urlTemplate\":\"https:\\\/\\\/www.salzburgerland.com\\\/de\\\/magazin\\\/?s={search_term_string}\"},\"query-input\":{\"@type\":\"PropertyValueSpecification\",\"valueRequired\":true,\"valueName\":\"search_term_string\"}}],\"inLanguage\":\"de\"},{\"@type\":\"Organization\",\"@id\":\"https:\\\/\\\/www.salzburgerland.com\\\/de\\\/magazin\\\/#organization\",\"name\":\"SalzburgerLand Tourismus\",\"url\":\"https:\\\/\\\/www.salzburgerland.com\\\/de\\\/magazin\\\/\",\"logo\":{\"@type\":\"ImageObject\",\"inLanguage\":\"de\",\"@id\":\"https:\\\/\\\/www.salzburgerland.com\\\/de\\\/magazin\\\/#\\\/schema\\\/logo\\\/image\\\/\",\"url\":\"https:\\\/\\\/www.salzburgerland.com\\\/de\\\/magazin\\\/wp-content\\\/uploads\\\/2019\\\/06\\\/salzburgerland-logo1.jpg\",\"contentUrl\":\"https:\\\/\\\/www.salzburgerland.com\\\/de\\\/magazin\\\/wp-content\\\/uploads\\\/2019\\\/06\\\/salzburgerland-logo1.jpg\",\"width\":2011,\"height\":866,\"caption\":\"SalzburgerLand Tourismus\"},\"image\":{\"@id\":\"https:\\\/\\\/www.salzburgerland.com\\\/de\\\/magazin\\\/#\\\/schema\\\/logo\\\/image\\\/\"},\"sameAs\":[\"https:\\\/\\\/www.facebook.com\\\/salzburgerland\\\/\",\"https:\\\/\\\/x.com\\\/Salzburgerland\",\"https:\\\/\\\/www.instagram.com\\\/salzburgerland\\\/\",\"https:\\\/\\\/at.linkedin.com\\\/company\\\/salzburgerland-tourismus-gmbh\",\"https:\\\/\\\/www.pinterest.at\\\/salzburgerland\\\/\",\"https:\\\/\\\/www.youtube.com\\\/user\\\/salzburgerland\",\"https:\\\/\\\/de.wikipedia.org\\\/wiki\\\/SalzburgerLand_Tourismus_GmbH\"]},{\"@type\":\"Person\",\"@id\":\"https:\\\/\\\/www.salzburgerland.com\\\/de\\\/magazin\\\/#\\\/schema\\\/person\\\/1e4d0c967a02c339e6c85f8c3f38b89a\",\"name\":\"Barbara Pirchner\",\"description\":\"Reisen sieht Barbara Pirchner als ein gro\u00dfes Geschenk. Es gibt so viele tolle M\u00f6glichkeiten, wie sie die Welt entdeckt. Und wenn sie nicht unterwegs ist, erkundet sie ihre Heimat. F\u00fcr sie ist es ihr zuhause, f\u00fcr euch der Urlaubsort. Gerne nimmt sie euch hier im Magazin mit und berichtet \u00fcber die sch\u00f6nsten Orte, die lustigsten Aktivit\u00e4ten oder die entspannendsten Momente im SalzburgerLand. Nach dem Studium und jahrelanger Erfahrung im Tourismusmarketing schreibt Barbara Pirchner jetzt f\u00fcr Tourismusbetriebe. Dosige oder Zuagroast? Eindeutig a Dosige. Geboren, aufgewachsen und wohnhaft in der Salzburger Bergwelt. Jedoch jederzeit offen, was anderes von der Welt zu sehen sowie andere Kulturen und L\u00e4nder kennenzulernen \u2013 und danach die sch\u00f6nen Kleinigkeiten in der Heimat wieder mehr wertsch\u00e4tzen zu k\u00f6nnen. Salzburger Nockerl oder Schwarzbeernocken? Bei Schwarzbeernocken kribbeln meine Geschmacksknospen. Haubenlokal oder Ab-Hof-Laden? Hm. Schwere Entscheidung. Am besten alles zu seiner Zeit. K\u00f6stliche Produkte im Ab-Hof-Laden kaufen zum selber Kochen oder sich verw\u00f6hnen lassen im Haubenlokal. Kochen, schlemmen und schnabulieren - damit kann ich mich identifizieren :) Wellness oder Mountainbike? Zuerst eine sch\u00f6ne Mountainbiketour, danach zum Entspannen in den Wellnessbereich. Alpinski, Offpist oder Skitour? Alles. Am besten auf einmal und das ganze Jahr. Als Winterm\u00e4dchen sehne ich mich nach den ersten Schnee. Und dann das ganze Programm. Dirndl oder Bustierkleid? Dirndl. Liebend gern.\",\"sameAs\":[\"https:\\\/\\\/www.barbara-pirchner.com\\\/\",\"https:\\\/\\\/www.linkedin.com\\\/in\\\/barbara-pirchner-573031120\\\/\"],\"url\":\"https:\\\/\\\/www.salzburgerland.com\\\/de\\\/magazin\\\/author\\\/barbara-pirchner\\\/\"}]}<\/script>\n<!-- \/ Yoast SEO Premium plugin. -->","yoast_head_json":{"title":"Weltmeister V\u00e4ter - SalzburgerLand Magazin","description":"Was machen V\u00e4ter von Ski-Weltmeister? Genau! Sie freuen sich, dass sie die Ergebnisse ihrer S\u00f6hne feiern durfen. Hier lang f\u00fcr mehr Infos!","robots":{"index":"index","follow":"follow","max-snippet":"max-snippet:-1","max-image-preview":"max-image-preview:large","max-video-preview":"max-video-preview:-1"},"canonical":"https:\/\/www.salzburgerland.com\/de\/magazin\/weltmeister-vaeter\/","og_locale":"de_DE","og_type":"article","og_title":"Weltmeister V\u00e4ter","og_description":"Was machen V\u00e4ter von Ski-Weltmeister? Genau! Sie freuen sich, dass sie die Ergebnisse ihrer S\u00f6hne feiern durfen. Hier lang f\u00fcr mehr Infos!","og_url":"https:\/\/www.salzburgerland.com\/de\/magazin\/weltmeister-vaeter\/","og_site_name":"SalzburgerLand Magazin","article_publisher":"https:\/\/www.facebook.com\/salzburgerland\/","article_published_time":"2023-01-24T06:00:00+00:00","article_modified_time":"2023-01-24T07:44:50+00:00","og_image":[{"width":2048,"height":1152,"url":"https:\/\/www.salzburgerland.com\/de\/magazin\/wp-content\/uploads\/2023\/01\/50838001491_52ce58113a_k.jpg","type":"image\/jpeg"}],"author":"Barbara Pirchner","twitter_card":"summary_large_image","twitter_creator":"@Salzburgerland","twitter_site":"@Salzburgerland","twitter_misc":{"Verfasst von":"Barbara Pirchner"},"schema":{"@context":"https:\/\/schema.org","@graph":[{"@type":"Article","@id":"https:\/\/www.salzburgerland.com\/de\/magazin\/weltmeister-vaeter\/#article","isPartOf":{"@id":"https:\/\/www.salzburgerland.com\/de\/magazin\/weltmeister-vaeter\/"},"author":{"name":"Barbara Pirchner","@id":"https:\/\/www.salzburgerland.com\/de\/magazin\/#\/schema\/person\/1e4d0c967a02c339e6c85f8c3f38b89a"},"headline":"Weltmeister V\u00e4ter","datePublished":"2023-01-24T06:00:00+00:00","dateModified":"2023-01-24T07:44:50+00:00","mainEntityOfPage":{"@id":"https:\/\/www.salzburgerland.com\/de\/magazin\/weltmeister-vaeter\/"},"wordCount":1468,"publisher":{"@id":"https:\/\/www.salzburgerland.com\/de\/magazin\/#organization"},"image":{"@id":"https:\/\/www.salzburgerland.com\/de\/magazin\/weltmeister-vaeter\/#primaryimage"},"thumbnailUrl":"https:\/\/www.salzburgerland.com\/de\/magazin\/wp-content\/uploads\/2023\/01\/50838001491_52ce58113a_k.jpg","keywords":["Hermann maier","michi walchhofer","v\u00e4ter"],"articleSection":["Outdoor &amp; Sport"],"inLanguage":"de"},{"@type":"WebPage","@id":"https:\/\/www.salzburgerland.com\/de\/magazin\/weltmeister-vaeter\/","url":"https:\/\/www.salzburgerland.com\/de\/magazin\/weltmeister-vaeter\/","name":"Weltmeister V\u00e4ter - SalzburgerLand Magazin","isPartOf":{"@id":"https:\/\/www.salzburgerland.com\/de\/magazin\/#website"},"primaryImageOfPage":{"@id":"https:\/\/www.salzburgerland.com\/de\/magazin\/weltmeister-vaeter\/#primaryimage"},"image":{"@id":"https:\/\/www.salzburgerland.com\/de\/magazin\/weltmeister-vaeter\/#primaryimage"},"thumbnailUrl":"https:\/\/www.salzburgerland.com\/de\/magazin\/wp-content\/uploads\/2023\/01\/50838001491_52ce58113a_k.jpg","datePublished":"2023-01-24T06:00:00+00:00","dateModified":"2023-01-24T07:44:50+00:00","description":"Was machen V\u00e4ter von Ski-Weltmeister? Genau! Sie freuen sich, dass sie die Ergebnisse ihrer S\u00f6hne feiern durfen. Hier lang f\u00fcr mehr Infos!","breadcrumb":{"@id":"https:\/\/www.salzburgerland.com\/de\/magazin\/weltmeister-vaeter\/#breadcrumb"},"inLanguage":"de","potentialAction":[{"@type":"ReadAction","target":["https:\/\/www.salzburgerland.com\/de\/magazin\/weltmeister-vaeter\/"]}]},{"@type":"ImageObject","inLanguage":"de","@id":"https:\/\/www.salzburgerland.com\/de\/magazin\/weltmeister-vaeter\/#primaryimage","url":"https:\/\/www.salzburgerland.com\/de\/magazin\/wp-content\/uploads\/2023\/01\/50838001491_52ce58113a_k.jpg","contentUrl":"https:\/\/www.salzburgerland.com\/de\/magazin\/wp-content\/uploads\/2023\/01\/50838001491_52ce58113a_k.jpg","width":2048,"height":1152,"caption":"Panorama Link verbindet die Skigebiete der Weltmeister V\u00e4ter \u00a9 Wagrain-Kleinarl Tourismus"},{"@type":"BreadcrumbList","@id":"https:\/\/www.salzburgerland.com\/de\/magazin\/weltmeister-vaeter\/#breadcrumb","itemListElement":[{"@type":"ListItem","position":1,"name":"Startseite","item":"https:\/\/www.salzburgerland.com\/de\/magazin\/"},{"@type":"ListItem","position":2,"name":"Outdoor &amp; Sport","item":"https:\/\/www.salzburgerland.com\/de\/magazin\/thema\/outdoor-sport\/"},{"@type":"ListItem","position":3,"name":"Weltmeister V\u00e4ter"}]},{"@type":"WebSite","@id":"https:\/\/www.salzburgerland.com\/de\/magazin\/#website","url":"https:\/\/www.salzburgerland.com\/de\/magazin\/","name":"SalzburgerLand Magazin","description":"Geschichten und Interessantes aus dem SalzburgerLand","publisher":{"@id":"https:\/\/www.salzburgerland.com\/de\/magazin\/#organization"},"potentialAction":[{"@type":"SearchAction","target":{"@type":"EntryPoint","urlTemplate":"https:\/\/www.salzburgerland.com\/de\/magazin\/?s={search_term_string}"},"query-input":{"@type":"PropertyValueSpecification","valueRequired":true,"valueName":"search_term_string"}}],"inLanguage":"de"},{"@type":"Organization","@id":"https:\/\/www.salzburgerland.com\/de\/magazin\/#organization","name":"SalzburgerLand Tourismus","url":"https:\/\/www.salzburgerland.com\/de\/magazin\/","logo":{"@type":"ImageObject","inLanguage":"de","@id":"https:\/\/www.salzburgerland.com\/de\/magazin\/#\/schema\/logo\/image\/","url":"https:\/\/www.salzburgerland.com\/de\/magazin\/wp-content\/uploads\/2019\/06\/salzburgerland-logo1.jpg","contentUrl":"https:\/\/www.salzburgerland.com\/de\/magazin\/wp-content\/uploads\/2019\/06\/salzburgerland-logo1.jpg","width":2011,"height":866,"caption":"SalzburgerLand Tourismus"},"image":{"@id":"https:\/\/www.salzburgerland.com\/de\/magazin\/#\/schema\/logo\/image\/"},"sameAs":["https:\/\/www.facebook.com\/salzburgerland\/","https:\/\/x.com\/Salzburgerland","https:\/\/www.instagram.com\/salzburgerland\/","https:\/\/at.linkedin.com\/company\/salzburgerland-tourismus-gmbh","https:\/\/www.pinterest.at\/salzburgerland\/","https:\/\/www.youtube.com\/user\/salzburgerland","https:\/\/de.wikipedia.org\/wiki\/SalzburgerLand_Tourismus_GmbH"]},{"@type":"Person","@id":"https:\/\/www.salzburgerland.com\/de\/magazin\/#\/schema\/person\/1e4d0c967a02c339e6c85f8c3f38b89a","name":"Barbara Pirchner","description":"Reisen sieht Barbara Pirchner als ein gro\u00dfes Geschenk. Es gibt so viele tolle M\u00f6glichkeiten, wie sie die Welt entdeckt. Und wenn sie nicht unterwegs ist, erkundet sie ihre Heimat. F\u00fcr sie ist es ihr zuhause, f\u00fcr euch der Urlaubsort. Gerne nimmt sie euch hier im Magazin mit und berichtet \u00fcber die sch\u00f6nsten Orte, die lustigsten Aktivit\u00e4ten oder die entspannendsten Momente im SalzburgerLand. Nach dem Studium und jahrelanger Erfahrung im Tourismusmarketing schreibt Barbara Pirchner jetzt f\u00fcr Tourismusbetriebe. Dosige oder Zuagroast? Eindeutig a Dosige. Geboren, aufgewachsen und wohnhaft in der Salzburger Bergwelt. Jedoch jederzeit offen, was anderes von der Welt zu sehen sowie andere Kulturen und L\u00e4nder kennenzulernen \u2013 und danach die sch\u00f6nen Kleinigkeiten in der Heimat wieder mehr wertsch\u00e4tzen zu k\u00f6nnen. Salzburger Nockerl oder Schwarzbeernocken? Bei Schwarzbeernocken kribbeln meine Geschmacksknospen. Haubenlokal oder Ab-Hof-Laden? Hm. Schwere Entscheidung. Am besten alles zu seiner Zeit. K\u00f6stliche Produkte im Ab-Hof-Laden kaufen zum selber Kochen oder sich verw\u00f6hnen lassen im Haubenlokal. Kochen, schlemmen und schnabulieren - damit kann ich mich identifizieren :) Wellness oder Mountainbike? Zuerst eine sch\u00f6ne Mountainbiketour, danach zum Entspannen in den Wellnessbereich. Alpinski, Offpist oder Skitour? Alles. Am besten auf einmal und das ganze Jahr. Als Winterm\u00e4dchen sehne ich mich nach den ersten Schnee. Und dann das ganze Programm. Dirndl oder Bustierkleid? Dirndl. Liebend gern.","sameAs":["https:\/\/www.barbara-pirchner.com\/","https:\/\/www.linkedin.com\/in\/barbara-pirchner-573031120\/"],"url":"https:\/\/www.salzburgerland.com\/de\/magazin\/author\/barbara-pirchner\/"}]}},"_wl_alt_label":[],"wl:entity_url":"http:\/\/open.salzburgerland.com\/magazin\/post\/vaeter-von-ski-weltmeistern-168016","_links":{"self":[{"href":"https:\/\/www.salzburgerland.com\/de\/magazin\/wp-json\/wp\/v2\/posts\/168016","targetHints":{"allow":["GET"]}}],"collection":[{"href":"https:\/\/www.salzburgerland.com\/de\/magazin\/wp-json\/wp\/v2\/posts"}],"about":[{"href":"https:\/\/www.salzburgerland.com\/de\/magazin\/wp-json\/wp\/v2\/types\/post"}],"author":[{"embeddable":true,"href":"https:\/\/www.salzburgerland.com\/de\/magazin\/wp-json\/wp\/v2\/users\/564"}],"replies":[{"embeddable":true,"href":"https:\/\/www.salzburgerland.com\/de\/magazin\/wp-json\/wp\/v2\/comments?post=168016"}],"version-history":[{"count":5,"href":"https:\/\/www.salzburgerland.com\/de\/magazin\/wp-json\/wp\/v2\/posts\/168016\/revisions"}],"predecessor-version":[{"id":168145,"href":"https:\/\/www.salzburgerland.com\/de\/magazin\/wp-json\/wp\/v2\/posts\/168016\/revisions\/168145"}],"wp:featuredmedia":[{"embeddable":true,"href":"https:\/\/www.salzburgerland.com\/de\/magazin\/wp-json\/wp\/v2\/media\/168019"}],"wp:attachment":[{"href":"https:\/\/www.salzburgerland.com\/de\/magazin\/wp-json\/wp\/v2\/media?parent=168016"}],"wp:term":[{"taxonomy":"category","embeddable":true,"href":"https:\/\/www.salzburgerland.com\/de\/magazin\/wp-json\/wp\/v2\/categories?post=168016"},{"taxonomy":"post_tag","embeddable":true,"href":"https:\/\/www.salzburgerland.com\/de\/magazin\/wp-json\/wp\/v2\/tags?post=168016"},{"taxonomy":"wl_entity_type","embeddable":true,"href":"https:\/\/www.salzburgerland.com\/de\/magazin\/wp-json\/wp\/v2\/wl_entity_type?post=168016"},{"taxonomy":"monatsauswahl","embeddable":true,"href":"https:\/\/www.salzburgerland.com\/de\/magazin\/wp-json\/wp\/v2\/monatsauswahl?post=168016"}],"curies":[{"name":"wp","href":"https:\/\/api.w.org\/{rel}","templated":true}]}}