{"id":167895,"date":"2025-12-04T07:00:00","date_gmt":"2025-12-04T06:00:00","guid":{"rendered":"https:\/\/www.salzburgerland.com\/de\/magazin\/?p=167895"},"modified":"2026-01-22T08:46:16","modified_gmt":"2026-01-22T07:46:16","slug":"3-tage-jazz-im-winter-in-saalfelden-leogang","status":"publish","type":"post","link":"https:\/\/www.salzburgerland.com\/de\/magazin\/3-tage-jazz-im-winter-in-saalfelden-leogang\/","title":{"rendered":"\u201e3 Tage Jazz\u201c im Winter in Saalfelden Leogang"},"content":{"rendered":"\n<div class=\"wp-block-slt-top topBlocks\">\n<h2 class=\"wp-block-slt-subtitle\">Grandiose Jazzkonzerte mit Wohnzimmer-Flair<\/h2>\n\n\n\n<p class=\"wp-block-slt-intro\">Das Jazzfestival in Saalfelden im Sommer ist seit Jahrzehnten bekannt. Relativ jung hingegen ist die Winterausgabe des Jazzfestivals: \u201e3 Tage Jazz\u201c verspricht hochwertige Jazzkonzerte im intimen Rahmen in ehrw\u00fcrdigen Spielst\u00e4tten.<\/p>\n<\/div>\n\n\n\n<h2 class=\"wp-block-heading\" id=\"h-einmal-ist-nicht-genug\">Einmal ist nicht genug<\/h2>\n\n\n\n<p>Vor zehn Jahren war es soweit: In Saalfelden Leogang wurde entschieden, ein Jazzfestival pro Jahr ist nicht mehr genug. So wurde das \u201e<a href=\"https:\/\/www.jazzsaalfelden.com\/de\" target=\"_blank\" rel=\"noreferrer noopener\">3 Tage Jazz<\/a>\u201c im Winter ins Leben gerufen, das 2016 erstmals \u00fcber die B\u00fchne ging. Der Name bezieht sich auf das allererste Jazzfestival in Saalfelden, welches 1978 auf der legend\u00e4ren \u201eRanch\u201c stattfand und den gleichen Titel trug. Auch 2026 k\u00f6nnen sich Jazzfreunde wieder auf ein hochwertiges und abwechslungsreiches Programm in verschiedenen Spielst\u00e4tten im winterlichen Saalfelden Leogang freuen.<\/p>\n\n\n\n<h2 class=\"wp-block-heading\" id=\"h-klein-aber-fein\">Klein, aber fein<\/h2>\n\n\n\n<p>Dass <a href=\"https:\/\/www.jazzsaalfelden.com\" target=\"_blank\" rel=\"noreferrer noopener\">Jazzfestival Saalfelden<\/a>, das jeden Sommer viele Jazz- und Musikliebhaber aus aller Welt begeistert, ist weit \u00fcber die Grenzen Salzburgs hinaus bekannt. Das \u201e3 Tage Jazz\u201c im Winter ist kleiner, intimer, aber gerade deshalb besonders charmant. Und steht in punkto Qualit\u00e4t dem gro\u00dfen in nichts nach. \u201eWas Besucher unserer Veranstaltungen immer so erstaunt, ist, dass wir hier mitten in den Bergen, f\u00fcr sie im Nirgendwo Musik auf so hohem Niveau anbieten, wie es sie sonst oft nur in Gro\u00dfst\u00e4dten gibt. Gerade bei unserer Winterausgabe ist man den K\u00fcnstlern dabei sehr nahe, durch die kleinen Spielst\u00e4tten herrscht fast Wohnzimmerstimmung\u201c, stellt Produktionsleiterin Daniela Neumayer die Vorz\u00fcge des \u201e3 Tage Jazz\u201c dar. Auch die prachtvolle Winterlandschaft, die sich hier in den Bergen besonders sch\u00f6n zeigt, tr\u00e4gt viel zur besonderen Stimmung des \u201e3 Tage Jazz\u201c im Winter bei.<\/p>\n\n\n<div class=\"mag-gallery\"><div class=\"row\"><div class=\"col-6 col-sm-4\"><figure><a class=\"thumb-container\" href=\"https:\/\/www.salzburgerland.com\/de\/magazin\/wp-content\/uploads\/2023\/01\/27_BrotherBuffalo_3TageJazz_20200118_MichaelGeissler-1280x1024.jpg\">\t<picture><source media=\"(min-width: 576px)\" srcset=\"\"><\/source><source media=\"(min-width: 0)\" srcset=\"https:\/\/www.salzburgerland.com\/de\/magazin\/wp-content\/uploads\/2023\/01\/27_BrotherBuffalo_3TageJazz_20200118_MichaelGeissler-scaled.jpg 1707w, https:\/\/www.salzburgerland.com\/de\/magazin\/wp-content\/uploads\/2023\/01\/27_BrotherBuffalo_3TageJazz_20200118_MichaelGeissler-200x300.jpg 200w, https:\/\/www.salzburgerland.com\/de\/magazin\/wp-content\/uploads\/2023\/01\/27_BrotherBuffalo_3TageJazz_20200118_MichaelGeissler-1024x1536.jpg 1024w, https:\/\/www.salzburgerland.com\/de\/magazin\/wp-content\/uploads\/2023\/01\/27_BrotherBuffalo_3TageJazz_20200118_MichaelGeissler-1365x2048.jpg 1365w, https:\/\/www.salzburgerland.com\/de\/magazin\/wp-content\/uploads\/2023\/01\/27_BrotherBuffalo_3TageJazz_20200118_MichaelGeissler-367x550.jpg 367w, https:\/\/www.salzburgerland.com\/de\/magazin\/wp-content\/uploads\/2023\/01\/27_BrotherBuffalo_3TageJazz_20200118_MichaelGeissler-267x400.jpg 267w, https:\/\/www.salzburgerland.com\/de\/magazin\/wp-content\/uploads\/2023\/01\/27_BrotherBuffalo_3TageJazz_20200118_MichaelGeissler-1320x1980.jpg 1320w, https:\/\/www.salzburgerland.com\/de\/magazin\/wp-content\/uploads\/2023\/01\/27_BrotherBuffalo_3TageJazz_20200118_MichaelGeissler-150x225.jpg 150w\"><\/source><img decoding=\"async\" alt=\"Nahaufnahme eines gl&auml;nzenden Saxophons auf einem St&auml;nder, mit bunten, verschwommenen Lichtern im Hintergrund.\" src=\"https:\/\/www.salzburgerland.com\/de\/magazin\/wp-content\/uploads\/2023\/01\/27_BrotherBuffalo_3TageJazz_20200118_MichaelGeissler-scaled.jpg\">\t<\/picture><\/a><\/figure><\/div><div class=\"col-6 col-sm-4\"><figure><a class=\"thumb-container\" href=\"https:\/\/www.salzburgerland.com\/de\/magazin\/wp-content\/uploads\/2025\/12\/Jelena-Poprzan-c-Wolf-Dieter-Grabner-1280x1024.jpg\">\t<picture><source media=\"(min-width: 576px)\" srcset=\"https:\/\/www.salzburgerland.com\/de\/magazin\/wp-content\/uploads\/2025\/12\/Jelena-Poprzan-c-Wolf-Dieter-Grabner-418x650.jpg 418w, https:\/\/www.salzburgerland.com\/de\/magazin\/wp-content\/uploads\/2025\/12\/Jelena-Poprzan-c-Wolf-Dieter-Grabner-209x325.jpg 209w\"><\/source><source media=\"(min-width: 0)\" srcset=\"https:\/\/www.salzburgerland.com\/de\/magazin\/wp-content\/uploads\/2025\/12\/Jelena-Poprzan-c-Wolf-Dieter-Grabner-209x325.jpg 209w, https:\/\/www.salzburgerland.com\/de\/magazin\/wp-content\/uploads\/2025\/12\/Jelena-Poprzan-c-Wolf-Dieter-Grabner-418x650.jpg 418w\"><\/source><img decoding=\"async\" alt=\"Auf einem roten Stuhl sitzende Person, die fr&ouml;hlich Geige spielt, mit karierten Hosen und roten Schuhen in einem wei&szlig;en Raum.\" src=\"https:\/\/www.salzburgerland.com\/de\/magazin\/wp-content\/uploads\/2025\/12\/Jelena-Poprzan-c-Wolf-Dieter-Grabner-scaled.jpg\">\t<\/picture><\/a><\/figure><\/div><div class=\"col-6 col-sm-4\"><figure><a class=\"thumb-container\" href=\"https:\/\/www.salzburgerland.com\/de\/magazin\/wp-content\/uploads\/2023\/01\/09_EmileParisienQuartet_3TageJazz_20200118_MichaelGeissler-1280x1024.jpg\">\t<picture><source media=\"(min-width: 576px)\" srcset=\"\"><\/source><source media=\"(min-width: 0)\" srcset=\"https:\/\/www.salzburgerland.com\/de\/magazin\/wp-content\/uploads\/2023\/01\/09_EmileParisienQuartet_3TageJazz_20200118_MichaelGeissler-scaled.jpg 1707w, https:\/\/www.salzburgerland.com\/de\/magazin\/wp-content\/uploads\/2023\/01\/09_EmileParisienQuartet_3TageJazz_20200118_MichaelGeissler-200x300.jpg 200w, https:\/\/www.salzburgerland.com\/de\/magazin\/wp-content\/uploads\/2023\/01\/09_EmileParisienQuartet_3TageJazz_20200118_MichaelGeissler-1024x1536.jpg 1024w, https:\/\/www.salzburgerland.com\/de\/magazin\/wp-content\/uploads\/2023\/01\/09_EmileParisienQuartet_3TageJazz_20200118_MichaelGeissler-1365x2048.jpg 1365w, https:\/\/www.salzburgerland.com\/de\/magazin\/wp-content\/uploads\/2023\/01\/09_EmileParisienQuartet_3TageJazz_20200118_MichaelGeissler-367x550.jpg 367w, https:\/\/www.salzburgerland.com\/de\/magazin\/wp-content\/uploads\/2023\/01\/09_EmileParisienQuartet_3TageJazz_20200118_MichaelGeissler-267x400.jpg 267w, https:\/\/www.salzburgerland.com\/de\/magazin\/wp-content\/uploads\/2023\/01\/09_EmileParisienQuartet_3TageJazz_20200118_MichaelGeissler-1320x1980.jpg 1320w, https:\/\/www.salzburgerland.com\/de\/magazin\/wp-content\/uploads\/2023\/01\/09_EmileParisienQuartet_3TageJazz_20200118_MichaelGeissler-150x225.jpg 150w\"><\/source><img decoding=\"async\" alt='Ein Musiker spielt einen Kontrabass auf der B&uuml;hne mit einem \"3 Tage Jazz\"-Schild im Hintergrund.' src=\"https:\/\/www.salzburgerland.com\/de\/magazin\/wp-content\/uploads\/2023\/01\/09_EmileParisienQuartet_3TageJazz_20200118_MichaelGeissler-scaled.jpg\">\t<\/picture><\/a><\/figure><\/div><\/div><figcaption>&copy; Saalfelden Leogang Touristik GmbH<\/figcaption><\/div>\n\n\n\n<h2 class=\"wp-block-heading\" id=\"h-3-tage-jazz-von-23-25-janner-2026\">\u201e3 Tage Jazz\u201c von 23. &#8211; 25. J\u00e4nner 2026<\/h2>\n\n\n\n<p>3 Tage, 3 Spielst\u00e4tten, 9 Konzerte. Bereits am Donnerstag, 22. J\u00e4nner 2026, zeigt das Kunsthaus Nexus zur Einstimmung auf das Festivalwochenende die ORF-Dokumentation \u201eJazz in \u00d6sterreich \u2013 Von der Befreiung zum Neubeginn\u201c.<\/p>\n\n\n\n<p>Die Stadtpfarrkirche Saalfelden bietet den stimmungsvollen Rahmen f\u00fcr einen Auftakt seltener Intimit\u00e4t: Das Duo aus dem Schweizer Pianisten Colin Vallon und dem franz\u00f6sischen Cellisten Vincent Courtois pr\u00e4sentiert sein tiefgr\u00fcndiges Album \u201eA Simple Fall\u201c. <br>Nach der intimen Atmosph\u00e4re der Kirche verlagert sich das Geschehen ins nahe gelegene Kunsthaus Nexus. Hier \u00fcbernimmt zun\u00e4chst der franz\u00f6sische Posaunist, Komponist und Arrangeur Robinson Khoury mit seinem Trio M\u0178A.  Anschlie\u00dfend feiert das Jazzorchester Vorarlberg unter der Leitung von Martin Eberle und Benny Omerzell sein 20-j\u00e4hriges Jubil\u00e4um mit \u201eSonus Variegate\u201c. Die imposante musikalische Reise vereint elektronische Beats mit der warmen F\u00fclle von Blech und Holz und changiert zwischen sakraler Stille und kraftvollen, erdigen Ausbr\u00fcchen.<\/p>\n\n\n\n<p>Der Samstag beginnt mit einem unkonventionellen, tanzbaren und kostenlosen Konzert im AsitzBr\u00e4u, wenn das Rockabilly-Trio The Wango Tangos am fr\u00fchen Nachmittag mit Klassikern von Elvis, Dolly Parton und Johnny Cash f\u00fcr mitrei\u00dfende Live-Stimmung sorgt. Im Kunsthaus Nexus folgt ein Kontrastprogramm, denn das Joanna Duda Trio vereint mit \u201eDelighted\u201c treibende Grooves, filigrane Klangstrukturen und improvisatorische Freiheit zu einem flie\u00dfenden, h\u00f6chst eigenst\u00e4ndigen Sound. Direkt im Anschluss entf\u00fchrt das S\u00e9l\u00e8ne Saint-Aim\u00e9 String Trio in die musikalischen Welten Louisianas, der Antillen und La R\u00e9unions.<\/p>\n\n\n\n<p>Der Festival-Sonntag widmet sich den kammermusikalischen und historischen Klangwelten im Bergbau- und Gotikmuseum Leogang. Bereits morgens um 11:00 Uhr er\u00f6ffnet das Duo Sofia Labropoulou und Christian Reiner einen intimen Dialog. Am Nachmittag beschlie\u00dft die in Wien lebende K\u00fcnstlerin Jelena Popr\u017ean das Festival. <\/p>\n\n\n<div class=\"mag-gallery\"><div class=\"row\"><div class=\"col-6 col-sm-4\"><figure><a class=\"thumb-container\" href=\"https:\/\/www.salzburgerland.com\/de\/magazin\/wp-content\/uploads\/2024\/01\/DanielErdmannsVelvetRevolution_MichaelGeissler-1280x1024.jpg\">\t<picture><source media=\"(min-width: 576px)\" srcset=\"https:\/\/www.salzburgerland.com\/de\/magazin\/wp-content\/uploads\/2024\/01\/DanielErdmannsVelvetRevolution_MichaelGeissler-325x209.jpg 325w, https:\/\/www.salzburgerland.com\/de\/magazin\/wp-content\/uploads\/2024\/01\/DanielErdmannsVelvetRevolution_MichaelGeissler-249x160.jpg 249w\"><\/source><source media=\"(min-width: 0)\" srcset=\"https:\/\/www.salzburgerland.com\/de\/magazin\/wp-content\/uploads\/2024\/01\/DanielErdmannsVelvetRevolution_MichaelGeissler-249x160.jpg 249w, https:\/\/www.salzburgerland.com\/de\/magazin\/wp-content\/uploads\/2024\/01\/DanielErdmannsVelvetRevolution_MichaelGeissler-325x209.jpg 325w\"><\/source><img decoding=\"async\" alt=\"Eine Band spielt auf der B&uuml;hne in einer schwach beleuchteten Kirche mit blauer Beleuchtung und Weihnachtsdekoration.\" src=\"https:\/\/www.salzburgerland.com\/de\/magazin\/wp-content\/uploads\/2024\/01\/DanielErdmannsVelvetRevolution_MichaelGeissler.jpg\">\t<\/picture><figcaption>Daniel Erdmann&rsquo;s Velvet Revolution &copy; MichaelGei&szlig;ler<\/figcaption><\/a><\/figure><\/div><div class=\"col-6 col-sm-4\"><figure><a class=\"thumb-container\" href=\"https:\/\/www.salzburgerland.com\/de\/magazin\/wp-content\/uploads\/2024\/01\/57_FR_AHL6_MichaelGeissler-1280x1024.jpg\">\t<picture><source media=\"(min-width: 576px)\" srcset=\"https:\/\/www.salzburgerland.com\/de\/magazin\/wp-content\/uploads\/2024\/01\/57_FR_AHL6_MichaelGeissler-325x209.jpg 325w, https:\/\/www.salzburgerland.com\/de\/magazin\/wp-content\/uploads\/2024\/01\/57_FR_AHL6_MichaelGeissler-249x160.jpg 249w\"><\/source><source media=\"(min-width: 0)\" srcset=\"https:\/\/www.salzburgerland.com\/de\/magazin\/wp-content\/uploads\/2024\/01\/57_FR_AHL6_MichaelGeissler-249x160.jpg 249w, https:\/\/www.salzburgerland.com\/de\/magazin\/wp-content\/uploads\/2024\/01\/57_FR_AHL6_MichaelGeissler-325x209.jpg 325w\"><\/source><img decoding=\"async\" alt=\"Eine Jazzband tritt auf der B&uuml;hne unter blauem Licht auf, das Publikum sitzt in einem Theater.\" src=\"https:\/\/www.salzburgerland.com\/de\/magazin\/wp-content\/uploads\/2024\/01\/57_FR_AHL6_MichaelGeissler.jpg\">\t<\/picture><figcaption>3 Tage Jazz &copy; MichaelGei&szlig;ler<\/figcaption><\/a><\/figure><\/div><div class=\"col-6 col-sm-4\"><figure><a class=\"thumb-container\" href=\"https:\/\/www.salzburgerland.com\/de\/magazin\/wp-content\/uploads\/2024\/01\/26_SA_TheHotRods_MichaelGeissler-1280x1024.jpg\">\t<picture><source media=\"(min-width: 576px)\" srcset=\"https:\/\/www.salzburgerland.com\/de\/magazin\/wp-content\/uploads\/2024\/01\/26_SA_TheHotRods_MichaelGeissler-325x209.jpg 325w, https:\/\/www.salzburgerland.com\/de\/magazin\/wp-content\/uploads\/2024\/01\/26_SA_TheHotRods_MichaelGeissler-249x160.jpg 249w\"><\/source><source media=\"(min-width: 0)\" srcset=\"https:\/\/www.salzburgerland.com\/de\/magazin\/wp-content\/uploads\/2024\/01\/26_SA_TheHotRods_MichaelGeissler-249x160.jpg 249w, https:\/\/www.salzburgerland.com\/de\/magazin\/wp-content\/uploads\/2024\/01\/26_SA_TheHotRods_MichaelGeissler-325x209.jpg 325w\"><\/source><img decoding=\"async\" alt=\"Eine Jazzband spielt im Freien auf einer verschneiten Bergb&uuml;hne, w&auml;hrend die Leute zusehen und Getr&auml;nke genie&szlig;en.\" src=\"https:\/\/www.salzburgerland.com\/de\/magazin\/wp-content\/uploads\/2024\/01\/26_SA_TheHotRods_MichaelGeissler.jpg\">\t<\/picture><figcaption>TheHotRods &copy; MichaelGei&szlig;ler<\/figcaption><\/a><\/figure><\/div><div class=\"col-6 col-sm-4\"><figure><a class=\"thumb-container\" href=\"https:\/\/www.salzburgerland.com\/de\/magazin\/wp-content\/uploads\/2024\/01\/24_SA_TheHotRods_MichaelGeissler-1280x1024.jpg\">\t<picture><source media=\"(min-width: 576px)\" srcset=\"https:\/\/www.salzburgerland.com\/de\/magazin\/wp-content\/uploads\/2024\/01\/24_SA_TheHotRods_MichaelGeissler-325x209.jpg 325w, https:\/\/www.salzburgerland.com\/de\/magazin\/wp-content\/uploads\/2024\/01\/24_SA_TheHotRods_MichaelGeissler-249x160.jpg 249w\"><\/source><source media=\"(min-width: 0)\" srcset=\"https:\/\/www.salzburgerland.com\/de\/magazin\/wp-content\/uploads\/2024\/01\/24_SA_TheHotRods_MichaelGeissler-249x160.jpg 249w, https:\/\/www.salzburgerland.com\/de\/magazin\/wp-content\/uploads\/2024\/01\/24_SA_TheHotRods_MichaelGeissler-325x209.jpg 325w\"><\/source><img decoding=\"async\" alt=\"Musiker, der hinter seinem Kopf eine E-Gitarre spielt, im Freien, mit Schnee und einem anderen l&auml;chelnden Musiker in der N&auml;he.\" src=\"https:\/\/www.salzburgerland.com\/de\/magazin\/wp-content\/uploads\/2024\/01\/24_SA_TheHotRods_MichaelGeissler.jpg\">\t<\/picture><figcaption>TheHotRods &copy; MichaelGei&szlig;ler<\/figcaption><\/a><\/figure><\/div><div class=\"col-6 col-sm-4\"><figure><a class=\"thumb-container\" href=\"https:\/\/www.salzburgerland.com\/de\/magazin\/wp-content\/uploads\/2024\/01\/21_SO_LauraJurdinvitesPetterEldh_MichaelGeissler-1280x1024.jpg\">\t<picture><source media=\"(min-width: 576px)\" srcset=\"https:\/\/www.salzburgerland.com\/de\/magazin\/wp-content\/uploads\/2024\/01\/21_SO_LauraJurdinvitesPetterEldh_MichaelGeissler-325x209.jpg 325w, https:\/\/www.salzburgerland.com\/de\/magazin\/wp-content\/uploads\/2024\/01\/21_SO_LauraJurdinvitesPetterEldh_MichaelGeissler-249x160.jpg 249w\"><\/source><source media=\"(min-width: 0)\" srcset=\"https:\/\/www.salzburgerland.com\/de\/magazin\/wp-content\/uploads\/2024\/01\/21_SO_LauraJurdinvitesPetterEldh_MichaelGeissler-249x160.jpg 249w, https:\/\/www.salzburgerland.com\/de\/magazin\/wp-content\/uploads\/2024\/01\/21_SO_LauraJurdinvitesPetterEldh_MichaelGeissler-325x209.jpg 325w\"><\/source><img decoding=\"async\" alt=\"Ein Jazzmusiker spielt auf der B&uuml;hne Trompete vor einem aufmerksamen Publikum in einem kunstvollen, schwach beleuchteten Raum.\" src=\"https:\/\/www.salzburgerland.com\/de\/magazin\/wp-content\/uploads\/2024\/01\/21_SO_LauraJurdinvitesPetterEldh_MichaelGeissler.jpg\">\t<\/picture><figcaption>Laura Jurdinvites Petter Eldh &copy;MichaelGeissler <\/figcaption><\/a><\/figure><\/div><div class=\"col-6 col-sm-4\"><figure><a class=\"thumb-container\" href=\"https:\/\/www.salzburgerland.com\/de\/magazin\/wp-content\/uploads\/2024\/01\/06_SA_Sun-MiHongQuintet_MichaelGeissler-1280x1024.jpg\">\t<picture><source media=\"(min-width: 576px)\" srcset=\"https:\/\/www.salzburgerland.com\/de\/magazin\/wp-content\/uploads\/2024\/01\/06_SA_Sun-MiHongQuintet_MichaelGeissler-325x209.jpg 325w, https:\/\/www.salzburgerland.com\/de\/magazin\/wp-content\/uploads\/2024\/01\/06_SA_Sun-MiHongQuintet_MichaelGeissler-249x160.jpg 249w\"><\/source><source media=\"(min-width: 0)\" srcset=\"https:\/\/www.salzburgerland.com\/de\/magazin\/wp-content\/uploads\/2024\/01\/06_SA_Sun-MiHongQuintet_MichaelGeissler-249x160.jpg 249w, https:\/\/www.salzburgerland.com\/de\/magazin\/wp-content\/uploads\/2024\/01\/06_SA_Sun-MiHongQuintet_MichaelGeissler-325x209.jpg 325w\"><\/source><img decoding=\"async\" alt=\"Vier Musiker spielen auf der B&uuml;hne Jazz mit Klavier, Saxophon, Trompete und Schlagzeug im Zeichen des 3 Tage Jazz.\" src=\"https:\/\/www.salzburgerland.com\/de\/magazin\/wp-content\/uploads\/2024\/01\/06_SA_Sun-MiHongQuintet_MichaelGeissler.jpg\">\t<\/picture><figcaption>MiHongQuintet &copy;Michael Geissler<\/figcaption><\/a><\/figure><\/div><\/div><figcaption><\/figcaption><\/div>\n\n\n\n<h2 class=\"wp-block-heading\" id=\"h-festival-mit-stil\">Festival mit Stil<\/h2>\n\n\n\n<p>Wer ausgelassene Parties sucht, ist beim \u201e3 Tage Jazz\u201c im Winter m\u00f6glicherweise nicht richtig. Wer allerdings in ganz besonderem Ambiente hochwertige Jazzmusik-Konzerte besuchen m\u00f6chte, sehr wohl. Im Vergleich zum Festival im Sommer sind die Konzerte kammermusikalischer anzusetzen. Klassikfans werden hier viel Freude haben und auch Menschen, die gerne Jazz h\u00f6ren, der nicht allzu schr\u00e4g oder instrumentell ist. Oder im Prinzip alle, die gerne gute Musik m\u00f6gen.<\/p>\n\n\n\n<p><strong>N\u00e4here Infos und Tickets:<\/strong> <a href=\"https:\/\/www.jazzsaalfelden.com\/de\" target=\"_blank\" rel=\"noreferrer noopener\">www.jazzsaalfelden.com<\/a><\/p>\n\n\n\n<p>Einen Vorgeschmack k\u00f6nnt ihr euch im <a href=\"https:\/\/www.youtube.com\/watch?v=TzHanXgkp3k\" target=\"_blank\" rel=\"noreferrer noopener\">Teaservideo<\/a> holen. <\/p>\n","protected":false},"excerpt":{"rendered":"<p>Einmal ist nicht genug Vor zehn Jahren war es soweit: In Saalfelden Leogang wurde entschieden, ein Jazzfestival pro Jahr ist nicht mehr genug. So wurde das \u201e3 Tage Jazz\u201c im Winter ins Leben gerufen, das 2016 erstmals \u00fcber die B\u00fchne ging. Der Name bezieht sich auf das allererste Jazzfestival in Saalfelden, welches 1978 auf der [&hellip;]<\/p>\n","protected":false},"author":547,"featured_media":185546,"comment_status":"closed","ping_status":"closed","sticky":false,"template":"","format":"standard","meta":{"_acf_changed":false,"wl_entities_gutenberg":"","_wl_entity_redirect_enabled":"","footnotes":""},"categories":[9],"tags":[],"wl_entity_type":[306],"monatsauswahl":[],"class_list":["post-167895","post","type-post","status-publish","format-standard","has-post-thumbnail","hentry","category-sehenswurdig","wl_entity_type-article"],"acf":[],"yoast_head":"<!-- This site is optimized with the Yoast SEO Premium plugin v27.4 (Yoast SEO v27.4) - https:\/\/yoast.com\/product\/yoast-seo-premium-wordpress\/ -->\n<title>\u201e3 Tage Jazz\u201c im Winter in Saalfelden Leogang - SalzburgerLand Magazin<\/title>\n<meta name=\"robots\" content=\"index, follow, max-snippet:-1, max-image-preview:large, max-video-preview:-1\" \/>\n<link rel=\"canonical\" href=\"https:\/\/www.salzburgerland.com\/de\/magazin\/3-tage-jazz-im-winter-in-saalfelden-leogang\/\" \/>\n<meta property=\"og:locale\" content=\"de_DE\" \/>\n<meta property=\"og:type\" content=\"article\" \/>\n<meta property=\"og:title\" content=\"\u201e3 Tage Jazz\u201c im Winter in Saalfelden Leogang\" \/>\n<meta property=\"og:description\" content=\"Einmal ist nicht genug Vor zehn Jahren war es soweit: In Saalfelden Leogang wurde entschieden, ein Jazzfestival pro Jahr ist nicht mehr genug. So wurde das \u201e3 Tage Jazz\u201c im Winter ins Leben gerufen, das 2016 erstmals \u00fcber die B\u00fchne ging. Der Name bezieht sich auf das allererste Jazzfestival in Saalfelden, welches 1978 auf der [&hellip;]\" \/>\n<meta property=\"og:url\" content=\"https:\/\/www.salzburgerland.com\/de\/magazin\/3-tage-jazz-im-winter-in-saalfelden-leogang\/\" \/>\n<meta property=\"og:site_name\" content=\"SalzburgerLand Magazin\" \/>\n<meta property=\"article:publisher\" content=\"https:\/\/www.facebook.com\/salzburgerland\/\" \/>\n<meta property=\"article:published_time\" content=\"2025-12-04T06:00:00+00:00\" \/>\n<meta property=\"article:modified_time\" content=\"2026-01-22T07:46:16+00:00\" \/>\n<meta property=\"og:image\" content=\"https:\/\/www.salzburgerland.com\/de\/magazin\/wp-content\/uploads\/2024\/01\/09_FR_AHL6_MichaelGeissler-e1765957197731.jpg\" \/>\n\t<meta property=\"og:image:width\" content=\"1920\" \/>\n\t<meta property=\"og:image:height\" content=\"998\" \/>\n\t<meta property=\"og:image:type\" content=\"image\/jpeg\" \/>\n<meta name=\"author\" content=\"Margret H\u00f6rl\" \/>\n<meta name=\"twitter:card\" content=\"summary_large_image\" \/>\n<meta name=\"twitter:creator\" content=\"@Salzburgerland\" \/>\n<meta name=\"twitter:site\" content=\"@Salzburgerland\" \/>\n<meta name=\"twitter:label1\" content=\"Verfasst von\" \/>\n\t<meta name=\"twitter:data1\" content=\"Margret H\u00f6rl\" \/>\n\t<meta name=\"twitter:label2\" content=\"Gesch\u00e4tzte Lesezeit\" \/>\n\t<meta name=\"twitter:data2\" content=\"6\u00a0Minuten\" \/>\n<script type=\"application\/ld+json\" class=\"yoast-schema-graph\">{\"@context\":\"https:\\\/\\\/schema.org\",\"@graph\":[{\"@type\":\"Article\",\"@id\":\"https:\\\/\\\/www.salzburgerland.com\\\/de\\\/magazin\\\/3-tage-jazz-im-winter-in-saalfelden-leogang\\\/#article\",\"isPartOf\":{\"@id\":\"https:\\\/\\\/www.salzburgerland.com\\\/de\\\/magazin\\\/3-tage-jazz-im-winter-in-saalfelden-leogang\\\/\"},\"author\":{\"name\":\"Margret H\u00f6rl\",\"@id\":\"https:\\\/\\\/www.salzburgerland.com\\\/de\\\/magazin\\\/#\\\/schema\\\/person\\\/32c5d11fba474b53330d53dd17cde60e\"},\"headline\":\"\u201e3 Tage Jazz\u201c im Winter in Saalfelden Leogang\",\"datePublished\":\"2025-12-04T06:00:00+00:00\",\"dateModified\":\"2026-01-22T07:46:16+00:00\",\"mainEntityOfPage\":{\"@id\":\"https:\\\/\\\/www.salzburgerland.com\\\/de\\\/magazin\\\/3-tage-jazz-im-winter-in-saalfelden-leogang\\\/\"},\"wordCount\":679,\"publisher\":{\"@id\":\"https:\\\/\\\/www.salzburgerland.com\\\/de\\\/magazin\\\/#organization\"},\"image\":{\"@id\":\"https:\\\/\\\/www.salzburgerland.com\\\/de\\\/magazin\\\/3-tage-jazz-im-winter-in-saalfelden-leogang\\\/#primaryimage\"},\"thumbnailUrl\":\"https:\\\/\\\/www.salzburgerland.com\\\/de\\\/magazin\\\/wp-content\\\/uploads\\\/2024\\\/01\\\/09_FR_AHL6_MichaelGeissler-e1765957197731.jpg\",\"articleSection\":[\"Sehensw\u00fcrdig\"],\"inLanguage\":\"de\"},{\"@type\":\"WebPage\",\"@id\":\"https:\\\/\\\/www.salzburgerland.com\\\/de\\\/magazin\\\/3-tage-jazz-im-winter-in-saalfelden-leogang\\\/\",\"url\":\"https:\\\/\\\/www.salzburgerland.com\\\/de\\\/magazin\\\/3-tage-jazz-im-winter-in-saalfelden-leogang\\\/\",\"name\":\"\u201e3 Tage Jazz\u201c im Winter in Saalfelden Leogang - SalzburgerLand Magazin\",\"isPartOf\":{\"@id\":\"https:\\\/\\\/www.salzburgerland.com\\\/de\\\/magazin\\\/#website\"},\"primaryImageOfPage\":{\"@id\":\"https:\\\/\\\/www.salzburgerland.com\\\/de\\\/magazin\\\/3-tage-jazz-im-winter-in-saalfelden-leogang\\\/#primaryimage\"},\"image\":{\"@id\":\"https:\\\/\\\/www.salzburgerland.com\\\/de\\\/magazin\\\/3-tage-jazz-im-winter-in-saalfelden-leogang\\\/#primaryimage\"},\"thumbnailUrl\":\"https:\\\/\\\/www.salzburgerland.com\\\/de\\\/magazin\\\/wp-content\\\/uploads\\\/2024\\\/01\\\/09_FR_AHL6_MichaelGeissler-e1765957197731.jpg\",\"datePublished\":\"2025-12-04T06:00:00+00:00\",\"dateModified\":\"2026-01-22T07:46:16+00:00\",\"breadcrumb\":{\"@id\":\"https:\\\/\\\/www.salzburgerland.com\\\/de\\\/magazin\\\/3-tage-jazz-im-winter-in-saalfelden-leogang\\\/#breadcrumb\"},\"inLanguage\":\"de\",\"potentialAction\":[{\"@type\":\"ReadAction\",\"target\":[\"https:\\\/\\\/www.salzburgerland.com\\\/de\\\/magazin\\\/3-tage-jazz-im-winter-in-saalfelden-leogang\\\/\"]}]},{\"@type\":\"ImageObject\",\"inLanguage\":\"de\",\"@id\":\"https:\\\/\\\/www.salzburgerland.com\\\/de\\\/magazin\\\/3-tage-jazz-im-winter-in-saalfelden-leogang\\\/#primaryimage\",\"url\":\"https:\\\/\\\/www.salzburgerland.com\\\/de\\\/magazin\\\/wp-content\\\/uploads\\\/2024\\\/01\\\/09_FR_AHL6_MichaelGeissler-e1765957197731.jpg\",\"contentUrl\":\"https:\\\/\\\/www.salzburgerland.com\\\/de\\\/magazin\\\/wp-content\\\/uploads\\\/2024\\\/01\\\/09_FR_AHL6_MichaelGeissler-e1765957197731.jpg\",\"width\":1920,\"height\":998,\"caption\":\"3 Tage Jazz \u00a9Michael Gei\u00dfler\"},{\"@type\":\"BreadcrumbList\",\"@id\":\"https:\\\/\\\/www.salzburgerland.com\\\/de\\\/magazin\\\/3-tage-jazz-im-winter-in-saalfelden-leogang\\\/#breadcrumb\",\"itemListElement\":[{\"@type\":\"ListItem\",\"position\":1,\"name\":\"Startseite\",\"item\":\"https:\\\/\\\/www.salzburgerland.com\\\/de\\\/magazin\\\/\"},{\"@type\":\"ListItem\",\"position\":2,\"name\":\"Sehensw\u00fcrdig\",\"item\":\"https:\\\/\\\/www.salzburgerland.com\\\/de\\\/magazin\\\/thema\\\/sehenswurdig\\\/\"},{\"@type\":\"ListItem\",\"position\":3,\"name\":\"\u201e3 Tage Jazz\u201c im Winter in Saalfelden Leogang\"}]},{\"@type\":\"WebSite\",\"@id\":\"https:\\\/\\\/www.salzburgerland.com\\\/de\\\/magazin\\\/#website\",\"url\":\"https:\\\/\\\/www.salzburgerland.com\\\/de\\\/magazin\\\/\",\"name\":\"SalzburgerLand Magazin\",\"description\":\"Geschichten und Interessantes aus dem SalzburgerLand\",\"publisher\":{\"@id\":\"https:\\\/\\\/www.salzburgerland.com\\\/de\\\/magazin\\\/#organization\"},\"potentialAction\":[{\"@type\":\"SearchAction\",\"target\":{\"@type\":\"EntryPoint\",\"urlTemplate\":\"https:\\\/\\\/www.salzburgerland.com\\\/de\\\/magazin\\\/?s={search_term_string}\"},\"query-input\":{\"@type\":\"PropertyValueSpecification\",\"valueRequired\":true,\"valueName\":\"search_term_string\"}}],\"inLanguage\":\"de\"},{\"@type\":\"Organization\",\"@id\":\"https:\\\/\\\/www.salzburgerland.com\\\/de\\\/magazin\\\/#organization\",\"name\":\"SalzburgerLand Tourismus\",\"url\":\"https:\\\/\\\/www.salzburgerland.com\\\/de\\\/magazin\\\/\",\"logo\":{\"@type\":\"ImageObject\",\"inLanguage\":\"de\",\"@id\":\"https:\\\/\\\/www.salzburgerland.com\\\/de\\\/magazin\\\/#\\\/schema\\\/logo\\\/image\\\/\",\"url\":\"https:\\\/\\\/www.salzburgerland.com\\\/de\\\/magazin\\\/wp-content\\\/uploads\\\/2019\\\/06\\\/salzburgerland-logo1.jpg\",\"contentUrl\":\"https:\\\/\\\/www.salzburgerland.com\\\/de\\\/magazin\\\/wp-content\\\/uploads\\\/2019\\\/06\\\/salzburgerland-logo1.jpg\",\"width\":2011,\"height\":866,\"caption\":\"SalzburgerLand Tourismus\"},\"image\":{\"@id\":\"https:\\\/\\\/www.salzburgerland.com\\\/de\\\/magazin\\\/#\\\/schema\\\/logo\\\/image\\\/\"},\"sameAs\":[\"https:\\\/\\\/www.facebook.com\\\/salzburgerland\\\/\",\"https:\\\/\\\/x.com\\\/Salzburgerland\",\"https:\\\/\\\/www.instagram.com\\\/salzburgerland\\\/\",\"https:\\\/\\\/at.linkedin.com\\\/company\\\/salzburgerland-tourismus-gmbh\",\"https:\\\/\\\/www.pinterest.at\\\/salzburgerland\\\/\",\"https:\\\/\\\/www.youtube.com\\\/user\\\/salzburgerland\",\"https:\\\/\\\/de.wikipedia.org\\\/wiki\\\/SalzburgerLand_Tourismus_GmbH\"]},{\"@type\":\"Person\",\"@id\":\"https:\\\/\\\/www.salzburgerland.com\\\/de\\\/magazin\\\/#\\\/schema\\\/person\\\/32c5d11fba474b53330d53dd17cde60e\",\"name\":\"Margret H\u00f6rl\",\"description\":\"Margret H\u00f6rl, geb. 1987 im sch\u00f6nen Pinzgau, hat nach Jahren der geographischen Umtriebigkeit wieder zur\u00fcck in ihre Heimat Saalfelden gefunden, wo sie gemeinsam mit ihrem Mann einen Bio-Bauernhof und eine Almh\u00fctte f\u00fchrt und als selbst\u00e4ndige Texterin arbeitet. Nachhaltige Landwirtschaft, gesundes und gutes Essen, Sport und Bewegung in der Natur sind Themen, die Margret bewegen. Sie h\u00e4ngt sich selbst gerne ans Kletterseil und erklimmt Berg und Fels, auch zu Fu\u00df, mit Ski oder mit Rad geht\u2019s am liebsten bergauf und wenn\u2018s mal gem\u00fctlicher sein soll auf die n\u00e4chste Alm \u2013 denn die wahren Freuden sind doch Kaffee und hausgemachter Kuchen in der Sonne, oder? &nbsp; Fragen und Antworten: Dein pers\u00f6nlicher Logenplatz im SalzburgerLand? Ganz klar unsere Almh\u00fctte, die Jagglh\u00fctte! Ob Sommer oder Winter, wenn ich dort ankomme, den Holzherd anmache, Wasser aufsetzte und die Jause mit Blick auf das Steinerne Meer genie\u00dfe, bin ich der gl\u00fccklichste Mensch auf der Welt. Dosige oder Zuagroast? Im Herzen und am Papier Dosige, nach 10 Jahren in Graz, Amerika und S\u00fcdtirol und vielen Reisen auf der ganzen Welt gleichzeitig aber auch wieder Zuagroaste, die das SalzburgerLand neu entdeckt und gerade deshalb zu sch\u00e4tzen wei\u00df. Haubenlokal oder Ab-Hof-Laden? Am liebsten w\u00e4re mir eine Kombination. Gro\u00dfe Kochkunst mit einfachen, wertvollen Produkten von den Bauern aus der Region begeistert mich am meisten. Vielleicht w\u00e4re ein Haubenlokal am Bauernhof mit Hofladen ja eine Idee? Gummistiefel oder Highheels? Eindeutig Gummistiefel, die trage ich zumindest im Winter t\u00e4glich f\u00fcr die Stallarbeit. Sonst darf\u2019s nat\u00fcrlich auch gerne mal schicker sein, wobei Highheels und meine Kletterpatschen-verw\u00f6hnten F\u00fc\u00dfe wohl nie Freundschaft schlie\u00dfen werden. Rindsroulade vom Pinzgauer Biorind oder Saibling fangfrisch aus dem Fuschlsee? Am liebsten die Rindsroulade vom Bio-Rind vom eigenen Hof. Bio spielt insgesamt f\u00fcr mich eine ganz gro\u00dfe Rolle, deshalb gibt es auch auf unserer Almh\u00fctte bio-zertifizierte Speisen und Getr\u00e4nke. Golfplatz oder Klettergarten? Klettern ist meine Leidenschaft, durch die ich im SalzburgerLand schon grandiose Pl\u00e4tze kennen gelernt habe. Ob im Klettergarten, auf Klettersteigen oder alpinen Touren, wenn ich den Fels ber\u00fchre, die Sonne im Nacken sp\u00fcre und mich v\u00f6llig konzentriert weitertaste, bin ich ganz bei mir. &nbsp;\",\"url\":\"https:\\\/\\\/www.salzburgerland.com\\\/de\\\/magazin\\\/author\\\/marget-hoerl\\\/\"}]}<\/script>\n<!-- \/ Yoast SEO Premium plugin. -->","yoast_head_json":{"title":"\u201e3 Tage Jazz\u201c im Winter in Saalfelden Leogang - SalzburgerLand Magazin","robots":{"index":"index","follow":"follow","max-snippet":"max-snippet:-1","max-image-preview":"max-image-preview:large","max-video-preview":"max-video-preview:-1"},"canonical":"https:\/\/www.salzburgerland.com\/de\/magazin\/3-tage-jazz-im-winter-in-saalfelden-leogang\/","og_locale":"de_DE","og_type":"article","og_title":"\u201e3 Tage Jazz\u201c im Winter in Saalfelden Leogang","og_description":"Einmal ist nicht genug Vor zehn Jahren war es soweit: In Saalfelden Leogang wurde entschieden, ein Jazzfestival pro Jahr ist nicht mehr genug. So wurde das \u201e3 Tage Jazz\u201c im Winter ins Leben gerufen, das 2016 erstmals \u00fcber die B\u00fchne ging. Der Name bezieht sich auf das allererste Jazzfestival in Saalfelden, welches 1978 auf der [&hellip;]","og_url":"https:\/\/www.salzburgerland.com\/de\/magazin\/3-tage-jazz-im-winter-in-saalfelden-leogang\/","og_site_name":"SalzburgerLand Magazin","article_publisher":"https:\/\/www.facebook.com\/salzburgerland\/","article_published_time":"2025-12-04T06:00:00+00:00","article_modified_time":"2026-01-22T07:46:16+00:00","og_image":[{"width":1920,"height":998,"url":"https:\/\/www.salzburgerland.com\/de\/magazin\/wp-content\/uploads\/2024\/01\/09_FR_AHL6_MichaelGeissler-e1765957197731.jpg","type":"image\/jpeg"}],"author":"Margret H\u00f6rl","twitter_card":"summary_large_image","twitter_creator":"@Salzburgerland","twitter_site":"@Salzburgerland","twitter_misc":{"Verfasst von":"Margret H\u00f6rl","Gesch\u00e4tzte Lesezeit":"6\u00a0Minuten"},"schema":{"@context":"https:\/\/schema.org","@graph":[{"@type":"Article","@id":"https:\/\/www.salzburgerland.com\/de\/magazin\/3-tage-jazz-im-winter-in-saalfelden-leogang\/#article","isPartOf":{"@id":"https:\/\/www.salzburgerland.com\/de\/magazin\/3-tage-jazz-im-winter-in-saalfelden-leogang\/"},"author":{"name":"Margret H\u00f6rl","@id":"https:\/\/www.salzburgerland.com\/de\/magazin\/#\/schema\/person\/32c5d11fba474b53330d53dd17cde60e"},"headline":"\u201e3 Tage Jazz\u201c im Winter in Saalfelden Leogang","datePublished":"2025-12-04T06:00:00+00:00","dateModified":"2026-01-22T07:46:16+00:00","mainEntityOfPage":{"@id":"https:\/\/www.salzburgerland.com\/de\/magazin\/3-tage-jazz-im-winter-in-saalfelden-leogang\/"},"wordCount":679,"publisher":{"@id":"https:\/\/www.salzburgerland.com\/de\/magazin\/#organization"},"image":{"@id":"https:\/\/www.salzburgerland.com\/de\/magazin\/3-tage-jazz-im-winter-in-saalfelden-leogang\/#primaryimage"},"thumbnailUrl":"https:\/\/www.salzburgerland.com\/de\/magazin\/wp-content\/uploads\/2024\/01\/09_FR_AHL6_MichaelGeissler-e1765957197731.jpg","articleSection":["Sehensw\u00fcrdig"],"inLanguage":"de"},{"@type":"WebPage","@id":"https:\/\/www.salzburgerland.com\/de\/magazin\/3-tage-jazz-im-winter-in-saalfelden-leogang\/","url":"https:\/\/www.salzburgerland.com\/de\/magazin\/3-tage-jazz-im-winter-in-saalfelden-leogang\/","name":"\u201e3 Tage Jazz\u201c im Winter in Saalfelden Leogang - SalzburgerLand Magazin","isPartOf":{"@id":"https:\/\/www.salzburgerland.com\/de\/magazin\/#website"},"primaryImageOfPage":{"@id":"https:\/\/www.salzburgerland.com\/de\/magazin\/3-tage-jazz-im-winter-in-saalfelden-leogang\/#primaryimage"},"image":{"@id":"https:\/\/www.salzburgerland.com\/de\/magazin\/3-tage-jazz-im-winter-in-saalfelden-leogang\/#primaryimage"},"thumbnailUrl":"https:\/\/www.salzburgerland.com\/de\/magazin\/wp-content\/uploads\/2024\/01\/09_FR_AHL6_MichaelGeissler-e1765957197731.jpg","datePublished":"2025-12-04T06:00:00+00:00","dateModified":"2026-01-22T07:46:16+00:00","breadcrumb":{"@id":"https:\/\/www.salzburgerland.com\/de\/magazin\/3-tage-jazz-im-winter-in-saalfelden-leogang\/#breadcrumb"},"inLanguage":"de","potentialAction":[{"@type":"ReadAction","target":["https:\/\/www.salzburgerland.com\/de\/magazin\/3-tage-jazz-im-winter-in-saalfelden-leogang\/"]}]},{"@type":"ImageObject","inLanguage":"de","@id":"https:\/\/www.salzburgerland.com\/de\/magazin\/3-tage-jazz-im-winter-in-saalfelden-leogang\/#primaryimage","url":"https:\/\/www.salzburgerland.com\/de\/magazin\/wp-content\/uploads\/2024\/01\/09_FR_AHL6_MichaelGeissler-e1765957197731.jpg","contentUrl":"https:\/\/www.salzburgerland.com\/de\/magazin\/wp-content\/uploads\/2024\/01\/09_FR_AHL6_MichaelGeissler-e1765957197731.jpg","width":1920,"height":998,"caption":"3 Tage Jazz \u00a9Michael Gei\u00dfler"},{"@type":"BreadcrumbList","@id":"https:\/\/www.salzburgerland.com\/de\/magazin\/3-tage-jazz-im-winter-in-saalfelden-leogang\/#breadcrumb","itemListElement":[{"@type":"ListItem","position":1,"name":"Startseite","item":"https:\/\/www.salzburgerland.com\/de\/magazin\/"},{"@type":"ListItem","position":2,"name":"Sehensw\u00fcrdig","item":"https:\/\/www.salzburgerland.com\/de\/magazin\/thema\/sehenswurdig\/"},{"@type":"ListItem","position":3,"name":"\u201e3 Tage Jazz\u201c im Winter in Saalfelden Leogang"}]},{"@type":"WebSite","@id":"https:\/\/www.salzburgerland.com\/de\/magazin\/#website","url":"https:\/\/www.salzburgerland.com\/de\/magazin\/","name":"SalzburgerLand Magazin","description":"Geschichten und Interessantes aus dem SalzburgerLand","publisher":{"@id":"https:\/\/www.salzburgerland.com\/de\/magazin\/#organization"},"potentialAction":[{"@type":"SearchAction","target":{"@type":"EntryPoint","urlTemplate":"https:\/\/www.salzburgerland.com\/de\/magazin\/?s={search_term_string}"},"query-input":{"@type":"PropertyValueSpecification","valueRequired":true,"valueName":"search_term_string"}}],"inLanguage":"de"},{"@type":"Organization","@id":"https:\/\/www.salzburgerland.com\/de\/magazin\/#organization","name":"SalzburgerLand Tourismus","url":"https:\/\/www.salzburgerland.com\/de\/magazin\/","logo":{"@type":"ImageObject","inLanguage":"de","@id":"https:\/\/www.salzburgerland.com\/de\/magazin\/#\/schema\/logo\/image\/","url":"https:\/\/www.salzburgerland.com\/de\/magazin\/wp-content\/uploads\/2019\/06\/salzburgerland-logo1.jpg","contentUrl":"https:\/\/www.salzburgerland.com\/de\/magazin\/wp-content\/uploads\/2019\/06\/salzburgerland-logo1.jpg","width":2011,"height":866,"caption":"SalzburgerLand Tourismus"},"image":{"@id":"https:\/\/www.salzburgerland.com\/de\/magazin\/#\/schema\/logo\/image\/"},"sameAs":["https:\/\/www.facebook.com\/salzburgerland\/","https:\/\/x.com\/Salzburgerland","https:\/\/www.instagram.com\/salzburgerland\/","https:\/\/at.linkedin.com\/company\/salzburgerland-tourismus-gmbh","https:\/\/www.pinterest.at\/salzburgerland\/","https:\/\/www.youtube.com\/user\/salzburgerland","https:\/\/de.wikipedia.org\/wiki\/SalzburgerLand_Tourismus_GmbH"]},{"@type":"Person","@id":"https:\/\/www.salzburgerland.com\/de\/magazin\/#\/schema\/person\/32c5d11fba474b53330d53dd17cde60e","name":"Margret H\u00f6rl","description":"Margret H\u00f6rl, geb. 1987 im sch\u00f6nen Pinzgau, hat nach Jahren der geographischen Umtriebigkeit wieder zur\u00fcck in ihre Heimat Saalfelden gefunden, wo sie gemeinsam mit ihrem Mann einen Bio-Bauernhof und eine Almh\u00fctte f\u00fchrt und als selbst\u00e4ndige Texterin arbeitet. Nachhaltige Landwirtschaft, gesundes und gutes Essen, Sport und Bewegung in der Natur sind Themen, die Margret bewegen. Sie h\u00e4ngt sich selbst gerne ans Kletterseil und erklimmt Berg und Fels, auch zu Fu\u00df, mit Ski oder mit Rad geht\u2019s am liebsten bergauf und wenn\u2018s mal gem\u00fctlicher sein soll auf die n\u00e4chste Alm \u2013 denn die wahren Freuden sind doch Kaffee und hausgemachter Kuchen in der Sonne, oder? &nbsp; Fragen und Antworten: Dein pers\u00f6nlicher Logenplatz im SalzburgerLand? Ganz klar unsere Almh\u00fctte, die Jagglh\u00fctte! Ob Sommer oder Winter, wenn ich dort ankomme, den Holzherd anmache, Wasser aufsetzte und die Jause mit Blick auf das Steinerne Meer genie\u00dfe, bin ich der gl\u00fccklichste Mensch auf der Welt. Dosige oder Zuagroast? Im Herzen und am Papier Dosige, nach 10 Jahren in Graz, Amerika und S\u00fcdtirol und vielen Reisen auf der ganzen Welt gleichzeitig aber auch wieder Zuagroaste, die das SalzburgerLand neu entdeckt und gerade deshalb zu sch\u00e4tzen wei\u00df. Haubenlokal oder Ab-Hof-Laden? Am liebsten w\u00e4re mir eine Kombination. Gro\u00dfe Kochkunst mit einfachen, wertvollen Produkten von den Bauern aus der Region begeistert mich am meisten. Vielleicht w\u00e4re ein Haubenlokal am Bauernhof mit Hofladen ja eine Idee? Gummistiefel oder Highheels? Eindeutig Gummistiefel, die trage ich zumindest im Winter t\u00e4glich f\u00fcr die Stallarbeit. Sonst darf\u2019s nat\u00fcrlich auch gerne mal schicker sein, wobei Highheels und meine Kletterpatschen-verw\u00f6hnten F\u00fc\u00dfe wohl nie Freundschaft schlie\u00dfen werden. Rindsroulade vom Pinzgauer Biorind oder Saibling fangfrisch aus dem Fuschlsee? Am liebsten die Rindsroulade vom Bio-Rind vom eigenen Hof. Bio spielt insgesamt f\u00fcr mich eine ganz gro\u00dfe Rolle, deshalb gibt es auch auf unserer Almh\u00fctte bio-zertifizierte Speisen und Getr\u00e4nke. Golfplatz oder Klettergarten? Klettern ist meine Leidenschaft, durch die ich im SalzburgerLand schon grandiose Pl\u00e4tze kennen gelernt habe. Ob im Klettergarten, auf Klettersteigen oder alpinen Touren, wenn ich den Fels ber\u00fchre, die Sonne im Nacken sp\u00fcre und mich v\u00f6llig konzentriert weitertaste, bin ich ganz bei mir. &nbsp;","url":"https:\/\/www.salzburgerland.com\/de\/magazin\/author\/marget-hoerl\/"}]}},"_wl_alt_label":[],"wl:entity_url":"http:\/\/open.salzburgerland.com\/magazin\/post\/3-tage-jazz-im-winter-in-saalfelden-leogang-167895","_links":{"self":[{"href":"https:\/\/www.salzburgerland.com\/de\/magazin\/wp-json\/wp\/v2\/posts\/167895","targetHints":{"allow":["GET"]}}],"collection":[{"href":"https:\/\/www.salzburgerland.com\/de\/magazin\/wp-json\/wp\/v2\/posts"}],"about":[{"href":"https:\/\/www.salzburgerland.com\/de\/magazin\/wp-json\/wp\/v2\/types\/post"}],"author":[{"embeddable":true,"href":"https:\/\/www.salzburgerland.com\/de\/magazin\/wp-json\/wp\/v2\/users\/547"}],"replies":[{"embeddable":true,"href":"https:\/\/www.salzburgerland.com\/de\/magazin\/wp-json\/wp\/v2\/comments?post=167895"}],"version-history":[{"count":13,"href":"https:\/\/www.salzburgerland.com\/de\/magazin\/wp-json\/wp\/v2\/posts\/167895\/revisions"}],"predecessor-version":[{"id":185853,"href":"https:\/\/www.salzburgerland.com\/de\/magazin\/wp-json\/wp\/v2\/posts\/167895\/revisions\/185853"}],"wp:featuredmedia":[{"embeddable":true,"href":"https:\/\/www.salzburgerland.com\/de\/magazin\/wp-json\/wp\/v2\/media\/185546"}],"wp:attachment":[{"href":"https:\/\/www.salzburgerland.com\/de\/magazin\/wp-json\/wp\/v2\/media?parent=167895"}],"wp:term":[{"taxonomy":"category","embeddable":true,"href":"https:\/\/www.salzburgerland.com\/de\/magazin\/wp-json\/wp\/v2\/categories?post=167895"},{"taxonomy":"post_tag","embeddable":true,"href":"https:\/\/www.salzburgerland.com\/de\/magazin\/wp-json\/wp\/v2\/tags?post=167895"},{"taxonomy":"wl_entity_type","embeddable":true,"href":"https:\/\/www.salzburgerland.com\/de\/magazin\/wp-json\/wp\/v2\/wl_entity_type?post=167895"},{"taxonomy":"monatsauswahl","embeddable":true,"href":"https:\/\/www.salzburgerland.com\/de\/magazin\/wp-json\/wp\/v2\/monatsauswahl?post=167895"}],"curies":[{"name":"wp","href":"https:\/\/api.w.org\/{rel}","templated":true}]}}