{"id":166991,"date":"2022-12-14T08:00:00","date_gmt":"2022-12-14T07:00:00","guid":{"rendered":"https:\/\/www.salzburgerland.com\/de\/magazin\/?p=166991"},"modified":"2023-11-02T16:36:15","modified_gmt":"2023-11-02T15:36:15","slug":"gefragte-designermoebel-aus-kaputtem-holz","status":"publish","type":"post","link":"https:\/\/www.salzburgerland.com\/de\/magazin\/gefragte-designermoebel-aus-kaputtem-holz\/","title":{"rendered":"Gefragte Designerm\u00f6bel aus &#8222;kaputtem&#8220; Holz"},"content":{"rendered":"\n<div class=\"wp-block-slt-top topBlocks\">\n<h2 class=\"wp-block-slt-subtitle\">Stammdesign by Rainer Sandhoff<\/h2>\n\n\n\n<p class=\"wp-block-slt-intro\">M\u00f6beldesigner Raimund Sandhoff hat mit seinem Unternehmen Stammdesign einen Nerv der Zeit getroffen. Vor rund 15 Jahren startete er seine Stammdesign Tischmanufaktur \u2013 aber arbeitete ganz anders als viele andere M\u00f6belhersteller und Tischler.<\/p>\n<\/div>\n\n\n\n<p>Er verwendete f\u00fcr seine Tische keine &#8222;intakten&#8220; B\u00e4ume, sondern ausschlie\u00dflich B\u00e4ume, die zum Beispiel Opfer von St\u00fcrmen wurden oder der Stamm bereits abgestorben ist und darum gef\u00e4llt werden mussten. Dadurch ergibt sich auch eine h\u00f6herwertige Nutzung des Rohstoffes Holz, da dieses sonst nur mehr zu Hackgut verarbeitet wird. Und dieses Schicksal ver\u00e4ndert Raimund Sandhoff mit seinem &#8222;<a href=\"https:\/\/www.stammdesign.at\/\" target=\"_blank\" rel=\"noreferrer noopener\">Stammdesign<\/a>&#8222;. Verwendet werden nur B\u00e4ume aus der Region und einem 250 Kilometer-Radius rund um den Firmensitz. Die Herkunft des verarbeiteten Holz wird den Kunden \u00fcbrigens transparent weitergegeben und kann mittels QR-Code personalisiert abgerufen werden.<\/p>\n\n\n\n<figure class=\"wp-block-image size-full\"><img loading=\"lazy\" decoding=\"async\" width=\"945\" height=\"631\" src=\"https:\/\/www.salzburgerland.com\/de\/magazin\/wp-content\/uploads\/2022\/12\/csm_image1_d201077ff1.jpeg\" alt=\"Stammdesign by Raimund Sandhoff\" class=\"wp-image-166992\" srcset=\"https:\/\/www.salzburgerland.com\/de\/magazin\/wp-content\/uploads\/2022\/12\/csm_image1_d201077ff1.jpeg 945w, https:\/\/www.salzburgerland.com\/de\/magazin\/wp-content\/uploads\/2022\/12\/csm_image1_d201077ff1-300x200.jpeg 300w, https:\/\/www.salzburgerland.com\/de\/magazin\/wp-content\/uploads\/2022\/12\/csm_image1_d201077ff1-824x550.jpeg 824w, https:\/\/www.salzburgerland.com\/de\/magazin\/wp-content\/uploads\/2022\/12\/csm_image1_d201077ff1-599x400.jpeg 599w, https:\/\/www.salzburgerland.com\/de\/magazin\/wp-content\/uploads\/2022\/12\/csm_image1_d201077ff1-150x100.jpeg 150w\" sizes=\"auto, (max-width: 945px) 100vw, 945px\" \/><figcaption class=\"wp-element-caption\">Diese Arbeit erfodert viel Fingerspitzengef\u00fchl \u00a9 Stammdesign<\/figcaption><\/figure>\n\n\n\n<h2 class=\"wp-block-heading\" id=\"h-nachhaltiges-design\">Nachhaltiges Design<\/h2>\n\n\n\n<p>&#8222;Bei der Produktion unserer Unikate setzen wir auf die Kraft der Sonne und effizienten Einsatz von Materialabf\u00e4llen&#8220;, betont Raimund Sandhoff. &#8222;Den Strom f\u00fcr die Produktion, Trocknung und Verwaltung generieren wir mittels unserer hauseigenen Photovoltaik Anlage und die Heizenergie f\u00fcr die Werkstatt stammt aus den Reststoffen der Produktion. Somit passiert die Herstellung unserer Produkte fast vollst\u00e4ndig energie-autark.&#8220; Aber nicht nur die Produktion ist nachhaltig, auch das einzigartige M\u00f6belst\u00fcck selbst gew\u00e4hrt den Besitzern nachhaltig Freude. &#8222;Unsere Tische sind f\u00fcr die Ewigkeit, denn jeder \u201eTisch w\u00e4chst mit\u201c. Wir haben unsere Produkte sowie unser dazugeh\u00f6riges Serviceprogramm so gestaltet, dass sie auf lange Zeit mit Freude genutzt werden k\u00f6nnen und kreieren daher Esstische nach Ma\u00df, welche immer wieder an neue Situationen angepasst werden k\u00f6nnen&#8220;, ist Raimund Sandhoff stolz.<\/p>\n\n\n\n<h2 class=\"wp-block-heading\">Designer-Wurzeltisch<\/h2>\n\n\n\n<p>F\u00fcr dieses Holz ist viel Handarbeit, Expertise und Feingef\u00fchl n\u00f6tig \u2013 und ein ganz besonderes Gesp\u00fcr f\u00fcr die Einzigartigkeit der verarbeiteten H\u00f6lzer. Aber genau das ist f\u00fcr den Holzdesigner Raimund Sandhoff der Reiz der Aufgabe. &#8222;Wir lieben Herausforderungen, wir lieben das Einzigartige und wir lieben Holz in jeglicher Form&#8220;, betont <a href=\"https:\/\/www.stammdesign.at\/\" target=\"_blank\" rel=\"noreferrer noopener\">Raimund Sandhoff<\/a>. &#8222;Daher dachten wir uns, wieso nicht auch einfach mal eine Baumwurzel zu einem Tisch verwandeln!&#8220; Die Rede ist von diesem Wurzeltisch.<\/p>\n\n\n\n<figure class=\"wp-block-image size-full\"><img loading=\"lazy\" decoding=\"async\" width=\"1890\" height=\"1260\" src=\"https:\/\/www.salzburgerland.com\/de\/magazin\/wp-content\/uploads\/2022\/12\/csm_Wurzeltisch_image004_912bb3a6e6.jpeg\" alt=\"Stammdesign by Raimund Sandhoff\" class=\"wp-image-166997\" srcset=\"https:\/\/www.salzburgerland.com\/de\/magazin\/wp-content\/uploads\/2022\/12\/csm_Wurzeltisch_image004_912bb3a6e6.jpeg 1890w, https:\/\/www.salzburgerland.com\/de\/magazin\/wp-content\/uploads\/2022\/12\/csm_Wurzeltisch_image004_912bb3a6e6-300x200.jpeg 300w, https:\/\/www.salzburgerland.com\/de\/magazin\/wp-content\/uploads\/2022\/12\/csm_Wurzeltisch_image004_912bb3a6e6-1536x1024.jpeg 1536w, https:\/\/www.salzburgerland.com\/de\/magazin\/wp-content\/uploads\/2022\/12\/csm_Wurzeltisch_image004_912bb3a6e6-825x550.jpeg 825w, https:\/\/www.salzburgerland.com\/de\/magazin\/wp-content\/uploads\/2022\/12\/csm_Wurzeltisch_image004_912bb3a6e6-600x400.jpeg 600w, https:\/\/www.salzburgerland.com\/de\/magazin\/wp-content\/uploads\/2022\/12\/csm_Wurzeltisch_image004_912bb3a6e6-1320x880.jpeg 1320w, https:\/\/www.salzburgerland.com\/de\/magazin\/wp-content\/uploads\/2022\/12\/csm_Wurzeltisch_image004_912bb3a6e6-150x100.jpeg 150w\" sizes=\"auto, (max-width: 1890px) 100vw, 1890px\" \/><figcaption class=\"wp-element-caption\">Der Wurzeltisch aus einem Bau aus Wals @ Stammdesign<\/figcaption><\/figure>\n\n\n\n<p>Es handelt sich zum Beispiel bei dieser Wurzel um einen Buchenwurzelstock der in der N\u00e4he von Wals in Salzburg die letzten 50 Jahre gewachsen ist. &#8222;Die einzigartige Form der Wurzel kommt daher, dass der Baum auf einer Steinplatte gewachsen ist, welche es verhinderte, dass der Baum einen stabilen und guten Halt im Erdreich fand&#8220;, beschreibt der Holzdesigner. <\/p>\n\n\n\n<figure class=\"wp-block-image size-full\"><img loading=\"lazy\" decoding=\"async\" width=\"1890\" height=\"1260\" src=\"https:\/\/www.salzburgerland.com\/de\/magazin\/wp-content\/uploads\/2022\/12\/csm_Wurzeltisch_image003_37648bd4e3.jpeg\" alt=\"Stammdesign by Raimund Sandhoff\" class=\"wp-image-166996\" srcset=\"https:\/\/www.salzburgerland.com\/de\/magazin\/wp-content\/uploads\/2022\/12\/csm_Wurzeltisch_image003_37648bd4e3.jpeg 1890w, https:\/\/www.salzburgerland.com\/de\/magazin\/wp-content\/uploads\/2022\/12\/csm_Wurzeltisch_image003_37648bd4e3-300x200.jpeg 300w, https:\/\/www.salzburgerland.com\/de\/magazin\/wp-content\/uploads\/2022\/12\/csm_Wurzeltisch_image003_37648bd4e3-1536x1024.jpeg 1536w, https:\/\/www.salzburgerland.com\/de\/magazin\/wp-content\/uploads\/2022\/12\/csm_Wurzeltisch_image003_37648bd4e3-825x550.jpeg 825w, https:\/\/www.salzburgerland.com\/de\/magazin\/wp-content\/uploads\/2022\/12\/csm_Wurzeltisch_image003_37648bd4e3-600x400.jpeg 600w, https:\/\/www.salzburgerland.com\/de\/magazin\/wp-content\/uploads\/2022\/12\/csm_Wurzeltisch_image003_37648bd4e3-1320x880.jpeg 1320w, https:\/\/www.salzburgerland.com\/de\/magazin\/wp-content\/uploads\/2022\/12\/csm_Wurzeltisch_image003_37648bd4e3-150x100.jpeg 150w\" sizes=\"auto, (max-width: 1890px) 100vw, 1890px\" \/><\/figure>\n\n\n\n<p>&#8222;Im Alter von ca. 50 Jahre konnte diese Buche einem Sturm nicht mehr standhalten und wurde umgeworfen. Der Baumbesitzer, ein befreundeter Bauer aus Wals, hat den Wurzelstock gesehen und uns kontaktiert, um nachzufragen, ob wir da eine Idee h\u00e4tten. Nach l\u00e4ngerer \u00dcberlegung fanden wir den richtigen Einsatz.&#8220;<\/p>\n\n\n\n<h2 class=\"wp-block-heading\" id=\"h-genussraumchen-fur-exklusive-events\">Genussr\u00e4umchen f\u00fcr exklusive Events<\/h2>\n\n\n\n<figure class=\"wp-block-image size-full\"><img loading=\"lazy\" decoding=\"async\" width=\"1920\" height=\"1080\" src=\"https:\/\/www.salzburgerland.com\/de\/magazin\/wp-content\/uploads\/2023\/11\/csm_20210518_StammDesign_Genussra__umchen_Softopening-34_c565bbb0b1.jpeg\" alt=\"StammDesign Genussr\u00e4umchen\" class=\"wp-image-173742\" srcset=\"https:\/\/www.salzburgerland.com\/de\/magazin\/wp-content\/uploads\/2023\/11\/csm_20210518_StammDesign_Genussra__umchen_Softopening-34_c565bbb0b1.jpeg 1920w, https:\/\/www.salzburgerland.com\/de\/magazin\/wp-content\/uploads\/2023\/11\/csm_20210518_StammDesign_Genussra__umchen_Softopening-34_c565bbb0b1-300x169.jpeg 300w, https:\/\/www.salzburgerland.com\/de\/magazin\/wp-content\/uploads\/2023\/11\/csm_20210518_StammDesign_Genussra__umchen_Softopening-34_c565bbb0b1-1536x864.jpeg 1536w, https:\/\/www.salzburgerland.com\/de\/magazin\/wp-content\/uploads\/2023\/11\/csm_20210518_StammDesign_Genussra__umchen_Softopening-34_c565bbb0b1-978x550.jpeg 978w, https:\/\/www.salzburgerland.com\/de\/magazin\/wp-content\/uploads\/2023\/11\/csm_20210518_StammDesign_Genussra__umchen_Softopening-34_c565bbb0b1-711x400.jpeg 711w, https:\/\/www.salzburgerland.com\/de\/magazin\/wp-content\/uploads\/2023\/11\/csm_20210518_StammDesign_Genussra__umchen_Softopening-34_c565bbb0b1-560x316.jpeg 560w, https:\/\/www.salzburgerland.com\/de\/magazin\/wp-content\/uploads\/2023\/11\/csm_20210518_StammDesign_Genussra__umchen_Softopening-34_c565bbb0b1-250x140.jpeg 250w, https:\/\/www.salzburgerland.com\/de\/magazin\/wp-content\/uploads\/2023\/11\/csm_20210518_StammDesign_Genussra__umchen_Softopening-34_c565bbb0b1-1320x743.jpeg 1320w, https:\/\/www.salzburgerland.com\/de\/magazin\/wp-content\/uploads\/2023\/11\/csm_20210518_StammDesign_Genussra__umchen_Softopening-34_c565bbb0b1-1200x675.jpeg 1200w, https:\/\/www.salzburgerland.com\/de\/magazin\/wp-content\/uploads\/2023\/11\/csm_20210518_StammDesign_Genussra__umchen_Softopening-34_c565bbb0b1-150x84.jpeg 150w\" sizes=\"auto, (max-width: 1920px) 100vw, 1920px\" \/><figcaption class=\"wp-element-caption\">Einmaliges Ambiente im Genussr\u00e4umchen. \u00a9 Stammdesign<\/figcaption><\/figure>\n\n\n\n<p>Aber Raimund Sandhoff pr\u00e4sentiert nicht nur seine besonderen Design, sondern ist auch Gastgeber \u2013 im sogenannten <a href=\"https:\/\/www.stammdesign.at\/de\/events-kurse\/genussraeumchen\">Genussr\u00e4umchen<\/a>. Hier finden bis zu 12 Personen Platz, ideal f\u00fcr Geburtstags- und Firmenfeiern, Kochkurse oder Weinverkostungen. Nat\u00fcrlich ist der Raum liebevoll eingerichtet und ausgestattet mit Designerst\u00fccken aus der Manufaktur Stammdesign \u2013 ein einmaliger Blickfang ist hier auf jeden Fall die &#8222;Baumk\u00fcche&#8220; aus einem 300 Jahre alten Eichenstamm. Wer also das Besondere liebt, ist bei Stammdesign in Perwang gleich doppelt an der richtigen Adresse. <\/p>\n\n\n\n<p><strong>Stammdesign by Raimund Sandhoff<\/strong><br>Betriebspark 13<br>5166 Perwang am Grabensee<br><a href=\"https:\/\/www.stammdesign.at\/\" target=\"_blank\" rel=\"noreferrer noopener\">www.stammdesign.at<\/a><\/p>\n","protected":false},"excerpt":{"rendered":"<p>Er verwendete f\u00fcr seine Tische keine &#8222;intakten&#8220; B\u00e4ume, sondern ausschlie\u00dflich B\u00e4ume, die zum Beispiel Opfer von St\u00fcrmen wurden oder der Stamm bereits abgestorben ist und darum gef\u00e4llt werden mussten. Dadurch ergibt sich auch eine h\u00f6herwertige Nutzung des Rohstoffes Holz, da dieses sonst nur mehr zu Hackgut verarbeitet wird. Und dieses Schicksal ver\u00e4ndert Raimund Sandhoff mit [&hellip;]<\/p>\n","protected":false},"author":544,"featured_media":166993,"comment_status":"closed","ping_status":"closed","sticky":false,"template":"","format":"standard","meta":{"_acf_changed":false,"wl_entities_gutenberg":"","_wl_entity_redirect_enabled":"","footnotes":""},"categories":[6],"tags":[2816],"wl_entity_type":[306],"monatsauswahl":[82,83,84,85,86,87,88,89,90,91,92,93],"class_list":["post-166991","post","type-post","status-publish","format-standard","has-post-thumbnail","hentry","category-kunst-kultur","tag-nachhaltigkeit","wl_entity_type-article","monatsauswahl-monat_1","monatsauswahl-monat_2","monatsauswahl-monat_3","monatsauswahl-monat_4","monatsauswahl-monat_5","monatsauswahl-monat_6","monatsauswahl-monat_7","monatsauswahl-monat_8","monatsauswahl-monat_9","monatsauswahl-monat_10","monatsauswahl-monat_11","monatsauswahl-monat_12"],"acf":[],"yoast_head":"<!-- This site is optimized with the Yoast SEO Premium plugin v27.4 (Yoast SEO v27.4) - https:\/\/yoast.com\/product\/yoast-seo-premium-wordpress\/ -->\n<title>Gefragte Designerm\u00f6bel aus &quot;kaputtem&quot; Holz - SalzburgerLand Magazin<\/title>\n<meta name=\"robots\" content=\"index, follow, max-snippet:-1, max-image-preview:large, max-video-preview:-1\" \/>\n<link rel=\"canonical\" href=\"https:\/\/www.salzburgerland.com\/de\/magazin\/gefragte-designermoebel-aus-kaputtem-holz\/\" \/>\n<meta property=\"og:locale\" content=\"de_DE\" \/>\n<meta property=\"og:type\" content=\"article\" \/>\n<meta property=\"og:title\" content=\"Gefragte Designerm\u00f6bel aus &quot;kaputtem&quot; Holz\" \/>\n<meta property=\"og:description\" content=\"Er verwendete f\u00fcr seine Tische keine &#8222;intakten&#8220; B\u00e4ume, sondern ausschlie\u00dflich B\u00e4ume, die zum Beispiel Opfer von St\u00fcrmen wurden oder der Stamm bereits abgestorben ist und darum gef\u00e4llt werden mussten. Dadurch ergibt sich auch eine h\u00f6herwertige Nutzung des Rohstoffes Holz, da dieses sonst nur mehr zu Hackgut verarbeitet wird. Und dieses Schicksal ver\u00e4ndert Raimund Sandhoff mit [&hellip;]\" \/>\n<meta property=\"og:url\" content=\"https:\/\/www.salzburgerland.com\/de\/magazin\/gefragte-designermoebel-aus-kaputtem-holz\/\" \/>\n<meta property=\"og:site_name\" content=\"SalzburgerLand Magazin\" \/>\n<meta property=\"article:publisher\" content=\"https:\/\/www.facebook.com\/salzburgerland\/\" \/>\n<meta property=\"article:published_time\" content=\"2022-12-14T07:00:00+00:00\" \/>\n<meta property=\"article:modified_time\" content=\"2023-11-02T15:36:15+00:00\" \/>\n<meta property=\"og:image\" content=\"https:\/\/www.salzburgerland.com\/de\/magazin\/wp-content\/uploads\/2022\/12\/csm_nachhaltigkeit_3_c2851c4fef.jpeg\" \/>\n\t<meta property=\"og:image:width\" content=\"945\" \/>\n\t<meta property=\"og:image:height\" content=\"631\" \/>\n\t<meta property=\"og:image:type\" content=\"image\/jpeg\" \/>\n<meta name=\"author\" content=\"G\u00fcnter Baumgartner\" \/>\n<meta name=\"twitter:card\" content=\"summary_large_image\" \/>\n<meta name=\"twitter:creator\" content=\"@Salzburgerland\" \/>\n<meta name=\"twitter:site\" content=\"@Salzburgerland\" \/>\n<meta name=\"twitter:label1\" content=\"Verfasst von\" \/>\n\t<meta name=\"twitter:data1\" content=\"G\u00fcnter Baumgartner\" \/>\n\t<meta name=\"twitter:label2\" content=\"Gesch\u00e4tzte Lesezeit\" \/>\n\t<meta name=\"twitter:data2\" content=\"4\u00a0Minuten\" \/>\n<script type=\"application\/ld+json\" class=\"yoast-schema-graph\">{\"@context\":\"https:\\\/\\\/schema.org\",\"@graph\":[{\"@type\":\"Article\",\"@id\":\"https:\\\/\\\/www.salzburgerland.com\\\/de\\\/magazin\\\/gefragte-designermoebel-aus-kaputtem-holz\\\/#article\",\"isPartOf\":{\"@id\":\"https:\\\/\\\/www.salzburgerland.com\\\/de\\\/magazin\\\/gefragte-designermoebel-aus-kaputtem-holz\\\/\"},\"author\":{\"name\":\"G\u00fcnter Baumgartner\",\"@id\":\"https:\\\/\\\/www.salzburgerland.com\\\/de\\\/magazin\\\/#\\\/schema\\\/person\\\/2e0abbe9392136e19ff0d5c5721aea87\"},\"headline\":\"Gefragte Designerm\u00f6bel aus &#8222;kaputtem&#8220; Holz\",\"datePublished\":\"2022-12-14T07:00:00+00:00\",\"dateModified\":\"2023-11-02T15:36:15+00:00\",\"mainEntityOfPage\":{\"@id\":\"https:\\\/\\\/www.salzburgerland.com\\\/de\\\/magazin\\\/gefragte-designermoebel-aus-kaputtem-holz\\\/\"},\"wordCount\":582,\"publisher\":{\"@id\":\"https:\\\/\\\/www.salzburgerland.com\\\/de\\\/magazin\\\/#organization\"},\"image\":{\"@id\":\"https:\\\/\\\/www.salzburgerland.com\\\/de\\\/magazin\\\/gefragte-designermoebel-aus-kaputtem-holz\\\/#primaryimage\"},\"thumbnailUrl\":\"https:\\\/\\\/www.salzburgerland.com\\\/de\\\/magazin\\\/wp-content\\\/uploads\\\/2022\\\/12\\\/csm_nachhaltigkeit_3_c2851c4fef.jpeg\",\"keywords\":[\"Nachhaltigkeit\"],\"articleSection\":[\"Kunst &amp; Kultur\"],\"inLanguage\":\"de\"},{\"@type\":\"WebPage\",\"@id\":\"https:\\\/\\\/www.salzburgerland.com\\\/de\\\/magazin\\\/gefragte-designermoebel-aus-kaputtem-holz\\\/\",\"url\":\"https:\\\/\\\/www.salzburgerland.com\\\/de\\\/magazin\\\/gefragte-designermoebel-aus-kaputtem-holz\\\/\",\"name\":\"Gefragte Designerm\u00f6bel aus \\\"kaputtem\\\" Holz - SalzburgerLand Magazin\",\"isPartOf\":{\"@id\":\"https:\\\/\\\/www.salzburgerland.com\\\/de\\\/magazin\\\/#website\"},\"primaryImageOfPage\":{\"@id\":\"https:\\\/\\\/www.salzburgerland.com\\\/de\\\/magazin\\\/gefragte-designermoebel-aus-kaputtem-holz\\\/#primaryimage\"},\"image\":{\"@id\":\"https:\\\/\\\/www.salzburgerland.com\\\/de\\\/magazin\\\/gefragte-designermoebel-aus-kaputtem-holz\\\/#primaryimage\"},\"thumbnailUrl\":\"https:\\\/\\\/www.salzburgerland.com\\\/de\\\/magazin\\\/wp-content\\\/uploads\\\/2022\\\/12\\\/csm_nachhaltigkeit_3_c2851c4fef.jpeg\",\"datePublished\":\"2022-12-14T07:00:00+00:00\",\"dateModified\":\"2023-11-02T15:36:15+00:00\",\"breadcrumb\":{\"@id\":\"https:\\\/\\\/www.salzburgerland.com\\\/de\\\/magazin\\\/gefragte-designermoebel-aus-kaputtem-holz\\\/#breadcrumb\"},\"inLanguage\":\"de\",\"potentialAction\":[{\"@type\":\"ReadAction\",\"target\":[\"https:\\\/\\\/www.salzburgerland.com\\\/de\\\/magazin\\\/gefragte-designermoebel-aus-kaputtem-holz\\\/\"]}]},{\"@type\":\"ImageObject\",\"inLanguage\":\"de\",\"@id\":\"https:\\\/\\\/www.salzburgerland.com\\\/de\\\/magazin\\\/gefragte-designermoebel-aus-kaputtem-holz\\\/#primaryimage\",\"url\":\"https:\\\/\\\/www.salzburgerland.com\\\/de\\\/magazin\\\/wp-content\\\/uploads\\\/2022\\\/12\\\/csm_nachhaltigkeit_3_c2851c4fef.jpeg\",\"contentUrl\":\"https:\\\/\\\/www.salzburgerland.com\\\/de\\\/magazin\\\/wp-content\\\/uploads\\\/2022\\\/12\\\/csm_nachhaltigkeit_3_c2851c4fef.jpeg\",\"width\":945,\"height\":631,\"caption\":\"\u00a9 Stammdesign\"},{\"@type\":\"BreadcrumbList\",\"@id\":\"https:\\\/\\\/www.salzburgerland.com\\\/de\\\/magazin\\\/gefragte-designermoebel-aus-kaputtem-holz\\\/#breadcrumb\",\"itemListElement\":[{\"@type\":\"ListItem\",\"position\":1,\"name\":\"Startseite\",\"item\":\"https:\\\/\\\/www.salzburgerland.com\\\/de\\\/magazin\\\/\"},{\"@type\":\"ListItem\",\"position\":2,\"name\":\"Kunst &amp; Kultur\",\"item\":\"https:\\\/\\\/www.salzburgerland.com\\\/de\\\/magazin\\\/thema\\\/kunst-kultur\\\/\"},{\"@type\":\"ListItem\",\"position\":3,\"name\":\"Gefragte Designerm\u00f6bel aus &#8222;kaputtem&#8220; Holz\"}]},{\"@type\":\"WebSite\",\"@id\":\"https:\\\/\\\/www.salzburgerland.com\\\/de\\\/magazin\\\/#website\",\"url\":\"https:\\\/\\\/www.salzburgerland.com\\\/de\\\/magazin\\\/\",\"name\":\"SalzburgerLand Magazin\",\"description\":\"Geschichten und Interessantes aus dem SalzburgerLand\",\"publisher\":{\"@id\":\"https:\\\/\\\/www.salzburgerland.com\\\/de\\\/magazin\\\/#organization\"},\"potentialAction\":[{\"@type\":\"SearchAction\",\"target\":{\"@type\":\"EntryPoint\",\"urlTemplate\":\"https:\\\/\\\/www.salzburgerland.com\\\/de\\\/magazin\\\/?s={search_term_string}\"},\"query-input\":{\"@type\":\"PropertyValueSpecification\",\"valueRequired\":true,\"valueName\":\"search_term_string\"}}],\"inLanguage\":\"de\"},{\"@type\":\"Organization\",\"@id\":\"https:\\\/\\\/www.salzburgerland.com\\\/de\\\/magazin\\\/#organization\",\"name\":\"SalzburgerLand Tourismus\",\"url\":\"https:\\\/\\\/www.salzburgerland.com\\\/de\\\/magazin\\\/\",\"logo\":{\"@type\":\"ImageObject\",\"inLanguage\":\"de\",\"@id\":\"https:\\\/\\\/www.salzburgerland.com\\\/de\\\/magazin\\\/#\\\/schema\\\/logo\\\/image\\\/\",\"url\":\"https:\\\/\\\/www.salzburgerland.com\\\/de\\\/magazin\\\/wp-content\\\/uploads\\\/2019\\\/06\\\/salzburgerland-logo1.jpg\",\"contentUrl\":\"https:\\\/\\\/www.salzburgerland.com\\\/de\\\/magazin\\\/wp-content\\\/uploads\\\/2019\\\/06\\\/salzburgerland-logo1.jpg\",\"width\":2011,\"height\":866,\"caption\":\"SalzburgerLand Tourismus\"},\"image\":{\"@id\":\"https:\\\/\\\/www.salzburgerland.com\\\/de\\\/magazin\\\/#\\\/schema\\\/logo\\\/image\\\/\"},\"sameAs\":[\"https:\\\/\\\/www.facebook.com\\\/salzburgerland\\\/\",\"https:\\\/\\\/x.com\\\/Salzburgerland\",\"https:\\\/\\\/www.instagram.com\\\/salzburgerland\\\/\",\"https:\\\/\\\/at.linkedin.com\\\/company\\\/salzburgerland-tourismus-gmbh\",\"https:\\\/\\\/www.pinterest.at\\\/salzburgerland\\\/\",\"https:\\\/\\\/www.youtube.com\\\/user\\\/salzburgerland\",\"https:\\\/\\\/de.wikipedia.org\\\/wiki\\\/SalzburgerLand_Tourismus_GmbH\"]},{\"@type\":\"Person\",\"@id\":\"https:\\\/\\\/www.salzburgerland.com\\\/de\\\/magazin\\\/#\\\/schema\\\/person\\\/2e0abbe9392136e19ff0d5c5721aea87\",\"name\":\"G\u00fcnter Baumgartner\",\"url\":\"https:\\\/\\\/www.salzburgerland.com\\\/de\\\/magazin\\\/author\\\/guenter-baumgartner\\\/\"}]}<\/script>\n<!-- \/ Yoast SEO Premium plugin. -->","yoast_head_json":{"title":"Gefragte Designerm\u00f6bel aus \"kaputtem\" Holz - SalzburgerLand Magazin","robots":{"index":"index","follow":"follow","max-snippet":"max-snippet:-1","max-image-preview":"max-image-preview:large","max-video-preview":"max-video-preview:-1"},"canonical":"https:\/\/www.salzburgerland.com\/de\/magazin\/gefragte-designermoebel-aus-kaputtem-holz\/","og_locale":"de_DE","og_type":"article","og_title":"Gefragte Designerm\u00f6bel aus \"kaputtem\" Holz","og_description":"Er verwendete f\u00fcr seine Tische keine &#8222;intakten&#8220; B\u00e4ume, sondern ausschlie\u00dflich B\u00e4ume, die zum Beispiel Opfer von St\u00fcrmen wurden oder der Stamm bereits abgestorben ist und darum gef\u00e4llt werden mussten. Dadurch ergibt sich auch eine h\u00f6herwertige Nutzung des Rohstoffes Holz, da dieses sonst nur mehr zu Hackgut verarbeitet wird. Und dieses Schicksal ver\u00e4ndert Raimund Sandhoff mit [&hellip;]","og_url":"https:\/\/www.salzburgerland.com\/de\/magazin\/gefragte-designermoebel-aus-kaputtem-holz\/","og_site_name":"SalzburgerLand Magazin","article_publisher":"https:\/\/www.facebook.com\/salzburgerland\/","article_published_time":"2022-12-14T07:00:00+00:00","article_modified_time":"2023-11-02T15:36:15+00:00","og_image":[{"width":945,"height":631,"url":"https:\/\/www.salzburgerland.com\/de\/magazin\/wp-content\/uploads\/2022\/12\/csm_nachhaltigkeit_3_c2851c4fef.jpeg","type":"image\/jpeg"}],"author":"G\u00fcnter Baumgartner","twitter_card":"summary_large_image","twitter_creator":"@Salzburgerland","twitter_site":"@Salzburgerland","twitter_misc":{"Verfasst von":"G\u00fcnter Baumgartner","Gesch\u00e4tzte Lesezeit":"4\u00a0Minuten"},"schema":{"@context":"https:\/\/schema.org","@graph":[{"@type":"Article","@id":"https:\/\/www.salzburgerland.com\/de\/magazin\/gefragte-designermoebel-aus-kaputtem-holz\/#article","isPartOf":{"@id":"https:\/\/www.salzburgerland.com\/de\/magazin\/gefragte-designermoebel-aus-kaputtem-holz\/"},"author":{"name":"G\u00fcnter Baumgartner","@id":"https:\/\/www.salzburgerland.com\/de\/magazin\/#\/schema\/person\/2e0abbe9392136e19ff0d5c5721aea87"},"headline":"Gefragte Designerm\u00f6bel aus &#8222;kaputtem&#8220; Holz","datePublished":"2022-12-14T07:00:00+00:00","dateModified":"2023-11-02T15:36:15+00:00","mainEntityOfPage":{"@id":"https:\/\/www.salzburgerland.com\/de\/magazin\/gefragte-designermoebel-aus-kaputtem-holz\/"},"wordCount":582,"publisher":{"@id":"https:\/\/www.salzburgerland.com\/de\/magazin\/#organization"},"image":{"@id":"https:\/\/www.salzburgerland.com\/de\/magazin\/gefragte-designermoebel-aus-kaputtem-holz\/#primaryimage"},"thumbnailUrl":"https:\/\/www.salzburgerland.com\/de\/magazin\/wp-content\/uploads\/2022\/12\/csm_nachhaltigkeit_3_c2851c4fef.jpeg","keywords":["Nachhaltigkeit"],"articleSection":["Kunst &amp; Kultur"],"inLanguage":"de"},{"@type":"WebPage","@id":"https:\/\/www.salzburgerland.com\/de\/magazin\/gefragte-designermoebel-aus-kaputtem-holz\/","url":"https:\/\/www.salzburgerland.com\/de\/magazin\/gefragte-designermoebel-aus-kaputtem-holz\/","name":"Gefragte Designerm\u00f6bel aus \"kaputtem\" Holz - SalzburgerLand Magazin","isPartOf":{"@id":"https:\/\/www.salzburgerland.com\/de\/magazin\/#website"},"primaryImageOfPage":{"@id":"https:\/\/www.salzburgerland.com\/de\/magazin\/gefragte-designermoebel-aus-kaputtem-holz\/#primaryimage"},"image":{"@id":"https:\/\/www.salzburgerland.com\/de\/magazin\/gefragte-designermoebel-aus-kaputtem-holz\/#primaryimage"},"thumbnailUrl":"https:\/\/www.salzburgerland.com\/de\/magazin\/wp-content\/uploads\/2022\/12\/csm_nachhaltigkeit_3_c2851c4fef.jpeg","datePublished":"2022-12-14T07:00:00+00:00","dateModified":"2023-11-02T15:36:15+00:00","breadcrumb":{"@id":"https:\/\/www.salzburgerland.com\/de\/magazin\/gefragte-designermoebel-aus-kaputtem-holz\/#breadcrumb"},"inLanguage":"de","potentialAction":[{"@type":"ReadAction","target":["https:\/\/www.salzburgerland.com\/de\/magazin\/gefragte-designermoebel-aus-kaputtem-holz\/"]}]},{"@type":"ImageObject","inLanguage":"de","@id":"https:\/\/www.salzburgerland.com\/de\/magazin\/gefragte-designermoebel-aus-kaputtem-holz\/#primaryimage","url":"https:\/\/www.salzburgerland.com\/de\/magazin\/wp-content\/uploads\/2022\/12\/csm_nachhaltigkeit_3_c2851c4fef.jpeg","contentUrl":"https:\/\/www.salzburgerland.com\/de\/magazin\/wp-content\/uploads\/2022\/12\/csm_nachhaltigkeit_3_c2851c4fef.jpeg","width":945,"height":631,"caption":"\u00a9 Stammdesign"},{"@type":"BreadcrumbList","@id":"https:\/\/www.salzburgerland.com\/de\/magazin\/gefragte-designermoebel-aus-kaputtem-holz\/#breadcrumb","itemListElement":[{"@type":"ListItem","position":1,"name":"Startseite","item":"https:\/\/www.salzburgerland.com\/de\/magazin\/"},{"@type":"ListItem","position":2,"name":"Kunst &amp; Kultur","item":"https:\/\/www.salzburgerland.com\/de\/magazin\/thema\/kunst-kultur\/"},{"@type":"ListItem","position":3,"name":"Gefragte Designerm\u00f6bel aus &#8222;kaputtem&#8220; Holz"}]},{"@type":"WebSite","@id":"https:\/\/www.salzburgerland.com\/de\/magazin\/#website","url":"https:\/\/www.salzburgerland.com\/de\/magazin\/","name":"SalzburgerLand Magazin","description":"Geschichten und Interessantes aus dem SalzburgerLand","publisher":{"@id":"https:\/\/www.salzburgerland.com\/de\/magazin\/#organization"},"potentialAction":[{"@type":"SearchAction","target":{"@type":"EntryPoint","urlTemplate":"https:\/\/www.salzburgerland.com\/de\/magazin\/?s={search_term_string}"},"query-input":{"@type":"PropertyValueSpecification","valueRequired":true,"valueName":"search_term_string"}}],"inLanguage":"de"},{"@type":"Organization","@id":"https:\/\/www.salzburgerland.com\/de\/magazin\/#organization","name":"SalzburgerLand Tourismus","url":"https:\/\/www.salzburgerland.com\/de\/magazin\/","logo":{"@type":"ImageObject","inLanguage":"de","@id":"https:\/\/www.salzburgerland.com\/de\/magazin\/#\/schema\/logo\/image\/","url":"https:\/\/www.salzburgerland.com\/de\/magazin\/wp-content\/uploads\/2019\/06\/salzburgerland-logo1.jpg","contentUrl":"https:\/\/www.salzburgerland.com\/de\/magazin\/wp-content\/uploads\/2019\/06\/salzburgerland-logo1.jpg","width":2011,"height":866,"caption":"SalzburgerLand Tourismus"},"image":{"@id":"https:\/\/www.salzburgerland.com\/de\/magazin\/#\/schema\/logo\/image\/"},"sameAs":["https:\/\/www.facebook.com\/salzburgerland\/","https:\/\/x.com\/Salzburgerland","https:\/\/www.instagram.com\/salzburgerland\/","https:\/\/at.linkedin.com\/company\/salzburgerland-tourismus-gmbh","https:\/\/www.pinterest.at\/salzburgerland\/","https:\/\/www.youtube.com\/user\/salzburgerland","https:\/\/de.wikipedia.org\/wiki\/SalzburgerLand_Tourismus_GmbH"]},{"@type":"Person","@id":"https:\/\/www.salzburgerland.com\/de\/magazin\/#\/schema\/person\/2e0abbe9392136e19ff0d5c5721aea87","name":"G\u00fcnter Baumgartner","url":"https:\/\/www.salzburgerland.com\/de\/magazin\/author\/guenter-baumgartner\/"}]}},"_wl_alt_label":[],"wl:entity_url":"http:\/\/open.salzburgerland.com\/magazin\/post\/gefragte-designermoebel-aus-kaputtem-holz-166991","_links":{"self":[{"href":"https:\/\/www.salzburgerland.com\/de\/magazin\/wp-json\/wp\/v2\/posts\/166991","targetHints":{"allow":["GET"]}}],"collection":[{"href":"https:\/\/www.salzburgerland.com\/de\/magazin\/wp-json\/wp\/v2\/posts"}],"about":[{"href":"https:\/\/www.salzburgerland.com\/de\/magazin\/wp-json\/wp\/v2\/types\/post"}],"author":[{"embeddable":true,"href":"https:\/\/www.salzburgerland.com\/de\/magazin\/wp-json\/wp\/v2\/users\/544"}],"replies":[{"embeddable":true,"href":"https:\/\/www.salzburgerland.com\/de\/magazin\/wp-json\/wp\/v2\/comments?post=166991"}],"version-history":[{"count":5,"href":"https:\/\/www.salzburgerland.com\/de\/magazin\/wp-json\/wp\/v2\/posts\/166991\/revisions"}],"predecessor-version":[{"id":173745,"href":"https:\/\/www.salzburgerland.com\/de\/magazin\/wp-json\/wp\/v2\/posts\/166991\/revisions\/173745"}],"wp:featuredmedia":[{"embeddable":true,"href":"https:\/\/www.salzburgerland.com\/de\/magazin\/wp-json\/wp\/v2\/media\/166993"}],"wp:attachment":[{"href":"https:\/\/www.salzburgerland.com\/de\/magazin\/wp-json\/wp\/v2\/media?parent=166991"}],"wp:term":[{"taxonomy":"category","embeddable":true,"href":"https:\/\/www.salzburgerland.com\/de\/magazin\/wp-json\/wp\/v2\/categories?post=166991"},{"taxonomy":"post_tag","embeddable":true,"href":"https:\/\/www.salzburgerland.com\/de\/magazin\/wp-json\/wp\/v2\/tags?post=166991"},{"taxonomy":"wl_entity_type","embeddable":true,"href":"https:\/\/www.salzburgerland.com\/de\/magazin\/wp-json\/wp\/v2\/wl_entity_type?post=166991"},{"taxonomy":"monatsauswahl","embeddable":true,"href":"https:\/\/www.salzburgerland.com\/de\/magazin\/wp-json\/wp\/v2\/monatsauswahl?post=166991"}],"curies":[{"name":"wp","href":"https:\/\/api.w.org\/{rel}","templated":true}]}}