{"id":166773,"date":"2025-01-05T08:00:00","date_gmt":"2025-01-05T07:00:00","guid":{"rendered":"https:\/\/www.salzburgerland.com\/de\/magazin\/?p=166773"},"modified":"2025-01-15T09:06:21","modified_gmt":"2025-01-15T08:06:21","slug":"ballonwoche-in-filzmoos","status":"publish","type":"post","link":"https:\/\/www.salzburgerland.com\/de\/magazin\/ballonwoche-in-filzmoos\/","title":{"rendered":"Ballonwochen in Filzmoos"},"content":{"rendered":"\n<div class=\"wp-block-slt-top topBlocks\">\n<h2 class=\"wp-block-slt-subtitle\">Magisches Filzmoos von oben<\/h2>\n\n\n\n<p class=\"wp-block-slt-intro\">In Filzmoos wird der J\u00e4nner zu einem ganz besonderen Monat: von 11. bis 25. J\u00e4nner 2025 findet die Hanneshof Ballonwoche statt und verwandelt Filzmoos in ein El Dorado der Ballonfahrer. Es ist \u00d6sterreichs gr\u00f6\u00dfte Ballonwoche und aus dem Veranstaltungskalender nicht mehr wegzudenken.<\/p>\n<\/div>\n\n\n\n<h2 class=\"wp-block-heading\" id=\"h-eine-magische-nacht-als-startschuss\">Eine Magische Nacht als Startschuss<\/h2>\n\n\n\n<p>Am 11.01.2025 ab 18 Uhr kann sich jeder auf die <a href=\"https:\/\/www.ballonfahren-filzmoos.com\/de\/hanneshof-ballonwoche.html\" target=\"_blank\" rel=\"noreferrer noopener\">Ballonwoche in Filzmoos<\/a> einstimmen, denn mit der Nacht der Ballone startet die Eventwoche auf eine ganz besondere Art und Weise. Das Ballongl\u00fchen-Spektakel geschm\u00fcckt durch ein buntes Farbenspiel zaubert gewiss jedem Besucher \u2013 ob gro\u00df oder klein \u2013 ein Staunen ins Gesicht.<\/p>\n\n\n\n<figure class=\"wp-block-image size-full\"><img loading=\"lazy\" decoding=\"async\" width=\"1025\" height=\"682\" src=\"https:\/\/www.salzburgerland.com\/de\/magazin\/wp-content\/uploads\/2022\/11\/nachtderballone10-gross.jpg\" alt=\"Hei\u00dfluftballons leuchten bei Nacht in einem verschneiten Bergdorf, das von W\u00e4ldern und beleuchteten Geb\u00e4uden umgeben ist.\" class=\"wp-image-166779\" srcset=\"https:\/\/www.salzburgerland.com\/de\/magazin\/wp-content\/uploads\/2022\/11\/nachtderballone10-gross.jpg 1025w, https:\/\/www.salzburgerland.com\/de\/magazin\/wp-content\/uploads\/2022\/11\/nachtderballone10-gross-300x200.jpg 300w, https:\/\/www.salzburgerland.com\/de\/magazin\/wp-content\/uploads\/2022\/11\/nachtderballone10-gross-827x550.jpg 827w, https:\/\/www.salzburgerland.com\/de\/magazin\/wp-content\/uploads\/2022\/11\/nachtderballone10-gross-601x400.jpg 601w, https:\/\/www.salzburgerland.com\/de\/magazin\/wp-content\/uploads\/2022\/11\/nachtderballone10-gross-150x100.jpg 150w\" sizes=\"auto, (max-width: 1025px) 100vw, 1025px\" \/><figcaption class=\"wp-element-caption\">\u00a9 Hanneshof &#8211; Nacht der Ballone<\/figcaption><\/figure>\n\n\n\n<h2 class=\"wp-block-heading\">Ballonsport am Himmelszelt<\/h2>\n\n\n\n<p>Als sportliche Disziplin ist das Ballonfahren vermutlich Einigen bekannt. Gleich zwei Bewerbe werden als Publikumshighlight bei der Hanneshof Ballonwoche geboten, die von der Hammerwiese aus mit Spannung verfolgt werden k\u00f6nnen und absolut sehenswert sind:<\/p>\n\n\n\n<ul class=\"wp-block-list\">\n<li>3 Einzelbewerbe der Ballonteams im G\u00f6sser Cup: Aus einer Weitstreckenfahrt, Punktlandung sowie einem Fly In resultieren 3 Gewinner der jeweiligen Challenge<\/li>\n\n\n\n<li>Nationen Cup: Der Nationen Cup umfasst einen eigenen Wettbewerb. Alle Punkte die von einer Nation gesammelt wurden, ergeben einen Sieger<\/li>\n<\/ul>\n\n\n\n<p>Und weil Erfolge auch gefeiert geh\u00f6ren, findet die Winner Ceremony inklusive feierlicher \u00dcbergabe der Preise am Filzmooser Dorfplatz am 16. J\u00e4nner 2025 statt. Ein ganz begehrter Preis: die Hanneshof Wandertroph\u00e4e, die vom Sieger mit Stolz ein Jahr lang bis zur n\u00e4chsten Bewerbsaustragung sein Eigen genannt werden darf.<\/p>\n\n\n\n<figure class=\"wp-block-image size-full\"><img loading=\"lazy\" decoding=\"async\" width=\"1025\" height=\"682\" src=\"https:\/\/www.salzburgerland.com\/de\/magazin\/wp-content\/uploads\/2022\/11\/ballonfahrt7-gross.jpg\" alt=\"Menschen in einem Hei\u00dfluftballon zeigen auf verschneite Berge und ein bew\u00f6lktes Tal unter einem teilweise bew\u00f6lkten Himmel.\" class=\"wp-image-166776\" srcset=\"https:\/\/www.salzburgerland.com\/de\/magazin\/wp-content\/uploads\/2022\/11\/ballonfahrt7-gross.jpg 1025w, https:\/\/www.salzburgerland.com\/de\/magazin\/wp-content\/uploads\/2022\/11\/ballonfahrt7-gross-300x200.jpg 300w, https:\/\/www.salzburgerland.com\/de\/magazin\/wp-content\/uploads\/2022\/11\/ballonfahrt7-gross-827x550.jpg 827w, https:\/\/www.salzburgerland.com\/de\/magazin\/wp-content\/uploads\/2022\/11\/ballonfahrt7-gross-601x400.jpg 601w, https:\/\/www.salzburgerland.com\/de\/magazin\/wp-content\/uploads\/2022\/11\/ballonfahrt7-gross-150x100.jpg 150w\" sizes=\"auto, (max-width: 1025px) 100vw, 1025px\" \/><figcaption class=\"wp-element-caption\">\u00a9 Hanneshof<\/figcaption><\/figure>\n\n\n\n<h2 class=\"wp-block-heading\">Heimatgef\u00fchl von oben<\/h2>\n\n\n\n<p>Eine atemberaubende Aussicht \u00fcber Filzmoos, die Bischofsm\u00fctze und das gewaltige Dachsteinmassiv kann ebenfalls vom Weidenkorb aus genossen werden. <a href=\"https:\/\/www.ballonfahren-filzmoos.com\/de\/passagiere.html\" target=\"_blank\" rel=\"noreferrer noopener\">Passagiere<\/a>, die sich f\u00fcr diese au\u00dfergew\u00f6hnliche Luftfahrt entscheiden, erleben ein rund zweist\u00fcndiges Abenteuer in luftiger H\u00f6he mit bis zu 100 Kilometern Fernsicht. Mithelfen darf man beim Auf- und Abr\u00fcsten ebenfalls und Erst-Fahrende werden nach ihrer Landung nat\u00fcrlich in den \u201eAdelsstand erhoben\u201c und nach alter Ballonfahrer-Tradition getauft.<\/p>\n\n\n<div class=\"mag-gallery\"><div class=\"row\"><div class=\"col-6 col-sm-4\"><figure><a class=\"thumb-container\" href=\"https:\/\/www.salzburgerland.com\/de\/magazin\/wp-content\/uploads\/2022\/11\/ballonfahrt21-gross-1280x1024.jpg\">\t<picture><source media=\"(min-width: 576px)\" srcset=\"https:\/\/www.salzburgerland.com\/de\/magazin\/wp-content\/uploads\/2022\/11\/ballonfahrt21-gross-325x209.jpg 325w, https:\/\/www.salzburgerland.com\/de\/magazin\/wp-content\/uploads\/2022\/11\/ballonfahrt21-gross-249x160.jpg 249w\"><\/source><source media=\"(min-width: 0)\" srcset=\"https:\/\/www.salzburgerland.com\/de\/magazin\/wp-content\/uploads\/2022\/11\/ballonfahrt21-gross-249x160.jpg 249w, https:\/\/www.salzburgerland.com\/de\/magazin\/wp-content\/uploads\/2022\/11\/ballonfahrt21-gross-325x209.jpg 325w\"><\/source><img decoding=\"async\" alt=\"Luftaufnahme aus einem Hei&szlig;luftballon &uuml;ber einem verschneiten Wald mit hohen B&auml;umen darunter.\" src=\"https:\/\/www.salzburgerland.com\/de\/magazin\/wp-content\/uploads\/2022\/11\/ballonfahrt21-gross.jpg\">\t<\/picture><figcaption>&copy; Hanneshof<\/figcaption><\/a><\/figure><\/div><div class=\"col-6 col-sm-4\"><figure><a class=\"thumb-container\" href=\"https:\/\/www.salzburgerland.com\/de\/magazin\/wp-content\/uploads\/2022\/11\/ballonfahrt10-gross-1280x1024.jpg\">\t<picture><source media=\"(min-width: 576px)\" srcset=\"https:\/\/www.salzburgerland.com\/de\/magazin\/wp-content\/uploads\/2022\/11\/ballonfahrt10-gross-325x209.jpg 325w, https:\/\/www.salzburgerland.com\/de\/magazin\/wp-content\/uploads\/2022\/11\/ballonfahrt10-gross-249x160.jpg 249w\"><\/source><source media=\"(min-width: 0)\" srcset=\"https:\/\/www.salzburgerland.com\/de\/magazin\/wp-content\/uploads\/2022\/11\/ballonfahrt10-gross-249x160.jpg 249w, https:\/\/www.salzburgerland.com\/de\/magazin\/wp-content\/uploads\/2022\/11\/ballonfahrt10-gross-325x209.jpg 325w\"><\/source><img decoding=\"async\" alt=\"Zwei Hei&szlig;luftballons schweben &uuml;ber den Wolken mit schneebedeckten Bergen im Hintergrund unter einem klaren Himmel.\" src=\"https:\/\/www.salzburgerland.com\/de\/magazin\/wp-content\/uploads\/2022\/11\/ballonfahrt10-gross.jpg\">\t<\/picture><figcaption>&copy; Hanneshof<\/figcaption><\/a><\/figure><\/div><\/div><figcaption><\/figcaption><\/div>\n","protected":false},"excerpt":{"rendered":"<p>Eine Magische Nacht als Startschuss Am 11.01.2025 ab 18 Uhr kann sich jeder auf die Ballonwoche in Filzmoos einstimmen, denn mit der Nacht der Ballone startet die Eventwoche auf eine ganz besondere Art und Weise. Das Ballongl\u00fchen-Spektakel geschm\u00fcckt durch ein buntes Farbenspiel zaubert gewiss jedem Besucher \u2013 ob gro\u00df oder klein \u2013 ein Staunen ins [&hellip;]<\/p>\n","protected":false},"author":594,"featured_media":166781,"comment_status":"closed","ping_status":"closed","sticky":false,"template":"","format":"standard","meta":{"_acf_changed":false,"wl_entities_gutenberg":"","_wl_entity_redirect_enabled":"","footnotes":""},"categories":[8],"tags":[],"wl_entity_type":[306],"monatsauswahl":[82],"class_list":["post-166773","post","type-post","status-publish","format-standard","has-post-thumbnail","hentry","category-outdoor-sport","wl_entity_type-article","monatsauswahl-monat_1"],"acf":[],"yoast_head":"<!-- This site is optimized with the Yoast SEO Premium plugin v27.4 (Yoast SEO v27.4) - https:\/\/yoast.com\/product\/yoast-seo-premium-wordpress\/ -->\n<title>Ballonwochen in Filzmoos - SalzburgerLand Magazin<\/title>\n<meta name=\"robots\" content=\"index, follow, max-snippet:-1, max-image-preview:large, max-video-preview:-1\" \/>\n<link rel=\"canonical\" href=\"https:\/\/www.salzburgerland.com\/de\/magazin\/ballonwoche-in-filzmoos\/\" \/>\n<meta property=\"og:locale\" content=\"de_DE\" \/>\n<meta property=\"og:type\" content=\"article\" \/>\n<meta property=\"og:title\" content=\"Ballonwochen in Filzmoos\" \/>\n<meta property=\"og:description\" content=\"Eine Magische Nacht als Startschuss Am 11.01.2025 ab 18 Uhr kann sich jeder auf die Ballonwoche in Filzmoos einstimmen, denn mit der Nacht der Ballone startet die Eventwoche auf eine ganz besondere Art und Weise. Das Ballongl\u00fchen-Spektakel geschm\u00fcckt durch ein buntes Farbenspiel zaubert gewiss jedem Besucher \u2013 ob gro\u00df oder klein \u2013 ein Staunen ins [&hellip;]\" \/>\n<meta property=\"og:url\" content=\"https:\/\/www.salzburgerland.com\/de\/magazin\/ballonwoche-in-filzmoos\/\" \/>\n<meta property=\"og:site_name\" content=\"SalzburgerLand Magazin\" \/>\n<meta property=\"article:publisher\" content=\"https:\/\/www.facebook.com\/salzburgerland\/\" \/>\n<meta property=\"article:published_time\" content=\"2025-01-05T07:00:00+00:00\" \/>\n<meta property=\"article:modified_time\" content=\"2025-01-15T08:06:21+00:00\" \/>\n<meta property=\"og:image\" content=\"https:\/\/www.salzburgerland.com\/de\/magazin\/wp-content\/uploads\/2022\/11\/filzmoos-winter-ballondorf-oesterreich.jpg\" \/>\n\t<meta property=\"og:image:width\" content=\"1999\" \/>\n\t<meta property=\"og:image:height\" content=\"940\" \/>\n\t<meta property=\"og:image:type\" content=\"image\/jpeg\" \/>\n<meta name=\"author\" content=\"Alicia Edenhauser\" \/>\n<meta name=\"twitter:card\" content=\"summary_large_image\" \/>\n<meta name=\"twitter:creator\" content=\"@Salzburgerland\" \/>\n<meta name=\"twitter:site\" content=\"@Salzburgerland\" \/>\n<meta name=\"twitter:label1\" content=\"Verfasst von\" \/>\n\t<meta name=\"twitter:data1\" content=\"Alicia Edenhauser\" \/>\n\t<meta name=\"twitter:label2\" content=\"Gesch\u00e4tzte Lesezeit\" \/>\n\t<meta name=\"twitter:data2\" content=\"3\u00a0Minuten\" \/>\n<script type=\"application\/ld+json\" class=\"yoast-schema-graph\">{\"@context\":\"https:\\\/\\\/schema.org\",\"@graph\":[{\"@type\":\"Article\",\"@id\":\"https:\\\/\\\/www.salzburgerland.com\\\/de\\\/magazin\\\/ballonwoche-in-filzmoos\\\/#article\",\"isPartOf\":{\"@id\":\"https:\\\/\\\/www.salzburgerland.com\\\/de\\\/magazin\\\/ballonwoche-in-filzmoos\\\/\"},\"author\":{\"name\":\"Alicia Edenhauser\",\"@id\":\"https:\\\/\\\/www.salzburgerland.com\\\/de\\\/magazin\\\/#\\\/schema\\\/person\\\/f7adbc364db501ce4e907fe0366fd8ff\"},\"headline\":\"Ballonwochen in Filzmoos\",\"datePublished\":\"2025-01-05T07:00:00+00:00\",\"dateModified\":\"2025-01-15T08:06:21+00:00\",\"mainEntityOfPage\":{\"@id\":\"https:\\\/\\\/www.salzburgerland.com\\\/de\\\/magazin\\\/ballonwoche-in-filzmoos\\\/\"},\"wordCount\":313,\"publisher\":{\"@id\":\"https:\\\/\\\/www.salzburgerland.com\\\/de\\\/magazin\\\/#organization\"},\"image\":{\"@id\":\"https:\\\/\\\/www.salzburgerland.com\\\/de\\\/magazin\\\/ballonwoche-in-filzmoos\\\/#primaryimage\"},\"thumbnailUrl\":\"https:\\\/\\\/www.salzburgerland.com\\\/de\\\/magazin\\\/wp-content\\\/uploads\\\/2022\\\/11\\\/filzmoos-winter-ballondorf-oesterreich.jpg\",\"articleSection\":[\"Outdoor &amp; Sport\"],\"inLanguage\":\"de\"},{\"@type\":\"WebPage\",\"@id\":\"https:\\\/\\\/www.salzburgerland.com\\\/de\\\/magazin\\\/ballonwoche-in-filzmoos\\\/\",\"url\":\"https:\\\/\\\/www.salzburgerland.com\\\/de\\\/magazin\\\/ballonwoche-in-filzmoos\\\/\",\"name\":\"Ballonwochen in Filzmoos - SalzburgerLand Magazin\",\"isPartOf\":{\"@id\":\"https:\\\/\\\/www.salzburgerland.com\\\/de\\\/magazin\\\/#website\"},\"primaryImageOfPage\":{\"@id\":\"https:\\\/\\\/www.salzburgerland.com\\\/de\\\/magazin\\\/ballonwoche-in-filzmoos\\\/#primaryimage\"},\"image\":{\"@id\":\"https:\\\/\\\/www.salzburgerland.com\\\/de\\\/magazin\\\/ballonwoche-in-filzmoos\\\/#primaryimage\"},\"thumbnailUrl\":\"https:\\\/\\\/www.salzburgerland.com\\\/de\\\/magazin\\\/wp-content\\\/uploads\\\/2022\\\/11\\\/filzmoos-winter-ballondorf-oesterreich.jpg\",\"datePublished\":\"2025-01-05T07:00:00+00:00\",\"dateModified\":\"2025-01-15T08:06:21+00:00\",\"breadcrumb\":{\"@id\":\"https:\\\/\\\/www.salzburgerland.com\\\/de\\\/magazin\\\/ballonwoche-in-filzmoos\\\/#breadcrumb\"},\"inLanguage\":\"de\",\"potentialAction\":[{\"@type\":\"ReadAction\",\"target\":[\"https:\\\/\\\/www.salzburgerland.com\\\/de\\\/magazin\\\/ballonwoche-in-filzmoos\\\/\"]}]},{\"@type\":\"ImageObject\",\"inLanguage\":\"de\",\"@id\":\"https:\\\/\\\/www.salzburgerland.com\\\/de\\\/magazin\\\/ballonwoche-in-filzmoos\\\/#primaryimage\",\"url\":\"https:\\\/\\\/www.salzburgerland.com\\\/de\\\/magazin\\\/wp-content\\\/uploads\\\/2022\\\/11\\\/filzmoos-winter-ballondorf-oesterreich.jpg\",\"contentUrl\":\"https:\\\/\\\/www.salzburgerland.com\\\/de\\\/magazin\\\/wp-content\\\/uploads\\\/2022\\\/11\\\/filzmoos-winter-ballondorf-oesterreich.jpg\",\"width\":1999,\"height\":940,\"caption\":\"\u00a9 Hanneshof - Ballonwoche Filzmoos\"},{\"@type\":\"BreadcrumbList\",\"@id\":\"https:\\\/\\\/www.salzburgerland.com\\\/de\\\/magazin\\\/ballonwoche-in-filzmoos\\\/#breadcrumb\",\"itemListElement\":[{\"@type\":\"ListItem\",\"position\":1,\"name\":\"Startseite\",\"item\":\"https:\\\/\\\/www.salzburgerland.com\\\/de\\\/magazin\\\/\"},{\"@type\":\"ListItem\",\"position\":2,\"name\":\"Outdoor &amp; Sport\",\"item\":\"https:\\\/\\\/www.salzburgerland.com\\\/de\\\/magazin\\\/thema\\\/outdoor-sport\\\/\"},{\"@type\":\"ListItem\",\"position\":3,\"name\":\"Ballonwochen in Filzmoos\"}]},{\"@type\":\"WebSite\",\"@id\":\"https:\\\/\\\/www.salzburgerland.com\\\/de\\\/magazin\\\/#website\",\"url\":\"https:\\\/\\\/www.salzburgerland.com\\\/de\\\/magazin\\\/\",\"name\":\"SalzburgerLand Magazin\",\"description\":\"Geschichten und Interessantes aus dem SalzburgerLand\",\"publisher\":{\"@id\":\"https:\\\/\\\/www.salzburgerland.com\\\/de\\\/magazin\\\/#organization\"},\"potentialAction\":[{\"@type\":\"SearchAction\",\"target\":{\"@type\":\"EntryPoint\",\"urlTemplate\":\"https:\\\/\\\/www.salzburgerland.com\\\/de\\\/magazin\\\/?s={search_term_string}\"},\"query-input\":{\"@type\":\"PropertyValueSpecification\",\"valueRequired\":true,\"valueName\":\"search_term_string\"}}],\"inLanguage\":\"de\"},{\"@type\":\"Organization\",\"@id\":\"https:\\\/\\\/www.salzburgerland.com\\\/de\\\/magazin\\\/#organization\",\"name\":\"SalzburgerLand Tourismus\",\"url\":\"https:\\\/\\\/www.salzburgerland.com\\\/de\\\/magazin\\\/\",\"logo\":{\"@type\":\"ImageObject\",\"inLanguage\":\"de\",\"@id\":\"https:\\\/\\\/www.salzburgerland.com\\\/de\\\/magazin\\\/#\\\/schema\\\/logo\\\/image\\\/\",\"url\":\"https:\\\/\\\/www.salzburgerland.com\\\/de\\\/magazin\\\/wp-content\\\/uploads\\\/2019\\\/06\\\/salzburgerland-logo1.jpg\",\"contentUrl\":\"https:\\\/\\\/www.salzburgerland.com\\\/de\\\/magazin\\\/wp-content\\\/uploads\\\/2019\\\/06\\\/salzburgerland-logo1.jpg\",\"width\":2011,\"height\":866,\"caption\":\"SalzburgerLand Tourismus\"},\"image\":{\"@id\":\"https:\\\/\\\/www.salzburgerland.com\\\/de\\\/magazin\\\/#\\\/schema\\\/logo\\\/image\\\/\"},\"sameAs\":[\"https:\\\/\\\/www.facebook.com\\\/salzburgerland\\\/\",\"https:\\\/\\\/x.com\\\/Salzburgerland\",\"https:\\\/\\\/www.instagram.com\\\/salzburgerland\\\/\",\"https:\\\/\\\/at.linkedin.com\\\/company\\\/salzburgerland-tourismus-gmbh\",\"https:\\\/\\\/www.pinterest.at\\\/salzburgerland\\\/\",\"https:\\\/\\\/www.youtube.com\\\/user\\\/salzburgerland\",\"https:\\\/\\\/de.wikipedia.org\\\/wiki\\\/SalzburgerLand_Tourismus_GmbH\"]},{\"@type\":\"Person\",\"@id\":\"https:\\\/\\\/www.salzburgerland.com\\\/de\\\/magazin\\\/#\\\/schema\\\/person\\\/f7adbc364db501ce4e907fe0366fd8ff\",\"name\":\"Alicia Edenhauser\",\"url\":\"https:\\\/\\\/www.salzburgerland.com\\\/de\\\/magazin\\\/author\\\/aedenhauser\\\/\"}]}<\/script>\n<!-- \/ Yoast SEO Premium plugin. -->","yoast_head_json":{"title":"Ballonwochen in Filzmoos - SalzburgerLand Magazin","robots":{"index":"index","follow":"follow","max-snippet":"max-snippet:-1","max-image-preview":"max-image-preview:large","max-video-preview":"max-video-preview:-1"},"canonical":"https:\/\/www.salzburgerland.com\/de\/magazin\/ballonwoche-in-filzmoos\/","og_locale":"de_DE","og_type":"article","og_title":"Ballonwochen in Filzmoos","og_description":"Eine Magische Nacht als Startschuss Am 11.01.2025 ab 18 Uhr kann sich jeder auf die Ballonwoche in Filzmoos einstimmen, denn mit der Nacht der Ballone startet die Eventwoche auf eine ganz besondere Art und Weise. Das Ballongl\u00fchen-Spektakel geschm\u00fcckt durch ein buntes Farbenspiel zaubert gewiss jedem Besucher \u2013 ob gro\u00df oder klein \u2013 ein Staunen ins [&hellip;]","og_url":"https:\/\/www.salzburgerland.com\/de\/magazin\/ballonwoche-in-filzmoos\/","og_site_name":"SalzburgerLand Magazin","article_publisher":"https:\/\/www.facebook.com\/salzburgerland\/","article_published_time":"2025-01-05T07:00:00+00:00","article_modified_time":"2025-01-15T08:06:21+00:00","og_image":[{"width":1999,"height":940,"url":"https:\/\/www.salzburgerland.com\/de\/magazin\/wp-content\/uploads\/2022\/11\/filzmoos-winter-ballondorf-oesterreich.jpg","type":"image\/jpeg"}],"author":"Alicia Edenhauser","twitter_card":"summary_large_image","twitter_creator":"@Salzburgerland","twitter_site":"@Salzburgerland","twitter_misc":{"Verfasst von":"Alicia Edenhauser","Gesch\u00e4tzte Lesezeit":"3\u00a0Minuten"},"schema":{"@context":"https:\/\/schema.org","@graph":[{"@type":"Article","@id":"https:\/\/www.salzburgerland.com\/de\/magazin\/ballonwoche-in-filzmoos\/#article","isPartOf":{"@id":"https:\/\/www.salzburgerland.com\/de\/magazin\/ballonwoche-in-filzmoos\/"},"author":{"name":"Alicia Edenhauser","@id":"https:\/\/www.salzburgerland.com\/de\/magazin\/#\/schema\/person\/f7adbc364db501ce4e907fe0366fd8ff"},"headline":"Ballonwochen in Filzmoos","datePublished":"2025-01-05T07:00:00+00:00","dateModified":"2025-01-15T08:06:21+00:00","mainEntityOfPage":{"@id":"https:\/\/www.salzburgerland.com\/de\/magazin\/ballonwoche-in-filzmoos\/"},"wordCount":313,"publisher":{"@id":"https:\/\/www.salzburgerland.com\/de\/magazin\/#organization"},"image":{"@id":"https:\/\/www.salzburgerland.com\/de\/magazin\/ballonwoche-in-filzmoos\/#primaryimage"},"thumbnailUrl":"https:\/\/www.salzburgerland.com\/de\/magazin\/wp-content\/uploads\/2022\/11\/filzmoos-winter-ballondorf-oesterreich.jpg","articleSection":["Outdoor &amp; Sport"],"inLanguage":"de"},{"@type":"WebPage","@id":"https:\/\/www.salzburgerland.com\/de\/magazin\/ballonwoche-in-filzmoos\/","url":"https:\/\/www.salzburgerland.com\/de\/magazin\/ballonwoche-in-filzmoos\/","name":"Ballonwochen in Filzmoos - SalzburgerLand Magazin","isPartOf":{"@id":"https:\/\/www.salzburgerland.com\/de\/magazin\/#website"},"primaryImageOfPage":{"@id":"https:\/\/www.salzburgerland.com\/de\/magazin\/ballonwoche-in-filzmoos\/#primaryimage"},"image":{"@id":"https:\/\/www.salzburgerland.com\/de\/magazin\/ballonwoche-in-filzmoos\/#primaryimage"},"thumbnailUrl":"https:\/\/www.salzburgerland.com\/de\/magazin\/wp-content\/uploads\/2022\/11\/filzmoos-winter-ballondorf-oesterreich.jpg","datePublished":"2025-01-05T07:00:00+00:00","dateModified":"2025-01-15T08:06:21+00:00","breadcrumb":{"@id":"https:\/\/www.salzburgerland.com\/de\/magazin\/ballonwoche-in-filzmoos\/#breadcrumb"},"inLanguage":"de","potentialAction":[{"@type":"ReadAction","target":["https:\/\/www.salzburgerland.com\/de\/magazin\/ballonwoche-in-filzmoos\/"]}]},{"@type":"ImageObject","inLanguage":"de","@id":"https:\/\/www.salzburgerland.com\/de\/magazin\/ballonwoche-in-filzmoos\/#primaryimage","url":"https:\/\/www.salzburgerland.com\/de\/magazin\/wp-content\/uploads\/2022\/11\/filzmoos-winter-ballondorf-oesterreich.jpg","contentUrl":"https:\/\/www.salzburgerland.com\/de\/magazin\/wp-content\/uploads\/2022\/11\/filzmoos-winter-ballondorf-oesterreich.jpg","width":1999,"height":940,"caption":"\u00a9 Hanneshof - Ballonwoche Filzmoos"},{"@type":"BreadcrumbList","@id":"https:\/\/www.salzburgerland.com\/de\/magazin\/ballonwoche-in-filzmoos\/#breadcrumb","itemListElement":[{"@type":"ListItem","position":1,"name":"Startseite","item":"https:\/\/www.salzburgerland.com\/de\/magazin\/"},{"@type":"ListItem","position":2,"name":"Outdoor &amp; Sport","item":"https:\/\/www.salzburgerland.com\/de\/magazin\/thema\/outdoor-sport\/"},{"@type":"ListItem","position":3,"name":"Ballonwochen in Filzmoos"}]},{"@type":"WebSite","@id":"https:\/\/www.salzburgerland.com\/de\/magazin\/#website","url":"https:\/\/www.salzburgerland.com\/de\/magazin\/","name":"SalzburgerLand Magazin","description":"Geschichten und Interessantes aus dem SalzburgerLand","publisher":{"@id":"https:\/\/www.salzburgerland.com\/de\/magazin\/#organization"},"potentialAction":[{"@type":"SearchAction","target":{"@type":"EntryPoint","urlTemplate":"https:\/\/www.salzburgerland.com\/de\/magazin\/?s={search_term_string}"},"query-input":{"@type":"PropertyValueSpecification","valueRequired":true,"valueName":"search_term_string"}}],"inLanguage":"de"},{"@type":"Organization","@id":"https:\/\/www.salzburgerland.com\/de\/magazin\/#organization","name":"SalzburgerLand Tourismus","url":"https:\/\/www.salzburgerland.com\/de\/magazin\/","logo":{"@type":"ImageObject","inLanguage":"de","@id":"https:\/\/www.salzburgerland.com\/de\/magazin\/#\/schema\/logo\/image\/","url":"https:\/\/www.salzburgerland.com\/de\/magazin\/wp-content\/uploads\/2019\/06\/salzburgerland-logo1.jpg","contentUrl":"https:\/\/www.salzburgerland.com\/de\/magazin\/wp-content\/uploads\/2019\/06\/salzburgerland-logo1.jpg","width":2011,"height":866,"caption":"SalzburgerLand Tourismus"},"image":{"@id":"https:\/\/www.salzburgerland.com\/de\/magazin\/#\/schema\/logo\/image\/"},"sameAs":["https:\/\/www.facebook.com\/salzburgerland\/","https:\/\/x.com\/Salzburgerland","https:\/\/www.instagram.com\/salzburgerland\/","https:\/\/at.linkedin.com\/company\/salzburgerland-tourismus-gmbh","https:\/\/www.pinterest.at\/salzburgerland\/","https:\/\/www.youtube.com\/user\/salzburgerland","https:\/\/de.wikipedia.org\/wiki\/SalzburgerLand_Tourismus_GmbH"]},{"@type":"Person","@id":"https:\/\/www.salzburgerland.com\/de\/magazin\/#\/schema\/person\/f7adbc364db501ce4e907fe0366fd8ff","name":"Alicia Edenhauser","url":"https:\/\/www.salzburgerland.com\/de\/magazin\/author\/aedenhauser\/"}]}},"_wl_alt_label":[],"wl:entity_url":"http:\/\/open.salzburgerland.com\/magazin\/post\/ballonfahren-im-salzburgerland-166773","_links":{"self":[{"href":"https:\/\/www.salzburgerland.com\/de\/magazin\/wp-json\/wp\/v2\/posts\/166773","targetHints":{"allow":["GET"]}}],"collection":[{"href":"https:\/\/www.salzburgerland.com\/de\/magazin\/wp-json\/wp\/v2\/posts"}],"about":[{"href":"https:\/\/www.salzburgerland.com\/de\/magazin\/wp-json\/wp\/v2\/types\/post"}],"author":[{"embeddable":true,"href":"https:\/\/www.salzburgerland.com\/de\/magazin\/wp-json\/wp\/v2\/users\/594"}],"replies":[{"embeddable":true,"href":"https:\/\/www.salzburgerland.com\/de\/magazin\/wp-json\/wp\/v2\/comments?post=166773"}],"version-history":[{"count":6,"href":"https:\/\/www.salzburgerland.com\/de\/magazin\/wp-json\/wp\/v2\/posts\/166773\/revisions"}],"predecessor-version":[{"id":180324,"href":"https:\/\/www.salzburgerland.com\/de\/magazin\/wp-json\/wp\/v2\/posts\/166773\/revisions\/180324"}],"wp:featuredmedia":[{"embeddable":true,"href":"https:\/\/www.salzburgerland.com\/de\/magazin\/wp-json\/wp\/v2\/media\/166781"}],"wp:attachment":[{"href":"https:\/\/www.salzburgerland.com\/de\/magazin\/wp-json\/wp\/v2\/media?parent=166773"}],"wp:term":[{"taxonomy":"category","embeddable":true,"href":"https:\/\/www.salzburgerland.com\/de\/magazin\/wp-json\/wp\/v2\/categories?post=166773"},{"taxonomy":"post_tag","embeddable":true,"href":"https:\/\/www.salzburgerland.com\/de\/magazin\/wp-json\/wp\/v2\/tags?post=166773"},{"taxonomy":"wl_entity_type","embeddable":true,"href":"https:\/\/www.salzburgerland.com\/de\/magazin\/wp-json\/wp\/v2\/wl_entity_type?post=166773"},{"taxonomy":"monatsauswahl","embeddable":true,"href":"https:\/\/www.salzburgerland.com\/de\/magazin\/wp-json\/wp\/v2\/monatsauswahl?post=166773"}],"curies":[{"name":"wp","href":"https:\/\/api.w.org\/{rel}","templated":true}]}}