{"id":165810,"date":"2022-10-28T08:00:00","date_gmt":"2022-10-28T06:00:00","guid":{"rendered":"https:\/\/www.salzburgerland.com\/de\/magazin\/?p=165810"},"modified":"2022-11-03T10:54:12","modified_gmt":"2022-11-03T09:54:12","slug":"wagrain-kleinarl-aber-oho","status":"publish","type":"post","link":"https:\/\/www.salzburgerland.com\/de\/magazin\/wagrain-kleinarl-aber-oho\/","title":{"rendered":"Wagrain-Klein(arl) aber Oho!"},"content":{"rendered":"\n<div class=\"wp-block-slt-top topBlocks\">\n<h2 class=\"wp-block-slt-subtitle\">Eine Auszeichnung f\u00fcr fortschrittliche Kompetenz in der Region Wagrain-Kleinarl<\/h2>\n\n\n\n<p class=\"wp-block-slt-intro\">Mit gro\u00dfen Schritten geht die Region Wagrain-Kleinarl ihren Weg in eine nachhaltige Zukunft. Mit der h\u00f6chsten Nachhaltigkeitszertifizierung und der Erf\u00fcllung internationaler Standards kann die Region einen wahren Erfolg feiern.<\/p>\n<\/div>\n\n\n\n<p>Die vielseitige Region in der Salzburger Sportwelt nimmt die Sache ernst und hat es sich zur Aufgabe gemacht, das Gute sichtbar zu machen. Deshalb stellt sie sich auch den mehr als hundert herausfordernden Bewertungskriterien durch &#8222;<a href=\"https:\/\/greendestinations.org\/\" target=\"_blank\" rel=\"noreferrer noopener\">Green Destinations<\/a>&#8222;. Mit der Entwicklung eines Nachhaltigkeits-Leitbildes erschuf die <a href=\"https:\/\/www.wagrain-kleinarl.at\/\" target=\"_blank\" rel=\"noreferrer noopener\">Region Wagrain-Kleinarl <\/a>zus\u00e4tzlich L\u00f6sungswege f\u00fcr den Erhalt des wertvollen Lebens-, Wirtschafts-, Natur und Kulturraums. Nach den Prinzipien der Ehrlichkeit und Transparenz sollen den G\u00e4sten der Region Projekte zug\u00e4nglich gemacht werden, die der Ressourcenschonung und der F\u00f6rderung der nat\u00fcrlichen Regenerationsf\u00e4higkeit dienen. Beim genauen Hinschauen sieht man die Bestrebungen in vielen Details.<\/p>\n\n\n<div class=\"mag-gallery\"><div class=\"row\"><div class=\"col-6 col-sm-4\"><figure><a class=\"thumb-container\" href=\"https:\/\/www.salzburgerland.com\/de\/magazin\/wp-content\/uploads\/2022\/10\/Frau-auf-Wiese-Fotograf-Christian-Fischbaer-1280x1024.jpg\">\t<picture><source media=\"(min-width: 576px)\" srcset=\"\"><\/source><source media=\"(min-width: 0)\" srcset=\"https:\/\/www.salzburgerland.com\/de\/magazin\/wp-content\/uploads\/2022\/10\/Frau-auf-Wiese-Fotograf-Christian-Fischbaer-scaled.jpg 1708w, https:\/\/www.salzburgerland.com\/de\/magazin\/wp-content\/uploads\/2022\/10\/Frau-auf-Wiese-Fotograf-Christian-Fischbaer-200x300.jpg 200w, https:\/\/www.salzburgerland.com\/de\/magazin\/wp-content\/uploads\/2022\/10\/Frau-auf-Wiese-Fotograf-Christian-Fischbaer-1025x1536.jpg 1025w, https:\/\/www.salzburgerland.com\/de\/magazin\/wp-content\/uploads\/2022\/10\/Frau-auf-Wiese-Fotograf-Christian-Fischbaer-1366x2048.jpg 1366w, https:\/\/www.salzburgerland.com\/de\/magazin\/wp-content\/uploads\/2022\/10\/Frau-auf-Wiese-Fotograf-Christian-Fischbaer-367x550.jpg 367w, https:\/\/www.salzburgerland.com\/de\/magazin\/wp-content\/uploads\/2022\/10\/Frau-auf-Wiese-Fotograf-Christian-Fischbaer-267x400.jpg 267w, https:\/\/www.salzburgerland.com\/de\/magazin\/wp-content\/uploads\/2022\/10\/Frau-auf-Wiese-Fotograf-Christian-Fischbaer-1320x1979.jpg 1320w, https:\/\/www.salzburgerland.com\/de\/magazin\/wp-content\/uploads\/2022\/10\/Frau-auf-Wiese-Fotograf-Christian-Fischbaer-150x225.jpg 150w\"><\/source><img decoding=\"async\" alt=\"Frau auf Wiese\" src=\"https:\/\/www.salzburgerland.com\/de\/magazin\/wp-content\/uploads\/2022\/10\/Frau-auf-Wiese-Fotograf-Christian-Fischbaer-scaled.jpg\">\t<\/picture><figcaption>Wiesenkr&auml;uter sammeln &copy;Christian Fischbacher<\/figcaption><\/a><\/figure><\/div><div class=\"col-6 col-sm-4\"><figure><a class=\"thumb-container\" href=\"https:\/\/www.salzburgerland.com\/de\/magazin\/wp-content\/uploads\/2022\/10\/Herren-an-See-Fotograf-Christian-Fischbacher--1280x1024.jpg\">\t<picture><source media=\"(min-width: 576px)\" srcset=\"\"><\/source><source media=\"(min-width: 0)\" srcset=\"https:\/\/www.salzburgerland.com\/de\/magazin\/wp-content\/uploads\/2022\/10\/Herren-an-See-Fotograf-Christian-Fischbacher--scaled.jpg 1708w, https:\/\/www.salzburgerland.com\/de\/magazin\/wp-content\/uploads\/2022\/10\/Herren-an-See-Fotograf-Christian-Fischbacher--200x300.jpg 200w, https:\/\/www.salzburgerland.com\/de\/magazin\/wp-content\/uploads\/2022\/10\/Herren-an-See-Fotograf-Christian-Fischbacher--1025x1536.jpg 1025w, https:\/\/www.salzburgerland.com\/de\/magazin\/wp-content\/uploads\/2022\/10\/Herren-an-See-Fotograf-Christian-Fischbacher--1366x2048.jpg 1366w, https:\/\/www.salzburgerland.com\/de\/magazin\/wp-content\/uploads\/2022\/10\/Herren-an-See-Fotograf-Christian-Fischbacher--367x550.jpg 367w, https:\/\/www.salzburgerland.com\/de\/magazin\/wp-content\/uploads\/2022\/10\/Herren-an-See-Fotograf-Christian-Fischbacher--267x400.jpg 267w, https:\/\/www.salzburgerland.com\/de\/magazin\/wp-content\/uploads\/2022\/10\/Herren-an-See-Fotograf-Christian-Fischbacher--1320x1979.jpg 1320w, https:\/\/www.salzburgerland.com\/de\/magazin\/wp-content\/uploads\/2022\/10\/Herren-an-See-Fotograf-Christian-Fischbacher--150x225.jpg 150w\"><\/source><img decoding=\"async\" alt=\"Herren vor Bergsee\" src=\"https:\/\/www.salzburgerland.com\/de\/magazin\/wp-content\/uploads\/2022\/10\/Herren-an-See-Fotograf-Christian-Fischbacher--scaled.jpg\">\t<\/picture><figcaption>Ausblick auf Bergsee &copy;Christian Fischbacher <\/figcaption><\/a><\/figure><\/div><\/div><figcaption><\/figcaption><\/div>\n\n\n\n<h2 class=\"wp-block-heading\" id=\"h-sich-mit-nachhaltigkeit-zu-beschaftigen-heisst-vor-allem-verantwortung-ubernehmen\">Sich mit Nachhaltigkeit zu besch\u00e4ftigen, hei\u00dft vor allem  Verantwortung \u00fcbernehmen. <\/h2>\n\n\n\n<p>Eine Nachhaltigkeitszertifizierung ist keine Gegebenheit. Man \u00fcbernimmt die Verantwortung f\u00fcr nachkommende Generationen und den gemeinsamen Lebensraum. Wagrain-Kleinarl hat es sich demnach  zur Aufgabe gemacht, seine Betriebe bei der Umsetzung nachhaltiger Ziele zu unterst\u00fctzen und arbeitet  mit Akteuren aus der Region zusammen, f\u00fcr die Nachhaltigkeit oftmals schon seit Generationen, aber vielleicht nicht unter diesem Namen, eine Selbstverst\u00e4ndlichkeit ist. Durch die Vernetzungen von Betrieben in der Region k\u00f6nnen Transportwege reduziert werden und die Wertsch\u00f6pfung hier gehalten werden. Als Gast profitiert man auf diesem Weg von der Qualit\u00e4t regionaler Produkte, f\u00f6rdert Arbeitspl\u00e4tze am Land und hat die Chance, auf ein einzigartiges und authentisches Erlebnis.<\/p>\n\n\n\n<p>Die Dinge etwas anders machen und keine Angst davor zu haben. Sichtlich wird dieser Ansatz in vielen Details, zum Beispiel am Shuttleberg Flachauwinkl-Kleinarl: Sei es bei der Beschneiung, Pistenpr\u00e4paration, \u00d6kostrom, Recycling und Upcycling oder Wasser. Das innovative Bio-Bergrestaurant <a href=\"https:\/\/www.salzburgerland.com\/de\/magazin\/bio-bergrestaurant-lumberjack\/\" target=\"_blank\" rel=\"noreferrer noopener\">Lumberjack <\/a> im \u201eFood hall\u201c Style und seinem Angebot an fast ausschlie\u00dflich regionalen und biologischen Gerichten verw\u00f6hnt hungrige Wanderer im Sommer und st\u00e4rkt Ski- und Snowboardfahrer im Winter auf nachhaltige Weise.<\/p>\n\n\n\n<figure class=\"wp-block-image size-full\"><img loading=\"lazy\" decoding=\"async\" width=\"2560\" height=\"1711\" src=\"https:\/\/www.salzburgerland.com\/de\/magazin\/wp-content\/uploads\/2022\/10\/LogoGreenDestinations-1-scaled.jpg\" alt=\"Green Destinations-Logo mit abstrakten Blattformen und Text: Certified 2022 auf gr\u00fcnem Hintergrund.\" class=\"wp-image-165812\" srcset=\"https:\/\/www.salzburgerland.com\/de\/magazin\/wp-content\/uploads\/2022\/10\/LogoGreenDestinations-1-scaled.jpg 2560w, https:\/\/www.salzburgerland.com\/de\/magazin\/wp-content\/uploads\/2022\/10\/LogoGreenDestinations-1-300x201.jpg 300w, https:\/\/www.salzburgerland.com\/de\/magazin\/wp-content\/uploads\/2022\/10\/LogoGreenDestinations-1-1536x1027.jpg 1536w, https:\/\/www.salzburgerland.com\/de\/magazin\/wp-content\/uploads\/2022\/10\/LogoGreenDestinations-1-2048x1369.jpg 2048w, https:\/\/www.salzburgerland.com\/de\/magazin\/wp-content\/uploads\/2022\/10\/LogoGreenDestinations-1-823x550.jpg 823w, https:\/\/www.salzburgerland.com\/de\/magazin\/wp-content\/uploads\/2022\/10\/LogoGreenDestinations-1-598x400.jpg 598w, https:\/\/www.salzburgerland.com\/de\/magazin\/wp-content\/uploads\/2022\/10\/LogoGreenDestinations-1-1320x882.jpg 1320w, https:\/\/www.salzburgerland.com\/de\/magazin\/wp-content\/uploads\/2022\/10\/LogoGreenDestinations-1-150x100.jpg 150w\" sizes=\"auto, (max-width: 2560px) 100vw, 2560px\" \/><figcaption>Green Destinations 2022 \u00a9Wagrain-Kleinarl Tourismus <\/figcaption><\/figure>\n\n\n\n<h2 class=\"wp-block-heading\" id=\"h-auszeichnung-auf-hochster-ebene\">Auszeichnung auf h\u00f6chster Ebene<\/h2>\n\n\n\n<p>Diese Bestrebungen wurden mit dem Nachhaltigkeitszertifikat \u201eGood Travel Seal\u201c belohnt. Mit drei von drei Sternen und damit einer Top-Bewertung wird best\u00e4tigt, dass das Skigebiet in Sachen Nachhaltigkeit in der Tat sein Bestes gibt. Damit nicht genug! Denn Wagrain-Kleinarl hat in einem aufw\u00e4ndigen Zertifizierungsprogramm durch Green Destinations und gem\u00e4\u00df den internationalen Standards des <a href=\"https:\/\/www.gstcouncil.org\/\" target=\"_blank\" rel=\"noreferrer noopener\">Global Sustainable Tourism Councils (GSTC) <\/a>ebenfalls das bestm\u00f6gliche Ergebnis erreicht und sich somit als Primus der Green Destinations ausgezeichnet. Durch das Programm soll die F\u00f6rderung nachhaltiger Prozesse auf Dauer in der Region verankert und stetig weiterentwickelt werden. Das Wirken in den Bereichen sozial, wirtschaftlich und \u00f6kologisch steht dabei im Vordergrund und soll sich in den touristisch relevanten Bereichen wie Unterk\u00fcnfte, Aktivit\u00e4ten, Gastronomie, Produkte und Veranstaltungen widerspiegeln. Im Zuge der Zertifizierung hat die Region au\u00dferdem an der Entwicklung der Richtlinien des \u00f6sterreichischen Umweltzeichens f\u00fcr Tourismusdestinationen beigetragen. Da sich diese Richtlinien stark an den GSTC-Kriterien anlehnen, ist davon auszugehen, dass Wagrain-Kleinarl als eine der ersten Tourismusdestinationen mit dem \u00f6sterreichischen Umweltzeichen ausgezeichnet wird. <\/p>\n\n\n\n<p>F\u00fcr die Zukunft gibt es viele Pl\u00e4ne und einige davon stehen bereits in den Startl\u00f6chern. Um den Insekten und Bienen etwas Gutes zu tun und ihnen einen angenehmen Lebensraum zu schaffen, m\u00f6chte sich die Region mit dem Projekt &#8222;Gartenfreude hoch 2&#8220; f\u00fcr eine erh\u00f6hte Biodiversit\u00e4t an \u00f6ffentlichen und halb\u00f6ffentlichen Orten einsetzen. <\/p>\n","protected":false},"excerpt":{"rendered":"<p>Die vielseitige Region in der Salzburger Sportwelt nimmt die Sache ernst und hat es sich zur Aufgabe gemacht, das Gute sichtbar zu machen. Deshalb stellt sie sich auch den mehr als hundert herausfordernden Bewertungskriterien durch &#8222;Green Destinations&#8222;. Mit der Entwicklung eines Nachhaltigkeits-Leitbildes erschuf die Region Wagrain-Kleinarl zus\u00e4tzlich L\u00f6sungswege f\u00fcr den Erhalt des wertvollen Lebens-, Wirtschafts-, [&hellip;]<\/p>\n","protected":false},"author":590,"featured_media":165815,"comment_status":"closed","ping_status":"closed","sticky":false,"template":"","format":"standard","meta":{"_acf_changed":false,"wl_entities_gutenberg":"","_wl_entity_redirect_enabled":"","footnotes":""},"categories":[5],"tags":[7502,5564,7501,6951,7503,36,7504,5567,7500],"wl_entity_type":[306],"monatsauswahl":[],"class_list":["post-165810","post","type-post","status-publish","format-standard","has-post-thumbnail","hentry","category-hotel-reise","tag-auszeichnung","tag-bio","tag-green-destinations","tag-nachhaltig","tag-region","tag-skigebiet","tag-umweltzeichen","tag-wagrain-kleinarl-2","tag-zertifikat","wl_entity_type-article"],"acf":[],"yoast_head":"<!-- This site is optimized with the Yoast SEO Premium plugin v27.4 (Yoast SEO v27.4) - https:\/\/yoast.com\/product\/yoast-seo-premium-wordpress\/ -->\n<title>Wagrain-Klein(arl) aber Oho! - SalzburgerLand Magazin<\/title>\n<meta name=\"robots\" content=\"index, follow, max-snippet:-1, max-image-preview:large, max-video-preview:-1\" \/>\n<link rel=\"canonical\" href=\"https:\/\/www.salzburgerland.com\/de\/magazin\/wagrain-kleinarl-aber-oho\/\" \/>\n<meta property=\"og:locale\" content=\"de_DE\" \/>\n<meta property=\"og:type\" content=\"article\" \/>\n<meta property=\"og:title\" content=\"Wagrain-Klein(arl) aber Oho!\" \/>\n<meta property=\"og:description\" content=\"Die vielseitige Region in der Salzburger Sportwelt nimmt die Sache ernst und hat es sich zur Aufgabe gemacht, das Gute sichtbar zu machen. Deshalb stellt sie sich auch den mehr als hundert herausfordernden Bewertungskriterien durch &#8222;Green Destinations&#8222;. Mit der Entwicklung eines Nachhaltigkeits-Leitbildes erschuf die Region Wagrain-Kleinarl zus\u00e4tzlich L\u00f6sungswege f\u00fcr den Erhalt des wertvollen Lebens-, Wirtschafts-, [&hellip;]\" \/>\n<meta property=\"og:url\" content=\"https:\/\/www.salzburgerland.com\/de\/magazin\/wagrain-kleinarl-aber-oho\/\" \/>\n<meta property=\"og:site_name\" content=\"SalzburgerLand Magazin\" \/>\n<meta property=\"article:publisher\" content=\"https:\/\/www.facebook.com\/salzburgerland\/\" \/>\n<meta property=\"article:published_time\" content=\"2022-10-28T06:00:00+00:00\" \/>\n<meta property=\"article:modified_time\" content=\"2022-11-03T09:54:12+00:00\" \/>\n<meta property=\"og:image\" content=\"https:\/\/www.salzburgerland.com\/de\/magazin\/wp-content\/uploads\/2022\/10\/Wagrain-Winter-Skigebiet.jpg\" \/>\n\t<meta property=\"og:image:width\" content=\"2048\" \/>\n\t<meta property=\"og:image:height\" content=\"1152\" \/>\n\t<meta property=\"og:image:type\" content=\"image\/jpeg\" \/>\n<meta name=\"author\" content=\"Ellen Butzhammer\" \/>\n<meta name=\"twitter:card\" content=\"summary_large_image\" \/>\n<meta name=\"twitter:creator\" content=\"@Salzburgerland\" \/>\n<meta name=\"twitter:site\" content=\"@Salzburgerland\" \/>\n<meta name=\"twitter:label1\" content=\"Verfasst von\" \/>\n\t<meta name=\"twitter:data1\" content=\"Ellen Butzhammer\" \/>\n\t<meta name=\"twitter:label2\" content=\"Gesch\u00e4tzte Lesezeit\" \/>\n\t<meta name=\"twitter:data2\" content=\"4\u00a0Minuten\" \/>\n<script type=\"application\/ld+json\" class=\"yoast-schema-graph\">{\"@context\":\"https:\\\/\\\/schema.org\",\"@graph\":[{\"@type\":\"Article\",\"@id\":\"https:\\\/\\\/www.salzburgerland.com\\\/de\\\/magazin\\\/wagrain-kleinarl-aber-oho\\\/#article\",\"isPartOf\":{\"@id\":\"https:\\\/\\\/www.salzburgerland.com\\\/de\\\/magazin\\\/wagrain-kleinarl-aber-oho\\\/\"},\"author\":{\"name\":\"Ellen Butzhammer\",\"@id\":\"https:\\\/\\\/www.salzburgerland.com\\\/de\\\/magazin\\\/#\\\/schema\\\/person\\\/7a449d5d0b43bcde36448bea1b8be8f4\"},\"headline\":\"Wagrain-Klein(arl) aber Oho!\",\"datePublished\":\"2022-10-28T06:00:00+00:00\",\"dateModified\":\"2022-11-03T09:54:12+00:00\",\"mainEntityOfPage\":{\"@id\":\"https:\\\/\\\/www.salzburgerland.com\\\/de\\\/magazin\\\/wagrain-kleinarl-aber-oho\\\/\"},\"wordCount\":589,\"publisher\":{\"@id\":\"https:\\\/\\\/www.salzburgerland.com\\\/de\\\/magazin\\\/#organization\"},\"image\":{\"@id\":\"https:\\\/\\\/www.salzburgerland.com\\\/de\\\/magazin\\\/wagrain-kleinarl-aber-oho\\\/#primaryimage\"},\"thumbnailUrl\":\"https:\\\/\\\/www.salzburgerland.com\\\/de\\\/magazin\\\/wp-content\\\/uploads\\\/2022\\\/10\\\/Wagrain-Winter-Skigebiet.jpg\",\"keywords\":[\"Auszeichnung\",\"bio\",\"Green Destinations\",\"Nachhaltig\",\"Region\",\"Skigebiet\",\"Umweltzeichen\",\"wagrain-kleinarl\",\"Zertifikat\"],\"articleSection\":[\"Hotel &amp; Reise\"],\"inLanguage\":\"de\"},{\"@type\":\"WebPage\",\"@id\":\"https:\\\/\\\/www.salzburgerland.com\\\/de\\\/magazin\\\/wagrain-kleinarl-aber-oho\\\/\",\"url\":\"https:\\\/\\\/www.salzburgerland.com\\\/de\\\/magazin\\\/wagrain-kleinarl-aber-oho\\\/\",\"name\":\"Wagrain-Klein(arl) aber Oho! - SalzburgerLand Magazin\",\"isPartOf\":{\"@id\":\"https:\\\/\\\/www.salzburgerland.com\\\/de\\\/magazin\\\/#website\"},\"primaryImageOfPage\":{\"@id\":\"https:\\\/\\\/www.salzburgerland.com\\\/de\\\/magazin\\\/wagrain-kleinarl-aber-oho\\\/#primaryimage\"},\"image\":{\"@id\":\"https:\\\/\\\/www.salzburgerland.com\\\/de\\\/magazin\\\/wagrain-kleinarl-aber-oho\\\/#primaryimage\"},\"thumbnailUrl\":\"https:\\\/\\\/www.salzburgerland.com\\\/de\\\/magazin\\\/wp-content\\\/uploads\\\/2022\\\/10\\\/Wagrain-Winter-Skigebiet.jpg\",\"datePublished\":\"2022-10-28T06:00:00+00:00\",\"dateModified\":\"2022-11-03T09:54:12+00:00\",\"breadcrumb\":{\"@id\":\"https:\\\/\\\/www.salzburgerland.com\\\/de\\\/magazin\\\/wagrain-kleinarl-aber-oho\\\/#breadcrumb\"},\"inLanguage\":\"de\",\"potentialAction\":[{\"@type\":\"ReadAction\",\"target\":[\"https:\\\/\\\/www.salzburgerland.com\\\/de\\\/magazin\\\/wagrain-kleinarl-aber-oho\\\/\"]}]},{\"@type\":\"ImageObject\",\"inLanguage\":\"de\",\"@id\":\"https:\\\/\\\/www.salzburgerland.com\\\/de\\\/magazin\\\/wagrain-kleinarl-aber-oho\\\/#primaryimage\",\"url\":\"https:\\\/\\\/www.salzburgerland.com\\\/de\\\/magazin\\\/wp-content\\\/uploads\\\/2022\\\/10\\\/Wagrain-Winter-Skigebiet.jpg\",\"contentUrl\":\"https:\\\/\\\/www.salzburgerland.com\\\/de\\\/magazin\\\/wp-content\\\/uploads\\\/2022\\\/10\\\/Wagrain-Winter-Skigebiet.jpg\",\"width\":2048,\"height\":1152,\"caption\":\"Wagrain-Kleinarl Skiegbiet \u00a9Eduardo Gellner\"},{\"@type\":\"BreadcrumbList\",\"@id\":\"https:\\\/\\\/www.salzburgerland.com\\\/de\\\/magazin\\\/wagrain-kleinarl-aber-oho\\\/#breadcrumb\",\"itemListElement\":[{\"@type\":\"ListItem\",\"position\":1,\"name\":\"Startseite\",\"item\":\"https:\\\/\\\/www.salzburgerland.com\\\/de\\\/magazin\\\/\"},{\"@type\":\"ListItem\",\"position\":2,\"name\":\"Hotel &amp; Reise\",\"item\":\"https:\\\/\\\/www.salzburgerland.com\\\/de\\\/magazin\\\/thema\\\/hotel-reise\\\/\"},{\"@type\":\"ListItem\",\"position\":3,\"name\":\"Wagrain-Klein(arl) aber Oho!\"}]},{\"@type\":\"WebSite\",\"@id\":\"https:\\\/\\\/www.salzburgerland.com\\\/de\\\/magazin\\\/#website\",\"url\":\"https:\\\/\\\/www.salzburgerland.com\\\/de\\\/magazin\\\/\",\"name\":\"SalzburgerLand Magazin\",\"description\":\"Geschichten und Interessantes aus dem SalzburgerLand\",\"publisher\":{\"@id\":\"https:\\\/\\\/www.salzburgerland.com\\\/de\\\/magazin\\\/#organization\"},\"potentialAction\":[{\"@type\":\"SearchAction\",\"target\":{\"@type\":\"EntryPoint\",\"urlTemplate\":\"https:\\\/\\\/www.salzburgerland.com\\\/de\\\/magazin\\\/?s={search_term_string}\"},\"query-input\":{\"@type\":\"PropertyValueSpecification\",\"valueRequired\":true,\"valueName\":\"search_term_string\"}}],\"inLanguage\":\"de\"},{\"@type\":\"Organization\",\"@id\":\"https:\\\/\\\/www.salzburgerland.com\\\/de\\\/magazin\\\/#organization\",\"name\":\"SalzburgerLand Tourismus\",\"url\":\"https:\\\/\\\/www.salzburgerland.com\\\/de\\\/magazin\\\/\",\"logo\":{\"@type\":\"ImageObject\",\"inLanguage\":\"de\",\"@id\":\"https:\\\/\\\/www.salzburgerland.com\\\/de\\\/magazin\\\/#\\\/schema\\\/logo\\\/image\\\/\",\"url\":\"https:\\\/\\\/www.salzburgerland.com\\\/de\\\/magazin\\\/wp-content\\\/uploads\\\/2019\\\/06\\\/salzburgerland-logo1.jpg\",\"contentUrl\":\"https:\\\/\\\/www.salzburgerland.com\\\/de\\\/magazin\\\/wp-content\\\/uploads\\\/2019\\\/06\\\/salzburgerland-logo1.jpg\",\"width\":2011,\"height\":866,\"caption\":\"SalzburgerLand Tourismus\"},\"image\":{\"@id\":\"https:\\\/\\\/www.salzburgerland.com\\\/de\\\/magazin\\\/#\\\/schema\\\/logo\\\/image\\\/\"},\"sameAs\":[\"https:\\\/\\\/www.facebook.com\\\/salzburgerland\\\/\",\"https:\\\/\\\/x.com\\\/Salzburgerland\",\"https:\\\/\\\/www.instagram.com\\\/salzburgerland\\\/\",\"https:\\\/\\\/at.linkedin.com\\\/company\\\/salzburgerland-tourismus-gmbh\",\"https:\\\/\\\/www.pinterest.at\\\/salzburgerland\\\/\",\"https:\\\/\\\/www.youtube.com\\\/user\\\/salzburgerland\",\"https:\\\/\\\/de.wikipedia.org\\\/wiki\\\/SalzburgerLand_Tourismus_GmbH\"]},{\"@type\":\"Person\",\"@id\":\"https:\\\/\\\/www.salzburgerland.com\\\/de\\\/magazin\\\/#\\\/schema\\\/person\\\/7a449d5d0b43bcde36448bea1b8be8f4\",\"name\":\"Ellen Butzhammer\",\"url\":\"https:\\\/\\\/www.salzburgerland.com\\\/de\\\/magazin\\\/author\\\/ebutzhammer\\\/\"}]}<\/script>\n<!-- \/ Yoast SEO Premium plugin. -->","yoast_head_json":{"title":"Wagrain-Klein(arl) aber Oho! - SalzburgerLand Magazin","robots":{"index":"index","follow":"follow","max-snippet":"max-snippet:-1","max-image-preview":"max-image-preview:large","max-video-preview":"max-video-preview:-1"},"canonical":"https:\/\/www.salzburgerland.com\/de\/magazin\/wagrain-kleinarl-aber-oho\/","og_locale":"de_DE","og_type":"article","og_title":"Wagrain-Klein(arl) aber Oho!","og_description":"Die vielseitige Region in der Salzburger Sportwelt nimmt die Sache ernst und hat es sich zur Aufgabe gemacht, das Gute sichtbar zu machen. Deshalb stellt sie sich auch den mehr als hundert herausfordernden Bewertungskriterien durch &#8222;Green Destinations&#8222;. Mit der Entwicklung eines Nachhaltigkeits-Leitbildes erschuf die Region Wagrain-Kleinarl zus\u00e4tzlich L\u00f6sungswege f\u00fcr den Erhalt des wertvollen Lebens-, Wirtschafts-, [&hellip;]","og_url":"https:\/\/www.salzburgerland.com\/de\/magazin\/wagrain-kleinarl-aber-oho\/","og_site_name":"SalzburgerLand Magazin","article_publisher":"https:\/\/www.facebook.com\/salzburgerland\/","article_published_time":"2022-10-28T06:00:00+00:00","article_modified_time":"2022-11-03T09:54:12+00:00","og_image":[{"width":2048,"height":1152,"url":"https:\/\/www.salzburgerland.com\/de\/magazin\/wp-content\/uploads\/2022\/10\/Wagrain-Winter-Skigebiet.jpg","type":"image\/jpeg"}],"author":"Ellen Butzhammer","twitter_card":"summary_large_image","twitter_creator":"@Salzburgerland","twitter_site":"@Salzburgerland","twitter_misc":{"Verfasst von":"Ellen Butzhammer","Gesch\u00e4tzte Lesezeit":"4\u00a0Minuten"},"schema":{"@context":"https:\/\/schema.org","@graph":[{"@type":"Article","@id":"https:\/\/www.salzburgerland.com\/de\/magazin\/wagrain-kleinarl-aber-oho\/#article","isPartOf":{"@id":"https:\/\/www.salzburgerland.com\/de\/magazin\/wagrain-kleinarl-aber-oho\/"},"author":{"name":"Ellen Butzhammer","@id":"https:\/\/www.salzburgerland.com\/de\/magazin\/#\/schema\/person\/7a449d5d0b43bcde36448bea1b8be8f4"},"headline":"Wagrain-Klein(arl) aber Oho!","datePublished":"2022-10-28T06:00:00+00:00","dateModified":"2022-11-03T09:54:12+00:00","mainEntityOfPage":{"@id":"https:\/\/www.salzburgerland.com\/de\/magazin\/wagrain-kleinarl-aber-oho\/"},"wordCount":589,"publisher":{"@id":"https:\/\/www.salzburgerland.com\/de\/magazin\/#organization"},"image":{"@id":"https:\/\/www.salzburgerland.com\/de\/magazin\/wagrain-kleinarl-aber-oho\/#primaryimage"},"thumbnailUrl":"https:\/\/www.salzburgerland.com\/de\/magazin\/wp-content\/uploads\/2022\/10\/Wagrain-Winter-Skigebiet.jpg","keywords":["Auszeichnung","bio","Green Destinations","Nachhaltig","Region","Skigebiet","Umweltzeichen","wagrain-kleinarl","Zertifikat"],"articleSection":["Hotel &amp; Reise"],"inLanguage":"de"},{"@type":"WebPage","@id":"https:\/\/www.salzburgerland.com\/de\/magazin\/wagrain-kleinarl-aber-oho\/","url":"https:\/\/www.salzburgerland.com\/de\/magazin\/wagrain-kleinarl-aber-oho\/","name":"Wagrain-Klein(arl) aber Oho! - SalzburgerLand Magazin","isPartOf":{"@id":"https:\/\/www.salzburgerland.com\/de\/magazin\/#website"},"primaryImageOfPage":{"@id":"https:\/\/www.salzburgerland.com\/de\/magazin\/wagrain-kleinarl-aber-oho\/#primaryimage"},"image":{"@id":"https:\/\/www.salzburgerland.com\/de\/magazin\/wagrain-kleinarl-aber-oho\/#primaryimage"},"thumbnailUrl":"https:\/\/www.salzburgerland.com\/de\/magazin\/wp-content\/uploads\/2022\/10\/Wagrain-Winter-Skigebiet.jpg","datePublished":"2022-10-28T06:00:00+00:00","dateModified":"2022-11-03T09:54:12+00:00","breadcrumb":{"@id":"https:\/\/www.salzburgerland.com\/de\/magazin\/wagrain-kleinarl-aber-oho\/#breadcrumb"},"inLanguage":"de","potentialAction":[{"@type":"ReadAction","target":["https:\/\/www.salzburgerland.com\/de\/magazin\/wagrain-kleinarl-aber-oho\/"]}]},{"@type":"ImageObject","inLanguage":"de","@id":"https:\/\/www.salzburgerland.com\/de\/magazin\/wagrain-kleinarl-aber-oho\/#primaryimage","url":"https:\/\/www.salzburgerland.com\/de\/magazin\/wp-content\/uploads\/2022\/10\/Wagrain-Winter-Skigebiet.jpg","contentUrl":"https:\/\/www.salzburgerland.com\/de\/magazin\/wp-content\/uploads\/2022\/10\/Wagrain-Winter-Skigebiet.jpg","width":2048,"height":1152,"caption":"Wagrain-Kleinarl Skiegbiet \u00a9Eduardo Gellner"},{"@type":"BreadcrumbList","@id":"https:\/\/www.salzburgerland.com\/de\/magazin\/wagrain-kleinarl-aber-oho\/#breadcrumb","itemListElement":[{"@type":"ListItem","position":1,"name":"Startseite","item":"https:\/\/www.salzburgerland.com\/de\/magazin\/"},{"@type":"ListItem","position":2,"name":"Hotel &amp; Reise","item":"https:\/\/www.salzburgerland.com\/de\/magazin\/thema\/hotel-reise\/"},{"@type":"ListItem","position":3,"name":"Wagrain-Klein(arl) aber Oho!"}]},{"@type":"WebSite","@id":"https:\/\/www.salzburgerland.com\/de\/magazin\/#website","url":"https:\/\/www.salzburgerland.com\/de\/magazin\/","name":"SalzburgerLand Magazin","description":"Geschichten und Interessantes aus dem SalzburgerLand","publisher":{"@id":"https:\/\/www.salzburgerland.com\/de\/magazin\/#organization"},"potentialAction":[{"@type":"SearchAction","target":{"@type":"EntryPoint","urlTemplate":"https:\/\/www.salzburgerland.com\/de\/magazin\/?s={search_term_string}"},"query-input":{"@type":"PropertyValueSpecification","valueRequired":true,"valueName":"search_term_string"}}],"inLanguage":"de"},{"@type":"Organization","@id":"https:\/\/www.salzburgerland.com\/de\/magazin\/#organization","name":"SalzburgerLand Tourismus","url":"https:\/\/www.salzburgerland.com\/de\/magazin\/","logo":{"@type":"ImageObject","inLanguage":"de","@id":"https:\/\/www.salzburgerland.com\/de\/magazin\/#\/schema\/logo\/image\/","url":"https:\/\/www.salzburgerland.com\/de\/magazin\/wp-content\/uploads\/2019\/06\/salzburgerland-logo1.jpg","contentUrl":"https:\/\/www.salzburgerland.com\/de\/magazin\/wp-content\/uploads\/2019\/06\/salzburgerland-logo1.jpg","width":2011,"height":866,"caption":"SalzburgerLand Tourismus"},"image":{"@id":"https:\/\/www.salzburgerland.com\/de\/magazin\/#\/schema\/logo\/image\/"},"sameAs":["https:\/\/www.facebook.com\/salzburgerland\/","https:\/\/x.com\/Salzburgerland","https:\/\/www.instagram.com\/salzburgerland\/","https:\/\/at.linkedin.com\/company\/salzburgerland-tourismus-gmbh","https:\/\/www.pinterest.at\/salzburgerland\/","https:\/\/www.youtube.com\/user\/salzburgerland","https:\/\/de.wikipedia.org\/wiki\/SalzburgerLand_Tourismus_GmbH"]},{"@type":"Person","@id":"https:\/\/www.salzburgerland.com\/de\/magazin\/#\/schema\/person\/7a449d5d0b43bcde36448bea1b8be8f4","name":"Ellen Butzhammer","url":"https:\/\/www.salzburgerland.com\/de\/magazin\/author\/ebutzhammer\/"}]}},"_wl_alt_label":[],"wl:entity_url":"http:\/\/open.salzburgerland.com\/magazin\/post\/wagrain-kleinarl-aber-oho-165810","_links":{"self":[{"href":"https:\/\/www.salzburgerland.com\/de\/magazin\/wp-json\/wp\/v2\/posts\/165810","targetHints":{"allow":["GET"]}}],"collection":[{"href":"https:\/\/www.salzburgerland.com\/de\/magazin\/wp-json\/wp\/v2\/posts"}],"about":[{"href":"https:\/\/www.salzburgerland.com\/de\/magazin\/wp-json\/wp\/v2\/types\/post"}],"author":[{"embeddable":true,"href":"https:\/\/www.salzburgerland.com\/de\/magazin\/wp-json\/wp\/v2\/users\/590"}],"replies":[{"embeddable":true,"href":"https:\/\/www.salzburgerland.com\/de\/magazin\/wp-json\/wp\/v2\/comments?post=165810"}],"version-history":[{"count":5,"href":"https:\/\/www.salzburgerland.com\/de\/magazin\/wp-json\/wp\/v2\/posts\/165810\/revisions"}],"predecessor-version":[{"id":166454,"href":"https:\/\/www.salzburgerland.com\/de\/magazin\/wp-json\/wp\/v2\/posts\/165810\/revisions\/166454"}],"wp:featuredmedia":[{"embeddable":true,"href":"https:\/\/www.salzburgerland.com\/de\/magazin\/wp-json\/wp\/v2\/media\/165815"}],"wp:attachment":[{"href":"https:\/\/www.salzburgerland.com\/de\/magazin\/wp-json\/wp\/v2\/media?parent=165810"}],"wp:term":[{"taxonomy":"category","embeddable":true,"href":"https:\/\/www.salzburgerland.com\/de\/magazin\/wp-json\/wp\/v2\/categories?post=165810"},{"taxonomy":"post_tag","embeddable":true,"href":"https:\/\/www.salzburgerland.com\/de\/magazin\/wp-json\/wp\/v2\/tags?post=165810"},{"taxonomy":"wl_entity_type","embeddable":true,"href":"https:\/\/www.salzburgerland.com\/de\/magazin\/wp-json\/wp\/v2\/wl_entity_type?post=165810"},{"taxonomy":"monatsauswahl","embeddable":true,"href":"https:\/\/www.salzburgerland.com\/de\/magazin\/wp-json\/wp\/v2\/monatsauswahl?post=165810"}],"curies":[{"name":"wp","href":"https:\/\/api.w.org\/{rel}","templated":true}]}}