{"id":165745,"date":"2022-10-13T08:00:00","date_gmt":"2022-10-13T06:00:00","guid":{"rendered":"https:\/\/www.salzburgerland.com\/de\/magazin\/?p=165745"},"modified":"2022-10-12T09:56:34","modified_gmt":"2022-10-12T07:56:34","slug":"kunsthotel-gastein","status":"publish","type":"post","link":"https:\/\/www.salzburgerland.com\/de\/magazin\/kunsthotel-gastein\/","title":{"rendered":"Kunsthotel Gastein"},"content":{"rendered":"\n<div class=\"wp-block-slt-top topBlocks\">\n<h2 class=\"wp-block-slt-subtitle\">Markant, modern oder matt? Alles richtig in der Kunstwerkstatt<\/h2>\n\n\n\n<p class=\"wp-block-slt-intro\">Kunsthotel in Bad Hofgastein \u2013 kann das sein? Bei den Gedanken ans Gasteinertal kommen mir Aktivit\u00e4ten wie Skifahren, Freeriden, Wandern, Yoga und Thermen in den Sinn. So auch f\u00fcr das Impuls Hotel Tirol \u2013 nur dort kombiniert ihr den \u201eherk\u00f6mmlichen\u201c Spa\u00df mit Pinselstrichen. Ihr bringt eure sch\u00f6nsten Eindr\u00fccke auf Leinwand \u2013 egal, ob detailgetreu oder versteckt hinter abstrakten Figuren.<\/p>\n<\/div>\n\n\n\n<h2 class=\"wp-block-heading\" id=\"h-malen-ist-therapie\">Malen ist Therapie<\/h2>\n\n\n\n<p>Kur trifft Kunst. Das trifft sich gut! Denn auch Malen ist Therapie: Mit dem Pinsel \u00fcber die Leinwand gleiten, Gedanken mit Farbe ausdr\u00fccken, dem gestressten Geist freien Lauf lassen. In jedem von uns steckt ein Picasso \u2013 in manchen ein gr\u00f6\u00dferer, in manchen ein kleinerer. Er geh\u00f6rt nur geweckt \u2013 im Kunsthotel in Gastein ist dies ein Kinderspiel:<\/p>\n\n\n\n<p>Die Kunstwerkstatt begeistert mit offenen T\u00fcren \u2013 rund um die Uhr. Leinw\u00e4nde, Pinsel und Farben freuen sich auf euch. Ganz bequem bezahlt ihr danach die verwendeten Mal-Utensilien.<\/p>\n\n\n\n<figure class=\"wp-block-image size-full\"><img loading=\"lazy\" decoding=\"async\" width=\"1382\" height=\"922\" src=\"https:\/\/www.salzburgerland.com\/de\/magazin\/wp-content\/uploads\/2022\/10\/christoph-weiermayer-c-impuls-hotel-tirol.jpg\" alt=\"Christoph Weiermayer malt in seinem Kunstatelier im Impuls Hotel Tirol\" class=\"wp-image-165776\" srcset=\"https:\/\/www.salzburgerland.com\/de\/magazin\/wp-content\/uploads\/2022\/10\/christoph-weiermayer-c-impuls-hotel-tirol.jpg 1382w, https:\/\/www.salzburgerland.com\/de\/magazin\/wp-content\/uploads\/2022\/10\/christoph-weiermayer-c-impuls-hotel-tirol-300x200.jpg 300w, https:\/\/www.salzburgerland.com\/de\/magazin\/wp-content\/uploads\/2022\/10\/christoph-weiermayer-c-impuls-hotel-tirol-824x550.jpg 824w, https:\/\/www.salzburgerland.com\/de\/magazin\/wp-content\/uploads\/2022\/10\/christoph-weiermayer-c-impuls-hotel-tirol-600x400.jpg 600w, https:\/\/www.salzburgerland.com\/de\/magazin\/wp-content\/uploads\/2022\/10\/christoph-weiermayer-c-impuls-hotel-tirol-1320x881.jpg 1320w, https:\/\/www.salzburgerland.com\/de\/magazin\/wp-content\/uploads\/2022\/10\/christoph-weiermayer-c-impuls-hotel-tirol-150x100.jpg 150w\" sizes=\"auto, (max-width: 1382px) 100vw, 1382px\" \/><figcaption>Christoph Weiermayer beim Malen \u00a9 Impuls Hotel Tirol<\/figcaption><\/figure>\n\n\n\n<p>Das K\u00fcnstleratelier befl\u00fcgelt die Kreativit\u00e4t. Noch mehr Inspiration gibt es, wenn ihr dem K\u00fcnstler und Hausherren <a href=\"https:\/\/www.christophweiermayer.at\/weiermayer\/\" target=\"_blank\" rel=\"noreferrer noopener\">Christoph Weiermayer<\/a> \u00fcber die Schultern blickt. Er bietet Workshops, Malkurse und begleitendes Arbeiten an \u2013 das Team an der Rezeption wei\u00df alle Details.<\/p>\n\n\n\n<h2 class=\"wp-block-heading\" id=\"h-kunsthotel-durch-und-durch\">Kunsthotel durch und durch<\/h2>\n\n\n\n<p>Das <a href=\"https:\/\/www.hotel-tirol.at\/\" target=\"_blank\" rel=\"noreferrer noopener\">Impuls Hotel Tirol<\/a> lebt die Kunst. Die Gem\u00e4lde verzaubern die wei\u00dfen W\u00e4nde: im Spa-Bereich, in den Zimmern oder in der Lobby.<br>Der Chef des Hauses schlendert durch sein Kunsthotel. Dabei entdeckt er immer wieder einen Platz, der mit einem seiner Bilder noch mehr Charme verspr\u00fcht. Die Natur befl\u00fcgelt seine Fantasie: Sie verb\u00fcndet sich mit der Energie der R\u00e4ume. Was dadurch entsteht? Ein harmonisches Bild f\u00fcr jedes Pl\u00e4tzchen im Hotel. Und weiter?<br>Ein Wohlf\u00fchlpaket, bei dem sich jede*r Kunstliebhaber*in gedankenverloren wiederfindet. Und f\u00fcr alle Nicht-Kunstinteressierten strahlen die Bilder eine verf\u00fchrerische Magie aus.<\/p>\n\n\n\n<figure class=\"wp-block-image size-full\"><img loading=\"lazy\" decoding=\"async\" width=\"2560\" height=\"1440\" src=\"https:\/\/www.salzburgerland.com\/de\/magazin\/wp-content\/uploads\/2022\/10\/kunstwerk-c-impuls-hotel-tirol-scaled.jpg\" alt=\"Kunstwerk Schale im Impuls Hotel Tirol\" class=\"wp-image-165778\" srcset=\"https:\/\/www.salzburgerland.com\/de\/magazin\/wp-content\/uploads\/2022\/10\/kunstwerk-c-impuls-hotel-tirol-scaled.jpg 2560w, https:\/\/www.salzburgerland.com\/de\/magazin\/wp-content\/uploads\/2022\/10\/kunstwerk-c-impuls-hotel-tirol-300x169.jpg 300w, https:\/\/www.salzburgerland.com\/de\/magazin\/wp-content\/uploads\/2022\/10\/kunstwerk-c-impuls-hotel-tirol-1536x864.jpg 1536w, https:\/\/www.salzburgerland.com\/de\/magazin\/wp-content\/uploads\/2022\/10\/kunstwerk-c-impuls-hotel-tirol-2048x1152.jpg 2048w, https:\/\/www.salzburgerland.com\/de\/magazin\/wp-content\/uploads\/2022\/10\/kunstwerk-c-impuls-hotel-tirol-978x550.jpg 978w, https:\/\/www.salzburgerland.com\/de\/magazin\/wp-content\/uploads\/2022\/10\/kunstwerk-c-impuls-hotel-tirol-711x400.jpg 711w, https:\/\/www.salzburgerland.com\/de\/magazin\/wp-content\/uploads\/2022\/10\/kunstwerk-c-impuls-hotel-tirol-560x316.jpg 560w, https:\/\/www.salzburgerland.com\/de\/magazin\/wp-content\/uploads\/2022\/10\/kunstwerk-c-impuls-hotel-tirol-250x140.jpg 250w, https:\/\/www.salzburgerland.com\/de\/magazin\/wp-content\/uploads\/2022\/10\/kunstwerk-c-impuls-hotel-tirol-1320x743.jpg 1320w, https:\/\/www.salzburgerland.com\/de\/magazin\/wp-content\/uploads\/2022\/10\/kunstwerk-c-impuls-hotel-tirol-1200x675.jpg 1200w, https:\/\/www.salzburgerland.com\/de\/magazin\/wp-content\/uploads\/2022\/10\/kunstwerk-c-impuls-hotel-tirol-150x84.jpg 150w\" sizes=\"auto, (max-width: 2560px) 100vw, 2560px\" \/><figcaption>Kunstwerk Schale \u00a9 Impuls Hotel Tirol<\/figcaption><\/figure>\n\n\n\n<h2 class=\"wp-block-heading\" id=\"h-kurse-im-kunsthotel-gastein\">Kurse im Kunsthotel Gastein<\/h2>\n\n\n\n<p>Eure Gedanken fahren Achterbahn? Sitzen im Karussell? Sie finden keine Ruhe? Dann ist ein entspannender Kunstkurs im Urlaub Therapie. Christoph Weiermayer oder einer der Therapeuten begeben sich mit euch auf den Rummel. Sie verraten ihre Tricks, wie ihr euer Gedankenpingpong auf die Leinwand bringt. Fabelhafte Farbkleckse, native Naturmotive oder zittrige Zeichnungen \u2013 ganz egal, womit ihr euer Gedankengut beruhigt. Das Wichtigste: Jeder kann malen. Es ist alles erlaubt: Mit ein bisschen Fantasie erkl\u00e4rt ihr jeden Farbtupfer zu etwas Gro\u00dfartigem. Dieser Meinung war schon der deutsche K\u00fcnstler Christoph Schlingensief:<\/p>\n\n\n\n<blockquote class=\"wp-block-quote is-layout-flow wp-block-quote-is-layout-flow\"><p>\u201eKunst wird erst dann interessant, wenn wir vor irgendetwas stehen, das wir nicht gleich restlos erkl\u00e4ren k\u00f6nnen.\u201c<\/p><cite>Christoph Schlingensief<\/cite><\/blockquote>\n\n\n\n<p>Und ihr schwingt den Pinsel, weil ihr gerade vor lauter Gl\u00fcck in der Luft tanzt. Oder weil eure Tr\u00e4nen hinter der Fassade brodeln. Jede Emotion erweckt Kunstwerke. Jedes Kunstwerk beruhigt die Gedanken.<\/p>\n\n\n\n<figure class=\"wp-block-image size-full\"><img loading=\"lazy\" decoding=\"async\" width=\"1382\" height=\"922\" src=\"https:\/\/www.salzburgerland.com\/de\/magazin\/wp-content\/uploads\/2022\/10\/malen-kunsthotel-gastein-c-impuls-hotel-tirol.jpg\" alt=\"Malenutensilien f\u00fcr die Maltherapie in Gastein\" class=\"wp-image-165779\" srcset=\"https:\/\/www.salzburgerland.com\/de\/magazin\/wp-content\/uploads\/2022\/10\/malen-kunsthotel-gastein-c-impuls-hotel-tirol.jpg 1382w, https:\/\/www.salzburgerland.com\/de\/magazin\/wp-content\/uploads\/2022\/10\/malen-kunsthotel-gastein-c-impuls-hotel-tirol-300x200.jpg 300w, https:\/\/www.salzburgerland.com\/de\/magazin\/wp-content\/uploads\/2022\/10\/malen-kunsthotel-gastein-c-impuls-hotel-tirol-824x550.jpg 824w, https:\/\/www.salzburgerland.com\/de\/magazin\/wp-content\/uploads\/2022\/10\/malen-kunsthotel-gastein-c-impuls-hotel-tirol-600x400.jpg 600w, https:\/\/www.salzburgerland.com\/de\/magazin\/wp-content\/uploads\/2022\/10\/malen-kunsthotel-gastein-c-impuls-hotel-tirol-1320x881.jpg 1320w, https:\/\/www.salzburgerland.com\/de\/magazin\/wp-content\/uploads\/2022\/10\/malen-kunsthotel-gastein-c-impuls-hotel-tirol-150x100.jpg 150w\" sizes=\"auto, (max-width: 1382px) 100vw, 1382px\" \/><figcaption>Malutensilien \u00a9 Impuls Hotel Tirol<\/figcaption><\/figure>\n\n\n\n<h2 class=\"wp-block-heading\" id=\"h-kunsthotel-in-gastein-ist-sonst-auch-ziemlich-fein\">Kunsthotel in Gastein ist sonst auch ziemlich fein<\/h2>\n\n\n\n<p>Ja. Neben den k\u00fcnstlerischen Meisterst\u00fccken verw\u00f6hnt euch das Impuls Hotel Tirol mit gschmackiger Gasteiner Kulinarik, wohltuendem Wellness und kaiserlichen Kuren. Skifahren, Wandern, Biken, <a href=\"https:\/\/www.salzburgerland.com\/de\/magazin\/yoga-in-gastein\/\">Yoga<\/a> und Thermen findet ihr in Gastein sowieso. Worauf noch warten? Mit Pinselstrichen beruhigt ihr euer Gedankenkarussell ganz schnell. Das Kunsthotel in Gastein hat den Schl\u00fcssel daf\u00fcr ?<\/p>\n\n\n","protected":false},"excerpt":{"rendered":"<p>Malen ist Therapie Kur trifft Kunst. Das trifft sich gut! Denn auch Malen ist Therapie: Mit dem Pinsel \u00fcber die Leinwand gleiten, Gedanken mit Farbe ausdr\u00fccken, dem gestressten Geist freien Lauf lassen. In jedem von uns steckt ein Picasso \u2013 in manchen ein gr\u00f6\u00dferer, in manchen ein kleinerer. Er geh\u00f6rt nur geweckt \u2013 im Kunsthotel [&hellip;]<\/p>\n","protected":false},"author":564,"featured_media":165777,"comment_status":"closed","ping_status":"closed","sticky":false,"template":"","format":"standard","meta":{"_acf_changed":false,"wl_entities_gutenberg":"","_wl_entity_redirect_enabled":"","footnotes":""},"categories":[5],"tags":[7156,1468,4389,7241,7395],"wl_entity_type":[306],"monatsauswahl":[82,83,84,85,86,87,88,89,90,91,92,93],"class_list":["post-165745","post","type-post","status-publish","format-standard","has-post-thumbnail","hentry","category-hotel-reise","tag-gastein","tag-gasteinertal","tag-hotel","tag-kunst","tag-kurse","wl_entity_type-article","monatsauswahl-monat_1","monatsauswahl-monat_2","monatsauswahl-monat_3","monatsauswahl-monat_4","monatsauswahl-monat_5","monatsauswahl-monat_6","monatsauswahl-monat_7","monatsauswahl-monat_8","monatsauswahl-monat_9","monatsauswahl-monat_10","monatsauswahl-monat_11","monatsauswahl-monat_12"],"acf":[],"yoast_head":"<!-- This site is optimized with the Yoast SEO Premium plugin v27.4 (Yoast SEO v27.4) - https:\/\/yoast.com\/product\/yoast-seo-premium-wordpress\/ -->\n<title>Kunsthotel Gastein - SalzburgerLand Magazin<\/title>\n<meta name=\"description\" content=\"Was macht ein Kunsthotel in Gastein aus? Es verbindet Skifahren, Wandern, Freeriden, Yoga und Thermen mit Malen und Kunst. Hier mehr erfahren!\" \/>\n<meta name=\"robots\" content=\"index, follow, max-snippet:-1, max-image-preview:large, max-video-preview:-1\" \/>\n<link rel=\"canonical\" href=\"https:\/\/www.salzburgerland.com\/de\/magazin\/kunsthotel-gastein\/\" \/>\n<meta property=\"og:locale\" content=\"de_DE\" \/>\n<meta property=\"og:type\" content=\"article\" \/>\n<meta property=\"og:title\" content=\"Kunsthotel Gastein\" \/>\n<meta property=\"og:description\" content=\"Was macht ein Kunsthotel in Gastein aus? Es verbindet Skifahren, Wandern, Freeriden, Yoga und Thermen mit Malen und Kunst. Hier mehr erfahren!\" \/>\n<meta property=\"og:url\" content=\"https:\/\/www.salzburgerland.com\/de\/magazin\/kunsthotel-gastein\/\" \/>\n<meta property=\"og:site_name\" content=\"SalzburgerLand Magazin\" \/>\n<meta property=\"article:publisher\" content=\"https:\/\/www.facebook.com\/salzburgerland\/\" \/>\n<meta property=\"article:published_time\" content=\"2022-10-13T06:00:00+00:00\" \/>\n<meta property=\"og:image\" content=\"https:\/\/www.salzburgerland.com\/de\/magazin\/wp-content\/uploads\/2022\/10\/kunstgallerie-c-impuls-hotel-tirol.jpg\" \/>\n\t<meta property=\"og:image:width\" content=\"1775\" \/>\n\t<meta property=\"og:image:height\" content=\"1181\" \/>\n\t<meta property=\"og:image:type\" content=\"image\/jpeg\" \/>\n<meta name=\"author\" content=\"Barbara Pirchner\" \/>\n<meta name=\"twitter:card\" content=\"summary_large_image\" \/>\n<meta name=\"twitter:creator\" content=\"@Salzburgerland\" \/>\n<meta name=\"twitter:site\" content=\"@Salzburgerland\" \/>\n<meta name=\"twitter:label1\" content=\"Verfasst von\" \/>\n\t<meta name=\"twitter:data1\" content=\"Barbara Pirchner\" \/>\n\t<meta name=\"twitter:label2\" content=\"Gesch\u00e4tzte Lesezeit\" \/>\n\t<meta name=\"twitter:data2\" content=\"4\u00a0Minuten\" \/>\n<script type=\"application\/ld+json\" class=\"yoast-schema-graph\">{\"@context\":\"https:\\\/\\\/schema.org\",\"@graph\":[{\"@type\":\"Article\",\"@id\":\"https:\\\/\\\/www.salzburgerland.com\\\/de\\\/magazin\\\/kunsthotel-gastein\\\/#article\",\"isPartOf\":{\"@id\":\"https:\\\/\\\/www.salzburgerland.com\\\/de\\\/magazin\\\/kunsthotel-gastein\\\/\"},\"author\":{\"name\":\"Barbara Pirchner\",\"@id\":\"https:\\\/\\\/www.salzburgerland.com\\\/de\\\/magazin\\\/#\\\/schema\\\/person\\\/1e4d0c967a02c339e6c85f8c3f38b89a\"},\"headline\":\"Kunsthotel Gastein\",\"datePublished\":\"2022-10-13T06:00:00+00:00\",\"mainEntityOfPage\":{\"@id\":\"https:\\\/\\\/www.salzburgerland.com\\\/de\\\/magazin\\\/kunsthotel-gastein\\\/\"},\"wordCount\":542,\"publisher\":{\"@id\":\"https:\\\/\\\/www.salzburgerland.com\\\/de\\\/magazin\\\/#organization\"},\"image\":{\"@id\":\"https:\\\/\\\/www.salzburgerland.com\\\/de\\\/magazin\\\/kunsthotel-gastein\\\/#primaryimage\"},\"thumbnailUrl\":\"https:\\\/\\\/www.salzburgerland.com\\\/de\\\/magazin\\\/wp-content\\\/uploads\\\/2022\\\/10\\\/kunstgallerie-c-impuls-hotel-tirol.jpg\",\"keywords\":[\"gastein\",\"Gasteinertal\",\"Hotel\",\"Kunst\",\"kurse\"],\"articleSection\":[\"Hotel &amp; Reise\"],\"inLanguage\":\"de\"},{\"@type\":\"WebPage\",\"@id\":\"https:\\\/\\\/www.salzburgerland.com\\\/de\\\/magazin\\\/kunsthotel-gastein\\\/\",\"url\":\"https:\\\/\\\/www.salzburgerland.com\\\/de\\\/magazin\\\/kunsthotel-gastein\\\/\",\"name\":\"Kunsthotel Gastein - SalzburgerLand Magazin\",\"isPartOf\":{\"@id\":\"https:\\\/\\\/www.salzburgerland.com\\\/de\\\/magazin\\\/#website\"},\"primaryImageOfPage\":{\"@id\":\"https:\\\/\\\/www.salzburgerland.com\\\/de\\\/magazin\\\/kunsthotel-gastein\\\/#primaryimage\"},\"image\":{\"@id\":\"https:\\\/\\\/www.salzburgerland.com\\\/de\\\/magazin\\\/kunsthotel-gastein\\\/#primaryimage\"},\"thumbnailUrl\":\"https:\\\/\\\/www.salzburgerland.com\\\/de\\\/magazin\\\/wp-content\\\/uploads\\\/2022\\\/10\\\/kunstgallerie-c-impuls-hotel-tirol.jpg\",\"datePublished\":\"2022-10-13T06:00:00+00:00\",\"description\":\"Was macht ein Kunsthotel in Gastein aus? Es verbindet Skifahren, Wandern, Freeriden, Yoga und Thermen mit Malen und Kunst. Hier mehr erfahren!\",\"breadcrumb\":{\"@id\":\"https:\\\/\\\/www.salzburgerland.com\\\/de\\\/magazin\\\/kunsthotel-gastein\\\/#breadcrumb\"},\"inLanguage\":\"de\",\"potentialAction\":[{\"@type\":\"ReadAction\",\"target\":[\"https:\\\/\\\/www.salzburgerland.com\\\/de\\\/magazin\\\/kunsthotel-gastein\\\/\"]}]},{\"@type\":\"ImageObject\",\"inLanguage\":\"de\",\"@id\":\"https:\\\/\\\/www.salzburgerland.com\\\/de\\\/magazin\\\/kunsthotel-gastein\\\/#primaryimage\",\"url\":\"https:\\\/\\\/www.salzburgerland.com\\\/de\\\/magazin\\\/wp-content\\\/uploads\\\/2022\\\/10\\\/kunstgallerie-c-impuls-hotel-tirol.jpg\",\"contentUrl\":\"https:\\\/\\\/www.salzburgerland.com\\\/de\\\/magazin\\\/wp-content\\\/uploads\\\/2022\\\/10\\\/kunstgallerie-c-impuls-hotel-tirol.jpg\",\"width\":1775,\"height\":1181,\"caption\":\"Kunstgallerie im Kunsthotel in Gastein \u00a9 Impuls Hotel Tirol\"},{\"@type\":\"BreadcrumbList\",\"@id\":\"https:\\\/\\\/www.salzburgerland.com\\\/de\\\/magazin\\\/kunsthotel-gastein\\\/#breadcrumb\",\"itemListElement\":[{\"@type\":\"ListItem\",\"position\":1,\"name\":\"Startseite\",\"item\":\"https:\\\/\\\/www.salzburgerland.com\\\/de\\\/magazin\\\/\"},{\"@type\":\"ListItem\",\"position\":2,\"name\":\"Hotel &amp; Reise\",\"item\":\"https:\\\/\\\/www.salzburgerland.com\\\/de\\\/magazin\\\/thema\\\/hotel-reise\\\/\"},{\"@type\":\"ListItem\",\"position\":3,\"name\":\"Kunsthotel Gastein\"}]},{\"@type\":\"WebSite\",\"@id\":\"https:\\\/\\\/www.salzburgerland.com\\\/de\\\/magazin\\\/#website\",\"url\":\"https:\\\/\\\/www.salzburgerland.com\\\/de\\\/magazin\\\/\",\"name\":\"SalzburgerLand Magazin\",\"description\":\"Geschichten und Interessantes aus dem SalzburgerLand\",\"publisher\":{\"@id\":\"https:\\\/\\\/www.salzburgerland.com\\\/de\\\/magazin\\\/#organization\"},\"potentialAction\":[{\"@type\":\"SearchAction\",\"target\":{\"@type\":\"EntryPoint\",\"urlTemplate\":\"https:\\\/\\\/www.salzburgerland.com\\\/de\\\/magazin\\\/?s={search_term_string}\"},\"query-input\":{\"@type\":\"PropertyValueSpecification\",\"valueRequired\":true,\"valueName\":\"search_term_string\"}}],\"inLanguage\":\"de\"},{\"@type\":\"Organization\",\"@id\":\"https:\\\/\\\/www.salzburgerland.com\\\/de\\\/magazin\\\/#organization\",\"name\":\"SalzburgerLand Tourismus\",\"url\":\"https:\\\/\\\/www.salzburgerland.com\\\/de\\\/magazin\\\/\",\"logo\":{\"@type\":\"ImageObject\",\"inLanguage\":\"de\",\"@id\":\"https:\\\/\\\/www.salzburgerland.com\\\/de\\\/magazin\\\/#\\\/schema\\\/logo\\\/image\\\/\",\"url\":\"https:\\\/\\\/www.salzburgerland.com\\\/de\\\/magazin\\\/wp-content\\\/uploads\\\/2019\\\/06\\\/salzburgerland-logo1.jpg\",\"contentUrl\":\"https:\\\/\\\/www.salzburgerland.com\\\/de\\\/magazin\\\/wp-content\\\/uploads\\\/2019\\\/06\\\/salzburgerland-logo1.jpg\",\"width\":2011,\"height\":866,\"caption\":\"SalzburgerLand Tourismus\"},\"image\":{\"@id\":\"https:\\\/\\\/www.salzburgerland.com\\\/de\\\/magazin\\\/#\\\/schema\\\/logo\\\/image\\\/\"},\"sameAs\":[\"https:\\\/\\\/www.facebook.com\\\/salzburgerland\\\/\",\"https:\\\/\\\/x.com\\\/Salzburgerland\",\"https:\\\/\\\/www.instagram.com\\\/salzburgerland\\\/\",\"https:\\\/\\\/at.linkedin.com\\\/company\\\/salzburgerland-tourismus-gmbh\",\"https:\\\/\\\/www.pinterest.at\\\/salzburgerland\\\/\",\"https:\\\/\\\/www.youtube.com\\\/user\\\/salzburgerland\",\"https:\\\/\\\/de.wikipedia.org\\\/wiki\\\/SalzburgerLand_Tourismus_GmbH\"]},{\"@type\":\"Person\",\"@id\":\"https:\\\/\\\/www.salzburgerland.com\\\/de\\\/magazin\\\/#\\\/schema\\\/person\\\/1e4d0c967a02c339e6c85f8c3f38b89a\",\"name\":\"Barbara Pirchner\",\"description\":\"Reisen sieht Barbara Pirchner als ein gro\u00dfes Geschenk. Es gibt so viele tolle M\u00f6glichkeiten, wie sie die Welt entdeckt. Und wenn sie nicht unterwegs ist, erkundet sie ihre Heimat. F\u00fcr sie ist es ihr zuhause, f\u00fcr euch der Urlaubsort. Gerne nimmt sie euch hier im Magazin mit und berichtet \u00fcber die sch\u00f6nsten Orte, die lustigsten Aktivit\u00e4ten oder die entspannendsten Momente im SalzburgerLand. Nach dem Studium und jahrelanger Erfahrung im Tourismusmarketing schreibt Barbara Pirchner jetzt f\u00fcr Tourismusbetriebe. Dosige oder Zuagroast? Eindeutig a Dosige. Geboren, aufgewachsen und wohnhaft in der Salzburger Bergwelt. Jedoch jederzeit offen, was anderes von der Welt zu sehen sowie andere Kulturen und L\u00e4nder kennenzulernen \u2013 und danach die sch\u00f6nen Kleinigkeiten in der Heimat wieder mehr wertsch\u00e4tzen zu k\u00f6nnen. Salzburger Nockerl oder Schwarzbeernocken? Bei Schwarzbeernocken kribbeln meine Geschmacksknospen. Haubenlokal oder Ab-Hof-Laden? Hm. Schwere Entscheidung. Am besten alles zu seiner Zeit. K\u00f6stliche Produkte im Ab-Hof-Laden kaufen zum selber Kochen oder sich verw\u00f6hnen lassen im Haubenlokal. Kochen, schlemmen und schnabulieren - damit kann ich mich identifizieren :) Wellness oder Mountainbike? Zuerst eine sch\u00f6ne Mountainbiketour, danach zum Entspannen in den Wellnessbereich. Alpinski, Offpist oder Skitour? Alles. Am besten auf einmal und das ganze Jahr. Als Winterm\u00e4dchen sehne ich mich nach den ersten Schnee. Und dann das ganze Programm. Dirndl oder Bustierkleid? Dirndl. Liebend gern.\",\"sameAs\":[\"https:\\\/\\\/www.barbara-pirchner.com\\\/\",\"https:\\\/\\\/www.linkedin.com\\\/in\\\/barbara-pirchner-573031120\\\/\"],\"url\":\"https:\\\/\\\/www.salzburgerland.com\\\/de\\\/magazin\\\/author\\\/barbara-pirchner\\\/\"}]}<\/script>\n<!-- \/ Yoast SEO Premium plugin. -->","yoast_head_json":{"title":"Kunsthotel Gastein - SalzburgerLand Magazin","description":"Was macht ein Kunsthotel in Gastein aus? Es verbindet Skifahren, Wandern, Freeriden, Yoga und Thermen mit Malen und Kunst. Hier mehr erfahren!","robots":{"index":"index","follow":"follow","max-snippet":"max-snippet:-1","max-image-preview":"max-image-preview:large","max-video-preview":"max-video-preview:-1"},"canonical":"https:\/\/www.salzburgerland.com\/de\/magazin\/kunsthotel-gastein\/","og_locale":"de_DE","og_type":"article","og_title":"Kunsthotel Gastein","og_description":"Was macht ein Kunsthotel in Gastein aus? Es verbindet Skifahren, Wandern, Freeriden, Yoga und Thermen mit Malen und Kunst. Hier mehr erfahren!","og_url":"https:\/\/www.salzburgerland.com\/de\/magazin\/kunsthotel-gastein\/","og_site_name":"SalzburgerLand Magazin","article_publisher":"https:\/\/www.facebook.com\/salzburgerland\/","article_published_time":"2022-10-13T06:00:00+00:00","og_image":[{"width":1775,"height":1181,"url":"https:\/\/www.salzburgerland.com\/de\/magazin\/wp-content\/uploads\/2022\/10\/kunstgallerie-c-impuls-hotel-tirol.jpg","type":"image\/jpeg"}],"author":"Barbara Pirchner","twitter_card":"summary_large_image","twitter_creator":"@Salzburgerland","twitter_site":"@Salzburgerland","twitter_misc":{"Verfasst von":"Barbara Pirchner","Gesch\u00e4tzte Lesezeit":"4\u00a0Minuten"},"schema":{"@context":"https:\/\/schema.org","@graph":[{"@type":"Article","@id":"https:\/\/www.salzburgerland.com\/de\/magazin\/kunsthotel-gastein\/#article","isPartOf":{"@id":"https:\/\/www.salzburgerland.com\/de\/magazin\/kunsthotel-gastein\/"},"author":{"name":"Barbara Pirchner","@id":"https:\/\/www.salzburgerland.com\/de\/magazin\/#\/schema\/person\/1e4d0c967a02c339e6c85f8c3f38b89a"},"headline":"Kunsthotel Gastein","datePublished":"2022-10-13T06:00:00+00:00","mainEntityOfPage":{"@id":"https:\/\/www.salzburgerland.com\/de\/magazin\/kunsthotel-gastein\/"},"wordCount":542,"publisher":{"@id":"https:\/\/www.salzburgerland.com\/de\/magazin\/#organization"},"image":{"@id":"https:\/\/www.salzburgerland.com\/de\/magazin\/kunsthotel-gastein\/#primaryimage"},"thumbnailUrl":"https:\/\/www.salzburgerland.com\/de\/magazin\/wp-content\/uploads\/2022\/10\/kunstgallerie-c-impuls-hotel-tirol.jpg","keywords":["gastein","Gasteinertal","Hotel","Kunst","kurse"],"articleSection":["Hotel &amp; Reise"],"inLanguage":"de"},{"@type":"WebPage","@id":"https:\/\/www.salzburgerland.com\/de\/magazin\/kunsthotel-gastein\/","url":"https:\/\/www.salzburgerland.com\/de\/magazin\/kunsthotel-gastein\/","name":"Kunsthotel Gastein - SalzburgerLand Magazin","isPartOf":{"@id":"https:\/\/www.salzburgerland.com\/de\/magazin\/#website"},"primaryImageOfPage":{"@id":"https:\/\/www.salzburgerland.com\/de\/magazin\/kunsthotel-gastein\/#primaryimage"},"image":{"@id":"https:\/\/www.salzburgerland.com\/de\/magazin\/kunsthotel-gastein\/#primaryimage"},"thumbnailUrl":"https:\/\/www.salzburgerland.com\/de\/magazin\/wp-content\/uploads\/2022\/10\/kunstgallerie-c-impuls-hotel-tirol.jpg","datePublished":"2022-10-13T06:00:00+00:00","description":"Was macht ein Kunsthotel in Gastein aus? Es verbindet Skifahren, Wandern, Freeriden, Yoga und Thermen mit Malen und Kunst. Hier mehr erfahren!","breadcrumb":{"@id":"https:\/\/www.salzburgerland.com\/de\/magazin\/kunsthotel-gastein\/#breadcrumb"},"inLanguage":"de","potentialAction":[{"@type":"ReadAction","target":["https:\/\/www.salzburgerland.com\/de\/magazin\/kunsthotel-gastein\/"]}]},{"@type":"ImageObject","inLanguage":"de","@id":"https:\/\/www.salzburgerland.com\/de\/magazin\/kunsthotel-gastein\/#primaryimage","url":"https:\/\/www.salzburgerland.com\/de\/magazin\/wp-content\/uploads\/2022\/10\/kunstgallerie-c-impuls-hotel-tirol.jpg","contentUrl":"https:\/\/www.salzburgerland.com\/de\/magazin\/wp-content\/uploads\/2022\/10\/kunstgallerie-c-impuls-hotel-tirol.jpg","width":1775,"height":1181,"caption":"Kunstgallerie im Kunsthotel in Gastein \u00a9 Impuls Hotel Tirol"},{"@type":"BreadcrumbList","@id":"https:\/\/www.salzburgerland.com\/de\/magazin\/kunsthotel-gastein\/#breadcrumb","itemListElement":[{"@type":"ListItem","position":1,"name":"Startseite","item":"https:\/\/www.salzburgerland.com\/de\/magazin\/"},{"@type":"ListItem","position":2,"name":"Hotel &amp; Reise","item":"https:\/\/www.salzburgerland.com\/de\/magazin\/thema\/hotel-reise\/"},{"@type":"ListItem","position":3,"name":"Kunsthotel Gastein"}]},{"@type":"WebSite","@id":"https:\/\/www.salzburgerland.com\/de\/magazin\/#website","url":"https:\/\/www.salzburgerland.com\/de\/magazin\/","name":"SalzburgerLand Magazin","description":"Geschichten und Interessantes aus dem SalzburgerLand","publisher":{"@id":"https:\/\/www.salzburgerland.com\/de\/magazin\/#organization"},"potentialAction":[{"@type":"SearchAction","target":{"@type":"EntryPoint","urlTemplate":"https:\/\/www.salzburgerland.com\/de\/magazin\/?s={search_term_string}"},"query-input":{"@type":"PropertyValueSpecification","valueRequired":true,"valueName":"search_term_string"}}],"inLanguage":"de"},{"@type":"Organization","@id":"https:\/\/www.salzburgerland.com\/de\/magazin\/#organization","name":"SalzburgerLand Tourismus","url":"https:\/\/www.salzburgerland.com\/de\/magazin\/","logo":{"@type":"ImageObject","inLanguage":"de","@id":"https:\/\/www.salzburgerland.com\/de\/magazin\/#\/schema\/logo\/image\/","url":"https:\/\/www.salzburgerland.com\/de\/magazin\/wp-content\/uploads\/2019\/06\/salzburgerland-logo1.jpg","contentUrl":"https:\/\/www.salzburgerland.com\/de\/magazin\/wp-content\/uploads\/2019\/06\/salzburgerland-logo1.jpg","width":2011,"height":866,"caption":"SalzburgerLand Tourismus"},"image":{"@id":"https:\/\/www.salzburgerland.com\/de\/magazin\/#\/schema\/logo\/image\/"},"sameAs":["https:\/\/www.facebook.com\/salzburgerland\/","https:\/\/x.com\/Salzburgerland","https:\/\/www.instagram.com\/salzburgerland\/","https:\/\/at.linkedin.com\/company\/salzburgerland-tourismus-gmbh","https:\/\/www.pinterest.at\/salzburgerland\/","https:\/\/www.youtube.com\/user\/salzburgerland","https:\/\/de.wikipedia.org\/wiki\/SalzburgerLand_Tourismus_GmbH"]},{"@type":"Person","@id":"https:\/\/www.salzburgerland.com\/de\/magazin\/#\/schema\/person\/1e4d0c967a02c339e6c85f8c3f38b89a","name":"Barbara Pirchner","description":"Reisen sieht Barbara Pirchner als ein gro\u00dfes Geschenk. Es gibt so viele tolle M\u00f6glichkeiten, wie sie die Welt entdeckt. Und wenn sie nicht unterwegs ist, erkundet sie ihre Heimat. F\u00fcr sie ist es ihr zuhause, f\u00fcr euch der Urlaubsort. Gerne nimmt sie euch hier im Magazin mit und berichtet \u00fcber die sch\u00f6nsten Orte, die lustigsten Aktivit\u00e4ten oder die entspannendsten Momente im SalzburgerLand. Nach dem Studium und jahrelanger Erfahrung im Tourismusmarketing schreibt Barbara Pirchner jetzt f\u00fcr Tourismusbetriebe. Dosige oder Zuagroast? Eindeutig a Dosige. Geboren, aufgewachsen und wohnhaft in der Salzburger Bergwelt. Jedoch jederzeit offen, was anderes von der Welt zu sehen sowie andere Kulturen und L\u00e4nder kennenzulernen \u2013 und danach die sch\u00f6nen Kleinigkeiten in der Heimat wieder mehr wertsch\u00e4tzen zu k\u00f6nnen. Salzburger Nockerl oder Schwarzbeernocken? Bei Schwarzbeernocken kribbeln meine Geschmacksknospen. Haubenlokal oder Ab-Hof-Laden? Hm. Schwere Entscheidung. Am besten alles zu seiner Zeit. K\u00f6stliche Produkte im Ab-Hof-Laden kaufen zum selber Kochen oder sich verw\u00f6hnen lassen im Haubenlokal. Kochen, schlemmen und schnabulieren - damit kann ich mich identifizieren :) Wellness oder Mountainbike? Zuerst eine sch\u00f6ne Mountainbiketour, danach zum Entspannen in den Wellnessbereich. Alpinski, Offpist oder Skitour? Alles. Am besten auf einmal und das ganze Jahr. Als Winterm\u00e4dchen sehne ich mich nach den ersten Schnee. Und dann das ganze Programm. Dirndl oder Bustierkleid? Dirndl. Liebend gern.","sameAs":["https:\/\/www.barbara-pirchner.com\/","https:\/\/www.linkedin.com\/in\/barbara-pirchner-573031120\/"],"url":"https:\/\/www.salzburgerland.com\/de\/magazin\/author\/barbara-pirchner\/"}]}},"_wl_alt_label":[],"wl:entity_url":"http:\/\/open.salzburgerland.com\/magazin\/post\/kunsthotel-gastein-165745-2","_links":{"self":[{"href":"https:\/\/www.salzburgerland.com\/de\/magazin\/wp-json\/wp\/v2\/posts\/165745","targetHints":{"allow":["GET"]}}],"collection":[{"href":"https:\/\/www.salzburgerland.com\/de\/magazin\/wp-json\/wp\/v2\/posts"}],"about":[{"href":"https:\/\/www.salzburgerland.com\/de\/magazin\/wp-json\/wp\/v2\/types\/post"}],"author":[{"embeddable":true,"href":"https:\/\/www.salzburgerland.com\/de\/magazin\/wp-json\/wp\/v2\/users\/564"}],"replies":[{"embeddable":true,"href":"https:\/\/www.salzburgerland.com\/de\/magazin\/wp-json\/wp\/v2\/comments?post=165745"}],"version-history":[{"count":5,"href":"https:\/\/www.salzburgerland.com\/de\/magazin\/wp-json\/wp\/v2\/posts\/165745\/revisions"}],"predecessor-version":[{"id":165841,"href":"https:\/\/www.salzburgerland.com\/de\/magazin\/wp-json\/wp\/v2\/posts\/165745\/revisions\/165841"}],"wp:featuredmedia":[{"embeddable":true,"href":"https:\/\/www.salzburgerland.com\/de\/magazin\/wp-json\/wp\/v2\/media\/165777"}],"wp:attachment":[{"href":"https:\/\/www.salzburgerland.com\/de\/magazin\/wp-json\/wp\/v2\/media?parent=165745"}],"wp:term":[{"taxonomy":"category","embeddable":true,"href":"https:\/\/www.salzburgerland.com\/de\/magazin\/wp-json\/wp\/v2\/categories?post=165745"},{"taxonomy":"post_tag","embeddable":true,"href":"https:\/\/www.salzburgerland.com\/de\/magazin\/wp-json\/wp\/v2\/tags?post=165745"},{"taxonomy":"wl_entity_type","embeddable":true,"href":"https:\/\/www.salzburgerland.com\/de\/magazin\/wp-json\/wp\/v2\/wl_entity_type?post=165745"},{"taxonomy":"monatsauswahl","embeddable":true,"href":"https:\/\/www.salzburgerland.com\/de\/magazin\/wp-json\/wp\/v2\/monatsauswahl?post=165745"}],"curies":[{"name":"wp","href":"https:\/\/api.w.org\/{rel}","templated":true}]}}