{"id":164901,"date":"2022-09-05T08:00:00","date_gmt":"2022-09-05T06:00:00","guid":{"rendered":"https:\/\/www.salzburgerland.com\/de\/magazin\/?p=164901"},"modified":"2022-08-31T09:11:04","modified_gmt":"2022-08-31T07:11:04","slug":"mur-ursprung","status":"publish","type":"post","link":"https:\/\/www.salzburgerland.com\/de\/magazin\/mur-ursprung\/","title":{"rendered":"Mur Ursprung"},"content":{"rendered":"\n<div class=\"wp-block-slt-top topBlocks\">\n<h2 class=\"wp-block-slt-subtitle\">Auf den Spuren der Mur im Lungauer Muhrtal<\/h2>\n\n\n\n<p class=\"wp-block-slt-intro\">\u201eHeute widmen wir uns dem Wasser! Wir erkunden den Ursprung der Mur.\u201c Mit diesen Worten werden wir von Bergwanderf\u00fchrer Manfred Pfeifenberger in Empfang genommen.<\/p>\n<\/div>\n\n\n\n<p>Jeden Donnerstag um 8:00 morgens trifft sich eine bunt zusammengew\u00fcrfelte Gruppe von Wanderern vor dem Tourismusb\u00fcro in St. Michael im Lungau, das von Juni bis September die Donnerstags-Wanderungen ausschreibt. In der Ausschreibung ist von Almseen die Rede \u2013 still oder prickelnd \u2013 jedenfalls springe ich sofort an. Ich habe mich f\u00fcr die Wanderung angemeldet, ohne genau zu wissen, wer oder was mich erwartet.<\/p>\n\n\n\n<p>Heute geht\u2019s also zum Ursprung der Mur und nicht zu einem der 60 Lungauer Almseen. Es klingt trotzdem vielversprechend.<\/p>\n\n\n\n<h2 class=\"wp-block-heading\" id=\"h-mit-taxi-und-talerbus\">Mit Taxi und T\u00e4lerbus <\/h2>\n\n\n\n<p>5 Minuten nach dem Willkommen sitzen wir in einem komfortablen Kleinbus des <a href=\"https:\/\/www.bacher-reisen.com\/taxidienst\/\" target=\"_blank\" rel=\"noreferrer noopener\">Taxiunternehmens Bacher<\/a> und werden Richtung Muhr gefahren. Muhr ist \u00fcbrigens kein Schreibfehler. Das Tal, an dessen Ende die Mur ihren Ursprung hat, nennt sich tats\u00e4chlich Muhrtal, in der alten Schreibweise nach der gleichnamigen Gemeinde mit h.<\/p>\n\n\n\n<p>Hier geht es auch um die Kennzeichnung als Nebental vom gesamten Murtal (ohne h), als das man insbesondere den Abschnitt von St. Michael \u00fcber Ramingstein bis an die Landesgrenze bei Kendlbruck\/Predlitz, der als Talweitung von St. Michael bis Tamsweg den Kernraum des Lungau darstellt, und auch als Teil des Lungauer Beckens gesehen werden kann, kennt.<\/p>\n\n\n\n<p>Ja, es ist ein bisschen verwirrend, aber auch h\u00f6chst interessant, was es hier alles zu entdecken gibt. Zum Beispiel stelle ich fest, dass dieses Tal unerwartet lang ist. Weit nach der Gemeinde Muhr geht es immer noch weiter hinein Richtung Mur Ursprung. Irgendwann darf unser Bus nicht mehr weiterfahren und wir entscheiden uns ob des etwas unsicheren Wetters, in den T\u00e4lerbus umzusteigen, der uns die letzten 3 Forststra\u00dfenkilometer bis zur <a href=\"https:\/\/www.sticklerhuette.at\/\" target=\"_blank\" rel=\"noreferrer noopener\">Sticklerh\u00fctte<\/a> bringt. Hier darf au\u00dfer dem T\u00e4lerbus kein Auto mehr fahren.<\/p>\n\n\n\n<h2 class=\"wp-block-heading\">Der Mur entlang<\/h2>\n\n\n\n<p>Von der Sticklerh\u00fctte geht es endlich zu Fu\u00df weiter. Etwa 1,5 Stunden Aufstieg sind es von dort zum offiziellen Mur Ursprung. Der schmale Pfad schl\u00e4ngelt sich leicht ansteigend neben der jungen Mur entlang. Empfehlenswert sind Trittsicherheit und vor allem den Blick zu heben, um die unglaubliche Berg-Kulisse zu genie\u00dfen.<\/p>\n\n\n\n<figure class=\"wp-block-image size-full\"><img loading=\"lazy\" decoding=\"async\" width=\"2560\" height=\"1920\" src=\"https:\/\/www.salzburgerland.com\/de\/magazin\/wp-content\/uploads\/2022\/08\/20220818_093044-scaled.jpg\" alt=\"Ein schmaler Bach flie\u00dft durch ein gr\u00fcnes Tal unter einem wolkenverhangenen, bedeckten Himmel.\" class=\"wp-image-164905\" srcset=\"https:\/\/www.salzburgerland.com\/de\/magazin\/wp-content\/uploads\/2022\/08\/20220818_093044-scaled.jpg 2560w, https:\/\/www.salzburgerland.com\/de\/magazin\/wp-content\/uploads\/2022\/08\/20220818_093044-300x225.jpg 300w, https:\/\/www.salzburgerland.com\/de\/magazin\/wp-content\/uploads\/2022\/08\/20220818_093044-1536x1152.jpg 1536w, https:\/\/www.salzburgerland.com\/de\/magazin\/wp-content\/uploads\/2022\/08\/20220818_093044-2048x1536.jpg 2048w, https:\/\/www.salzburgerland.com\/de\/magazin\/wp-content\/uploads\/2022\/08\/20220818_093044-733x550.jpg 733w, https:\/\/www.salzburgerland.com\/de\/magazin\/wp-content\/uploads\/2022\/08\/20220818_093044-140x105.jpg 140w, https:\/\/www.salzburgerland.com\/de\/magazin\/wp-content\/uploads\/2022\/08\/20220818_093044-533x400.jpg 533w, https:\/\/www.salzburgerland.com\/de\/magazin\/wp-content\/uploads\/2022\/08\/20220818_093044-960x720.jpg 960w, https:\/\/www.salzburgerland.com\/de\/magazin\/wp-content\/uploads\/2022\/08\/20220818_093044-1320x990.jpg 1320w, https:\/\/www.salzburgerland.com\/de\/magazin\/wp-content\/uploads\/2022\/08\/20220818_093044-1200x900.jpg 1200w, https:\/\/www.salzburgerland.com\/de\/magazin\/wp-content\/uploads\/2022\/08\/20220818_093044-150x113.jpg 150w\" sizes=\"auto, (max-width: 2560px) 100vw, 2560px\" \/><figcaption>Der Weg entlang der jungen Mur. Im Hintergund das Wei\u00dfeck (2711 m \u00fc. A.), beliebtes Wander- und Schitourenziel \u00a9Andrea Conrad<\/figcaption><\/figure>\n\n\n\n<p>Schlie\u00dflich erreichen wir den Ursprung der Mur. Es ist eine Sch\u00fcttquelle, die auf 1.898 m Seeh\u00f6he direkt aus dem Berg sprudelt und un\u00fcbersehbar mit Plaketten und Schildern gekennzeichnet ist. Was viele nicht wissen, ist, dass etwa 30 Minuten weiter oben, auf 2.050 m Seeh\u00f6he, eine Murquelle als Schuttquelle aus dem Blockschutt l\u00e4ngst verschwundener Gletscher sickert.<\/p>\n\n\n\n<p>Nat\u00fcrlich steigen wir weiter auf und erkunden auch dieses scheinbar unscheinbare Naturschauspiel. Zugegebenerma\u00dfen ist diese oberste Quelle optisch etwas unbeeindruckend. Umso mehr beeindruckt der Blick auf die umliegenden Berggipfel Mureck (2.402 m \u00fc. A.), einem Gipfel der Ankogelgruppe der Hohen Tauern zwischen Sch\u00f6derhorn (Gro\u00dfes Mureck, 2.475 m \u00fc. A.) und Murt\u00f6rl (2.260 m \u00fc. A.) und den Frauennock (2.678 m \u00fc. A.). Wie unser Wanderf\u00fchrer erkl\u00e4rt, gelangt man vorbei am Albertbiwak \u00fcber die Schmalzscharte weiter Richtung Schwarzseen.<\/p>\n\n\n\n<p>Nach einer kleinen Rast, in der sogar die Sonne auf uns herunterscheint, machen wir uns auf den R\u00fcckweg zur Sticklerh\u00fctte, wo wir uns vor dem weiteren Abstieg einen k\u00f6stlichen, riesigen Kaskn\u00f6del in Zwiebelsuppe \u2013 gekocht vom Chef pers\u00f6nlich \u2013 g\u00f6nnen.<\/p>\n\n\n\n<p>Die Strecke des T\u00e4lerbusses gehen wir bergab zu Fu\u00df. Auf diesen letzten 3 Kilometern kommen wir doch noch ordentlich in den Regen. Immerhin sind wir aber schneller als das Gewitter, das uns auf den Fersen ist. Doch wie hei\u00dft es so sch\u00f6n: \u201eBei uns ist es sogar sch\u00f6n, wenn\u2019s schiach ist!\u201c Auch der Regen beschert den Gl\u00fccksgef\u00fchlen nach einem so erf\u00fcllenden Wandertag keinen Abbruch!<\/p>\n\n\n\n<p>Der Mur Ursprung liegt \u00fcbrigens im <a href=\"https:\/\/www.salzburgerland.com\/de\/magazin\/into-the-wild-im-nationalpark-hohe-tauern\/\">Nationalpark Hohe Tauern<\/a> und im <a href=\"https:\/\/www.salzburgerland.com\/de\/magazin\/erlebniswanderungen-im-unesco-biosphaerenpark-lungau\/\">Biosph\u00e4renpark Lungau-Nockberge.<\/a> <\/p>\n\n\n<div class=\"mag-gallery\"><div class=\"row\"><div class=\"col-6 col-sm-4\"><figure><a class=\"thumb-container\" href=\"https:\/\/www.salzburgerland.com\/de\/magazin\/wp-content\/uploads\/2022\/08\/20220818_085455-1280x1024.jpg\">\t<picture><source media=\"(min-width: 576px)\" srcset=\"https:\/\/www.salzburgerland.com\/de\/magazin\/wp-content\/uploads\/2022\/08\/20220818_085455-325x209.jpg 325w, https:\/\/www.salzburgerland.com\/de\/magazin\/wp-content\/uploads\/2022\/08\/20220818_085455-249x160.jpg 249w\"><\/source><source media=\"(min-width: 0)\" srcset=\"https:\/\/www.salzburgerland.com\/de\/magazin\/wp-content\/uploads\/2022\/08\/20220818_085455-249x160.jpg 249w, https:\/\/www.salzburgerland.com\/de\/magazin\/wp-content\/uploads\/2022\/08\/20220818_085455-325x209.jpg 325w\"><\/source><img decoding=\"async\" alt=\"Eine rustikale Bergh&uuml;tte aus Holz mit Sitzgelegenheiten im Freien, roten Sonnenschirmen und gr&uuml;nen H&uuml;geln im Hintergrund.\" src=\"https:\/\/www.salzburgerland.com\/de\/magazin\/wp-content\/uploads\/2022\/08\/20220818_085455-scaled.jpg\">\t<\/picture><figcaption>Die Sticklerh&uuml;tte <\/figcaption><\/a><\/figure><\/div><div class=\"col-6 col-sm-4\"><figure><a class=\"thumb-container\" href=\"https:\/\/www.salzburgerland.com\/de\/magazin\/wp-content\/uploads\/2022\/08\/20220818_103140-1280x1024.jpg\">\t<picture><source media=\"(min-width: 576px)\" srcset=\"\"><\/source><source media=\"(min-width: 0)\" srcset=\"https:\/\/www.salzburgerland.com\/de\/magazin\/wp-content\/uploads\/2022\/08\/20220818_103140-scaled.jpg 1920w, https:\/\/www.salzburgerland.com\/de\/magazin\/wp-content\/uploads\/2022\/08\/20220818_103140-225x300.jpg 225w, https:\/\/www.salzburgerland.com\/de\/magazin\/wp-content\/uploads\/2022\/08\/20220818_103140-1152x1536.jpg 1152w, https:\/\/www.salzburgerland.com\/de\/magazin\/wp-content\/uploads\/2022\/08\/20220818_103140-1536x2048.jpg 1536w, https:\/\/www.salzburgerland.com\/de\/magazin\/wp-content\/uploads\/2022\/08\/20220818_103140-413x550.jpg 413w, https:\/\/www.salzburgerland.com\/de\/magazin\/wp-content\/uploads\/2022\/08\/20220818_103140-300x400.jpg 300w, https:\/\/www.salzburgerland.com\/de\/magazin\/wp-content\/uploads\/2022\/08\/20220818_103140-1320x1760.jpg 1320w, https:\/\/www.salzburgerland.com\/de\/magazin\/wp-content\/uploads\/2022\/08\/20220818_103140-640x853.jpg 640w, https:\/\/www.salzburgerland.com\/de\/magazin\/wp-content\/uploads\/2022\/08\/20220818_103140-150x200.jpg 150w\"><\/source><img decoding=\"async\" alt=\"An einem sonnigen Tag pl&auml;tschert ein kleiner Wasserfall in ein klares Felsbecken, das von gro&szlig;en grauen Felsen umgeben ist.\" src=\"https:\/\/www.salzburgerland.com\/de\/magazin\/wp-content\/uploads\/2022\/08\/20220818_103140-scaled.jpg\">\t<\/picture><figcaption>Wasserjuwel auf dem Weg zur Quelle <\/figcaption><\/a><\/figure><\/div><div class=\"col-6 col-sm-4\"><figure><a class=\"thumb-container\" href=\"https:\/\/www.salzburgerland.com\/de\/magazin\/wp-content\/uploads\/2022\/08\/20220818_105649-1280x1024.jpg\">\t<picture><source media=\"(min-width: 576px)\" srcset=\"\"><\/source><source media=\"(min-width: 0)\" srcset=\"https:\/\/www.salzburgerland.com\/de\/magazin\/wp-content\/uploads\/2022\/08\/20220818_105649-scaled.jpg 1920w, https:\/\/www.salzburgerland.com\/de\/magazin\/wp-content\/uploads\/2022\/08\/20220818_105649-225x300.jpg 225w, https:\/\/www.salzburgerland.com\/de\/magazin\/wp-content\/uploads\/2022\/08\/20220818_105649-1152x1536.jpg 1152w, https:\/\/www.salzburgerland.com\/de\/magazin\/wp-content\/uploads\/2022\/08\/20220818_105649-1536x2048.jpg 1536w, https:\/\/www.salzburgerland.com\/de\/magazin\/wp-content\/uploads\/2022\/08\/20220818_105649-413x550.jpg 413w, https:\/\/www.salzburgerland.com\/de\/magazin\/wp-content\/uploads\/2022\/08\/20220818_105649-300x400.jpg 300w, https:\/\/www.salzburgerland.com\/de\/magazin\/wp-content\/uploads\/2022\/08\/20220818_105649-1320x1760.jpg 1320w, https:\/\/www.salzburgerland.com\/de\/magazin\/wp-content\/uploads\/2022\/08\/20220818_105649-640x853.jpg 640w, https:\/\/www.salzburgerland.com\/de\/magazin\/wp-content\/uploads\/2022\/08\/20220818_105649-150x200.jpg 150w\"><\/source><img decoding=\"async\" alt=\"Ein blaues Informationsschild steht an einem felsigen Bach und einem grasbewachsenen Hang in einer Bergregion.\" src=\"https:\/\/www.salzburgerland.com\/de\/magazin\/wp-content\/uploads\/2022\/08\/20220818_105649-scaled.jpg\">\t<\/picture><figcaption>(M) Ursprung <\/figcaption><\/a><\/figure><\/div><\/div><figcaption> &copy;Andrea Conrad<\/figcaption><\/div>\n","protected":false},"excerpt":{"rendered":"<p>Jeden Donnerstag um 8:00 morgens trifft sich eine bunt zusammengew\u00fcrfelte Gruppe von Wanderern vor dem Tourismusb\u00fcro in St. Michael im Lungau, das von Juni bis September die Donnerstags-Wanderungen ausschreibt. In der Ausschreibung ist von Almseen die Rede \u2013 still oder prickelnd \u2013 jedenfalls springe ich sofort an. Ich habe mich f\u00fcr die Wanderung angemeldet, ohne [&hellip;]<\/p>\n","protected":false},"author":535,"featured_media":164906,"comment_status":"closed","ping_status":"closed","sticky":false,"template":"","format":"standard","meta":{"_acf_changed":false,"wl_entities_gutenberg":"","_wl_entity_redirect_enabled":"","footnotes":""},"categories":[8],"tags":[],"wl_entity_type":[306],"monatsauswahl":[],"class_list":["post-164901","post","type-post","status-publish","format-standard","has-post-thumbnail","hentry","category-outdoor-sport","wl_entity_type-article"],"acf":[],"yoast_head":"<!-- This site is optimized with the Yoast SEO Premium plugin v27.4 (Yoast SEO v27.4) - https:\/\/yoast.com\/product\/yoast-seo-premium-wordpress\/ -->\n<title>Mur Ursprung - SalzburgerLand Magazin<\/title>\n<meta name=\"robots\" content=\"index, follow, max-snippet:-1, max-image-preview:large, max-video-preview:-1\" \/>\n<link rel=\"canonical\" href=\"https:\/\/www.salzburgerland.com\/de\/magazin\/mur-ursprung\/\" \/>\n<meta property=\"og:locale\" content=\"de_DE\" \/>\n<meta property=\"og:type\" content=\"article\" \/>\n<meta property=\"og:title\" content=\"Mur Ursprung\" \/>\n<meta property=\"og:description\" content=\"Jeden Donnerstag um 8:00 morgens trifft sich eine bunt zusammengew\u00fcrfelte Gruppe von Wanderern vor dem Tourismusb\u00fcro in St. Michael im Lungau, das von Juni bis September die Donnerstags-Wanderungen ausschreibt. In der Ausschreibung ist von Almseen die Rede \u2013 still oder prickelnd \u2013 jedenfalls springe ich sofort an. Ich habe mich f\u00fcr die Wanderung angemeldet, ohne [&hellip;]\" \/>\n<meta property=\"og:url\" content=\"https:\/\/www.salzburgerland.com\/de\/magazin\/mur-ursprung\/\" \/>\n<meta property=\"og:site_name\" content=\"SalzburgerLand Magazin\" \/>\n<meta property=\"article:publisher\" content=\"https:\/\/www.facebook.com\/salzburgerland\/\" \/>\n<meta property=\"article:published_time\" content=\"2022-09-05T06:00:00+00:00\" \/>\n<meta property=\"og:image\" content=\"https:\/\/www.salzburgerland.com\/de\/magazin\/wp-content\/uploads\/2022\/08\/20220818_110148-scaled.jpg\" \/>\n\t<meta property=\"og:image:width\" content=\"2560\" \/>\n\t<meta property=\"og:image:height\" content=\"1920\" \/>\n\t<meta property=\"og:image:type\" content=\"image\/jpeg\" \/>\n<meta name=\"author\" content=\"Andrea Conrad\" \/>\n<meta name=\"twitter:card\" content=\"summary_large_image\" \/>\n<meta name=\"twitter:creator\" content=\"@Salzburgerland\" \/>\n<meta name=\"twitter:site\" content=\"@Salzburgerland\" \/>\n<meta name=\"twitter:label1\" content=\"Verfasst von\" \/>\n\t<meta name=\"twitter:data1\" content=\"Andrea Conrad\" \/>\n\t<meta name=\"twitter:label2\" content=\"Gesch\u00e4tzte Lesezeit\" \/>\n\t<meta name=\"twitter:data2\" content=\"5\u00a0Minuten\" \/>\n<script type=\"application\/ld+json\" class=\"yoast-schema-graph\">{\"@context\":\"https:\\\/\\\/schema.org\",\"@graph\":[{\"@type\":\"Article\",\"@id\":\"https:\\\/\\\/www.salzburgerland.com\\\/de\\\/magazin\\\/mur-ursprung\\\/#article\",\"isPartOf\":{\"@id\":\"https:\\\/\\\/www.salzburgerland.com\\\/de\\\/magazin\\\/mur-ursprung\\\/\"},\"author\":{\"name\":\"Andrea Conrad\",\"@id\":\"https:\\\/\\\/www.salzburgerland.com\\\/de\\\/magazin\\\/#\\\/schema\\\/person\\\/c767f4347f744071f6184dcceaa12e1e\"},\"headline\":\"Mur Ursprung\",\"datePublished\":\"2022-09-05T06:00:00+00:00\",\"mainEntityOfPage\":{\"@id\":\"https:\\\/\\\/www.salzburgerland.com\\\/de\\\/magazin\\\/mur-ursprung\\\/\"},\"wordCount\":661,\"publisher\":{\"@id\":\"https:\\\/\\\/www.salzburgerland.com\\\/de\\\/magazin\\\/#organization\"},\"image\":{\"@id\":\"https:\\\/\\\/www.salzburgerland.com\\\/de\\\/magazin\\\/mur-ursprung\\\/#primaryimage\"},\"thumbnailUrl\":\"https:\\\/\\\/www.salzburgerland.com\\\/de\\\/magazin\\\/wp-content\\\/uploads\\\/2022\\\/08\\\/20220818_110148-scaled.jpg\",\"articleSection\":[\"Outdoor &amp; Sport\"],\"inLanguage\":\"de\"},{\"@type\":\"WebPage\",\"@id\":\"https:\\\/\\\/www.salzburgerland.com\\\/de\\\/magazin\\\/mur-ursprung\\\/\",\"url\":\"https:\\\/\\\/www.salzburgerland.com\\\/de\\\/magazin\\\/mur-ursprung\\\/\",\"name\":\"Mur Ursprung - SalzburgerLand Magazin\",\"isPartOf\":{\"@id\":\"https:\\\/\\\/www.salzburgerland.com\\\/de\\\/magazin\\\/#website\"},\"primaryImageOfPage\":{\"@id\":\"https:\\\/\\\/www.salzburgerland.com\\\/de\\\/magazin\\\/mur-ursprung\\\/#primaryimage\"},\"image\":{\"@id\":\"https:\\\/\\\/www.salzburgerland.com\\\/de\\\/magazin\\\/mur-ursprung\\\/#primaryimage\"},\"thumbnailUrl\":\"https:\\\/\\\/www.salzburgerland.com\\\/de\\\/magazin\\\/wp-content\\\/uploads\\\/2022\\\/08\\\/20220818_110148-scaled.jpg\",\"datePublished\":\"2022-09-05T06:00:00+00:00\",\"breadcrumb\":{\"@id\":\"https:\\\/\\\/www.salzburgerland.com\\\/de\\\/magazin\\\/mur-ursprung\\\/#breadcrumb\"},\"inLanguage\":\"de\",\"potentialAction\":[{\"@type\":\"ReadAction\",\"target\":[\"https:\\\/\\\/www.salzburgerland.com\\\/de\\\/magazin\\\/mur-ursprung\\\/\"]}]},{\"@type\":\"ImageObject\",\"inLanguage\":\"de\",\"@id\":\"https:\\\/\\\/www.salzburgerland.com\\\/de\\\/magazin\\\/mur-ursprung\\\/#primaryimage\",\"url\":\"https:\\\/\\\/www.salzburgerland.com\\\/de\\\/magazin\\\/wp-content\\\/uploads\\\/2022\\\/08\\\/20220818_110148-scaled.jpg\",\"contentUrl\":\"https:\\\/\\\/www.salzburgerland.com\\\/de\\\/magazin\\\/wp-content\\\/uploads\\\/2022\\\/08\\\/20220818_110148-scaled.jpg\",\"width\":2560,\"height\":1920,\"caption\":\"Ein felsiger H\u00fcgel mit einem kleinen Bach, Grasfl\u00e4chen, einem einsamen Baum und der Sonne am blauen Himmel.\"},{\"@type\":\"BreadcrumbList\",\"@id\":\"https:\\\/\\\/www.salzburgerland.com\\\/de\\\/magazin\\\/mur-ursprung\\\/#breadcrumb\",\"itemListElement\":[{\"@type\":\"ListItem\",\"position\":1,\"name\":\"Startseite\",\"item\":\"https:\\\/\\\/www.salzburgerland.com\\\/de\\\/magazin\\\/\"},{\"@type\":\"ListItem\",\"position\":2,\"name\":\"Outdoor &amp; Sport\",\"item\":\"https:\\\/\\\/www.salzburgerland.com\\\/de\\\/magazin\\\/thema\\\/outdoor-sport\\\/\"},{\"@type\":\"ListItem\",\"position\":3,\"name\":\"Mur Ursprung\"}]},{\"@type\":\"WebSite\",\"@id\":\"https:\\\/\\\/www.salzburgerland.com\\\/de\\\/magazin\\\/#website\",\"url\":\"https:\\\/\\\/www.salzburgerland.com\\\/de\\\/magazin\\\/\",\"name\":\"SalzburgerLand Magazin\",\"description\":\"Geschichten und Interessantes aus dem SalzburgerLand\",\"publisher\":{\"@id\":\"https:\\\/\\\/www.salzburgerland.com\\\/de\\\/magazin\\\/#organization\"},\"potentialAction\":[{\"@type\":\"SearchAction\",\"target\":{\"@type\":\"EntryPoint\",\"urlTemplate\":\"https:\\\/\\\/www.salzburgerland.com\\\/de\\\/magazin\\\/?s={search_term_string}\"},\"query-input\":{\"@type\":\"PropertyValueSpecification\",\"valueRequired\":true,\"valueName\":\"search_term_string\"}}],\"inLanguage\":\"de\"},{\"@type\":\"Organization\",\"@id\":\"https:\\\/\\\/www.salzburgerland.com\\\/de\\\/magazin\\\/#organization\",\"name\":\"SalzburgerLand Tourismus\",\"url\":\"https:\\\/\\\/www.salzburgerland.com\\\/de\\\/magazin\\\/\",\"logo\":{\"@type\":\"ImageObject\",\"inLanguage\":\"de\",\"@id\":\"https:\\\/\\\/www.salzburgerland.com\\\/de\\\/magazin\\\/#\\\/schema\\\/logo\\\/image\\\/\",\"url\":\"https:\\\/\\\/www.salzburgerland.com\\\/de\\\/magazin\\\/wp-content\\\/uploads\\\/2019\\\/06\\\/salzburgerland-logo1.jpg\",\"contentUrl\":\"https:\\\/\\\/www.salzburgerland.com\\\/de\\\/magazin\\\/wp-content\\\/uploads\\\/2019\\\/06\\\/salzburgerland-logo1.jpg\",\"width\":2011,\"height\":866,\"caption\":\"SalzburgerLand Tourismus\"},\"image\":{\"@id\":\"https:\\\/\\\/www.salzburgerland.com\\\/de\\\/magazin\\\/#\\\/schema\\\/logo\\\/image\\\/\"},\"sameAs\":[\"https:\\\/\\\/www.facebook.com\\\/salzburgerland\\\/\",\"https:\\\/\\\/x.com\\\/Salzburgerland\",\"https:\\\/\\\/www.instagram.com\\\/salzburgerland\\\/\",\"https:\\\/\\\/at.linkedin.com\\\/company\\\/salzburgerland-tourismus-gmbh\",\"https:\\\/\\\/www.pinterest.at\\\/salzburgerland\\\/\",\"https:\\\/\\\/www.youtube.com\\\/user\\\/salzburgerland\",\"https:\\\/\\\/de.wikipedia.org\\\/wiki\\\/SalzburgerLand_Tourismus_GmbH\"]},{\"@type\":\"Person\",\"@id\":\"https:\\\/\\\/www.salzburgerland.com\\\/de\\\/magazin\\\/#\\\/schema\\\/person\\\/c767f4347f744071f6184dcceaa12e1e\",\"name\":\"Andrea Conrad\",\"description\":\"Aufgewachsen in Anif, Salzburgs gr\u00fcnem S\u00fcden, und zur Schule gegangen in der sch\u00f6nen Keltenstadt Hallein zog es sie nach der Matura nach Wien. Nach der Ausbildung zur Diplomierten Tourismuskauffrau im Modul in Wien und einigen Jahren im Wiener Tourismus kehrte sie \u00fcber S\u00fcdtirol und Hinterglemm nach Salzburg zur\u00fcck. 2010 und 2012 bekam sie hier ihre beiden T\u00f6chter, mit denen sie wieder in Anif heimisch geworden ist. Seit einigen Jahren ist sie nun als bed\u00fcrfnis- und l\u00f6sungsorientierte, ganzheitliche Humanenergetikerin und Systemische Coachin in eigener Praxis in Anif t\u00e4tig. Derzeit befindet sie sich in Ausbildung zur Lebens- und Sozialberaterin. Ehrenamtlich engagiert sie sich f\u00fcr den Verein #estutnichtweh, der sich unter dem Motto \\\"Mit uns wandert der M\u00fcll vom Berg ins Tal\\\" um die S\u00e4uberung der Bergwelt k\u00fcmmert. Wie hat da auch noch das Schreiben Platz? Geschichten zu schreiben ist ihr kreatives Ventil; eher unbeachtete, regionale Nischenthemen zu entdecken und bekannt zu machen, ihre gro\u00dfe Leidenschaft. Hobbies? Ihre freie Zeit verbringt sie am liebsten mit ihren Kindern und ihren Ausbildungen. Die Phantasie l\u00e4sst sie durch B\u00fccher reisen, Erdung holt sie sich in ihrem Blumen- und Gem\u00fcsegarten und beim Wandern und M\u00fcllsammeln in den Bergen des SalzburgerLandes. Fr\u00fchling, Sommer, Herbst oder Winter? Alle! Sommer wie Winter in die Berge - im Sommer wandern, im Winter Schifahren. Im Fr\u00fchling liebe ich es, mit meinen T\u00f6chtern Blumen zu pfl\u00fccken, im Herbst Bl\u00e4tter und Kastanien zu sammeln. Im Sommer k\u00f6nnte ich tagesf\u00fcllend durch die Salzburger und die Halleiner Altstadt flanieren, im Winter die Christkindlm\u00e4rkte im ganzen SalzburgerLand genie\u00dfen. Es ist einfach immer sch\u00f6n bei uns! Morgen- oder Abendmensch? Irgendwie beides! Zeitig raus aus den Federn und den Vormittag f\u00fcr die Schreiberei nutzen und mit meinen Kund*innen genie\u00dfen. Nachmittags sind meine Kids dran und wenn Abends noch Energie \u00fcbrig ist, darf es gerne eine gem\u00fctliche Runde mit Freunden und guten Gespr\u00e4chen sein. Buch oder Film? Ich habe schon immer gern gelesen. Seit ich mich auch intensiv dem Schreiben widme, brauche ich fast \u00fcberhaupt keine Filme mehr zum Zeitvertreib. Kr\u00e4utertee oder Zirbenschnaps? Ich liebe die frischen Kr\u00e4utertees der zahlreichen Kr\u00e4uterfeen, die in und um Salzburg das alte Wissen um Heilkr\u00e4uter, Wald- und Wiesensch\u00e4tze bewahren und weitergeben. Zirbenschnaps mag ich aber auch ;-) Dirndl oder Abendrobe? Dirndl und Lederhose! Immer fesch, immer gem\u00fctlich und immer passend! Ich freue mich unglaublich, dass beides in den letzten Jahren wieder Einzug in den Salzburger Alltag gehalten hat. Dein pers\u00f6nlicher Logenplatz im SalzburgerLand? Ich sch\u00e4tze meine Heimatgemeinde Anif sehr. Von hier aus ist man in wenigen Minuten in Salzburg oder Hallein und direkt im Gr\u00fcnen. Mein pers\u00f6nlicher Kraftplatz liegt im Lungau am Fanningberg, wo ich mit Vorliebe Energie tanke.\",\"url\":\"https:\\\/\\\/www.salzburgerland.com\\\/de\\\/magazin\\\/author\\\/andrea-conrad\\\/\"}]}<\/script>\n<!-- \/ Yoast SEO Premium plugin. -->","yoast_head_json":{"title":"Mur Ursprung - SalzburgerLand Magazin","robots":{"index":"index","follow":"follow","max-snippet":"max-snippet:-1","max-image-preview":"max-image-preview:large","max-video-preview":"max-video-preview:-1"},"canonical":"https:\/\/www.salzburgerland.com\/de\/magazin\/mur-ursprung\/","og_locale":"de_DE","og_type":"article","og_title":"Mur Ursprung","og_description":"Jeden Donnerstag um 8:00 morgens trifft sich eine bunt zusammengew\u00fcrfelte Gruppe von Wanderern vor dem Tourismusb\u00fcro in St. Michael im Lungau, das von Juni bis September die Donnerstags-Wanderungen ausschreibt. In der Ausschreibung ist von Almseen die Rede \u2013 still oder prickelnd \u2013 jedenfalls springe ich sofort an. Ich habe mich f\u00fcr die Wanderung angemeldet, ohne [&hellip;]","og_url":"https:\/\/www.salzburgerland.com\/de\/magazin\/mur-ursprung\/","og_site_name":"SalzburgerLand Magazin","article_publisher":"https:\/\/www.facebook.com\/salzburgerland\/","article_published_time":"2022-09-05T06:00:00+00:00","og_image":[{"width":2560,"height":1920,"url":"https:\/\/www.salzburgerland.com\/de\/magazin\/wp-content\/uploads\/2022\/08\/20220818_110148-scaled.jpg","type":"image\/jpeg"}],"author":"Andrea Conrad","twitter_card":"summary_large_image","twitter_creator":"@Salzburgerland","twitter_site":"@Salzburgerland","twitter_misc":{"Verfasst von":"Andrea Conrad","Gesch\u00e4tzte Lesezeit":"5\u00a0Minuten"},"schema":{"@context":"https:\/\/schema.org","@graph":[{"@type":"Article","@id":"https:\/\/www.salzburgerland.com\/de\/magazin\/mur-ursprung\/#article","isPartOf":{"@id":"https:\/\/www.salzburgerland.com\/de\/magazin\/mur-ursprung\/"},"author":{"name":"Andrea Conrad","@id":"https:\/\/www.salzburgerland.com\/de\/magazin\/#\/schema\/person\/c767f4347f744071f6184dcceaa12e1e"},"headline":"Mur Ursprung","datePublished":"2022-09-05T06:00:00+00:00","mainEntityOfPage":{"@id":"https:\/\/www.salzburgerland.com\/de\/magazin\/mur-ursprung\/"},"wordCount":661,"publisher":{"@id":"https:\/\/www.salzburgerland.com\/de\/magazin\/#organization"},"image":{"@id":"https:\/\/www.salzburgerland.com\/de\/magazin\/mur-ursprung\/#primaryimage"},"thumbnailUrl":"https:\/\/www.salzburgerland.com\/de\/magazin\/wp-content\/uploads\/2022\/08\/20220818_110148-scaled.jpg","articleSection":["Outdoor &amp; Sport"],"inLanguage":"de"},{"@type":"WebPage","@id":"https:\/\/www.salzburgerland.com\/de\/magazin\/mur-ursprung\/","url":"https:\/\/www.salzburgerland.com\/de\/magazin\/mur-ursprung\/","name":"Mur Ursprung - SalzburgerLand Magazin","isPartOf":{"@id":"https:\/\/www.salzburgerland.com\/de\/magazin\/#website"},"primaryImageOfPage":{"@id":"https:\/\/www.salzburgerland.com\/de\/magazin\/mur-ursprung\/#primaryimage"},"image":{"@id":"https:\/\/www.salzburgerland.com\/de\/magazin\/mur-ursprung\/#primaryimage"},"thumbnailUrl":"https:\/\/www.salzburgerland.com\/de\/magazin\/wp-content\/uploads\/2022\/08\/20220818_110148-scaled.jpg","datePublished":"2022-09-05T06:00:00+00:00","breadcrumb":{"@id":"https:\/\/www.salzburgerland.com\/de\/magazin\/mur-ursprung\/#breadcrumb"},"inLanguage":"de","potentialAction":[{"@type":"ReadAction","target":["https:\/\/www.salzburgerland.com\/de\/magazin\/mur-ursprung\/"]}]},{"@type":"ImageObject","inLanguage":"de","@id":"https:\/\/www.salzburgerland.com\/de\/magazin\/mur-ursprung\/#primaryimage","url":"https:\/\/www.salzburgerland.com\/de\/magazin\/wp-content\/uploads\/2022\/08\/20220818_110148-scaled.jpg","contentUrl":"https:\/\/www.salzburgerland.com\/de\/magazin\/wp-content\/uploads\/2022\/08\/20220818_110148-scaled.jpg","width":2560,"height":1920,"caption":"Ein felsiger H\u00fcgel mit einem kleinen Bach, Grasfl\u00e4chen, einem einsamen Baum und der Sonne am blauen Himmel."},{"@type":"BreadcrumbList","@id":"https:\/\/www.salzburgerland.com\/de\/magazin\/mur-ursprung\/#breadcrumb","itemListElement":[{"@type":"ListItem","position":1,"name":"Startseite","item":"https:\/\/www.salzburgerland.com\/de\/magazin\/"},{"@type":"ListItem","position":2,"name":"Outdoor &amp; Sport","item":"https:\/\/www.salzburgerland.com\/de\/magazin\/thema\/outdoor-sport\/"},{"@type":"ListItem","position":3,"name":"Mur Ursprung"}]},{"@type":"WebSite","@id":"https:\/\/www.salzburgerland.com\/de\/magazin\/#website","url":"https:\/\/www.salzburgerland.com\/de\/magazin\/","name":"SalzburgerLand Magazin","description":"Geschichten und Interessantes aus dem SalzburgerLand","publisher":{"@id":"https:\/\/www.salzburgerland.com\/de\/magazin\/#organization"},"potentialAction":[{"@type":"SearchAction","target":{"@type":"EntryPoint","urlTemplate":"https:\/\/www.salzburgerland.com\/de\/magazin\/?s={search_term_string}"},"query-input":{"@type":"PropertyValueSpecification","valueRequired":true,"valueName":"search_term_string"}}],"inLanguage":"de"},{"@type":"Organization","@id":"https:\/\/www.salzburgerland.com\/de\/magazin\/#organization","name":"SalzburgerLand Tourismus","url":"https:\/\/www.salzburgerland.com\/de\/magazin\/","logo":{"@type":"ImageObject","inLanguage":"de","@id":"https:\/\/www.salzburgerland.com\/de\/magazin\/#\/schema\/logo\/image\/","url":"https:\/\/www.salzburgerland.com\/de\/magazin\/wp-content\/uploads\/2019\/06\/salzburgerland-logo1.jpg","contentUrl":"https:\/\/www.salzburgerland.com\/de\/magazin\/wp-content\/uploads\/2019\/06\/salzburgerland-logo1.jpg","width":2011,"height":866,"caption":"SalzburgerLand Tourismus"},"image":{"@id":"https:\/\/www.salzburgerland.com\/de\/magazin\/#\/schema\/logo\/image\/"},"sameAs":["https:\/\/www.facebook.com\/salzburgerland\/","https:\/\/x.com\/Salzburgerland","https:\/\/www.instagram.com\/salzburgerland\/","https:\/\/at.linkedin.com\/company\/salzburgerland-tourismus-gmbh","https:\/\/www.pinterest.at\/salzburgerland\/","https:\/\/www.youtube.com\/user\/salzburgerland","https:\/\/de.wikipedia.org\/wiki\/SalzburgerLand_Tourismus_GmbH"]},{"@type":"Person","@id":"https:\/\/www.salzburgerland.com\/de\/magazin\/#\/schema\/person\/c767f4347f744071f6184dcceaa12e1e","name":"Andrea Conrad","description":"Aufgewachsen in Anif, Salzburgs gr\u00fcnem S\u00fcden, und zur Schule gegangen in der sch\u00f6nen Keltenstadt Hallein zog es sie nach der Matura nach Wien. Nach der Ausbildung zur Diplomierten Tourismuskauffrau im Modul in Wien und einigen Jahren im Wiener Tourismus kehrte sie \u00fcber S\u00fcdtirol und Hinterglemm nach Salzburg zur\u00fcck. 2010 und 2012 bekam sie hier ihre beiden T\u00f6chter, mit denen sie wieder in Anif heimisch geworden ist. Seit einigen Jahren ist sie nun als bed\u00fcrfnis- und l\u00f6sungsorientierte, ganzheitliche Humanenergetikerin und Systemische Coachin in eigener Praxis in Anif t\u00e4tig. Derzeit befindet sie sich in Ausbildung zur Lebens- und Sozialberaterin. Ehrenamtlich engagiert sie sich f\u00fcr den Verein #estutnichtweh, der sich unter dem Motto \"Mit uns wandert der M\u00fcll vom Berg ins Tal\" um die S\u00e4uberung der Bergwelt k\u00fcmmert. Wie hat da auch noch das Schreiben Platz? Geschichten zu schreiben ist ihr kreatives Ventil; eher unbeachtete, regionale Nischenthemen zu entdecken und bekannt zu machen, ihre gro\u00dfe Leidenschaft. Hobbies? Ihre freie Zeit verbringt sie am liebsten mit ihren Kindern und ihren Ausbildungen. Die Phantasie l\u00e4sst sie durch B\u00fccher reisen, Erdung holt sie sich in ihrem Blumen- und Gem\u00fcsegarten und beim Wandern und M\u00fcllsammeln in den Bergen des SalzburgerLandes. Fr\u00fchling, Sommer, Herbst oder Winter? Alle! Sommer wie Winter in die Berge - im Sommer wandern, im Winter Schifahren. Im Fr\u00fchling liebe ich es, mit meinen T\u00f6chtern Blumen zu pfl\u00fccken, im Herbst Bl\u00e4tter und Kastanien zu sammeln. Im Sommer k\u00f6nnte ich tagesf\u00fcllend durch die Salzburger und die Halleiner Altstadt flanieren, im Winter die Christkindlm\u00e4rkte im ganzen SalzburgerLand genie\u00dfen. Es ist einfach immer sch\u00f6n bei uns! Morgen- oder Abendmensch? Irgendwie beides! Zeitig raus aus den Federn und den Vormittag f\u00fcr die Schreiberei nutzen und mit meinen Kund*innen genie\u00dfen. Nachmittags sind meine Kids dran und wenn Abends noch Energie \u00fcbrig ist, darf es gerne eine gem\u00fctliche Runde mit Freunden und guten Gespr\u00e4chen sein. Buch oder Film? Ich habe schon immer gern gelesen. Seit ich mich auch intensiv dem Schreiben widme, brauche ich fast \u00fcberhaupt keine Filme mehr zum Zeitvertreib. Kr\u00e4utertee oder Zirbenschnaps? Ich liebe die frischen Kr\u00e4utertees der zahlreichen Kr\u00e4uterfeen, die in und um Salzburg das alte Wissen um Heilkr\u00e4uter, Wald- und Wiesensch\u00e4tze bewahren und weitergeben. Zirbenschnaps mag ich aber auch ;-) Dirndl oder Abendrobe? Dirndl und Lederhose! Immer fesch, immer gem\u00fctlich und immer passend! Ich freue mich unglaublich, dass beides in den letzten Jahren wieder Einzug in den Salzburger Alltag gehalten hat. Dein pers\u00f6nlicher Logenplatz im SalzburgerLand? Ich sch\u00e4tze meine Heimatgemeinde Anif sehr. Von hier aus ist man in wenigen Minuten in Salzburg oder Hallein und direkt im Gr\u00fcnen. Mein pers\u00f6nlicher Kraftplatz liegt im Lungau am Fanningberg, wo ich mit Vorliebe Energie tanke.","url":"https:\/\/www.salzburgerland.com\/de\/magazin\/author\/andrea-conrad\/"}]}},"_wl_alt_label":[],"wl:entity_url":"http:\/\/open.salzburgerland.com\/magazin\/post\/-164901","_links":{"self":[{"href":"https:\/\/www.salzburgerland.com\/de\/magazin\/wp-json\/wp\/v2\/posts\/164901","targetHints":{"allow":["GET"]}}],"collection":[{"href":"https:\/\/www.salzburgerland.com\/de\/magazin\/wp-json\/wp\/v2\/posts"}],"about":[{"href":"https:\/\/www.salzburgerland.com\/de\/magazin\/wp-json\/wp\/v2\/types\/post"}],"author":[{"embeddable":true,"href":"https:\/\/www.salzburgerland.com\/de\/magazin\/wp-json\/wp\/v2\/users\/535"}],"replies":[{"embeddable":true,"href":"https:\/\/www.salzburgerland.com\/de\/magazin\/wp-json\/wp\/v2\/comments?post=164901"}],"version-history":[{"count":3,"href":"https:\/\/www.salzburgerland.com\/de\/magazin\/wp-json\/wp\/v2\/posts\/164901\/revisions"}],"predecessor-version":[{"id":165102,"href":"https:\/\/www.salzburgerland.com\/de\/magazin\/wp-json\/wp\/v2\/posts\/164901\/revisions\/165102"}],"wp:featuredmedia":[{"embeddable":true,"href":"https:\/\/www.salzburgerland.com\/de\/magazin\/wp-json\/wp\/v2\/media\/164906"}],"wp:attachment":[{"href":"https:\/\/www.salzburgerland.com\/de\/magazin\/wp-json\/wp\/v2\/media?parent=164901"}],"wp:term":[{"taxonomy":"category","embeddable":true,"href":"https:\/\/www.salzburgerland.com\/de\/magazin\/wp-json\/wp\/v2\/categories?post=164901"},{"taxonomy":"post_tag","embeddable":true,"href":"https:\/\/www.salzburgerland.com\/de\/magazin\/wp-json\/wp\/v2\/tags?post=164901"},{"taxonomy":"wl_entity_type","embeddable":true,"href":"https:\/\/www.salzburgerland.com\/de\/magazin\/wp-json\/wp\/v2\/wl_entity_type?post=164901"},{"taxonomy":"monatsauswahl","embeddable":true,"href":"https:\/\/www.salzburgerland.com\/de\/magazin\/wp-json\/wp\/v2\/monatsauswahl?post=164901"}],"curies":[{"name":"wp","href":"https:\/\/api.w.org\/{rel}","templated":true}]}}