{"id":164737,"date":"2022-08-31T08:00:00","date_gmt":"2022-08-31T06:00:00","guid":{"rendered":"https:\/\/www.salzburgerland.com\/de\/magazin\/?p=164737"},"modified":"2022-09-23T11:48:47","modified_gmt":"2022-09-23T09:48:47","slug":"estutnichtweh","status":"publish","type":"post","link":"https:\/\/www.salzburgerland.com\/de\/magazin\/estutnichtweh\/","title":{"rendered":"#estutnichtweh"},"content":{"rendered":"\n<div class=\"wp-block-slt-top topBlocks\">\n<h2 class=\"wp-block-slt-subtitle\">Mit uns wandert der M\u00fcll vom Berg ins Tal!<\/h2>\n\n\n\n<p class=\"wp-block-slt-intro\">Seit 2019 k\u00fcmmert sich der Verein #estutnichtweh darum, die Berge sauberer zu machen und ein Bewusstsein daf\u00fcr zu schaffen, wie einfach es f\u00fcr jeden Einzelnen ist, einen gro\u00dfen Beitrag f\u00fcr unsere Natur zu leisten.<\/p>\n<\/div>\n\n\n\n<h2 class=\"wp-block-heading\" id=\"h-wofur-steht-estutnichtweh\">Wof\u00fcr steht #estutnichtweh?<\/h2>\n\n\n\n<p>Bei den Alpen\u00fcberquerungen, die sie als Wanderf\u00fchrerin f\u00fcr ihre eigene Bergschule f\u00fchrt, sammelte Renate Steinacher, die Gr\u00fcnderin und Pr\u00e4sidentin von <a href=\"https:\/\/www.estutnichtweh.org\/\" target=\"_blank\" rel=\"noreferrer noopener\">#estutnichtweh<\/a> schon immer den M\u00fcll ein, den andere achtlos liegengelassen hatten. Eines Tages fragte sie ein Gast: \u201cSag, warum hebst du eigentlich den ganzen M\u00fcll von den anderen auf?\u201d \u201cWeil es mir nicht weh tut!\u201d war ihre spontane Antwort. So war der Name f\u00fcr den Verein, der ihr Herzensprojekt werden sollte, geboren und auch der Slogan: \u201cMit uns wandert der M\u00fcll vom Berg ins Tal!\u201d war schnell gefunden.<\/p>\n\n\n\n<p>#estutnichtweh k\u00fcmmert sich seither um Bewusstseinsbildung zu Themen wie Nachhaltigkeit, M\u00fcllvermeidung und nat\u00fcrlich den achtsamen Umgang mit der Natur und ihren Ressourcen.<\/p>\n\n\n\n<p>Ich treffe Renate Steinacher in ihrer Wahlheimat Scheffau im Tennengebirge und lasse mich von ihrer Begeisterung anstecken. Obwohl ich fast seit Beginn an aktives Mitglied im Verein bin, bin ich immer wieder begeistert, was f\u00fcr ein umfassender, ganzheitlicher Ansatz hinter dem scheinbar so einfachen Namen #estutnichtweh verborgen ist.<br>Es geht nicht nur darum, M\u00fcll zu sammeln. Es geht darum, ein Gef\u00fchl von tiefer Verbundenheit mit der Natur und ein glasklares Bewusstsein f\u00fcr den achtsamen Umgang mit der Umwelt und ihren Ressourcen zu vermitteln.<\/p>\n\n\n\n<figure class=\"wp-block-image size-full\"><img loading=\"lazy\" decoding=\"async\" width=\"1600\" height=\"1066\" src=\"https:\/\/www.salzburgerland.com\/de\/magazin\/wp-content\/uploads\/2022\/08\/Andrea-Conrad-und-Renate-Steinacher-\u00a9estutnichtweh-Christoph-Werntgen.jpeg\" alt=\"Andrea Conrad und Renate Steinacher v.l.\" class=\"wp-image-164740\" srcset=\"https:\/\/www.salzburgerland.com\/de\/magazin\/wp-content\/uploads\/2022\/08\/Andrea-Conrad-und-Renate-Steinacher-\u00a9estutnichtweh-Christoph-Werntgen.jpeg 1600w, https:\/\/www.salzburgerland.com\/de\/magazin\/wp-content\/uploads\/2022\/08\/Andrea-Conrad-und-Renate-Steinacher-\u00a9estutnichtweh-Christoph-Werntgen-300x200.jpeg 300w, https:\/\/www.salzburgerland.com\/de\/magazin\/wp-content\/uploads\/2022\/08\/Andrea-Conrad-und-Renate-Steinacher-\u00a9estutnichtweh-Christoph-Werntgen-1536x1023.jpeg 1536w, https:\/\/www.salzburgerland.com\/de\/magazin\/wp-content\/uploads\/2022\/08\/Andrea-Conrad-und-Renate-Steinacher-\u00a9estutnichtweh-Christoph-Werntgen-826x550.jpeg 826w, https:\/\/www.salzburgerland.com\/de\/magazin\/wp-content\/uploads\/2022\/08\/Andrea-Conrad-und-Renate-Steinacher-\u00a9estutnichtweh-Christoph-Werntgen-600x400.jpeg 600w, https:\/\/www.salzburgerland.com\/de\/magazin\/wp-content\/uploads\/2022\/08\/Andrea-Conrad-und-Renate-Steinacher-\u00a9estutnichtweh-Christoph-Werntgen-1320x879.jpeg 1320w, https:\/\/www.salzburgerland.com\/de\/magazin\/wp-content\/uploads\/2022\/08\/Andrea-Conrad-und-Renate-Steinacher-\u00a9estutnichtweh-Christoph-Werntgen-150x100.jpeg 150w\" sizes=\"auto, (max-width: 1600px) 100vw, 1600px\" \/><figcaption>Autorin Andrea Conrad mit #estutnichtweh-Gr\u00fcnderin Renate Steinacher \u00a9estutnichtweh, Christoph Werntgen<\/figcaption><\/figure>\n\n\n\n<h2 class=\"wp-block-heading\">Wie kommt man zu #estutnichtweh?<\/h2>\n\n\n\n<p>Jeder, der sich mit #estutnichtweh f\u00fcr die Sauberkeit unserer Natur einsetzen m\u00f6chte, kann <a href=\"https:\/\/www.estutnichtweh.org\/\" target=\"_blank\" rel=\"noreferrer noopener\">direkt beim Verein<\/a> oder bei einem der Partnerbetriebe ein Drecksackerl mit Mistzangerl und Tschickdoserl erwerben.<br>Die Mitgliedschaft beim Verein ist keine Voraussetzung, aber nat\u00fcrlich gerne gesehen.<br>\u201cEin Verein lebt von seinen Mitgliedern!\u201d sagt Renate und f\u00fcgt schmunzelnd hinzu: \u201cAber Hauptsache, es gehen viele Drecksackerl raus und m\u00f6glichst viele Menschen entdecken damit ihre Freude am M\u00fcllsammeln!\u201d<\/p>\n\n\n\n<h2 class=\"wp-block-heading\">M\u00fcll sammeln jenseits geografischer Grenzen<\/h2>\n\n\n\n<p>\u201cWieso denkst du, sollten ausgerechnet Urlauber und G\u00e4ste im SalzburgerLand M\u00fcll sammeln?\u201d, frage ich Renate. \u201cIch denke nicht in Kategorien wie \u201cunser Land\u201d und \u201ceuer Land\u201d. Es ist eine Erde, auf der wir leben. Da ist es doch v\u00f6llig egal, wo ich M\u00fcll sammle. Au\u00dferdem kann das Drecksackerl ja sowieso immer dabei sein \u2013 genauso im Urlaub wie zu Hause, am Schulweg, beim Spazierengehen und auch beim Stadtbummel, eben immer, wenn es gerade nicht weh tut. Und au\u00dferdem darf ja auch jeder Salzburger bei uns Mitglied werden und mithelfen, das SalzburgerLand noch sauberer und lebenswerter zu machen\u201d<\/p>\n\n\n\n<h2 class=\"wp-block-heading\">Beim Wandern geplaudert<\/h2>\n\n\n\n<p>W\u00e4hrend wir Richtung Gipfel des Schwarzerbergs wandern, l\u00e4sst sie mich an ihren Ansichten teilhaben: \u201cWei\u00dft du, ich finde jeder Mensch soll frei entscheiden d\u00fcrfen, was er beitragen kann oder m\u00f6chte. Darum mag ich auch unseren Namen #estutnichtweh so sehr. Dem einen tut es nicht weh, mit dem Rad statt mit dem Auto zu fahren. Dem anderen tut es nicht weh, weniger Fleisch zu essen; der n\u00e4chste schafft es, m\u00f6glichst auf Plastikverpackungen zu verzichten und wieder ein anderer beginnt, den herumliegenden M\u00fcll einzusammeln. Ich finde es wichtig, dass jeder das tut, was ihm leicht f\u00e4llt und dass genau das auch gew\u00fcrdigt wird. Denn nur so tut es nicht weh und ist somit auch nachhaltig.\u201d<\/p>\n\n\n\n<p>\u201cW\u00fcnschst du dir nicht oft, dass die Menschen und die Gesellschaft viel schneller umdenken und viel mehr tun w\u00fcrden?\u201d, frage ich weiter.<br> \u201cAus eigener Erfahrung w\u00fcrde ich sagen, wenn man einmal angefangen hat, sich die Wirkung der eigenen Handlungen bewusst zu machen und darauf zu achten, dass sie der Natur und unserer Umwelt mehr nutzen als schaden, dann wird es eh automatisch immer mehr, was man wie von selbst beitr\u00e4gt. Und es soll ja schlie\u00dflich nicht weh tun, sondern ein selbstverst\u00e4ndlicher Teil des eigenen Lebens werden.\u201d<\/p>\n\n\n\n<p>#estutnichtweh sammelt nicht nur M\u00fcll. Der Verein organisiert auch immer wieder Clean-ups, pr\u00e4sentiert sich auf Messen, um die Aufkl\u00e4rungsarbeit voranzutreiben und bringt seine Drecksackerl und die Idee dahinter auch in Schulen und Kinderg\u00e4rten.<\/p>\n\n\n\n<p>Die Idee zum Tschickdoserl kommt \u00fcbrigens tats\u00e4chlich von der &#8222;ber\u00fchmten&#8220; Gipfelzigarette. Das Wegschnipsen des Stummels ist so eine unbewusste Handbewegung, dass da noch viel Bewusstmachung geschehen muss. Au\u00dferdem verrotten Tschickstummel nicht, sondern zerfallen zu Mikroplastik was bedeutet, dass sie letztendlich im Grund- und damit im Trinkwasser enden.<\/p>\n\n\n\n<figure class=\"wp-block-image size-full is-resized\"><img loading=\"lazy\" decoding=\"async\" src=\"https:\/\/www.salzburgerland.com\/de\/magazin\/wp-content\/uploads\/2022\/08\/Tschickdoserl-\u00a9estutnichtweh.jpg\" alt=\"Zwei Metalldosen und Zigarettenkippen auf gr\u00fcnem Gras, mit TSCHICKDOSERL-Aufdruck auf den Dosen.\" class=\"wp-image-164747\" width=\"839\" height=\"629\" srcset=\"https:\/\/www.salzburgerland.com\/de\/magazin\/wp-content\/uploads\/2022\/08\/Tschickdoserl-\u00a9estutnichtweh.jpg 1600w, https:\/\/www.salzburgerland.com\/de\/magazin\/wp-content\/uploads\/2022\/08\/Tschickdoserl-\u00a9estutnichtweh-300x225.jpg 300w, https:\/\/www.salzburgerland.com\/de\/magazin\/wp-content\/uploads\/2022\/08\/Tschickdoserl-\u00a9estutnichtweh-1536x1152.jpg 1536w, https:\/\/www.salzburgerland.com\/de\/magazin\/wp-content\/uploads\/2022\/08\/Tschickdoserl-\u00a9estutnichtweh-733x550.jpg 733w, https:\/\/www.salzburgerland.com\/de\/magazin\/wp-content\/uploads\/2022\/08\/Tschickdoserl-\u00a9estutnichtweh-140x105.jpg 140w, https:\/\/www.salzburgerland.com\/de\/magazin\/wp-content\/uploads\/2022\/08\/Tschickdoserl-\u00a9estutnichtweh-533x400.jpg 533w, https:\/\/www.salzburgerland.com\/de\/magazin\/wp-content\/uploads\/2022\/08\/Tschickdoserl-\u00a9estutnichtweh-960x720.jpg 960w, https:\/\/www.salzburgerland.com\/de\/magazin\/wp-content\/uploads\/2022\/08\/Tschickdoserl-\u00a9estutnichtweh-1320x990.jpg 1320w, https:\/\/www.salzburgerland.com\/de\/magazin\/wp-content\/uploads\/2022\/08\/Tschickdoserl-\u00a9estutnichtweh-1200x900.jpg 1200w, https:\/\/www.salzburgerland.com\/de\/magazin\/wp-content\/uploads\/2022\/08\/Tschickdoserl-\u00a9estutnichtweh-150x113.jpg 150w\" sizes=\"auto, (max-width: 839px) 100vw, 839px\" \/><figcaption>\u00a9estutnichtweh, Christoph Werntgen<\/figcaption><\/figure>\n\n\n\n<p>Die Drecksackerl selber sind aus Stoffen gefertigt, die in der Bekleidungsindustrie \u00fcbrig bleiben und sonst weggeworfen w\u00fcrden. Sie sind also Upcyclingprodukte und es werden bei deren Herstellung keine  zus\u00e4tzlichen Ressourcen verbraucht.<\/p>\n\n\n\n<h2 class=\"wp-block-heading\">Panoramablick vom Schwarzerberg<\/h2>\n\n\n\n<p>Nach etwa 4 Stunden erreichen wir den Gipfel des Schwarzerbergs. Zum Gl\u00fcck musste ich nicht viel reden, sondern durfte Renates Ausf\u00fchrungen lauschen, denn zum Teil ist der Weg schon ordentlich steil. Doch der Rundumblick auf Seewaldsee, Trattberg, Dachsteingletscher, Gosaukamm und fast das gesamte Tennengebirge ist Belohnung genug.<\/p>\n\n\n\n<p>Wir sammeln die Tschickstummel rund ums Gipfelkreuz ein und g\u00f6nnen uns eine ausgiebige Pause, bevor wir \u00fcber die andere Seite des Bergs wieder Richtung Scheffau absteigen und damit unsere traumhafte Rundtour beenden.<\/p>\n\n\n<div class=\"mag-gallery\"><div class=\"row\"><div class=\"col-6 col-sm-4\"><figure><a class=\"thumb-container\" href=\"https:\/\/www.salzburgerland.com\/de\/magazin\/wp-content\/uploads\/2022\/08\/Kind-beim-Muellsammeln-%C2%A9estutnichtweh-Christoph-Werntgen-1280x1024.jpg\">\t<picture><source media=\"(min-width: 576px)\" srcset=\"\"><\/source><source media=\"(min-width: 0)\" srcset=\"https:\/\/www.salzburgerland.com\/de\/magazin\/wp-content\/uploads\/2022\/08\/Kind-beim-Muellsammeln-&copy;estutnichtweh-Christoph-Werntgen-scaled.jpg 1707w, https:\/\/www.salzburgerland.com\/de\/magazin\/wp-content\/uploads\/2022\/08\/Kind-beim-Muellsammeln-&copy;estutnichtweh-Christoph-Werntgen-200x300.jpg 200w, https:\/\/www.salzburgerland.com\/de\/magazin\/wp-content\/uploads\/2022\/08\/Kind-beim-Muellsammeln-&copy;estutnichtweh-Christoph-Werntgen-1024x1536.jpg 1024w, https:\/\/www.salzburgerland.com\/de\/magazin\/wp-content\/uploads\/2022\/08\/Kind-beim-Muellsammeln-&copy;estutnichtweh-Christoph-Werntgen-1365x2048.jpg 1365w, https:\/\/www.salzburgerland.com\/de\/magazin\/wp-content\/uploads\/2022\/08\/Kind-beim-Muellsammeln-&copy;estutnichtweh-Christoph-Werntgen-367x550.jpg 367w, https:\/\/www.salzburgerland.com\/de\/magazin\/wp-content\/uploads\/2022\/08\/Kind-beim-Muellsammeln-&copy;estutnichtweh-Christoph-Werntgen-267x400.jpg 267w, https:\/\/www.salzburgerland.com\/de\/magazin\/wp-content\/uploads\/2022\/08\/Kind-beim-Muellsammeln-&copy;estutnichtweh-Christoph-Werntgen-1320x1980.jpg 1320w, https:\/\/www.salzburgerland.com\/de\/magazin\/wp-content\/uploads\/2022\/08\/Kind-beim-Muellsammeln-&copy;estutnichtweh-Christoph-Werntgen-150x225.jpg 150w\"><\/source><img decoding=\"async\" alt=\"M&auml;dchen in gr&uuml;nem Hemd &ouml;ffnet eine rosa Tasche, w&auml;hrend sie im Freien auf einem grasbewachsenen, moosbewachsenen Hang steht.\" src=\"https:\/\/www.salzburgerland.com\/de\/magazin\/wp-content\/uploads\/2022\/08\/Kind-beim-Muellsammeln-%C2%A9estutnichtweh-Christoph-Werntgen-scaled.jpg\">\t<\/picture><figcaption>Auch Kinder helfen gerne mit und k&ouml;nnen mit dem Mistzangerl M&uuml;ll sammeln, ohne sich die H&auml;nde schmutzig zu machen!<\/figcaption><\/a><\/figure><\/div><div class=\"col-6 col-sm-4\"><figure><a class=\"thumb-container\" href=\"https:\/\/www.salzburgerland.com\/de\/magazin\/wp-content\/uploads\/2022\/08\/Tschickstummel-%C2%A9estutnichtweh-Christoph-Werntgen-1280x1024.jpeg\">\t<picture><source media=\"(min-width: 576px)\" srcset=\"\"><\/source><source media=\"(min-width: 0)\" srcset=\"https:\/\/www.salzburgerland.com\/de\/magazin\/wp-content\/uploads\/2022\/08\/Tschickstummel-&copy;estutnichtweh-Christoph-Werntgen.jpeg 768w, https:\/\/www.salzburgerland.com\/de\/magazin\/wp-content\/uploads\/2022\/08\/Tschickstummel-&copy;estutnichtweh-Christoph-Werntgen-225x300.jpeg 225w, https:\/\/www.salzburgerland.com\/de\/magazin\/wp-content\/uploads\/2022\/08\/Tschickstummel-&copy;estutnichtweh-Christoph-Werntgen-413x550.jpeg 413w, https:\/\/www.salzburgerland.com\/de\/magazin\/wp-content\/uploads\/2022\/08\/Tschickstummel-&copy;estutnichtweh-Christoph-Werntgen-300x400.jpeg 300w, https:\/\/www.salzburgerland.com\/de\/magazin\/wp-content\/uploads\/2022\/08\/Tschickstummel-&copy;estutnichtweh-Christoph-Werntgen-640x853.jpeg 640w, https:\/\/www.salzburgerland.com\/de\/magazin\/wp-content\/uploads\/2022\/08\/Tschickstummel-&copy;estutnichtweh-Christoph-Werntgen-150x200.jpeg 150w\"><\/source><img decoding=\"async\" alt=\"Ein Haufen Zigarettenstummel, ein Beutel, ein Flaschendeckel und eine Zange auf felsigem Boden.\" src=\"https:\/\/www.salzburgerland.com\/de\/magazin\/wp-content\/uploads\/2022\/08\/Tschickstummel-%C2%A9estutnichtweh-Christoph-Werntgen.jpeg\">\t<\/picture><figcaption>So viele Tschickstummel&#8230;<\/figcaption><\/a><\/figure><\/div><div class=\"col-6 col-sm-4\"><figure><a class=\"thumb-container\" href=\"https:\/\/www.salzburgerland.com\/de\/magazin\/wp-content\/uploads\/2022\/08\/Messeauftritt-%C2%A9estutnichtweh-Christoph-Werntgen-1280x1024.jpg\">\t<picture><source media=\"(min-width: 576px)\" srcset=\"\"><\/source><source media=\"(min-width: 0)\" srcset=\"https:\/\/www.salzburgerland.com\/de\/magazin\/wp-content\/uploads\/2022\/08\/Messeauftritt-&copy;estutnichtweh-Christoph-Werntgen.jpg 1580w, https:\/\/www.salzburgerland.com\/de\/magazin\/wp-content\/uploads\/2022\/08\/Messeauftritt-&copy;estutnichtweh-Christoph-Werntgen-282x300.jpg 282w, https:\/\/www.salzburgerland.com\/de\/magazin\/wp-content\/uploads\/2022\/08\/Messeauftritt-&copy;estutnichtweh-Christoph-Werntgen-1445x1536.jpg 1445w, https:\/\/www.salzburgerland.com\/de\/magazin\/wp-content\/uploads\/2022\/08\/Messeauftritt-&copy;estutnichtweh-Christoph-Werntgen-517x550.jpg 517w, https:\/\/www.salzburgerland.com\/de\/magazin\/wp-content\/uploads\/2022\/08\/Messeauftritt-&copy;estutnichtweh-Christoph-Werntgen-376x400.jpg 376w, https:\/\/www.salzburgerland.com\/de\/magazin\/wp-content\/uploads\/2022\/08\/Messeauftritt-&copy;estutnichtweh-Christoph-Werntgen-1320x1404.jpg 1320w, https:\/\/www.salzburgerland.com\/de\/magazin\/wp-content\/uploads\/2022\/08\/Messeauftritt-&copy;estutnichtweh-Christoph-Werntgen-150x159.jpg 150w\"><\/source><img decoding=\"async\" alt=\"F&uuml;nf Personen in gr&uuml;nen Hemden und ein Hund posieren vor einem gr&uuml;nen Veranstaltungszelt und Bannern im Freien.\" src=\"https:\/\/www.salzburgerland.com\/de\/magazin\/wp-content\/uploads\/2022\/08\/Messeauftritt-%C2%A9estutnichtweh-Christoph-Werntgen.jpg\">\t<\/picture><figcaption>Messeauftritt #estutnichtweh<\/figcaption><\/a><\/figure><\/div><\/div><figcaption>&copy;estutnichtweh, Christoph Werntgen<\/figcaption><\/div>\n","protected":false},"excerpt":{"rendered":"<p>Wof\u00fcr steht #estutnichtweh? Bei den Alpen\u00fcberquerungen, die sie als Wanderf\u00fchrerin f\u00fcr ihre eigene Bergschule f\u00fchrt, sammelte Renate Steinacher, die Gr\u00fcnderin und Pr\u00e4sidentin von #estutnichtweh schon immer den M\u00fcll ein, den andere achtlos liegengelassen hatten. Eines Tages fragte sie ein Gast: \u201cSag, warum hebst du eigentlich den ganzen M\u00fcll von den anderen auf?\u201d \u201cWeil es mir [&hellip;]<\/p>\n","protected":false},"author":535,"featured_media":164738,"comment_status":"closed","ping_status":"closed","sticky":false,"template":"","format":"standard","meta":{"_acf_changed":false,"wl_entities_gutenberg":"","_wl_entity_redirect_enabled":"","footnotes":""},"categories":[8],"tags":[2816],"wl_entity_type":[306],"monatsauswahl":[],"class_list":["post-164737","post","type-post","status-publish","format-standard","has-post-thumbnail","hentry","category-outdoor-sport","tag-nachhaltigkeit","wl_entity_type-article"],"acf":[],"yoast_head":"<!-- This site is optimized with the Yoast SEO Premium plugin v27.4 (Yoast SEO v27.4) - https:\/\/yoast.com\/product\/yoast-seo-premium-wordpress\/ -->\n<title>#estutnichtweh - SalzburgerLand Magazin<\/title>\n<meta name=\"description\" content=\"Der Verein #estutnichtweh k\u00fcmmert sich darum, die Berge sauberer zu machen und Bewusstsein daf\u00fcr zu schaffen, wie einfach es ist, einen Beitrag zu leisten.\" \/>\n<meta name=\"robots\" content=\"index, follow, max-snippet:-1, max-image-preview:large, max-video-preview:-1\" \/>\n<link rel=\"canonical\" href=\"https:\/\/www.salzburgerland.com\/de\/magazin\/estutnichtweh\/\" \/>\n<meta property=\"og:locale\" content=\"de_DE\" \/>\n<meta property=\"og:type\" content=\"article\" \/>\n<meta property=\"og:title\" content=\"#estutnichtweh\" \/>\n<meta property=\"og:description\" content=\"Der Verein #estutnichtweh k\u00fcmmert sich darum, die Berge sauberer zu machen und Bewusstsein daf\u00fcr zu schaffen, wie einfach es ist, einen Beitrag zu leisten.\" \/>\n<meta property=\"og:url\" content=\"https:\/\/www.salzburgerland.com\/de\/magazin\/estutnichtweh\/\" \/>\n<meta property=\"og:site_name\" content=\"SalzburgerLand Magazin\" \/>\n<meta property=\"article:publisher\" content=\"https:\/\/www.facebook.com\/salzburgerland\/\" \/>\n<meta property=\"article:published_time\" content=\"2022-08-31T06:00:00+00:00\" \/>\n<meta property=\"article:modified_time\" content=\"2022-09-23T09:48:47+00:00\" \/>\n<meta property=\"og:image\" content=\"https:\/\/www.salzburgerland.com\/de\/magazin\/wp-content\/uploads\/2022\/08\/Drecksackerl-Titelbild\u00a9estutnichtweh-Christoph-Werntgen-scaled.jpg\" \/>\n\t<meta property=\"og:image:width\" content=\"2560\" \/>\n\t<meta property=\"og:image:height\" content=\"1920\" \/>\n\t<meta property=\"og:image:type\" content=\"image\/jpeg\" \/>\n<meta name=\"author\" content=\"Andrea Conrad\" \/>\n<meta name=\"twitter:card\" content=\"summary_large_image\" \/>\n<meta name=\"twitter:creator\" content=\"@Salzburgerland\" \/>\n<meta name=\"twitter:site\" content=\"@Salzburgerland\" \/>\n<meta name=\"twitter:label1\" content=\"Verfasst von\" \/>\n\t<meta name=\"twitter:data1\" content=\"Andrea Conrad\" \/>\n\t<meta name=\"twitter:label2\" content=\"Gesch\u00e4tzte Lesezeit\" \/>\n\t<meta name=\"twitter:data2\" content=\"6\u00a0Minuten\" \/>\n<script type=\"application\/ld+json\" class=\"yoast-schema-graph\">{\"@context\":\"https:\\\/\\\/schema.org\",\"@graph\":[{\"@type\":\"Article\",\"@id\":\"https:\\\/\\\/www.salzburgerland.com\\\/de\\\/magazin\\\/estutnichtweh\\\/#article\",\"isPartOf\":{\"@id\":\"https:\\\/\\\/www.salzburgerland.com\\\/de\\\/magazin\\\/estutnichtweh\\\/\"},\"author\":{\"name\":\"Andrea Conrad\",\"@id\":\"https:\\\/\\\/www.salzburgerland.com\\\/de\\\/magazin\\\/#\\\/schema\\\/person\\\/c767f4347f744071f6184dcceaa12e1e\"},\"headline\":\"#estutnichtweh\",\"datePublished\":\"2022-08-31T06:00:00+00:00\",\"dateModified\":\"2022-09-23T09:48:47+00:00\",\"mainEntityOfPage\":{\"@id\":\"https:\\\/\\\/www.salzburgerland.com\\\/de\\\/magazin\\\/estutnichtweh\\\/\"},\"wordCount\":916,\"publisher\":{\"@id\":\"https:\\\/\\\/www.salzburgerland.com\\\/de\\\/magazin\\\/#organization\"},\"image\":{\"@id\":\"https:\\\/\\\/www.salzburgerland.com\\\/de\\\/magazin\\\/estutnichtweh\\\/#primaryimage\"},\"thumbnailUrl\":\"https:\\\/\\\/www.salzburgerland.com\\\/de\\\/magazin\\\/wp-content\\\/uploads\\\/2022\\\/08\\\/Drecksackerl-Titelbild\u00a9estutnichtweh-Christoph-Werntgen-scaled.jpg\",\"keywords\":[\"Nachhaltigkeit\"],\"articleSection\":[\"Outdoor &amp; Sport\"],\"inLanguage\":\"de\"},{\"@type\":\"WebPage\",\"@id\":\"https:\\\/\\\/www.salzburgerland.com\\\/de\\\/magazin\\\/estutnichtweh\\\/\",\"url\":\"https:\\\/\\\/www.salzburgerland.com\\\/de\\\/magazin\\\/estutnichtweh\\\/\",\"name\":\"#estutnichtweh - SalzburgerLand Magazin\",\"isPartOf\":{\"@id\":\"https:\\\/\\\/www.salzburgerland.com\\\/de\\\/magazin\\\/#website\"},\"primaryImageOfPage\":{\"@id\":\"https:\\\/\\\/www.salzburgerland.com\\\/de\\\/magazin\\\/estutnichtweh\\\/#primaryimage\"},\"image\":{\"@id\":\"https:\\\/\\\/www.salzburgerland.com\\\/de\\\/magazin\\\/estutnichtweh\\\/#primaryimage\"},\"thumbnailUrl\":\"https:\\\/\\\/www.salzburgerland.com\\\/de\\\/magazin\\\/wp-content\\\/uploads\\\/2022\\\/08\\\/Drecksackerl-Titelbild\u00a9estutnichtweh-Christoph-Werntgen-scaled.jpg\",\"datePublished\":\"2022-08-31T06:00:00+00:00\",\"dateModified\":\"2022-09-23T09:48:47+00:00\",\"description\":\"Der Verein #estutnichtweh k\u00fcmmert sich darum, die Berge sauberer zu machen und Bewusstsein daf\u00fcr zu schaffen, wie einfach es ist, einen Beitrag zu leisten.\",\"breadcrumb\":{\"@id\":\"https:\\\/\\\/www.salzburgerland.com\\\/de\\\/magazin\\\/estutnichtweh\\\/#breadcrumb\"},\"inLanguage\":\"de\",\"potentialAction\":[{\"@type\":\"ReadAction\",\"target\":[\"https:\\\/\\\/www.salzburgerland.com\\\/de\\\/magazin\\\/estutnichtweh\\\/\"]}]},{\"@type\":\"ImageObject\",\"inLanguage\":\"de\",\"@id\":\"https:\\\/\\\/www.salzburgerland.com\\\/de\\\/magazin\\\/estutnichtweh\\\/#primaryimage\",\"url\":\"https:\\\/\\\/www.salzburgerland.com\\\/de\\\/magazin\\\/wp-content\\\/uploads\\\/2022\\\/08\\\/Drecksackerl-Titelbild\u00a9estutnichtweh-Christoph-Werntgen-scaled.jpg\",\"contentUrl\":\"https:\\\/\\\/www.salzburgerland.com\\\/de\\\/magazin\\\/wp-content\\\/uploads\\\/2022\\\/08\\\/Drecksackerl-Titelbild\u00a9estutnichtweh-Christoph-Werntgen-scaled.jpg\",\"width\":2560,\"height\":1920,\"caption\":\"Drei l\u00e4chelnde Frauen halten im Freien bunte Taschen hoch, im Hintergrund sind Berge und blauer Himmel zu sehen.\"},{\"@type\":\"BreadcrumbList\",\"@id\":\"https:\\\/\\\/www.salzburgerland.com\\\/de\\\/magazin\\\/estutnichtweh\\\/#breadcrumb\",\"itemListElement\":[{\"@type\":\"ListItem\",\"position\":1,\"name\":\"Startseite\",\"item\":\"https:\\\/\\\/www.salzburgerland.com\\\/de\\\/magazin\\\/\"},{\"@type\":\"ListItem\",\"position\":2,\"name\":\"Outdoor &amp; Sport\",\"item\":\"https:\\\/\\\/www.salzburgerland.com\\\/de\\\/magazin\\\/thema\\\/outdoor-sport\\\/\"},{\"@type\":\"ListItem\",\"position\":3,\"name\":\"#estutnichtweh\"}]},{\"@type\":\"WebSite\",\"@id\":\"https:\\\/\\\/www.salzburgerland.com\\\/de\\\/magazin\\\/#website\",\"url\":\"https:\\\/\\\/www.salzburgerland.com\\\/de\\\/magazin\\\/\",\"name\":\"SalzburgerLand Magazin\",\"description\":\"Geschichten und Interessantes aus dem SalzburgerLand\",\"publisher\":{\"@id\":\"https:\\\/\\\/www.salzburgerland.com\\\/de\\\/magazin\\\/#organization\"},\"potentialAction\":[{\"@type\":\"SearchAction\",\"target\":{\"@type\":\"EntryPoint\",\"urlTemplate\":\"https:\\\/\\\/www.salzburgerland.com\\\/de\\\/magazin\\\/?s={search_term_string}\"},\"query-input\":{\"@type\":\"PropertyValueSpecification\",\"valueRequired\":true,\"valueName\":\"search_term_string\"}}],\"inLanguage\":\"de\"},{\"@type\":\"Organization\",\"@id\":\"https:\\\/\\\/www.salzburgerland.com\\\/de\\\/magazin\\\/#organization\",\"name\":\"SalzburgerLand Tourismus\",\"url\":\"https:\\\/\\\/www.salzburgerland.com\\\/de\\\/magazin\\\/\",\"logo\":{\"@type\":\"ImageObject\",\"inLanguage\":\"de\",\"@id\":\"https:\\\/\\\/www.salzburgerland.com\\\/de\\\/magazin\\\/#\\\/schema\\\/logo\\\/image\\\/\",\"url\":\"https:\\\/\\\/www.salzburgerland.com\\\/de\\\/magazin\\\/wp-content\\\/uploads\\\/2019\\\/06\\\/salzburgerland-logo1.jpg\",\"contentUrl\":\"https:\\\/\\\/www.salzburgerland.com\\\/de\\\/magazin\\\/wp-content\\\/uploads\\\/2019\\\/06\\\/salzburgerland-logo1.jpg\",\"width\":2011,\"height\":866,\"caption\":\"SalzburgerLand Tourismus\"},\"image\":{\"@id\":\"https:\\\/\\\/www.salzburgerland.com\\\/de\\\/magazin\\\/#\\\/schema\\\/logo\\\/image\\\/\"},\"sameAs\":[\"https:\\\/\\\/www.facebook.com\\\/salzburgerland\\\/\",\"https:\\\/\\\/x.com\\\/Salzburgerland\",\"https:\\\/\\\/www.instagram.com\\\/salzburgerland\\\/\",\"https:\\\/\\\/at.linkedin.com\\\/company\\\/salzburgerland-tourismus-gmbh\",\"https:\\\/\\\/www.pinterest.at\\\/salzburgerland\\\/\",\"https:\\\/\\\/www.youtube.com\\\/user\\\/salzburgerland\",\"https:\\\/\\\/de.wikipedia.org\\\/wiki\\\/SalzburgerLand_Tourismus_GmbH\"]},{\"@type\":\"Person\",\"@id\":\"https:\\\/\\\/www.salzburgerland.com\\\/de\\\/magazin\\\/#\\\/schema\\\/person\\\/c767f4347f744071f6184dcceaa12e1e\",\"name\":\"Andrea Conrad\",\"description\":\"Aufgewachsen in Anif, Salzburgs gr\u00fcnem S\u00fcden, und zur Schule gegangen in der sch\u00f6nen Keltenstadt Hallein zog es sie nach der Matura nach Wien. Nach der Ausbildung zur Diplomierten Tourismuskauffrau im Modul in Wien und einigen Jahren im Wiener Tourismus kehrte sie \u00fcber S\u00fcdtirol und Hinterglemm nach Salzburg zur\u00fcck. 2010 und 2012 bekam sie hier ihre beiden T\u00f6chter, mit denen sie wieder in Anif heimisch geworden ist. Seit einigen Jahren ist sie nun als bed\u00fcrfnis- und l\u00f6sungsorientierte, ganzheitliche Humanenergetikerin und Systemische Coachin in eigener Praxis in Anif t\u00e4tig. Derzeit befindet sie sich in Ausbildung zur Lebens- und Sozialberaterin. Ehrenamtlich engagiert sie sich f\u00fcr den Verein #estutnichtweh, der sich unter dem Motto \\\"Mit uns wandert der M\u00fcll vom Berg ins Tal\\\" um die S\u00e4uberung der Bergwelt k\u00fcmmert. Wie hat da auch noch das Schreiben Platz? Geschichten zu schreiben ist ihr kreatives Ventil; eher unbeachtete, regionale Nischenthemen zu entdecken und bekannt zu machen, ihre gro\u00dfe Leidenschaft. Hobbies? Ihre freie Zeit verbringt sie am liebsten mit ihren Kindern und ihren Ausbildungen. Die Phantasie l\u00e4sst sie durch B\u00fccher reisen, Erdung holt sie sich in ihrem Blumen- und Gem\u00fcsegarten und beim Wandern und M\u00fcllsammeln in den Bergen des SalzburgerLandes. Fr\u00fchling, Sommer, Herbst oder Winter? Alle! Sommer wie Winter in die Berge - im Sommer wandern, im Winter Schifahren. Im Fr\u00fchling liebe ich es, mit meinen T\u00f6chtern Blumen zu pfl\u00fccken, im Herbst Bl\u00e4tter und Kastanien zu sammeln. Im Sommer k\u00f6nnte ich tagesf\u00fcllend durch die Salzburger und die Halleiner Altstadt flanieren, im Winter die Christkindlm\u00e4rkte im ganzen SalzburgerLand genie\u00dfen. Es ist einfach immer sch\u00f6n bei uns! Morgen- oder Abendmensch? Irgendwie beides! Zeitig raus aus den Federn und den Vormittag f\u00fcr die Schreiberei nutzen und mit meinen Kund*innen genie\u00dfen. Nachmittags sind meine Kids dran und wenn Abends noch Energie \u00fcbrig ist, darf es gerne eine gem\u00fctliche Runde mit Freunden und guten Gespr\u00e4chen sein. Buch oder Film? Ich habe schon immer gern gelesen. Seit ich mich auch intensiv dem Schreiben widme, brauche ich fast \u00fcberhaupt keine Filme mehr zum Zeitvertreib. Kr\u00e4utertee oder Zirbenschnaps? Ich liebe die frischen Kr\u00e4utertees der zahlreichen Kr\u00e4uterfeen, die in und um Salzburg das alte Wissen um Heilkr\u00e4uter, Wald- und Wiesensch\u00e4tze bewahren und weitergeben. Zirbenschnaps mag ich aber auch ;-) Dirndl oder Abendrobe? Dirndl und Lederhose! Immer fesch, immer gem\u00fctlich und immer passend! Ich freue mich unglaublich, dass beides in den letzten Jahren wieder Einzug in den Salzburger Alltag gehalten hat. Dein pers\u00f6nlicher Logenplatz im SalzburgerLand? Ich sch\u00e4tze meine Heimatgemeinde Anif sehr. Von hier aus ist man in wenigen Minuten in Salzburg oder Hallein und direkt im Gr\u00fcnen. Mein pers\u00f6nlicher Kraftplatz liegt im Lungau am Fanningberg, wo ich mit Vorliebe Energie tanke.\",\"url\":\"https:\\\/\\\/www.salzburgerland.com\\\/de\\\/magazin\\\/author\\\/andrea-conrad\\\/\"}]}<\/script>\n<!-- \/ Yoast SEO Premium plugin. -->","yoast_head_json":{"title":"#estutnichtweh - SalzburgerLand Magazin","description":"Der Verein #estutnichtweh k\u00fcmmert sich darum, die Berge sauberer zu machen und Bewusstsein daf\u00fcr zu schaffen, wie einfach es ist, einen Beitrag zu leisten.","robots":{"index":"index","follow":"follow","max-snippet":"max-snippet:-1","max-image-preview":"max-image-preview:large","max-video-preview":"max-video-preview:-1"},"canonical":"https:\/\/www.salzburgerland.com\/de\/magazin\/estutnichtweh\/","og_locale":"de_DE","og_type":"article","og_title":"#estutnichtweh","og_description":"Der Verein #estutnichtweh k\u00fcmmert sich darum, die Berge sauberer zu machen und Bewusstsein daf\u00fcr zu schaffen, wie einfach es ist, einen Beitrag zu leisten.","og_url":"https:\/\/www.salzburgerland.com\/de\/magazin\/estutnichtweh\/","og_site_name":"SalzburgerLand Magazin","article_publisher":"https:\/\/www.facebook.com\/salzburgerland\/","article_published_time":"2022-08-31T06:00:00+00:00","article_modified_time":"2022-09-23T09:48:47+00:00","og_image":[{"width":2560,"height":1920,"url":"https:\/\/www.salzburgerland.com\/de\/magazin\/wp-content\/uploads\/2022\/08\/Drecksackerl-Titelbild\u00a9estutnichtweh-Christoph-Werntgen-scaled.jpg","type":"image\/jpeg"}],"author":"Andrea Conrad","twitter_card":"summary_large_image","twitter_creator":"@Salzburgerland","twitter_site":"@Salzburgerland","twitter_misc":{"Verfasst von":"Andrea Conrad","Gesch\u00e4tzte Lesezeit":"6\u00a0Minuten"},"schema":{"@context":"https:\/\/schema.org","@graph":[{"@type":"Article","@id":"https:\/\/www.salzburgerland.com\/de\/magazin\/estutnichtweh\/#article","isPartOf":{"@id":"https:\/\/www.salzburgerland.com\/de\/magazin\/estutnichtweh\/"},"author":{"name":"Andrea Conrad","@id":"https:\/\/www.salzburgerland.com\/de\/magazin\/#\/schema\/person\/c767f4347f744071f6184dcceaa12e1e"},"headline":"#estutnichtweh","datePublished":"2022-08-31T06:00:00+00:00","dateModified":"2022-09-23T09:48:47+00:00","mainEntityOfPage":{"@id":"https:\/\/www.salzburgerland.com\/de\/magazin\/estutnichtweh\/"},"wordCount":916,"publisher":{"@id":"https:\/\/www.salzburgerland.com\/de\/magazin\/#organization"},"image":{"@id":"https:\/\/www.salzburgerland.com\/de\/magazin\/estutnichtweh\/#primaryimage"},"thumbnailUrl":"https:\/\/www.salzburgerland.com\/de\/magazin\/wp-content\/uploads\/2022\/08\/Drecksackerl-Titelbild\u00a9estutnichtweh-Christoph-Werntgen-scaled.jpg","keywords":["Nachhaltigkeit"],"articleSection":["Outdoor &amp; Sport"],"inLanguage":"de"},{"@type":"WebPage","@id":"https:\/\/www.salzburgerland.com\/de\/magazin\/estutnichtweh\/","url":"https:\/\/www.salzburgerland.com\/de\/magazin\/estutnichtweh\/","name":"#estutnichtweh - SalzburgerLand Magazin","isPartOf":{"@id":"https:\/\/www.salzburgerland.com\/de\/magazin\/#website"},"primaryImageOfPage":{"@id":"https:\/\/www.salzburgerland.com\/de\/magazin\/estutnichtweh\/#primaryimage"},"image":{"@id":"https:\/\/www.salzburgerland.com\/de\/magazin\/estutnichtweh\/#primaryimage"},"thumbnailUrl":"https:\/\/www.salzburgerland.com\/de\/magazin\/wp-content\/uploads\/2022\/08\/Drecksackerl-Titelbild\u00a9estutnichtweh-Christoph-Werntgen-scaled.jpg","datePublished":"2022-08-31T06:00:00+00:00","dateModified":"2022-09-23T09:48:47+00:00","description":"Der Verein #estutnichtweh k\u00fcmmert sich darum, die Berge sauberer zu machen und Bewusstsein daf\u00fcr zu schaffen, wie einfach es ist, einen Beitrag zu leisten.","breadcrumb":{"@id":"https:\/\/www.salzburgerland.com\/de\/magazin\/estutnichtweh\/#breadcrumb"},"inLanguage":"de","potentialAction":[{"@type":"ReadAction","target":["https:\/\/www.salzburgerland.com\/de\/magazin\/estutnichtweh\/"]}]},{"@type":"ImageObject","inLanguage":"de","@id":"https:\/\/www.salzburgerland.com\/de\/magazin\/estutnichtweh\/#primaryimage","url":"https:\/\/www.salzburgerland.com\/de\/magazin\/wp-content\/uploads\/2022\/08\/Drecksackerl-Titelbild\u00a9estutnichtweh-Christoph-Werntgen-scaled.jpg","contentUrl":"https:\/\/www.salzburgerland.com\/de\/magazin\/wp-content\/uploads\/2022\/08\/Drecksackerl-Titelbild\u00a9estutnichtweh-Christoph-Werntgen-scaled.jpg","width":2560,"height":1920,"caption":"Drei l\u00e4chelnde Frauen halten im Freien bunte Taschen hoch, im Hintergrund sind Berge und blauer Himmel zu sehen."},{"@type":"BreadcrumbList","@id":"https:\/\/www.salzburgerland.com\/de\/magazin\/estutnichtweh\/#breadcrumb","itemListElement":[{"@type":"ListItem","position":1,"name":"Startseite","item":"https:\/\/www.salzburgerland.com\/de\/magazin\/"},{"@type":"ListItem","position":2,"name":"Outdoor &amp; Sport","item":"https:\/\/www.salzburgerland.com\/de\/magazin\/thema\/outdoor-sport\/"},{"@type":"ListItem","position":3,"name":"#estutnichtweh"}]},{"@type":"WebSite","@id":"https:\/\/www.salzburgerland.com\/de\/magazin\/#website","url":"https:\/\/www.salzburgerland.com\/de\/magazin\/","name":"SalzburgerLand Magazin","description":"Geschichten und Interessantes aus dem SalzburgerLand","publisher":{"@id":"https:\/\/www.salzburgerland.com\/de\/magazin\/#organization"},"potentialAction":[{"@type":"SearchAction","target":{"@type":"EntryPoint","urlTemplate":"https:\/\/www.salzburgerland.com\/de\/magazin\/?s={search_term_string}"},"query-input":{"@type":"PropertyValueSpecification","valueRequired":true,"valueName":"search_term_string"}}],"inLanguage":"de"},{"@type":"Organization","@id":"https:\/\/www.salzburgerland.com\/de\/magazin\/#organization","name":"SalzburgerLand Tourismus","url":"https:\/\/www.salzburgerland.com\/de\/magazin\/","logo":{"@type":"ImageObject","inLanguage":"de","@id":"https:\/\/www.salzburgerland.com\/de\/magazin\/#\/schema\/logo\/image\/","url":"https:\/\/www.salzburgerland.com\/de\/magazin\/wp-content\/uploads\/2019\/06\/salzburgerland-logo1.jpg","contentUrl":"https:\/\/www.salzburgerland.com\/de\/magazin\/wp-content\/uploads\/2019\/06\/salzburgerland-logo1.jpg","width":2011,"height":866,"caption":"SalzburgerLand Tourismus"},"image":{"@id":"https:\/\/www.salzburgerland.com\/de\/magazin\/#\/schema\/logo\/image\/"},"sameAs":["https:\/\/www.facebook.com\/salzburgerland\/","https:\/\/x.com\/Salzburgerland","https:\/\/www.instagram.com\/salzburgerland\/","https:\/\/at.linkedin.com\/company\/salzburgerland-tourismus-gmbh","https:\/\/www.pinterest.at\/salzburgerland\/","https:\/\/www.youtube.com\/user\/salzburgerland","https:\/\/de.wikipedia.org\/wiki\/SalzburgerLand_Tourismus_GmbH"]},{"@type":"Person","@id":"https:\/\/www.salzburgerland.com\/de\/magazin\/#\/schema\/person\/c767f4347f744071f6184dcceaa12e1e","name":"Andrea Conrad","description":"Aufgewachsen in Anif, Salzburgs gr\u00fcnem S\u00fcden, und zur Schule gegangen in der sch\u00f6nen Keltenstadt Hallein zog es sie nach der Matura nach Wien. Nach der Ausbildung zur Diplomierten Tourismuskauffrau im Modul in Wien und einigen Jahren im Wiener Tourismus kehrte sie \u00fcber S\u00fcdtirol und Hinterglemm nach Salzburg zur\u00fcck. 2010 und 2012 bekam sie hier ihre beiden T\u00f6chter, mit denen sie wieder in Anif heimisch geworden ist. Seit einigen Jahren ist sie nun als bed\u00fcrfnis- und l\u00f6sungsorientierte, ganzheitliche Humanenergetikerin und Systemische Coachin in eigener Praxis in Anif t\u00e4tig. Derzeit befindet sie sich in Ausbildung zur Lebens- und Sozialberaterin. Ehrenamtlich engagiert sie sich f\u00fcr den Verein #estutnichtweh, der sich unter dem Motto \"Mit uns wandert der M\u00fcll vom Berg ins Tal\" um die S\u00e4uberung der Bergwelt k\u00fcmmert. Wie hat da auch noch das Schreiben Platz? Geschichten zu schreiben ist ihr kreatives Ventil; eher unbeachtete, regionale Nischenthemen zu entdecken und bekannt zu machen, ihre gro\u00dfe Leidenschaft. Hobbies? Ihre freie Zeit verbringt sie am liebsten mit ihren Kindern und ihren Ausbildungen. Die Phantasie l\u00e4sst sie durch B\u00fccher reisen, Erdung holt sie sich in ihrem Blumen- und Gem\u00fcsegarten und beim Wandern und M\u00fcllsammeln in den Bergen des SalzburgerLandes. Fr\u00fchling, Sommer, Herbst oder Winter? Alle! Sommer wie Winter in die Berge - im Sommer wandern, im Winter Schifahren. Im Fr\u00fchling liebe ich es, mit meinen T\u00f6chtern Blumen zu pfl\u00fccken, im Herbst Bl\u00e4tter und Kastanien zu sammeln. Im Sommer k\u00f6nnte ich tagesf\u00fcllend durch die Salzburger und die Halleiner Altstadt flanieren, im Winter die Christkindlm\u00e4rkte im ganzen SalzburgerLand genie\u00dfen. Es ist einfach immer sch\u00f6n bei uns! Morgen- oder Abendmensch? Irgendwie beides! Zeitig raus aus den Federn und den Vormittag f\u00fcr die Schreiberei nutzen und mit meinen Kund*innen genie\u00dfen. Nachmittags sind meine Kids dran und wenn Abends noch Energie \u00fcbrig ist, darf es gerne eine gem\u00fctliche Runde mit Freunden und guten Gespr\u00e4chen sein. Buch oder Film? Ich habe schon immer gern gelesen. Seit ich mich auch intensiv dem Schreiben widme, brauche ich fast \u00fcberhaupt keine Filme mehr zum Zeitvertreib. Kr\u00e4utertee oder Zirbenschnaps? Ich liebe die frischen Kr\u00e4utertees der zahlreichen Kr\u00e4uterfeen, die in und um Salzburg das alte Wissen um Heilkr\u00e4uter, Wald- und Wiesensch\u00e4tze bewahren und weitergeben. Zirbenschnaps mag ich aber auch ;-) Dirndl oder Abendrobe? Dirndl und Lederhose! Immer fesch, immer gem\u00fctlich und immer passend! Ich freue mich unglaublich, dass beides in den letzten Jahren wieder Einzug in den Salzburger Alltag gehalten hat. Dein pers\u00f6nlicher Logenplatz im SalzburgerLand? Ich sch\u00e4tze meine Heimatgemeinde Anif sehr. Von hier aus ist man in wenigen Minuten in Salzburg oder Hallein und direkt im Gr\u00fcnen. Mein pers\u00f6nlicher Kraftplatz liegt im Lungau am Fanningberg, wo ich mit Vorliebe Energie tanke.","url":"https:\/\/www.salzburgerland.com\/de\/magazin\/author\/andrea-conrad\/"}]}},"_wl_alt_label":[],"wl:entity_url":"http:\/\/open.salzburgerland.com\/magazin\/post\/estutnichtweh-164737","_links":{"self":[{"href":"https:\/\/www.salzburgerland.com\/de\/magazin\/wp-json\/wp\/v2\/posts\/164737","targetHints":{"allow":["GET"]}}],"collection":[{"href":"https:\/\/www.salzburgerland.com\/de\/magazin\/wp-json\/wp\/v2\/posts"}],"about":[{"href":"https:\/\/www.salzburgerland.com\/de\/magazin\/wp-json\/wp\/v2\/types\/post"}],"author":[{"embeddable":true,"href":"https:\/\/www.salzburgerland.com\/de\/magazin\/wp-json\/wp\/v2\/users\/535"}],"replies":[{"embeddable":true,"href":"https:\/\/www.salzburgerland.com\/de\/magazin\/wp-json\/wp\/v2\/comments?post=164737"}],"version-history":[{"count":5,"href":"https:\/\/www.salzburgerland.com\/de\/magazin\/wp-json\/wp\/v2\/posts\/164737\/revisions"}],"predecessor-version":[{"id":165114,"href":"https:\/\/www.salzburgerland.com\/de\/magazin\/wp-json\/wp\/v2\/posts\/164737\/revisions\/165114"}],"wp:featuredmedia":[{"embeddable":true,"href":"https:\/\/www.salzburgerland.com\/de\/magazin\/wp-json\/wp\/v2\/media\/164738"}],"wp:attachment":[{"href":"https:\/\/www.salzburgerland.com\/de\/magazin\/wp-json\/wp\/v2\/media?parent=164737"}],"wp:term":[{"taxonomy":"category","embeddable":true,"href":"https:\/\/www.salzburgerland.com\/de\/magazin\/wp-json\/wp\/v2\/categories?post=164737"},{"taxonomy":"post_tag","embeddable":true,"href":"https:\/\/www.salzburgerland.com\/de\/magazin\/wp-json\/wp\/v2\/tags?post=164737"},{"taxonomy":"wl_entity_type","embeddable":true,"href":"https:\/\/www.salzburgerland.com\/de\/magazin\/wp-json\/wp\/v2\/wl_entity_type?post=164737"},{"taxonomy":"monatsauswahl","embeddable":true,"href":"https:\/\/www.salzburgerland.com\/de\/magazin\/wp-json\/wp\/v2\/monatsauswahl?post=164737"}],"curies":[{"name":"wp","href":"https:\/\/api.w.org\/{rel}","templated":true}]}}