{"id":164536,"date":"2022-08-24T08:00:00","date_gmt":"2022-08-24T06:00:00","guid":{"rendered":"https:\/\/www.salzburgerland.com\/de\/magazin\/?p=164536"},"modified":"2024-04-11T07:11:53","modified_gmt":"2024-04-11T05:11:53","slug":"eine-zukunft-des-reisens","status":"publish","type":"post","link":"https:\/\/www.salzburgerland.com\/de\/magazin\/eine-zukunft-des-reisens\/","title":{"rendered":"Eine Zukunft des Reisens"},"content":{"rendered":"\n<div class=\"wp-block-slt-top topBlocks\">\n<h2 class=\"wp-block-slt-subtitle\">Maria Kapeller \u00fcber ihr Buch, nachhaltiges Reisen und den Reiz der Langsamkeit<\/h2>\n\n\n\n<p class=\"wp-block-slt-intro\">Journalistin, Texterin, Bloggerin, Weltenbummlerin und Autorin. Maria Kapeller ist leidenschaftlich gerne unterwegs und berichtet noch lieber dar\u00fcber. Und obwohl die Salzburgerin selbst regelm\u00e4\u00dfig reist, hat sie in ihrem neuen Buch &#8218;Lovely Planet&#8216; einen kritischen Blick auf das &#8218;Unterwegs-sein&#8216; geworfen. Wir haben uns mit ihr getroffen und \u00fcber die Widerspr\u00fcchlichkeiten im Reisen, ganzheitliche und neue Perspektiven und ihre Lieblingspl\u00e4tze im SalzburgerLand gesprochen. Ein Interview, das an manchen Stellen weh tut, aber auch viel Positives enth\u00e4lt. <\/p>\n<\/div>\n\n\n\n<h3 class=\"wp-block-heading\" id=\"h-frau-kapeller-sie-sprechen-in-ihrem-buch-vom-nachhaltigen-reisen-ist-diese-kombination-nicht-an-sich-schon-ein-widerspruch-in-sich\">Frau Kapeller, Sie sprechen in ihrem Buch vom nachhaltigen Reisen. Ist diese Kombination nicht an sich schon ein Widerspruch in sich?<\/h3>\n\n\n\n<p>Da haben Sie recht. Nachhaltigkeit hei\u00dft ja urspr\u00fcnglich, sich nur so viel von einer Sache zu nehmen, wie wieder nachkommt. Das machen wir ja beim Reisen definitiv nicht. Wir blasen Emissionen in die Luft, wir verschwenden Wasser, wir konsumieren Kulturen. Nachhaltigkeit ist ohnehin ein \u00fcberstrapaziertes Wort, das wir meistens nicht korrekt benutzen. Deshalb verwende ich in puncto Reisen mittlerweile lieber den Begriff \u201evertr\u00e4glicher\u201c. Die vertr\u00e4glichste Reise w\u00e4re es tats\u00e4chlich, daheim zu bleiben und eine Runde durch den Wald zu spazieren.&nbsp;<\/p>\n\n\n\n<h3 class=\"wp-block-heading\" id=\"h-wie-wurden-sie-sich-denn-selbst-kurz-und-knackig-beschreiben\">Wie w\u00fcrden Sie sich denn selbst kurz und knackig beschreiben?<\/h3>\n\n\n\n<p>Ich w\u00fcrde sagen, ich bin jemand, der das Leben an sich als Reise betrachtet. Und diese Reise ist spannender als jede Sehensw\u00fcrdigkeit, wenn man sich darauf einl\u00e4sst.<\/p>\n\n\n\n<h3 class=\"wp-block-heading\" id=\"h-sie-nennen-sich-auf-ihrem-blog-eine-leidenschaftliche-langsamreisende-wie-sieht-denn-eine-reise-bei-ihnen-aus\">Sie nennen sich auf Ihrem Blog eine \u201aleidenschaftliche Langsamreisende\u2018. Wie sieht denn eine Reise bei Ihnen aus?<\/h3>\n\n\n\n<p>Von au\u00dfen betrachtet vermutlich sehr unspektakul\u00e4r. Ich kenne weder die hippsten Orte noch die g\u00fcnstigsten Flugverbindungen. Langsam zu reisen hei\u00dft f\u00fcr mich, mich gem\u00e4chlich fortzubewegen und mir ausreichend Zeit zu nehmen. Das kann man im Zeitfenster eines Tages genauso machen wie in einem Zeitrahmen von mehreren Wochen oder Monaten. Das Reiseziel und die Art des Reisens passe ich an die Menge an Zeit an, die ich daf\u00fcr habe. Am liebsten lege ich die Uhr ab und schalte das Handy aus, wenn das m\u00f6glich ist. F\u00fcr mich hei\u00dft Langsamreisen genauso, mit dem Postbus an den Fuschlsee zu fahren wie mit Zug und Bus durch Europa oder dar\u00fcber hinaus. Ich takte wenig durch, freue mich mal am Alleinsein, mal an Begegnungen, mal \u00fcber ein sauberes Bett nach einer Tageswanderung oder \u00fcber ein frisch gekochtes Essen.<\/p>\n\n\n\n<figure class=\"wp-block-image size-full\"><img loading=\"lazy\" decoding=\"async\" width=\"2500\" height=\"1667\" src=\"https:\/\/www.salzburgerland.com\/de\/magazin\/wp-content\/uploads\/2022\/08\/Maria-Kapeller-6_Credit-Jasmin-Walter_original.jpg\" alt=\"Maria Kapeller, in grauem Pullover und Jeans, steht barfu\u00df an einem felsigen Flussufer und l\u00e4chelt zwischen den B\u00e4umen.\" class=\"wp-image-164539\" srcset=\"https:\/\/www.salzburgerland.com\/de\/magazin\/wp-content\/uploads\/2022\/08\/Maria-Kapeller-6_Credit-Jasmin-Walter_original.jpg 2500w, https:\/\/www.salzburgerland.com\/de\/magazin\/wp-content\/uploads\/2022\/08\/Maria-Kapeller-6_Credit-Jasmin-Walter_original-300x200.jpg 300w, https:\/\/www.salzburgerland.com\/de\/magazin\/wp-content\/uploads\/2022\/08\/Maria-Kapeller-6_Credit-Jasmin-Walter_original-1536x1024.jpg 1536w, https:\/\/www.salzburgerland.com\/de\/magazin\/wp-content\/uploads\/2022\/08\/Maria-Kapeller-6_Credit-Jasmin-Walter_original-2048x1366.jpg 2048w, https:\/\/www.salzburgerland.com\/de\/magazin\/wp-content\/uploads\/2022\/08\/Maria-Kapeller-6_Credit-Jasmin-Walter_original-825x550.jpg 825w, https:\/\/www.salzburgerland.com\/de\/magazin\/wp-content\/uploads\/2022\/08\/Maria-Kapeller-6_Credit-Jasmin-Walter_original-600x400.jpg 600w, https:\/\/www.salzburgerland.com\/de\/magazin\/wp-content\/uploads\/2022\/08\/Maria-Kapeller-6_Credit-Jasmin-Walter_original-1320x880.jpg 1320w, https:\/\/www.salzburgerland.com\/de\/magazin\/wp-content\/uploads\/2022\/08\/Maria-Kapeller-6_Credit-Jasmin-Walter_original-150x100.jpg 150w\" sizes=\"auto, (max-width: 2500px) 100vw, 2500px\" \/><\/figure>\n\n\n\n<h3 class=\"wp-block-heading\" id=\"h-ihr-buch-versucht-ganzheitliche-und-neue-perspektiven-auf-das-alte-sehnsuchtsthema-reisen-einzunehmen-warum-reisen-wir-menschen-denn-so-gerne-nbsp\">Ihr Buch versucht, ganzheitliche und neue Perspektiven auf das alte Sehnsuchtsthema Reisen einzunehmen. Warum reisen wir Menschen denn so gerne?&nbsp;<\/h3>\n\n\n\n<p>Es hei\u00dft, dass das Reisen dem Menschen inne ist. Tats\u00e4chlich waren wir fr\u00fcher Nomaden, bis wir vor rund 10.000 Jahren sesshaft wurden. Gereist sind wir trotzdem weiterhin, etwa um zu pilgern oder zu handeln. Heute reisen wir unter anderem, um dem Alltag zu entkommen und uns zu erholen. Das Reisen l\u00e4sst uns Abstand zu den allt\u00e4glichen Aufgaben und Belastungen einnehmen. Wir erhalten andere Sinneseindr\u00fccke, was inspirierend sein kann. Reisen hat aber auch viel mit Flucht, der Suche nach Gl\u00fcck im Au\u00dfen und mit Status zu tun. Heute sind wir au\u00dferdem nicht mehr zu Fu\u00df oder in der Pferdekutsche unterwegs, sondern oft sehr umweltsch\u00e4dlich, etwa mit dem Flugzeug.&nbsp;<\/p>\n\n\n\n<h3 class=\"wp-block-heading\" id=\"h-was-macht-das-unterwegs-sein-mit-uns-und-vor-allem-wofur-machen-wir-es\">Was macht das Unterwegs-sein mit uns? Und vor allem: wof\u00fcr machen wir es?<\/h3>\n\n\n\n<p>Angesichts der multiplen Krisen auf der Welt m\u00fcssen wir uns tats\u00e4chlich fragen: Warum reisen wir \u00fcberhaupt noch? Ich denke, die Antwort liegt in einer auf Kapitalismus und Funktionieren-M\u00fcssen aufgebauten Gesellschaft. Das Reisen ist symbolisch der letzte Leuchtturm einer Freiheit, die wir innerlich herbeisehnen. Beim Reisen sind wir aufmerksamer, offener und aufnahmef\u00e4higer. Wir f\u00fchlen uns besser als daheim. Das liegt aber nicht an der Reise per se. Sondern daran, dass wir den Alltag loslassen und Hirn und Herz sich trauen, ein bisschen freier zu werden.&nbsp;<\/p>\n\n\n\n<h3 class=\"wp-block-heading\" id=\"h-sie-sprechen-von-einer-sinnstiftenden-art-des-reisens-die-wir-erreichen-sollen-wie-sieht-diese-denn-aus-bzw-gibt-es-eine-art-des-reisens-die-fur-alle-beteiligten-parteien-also-auch-die-umwelt-die-menschen-die-am-ziel-der-reise-leben-sinn-macht\">Sie sprechen von einer sinnstiftenden Art des Reisens, die wir erreichen sollen. Wie sieht diese denn aus, bzw. gibt es eine Art des Reisens, die f\u00fcr alle beteiligten Parteien, also auch die Umwelt, die Menschen, die am Ziel der Reise leben&#8230; Sinn macht?<\/h3>\n\n\n\n<p>Gl\u00fcck k\u00f6nnen wir beim Reisen schnell mal finden. Gl\u00fcck ist aber nicht gleich Sinn. Bei der Recherche f\u00fcr mein Buch hat mir eine Sinnforscherin erkl\u00e4rt, dass Sinn immer im Kontext zu betrachten ist. Wenn wir also sinnstiftend reisen m\u00f6chten, m\u00fcssen wir auch mitbedenken, was unsere Reiselust und unsere Gl\u00fcckssucht f\u00fcr die Umwelt und f\u00fcr andere Menschen bedeuten und welche Werte wir als Gesellschaft und als Einzelpersonen haben. Reisen und Tourismus sind in ein generell sehr unfaires Weltsystem eingebettet und da schwer herauszunehmen. Das Reisen wird dann vertr\u00e4glicher und sinnstiftender, wenn die gesellschaftlichen Rahmenbedingungen ausgeglichener werden. Das hei\u00dft, wenn die soziale Ungleichheit reduziert wird und die Klimawende mit gr\u00fcner Mobilit\u00e4t etc. gelingt. Ob wir k\u00fcnftig sinnstiftend reisen, h\u00e4ngt demnach aus meiner Sicht vor allem von einem generellen Wandel unserer inneren Haltung und einer Systemtransformation ab. Aber nat\u00fcrlich k\u00f6nnen wir unabh\u00e4ngig davon versuchen, unter den aktuellen Gegebenheiten auf individueller Ebene sinnstiftend zu reisen. N\u00e4mlich so, dass wir uns bei jeder Reise aufgrund der eigenen Werte \u00fcberlegen: Wie m\u00f6chte ich unterwegs sein, damit nicht nur ich sch\u00f6ne Erlebnisse habe, sondern auch die Umwelt und die Menschen vor Ort profitieren oder zumindest nicht zu Schaden kommen?&nbsp;<\/p>\n\n\n\n<h3 class=\"wp-block-heading\" id=\"h-wofur-haben-sie-dieses-buch-geschrieben-nbsp\">Wof\u00fcr haben Sie dieses Buch geschrieben?&nbsp;<\/h3>\n\n\n\n<p>Ich wollte eine Gegenwelt aufzeigen zur g\u00e4ngigen Reiseliteratur \u00e0 la Sehnsuchtsorte und Weltreise-Guides. Mir ist es wichtig aufzuzeigen: Reisen ist ein extremes Privileg und purer Luxus. Wir Reisenden tragen deshalb eine immense Verantwortung. Bisher schauen wir aber lieber meistens weg und zerst\u00f6ren den Planeten mit unserer Art des Reisens. Gerade wir Reisenden, die wir uns so gern als weltoffen und neugierig betrachten, sollten aber reflektieren und gemeinsam \u00fcberlegen, wie eine andere Art des Reisens aussehen k\u00f6nnte.<\/p>\n\n\n\n<h3 class=\"wp-block-heading\" id=\"h-haben-wir-aktuell-verlernt-zu-reisen-indem-wir-nur-mehr-in-den-urlaub-fahren-nbsp\">Haben wir aktuell verlernt zu reisen, indem wir nur mehr in den Urlaub fahren?&nbsp;<\/h3>\n\n\n\n<p>Dazu muss man sagen: Wir Menschen brauchen Erholung, um im Alltag \u00fcberhaupt funktionieren zu k\u00f6nnen. Eine M\u00f6glichkeit daf\u00fcr ist, in den Urlaub zu fahren. Wie weit weg wir dabei von daheim sind, ist aber nebens\u00e4chlich. Es geht um das Entbunden-Sein von den Pflichten und Herausforderungen des Alltags. Urlaub per se ist also nichts Schlechtes. Reisen hat den Ruf, abenteuerlicher, intellektueller und \u201eauthentischer\u201c als Urlaub zu sein. Im Prinzip ist heute jedoch beides eine jeweils andere Art von Konsum, \u00fcber den wir uns je nach Zugeh\u00f6rigkeitsgef\u00fchl zu einer Gruppe definieren. Aber ja, das Reisen im Sinne von sich unvoreingenommen auf einen Ort einzulassen oder aus der eigenen Komfortzone zu treten ist in den Hintergrund ger\u00fcckt, weil uns das Unterwegssein sehr einfach gemacht wird.<\/p>\n\n\n\n<figure class=\"wp-block-image size-full\"><img loading=\"lazy\" decoding=\"async\" width=\"2500\" height=\"1667\" src=\"https:\/\/www.salzburgerland.com\/de\/magazin\/wp-content\/uploads\/2022\/08\/Maria-Kapeller-7_Credit-Jasmin-Walter_original.jpg\" alt=\"Maria Kapeller steht barfu\u00df an einem felsigen Flussufer, die Arme verschr\u00e4nkt, mit B\u00e4umen und flie\u00dfendem Wasser im R\u00fccken.\" class=\"wp-image-164537\" srcset=\"https:\/\/www.salzburgerland.com\/de\/magazin\/wp-content\/uploads\/2022\/08\/Maria-Kapeller-7_Credit-Jasmin-Walter_original.jpg 2500w, https:\/\/www.salzburgerland.com\/de\/magazin\/wp-content\/uploads\/2022\/08\/Maria-Kapeller-7_Credit-Jasmin-Walter_original-300x200.jpg 300w, https:\/\/www.salzburgerland.com\/de\/magazin\/wp-content\/uploads\/2022\/08\/Maria-Kapeller-7_Credit-Jasmin-Walter_original-1536x1024.jpg 1536w, https:\/\/www.salzburgerland.com\/de\/magazin\/wp-content\/uploads\/2022\/08\/Maria-Kapeller-7_Credit-Jasmin-Walter_original-2048x1366.jpg 2048w, https:\/\/www.salzburgerland.com\/de\/magazin\/wp-content\/uploads\/2022\/08\/Maria-Kapeller-7_Credit-Jasmin-Walter_original-825x550.jpg 825w, https:\/\/www.salzburgerland.com\/de\/magazin\/wp-content\/uploads\/2022\/08\/Maria-Kapeller-7_Credit-Jasmin-Walter_original-600x400.jpg 600w, https:\/\/www.salzburgerland.com\/de\/magazin\/wp-content\/uploads\/2022\/08\/Maria-Kapeller-7_Credit-Jasmin-Walter_original-1320x880.jpg 1320w, https:\/\/www.salzburgerland.com\/de\/magazin\/wp-content\/uploads\/2022\/08\/Maria-Kapeller-7_Credit-Jasmin-Walter_original-150x100.jpg 150w\" sizes=\"auto, (max-width: 2500px) 100vw, 2500px\" \/><\/figure>\n\n\n\n<h3 class=\"wp-block-heading\" id=\"h-welchen-ort-mochten-sie-unbedingt-einmal-besuchen\">Welchen Ort m\u00f6chten Sie unbedingt einmal besuchen?<\/h3>\n\n\n\n<p>Ich bin davon abgegangen, in diesen Kategorien zu denken. Ich habe nie verstanden, warum Menschen eine&nbsp;<em>bucket list<\/em>&nbsp;haben, die sie abarbeiten. Aber nat\u00fcrlich gibt es Orte, die ich gern mal sehen wollte. Japan etwa. Das hat aber damals wegen des Tsunamis nicht geklappt. Und es gibt Orte, mit denen ich mich verbunden f\u00fchle, etwa Irland und Schottland. Was mich geistig entspannen l\u00e4sst ist der Gedanke an eine Holzh\u00fctte in einem verschneiten Wald, ausgestattet mit B\u00fcchern und Langlaufskiern. Mittlerweile bin ich dem Leben gegen\u00fcber noch dankbarer und dem\u00fctiger als in j\u00fcngeren Jahren. Ich finde es wichtig, dass wir aufh\u00f6ren, uns durch unsere Reisen zu identifizieren. K\u00f6nnen wir das \u00fcberhaupt: ein gelungenes Leben haben, ohne st\u00e4ndig unterwegs zu sein oder jemals das Taj Mahal gesehen zu haben?&nbsp;<\/p>\n\n\n\n<h3 class=\"wp-block-heading\" id=\"h-sie-leben-ja-an-einem-ort-an-dem-andere-urlaub-machen-was-schatzen-sie-denn-am-leben-im-salzburgerland\">Sie leben ja an einem Ort, an dem andere Urlaub machen. Was sch\u00e4tzen Sie denn am Leben im SalzburgerLand?<\/h3>\n\n\n\n<p>Ich bin ja zum Studieren von Salzburg nach Ober\u00f6sterreich gekommen, war zwischendurch in Wien und lebe jetzt am Land s\u00fcdlich der Stadt Salzburg. Ich sch\u00e4tze die gute \u00f6ffentliche Anbindung, denn so komme ich mit E-Bike und Klimaticket aus. Auch die Wiesen und W\u00e4lder, die Berge, die k\u00fchlen Fl\u00fcsse, die Almkultur und die regionalen Produkte empfinde ich als enormes Privileg. Sehr bedauernswert und problematisch sind zum Beispiel die extrem hohen Mieten, die vielen Zweitwohnsitze und leeren Anlegerwohnungen oder der Chalet-Wildwuchs im Land Salzburg. Unverst\u00e4ndlich finde ich auch, dass in Zeiten von Energieknappheit weiterhin neue Flugverbindungen eingef\u00fchrt werden. Auch das ist wichtig zu sagen, damit das Bild von Salzburg nicht zu einseitig bleibt.<\/p>\n\n\n\n<h3 class=\"wp-block-heading\" id=\"h-wenn-sie-besuch-bekommen-welchen-platz-im-salzburgerland-zeigen-sie-immer-her\">Wenn Sie Besuch bekommen, welchen Platz im SalzburgerLand zeigen Sie immer her?<\/h3>\n\n\n\n<p>Das kommt nat\u00fcrlich ganz darauf an. Meistens Orte in der n\u00e4heren Umgebung, unter der Woche etwa das Bluntautal oder die Taugl. Mit wanderfreudigen G\u00e4sten geht\u2019s auch mal in Richtung Faistenau, Hintersee, St. Kolomann oder auf die Werfener H\u00fctte. Und zum Erfrischen an den Fuschlsee und Wolfgangsee, die beide sehr gut mit dem Postbus erreichbar sind.<\/p>\n\n\n\n<h3 class=\"wp-block-heading\" id=\"h-fahren-sie-lieber-fort-oder-kommen-sie-lieber-nach-hause\">Fahren Sie lieber fort oder kommen Sie lieber nach Hause?<\/h3>\n\n\n\n<p>Das kommt ganz auf die Situation darauf an. Beides ist mit Vorfreude verbunden. Fortfahren ist ja eigentlich dann am sch\u00f6nsten, wenn man gern auch wieder heimkommt. <\/p>\n\n\n\n<h3 class=\"wp-block-heading\" id=\"h-kann-achtsames-reisen-auch-spass-machen-was-verpasst-man-wenn-man-sich-nicht-darauf-einlasst-keine-allzu-grossen-spuren-zu-hinterlassen\">Kann achtsames Reisen auch Spa\u00df machen? Was verpasst man, wenn man sich nicht darauf einl\u00e4sst, keine allzu gro\u00dfen Spuren zu hinterlassen?<\/h3>\n\n\n\n<p>Ich kenne niemanden, der achtsam reist und etwas missen w\u00fcrde. Wobei ich mich da selbst nicht als Profi empfinde. Darum geht es auch nicht. Sondern darum, die g\u00e4ngige Reisepraxis zu hinterfragen und versuchen, es besser zu machen. Vertr\u00e4glich zu reisen ist ohnehin die einzige Antwort auf die Frage, ob und wie wir in Zukunft noch unterwegs sein k\u00f6nnen. Und es ist f\u00fcr viele, die ich kenne, die sch\u00f6nste Form des Reisens. Noch dazu bringt es nur Vorteile \u2013 f\u00fcr alle Beteiligten und f\u00fcr den Planeten. Das h\u00f6rt sich alles immer recht schwierig und kompliziert an. Aber im Prinzip wissen wir, wie es geht: Wenig oder gar nicht fliegen, mit Zug, Bus, Rad und zu Fu\u00df unterwegs sein, lokale Unterk\u00fcnfte, Restaurants und Lebensmittelgesch\u00e4fte bevorzugen, ein Hotel ohne Pool buchen, wenn man eh am See oder Meer ist \u2013 und so weiter. Was man verpasst, wenn man sich darauf nicht einl\u00e4sst? Man zerst\u00f6rt eben genau das, was man so beeindruckend und sehenswert findet. Und das ist paradox. <\/p>\n\n\n\n<h3 class=\"wp-block-heading\" id=\"h-was-glauben-sie-wie-werden-wir-in-10-jahren-reisen-nbsp\">Was glauben Sie, wie werden wir in 10 Jahren reisen?&nbsp;<\/h3>\n\n\n\n<p>Wom\u00f6glich k\u00f6nnen wir uns das nicht mehr aussuchen, sondern m\u00fcssen uns an die Gegebenheiten anpassen. Das Reiseleben ist ja jetzt schon einer immensen Transformation unterworfen, siehe gestiegene Energiepreise, Wassermangel, Chaos an den Flugh\u00e4fen etc. Alles spricht daf\u00fcr, dass wir nicht so weitermachen k\u00f6nnen. Es ist wie bei der Klimakrise auch: Entweder wir passen uns jetzt freiwillig an oder wir werden sp\u00e4ter dazu gezwungen. Was ich mir w\u00fcnsche, ist: viel weniger reisen, viel lokaler reisen, viel vertr\u00e4glicher reisen. Und wenn es uns mal in die Ferne zieht, dann ist das eine extrem gesch\u00e4tzte Ausnahme, von der wir lange zehren. Ein global aufgeteiltes CO2-Budget f\u00fcr jeden Menschen k\u00f6nnte helfen, dass auch die Vielflieger*innen und \u00dcberreichen ihren \u00f6kologischen Fu\u00dfabdruck stark reduzieren.&nbsp;<\/p>\n\n\n\n<h3 class=\"wp-block-heading\" id=\"h-gibt-es-kleine-dinge-die-wir-sofort-beim-reisen-umsetzen-konnen-die-aber-eine-grosse-wirkung-haben-nbsp\">Gibt es kleine Dinge, die wir sofort beim Reisen umsetzen k\u00f6nnen, die aber eine gro\u00dfe Wirkung haben?&nbsp;<\/h3>\n\n\n\n<p>Das klingt verlockend: Wenig tun und viel damit erreichen. Im Prinzip m\u00fcssen wir aber unser Reiseverhalten v\u00f6llig neu denken, wenn wir irgendwann \u00fcberhaupt noch in einer halbwegs intakten Welt leben und vielleicht auch noch reisen m\u00f6chte. Deshalb w\u00fcrde ich als ersten Schritt vorschlagen: Wir m\u00fcssen dar\u00fcber reden, warum wir so oft verreisen, was das f\u00fcr den Planeten bedeutet und was wir im Alltag \u00e4ndern k\u00f6nnen, um nicht st\u00e4ndig weg zu wollen. Und uns muss klar werden, dass Reisen nicht zu den Grundbed\u00fcrfnissen z\u00e4hlt und wir hier deshalb am ehesten einsparen und reduzieren k\u00f6nnen. Und wenn wir dann reisen, gibt es nat\u00fcrlich unz\u00e4hlige Ma\u00dfnahmen, die wir umsetzen k\u00f6nnen, wie oben aufgez\u00e4hlt. Eigentlich wissen wir genau, wie es geht. Wir m\u00fcssen uns nur von alten Mustern und Glaubenss\u00e4tzen l\u00f6sen, neue Standards setzen und ins Tun kommen.<\/p>\n\n\n<div class=\"wp-block-image\">\n<figure class=\"alignleft size-full\"><img loading=\"lazy\" decoding=\"async\" width=\"1594\" height=\"2539\" src=\"https:\/\/www.salzburgerland.com\/de\/magazin\/wp-content\/uploads\/2022\/08\/978-3-218-01224-9.jpg\" alt=\"Buchumschlag f\u00fcr Lovely Planet von Maria Kapeller, mit bunten Flugzeugschw\u00e4nzen vor blauem Himmel.\" class=\"wp-image-164538\" srcset=\"https:\/\/www.salzburgerland.com\/de\/magazin\/wp-content\/uploads\/2022\/08\/978-3-218-01224-9.jpg 1594w, https:\/\/www.salzburgerland.com\/de\/magazin\/wp-content\/uploads\/2022\/08\/978-3-218-01224-9-188x300.jpg 188w, https:\/\/www.salzburgerland.com\/de\/magazin\/wp-content\/uploads\/2022\/08\/978-3-218-01224-9-964x1536.jpg 964w, https:\/\/www.salzburgerland.com\/de\/magazin\/wp-content\/uploads\/2022\/08\/978-3-218-01224-9-1286x2048.jpg 1286w, https:\/\/www.salzburgerland.com\/de\/magazin\/wp-content\/uploads\/2022\/08\/978-3-218-01224-9-345x550.jpg 345w, https:\/\/www.salzburgerland.com\/de\/magazin\/wp-content\/uploads\/2022\/08\/978-3-218-01224-9-251x400.jpg 251w, https:\/\/www.salzburgerland.com\/de\/magazin\/wp-content\/uploads\/2022\/08\/978-3-218-01224-9-1320x2103.jpg 1320w, https:\/\/www.salzburgerland.com\/de\/magazin\/wp-content\/uploads\/2022\/08\/978-3-218-01224-9-150x239.jpg 150w\" sizes=\"auto, (max-width: 1594px) 100vw, 1594px\" \/><\/figure><\/div>\n\n\n<p><strong>Das Sachbuch \u201e<a href=\"https:\/\/www.kremayr-scheriau.at\/bucher-e-books\/titel\/lovely-planet\/\" target=\"_blank\" rel=\"noreferrer noopener\">Lovely Planet. Mit dem Herzen reisen und die Welt bewahren&#8220;<\/a> von Maria Kapeller ist im Fr\u00fchjahr 2022 im Verlag Kremayr &amp; Scheriau erschienen.<\/strong><\/p>\n\n\n\n<p>\u00a9alle Bilder: Jasmin Walter_FAV<\/p>\n","protected":false},"excerpt":{"rendered":"<p>Frau Kapeller, Sie sprechen in ihrem Buch vom nachhaltigen Reisen. Ist diese Kombination nicht an sich schon ein Widerspruch in sich? Da haben Sie recht. Nachhaltigkeit hei\u00dft ja urspr\u00fcnglich, sich nur so viel von einer Sache zu nehmen, wie wieder nachkommt. Das machen wir ja beim Reisen definitiv nicht. Wir blasen Emissionen in die Luft, [&hellip;]<\/p>\n","protected":false},"author":505,"featured_media":164540,"comment_status":"closed","ping_status":"closed","sticky":false,"template":"","format":"standard","meta":{"_acf_changed":false,"wl_entities_gutenberg":"","_wl_entity_redirect_enabled":"","footnotes":""},"categories":[9],"tags":[],"wl_entity_type":[306],"monatsauswahl":[],"class_list":["post-164536","post","type-post","status-publish","format-standard","has-post-thumbnail","hentry","category-sehenswurdig","wl_entity_type-article"],"acf":[],"yoast_head":"<!-- This site is optimized with the Yoast SEO Premium plugin v27.4 (Yoast SEO v27.4) - https:\/\/yoast.com\/product\/yoast-seo-premium-wordpress\/ -->\n<title>Eine Zukunft des Reisens - SalzburgerLand Magazin<\/title>\n<meta name=\"robots\" content=\"index, follow, max-snippet:-1, max-image-preview:large, max-video-preview:-1\" \/>\n<link rel=\"canonical\" href=\"https:\/\/www.salzburgerland.com\/de\/magazin\/eine-zukunft-des-reisens\/\" \/>\n<meta property=\"og:locale\" content=\"de_DE\" \/>\n<meta property=\"og:type\" content=\"article\" \/>\n<meta property=\"og:title\" content=\"Eine Zukunft des Reisens\" \/>\n<meta property=\"og:description\" content=\"Frau Kapeller, Sie sprechen in ihrem Buch vom nachhaltigen Reisen. Ist diese Kombination nicht an sich schon ein Widerspruch in sich? Da haben Sie recht. Nachhaltigkeit hei\u00dft ja urspr\u00fcnglich, sich nur so viel von einer Sache zu nehmen, wie wieder nachkommt. Das machen wir ja beim Reisen definitiv nicht. Wir blasen Emissionen in die Luft, [&hellip;]\" \/>\n<meta property=\"og:url\" content=\"https:\/\/www.salzburgerland.com\/de\/magazin\/eine-zukunft-des-reisens\/\" \/>\n<meta property=\"og:site_name\" content=\"SalzburgerLand Magazin\" \/>\n<meta property=\"article:publisher\" content=\"https:\/\/www.facebook.com\/salzburgerland\/\" \/>\n<meta property=\"article:published_time\" content=\"2022-08-24T06:00:00+00:00\" \/>\n<meta property=\"article:modified_time\" content=\"2024-04-11T05:11:53+00:00\" \/>\n<meta property=\"og:image\" content=\"https:\/\/www.salzburgerland.com\/de\/magazin\/wp-content\/uploads\/2022\/08\/Maria-Kapeller-2_Credit-Jasmin-Walter_FAV.jpg\" \/>\n\t<meta property=\"og:image:width\" content=\"2500\" \/>\n\t<meta property=\"og:image:height\" content=\"1667\" \/>\n\t<meta property=\"og:image:type\" content=\"image\/jpeg\" \/>\n<meta name=\"author\" content=\"Peter Zeitlhofer\" \/>\n<meta name=\"twitter:card\" content=\"summary_large_image\" \/>\n<meta name=\"twitter:creator\" content=\"@Salzburgerland\" \/>\n<meta name=\"twitter:site\" content=\"@Salzburgerland\" \/>\n<meta name=\"twitter:label1\" content=\"Verfasst von\" \/>\n\t<meta name=\"twitter:data1\" content=\"Peter Zeitlhofer\" \/>\n\t<meta name=\"twitter:label2\" content=\"Gesch\u00e4tzte Lesezeit\" \/>\n\t<meta name=\"twitter:data2\" content=\"12\u00a0Minuten\" \/>\n<script type=\"application\/ld+json\" class=\"yoast-schema-graph\">{\"@context\":\"https:\\\/\\\/schema.org\",\"@graph\":[{\"@type\":\"Article\",\"@id\":\"https:\\\/\\\/www.salzburgerland.com\\\/de\\\/magazin\\\/eine-zukunft-des-reisens\\\/#article\",\"isPartOf\":{\"@id\":\"https:\\\/\\\/www.salzburgerland.com\\\/de\\\/magazin\\\/eine-zukunft-des-reisens\\\/\"},\"author\":{\"name\":\"Peter Zeitlhofer\",\"@id\":\"https:\\\/\\\/www.salzburgerland.com\\\/de\\\/magazin\\\/#\\\/schema\\\/person\\\/ebd2c9f244aeea71e30f3b5d5e309de4\"},\"headline\":\"Eine Zukunft des Reisens\",\"datePublished\":\"2022-08-24T06:00:00+00:00\",\"dateModified\":\"2024-04-11T05:11:53+00:00\",\"mainEntityOfPage\":{\"@id\":\"https:\\\/\\\/www.salzburgerland.com\\\/de\\\/magazin\\\/eine-zukunft-des-reisens\\\/\"},\"wordCount\":2079,\"publisher\":{\"@id\":\"https:\\\/\\\/www.salzburgerland.com\\\/de\\\/magazin\\\/#organization\"},\"image\":{\"@id\":\"https:\\\/\\\/www.salzburgerland.com\\\/de\\\/magazin\\\/eine-zukunft-des-reisens\\\/#primaryimage\"},\"thumbnailUrl\":\"https:\\\/\\\/www.salzburgerland.com\\\/de\\\/magazin\\\/wp-content\\\/uploads\\\/2022\\\/08\\\/Maria-Kapeller-2_Credit-Jasmin-Walter_FAV.jpg\",\"articleSection\":[\"Sehensw\u00fcrdig\"],\"inLanguage\":\"de\"},{\"@type\":\"WebPage\",\"@id\":\"https:\\\/\\\/www.salzburgerland.com\\\/de\\\/magazin\\\/eine-zukunft-des-reisens\\\/\",\"url\":\"https:\\\/\\\/www.salzburgerland.com\\\/de\\\/magazin\\\/eine-zukunft-des-reisens\\\/\",\"name\":\"Eine Zukunft des Reisens - SalzburgerLand Magazin\",\"isPartOf\":{\"@id\":\"https:\\\/\\\/www.salzburgerland.com\\\/de\\\/magazin\\\/#website\"},\"primaryImageOfPage\":{\"@id\":\"https:\\\/\\\/www.salzburgerland.com\\\/de\\\/magazin\\\/eine-zukunft-des-reisens\\\/#primaryimage\"},\"image\":{\"@id\":\"https:\\\/\\\/www.salzburgerland.com\\\/de\\\/magazin\\\/eine-zukunft-des-reisens\\\/#primaryimage\"},\"thumbnailUrl\":\"https:\\\/\\\/www.salzburgerland.com\\\/de\\\/magazin\\\/wp-content\\\/uploads\\\/2022\\\/08\\\/Maria-Kapeller-2_Credit-Jasmin-Walter_FAV.jpg\",\"datePublished\":\"2022-08-24T06:00:00+00:00\",\"dateModified\":\"2024-04-11T05:11:53+00:00\",\"breadcrumb\":{\"@id\":\"https:\\\/\\\/www.salzburgerland.com\\\/de\\\/magazin\\\/eine-zukunft-des-reisens\\\/#breadcrumb\"},\"inLanguage\":\"de\",\"potentialAction\":[{\"@type\":\"ReadAction\",\"target\":[\"https:\\\/\\\/www.salzburgerland.com\\\/de\\\/magazin\\\/eine-zukunft-des-reisens\\\/\"]}]},{\"@type\":\"ImageObject\",\"inLanguage\":\"de\",\"@id\":\"https:\\\/\\\/www.salzburgerland.com\\\/de\\\/magazin\\\/eine-zukunft-des-reisens\\\/#primaryimage\",\"url\":\"https:\\\/\\\/www.salzburgerland.com\\\/de\\\/magazin\\\/wp-content\\\/uploads\\\/2022\\\/08\\\/Maria-Kapeller-2_Credit-Jasmin-Walter_FAV.jpg\",\"contentUrl\":\"https:\\\/\\\/www.salzburgerland.com\\\/de\\\/magazin\\\/wp-content\\\/uploads\\\/2022\\\/08\\\/Maria-Kapeller-2_Credit-Jasmin-Walter_FAV.jpg\",\"width\":2500,\"height\":1667,\"caption\":\"Maria Kapeller, braunhaarig, steht in einem grauen Pullover an einem Fluss, umgeben von gr\u00fcnen B\u00e4umen.\"},{\"@type\":\"BreadcrumbList\",\"@id\":\"https:\\\/\\\/www.salzburgerland.com\\\/de\\\/magazin\\\/eine-zukunft-des-reisens\\\/#breadcrumb\",\"itemListElement\":[{\"@type\":\"ListItem\",\"position\":1,\"name\":\"Startseite\",\"item\":\"https:\\\/\\\/www.salzburgerland.com\\\/de\\\/magazin\\\/\"},{\"@type\":\"ListItem\",\"position\":2,\"name\":\"Sehensw\u00fcrdig\",\"item\":\"https:\\\/\\\/www.salzburgerland.com\\\/de\\\/magazin\\\/thema\\\/sehenswurdig\\\/\"},{\"@type\":\"ListItem\",\"position\":3,\"name\":\"Eine Zukunft des Reisens\"}]},{\"@type\":\"WebSite\",\"@id\":\"https:\\\/\\\/www.salzburgerland.com\\\/de\\\/magazin\\\/#website\",\"url\":\"https:\\\/\\\/www.salzburgerland.com\\\/de\\\/magazin\\\/\",\"name\":\"SalzburgerLand Magazin\",\"description\":\"Geschichten und Interessantes aus dem SalzburgerLand\",\"publisher\":{\"@id\":\"https:\\\/\\\/www.salzburgerland.com\\\/de\\\/magazin\\\/#organization\"},\"potentialAction\":[{\"@type\":\"SearchAction\",\"target\":{\"@type\":\"EntryPoint\",\"urlTemplate\":\"https:\\\/\\\/www.salzburgerland.com\\\/de\\\/magazin\\\/?s={search_term_string}\"},\"query-input\":{\"@type\":\"PropertyValueSpecification\",\"valueRequired\":true,\"valueName\":\"search_term_string\"}}],\"inLanguage\":\"de\"},{\"@type\":\"Organization\",\"@id\":\"https:\\\/\\\/www.salzburgerland.com\\\/de\\\/magazin\\\/#organization\",\"name\":\"SalzburgerLand Tourismus\",\"url\":\"https:\\\/\\\/www.salzburgerland.com\\\/de\\\/magazin\\\/\",\"logo\":{\"@type\":\"ImageObject\",\"inLanguage\":\"de\",\"@id\":\"https:\\\/\\\/www.salzburgerland.com\\\/de\\\/magazin\\\/#\\\/schema\\\/logo\\\/image\\\/\",\"url\":\"https:\\\/\\\/www.salzburgerland.com\\\/de\\\/magazin\\\/wp-content\\\/uploads\\\/2019\\\/06\\\/salzburgerland-logo1.jpg\",\"contentUrl\":\"https:\\\/\\\/www.salzburgerland.com\\\/de\\\/magazin\\\/wp-content\\\/uploads\\\/2019\\\/06\\\/salzburgerland-logo1.jpg\",\"width\":2011,\"height\":866,\"caption\":\"SalzburgerLand Tourismus\"},\"image\":{\"@id\":\"https:\\\/\\\/www.salzburgerland.com\\\/de\\\/magazin\\\/#\\\/schema\\\/logo\\\/image\\\/\"},\"sameAs\":[\"https:\\\/\\\/www.facebook.com\\\/salzburgerland\\\/\",\"https:\\\/\\\/x.com\\\/Salzburgerland\",\"https:\\\/\\\/www.instagram.com\\\/salzburgerland\\\/\",\"https:\\\/\\\/at.linkedin.com\\\/company\\\/salzburgerland-tourismus-gmbh\",\"https:\\\/\\\/www.pinterest.at\\\/salzburgerland\\\/\",\"https:\\\/\\\/www.youtube.com\\\/user\\\/salzburgerland\",\"https:\\\/\\\/de.wikipedia.org\\\/wiki\\\/SalzburgerLand_Tourismus_GmbH\"]},{\"@type\":\"Person\",\"@id\":\"https:\\\/\\\/www.salzburgerland.com\\\/de\\\/magazin\\\/#\\\/schema\\\/person\\\/ebd2c9f244aeea71e30f3b5d5e309de4\",\"name\":\"Peter Zeitlhofer\",\"description\":\"'Von Neugier getrieben' - diese Worte kommen Peter Zeitlhofer wohl schon ziemlich nahe. Egal ob am Segelboot, im Tiefschnee, unterwegs in Stadt und Land, oder auf einer seinen vielen Reisen - er ist immer auf der Suche nach Neuem, nach dem Besonderen, probiert so ziemlich alles aus und liebt es, dar\u00fcber zu reden und zu berichten. Womit man auch schon fast bei seiner zweiten Leidenschaft w\u00e4re - dem Schreiben. Immer und \u00fcberall ausgestattet\u00a0mit seinem Notebook, hat der Salzburger, mit Wurzeln am Attersee, sein Office\u00a0im wahrsten Sinne des Wortes unterm Arm und k\u00f6nnte sich nichts besseres vorstellen, als die Geschichten dort zu erz\u00e4hlen, wo sie passieren. Fr\u00fchling, Sommer, Herbst oder Winter? Als Mensch der Extreme, mag ich auch bei den Jahreszeiten den Sommer und den Winter am liebsten. Obwohl nat\u00fcrlich auch der Fr\u00fchling seine Reize hat. Aber der Herbst? Rindsroulade vom Pinzgauer Biorind oder Saibling fangfrisch aus dem Fuschlsee? Immer diese Entscheidungen! Kann ich auch beides haben? Mundharmonika oder Stradivari? Weder noch - als Gitarrist k\u00f6nnte ich mit beiden Instrumenten nichts anfangen. Lederhose oder Smoking? Eindeutig Lederhose, die bei mir mittlerweile sogar den Einzug in den sommerlichen Alltag gefunden hat. Und der LederhosnDonnerstag ist \u00a0ohnehin Pflicht. Alpinski, Offpist oder Skitour? Hauptsache rauf auf den Berg! Was dann tats\u00e4chlich auf dem Programm steht ist zweitrangig. Nur so viel: wenn der Schnee passt, dann h\u00e4lt mich nichts oder niemand auf der Piste. Bergtour oder Seentour? F\u00fcr mich gibt es im Sommer nichts Sch\u00f6neres, als mit dem Segelboot auf unseren herrlichen Seen unterwegs zu sein. Also wenn ich die Wahl habe, dann nehme ich im Sommer die Berge h\u00f6chstens als Kulisse. Haubenlokal oder Ab-Hof-Laden? Auch hier nehme ich von beidem ein bisschen. Aber bei der Oma schmeckt's dann doch am besten.\",\"url\":\"https:\\\/\\\/www.salzburgerland.com\\\/de\\\/magazin\\\/author\\\/peter-zeitlhofer\\\/\"}]}<\/script>\n<!-- \/ Yoast SEO Premium plugin. -->","yoast_head_json":{"title":"Eine Zukunft des Reisens - SalzburgerLand Magazin","robots":{"index":"index","follow":"follow","max-snippet":"max-snippet:-1","max-image-preview":"max-image-preview:large","max-video-preview":"max-video-preview:-1"},"canonical":"https:\/\/www.salzburgerland.com\/de\/magazin\/eine-zukunft-des-reisens\/","og_locale":"de_DE","og_type":"article","og_title":"Eine Zukunft des Reisens","og_description":"Frau Kapeller, Sie sprechen in ihrem Buch vom nachhaltigen Reisen. Ist diese Kombination nicht an sich schon ein Widerspruch in sich? Da haben Sie recht. Nachhaltigkeit hei\u00dft ja urspr\u00fcnglich, sich nur so viel von einer Sache zu nehmen, wie wieder nachkommt. Das machen wir ja beim Reisen definitiv nicht. Wir blasen Emissionen in die Luft, [&hellip;]","og_url":"https:\/\/www.salzburgerland.com\/de\/magazin\/eine-zukunft-des-reisens\/","og_site_name":"SalzburgerLand Magazin","article_publisher":"https:\/\/www.facebook.com\/salzburgerland\/","article_published_time":"2022-08-24T06:00:00+00:00","article_modified_time":"2024-04-11T05:11:53+00:00","og_image":[{"url":"https:\/\/www.salzburgerland.com\/de\/magazin\/wp-content\/uploads\/2022\/08\/Maria-Kapeller-2_Credit-Jasmin-Walter_FAV.jpg","width":2500,"height":1667,"type":"image\/jpeg"}],"author":"Peter Zeitlhofer","twitter_card":"summary_large_image","twitter_creator":"@Salzburgerland","twitter_site":"@Salzburgerland","twitter_misc":{"Verfasst von":"Peter Zeitlhofer","Gesch\u00e4tzte Lesezeit":"12\u00a0Minuten"},"schema":{"@context":"https:\/\/schema.org","@graph":[{"@type":"Article","@id":"https:\/\/www.salzburgerland.com\/de\/magazin\/eine-zukunft-des-reisens\/#article","isPartOf":{"@id":"https:\/\/www.salzburgerland.com\/de\/magazin\/eine-zukunft-des-reisens\/"},"author":{"name":"Peter Zeitlhofer","@id":"https:\/\/www.salzburgerland.com\/de\/magazin\/#\/schema\/person\/ebd2c9f244aeea71e30f3b5d5e309de4"},"headline":"Eine Zukunft des Reisens","datePublished":"2022-08-24T06:00:00+00:00","dateModified":"2024-04-11T05:11:53+00:00","mainEntityOfPage":{"@id":"https:\/\/www.salzburgerland.com\/de\/magazin\/eine-zukunft-des-reisens\/"},"wordCount":2079,"publisher":{"@id":"https:\/\/www.salzburgerland.com\/de\/magazin\/#organization"},"image":{"@id":"https:\/\/www.salzburgerland.com\/de\/magazin\/eine-zukunft-des-reisens\/#primaryimage"},"thumbnailUrl":"https:\/\/www.salzburgerland.com\/de\/magazin\/wp-content\/uploads\/2022\/08\/Maria-Kapeller-2_Credit-Jasmin-Walter_FAV.jpg","articleSection":["Sehensw\u00fcrdig"],"inLanguage":"de"},{"@type":"WebPage","@id":"https:\/\/www.salzburgerland.com\/de\/magazin\/eine-zukunft-des-reisens\/","url":"https:\/\/www.salzburgerland.com\/de\/magazin\/eine-zukunft-des-reisens\/","name":"Eine Zukunft des Reisens - SalzburgerLand Magazin","isPartOf":{"@id":"https:\/\/www.salzburgerland.com\/de\/magazin\/#website"},"primaryImageOfPage":{"@id":"https:\/\/www.salzburgerland.com\/de\/magazin\/eine-zukunft-des-reisens\/#primaryimage"},"image":{"@id":"https:\/\/www.salzburgerland.com\/de\/magazin\/eine-zukunft-des-reisens\/#primaryimage"},"thumbnailUrl":"https:\/\/www.salzburgerland.com\/de\/magazin\/wp-content\/uploads\/2022\/08\/Maria-Kapeller-2_Credit-Jasmin-Walter_FAV.jpg","datePublished":"2022-08-24T06:00:00+00:00","dateModified":"2024-04-11T05:11:53+00:00","breadcrumb":{"@id":"https:\/\/www.salzburgerland.com\/de\/magazin\/eine-zukunft-des-reisens\/#breadcrumb"},"inLanguage":"de","potentialAction":[{"@type":"ReadAction","target":["https:\/\/www.salzburgerland.com\/de\/magazin\/eine-zukunft-des-reisens\/"]}]},{"@type":"ImageObject","inLanguage":"de","@id":"https:\/\/www.salzburgerland.com\/de\/magazin\/eine-zukunft-des-reisens\/#primaryimage","url":"https:\/\/www.salzburgerland.com\/de\/magazin\/wp-content\/uploads\/2022\/08\/Maria-Kapeller-2_Credit-Jasmin-Walter_FAV.jpg","contentUrl":"https:\/\/www.salzburgerland.com\/de\/magazin\/wp-content\/uploads\/2022\/08\/Maria-Kapeller-2_Credit-Jasmin-Walter_FAV.jpg","width":2500,"height":1667,"caption":"Maria Kapeller, braunhaarig, steht in einem grauen Pullover an einem Fluss, umgeben von gr\u00fcnen B\u00e4umen."},{"@type":"BreadcrumbList","@id":"https:\/\/www.salzburgerland.com\/de\/magazin\/eine-zukunft-des-reisens\/#breadcrumb","itemListElement":[{"@type":"ListItem","position":1,"name":"Startseite","item":"https:\/\/www.salzburgerland.com\/de\/magazin\/"},{"@type":"ListItem","position":2,"name":"Sehensw\u00fcrdig","item":"https:\/\/www.salzburgerland.com\/de\/magazin\/thema\/sehenswurdig\/"},{"@type":"ListItem","position":3,"name":"Eine Zukunft des Reisens"}]},{"@type":"WebSite","@id":"https:\/\/www.salzburgerland.com\/de\/magazin\/#website","url":"https:\/\/www.salzburgerland.com\/de\/magazin\/","name":"SalzburgerLand Magazin","description":"Geschichten und Interessantes aus dem SalzburgerLand","publisher":{"@id":"https:\/\/www.salzburgerland.com\/de\/magazin\/#organization"},"potentialAction":[{"@type":"SearchAction","target":{"@type":"EntryPoint","urlTemplate":"https:\/\/www.salzburgerland.com\/de\/magazin\/?s={search_term_string}"},"query-input":{"@type":"PropertyValueSpecification","valueRequired":true,"valueName":"search_term_string"}}],"inLanguage":"de"},{"@type":"Organization","@id":"https:\/\/www.salzburgerland.com\/de\/magazin\/#organization","name":"SalzburgerLand Tourismus","url":"https:\/\/www.salzburgerland.com\/de\/magazin\/","logo":{"@type":"ImageObject","inLanguage":"de","@id":"https:\/\/www.salzburgerland.com\/de\/magazin\/#\/schema\/logo\/image\/","url":"https:\/\/www.salzburgerland.com\/de\/magazin\/wp-content\/uploads\/2019\/06\/salzburgerland-logo1.jpg","contentUrl":"https:\/\/www.salzburgerland.com\/de\/magazin\/wp-content\/uploads\/2019\/06\/salzburgerland-logo1.jpg","width":2011,"height":866,"caption":"SalzburgerLand Tourismus"},"image":{"@id":"https:\/\/www.salzburgerland.com\/de\/magazin\/#\/schema\/logo\/image\/"},"sameAs":["https:\/\/www.facebook.com\/salzburgerland\/","https:\/\/x.com\/Salzburgerland","https:\/\/www.instagram.com\/salzburgerland\/","https:\/\/at.linkedin.com\/company\/salzburgerland-tourismus-gmbh","https:\/\/www.pinterest.at\/salzburgerland\/","https:\/\/www.youtube.com\/user\/salzburgerland","https:\/\/de.wikipedia.org\/wiki\/SalzburgerLand_Tourismus_GmbH"]},{"@type":"Person","@id":"https:\/\/www.salzburgerland.com\/de\/magazin\/#\/schema\/person\/ebd2c9f244aeea71e30f3b5d5e309de4","name":"Peter Zeitlhofer","description":"'Von Neugier getrieben' - diese Worte kommen Peter Zeitlhofer wohl schon ziemlich nahe. Egal ob am Segelboot, im Tiefschnee, unterwegs in Stadt und Land, oder auf einer seinen vielen Reisen - er ist immer auf der Suche nach Neuem, nach dem Besonderen, probiert so ziemlich alles aus und liebt es, dar\u00fcber zu reden und zu berichten. Womit man auch schon fast bei seiner zweiten Leidenschaft w\u00e4re - dem Schreiben. Immer und \u00fcberall ausgestattet\u00a0mit seinem Notebook, hat der Salzburger, mit Wurzeln am Attersee, sein Office\u00a0im wahrsten Sinne des Wortes unterm Arm und k\u00f6nnte sich nichts besseres vorstellen, als die Geschichten dort zu erz\u00e4hlen, wo sie passieren. Fr\u00fchling, Sommer, Herbst oder Winter? Als Mensch der Extreme, mag ich auch bei den Jahreszeiten den Sommer und den Winter am liebsten. Obwohl nat\u00fcrlich auch der Fr\u00fchling seine Reize hat. Aber der Herbst? Rindsroulade vom Pinzgauer Biorind oder Saibling fangfrisch aus dem Fuschlsee? Immer diese Entscheidungen! Kann ich auch beides haben? Mundharmonika oder Stradivari? Weder noch - als Gitarrist k\u00f6nnte ich mit beiden Instrumenten nichts anfangen. Lederhose oder Smoking? Eindeutig Lederhose, die bei mir mittlerweile sogar den Einzug in den sommerlichen Alltag gefunden hat. Und der LederhosnDonnerstag ist \u00a0ohnehin Pflicht. Alpinski, Offpist oder Skitour? Hauptsache rauf auf den Berg! Was dann tats\u00e4chlich auf dem Programm steht ist zweitrangig. Nur so viel: wenn der Schnee passt, dann h\u00e4lt mich nichts oder niemand auf der Piste. Bergtour oder Seentour? F\u00fcr mich gibt es im Sommer nichts Sch\u00f6neres, als mit dem Segelboot auf unseren herrlichen Seen unterwegs zu sein. Also wenn ich die Wahl habe, dann nehme ich im Sommer die Berge h\u00f6chstens als Kulisse. Haubenlokal oder Ab-Hof-Laden? Auch hier nehme ich von beidem ein bisschen. Aber bei der Oma schmeckt's dann doch am besten.","url":"https:\/\/www.salzburgerland.com\/de\/magazin\/author\/peter-zeitlhofer\/"}]}},"_wl_alt_label":[],"wl:entity_url":"http:\/\/open.salzburgerland.com\/magazin\/post\/-164536","_links":{"self":[{"href":"https:\/\/www.salzburgerland.com\/de\/magazin\/wp-json\/wp\/v2\/posts\/164536","targetHints":{"allow":["GET"]}}],"collection":[{"href":"https:\/\/www.salzburgerland.com\/de\/magazin\/wp-json\/wp\/v2\/posts"}],"about":[{"href":"https:\/\/www.salzburgerland.com\/de\/magazin\/wp-json\/wp\/v2\/types\/post"}],"author":[{"embeddable":true,"href":"https:\/\/www.salzburgerland.com\/de\/magazin\/wp-json\/wp\/v2\/users\/505"}],"replies":[{"embeddable":true,"href":"https:\/\/www.salzburgerland.com\/de\/magazin\/wp-json\/wp\/v2\/comments?post=164536"}],"version-history":[{"count":5,"href":"https:\/\/www.salzburgerland.com\/de\/magazin\/wp-json\/wp\/v2\/posts\/164536\/revisions"}],"predecessor-version":[{"id":176523,"href":"https:\/\/www.salzburgerland.com\/de\/magazin\/wp-json\/wp\/v2\/posts\/164536\/revisions\/176523"}],"wp:featuredmedia":[{"embeddable":true,"href":"https:\/\/www.salzburgerland.com\/de\/magazin\/wp-json\/wp\/v2\/media\/164540"}],"wp:attachment":[{"href":"https:\/\/www.salzburgerland.com\/de\/magazin\/wp-json\/wp\/v2\/media?parent=164536"}],"wp:term":[{"taxonomy":"category","embeddable":true,"href":"https:\/\/www.salzburgerland.com\/de\/magazin\/wp-json\/wp\/v2\/categories?post=164536"},{"taxonomy":"post_tag","embeddable":true,"href":"https:\/\/www.salzburgerland.com\/de\/magazin\/wp-json\/wp\/v2\/tags?post=164536"},{"taxonomy":"wl_entity_type","embeddable":true,"href":"https:\/\/www.salzburgerland.com\/de\/magazin\/wp-json\/wp\/v2\/wl_entity_type?post=164536"},{"taxonomy":"monatsauswahl","embeddable":true,"href":"https:\/\/www.salzburgerland.com\/de\/magazin\/wp-json\/wp\/v2\/monatsauswahl?post=164536"}],"curies":[{"name":"wp","href":"https:\/\/api.w.org\/{rel}","templated":true}]}}