{"id":163203,"date":"2025-11-30T08:00:00","date_gmt":"2025-11-30T07:00:00","guid":{"rendered":"https:\/\/www.salzburgerland.com\/de\/magazin\/?p=163203"},"modified":"2025-11-30T13:26:28","modified_gmt":"2025-11-30T12:26:28","slug":"total-obauer","status":"publish","type":"post","link":"https:\/\/www.salzburgerland.com\/de\/magazin\/total-obauer\/","title":{"rendered":"Karl &amp; Rudi Obauer: Gro\u00dfe K\u00fcche aus Werfen"},"content":{"rendered":"\n<div class=\"wp-block-slt-top topBlocks\">\n<h2 class=\"wp-block-slt-subtitle\">Restaurant-Hotel Obauer in Werfen im SalzburgerLand gilt weltweit als Genuss-Institution<\/h2>\n\n\n\n<p class=\"wp-block-slt-intro\">Die beiden Spitzenk\u00f6che Karl und Rudi Obauer sind seit vielen Jahren ein Aush\u00e4ngeschild f\u00fcr Genuss und Haubenk\u00fcche im SalzburgerLand \u2013 und dar\u00fcber hinaus. Das beweist auch die neueste Auszeichnung: Das Restaurant-Hotel Obauer in Werfen wurde von La Liste auf Platz 4 der Top 50 Restaurants der Welt gewertet und damit zum besten Restaurant \u00d6sterreichs. Wer sich die K\u00fcchenphilosophie von Karl und Rudi Obauer, ihre besten Rezepte und wichtigsten Partner sowie Produzenten nach Hause holen will, liegt mit dem Buch &#8222;TOTAL OBAUER!&#8220; goldrichtig! <\/p>\n<\/div>\n\n\n\n<p>In der Heimat verwurzelt, verliebt in die Region und offen f\u00fcr die Welt \u2013 das ist das gelebte Motto von <a href=\"https:\/\/obauer.com\/\" target=\"_blank\" rel=\"noreferrer noopener\">Karl und Rudi Obauer<\/a> im familieneigenen <a href=\"https:\/\/obauer.com\/\" target=\"_blank\" rel=\"noreferrer noopener\">Restaurant Obauer<\/a> in Werfen im SalzburgerLand. Es sind diese Werte, diese Philosophie, die die K\u00fcche der Obauers seit Jahren auszeichnet. Sie geh\u00f6ren seit Jahrzehnten zu den absoluten Aush\u00e4ngeschildern der \u00f6sterreichischen Gastro-Szene. <\/p>\n\n\n\n<figure class=\"wp-block-image size-full\"><img loading=\"lazy\" decoding=\"async\" width=\"2000\" height=\"1333\" src=\"https:\/\/www.salzburgerland.com\/de\/magazin\/wp-content\/uploads\/2024\/03\/11_Familie-Obauer.jpg\" alt=\"Restaurant Obauer Werfen SalzburgerLand\" class=\"wp-image-175742\" srcset=\"https:\/\/www.salzburgerland.com\/de\/magazin\/wp-content\/uploads\/2024\/03\/11_Familie-Obauer.jpg 2000w, https:\/\/www.salzburgerland.com\/de\/magazin\/wp-content\/uploads\/2024\/03\/11_Familie-Obauer-300x200.jpg 300w, https:\/\/www.salzburgerland.com\/de\/magazin\/wp-content\/uploads\/2024\/03\/11_Familie-Obauer-1536x1024.jpg 1536w, https:\/\/www.salzburgerland.com\/de\/magazin\/wp-content\/uploads\/2024\/03\/11_Familie-Obauer-825x550.jpg 825w, https:\/\/www.salzburgerland.com\/de\/magazin\/wp-content\/uploads\/2024\/03\/11_Familie-Obauer-600x400.jpg 600w, https:\/\/www.salzburgerland.com\/de\/magazin\/wp-content\/uploads\/2024\/03\/11_Familie-Obauer-1320x880.jpg 1320w, https:\/\/www.salzburgerland.com\/de\/magazin\/wp-content\/uploads\/2024\/03\/11_Familie-Obauer-150x100.jpg 150w\" sizes=\"auto, (max-width: 2000px) 100vw, 2000px\" \/><figcaption class=\"wp-element-caption\">Genuss ist Familiensache im Hause Obauer. \u00a9 Restaurant Obauer<\/figcaption><\/figure>\n\n\n\n<p>Mit 2 Sternen von Guide Michelin und 5 Hauben von Gault&amp;Millau z\u00e4hlen sie zu den h\u00f6chstdekorierten K\u00f6chen \u00d6sterreichs. Karl und Rudi Obauer genie\u00dfen auch weit \u00fcber die Grenzen einen hervorragenden Ruf. Das unterstreicht auch die aktuellste Auszeichnung vom 24. November 2025. Das Restaurant-Hotel Obauer in Werfen wurde von &#8222;<a href=\"https:\/\/www.laliste.com\/places\/obauer-werfen-at\">La Liste<\/a>&#8222;, einem der weltweit renommiertesten Restaurantbewertungen, auf Platz 4 der Top 50 Restaurants der Welt gewertet \u2013 und damit zum besten Restaurant \u00d6sterreichs. &#8222;La Liste&#8220; zeigt damit, dass eine Position im elit\u00e4rsten Kreis der Gastronomie nicht unbedingt vom Einsatz kostspieligster Zutaten und kunsthandwerklicher Tellergestaltung abh\u00e4ngt, sondern auch durch nahbare und auf regionalen Traditionen sowie Zutaten basierende K\u00fcche m\u00f6glich ist.<\/p>\n\n\n\n<figure class=\"wp-block-image size-full\"><img loading=\"lazy\" decoding=\"async\" width=\"1220\" height=\"800\" src=\"https:\/\/www.salzburgerland.com\/de\/magazin\/wp-content\/uploads\/2022\/07\/Obauer_LaListe-Paris.png\" alt=\"Drei M\u00e4nner in Anz\u00fcgen, die l\u00e4chelnd eine La Liste 2024-Plakette vor einem Markenhintergrund halten.\" class=\"wp-image-185372\" srcset=\"https:\/\/www.salzburgerland.com\/de\/magazin\/wp-content\/uploads\/2022\/07\/Obauer_LaListe-Paris.png 1220w, https:\/\/www.salzburgerland.com\/de\/magazin\/wp-content\/uploads\/2022\/07\/Obauer_LaListe-Paris-300x197.png 300w, https:\/\/www.salzburgerland.com\/de\/magazin\/wp-content\/uploads\/2022\/07\/Obauer_LaListe-Paris-839x550.png 839w, https:\/\/www.salzburgerland.com\/de\/magazin\/wp-content\/uploads\/2022\/07\/Obauer_LaListe-Paris-610x400.png 610w, https:\/\/www.salzburgerland.com\/de\/magazin\/wp-content\/uploads\/2022\/07\/Obauer_LaListe-Paris-768x504.png 768w, https:\/\/www.salzburgerland.com\/de\/magazin\/wp-content\/uploads\/2022\/07\/Obauer_LaListe-Paris-150x98.png 150w\" sizes=\"auto, (max-width: 1220px) 100vw, 1220px\" \/><figcaption class=\"wp-element-caption\">Gro\u00dfe Auszeichnung f\u00fcr die Obauers in Paris \u2013 hier mit Spitzenkoch Rudi Obauer (links), Berthold Obauer (Mitte) und 3-Sterne-Koch Norbert Niederkofler(rechts) aus S\u00fcdtirol. \u00a9 Obauer<\/figcaption><\/figure>\n\n\n\n<h2 class=\"wp-block-heading\" id=\"h-obauer-genusse-fur-daheim\">Obauer-Gen\u00fcsse f\u00fcr daheim<\/h2>\n\n\n\n<p>Genau darum ist auch das Kochbuch &#8222;TOTEL OBAUER&#8220; bei Genuss-Liebhabern besonders beliebt, weil Karl und Rudi Obauer mit regionalen Zutaten hervorragende Gerichte entstehen lassen. <\/p>\n\n\n\n<p>Kommt mit in Rudi Obauers K\u00fcche und lasst euch mitrei\u00dfen von seiner gro\u00dfartigen K\u00fcche aus heimischen Produkten und internationalen, exotischen Zutaten, die er mit bestem Handwerk und Kreativit\u00e4t in feine kulinarische Highlights verwandelt. Begleitet ihn beim Einkauf der besten Produkte bei seinen Produzenten im SalzburgerLand und erfahrt, was die Qualit\u00e4t dieser hochwertigen Zutaten ausmacht. Taucht mit dem neuen Kochbuch ein in die Philosophie der Obauer&#8217;s vielfach \u00fcber die Grenzen \u00d6sterreichs hinaus ausgezeichnete K\u00fcche, die seit 1995 (!!!) durchgehend von Gault&amp;Millau mit dem Hauben-Maximum bewertet wird.<\/p>\n\n\n\n<figure class=\"wp-block-embed is-type-video is-provider-youtube wp-block-embed-youtube wp-embed-aspect-16-9 wp-has-aspect-ratio\"><div class=\"wp-block-embed__wrapper\">\n<iframe loading=\"lazy\" title=\"Die Obauers \u00fcber ihr Buch &quot;Total Obauer!&quot; - Gr\u00e4fe und Unzer Verlag\" width=\"640\" height=\"360\" src=\"https:\/\/www.youtube-nocookie.com\/embed\/263QDFPgMQo?feature=oembed&#038;rel=0&#038;modestbranding=1\" frameborder=\"0\" allow=\"accelerometer; autoplay; clipboard-write; encrypted-media; gyroscope; picture-in-picture; web-share\" referrerpolicy=\"strict-origin-when-cross-origin\" allowfullscreen><\/iframe>\n<\/div><\/figure>\n\n\n\n<blockquote class=\"wp-block-quote is-layout-flow wp-block-quote-is-layout-flow\">\n<p>Es soll nicht nur ein Kochbuch, sondern auch ein Lebensbuch sein!&#8220;<\/p>\n<cite>Spitzenkoch Rudi Obauer<\/cite><\/blockquote>\n\n\n\n<figure class=\"wp-block-image size-full\"><img loading=\"lazy\" decoding=\"async\" width=\"1182\" height=\"665\" src=\"https:\/\/www.salzburgerland.com\/de\/magazin\/wp-content\/uploads\/2022\/06\/product-image-total-obauer-obauer-2022_quer.jpg\" alt=\"TOTAL OBAUER! Gro\u00dfe K\u00fcche aus \u00d6sterreich \u2013 Kochbuch Rudi Obauer\" class=\"wp-image-163208\" srcset=\"https:\/\/www.salzburgerland.com\/de\/magazin\/wp-content\/uploads\/2022\/06\/product-image-total-obauer-obauer-2022_quer.jpg 1182w, https:\/\/www.salzburgerland.com\/de\/magazin\/wp-content\/uploads\/2022\/06\/product-image-total-obauer-obauer-2022_quer-300x169.jpg 300w, https:\/\/www.salzburgerland.com\/de\/magazin\/wp-content\/uploads\/2022\/06\/product-image-total-obauer-obauer-2022_quer-978x550.jpg 978w, https:\/\/www.salzburgerland.com\/de\/magazin\/wp-content\/uploads\/2022\/06\/product-image-total-obauer-obauer-2022_quer-711x400.jpg 711w, https:\/\/www.salzburgerland.com\/de\/magazin\/wp-content\/uploads\/2022\/06\/product-image-total-obauer-obauer-2022_quer-560x316.jpg 560w, https:\/\/www.salzburgerland.com\/de\/magazin\/wp-content\/uploads\/2022\/06\/product-image-total-obauer-obauer-2022_quer-250x140.jpg 250w, https:\/\/www.salzburgerland.com\/de\/magazin\/wp-content\/uploads\/2022\/06\/product-image-total-obauer-obauer-2022_quer-1200x675.jpg 1200w, https:\/\/www.salzburgerland.com\/de\/magazin\/wp-content\/uploads\/2022\/06\/product-image-total-obauer-obauer-2022_quer-150x84.jpg 150w\" sizes=\"auto, (max-width: 1182px) 100vw, 1182px\" \/><figcaption class=\"wp-element-caption\">TOTAL OBAUER! Das neue Kochbuch von Rudi Obauer<\/figcaption><\/figure>\n\n\n\n<p><a href=\"https:\/\/www.gu.de\/produkte\/kochen-verwoehnen\/geniesserkueche\/total-obauer-obauer-2022\/\" target=\"_blank\" rel=\"noreferrer noopener\">TOTAL OBAUER!<\/a> versammelt 198 Gerichte f\u00fcr jede Jahreszeit und jeden Gusto, die der K\u00fcchenchef selbst gern und immer wieder kocht, darunter: R\u00e4ucherforellenwurst mit Forellenkaviar und Grapefruitsalat, Sellerie-Safransuppe mit Sauerkraut, Bergk\u00e4se-Erd\u00e4pfelp\u00fcree mit schwarzem Tr\u00fcffel, Gans mit Hafer und Biersauce, Schweinshaxelragout, Lammcurry mit Berberitzenreis, Rehschlegel mit Mispeln und Orangenk\u00fcrbis oder auch Weinbirne mit Kaffeemousse und Vogelbeeren. Es sind zudem auch 14 Geschichten zu Bauern, Genusshandwerkern und Produzenten dabei, die seit vielen Jahren Teil der Erfolgsgeschichte sind. &#8222;Darum haben wir das Kochbuch &#8218;TOTAL OBAUER!&#8216; genannt, weil hier alles dabei ist, wie wir in den vergangenen 40 Jahren unseren Kochstil aufgebaut haben&#8220;, erkl\u00e4rt Rudi Obauer. &#8222;Es soll nicht nur ein Kochbuch, sondern auch ein Lebensbuch sein!&#8220;<\/p>\n","protected":false},"excerpt":{"rendered":"<p>In der Heimat verwurzelt, verliebt in die Region und offen f\u00fcr die Welt \u2013 das ist das gelebte Motto von Karl und Rudi Obauer im familieneigenen Restaurant Obauer in Werfen im SalzburgerLand. Es sind diese Werte, diese Philosophie, die die K\u00fcche der Obauers seit Jahren auszeichnet. Sie geh\u00f6ren seit Jahrzehnten zu den absoluten Aush\u00e4ngeschildern der [&hellip;]<\/p>\n","protected":false},"author":544,"featured_media":185376,"comment_status":"closed","ping_status":"closed","sticky":false,"template":"","format":"standard","meta":{"_acf_changed":false,"wl_entities_gutenberg":"","_wl_entity_redirect_enabled":"","footnotes":""},"categories":[3],"tags":[7178,7411],"wl_entity_type":[306],"monatsauswahl":[82,83,84,85,86,87,88,89,90,91,92,93],"class_list":["post-163203","post","type-post","status-publish","format-standard","has-post-thumbnail","hentry","category-essen-trinken","tag-kochbuch","tag-obauer","wl_entity_type-article","monatsauswahl-monat_1","monatsauswahl-monat_2","monatsauswahl-monat_3","monatsauswahl-monat_4","monatsauswahl-monat_5","monatsauswahl-monat_6","monatsauswahl-monat_7","monatsauswahl-monat_8","monatsauswahl-monat_9","monatsauswahl-monat_10","monatsauswahl-monat_11","monatsauswahl-monat_12"],"acf":[],"yoast_head":"<!-- This site is optimized with the Yoast SEO Premium plugin v27.4 (Yoast SEO v27.4) - https:\/\/yoast.com\/product\/yoast-seo-premium-wordpress\/ -->\n<title>Karl &amp; Rudi Obauer: Gro\u00dfe K\u00fcche aus Werfen - SalzburgerLand Magazin<\/title>\n<meta name=\"robots\" content=\"index, follow, max-snippet:-1, max-image-preview:large, max-video-preview:-1\" \/>\n<link rel=\"canonical\" href=\"https:\/\/www.salzburgerland.com\/de\/magazin\/total-obauer\/\" \/>\n<meta property=\"og:locale\" content=\"de_DE\" \/>\n<meta property=\"og:type\" content=\"article\" \/>\n<meta property=\"og:title\" content=\"Karl &amp; Rudi Obauer: Gro\u00dfe K\u00fcche aus Werfen\" \/>\n<meta property=\"og:description\" content=\"In der Heimat verwurzelt, verliebt in die Region und offen f\u00fcr die Welt \u2013 das ist das gelebte Motto von Karl und Rudi Obauer im familieneigenen Restaurant Obauer in Werfen im SalzburgerLand. Es sind diese Werte, diese Philosophie, die die K\u00fcche der Obauers seit Jahren auszeichnet. Sie geh\u00f6ren seit Jahrzehnten zu den absoluten Aush\u00e4ngeschildern der [&hellip;]\" \/>\n<meta property=\"og:url\" content=\"https:\/\/www.salzburgerland.com\/de\/magazin\/total-obauer\/\" \/>\n<meta property=\"og:site_name\" content=\"SalzburgerLand Magazin\" \/>\n<meta property=\"article:publisher\" content=\"https:\/\/www.facebook.com\/salzburgerland\/\" \/>\n<meta property=\"article:published_time\" content=\"2025-11-30T07:00:00+00:00\" \/>\n<meta property=\"article:modified_time\" content=\"2025-11-30T12:26:28+00:00\" \/>\n<meta property=\"og:image\" content=\"https:\/\/www.salzburgerland.com\/de\/magazin\/wp-content\/uploads\/2025\/11\/RS4336_marco-riebler_weyringer-9887-lpr.jpg\" \/>\n\t<meta property=\"og:image:width\" content=\"2000\" \/>\n\t<meta property=\"og:image:height\" content=\"1333\" \/>\n\t<meta property=\"og:image:type\" content=\"image\/jpeg\" \/>\n<meta name=\"author\" content=\"G\u00fcnter Baumgartner\" \/>\n<meta name=\"twitter:card\" content=\"summary_large_image\" \/>\n<meta name=\"twitter:creator\" content=\"@Salzburgerland\" \/>\n<meta name=\"twitter:site\" content=\"@Salzburgerland\" \/>\n<meta name=\"twitter:label1\" content=\"Verfasst von\" \/>\n\t<meta name=\"twitter:data1\" content=\"G\u00fcnter Baumgartner\" \/>\n\t<meta name=\"twitter:label2\" content=\"Gesch\u00e4tzte Lesezeit\" \/>\n\t<meta name=\"twitter:data2\" content=\"4\u00a0Minuten\" \/>\n<script type=\"application\/ld+json\" class=\"yoast-schema-graph\">{\"@context\":\"https:\\\/\\\/schema.org\",\"@graph\":[{\"@type\":\"Article\",\"@id\":\"https:\\\/\\\/www.salzburgerland.com\\\/de\\\/magazin\\\/total-obauer\\\/#article\",\"isPartOf\":{\"@id\":\"https:\\\/\\\/www.salzburgerland.com\\\/de\\\/magazin\\\/total-obauer\\\/\"},\"author\":{\"name\":\"G\u00fcnter Baumgartner\",\"@id\":\"https:\\\/\\\/www.salzburgerland.com\\\/de\\\/magazin\\\/#\\\/schema\\\/person\\\/2e0abbe9392136e19ff0d5c5721aea87\"},\"headline\":\"Karl &amp; Rudi Obauer: Gro\u00dfe K\u00fcche aus Werfen\",\"datePublished\":\"2025-11-30T07:00:00+00:00\",\"dateModified\":\"2025-11-30T12:26:28+00:00\",\"mainEntityOfPage\":{\"@id\":\"https:\\\/\\\/www.salzburgerland.com\\\/de\\\/magazin\\\/total-obauer\\\/\"},\"wordCount\":580,\"publisher\":{\"@id\":\"https:\\\/\\\/www.salzburgerland.com\\\/de\\\/magazin\\\/#organization\"},\"image\":{\"@id\":\"https:\\\/\\\/www.salzburgerland.com\\\/de\\\/magazin\\\/total-obauer\\\/#primaryimage\"},\"thumbnailUrl\":\"https:\\\/\\\/www.salzburgerland.com\\\/de\\\/magazin\\\/wp-content\\\/uploads\\\/2025\\\/11\\\/RS4336_marco-riebler_weyringer-9887-lpr.jpg\",\"keywords\":[\"Kochbuch\",\"Obauer\"],\"articleSection\":[\"Essen &amp; Trinken\"],\"inLanguage\":\"de\"},{\"@type\":\"WebPage\",\"@id\":\"https:\\\/\\\/www.salzburgerland.com\\\/de\\\/magazin\\\/total-obauer\\\/\",\"url\":\"https:\\\/\\\/www.salzburgerland.com\\\/de\\\/magazin\\\/total-obauer\\\/\",\"name\":\"Karl &amp; Rudi Obauer: Gro\u00dfe K\u00fcche aus Werfen - SalzburgerLand Magazin\",\"isPartOf\":{\"@id\":\"https:\\\/\\\/www.salzburgerland.com\\\/de\\\/magazin\\\/#website\"},\"primaryImageOfPage\":{\"@id\":\"https:\\\/\\\/www.salzburgerland.com\\\/de\\\/magazin\\\/total-obauer\\\/#primaryimage\"},\"image\":{\"@id\":\"https:\\\/\\\/www.salzburgerland.com\\\/de\\\/magazin\\\/total-obauer\\\/#primaryimage\"},\"thumbnailUrl\":\"https:\\\/\\\/www.salzburgerland.com\\\/de\\\/magazin\\\/wp-content\\\/uploads\\\/2025\\\/11\\\/RS4336_marco-riebler_weyringer-9887-lpr.jpg\",\"datePublished\":\"2025-11-30T07:00:00+00:00\",\"dateModified\":\"2025-11-30T12:26:28+00:00\",\"breadcrumb\":{\"@id\":\"https:\\\/\\\/www.salzburgerland.com\\\/de\\\/magazin\\\/total-obauer\\\/#breadcrumb\"},\"inLanguage\":\"de\",\"potentialAction\":[{\"@type\":\"ReadAction\",\"target\":[\"https:\\\/\\\/www.salzburgerland.com\\\/de\\\/magazin\\\/total-obauer\\\/\"]}]},{\"@type\":\"ImageObject\",\"inLanguage\":\"de\",\"@id\":\"https:\\\/\\\/www.salzburgerland.com\\\/de\\\/magazin\\\/total-obauer\\\/#primaryimage\",\"url\":\"https:\\\/\\\/www.salzburgerland.com\\\/de\\\/magazin\\\/wp-content\\\/uploads\\\/2025\\\/11\\\/RS4336_marco-riebler_weyringer-9887-lpr.jpg\",\"contentUrl\":\"https:\\\/\\\/www.salzburgerland.com\\\/de\\\/magazin\\\/wp-content\\\/uploads\\\/2025\\\/11\\\/RS4336_marco-riebler_weyringer-9887-lpr.jpg\",\"width\":2000,\"height\":1333,\"caption\":\"Rudi und Karl Obauer sind seit Jahrzehnten die Genuss-Aush\u00e4ngeschilder im SalzburgerLand. \u00a9 SalzburgerLand\"},{\"@type\":\"BreadcrumbList\",\"@id\":\"https:\\\/\\\/www.salzburgerland.com\\\/de\\\/magazin\\\/total-obauer\\\/#breadcrumb\",\"itemListElement\":[{\"@type\":\"ListItem\",\"position\":1,\"name\":\"Startseite\",\"item\":\"https:\\\/\\\/www.salzburgerland.com\\\/de\\\/magazin\\\/\"},{\"@type\":\"ListItem\",\"position\":2,\"name\":\"Essen &amp; Trinken\",\"item\":\"https:\\\/\\\/www.salzburgerland.com\\\/de\\\/magazin\\\/thema\\\/essen-trinken\\\/\"},{\"@type\":\"ListItem\",\"position\":3,\"name\":\"Karl &amp; Rudi Obauer: Gro\u00dfe K\u00fcche aus Werfen\"}]},{\"@type\":\"WebSite\",\"@id\":\"https:\\\/\\\/www.salzburgerland.com\\\/de\\\/magazin\\\/#website\",\"url\":\"https:\\\/\\\/www.salzburgerland.com\\\/de\\\/magazin\\\/\",\"name\":\"SalzburgerLand Magazin\",\"description\":\"Geschichten und Interessantes aus dem SalzburgerLand\",\"publisher\":{\"@id\":\"https:\\\/\\\/www.salzburgerland.com\\\/de\\\/magazin\\\/#organization\"},\"potentialAction\":[{\"@type\":\"SearchAction\",\"target\":{\"@type\":\"EntryPoint\",\"urlTemplate\":\"https:\\\/\\\/www.salzburgerland.com\\\/de\\\/magazin\\\/?s={search_term_string}\"},\"query-input\":{\"@type\":\"PropertyValueSpecification\",\"valueRequired\":true,\"valueName\":\"search_term_string\"}}],\"inLanguage\":\"de\"},{\"@type\":\"Organization\",\"@id\":\"https:\\\/\\\/www.salzburgerland.com\\\/de\\\/magazin\\\/#organization\",\"name\":\"SalzburgerLand Tourismus\",\"url\":\"https:\\\/\\\/www.salzburgerland.com\\\/de\\\/magazin\\\/\",\"logo\":{\"@type\":\"ImageObject\",\"inLanguage\":\"de\",\"@id\":\"https:\\\/\\\/www.salzburgerland.com\\\/de\\\/magazin\\\/#\\\/schema\\\/logo\\\/image\\\/\",\"url\":\"https:\\\/\\\/www.salzburgerland.com\\\/de\\\/magazin\\\/wp-content\\\/uploads\\\/2019\\\/06\\\/salzburgerland-logo1.jpg\",\"contentUrl\":\"https:\\\/\\\/www.salzburgerland.com\\\/de\\\/magazin\\\/wp-content\\\/uploads\\\/2019\\\/06\\\/salzburgerland-logo1.jpg\",\"width\":2011,\"height\":866,\"caption\":\"SalzburgerLand Tourismus\"},\"image\":{\"@id\":\"https:\\\/\\\/www.salzburgerland.com\\\/de\\\/magazin\\\/#\\\/schema\\\/logo\\\/image\\\/\"},\"sameAs\":[\"https:\\\/\\\/www.facebook.com\\\/salzburgerland\\\/\",\"https:\\\/\\\/x.com\\\/Salzburgerland\",\"https:\\\/\\\/www.instagram.com\\\/salzburgerland\\\/\",\"https:\\\/\\\/at.linkedin.com\\\/company\\\/salzburgerland-tourismus-gmbh\",\"https:\\\/\\\/www.pinterest.at\\\/salzburgerland\\\/\",\"https:\\\/\\\/www.youtube.com\\\/user\\\/salzburgerland\",\"https:\\\/\\\/de.wikipedia.org\\\/wiki\\\/SalzburgerLand_Tourismus_GmbH\"]},{\"@type\":\"Person\",\"@id\":\"https:\\\/\\\/www.salzburgerland.com\\\/de\\\/magazin\\\/#\\\/schema\\\/person\\\/2e0abbe9392136e19ff0d5c5721aea87\",\"name\":\"G\u00fcnter Baumgartner\",\"url\":\"https:\\\/\\\/www.salzburgerland.com\\\/de\\\/magazin\\\/author\\\/guenter-baumgartner\\\/\"}]}<\/script>\n<meta property=\"og:video\" content=\"https:\/\/www.youtube.com\/embed\/263QDFPgMQo\" \/>\n<meta property=\"og:video:type\" content=\"text\/html\" \/>\n<meta property=\"og:video:duration\" content=\"40\" \/>\n<meta property=\"og:video:width\" content=\"480\" \/>\n<meta property=\"og:video:height\" content=\"270\" \/>\n<meta property=\"ya:ovs:adult\" content=\"false\" \/>\n<meta property=\"ya:ovs:upload_date\" content=\"2025-11-30T07:00:00+00:00\" \/>\n<meta property=\"ya:ovs:allow_embed\" content=\"true\" \/>\n<!-- \/ Yoast SEO Premium plugin. -->","yoast_head_json":{"title":"Karl &amp; Rudi Obauer: Gro\u00dfe K\u00fcche aus Werfen - SalzburgerLand Magazin","robots":{"index":"index","follow":"follow","max-snippet":"max-snippet:-1","max-image-preview":"max-image-preview:large","max-video-preview":"max-video-preview:-1"},"canonical":"https:\/\/www.salzburgerland.com\/de\/magazin\/total-obauer\/","og_locale":"de_DE","og_type":"article","og_title":"Karl &amp; Rudi Obauer: Gro\u00dfe K\u00fcche aus Werfen","og_description":"In der Heimat verwurzelt, verliebt in die Region und offen f\u00fcr die Welt \u2013 das ist das gelebte Motto von Karl und Rudi Obauer im familieneigenen Restaurant Obauer in Werfen im SalzburgerLand. Es sind diese Werte, diese Philosophie, die die K\u00fcche der Obauers seit Jahren auszeichnet. Sie geh\u00f6ren seit Jahrzehnten zu den absoluten Aush\u00e4ngeschildern der [&hellip;]","og_url":"https:\/\/www.salzburgerland.com\/de\/magazin\/total-obauer\/","og_site_name":"SalzburgerLand Magazin","article_publisher":"https:\/\/www.facebook.com\/salzburgerland\/","article_published_time":"2025-11-30T07:00:00+00:00","article_modified_time":"2025-11-30T12:26:28+00:00","og_image":[{"width":2000,"height":1333,"url":"https:\/\/www.salzburgerland.com\/de\/magazin\/wp-content\/uploads\/2025\/11\/RS4336_marco-riebler_weyringer-9887-lpr.jpg","type":"image\/jpeg"}],"author":"G\u00fcnter Baumgartner","twitter_card":"summary_large_image","twitter_creator":"@Salzburgerland","twitter_site":"@Salzburgerland","twitter_misc":{"Verfasst von":"G\u00fcnter Baumgartner","Gesch\u00e4tzte Lesezeit":"4\u00a0Minuten"},"schema":{"@context":"https:\/\/schema.org","@graph":[{"@type":"Article","@id":"https:\/\/www.salzburgerland.com\/de\/magazin\/total-obauer\/#article","isPartOf":{"@id":"https:\/\/www.salzburgerland.com\/de\/magazin\/total-obauer\/"},"author":{"name":"G\u00fcnter Baumgartner","@id":"https:\/\/www.salzburgerland.com\/de\/magazin\/#\/schema\/person\/2e0abbe9392136e19ff0d5c5721aea87"},"headline":"Karl &amp; Rudi Obauer: Gro\u00dfe K\u00fcche aus Werfen","datePublished":"2025-11-30T07:00:00+00:00","dateModified":"2025-11-30T12:26:28+00:00","mainEntityOfPage":{"@id":"https:\/\/www.salzburgerland.com\/de\/magazin\/total-obauer\/"},"wordCount":580,"publisher":{"@id":"https:\/\/www.salzburgerland.com\/de\/magazin\/#organization"},"image":{"@id":"https:\/\/www.salzburgerland.com\/de\/magazin\/total-obauer\/#primaryimage"},"thumbnailUrl":"https:\/\/www.salzburgerland.com\/de\/magazin\/wp-content\/uploads\/2025\/11\/RS4336_marco-riebler_weyringer-9887-lpr.jpg","keywords":["Kochbuch","Obauer"],"articleSection":["Essen &amp; Trinken"],"inLanguage":"de"},{"@type":"WebPage","@id":"https:\/\/www.salzburgerland.com\/de\/magazin\/total-obauer\/","url":"https:\/\/www.salzburgerland.com\/de\/magazin\/total-obauer\/","name":"Karl &amp; Rudi Obauer: Gro\u00dfe K\u00fcche aus Werfen - SalzburgerLand Magazin","isPartOf":{"@id":"https:\/\/www.salzburgerland.com\/de\/magazin\/#website"},"primaryImageOfPage":{"@id":"https:\/\/www.salzburgerland.com\/de\/magazin\/total-obauer\/#primaryimage"},"image":{"@id":"https:\/\/www.salzburgerland.com\/de\/magazin\/total-obauer\/#primaryimage"},"thumbnailUrl":"https:\/\/www.salzburgerland.com\/de\/magazin\/wp-content\/uploads\/2025\/11\/RS4336_marco-riebler_weyringer-9887-lpr.jpg","datePublished":"2025-11-30T07:00:00+00:00","dateModified":"2025-11-30T12:26:28+00:00","breadcrumb":{"@id":"https:\/\/www.salzburgerland.com\/de\/magazin\/total-obauer\/#breadcrumb"},"inLanguage":"de","potentialAction":[{"@type":"ReadAction","target":["https:\/\/www.salzburgerland.com\/de\/magazin\/total-obauer\/"]}]},{"@type":"ImageObject","inLanguage":"de","@id":"https:\/\/www.salzburgerland.com\/de\/magazin\/total-obauer\/#primaryimage","url":"https:\/\/www.salzburgerland.com\/de\/magazin\/wp-content\/uploads\/2025\/11\/RS4336_marco-riebler_weyringer-9887-lpr.jpg","contentUrl":"https:\/\/www.salzburgerland.com\/de\/magazin\/wp-content\/uploads\/2025\/11\/RS4336_marco-riebler_weyringer-9887-lpr.jpg","width":2000,"height":1333,"caption":"Rudi und Karl Obauer sind seit Jahrzehnten die Genuss-Aush\u00e4ngeschilder im SalzburgerLand. \u00a9 SalzburgerLand"},{"@type":"BreadcrumbList","@id":"https:\/\/www.salzburgerland.com\/de\/magazin\/total-obauer\/#breadcrumb","itemListElement":[{"@type":"ListItem","position":1,"name":"Startseite","item":"https:\/\/www.salzburgerland.com\/de\/magazin\/"},{"@type":"ListItem","position":2,"name":"Essen &amp; Trinken","item":"https:\/\/www.salzburgerland.com\/de\/magazin\/thema\/essen-trinken\/"},{"@type":"ListItem","position":3,"name":"Karl &amp; Rudi Obauer: Gro\u00dfe K\u00fcche aus Werfen"}]},{"@type":"WebSite","@id":"https:\/\/www.salzburgerland.com\/de\/magazin\/#website","url":"https:\/\/www.salzburgerland.com\/de\/magazin\/","name":"SalzburgerLand Magazin","description":"Geschichten und Interessantes aus dem SalzburgerLand","publisher":{"@id":"https:\/\/www.salzburgerland.com\/de\/magazin\/#organization"},"potentialAction":[{"@type":"SearchAction","target":{"@type":"EntryPoint","urlTemplate":"https:\/\/www.salzburgerland.com\/de\/magazin\/?s={search_term_string}"},"query-input":{"@type":"PropertyValueSpecification","valueRequired":true,"valueName":"search_term_string"}}],"inLanguage":"de"},{"@type":"Organization","@id":"https:\/\/www.salzburgerland.com\/de\/magazin\/#organization","name":"SalzburgerLand Tourismus","url":"https:\/\/www.salzburgerland.com\/de\/magazin\/","logo":{"@type":"ImageObject","inLanguage":"de","@id":"https:\/\/www.salzburgerland.com\/de\/magazin\/#\/schema\/logo\/image\/","url":"https:\/\/www.salzburgerland.com\/de\/magazin\/wp-content\/uploads\/2019\/06\/salzburgerland-logo1.jpg","contentUrl":"https:\/\/www.salzburgerland.com\/de\/magazin\/wp-content\/uploads\/2019\/06\/salzburgerland-logo1.jpg","width":2011,"height":866,"caption":"SalzburgerLand Tourismus"},"image":{"@id":"https:\/\/www.salzburgerland.com\/de\/magazin\/#\/schema\/logo\/image\/"},"sameAs":["https:\/\/www.facebook.com\/salzburgerland\/","https:\/\/x.com\/Salzburgerland","https:\/\/www.instagram.com\/salzburgerland\/","https:\/\/at.linkedin.com\/company\/salzburgerland-tourismus-gmbh","https:\/\/www.pinterest.at\/salzburgerland\/","https:\/\/www.youtube.com\/user\/salzburgerland","https:\/\/de.wikipedia.org\/wiki\/SalzburgerLand_Tourismus_GmbH"]},{"@type":"Person","@id":"https:\/\/www.salzburgerland.com\/de\/magazin\/#\/schema\/person\/2e0abbe9392136e19ff0d5c5721aea87","name":"G\u00fcnter Baumgartner","url":"https:\/\/www.salzburgerland.com\/de\/magazin\/author\/guenter-baumgartner\/"}]},"og_video":"https:\/\/www.youtube.com\/embed\/263QDFPgMQo","og_video_type":"text\/html","og_video_duration":"40","og_video_width":"480","og_video_height":"270","ya_ovs_adult":"false","ya_ovs_upload_date":"2025-11-30T07:00:00+00:00","ya_ovs_allow_embed":"true"},"_wl_alt_label":[],"wl:entity_url":"http:\/\/open.salzburgerland.com\/magazin\/post\/total-obauer-163203","_links":{"self":[{"href":"https:\/\/www.salzburgerland.com\/de\/magazin\/wp-json\/wp\/v2\/posts\/163203","targetHints":{"allow":["GET"]}}],"collection":[{"href":"https:\/\/www.salzburgerland.com\/de\/magazin\/wp-json\/wp\/v2\/posts"}],"about":[{"href":"https:\/\/www.salzburgerland.com\/de\/magazin\/wp-json\/wp\/v2\/types\/post"}],"author":[{"embeddable":true,"href":"https:\/\/www.salzburgerland.com\/de\/magazin\/wp-json\/wp\/v2\/users\/544"}],"replies":[{"embeddable":true,"href":"https:\/\/www.salzburgerland.com\/de\/magazin\/wp-json\/wp\/v2\/comments?post=163203"}],"version-history":[{"count":7,"href":"https:\/\/www.salzburgerland.com\/de\/magazin\/wp-json\/wp\/v2\/posts\/163203\/revisions"}],"predecessor-version":[{"id":185375,"href":"https:\/\/www.salzburgerland.com\/de\/magazin\/wp-json\/wp\/v2\/posts\/163203\/revisions\/185375"}],"wp:featuredmedia":[{"embeddable":true,"href":"https:\/\/www.salzburgerland.com\/de\/magazin\/wp-json\/wp\/v2\/media\/185376"}],"wp:attachment":[{"href":"https:\/\/www.salzburgerland.com\/de\/magazin\/wp-json\/wp\/v2\/media?parent=163203"}],"wp:term":[{"taxonomy":"category","embeddable":true,"href":"https:\/\/www.salzburgerland.com\/de\/magazin\/wp-json\/wp\/v2\/categories?post=163203"},{"taxonomy":"post_tag","embeddable":true,"href":"https:\/\/www.salzburgerland.com\/de\/magazin\/wp-json\/wp\/v2\/tags?post=163203"},{"taxonomy":"wl_entity_type","embeddable":true,"href":"https:\/\/www.salzburgerland.com\/de\/magazin\/wp-json\/wp\/v2\/wl_entity_type?post=163203"},{"taxonomy":"monatsauswahl","embeddable":true,"href":"https:\/\/www.salzburgerland.com\/de\/magazin\/wp-json\/wp\/v2\/monatsauswahl?post=163203"}],"curies":[{"name":"wp","href":"https:\/\/api.w.org\/{rel}","templated":true}]}}