{"id":162972,"date":"2022-06-20T08:00:00","date_gmt":"2022-06-20T06:00:00","guid":{"rendered":"https:\/\/www.salzburgerland.com\/de\/magazin\/?p=162972"},"modified":"2022-06-08T16:40:11","modified_gmt":"2022-06-08T14:40:11","slug":"salzburg-abseits-der-touristenpfade","status":"publish","type":"post","link":"https:\/\/www.salzburgerland.com\/de\/magazin\/salzburg-abseits-der-touristenpfade\/","title":{"rendered":"Salzburg abseits der Touristenpfade"},"content":{"rendered":"\n<div class=\"wp-block-slt-top topBlocks\">\n<h2 class=\"wp-block-slt-subtitle\">Top 12 Tipps f\u00fcr einen anderen Blickwinkel auf die Mozartstadt<\/h2>\n\n\n\n<p class=\"wp-block-slt-intro\">Ihr meint, Salzburg schon richtig gut zu kennen, habt alles gesehen und alle Stadtberge erklommen? Oder seid ihr zum ersten Mal hier und wollt neben den Top-Attraktionen auch weniger touristische Facetten der Stadt kennenlernen? Dann lasst euch von unseren Tipps \u00fcberraschen.<\/p>\n<\/div>\n\n\n\n<p>Die imposante Festung am M\u00f6nchsberg, die ber\u00fchmte Getreidegasse mit Mozarts Geburtshaus, den Mirabellgarten mit seinen wundersch\u00f6n angelegten Blumenrabatten \u2013 die meistbesuchten und bekanntesten Sehensw\u00fcrdigkeiten sind in jedem Reisef\u00fchrer ausf\u00fchrlich beschrieben und ein Muss bei einem ersten Besuch in Salzburg. Und doch hat die Landeshauptstadt des SalzburgerLandes auch einige weniger bekannte Pl\u00e4tze, versteckte Winkel und so manche Geheimtipps zu bieten. Manches davon ist ein beliebter Treffpunkt von Einheimischen, manches davon kennen nicht einmal die. Hier kommen unser Top 12 Tipps f\u00fcr Salzburger abseits der Touristenpfade.<\/p>\n\n\n\n<h2 class=\"wp-block-heading\" id=\"h-1-hinauf-auf-das-glockenspiel\">#1 Hinauf auf das Glockenspiel<\/h2>\n\n\n\n<figure class=\"wp-block-image size-full\"><img loading=\"lazy\" decoding=\"async\" width=\"2657\" height=\"1772\" src=\"https:\/\/www.salzburgerland.com\/de\/magazin\/wp-content\/uploads\/2013\/10\/y12l08019.jpg\" alt=\"Gro\u00dfe Kirchenglocken h\u00e4ngen in gew\u00f6lbten \u00d6ffnungen, im Hintergrund sind verschneite D\u00e4cher und Kuppelbauten zu sehen.\" class=\"wp-image-70088\" srcset=\"https:\/\/www.salzburgerland.com\/de\/magazin\/wp-content\/uploads\/2013\/10\/y12l08019.jpg 2657w, https:\/\/www.salzburgerland.com\/de\/magazin\/wp-content\/uploads\/2013\/10\/y12l08019-300x200.jpg 300w, https:\/\/www.salzburgerland.com\/de\/magazin\/wp-content\/uploads\/2013\/10\/y12l08019-825x550.jpg 825w, https:\/\/www.salzburgerland.com\/de\/magazin\/wp-content\/uploads\/2013\/10\/y12l08019-600x400.jpg 600w, https:\/\/www.salzburgerland.com\/de\/magazin\/wp-content\/uploads\/2013\/10\/y12l08019-1320x880.jpg 1320w\" sizes=\"auto, (max-width: 2657px) 100vw, 2657px\" \/><figcaption>Aussicht vom Glockenspiel \u00a9 Ulli Hammerl<\/figcaption><\/figure>\n\n\n\n<p>T\u00e4glich um 7:00, um 11:00 und um 18:00 wird das <a href=\"https:\/\/www.salzburgerland.com\/de\/magazin\/das-salzburger-glockenspiel\/\" target=\"_blank\" rel=\"noreferrer noopener\">Glockenspiel am Residenzplatz<\/a> zum Leben erweckt. Dabei erklingen die Glocken keineswegs jeden Tag mit derselben Melodie, \u00fcber 100 Musikst\u00fcck \u00ad\u2013 von Kl\u00e4ngen aus ber\u00fchmten Mozartopern \u00fcber bekannte Kinderlieder bis zu Volksliedern k\u00f6nnen den Glocken entlockt werden. Da muss man einfach innehalten und lauschen. Man kann aber auch den Turm erklimmen und sich damit nicht nur auf Augenh\u00f6he mit den 35 Glocken, sondern auch mit den Kircht\u00fcrmen ringsum begeben. F\u00fchrungen finden von M\u00e4rz bis Oktober jeweils Donnerstag um 17.30 Uhr und Freitag um 10.30 Uhr statt.<\/p>\n\n\n\n<h2 class=\"wp-block-heading\">#2 Tumblasen von der Festung<\/h2>\n\n\n\n<p>Ohren auf hei\u00dft es auch, wenn die Salzburger Turmbl\u00e4ser unter der Leitung von Horst Hofer, freischaffender Musiker und Lehrer am Musikum, barocke, historische Musikst\u00fccke zum Besten geben. Um auch weithin h\u00f6rbar zu sein, schmettern die Bl\u00e4ser ihre Weisen von einem der Festungst\u00fcrme hinunter in die Altstadt. Zu h\u00f6ren jeden Sonntag um 11:45 Uhr.<\/p>\n\n\n\n<h2 class=\"wp-block-heading\">#3 Mittelalterflair auf der Festung erleben<\/h2>\n\n\n\n<figure class=\"wp-block-image size-full\"><img loading=\"lazy\" decoding=\"async\" width=\"1080\" height=\"607\" src=\"https:\/\/www.salzburgerland.com\/de\/magazin\/wp-content\/uploads\/2022\/06\/Burghof_12304472-TSG.webp\" alt=\"Ein Innenhof mit einem Baum, Picknicktischen und Menschen, die neben einem wei\u00dfen historischen Geb\u00e4ude unter blauem Himmel sitzen.\" class=\"wp-image-162976\" srcset=\"https:\/\/www.salzburgerland.com\/de\/magazin\/wp-content\/uploads\/2022\/06\/Burghof_12304472-TSG.webp 1080w, https:\/\/www.salzburgerland.com\/de\/magazin\/wp-content\/uploads\/2022\/06\/Burghof_12304472-TSG-300x169.webp 300w, https:\/\/www.salzburgerland.com\/de\/magazin\/wp-content\/uploads\/2022\/06\/Burghof_12304472-TSG-979x550.webp 979w, https:\/\/www.salzburgerland.com\/de\/magazin\/wp-content\/uploads\/2022\/06\/Burghof_12304472-TSG-712x400.webp 712w, https:\/\/www.salzburgerland.com\/de\/magazin\/wp-content\/uploads\/2022\/06\/Burghof_12304472-TSG-560x316.webp 560w, https:\/\/www.salzburgerland.com\/de\/magazin\/wp-content\/uploads\/2022\/06\/Burghof_12304472-TSG-250x140.webp 250w, https:\/\/www.salzburgerland.com\/de\/magazin\/wp-content\/uploads\/2022\/06\/Burghof_12304472-TSG-1200x675.webp 1200w, https:\/\/www.salzburgerland.com\/de\/magazin\/wp-content\/uploads\/2022\/06\/Burghof_12304472-TSG-150x84.webp 150w\" sizes=\"auto, (max-width: 1080px) 100vw, 1080px\" \/><figcaption>\u00a9 Tourismus Salzburg &#8211; Burghof der Festung<\/figcaption><\/figure>\n\n\n\n<p>Nat\u00fcrlich zahlt es sich auch immer aus, den steilen Weg hinauf auf die Festung Hohensalzburg auf sich zu nehmen. Die Bahn ab der Festungsgasse ist eine gute Alternative. Allerdings entgehen einmal dabei so manch wunderbare Ausblicke auf die D\u00e4cher und T\u00fcrme der Stadt. Wer die Innenr\u00e4ume der Burganlage schon kennt oder einfach nur ein wenig Mittelalterflair schnuppern m\u00f6chte, dem k\u00f6nnen wir die <a href=\"https:\/\/www.salzburg.info\/de\/veranstaltungen\/veranstaltungskalender\/hohensalzburg-quick-tour_event_12304466\" target=\"_blank\" rel=\"noreferrer noopener\">kostenlose Quick-Tour<\/a> zu den Tagesrandzeiten ans Herz legen. Von Mai bis September jeweils um 9:30 und um 19:00, Dauer 30 Minuten.<\/p>\n\n\n\n<h2 class=\"wp-block-heading\">#4 Sich von der Stupa erleuchten lassen<\/h2>\n\n\n\n<figure class=\"wp-block-image size-full\"><img loading=\"lazy\" decoding=\"async\" width=\"1080\" height=\"607\" src=\"https:\/\/www.salzburgerland.com\/de\/magazin\/wp-content\/uploads\/2022\/06\/Stupa_236832TSG.webp\" alt=\"Ein goldener buddhistischer Stupa mit einer Burg und einem Berg im Hintergrund unter einem klaren blauen Himmel.\" class=\"wp-image-162982\" srcset=\"https:\/\/www.salzburgerland.com\/de\/magazin\/wp-content\/uploads\/2022\/06\/Stupa_236832TSG.webp 1080w, https:\/\/www.salzburgerland.com\/de\/magazin\/wp-content\/uploads\/2022\/06\/Stupa_236832TSG-300x169.webp 300w, https:\/\/www.salzburgerland.com\/de\/magazin\/wp-content\/uploads\/2022\/06\/Stupa_236832TSG-979x550.webp 979w, https:\/\/www.salzburgerland.com\/de\/magazin\/wp-content\/uploads\/2022\/06\/Stupa_236832TSG-712x400.webp 712w, https:\/\/www.salzburgerland.com\/de\/magazin\/wp-content\/uploads\/2022\/06\/Stupa_236832TSG-560x316.webp 560w, https:\/\/www.salzburgerland.com\/de\/magazin\/wp-content\/uploads\/2022\/06\/Stupa_236832TSG-250x140.webp 250w, https:\/\/www.salzburgerland.com\/de\/magazin\/wp-content\/uploads\/2022\/06\/Stupa_236832TSG-1200x675.webp 1200w, https:\/\/www.salzburgerland.com\/de\/magazin\/wp-content\/uploads\/2022\/06\/Stupa_236832TSG-150x84.webp 150w\" sizes=\"auto, (max-width: 1080px) 100vw, 1080px\" \/><figcaption>\u00a9 Tourismus Salzburg &#8211; Stupa am M\u00f6nchsberg<\/figcaption><\/figure>\n\n\n\n<p>Einen herrlichen Blick auf die Festung gibt auch der etwas abseits gelegene Platz am M\u00f6nchsberg frei, auf dem 2011 eine Stupa errichtet wurde. Egal, ob man sich zu den gl\u00e4ubigen Menschen z\u00e4hlt oder nicht, dieser Platz ist ein echter Kraftplatz \u2013 zum Meditieren, Beten oder \u201enur\u201c die Aussicht genie\u00dfen. Man kann die Stupa nat\u00fcrlich auch nach alter tibetischer Tradition im Uhrzeigersinn umrunden und dabei um Gl\u00fcck, Wohlstand und Frieden bitten.<\/p>\n\n\n\n<h2 class=\"wp-block-heading\">#5 Sich im Schachspielen versuchen<\/h2>\n\n\n\n<p>Am Kapitelplatz, direkt neben der nicht zu \u00fcbersehenden goldenen Kugel des K\u00fcnstlers Stephan Balkenhol, findet sich ein Schachfeld mit \u00fcberdimensional gro\u00dfen Figuren. Wer ein Spiel wagen will, findet hier wirklich immer einen (w\u00fcrdigen) Gegenspieler. Und so mancher Zaungast gibt gerne Tipps f\u00fcr den n\u00e4chsten Spielzug. Hier treffen sich Jung und Alt, Einheimische und G\u00e4ste \u2013 Spielen verbindet eben.<\/p>\n\n\n\n<h2 class=\"wp-block-heading\">#6 Ein Besuch im Museum der verlorenen Generationen<\/h2>\n\n\n\n<figure class=\"wp-block-image size-full\"><img loading=\"lazy\" decoding=\"async\" width=\"1600\" height=\"1067\" src=\"https:\/\/www.salzburgerland.com\/de\/magazin\/wp-content\/uploads\/2022\/06\/Kontakt_Cover-1600x1200-1.jpg\" alt=\"Eingangst\u00fcr aus Holz zu einem Museum mit deutschen Schildern und einer Au\u00dfenwand aus Stein und Stuck.\" class=\"wp-image-162978\" srcset=\"https:\/\/www.salzburgerland.com\/de\/magazin\/wp-content\/uploads\/2022\/06\/Kontakt_Cover-1600x1200-1.jpg 1600w, https:\/\/www.salzburgerland.com\/de\/magazin\/wp-content\/uploads\/2022\/06\/Kontakt_Cover-1600x1200-1-300x200.jpg 300w, https:\/\/www.salzburgerland.com\/de\/magazin\/wp-content\/uploads\/2022\/06\/Kontakt_Cover-1600x1200-1-1536x1024.jpg 1536w, https:\/\/www.salzburgerland.com\/de\/magazin\/wp-content\/uploads\/2022\/06\/Kontakt_Cover-1600x1200-1-825x550.jpg 825w, https:\/\/www.salzburgerland.com\/de\/magazin\/wp-content\/uploads\/2022\/06\/Kontakt_Cover-1600x1200-1-600x400.jpg 600w, https:\/\/www.salzburgerland.com\/de\/magazin\/wp-content\/uploads\/2022\/06\/Kontakt_Cover-1600x1200-1-1320x880.jpg 1320w, https:\/\/www.salzburgerland.com\/de\/magazin\/wp-content\/uploads\/2022\/06\/Kontakt_Cover-1600x1200-1-150x100.jpg 150w\" sizes=\"auto, (max-width: 1600px) 100vw, 1600px\" \/><figcaption>\u00a9 Museum der verlorenen Generationen<\/figcaption><\/figure>\n\n\n\n<p>Bei Schlechtwetter bietet sich ein Museumsbesuch an. W\u00e4hrend es an Regentagen im Haus der Natur etwa oder im Spielzeugmuseum hoch hergeht, kann man die Kunstwerke im kleinen <a href=\"https:\/\/verlorene-generation.com\/museum\/\" target=\"_blank\" rel=\"noreferrer noopener\">Museum der verlorenen Generationen<\/a> in der Sigmund-Haffner-Gasse 12 in aller Stille und Ruhe auf sich wirken lassen. Die K\u00fcnstler*innen, deren Werke hier zu sehen sind, wurden durch das nationalsozialistische Regime in ihrer k\u00fcnstlerischen T\u00e4tigkeit massiv eingeschr\u00e4nkt und sind daher einem breiteren Publikum meist unbekannt. Die Sammlung z\u00e4hlt zurzeit etwa 450 Werke, darunter besonders \u00d6lgem\u00e4lde und wird laufend erweitert.<\/p>\n\n\n\n<h2 class=\"wp-block-heading\">#7 Durch den Skulpturenpark spazieren<\/h2>\n\n\n\n<figure class=\"wp-block-image size-full\"><img loading=\"lazy\" decoding=\"async\" width=\"1080\" height=\"607\" src=\"https:\/\/www.salzburgerland.com\/de\/magazin\/wp-content\/uploads\/2022\/06\/Magdalena-Jetelova-Stuhl-2000-Sammlung-Wuerth_333293.webp\" alt=\"Eine gro\u00dfe abstrakte Holzskulptur, die an zwei ineinandergreifende St\u00fchle in einem bewaldeten Au\u00dfenbereich erinnert.\" class=\"wp-image-162979\" srcset=\"https:\/\/www.salzburgerland.com\/de\/magazin\/wp-content\/uploads\/2022\/06\/Magdalena-Jetelova-Stuhl-2000-Sammlung-Wuerth_333293.webp 1080w, https:\/\/www.salzburgerland.com\/de\/magazin\/wp-content\/uploads\/2022\/06\/Magdalena-Jetelova-Stuhl-2000-Sammlung-Wuerth_333293-300x169.webp 300w, https:\/\/www.salzburgerland.com\/de\/magazin\/wp-content\/uploads\/2022\/06\/Magdalena-Jetelova-Stuhl-2000-Sammlung-Wuerth_333293-979x550.webp 979w, https:\/\/www.salzburgerland.com\/de\/magazin\/wp-content\/uploads\/2022\/06\/Magdalena-Jetelova-Stuhl-2000-Sammlung-Wuerth_333293-712x400.webp 712w, https:\/\/www.salzburgerland.com\/de\/magazin\/wp-content\/uploads\/2022\/06\/Magdalena-Jetelova-Stuhl-2000-Sammlung-Wuerth_333293-560x316.webp 560w, https:\/\/www.salzburgerland.com\/de\/magazin\/wp-content\/uploads\/2022\/06\/Magdalena-Jetelova-Stuhl-2000-Sammlung-Wuerth_333293-250x140.webp 250w, https:\/\/www.salzburgerland.com\/de\/magazin\/wp-content\/uploads\/2022\/06\/Magdalena-Jetelova-Stuhl-2000-Sammlung-Wuerth_333293-1200x675.webp 1200w, https:\/\/www.salzburgerland.com\/de\/magazin\/wp-content\/uploads\/2022\/06\/Magdalena-Jetelova-Stuhl-2000-Sammlung-Wuerth_333293-150x84.webp 150w\" sizes=\"auto, (max-width: 1080px) 100vw, 1080px\" \/><figcaption>\u00a9 Sammlung W\u00fcrth  &#8211; Magdalena Jetelov\u00e1, Stuhl 2000<\/figcaption><\/figure>\n\n\n\n<p>Wer kulturaffin ist, dem sei auch ein Besuch im <a href=\"https:\/\/www.salzburg.info\/de\/reiseinfos\/salzburg-a-z\/wuerth-skulpturen-garten-bei-schloss-arenberg_az_4538\" target=\"_blank\" rel=\"noreferrer noopener\">W\u00fcrth Skulpturen Garten<\/a> bei Schloss Arenberg in der Arenbergstra\u00dfe 10 ans Herz gelegt. Von au\u00dfen sichtbar ist der \u00fcberdimensionale Stuhl der K\u00fcnstlerin Magdalena Jetelov\u00e1, die \u00fcbrigen mehr als 20 Kunstwerke f\u00fcgen sich harmonisch in den versteckten, \u00fcberraschend gro\u00dfen Garten ein. Der Eintritt ist frei.<\/p>\n\n\n\n<h2 class=\"wp-block-heading\">#8 Im Volksgarten entspannen<\/h2>\n\n\n\n<figure class=\"wp-block-image size-full\"><img loading=\"lazy\" decoding=\"async\" width=\"1920\" height=\"1440\" src=\"https:\/\/www.salzburgerland.com\/de\/magazin\/wp-content\/uploads\/2022\/06\/Volksgarten.jpg\" alt=\"Ein Springbrunnen verspr\u00fcht Wasser in der Mitte eines gr\u00fcnen Teichs, der von B\u00e4umen umgeben ist, unter einem blauen Himmel mit Wolken.\" class=\"wp-image-163028\" srcset=\"https:\/\/www.salzburgerland.com\/de\/magazin\/wp-content\/uploads\/2022\/06\/Volksgarten.jpg 1920w, https:\/\/www.salzburgerland.com\/de\/magazin\/wp-content\/uploads\/2022\/06\/Volksgarten-300x225.jpg 300w, https:\/\/www.salzburgerland.com\/de\/magazin\/wp-content\/uploads\/2022\/06\/Volksgarten-1536x1152.jpg 1536w, https:\/\/www.salzburgerland.com\/de\/magazin\/wp-content\/uploads\/2022\/06\/Volksgarten-733x550.jpg 733w, https:\/\/www.salzburgerland.com\/de\/magazin\/wp-content\/uploads\/2022\/06\/Volksgarten-140x105.jpg 140w, https:\/\/www.salzburgerland.com\/de\/magazin\/wp-content\/uploads\/2022\/06\/Volksgarten-533x400.jpg 533w, https:\/\/www.salzburgerland.com\/de\/magazin\/wp-content\/uploads\/2022\/06\/Volksgarten-960x720.jpg 960w, https:\/\/www.salzburgerland.com\/de\/magazin\/wp-content\/uploads\/2022\/06\/Volksgarten-1320x990.jpg 1320w, https:\/\/www.salzburgerland.com\/de\/magazin\/wp-content\/uploads\/2022\/06\/Volksgarten-1200x900.jpg 1200w, https:\/\/www.salzburgerland.com\/de\/magazin\/wp-content\/uploads\/2022\/06\/Volksgarten-150x113.jpg 150w\" sizes=\"auto, (max-width: 1920px) 100vw, 1920px\" \/><figcaption>\u00a9 Ulli Hammerl &#8211; Volksgarten<\/figcaption><\/figure>\n\n\n\n<p>Gegen\u00fcber des Skulpturengartens dehnt sich der Volksgarten aus. Das Stadion ist Heimat des Salzburger Eishockeyvereins Red Bull Salzburg, direkt daneben sorgt das Volksgartenbad im Sommer f\u00fcr Badespa\u00df pur. Das Areal rundherum wurde 2022 neu gestaltet und ist eine Oase der Ruhe in unmittelbarer Stadtn\u00e4he. In der Mitte des 1898 errichteten Parks wartet ein Teich mit Springbrunnen und Sitzstufen. Der alte Baumbestand sorgt f\u00fcr angenehm schattige Pl\u00e4tze. W\u00e4hrend die Eltern am Wasser entspannen, erobern die Kinder in Windeseile den 4.000 m<sup>2 <\/sup>gro\u00dfen Spielplatz inklusive Wasserspielplatz. Sportler treffen sich am Beachvolleyballplatz oder powern sich auf&nbsp; Calisthenics-Anlage aus.<br>Volksgarten Salzburg, Hunderwasser Allee, 5020 Salzburg<\/p>\n\n\n\n<h2 class=\"wp-block-heading\">#9 Sich im Almkanal erfrischen<\/h2>\n\n\n\n<figure class=\"wp-block-image size-full\"><img loading=\"lazy\" decoding=\"async\" width=\"1170\" height=\"658\" src=\"https:\/\/www.salzburgerland.com\/de\/magazin\/wp-content\/uploads\/2022\/06\/Almkanal.jpg\" alt=\"An einem sonnigen Tag schwimmen und spazieren die Menschen entlang eines schmalen Kanals, umgeben von gr\u00fcnen B\u00e4umen und Gras.\" class=\"wp-image-162974\" srcset=\"https:\/\/www.salzburgerland.com\/de\/magazin\/wp-content\/uploads\/2022\/06\/Almkanal.jpg 1170w, https:\/\/www.salzburgerland.com\/de\/magazin\/wp-content\/uploads\/2022\/06\/Almkanal-300x169.jpg 300w, https:\/\/www.salzburgerland.com\/de\/magazin\/wp-content\/uploads\/2022\/06\/Almkanal-978x550.jpg 978w, https:\/\/www.salzburgerland.com\/de\/magazin\/wp-content\/uploads\/2022\/06\/Almkanal-711x400.jpg 711w, https:\/\/www.salzburgerland.com\/de\/magazin\/wp-content\/uploads\/2022\/06\/Almkanal-560x316.jpg 560w, https:\/\/www.salzburgerland.com\/de\/magazin\/wp-content\/uploads\/2022\/06\/Almkanal-250x140.jpg 250w, https:\/\/www.salzburgerland.com\/de\/magazin\/wp-content\/uploads\/2022\/06\/Almkanal-1200x675.jpg 1200w, https:\/\/www.salzburgerland.com\/de\/magazin\/wp-content\/uploads\/2022\/06\/Almkanal-150x84.jpg 150w\" sizes=\"auto, (max-width: 1170px) 100vw, 1170px\" \/><figcaption>\u00a9 SalzburgerLand Tourismus &#8211; Erfrischendes Badevergn\u00fcgen in der Alm<\/figcaption><\/figure>\n\n\n\n<p>Nat\u00fcrlich kann es in der Stadt im Sommer auch so richtig hei\u00df werden. Nach dem Sightseeing ist das Abtauchen im kalten Wasser des Almkanals eine wunderbare Erfrischung. Am Fu\u00df des Festungsbergs, am sogenannten Krauth\u00fcgel, verschwindet das Wasser im Berg. Folgt man dem Lauf der \u201eAlm\u201c bergauf, wird man schnell merken, dass sich hier gerne die Jugend von Salzburg tummelt. Es bleibt entlang der Gr\u00fcnstreifen aber immer noch gen\u00fcgend Platz, die Beine ins Wasser baumeln zu lassen. Ganz wagemutige und k\u00e4lteresistente Menschen springen auch gerne von der n\u00e4chsten Br\u00fccke ins kalte Nass und lassen sich ein St\u00fcck treiben. Zugegeben: das braucht ein wenig \u00dcberwindung, zahlt sich aber aus.<\/p>\n\n\n\n<h2 class=\"wp-block-heading\">#10 Die Glasenbachklamm durchwandern<\/h2>\n\n\n\n<figure class=\"wp-block-image size-full\"><img loading=\"lazy\" decoding=\"async\" width=\"1244\" height=\"830\" src=\"https:\/\/www.salzburgerland.com\/de\/magazin\/wp-content\/uploads\/2014\/06\/Glasenbachklamm_3.jpg\" alt=\"Ein sonnenbeschienener, felsiger Bach flie\u00dft durch einen gr\u00fcnen, bewaldeten Canyon mit geschichteten Steinformationen.\" class=\"wp-image-89058\" srcset=\"https:\/\/www.salzburgerland.com\/de\/magazin\/wp-content\/uploads\/2014\/06\/Glasenbachklamm_3.jpg 1244w, https:\/\/www.salzburgerland.com\/de\/magazin\/wp-content\/uploads\/2014\/06\/Glasenbachklamm_3-300x200.jpg 300w, https:\/\/www.salzburgerland.com\/de\/magazin\/wp-content\/uploads\/2014\/06\/Glasenbachklamm_3-824x550.jpg 824w, https:\/\/www.salzburgerland.com\/de\/magazin\/wp-content\/uploads\/2014\/06\/Glasenbachklamm_3-600x400.jpg 600w\" sizes=\"auto, (max-width: 1244px) 100vw, 1244px\" \/><figcaption>\u00a9 SalzburgerLand Tourismus &#8211; Unterwegs in der Glasenbachklamm<\/figcaption><\/figure>\n\n\n\n<p>Mindestens ebenso erfrischend ist eine Wanderung durch die k\u00fchle Glasenbachklamm am s\u00fcdlichen Stadtrand von Salzburg. (Erreichbar mit der O-Bus 7 oder Buslinie 160 bis zur Haltestelle Kreisverkehr Glasenbach). Im Schatten gr\u00fcner B\u00e4ume wandert man hier entlang des romantischen Wildbachs vorbei an kleinen Wasserf\u00e4llen und beeindruckenden Felsformationen. Wer im Hochsommer unterwegs ist, sollte auf jeden Fall Badesachen und Handtuch mit einpacken. Das Wasser ist doch zu verlockend und es finden sich immer auch kleine Schotterb\u00e4nke zum Sonnen und Chillen.<\/p>\n\n\n\n<h2 class=\"wp-block-heading\">#11 Aussicht auf die Stadt genie\u00dfen I<\/h2>\n\n\n\n<figure class=\"wp-block-image size-full\"><img loading=\"lazy\" decoding=\"async\" width=\"1000\" height=\"750\" src=\"https:\/\/www.salzburgerland.com\/de\/magazin\/wp-content\/uploads\/2022\/06\/EM6A2124_1000x750.jpg\" alt=\"Moderne Rooftop-Bar mit Blick auf die Stadt und die Berge in der Abendd\u00e4mmerung, mit gem\u00fctlichen Sitzgelegenheiten und warmer Beleuchtung.\" class=\"wp-image-162977\" srcset=\"https:\/\/www.salzburgerland.com\/de\/magazin\/wp-content\/uploads\/2022\/06\/EM6A2124_1000x750.jpg 1000w, https:\/\/www.salzburgerland.com\/de\/magazin\/wp-content\/uploads\/2022\/06\/EM6A2124_1000x750-300x225.jpg 300w, https:\/\/www.salzburgerland.com\/de\/magazin\/wp-content\/uploads\/2022\/06\/EM6A2124_1000x750-733x550.jpg 733w, https:\/\/www.salzburgerland.com\/de\/magazin\/wp-content\/uploads\/2022\/06\/EM6A2124_1000x750-140x105.jpg 140w, https:\/\/www.salzburgerland.com\/de\/magazin\/wp-content\/uploads\/2022\/06\/EM6A2124_1000x750-533x400.jpg 533w, https:\/\/www.salzburgerland.com\/de\/magazin\/wp-content\/uploads\/2022\/06\/EM6A2124_1000x750-960x720.jpg 960w, https:\/\/www.salzburgerland.com\/de\/magazin\/wp-content\/uploads\/2022\/06\/EM6A2124_1000x750-1200x900.jpg 1200w, https:\/\/www.salzburgerland.com\/de\/magazin\/wp-content\/uploads\/2022\/06\/EM6A2124_1000x750-150x113.jpg 150w\" sizes=\"auto, (max-width: 1000px) 100vw, 1000px\" \/><figcaption>\u00a9 Arte Hotel &#8211; Blick aus der Rooftop-Bar hu:goes14 auf die Skyline von Salzburg <\/figcaption><\/figure>\n\n\n\n<p>Ob Festung, Kirchent\u00fcrme oder Gr\u00fcnoasen \u2013 von oben betrachtet hat jede Stadt ihren ganz eigenen Reiz. Wie w\u00e4re es also, wenn ihr den Tag auf einer der coolen Panoramaterrassen startet oder beginnt? Vom <a href=\"https:\/\/m32.at\/\" target=\"_blank\" rel=\"noreferrer noopener\">M32 am M\u00f6nchsberg<\/a> \u00fcber die<a href=\"https:\/\/imlauer.com\/imlauer-sky-bar-restaurant\/\" target=\"_blank\" rel=\"noreferrer noopener\"> Imlauer Skybar<\/a> und die <a href=\"https:\/\/buch.stadt-salzburg.at\/Fakten\/Info-Kontakt\/Panoramabar\" target=\"_blank\" rel=\"noreferrer noopener\">Panoramabar der Stadtb\u00fccherei<\/a> in Lehen bis hin zum <a href=\"https:\/\/www.arte-salzburg.at\/hotel\/hugoes14\" target=\"_blank\" rel=\"noreferrer noopener\">hu:goes14<\/a>, der Rooftop-Bar im arte Hotel Salzburg, dem zweith\u00f6chsten Geb\u00e4ude der Stadt \u2013 jeder Blick von oben ist einzigartig oder jeder Blick von oben ist anders.<\/p>\n\n\n\n<h2 class=\"wp-block-heading\">#12 Aussicht auf die Stadt genie\u00dfen II<\/h2>\n\n\n\n<figure class=\"wp-block-image size-full\"><img loading=\"lazy\" decoding=\"async\" width=\"1080\" height=\"607\" src=\"https:\/\/www.salzburgerland.com\/de\/magazin\/wp-content\/uploads\/2022\/06\/Ausblick-vom-Gaisberg-auf-Salzburg-und-die-Berge_1883999.webp\" alt=\"Panoramablick auf eine Stadt mit Feldern und Bergen im Hintergrund unter blauem Himmel.\" class=\"wp-image-162975\" srcset=\"https:\/\/www.salzburgerland.com\/de\/magazin\/wp-content\/uploads\/2022\/06\/Ausblick-vom-Gaisberg-auf-Salzburg-und-die-Berge_1883999.webp 1080w, https:\/\/www.salzburgerland.com\/de\/magazin\/wp-content\/uploads\/2022\/06\/Ausblick-vom-Gaisberg-auf-Salzburg-und-die-Berge_1883999-300x169.webp 300w, https:\/\/www.salzburgerland.com\/de\/magazin\/wp-content\/uploads\/2022\/06\/Ausblick-vom-Gaisberg-auf-Salzburg-und-die-Berge_1883999-979x550.webp 979w, https:\/\/www.salzburgerland.com\/de\/magazin\/wp-content\/uploads\/2022\/06\/Ausblick-vom-Gaisberg-auf-Salzburg-und-die-Berge_1883999-712x400.webp 712w, https:\/\/www.salzburgerland.com\/de\/magazin\/wp-content\/uploads\/2022\/06\/Ausblick-vom-Gaisberg-auf-Salzburg-und-die-Berge_1883999-560x316.webp 560w, https:\/\/www.salzburgerland.com\/de\/magazin\/wp-content\/uploads\/2022\/06\/Ausblick-vom-Gaisberg-auf-Salzburg-und-die-Berge_1883999-250x140.webp 250w, https:\/\/www.salzburgerland.com\/de\/magazin\/wp-content\/uploads\/2022\/06\/Ausblick-vom-Gaisberg-auf-Salzburg-und-die-Berge_1883999-1200x675.webp 1200w, https:\/\/www.salzburgerland.com\/de\/magazin\/wp-content\/uploads\/2022\/06\/Ausblick-vom-Gaisberg-auf-Salzburg-und-die-Berge_1883999-150x84.webp 150w\" sizes=\"auto, (max-width: 1080px) 100vw, 1080px\" \/><figcaption>\u00a9 Tourismus Salzburg &#8211; Weitblick vom Gaisberggipfel<\/figcaption><\/figure>\n\n\n\n<p>Ihr habt noch nicht genug von Salzburg aus der Vogelperspektive? Dann haben wir noch einen letzten Tipp f\u00fcr euch. Der Sonnenuntergang am Gaisberg l\u00e4sst nicht nur die Herzen von Romantikern h\u00f6herschlagen. Der Blick von hier oben schweift \u00fcber die D\u00e4cher der Stadt tief unten (immerhin befindet sich die Spitze des Gaisbergs auf gut 1.300 m w\u00e4hrend die Stadt auf rund 420 m Seeh\u00f6he liegt) bis ins Salzburger Seenland, ins angrenzende Bayern und im S\u00fcden bis zum Tennengebirge. Hinauf auf den Berg kommt man entweder zu Fu\u00df, mit dem Auto oder mit dem Bus (Linie 151 ab Mirabellplatz).<\/p>\n","protected":false},"excerpt":{"rendered":"<p>Die imposante Festung am M\u00f6nchsberg, die ber\u00fchmte Getreidegasse mit Mozarts Geburtshaus, den Mirabellgarten mit seinen wundersch\u00f6n angelegten Blumenrabatten \u2013 die meistbesuchten und bekanntesten Sehensw\u00fcrdigkeiten sind in jedem Reisef\u00fchrer ausf\u00fchrlich beschrieben und ein Muss bei einem ersten Besuch in Salzburg. Und doch hat die Landeshauptstadt des SalzburgerLandes auch einige weniger bekannte Pl\u00e4tze, versteckte Winkel und so [&hellip;]<\/p>\n","protected":false},"author":90,"featured_media":162980,"comment_status":"closed","ping_status":"closed","sticky":false,"template":"","format":"standard","meta":{"_acf_changed":false,"wl_entities_gutenberg":"","_wl_entity_redirect_enabled":"","footnotes":""},"categories":[9],"tags":[],"wl_entity_type":[306],"monatsauswahl":[],"class_list":["post-162972","post","type-post","status-publish","format-standard","has-post-thumbnail","hentry","category-sehenswurdig","wl_entity_type-article"],"acf":[],"yoast_head":"<!-- This site is optimized with the Yoast SEO Premium plugin v27.4 (Yoast SEO v27.4) - https:\/\/yoast.com\/product\/yoast-seo-premium-wordpress\/ -->\n<title>Salzburg abseits der Touristenpfade - SalzburgerLand Magazin<\/title>\n<meta name=\"robots\" content=\"index, follow, max-snippet:-1, max-image-preview:large, max-video-preview:-1\" \/>\n<link rel=\"canonical\" href=\"https:\/\/www.salzburgerland.com\/de\/magazin\/salzburg-abseits-der-touristenpfade\/\" \/>\n<meta property=\"og:locale\" content=\"de_DE\" \/>\n<meta property=\"og:type\" content=\"article\" \/>\n<meta property=\"og:title\" content=\"Salzburg abseits der Touristenpfade\" \/>\n<meta property=\"og:description\" content=\"Die imposante Festung am M\u00f6nchsberg, die ber\u00fchmte Getreidegasse mit Mozarts Geburtshaus, den Mirabellgarten mit seinen wundersch\u00f6n angelegten Blumenrabatten \u2013 die meistbesuchten und bekanntesten Sehensw\u00fcrdigkeiten sind in jedem Reisef\u00fchrer ausf\u00fchrlich beschrieben und ein Muss bei einem ersten Besuch in Salzburg. Und doch hat die Landeshauptstadt des SalzburgerLandes auch einige weniger bekannte Pl\u00e4tze, versteckte Winkel und so [&hellip;]\" \/>\n<meta property=\"og:url\" content=\"https:\/\/www.salzburgerland.com\/de\/magazin\/salzburg-abseits-der-touristenpfade\/\" \/>\n<meta property=\"og:site_name\" content=\"SalzburgerLand Magazin\" \/>\n<meta property=\"article:publisher\" content=\"https:\/\/www.facebook.com\/salzburgerland\/\" \/>\n<meta property=\"article:published_time\" content=\"2022-06-20T06:00:00+00:00\" \/>\n<meta property=\"og:image\" content=\"https:\/\/www.salzburgerland.com\/de\/magazin\/wp-content\/uploads\/2022\/06\/RS3556_200417_MenschenleeresSalzburg_SLT_plangwallner-108-lpr.jpg\" \/>\n\t<meta property=\"og:image:width\" content=\"1920\" \/>\n\t<meta property=\"og:image:height\" content=\"1280\" \/>\n\t<meta property=\"og:image:type\" content=\"image\/jpeg\" \/>\n<meta name=\"author\" content=\"Ulli Hammerl\" \/>\n<meta name=\"twitter:card\" content=\"summary_large_image\" \/>\n<meta name=\"twitter:creator\" content=\"@Salzburgerland\" \/>\n<meta name=\"twitter:site\" content=\"@Salzburgerland\" \/>\n<meta name=\"twitter:label1\" content=\"Verfasst von\" \/>\n\t<meta name=\"twitter:data1\" content=\"Ulli Hammerl\" \/>\n\t<meta name=\"twitter:label2\" content=\"Gesch\u00e4tzte Lesezeit\" \/>\n\t<meta name=\"twitter:data2\" content=\"9\u00a0Minuten\" \/>\n<script type=\"application\/ld+json\" class=\"yoast-schema-graph\">{\"@context\":\"https:\\\/\\\/schema.org\",\"@graph\":[{\"@type\":\"Article\",\"@id\":\"https:\\\/\\\/www.salzburgerland.com\\\/de\\\/magazin\\\/salzburg-abseits-der-touristenpfade\\\/#article\",\"isPartOf\":{\"@id\":\"https:\\\/\\\/www.salzburgerland.com\\\/de\\\/magazin\\\/salzburg-abseits-der-touristenpfade\\\/\"},\"author\":{\"name\":\"Ulli Hammerl\",\"@id\":\"https:\\\/\\\/www.salzburgerland.com\\\/de\\\/magazin\\\/#\\\/schema\\\/person\\\/a55a4fee1009b9e458d298480a18a9f7\"},\"headline\":\"Salzburg abseits der Touristenpfade\",\"datePublished\":\"2022-06-20T06:00:00+00:00\",\"mainEntityOfPage\":{\"@id\":\"https:\\\/\\\/www.salzburgerland.com\\\/de\\\/magazin\\\/salzburg-abseits-der-touristenpfade\\\/\"},\"wordCount\":1283,\"publisher\":{\"@id\":\"https:\\\/\\\/www.salzburgerland.com\\\/de\\\/magazin\\\/#organization\"},\"image\":{\"@id\":\"https:\\\/\\\/www.salzburgerland.com\\\/de\\\/magazin\\\/salzburg-abseits-der-touristenpfade\\\/#primaryimage\"},\"thumbnailUrl\":\"https:\\\/\\\/www.salzburgerland.com\\\/de\\\/magazin\\\/wp-content\\\/uploads\\\/2022\\\/06\\\/RS3556_200417_MenschenleeresSalzburg_SLT_plangwallner-108-lpr.jpg\",\"articleSection\":[\"Sehensw\u00fcrdig\"],\"inLanguage\":\"de\"},{\"@type\":\"WebPage\",\"@id\":\"https:\\\/\\\/www.salzburgerland.com\\\/de\\\/magazin\\\/salzburg-abseits-der-touristenpfade\\\/\",\"url\":\"https:\\\/\\\/www.salzburgerland.com\\\/de\\\/magazin\\\/salzburg-abseits-der-touristenpfade\\\/\",\"name\":\"Salzburg abseits der Touristenpfade - SalzburgerLand Magazin\",\"isPartOf\":{\"@id\":\"https:\\\/\\\/www.salzburgerland.com\\\/de\\\/magazin\\\/#website\"},\"primaryImageOfPage\":{\"@id\":\"https:\\\/\\\/www.salzburgerland.com\\\/de\\\/magazin\\\/salzburg-abseits-der-touristenpfade\\\/#primaryimage\"},\"image\":{\"@id\":\"https:\\\/\\\/www.salzburgerland.com\\\/de\\\/magazin\\\/salzburg-abseits-der-touristenpfade\\\/#primaryimage\"},\"thumbnailUrl\":\"https:\\\/\\\/www.salzburgerland.com\\\/de\\\/magazin\\\/wp-content\\\/uploads\\\/2022\\\/06\\\/RS3556_200417_MenschenleeresSalzburg_SLT_plangwallner-108-lpr.jpg\",\"datePublished\":\"2022-06-20T06:00:00+00:00\",\"breadcrumb\":{\"@id\":\"https:\\\/\\\/www.salzburgerland.com\\\/de\\\/magazin\\\/salzburg-abseits-der-touristenpfade\\\/#breadcrumb\"},\"inLanguage\":\"de\",\"potentialAction\":[{\"@type\":\"ReadAction\",\"target\":[\"https:\\\/\\\/www.salzburgerland.com\\\/de\\\/magazin\\\/salzburg-abseits-der-touristenpfade\\\/\"]}]},{\"@type\":\"ImageObject\",\"inLanguage\":\"de\",\"@id\":\"https:\\\/\\\/www.salzburgerland.com\\\/de\\\/magazin\\\/salzburg-abseits-der-touristenpfade\\\/#primaryimage\",\"url\":\"https:\\\/\\\/www.salzburgerland.com\\\/de\\\/magazin\\\/wp-content\\\/uploads\\\/2022\\\/06\\\/RS3556_200417_MenschenleeresSalzburg_SLT_plangwallner-108-lpr.jpg\",\"contentUrl\":\"https:\\\/\\\/www.salzburgerland.com\\\/de\\\/magazin\\\/wp-content\\\/uploads\\\/2022\\\/06\\\/RS3556_200417_MenschenleeresSalzburg_SLT_plangwallner-108-lpr.jpg\",\"width\":1920,\"height\":1280,\"caption\":\"\u00a9 SalzburgerLand Tourismus, Langwallner\"},{\"@type\":\"BreadcrumbList\",\"@id\":\"https:\\\/\\\/www.salzburgerland.com\\\/de\\\/magazin\\\/salzburg-abseits-der-touristenpfade\\\/#breadcrumb\",\"itemListElement\":[{\"@type\":\"ListItem\",\"position\":1,\"name\":\"Startseite\",\"item\":\"https:\\\/\\\/www.salzburgerland.com\\\/de\\\/magazin\\\/\"},{\"@type\":\"ListItem\",\"position\":2,\"name\":\"Sehensw\u00fcrdig\",\"item\":\"https:\\\/\\\/www.salzburgerland.com\\\/de\\\/magazin\\\/thema\\\/sehenswurdig\\\/\"},{\"@type\":\"ListItem\",\"position\":3,\"name\":\"Salzburg abseits der Touristenpfade\"}]},{\"@type\":\"WebSite\",\"@id\":\"https:\\\/\\\/www.salzburgerland.com\\\/de\\\/magazin\\\/#website\",\"url\":\"https:\\\/\\\/www.salzburgerland.com\\\/de\\\/magazin\\\/\",\"name\":\"SalzburgerLand Magazin\",\"description\":\"Geschichten und Interessantes aus dem SalzburgerLand\",\"publisher\":{\"@id\":\"https:\\\/\\\/www.salzburgerland.com\\\/de\\\/magazin\\\/#organization\"},\"potentialAction\":[{\"@type\":\"SearchAction\",\"target\":{\"@type\":\"EntryPoint\",\"urlTemplate\":\"https:\\\/\\\/www.salzburgerland.com\\\/de\\\/magazin\\\/?s={search_term_string}\"},\"query-input\":{\"@type\":\"PropertyValueSpecification\",\"valueRequired\":true,\"valueName\":\"search_term_string\"}}],\"inLanguage\":\"de\"},{\"@type\":\"Organization\",\"@id\":\"https:\\\/\\\/www.salzburgerland.com\\\/de\\\/magazin\\\/#organization\",\"name\":\"SalzburgerLand Tourismus\",\"url\":\"https:\\\/\\\/www.salzburgerland.com\\\/de\\\/magazin\\\/\",\"logo\":{\"@type\":\"ImageObject\",\"inLanguage\":\"de\",\"@id\":\"https:\\\/\\\/www.salzburgerland.com\\\/de\\\/magazin\\\/#\\\/schema\\\/logo\\\/image\\\/\",\"url\":\"https:\\\/\\\/www.salzburgerland.com\\\/de\\\/magazin\\\/wp-content\\\/uploads\\\/2019\\\/06\\\/salzburgerland-logo1.jpg\",\"contentUrl\":\"https:\\\/\\\/www.salzburgerland.com\\\/de\\\/magazin\\\/wp-content\\\/uploads\\\/2019\\\/06\\\/salzburgerland-logo1.jpg\",\"width\":2011,\"height\":866,\"caption\":\"SalzburgerLand Tourismus\"},\"image\":{\"@id\":\"https:\\\/\\\/www.salzburgerland.com\\\/de\\\/magazin\\\/#\\\/schema\\\/logo\\\/image\\\/\"},\"sameAs\":[\"https:\\\/\\\/www.facebook.com\\\/salzburgerland\\\/\",\"https:\\\/\\\/x.com\\\/Salzburgerland\",\"https:\\\/\\\/www.instagram.com\\\/salzburgerland\\\/\",\"https:\\\/\\\/at.linkedin.com\\\/company\\\/salzburgerland-tourismus-gmbh\",\"https:\\\/\\\/www.pinterest.at\\\/salzburgerland\\\/\",\"https:\\\/\\\/www.youtube.com\\\/user\\\/salzburgerland\",\"https:\\\/\\\/de.wikipedia.org\\\/wiki\\\/SalzburgerLand_Tourismus_GmbH\"]},{\"@type\":\"Person\",\"@id\":\"https:\\\/\\\/www.salzburgerland.com\\\/de\\\/magazin\\\/#\\\/schema\\\/person\\\/a55a4fee1009b9e458d298480a18a9f7\",\"name\":\"Ulli Hammerl\",\"description\":\"Geboren und aufgewachsen in der Stadt Salzburg war Ulli Hammerl fr\u00fch bewusst, in einer der sch\u00f6nsten St\u00e4dte der Welt zu leben. So ist sie auch w\u00e4hrend ihres Studiums der Kommunikationswissenschaft und \u00d6kologie ihrer Heimatstadt treu geblieben. Gleich nach dem Studium ist sie zu SalzburgerLand Tourismus (SLTG) gegangen und hat hier von 1998 - 2004 u.a. die SalzburgerLand Card betreut. Dabei ist sie viel herumgekommen, wodurch auch die Liebe zum SalzburgerLand enstanden und gewachsen ist. Nach der Geburt ihrer Tochter im September 2004 hat sich Ulli Hammerl 2007 mit einer Agentur selbst\u00e4ndig gemacht. Mein pers\u00f6nlicher Logenplatz: Hoch \u00fcber Salzburg, abseits der stark begangenen Wege mit Blick auf die D\u00e4cher und Kircht\u00fcrme der Stadt \u2013 hier geht mir das Herz auf! Morgen- oder Abendmensch: Ganz klar: Morgenmensch. Wenn um 5.00 Uhr fr\u00fch die V\u00f6gel zwitschern und rund herum noch alles in tiefer Ruhe versinkt, dann ist meine Zeit. Ausgeschlafen, Energie geladen und voller Tatendrang starte ich am liebsten in den fr\u00fchen Morgenstunden in den Tag. Daf\u00fcr kann man nach 21.00 Uhr nicht mehr mit mir rechnen. Buch oder Film: Es gibt nichts Sch\u00f6neres, als es sich am Ende des Tages auf der Couch gem\u00fctlich zu machen und in die Gedankenwelt eines guten Buches einzutauchen \u2013 Lesen ist Abenteuer im Kopf. Wandern, Spazierengehen oder Laufen: alles drei und zwar am besten jeden Tag. Mit ein bisschen Zeiteinteilung geht es sich tats\u00e4chlich fast gehen Tag aus, drau\u00dfen unterwegs zu sein. Fr\u00fchling, Sommer, Herbst oder Winter: Ich kann es im Fr\u00fchling kaum erwarten, die ersten Gr\u00fcnschattierungen in der Natur zu entdecken. Ich liebe hei\u00dfe Sommertage am See und laue Sommerabende am Balkon. Ich mag es, wenn im Herbst die W\u00e4lder in einem Meer aus Farben erstrahlen, Laubrascheln und Kastanien sammeln. Und ich freue mich wie ein Kind, wenn im Dezember die ersten Schneeflocken vom Himmel schweben. Die vier Jahreszeiten sind etwas Wunderbares.\",\"url\":\"https:\\\/\\\/www.salzburgerland.com\\\/de\\\/magazin\\\/author\\\/ulli-hammerl\\\/\"}]}<\/script>\n<!-- \/ Yoast SEO Premium plugin. -->","yoast_head_json":{"title":"Salzburg abseits der Touristenpfade - SalzburgerLand Magazin","robots":{"index":"index","follow":"follow","max-snippet":"max-snippet:-1","max-image-preview":"max-image-preview:large","max-video-preview":"max-video-preview:-1"},"canonical":"https:\/\/www.salzburgerland.com\/de\/magazin\/salzburg-abseits-der-touristenpfade\/","og_locale":"de_DE","og_type":"article","og_title":"Salzburg abseits der Touristenpfade","og_description":"Die imposante Festung am M\u00f6nchsberg, die ber\u00fchmte Getreidegasse mit Mozarts Geburtshaus, den Mirabellgarten mit seinen wundersch\u00f6n angelegten Blumenrabatten \u2013 die meistbesuchten und bekanntesten Sehensw\u00fcrdigkeiten sind in jedem Reisef\u00fchrer ausf\u00fchrlich beschrieben und ein Muss bei einem ersten Besuch in Salzburg. Und doch hat die Landeshauptstadt des SalzburgerLandes auch einige weniger bekannte Pl\u00e4tze, versteckte Winkel und so [&hellip;]","og_url":"https:\/\/www.salzburgerland.com\/de\/magazin\/salzburg-abseits-der-touristenpfade\/","og_site_name":"SalzburgerLand Magazin","article_publisher":"https:\/\/www.facebook.com\/salzburgerland\/","article_published_time":"2022-06-20T06:00:00+00:00","og_image":[{"width":1920,"height":1280,"url":"https:\/\/www.salzburgerland.com\/de\/magazin\/wp-content\/uploads\/2022\/06\/RS3556_200417_MenschenleeresSalzburg_SLT_plangwallner-108-lpr.jpg","type":"image\/jpeg"}],"author":"Ulli Hammerl","twitter_card":"summary_large_image","twitter_creator":"@Salzburgerland","twitter_site":"@Salzburgerland","twitter_misc":{"Verfasst von":"Ulli Hammerl","Gesch\u00e4tzte Lesezeit":"9\u00a0Minuten"},"schema":{"@context":"https:\/\/schema.org","@graph":[{"@type":"Article","@id":"https:\/\/www.salzburgerland.com\/de\/magazin\/salzburg-abseits-der-touristenpfade\/#article","isPartOf":{"@id":"https:\/\/www.salzburgerland.com\/de\/magazin\/salzburg-abseits-der-touristenpfade\/"},"author":{"name":"Ulli Hammerl","@id":"https:\/\/www.salzburgerland.com\/de\/magazin\/#\/schema\/person\/a55a4fee1009b9e458d298480a18a9f7"},"headline":"Salzburg abseits der Touristenpfade","datePublished":"2022-06-20T06:00:00+00:00","mainEntityOfPage":{"@id":"https:\/\/www.salzburgerland.com\/de\/magazin\/salzburg-abseits-der-touristenpfade\/"},"wordCount":1283,"publisher":{"@id":"https:\/\/www.salzburgerland.com\/de\/magazin\/#organization"},"image":{"@id":"https:\/\/www.salzburgerland.com\/de\/magazin\/salzburg-abseits-der-touristenpfade\/#primaryimage"},"thumbnailUrl":"https:\/\/www.salzburgerland.com\/de\/magazin\/wp-content\/uploads\/2022\/06\/RS3556_200417_MenschenleeresSalzburg_SLT_plangwallner-108-lpr.jpg","articleSection":["Sehensw\u00fcrdig"],"inLanguage":"de"},{"@type":"WebPage","@id":"https:\/\/www.salzburgerland.com\/de\/magazin\/salzburg-abseits-der-touristenpfade\/","url":"https:\/\/www.salzburgerland.com\/de\/magazin\/salzburg-abseits-der-touristenpfade\/","name":"Salzburg abseits der Touristenpfade - SalzburgerLand Magazin","isPartOf":{"@id":"https:\/\/www.salzburgerland.com\/de\/magazin\/#website"},"primaryImageOfPage":{"@id":"https:\/\/www.salzburgerland.com\/de\/magazin\/salzburg-abseits-der-touristenpfade\/#primaryimage"},"image":{"@id":"https:\/\/www.salzburgerland.com\/de\/magazin\/salzburg-abseits-der-touristenpfade\/#primaryimage"},"thumbnailUrl":"https:\/\/www.salzburgerland.com\/de\/magazin\/wp-content\/uploads\/2022\/06\/RS3556_200417_MenschenleeresSalzburg_SLT_plangwallner-108-lpr.jpg","datePublished":"2022-06-20T06:00:00+00:00","breadcrumb":{"@id":"https:\/\/www.salzburgerland.com\/de\/magazin\/salzburg-abseits-der-touristenpfade\/#breadcrumb"},"inLanguage":"de","potentialAction":[{"@type":"ReadAction","target":["https:\/\/www.salzburgerland.com\/de\/magazin\/salzburg-abseits-der-touristenpfade\/"]}]},{"@type":"ImageObject","inLanguage":"de","@id":"https:\/\/www.salzburgerland.com\/de\/magazin\/salzburg-abseits-der-touristenpfade\/#primaryimage","url":"https:\/\/www.salzburgerland.com\/de\/magazin\/wp-content\/uploads\/2022\/06\/RS3556_200417_MenschenleeresSalzburg_SLT_plangwallner-108-lpr.jpg","contentUrl":"https:\/\/www.salzburgerland.com\/de\/magazin\/wp-content\/uploads\/2022\/06\/RS3556_200417_MenschenleeresSalzburg_SLT_plangwallner-108-lpr.jpg","width":1920,"height":1280,"caption":"\u00a9 SalzburgerLand Tourismus, Langwallner"},{"@type":"BreadcrumbList","@id":"https:\/\/www.salzburgerland.com\/de\/magazin\/salzburg-abseits-der-touristenpfade\/#breadcrumb","itemListElement":[{"@type":"ListItem","position":1,"name":"Startseite","item":"https:\/\/www.salzburgerland.com\/de\/magazin\/"},{"@type":"ListItem","position":2,"name":"Sehensw\u00fcrdig","item":"https:\/\/www.salzburgerland.com\/de\/magazin\/thema\/sehenswurdig\/"},{"@type":"ListItem","position":3,"name":"Salzburg abseits der Touristenpfade"}]},{"@type":"WebSite","@id":"https:\/\/www.salzburgerland.com\/de\/magazin\/#website","url":"https:\/\/www.salzburgerland.com\/de\/magazin\/","name":"SalzburgerLand Magazin","description":"Geschichten und Interessantes aus dem SalzburgerLand","publisher":{"@id":"https:\/\/www.salzburgerland.com\/de\/magazin\/#organization"},"potentialAction":[{"@type":"SearchAction","target":{"@type":"EntryPoint","urlTemplate":"https:\/\/www.salzburgerland.com\/de\/magazin\/?s={search_term_string}"},"query-input":{"@type":"PropertyValueSpecification","valueRequired":true,"valueName":"search_term_string"}}],"inLanguage":"de"},{"@type":"Organization","@id":"https:\/\/www.salzburgerland.com\/de\/magazin\/#organization","name":"SalzburgerLand Tourismus","url":"https:\/\/www.salzburgerland.com\/de\/magazin\/","logo":{"@type":"ImageObject","inLanguage":"de","@id":"https:\/\/www.salzburgerland.com\/de\/magazin\/#\/schema\/logo\/image\/","url":"https:\/\/www.salzburgerland.com\/de\/magazin\/wp-content\/uploads\/2019\/06\/salzburgerland-logo1.jpg","contentUrl":"https:\/\/www.salzburgerland.com\/de\/magazin\/wp-content\/uploads\/2019\/06\/salzburgerland-logo1.jpg","width":2011,"height":866,"caption":"SalzburgerLand Tourismus"},"image":{"@id":"https:\/\/www.salzburgerland.com\/de\/magazin\/#\/schema\/logo\/image\/"},"sameAs":["https:\/\/www.facebook.com\/salzburgerland\/","https:\/\/x.com\/Salzburgerland","https:\/\/www.instagram.com\/salzburgerland\/","https:\/\/at.linkedin.com\/company\/salzburgerland-tourismus-gmbh","https:\/\/www.pinterest.at\/salzburgerland\/","https:\/\/www.youtube.com\/user\/salzburgerland","https:\/\/de.wikipedia.org\/wiki\/SalzburgerLand_Tourismus_GmbH"]},{"@type":"Person","@id":"https:\/\/www.salzburgerland.com\/de\/magazin\/#\/schema\/person\/a55a4fee1009b9e458d298480a18a9f7","name":"Ulli Hammerl","description":"Geboren und aufgewachsen in der Stadt Salzburg war Ulli Hammerl fr\u00fch bewusst, in einer der sch\u00f6nsten St\u00e4dte der Welt zu leben. So ist sie auch w\u00e4hrend ihres Studiums der Kommunikationswissenschaft und \u00d6kologie ihrer Heimatstadt treu geblieben. Gleich nach dem Studium ist sie zu SalzburgerLand Tourismus (SLTG) gegangen und hat hier von 1998 - 2004 u.a. die SalzburgerLand Card betreut. Dabei ist sie viel herumgekommen, wodurch auch die Liebe zum SalzburgerLand enstanden und gewachsen ist. Nach der Geburt ihrer Tochter im September 2004 hat sich Ulli Hammerl 2007 mit einer Agentur selbst\u00e4ndig gemacht. Mein pers\u00f6nlicher Logenplatz: Hoch \u00fcber Salzburg, abseits der stark begangenen Wege mit Blick auf die D\u00e4cher und Kircht\u00fcrme der Stadt \u2013 hier geht mir das Herz auf! Morgen- oder Abendmensch: Ganz klar: Morgenmensch. Wenn um 5.00 Uhr fr\u00fch die V\u00f6gel zwitschern und rund herum noch alles in tiefer Ruhe versinkt, dann ist meine Zeit. Ausgeschlafen, Energie geladen und voller Tatendrang starte ich am liebsten in den fr\u00fchen Morgenstunden in den Tag. Daf\u00fcr kann man nach 21.00 Uhr nicht mehr mit mir rechnen. Buch oder Film: Es gibt nichts Sch\u00f6neres, als es sich am Ende des Tages auf der Couch gem\u00fctlich zu machen und in die Gedankenwelt eines guten Buches einzutauchen \u2013 Lesen ist Abenteuer im Kopf. Wandern, Spazierengehen oder Laufen: alles drei und zwar am besten jeden Tag. Mit ein bisschen Zeiteinteilung geht es sich tats\u00e4chlich fast gehen Tag aus, drau\u00dfen unterwegs zu sein. Fr\u00fchling, Sommer, Herbst oder Winter: Ich kann es im Fr\u00fchling kaum erwarten, die ersten Gr\u00fcnschattierungen in der Natur zu entdecken. Ich liebe hei\u00dfe Sommertage am See und laue Sommerabende am Balkon. Ich mag es, wenn im Herbst die W\u00e4lder in einem Meer aus Farben erstrahlen, Laubrascheln und Kastanien sammeln. Und ich freue mich wie ein Kind, wenn im Dezember die ersten Schneeflocken vom Himmel schweben. Die vier Jahreszeiten sind etwas Wunderbares.","url":"https:\/\/www.salzburgerland.com\/de\/magazin\/author\/ulli-hammerl\/"}]}},"_wl_alt_label":[],"wl:entity_url":"http:\/\/open.salzburgerland.com\/magazin\/post\/-162972","_links":{"self":[{"href":"https:\/\/www.salzburgerland.com\/de\/magazin\/wp-json\/wp\/v2\/posts\/162972","targetHints":{"allow":["GET"]}}],"collection":[{"href":"https:\/\/www.salzburgerland.com\/de\/magazin\/wp-json\/wp\/v2\/posts"}],"about":[{"href":"https:\/\/www.salzburgerland.com\/de\/magazin\/wp-json\/wp\/v2\/types\/post"}],"author":[{"embeddable":true,"href":"https:\/\/www.salzburgerland.com\/de\/magazin\/wp-json\/wp\/v2\/users\/90"}],"replies":[{"embeddable":true,"href":"https:\/\/www.salzburgerland.com\/de\/magazin\/wp-json\/wp\/v2\/comments?post=162972"}],"version-history":[{"count":4,"href":"https:\/\/www.salzburgerland.com\/de\/magazin\/wp-json\/wp\/v2\/posts\/162972\/revisions"}],"predecessor-version":[{"id":163029,"href":"https:\/\/www.salzburgerland.com\/de\/magazin\/wp-json\/wp\/v2\/posts\/162972\/revisions\/163029"}],"wp:featuredmedia":[{"embeddable":true,"href":"https:\/\/www.salzburgerland.com\/de\/magazin\/wp-json\/wp\/v2\/media\/162980"}],"wp:attachment":[{"href":"https:\/\/www.salzburgerland.com\/de\/magazin\/wp-json\/wp\/v2\/media?parent=162972"}],"wp:term":[{"taxonomy":"category","embeddable":true,"href":"https:\/\/www.salzburgerland.com\/de\/magazin\/wp-json\/wp\/v2\/categories?post=162972"},{"taxonomy":"post_tag","embeddable":true,"href":"https:\/\/www.salzburgerland.com\/de\/magazin\/wp-json\/wp\/v2\/tags?post=162972"},{"taxonomy":"wl_entity_type","embeddable":true,"href":"https:\/\/www.salzburgerland.com\/de\/magazin\/wp-json\/wp\/v2\/wl_entity_type?post=162972"},{"taxonomy":"monatsauswahl","embeddable":true,"href":"https:\/\/www.salzburgerland.com\/de\/magazin\/wp-json\/wp\/v2\/monatsauswahl?post=162972"}],"curies":[{"name":"wp","href":"https:\/\/api.w.org\/{rel}","templated":true}]}}