{"id":162580,"date":"2022-05-23T09:56:05","date_gmt":"2022-05-23T07:56:05","guid":{"rendered":"https:\/\/www.salzburgerland.com\/de\/magazin\/?p=162580"},"modified":"2025-06-10T14:44:01","modified_gmt":"2025-06-10T12:44:01","slug":"golf-und-kultur","status":"publish","type":"post","link":"https:\/\/www.salzburgerland.com\/de\/magazin\/golf-und-kultur\/","title":{"rendered":"Golf und Kultur"},"content":{"rendered":"\n<div class=\"wp-block-slt-top topBlocks\">\n<h2 class=\"wp-block-slt-subtitle\">Die perfekte Kombination f\u00fcr Genie\u00dfer <\/h2>\n\n\n\n<p class=\"wp-block-slt-intro\">Wer seinen Golfurlaub im SalzburgerLand verbringt, sollte neben dem Golfbag auch die edle Abendgarderobe mit einpacken.<\/p>\n<\/div>\n\n\n\n<p>Der Tag geh\u00f6rt dem Golfsport. Doch am Abend darf die Sportkleidung getrost gegen eine feine Abendrobe und der Golfschl\u00e4ger gegen die schicke Handtasche eingetauscht werden. Geh\u00f6rt doch&nbsp;Kultur ebenso zu den sch\u00f6nen Gen\u00fcssen des Lebens wie das Golfen. Und kulturelle Angebote gibt es vor allen in den Sommermonaten jede Menge und f\u00fcr jeden Geschmack.<\/p>\n\n\n\n<p>Durch die N\u00e4he vieler&nbsp;<a href=\"https:\/\/www.salzburgerland.com\/de\/golf-alpin-partner-hotels\/\" target=\"_blank\" rel=\"noreferrer noopener\">Golf Alpin Hotels<\/a>&nbsp;und&nbsp;<a href=\"https:\/\/www.salzburgerland.com\/de\/golfclubs-im-salzburgerland\/\" target=\"_blank\" rel=\"noreferrer noopener\">Golfclubs<\/a>&nbsp;zur Stadt Salzburg bietet es sich ideal an, den Golfurlaub mit einem St\u00e4dtetrip zu verbinden. Und selbstverst\u00e4ndlich sind die Gastgeber nicht nur bei der Reservierung der Abschlagzeiten am Platz behilflich, sondern auch beim Ticketkauf f\u00fcr den Kulturabend.<\/p>\n\n\n\n<h2 class=\"wp-block-heading\" id=\"h-kulturelle-highlights\">Kulturelle Highlights<\/h2>\n\n\n\n<p>Das besondere Flair der&nbsp;<a href=\"https:\/\/www.salzburgerland.com\/de\/salzburger-festspiele\/\" target=\"_blank\" rel=\"noreferrer noopener\">Salzburger Festspiele<\/a>&nbsp;zieht Jahr f\u00fcr Jahr nicht nur jede Menge Prominenz in die Mozartstadt. Opern,&nbsp;Konzerte und Schauspiel \u2013 darunter der ber\u00fchmte Jedermann am Domplatz \u2013 sorgen f\u00fcr ein vielf\u00e4ltiges, hochkar\u00e4tiges Programm.&nbsp;<br><strong>Tipp:<\/strong>&nbsp;Bei den&nbsp;Siemens Festspieln\u00e4chten auf dem Kapitelplatz werden die besten Auff\u00fchrungen der letzten Jahre auf einer gro\u00dfen Leinwand gezeigt.<\/p>\n\n\n\n<figure class=\"wp-block-image size-full\"><img loading=\"lazy\" decoding=\"async\" width=\"2000\" height=\"1335\" src=\"https:\/\/www.salzburgerland.com\/de\/magazin\/wp-content\/uploads\/wl\/2019\/07\/festspiele_jedermann-salzburg-2015_tsg-e1497884978526.jpg\" alt=\"Die Schauspieler treten vor einem langen Tisch auf der B\u00fchne auf, auf dem eine Frau in Rot auf einem gro\u00dfen wei\u00dfen Tuch tanzt.\" class=\"wp-image-136029\" srcset=\"https:\/\/www.salzburgerland.com\/de\/magazin\/wp-content\/uploads\/wl\/2019\/07\/festspiele_jedermann-salzburg-2015_tsg-e1497884978526.jpg 2000w, https:\/\/www.salzburgerland.com\/de\/magazin\/wp-content\/uploads\/wl\/2019\/07\/festspiele_jedermann-salzburg-2015_tsg-e1497884978526-300x200.jpg 300w, https:\/\/www.salzburgerland.com\/de\/magazin\/wp-content\/uploads\/wl\/2019\/07\/festspiele_jedermann-salzburg-2015_tsg-e1497884978526-824x550.jpg 824w, https:\/\/www.salzburgerland.com\/de\/magazin\/wp-content\/uploads\/wl\/2019\/07\/festspiele_jedermann-salzburg-2015_tsg-e1497884978526-599x400.jpg 599w, https:\/\/www.salzburgerland.com\/de\/magazin\/wp-content\/uploads\/wl\/2019\/07\/festspiele_jedermann-salzburg-2015_tsg-e1497884978526-1320x881.jpg 1320w\" sizes=\"auto, (max-width: 2000px) 100vw, 2000px\" \/><figcaption class=\"wp-element-caption\">\u00a9 Salzburger Festspiele, Jedermann am Domplatz<\/figcaption><\/figure>\n\n\n\n<p>Das internationale Festival f\u00fcr zeitgen\u00f6ssische Kunst \u201e<a href=\"https:\/\/www.gastein.com\/events\/sommer\/sommerfrischekunst\/\" target=\"_blank\" rel=\"noreferrer noopener\">sommer.frische.kunst.<\/a>\u201c von 26. Juni bis 31. August 2025 schafft in Bad Gastein \u00fcberraschende Begegnungen f\u00fcr alle Besucher. Im Kraftwerk am Wasserfall werden auf 3 Etagen verschiedene k\u00fcnstlerische Positionen zu den Themen zeitgen\u00f6ssische Fotografie, Malerei und Zeichnung pr\u00e4sentiert.\u00a0 <\/p>\n\n\n\n<p>Von 21. bis 24. August 2025 tummelt sich beim\u00a0<a href=\"https:\/\/www.jazzsaalfelden.com\/de\" target=\"_blank\" rel=\"noreferrer noopener\">Jazzfestival Saalfelden<\/a>\u00a0wieder die internationale Jazzwelt.\u00a0Zeitgen\u00f6ssische, experimentelle und bekannte Saxophon-, Klavier- und Klarinetten-T\u00f6ne erf\u00fcllen beim Internationalen Jazzfestival die Luft. Die Auswahl an Jazz-Stilrichtungen, die bei rund 60 Konzerten zum Besten gegeben werden, ist breit. <\/p>\n\n\n\n<figure class=\"wp-block-image size-full\"><img loading=\"lazy\" decoding=\"async\" width=\"1920\" height=\"1281\" src=\"https:\/\/www.salzburgerland.com\/de\/magazin\/wp-content\/uploads\/2021\/05\/Mainstage_AngelikaNiescier_byMatthiasHeschl-16.jpg\" alt=\"Saxophon spielende Frau auf der B\u00fchne des Jazzfestivals Saalfelden, mit Veranstaltungsbanner und Schlagzeuger im Hintergrund.\" class=\"wp-image-161443\" srcset=\"https:\/\/www.salzburgerland.com\/de\/magazin\/wp-content\/uploads\/2021\/05\/Mainstage_AngelikaNiescier_byMatthiasHeschl-16.jpg 1920w, https:\/\/www.salzburgerland.com\/de\/magazin\/wp-content\/uploads\/2021\/05\/Mainstage_AngelikaNiescier_byMatthiasHeschl-16-300x200.jpg 300w, https:\/\/www.salzburgerland.com\/de\/magazin\/wp-content\/uploads\/2021\/05\/Mainstage_AngelikaNiescier_byMatthiasHeschl-16-1536x1025.jpg 1536w, https:\/\/www.salzburgerland.com\/de\/magazin\/wp-content\/uploads\/2021\/05\/Mainstage_AngelikaNiescier_byMatthiasHeschl-16-824x550.jpg 824w, https:\/\/www.salzburgerland.com\/de\/magazin\/wp-content\/uploads\/2021\/05\/Mainstage_AngelikaNiescier_byMatthiasHeschl-16-600x400.jpg 600w, https:\/\/www.salzburgerland.com\/de\/magazin\/wp-content\/uploads\/2021\/05\/Mainstage_AngelikaNiescier_byMatthiasHeschl-16-1320x881.jpg 1320w, https:\/\/www.salzburgerland.com\/de\/magazin\/wp-content\/uploads\/2021\/05\/Mainstage_AngelikaNiescier_byMatthiasHeschl-16-150x100.jpg 150w\" sizes=\"auto, (max-width: 1920px) 100vw, 1920px\" \/><figcaption class=\"wp-element-caption\">\u00a9 Jazzfestival Saalfelden, Matthias Heschl<\/figcaption><\/figure>\n\n\n\n<p>Einst als \u201ekleine Festspiele\u201c ins Leben gerufen, feierten die <a href=\"http:\/\/www.festspielegolling.at\" target=\"_blank\" rel=\"noreferrer noopener\">Kunst &amp; Kulinarik Festspiele auf Burg Golling <\/a>2024 ihr 25-j\u00e4hriges Jubil\u00e4um und sind damit l\u00e4ngst fest im Veranstaltungsreigen im SalzburgerLand verankert. G\u00e4ste erwartet von 28. Juni bis 28. August 2025 ein vielf\u00e4ltiges Programm mit spannenden Darbietungen und Konzerten verschiedener Musikrichtungen \u2013 das Motto variiert dabei von Jahr zu Jahr. Begleitet werden die Festspiele von kulinarischen H\u00f6henfl\u00fcgen.\u00a0<\/p>\n\n\n\n<h2 class=\"wp-block-heading\">Kulinarische Gen\u00fcsse<\/h2>\n\n\n\n<p>Um einem aktiven Tag noch den letzten Schliff zu geben, l\u00e4sst mach sich am besten von einem der hervorragenden Gastgeber kulinarisch verw\u00f6hnen. Im SalzburgerLand steht die <a href=\"https:\/\/www.salzburgerland.com\/de\/alpine-kueche\/\" target=\"_blank\" rel=\"noreferrer noopener\">Alpine K\u00fcche<\/a> im Fokus. Engagierte Landwirte, regionale Produzenten und hervorragende K\u00f6che bilden das erfolgreiche Dreigespann. Man besinnt sich auf alt\u00fcberlieferte Zutaten und Rezepte in gleicher Weise wie auf moderne Zubereitungsarten. Die l\u00e4ndliche Struktur im SalzburgerLand f\u00fchrte fr\u00fch dazu, dass Selbstgemachtes immer einen hohen Stellenwert behielt, dass man sich der Natur als Schatzk\u00e4stchen bewusst war und man sich schon fr\u00fch als \u201eFeinkostladen Europas\u201c verstand.<\/p>\n\n\n\n<figure class=\"wp-block-image size-full\"><img loading=\"lazy\" decoding=\"async\" width=\"1920\" height=\"1280\" src=\"https:\/\/www.salzburgerland.com\/de\/magazin\/wp-content\/uploads\/2022\/05\/RS3906_Alpine_Kueche_44_20200921_Leopold-lpr.jpg\" alt=\"Feinschmecker-Vorspeise mit cremigem Boden, Mikrogr\u00fcn und Pilzen auf einem wei\u00dfen, geteilten Teller.\" class=\"wp-image-162592\" srcset=\"https:\/\/www.salzburgerland.com\/de\/magazin\/wp-content\/uploads\/2022\/05\/RS3906_Alpine_Kueche_44_20200921_Leopold-lpr.jpg 1920w, https:\/\/www.salzburgerland.com\/de\/magazin\/wp-content\/uploads\/2022\/05\/RS3906_Alpine_Kueche_44_20200921_Leopold-lpr-300x200.jpg 300w, https:\/\/www.salzburgerland.com\/de\/magazin\/wp-content\/uploads\/2022\/05\/RS3906_Alpine_Kueche_44_20200921_Leopold-lpr-1536x1024.jpg 1536w, https:\/\/www.salzburgerland.com\/de\/magazin\/wp-content\/uploads\/2022\/05\/RS3906_Alpine_Kueche_44_20200921_Leopold-lpr-825x550.jpg 825w, https:\/\/www.salzburgerland.com\/de\/magazin\/wp-content\/uploads\/2022\/05\/RS3906_Alpine_Kueche_44_20200921_Leopold-lpr-600x400.jpg 600w, https:\/\/www.salzburgerland.com\/de\/magazin\/wp-content\/uploads\/2022\/05\/RS3906_Alpine_Kueche_44_20200921_Leopold-lpr-1320x880.jpg 1320w, https:\/\/www.salzburgerland.com\/de\/magazin\/wp-content\/uploads\/2022\/05\/RS3906_Alpine_Kueche_44_20200921_Leopold-lpr-150x100.jpg 150w\" sizes=\"auto, (max-width: 1920px) 100vw, 1920px\" \/><figcaption class=\"wp-element-caption\">\u00a9 SalzburgerLand Tourismus  &#8211; Eine Kostprobe der &#8222;Alpinen K\u00fcche&#8220; <\/figcaption><\/figure>\n","protected":false},"excerpt":{"rendered":"<p>Der Tag geh\u00f6rt dem Golfsport. Doch am Abend darf die Sportkleidung getrost gegen eine feine Abendrobe und der Golfschl\u00e4ger gegen die schicke Handtasche eingetauscht werden. Geh\u00f6rt doch&nbsp;Kultur ebenso zu den sch\u00f6nen Gen\u00fcssen des Lebens wie das Golfen. Und kulturelle Angebote gibt es vor allen in den Sommermonaten jede Menge und f\u00fcr jeden Geschmack. Durch die [&hellip;]<\/p>\n","protected":false},"author":90,"featured_media":162589,"comment_status":"closed","ping_status":"closed","sticky":false,"template":"","format":"standard","meta":{"_acf_changed":false,"wl_entities_gutenberg":"","_wl_entity_redirect_enabled":"","footnotes":""},"categories":[8],"tags":[224,7273,7308],"wl_entity_type":[306],"monatsauswahl":[],"class_list":["post-162580","post","type-post","status-publish","format-standard","has-post-thumbnail","hentry","category-outdoor-sport","tag-golf","tag-golf-2","tag-golf-alpin","wl_entity_type-article"],"acf":[],"yoast_head":"<!-- This site is optimized with the Yoast SEO Premium plugin v27.4 (Yoast SEO v27.4) - https:\/\/yoast.com\/product\/yoast-seo-premium-wordpress\/ -->\n<title>Golf und Kultur - SalzburgerLand Magazin<\/title>\n<meta name=\"robots\" content=\"index, follow, max-snippet:-1, max-image-preview:large, max-video-preview:-1\" \/>\n<link rel=\"canonical\" href=\"https:\/\/www.salzburgerland.com\/de\/magazin\/golf-und-kultur\/\" \/>\n<meta property=\"og:locale\" content=\"de_DE\" \/>\n<meta property=\"og:type\" content=\"article\" \/>\n<meta property=\"og:title\" content=\"Golf und Kultur\" \/>\n<meta property=\"og:description\" content=\"Der Tag geh\u00f6rt dem Golfsport. Doch am Abend darf die Sportkleidung getrost gegen eine feine Abendrobe und der Golfschl\u00e4ger gegen die schicke Handtasche eingetauscht werden. Geh\u00f6rt doch&nbsp;Kultur ebenso zu den sch\u00f6nen Gen\u00fcssen des Lebens wie das Golfen. Und kulturelle Angebote gibt es vor allen in den Sommermonaten jede Menge und f\u00fcr jeden Geschmack. Durch die [&hellip;]\" \/>\n<meta property=\"og:url\" content=\"https:\/\/www.salzburgerland.com\/de\/magazin\/golf-und-kultur\/\" \/>\n<meta property=\"og:site_name\" content=\"SalzburgerLand Magazin\" \/>\n<meta property=\"article:publisher\" content=\"https:\/\/www.facebook.com\/salzburgerland\/\" \/>\n<meta property=\"article:published_time\" content=\"2022-05-23T07:56:05+00:00\" \/>\n<meta property=\"article:modified_time\" content=\"2025-06-10T12:44:01+00:00\" \/>\n<meta property=\"og:image\" content=\"https:\/\/www.salzburgerland.com\/de\/magazin\/wp-content\/uploads\/2022\/05\/RS4195_1X8A9221_final-lpr.jpg\" \/>\n\t<meta property=\"og:image:width\" content=\"1920\" \/>\n\t<meta property=\"og:image:height\" content=\"1281\" \/>\n\t<meta property=\"og:image:type\" content=\"image\/jpeg\" \/>\n<meta name=\"author\" content=\"Ulli Hammerl\" \/>\n<meta name=\"twitter:card\" content=\"summary_large_image\" \/>\n<meta name=\"twitter:creator\" content=\"@Salzburgerland\" \/>\n<meta name=\"twitter:site\" content=\"@Salzburgerland\" \/>\n<meta name=\"twitter:label1\" content=\"Verfasst von\" \/>\n\t<meta name=\"twitter:data1\" content=\"Ulli Hammerl\" \/>\n\t<meta name=\"twitter:label2\" content=\"Gesch\u00e4tzte Lesezeit\" \/>\n\t<meta name=\"twitter:data2\" content=\"4\u00a0Minuten\" \/>\n<script type=\"application\/ld+json\" class=\"yoast-schema-graph\">{\"@context\":\"https:\\\/\\\/schema.org\",\"@graph\":[{\"@type\":\"Article\",\"@id\":\"https:\\\/\\\/www.salzburgerland.com\\\/de\\\/magazin\\\/golf-und-kultur\\\/#article\",\"isPartOf\":{\"@id\":\"https:\\\/\\\/www.salzburgerland.com\\\/de\\\/magazin\\\/golf-und-kultur\\\/\"},\"author\":{\"name\":\"Ulli Hammerl\",\"@id\":\"https:\\\/\\\/www.salzburgerland.com\\\/de\\\/magazin\\\/#\\\/schema\\\/person\\\/a55a4fee1009b9e458d298480a18a9f7\"},\"headline\":\"Golf und Kultur\",\"datePublished\":\"2022-05-23T07:56:05+00:00\",\"dateModified\":\"2025-06-10T12:44:01+00:00\",\"mainEntityOfPage\":{\"@id\":\"https:\\\/\\\/www.salzburgerland.com\\\/de\\\/magazin\\\/golf-und-kultur\\\/\"},\"wordCount\":488,\"publisher\":{\"@id\":\"https:\\\/\\\/www.salzburgerland.com\\\/de\\\/magazin\\\/#organization\"},\"image\":{\"@id\":\"https:\\\/\\\/www.salzburgerland.com\\\/de\\\/magazin\\\/golf-und-kultur\\\/#primaryimage\"},\"thumbnailUrl\":\"https:\\\/\\\/www.salzburgerland.com\\\/de\\\/magazin\\\/wp-content\\\/uploads\\\/2022\\\/05\\\/RS4195_1X8A9221_final-lpr.jpg\",\"keywords\":[\"Alpiner Golfgenuss\",\"golf\",\"Golf Alpin\"],\"articleSection\":[\"Outdoor &amp; Sport\"],\"inLanguage\":\"de\"},{\"@type\":\"WebPage\",\"@id\":\"https:\\\/\\\/www.salzburgerland.com\\\/de\\\/magazin\\\/golf-und-kultur\\\/\",\"url\":\"https:\\\/\\\/www.salzburgerland.com\\\/de\\\/magazin\\\/golf-und-kultur\\\/\",\"name\":\"Golf und Kultur - SalzburgerLand Magazin\",\"isPartOf\":{\"@id\":\"https:\\\/\\\/www.salzburgerland.com\\\/de\\\/magazin\\\/#website\"},\"primaryImageOfPage\":{\"@id\":\"https:\\\/\\\/www.salzburgerland.com\\\/de\\\/magazin\\\/golf-und-kultur\\\/#primaryimage\"},\"image\":{\"@id\":\"https:\\\/\\\/www.salzburgerland.com\\\/de\\\/magazin\\\/golf-und-kultur\\\/#primaryimage\"},\"thumbnailUrl\":\"https:\\\/\\\/www.salzburgerland.com\\\/de\\\/magazin\\\/wp-content\\\/uploads\\\/2022\\\/05\\\/RS4195_1X8A9221_final-lpr.jpg\",\"datePublished\":\"2022-05-23T07:56:05+00:00\",\"dateModified\":\"2025-06-10T12:44:01+00:00\",\"breadcrumb\":{\"@id\":\"https:\\\/\\\/www.salzburgerland.com\\\/de\\\/magazin\\\/golf-und-kultur\\\/#breadcrumb\"},\"inLanguage\":\"de\",\"potentialAction\":[{\"@type\":\"ReadAction\",\"target\":[\"https:\\\/\\\/www.salzburgerland.com\\\/de\\\/magazin\\\/golf-und-kultur\\\/\"]}]},{\"@type\":\"ImageObject\",\"inLanguage\":\"de\",\"@id\":\"https:\\\/\\\/www.salzburgerland.com\\\/de\\\/magazin\\\/golf-und-kultur\\\/#primaryimage\",\"url\":\"https:\\\/\\\/www.salzburgerland.com\\\/de\\\/magazin\\\/wp-content\\\/uploads\\\/2022\\\/05\\\/RS4195_1X8A9221_final-lpr.jpg\",\"contentUrl\":\"https:\\\/\\\/www.salzburgerland.com\\\/de\\\/magazin\\\/wp-content\\\/uploads\\\/2022\\\/05\\\/RS4195_1X8A9221_final-lpr.jpg\",\"width\":1920,\"height\":1281,\"caption\":\"\u00a9 SalzburgerLand Tourismus - Matthias Schwab ist \u00d6sterreichs Aush\u00e4ngeschild im Golfsport. In der neuen Sommer-Kampagne der Salzburger Land Tourismus GmbH tritt der geb\u00fcrtige Radst\u00e4dter erstmals als Markenbotschafter f\u00fcr Salzburg auf.\"},{\"@type\":\"BreadcrumbList\",\"@id\":\"https:\\\/\\\/www.salzburgerland.com\\\/de\\\/magazin\\\/golf-und-kultur\\\/#breadcrumb\",\"itemListElement\":[{\"@type\":\"ListItem\",\"position\":1,\"name\":\"Startseite\",\"item\":\"https:\\\/\\\/www.salzburgerland.com\\\/de\\\/magazin\\\/\"},{\"@type\":\"ListItem\",\"position\":2,\"name\":\"Outdoor &amp; Sport\",\"item\":\"https:\\\/\\\/www.salzburgerland.com\\\/de\\\/magazin\\\/thema\\\/outdoor-sport\\\/\"},{\"@type\":\"ListItem\",\"position\":3,\"name\":\"Golf und Kultur\"}]},{\"@type\":\"WebSite\",\"@id\":\"https:\\\/\\\/www.salzburgerland.com\\\/de\\\/magazin\\\/#website\",\"url\":\"https:\\\/\\\/www.salzburgerland.com\\\/de\\\/magazin\\\/\",\"name\":\"SalzburgerLand Magazin\",\"description\":\"Geschichten und Interessantes aus dem SalzburgerLand\",\"publisher\":{\"@id\":\"https:\\\/\\\/www.salzburgerland.com\\\/de\\\/magazin\\\/#organization\"},\"potentialAction\":[{\"@type\":\"SearchAction\",\"target\":{\"@type\":\"EntryPoint\",\"urlTemplate\":\"https:\\\/\\\/www.salzburgerland.com\\\/de\\\/magazin\\\/?s={search_term_string}\"},\"query-input\":{\"@type\":\"PropertyValueSpecification\",\"valueRequired\":true,\"valueName\":\"search_term_string\"}}],\"inLanguage\":\"de\"},{\"@type\":\"Organization\",\"@id\":\"https:\\\/\\\/www.salzburgerland.com\\\/de\\\/magazin\\\/#organization\",\"name\":\"SalzburgerLand Tourismus\",\"url\":\"https:\\\/\\\/www.salzburgerland.com\\\/de\\\/magazin\\\/\",\"logo\":{\"@type\":\"ImageObject\",\"inLanguage\":\"de\",\"@id\":\"https:\\\/\\\/www.salzburgerland.com\\\/de\\\/magazin\\\/#\\\/schema\\\/logo\\\/image\\\/\",\"url\":\"https:\\\/\\\/www.salzburgerland.com\\\/de\\\/magazin\\\/wp-content\\\/uploads\\\/2019\\\/06\\\/salzburgerland-logo1.jpg\",\"contentUrl\":\"https:\\\/\\\/www.salzburgerland.com\\\/de\\\/magazin\\\/wp-content\\\/uploads\\\/2019\\\/06\\\/salzburgerland-logo1.jpg\",\"width\":2011,\"height\":866,\"caption\":\"SalzburgerLand Tourismus\"},\"image\":{\"@id\":\"https:\\\/\\\/www.salzburgerland.com\\\/de\\\/magazin\\\/#\\\/schema\\\/logo\\\/image\\\/\"},\"sameAs\":[\"https:\\\/\\\/www.facebook.com\\\/salzburgerland\\\/\",\"https:\\\/\\\/x.com\\\/Salzburgerland\",\"https:\\\/\\\/www.instagram.com\\\/salzburgerland\\\/\",\"https:\\\/\\\/at.linkedin.com\\\/company\\\/salzburgerland-tourismus-gmbh\",\"https:\\\/\\\/www.pinterest.at\\\/salzburgerland\\\/\",\"https:\\\/\\\/www.youtube.com\\\/user\\\/salzburgerland\",\"https:\\\/\\\/de.wikipedia.org\\\/wiki\\\/SalzburgerLand_Tourismus_GmbH\"]},{\"@type\":\"Person\",\"@id\":\"https:\\\/\\\/www.salzburgerland.com\\\/de\\\/magazin\\\/#\\\/schema\\\/person\\\/a55a4fee1009b9e458d298480a18a9f7\",\"name\":\"Ulli Hammerl\",\"description\":\"Geboren und aufgewachsen in der Stadt Salzburg war Ulli Hammerl fr\u00fch bewusst, in einer der sch\u00f6nsten St\u00e4dte der Welt zu leben. So ist sie auch w\u00e4hrend ihres Studiums der Kommunikationswissenschaft und \u00d6kologie ihrer Heimatstadt treu geblieben. Gleich nach dem Studium ist sie zu SalzburgerLand Tourismus (SLTG) gegangen und hat hier von 1998 - 2004 u.a. die SalzburgerLand Card betreut. Dabei ist sie viel herumgekommen, wodurch auch die Liebe zum SalzburgerLand enstanden und gewachsen ist. Nach der Geburt ihrer Tochter im September 2004 hat sich Ulli Hammerl 2007 mit einer Agentur selbst\u00e4ndig gemacht. Mein pers\u00f6nlicher Logenplatz: Hoch \u00fcber Salzburg, abseits der stark begangenen Wege mit Blick auf die D\u00e4cher und Kircht\u00fcrme der Stadt \u2013 hier geht mir das Herz auf! Morgen- oder Abendmensch: Ganz klar: Morgenmensch. Wenn um 5.00 Uhr fr\u00fch die V\u00f6gel zwitschern und rund herum noch alles in tiefer Ruhe versinkt, dann ist meine Zeit. Ausgeschlafen, Energie geladen und voller Tatendrang starte ich am liebsten in den fr\u00fchen Morgenstunden in den Tag. Daf\u00fcr kann man nach 21.00 Uhr nicht mehr mit mir rechnen. Buch oder Film: Es gibt nichts Sch\u00f6neres, als es sich am Ende des Tages auf der Couch gem\u00fctlich zu machen und in die Gedankenwelt eines guten Buches einzutauchen \u2013 Lesen ist Abenteuer im Kopf. Wandern, Spazierengehen oder Laufen: alles drei und zwar am besten jeden Tag. Mit ein bisschen Zeiteinteilung geht es sich tats\u00e4chlich fast gehen Tag aus, drau\u00dfen unterwegs zu sein. Fr\u00fchling, Sommer, Herbst oder Winter: Ich kann es im Fr\u00fchling kaum erwarten, die ersten Gr\u00fcnschattierungen in der Natur zu entdecken. Ich liebe hei\u00dfe Sommertage am See und laue Sommerabende am Balkon. Ich mag es, wenn im Herbst die W\u00e4lder in einem Meer aus Farben erstrahlen, Laubrascheln und Kastanien sammeln. Und ich freue mich wie ein Kind, wenn im Dezember die ersten Schneeflocken vom Himmel schweben. Die vier Jahreszeiten sind etwas Wunderbares.\",\"url\":\"https:\\\/\\\/www.salzburgerland.com\\\/de\\\/magazin\\\/author\\\/ulli-hammerl\\\/\"}]}<\/script>\n<!-- \/ Yoast SEO Premium plugin. -->","yoast_head_json":{"title":"Golf und Kultur - SalzburgerLand Magazin","robots":{"index":"index","follow":"follow","max-snippet":"max-snippet:-1","max-image-preview":"max-image-preview:large","max-video-preview":"max-video-preview:-1"},"canonical":"https:\/\/www.salzburgerland.com\/de\/magazin\/golf-und-kultur\/","og_locale":"de_DE","og_type":"article","og_title":"Golf und Kultur","og_description":"Der Tag geh\u00f6rt dem Golfsport. Doch am Abend darf die Sportkleidung getrost gegen eine feine Abendrobe und der Golfschl\u00e4ger gegen die schicke Handtasche eingetauscht werden. Geh\u00f6rt doch&nbsp;Kultur ebenso zu den sch\u00f6nen Gen\u00fcssen des Lebens wie das Golfen. Und kulturelle Angebote gibt es vor allen in den Sommermonaten jede Menge und f\u00fcr jeden Geschmack. Durch die [&hellip;]","og_url":"https:\/\/www.salzburgerland.com\/de\/magazin\/golf-und-kultur\/","og_site_name":"SalzburgerLand Magazin","article_publisher":"https:\/\/www.facebook.com\/salzburgerland\/","article_published_time":"2022-05-23T07:56:05+00:00","article_modified_time":"2025-06-10T12:44:01+00:00","og_image":[{"width":1920,"height":1281,"url":"https:\/\/www.salzburgerland.com\/de\/magazin\/wp-content\/uploads\/2022\/05\/RS4195_1X8A9221_final-lpr.jpg","type":"image\/jpeg"}],"author":"Ulli Hammerl","twitter_card":"summary_large_image","twitter_creator":"@Salzburgerland","twitter_site":"@Salzburgerland","twitter_misc":{"Verfasst von":"Ulli Hammerl","Gesch\u00e4tzte Lesezeit":"4\u00a0Minuten"},"schema":{"@context":"https:\/\/schema.org","@graph":[{"@type":"Article","@id":"https:\/\/www.salzburgerland.com\/de\/magazin\/golf-und-kultur\/#article","isPartOf":{"@id":"https:\/\/www.salzburgerland.com\/de\/magazin\/golf-und-kultur\/"},"author":{"name":"Ulli Hammerl","@id":"https:\/\/www.salzburgerland.com\/de\/magazin\/#\/schema\/person\/a55a4fee1009b9e458d298480a18a9f7"},"headline":"Golf und Kultur","datePublished":"2022-05-23T07:56:05+00:00","dateModified":"2025-06-10T12:44:01+00:00","mainEntityOfPage":{"@id":"https:\/\/www.salzburgerland.com\/de\/magazin\/golf-und-kultur\/"},"wordCount":488,"publisher":{"@id":"https:\/\/www.salzburgerland.com\/de\/magazin\/#organization"},"image":{"@id":"https:\/\/www.salzburgerland.com\/de\/magazin\/golf-und-kultur\/#primaryimage"},"thumbnailUrl":"https:\/\/www.salzburgerland.com\/de\/magazin\/wp-content\/uploads\/2022\/05\/RS4195_1X8A9221_final-lpr.jpg","keywords":["Alpiner Golfgenuss","golf","Golf Alpin"],"articleSection":["Outdoor &amp; Sport"],"inLanguage":"de"},{"@type":"WebPage","@id":"https:\/\/www.salzburgerland.com\/de\/magazin\/golf-und-kultur\/","url":"https:\/\/www.salzburgerland.com\/de\/magazin\/golf-und-kultur\/","name":"Golf und Kultur - SalzburgerLand Magazin","isPartOf":{"@id":"https:\/\/www.salzburgerland.com\/de\/magazin\/#website"},"primaryImageOfPage":{"@id":"https:\/\/www.salzburgerland.com\/de\/magazin\/golf-und-kultur\/#primaryimage"},"image":{"@id":"https:\/\/www.salzburgerland.com\/de\/magazin\/golf-und-kultur\/#primaryimage"},"thumbnailUrl":"https:\/\/www.salzburgerland.com\/de\/magazin\/wp-content\/uploads\/2022\/05\/RS4195_1X8A9221_final-lpr.jpg","datePublished":"2022-05-23T07:56:05+00:00","dateModified":"2025-06-10T12:44:01+00:00","breadcrumb":{"@id":"https:\/\/www.salzburgerland.com\/de\/magazin\/golf-und-kultur\/#breadcrumb"},"inLanguage":"de","potentialAction":[{"@type":"ReadAction","target":["https:\/\/www.salzburgerland.com\/de\/magazin\/golf-und-kultur\/"]}]},{"@type":"ImageObject","inLanguage":"de","@id":"https:\/\/www.salzburgerland.com\/de\/magazin\/golf-und-kultur\/#primaryimage","url":"https:\/\/www.salzburgerland.com\/de\/magazin\/wp-content\/uploads\/2022\/05\/RS4195_1X8A9221_final-lpr.jpg","contentUrl":"https:\/\/www.salzburgerland.com\/de\/magazin\/wp-content\/uploads\/2022\/05\/RS4195_1X8A9221_final-lpr.jpg","width":1920,"height":1281,"caption":"\u00a9 SalzburgerLand Tourismus - Matthias Schwab ist \u00d6sterreichs Aush\u00e4ngeschild im Golfsport. In der neuen Sommer-Kampagne der Salzburger Land Tourismus GmbH tritt der geb\u00fcrtige Radst\u00e4dter erstmals als Markenbotschafter f\u00fcr Salzburg auf."},{"@type":"BreadcrumbList","@id":"https:\/\/www.salzburgerland.com\/de\/magazin\/golf-und-kultur\/#breadcrumb","itemListElement":[{"@type":"ListItem","position":1,"name":"Startseite","item":"https:\/\/www.salzburgerland.com\/de\/magazin\/"},{"@type":"ListItem","position":2,"name":"Outdoor &amp; Sport","item":"https:\/\/www.salzburgerland.com\/de\/magazin\/thema\/outdoor-sport\/"},{"@type":"ListItem","position":3,"name":"Golf und Kultur"}]},{"@type":"WebSite","@id":"https:\/\/www.salzburgerland.com\/de\/magazin\/#website","url":"https:\/\/www.salzburgerland.com\/de\/magazin\/","name":"SalzburgerLand Magazin","description":"Geschichten und Interessantes aus dem SalzburgerLand","publisher":{"@id":"https:\/\/www.salzburgerland.com\/de\/magazin\/#organization"},"potentialAction":[{"@type":"SearchAction","target":{"@type":"EntryPoint","urlTemplate":"https:\/\/www.salzburgerland.com\/de\/magazin\/?s={search_term_string}"},"query-input":{"@type":"PropertyValueSpecification","valueRequired":true,"valueName":"search_term_string"}}],"inLanguage":"de"},{"@type":"Organization","@id":"https:\/\/www.salzburgerland.com\/de\/magazin\/#organization","name":"SalzburgerLand Tourismus","url":"https:\/\/www.salzburgerland.com\/de\/magazin\/","logo":{"@type":"ImageObject","inLanguage":"de","@id":"https:\/\/www.salzburgerland.com\/de\/magazin\/#\/schema\/logo\/image\/","url":"https:\/\/www.salzburgerland.com\/de\/magazin\/wp-content\/uploads\/2019\/06\/salzburgerland-logo1.jpg","contentUrl":"https:\/\/www.salzburgerland.com\/de\/magazin\/wp-content\/uploads\/2019\/06\/salzburgerland-logo1.jpg","width":2011,"height":866,"caption":"SalzburgerLand Tourismus"},"image":{"@id":"https:\/\/www.salzburgerland.com\/de\/magazin\/#\/schema\/logo\/image\/"},"sameAs":["https:\/\/www.facebook.com\/salzburgerland\/","https:\/\/x.com\/Salzburgerland","https:\/\/www.instagram.com\/salzburgerland\/","https:\/\/at.linkedin.com\/company\/salzburgerland-tourismus-gmbh","https:\/\/www.pinterest.at\/salzburgerland\/","https:\/\/www.youtube.com\/user\/salzburgerland","https:\/\/de.wikipedia.org\/wiki\/SalzburgerLand_Tourismus_GmbH"]},{"@type":"Person","@id":"https:\/\/www.salzburgerland.com\/de\/magazin\/#\/schema\/person\/a55a4fee1009b9e458d298480a18a9f7","name":"Ulli Hammerl","description":"Geboren und aufgewachsen in der Stadt Salzburg war Ulli Hammerl fr\u00fch bewusst, in einer der sch\u00f6nsten St\u00e4dte der Welt zu leben. So ist sie auch w\u00e4hrend ihres Studiums der Kommunikationswissenschaft und \u00d6kologie ihrer Heimatstadt treu geblieben. Gleich nach dem Studium ist sie zu SalzburgerLand Tourismus (SLTG) gegangen und hat hier von 1998 - 2004 u.a. die SalzburgerLand Card betreut. Dabei ist sie viel herumgekommen, wodurch auch die Liebe zum SalzburgerLand enstanden und gewachsen ist. Nach der Geburt ihrer Tochter im September 2004 hat sich Ulli Hammerl 2007 mit einer Agentur selbst\u00e4ndig gemacht. Mein pers\u00f6nlicher Logenplatz: Hoch \u00fcber Salzburg, abseits der stark begangenen Wege mit Blick auf die D\u00e4cher und Kircht\u00fcrme der Stadt \u2013 hier geht mir das Herz auf! Morgen- oder Abendmensch: Ganz klar: Morgenmensch. Wenn um 5.00 Uhr fr\u00fch die V\u00f6gel zwitschern und rund herum noch alles in tiefer Ruhe versinkt, dann ist meine Zeit. Ausgeschlafen, Energie geladen und voller Tatendrang starte ich am liebsten in den fr\u00fchen Morgenstunden in den Tag. Daf\u00fcr kann man nach 21.00 Uhr nicht mehr mit mir rechnen. Buch oder Film: Es gibt nichts Sch\u00f6neres, als es sich am Ende des Tages auf der Couch gem\u00fctlich zu machen und in die Gedankenwelt eines guten Buches einzutauchen \u2013 Lesen ist Abenteuer im Kopf. Wandern, Spazierengehen oder Laufen: alles drei und zwar am besten jeden Tag. Mit ein bisschen Zeiteinteilung geht es sich tats\u00e4chlich fast gehen Tag aus, drau\u00dfen unterwegs zu sein. Fr\u00fchling, Sommer, Herbst oder Winter: Ich kann es im Fr\u00fchling kaum erwarten, die ersten Gr\u00fcnschattierungen in der Natur zu entdecken. Ich liebe hei\u00dfe Sommertage am See und laue Sommerabende am Balkon. Ich mag es, wenn im Herbst die W\u00e4lder in einem Meer aus Farben erstrahlen, Laubrascheln und Kastanien sammeln. Und ich freue mich wie ein Kind, wenn im Dezember die ersten Schneeflocken vom Himmel schweben. Die vier Jahreszeiten sind etwas Wunderbares.","url":"https:\/\/www.salzburgerland.com\/de\/magazin\/author\/ulli-hammerl\/"}]}},"_wl_alt_label":[],"wl:entity_url":"http:\/\/open.salzburgerland.com\/magazin\/post\/-162580","_links":{"self":[{"href":"https:\/\/www.salzburgerland.com\/de\/magazin\/wp-json\/wp\/v2\/posts\/162580","targetHints":{"allow":["GET"]}}],"collection":[{"href":"https:\/\/www.salzburgerland.com\/de\/magazin\/wp-json\/wp\/v2\/posts"}],"about":[{"href":"https:\/\/www.salzburgerland.com\/de\/magazin\/wp-json\/wp\/v2\/types\/post"}],"author":[{"embeddable":true,"href":"https:\/\/www.salzburgerland.com\/de\/magazin\/wp-json\/wp\/v2\/users\/90"}],"replies":[{"embeddable":true,"href":"https:\/\/www.salzburgerland.com\/de\/magazin\/wp-json\/wp\/v2\/comments?post=162580"}],"version-history":[{"count":6,"href":"https:\/\/www.salzburgerland.com\/de\/magazin\/wp-json\/wp\/v2\/posts\/162580\/revisions"}],"predecessor-version":[{"id":183008,"href":"https:\/\/www.salzburgerland.com\/de\/magazin\/wp-json\/wp\/v2\/posts\/162580\/revisions\/183008"}],"wp:featuredmedia":[{"embeddable":true,"href":"https:\/\/www.salzburgerland.com\/de\/magazin\/wp-json\/wp\/v2\/media\/162589"}],"wp:attachment":[{"href":"https:\/\/www.salzburgerland.com\/de\/magazin\/wp-json\/wp\/v2\/media?parent=162580"}],"wp:term":[{"taxonomy":"category","embeddable":true,"href":"https:\/\/www.salzburgerland.com\/de\/magazin\/wp-json\/wp\/v2\/categories?post=162580"},{"taxonomy":"post_tag","embeddable":true,"href":"https:\/\/www.salzburgerland.com\/de\/magazin\/wp-json\/wp\/v2\/tags?post=162580"},{"taxonomy":"wl_entity_type","embeddable":true,"href":"https:\/\/www.salzburgerland.com\/de\/magazin\/wp-json\/wp\/v2\/wl_entity_type?post=162580"},{"taxonomy":"monatsauswahl","embeddable":true,"href":"https:\/\/www.salzburgerland.com\/de\/magazin\/wp-json\/wp\/v2\/monatsauswahl?post=162580"}],"curies":[{"name":"wp","href":"https:\/\/api.w.org\/{rel}","templated":true}]}}