{"id":161774,"date":"2022-04-18T08:00:00","date_gmt":"2022-04-18T06:00:00","guid":{"rendered":"https:\/\/www.salzburgerland.com\/de\/magazin\/?p=161774"},"modified":"2022-07-04T08:34:26","modified_gmt":"2022-07-04T06:34:26","slug":"der-arcushof","status":"publish","type":"post","link":"https:\/\/www.salzburgerland.com\/de\/magazin\/der-arcushof\/","title":{"rendered":"Der Arcushof"},"content":{"rendered":"\n<div class=\"wp-block-slt-top topBlocks\">\n<h2 class=\"wp-block-slt-subtitle\">Sozial, regional und biologisch<\/h2>\n\n\n\n<p class=\"wp-block-slt-intro\">Der <a href=\"http:\/\/www.arcushof.com\/\" target=\"_blank\" rel=\"noreferrer noopener\">Arcushof<\/a> wurde 2016 gegr\u00fcndet und gibt Menschen mit leichter k\u00f6rperlicher und geistiger Behinderung einen Arbeitsplatz und eine Besch\u00e4ftigung. Die Mitarbeiter*innen produzieren mitten im Salzburger Flachgau Produkte in bester Qualit\u00e4t. Dabei wird immer auf Regionalit\u00e4t geachtet. Die Kunden wissen das zu sch\u00e4tzen.<\/p>\n<\/div>\n\n\n\n<p>Es tut sich immer etwas im Arcushof. Im Garten werden die Pflanzen gegossen, hinter dem Hof werden  Holzarbeiten verrichtet und in der Backstube riecht es schon nach frischem Brot. Jeder ist mit Begeisterung bei der Sache und freut sich, etwas schaffen zu k\u00f6nnen. Die Mitarbeiter*innen sind gl\u00fccklich, eine Aufgabe zu haben, ihre k\u00f6rperliche oder auch geistige Beeintr\u00e4chtigung hindert sie nicht daran, mit vollem Elan bei der Sache zu sein. Im Gegenteil, ihre Motivation hilft ihnen oft, die eine oder andere H\u00fcrde zu \u00fcberwinden.<\/p>\n\n\n\n<figure class=\"wp-block-image size-full\"><img loading=\"lazy\" decoding=\"async\" width=\"1920\" height=\"1440\" src=\"https:\/\/www.salzburgerland.com\/de\/magazin\/wp-content\/uploads\/2022\/04\/2021-07-06-10.42.32-scaled-e1649828867541.jpg\" alt=\"Zwei Menschen, die sich in einem sonnigen Feld mit B\u00e4umen und Geb\u00e4uden im Hintergrund um Reihen von Feldfr\u00fcchten k\u00fcmmern.\" class=\"wp-image-161776\"\/><figcaption>Im Garten werden die Pflanzen gro\u00dfgezogen. \u00a9Arcushof<\/figcaption><\/figure>\n\n\n\n<h2 class=\"wp-block-heading\" id=\"h-von-der-idee-zum-verein\">Von der Idee zum Verein<\/h2>\n\n\n\n<p>Im Jahre 2016 haben die Eltern der jetzigen Mitarbeiter*innen des Arcushofs einen Verein gegr\u00fcndet und den Bauernhof Standlgut adaptiert und renoviert. Der Hof wurde komplett entkernt und neu aufgebaut. Heute finden die Menschen, die im Arcushof arbeiten, viele herausfordernde T\u00e4tigkeiten. Im Garten werden Samen und Pflanzen gro\u00dfgezogen. Hier spielt, wie im gesamten Geb\u00e4ude, der biologische Gedanke eine wichtige Rolle. Die Samen und Pflanzen bezieht der Arcushof von der Arche Noah, einem Verein, der gef\u00e4hrdete Gem\u00fcse-, Obst- und Getreidesorten bewahrt und pflegt. Ged\u00fcngt wird mit dem Mist vom benachbarten Bauern, die Natur regelt ganz nat\u00fcrlich das Wachstum der Pflanzen.<\/p>\n\n\n\n<figure class=\"wp-block-image size-full\"><img loading=\"lazy\" decoding=\"async\" width=\"1920\" height=\"1281\" src=\"https:\/\/www.salzburgerland.com\/de\/magazin\/wp-content\/uploads\/2022\/04\/MA_4230-e1649828798884.jpg\" alt=\"Zwei Wanderer rasten auf einer Bank neben einer kleinen wei\u00dfen Kapelle in der N\u00e4he eines traditionellen \u00f6sterreichischen Hauses in einem sonnigen Dorf.\" class=\"wp-image-161779\"\/><figcaption>Die Kapelle vor dem Hof ist ein beliebter Rastpunkt f\u00fcr Wanderer. \u00a9heikomandl.at<\/figcaption><\/figure>\n\n\n\n<h2 class=\"wp-block-heading\">Eigener Bauernladen mit Selbstbedienung<\/h2>\n\n\n\n<p>Die erzeugten Produkte sind im hofeigenen Bauernladen erh\u00e4ltlich. Zu den Kernzeiten sind die Mitarbeiterinnen und Mitarbeiter pers\u00f6nlich im Laden anwesend. Dar\u00fcber hinaus darf man sich auch einfach selbst bedienen, die Ware nehmen und das Geld in die eigens aufgestellte Kasse werfen.<\/p>\n\n\n\n<h2 class=\"wp-block-heading\">Mittwoch ist Brotzeit<\/h2>\n\n\n\n<p>Jeden Mittwoch wird am Arcushof frisches Brot gebacken. Der f\u00fcnfstufige Sauerteig wird dabei bereits zwei Tage vorher angesetzt, er bekommt die Zeit sich zu entwickeln \u2013 etwas was in vielen B\u00e4ckereien nicht mehr m\u00f6glich ist. Die frischen Brotlaibe finden Woche f\u00fcr Woche rei\u00dfenden Absatz. <\/p>\n\n\n\n<h2 class=\"wp-block-heading\">Anz\u00fcndholz und mehr<\/h2>\n\n\n\n<p>Der Arcushof beliefert auch einige Firmen und Kunden direkt. So wird das h\u00e4ndisch produzierte Anz\u00fcndholz in der Region ausgeliefert und auch Obst und Gem\u00fcse findet in der Gastronomie der Region dankbare Abnehmer. In der Weihnachtszeit geht es dann an die Keksproduktion. Verpackt in sch\u00f6ne Geschenkschachteln sind die Kekse bei Firmen ein beliebtes Weihnachtsgeschenk.<\/p>\n\n\n\n<h2 class=\"wp-block-heading\">Pilgerweg Seenland<\/h2>\n\n\n\n<p>Der Arcushof liegt zudem direkt am <a href=\"https:\/\/www.salzburger-seenland.at\/erlebnis-freizeit\/nach-themen\/seenland-pilgerweg.html\" target=\"_blank\" rel=\"noreferrer noopener\">Seenland Pilgerweg<\/a> und ist eine der Info-Stationen des Pilgerweges. Die Wanderer k\u00f6nnen sich beim Bauernladen bedienen und ihre Speicher auff\u00fcllen.<\/p>\n\n\n\n<figure class=\"wp-block-image size-full\"><img loading=\"lazy\" decoding=\"async\" width=\"1920\" height=\"1440\" src=\"https:\/\/www.salzburgerland.com\/de\/magazin\/wp-content\/uploads\/2022\/04\/2021-05-06-10.02.36-scaled-e1649828759827.jpg\" alt=\"Drei Personen in Arbeitskleidung stehen an einem Holzspalter und einem gro\u00dfen Baumstamm neben einem roten Traktor auf einem grasbewachsenen Feld.\" class=\"wp-image-161780\"\/><figcaption>Immer mit Freude bei der Arbeit \u2013 das Holz f\u00fcr die Produkte kommt aus der Region. \u00a9Arcushof<\/figcaption><\/figure>\n\n\n\n<p>ArcusHof Verein<br>Neufahrn 27<br>5202 Neumarkt am Wallersee<br>T+43 6216 20903<br><a href=\"http:\/\/www.arcushof.com\" target=\"_blank\" rel=\"noreferrer noopener\">www.arcushof.com<\/a><\/p>\n\n\n","protected":false},"excerpt":{"rendered":"<p>Es tut sich immer etwas im Arcushof. Im Garten werden die Pflanzen gegossen, hinter dem Hof werden Holzarbeiten verrichtet und in der Backstube riecht es schon nach frischem Brot. Jeder ist mit Begeisterung bei der Sache und freut sich, etwas schaffen zu k\u00f6nnen. Die Mitarbeiter*innen sind gl\u00fccklich, eine Aufgabe zu haben, ihre k\u00f6rperliche oder auch [&hellip;]<\/p>\n","protected":false},"author":10,"featured_media":161778,"comment_status":"closed","ping_status":"closed","sticky":false,"template":"","format":"standard","meta":{"_acf_changed":false,"wl_entities_gutenberg":"","_wl_entity_redirect_enabled":"","footnotes":""},"categories":[7],"tags":[7435,7364,6951,2816,7363],"wl_entity_type":[306],"monatsauswahl":[82,83,84,85,86,87,88,89,90,91,92,93],"class_list":["post-161774","post","type-post","status-publish","format-standard","has-post-thumbnail","hentry","category-lifestyle","tag-bauernladen","tag-inklusion","tag-nachhaltig","tag-nachhaltigkeit","tag-soziales-projekt","wl_entity_type-article","monatsauswahl-monat_1","monatsauswahl-monat_2","monatsauswahl-monat_3","monatsauswahl-monat_4","monatsauswahl-monat_5","monatsauswahl-monat_6","monatsauswahl-monat_7","monatsauswahl-monat_8","monatsauswahl-monat_9","monatsauswahl-monat_10","monatsauswahl-monat_11","monatsauswahl-monat_12"],"acf":[],"yoast_head":"<!-- This site is optimized with the Yoast SEO Premium plugin v27.4 (Yoast SEO v27.4) - https:\/\/yoast.com\/product\/yoast-seo-premium-wordpress\/ -->\n<title>Der Arcushof - SalzburgerLand Magazin<\/title>\n<meta name=\"robots\" content=\"index, follow, max-snippet:-1, max-image-preview:large, max-video-preview:-1\" \/>\n<link rel=\"canonical\" href=\"https:\/\/www.salzburgerland.com\/de\/magazin\/der-arcushof\/\" \/>\n<meta property=\"og:locale\" content=\"de_DE\" \/>\n<meta property=\"og:type\" content=\"article\" \/>\n<meta property=\"og:title\" content=\"Der Arcushof\" \/>\n<meta property=\"og:description\" content=\"Es tut sich immer etwas im Arcushof. Im Garten werden die Pflanzen gegossen, hinter dem Hof werden Holzarbeiten verrichtet und in der Backstube riecht es schon nach frischem Brot. Jeder ist mit Begeisterung bei der Sache und freut sich, etwas schaffen zu k\u00f6nnen. Die Mitarbeiter*innen sind gl\u00fccklich, eine Aufgabe zu haben, ihre k\u00f6rperliche oder auch [&hellip;]\" \/>\n<meta property=\"og:url\" content=\"https:\/\/www.salzburgerland.com\/de\/magazin\/der-arcushof\/\" \/>\n<meta property=\"og:site_name\" content=\"SalzburgerLand Magazin\" \/>\n<meta property=\"article:publisher\" content=\"https:\/\/www.facebook.com\/salzburgerland\/\" \/>\n<meta property=\"article:published_time\" content=\"2022-04-18T06:00:00+00:00\" \/>\n<meta property=\"article:modified_time\" content=\"2022-07-04T06:34:26+00:00\" \/>\n<meta property=\"og:image\" content=\"https:\/\/www.salzburgerland.com\/de\/magazin\/wp-content\/uploads\/2022\/04\/MA_4315-e1649828826856.jpg\" \/>\n\t<meta property=\"og:image:width\" content=\"1920\" \/>\n\t<meta property=\"og:image:height\" content=\"1281\" \/>\n\t<meta property=\"og:image:type\" content=\"image\/jpeg\" \/>\n<meta name=\"author\" content=\"Heiko Mandl\" \/>\n<meta name=\"twitter:card\" content=\"summary_large_image\" \/>\n<meta name=\"twitter:creator\" content=\"@Salzburgerland\" \/>\n<meta name=\"twitter:site\" content=\"@Salzburgerland\" \/>\n<meta name=\"twitter:label1\" content=\"Verfasst von\" \/>\n\t<meta name=\"twitter:data1\" content=\"Heiko Mandl\" \/>\n\t<meta name=\"twitter:label2\" content=\"Gesch\u00e4tzte Lesezeit\" \/>\n\t<meta name=\"twitter:data2\" content=\"4\u00a0Minuten\" \/>\n<script type=\"application\/ld+json\" class=\"yoast-schema-graph\">{\"@context\":\"https:\\\/\\\/schema.org\",\"@graph\":[{\"@type\":\"Article\",\"@id\":\"https:\\\/\\\/www.salzburgerland.com\\\/de\\\/magazin\\\/der-arcushof\\\/#article\",\"isPartOf\":{\"@id\":\"https:\\\/\\\/www.salzburgerland.com\\\/de\\\/magazin\\\/der-arcushof\\\/\"},\"author\":{\"name\":\"Heiko Mandl\",\"@id\":\"https:\\\/\\\/www.salzburgerland.com\\\/de\\\/magazin\\\/#\\\/schema\\\/person\\\/8871c7c764fce6ea66752310e7fe9e98\"},\"headline\":\"Der Arcushof\",\"datePublished\":\"2022-04-18T06:00:00+00:00\",\"dateModified\":\"2022-07-04T06:34:26+00:00\",\"mainEntityOfPage\":{\"@id\":\"https:\\\/\\\/www.salzburgerland.com\\\/de\\\/magazin\\\/der-arcushof\\\/\"},\"wordCount\":491,\"publisher\":{\"@id\":\"https:\\\/\\\/www.salzburgerland.com\\\/de\\\/magazin\\\/#organization\"},\"image\":{\"@id\":\"https:\\\/\\\/www.salzburgerland.com\\\/de\\\/magazin\\\/der-arcushof\\\/#primaryimage\"},\"thumbnailUrl\":\"https:\\\/\\\/www.salzburgerland.com\\\/de\\\/magazin\\\/wp-content\\\/uploads\\\/2022\\\/04\\\/MA_4315-e1649828826856.jpg\",\"keywords\":[\"Bauernladen\",\"inklusion\",\"Nachhaltig\",\"Nachhaltigkeit\",\"soziales projekt\"],\"articleSection\":[\"Lifestyle\"],\"inLanguage\":\"de\"},{\"@type\":\"WebPage\",\"@id\":\"https:\\\/\\\/www.salzburgerland.com\\\/de\\\/magazin\\\/der-arcushof\\\/\",\"url\":\"https:\\\/\\\/www.salzburgerland.com\\\/de\\\/magazin\\\/der-arcushof\\\/\",\"name\":\"Der Arcushof - SalzburgerLand Magazin\",\"isPartOf\":{\"@id\":\"https:\\\/\\\/www.salzburgerland.com\\\/de\\\/magazin\\\/#website\"},\"primaryImageOfPage\":{\"@id\":\"https:\\\/\\\/www.salzburgerland.com\\\/de\\\/magazin\\\/der-arcushof\\\/#primaryimage\"},\"image\":{\"@id\":\"https:\\\/\\\/www.salzburgerland.com\\\/de\\\/magazin\\\/der-arcushof\\\/#primaryimage\"},\"thumbnailUrl\":\"https:\\\/\\\/www.salzburgerland.com\\\/de\\\/magazin\\\/wp-content\\\/uploads\\\/2022\\\/04\\\/MA_4315-e1649828826856.jpg\",\"datePublished\":\"2022-04-18T06:00:00+00:00\",\"dateModified\":\"2022-07-04T06:34:26+00:00\",\"breadcrumb\":{\"@id\":\"https:\\\/\\\/www.salzburgerland.com\\\/de\\\/magazin\\\/der-arcushof\\\/#breadcrumb\"},\"inLanguage\":\"de\",\"potentialAction\":[{\"@type\":\"ReadAction\",\"target\":[\"https:\\\/\\\/www.salzburgerland.com\\\/de\\\/magazin\\\/der-arcushof\\\/\"]}]},{\"@type\":\"ImageObject\",\"inLanguage\":\"de\",\"@id\":\"https:\\\/\\\/www.salzburgerland.com\\\/de\\\/magazin\\\/der-arcushof\\\/#primaryimage\",\"url\":\"https:\\\/\\\/www.salzburgerland.com\\\/de\\\/magazin\\\/wp-content\\\/uploads\\\/2022\\\/04\\\/MA_4315-e1649828826856.jpg\",\"contentUrl\":\"https:\\\/\\\/www.salzburgerland.com\\\/de\\\/magazin\\\/wp-content\\\/uploads\\\/2022\\\/04\\\/MA_4315-e1649828826856.jpg\",\"width\":1920,\"height\":1281,\"caption\":\"Eine Frau h\u00e4lt eine Flasche in der Hand, w\u00e4hrend sie sich mit einem Mann hinter der Ladentheke eines kleinen Gesch\u00e4fts mit Holzregalen unterh\u00e4lt.\"},{\"@type\":\"BreadcrumbList\",\"@id\":\"https:\\\/\\\/www.salzburgerland.com\\\/de\\\/magazin\\\/der-arcushof\\\/#breadcrumb\",\"itemListElement\":[{\"@type\":\"ListItem\",\"position\":1,\"name\":\"Startseite\",\"item\":\"https:\\\/\\\/www.salzburgerland.com\\\/de\\\/magazin\\\/\"},{\"@type\":\"ListItem\",\"position\":2,\"name\":\"Lifestyle\",\"item\":\"https:\\\/\\\/www.salzburgerland.com\\\/de\\\/magazin\\\/thema\\\/lifestyle\\\/\"},{\"@type\":\"ListItem\",\"position\":3,\"name\":\"Der Arcushof\"}]},{\"@type\":\"WebSite\",\"@id\":\"https:\\\/\\\/www.salzburgerland.com\\\/de\\\/magazin\\\/#website\",\"url\":\"https:\\\/\\\/www.salzburgerland.com\\\/de\\\/magazin\\\/\",\"name\":\"SalzburgerLand Magazin\",\"description\":\"Geschichten und Interessantes aus dem SalzburgerLand\",\"publisher\":{\"@id\":\"https:\\\/\\\/www.salzburgerland.com\\\/de\\\/magazin\\\/#organization\"},\"potentialAction\":[{\"@type\":\"SearchAction\",\"target\":{\"@type\":\"EntryPoint\",\"urlTemplate\":\"https:\\\/\\\/www.salzburgerland.com\\\/de\\\/magazin\\\/?s={search_term_string}\"},\"query-input\":{\"@type\":\"PropertyValueSpecification\",\"valueRequired\":true,\"valueName\":\"search_term_string\"}}],\"inLanguage\":\"de\"},{\"@type\":\"Organization\",\"@id\":\"https:\\\/\\\/www.salzburgerland.com\\\/de\\\/magazin\\\/#organization\",\"name\":\"SalzburgerLand Tourismus\",\"url\":\"https:\\\/\\\/www.salzburgerland.com\\\/de\\\/magazin\\\/\",\"logo\":{\"@type\":\"ImageObject\",\"inLanguage\":\"de\",\"@id\":\"https:\\\/\\\/www.salzburgerland.com\\\/de\\\/magazin\\\/#\\\/schema\\\/logo\\\/image\\\/\",\"url\":\"https:\\\/\\\/www.salzburgerland.com\\\/de\\\/magazin\\\/wp-content\\\/uploads\\\/2019\\\/06\\\/salzburgerland-logo1.jpg\",\"contentUrl\":\"https:\\\/\\\/www.salzburgerland.com\\\/de\\\/magazin\\\/wp-content\\\/uploads\\\/2019\\\/06\\\/salzburgerland-logo1.jpg\",\"width\":2011,\"height\":866,\"caption\":\"SalzburgerLand Tourismus\"},\"image\":{\"@id\":\"https:\\\/\\\/www.salzburgerland.com\\\/de\\\/magazin\\\/#\\\/schema\\\/logo\\\/image\\\/\"},\"sameAs\":[\"https:\\\/\\\/www.facebook.com\\\/salzburgerland\\\/\",\"https:\\\/\\\/x.com\\\/Salzburgerland\",\"https:\\\/\\\/www.instagram.com\\\/salzburgerland\\\/\",\"https:\\\/\\\/at.linkedin.com\\\/company\\\/salzburgerland-tourismus-gmbh\",\"https:\\\/\\\/www.pinterest.at\\\/salzburgerland\\\/\",\"https:\\\/\\\/www.youtube.com\\\/user\\\/salzburgerland\",\"https:\\\/\\\/de.wikipedia.org\\\/wiki\\\/SalzburgerLand_Tourismus_GmbH\"]},{\"@type\":\"Person\",\"@id\":\"https:\\\/\\\/www.salzburgerland.com\\\/de\\\/magazin\\\/#\\\/schema\\\/person\\\/8871c7c764fce6ea66752310e7fe9e98\",\"name\":\"Heiko Mandl\",\"description\":\"Heiko Mandl, geboren 1976 in Salzburg, ist durch den Journalismus zur Fotografie gekommen und ist seit zehn Jahren als selbstst\u00e4ndiger Fotograf und Autor in Salzburg t\u00e4tig. Schon von Kindheit an haben ihn die Berge vor seiner Haust\u00fcr fasziniert. Heute z\u00e4hlen sie unter anderem zu seinem Arbeitsplatz. Er arbeitet f\u00fcr internationale Outdoor- und Reisemagazine sowie zahlreiche Firmen und Agenturen. Luxushotel oder Almh\u00fctte: Ich kann beides genie\u00dfen und ich gehe das nach dem Motto: Alles zur richtigen Zeit und zur passenden Gelegenheit an. Wandern oder Laufen: Auf jeden Fall wandern, ist gem\u00fctlicher und man kann sich mehr auf die Umgebung konzentrieren. Golfplatz oder Klettergarten: Klettergarten, zumindest noch die n\u00e4chsten 20 Jahre. Fr\u00fchling, sommer, herbst oder Winter? Fr\u00fchling und Sommer und Herbst und Winter! Im SalzburgerLand ist es das ganze Jahr traumhaft sch\u00f6n. Wellness oder Mountainbike? Zuerst eine Runde mit dem Mountainbike und dann ab in den Wellnesstempel. Das eine schlie\u00dft das andere nicht aus!\",\"url\":\"https:\\\/\\\/www.salzburgerland.com\\\/de\\\/magazin\\\/author\\\/heiko-mandl\\\/\"}]}<\/script>\n<!-- \/ Yoast SEO Premium plugin. -->","yoast_head_json":{"title":"Der Arcushof - SalzburgerLand Magazin","robots":{"index":"index","follow":"follow","max-snippet":"max-snippet:-1","max-image-preview":"max-image-preview:large","max-video-preview":"max-video-preview:-1"},"canonical":"https:\/\/www.salzburgerland.com\/de\/magazin\/der-arcushof\/","og_locale":"de_DE","og_type":"article","og_title":"Der Arcushof","og_description":"Es tut sich immer etwas im Arcushof. Im Garten werden die Pflanzen gegossen, hinter dem Hof werden Holzarbeiten verrichtet und in der Backstube riecht es schon nach frischem Brot. Jeder ist mit Begeisterung bei der Sache und freut sich, etwas schaffen zu k\u00f6nnen. Die Mitarbeiter*innen sind gl\u00fccklich, eine Aufgabe zu haben, ihre k\u00f6rperliche oder auch [&hellip;]","og_url":"https:\/\/www.salzburgerland.com\/de\/magazin\/der-arcushof\/","og_site_name":"SalzburgerLand Magazin","article_publisher":"https:\/\/www.facebook.com\/salzburgerland\/","article_published_time":"2022-04-18T06:00:00+00:00","article_modified_time":"2022-07-04T06:34:26+00:00","og_image":[{"width":1920,"height":1281,"url":"https:\/\/www.salzburgerland.com\/de\/magazin\/wp-content\/uploads\/2022\/04\/MA_4315-e1649828826856.jpg","type":"image\/jpeg"}],"author":"Heiko Mandl","twitter_card":"summary_large_image","twitter_creator":"@Salzburgerland","twitter_site":"@Salzburgerland","twitter_misc":{"Verfasst von":"Heiko Mandl","Gesch\u00e4tzte Lesezeit":"4\u00a0Minuten"},"schema":{"@context":"https:\/\/schema.org","@graph":[{"@type":"Article","@id":"https:\/\/www.salzburgerland.com\/de\/magazin\/der-arcushof\/#article","isPartOf":{"@id":"https:\/\/www.salzburgerland.com\/de\/magazin\/der-arcushof\/"},"author":{"name":"Heiko Mandl","@id":"https:\/\/www.salzburgerland.com\/de\/magazin\/#\/schema\/person\/8871c7c764fce6ea66752310e7fe9e98"},"headline":"Der Arcushof","datePublished":"2022-04-18T06:00:00+00:00","dateModified":"2022-07-04T06:34:26+00:00","mainEntityOfPage":{"@id":"https:\/\/www.salzburgerland.com\/de\/magazin\/der-arcushof\/"},"wordCount":491,"publisher":{"@id":"https:\/\/www.salzburgerland.com\/de\/magazin\/#organization"},"image":{"@id":"https:\/\/www.salzburgerland.com\/de\/magazin\/der-arcushof\/#primaryimage"},"thumbnailUrl":"https:\/\/www.salzburgerland.com\/de\/magazin\/wp-content\/uploads\/2022\/04\/MA_4315-e1649828826856.jpg","keywords":["Bauernladen","inklusion","Nachhaltig","Nachhaltigkeit","soziales projekt"],"articleSection":["Lifestyle"],"inLanguage":"de"},{"@type":"WebPage","@id":"https:\/\/www.salzburgerland.com\/de\/magazin\/der-arcushof\/","url":"https:\/\/www.salzburgerland.com\/de\/magazin\/der-arcushof\/","name":"Der Arcushof - SalzburgerLand Magazin","isPartOf":{"@id":"https:\/\/www.salzburgerland.com\/de\/magazin\/#website"},"primaryImageOfPage":{"@id":"https:\/\/www.salzburgerland.com\/de\/magazin\/der-arcushof\/#primaryimage"},"image":{"@id":"https:\/\/www.salzburgerland.com\/de\/magazin\/der-arcushof\/#primaryimage"},"thumbnailUrl":"https:\/\/www.salzburgerland.com\/de\/magazin\/wp-content\/uploads\/2022\/04\/MA_4315-e1649828826856.jpg","datePublished":"2022-04-18T06:00:00+00:00","dateModified":"2022-07-04T06:34:26+00:00","breadcrumb":{"@id":"https:\/\/www.salzburgerland.com\/de\/magazin\/der-arcushof\/#breadcrumb"},"inLanguage":"de","potentialAction":[{"@type":"ReadAction","target":["https:\/\/www.salzburgerland.com\/de\/magazin\/der-arcushof\/"]}]},{"@type":"ImageObject","inLanguage":"de","@id":"https:\/\/www.salzburgerland.com\/de\/magazin\/der-arcushof\/#primaryimage","url":"https:\/\/www.salzburgerland.com\/de\/magazin\/wp-content\/uploads\/2022\/04\/MA_4315-e1649828826856.jpg","contentUrl":"https:\/\/www.salzburgerland.com\/de\/magazin\/wp-content\/uploads\/2022\/04\/MA_4315-e1649828826856.jpg","width":1920,"height":1281,"caption":"Eine Frau h\u00e4lt eine Flasche in der Hand, w\u00e4hrend sie sich mit einem Mann hinter der Ladentheke eines kleinen Gesch\u00e4fts mit Holzregalen unterh\u00e4lt."},{"@type":"BreadcrumbList","@id":"https:\/\/www.salzburgerland.com\/de\/magazin\/der-arcushof\/#breadcrumb","itemListElement":[{"@type":"ListItem","position":1,"name":"Startseite","item":"https:\/\/www.salzburgerland.com\/de\/magazin\/"},{"@type":"ListItem","position":2,"name":"Lifestyle","item":"https:\/\/www.salzburgerland.com\/de\/magazin\/thema\/lifestyle\/"},{"@type":"ListItem","position":3,"name":"Der Arcushof"}]},{"@type":"WebSite","@id":"https:\/\/www.salzburgerland.com\/de\/magazin\/#website","url":"https:\/\/www.salzburgerland.com\/de\/magazin\/","name":"SalzburgerLand Magazin","description":"Geschichten und Interessantes aus dem SalzburgerLand","publisher":{"@id":"https:\/\/www.salzburgerland.com\/de\/magazin\/#organization"},"potentialAction":[{"@type":"SearchAction","target":{"@type":"EntryPoint","urlTemplate":"https:\/\/www.salzburgerland.com\/de\/magazin\/?s={search_term_string}"},"query-input":{"@type":"PropertyValueSpecification","valueRequired":true,"valueName":"search_term_string"}}],"inLanguage":"de"},{"@type":"Organization","@id":"https:\/\/www.salzburgerland.com\/de\/magazin\/#organization","name":"SalzburgerLand Tourismus","url":"https:\/\/www.salzburgerland.com\/de\/magazin\/","logo":{"@type":"ImageObject","inLanguage":"de","@id":"https:\/\/www.salzburgerland.com\/de\/magazin\/#\/schema\/logo\/image\/","url":"https:\/\/www.salzburgerland.com\/de\/magazin\/wp-content\/uploads\/2019\/06\/salzburgerland-logo1.jpg","contentUrl":"https:\/\/www.salzburgerland.com\/de\/magazin\/wp-content\/uploads\/2019\/06\/salzburgerland-logo1.jpg","width":2011,"height":866,"caption":"SalzburgerLand Tourismus"},"image":{"@id":"https:\/\/www.salzburgerland.com\/de\/magazin\/#\/schema\/logo\/image\/"},"sameAs":["https:\/\/www.facebook.com\/salzburgerland\/","https:\/\/x.com\/Salzburgerland","https:\/\/www.instagram.com\/salzburgerland\/","https:\/\/at.linkedin.com\/company\/salzburgerland-tourismus-gmbh","https:\/\/www.pinterest.at\/salzburgerland\/","https:\/\/www.youtube.com\/user\/salzburgerland","https:\/\/de.wikipedia.org\/wiki\/SalzburgerLand_Tourismus_GmbH"]},{"@type":"Person","@id":"https:\/\/www.salzburgerland.com\/de\/magazin\/#\/schema\/person\/8871c7c764fce6ea66752310e7fe9e98","name":"Heiko Mandl","description":"Heiko Mandl, geboren 1976 in Salzburg, ist durch den Journalismus zur Fotografie gekommen und ist seit zehn Jahren als selbstst\u00e4ndiger Fotograf und Autor in Salzburg t\u00e4tig. Schon von Kindheit an haben ihn die Berge vor seiner Haust\u00fcr fasziniert. Heute z\u00e4hlen sie unter anderem zu seinem Arbeitsplatz. Er arbeitet f\u00fcr internationale Outdoor- und Reisemagazine sowie zahlreiche Firmen und Agenturen. Luxushotel oder Almh\u00fctte: Ich kann beides genie\u00dfen und ich gehe das nach dem Motto: Alles zur richtigen Zeit und zur passenden Gelegenheit an. Wandern oder Laufen: Auf jeden Fall wandern, ist gem\u00fctlicher und man kann sich mehr auf die Umgebung konzentrieren. Golfplatz oder Klettergarten: Klettergarten, zumindest noch die n\u00e4chsten 20 Jahre. Fr\u00fchling, sommer, herbst oder Winter? Fr\u00fchling und Sommer und Herbst und Winter! Im SalzburgerLand ist es das ganze Jahr traumhaft sch\u00f6n. Wellness oder Mountainbike? Zuerst eine Runde mit dem Mountainbike und dann ab in den Wellnesstempel. Das eine schlie\u00dft das andere nicht aus!","url":"https:\/\/www.salzburgerland.com\/de\/magazin\/author\/heiko-mandl\/"}]}},"_wl_alt_label":[],"wl:entity_url":"http:\/\/open.salzburgerland.com\/magazin\/post\/der-arcushof-161774","_links":{"self":[{"href":"https:\/\/www.salzburgerland.com\/de\/magazin\/wp-json\/wp\/v2\/posts\/161774","targetHints":{"allow":["GET"]}}],"collection":[{"href":"https:\/\/www.salzburgerland.com\/de\/magazin\/wp-json\/wp\/v2\/posts"}],"about":[{"href":"https:\/\/www.salzburgerland.com\/de\/magazin\/wp-json\/wp\/v2\/types\/post"}],"author":[{"embeddable":true,"href":"https:\/\/www.salzburgerland.com\/de\/magazin\/wp-json\/wp\/v2\/users\/10"}],"replies":[{"embeddable":true,"href":"https:\/\/www.salzburgerland.com\/de\/magazin\/wp-json\/wp\/v2\/comments?post=161774"}],"version-history":[{"count":5,"href":"https:\/\/www.salzburgerland.com\/de\/magazin\/wp-json\/wp\/v2\/posts\/161774\/revisions"}],"predecessor-version":[{"id":163765,"href":"https:\/\/www.salzburgerland.com\/de\/magazin\/wp-json\/wp\/v2\/posts\/161774\/revisions\/163765"}],"wp:featuredmedia":[{"embeddable":true,"href":"https:\/\/www.salzburgerland.com\/de\/magazin\/wp-json\/wp\/v2\/media\/161778"}],"wp:attachment":[{"href":"https:\/\/www.salzburgerland.com\/de\/magazin\/wp-json\/wp\/v2\/media?parent=161774"}],"wp:term":[{"taxonomy":"category","embeddable":true,"href":"https:\/\/www.salzburgerland.com\/de\/magazin\/wp-json\/wp\/v2\/categories?post=161774"},{"taxonomy":"post_tag","embeddable":true,"href":"https:\/\/www.salzburgerland.com\/de\/magazin\/wp-json\/wp\/v2\/tags?post=161774"},{"taxonomy":"wl_entity_type","embeddable":true,"href":"https:\/\/www.salzburgerland.com\/de\/magazin\/wp-json\/wp\/v2\/wl_entity_type?post=161774"},{"taxonomy":"monatsauswahl","embeddable":true,"href":"https:\/\/www.salzburgerland.com\/de\/magazin\/wp-json\/wp\/v2\/monatsauswahl?post=161774"}],"curies":[{"name":"wp","href":"https:\/\/api.w.org\/{rel}","templated":true}]}}