{"id":161722,"date":"2022-04-07T13:40:14","date_gmt":"2022-04-07T11:40:14","guid":{"rendered":"https:\/\/www.salzburgerland.com\/de\/magazin\/?p=161722"},"modified":"2023-02-20T11:11:40","modified_gmt":"2023-02-20T10:11:40","slug":"oelbergsingen-leiden-christi-singen-in-grossarl","status":"publish","type":"post","link":"https:\/\/www.salzburgerland.com\/de\/magazin\/oelbergsingen-leiden-christi-singen-in-grossarl\/","title":{"rendered":"\u00d6lbergsingen &amp; Leiden-Christi-Singen in Gro\u00dfarl"},"content":{"rendered":"\n<div class=\"wp-block-slt-top topBlocks\">\n<h2 class=\"wp-block-slt-subtitle\">Gesangliches Gedenken an das Leiden Jesu Christi<\/h2>\n\n\n\n<p class=\"wp-block-slt-intro\">Ein spezieller <a href=\"https:\/\/www.salzburgerland.com\/de\/magazin\/salzburger-osterbraeuche\/\" target=\"_blank\" rel=\"noreferrer noopener\">Osterbrauch<\/a> findet am Gr\u00fcndonnerstag und am Karfreitag in Gro\u00dfarl statt. Jeweils rund 30 M\u00e4nner gedenken beim \u00d6lbergsingen und beim Leiden-Christi-Singen an das Leiden Jesu Christi. Sie m\u00f6chten mit dieser Nachtwache die Verschlafenheit der J\u00fcnger Jesu wieder gut machen.<\/p>\n<\/div>\n\n\n\n<figure class=\"wp-block-image size-full\"><img loading=\"lazy\" decoding=\"async\" width=\"2400\" height=\"1600\" src=\"https:\/\/www.salzburgerland.com\/de\/magazin\/wp-content\/uploads\/2022\/04\/Oelbergsingen-2014_3.jpg\" alt=\"\u00d6lbergsingen Gro\u00dfarl \u00a9 www.grossarltal.info\" class=\"wp-image-161740\" srcset=\"https:\/\/www.salzburgerland.com\/de\/magazin\/wp-content\/uploads\/2022\/04\/Oelbergsingen-2014_3.jpg 2400w, https:\/\/www.salzburgerland.com\/de\/magazin\/wp-content\/uploads\/2022\/04\/Oelbergsingen-2014_3-300x200.jpg 300w, https:\/\/www.salzburgerland.com\/de\/magazin\/wp-content\/uploads\/2022\/04\/Oelbergsingen-2014_3-1536x1024.jpg 1536w, https:\/\/www.salzburgerland.com\/de\/magazin\/wp-content\/uploads\/2022\/04\/Oelbergsingen-2014_3-2048x1365.jpg 2048w, https:\/\/www.salzburgerland.com\/de\/magazin\/wp-content\/uploads\/2022\/04\/Oelbergsingen-2014_3-825x550.jpg 825w, https:\/\/www.salzburgerland.com\/de\/magazin\/wp-content\/uploads\/2022\/04\/Oelbergsingen-2014_3-600x400.jpg 600w, https:\/\/www.salzburgerland.com\/de\/magazin\/wp-content\/uploads\/2022\/04\/Oelbergsingen-2014_3-1320x880.jpg 1320w, https:\/\/www.salzburgerland.com\/de\/magazin\/wp-content\/uploads\/2022\/04\/Oelbergsingen-2014_3-150x100.jpg 150w\" sizes=\"auto, (max-width: 2400px) 100vw, 2400px\" \/><figcaption class=\"wp-element-caption\">\u00d6lbergsingen Gro\u00dfarl<\/figcaption><\/figure>\n\n\n\n<h2 class=\"wp-block-heading\" id=\"h-olbergsingen-grossarl-am-grundonnerstag\">\u00d6lbergsingen Gro\u00dfarl am Gr\u00fcndonnerstag<\/h2>\n\n\n\n<p>Um 20.00 Uhr beginnt die lange Nacht f\u00fcr die rund 30 M\u00e4nner. Am Gr\u00fcndonnerstag \u201ed\u00fcrfen\u201c nur die Bauern Teil dieses Chors sein. Obwohl es heutzutage wohl nicht mehr ganz so streng gehandhabt wird wie fr\u00fcher\u2026 Auf jeden Fall warten sie im gro\u00dfen Kreis vor der Pfarrkirche Gro\u00dfarl auf das Schlagen der Turmuhr. Ist der achte Schlag verklungen, setzt der Vors\u00e4nger mit der ersten Strophe des \u00d6lbergsingens ein: \u201eMerkt auf ihr Herr\u2019n und lasst euch sag\u2019n, hat acht Uhr g\u2019schlagn.\u201c Zweistimmig antwortet nun der M\u00e4nnerchor mit der ersten von neun Strophen dieses Passionsliedes. Die M\u00e4nner wandern weiter und singen die gleiche Strophe noch vor der Leichenhalle, beim Haus Christian, am Marktplatz Gro\u00dfarl und vor dem Hotel Berg-Leben. Danach pilgern sie wieder hinauf zur Kirche und starten die Nachtwache um 21.00 Uhr erneut. Um 04.00 Uhr in der Fr\u00fch singen sie schlie\u00dflich die letzte Strophe und wandern das letzte Mal von der Kirche bis zum Hotel Berg-Leben. <\/p>\n\n\n\n<figure class=\"wp-block-embed is-type-video is-provider-youtube wp-block-embed-youtube wp-embed-aspect-16-9 wp-has-aspect-ratio\"><div class=\"wp-block-embed__wrapper\">\n<iframe loading=\"lazy\" title=\"\u00d6lbergsingen Grossarl Leiden Christi Singen Osterbr\u00e4uche Salzburg\" width=\"640\" height=\"360\" src=\"https:\/\/www.youtube-nocookie.com\/embed\/-m1B51Jb-WE?feature=oembed&#038;rel=0&#038;modestbranding=1\" frameborder=\"0\" allow=\"accelerometer; autoplay; clipboard-write; encrypted-media; gyroscope; picture-in-picture; web-share\" referrerpolicy=\"strict-origin-when-cross-origin\" allowfullscreen><\/iframe>\n<\/div><figcaption class=\"wp-element-caption\">\u00d6lbergsingen in Gro\u00dfarl<\/figcaption><\/figure>\n\n\n\n<h2 class=\"wp-block-heading\" id=\"h-leiden-christi-singen-grossarl-am-karfreitag\">Leiden-Christi-Singen Gro\u00dfarl am Karfreitag<\/h2>\n\n\n\n<p>Das gleiche \u201eWachen\u201c wiederholt sich am Karfreitag. Der gr\u00f6\u00dfte Unterschied zum Vortag ist der Chor. Denn an diesem Tag singen und wachen die \u201eDorfer\u201c \u2013 also B\u00fcrger aus dem Ort. Obwohl auch hier die Regeln in den letzten Jahren etwas aufgebrochen wurden. Um Punkt 20.00 Uhr startet der Vors\u00e4nger des Leiden-Christi-Singens mit dem gleichen Text, die Antworten sind jedoch anders als am Gr\u00fcndonnerstag. Auch die B\u00fcrger singen an den gleichen f\u00fcnf Stellen im Ort und wachen singend bis in die Morgenstunden.<\/p>\n\n\n\n<figure class=\"wp-block-image size-full\"><img loading=\"lazy\" decoding=\"async\" width=\"2400\" height=\"1600\" src=\"https:\/\/www.salzburgerland.com\/de\/magazin\/wp-content\/uploads\/2022\/04\/Oelbergsingen-2014_5.jpg\" alt=\"Zweiter Stopp beim \u00d6lbergsingen \u00a9 www.grossarltal.info\" class=\"wp-image-161741\" srcset=\"https:\/\/www.salzburgerland.com\/de\/magazin\/wp-content\/uploads\/2022\/04\/Oelbergsingen-2014_5.jpg 2400w, https:\/\/www.salzburgerland.com\/de\/magazin\/wp-content\/uploads\/2022\/04\/Oelbergsingen-2014_5-300x200.jpg 300w, https:\/\/www.salzburgerland.com\/de\/magazin\/wp-content\/uploads\/2022\/04\/Oelbergsingen-2014_5-1536x1024.jpg 1536w, https:\/\/www.salzburgerland.com\/de\/magazin\/wp-content\/uploads\/2022\/04\/Oelbergsingen-2014_5-2048x1365.jpg 2048w, https:\/\/www.salzburgerland.com\/de\/magazin\/wp-content\/uploads\/2022\/04\/Oelbergsingen-2014_5-825x550.jpg 825w, https:\/\/www.salzburgerland.com\/de\/magazin\/wp-content\/uploads\/2022\/04\/Oelbergsingen-2014_5-600x400.jpg 600w, https:\/\/www.salzburgerland.com\/de\/magazin\/wp-content\/uploads\/2022\/04\/Oelbergsingen-2014_5-1320x880.jpg 1320w, https:\/\/www.salzburgerland.com\/de\/magazin\/wp-content\/uploads\/2022\/04\/Oelbergsingen-2014_5-150x100.jpg 150w\" sizes=\"auto, (max-width: 2400px) 100vw, 2400px\" \/><figcaption class=\"wp-element-caption\">Zweiter Stopp beim \u00d6lbergsingen \u00a9 www.grossarltal.info<\/figcaption><\/figure>\n\n\n\n<h2 class=\"wp-block-heading\" id=\"h-singen-und-einsam-wachen\">Singen und einsam wachen<\/h2>\n\n\n\n<p>Bei den ersten ein bis zwei Durchg\u00e4ngen sind die Ch\u00f6re nicht allein. Zahlreiche Zuh\u00f6rer lauschen dieser einzigartigen Passion. Danach singen und wachen die M\u00e4nner oftmals nur f\u00fcr sich. Je tiefer die Nacht, desto weniger Zuh\u00f6rer. Trotzdem machen die S\u00e4nger ihren Weg und halten Wache \u2013 als Wiedergutmachung der Verschlafenheit der J\u00fcnger Jesu. Die S\u00e4nger werden zwischen den einzelnen Durchg\u00e4ngen gest\u00e4rkt und sie d\u00fcrfen sich immer wieder aufw\u00e4rmen. Denn zu dieser Jahreszeit sind in Gro\u00dfarl speziell die N\u00e4chte meistens noch sehr kalt.<\/p>\n\n\n\n<figure class=\"wp-block-image size-full\"><img loading=\"lazy\" decoding=\"async\" width=\"2400\" height=\"1600\" src=\"https:\/\/www.salzburgerland.com\/de\/magazin\/wp-content\/uploads\/2022\/04\/Oelbergsingen-2014_21.jpg\" alt=\"Osterbrauch \u00d6lbergsingen Gro\u00dfarl \u00a9 www.grossarltal.info\" class=\"wp-image-161745\" srcset=\"https:\/\/www.salzburgerland.com\/de\/magazin\/wp-content\/uploads\/2022\/04\/Oelbergsingen-2014_21.jpg 2400w, https:\/\/www.salzburgerland.com\/de\/magazin\/wp-content\/uploads\/2022\/04\/Oelbergsingen-2014_21-300x200.jpg 300w, https:\/\/www.salzburgerland.com\/de\/magazin\/wp-content\/uploads\/2022\/04\/Oelbergsingen-2014_21-1536x1024.jpg 1536w, https:\/\/www.salzburgerland.com\/de\/magazin\/wp-content\/uploads\/2022\/04\/Oelbergsingen-2014_21-2048x1365.jpg 2048w, https:\/\/www.salzburgerland.com\/de\/magazin\/wp-content\/uploads\/2022\/04\/Oelbergsingen-2014_21-825x550.jpg 825w, https:\/\/www.salzburgerland.com\/de\/magazin\/wp-content\/uploads\/2022\/04\/Oelbergsingen-2014_21-600x400.jpg 600w, https:\/\/www.salzburgerland.com\/de\/magazin\/wp-content\/uploads\/2022\/04\/Oelbergsingen-2014_21-1320x880.jpg 1320w, https:\/\/www.salzburgerland.com\/de\/magazin\/wp-content\/uploads\/2022\/04\/Oelbergsingen-2014_21-150x100.jpg 150w\" sizes=\"auto, (max-width: 2400px) 100vw, 2400px\" \/><figcaption class=\"wp-element-caption\">Osterbrauch \u00d6lbergsingen Gro\u00dfarl \u00a9 www.grossarltal.info<\/figcaption><\/figure>\n\n\n\n<h2 class=\"wp-block-heading\" id=\"h-olbergsingen-grossarl-schon-seit-dem-18-jahrhundert\">\u00d6lbergsingen Gro\u00dfarl schon seit dem 18. Jahrhundert<\/h2>\n\n\n\n<p>Angeblich wurden diese Lieder Anfang des 18. Jahrhunderts mit Flugbl\u00e4ttern verteilt. Der Autor ist aber unbekannt. Seit rund 1700 h\u00e4lt sich dieser Brauch in <a href=\"https:\/\/www.grossarltal.info\/\" target=\"_blank\" rel=\"noreferrer noopener\">Gro\u00dfarl<\/a> und macht die Karwoche zu einer besonderen Woche \u2013 f\u00fcr die S\u00e4nger und f\u00fcr die Zuh\u00f6rer.<\/p>\n\n\n","protected":false},"excerpt":{"rendered":"<p>\u00d6lbergsingen Gro\u00dfarl am Gr\u00fcndonnerstag Um 20.00 Uhr beginnt die lange Nacht f\u00fcr die rund 30 M\u00e4nner. Am Gr\u00fcndonnerstag \u201ed\u00fcrfen\u201c nur die Bauern Teil dieses Chors sein. Obwohl es heutzutage wohl nicht mehr ganz so streng gehandhabt wird wie fr\u00fcher\u2026 Auf jeden Fall warten sie im gro\u00dfen Kreis vor der Pfarrkirche Gro\u00dfarl auf das Schlagen der [&hellip;]<\/p>\n","protected":false},"author":564,"featured_media":161742,"comment_status":"closed","ping_status":"closed","sticky":false,"template":"","format":"standard","meta":{"_acf_changed":false,"wl_entities_gutenberg":"","_wl_entity_redirect_enabled":"","footnotes":""},"categories":[7553],"tags":[],"wl_entity_type":[306],"monatsauswahl":[84,85],"class_list":["post-161722","post","type-post","status-publish","format-standard","has-post-thumbnail","hentry","category-brauchtum","wl_entity_type-article","monatsauswahl-monat_3","monatsauswahl-monat_4"],"acf":[],"yoast_head":"<!-- This site is optimized with the Yoast SEO Premium plugin v27.4 (Yoast SEO v27.4) - https:\/\/yoast.com\/product\/yoast-seo-premium-wordpress\/ -->\n<title>\u00d6lbergsingen &amp; Leiden-Christi-Singen in Gro\u00dfarl - SalzburgerLand Magazin<\/title>\n<meta name=\"description\" content=\"Das \u00d6lbergsingen am Gr\u00fcndonnerstag und das Leiden-Christi-Singen am Karfreitag sind einzigartige Osterbr\u00e4uche in Gro\u00dfarl. Lest \u00fcber den Brauch\" \/>\n<meta name=\"robots\" content=\"index, follow, max-snippet:-1, max-image-preview:large, max-video-preview:-1\" \/>\n<link rel=\"canonical\" href=\"https:\/\/www.salzburgerland.com\/de\/magazin\/oelbergsingen-leiden-christi-singen-in-grossarl\/\" \/>\n<meta property=\"og:locale\" content=\"de_DE\" \/>\n<meta property=\"og:type\" content=\"article\" \/>\n<meta property=\"og:title\" content=\"\u00d6lbergsingen &amp; Leiden-Christi-Singen in Gro\u00dfarl\" \/>\n<meta property=\"og:description\" content=\"Das \u00d6lbergsingen am Gr\u00fcndonnerstag und das Leiden-Christi-Singen am Karfreitag sind einzigartige Osterbr\u00e4uche in Gro\u00dfarl. Lest \u00fcber den Brauch\" \/>\n<meta property=\"og:url\" content=\"https:\/\/www.salzburgerland.com\/de\/magazin\/oelbergsingen-leiden-christi-singen-in-grossarl\/\" \/>\n<meta property=\"og:site_name\" content=\"SalzburgerLand Magazin\" \/>\n<meta property=\"article:publisher\" content=\"https:\/\/www.facebook.com\/salzburgerland\/\" \/>\n<meta property=\"article:published_time\" content=\"2022-04-07T11:40:14+00:00\" \/>\n<meta property=\"article:modified_time\" content=\"2023-02-20T10:11:40+00:00\" \/>\n<meta property=\"og:image\" content=\"https:\/\/www.salzburgerland.com\/de\/magazin\/wp-content\/uploads\/2022\/04\/Oelbergsingen-2014_7.jpg\" \/>\n\t<meta property=\"og:image:width\" content=\"2400\" \/>\n\t<meta property=\"og:image:height\" content=\"1600\" \/>\n\t<meta property=\"og:image:type\" content=\"image\/jpeg\" \/>\n<meta name=\"author\" content=\"Barbara Pirchner\" \/>\n<meta name=\"twitter:card\" content=\"summary_large_image\" \/>\n<meta name=\"twitter:creator\" content=\"@Salzburgerland\" \/>\n<meta name=\"twitter:site\" content=\"@Salzburgerland\" \/>\n<meta name=\"twitter:label1\" content=\"Verfasst von\" \/>\n\t<meta name=\"twitter:data1\" content=\"Barbara Pirchner\" \/>\n\t<meta name=\"twitter:label2\" content=\"Gesch\u00e4tzte Lesezeit\" \/>\n\t<meta name=\"twitter:data2\" content=\"4\u00a0Minuten\" \/>\n<script type=\"application\/ld+json\" class=\"yoast-schema-graph\">{\"@context\":\"https:\\\/\\\/schema.org\",\"@graph\":[{\"@type\":\"Article\",\"@id\":\"https:\\\/\\\/www.salzburgerland.com\\\/de\\\/magazin\\\/oelbergsingen-leiden-christi-singen-in-grossarl\\\/#article\",\"isPartOf\":{\"@id\":\"https:\\\/\\\/www.salzburgerland.com\\\/de\\\/magazin\\\/oelbergsingen-leiden-christi-singen-in-grossarl\\\/\"},\"author\":{\"name\":\"Barbara Pirchner\",\"@id\":\"https:\\\/\\\/www.salzburgerland.com\\\/de\\\/magazin\\\/#\\\/schema\\\/person\\\/1e4d0c967a02c339e6c85f8c3f38b89a\"},\"headline\":\"\u00d6lbergsingen &amp; Leiden-Christi-Singen in Gro\u00dfarl\",\"datePublished\":\"2022-04-07T11:40:14+00:00\",\"dateModified\":\"2023-02-20T10:11:40+00:00\",\"mainEntityOfPage\":{\"@id\":\"https:\\\/\\\/www.salzburgerland.com\\\/de\\\/magazin\\\/oelbergsingen-leiden-christi-singen-in-grossarl\\\/\"},\"wordCount\":498,\"publisher\":{\"@id\":\"https:\\\/\\\/www.salzburgerland.com\\\/de\\\/magazin\\\/#organization\"},\"image\":{\"@id\":\"https:\\\/\\\/www.salzburgerland.com\\\/de\\\/magazin\\\/oelbergsingen-leiden-christi-singen-in-grossarl\\\/#primaryimage\"},\"thumbnailUrl\":\"https:\\\/\\\/www.salzburgerland.com\\\/de\\\/magazin\\\/wp-content\\\/uploads\\\/2022\\\/04\\\/Oelbergsingen-2014_7.jpg\",\"articleSection\":[\"Brauchtum\"],\"inLanguage\":\"de\"},{\"@type\":\"WebPage\",\"@id\":\"https:\\\/\\\/www.salzburgerland.com\\\/de\\\/magazin\\\/oelbergsingen-leiden-christi-singen-in-grossarl\\\/\",\"url\":\"https:\\\/\\\/www.salzburgerland.com\\\/de\\\/magazin\\\/oelbergsingen-leiden-christi-singen-in-grossarl\\\/\",\"name\":\"\u00d6lbergsingen &amp; Leiden-Christi-Singen in Gro\u00dfarl - SalzburgerLand Magazin\",\"isPartOf\":{\"@id\":\"https:\\\/\\\/www.salzburgerland.com\\\/de\\\/magazin\\\/#website\"},\"primaryImageOfPage\":{\"@id\":\"https:\\\/\\\/www.salzburgerland.com\\\/de\\\/magazin\\\/oelbergsingen-leiden-christi-singen-in-grossarl\\\/#primaryimage\"},\"image\":{\"@id\":\"https:\\\/\\\/www.salzburgerland.com\\\/de\\\/magazin\\\/oelbergsingen-leiden-christi-singen-in-grossarl\\\/#primaryimage\"},\"thumbnailUrl\":\"https:\\\/\\\/www.salzburgerland.com\\\/de\\\/magazin\\\/wp-content\\\/uploads\\\/2022\\\/04\\\/Oelbergsingen-2014_7.jpg\",\"datePublished\":\"2022-04-07T11:40:14+00:00\",\"dateModified\":\"2023-02-20T10:11:40+00:00\",\"description\":\"Das \u00d6lbergsingen am Gr\u00fcndonnerstag und das Leiden-Christi-Singen am Karfreitag sind einzigartige Osterbr\u00e4uche in Gro\u00dfarl. Lest \u00fcber den Brauch\",\"breadcrumb\":{\"@id\":\"https:\\\/\\\/www.salzburgerland.com\\\/de\\\/magazin\\\/oelbergsingen-leiden-christi-singen-in-grossarl\\\/#breadcrumb\"},\"inLanguage\":\"de\",\"potentialAction\":[{\"@type\":\"ReadAction\",\"target\":[\"https:\\\/\\\/www.salzburgerland.com\\\/de\\\/magazin\\\/oelbergsingen-leiden-christi-singen-in-grossarl\\\/\"]}]},{\"@type\":\"ImageObject\",\"inLanguage\":\"de\",\"@id\":\"https:\\\/\\\/www.salzburgerland.com\\\/de\\\/magazin\\\/oelbergsingen-leiden-christi-singen-in-grossarl\\\/#primaryimage\",\"url\":\"https:\\\/\\\/www.salzburgerland.com\\\/de\\\/magazin\\\/wp-content\\\/uploads\\\/2022\\\/04\\\/Oelbergsingen-2014_7.jpg\",\"contentUrl\":\"https:\\\/\\\/www.salzburgerland.com\\\/de\\\/magazin\\\/wp-content\\\/uploads\\\/2022\\\/04\\\/Oelbergsingen-2014_7.jpg\",\"width\":2400,\"height\":1600,\"caption\":\"\u00d6lbergsingen \u00a9 www.grossarltal.info\"},{\"@type\":\"BreadcrumbList\",\"@id\":\"https:\\\/\\\/www.salzburgerland.com\\\/de\\\/magazin\\\/oelbergsingen-leiden-christi-singen-in-grossarl\\\/#breadcrumb\",\"itemListElement\":[{\"@type\":\"ListItem\",\"position\":1,\"name\":\"Startseite\",\"item\":\"https:\\\/\\\/www.salzburgerland.com\\\/de\\\/magazin\\\/\"},{\"@type\":\"ListItem\",\"position\":2,\"name\":\"Brauchtum\",\"item\":\"https:\\\/\\\/www.salzburgerland.com\\\/de\\\/magazin\\\/thema\\\/brauchtum\\\/\"},{\"@type\":\"ListItem\",\"position\":3,\"name\":\"\u00d6lbergsingen &amp; Leiden-Christi-Singen in Gro\u00dfarl\"}]},{\"@type\":\"WebSite\",\"@id\":\"https:\\\/\\\/www.salzburgerland.com\\\/de\\\/magazin\\\/#website\",\"url\":\"https:\\\/\\\/www.salzburgerland.com\\\/de\\\/magazin\\\/\",\"name\":\"SalzburgerLand Magazin\",\"description\":\"Geschichten und Interessantes aus dem SalzburgerLand\",\"publisher\":{\"@id\":\"https:\\\/\\\/www.salzburgerland.com\\\/de\\\/magazin\\\/#organization\"},\"potentialAction\":[{\"@type\":\"SearchAction\",\"target\":{\"@type\":\"EntryPoint\",\"urlTemplate\":\"https:\\\/\\\/www.salzburgerland.com\\\/de\\\/magazin\\\/?s={search_term_string}\"},\"query-input\":{\"@type\":\"PropertyValueSpecification\",\"valueRequired\":true,\"valueName\":\"search_term_string\"}}],\"inLanguage\":\"de\"},{\"@type\":\"Organization\",\"@id\":\"https:\\\/\\\/www.salzburgerland.com\\\/de\\\/magazin\\\/#organization\",\"name\":\"SalzburgerLand Tourismus\",\"url\":\"https:\\\/\\\/www.salzburgerland.com\\\/de\\\/magazin\\\/\",\"logo\":{\"@type\":\"ImageObject\",\"inLanguage\":\"de\",\"@id\":\"https:\\\/\\\/www.salzburgerland.com\\\/de\\\/magazin\\\/#\\\/schema\\\/logo\\\/image\\\/\",\"url\":\"https:\\\/\\\/www.salzburgerland.com\\\/de\\\/magazin\\\/wp-content\\\/uploads\\\/2019\\\/06\\\/salzburgerland-logo1.jpg\",\"contentUrl\":\"https:\\\/\\\/www.salzburgerland.com\\\/de\\\/magazin\\\/wp-content\\\/uploads\\\/2019\\\/06\\\/salzburgerland-logo1.jpg\",\"width\":2011,\"height\":866,\"caption\":\"SalzburgerLand Tourismus\"},\"image\":{\"@id\":\"https:\\\/\\\/www.salzburgerland.com\\\/de\\\/magazin\\\/#\\\/schema\\\/logo\\\/image\\\/\"},\"sameAs\":[\"https:\\\/\\\/www.facebook.com\\\/salzburgerland\\\/\",\"https:\\\/\\\/x.com\\\/Salzburgerland\",\"https:\\\/\\\/www.instagram.com\\\/salzburgerland\\\/\",\"https:\\\/\\\/at.linkedin.com\\\/company\\\/salzburgerland-tourismus-gmbh\",\"https:\\\/\\\/www.pinterest.at\\\/salzburgerland\\\/\",\"https:\\\/\\\/www.youtube.com\\\/user\\\/salzburgerland\",\"https:\\\/\\\/de.wikipedia.org\\\/wiki\\\/SalzburgerLand_Tourismus_GmbH\"]},{\"@type\":\"Person\",\"@id\":\"https:\\\/\\\/www.salzburgerland.com\\\/de\\\/magazin\\\/#\\\/schema\\\/person\\\/1e4d0c967a02c339e6c85f8c3f38b89a\",\"name\":\"Barbara Pirchner\",\"description\":\"Reisen sieht Barbara Pirchner als ein gro\u00dfes Geschenk. Es gibt so viele tolle M\u00f6glichkeiten, wie sie die Welt entdeckt. Und wenn sie nicht unterwegs ist, erkundet sie ihre Heimat. F\u00fcr sie ist es ihr zuhause, f\u00fcr euch der Urlaubsort. Gerne nimmt sie euch hier im Magazin mit und berichtet \u00fcber die sch\u00f6nsten Orte, die lustigsten Aktivit\u00e4ten oder die entspannendsten Momente im SalzburgerLand. Nach dem Studium und jahrelanger Erfahrung im Tourismusmarketing schreibt Barbara Pirchner jetzt f\u00fcr Tourismusbetriebe. Dosige oder Zuagroast? Eindeutig a Dosige. Geboren, aufgewachsen und wohnhaft in der Salzburger Bergwelt. Jedoch jederzeit offen, was anderes von der Welt zu sehen sowie andere Kulturen und L\u00e4nder kennenzulernen \u2013 und danach die sch\u00f6nen Kleinigkeiten in der Heimat wieder mehr wertsch\u00e4tzen zu k\u00f6nnen. Salzburger Nockerl oder Schwarzbeernocken? Bei Schwarzbeernocken kribbeln meine Geschmacksknospen. Haubenlokal oder Ab-Hof-Laden? Hm. Schwere Entscheidung. Am besten alles zu seiner Zeit. K\u00f6stliche Produkte im Ab-Hof-Laden kaufen zum selber Kochen oder sich verw\u00f6hnen lassen im Haubenlokal. Kochen, schlemmen und schnabulieren - damit kann ich mich identifizieren :) Wellness oder Mountainbike? Zuerst eine sch\u00f6ne Mountainbiketour, danach zum Entspannen in den Wellnessbereich. Alpinski, Offpist oder Skitour? Alles. Am besten auf einmal und das ganze Jahr. Als Winterm\u00e4dchen sehne ich mich nach den ersten Schnee. Und dann das ganze Programm. Dirndl oder Bustierkleid? Dirndl. Liebend gern.\",\"sameAs\":[\"https:\\\/\\\/www.barbara-pirchner.com\\\/\",\"https:\\\/\\\/www.linkedin.com\\\/in\\\/barbara-pirchner-573031120\\\/\"],\"url\":\"https:\\\/\\\/www.salzburgerland.com\\\/de\\\/magazin\\\/author\\\/barbara-pirchner\\\/\"}]}<\/script>\n<meta property=\"og:video\" content=\"https:\/\/www.youtube.com\/embed\/-m1B51Jb-WE\" \/>\n<meta property=\"og:video:type\" content=\"text\/html\" \/>\n<meta property=\"og:video:duration\" content=\"371\" \/>\n<meta property=\"og:video:width\" content=\"480\" \/>\n<meta property=\"og:video:height\" content=\"270\" \/>\n<meta property=\"ya:ovs:adult\" content=\"false\" \/>\n<meta property=\"ya:ovs:upload_date\" content=\"2022-04-07T11:40:14+00:00\" \/>\n<meta property=\"ya:ovs:allow_embed\" content=\"true\" \/>\n<!-- \/ Yoast SEO Premium plugin. -->","yoast_head_json":{"title":"\u00d6lbergsingen &amp; Leiden-Christi-Singen in Gro\u00dfarl - SalzburgerLand Magazin","description":"Das \u00d6lbergsingen am Gr\u00fcndonnerstag und das Leiden-Christi-Singen am Karfreitag sind einzigartige Osterbr\u00e4uche in Gro\u00dfarl. Lest \u00fcber den Brauch","robots":{"index":"index","follow":"follow","max-snippet":"max-snippet:-1","max-image-preview":"max-image-preview:large","max-video-preview":"max-video-preview:-1"},"canonical":"https:\/\/www.salzburgerland.com\/de\/magazin\/oelbergsingen-leiden-christi-singen-in-grossarl\/","og_locale":"de_DE","og_type":"article","og_title":"\u00d6lbergsingen &amp; Leiden-Christi-Singen in Gro\u00dfarl","og_description":"Das \u00d6lbergsingen am Gr\u00fcndonnerstag und das Leiden-Christi-Singen am Karfreitag sind einzigartige Osterbr\u00e4uche in Gro\u00dfarl. Lest \u00fcber den Brauch","og_url":"https:\/\/www.salzburgerland.com\/de\/magazin\/oelbergsingen-leiden-christi-singen-in-grossarl\/","og_site_name":"SalzburgerLand Magazin","article_publisher":"https:\/\/www.facebook.com\/salzburgerland\/","article_published_time":"2022-04-07T11:40:14+00:00","article_modified_time":"2023-02-20T10:11:40+00:00","og_image":[{"width":2400,"height":1600,"url":"https:\/\/www.salzburgerland.com\/de\/magazin\/wp-content\/uploads\/2022\/04\/Oelbergsingen-2014_7.jpg","type":"image\/jpeg"}],"author":"Barbara Pirchner","twitter_card":"summary_large_image","twitter_creator":"@Salzburgerland","twitter_site":"@Salzburgerland","twitter_misc":{"Verfasst von":"Barbara Pirchner","Gesch\u00e4tzte Lesezeit":"4\u00a0Minuten"},"schema":{"@context":"https:\/\/schema.org","@graph":[{"@type":"Article","@id":"https:\/\/www.salzburgerland.com\/de\/magazin\/oelbergsingen-leiden-christi-singen-in-grossarl\/#article","isPartOf":{"@id":"https:\/\/www.salzburgerland.com\/de\/magazin\/oelbergsingen-leiden-christi-singen-in-grossarl\/"},"author":{"name":"Barbara Pirchner","@id":"https:\/\/www.salzburgerland.com\/de\/magazin\/#\/schema\/person\/1e4d0c967a02c339e6c85f8c3f38b89a"},"headline":"\u00d6lbergsingen &amp; Leiden-Christi-Singen in Gro\u00dfarl","datePublished":"2022-04-07T11:40:14+00:00","dateModified":"2023-02-20T10:11:40+00:00","mainEntityOfPage":{"@id":"https:\/\/www.salzburgerland.com\/de\/magazin\/oelbergsingen-leiden-christi-singen-in-grossarl\/"},"wordCount":498,"publisher":{"@id":"https:\/\/www.salzburgerland.com\/de\/magazin\/#organization"},"image":{"@id":"https:\/\/www.salzburgerland.com\/de\/magazin\/oelbergsingen-leiden-christi-singen-in-grossarl\/#primaryimage"},"thumbnailUrl":"https:\/\/www.salzburgerland.com\/de\/magazin\/wp-content\/uploads\/2022\/04\/Oelbergsingen-2014_7.jpg","articleSection":["Brauchtum"],"inLanguage":"de"},{"@type":"WebPage","@id":"https:\/\/www.salzburgerland.com\/de\/magazin\/oelbergsingen-leiden-christi-singen-in-grossarl\/","url":"https:\/\/www.salzburgerland.com\/de\/magazin\/oelbergsingen-leiden-christi-singen-in-grossarl\/","name":"\u00d6lbergsingen &amp; Leiden-Christi-Singen in Gro\u00dfarl - SalzburgerLand Magazin","isPartOf":{"@id":"https:\/\/www.salzburgerland.com\/de\/magazin\/#website"},"primaryImageOfPage":{"@id":"https:\/\/www.salzburgerland.com\/de\/magazin\/oelbergsingen-leiden-christi-singen-in-grossarl\/#primaryimage"},"image":{"@id":"https:\/\/www.salzburgerland.com\/de\/magazin\/oelbergsingen-leiden-christi-singen-in-grossarl\/#primaryimage"},"thumbnailUrl":"https:\/\/www.salzburgerland.com\/de\/magazin\/wp-content\/uploads\/2022\/04\/Oelbergsingen-2014_7.jpg","datePublished":"2022-04-07T11:40:14+00:00","dateModified":"2023-02-20T10:11:40+00:00","description":"Das \u00d6lbergsingen am Gr\u00fcndonnerstag und das Leiden-Christi-Singen am Karfreitag sind einzigartige Osterbr\u00e4uche in Gro\u00dfarl. Lest \u00fcber den Brauch","breadcrumb":{"@id":"https:\/\/www.salzburgerland.com\/de\/magazin\/oelbergsingen-leiden-christi-singen-in-grossarl\/#breadcrumb"},"inLanguage":"de","potentialAction":[{"@type":"ReadAction","target":["https:\/\/www.salzburgerland.com\/de\/magazin\/oelbergsingen-leiden-christi-singen-in-grossarl\/"]}]},{"@type":"ImageObject","inLanguage":"de","@id":"https:\/\/www.salzburgerland.com\/de\/magazin\/oelbergsingen-leiden-christi-singen-in-grossarl\/#primaryimage","url":"https:\/\/www.salzburgerland.com\/de\/magazin\/wp-content\/uploads\/2022\/04\/Oelbergsingen-2014_7.jpg","contentUrl":"https:\/\/www.salzburgerland.com\/de\/magazin\/wp-content\/uploads\/2022\/04\/Oelbergsingen-2014_7.jpg","width":2400,"height":1600,"caption":"\u00d6lbergsingen \u00a9 www.grossarltal.info"},{"@type":"BreadcrumbList","@id":"https:\/\/www.salzburgerland.com\/de\/magazin\/oelbergsingen-leiden-christi-singen-in-grossarl\/#breadcrumb","itemListElement":[{"@type":"ListItem","position":1,"name":"Startseite","item":"https:\/\/www.salzburgerland.com\/de\/magazin\/"},{"@type":"ListItem","position":2,"name":"Brauchtum","item":"https:\/\/www.salzburgerland.com\/de\/magazin\/thema\/brauchtum\/"},{"@type":"ListItem","position":3,"name":"\u00d6lbergsingen &amp; Leiden-Christi-Singen in Gro\u00dfarl"}]},{"@type":"WebSite","@id":"https:\/\/www.salzburgerland.com\/de\/magazin\/#website","url":"https:\/\/www.salzburgerland.com\/de\/magazin\/","name":"SalzburgerLand Magazin","description":"Geschichten und Interessantes aus dem SalzburgerLand","publisher":{"@id":"https:\/\/www.salzburgerland.com\/de\/magazin\/#organization"},"potentialAction":[{"@type":"SearchAction","target":{"@type":"EntryPoint","urlTemplate":"https:\/\/www.salzburgerland.com\/de\/magazin\/?s={search_term_string}"},"query-input":{"@type":"PropertyValueSpecification","valueRequired":true,"valueName":"search_term_string"}}],"inLanguage":"de"},{"@type":"Organization","@id":"https:\/\/www.salzburgerland.com\/de\/magazin\/#organization","name":"SalzburgerLand Tourismus","url":"https:\/\/www.salzburgerland.com\/de\/magazin\/","logo":{"@type":"ImageObject","inLanguage":"de","@id":"https:\/\/www.salzburgerland.com\/de\/magazin\/#\/schema\/logo\/image\/","url":"https:\/\/www.salzburgerland.com\/de\/magazin\/wp-content\/uploads\/2019\/06\/salzburgerland-logo1.jpg","contentUrl":"https:\/\/www.salzburgerland.com\/de\/magazin\/wp-content\/uploads\/2019\/06\/salzburgerland-logo1.jpg","width":2011,"height":866,"caption":"SalzburgerLand Tourismus"},"image":{"@id":"https:\/\/www.salzburgerland.com\/de\/magazin\/#\/schema\/logo\/image\/"},"sameAs":["https:\/\/www.facebook.com\/salzburgerland\/","https:\/\/x.com\/Salzburgerland","https:\/\/www.instagram.com\/salzburgerland\/","https:\/\/at.linkedin.com\/company\/salzburgerland-tourismus-gmbh","https:\/\/www.pinterest.at\/salzburgerland\/","https:\/\/www.youtube.com\/user\/salzburgerland","https:\/\/de.wikipedia.org\/wiki\/SalzburgerLand_Tourismus_GmbH"]},{"@type":"Person","@id":"https:\/\/www.salzburgerland.com\/de\/magazin\/#\/schema\/person\/1e4d0c967a02c339e6c85f8c3f38b89a","name":"Barbara Pirchner","description":"Reisen sieht Barbara Pirchner als ein gro\u00dfes Geschenk. Es gibt so viele tolle M\u00f6glichkeiten, wie sie die Welt entdeckt. Und wenn sie nicht unterwegs ist, erkundet sie ihre Heimat. F\u00fcr sie ist es ihr zuhause, f\u00fcr euch der Urlaubsort. Gerne nimmt sie euch hier im Magazin mit und berichtet \u00fcber die sch\u00f6nsten Orte, die lustigsten Aktivit\u00e4ten oder die entspannendsten Momente im SalzburgerLand. Nach dem Studium und jahrelanger Erfahrung im Tourismusmarketing schreibt Barbara Pirchner jetzt f\u00fcr Tourismusbetriebe. Dosige oder Zuagroast? Eindeutig a Dosige. Geboren, aufgewachsen und wohnhaft in der Salzburger Bergwelt. Jedoch jederzeit offen, was anderes von der Welt zu sehen sowie andere Kulturen und L\u00e4nder kennenzulernen \u2013 und danach die sch\u00f6nen Kleinigkeiten in der Heimat wieder mehr wertsch\u00e4tzen zu k\u00f6nnen. Salzburger Nockerl oder Schwarzbeernocken? Bei Schwarzbeernocken kribbeln meine Geschmacksknospen. Haubenlokal oder Ab-Hof-Laden? Hm. Schwere Entscheidung. Am besten alles zu seiner Zeit. K\u00f6stliche Produkte im Ab-Hof-Laden kaufen zum selber Kochen oder sich verw\u00f6hnen lassen im Haubenlokal. Kochen, schlemmen und schnabulieren - damit kann ich mich identifizieren :) Wellness oder Mountainbike? Zuerst eine sch\u00f6ne Mountainbiketour, danach zum Entspannen in den Wellnessbereich. Alpinski, Offpist oder Skitour? Alles. Am besten auf einmal und das ganze Jahr. Als Winterm\u00e4dchen sehne ich mich nach den ersten Schnee. Und dann das ganze Programm. Dirndl oder Bustierkleid? Dirndl. Liebend gern.","sameAs":["https:\/\/www.barbara-pirchner.com\/","https:\/\/www.linkedin.com\/in\/barbara-pirchner-573031120\/"],"url":"https:\/\/www.salzburgerland.com\/de\/magazin\/author\/barbara-pirchner\/"}]},"og_video":"https:\/\/www.youtube.com\/embed\/-m1B51Jb-WE","og_video_type":"text\/html","og_video_duration":"371","og_video_width":"480","og_video_height":"270","ya_ovs_adult":"false","ya_ovs_upload_date":"2022-04-07T11:40:14+00:00","ya_ovs_allow_embed":"true"},"_wl_alt_label":[],"wl:entity_url":"http:\/\/open.salzburgerland.com\/magazin\/post\/oelbergsingen-leiden-christi-singen-in-grossarl-161722","_links":{"self":[{"href":"https:\/\/www.salzburgerland.com\/de\/magazin\/wp-json\/wp\/v2\/posts\/161722","targetHints":{"allow":["GET"]}}],"collection":[{"href":"https:\/\/www.salzburgerland.com\/de\/magazin\/wp-json\/wp\/v2\/posts"}],"about":[{"href":"https:\/\/www.salzburgerland.com\/de\/magazin\/wp-json\/wp\/v2\/types\/post"}],"author":[{"embeddable":true,"href":"https:\/\/www.salzburgerland.com\/de\/magazin\/wp-json\/wp\/v2\/users\/564"}],"replies":[{"embeddable":true,"href":"https:\/\/www.salzburgerland.com\/de\/magazin\/wp-json\/wp\/v2\/comments?post=161722"}],"version-history":[{"count":5,"href":"https:\/\/www.salzburgerland.com\/de\/magazin\/wp-json\/wp\/v2\/posts\/161722\/revisions"}],"predecessor-version":[{"id":169002,"href":"https:\/\/www.salzburgerland.com\/de\/magazin\/wp-json\/wp\/v2\/posts\/161722\/revisions\/169002"}],"wp:featuredmedia":[{"embeddable":true,"href":"https:\/\/www.salzburgerland.com\/de\/magazin\/wp-json\/wp\/v2\/media\/161742"}],"wp:attachment":[{"href":"https:\/\/www.salzburgerland.com\/de\/magazin\/wp-json\/wp\/v2\/media?parent=161722"}],"wp:term":[{"taxonomy":"category","embeddable":true,"href":"https:\/\/www.salzburgerland.com\/de\/magazin\/wp-json\/wp\/v2\/categories?post=161722"},{"taxonomy":"post_tag","embeddable":true,"href":"https:\/\/www.salzburgerland.com\/de\/magazin\/wp-json\/wp\/v2\/tags?post=161722"},{"taxonomy":"wl_entity_type","embeddable":true,"href":"https:\/\/www.salzburgerland.com\/de\/magazin\/wp-json\/wp\/v2\/wl_entity_type?post=161722"},{"taxonomy":"monatsauswahl","embeddable":true,"href":"https:\/\/www.salzburgerland.com\/de\/magazin\/wp-json\/wp\/v2\/monatsauswahl?post=161722"}],"curies":[{"name":"wp","href":"https:\/\/api.w.org\/{rel}","templated":true}]}}