{"id":161225,"date":"2022-03-28T08:00:00","date_gmt":"2022-03-28T06:00:00","guid":{"rendered":"https:\/\/www.salzburgerland.com\/de\/magazin\/?p=161225"},"modified":"2022-05-09T14:27:20","modified_gmt":"2022-05-09T12:27:20","slug":"stadthotel-oberndorf","status":"publish","type":"post","link":"https:\/\/www.salzburgerland.com\/de\/magazin\/stadthotel-oberndorf\/","title":{"rendered":"Stadthotel Oberndorf"},"content":{"rendered":"\n<div class=\"wp-block-slt-top topBlocks\">\n<h2 class=\"wp-block-slt-subtitle\">Vom Rathaus zum trendigen Hotel in Oberndorf<\/h2>\n\n\n\n<p class=\"wp-block-slt-intro\">Mitten im Zentrum des <a href=\"https:\/\/www.salzburger-seenland.at\/seen-orte\/orte\/oberndorf.html?utm_source=stillenacht-oberndorf.com&amp;utm_medium=redirect\" target=\"_blank\" rel=\"noreferrer noopener\">Stille-Nacht Ortes Oberndorf<\/a> steht seit 2020 das schmucke <a href=\"http:\/\/www.stadthotel-oberndorf.at\" target=\"_blank\" rel=\"noreferrer noopener\">Stadthotel<\/a>. Einst das st\u00e4dtische Rathaus, gehen heute Urlaubs-G\u00e4ste und Gesch\u00e4ftsreisende ein und aus. 20 schicke Zimmer machen das Stadthotel zur perfekten Homebase f\u00fcr Ausfl\u00fcge in den Flachgau oder in die Mozartstadt.<\/p>\n<\/div>\n\n\n\n<p>Jeder B\u00fcrger in Oberndorf kannte das alte Rathaus, das sich mitten im Zentrum und angrenzend an den Stadtpark befand. Nach dem Bau des neuen Rathauses gleich um die Ecke, stand das nostalgische Geb\u00e4ude leer und suchte neue Eigent\u00fcmer.<\/p>\n\n\n\n<figure class=\"wp-block-image size-full\"><img loading=\"lazy\" decoding=\"async\" width=\"2560\" height=\"1707\" src=\"https:\/\/www.salzburgerland.com\/de\/magazin\/wp-content\/uploads\/2022\/03\/stadthotel-oberndorf-03092020-005-scaled.jpg\" alt=\"Ein gelb-wei\u00dfes Hotel, Das Stadthotel im Stille Nacht Ort Oberndorf, unter einem klaren blauen Himmel.\" class=\"wp-image-161233\" srcset=\"https:\/\/www.salzburgerland.com\/de\/magazin\/wp-content\/uploads\/2022\/03\/stadthotel-oberndorf-03092020-005-scaled.jpg 2560w, https:\/\/www.salzburgerland.com\/de\/magazin\/wp-content\/uploads\/2022\/03\/stadthotel-oberndorf-03092020-005-300x200.jpg 300w, https:\/\/www.salzburgerland.com\/de\/magazin\/wp-content\/uploads\/2022\/03\/stadthotel-oberndorf-03092020-005-1536x1024.jpg 1536w, https:\/\/www.salzburgerland.com\/de\/magazin\/wp-content\/uploads\/2022\/03\/stadthotel-oberndorf-03092020-005-2048x1365.jpg 2048w, https:\/\/www.salzburgerland.com\/de\/magazin\/wp-content\/uploads\/2022\/03\/stadthotel-oberndorf-03092020-005-825x550.jpg 825w, https:\/\/www.salzburgerland.com\/de\/magazin\/wp-content\/uploads\/2022\/03\/stadthotel-oberndorf-03092020-005-600x400.jpg 600w, https:\/\/www.salzburgerland.com\/de\/magazin\/wp-content\/uploads\/2022\/03\/stadthotel-oberndorf-03092020-005-1320x880.jpg 1320w, https:\/\/www.salzburgerland.com\/de\/magazin\/wp-content\/uploads\/2022\/03\/stadthotel-oberndorf-03092020-005-150x100.jpg 150w\" sizes=\"auto, (max-width: 2560px) 100vw, 2560px\" \/><figcaption>Das Stadthotel im Zentrum von Oberndorf. \u00a9Stadthotel Oberndorf<\/figcaption><\/figure>\n\n\n\n<h2 class=\"wp-block-heading\" id=\"h-neue-eigentumer-neues-konzept\">Neue Eigent\u00fcmer \u2013 neues Konzept<\/h2>\n\n\n\n<p>Das Konzept der geb\u00fcrtigen Oberndorferin Kerstin Zangl \u00fcberzeugte die Gemeinde und sie bekam den Zuschlag f\u00fcr den Kauf des Geb\u00e4udes. Das neue Boutique-Hotel begr\u00fc\u00dft nun G\u00e4ste aus dem In- und Ausland mit s\u00e4mtlichen Annehmlichkeiten eines modernen Hotels. Die Zimmer sind stilvoll eingerichtet, mit viel Holz und klaren Linien. Die Zimmerpreise sind moderat und variieren je nach Auslastung. Wer will, kann das umfassende Fr\u00fchst\u00fccksbuffet flexibel dazubuchen. WLAN ist \u00fcberall kostenlos verf\u00fcgbar.<\/p>\n\n\n\n<figure class=\"wp-block-image size-full\"><img loading=\"lazy\" decoding=\"async\" width=\"2560\" height=\"1440\" src=\"https:\/\/www.salzburgerland.com\/de\/magazin\/wp-content\/uploads\/2022\/03\/DSC9507-scaled.jpg\" alt=\"Zwei Fr\u00fchst\u00fcckstische im Das Stadthotel im Stille Nacht Ort Oberndorf mit Kaffee, Obst, Eiern und Geb\u00e4ck.\" class=\"wp-image-161227\" srcset=\"https:\/\/www.salzburgerland.com\/de\/magazin\/wp-content\/uploads\/2022\/03\/DSC9507-scaled.jpg 2560w, https:\/\/www.salzburgerland.com\/de\/magazin\/wp-content\/uploads\/2022\/03\/DSC9507-300x169.jpg 300w, https:\/\/www.salzburgerland.com\/de\/magazin\/wp-content\/uploads\/2022\/03\/DSC9507-1536x864.jpg 1536w, https:\/\/www.salzburgerland.com\/de\/magazin\/wp-content\/uploads\/2022\/03\/DSC9507-2048x1152.jpg 2048w, https:\/\/www.salzburgerland.com\/de\/magazin\/wp-content\/uploads\/2022\/03\/DSC9507-978x550.jpg 978w, https:\/\/www.salzburgerland.com\/de\/magazin\/wp-content\/uploads\/2022\/03\/DSC9507-711x400.jpg 711w, https:\/\/www.salzburgerland.com\/de\/magazin\/wp-content\/uploads\/2022\/03\/DSC9507-560x316.jpg 560w, https:\/\/www.salzburgerland.com\/de\/magazin\/wp-content\/uploads\/2022\/03\/DSC9507-250x140.jpg 250w, https:\/\/www.salzburgerland.com\/de\/magazin\/wp-content\/uploads\/2022\/03\/DSC9507-1320x743.jpg 1320w, https:\/\/www.salzburgerland.com\/de\/magazin\/wp-content\/uploads\/2022\/03\/DSC9507-1200x675.jpg 1200w, https:\/\/www.salzburgerland.com\/de\/magazin\/wp-content\/uploads\/2022\/03\/DSC9507-150x84.jpg 150w\" sizes=\"auto, (max-width: 2560px) 100vw, 2560px\" \/><figcaption>Beim Fr\u00fchst\u00fcck ist f\u00fcr jeden Geschmack etwas dabei. \u00a9Stadthotel Oberndorf<\/figcaption><\/figure>\n\n\n\n<h2 class=\"wp-block-heading\">Stille Nacht immer pr\u00e4sent<\/h2>\n\n\n\n<p>Was nat\u00fcrlich im Stadthotel Oberndorf nicht fehlen darf, ist der Bezug zum ber\u00fchmten Lied von Franz Xaver Gruber und Joseph Mohr. So sind die Noten des Liedes im Fr\u00fchst\u00fccksraum verewigt und wer in seinem Zimmer an einem kleinen Knopf neben dem Bett zieht, der h\u00f6rt das Lied in seiner vollen Sch\u00f6nheit zum Einschlafen.<\/p>\n\n\n\n<figure class=\"wp-block-image size-full\"><img loading=\"lazy\" decoding=\"async\" width=\"2560\" height=\"1440\" src=\"https:\/\/www.salzburgerland.com\/de\/magazin\/wp-content\/uploads\/2022\/03\/DSC9529-scaled.jpg\" alt=\"Modernes Hotelzimmer mit Doppelbett, grauem Sofa und offenen Fenstern im Das Stadthotel im Stille Nacht Ort Oberndorf.\" class=\"wp-image-161229\" srcset=\"https:\/\/www.salzburgerland.com\/de\/magazin\/wp-content\/uploads\/2022\/03\/DSC9529-scaled.jpg 2560w, https:\/\/www.salzburgerland.com\/de\/magazin\/wp-content\/uploads\/2022\/03\/DSC9529-300x169.jpg 300w, https:\/\/www.salzburgerland.com\/de\/magazin\/wp-content\/uploads\/2022\/03\/DSC9529-1536x864.jpg 1536w, https:\/\/www.salzburgerland.com\/de\/magazin\/wp-content\/uploads\/2022\/03\/DSC9529-2048x1152.jpg 2048w, https:\/\/www.salzburgerland.com\/de\/magazin\/wp-content\/uploads\/2022\/03\/DSC9529-977x550.jpg 977w, https:\/\/www.salzburgerland.com\/de\/magazin\/wp-content\/uploads\/2022\/03\/DSC9529-711x400.jpg 711w, https:\/\/www.salzburgerland.com\/de\/magazin\/wp-content\/uploads\/2022\/03\/DSC9529-560x316.jpg 560w, https:\/\/www.salzburgerland.com\/de\/magazin\/wp-content\/uploads\/2022\/03\/DSC9529-250x140.jpg 250w, https:\/\/www.salzburgerland.com\/de\/magazin\/wp-content\/uploads\/2022\/03\/DSC9529-1320x743.jpg 1320w, https:\/\/www.salzburgerland.com\/de\/magazin\/wp-content\/uploads\/2022\/03\/DSC9529-1200x675.jpg 1200w, https:\/\/www.salzburgerland.com\/de\/magazin\/wp-content\/uploads\/2022\/03\/DSC9529-150x84.jpg 150w\" sizes=\"auto, (max-width: 2560px) 100vw, 2560px\" \/><figcaption>Modern und stilvoll \u2013 in den Zimmern f\u00fchlen sich die G\u00e4ste wie zu Hause.  \u00a9Stadthotel Oberndorf<\/figcaption><\/figure>\n\n\n\n<p>Die 20 Zimmer sind im Hauptgeb\u00e4ude und dem Nebengeb\u00e4ude dahinter aufgeteilt. Hinter dem Rathaus war fr\u00fcher das Gef\u00e4ngnis untergebracht. Beim Umbau mussten die Gitterst\u00e4be noch m\u00fchselig entfernt werden. Heute erinnern nur mehr die Erz\u00e4hlungen der Hotelchefin an die Urspr\u00fcnge der alten Gem\u00e4uer. Das einzige \u00dcberbleibsel ist der offene Dachstuhl, der mit seinen alten Holzbalken in einigen Zimmern heraussticht.<\/p>\n\n\n\n<h2 class=\"wp-block-heading\">Radfahrer willkommen<\/h2>\n\n\n\n<p>Im Innenhof befindet sich eine Ladestation f\u00fcr E-Bikes, die im Sommer gerne genutzt wird. Immerhin liegt das Hotel direkt am <a href=\"https:\/\/www.salzburgerland.com\/de\/tauernradweg\/\">Tauernradweg<\/a> und ist f\u00fcr die Radfahrer eine beliebte Zwischenstation am Weg in die Berge.<\/p>\n\n\n\n<figure class=\"wp-block-image size-full\"><img loading=\"lazy\" decoding=\"async\" width=\"1100\" height=\"733\" src=\"https:\/\/www.salzburgerland.com\/de\/magazin\/wp-content\/uploads\/2022\/03\/RS401__MG_12_06_SL_2948-scr.jpg\" alt=\"Zwei Radfahrer mit Fahrr\u00e4dern \u00fcberblicken eine malerische Stadt in der N\u00e4he von Das Stadthotel im Stille Nacht Ort Oberndorf.\" class=\"wp-image-161239\" srcset=\"https:\/\/www.salzburgerland.com\/de\/magazin\/wp-content\/uploads\/2022\/03\/RS401__MG_12_06_SL_2948-scr.jpg 1100w, https:\/\/www.salzburgerland.com\/de\/magazin\/wp-content\/uploads\/2022\/03\/RS401__MG_12_06_SL_2948-scr-300x200.jpg 300w, https:\/\/www.salzburgerland.com\/de\/magazin\/wp-content\/uploads\/2022\/03\/RS401__MG_12_06_SL_2948-scr-825x550.jpg 825w, https:\/\/www.salzburgerland.com\/de\/magazin\/wp-content\/uploads\/2022\/03\/RS401__MG_12_06_SL_2948-scr-600x400.jpg 600w, https:\/\/www.salzburgerland.com\/de\/magazin\/wp-content\/uploads\/2022\/03\/RS401__MG_12_06_SL_2948-scr-150x100.jpg 150w\" sizes=\"auto, (max-width: 1100px) 100vw, 1100px\" \/><figcaption>Vom Stadthotel Oberndorf geht es mit Rad am Tauernradweg in die Stadt Salzburg. \u00a9SLTG<\/figcaption><\/figure>\n\n\n\n<h2 class=\"wp-block-heading\">Stille-Nacht-Kapelle und Mozart vor der T\u00fcre<\/h2>\n\n\n\n<p>Die Hauptattraktion in Oberndorf ist zweifelsohne die Stille-Nacht-Kapelle, die vom Stadthotel zu Fu\u00df leicht zu erreichen ist. Die Stadt Salzburg ist f\u00fcr die G\u00e4ste ein weiteres, beliebtes Ausflugsziel. Wer sein Auto am hoteleigenen Parkplatz stehen l\u00e4sst, kann mit der Lokalbahn gleich von der Hotelt\u00fcre weg in die Mozartstadt fahren.<\/p>\n\n\n\n<figure class=\"wp-block-image size-full\"><img loading=\"lazy\" decoding=\"async\" width=\"1024\" height=\"683\" src=\"https:\/\/www.salzburgerland.com\/de\/magazin\/wp-content\/uploads\/2022\/03\/SalzburgerSeenland_Pilgerweg_Trumerseen_hm_Via_Nova_051_kl.jpg\" alt=\"F\u00fcnf Personen wandern auf einem grasbewachsenen Weg in der N\u00e4he eines malerischen Sees in der N\u00e4he von Das Stadthotel im Stille Nacht Ort Oberndorf.\" class=\"wp-image-161236\" srcset=\"https:\/\/www.salzburgerland.com\/de\/magazin\/wp-content\/uploads\/2022\/03\/SalzburgerSeenland_Pilgerweg_Trumerseen_hm_Via_Nova_051_kl.jpg 1024w, https:\/\/www.salzburgerland.com\/de\/magazin\/wp-content\/uploads\/2022\/03\/SalzburgerSeenland_Pilgerweg_Trumerseen_hm_Via_Nova_051_kl-300x200.jpg 300w, https:\/\/www.salzburgerland.com\/de\/magazin\/wp-content\/uploads\/2022\/03\/SalzburgerSeenland_Pilgerweg_Trumerseen_hm_Via_Nova_051_kl-825x550.jpg 825w, https:\/\/www.salzburgerland.com\/de\/magazin\/wp-content\/uploads\/2022\/03\/SalzburgerSeenland_Pilgerweg_Trumerseen_hm_Via_Nova_051_kl-600x400.jpg 600w, https:\/\/www.salzburgerland.com\/de\/magazin\/wp-content\/uploads\/2022\/03\/SalzburgerSeenland_Pilgerweg_Trumerseen_hm_Via_Nova_051_kl-150x100.jpg 150w\" sizes=\"auto, (max-width: 1024px) 100vw, 1024px\" \/><figcaption>Wanderer auf der Seenland Pilgerrunde. @heikomandl.at<\/figcaption><\/figure>\n\n\n\n<h2 class=\"wp-block-heading\">Naturerlebnis Salzburger Seeland<\/h2>\n\n\n\n<p>Naturliebhaber und Erholungs-Suchende sind in wenigen Fahrminuten im <a href=\"https:\/\/www.salzburger-seenland.at\/\" target=\"_blank\" rel=\"noreferrer noopener\">Salzburger Seenland<\/a>, wo die glasklaren Seen im Sommer zur Erfrischung einladen. Wanderer k\u00f6nnen zudem den <a href=\"https:\/\/www.salzburger-seenland.at\/erlebnis-freizeit\/nach-themen\/seenland-pilgerweg.html\" target=\"_blank\" rel=\"noreferrer noopener\">Pilgerweg<\/a> erkunden oder in den nahen Bergen eine Gipfel erklimmen.<\/p>\n\n\n\n<p><strong>Stadthotel Oberndorf B&amp;B<\/strong><br>Untersbergstra\u00dfe 25<br>Oberndorf bei Salzburg 5110<br>T +43 6272 20692<br><a href=\"mailto:info@stadthotel-oberndorf.at\" target=\"_blank\" rel=\"noreferrer noopener\">info@stadthotel-oberndorf.at<\/a><\/p>\n","protected":false},"excerpt":{"rendered":"<p>Jeder B\u00fcrger in Oberndorf kannte das alte Rathaus, das sich mitten im Zentrum und angrenzend an den Stadtpark befand. Nach dem Bau des neuen Rathauses gleich um die Ecke, stand das nostalgische Geb\u00e4ude leer und suchte neue Eigent\u00fcmer. Neue Eigent\u00fcmer \u2013 neues Konzept Das Konzept der geb\u00fcrtigen Oberndorferin Kerstin Zangl \u00fcberzeugte die Gemeinde und sie [&hellip;]<\/p>\n","protected":false},"author":10,"featured_media":161232,"comment_status":"closed","ping_status":"closed","sticky":false,"template":"","format":"standard","meta":{"_acf_changed":false,"wl_entities_gutenberg":"","_wl_entity_redirect_enabled":"","footnotes":""},"categories":[5],"tags":[6001,7305,7304,6000],"wl_entity_type":[306],"monatsauswahl":[82,83,84,85,86,87,88,89,90,91,92,93],"class_list":["post-161225","post","type-post","status-publish","format-standard","has-post-thumbnail","hentry","category-hotel-reise","tag-oberndorf","tag-rathaus","tag-stadthotel","tag-stille-nacht","wl_entity_type-article","monatsauswahl-monat_1","monatsauswahl-monat_2","monatsauswahl-monat_3","monatsauswahl-monat_4","monatsauswahl-monat_5","monatsauswahl-monat_6","monatsauswahl-monat_7","monatsauswahl-monat_8","monatsauswahl-monat_9","monatsauswahl-monat_10","monatsauswahl-monat_11","monatsauswahl-monat_12"],"acf":[],"yoast_head":"<!-- This site is optimized with the Yoast SEO Premium plugin v27.4 (Yoast SEO v27.4) - https:\/\/yoast.com\/product\/yoast-seo-premium-wordpress\/ -->\n<title>Stadthotel Oberndorf - SalzburgerLand Magazin<\/title>\n<meta name=\"robots\" content=\"index, follow, max-snippet:-1, max-image-preview:large, max-video-preview:-1\" \/>\n<link rel=\"canonical\" href=\"https:\/\/www.salzburgerland.com\/de\/magazin\/stadthotel-oberndorf\/\" \/>\n<meta property=\"og:locale\" content=\"de_DE\" \/>\n<meta property=\"og:type\" content=\"article\" \/>\n<meta property=\"og:title\" content=\"Stadthotel Oberndorf\" \/>\n<meta property=\"og:description\" content=\"Jeder B\u00fcrger in Oberndorf kannte das alte Rathaus, das sich mitten im Zentrum und angrenzend an den Stadtpark befand. Nach dem Bau des neuen Rathauses gleich um die Ecke, stand das nostalgische Geb\u00e4ude leer und suchte neue Eigent\u00fcmer. Neue Eigent\u00fcmer \u2013 neues Konzept Das Konzept der geb\u00fcrtigen Oberndorferin Kerstin Zangl \u00fcberzeugte die Gemeinde und sie [&hellip;]\" \/>\n<meta property=\"og:url\" content=\"https:\/\/www.salzburgerland.com\/de\/magazin\/stadthotel-oberndorf\/\" \/>\n<meta property=\"og:site_name\" content=\"SalzburgerLand Magazin\" \/>\n<meta property=\"article:publisher\" content=\"https:\/\/www.facebook.com\/salzburgerland\/\" \/>\n<meta property=\"article:published_time\" content=\"2022-03-28T06:00:00+00:00\" \/>\n<meta property=\"article:modified_time\" content=\"2022-05-09T12:27:20+00:00\" \/>\n<meta property=\"og:image\" content=\"https:\/\/www.salzburgerland.com\/de\/magazin\/wp-content\/uploads\/2022\/03\/DSC9701-scaled.jpg\" \/>\n\t<meta property=\"og:image:width\" content=\"2560\" \/>\n\t<meta property=\"og:image:height\" content=\"1707\" \/>\n\t<meta property=\"og:image:type\" content=\"image\/jpeg\" \/>\n<meta name=\"author\" content=\"Heiko Mandl\" \/>\n<meta name=\"twitter:card\" content=\"summary_large_image\" \/>\n<meta name=\"twitter:creator\" content=\"@Salzburgerland\" \/>\n<meta name=\"twitter:site\" content=\"@Salzburgerland\" \/>\n<meta name=\"twitter:label1\" content=\"Verfasst von\" \/>\n\t<meta name=\"twitter:data1\" content=\"Heiko Mandl\" \/>\n\t<meta name=\"twitter:label2\" content=\"Gesch\u00e4tzte Lesezeit\" \/>\n\t<meta name=\"twitter:data2\" content=\"4\u00a0Minuten\" \/>\n<script type=\"application\/ld+json\" class=\"yoast-schema-graph\">{\"@context\":\"https:\\\/\\\/schema.org\",\"@graph\":[{\"@type\":\"Article\",\"@id\":\"https:\\\/\\\/www.salzburgerland.com\\\/de\\\/magazin\\\/stadthotel-oberndorf\\\/#article\",\"isPartOf\":{\"@id\":\"https:\\\/\\\/www.salzburgerland.com\\\/de\\\/magazin\\\/stadthotel-oberndorf\\\/\"},\"author\":{\"name\":\"Heiko Mandl\",\"@id\":\"https:\\\/\\\/www.salzburgerland.com\\\/de\\\/magazin\\\/#\\\/schema\\\/person\\\/8871c7c764fce6ea66752310e7fe9e98\"},\"headline\":\"Stadthotel Oberndorf\",\"datePublished\":\"2022-03-28T06:00:00+00:00\",\"dateModified\":\"2022-05-09T12:27:20+00:00\",\"mainEntityOfPage\":{\"@id\":\"https:\\\/\\\/www.salzburgerland.com\\\/de\\\/magazin\\\/stadthotel-oberndorf\\\/\"},\"wordCount\":518,\"publisher\":{\"@id\":\"https:\\\/\\\/www.salzburgerland.com\\\/de\\\/magazin\\\/#organization\"},\"image\":{\"@id\":\"https:\\\/\\\/www.salzburgerland.com\\\/de\\\/magazin\\\/stadthotel-oberndorf\\\/#primaryimage\"},\"thumbnailUrl\":\"https:\\\/\\\/www.salzburgerland.com\\\/de\\\/magazin\\\/wp-content\\\/uploads\\\/2022\\\/03\\\/DSC9701-scaled.jpg\",\"keywords\":[\"Oberndorf\",\"Rathaus\",\"Stadthotel\",\"Stille Nacht\"],\"articleSection\":[\"Hotel &amp; Reise\"],\"inLanguage\":\"de\"},{\"@type\":\"WebPage\",\"@id\":\"https:\\\/\\\/www.salzburgerland.com\\\/de\\\/magazin\\\/stadthotel-oberndorf\\\/\",\"url\":\"https:\\\/\\\/www.salzburgerland.com\\\/de\\\/magazin\\\/stadthotel-oberndorf\\\/\",\"name\":\"Stadthotel Oberndorf - SalzburgerLand Magazin\",\"isPartOf\":{\"@id\":\"https:\\\/\\\/www.salzburgerland.com\\\/de\\\/magazin\\\/#website\"},\"primaryImageOfPage\":{\"@id\":\"https:\\\/\\\/www.salzburgerland.com\\\/de\\\/magazin\\\/stadthotel-oberndorf\\\/#primaryimage\"},\"image\":{\"@id\":\"https:\\\/\\\/www.salzburgerland.com\\\/de\\\/magazin\\\/stadthotel-oberndorf\\\/#primaryimage\"},\"thumbnailUrl\":\"https:\\\/\\\/www.salzburgerland.com\\\/de\\\/magazin\\\/wp-content\\\/uploads\\\/2022\\\/03\\\/DSC9701-scaled.jpg\",\"datePublished\":\"2022-03-28T06:00:00+00:00\",\"dateModified\":\"2022-05-09T12:27:20+00:00\",\"breadcrumb\":{\"@id\":\"https:\\\/\\\/www.salzburgerland.com\\\/de\\\/magazin\\\/stadthotel-oberndorf\\\/#breadcrumb\"},\"inLanguage\":\"de\",\"potentialAction\":[{\"@type\":\"ReadAction\",\"target\":[\"https:\\\/\\\/www.salzburgerland.com\\\/de\\\/magazin\\\/stadthotel-oberndorf\\\/\"]}]},{\"@type\":\"ImageObject\",\"inLanguage\":\"de\",\"@id\":\"https:\\\/\\\/www.salzburgerland.com\\\/de\\\/magazin\\\/stadthotel-oberndorf\\\/#primaryimage\",\"url\":\"https:\\\/\\\/www.salzburgerland.com\\\/de\\\/magazin\\\/wp-content\\\/uploads\\\/2022\\\/03\\\/DSC9701-scaled.jpg\",\"contentUrl\":\"https:\\\/\\\/www.salzburgerland.com\\\/de\\\/magazin\\\/wp-content\\\/uploads\\\/2022\\\/03\\\/DSC9701-scaled.jpg\",\"width\":2560,\"height\":1707,\"caption\":\"Modernes Hotelzimmer mit zwei Betten im Das Stadthotel im Stille Nacht Ort Oberndorf mit gelben Akzenten und Balken.\"},{\"@type\":\"BreadcrumbList\",\"@id\":\"https:\\\/\\\/www.salzburgerland.com\\\/de\\\/magazin\\\/stadthotel-oberndorf\\\/#breadcrumb\",\"itemListElement\":[{\"@type\":\"ListItem\",\"position\":1,\"name\":\"Startseite\",\"item\":\"https:\\\/\\\/www.salzburgerland.com\\\/de\\\/magazin\\\/\"},{\"@type\":\"ListItem\",\"position\":2,\"name\":\"Hotel &amp; Reise\",\"item\":\"https:\\\/\\\/www.salzburgerland.com\\\/de\\\/magazin\\\/thema\\\/hotel-reise\\\/\"},{\"@type\":\"ListItem\",\"position\":3,\"name\":\"Stadthotel Oberndorf\"}]},{\"@type\":\"WebSite\",\"@id\":\"https:\\\/\\\/www.salzburgerland.com\\\/de\\\/magazin\\\/#website\",\"url\":\"https:\\\/\\\/www.salzburgerland.com\\\/de\\\/magazin\\\/\",\"name\":\"SalzburgerLand Magazin\",\"description\":\"Geschichten und Interessantes aus dem SalzburgerLand\",\"publisher\":{\"@id\":\"https:\\\/\\\/www.salzburgerland.com\\\/de\\\/magazin\\\/#organization\"},\"potentialAction\":[{\"@type\":\"SearchAction\",\"target\":{\"@type\":\"EntryPoint\",\"urlTemplate\":\"https:\\\/\\\/www.salzburgerland.com\\\/de\\\/magazin\\\/?s={search_term_string}\"},\"query-input\":{\"@type\":\"PropertyValueSpecification\",\"valueRequired\":true,\"valueName\":\"search_term_string\"}}],\"inLanguage\":\"de\"},{\"@type\":\"Organization\",\"@id\":\"https:\\\/\\\/www.salzburgerland.com\\\/de\\\/magazin\\\/#organization\",\"name\":\"SalzburgerLand Tourismus\",\"url\":\"https:\\\/\\\/www.salzburgerland.com\\\/de\\\/magazin\\\/\",\"logo\":{\"@type\":\"ImageObject\",\"inLanguage\":\"de\",\"@id\":\"https:\\\/\\\/www.salzburgerland.com\\\/de\\\/magazin\\\/#\\\/schema\\\/logo\\\/image\\\/\",\"url\":\"https:\\\/\\\/www.salzburgerland.com\\\/de\\\/magazin\\\/wp-content\\\/uploads\\\/2019\\\/06\\\/salzburgerland-logo1.jpg\",\"contentUrl\":\"https:\\\/\\\/www.salzburgerland.com\\\/de\\\/magazin\\\/wp-content\\\/uploads\\\/2019\\\/06\\\/salzburgerland-logo1.jpg\",\"width\":2011,\"height\":866,\"caption\":\"SalzburgerLand Tourismus\"},\"image\":{\"@id\":\"https:\\\/\\\/www.salzburgerland.com\\\/de\\\/magazin\\\/#\\\/schema\\\/logo\\\/image\\\/\"},\"sameAs\":[\"https:\\\/\\\/www.facebook.com\\\/salzburgerland\\\/\",\"https:\\\/\\\/x.com\\\/Salzburgerland\",\"https:\\\/\\\/www.instagram.com\\\/salzburgerland\\\/\",\"https:\\\/\\\/at.linkedin.com\\\/company\\\/salzburgerland-tourismus-gmbh\",\"https:\\\/\\\/www.pinterest.at\\\/salzburgerland\\\/\",\"https:\\\/\\\/www.youtube.com\\\/user\\\/salzburgerland\",\"https:\\\/\\\/de.wikipedia.org\\\/wiki\\\/SalzburgerLand_Tourismus_GmbH\"]},{\"@type\":\"Person\",\"@id\":\"https:\\\/\\\/www.salzburgerland.com\\\/de\\\/magazin\\\/#\\\/schema\\\/person\\\/8871c7c764fce6ea66752310e7fe9e98\",\"name\":\"Heiko Mandl\",\"description\":\"Heiko Mandl, geboren 1976 in Salzburg, ist durch den Journalismus zur Fotografie gekommen und ist seit zehn Jahren als selbstst\u00e4ndiger Fotograf und Autor in Salzburg t\u00e4tig. Schon von Kindheit an haben ihn die Berge vor seiner Haust\u00fcr fasziniert. Heute z\u00e4hlen sie unter anderem zu seinem Arbeitsplatz. Er arbeitet f\u00fcr internationale Outdoor- und Reisemagazine sowie zahlreiche Firmen und Agenturen. Luxushotel oder Almh\u00fctte: Ich kann beides genie\u00dfen und ich gehe das nach dem Motto: Alles zur richtigen Zeit und zur passenden Gelegenheit an. Wandern oder Laufen: Auf jeden Fall wandern, ist gem\u00fctlicher und man kann sich mehr auf die Umgebung konzentrieren. Golfplatz oder Klettergarten: Klettergarten, zumindest noch die n\u00e4chsten 20 Jahre. Fr\u00fchling, sommer, herbst oder Winter? Fr\u00fchling und Sommer und Herbst und Winter! Im SalzburgerLand ist es das ganze Jahr traumhaft sch\u00f6n. Wellness oder Mountainbike? Zuerst eine Runde mit dem Mountainbike und dann ab in den Wellnesstempel. Das eine schlie\u00dft das andere nicht aus!\",\"url\":\"https:\\\/\\\/www.salzburgerland.com\\\/de\\\/magazin\\\/author\\\/heiko-mandl\\\/\"}]}<\/script>\n<!-- \/ Yoast SEO Premium plugin. -->","yoast_head_json":{"title":"Stadthotel Oberndorf - SalzburgerLand Magazin","robots":{"index":"index","follow":"follow","max-snippet":"max-snippet:-1","max-image-preview":"max-image-preview:large","max-video-preview":"max-video-preview:-1"},"canonical":"https:\/\/www.salzburgerland.com\/de\/magazin\/stadthotel-oberndorf\/","og_locale":"de_DE","og_type":"article","og_title":"Stadthotel Oberndorf","og_description":"Jeder B\u00fcrger in Oberndorf kannte das alte Rathaus, das sich mitten im Zentrum und angrenzend an den Stadtpark befand. Nach dem Bau des neuen Rathauses gleich um die Ecke, stand das nostalgische Geb\u00e4ude leer und suchte neue Eigent\u00fcmer. Neue Eigent\u00fcmer \u2013 neues Konzept Das Konzept der geb\u00fcrtigen Oberndorferin Kerstin Zangl \u00fcberzeugte die Gemeinde und sie [&hellip;]","og_url":"https:\/\/www.salzburgerland.com\/de\/magazin\/stadthotel-oberndorf\/","og_site_name":"SalzburgerLand Magazin","article_publisher":"https:\/\/www.facebook.com\/salzburgerland\/","article_published_time":"2022-03-28T06:00:00+00:00","article_modified_time":"2022-05-09T12:27:20+00:00","og_image":[{"width":2560,"height":1707,"url":"https:\/\/www.salzburgerland.com\/de\/magazin\/wp-content\/uploads\/2022\/03\/DSC9701-scaled.jpg","type":"image\/jpeg"}],"author":"Heiko Mandl","twitter_card":"summary_large_image","twitter_creator":"@Salzburgerland","twitter_site":"@Salzburgerland","twitter_misc":{"Verfasst von":"Heiko Mandl","Gesch\u00e4tzte Lesezeit":"4\u00a0Minuten"},"schema":{"@context":"https:\/\/schema.org","@graph":[{"@type":"Article","@id":"https:\/\/www.salzburgerland.com\/de\/magazin\/stadthotel-oberndorf\/#article","isPartOf":{"@id":"https:\/\/www.salzburgerland.com\/de\/magazin\/stadthotel-oberndorf\/"},"author":{"name":"Heiko Mandl","@id":"https:\/\/www.salzburgerland.com\/de\/magazin\/#\/schema\/person\/8871c7c764fce6ea66752310e7fe9e98"},"headline":"Stadthotel Oberndorf","datePublished":"2022-03-28T06:00:00+00:00","dateModified":"2022-05-09T12:27:20+00:00","mainEntityOfPage":{"@id":"https:\/\/www.salzburgerland.com\/de\/magazin\/stadthotel-oberndorf\/"},"wordCount":518,"publisher":{"@id":"https:\/\/www.salzburgerland.com\/de\/magazin\/#organization"},"image":{"@id":"https:\/\/www.salzburgerland.com\/de\/magazin\/stadthotel-oberndorf\/#primaryimage"},"thumbnailUrl":"https:\/\/www.salzburgerland.com\/de\/magazin\/wp-content\/uploads\/2022\/03\/DSC9701-scaled.jpg","keywords":["Oberndorf","Rathaus","Stadthotel","Stille Nacht"],"articleSection":["Hotel &amp; Reise"],"inLanguage":"de"},{"@type":"WebPage","@id":"https:\/\/www.salzburgerland.com\/de\/magazin\/stadthotel-oberndorf\/","url":"https:\/\/www.salzburgerland.com\/de\/magazin\/stadthotel-oberndorf\/","name":"Stadthotel Oberndorf - SalzburgerLand Magazin","isPartOf":{"@id":"https:\/\/www.salzburgerland.com\/de\/magazin\/#website"},"primaryImageOfPage":{"@id":"https:\/\/www.salzburgerland.com\/de\/magazin\/stadthotel-oberndorf\/#primaryimage"},"image":{"@id":"https:\/\/www.salzburgerland.com\/de\/magazin\/stadthotel-oberndorf\/#primaryimage"},"thumbnailUrl":"https:\/\/www.salzburgerland.com\/de\/magazin\/wp-content\/uploads\/2022\/03\/DSC9701-scaled.jpg","datePublished":"2022-03-28T06:00:00+00:00","dateModified":"2022-05-09T12:27:20+00:00","breadcrumb":{"@id":"https:\/\/www.salzburgerland.com\/de\/magazin\/stadthotel-oberndorf\/#breadcrumb"},"inLanguage":"de","potentialAction":[{"@type":"ReadAction","target":["https:\/\/www.salzburgerland.com\/de\/magazin\/stadthotel-oberndorf\/"]}]},{"@type":"ImageObject","inLanguage":"de","@id":"https:\/\/www.salzburgerland.com\/de\/magazin\/stadthotel-oberndorf\/#primaryimage","url":"https:\/\/www.salzburgerland.com\/de\/magazin\/wp-content\/uploads\/2022\/03\/DSC9701-scaled.jpg","contentUrl":"https:\/\/www.salzburgerland.com\/de\/magazin\/wp-content\/uploads\/2022\/03\/DSC9701-scaled.jpg","width":2560,"height":1707,"caption":"Modernes Hotelzimmer mit zwei Betten im Das Stadthotel im Stille Nacht Ort Oberndorf mit gelben Akzenten und Balken."},{"@type":"BreadcrumbList","@id":"https:\/\/www.salzburgerland.com\/de\/magazin\/stadthotel-oberndorf\/#breadcrumb","itemListElement":[{"@type":"ListItem","position":1,"name":"Startseite","item":"https:\/\/www.salzburgerland.com\/de\/magazin\/"},{"@type":"ListItem","position":2,"name":"Hotel &amp; Reise","item":"https:\/\/www.salzburgerland.com\/de\/magazin\/thema\/hotel-reise\/"},{"@type":"ListItem","position":3,"name":"Stadthotel Oberndorf"}]},{"@type":"WebSite","@id":"https:\/\/www.salzburgerland.com\/de\/magazin\/#website","url":"https:\/\/www.salzburgerland.com\/de\/magazin\/","name":"SalzburgerLand Magazin","description":"Geschichten und Interessantes aus dem SalzburgerLand","publisher":{"@id":"https:\/\/www.salzburgerland.com\/de\/magazin\/#organization"},"potentialAction":[{"@type":"SearchAction","target":{"@type":"EntryPoint","urlTemplate":"https:\/\/www.salzburgerland.com\/de\/magazin\/?s={search_term_string}"},"query-input":{"@type":"PropertyValueSpecification","valueRequired":true,"valueName":"search_term_string"}}],"inLanguage":"de"},{"@type":"Organization","@id":"https:\/\/www.salzburgerland.com\/de\/magazin\/#organization","name":"SalzburgerLand Tourismus","url":"https:\/\/www.salzburgerland.com\/de\/magazin\/","logo":{"@type":"ImageObject","inLanguage":"de","@id":"https:\/\/www.salzburgerland.com\/de\/magazin\/#\/schema\/logo\/image\/","url":"https:\/\/www.salzburgerland.com\/de\/magazin\/wp-content\/uploads\/2019\/06\/salzburgerland-logo1.jpg","contentUrl":"https:\/\/www.salzburgerland.com\/de\/magazin\/wp-content\/uploads\/2019\/06\/salzburgerland-logo1.jpg","width":2011,"height":866,"caption":"SalzburgerLand Tourismus"},"image":{"@id":"https:\/\/www.salzburgerland.com\/de\/magazin\/#\/schema\/logo\/image\/"},"sameAs":["https:\/\/www.facebook.com\/salzburgerland\/","https:\/\/x.com\/Salzburgerland","https:\/\/www.instagram.com\/salzburgerland\/","https:\/\/at.linkedin.com\/company\/salzburgerland-tourismus-gmbh","https:\/\/www.pinterest.at\/salzburgerland\/","https:\/\/www.youtube.com\/user\/salzburgerland","https:\/\/de.wikipedia.org\/wiki\/SalzburgerLand_Tourismus_GmbH"]},{"@type":"Person","@id":"https:\/\/www.salzburgerland.com\/de\/magazin\/#\/schema\/person\/8871c7c764fce6ea66752310e7fe9e98","name":"Heiko Mandl","description":"Heiko Mandl, geboren 1976 in Salzburg, ist durch den Journalismus zur Fotografie gekommen und ist seit zehn Jahren als selbstst\u00e4ndiger Fotograf und Autor in Salzburg t\u00e4tig. Schon von Kindheit an haben ihn die Berge vor seiner Haust\u00fcr fasziniert. Heute z\u00e4hlen sie unter anderem zu seinem Arbeitsplatz. Er arbeitet f\u00fcr internationale Outdoor- und Reisemagazine sowie zahlreiche Firmen und Agenturen. Luxushotel oder Almh\u00fctte: Ich kann beides genie\u00dfen und ich gehe das nach dem Motto: Alles zur richtigen Zeit und zur passenden Gelegenheit an. Wandern oder Laufen: Auf jeden Fall wandern, ist gem\u00fctlicher und man kann sich mehr auf die Umgebung konzentrieren. Golfplatz oder Klettergarten: Klettergarten, zumindest noch die n\u00e4chsten 20 Jahre. Fr\u00fchling, sommer, herbst oder Winter? Fr\u00fchling und Sommer und Herbst und Winter! Im SalzburgerLand ist es das ganze Jahr traumhaft sch\u00f6n. Wellness oder Mountainbike? Zuerst eine Runde mit dem Mountainbike und dann ab in den Wellnesstempel. Das eine schlie\u00dft das andere nicht aus!","url":"https:\/\/www.salzburgerland.com\/de\/magazin\/author\/heiko-mandl\/"}]}},"_wl_alt_label":[],"wl:entity_url":"http:\/\/open.salzburgerland.com\/magazin\/post\/stadthotel_oberndorf","_links":{"self":[{"href":"https:\/\/www.salzburgerland.com\/de\/magazin\/wp-json\/wp\/v2\/posts\/161225","targetHints":{"allow":["GET"]}}],"collection":[{"href":"https:\/\/www.salzburgerland.com\/de\/magazin\/wp-json\/wp\/v2\/posts"}],"about":[{"href":"https:\/\/www.salzburgerland.com\/de\/magazin\/wp-json\/wp\/v2\/types\/post"}],"author":[{"embeddable":true,"href":"https:\/\/www.salzburgerland.com\/de\/magazin\/wp-json\/wp\/v2\/users\/10"}],"replies":[{"embeddable":true,"href":"https:\/\/www.salzburgerland.com\/de\/magazin\/wp-json\/wp\/v2\/comments?post=161225"}],"version-history":[{"count":5,"href":"https:\/\/www.salzburgerland.com\/de\/magazin\/wp-json\/wp\/v2\/posts\/161225\/revisions"}],"predecessor-version":[{"id":162315,"href":"https:\/\/www.salzburgerland.com\/de\/magazin\/wp-json\/wp\/v2\/posts\/161225\/revisions\/162315"}],"wp:featuredmedia":[{"embeddable":true,"href":"https:\/\/www.salzburgerland.com\/de\/magazin\/wp-json\/wp\/v2\/media\/161232"}],"wp:attachment":[{"href":"https:\/\/www.salzburgerland.com\/de\/magazin\/wp-json\/wp\/v2\/media?parent=161225"}],"wp:term":[{"taxonomy":"category","embeddable":true,"href":"https:\/\/www.salzburgerland.com\/de\/magazin\/wp-json\/wp\/v2\/categories?post=161225"},{"taxonomy":"post_tag","embeddable":true,"href":"https:\/\/www.salzburgerland.com\/de\/magazin\/wp-json\/wp\/v2\/tags?post=161225"},{"taxonomy":"wl_entity_type","embeddable":true,"href":"https:\/\/www.salzburgerland.com\/de\/magazin\/wp-json\/wp\/v2\/wl_entity_type?post=161225"},{"taxonomy":"monatsauswahl","embeddable":true,"href":"https:\/\/www.salzburgerland.com\/de\/magazin\/wp-json\/wp\/v2\/monatsauswahl?post=161225"}],"curies":[{"name":"wp","href":"https:\/\/api.w.org\/{rel}","templated":true}]}}