{"id":160882,"date":"2022-03-11T08:00:00","date_gmt":"2022-03-11T07:00:00","guid":{"rendered":"https:\/\/www.salzburgerland.com\/de\/magazin\/?p=160882"},"modified":"2022-03-07T11:05:19","modified_gmt":"2022-03-07T10:05:19","slug":"kowalski-vom-gruenen-rasen-zu-den-bunten-farben","status":"publish","type":"post","link":"https:\/\/www.salzburgerland.com\/de\/magazin\/kowalski-vom-gruenen-rasen-zu-den-bunten-farben\/","title":{"rendered":"Kowalski \u2013 vom gr\u00fcnen Rasen zu den bunten Farben"},"content":{"rendered":"\n<div class=\"wp-block-slt-top topBlocks\">\n<h2 class=\"wp-block-slt-subtitle\">Der Ex-Profifu\u00dfballer tauschte Ball gegen Pinsel<\/h2>\n\n\n\n<p class=\"wp-block-slt-intro\">Wolfgang Mair war im \u00f6sterreichischen Fu\u00dfball lange Zeit ein bekannter Name. Er holte Meistertitel und stand im Nationalteam. Schon damals war die Kunst ein Ausgleich zum harten Fu\u00dfball-Business. Heute lebt der in der Stadt Salzburg beheimatete Osttiroler von seiner Kunst und geht in seiner Berufung voll und ganz auf.<\/p>\n<\/div>\n\n\n\n<p>Der Fu\u00dfballer Wolfgang Mair war einer der Fixgr\u00f6\u00dfen beim FC Tirol und landete 2005 beim frisch gegr\u00fcndeten FC Red Bull Salzburg. Schon damals war die Kunst f\u00fcr ihn ein guter Ausgleich zu seiner <a href=\"https:\/\/www.wolfgangmair.com\/\" target=\"_blank\" rel=\"noreferrer noopener\">Fu\u00dfballerkarriere.<\/a> \u201eDas Malen hat mich immer nach dem Spiel runtergeholt, geerdet und wieder zu mir selber finden lassen\u201c, erinnert er sich. Nach einem letzten Einsatz beim FC Liefering beendete er schlie\u00dflich seine erfolgreiche Karriere und wurde in der Stadt Salzburg sesshaft.<\/p>\n\n\n\n<figure class=\"wp-block-image size-full\"><img loading=\"lazy\" decoding=\"async\" width=\"1467\" height=\"978\" src=\"https:\/\/www.salzburgerland.com\/de\/magazin\/wp-content\/uploads\/2022\/02\/Kowalski1_SiegridCain2022SneakPeek-Kopie.jpg\" alt=\"Ex-Fu\u00dfballprofi und K\u00fcnstler aus Salzburg mit farbbedeckter Hand vor einem Auge, blickt in die Kamera.\" class=\"wp-image-160890\" srcset=\"https:\/\/www.salzburgerland.com\/de\/magazin\/wp-content\/uploads\/2022\/02\/Kowalski1_SiegridCain2022SneakPeek-Kopie.jpg 1467w, https:\/\/www.salzburgerland.com\/de\/magazin\/wp-content\/uploads\/2022\/02\/Kowalski1_SiegridCain2022SneakPeek-Kopie-300x200.jpg 300w, https:\/\/www.salzburgerland.com\/de\/magazin\/wp-content\/uploads\/2022\/02\/Kowalski1_SiegridCain2022SneakPeek-Kopie-825x550.jpg 825w, https:\/\/www.salzburgerland.com\/de\/magazin\/wp-content\/uploads\/2022\/02\/Kowalski1_SiegridCain2022SneakPeek-Kopie-600x400.jpg 600w, https:\/\/www.salzburgerland.com\/de\/magazin\/wp-content\/uploads\/2022\/02\/Kowalski1_SiegridCain2022SneakPeek-Kopie-1320x880.jpg 1320w, https:\/\/www.salzburgerland.com\/de\/magazin\/wp-content\/uploads\/2022\/02\/Kowalski1_SiegridCain2022SneakPeek-Kopie-150x100.jpg 150w\" sizes=\"auto, (max-width: 1467px) 100vw, 1467px\" \/><figcaption>Fu\u00dfballprofi mit k\u00fcnstlerischer Ader. \u00a9 siegridcain<\/figcaption><\/figure>\n\n\n\n<h2 class=\"wp-block-heading\" id=\"h-was-tun\">Was tun?<\/h2>\n\n\n\n<p>Nach der aktiven Laufbahn war f\u00fcr ihn klar, dass er beruflich seine kreative Ader n\u00fctzen m\u00f6chte, um Fu\u00df zu fassen. Es machte eine Ausbildung zum Grafiker und schaffte damit den Sprung in die Selbst\u00e4ndigkeit. \u201eEs ist sch\u00f6n, wenn man seiner Leidenschaft folgen kann\u201c, so Mair. \u201eDein Job muss dir taugen, es scheint nicht immer jeden Tag die Sonne.\u201c F\u00fcr Kowalski, so sein K\u00fcnstlername, scheint sie aber \u00f6fters als ertr\u00e4umt. Nachdem das Malen einen immer gr\u00f6\u00dferen Stellenwert in seinem Berufsalltag eingenommen hatte, folgten immer gr\u00f6\u00dfere Auftr\u00e4ge und Ausstellungen. Eines seiner Highlights war das Portr\u00e4t von Fu\u00dfballstar Neymar jr., welches er zum 27. Geburtstag des Brasilianers w\u00e4hrend dessen Feier malen durfte. Aber auch die Kooperation mit <a href=\"https:\/\/www.wingsforlifeworldrun.com\/de\" target=\"_blank\" rel=\"noreferrer noopener\">Wings for Life<\/a> und dem <a href=\"https:\/\/ecrbs.redbulls.com\/wings-life-bildgalerie-von-mackinger-photography-2222\" target=\"_blank\" rel=\"noreferrer noopener\">EC Red Bull Salzburg<\/a> hat viel Aufmerksamkeit erzeugt. Bereits zum zweiten mal durfte Mair die Trikots der Eishockeyspieler designen. Sie wurden im Anschluss des Spieles f\u00fcr einen guten Zweck versteigert.<\/p>\n\n\n\n<figure class=\"wp-block-image size-full\"><img loading=\"lazy\" decoding=\"async\" width=\"1600\" height=\"900\" src=\"https:\/\/www.salzburgerland.com\/de\/magazin\/wp-content\/uploads\/2022\/02\/collage-@tina_takes_a_shot.jpg\" alt=\"Ex-Fu\u00dfballprofi und K\u00fcnstler aus Salzburg ordnet Comic-Bilder mit blauen Handschuhen im Atelier an.\" class=\"wp-image-160886\" srcset=\"https:\/\/www.salzburgerland.com\/de\/magazin\/wp-content\/uploads\/2022\/02\/collage-@tina_takes_a_shot.jpg 1600w, https:\/\/www.salzburgerland.com\/de\/magazin\/wp-content\/uploads\/2022\/02\/collage-@tina_takes_a_shot-300x169.jpg 300w, https:\/\/www.salzburgerland.com\/de\/magazin\/wp-content\/uploads\/2022\/02\/collage-@tina_takes_a_shot-1536x864.jpg 1536w, https:\/\/www.salzburgerland.com\/de\/magazin\/wp-content\/uploads\/2022\/02\/collage-@tina_takes_a_shot-978x550.jpg 978w, https:\/\/www.salzburgerland.com\/de\/magazin\/wp-content\/uploads\/2022\/02\/collage-@tina_takes_a_shot-711x400.jpg 711w, https:\/\/www.salzburgerland.com\/de\/magazin\/wp-content\/uploads\/2022\/02\/collage-@tina_takes_a_shot-560x316.jpg 560w, https:\/\/www.salzburgerland.com\/de\/magazin\/wp-content\/uploads\/2022\/02\/collage-@tina_takes_a_shot-250x140.jpg 250w, https:\/\/www.salzburgerland.com\/de\/magazin\/wp-content\/uploads\/2022\/02\/collage-@tina_takes_a_shot-1320x743.jpg 1320w, https:\/\/www.salzburgerland.com\/de\/magazin\/wp-content\/uploads\/2022\/02\/collage-@tina_takes_a_shot-1200x675.jpg 1200w, https:\/\/www.salzburgerland.com\/de\/magazin\/wp-content\/uploads\/2022\/02\/collage-@tina_takes_a_shot-150x84.jpg 150w\" sizes=\"auto, (max-width: 1600px) 100vw, 1600px\" \/><figcaption>Kowalski arbeitet mit vielen unterschiedlichen Materialien. \u00a9tina_takes_a_shot<\/figcaption><\/figure>\n\n\n\n<h2 class=\"wp-block-heading\">Musik als kreativer Begleiter<\/h2>\n\n\n\n<p>Neben der Kunst geh\u00f6rt die Musik zu seinen gro\u00dfen Leidenschaften. \u201eWenn ich in der Fr\u00fch aufstehe, geh\u00f6ren eine gute Platte und eine Tasse Kaffee zu meinen fixen Ritualen\u201c, erkl\u00e4rt er. Mit Musik kann er auch kreativer arbeiten. So geh\u00f6ren auch Portr\u00e4ts einiger gro\u00dfer Musiker zu seinen Meisterst\u00fccken. Amy Winehouse oder Prince h\u00e4ngen an den W\u00e4nden seines Ateliers, neben freien Arbeiten und verschiedenen Auftragsarbeiten. Einige Bilder malt er in wenigen Stunden, einige h\u00e4ngen mehrere Monate, bis sie sein Atelier verlassen. \u201eEs ist immer schwer zu sagen, wie lange ich f\u00fcr ein Bild brauche. Bilder passieren einfach\u201c, erkl\u00e4rt er.<\/p>\n\n\n\n<figure class=\"wp-block-image size-full\"><img loading=\"lazy\" decoding=\"async\" width=\"2560\" height=\"1440\" src=\"https:\/\/www.salzburgerland.com\/de\/magazin\/wp-content\/uploads\/2022\/02\/dasFest2-@tina_takes_a_shot-scaled.jpg\" alt=\"Ein Mann mit Kapuzenpulli und roter M\u00fctze, Ex-Fu\u00dfballprofi und K\u00fcnstler aus Salzburg, h\u00e4lt an einem Flussufer Kunst.\" class=\"wp-image-160888\" srcset=\"https:\/\/www.salzburgerland.com\/de\/magazin\/wp-content\/uploads\/2022\/02\/dasFest2-@tina_takes_a_shot-scaled.jpg 2560w, https:\/\/www.salzburgerland.com\/de\/magazin\/wp-content\/uploads\/2022\/02\/dasFest2-@tina_takes_a_shot-300x169.jpg 300w, https:\/\/www.salzburgerland.com\/de\/magazin\/wp-content\/uploads\/2022\/02\/dasFest2-@tina_takes_a_shot-1536x864.jpg 1536w, https:\/\/www.salzburgerland.com\/de\/magazin\/wp-content\/uploads\/2022\/02\/dasFest2-@tina_takes_a_shot-2048x1152.jpg 2048w, https:\/\/www.salzburgerland.com\/de\/magazin\/wp-content\/uploads\/2022\/02\/dasFest2-@tina_takes_a_shot-978x550.jpg 978w, https:\/\/www.salzburgerland.com\/de\/magazin\/wp-content\/uploads\/2022\/02\/dasFest2-@tina_takes_a_shot-711x400.jpg 711w, https:\/\/www.salzburgerland.com\/de\/magazin\/wp-content\/uploads\/2022\/02\/dasFest2-@tina_takes_a_shot-560x316.jpg 560w, https:\/\/www.salzburgerland.com\/de\/magazin\/wp-content\/uploads\/2022\/02\/dasFest2-@tina_takes_a_shot-250x140.jpg 250w, https:\/\/www.salzburgerland.com\/de\/magazin\/wp-content\/uploads\/2022\/02\/dasFest2-@tina_takes_a_shot-1320x743.jpg 1320w, https:\/\/www.salzburgerland.com\/de\/magazin\/wp-content\/uploads\/2022\/02\/dasFest2-@tina_takes_a_shot-1200x675.jpg 1200w, https:\/\/www.salzburgerland.com\/de\/magazin\/wp-content\/uploads\/2022\/02\/dasFest2-@tina_takes_a_shot-150x84.jpg 150w\" sizes=\"auto, (max-width: 2560px) 100vw, 2560px\" \/><figcaption>Seit 10 Jahren in Salzburg als K\u00fcnstler t\u00e4tig. \u00a9tina_takes_a_shot<\/figcaption><\/figure>\n\n\n\n<h2 class=\"wp-block-heading\">Salzburg als Lebensmittelpunkt<\/h2>\n\n\n\n<p>Wolfgang Mair ist jetzt seit zehn Jahren in der Stadt Salzburg sesshaft und sieht die Mozartstadt als idealen Ausgangspunkt f\u00fcr seine k\u00fcnstlerische T\u00e4tigkeit. Hier hat er sich ein Netzwerk an Lieferanten und Produzenten aufgebaut. Die Berge und Seen im SalzburgerLand haben es ihm zudem angetan. \u201eIch finde es auch toll, dass die Leute hier gerne Tracht tragen\u201c, meint er. In Sachen Kultur k\u00f6nnte die Stadt etwas moderner werden. Aber das ist ein Prozess, der dauern kann. Genauso wie die Entstehung seiner Bilder.<\/p>\n","protected":false},"excerpt":{"rendered":"<p>Der Fu\u00dfballer Wolfgang Mair war einer der Fixgr\u00f6\u00dfen beim FC Tirol und landete 2005 beim frisch gegr\u00fcndeten FC Red Bull Salzburg. Schon damals war die Kunst f\u00fcr ihn ein guter Ausgleich zu seiner Fu\u00dfballerkarriere. \u201eDas Malen hat mich immer nach dem Spiel runtergeholt, geerdet und wieder zu mir selber finden lassen\u201c, erinnert er sich. Nach [&hellip;]<\/p>\n","protected":false},"author":10,"featured_media":160885,"comment_status":"closed","ping_status":"closed","sticky":false,"template":"","format":"standard","meta":{"_acf_changed":false,"wl_entities_gutenberg":"","_wl_entity_redirect_enabled":"","footnotes":""},"categories":[6],"tags":[7300,7298,7299],"wl_entity_type":[306],"monatsauswahl":[82,83,84,85,86,87,88,89,90,91,92,93],"class_list":["post-160882","post","type-post","status-publish","format-standard","has-post-thumbnail","hentry","category-kunst-kultur","tag-fussballer","tag-maler","tag-red-bull","wl_entity_type-article","monatsauswahl-monat_1","monatsauswahl-monat_2","monatsauswahl-monat_3","monatsauswahl-monat_4","monatsauswahl-monat_5","monatsauswahl-monat_6","monatsauswahl-monat_7","monatsauswahl-monat_8","monatsauswahl-monat_9","monatsauswahl-monat_10","monatsauswahl-monat_11","monatsauswahl-monat_12"],"acf":[],"yoast_head":"<!-- This site is optimized with the Yoast SEO Premium plugin v27.4 (Yoast SEO v27.4) - https:\/\/yoast.com\/product\/yoast-seo-premium-wordpress\/ -->\n<title>Kowalski \u2013 vom gr\u00fcnen Rasen zu den bunten Farben - SalzburgerLand Magazin<\/title>\n<meta name=\"robots\" content=\"index, follow, max-snippet:-1, max-image-preview:large, max-video-preview:-1\" \/>\n<link rel=\"canonical\" href=\"https:\/\/www.salzburgerland.com\/de\/magazin\/kowalski-vom-gruenen-rasen-zu-den-bunten-farben\/\" \/>\n<meta property=\"og:locale\" content=\"de_DE\" \/>\n<meta property=\"og:type\" content=\"article\" \/>\n<meta property=\"og:title\" content=\"Kowalski \u2013 vom gr\u00fcnen Rasen zu den bunten Farben\" \/>\n<meta property=\"og:description\" content=\"Der Fu\u00dfballer Wolfgang Mair war einer der Fixgr\u00f6\u00dfen beim FC Tirol und landete 2005 beim frisch gegr\u00fcndeten FC Red Bull Salzburg. Schon damals war die Kunst f\u00fcr ihn ein guter Ausgleich zu seiner Fu\u00dfballerkarriere. \u201eDas Malen hat mich immer nach dem Spiel runtergeholt, geerdet und wieder zu mir selber finden lassen\u201c, erinnert er sich. Nach [&hellip;]\" \/>\n<meta property=\"og:url\" content=\"https:\/\/www.salzburgerland.com\/de\/magazin\/kowalski-vom-gruenen-rasen-zu-den-bunten-farben\/\" \/>\n<meta property=\"og:site_name\" content=\"SalzburgerLand Magazin\" \/>\n<meta property=\"article:publisher\" content=\"https:\/\/www.facebook.com\/salzburgerland\/\" \/>\n<meta property=\"article:published_time\" content=\"2022-03-11T07:00:00+00:00\" \/>\n<meta property=\"og:image\" content=\"https:\/\/www.salzburgerland.com\/de\/magazin\/wp-content\/uploads\/2022\/02\/BikeLife-flaming-@rene_deutschlaender.jpg\" \/>\n\t<meta property=\"og:image:width\" content=\"2500\" \/>\n\t<meta property=\"og:image:height\" content=\"1667\" \/>\n\t<meta property=\"og:image:type\" content=\"image\/jpeg\" \/>\n<meta name=\"author\" content=\"Heiko Mandl\" \/>\n<meta name=\"twitter:card\" content=\"summary_large_image\" \/>\n<meta name=\"twitter:creator\" content=\"@Salzburgerland\" \/>\n<meta name=\"twitter:site\" content=\"@Salzburgerland\" \/>\n<meta name=\"twitter:label1\" content=\"Verfasst von\" \/>\n\t<meta name=\"twitter:data1\" content=\"Heiko Mandl\" \/>\n\t<meta name=\"twitter:label2\" content=\"Gesch\u00e4tzte Lesezeit\" \/>\n\t<meta name=\"twitter:data2\" content=\"3\u00a0Minuten\" \/>\n<script type=\"application\/ld+json\" class=\"yoast-schema-graph\">{\"@context\":\"https:\\\/\\\/schema.org\",\"@graph\":[{\"@type\":\"Article\",\"@id\":\"https:\\\/\\\/www.salzburgerland.com\\\/de\\\/magazin\\\/kowalski-vom-gruenen-rasen-zu-den-bunten-farben\\\/#article\",\"isPartOf\":{\"@id\":\"https:\\\/\\\/www.salzburgerland.com\\\/de\\\/magazin\\\/kowalski-vom-gruenen-rasen-zu-den-bunten-farben\\\/\"},\"author\":{\"name\":\"Heiko Mandl\",\"@id\":\"https:\\\/\\\/www.salzburgerland.com\\\/de\\\/magazin\\\/#\\\/schema\\\/person\\\/8871c7c764fce6ea66752310e7fe9e98\"},\"headline\":\"Kowalski \u2013 vom gr\u00fcnen Rasen zu den bunten Farben\",\"datePublished\":\"2022-03-11T07:00:00+00:00\",\"mainEntityOfPage\":{\"@id\":\"https:\\\/\\\/www.salzburgerland.com\\\/de\\\/magazin\\\/kowalski-vom-gruenen-rasen-zu-den-bunten-farben\\\/\"},\"wordCount\":545,\"publisher\":{\"@id\":\"https:\\\/\\\/www.salzburgerland.com\\\/de\\\/magazin\\\/#organization\"},\"image\":{\"@id\":\"https:\\\/\\\/www.salzburgerland.com\\\/de\\\/magazin\\\/kowalski-vom-gruenen-rasen-zu-den-bunten-farben\\\/#primaryimage\"},\"thumbnailUrl\":\"https:\\\/\\\/www.salzburgerland.com\\\/de\\\/magazin\\\/wp-content\\\/uploads\\\/2022\\\/02\\\/BikeLife-flaming-@rene_deutschlaender.jpg\",\"keywords\":[\"Fu\u00dfballer\",\"Maler\",\"Red Bull\"],\"articleSection\":[\"Kunst &amp; Kultur\"],\"inLanguage\":\"de\"},{\"@type\":\"WebPage\",\"@id\":\"https:\\\/\\\/www.salzburgerland.com\\\/de\\\/magazin\\\/kowalski-vom-gruenen-rasen-zu-den-bunten-farben\\\/\",\"url\":\"https:\\\/\\\/www.salzburgerland.com\\\/de\\\/magazin\\\/kowalski-vom-gruenen-rasen-zu-den-bunten-farben\\\/\",\"name\":\"Kowalski \u2013 vom gr\u00fcnen Rasen zu den bunten Farben - SalzburgerLand Magazin\",\"isPartOf\":{\"@id\":\"https:\\\/\\\/www.salzburgerland.com\\\/de\\\/magazin\\\/#website\"},\"primaryImageOfPage\":{\"@id\":\"https:\\\/\\\/www.salzburgerland.com\\\/de\\\/magazin\\\/kowalski-vom-gruenen-rasen-zu-den-bunten-farben\\\/#primaryimage\"},\"image\":{\"@id\":\"https:\\\/\\\/www.salzburgerland.com\\\/de\\\/magazin\\\/kowalski-vom-gruenen-rasen-zu-den-bunten-farben\\\/#primaryimage\"},\"thumbnailUrl\":\"https:\\\/\\\/www.salzburgerland.com\\\/de\\\/magazin\\\/wp-content\\\/uploads\\\/2022\\\/02\\\/BikeLife-flaming-@rene_deutschlaender.jpg\",\"datePublished\":\"2022-03-11T07:00:00+00:00\",\"breadcrumb\":{\"@id\":\"https:\\\/\\\/www.salzburgerland.com\\\/de\\\/magazin\\\/kowalski-vom-gruenen-rasen-zu-den-bunten-farben\\\/#breadcrumb\"},\"inLanguage\":\"de\",\"potentialAction\":[{\"@type\":\"ReadAction\",\"target\":[\"https:\\\/\\\/www.salzburgerland.com\\\/de\\\/magazin\\\/kowalski-vom-gruenen-rasen-zu-den-bunten-farben\\\/\"]}]},{\"@type\":\"ImageObject\",\"inLanguage\":\"de\",\"@id\":\"https:\\\/\\\/www.salzburgerland.com\\\/de\\\/magazin\\\/kowalski-vom-gruenen-rasen-zu-den-bunten-farben\\\/#primaryimage\",\"url\":\"https:\\\/\\\/www.salzburgerland.com\\\/de\\\/magazin\\\/wp-content\\\/uploads\\\/2022\\\/02\\\/BikeLife-flaming-@rene_deutschlaender.jpg\",\"contentUrl\":\"https:\\\/\\\/www.salzburgerland.com\\\/de\\\/magazin\\\/wp-content\\\/uploads\\\/2022\\\/02\\\/BikeLife-flaming-@rene_deutschlaender.jpg\",\"width\":2500,\"height\":1667,\"caption\":\"Ex-Fu\u00dfballprofi und K\u00fcnstler aus Salzburg spr\u00fcht Farbe auf eine bunte Leinwand im Atelier.\"},{\"@type\":\"BreadcrumbList\",\"@id\":\"https:\\\/\\\/www.salzburgerland.com\\\/de\\\/magazin\\\/kowalski-vom-gruenen-rasen-zu-den-bunten-farben\\\/#breadcrumb\",\"itemListElement\":[{\"@type\":\"ListItem\",\"position\":1,\"name\":\"Startseite\",\"item\":\"https:\\\/\\\/www.salzburgerland.com\\\/de\\\/magazin\\\/\"},{\"@type\":\"ListItem\",\"position\":2,\"name\":\"Kunst &amp; Kultur\",\"item\":\"https:\\\/\\\/www.salzburgerland.com\\\/de\\\/magazin\\\/thema\\\/kunst-kultur\\\/\"},{\"@type\":\"ListItem\",\"position\":3,\"name\":\"Kowalski \u2013 vom gr\u00fcnen Rasen zu den bunten Farben\"}]},{\"@type\":\"WebSite\",\"@id\":\"https:\\\/\\\/www.salzburgerland.com\\\/de\\\/magazin\\\/#website\",\"url\":\"https:\\\/\\\/www.salzburgerland.com\\\/de\\\/magazin\\\/\",\"name\":\"SalzburgerLand Magazin\",\"description\":\"Geschichten und Interessantes aus dem SalzburgerLand\",\"publisher\":{\"@id\":\"https:\\\/\\\/www.salzburgerland.com\\\/de\\\/magazin\\\/#organization\"},\"potentialAction\":[{\"@type\":\"SearchAction\",\"target\":{\"@type\":\"EntryPoint\",\"urlTemplate\":\"https:\\\/\\\/www.salzburgerland.com\\\/de\\\/magazin\\\/?s={search_term_string}\"},\"query-input\":{\"@type\":\"PropertyValueSpecification\",\"valueRequired\":true,\"valueName\":\"search_term_string\"}}],\"inLanguage\":\"de\"},{\"@type\":\"Organization\",\"@id\":\"https:\\\/\\\/www.salzburgerland.com\\\/de\\\/magazin\\\/#organization\",\"name\":\"SalzburgerLand Tourismus\",\"url\":\"https:\\\/\\\/www.salzburgerland.com\\\/de\\\/magazin\\\/\",\"logo\":{\"@type\":\"ImageObject\",\"inLanguage\":\"de\",\"@id\":\"https:\\\/\\\/www.salzburgerland.com\\\/de\\\/magazin\\\/#\\\/schema\\\/logo\\\/image\\\/\",\"url\":\"https:\\\/\\\/www.salzburgerland.com\\\/de\\\/magazin\\\/wp-content\\\/uploads\\\/2019\\\/06\\\/salzburgerland-logo1.jpg\",\"contentUrl\":\"https:\\\/\\\/www.salzburgerland.com\\\/de\\\/magazin\\\/wp-content\\\/uploads\\\/2019\\\/06\\\/salzburgerland-logo1.jpg\",\"width\":2011,\"height\":866,\"caption\":\"SalzburgerLand Tourismus\"},\"image\":{\"@id\":\"https:\\\/\\\/www.salzburgerland.com\\\/de\\\/magazin\\\/#\\\/schema\\\/logo\\\/image\\\/\"},\"sameAs\":[\"https:\\\/\\\/www.facebook.com\\\/salzburgerland\\\/\",\"https:\\\/\\\/x.com\\\/Salzburgerland\",\"https:\\\/\\\/www.instagram.com\\\/salzburgerland\\\/\",\"https:\\\/\\\/at.linkedin.com\\\/company\\\/salzburgerland-tourismus-gmbh\",\"https:\\\/\\\/www.pinterest.at\\\/salzburgerland\\\/\",\"https:\\\/\\\/www.youtube.com\\\/user\\\/salzburgerland\",\"https:\\\/\\\/de.wikipedia.org\\\/wiki\\\/SalzburgerLand_Tourismus_GmbH\"]},{\"@type\":\"Person\",\"@id\":\"https:\\\/\\\/www.salzburgerland.com\\\/de\\\/magazin\\\/#\\\/schema\\\/person\\\/8871c7c764fce6ea66752310e7fe9e98\",\"name\":\"Heiko Mandl\",\"description\":\"Heiko Mandl, geboren 1976 in Salzburg, ist durch den Journalismus zur Fotografie gekommen und ist seit zehn Jahren als selbstst\u00e4ndiger Fotograf und Autor in Salzburg t\u00e4tig. Schon von Kindheit an haben ihn die Berge vor seiner Haust\u00fcr fasziniert. Heute z\u00e4hlen sie unter anderem zu seinem Arbeitsplatz. Er arbeitet f\u00fcr internationale Outdoor- und Reisemagazine sowie zahlreiche Firmen und Agenturen. Luxushotel oder Almh\u00fctte: Ich kann beides genie\u00dfen und ich gehe das nach dem Motto: Alles zur richtigen Zeit und zur passenden Gelegenheit an. Wandern oder Laufen: Auf jeden Fall wandern, ist gem\u00fctlicher und man kann sich mehr auf die Umgebung konzentrieren. Golfplatz oder Klettergarten: Klettergarten, zumindest noch die n\u00e4chsten 20 Jahre. Fr\u00fchling, sommer, herbst oder Winter? Fr\u00fchling und Sommer und Herbst und Winter! Im SalzburgerLand ist es das ganze Jahr traumhaft sch\u00f6n. Wellness oder Mountainbike? Zuerst eine Runde mit dem Mountainbike und dann ab in den Wellnesstempel. Das eine schlie\u00dft das andere nicht aus!\",\"url\":\"https:\\\/\\\/www.salzburgerland.com\\\/de\\\/magazin\\\/author\\\/heiko-mandl\\\/\"}]}<\/script>\n<!-- \/ Yoast SEO Premium plugin. -->","yoast_head_json":{"title":"Kowalski \u2013 vom gr\u00fcnen Rasen zu den bunten Farben - SalzburgerLand Magazin","robots":{"index":"index","follow":"follow","max-snippet":"max-snippet:-1","max-image-preview":"max-image-preview:large","max-video-preview":"max-video-preview:-1"},"canonical":"https:\/\/www.salzburgerland.com\/de\/magazin\/kowalski-vom-gruenen-rasen-zu-den-bunten-farben\/","og_locale":"de_DE","og_type":"article","og_title":"Kowalski \u2013 vom gr\u00fcnen Rasen zu den bunten Farben","og_description":"Der Fu\u00dfballer Wolfgang Mair war einer der Fixgr\u00f6\u00dfen beim FC Tirol und landete 2005 beim frisch gegr\u00fcndeten FC Red Bull Salzburg. Schon damals war die Kunst f\u00fcr ihn ein guter Ausgleich zu seiner Fu\u00dfballerkarriere. \u201eDas Malen hat mich immer nach dem Spiel runtergeholt, geerdet und wieder zu mir selber finden lassen\u201c, erinnert er sich. Nach [&hellip;]","og_url":"https:\/\/www.salzburgerland.com\/de\/magazin\/kowalski-vom-gruenen-rasen-zu-den-bunten-farben\/","og_site_name":"SalzburgerLand Magazin","article_publisher":"https:\/\/www.facebook.com\/salzburgerland\/","article_published_time":"2022-03-11T07:00:00+00:00","og_image":[{"width":2500,"height":1667,"url":"https:\/\/www.salzburgerland.com\/de\/magazin\/wp-content\/uploads\/2022\/02\/BikeLife-flaming-@rene_deutschlaender.jpg","type":"image\/jpeg"}],"author":"Heiko Mandl","twitter_card":"summary_large_image","twitter_creator":"@Salzburgerland","twitter_site":"@Salzburgerland","twitter_misc":{"Verfasst von":"Heiko Mandl","Gesch\u00e4tzte Lesezeit":"3\u00a0Minuten"},"schema":{"@context":"https:\/\/schema.org","@graph":[{"@type":"Article","@id":"https:\/\/www.salzburgerland.com\/de\/magazin\/kowalski-vom-gruenen-rasen-zu-den-bunten-farben\/#article","isPartOf":{"@id":"https:\/\/www.salzburgerland.com\/de\/magazin\/kowalski-vom-gruenen-rasen-zu-den-bunten-farben\/"},"author":{"name":"Heiko Mandl","@id":"https:\/\/www.salzburgerland.com\/de\/magazin\/#\/schema\/person\/8871c7c764fce6ea66752310e7fe9e98"},"headline":"Kowalski \u2013 vom gr\u00fcnen Rasen zu den bunten Farben","datePublished":"2022-03-11T07:00:00+00:00","mainEntityOfPage":{"@id":"https:\/\/www.salzburgerland.com\/de\/magazin\/kowalski-vom-gruenen-rasen-zu-den-bunten-farben\/"},"wordCount":545,"publisher":{"@id":"https:\/\/www.salzburgerland.com\/de\/magazin\/#organization"},"image":{"@id":"https:\/\/www.salzburgerland.com\/de\/magazin\/kowalski-vom-gruenen-rasen-zu-den-bunten-farben\/#primaryimage"},"thumbnailUrl":"https:\/\/www.salzburgerland.com\/de\/magazin\/wp-content\/uploads\/2022\/02\/BikeLife-flaming-@rene_deutschlaender.jpg","keywords":["Fu\u00dfballer","Maler","Red Bull"],"articleSection":["Kunst &amp; Kultur"],"inLanguage":"de"},{"@type":"WebPage","@id":"https:\/\/www.salzburgerland.com\/de\/magazin\/kowalski-vom-gruenen-rasen-zu-den-bunten-farben\/","url":"https:\/\/www.salzburgerland.com\/de\/magazin\/kowalski-vom-gruenen-rasen-zu-den-bunten-farben\/","name":"Kowalski \u2013 vom gr\u00fcnen Rasen zu den bunten Farben - SalzburgerLand Magazin","isPartOf":{"@id":"https:\/\/www.salzburgerland.com\/de\/magazin\/#website"},"primaryImageOfPage":{"@id":"https:\/\/www.salzburgerland.com\/de\/magazin\/kowalski-vom-gruenen-rasen-zu-den-bunten-farben\/#primaryimage"},"image":{"@id":"https:\/\/www.salzburgerland.com\/de\/magazin\/kowalski-vom-gruenen-rasen-zu-den-bunten-farben\/#primaryimage"},"thumbnailUrl":"https:\/\/www.salzburgerland.com\/de\/magazin\/wp-content\/uploads\/2022\/02\/BikeLife-flaming-@rene_deutschlaender.jpg","datePublished":"2022-03-11T07:00:00+00:00","breadcrumb":{"@id":"https:\/\/www.salzburgerland.com\/de\/magazin\/kowalski-vom-gruenen-rasen-zu-den-bunten-farben\/#breadcrumb"},"inLanguage":"de","potentialAction":[{"@type":"ReadAction","target":["https:\/\/www.salzburgerland.com\/de\/magazin\/kowalski-vom-gruenen-rasen-zu-den-bunten-farben\/"]}]},{"@type":"ImageObject","inLanguage":"de","@id":"https:\/\/www.salzburgerland.com\/de\/magazin\/kowalski-vom-gruenen-rasen-zu-den-bunten-farben\/#primaryimage","url":"https:\/\/www.salzburgerland.com\/de\/magazin\/wp-content\/uploads\/2022\/02\/BikeLife-flaming-@rene_deutschlaender.jpg","contentUrl":"https:\/\/www.salzburgerland.com\/de\/magazin\/wp-content\/uploads\/2022\/02\/BikeLife-flaming-@rene_deutschlaender.jpg","width":2500,"height":1667,"caption":"Ex-Fu\u00dfballprofi und K\u00fcnstler aus Salzburg spr\u00fcht Farbe auf eine bunte Leinwand im Atelier."},{"@type":"BreadcrumbList","@id":"https:\/\/www.salzburgerland.com\/de\/magazin\/kowalski-vom-gruenen-rasen-zu-den-bunten-farben\/#breadcrumb","itemListElement":[{"@type":"ListItem","position":1,"name":"Startseite","item":"https:\/\/www.salzburgerland.com\/de\/magazin\/"},{"@type":"ListItem","position":2,"name":"Kunst &amp; Kultur","item":"https:\/\/www.salzburgerland.com\/de\/magazin\/thema\/kunst-kultur\/"},{"@type":"ListItem","position":3,"name":"Kowalski \u2013 vom gr\u00fcnen Rasen zu den bunten Farben"}]},{"@type":"WebSite","@id":"https:\/\/www.salzburgerland.com\/de\/magazin\/#website","url":"https:\/\/www.salzburgerland.com\/de\/magazin\/","name":"SalzburgerLand Magazin","description":"Geschichten und Interessantes aus dem SalzburgerLand","publisher":{"@id":"https:\/\/www.salzburgerland.com\/de\/magazin\/#organization"},"potentialAction":[{"@type":"SearchAction","target":{"@type":"EntryPoint","urlTemplate":"https:\/\/www.salzburgerland.com\/de\/magazin\/?s={search_term_string}"},"query-input":{"@type":"PropertyValueSpecification","valueRequired":true,"valueName":"search_term_string"}}],"inLanguage":"de"},{"@type":"Organization","@id":"https:\/\/www.salzburgerland.com\/de\/magazin\/#organization","name":"SalzburgerLand Tourismus","url":"https:\/\/www.salzburgerland.com\/de\/magazin\/","logo":{"@type":"ImageObject","inLanguage":"de","@id":"https:\/\/www.salzburgerland.com\/de\/magazin\/#\/schema\/logo\/image\/","url":"https:\/\/www.salzburgerland.com\/de\/magazin\/wp-content\/uploads\/2019\/06\/salzburgerland-logo1.jpg","contentUrl":"https:\/\/www.salzburgerland.com\/de\/magazin\/wp-content\/uploads\/2019\/06\/salzburgerland-logo1.jpg","width":2011,"height":866,"caption":"SalzburgerLand Tourismus"},"image":{"@id":"https:\/\/www.salzburgerland.com\/de\/magazin\/#\/schema\/logo\/image\/"},"sameAs":["https:\/\/www.facebook.com\/salzburgerland\/","https:\/\/x.com\/Salzburgerland","https:\/\/www.instagram.com\/salzburgerland\/","https:\/\/at.linkedin.com\/company\/salzburgerland-tourismus-gmbh","https:\/\/www.pinterest.at\/salzburgerland\/","https:\/\/www.youtube.com\/user\/salzburgerland","https:\/\/de.wikipedia.org\/wiki\/SalzburgerLand_Tourismus_GmbH"]},{"@type":"Person","@id":"https:\/\/www.salzburgerland.com\/de\/magazin\/#\/schema\/person\/8871c7c764fce6ea66752310e7fe9e98","name":"Heiko Mandl","description":"Heiko Mandl, geboren 1976 in Salzburg, ist durch den Journalismus zur Fotografie gekommen und ist seit zehn Jahren als selbstst\u00e4ndiger Fotograf und Autor in Salzburg t\u00e4tig. Schon von Kindheit an haben ihn die Berge vor seiner Haust\u00fcr fasziniert. Heute z\u00e4hlen sie unter anderem zu seinem Arbeitsplatz. Er arbeitet f\u00fcr internationale Outdoor- und Reisemagazine sowie zahlreiche Firmen und Agenturen. Luxushotel oder Almh\u00fctte: Ich kann beides genie\u00dfen und ich gehe das nach dem Motto: Alles zur richtigen Zeit und zur passenden Gelegenheit an. Wandern oder Laufen: Auf jeden Fall wandern, ist gem\u00fctlicher und man kann sich mehr auf die Umgebung konzentrieren. Golfplatz oder Klettergarten: Klettergarten, zumindest noch die n\u00e4chsten 20 Jahre. Fr\u00fchling, sommer, herbst oder Winter? Fr\u00fchling und Sommer und Herbst und Winter! Im SalzburgerLand ist es das ganze Jahr traumhaft sch\u00f6n. Wellness oder Mountainbike? Zuerst eine Runde mit dem Mountainbike und dann ab in den Wellnesstempel. Das eine schlie\u00dft das andere nicht aus!","url":"https:\/\/www.salzburgerland.com\/de\/magazin\/author\/heiko-mandl\/"}]}},"_wl_alt_label":[],"wl:entity_url":"http:\/\/open.salzburgerland.com\/magazin\/post\/kowalski_art_-_vom_gruenen_rasen_zu_den_bunten_farben_2","_links":{"self":[{"href":"https:\/\/www.salzburgerland.com\/de\/magazin\/wp-json\/wp\/v2\/posts\/160882","targetHints":{"allow":["GET"]}}],"collection":[{"href":"https:\/\/www.salzburgerland.com\/de\/magazin\/wp-json\/wp\/v2\/posts"}],"about":[{"href":"https:\/\/www.salzburgerland.com\/de\/magazin\/wp-json\/wp\/v2\/types\/post"}],"author":[{"embeddable":true,"href":"https:\/\/www.salzburgerland.com\/de\/magazin\/wp-json\/wp\/v2\/users\/10"}],"replies":[{"embeddable":true,"href":"https:\/\/www.salzburgerland.com\/de\/magazin\/wp-json\/wp\/v2\/comments?post=160882"}],"version-history":[{"count":5,"href":"https:\/\/www.salzburgerland.com\/de\/magazin\/wp-json\/wp\/v2\/posts\/160882\/revisions"}],"predecessor-version":[{"id":161309,"href":"https:\/\/www.salzburgerland.com\/de\/magazin\/wp-json\/wp\/v2\/posts\/160882\/revisions\/161309"}],"wp:featuredmedia":[{"embeddable":true,"href":"https:\/\/www.salzburgerland.com\/de\/magazin\/wp-json\/wp\/v2\/media\/160885"}],"wp:attachment":[{"href":"https:\/\/www.salzburgerland.com\/de\/magazin\/wp-json\/wp\/v2\/media?parent=160882"}],"wp:term":[{"taxonomy":"category","embeddable":true,"href":"https:\/\/www.salzburgerland.com\/de\/magazin\/wp-json\/wp\/v2\/categories?post=160882"},{"taxonomy":"post_tag","embeddable":true,"href":"https:\/\/www.salzburgerland.com\/de\/magazin\/wp-json\/wp\/v2\/tags?post=160882"},{"taxonomy":"wl_entity_type","embeddable":true,"href":"https:\/\/www.salzburgerland.com\/de\/magazin\/wp-json\/wp\/v2\/wl_entity_type?post=160882"},{"taxonomy":"monatsauswahl","embeddable":true,"href":"https:\/\/www.salzburgerland.com\/de\/magazin\/wp-json\/wp\/v2\/monatsauswahl?post=160882"}],"curies":[{"name":"wp","href":"https:\/\/api.w.org\/{rel}","templated":true}]}}