{"id":160390,"date":"2022-02-08T08:00:00","date_gmt":"2022-02-08T07:00:00","guid":{"rendered":"https:\/\/www.salzburgerland.com\/de\/magazin\/?p=160390"},"modified":"2022-02-09T16:46:12","modified_gmt":"2022-02-09T15:46:12","slug":"fruehstueck-am-berg","status":"publish","type":"post","link":"https:\/\/www.salzburgerland.com\/de\/magazin\/fruehstueck-am-berg\/","title":{"rendered":"Fr\u00fchst\u00fcck am Berg"},"content":{"rendered":"\n<div class=\"wp-block-slt-top topBlocks\">\n<h2 class=\"wp-block-slt-subtitle\">Kulinarischer Hochgenuss f\u00fcr Fr\u00fchaufsteher<\/h2>\n\n\n\n<p class=\"wp-block-slt-intro\">Early-Birds haben einen eindeutigen Vorteil auf der Piste: Sie weihen sozusagen die frisch gewalzten Abfahrten ein. Und als Belohnung f\u00fcr die sportliche Erstbefahrung wartet in manchen Skigebieten des SalzburgerLands ein Gipfelfr\u00fchst\u00fcck f\u00fcr Genie\u00dfer.<\/p>\n<\/div>\n\n\n\n<p>Zugegeben, f\u00fcr mich als freiwillige Fr\u00fchaufsteherin ist das zeitige Verlassen des warmen Bettes keine gro\u00dfe Herausforderung. Besonders, wenn als Belohnung ein Sonnenaufgang am Berg wartet. Und dann noch das Privileg zu haben, als allererster Skifahrer bzw. allererste Skifahrerin Schw\u00fcnge \u00fcber die zu Feinripp gegl\u00e4ttete Piste zu ziehen oder unverspurte H\u00e4nge mit der ersten Line zu signieren. Wird dieser Hochgenuss dann noch kulinarisch getoppt mit einem Genie\u00dferfr\u00fchst\u00fcck am Berg, dann sprudeln meine Gl\u00fcckshormone \u00fcber. Viele Skih\u00fctten bieten ein ausgezeichnetes Fr\u00fchst\u00fcck mit besten regionalen Zutaten an. Und mancherorts wartet ein besonderes Schmankerl auf die Early-Birds. Ich habe f\u00fcr das SalzburgerLand Magazin drei Fr\u00fchst\u00fccks-Angebote herausgepickt, f\u00fcr die sich ein Aufstehen vor dem ersten Hahnenschrei besonders lohnt:<\/p>\n\n\n\n<h2 class=\"wp-block-heading\" id=\"h-gipfelfr-hst-ck-auf-3-029-m-am-kitzsteinhorn\">Gipfelfr\u00fchst\u00fcck auf 3.029 m am Kitzsteinhorn<\/h2>\n\n\n\n<p>Auch f\u00fcr Nichtskifahrer*innen ist ein fr\u00fches Auffahren mit der Gondel auf das Kitzsteinhornin Kaprun \u00e4u\u00dferst lohnenswert. Denn das h\u00f6chstgelegene Restaurant des SalzburgerLands, das Gipfel Restaurant auf 3.029 m, serviert sozusagen als nicht kulinarisches Amuse Gueule grandiose Aussichten <a href=\"https:\/\/www.kitzsteinhorn.at\/de\/winter\/kitzsteinhorn\/huetten-restaurants\/gletscher-fruehstueck\" target=\"_blank\" rel=\"noreferrer noopener\">direkt an den Fr\u00fchst\u00fcckstisch<\/a>. Der kulinarische Konkurrent zur Aussicht ist ein fantastisches Fr\u00fchst\u00fcck mit regionalen Zutaten. Und die Kombination garantiert einen echten Hochgenuss! Wer\u00b4s sportlich mag, geht nach dem Fr\u00fchst\u00fcck noch Skifahren oder Snowboarden auf weiten Gletscherh\u00e4ngen. Oder man besucht die Ausstellung der Gipfelwelt 3000 und staunt \u00fcber beeindruckende Bilder im Cinema 3000.<\/p>\n\n\n<div class=\"mag-gallery\"><div class=\"row\"><div class=\"col-6 col-sm-4\"><figure><a class=\"thumb-container\" href=\"https:\/\/www.salzburgerland.com\/de\/magazin\/wp-content\/uploads\/2022\/02\/gipfelbahn-1280x1024.jpg\">\t<picture><source media=\"(min-width: 576px)\" srcset=\"https:\/\/www.salzburgerland.com\/de\/magazin\/wp-content\/uploads\/2022\/02\/gipfelbahn-325x209.jpg 325w, https:\/\/www.salzburgerland.com\/de\/magazin\/wp-content\/uploads\/2022\/02\/gipfelbahn-249x160.jpg 249w\"><\/source><source media=\"(min-width: 0)\" srcset=\"https:\/\/www.salzburgerland.com\/de\/magazin\/wp-content\/uploads\/2022\/02\/gipfelbahn-249x160.jpg 249w, https:\/\/www.salzburgerland.com\/de\/magazin\/wp-content\/uploads\/2022\/02\/gipfelbahn-325x209.jpg 325w\"><\/source><img decoding=\"async\" alt=\"Eine Seilbahn f&auml;hrt an einem strahlend blauen Tag &uuml;ber verschneite Berge.\" src=\"https:\/\/www.salzburgerland.com\/de\/magazin\/wp-content\/uploads\/2022\/02\/gipfelbahn-scaled.jpg\">\t<\/picture><figcaption>&copy; Kitzsteinhorn &#8211; Auch Nichtskifahrer gondeln gem&uuml;tlich bis zum Gipfel.<\/figcaption><\/a><\/figure><\/div><div class=\"col-6 col-sm-4\"><figure><a class=\"thumb-container\" href=\"https:\/\/www.salzburgerland.com\/de\/magazin\/wp-content\/uploads\/2022\/02\/16_04_04_Kitzsteinhorn_Fruehstueck_0585_neu-1280x1024.jpg\">\t<picture><source media=\"(min-width: 576px)\" srcset=\"https:\/\/www.salzburgerland.com\/de\/magazin\/wp-content\/uploads\/2022\/02\/16_04_04_Kitzsteinhorn_Fruehstueck_0585_neu-325x209.jpg 325w, https:\/\/www.salzburgerland.com\/de\/magazin\/wp-content\/uploads\/2022\/02\/16_04_04_Kitzsteinhorn_Fruehstueck_0585_neu-249x160.jpg 249w\"><\/source><source media=\"(min-width: 0)\" srcset=\"https:\/\/www.salzburgerland.com\/de\/magazin\/wp-content\/uploads\/2022\/02\/16_04_04_Kitzsteinhorn_Fruehstueck_0585_neu-249x160.jpg 249w, https:\/\/www.salzburgerland.com\/de\/magazin\/wp-content\/uploads\/2022\/02\/16_04_04_Kitzsteinhorn_Fruehstueck_0585_neu-325x209.jpg 325w\"><\/source><img decoding=\"async\" alt=\"Vier Personen in Winterkleidung fr&uuml;hst&uuml;cken gemeinsam an einem Fenster mit verschneiten Bergen im Hintergrund.\" src=\"https:\/\/www.salzburgerland.com\/de\/magazin\/wp-content\/uploads\/2022\/02\/16_04_04_Kitzsteinhorn_Fruehstueck_0585_neu-scaled.jpg\">\t<\/picture><figcaption>&copy; Kitzsteinhorn &#8211; Hochgenuss im Gipfelrestaurant auf 3.029 Metern.<\/figcaption><\/a><\/figure><\/div><div class=\"col-6 col-sm-4\"><figure><a class=\"thumb-container\" href=\"https:\/\/www.salzburgerland.com\/de\/magazin\/wp-content\/uploads\/2022\/02\/Kitz_Panorama6.jpg\">\t<picture><source media=\"(min-width: 576px)\" srcset=\"https:\/\/www.salzburgerland.com\/de\/magazin\/wp-content\/uploads\/2022\/02\/Kitz_Panorama6-325x209.jpg 325w, https:\/\/www.salzburgerland.com\/de\/magazin\/wp-content\/uploads\/2022\/02\/Kitz_Panorama6-249x160.jpg 249w\"><\/source><source media=\"(min-width: 0)\" srcset=\"https:\/\/www.salzburgerland.com\/de\/magazin\/wp-content\/uploads\/2022\/02\/Kitz_Panorama6-249x160.jpg 249w, https:\/\/www.salzburgerland.com\/de\/magazin\/wp-content\/uploads\/2022\/02\/Kitz_Panorama6-325x209.jpg 325w\"><\/source><img decoding=\"async\" alt=\"Sonnenaufgang &uuml;ber schneebedeckten Berggipfeln unter einem klaren blauen Himmel in einer Winterlandschaft.\" src=\"https:\/\/www.salzburgerland.com\/de\/magazin\/wp-content\/uploads\/2022\/02\/Kitz_Panorama6.jpg\">\t<\/picture><figcaption>&copy; Kitzsteinhorn &#8211; Nach dem Fr&uuml;hst&uuml;ck den unglaublichen Ausblick genie&szlig;en.<\/figcaption><\/a><\/figure><\/div><\/div><figcaption><\/figcaption><\/div>\n\n\n\n<h2 class=\"wp-block-heading\">Ski\u00b4n\u00b4Brunch Schmittenh\u00f6he<\/h2>\n\n\n\n<p>Eine wunderbare Kombination aus \u201e<a href=\"https:\/\/www.salzburgerland.com\/de\/powder-zum-fruehstueck\/\" target=\"_blank\" rel=\"noreferrer noopener\">Erster-auf-der-Piste-Gef\u00fchl<\/a>\u201c mit traumhaften Ausblicken und Fr\u00fchst\u00fccks-Hochgenuss bietet das <a href=\"https:\/\/www.schmitten.at\/de\/Winter-Bergerlebnis\/Skigebiet-Schmitten\/Ski-n-Brunch\" target=\"_blank\" rel=\"noreferrer noopener\">Earlybird-Angebot<\/a> auf der <a href=\"https:\/\/www.schmitten.at\/\" target=\"_blank\" rel=\"noreferrer noopener\">Schmittenh\u00f6he<\/a> in Zell am See. Noch vor Tagesanbruch geht es dabei f\u00fcr die Teilnehmer*innen auf den Berg. Oben, am Gipfel der Schmittenh\u00f6he, erwartet die Earlybirds ein spektakul\u00e4rer Sonnenaufgang mit Panorama-Rundumsicht. Und dann geht es in Begleitung der Schmitten-Gesch\u00e4ftsf\u00fchrung \u00fcber die frisch pr\u00e4parierte rote oder schwarze Talabfahrt. Nach erneuter Gondelfahrt auf den Berg kehrt man zum gem\u00fctlichen Brunch in <a href=\"https:\/\/www.hotelsonnalm.at\/\" target=\"_blank\" rel=\"noreferrer noopener\">Blaickner\u00b4s Sonnalm<\/a> oder die <a href=\"https:\/\/www.schmiedhofalm.at\/\" target=\"_blank\" rel=\"noreferrer noopener\">Schmiedhofalm<\/a> ein. Hier kann man beim Fr\u00fchst\u00fccken von den \u201eSchmittingern\u201c viele Geschichten \u00fcber ihren Hausberg erfahren.<\/p>\n\n\n\n<figure class=\"wp-block-embed is-type-video is-provider-youtube wp-block-embed-youtube wp-embed-aspect-16-9 wp-has-aspect-ratio\"><div class=\"wp-block-embed__wrapper\">\n<iframe loading=\"lazy\" title=\"Ski&#039;n&#039;Brunch auf der Schmitten \ud83e\udd50\u26f7\" width=\"640\" height=\"360\" src=\"https:\/\/www.youtube-nocookie.com\/embed\/A0yOsMfWkaU?feature=oembed&#038;rel=0&#038;modestbranding=1\" frameborder=\"0\" allow=\"accelerometer; autoplay; clipboard-write; encrypted-media; gyroscope; picture-in-picture; web-share\" referrerpolicy=\"strict-origin-when-cross-origin\" allowfullscreen><\/iframe>\n<\/div><\/figure>\n\n\n<div class=\"mag-gallery\"><div class=\"row\"><div class=\"col-6 col-sm-4\"><figure><a class=\"thumb-container\" href=\"https:\/\/www.salzburgerland.com\/de\/magazin\/wp-content\/uploads\/2022\/02\/Schmitten_SkinBrunch-Sunrise_%C2%A9Schmittenho%CC%88hebahn-1280x1024.jpeg\">\t<picture><source media=\"(min-width: 576px)\" srcset=\"https:\/\/www.salzburgerland.com\/de\/magazin\/wp-content\/uploads\/2022\/02\/Schmitten_SkinBrunch-Sunrise_&copy;Schmittenho&#776;hebahn-325x209.jpeg 325w, https:\/\/www.salzburgerland.com\/de\/magazin\/wp-content\/uploads\/2022\/02\/Schmitten_SkinBrunch-Sunrise_&copy;Schmittenho&#776;hebahn-249x160.jpeg 249w\"><\/source><source media=\"(min-width: 0)\" srcset=\"https:\/\/www.salzburgerland.com\/de\/magazin\/wp-content\/uploads\/2022\/02\/Schmitten_SkinBrunch-Sunrise_&copy;Schmittenho&#776;hebahn-249x160.jpeg 249w, https:\/\/www.salzburgerland.com\/de\/magazin\/wp-content\/uploads\/2022\/02\/Schmitten_SkinBrunch-Sunrise_&copy;Schmittenho&#776;hebahn-325x209.jpeg 325w\"><\/source><img decoding=\"async\" alt=\"Zwei Skifahrer stehen bei Sonnenaufgang auf einem verschneiten Berg und blicken auf ein Tal und ferne Gipfel.\" src=\"https:\/\/www.salzburgerland.com\/de\/magazin\/wp-content\/uploads\/2022\/02\/Schmitten_SkinBrunch-Sunrise_%C2%A9Schmittenho%CC%88hebahn.jpeg\">\t<\/picture><figcaption>Earlybird am Gipfel.<\/figcaption><\/a><\/figure><\/div><div class=\"col-6 col-sm-4\"><figure><a class=\"thumb-container\" href=\"https:\/\/www.salzburgerland.com\/de\/magazin\/wp-content\/uploads\/2022\/02\/web_MK521483_FIN-1280x1024.jpeg\">\t<picture><source media=\"(min-width: 576px)\" srcset=\"https:\/\/www.salzburgerland.com\/de\/magazin\/wp-content\/uploads\/2022\/02\/web_MK521483_FIN-325x209.jpeg 325w, https:\/\/www.salzburgerland.com\/de\/magazin\/wp-content\/uploads\/2022\/02\/web_MK521483_FIN-249x160.jpeg 249w\"><\/source><source media=\"(min-width: 0)\" srcset=\"https:\/\/www.salzburgerland.com\/de\/magazin\/wp-content\/uploads\/2022\/02\/web_MK521483_FIN-249x160.jpeg 249w, https:\/\/www.salzburgerland.com\/de\/magazin\/wp-content\/uploads\/2022\/02\/web_MK521483_FIN-325x209.jpeg 325w\"><\/source><img decoding=\"async\" alt=\"Person beim Skifahren auf einer pr&auml;parierten Schneepiste mit Bergen und heller Sonne im Hintergrund.\" src=\"https:\/\/www.salzburgerland.com\/de\/magazin\/wp-content\/uploads\/2022\/02\/web_MK521483_FIN-scaled.jpeg\">\t<\/picture><figcaption> Feinste Abfahrten.<\/figcaption><\/a><\/figure><\/div><div class=\"col-6 col-sm-4\"><figure><a class=\"thumb-container\" href=\"https:\/\/www.salzburgerland.com\/de\/magazin\/wp-content\/uploads\/2018\/02\/IMG_3979-1280x1024.jpg\">\t<picture><source media=\"(min-width: 576px)\" srcset=\"https:\/\/www.salzburgerland.com\/de\/magazin\/wp-content\/uploads\/2018\/02\/IMG_3979-325x209.jpg 325w, https:\/\/www.salzburgerland.com\/de\/magazin\/wp-content\/uploads\/2018\/02\/IMG_3979-249x160.jpg 249w\"><\/source><source media=\"(min-width: 0)\" srcset=\"https:\/\/www.salzburgerland.com\/de\/magazin\/wp-content\/uploads\/2018\/02\/IMG_3979-249x160.jpg 249w, https:\/\/www.salzburgerland.com\/de\/magazin\/wp-content\/uploads\/2018\/02\/IMG_3979-325x209.jpg 325w\"><\/source><img decoding=\"async\" alt=\"Schmitten_Ski'n'Brunch Sunrise2_&copy;Schmittenho&#776;hebahn\" src=\"https:\/\/www.salzburgerland.com\/de\/magazin\/wp-content\/uploads\/2018\/02\/IMG_3979.jpg\">\t<\/picture><figcaption>Wenn die Sonne hinter dem Bergr&uuml;cken hervorblinzelt&#8230;<\/figcaption><\/a><\/figure><\/div><\/div><figcaption> &copy; Schmittenh&ouml;hebahn AG  <\/figcaption><\/div>\n\n\n\n<h2 class=\"wp-block-heading\">Skikeriki \u2013 Morgenskilauf im Gro\u00dfarltal<\/h2>\n\n\n\n<p>Ein <a href=\"https:\/\/www.grossarltal.info\/de\/winter\/ski-erlebnisberg\/skikeriki.html\" target=\"_blank\" rel=\"noreferrer noopener\">Skifahren beim ersten Hahnenschrei <\/a>erm\u00f6glichen die Gro\u00dfarler Bergbahnen jeden Mittwoch um 7:15 Uhr. Das fr\u00fche Aufstehen lohnt sich definitiv, denn begleitet von Gesch\u00e4ftsf\u00fchrern oder Betriebsleitern der Bergbahnen geht es ganz exklusiv auf den Gipfel. Hier erfolgt eine Begr\u00fc\u00dfung und Einteilung in zwei Gruppen. W\u00e4hrend der folgenden zwei Stunden stehen gut 3.000 H\u00f6henmeter Skigenuss auf dem Programm und die Bergbahnen-Mitarbeiter*innen erz\u00e4hlen Wissenswertes aus dem Skigebiet und \u00fcber Pistensperren, Pr\u00e4parierung und Beschneiung. Ein Gruppenfoto am Photopoint sorgt f\u00fcr ein Erinnerungsbild und danach geht es zum verdienten Fr\u00fchst\u00fcck zur <a href=\"https:\/\/www.gehwolfalm.com\/\" target=\"_blank\" rel=\"noreferrer noopener\">Gehwolfalm<\/a>, in die <a href=\"https:\/\/www.laireiter.at\/skihuetten\/panoramastube\/\/\" target=\"_blank\" rel=\"noreferrer noopener\">Panoramastube<\/a> oder zur <a href=\"https:\/\/www.alpentaverne.at\/\" target=\"_blank\" rel=\"noreferrer noopener\">Alpentaverne<\/a>. Hier warten regionale Spezialit\u00e4ten und als Besonderheit ein traditionelles &#8218;Kerschmuas&#8216;. <\/p>\n\n\n<div class=\"mag-gallery\"><div class=\"row\"><div class=\"col-6 col-sm-4\"><figure><a class=\"thumb-container\" href=\"https:\/\/www.salzburgerland.com\/de\/magazin\/wp-content\/uploads\/2022\/02\/Skikeriki-2019_26-1280x1024.jpg\">\t<picture><source media=\"(min-width: 576px)\" srcset=\"https:\/\/www.salzburgerland.com\/de\/magazin\/wp-content\/uploads\/2022\/02\/Skikeriki-2019_26-325x209.jpg 325w, https:\/\/www.salzburgerland.com\/de\/magazin\/wp-content\/uploads\/2022\/02\/Skikeriki-2019_26-249x160.jpg 249w\"><\/source><source media=\"(min-width: 0)\" srcset=\"https:\/\/www.salzburgerland.com\/de\/magazin\/wp-content\/uploads\/2022\/02\/Skikeriki-2019_26-249x160.jpg 249w, https:\/\/www.salzburgerland.com\/de\/magazin\/wp-content\/uploads\/2022\/02\/Skikeriki-2019_26-325x209.jpg 325w\"><\/source><img decoding=\"async\" alt=\"Ein Buffet mit verschiedenen Aufschnitt- und K&auml;sesorten sowie warmen Speisen auf Platten und Chafing Dishes.\" src=\"https:\/\/www.salzburgerland.com\/de\/magazin\/wp-content\/uploads\/2022\/02\/Skikeriki-2019_26.jpg\">\t<\/picture><figcaption>&copy; Grossarltal &#8211; Schlemmen nach dem fr&uuml;hen Skifahren.<\/figcaption><\/a><\/figure><\/div><div class=\"col-6 col-sm-4\"><figure><a class=\"thumb-container\" href=\"https:\/\/www.salzburgerland.com\/de\/magazin\/wp-content\/uploads\/2022\/02\/GrossarlSkigebiet-2017-morgens_27-1280x1024.jpg\">\t<picture><source media=\"(min-width: 576px)\" srcset=\"https:\/\/www.salzburgerland.com\/de\/magazin\/wp-content\/uploads\/2022\/02\/GrossarlSkigebiet-2017-morgens_27-325x209.jpg 325w, https:\/\/www.salzburgerland.com\/de\/magazin\/wp-content\/uploads\/2022\/02\/GrossarlSkigebiet-2017-morgens_27-249x160.jpg 249w\"><\/source><source media=\"(min-width: 0)\" srcset=\"https:\/\/www.salzburgerland.com\/de\/magazin\/wp-content\/uploads\/2022\/02\/GrossarlSkigebiet-2017-morgens_27-249x160.jpg 249w, https:\/\/www.salzburgerland.com\/de\/magazin\/wp-content\/uploads\/2022\/02\/GrossarlSkigebiet-2017-morgens_27-325x209.jpg 325w\"><\/source><img decoding=\"async\" alt=\"Sonnenaufgang &uuml;ber verschneiten Bergen mit frisch gespurten Loipen unter einem strahlend blauen Himmel.\" src=\"https:\/\/www.salzburgerland.com\/de\/magazin\/wp-content\/uploads\/2022\/02\/GrossarlSkigebiet-2017-morgens_27.jpg\">\t<\/picture><figcaption>&copy; Grossarltal &#8211; Beim Hahnenschrei auf der Piste.<\/figcaption><\/a><\/figure><\/div><div class=\"col-6 col-sm-4\"><figure><a class=\"thumb-container\" href=\"https:\/\/www.salzburgerland.com\/de\/magazin\/wp-content\/uploads\/2022\/02\/Skikeriki-2019_20_Muas-1280x1024.jpg\">\t<picture><source media=\"(min-width: 576px)\" srcset=\"https:\/\/www.salzburgerland.com\/de\/magazin\/wp-content\/uploads\/2022\/02\/Skikeriki-2019_20_Muas-325x209.jpg 325w, https:\/\/www.salzburgerland.com\/de\/magazin\/wp-content\/uploads\/2022\/02\/Skikeriki-2019_20_Muas-249x160.jpg 249w\"><\/source><source media=\"(min-width: 0)\" srcset=\"https:\/\/www.salzburgerland.com\/de\/magazin\/wp-content\/uploads\/2022\/02\/Skikeriki-2019_20_Muas-249x160.jpg 249w, https:\/\/www.salzburgerland.com\/de\/magazin\/wp-content\/uploads\/2022\/02\/Skikeriki-2019_20_Muas-325x209.jpg 325w\"><\/source><img decoding=\"async\" alt=\"Eine Pfanne mit einem Kirsch-Brot-Dessert steht auf einem B&uuml;ffettisch mit anderen Gerichten.\" src=\"https:\/\/www.salzburgerland.com\/de\/magazin\/wp-content\/uploads\/2022\/02\/Skikeriki-2019_20_Muas.jpg\">\t<\/picture><figcaption>&copy; Grossarltal &#8211; Zur St&auml;rkung gibt&acute;s ein Kerschmuas.<\/figcaption><\/a><\/figure><\/div><\/div><figcaption><\/figcaption><\/div>\n\n\n\n<p>Wer sich lieber selbst auf die Suche nach seinem liebsten Fr\u00fchst\u00fccksplatzerl auf den Bergen im SalzburgerLand macht, fragt am besten direkt bei seinem Vermieter nach. Denn die Einheimischen wissen in der Regel die gem\u00fctlichsten H\u00fctten f\u00fcr morgendlichen Hochgenuss! <\/p>\n","protected":false},"excerpt":{"rendered":"<p>Zugegeben, f\u00fcr mich als freiwillige Fr\u00fchaufsteherin ist das zeitige Verlassen des warmen Bettes keine gro\u00dfe Herausforderung. Besonders, wenn als Belohnung ein Sonnenaufgang am Berg wartet. Und dann noch das Privileg zu haben, als allererster Skifahrer bzw. allererste Skifahrerin Schw\u00fcnge \u00fcber die zu Feinripp gegl\u00e4ttete Piste zu ziehen oder unverspurte H\u00e4nge mit der ersten Line zu [&hellip;]<\/p>\n","protected":false},"author":11,"featured_media":160399,"comment_status":"open","ping_status":"closed","sticky":false,"template":"","format":"standard","meta":{"_acf_changed":false,"wl_entities_gutenberg":"","_wl_entity_redirect_enabled":"","footnotes":""},"categories":[3],"tags":[],"wl_entity_type":[306],"monatsauswahl":[82,83,84,85],"class_list":["post-160390","post","type-post","status-publish","format-standard","has-post-thumbnail","hentry","category-essen-trinken","wl_entity_type-article","monatsauswahl-monat_1","monatsauswahl-monat_2","monatsauswahl-monat_3","monatsauswahl-monat_4"],"acf":[],"yoast_head":"<!-- This site is optimized with the Yoast SEO Premium plugin v27.4 (Yoast SEO v27.4) - https:\/\/yoast.com\/product\/yoast-seo-premium-wordpress\/ -->\n<title>Fr\u00fchst\u00fcck am Berg - SalzburgerLand Magazin<\/title>\n<meta name=\"robots\" content=\"index, follow, max-snippet:-1, max-image-preview:large, max-video-preview:-1\" \/>\n<link rel=\"canonical\" href=\"https:\/\/www.salzburgerland.com\/de\/magazin\/fruehstueck-am-berg\/\" \/>\n<meta property=\"og:locale\" content=\"de_DE\" \/>\n<meta property=\"og:type\" content=\"article\" \/>\n<meta property=\"og:title\" content=\"Fr\u00fchst\u00fcck am Berg\" \/>\n<meta property=\"og:description\" content=\"Zugegeben, f\u00fcr mich als freiwillige Fr\u00fchaufsteherin ist das zeitige Verlassen des warmen Bettes keine gro\u00dfe Herausforderung. Besonders, wenn als Belohnung ein Sonnenaufgang am Berg wartet. Und dann noch das Privileg zu haben, als allererster Skifahrer bzw. allererste Skifahrerin Schw\u00fcnge \u00fcber die zu Feinripp gegl\u00e4ttete Piste zu ziehen oder unverspurte H\u00e4nge mit der ersten Line zu [&hellip;]\" \/>\n<meta property=\"og:url\" content=\"https:\/\/www.salzburgerland.com\/de\/magazin\/fruehstueck-am-berg\/\" \/>\n<meta property=\"og:site_name\" content=\"SalzburgerLand Magazin\" \/>\n<meta property=\"article:publisher\" content=\"https:\/\/www.facebook.com\/salzburgerland\/\" \/>\n<meta property=\"article:published_time\" content=\"2022-02-08T07:00:00+00:00\" \/>\n<meta property=\"article:modified_time\" content=\"2022-02-09T15:46:12+00:00\" \/>\n<meta property=\"og:image\" content=\"https:\/\/www.salzburgerland.com\/de\/magazin\/wp-content\/uploads\/2022\/02\/16_04_04_Kitzsteinhorn_Fruehstueck_0585_neu-scaled.jpg\" \/>\n\t<meta property=\"og:image:width\" content=\"2560\" \/>\n\t<meta property=\"og:image:height\" content=\"1707\" \/>\n\t<meta property=\"og:image:type\" content=\"image\/jpeg\" \/>\n<meta name=\"author\" content=\"Edith Danzer\" \/>\n<meta name=\"twitter:card\" content=\"summary_large_image\" \/>\n<meta name=\"twitter:creator\" content=\"@Salzburgerland\" \/>\n<meta name=\"twitter:site\" content=\"@Salzburgerland\" \/>\n<meta name=\"twitter:label1\" content=\"Verfasst von\" \/>\n\t<meta name=\"twitter:data1\" content=\"Edith Danzer\" \/>\n\t<meta name=\"twitter:label2\" content=\"Gesch\u00e4tzte Lesezeit\" \/>\n\t<meta name=\"twitter:data2\" content=\"5\u00a0Minuten\" \/>\n<script type=\"application\/ld+json\" class=\"yoast-schema-graph\">{\"@context\":\"https:\\\/\\\/schema.org\",\"@graph\":[{\"@type\":\"Article\",\"@id\":\"https:\\\/\\\/www.salzburgerland.com\\\/de\\\/magazin\\\/fruehstueck-am-berg\\\/#article\",\"isPartOf\":{\"@id\":\"https:\\\/\\\/www.salzburgerland.com\\\/de\\\/magazin\\\/fruehstueck-am-berg\\\/\"},\"author\":{\"name\":\"Edith Danzer\",\"@id\":\"https:\\\/\\\/www.salzburgerland.com\\\/de\\\/magazin\\\/#\\\/schema\\\/person\\\/79452c699c410aa31a119426313748de\"},\"headline\":\"Fr\u00fchst\u00fcck am Berg\",\"datePublished\":\"2022-02-08T07:00:00+00:00\",\"dateModified\":\"2022-02-09T15:46:12+00:00\",\"mainEntityOfPage\":{\"@id\":\"https:\\\/\\\/www.salzburgerland.com\\\/de\\\/magazin\\\/fruehstueck-am-berg\\\/\"},\"wordCount\":638,\"commentCount\":0,\"publisher\":{\"@id\":\"https:\\\/\\\/www.salzburgerland.com\\\/de\\\/magazin\\\/#organization\"},\"image\":{\"@id\":\"https:\\\/\\\/www.salzburgerland.com\\\/de\\\/magazin\\\/fruehstueck-am-berg\\\/#primaryimage\"},\"thumbnailUrl\":\"https:\\\/\\\/www.salzburgerland.com\\\/de\\\/magazin\\\/wp-content\\\/uploads\\\/2022\\\/02\\\/16_04_04_Kitzsteinhorn_Fruehstueck_0585_neu-scaled.jpg\",\"articleSection\":[\"Essen &amp; Trinken\"],\"inLanguage\":\"de\",\"potentialAction\":[{\"@type\":\"CommentAction\",\"name\":\"Comment\",\"target\":[\"https:\\\/\\\/www.salzburgerland.com\\\/de\\\/magazin\\\/fruehstueck-am-berg\\\/#respond\"]}]},{\"@type\":\"WebPage\",\"@id\":\"https:\\\/\\\/www.salzburgerland.com\\\/de\\\/magazin\\\/fruehstueck-am-berg\\\/\",\"url\":\"https:\\\/\\\/www.salzburgerland.com\\\/de\\\/magazin\\\/fruehstueck-am-berg\\\/\",\"name\":\"Fr\u00fchst\u00fcck am Berg - SalzburgerLand Magazin\",\"isPartOf\":{\"@id\":\"https:\\\/\\\/www.salzburgerland.com\\\/de\\\/magazin\\\/#website\"},\"primaryImageOfPage\":{\"@id\":\"https:\\\/\\\/www.salzburgerland.com\\\/de\\\/magazin\\\/fruehstueck-am-berg\\\/#primaryimage\"},\"image\":{\"@id\":\"https:\\\/\\\/www.salzburgerland.com\\\/de\\\/magazin\\\/fruehstueck-am-berg\\\/#primaryimage\"},\"thumbnailUrl\":\"https:\\\/\\\/www.salzburgerland.com\\\/de\\\/magazin\\\/wp-content\\\/uploads\\\/2022\\\/02\\\/16_04_04_Kitzsteinhorn_Fruehstueck_0585_neu-scaled.jpg\",\"datePublished\":\"2022-02-08T07:00:00+00:00\",\"dateModified\":\"2022-02-09T15:46:12+00:00\",\"breadcrumb\":{\"@id\":\"https:\\\/\\\/www.salzburgerland.com\\\/de\\\/magazin\\\/fruehstueck-am-berg\\\/#breadcrumb\"},\"inLanguage\":\"de\",\"potentialAction\":[{\"@type\":\"ReadAction\",\"target\":[\"https:\\\/\\\/www.salzburgerland.com\\\/de\\\/magazin\\\/fruehstueck-am-berg\\\/\"]}]},{\"@type\":\"ImageObject\",\"inLanguage\":\"de\",\"@id\":\"https:\\\/\\\/www.salzburgerland.com\\\/de\\\/magazin\\\/fruehstueck-am-berg\\\/#primaryimage\",\"url\":\"https:\\\/\\\/www.salzburgerland.com\\\/de\\\/magazin\\\/wp-content\\\/uploads\\\/2022\\\/02\\\/16_04_04_Kitzsteinhorn_Fruehstueck_0585_neu-scaled.jpg\",\"contentUrl\":\"https:\\\/\\\/www.salzburgerland.com\\\/de\\\/magazin\\\/wp-content\\\/uploads\\\/2022\\\/02\\\/16_04_04_Kitzsteinhorn_Fruehstueck_0585_neu-scaled.jpg\",\"width\":2560,\"height\":1707,\"caption\":\"Vier Personen in Winterkleidung fr\u00fchst\u00fccken gemeinsam an einem Fenster mit verschneiten Bergen im Hintergrund.\"},{\"@type\":\"BreadcrumbList\",\"@id\":\"https:\\\/\\\/www.salzburgerland.com\\\/de\\\/magazin\\\/fruehstueck-am-berg\\\/#breadcrumb\",\"itemListElement\":[{\"@type\":\"ListItem\",\"position\":1,\"name\":\"Startseite\",\"item\":\"https:\\\/\\\/www.salzburgerland.com\\\/de\\\/magazin\\\/\"},{\"@type\":\"ListItem\",\"position\":2,\"name\":\"Essen &amp; Trinken\",\"item\":\"https:\\\/\\\/www.salzburgerland.com\\\/de\\\/magazin\\\/thema\\\/essen-trinken\\\/\"},{\"@type\":\"ListItem\",\"position\":3,\"name\":\"Fr\u00fchst\u00fcck am Berg\"}]},{\"@type\":\"WebSite\",\"@id\":\"https:\\\/\\\/www.salzburgerland.com\\\/de\\\/magazin\\\/#website\",\"url\":\"https:\\\/\\\/www.salzburgerland.com\\\/de\\\/magazin\\\/\",\"name\":\"SalzburgerLand Magazin\",\"description\":\"Geschichten und Interessantes aus dem SalzburgerLand\",\"publisher\":{\"@id\":\"https:\\\/\\\/www.salzburgerland.com\\\/de\\\/magazin\\\/#organization\"},\"potentialAction\":[{\"@type\":\"SearchAction\",\"target\":{\"@type\":\"EntryPoint\",\"urlTemplate\":\"https:\\\/\\\/www.salzburgerland.com\\\/de\\\/magazin\\\/?s={search_term_string}\"},\"query-input\":{\"@type\":\"PropertyValueSpecification\",\"valueRequired\":true,\"valueName\":\"search_term_string\"}}],\"inLanguage\":\"de\"},{\"@type\":\"Organization\",\"@id\":\"https:\\\/\\\/www.salzburgerland.com\\\/de\\\/magazin\\\/#organization\",\"name\":\"SalzburgerLand Tourismus\",\"url\":\"https:\\\/\\\/www.salzburgerland.com\\\/de\\\/magazin\\\/\",\"logo\":{\"@type\":\"ImageObject\",\"inLanguage\":\"de\",\"@id\":\"https:\\\/\\\/www.salzburgerland.com\\\/de\\\/magazin\\\/#\\\/schema\\\/logo\\\/image\\\/\",\"url\":\"https:\\\/\\\/www.salzburgerland.com\\\/de\\\/magazin\\\/wp-content\\\/uploads\\\/2019\\\/06\\\/salzburgerland-logo1.jpg\",\"contentUrl\":\"https:\\\/\\\/www.salzburgerland.com\\\/de\\\/magazin\\\/wp-content\\\/uploads\\\/2019\\\/06\\\/salzburgerland-logo1.jpg\",\"width\":2011,\"height\":866,\"caption\":\"SalzburgerLand Tourismus\"},\"image\":{\"@id\":\"https:\\\/\\\/www.salzburgerland.com\\\/de\\\/magazin\\\/#\\\/schema\\\/logo\\\/image\\\/\"},\"sameAs\":[\"https:\\\/\\\/www.facebook.com\\\/salzburgerland\\\/\",\"https:\\\/\\\/x.com\\\/Salzburgerland\",\"https:\\\/\\\/www.instagram.com\\\/salzburgerland\\\/\",\"https:\\\/\\\/at.linkedin.com\\\/company\\\/salzburgerland-tourismus-gmbh\",\"https:\\\/\\\/www.pinterest.at\\\/salzburgerland\\\/\",\"https:\\\/\\\/www.youtube.com\\\/user\\\/salzburgerland\",\"https:\\\/\\\/de.wikipedia.org\\\/wiki\\\/SalzburgerLand_Tourismus_GmbH\"]},{\"@type\":\"Person\",\"@id\":\"https:\\\/\\\/www.salzburgerland.com\\\/de\\\/magazin\\\/#\\\/schema\\\/person\\\/79452c699c410aa31a119426313748de\",\"name\":\"Edith Danzer\",\"description\":\"Seit Jahren arbeite ich als freie Redakteurin und Fotografin im SalzburgerLand. Schreiben ist f\u00fcr mich nicht blo\u00df das Erstellen eines Textes. Es ist ein Komponieren einer wundervollen Melodie, ein Malen mit Buchstaben und Worten. Ich liebe die Begegnungen mit Menschen, die mir ihre Geschichte anvertrauen. Wenn man mich sucht, bin ich entweder am Schreibtisch (der auch mal am sonnigen H\u00fcttenbankerl stehen kann) oder mit meinem Husky-M\u00e4dl Ylvi am Berg, am See oder im Wald. Ich \u2026 \u2026 in ein paar Worten. \u2022 Lieber drau\u00dfen, als drinnen. \u2022 Lieber Norden, als S\u00fcden. \u2022 Lieber Buchstaben, als Zahlen. \u2022 Lieber Schnee, als Strand. \u2022 Lieber Berg, als Tal. \u2022 Lieber Nordlichter, als S\u00fcdseezauber. \u2022 Lieber H\u00fctte, als F\u00fcnfsternschuppen. \u2022 Lieber Hund, als Katze. \u2022 Lieber grader Michl, als falscher Fufzga. \u2022 Lieber mittendurch, als drumherum \u2022 Lieber Almleben, als Couchpotato\",\"url\":\"https:\\\/\\\/www.salzburgerland.com\\\/de\\\/magazin\\\/author\\\/edith-danzer\\\/\"}]}<\/script>\n<meta property=\"og:video\" content=\"https:\/\/www.youtube.com\/embed\/A0yOsMfWkaU\" \/>\n<meta property=\"og:video:type\" content=\"text\/html\" \/>\n<meta property=\"og:video:duration\" content=\"41\" \/>\n<meta property=\"og:video:width\" content=\"480\" \/>\n<meta property=\"og:video:height\" content=\"270\" \/>\n<meta property=\"ya:ovs:adult\" content=\"false\" \/>\n<meta property=\"ya:ovs:upload_date\" content=\"2022-02-08T07:00:00+00:00\" \/>\n<meta property=\"ya:ovs:allow_embed\" content=\"true\" \/>\n<!-- \/ Yoast SEO Premium plugin. -->","yoast_head_json":{"title":"Fr\u00fchst\u00fcck am Berg - SalzburgerLand Magazin","robots":{"index":"index","follow":"follow","max-snippet":"max-snippet:-1","max-image-preview":"max-image-preview:large","max-video-preview":"max-video-preview:-1"},"canonical":"https:\/\/www.salzburgerland.com\/de\/magazin\/fruehstueck-am-berg\/","og_locale":"de_DE","og_type":"article","og_title":"Fr\u00fchst\u00fcck am Berg","og_description":"Zugegeben, f\u00fcr mich als freiwillige Fr\u00fchaufsteherin ist das zeitige Verlassen des warmen Bettes keine gro\u00dfe Herausforderung. Besonders, wenn als Belohnung ein Sonnenaufgang am Berg wartet. Und dann noch das Privileg zu haben, als allererster Skifahrer bzw. allererste Skifahrerin Schw\u00fcnge \u00fcber die zu Feinripp gegl\u00e4ttete Piste zu ziehen oder unverspurte H\u00e4nge mit der ersten Line zu [&hellip;]","og_url":"https:\/\/www.salzburgerland.com\/de\/magazin\/fruehstueck-am-berg\/","og_site_name":"SalzburgerLand Magazin","article_publisher":"https:\/\/www.facebook.com\/salzburgerland\/","article_published_time":"2022-02-08T07:00:00+00:00","article_modified_time":"2022-02-09T15:46:12+00:00","og_image":[{"width":2560,"height":1707,"url":"https:\/\/www.salzburgerland.com\/de\/magazin\/wp-content\/uploads\/2022\/02\/16_04_04_Kitzsteinhorn_Fruehstueck_0585_neu-scaled.jpg","type":"image\/jpeg"}],"author":"Edith Danzer","twitter_card":"summary_large_image","twitter_creator":"@Salzburgerland","twitter_site":"@Salzburgerland","twitter_misc":{"Verfasst von":"Edith Danzer","Gesch\u00e4tzte Lesezeit":"5\u00a0Minuten"},"schema":{"@context":"https:\/\/schema.org","@graph":[{"@type":"Article","@id":"https:\/\/www.salzburgerland.com\/de\/magazin\/fruehstueck-am-berg\/#article","isPartOf":{"@id":"https:\/\/www.salzburgerland.com\/de\/magazin\/fruehstueck-am-berg\/"},"author":{"name":"Edith Danzer","@id":"https:\/\/www.salzburgerland.com\/de\/magazin\/#\/schema\/person\/79452c699c410aa31a119426313748de"},"headline":"Fr\u00fchst\u00fcck am Berg","datePublished":"2022-02-08T07:00:00+00:00","dateModified":"2022-02-09T15:46:12+00:00","mainEntityOfPage":{"@id":"https:\/\/www.salzburgerland.com\/de\/magazin\/fruehstueck-am-berg\/"},"wordCount":638,"commentCount":0,"publisher":{"@id":"https:\/\/www.salzburgerland.com\/de\/magazin\/#organization"},"image":{"@id":"https:\/\/www.salzburgerland.com\/de\/magazin\/fruehstueck-am-berg\/#primaryimage"},"thumbnailUrl":"https:\/\/www.salzburgerland.com\/de\/magazin\/wp-content\/uploads\/2022\/02\/16_04_04_Kitzsteinhorn_Fruehstueck_0585_neu-scaled.jpg","articleSection":["Essen &amp; Trinken"],"inLanguage":"de","potentialAction":[{"@type":"CommentAction","name":"Comment","target":["https:\/\/www.salzburgerland.com\/de\/magazin\/fruehstueck-am-berg\/#respond"]}]},{"@type":"WebPage","@id":"https:\/\/www.salzburgerland.com\/de\/magazin\/fruehstueck-am-berg\/","url":"https:\/\/www.salzburgerland.com\/de\/magazin\/fruehstueck-am-berg\/","name":"Fr\u00fchst\u00fcck am Berg - SalzburgerLand Magazin","isPartOf":{"@id":"https:\/\/www.salzburgerland.com\/de\/magazin\/#website"},"primaryImageOfPage":{"@id":"https:\/\/www.salzburgerland.com\/de\/magazin\/fruehstueck-am-berg\/#primaryimage"},"image":{"@id":"https:\/\/www.salzburgerland.com\/de\/magazin\/fruehstueck-am-berg\/#primaryimage"},"thumbnailUrl":"https:\/\/www.salzburgerland.com\/de\/magazin\/wp-content\/uploads\/2022\/02\/16_04_04_Kitzsteinhorn_Fruehstueck_0585_neu-scaled.jpg","datePublished":"2022-02-08T07:00:00+00:00","dateModified":"2022-02-09T15:46:12+00:00","breadcrumb":{"@id":"https:\/\/www.salzburgerland.com\/de\/magazin\/fruehstueck-am-berg\/#breadcrumb"},"inLanguage":"de","potentialAction":[{"@type":"ReadAction","target":["https:\/\/www.salzburgerland.com\/de\/magazin\/fruehstueck-am-berg\/"]}]},{"@type":"ImageObject","inLanguage":"de","@id":"https:\/\/www.salzburgerland.com\/de\/magazin\/fruehstueck-am-berg\/#primaryimage","url":"https:\/\/www.salzburgerland.com\/de\/magazin\/wp-content\/uploads\/2022\/02\/16_04_04_Kitzsteinhorn_Fruehstueck_0585_neu-scaled.jpg","contentUrl":"https:\/\/www.salzburgerland.com\/de\/magazin\/wp-content\/uploads\/2022\/02\/16_04_04_Kitzsteinhorn_Fruehstueck_0585_neu-scaled.jpg","width":2560,"height":1707,"caption":"Vier Personen in Winterkleidung fr\u00fchst\u00fccken gemeinsam an einem Fenster mit verschneiten Bergen im Hintergrund."},{"@type":"BreadcrumbList","@id":"https:\/\/www.salzburgerland.com\/de\/magazin\/fruehstueck-am-berg\/#breadcrumb","itemListElement":[{"@type":"ListItem","position":1,"name":"Startseite","item":"https:\/\/www.salzburgerland.com\/de\/magazin\/"},{"@type":"ListItem","position":2,"name":"Essen &amp; Trinken","item":"https:\/\/www.salzburgerland.com\/de\/magazin\/thema\/essen-trinken\/"},{"@type":"ListItem","position":3,"name":"Fr\u00fchst\u00fcck am Berg"}]},{"@type":"WebSite","@id":"https:\/\/www.salzburgerland.com\/de\/magazin\/#website","url":"https:\/\/www.salzburgerland.com\/de\/magazin\/","name":"SalzburgerLand Magazin","description":"Geschichten und Interessantes aus dem SalzburgerLand","publisher":{"@id":"https:\/\/www.salzburgerland.com\/de\/magazin\/#organization"},"potentialAction":[{"@type":"SearchAction","target":{"@type":"EntryPoint","urlTemplate":"https:\/\/www.salzburgerland.com\/de\/magazin\/?s={search_term_string}"},"query-input":{"@type":"PropertyValueSpecification","valueRequired":true,"valueName":"search_term_string"}}],"inLanguage":"de"},{"@type":"Organization","@id":"https:\/\/www.salzburgerland.com\/de\/magazin\/#organization","name":"SalzburgerLand Tourismus","url":"https:\/\/www.salzburgerland.com\/de\/magazin\/","logo":{"@type":"ImageObject","inLanguage":"de","@id":"https:\/\/www.salzburgerland.com\/de\/magazin\/#\/schema\/logo\/image\/","url":"https:\/\/www.salzburgerland.com\/de\/magazin\/wp-content\/uploads\/2019\/06\/salzburgerland-logo1.jpg","contentUrl":"https:\/\/www.salzburgerland.com\/de\/magazin\/wp-content\/uploads\/2019\/06\/salzburgerland-logo1.jpg","width":2011,"height":866,"caption":"SalzburgerLand Tourismus"},"image":{"@id":"https:\/\/www.salzburgerland.com\/de\/magazin\/#\/schema\/logo\/image\/"},"sameAs":["https:\/\/www.facebook.com\/salzburgerland\/","https:\/\/x.com\/Salzburgerland","https:\/\/www.instagram.com\/salzburgerland\/","https:\/\/at.linkedin.com\/company\/salzburgerland-tourismus-gmbh","https:\/\/www.pinterest.at\/salzburgerland\/","https:\/\/www.youtube.com\/user\/salzburgerland","https:\/\/de.wikipedia.org\/wiki\/SalzburgerLand_Tourismus_GmbH"]},{"@type":"Person","@id":"https:\/\/www.salzburgerland.com\/de\/magazin\/#\/schema\/person\/79452c699c410aa31a119426313748de","name":"Edith Danzer","description":"Seit Jahren arbeite ich als freie Redakteurin und Fotografin im SalzburgerLand. Schreiben ist f\u00fcr mich nicht blo\u00df das Erstellen eines Textes. Es ist ein Komponieren einer wundervollen Melodie, ein Malen mit Buchstaben und Worten. Ich liebe die Begegnungen mit Menschen, die mir ihre Geschichte anvertrauen. Wenn man mich sucht, bin ich entweder am Schreibtisch (der auch mal am sonnigen H\u00fcttenbankerl stehen kann) oder mit meinem Husky-M\u00e4dl Ylvi am Berg, am See oder im Wald. Ich \u2026 \u2026 in ein paar Worten. \u2022 Lieber drau\u00dfen, als drinnen. \u2022 Lieber Norden, als S\u00fcden. \u2022 Lieber Buchstaben, als Zahlen. \u2022 Lieber Schnee, als Strand. \u2022 Lieber Berg, als Tal. \u2022 Lieber Nordlichter, als S\u00fcdseezauber. \u2022 Lieber H\u00fctte, als F\u00fcnfsternschuppen. \u2022 Lieber Hund, als Katze. \u2022 Lieber grader Michl, als falscher Fufzga. \u2022 Lieber mittendurch, als drumherum \u2022 Lieber Almleben, als Couchpotato","url":"https:\/\/www.salzburgerland.com\/de\/magazin\/author\/edith-danzer\/"}]},"og_video":"https:\/\/www.youtube.com\/embed\/A0yOsMfWkaU","og_video_type":"text\/html","og_video_duration":"41","og_video_width":"480","og_video_height":"270","ya_ovs_adult":"false","ya_ovs_upload_date":"2022-02-08T07:00:00+00:00","ya_ovs_allow_embed":"true"},"_wl_alt_label":[],"wl:entity_url":"http:\/\/open.salzburgerland.com\/magazin\/post\/fruehstueck_am_berg","_links":{"self":[{"href":"https:\/\/www.salzburgerland.com\/de\/magazin\/wp-json\/wp\/v2\/posts\/160390","targetHints":{"allow":["GET"]}}],"collection":[{"href":"https:\/\/www.salzburgerland.com\/de\/magazin\/wp-json\/wp\/v2\/posts"}],"about":[{"href":"https:\/\/www.salzburgerland.com\/de\/magazin\/wp-json\/wp\/v2\/types\/post"}],"author":[{"embeddable":true,"href":"https:\/\/www.salzburgerland.com\/de\/magazin\/wp-json\/wp\/v2\/users\/11"}],"replies":[{"embeddable":true,"href":"https:\/\/www.salzburgerland.com\/de\/magazin\/wp-json\/wp\/v2\/comments?post=160390"}],"version-history":[{"count":5,"href":"https:\/\/www.salzburgerland.com\/de\/magazin\/wp-json\/wp\/v2\/posts\/160390\/revisions"}],"predecessor-version":[{"id":160579,"href":"https:\/\/www.salzburgerland.com\/de\/magazin\/wp-json\/wp\/v2\/posts\/160390\/revisions\/160579"}],"wp:featuredmedia":[{"embeddable":true,"href":"https:\/\/www.salzburgerland.com\/de\/magazin\/wp-json\/wp\/v2\/media\/160399"}],"wp:attachment":[{"href":"https:\/\/www.salzburgerland.com\/de\/magazin\/wp-json\/wp\/v2\/media?parent=160390"}],"wp:term":[{"taxonomy":"category","embeddable":true,"href":"https:\/\/www.salzburgerland.com\/de\/magazin\/wp-json\/wp\/v2\/categories?post=160390"},{"taxonomy":"post_tag","embeddable":true,"href":"https:\/\/www.salzburgerland.com\/de\/magazin\/wp-json\/wp\/v2\/tags?post=160390"},{"taxonomy":"wl_entity_type","embeddable":true,"href":"https:\/\/www.salzburgerland.com\/de\/magazin\/wp-json\/wp\/v2\/wl_entity_type?post=160390"},{"taxonomy":"monatsauswahl","embeddable":true,"href":"https:\/\/www.salzburgerland.com\/de\/magazin\/wp-json\/wp\/v2\/monatsauswahl?post=160390"}],"curies":[{"name":"wp","href":"https:\/\/api.w.org\/{rel}","templated":true}]}}