{"id":160386,"date":"2022-03-03T08:00:00","date_gmt":"2022-03-03T07:00:00","guid":{"rendered":"https:\/\/www.salzburgerland.com\/de\/magazin\/?p=160386"},"modified":"2022-03-07T11:16:31","modified_gmt":"2022-03-07T10:16:31","slug":"instrumente-mit-herz-und-seele","status":"publish","type":"post","link":"https:\/\/www.salzburgerland.com\/de\/magazin\/instrumente-mit-herz-und-seele\/","title":{"rendered":"Instrumente mit Herz und Seele"},"content":{"rendered":"\n<div class=\"wp-block-slt-top topBlocks\">\n<h2 class=\"wp-block-slt-subtitle\">Gerhard Sch\u00f6pp, der Gitarrenbauer aus Zell am See<\/h2>\n\n\n\n<p class=\"wp-block-slt-intro\">Eigentlich wusste er es schon immer: Gitarrenbauen ist seine Bestimmung! Mit dem SalzburgerLand-Magazin spricht Gerhard Sch\u00f6pp \u00fcber den dann doch langen Weg ans Ziel, hohe Qualit\u00e4tsanspr\u00fcche, wieviel Salzburg in jedem seiner Instrumente steckt und warum seine Werke ihn lange \u00fcberdauern werden.&nbsp;<\/p>\n<\/div>\n\n\n\n<p>Es gibt Menschen, die brennen f\u00fcr das, was sie tun. Das sp\u00fcrt man. Man h\u00f6rt ihnen gerne zu, ist selbst inspiriert von all dem Elan und die Zeit mit ihnen verfliegt wie im Flug. <a href=\"https:\/\/www.schoeppmusic.at\" target=\"_blank\" rel=\"noreferrer noopener\">Gerhard Sch\u00f6pp<\/a> ist einer von ihnen. Seit 2018 baut der Pinzgauer Gitarren und andere Seiteninstrumente in <a href=\"https:\/\/www.salzburgerland.com\/de\/magazin\/sommerfrische-zell-am-see-kaprun\/\" target=\"_blank\" rel=\"noreferrer noopener\">Zell am See<\/a> und hat sich seither einen Namen in Musikerkreisen gemacht. Einzelst\u00fccke, ganz nach den W\u00fcnschen seiner Kunden, die in reinster Handarbeit entstehen. Wir haben den Instrumentenbauer in seiner Werkstatt besucht, ihm \u00fcber die Schulter geschaut und mit ihm \u00fcber seine Leidenschaft geplaudert.<\/p>\n\n\n\n<h3 class=\"wp-block-heading\" id=\"h-gerhard-wen-gab-es-denn-zuerst-gerhard-den-gitarristen-oder-gerhard-den-gitarrenbauer\">Gerhard, wen gab es denn zuerst? Gerhard, den Gitarristen oder Gerhard, den Gitarrenbauer?<\/h3>\n\n\n\n<p>Gerhard, den Gitarristen. Auch wenn ich heute das Gef\u00fchl habe, dass ich eigentlich schon mein ganzes Leben lang Instrumentenbauer bin. Gewusst habe ich es halt erst, als ich damit begonnen habe. Es ist meine Bestimmung, mein Innerstes. Ich habe mein ganzes Leben schon die unterschiedlichsten Dinge gebastelt. Sp\u00e4ter habe ich dann zum Gitarrenspielen angefangen. Und aufgrund meiner Neugierde, wie das denn alles funktioniert, habe ich ein Buch \u00fcber das Gitarrenbauen gekauft. Zuerst war das Bauen ein Hobby, sp\u00e4ter dann habe ich mich entschieden, dass es auch Beruf sein soll.&nbsp;<\/p>\n\n\n\n<figure class=\"wp-block-image size-full\"><img loading=\"lazy\" decoding=\"async\" width=\"2560\" height=\"1707\" src=\"https:\/\/www.salzburgerland.com\/de\/magazin\/wp-content\/uploads\/2022\/02\/werkstatt_makeart_print_001-scaled.jpg\" alt=\"Ein Gitarrenbauer schleift den Hals einer Gitarre in einer gut beleuchteten Werkstatt, konzentriert auf die Perfektionierung seines Handwerks.\" class=\"wp-image-160394\" srcset=\"https:\/\/www.salzburgerland.com\/de\/magazin\/wp-content\/uploads\/2022\/02\/werkstatt_makeart_print_001-scaled.jpg 2560w, https:\/\/www.salzburgerland.com\/de\/magazin\/wp-content\/uploads\/2022\/02\/werkstatt_makeart_print_001-300x200.jpg 300w, https:\/\/www.salzburgerland.com\/de\/magazin\/wp-content\/uploads\/2022\/02\/werkstatt_makeart_print_001-1536x1024.jpg 1536w, https:\/\/www.salzburgerland.com\/de\/magazin\/wp-content\/uploads\/2022\/02\/werkstatt_makeart_print_001-2048x1365.jpg 2048w, https:\/\/www.salzburgerland.com\/de\/magazin\/wp-content\/uploads\/2022\/02\/werkstatt_makeart_print_001-825x550.jpg 825w, https:\/\/www.salzburgerland.com\/de\/magazin\/wp-content\/uploads\/2022\/02\/werkstatt_makeart_print_001-600x400.jpg 600w, https:\/\/www.salzburgerland.com\/de\/magazin\/wp-content\/uploads\/2022\/02\/werkstatt_makeart_print_001-1320x880.jpg 1320w, https:\/\/www.salzburgerland.com\/de\/magazin\/wp-content\/uploads\/2022\/02\/werkstatt_makeart_print_001-150x100.jpg 150w\" sizes=\"auto, (max-width: 2560px) 100vw, 2560px\" \/><figcaption><a href=\"https:\/\/www.instagram.com\/makeart_studio_\/\">@makeart_studio_<\/a><\/figcaption><\/figure>\n\n\n\n<h3 class=\"wp-block-heading\" id=\"h-dar-ber-m-chten-wir-gerne-noch-ein-bisschen-mehr-wissen\">Dar\u00fcber m\u00f6chten wir gerne noch ein bisschen mehr wissen.&nbsp;<\/h3>\n\n\n\n<p>Na ja, ich habe zuerst mit relativ wenig Erfolg Architektur studiert und gemerkt, dass ich mir nicht vorstellen kann, den ganzen Tag am Computer zu arbeiten. Irgendwann habe ich dann beschlossen, dass ich das mit den Gitarren machen will und habe eine Ausbildung zum Streich- und Seiteninstrumentenbauer in Hallstatt angefangen.&nbsp;<\/p>\n\n\n\n<h3 class=\"wp-block-heading\" id=\"h-was-macht-denn-f-r-dich-den-reiz-des-handwerks-aus\">Was macht denn f\u00fcr dich den Reiz des Handwerks aus?<\/h3>\n\n\n\n<p>Am Handwerk gibt es viel Sch\u00f6nes. F\u00fcr mich ist es vor allem das Arbeiten mit Holz und dass man sieht, wie aus einzelnen Schritten etwas entsteht. <\/p>\n\n\n\n<blockquote class=\"wp-block-quote is-layout-flow wp-block-quote-is-layout-flow\"><p>&#8222;Am Abend kann man betrachten, was man den ganzen Tag \u00fcber gemacht hat.&#8220;<\/p><cite>Gerhard Sch\u00f6pp<\/cite><\/blockquote>\n\n\n\n<h3 class=\"wp-block-heading\" id=\"h-glaubst-du-ist-es-wichtig-dass-man-im-leben-seine-bestimmung-findet\">Glaubst du ist es wichtig, dass man im Leben seine Bestimmung findet?<\/h3>\n\n\n\n<p>Ich glaube, dass jeder etwas hat, was er besonders gut und gern macht. Ob dieses Etwas auch jeder findet, ist die andere Frage. Nat\u00fcrlich ist es erstrebenswert! Es erfordert aber auch sehr viel Mut, auszubrechen und seinen eigenen Weg zu gehen. Meine Ausbildung hat noch einmal vier Jahre gedauert, das ist ein Fulltimejob und das muss man erst einmal stemmen. Aber es war der richtige Weg.&nbsp;<\/p>\n\n\n<div class=\"mag-gallery\"><div class=\"row\"><div class=\"col-6 col-sm-4\"><figure><a class=\"thumb-container\" href=\"https:\/\/www.salzburgerland.com\/de\/magazin\/wp-content\/uploads\/2022\/02\/20210413_schoepp_makeartOG_print030-1280x1024.jpg\">\t<picture><source media=\"(min-width: 576px)\" srcset=\"https:\/\/www.salzburgerland.com\/de\/magazin\/wp-content\/uploads\/2022\/02\/20210413_schoepp_makeartOG_print030-325x209.jpg 325w, https:\/\/www.salzburgerland.com\/de\/magazin\/wp-content\/uploads\/2022\/02\/20210413_schoepp_makeartOG_print030-249x160.jpg 249w\"><\/source><source media=\"(min-width: 0)\" srcset=\"https:\/\/www.salzburgerland.com\/de\/magazin\/wp-content\/uploads\/2022\/02\/20210413_schoepp_makeartOG_print030-249x160.jpg 249w, https:\/\/www.salzburgerland.com\/de\/magazin\/wp-content\/uploads\/2022\/02\/20210413_schoepp_makeartOG_print030-325x209.jpg 325w\"><\/source><img decoding=\"async\" alt=\"Nahaufnahme eines Gitarrenbauers, der eine Gitarre neu bespannt, indem er eine Saite durch die Kopfplatte und den Stimmwirbel f&auml;delt.\" src=\"https:\/\/www.salzburgerland.com\/de\/magazin\/wp-content\/uploads\/2022\/02\/20210413_schoepp_makeartOG_print030-scaled.jpg\">\t<\/picture><\/a><\/figure><\/div><div class=\"col-6 col-sm-4\"><figure><a class=\"thumb-container\" href=\"https:\/\/www.salzburgerland.com\/de\/magazin\/wp-content\/uploads\/2022\/02\/20210119_schoepp_makeartOG_print015-1280x1024.jpg\">\t<picture><source media=\"(min-width: 576px)\" srcset=\"https:\/\/www.salzburgerland.com\/de\/magazin\/wp-content\/uploads\/2022\/02\/20210119_schoepp_makeartOG_print015-325x209.jpg 325w, https:\/\/www.salzburgerland.com\/de\/magazin\/wp-content\/uploads\/2022\/02\/20210119_schoepp_makeartOG_print015-249x160.jpg 249w\"><\/source><source media=\"(min-width: 0)\" srcset=\"https:\/\/www.salzburgerland.com\/de\/magazin\/wp-content\/uploads\/2022\/02\/20210119_schoepp_makeartOG_print015-249x160.jpg 249w, https:\/\/www.salzburgerland.com\/de\/magazin\/wp-content\/uploads\/2022\/02\/20210119_schoepp_makeartOG_print015-325x209.jpg 325w\"><\/source><img decoding=\"async\" alt=\"Ein Gitarrenbauer schnitzt Holz mit einem Mei&szlig;el, umgeben von St&auml;ben und Sp&auml;nen auf einer Werkbank.\" src=\"https:\/\/www.salzburgerland.com\/de\/magazin\/wp-content\/uploads\/2022\/02\/20210119_schoepp_makeartOG_print015-scaled.jpg\">\t<\/picture><\/a><\/figure><\/div><div class=\"col-6 col-sm-4\"><figure><a class=\"thumb-container\" href=\"https:\/\/www.salzburgerland.com\/de\/magazin\/wp-content\/uploads\/2022\/02\/20201201_schoepp_makeartOG_print003-1280x1024.jpg\">\t<picture><source media=\"(min-width: 576px)\" srcset=\"https:\/\/www.salzburgerland.com\/de\/magazin\/wp-content\/uploads\/2022\/02\/20201201_schoepp_makeartOG_print003-325x209.jpg 325w, https:\/\/www.salzburgerland.com\/de\/magazin\/wp-content\/uploads\/2022\/02\/20201201_schoepp_makeartOG_print003-249x160.jpg 249w\"><\/source><source media=\"(min-width: 0)\" srcset=\"https:\/\/www.salzburgerland.com\/de\/magazin\/wp-content\/uploads\/2022\/02\/20201201_schoepp_makeartOG_print003-249x160.jpg 249w, https:\/\/www.salzburgerland.com\/de\/magazin\/wp-content\/uploads\/2022\/02\/20201201_schoepp_makeartOG_print003-325x209.jpg 325w\"><\/source><img decoding=\"async\" alt=\"Ein Gitarrenbauer misst in einer Werkstatt ein d&uuml;nnes Holzbrett mit einer Messuhr aus.\" src=\"https:\/\/www.salzburgerland.com\/de\/magazin\/wp-content\/uploads\/2022\/02\/20201201_schoepp_makeartOG_print003-scaled.jpg\">\t<\/picture><\/a><\/figure><\/div><\/div><figcaption>@makeart_studio_<\/figcaption><\/div>\n\n\n\n<h3 class=\"wp-block-heading\" id=\"h-wie-klingen-denn-deine-gitarren-worauf-legst-du-klanglich-wert\">Wie klingen denn deine Gitarren? Worauf legst du klanglich wert?<\/h3>\n\n\n\n<p>Mir sind eine schnelle Ansprache und ein offener, ausbalancierter Klang wichtig. Nachdem ich ziemlich viele kleine Gitarren baue, schaue ich auch bei diesen St\u00fccken auf einen satten Bass. Das erreicht man \u00fcber die Konstruktion.<\/p>\n\n\n\n<blockquote class=\"wp-block-quote is-layout-flow wp-block-quote-is-layout-flow\"><p>&#8222;Meine Instrumente sind mehr als die Summe der einzelnen Teile. Sie haben Herz und Seele.&#8220;<\/p><cite>Gerhard Sch\u00f6pp<\/cite><\/blockquote>\n\n\n\n<h3 class=\"wp-block-heading\" id=\"h-gibt-es-eine-musikrichtung-f-r-die-deine-instrumente-besonders-gut-geeignet-sind\">Gibt es eine Musikrichtung, f\u00fcr die deine Instrumente besonders gut geeignet sind?<\/h3>\n\n\n\n<p>Fingerstyle, genauso, wie man das im Video sieht.&nbsp;<\/p>\n\n\n\n<figure class=\"wp-block-embed is-type-video is-provider-youtube wp-block-embed-youtube wp-embed-aspect-16-9 wp-has-aspect-ratio\"><div class=\"wp-block-embed__wrapper\">\n<iframe loading=\"lazy\" title=\"Gitarrenbau Gerhard Sch\u00f6pp - Portrait (english subtitles)\" width=\"640\" height=\"360\" src=\"https:\/\/www.youtube-nocookie.com\/embed\/L0DxIbobgzU?feature=oembed&#038;rel=0&#038;modestbranding=1\" frameborder=\"0\" allow=\"accelerometer; autoplay; clipboard-write; encrypted-media; gyroscope; picture-in-picture; web-share\" referrerpolicy=\"strict-origin-when-cross-origin\" allowfullscreen><\/iframe>\n<\/div><\/figure>\n\n\n\n<h3 class=\"wp-block-heading\" id=\"h-wie-lange-dauert-es-denn-bis-du-mit-einer-gitarre-fertig-bist\">Wie lange dauert es denn, bis du mit einer Gitarre fertig bist?<\/h3>\n\n\n\n<p>Das h\u00e4ngt nat\u00fcrlich von der Bauweise ab, aber generell ben\u00f6tigt man pro Instrument rund einen Monat reine Arbeitszeit.&nbsp;<\/p>\n\n\n\n<h3 class=\"wp-block-heading\" id=\"h-wo-wir-schon-beim-stichwort-sind-was-unterscheidet-denn-deine-rein-per-hand-gefertigten-instrumente-von-industriell-gefertigten-gitarren\">Wo wir schon beim Stichwort sind. Was unterscheidet denn deine rein per Hand gefertigten Instrumente von industriell gefertigten Gitarren? <\/h3>\n\n\n\n<p>Das ist eine ganz andere handwerkliche Qualit\u00e4t und auch nicht zu vergleichen. Ich nehme jedes St\u00fcck Holz in die Hand, schaue mir an, wie gut es gewachsen ist und verwende nur exzellentes Material. So kann ich auf das Holz reagieren und je nachdem was ich sehe, individuell bauen. Industriell gefertigte Gitarren verwenden immer das gleiche Ma\u00df und die Qualit\u00e4t des Holzes und dessen Verarbeitung ist auch oft nicht gegeben. Ich versuche ein Maximum an (Klang)Qualit\u00e4t zu erreichen. Nicht zuletzt beim Setup des fertigen St\u00fccks.&nbsp;<\/p>\n\n\n\n<h3 class=\"wp-block-heading\" id=\"h-welches-holz-verwendest-du-denn-f-r-deine-instrumente\">Welches Holz verwendest du denn f\u00fcr deine Instrumente?<\/h3>\n\n\n\n<p>Ich versuche, so gut es geht regionale, heimische H\u00f6lzer zu verwenden. Die Decke, als Resonanzholz, wird aus Fichte gemacht. F\u00fcr Boden, H\u00e4lse und Zargen nimmt man Harth\u00f6lzer wie Ahorn, Walnuss und auch alle Obsth\u00f6lzer. Nur beim Griffbrett, das besonders hart und langlebig sein soll, kommen tropische H\u00f6lzer wie Palisander, zum Einsatz.&nbsp;<\/p>\n\n\n\n<figure class=\"wp-block-image size-full is-resized\"><img loading=\"lazy\" decoding=\"async\" src=\"https:\/\/www.salzburgerland.com\/de\/magazin\/wp-content\/uploads\/2022\/02\/werkstatt_makeart_print_012-scaled.jpg\" alt=\"Zw\u00f6lf Gitarren von einem gelernten Gitarrenbauer h\u00e4ngen \u00fcber Holzb\u00e4nken in einem gem\u00fctlichen Raum mit Pflanzen und einem Fenster.\" class=\"wp-image-160398\" width=\"840\" height=\"560\" srcset=\"https:\/\/www.salzburgerland.com\/de\/magazin\/wp-content\/uploads\/2022\/02\/werkstatt_makeart_print_012-scaled.jpg 2560w, https:\/\/www.salzburgerland.com\/de\/magazin\/wp-content\/uploads\/2022\/02\/werkstatt_makeart_print_012-300x200.jpg 300w, https:\/\/www.salzburgerland.com\/de\/magazin\/wp-content\/uploads\/2022\/02\/werkstatt_makeart_print_012-1536x1024.jpg 1536w, https:\/\/www.salzburgerland.com\/de\/magazin\/wp-content\/uploads\/2022\/02\/werkstatt_makeart_print_012-2048x1365.jpg 2048w, https:\/\/www.salzburgerland.com\/de\/magazin\/wp-content\/uploads\/2022\/02\/werkstatt_makeart_print_012-825x550.jpg 825w, https:\/\/www.salzburgerland.com\/de\/magazin\/wp-content\/uploads\/2022\/02\/werkstatt_makeart_print_012-600x400.jpg 600w, https:\/\/www.salzburgerland.com\/de\/magazin\/wp-content\/uploads\/2022\/02\/werkstatt_makeart_print_012-1320x880.jpg 1320w, https:\/\/www.salzburgerland.com\/de\/magazin\/wp-content\/uploads\/2022\/02\/werkstatt_makeart_print_012-150x100.jpg 150w\" sizes=\"auto, (max-width: 840px) 100vw, 840px\" \/><figcaption><a href=\"https:\/\/www.instagram.com\/makeart_studio_\/\">@makeart_studio_<\/a><\/figcaption><\/figure>\n\n\n\n<h3 class=\"wp-block-heading\" id=\"h-ich-habe-irgendwo-einmal-gelesen-dass-deine-instrumente-die-generationen-berdauern-sollen\">Ich habe irgendwo einmal gelesen, dass deine Instrumente die Generationen \u00fcberdauern sollen.&nbsp;<\/h3>\n\n\n\n<p>Es ist mein Ziel, dass meine Gitarren weitergegeben werden und dass mein Werk mich so \u00fcberlebt.&nbsp;<\/p>\n\n\n\n<h3 class=\"wp-block-heading\" id=\"h-kommen-wir-noch-einmal-in-die-werkstatt-zur-ck-wie-setzt-sich-denn-dein-arbeitsalltag-zusammen\">Kommen wir noch einmal in die Werkstatt zur\u00fcck. Wie setzt sich denn dein Arbeitsalltag zusammen?<\/h3>\n\n\n\n<p>40 Prozent sind Neubau von Instrumenten nach individuellen Kundenw\u00fcnschen. 40 Prozent sind Reparatur von \u00e4lteren St\u00fccken und 20 Prozent ist der Handel mit anderen Gitarren. Diese stammen zwar nicht aus meiner Werkstatt, ich lege trotzdem gro\u00dfen Wert auf die Qualit\u00e4t dieser Instrumente.&nbsp;<\/p>\n\n\n\n<h3 class=\"wp-block-heading\" id=\"h-was-machst-du-wenn-du-nicht-in-der-werkstatt-bist\">Was machst du, wenn du nicht in der Werkstatt bist?<\/h3>\n\n\n\n<p>Nat\u00fcrlich liegt es in der Natur von uns Selbst\u00e4ndigen, ziemlich viel zu arbeiten. Trotzdem schaue ich, dass ich viel mit meiner Familie unternehme. Und ich liebe es auch zu reisen. Da hole ich mir dann Inspiration f\u00fcr mein Schaffen. Die gr\u00f6\u00dfte Inspiration neben der Natur.&nbsp;<\/p>\n\n\n\n<h3 class=\"wp-block-heading\" id=\"h-gerhard-alles-gute-und-danke-f-r-das-tolle-inspirierende-gespr-ch\">Gerhard, alles Gute und Danke f\u00fcr das tolle, inspirierende Gespr\u00e4ch.&nbsp;<\/h3>\n\n\n\n<p><a href=\"https:\/\/www.schoeppmusic.at\" target=\"_blank\" rel=\"noreferrer noopener\">Informationen zu Gerhard Sch\u00f6pp Music<\/a><br><\/p>\n\n\n\n\n\n<p><\/p>\n","protected":false},"excerpt":{"rendered":"<p>Es gibt Menschen, die brennen f\u00fcr das, was sie tun. Das sp\u00fcrt man. Man h\u00f6rt ihnen gerne zu, ist selbst inspiriert von all dem Elan und die Zeit mit ihnen verfliegt wie im Flug. Gerhard Sch\u00f6pp ist einer von ihnen. Seit 2018 baut der Pinzgauer Gitarren und andere Seiteninstrumente in Zell am See und hat [&hellip;]<\/p>\n","protected":false},"author":505,"featured_media":160411,"comment_status":"closed","ping_status":"closed","sticky":false,"template":"","format":"standard","meta":{"_acf_changed":false,"wl_entities_gutenberg":"","_wl_entity_redirect_enabled":"","footnotes":""},"categories":[6],"tags":[],"wl_entity_type":[306],"monatsauswahl":[82,83,84,85,86,87,88,89,90,91,92,93],"class_list":["post-160386","post","type-post","status-publish","format-standard","has-post-thumbnail","hentry","category-kunst-kultur","wl_entity_type-article","monatsauswahl-monat_1","monatsauswahl-monat_2","monatsauswahl-monat_3","monatsauswahl-monat_4","monatsauswahl-monat_5","monatsauswahl-monat_6","monatsauswahl-monat_7","monatsauswahl-monat_8","monatsauswahl-monat_9","monatsauswahl-monat_10","monatsauswahl-monat_11","monatsauswahl-monat_12"],"acf":[],"yoast_head":"<!-- This site is optimized with the Yoast SEO Premium plugin v27.4 (Yoast SEO v27.4) - https:\/\/yoast.com\/product\/yoast-seo-premium-wordpress\/ -->\n<title>Gerhard Sch\u00f6pp - der Gitarrenbauer aus Zell am See<\/title>\n<meta name=\"description\" content=\"Gerhard Sch\u00f6pp ist Gitarrenbauer aus Leidenschaft. Im Interview erz\u00e4hlt er uns aus seinem Leben von seiner Berufung\" \/>\n<meta name=\"robots\" content=\"index, follow, max-snippet:-1, max-image-preview:large, max-video-preview:-1\" \/>\n<link rel=\"canonical\" href=\"https:\/\/www.salzburgerland.com\/de\/magazin\/instrumente-mit-herz-und-seele\/\" \/>\n<meta property=\"og:locale\" content=\"de_DE\" \/>\n<meta property=\"og:type\" content=\"article\" \/>\n<meta property=\"og:title\" content=\"Instrumente mit Herz und Seele\" \/>\n<meta property=\"og:description\" content=\"Gerhard Sch\u00f6pp ist Gitarrenbauer aus Leidenschaft. Im Interview erz\u00e4hlt er uns aus seinem Leben von seiner Berufung\" \/>\n<meta property=\"og:url\" content=\"https:\/\/www.salzburgerland.com\/de\/magazin\/instrumente-mit-herz-und-seele\/\" \/>\n<meta property=\"og:site_name\" content=\"SalzburgerLand Magazin\" \/>\n<meta property=\"article:publisher\" content=\"https:\/\/www.facebook.com\/salzburgerland\/\" \/>\n<meta property=\"article:published_time\" content=\"2022-03-03T07:00:00+00:00\" \/>\n<meta property=\"article:modified_time\" content=\"2022-03-07T10:16:31+00:00\" \/>\n<meta property=\"og:image\" content=\"https:\/\/www.salzburgerland.com\/de\/magazin\/wp-content\/uploads\/2022\/02\/20210202_schoepp_makeartOG_print021-scaled.jpg\" \/>\n\t<meta property=\"og:image:width\" content=\"2560\" \/>\n\t<meta property=\"og:image:height\" content=\"1440\" \/>\n\t<meta property=\"og:image:type\" content=\"image\/jpeg\" \/>\n<meta name=\"author\" content=\"Peter Zeitlhofer\" \/>\n<meta name=\"twitter:card\" content=\"summary_large_image\" \/>\n<meta name=\"twitter:creator\" content=\"@Salzburgerland\" \/>\n<meta name=\"twitter:site\" content=\"@Salzburgerland\" \/>\n<meta name=\"twitter:label1\" content=\"Verfasst von\" \/>\n\t<meta name=\"twitter:data1\" content=\"Peter Zeitlhofer\" \/>\n\t<meta name=\"twitter:label2\" content=\"Gesch\u00e4tzte Lesezeit\" \/>\n\t<meta name=\"twitter:data2\" content=\"5\u00a0Minuten\" \/>\n<script type=\"application\/ld+json\" class=\"yoast-schema-graph\">{\"@context\":\"https:\\\/\\\/schema.org\",\"@graph\":[{\"@type\":\"Article\",\"@id\":\"https:\\\/\\\/www.salzburgerland.com\\\/de\\\/magazin\\\/instrumente-mit-herz-und-seele\\\/#article\",\"isPartOf\":{\"@id\":\"https:\\\/\\\/www.salzburgerland.com\\\/de\\\/magazin\\\/instrumente-mit-herz-und-seele\\\/\"},\"author\":{\"name\":\"Peter Zeitlhofer\",\"@id\":\"https:\\\/\\\/www.salzburgerland.com\\\/de\\\/magazin\\\/#\\\/schema\\\/person\\\/ebd2c9f244aeea71e30f3b5d5e309de4\"},\"headline\":\"Instrumente mit Herz und Seele\",\"datePublished\":\"2022-03-03T07:00:00+00:00\",\"dateModified\":\"2022-03-07T10:16:31+00:00\",\"mainEntityOfPage\":{\"@id\":\"https:\\\/\\\/www.salzburgerland.com\\\/de\\\/magazin\\\/instrumente-mit-herz-und-seele\\\/\"},\"wordCount\":941,\"publisher\":{\"@id\":\"https:\\\/\\\/www.salzburgerland.com\\\/de\\\/magazin\\\/#organization\"},\"image\":{\"@id\":\"https:\\\/\\\/www.salzburgerland.com\\\/de\\\/magazin\\\/instrumente-mit-herz-und-seele\\\/#primaryimage\"},\"thumbnailUrl\":\"https:\\\/\\\/www.salzburgerland.com\\\/de\\\/magazin\\\/wp-content\\\/uploads\\\/2022\\\/02\\\/20210202_schoepp_makeartOG_print021-scaled.jpg\",\"articleSection\":[\"Kunst &amp; Kultur\"],\"inLanguage\":\"de\"},{\"@type\":\"WebPage\",\"@id\":\"https:\\\/\\\/www.salzburgerland.com\\\/de\\\/magazin\\\/instrumente-mit-herz-und-seele\\\/\",\"url\":\"https:\\\/\\\/www.salzburgerland.com\\\/de\\\/magazin\\\/instrumente-mit-herz-und-seele\\\/\",\"name\":\"Gerhard Sch\u00f6pp - der Gitarrenbauer aus Zell am See\",\"isPartOf\":{\"@id\":\"https:\\\/\\\/www.salzburgerland.com\\\/de\\\/magazin\\\/#website\"},\"primaryImageOfPage\":{\"@id\":\"https:\\\/\\\/www.salzburgerland.com\\\/de\\\/magazin\\\/instrumente-mit-herz-und-seele\\\/#primaryimage\"},\"image\":{\"@id\":\"https:\\\/\\\/www.salzburgerland.com\\\/de\\\/magazin\\\/instrumente-mit-herz-und-seele\\\/#primaryimage\"},\"thumbnailUrl\":\"https:\\\/\\\/www.salzburgerland.com\\\/de\\\/magazin\\\/wp-content\\\/uploads\\\/2022\\\/02\\\/20210202_schoepp_makeartOG_print021-scaled.jpg\",\"datePublished\":\"2022-03-03T07:00:00+00:00\",\"dateModified\":\"2022-03-07T10:16:31+00:00\",\"description\":\"Gerhard Sch\u00f6pp ist Gitarrenbauer aus Leidenschaft. Im Interview erz\u00e4hlt er uns aus seinem Leben von seiner Berufung\",\"breadcrumb\":{\"@id\":\"https:\\\/\\\/www.salzburgerland.com\\\/de\\\/magazin\\\/instrumente-mit-herz-und-seele\\\/#breadcrumb\"},\"inLanguage\":\"de\",\"potentialAction\":[{\"@type\":\"ReadAction\",\"target\":[\"https:\\\/\\\/www.salzburgerland.com\\\/de\\\/magazin\\\/instrumente-mit-herz-und-seele\\\/\"]}]},{\"@type\":\"ImageObject\",\"inLanguage\":\"de\",\"@id\":\"https:\\\/\\\/www.salzburgerland.com\\\/de\\\/magazin\\\/instrumente-mit-herz-und-seele\\\/#primaryimage\",\"url\":\"https:\\\/\\\/www.salzburgerland.com\\\/de\\\/magazin\\\/wp-content\\\/uploads\\\/2022\\\/02\\\/20210202_schoepp_makeartOG_print021-scaled.jpg\",\"contentUrl\":\"https:\\\/\\\/www.salzburgerland.com\\\/de\\\/magazin\\\/wp-content\\\/uploads\\\/2022\\\/02\\\/20210202_schoepp_makeartOG_print021-scaled.jpg\",\"width\":2560,\"height\":1440,\"caption\":\"Ein Gitarrenbauer mit Brille bearbeitet ein Holzinstrument unter einer Lampe in einer schwach beleuchteten Werkstatt.\"},{\"@type\":\"BreadcrumbList\",\"@id\":\"https:\\\/\\\/www.salzburgerland.com\\\/de\\\/magazin\\\/instrumente-mit-herz-und-seele\\\/#breadcrumb\",\"itemListElement\":[{\"@type\":\"ListItem\",\"position\":1,\"name\":\"Startseite\",\"item\":\"https:\\\/\\\/www.salzburgerland.com\\\/de\\\/magazin\\\/\"},{\"@type\":\"ListItem\",\"position\":2,\"name\":\"Kunst &amp; Kultur\",\"item\":\"https:\\\/\\\/www.salzburgerland.com\\\/de\\\/magazin\\\/thema\\\/kunst-kultur\\\/\"},{\"@type\":\"ListItem\",\"position\":3,\"name\":\"Instrumente mit Herz und Seele\"}]},{\"@type\":\"WebSite\",\"@id\":\"https:\\\/\\\/www.salzburgerland.com\\\/de\\\/magazin\\\/#website\",\"url\":\"https:\\\/\\\/www.salzburgerland.com\\\/de\\\/magazin\\\/\",\"name\":\"SalzburgerLand Magazin\",\"description\":\"Geschichten und Interessantes aus dem SalzburgerLand\",\"publisher\":{\"@id\":\"https:\\\/\\\/www.salzburgerland.com\\\/de\\\/magazin\\\/#organization\"},\"potentialAction\":[{\"@type\":\"SearchAction\",\"target\":{\"@type\":\"EntryPoint\",\"urlTemplate\":\"https:\\\/\\\/www.salzburgerland.com\\\/de\\\/magazin\\\/?s={search_term_string}\"},\"query-input\":{\"@type\":\"PropertyValueSpecification\",\"valueRequired\":true,\"valueName\":\"search_term_string\"}}],\"inLanguage\":\"de\"},{\"@type\":\"Organization\",\"@id\":\"https:\\\/\\\/www.salzburgerland.com\\\/de\\\/magazin\\\/#organization\",\"name\":\"SalzburgerLand Tourismus\",\"url\":\"https:\\\/\\\/www.salzburgerland.com\\\/de\\\/magazin\\\/\",\"logo\":{\"@type\":\"ImageObject\",\"inLanguage\":\"de\",\"@id\":\"https:\\\/\\\/www.salzburgerland.com\\\/de\\\/magazin\\\/#\\\/schema\\\/logo\\\/image\\\/\",\"url\":\"https:\\\/\\\/www.salzburgerland.com\\\/de\\\/magazin\\\/wp-content\\\/uploads\\\/2019\\\/06\\\/salzburgerland-logo1.jpg\",\"contentUrl\":\"https:\\\/\\\/www.salzburgerland.com\\\/de\\\/magazin\\\/wp-content\\\/uploads\\\/2019\\\/06\\\/salzburgerland-logo1.jpg\",\"width\":2011,\"height\":866,\"caption\":\"SalzburgerLand Tourismus\"},\"image\":{\"@id\":\"https:\\\/\\\/www.salzburgerland.com\\\/de\\\/magazin\\\/#\\\/schema\\\/logo\\\/image\\\/\"},\"sameAs\":[\"https:\\\/\\\/www.facebook.com\\\/salzburgerland\\\/\",\"https:\\\/\\\/x.com\\\/Salzburgerland\",\"https:\\\/\\\/www.instagram.com\\\/salzburgerland\\\/\",\"https:\\\/\\\/at.linkedin.com\\\/company\\\/salzburgerland-tourismus-gmbh\",\"https:\\\/\\\/www.pinterest.at\\\/salzburgerland\\\/\",\"https:\\\/\\\/www.youtube.com\\\/user\\\/salzburgerland\",\"https:\\\/\\\/de.wikipedia.org\\\/wiki\\\/SalzburgerLand_Tourismus_GmbH\"]},{\"@type\":\"Person\",\"@id\":\"https:\\\/\\\/www.salzburgerland.com\\\/de\\\/magazin\\\/#\\\/schema\\\/person\\\/ebd2c9f244aeea71e30f3b5d5e309de4\",\"name\":\"Peter Zeitlhofer\",\"description\":\"'Von Neugier getrieben' - diese Worte kommen Peter Zeitlhofer wohl schon ziemlich nahe. Egal ob am Segelboot, im Tiefschnee, unterwegs in Stadt und Land, oder auf einer seinen vielen Reisen - er ist immer auf der Suche nach Neuem, nach dem Besonderen, probiert so ziemlich alles aus und liebt es, dar\u00fcber zu reden und zu berichten. Womit man auch schon fast bei seiner zweiten Leidenschaft w\u00e4re - dem Schreiben. Immer und \u00fcberall ausgestattet\u00a0mit seinem Notebook, hat der Salzburger, mit Wurzeln am Attersee, sein Office\u00a0im wahrsten Sinne des Wortes unterm Arm und k\u00f6nnte sich nichts besseres vorstellen, als die Geschichten dort zu erz\u00e4hlen, wo sie passieren. Fr\u00fchling, Sommer, Herbst oder Winter? Als Mensch der Extreme, mag ich auch bei den Jahreszeiten den Sommer und den Winter am liebsten. Obwohl nat\u00fcrlich auch der Fr\u00fchling seine Reize hat. Aber der Herbst? Rindsroulade vom Pinzgauer Biorind oder Saibling fangfrisch aus dem Fuschlsee? Immer diese Entscheidungen! Kann ich auch beides haben? Mundharmonika oder Stradivari? Weder noch - als Gitarrist k\u00f6nnte ich mit beiden Instrumenten nichts anfangen. Lederhose oder Smoking? Eindeutig Lederhose, die bei mir mittlerweile sogar den Einzug in den sommerlichen Alltag gefunden hat. Und der LederhosnDonnerstag ist \u00a0ohnehin Pflicht. Alpinski, Offpist oder Skitour? Hauptsache rauf auf den Berg! Was dann tats\u00e4chlich auf dem Programm steht ist zweitrangig. Nur so viel: wenn der Schnee passt, dann h\u00e4lt mich nichts oder niemand auf der Piste. Bergtour oder Seentour? F\u00fcr mich gibt es im Sommer nichts Sch\u00f6neres, als mit dem Segelboot auf unseren herrlichen Seen unterwegs zu sein. Also wenn ich die Wahl habe, dann nehme ich im Sommer die Berge h\u00f6chstens als Kulisse. Haubenlokal oder Ab-Hof-Laden? Auch hier nehme ich von beidem ein bisschen. Aber bei der Oma schmeckt's dann doch am besten.\",\"url\":\"https:\\\/\\\/www.salzburgerland.com\\\/de\\\/magazin\\\/author\\\/peter-zeitlhofer\\\/\"}]}<\/script>\n<meta property=\"og:video\" content=\"https:\/\/www.youtube.com\/embed\/L0DxIbobgzU\" \/>\n<meta property=\"og:video:type\" content=\"text\/html\" \/>\n<meta property=\"og:video:duration\" content=\"465\" \/>\n<meta property=\"og:video:width\" content=\"480\" \/>\n<meta property=\"og:video:height\" content=\"270\" \/>\n<meta property=\"ya:ovs:adult\" content=\"false\" \/>\n<meta property=\"ya:ovs:upload_date\" content=\"2022-03-03T07:00:00+00:00\" \/>\n<meta property=\"ya:ovs:allow_embed\" content=\"true\" \/>\n<!-- \/ Yoast SEO Premium plugin. -->","yoast_head_json":{"title":"Gerhard Sch\u00f6pp - der Gitarrenbauer aus Zell am See","description":"Gerhard Sch\u00f6pp ist Gitarrenbauer aus Leidenschaft. Im Interview erz\u00e4hlt er uns aus seinem Leben von seiner Berufung","robots":{"index":"index","follow":"follow","max-snippet":"max-snippet:-1","max-image-preview":"max-image-preview:large","max-video-preview":"max-video-preview:-1"},"canonical":"https:\/\/www.salzburgerland.com\/de\/magazin\/instrumente-mit-herz-und-seele\/","og_locale":"de_DE","og_type":"article","og_title":"Instrumente mit Herz und Seele","og_description":"Gerhard Sch\u00f6pp ist Gitarrenbauer aus Leidenschaft. Im Interview erz\u00e4hlt er uns aus seinem Leben von seiner Berufung","og_url":"https:\/\/www.salzburgerland.com\/de\/magazin\/instrumente-mit-herz-und-seele\/","og_site_name":"SalzburgerLand Magazin","article_publisher":"https:\/\/www.facebook.com\/salzburgerland\/","article_published_time":"2022-03-03T07:00:00+00:00","article_modified_time":"2022-03-07T10:16:31+00:00","og_image":[{"width":2560,"height":1440,"url":"https:\/\/www.salzburgerland.com\/de\/magazin\/wp-content\/uploads\/2022\/02\/20210202_schoepp_makeartOG_print021-scaled.jpg","type":"image\/jpeg"}],"author":"Peter Zeitlhofer","twitter_card":"summary_large_image","twitter_creator":"@Salzburgerland","twitter_site":"@Salzburgerland","twitter_misc":{"Verfasst von":"Peter Zeitlhofer","Gesch\u00e4tzte Lesezeit":"5\u00a0Minuten"},"schema":{"@context":"https:\/\/schema.org","@graph":[{"@type":"Article","@id":"https:\/\/www.salzburgerland.com\/de\/magazin\/instrumente-mit-herz-und-seele\/#article","isPartOf":{"@id":"https:\/\/www.salzburgerland.com\/de\/magazin\/instrumente-mit-herz-und-seele\/"},"author":{"name":"Peter Zeitlhofer","@id":"https:\/\/www.salzburgerland.com\/de\/magazin\/#\/schema\/person\/ebd2c9f244aeea71e30f3b5d5e309de4"},"headline":"Instrumente mit Herz und Seele","datePublished":"2022-03-03T07:00:00+00:00","dateModified":"2022-03-07T10:16:31+00:00","mainEntityOfPage":{"@id":"https:\/\/www.salzburgerland.com\/de\/magazin\/instrumente-mit-herz-und-seele\/"},"wordCount":941,"publisher":{"@id":"https:\/\/www.salzburgerland.com\/de\/magazin\/#organization"},"image":{"@id":"https:\/\/www.salzburgerland.com\/de\/magazin\/instrumente-mit-herz-und-seele\/#primaryimage"},"thumbnailUrl":"https:\/\/www.salzburgerland.com\/de\/magazin\/wp-content\/uploads\/2022\/02\/20210202_schoepp_makeartOG_print021-scaled.jpg","articleSection":["Kunst &amp; Kultur"],"inLanguage":"de"},{"@type":"WebPage","@id":"https:\/\/www.salzburgerland.com\/de\/magazin\/instrumente-mit-herz-und-seele\/","url":"https:\/\/www.salzburgerland.com\/de\/magazin\/instrumente-mit-herz-und-seele\/","name":"Gerhard Sch\u00f6pp - der Gitarrenbauer aus Zell am See","isPartOf":{"@id":"https:\/\/www.salzburgerland.com\/de\/magazin\/#website"},"primaryImageOfPage":{"@id":"https:\/\/www.salzburgerland.com\/de\/magazin\/instrumente-mit-herz-und-seele\/#primaryimage"},"image":{"@id":"https:\/\/www.salzburgerland.com\/de\/magazin\/instrumente-mit-herz-und-seele\/#primaryimage"},"thumbnailUrl":"https:\/\/www.salzburgerland.com\/de\/magazin\/wp-content\/uploads\/2022\/02\/20210202_schoepp_makeartOG_print021-scaled.jpg","datePublished":"2022-03-03T07:00:00+00:00","dateModified":"2022-03-07T10:16:31+00:00","description":"Gerhard Sch\u00f6pp ist Gitarrenbauer aus Leidenschaft. Im Interview erz\u00e4hlt er uns aus seinem Leben von seiner Berufung","breadcrumb":{"@id":"https:\/\/www.salzburgerland.com\/de\/magazin\/instrumente-mit-herz-und-seele\/#breadcrumb"},"inLanguage":"de","potentialAction":[{"@type":"ReadAction","target":["https:\/\/www.salzburgerland.com\/de\/magazin\/instrumente-mit-herz-und-seele\/"]}]},{"@type":"ImageObject","inLanguage":"de","@id":"https:\/\/www.salzburgerland.com\/de\/magazin\/instrumente-mit-herz-und-seele\/#primaryimage","url":"https:\/\/www.salzburgerland.com\/de\/magazin\/wp-content\/uploads\/2022\/02\/20210202_schoepp_makeartOG_print021-scaled.jpg","contentUrl":"https:\/\/www.salzburgerland.com\/de\/magazin\/wp-content\/uploads\/2022\/02\/20210202_schoepp_makeartOG_print021-scaled.jpg","width":2560,"height":1440,"caption":"Ein Gitarrenbauer mit Brille bearbeitet ein Holzinstrument unter einer Lampe in einer schwach beleuchteten Werkstatt."},{"@type":"BreadcrumbList","@id":"https:\/\/www.salzburgerland.com\/de\/magazin\/instrumente-mit-herz-und-seele\/#breadcrumb","itemListElement":[{"@type":"ListItem","position":1,"name":"Startseite","item":"https:\/\/www.salzburgerland.com\/de\/magazin\/"},{"@type":"ListItem","position":2,"name":"Kunst &amp; Kultur","item":"https:\/\/www.salzburgerland.com\/de\/magazin\/thema\/kunst-kultur\/"},{"@type":"ListItem","position":3,"name":"Instrumente mit Herz und Seele"}]},{"@type":"WebSite","@id":"https:\/\/www.salzburgerland.com\/de\/magazin\/#website","url":"https:\/\/www.salzburgerland.com\/de\/magazin\/","name":"SalzburgerLand Magazin","description":"Geschichten und Interessantes aus dem SalzburgerLand","publisher":{"@id":"https:\/\/www.salzburgerland.com\/de\/magazin\/#organization"},"potentialAction":[{"@type":"SearchAction","target":{"@type":"EntryPoint","urlTemplate":"https:\/\/www.salzburgerland.com\/de\/magazin\/?s={search_term_string}"},"query-input":{"@type":"PropertyValueSpecification","valueRequired":true,"valueName":"search_term_string"}}],"inLanguage":"de"},{"@type":"Organization","@id":"https:\/\/www.salzburgerland.com\/de\/magazin\/#organization","name":"SalzburgerLand Tourismus","url":"https:\/\/www.salzburgerland.com\/de\/magazin\/","logo":{"@type":"ImageObject","inLanguage":"de","@id":"https:\/\/www.salzburgerland.com\/de\/magazin\/#\/schema\/logo\/image\/","url":"https:\/\/www.salzburgerland.com\/de\/magazin\/wp-content\/uploads\/2019\/06\/salzburgerland-logo1.jpg","contentUrl":"https:\/\/www.salzburgerland.com\/de\/magazin\/wp-content\/uploads\/2019\/06\/salzburgerland-logo1.jpg","width":2011,"height":866,"caption":"SalzburgerLand Tourismus"},"image":{"@id":"https:\/\/www.salzburgerland.com\/de\/magazin\/#\/schema\/logo\/image\/"},"sameAs":["https:\/\/www.facebook.com\/salzburgerland\/","https:\/\/x.com\/Salzburgerland","https:\/\/www.instagram.com\/salzburgerland\/","https:\/\/at.linkedin.com\/company\/salzburgerland-tourismus-gmbh","https:\/\/www.pinterest.at\/salzburgerland\/","https:\/\/www.youtube.com\/user\/salzburgerland","https:\/\/de.wikipedia.org\/wiki\/SalzburgerLand_Tourismus_GmbH"]},{"@type":"Person","@id":"https:\/\/www.salzburgerland.com\/de\/magazin\/#\/schema\/person\/ebd2c9f244aeea71e30f3b5d5e309de4","name":"Peter Zeitlhofer","description":"'Von Neugier getrieben' - diese Worte kommen Peter Zeitlhofer wohl schon ziemlich nahe. Egal ob am Segelboot, im Tiefschnee, unterwegs in Stadt und Land, oder auf einer seinen vielen Reisen - er ist immer auf der Suche nach Neuem, nach dem Besonderen, probiert so ziemlich alles aus und liebt es, dar\u00fcber zu reden und zu berichten. Womit man auch schon fast bei seiner zweiten Leidenschaft w\u00e4re - dem Schreiben. Immer und \u00fcberall ausgestattet\u00a0mit seinem Notebook, hat der Salzburger, mit Wurzeln am Attersee, sein Office\u00a0im wahrsten Sinne des Wortes unterm Arm und k\u00f6nnte sich nichts besseres vorstellen, als die Geschichten dort zu erz\u00e4hlen, wo sie passieren. Fr\u00fchling, Sommer, Herbst oder Winter? Als Mensch der Extreme, mag ich auch bei den Jahreszeiten den Sommer und den Winter am liebsten. Obwohl nat\u00fcrlich auch der Fr\u00fchling seine Reize hat. Aber der Herbst? Rindsroulade vom Pinzgauer Biorind oder Saibling fangfrisch aus dem Fuschlsee? Immer diese Entscheidungen! Kann ich auch beides haben? Mundharmonika oder Stradivari? Weder noch - als Gitarrist k\u00f6nnte ich mit beiden Instrumenten nichts anfangen. Lederhose oder Smoking? Eindeutig Lederhose, die bei mir mittlerweile sogar den Einzug in den sommerlichen Alltag gefunden hat. Und der LederhosnDonnerstag ist \u00a0ohnehin Pflicht. Alpinski, Offpist oder Skitour? Hauptsache rauf auf den Berg! Was dann tats\u00e4chlich auf dem Programm steht ist zweitrangig. Nur so viel: wenn der Schnee passt, dann h\u00e4lt mich nichts oder niemand auf der Piste. Bergtour oder Seentour? F\u00fcr mich gibt es im Sommer nichts Sch\u00f6neres, als mit dem Segelboot auf unseren herrlichen Seen unterwegs zu sein. Also wenn ich die Wahl habe, dann nehme ich im Sommer die Berge h\u00f6chstens als Kulisse. Haubenlokal oder Ab-Hof-Laden? Auch hier nehme ich von beidem ein bisschen. Aber bei der Oma schmeckt's dann doch am besten.","url":"https:\/\/www.salzburgerland.com\/de\/magazin\/author\/peter-zeitlhofer\/"}]},"og_video":"https:\/\/www.youtube.com\/embed\/L0DxIbobgzU","og_video_type":"text\/html","og_video_duration":"465","og_video_width":"480","og_video_height":"270","ya_ovs_adult":"false","ya_ovs_upload_date":"2022-03-03T07:00:00+00:00","ya_ovs_allow_embed":"true"},"_wl_alt_label":[],"wl:entity_url":"http:\/\/open.salzburgerland.com\/magazin\/post\/instrumente_mit_herz_uns_seele_2","_links":{"self":[{"href":"https:\/\/www.salzburgerland.com\/de\/magazin\/wp-json\/wp\/v2\/posts\/160386","targetHints":{"allow":["GET"]}}],"collection":[{"href":"https:\/\/www.salzburgerland.com\/de\/magazin\/wp-json\/wp\/v2\/posts"}],"about":[{"href":"https:\/\/www.salzburgerland.com\/de\/magazin\/wp-json\/wp\/v2\/types\/post"}],"author":[{"embeddable":true,"href":"https:\/\/www.salzburgerland.com\/de\/magazin\/wp-json\/wp\/v2\/users\/505"}],"replies":[{"embeddable":true,"href":"https:\/\/www.salzburgerland.com\/de\/magazin\/wp-json\/wp\/v2\/comments?post=160386"}],"version-history":[{"count":5,"href":"https:\/\/www.salzburgerland.com\/de\/magazin\/wp-json\/wp\/v2\/posts\/160386\/revisions"}],"predecessor-version":[{"id":160909,"href":"https:\/\/www.salzburgerland.com\/de\/magazin\/wp-json\/wp\/v2\/posts\/160386\/revisions\/160909"}],"wp:featuredmedia":[{"embeddable":true,"href":"https:\/\/www.salzburgerland.com\/de\/magazin\/wp-json\/wp\/v2\/media\/160411"}],"wp:attachment":[{"href":"https:\/\/www.salzburgerland.com\/de\/magazin\/wp-json\/wp\/v2\/media?parent=160386"}],"wp:term":[{"taxonomy":"category","embeddable":true,"href":"https:\/\/www.salzburgerland.com\/de\/magazin\/wp-json\/wp\/v2\/categories?post=160386"},{"taxonomy":"post_tag","embeddable":true,"href":"https:\/\/www.salzburgerland.com\/de\/magazin\/wp-json\/wp\/v2\/tags?post=160386"},{"taxonomy":"wl_entity_type","embeddable":true,"href":"https:\/\/www.salzburgerland.com\/de\/magazin\/wp-json\/wp\/v2\/wl_entity_type?post=160386"},{"taxonomy":"monatsauswahl","embeddable":true,"href":"https:\/\/www.salzburgerland.com\/de\/magazin\/wp-json\/wp\/v2\/monatsauswahl?post=160386"}],"curies":[{"name":"wp","href":"https:\/\/api.w.org\/{rel}","templated":true}]}}