{"id":160353,"date":"2022-02-16T08:00:00","date_gmt":"2022-02-16T07:00:00","guid":{"rendered":"https:\/\/www.salzburgerland.com\/de\/magazin\/?p=160353"},"modified":"2024-04-11T07:08:07","modified_gmt":"2024-04-11T05:08:07","slug":"almsinn-skitourenkurse-in-st-koloman","status":"publish","type":"post","link":"https:\/\/www.salzburgerland.com\/de\/magazin\/almsinn-skitourenkurse-in-st-koloman\/","title":{"rendered":"AlmSinn Skitourenkurse in St. Koloman"},"content":{"rendered":"\n<div class=\"wp-block-slt-top topBlocks\">\n<h2 class=\"wp-block-slt-subtitle\">Aufitretln und Abiwedln f\u00fcr Anf\u00e4nger:innen<\/h2>\n\n\n\n<p class=\"wp-block-slt-intro\">Skitourengehen boomt! Immer mehr Menschen zieht es im Winter in die Berge, um aus eigener Kraft und auf Skiern die Gipfel zu erreichen. Doch wie gelingt der Einstieg ins Tourengehen, welche Voraussetzungen muss man mitbringen und wie sieht es eigentlich mit dem Thema Sicherheit aus? Zwei leidenschaftliche Bergsportler, Martina Egger und Hans Eichholzer, haben sich dieser Fragen angenommen und nehmen Interessierte in ihren ein- bis dreit\u00e4gigen \u201aSkitourenkurse f\u00fcr Anf\u00e4nger:innen\u2018 mit auf ihre ersten Touren.<\/p>\n<\/div>\n\n\n\n<p>Aller Anfang ist schwer. Sagt zumindest der Volksmund. Dass das nicht immer stimmen muss, ja die ersten Schritte sogar richtig viel Spa\u00df machen k\u00f6nnen, zeigt sich bei den &#8218;<a href=\"https:\/\/almsinn.at\/skitouren\/\" target=\"_blank\" rel=\"noreferrer noopener\">AlmSinn<\/a> Skitourenkursen f\u00fcr Anf\u00e4nger:innen&#8216; in St. Koloman im Salzburger Tennengau. Dabei werden interessierten Menschen nicht nur unbegr\u00fcndete Bedenken genommen, sie bekommen auch einen allgemeinen Einblick in den Sport.\u00a0<em>\u201eViele unserer Kunden denken, dass sie vielleicht nicht fit genug sind. Doch alles was man k\u00f6nnen muss, ist Skifahren. Den Rest zeigen wir ihnen\u201c<\/em>, erz\u00e4hlt Martina Egger von ihren ersten Erfahrungen mit den Teilnehmer:innen ihrer Kurse. Kulinarische Gen\u00fcsse in der Tauglerei &#8211; einem Caf\u00e9 und Kraftzentrum f\u00fcr K\u00f6rper und Seele mitten in St. Kolomann &#8211; runden das Angebot ab.\u00a0\u00a0<\/p>\n\n\n\n<figure class=\"wp-block-image size-full\"><img loading=\"lazy\" decoding=\"async\" width=\"2560\" height=\"1920\" src=\"https:\/\/www.salzburgerland.com\/de\/magazin\/wp-content\/uploads\/2022\/02\/IMG_20220115_131517-scaled.jpg\" alt=\"Sechs Personen in Winterkleidung genie\u00dfen verschneite W\u00e4lder auf einem Skitourenkurs, umgeben von schneebedeckten B\u00e4umen.\" class=\"wp-image-160361\" srcset=\"https:\/\/www.salzburgerland.com\/de\/magazin\/wp-content\/uploads\/2022\/02\/IMG_20220115_131517-scaled.jpg 2560w, https:\/\/www.salzburgerland.com\/de\/magazin\/wp-content\/uploads\/2022\/02\/IMG_20220115_131517-300x225.jpg 300w, https:\/\/www.salzburgerland.com\/de\/magazin\/wp-content\/uploads\/2022\/02\/IMG_20220115_131517-1536x1152.jpg 1536w, https:\/\/www.salzburgerland.com\/de\/magazin\/wp-content\/uploads\/2022\/02\/IMG_20220115_131517-2048x1536.jpg 2048w, https:\/\/www.salzburgerland.com\/de\/magazin\/wp-content\/uploads\/2022\/02\/IMG_20220115_131517-733x550.jpg 733w, https:\/\/www.salzburgerland.com\/de\/magazin\/wp-content\/uploads\/2022\/02\/IMG_20220115_131517-140x105.jpg 140w, https:\/\/www.salzburgerland.com\/de\/magazin\/wp-content\/uploads\/2022\/02\/IMG_20220115_131517-533x400.jpg 533w, https:\/\/www.salzburgerland.com\/de\/magazin\/wp-content\/uploads\/2022\/02\/IMG_20220115_131517-960x720.jpg 960w, https:\/\/www.salzburgerland.com\/de\/magazin\/wp-content\/uploads\/2022\/02\/IMG_20220115_131517-1320x990.jpg 1320w, https:\/\/www.salzburgerland.com\/de\/magazin\/wp-content\/uploads\/2022\/02\/IMG_20220115_131517-1200x900.jpg 1200w, https:\/\/www.salzburgerland.com\/de\/magazin\/wp-content\/uploads\/2022\/02\/IMG_20220115_131517-150x113.jpg 150w\" sizes=\"auto, (max-width: 2560px) 100vw, 2560px\" \/><figcaption class=\"wp-element-caption\">  \u00a9 AlmSinn  <\/figcaption><\/figure>\n\n\n\n<blockquote class=\"wp-block-quote is-layout-flow wp-block-quote-is-layout-flow\">\n<p><em>\u201eBesonders gefallen hat uns die praktische \u00dcbung im Schnee. Die Verpflegung war auch wirklich lecker und wir h<\/em>aben den Tag genossen.\u201c <\/p>\n<cite><p>Lea, Teilnehmerin Tag 1<\/p><\/cite><\/blockquote>\n\n\n\n<h2 class=\"wp-block-heading\" id=\"h-almsinn-auch-im-winter\">AlmSinn auch im Winter<\/h2>\n\n\n\n<p>Martina liebt die Natur. Seit 2020 ist sie mit ihrem Outdoor-Erlebnis-Unternehmen AlmSinn als Bergwanderf\u00fchrerin und Kr\u00e4uterpraktikerin in den Bergen unterwegs. Den ganzen Sommer \u00fcber zeigt sie interessierten Menschen auf ihren gef\u00fchrten Kr\u00e4uterwanderungen und Wildkr\u00e4uter-Kochworkshops, welche Sch\u00e4tze die heimische Pflanzenwelt f\u00fcr uns bereit h\u00e4lt und was man alles daraus machen kann. Als begeisterte Skitourengeherin wollte sie auch im Winter den aktiven Genuss f\u00fcr die Bergwelt weitergeben. Seit J\u00e4nner 2022 h\u00e4lt sie gemeinsam mit dem Bergf\u00fchrer Hans Eichholzer aus Kuchl Skitourenkurse f\u00fcr Anf\u00e4nger:innen.&nbsp;<\/p>\n\n\n\n<p>Das Ziel der ein- bis dreit\u00e4gigen Kurse (einzeln oder im Paket buchbar) ist es, interessierte Menschen so weit in das Skitourengehen eintauchen zu lassen, dass sie sich danach auskennen und alles, was den Sport ausmacht, kennengelernt haben. \u201eSie sollen sagen k\u00f6nnen, ich bin jetzt Skitourengeher:in\u201c, lacht Martina Egger. Die Kurse beinhalten einen Einblick in die Technik, das Thema alpine Sicherheit und Lawinenkunde. Nachdem an den ersten beiden Tagen eine Mischung aus Theorie und Praxis auf dem Programm steht, geht\u2019s am dritten Tag dann hinaus auf die erste richtige Skitour.&nbsp;<\/p>\n\n\n\n<blockquote class=\"wp-block-quote is-layout-flow wp-block-quote-is-layout-flow\">\n<p>\u201eWir nahmen am Lawinenkurs von AlmSinn teil, weil wir uns einen abwechslungsreichen Tag erhofften, an dem wir uns die Lawinentheorie und auch das Verhalten im Notfall zeigen lassen wollten.&nbsp;Dieser kurzweilige und informative Tag in St. Koloman hat unsere Erwartungen mehr als erf\u00fcllt.\u201c <\/p>\n<cite>Gerda und Erika, Teilnehmer Tag <em>2<\/em><\/cite><\/blockquote>\n\n\n\n<figure class=\"wp-block-image size-full\"><img loading=\"lazy\" decoding=\"async\" width=\"2560\" height=\"1920\" src=\"https:\/\/www.salzburgerland.com\/de\/magazin\/wp-content\/uploads\/2022\/02\/copyright-AlmSinn-Martina-Egger_Pressemitteilung_Skitourenkurse-fuer-Anfaenger_211221-scaled.jpeg\" alt=\"Zwei Personen in Winterausr\u00fcstung mit Skiern, bereit f\u00fcr Skitourenkurse in einer verschneiten Berglandschaft mit Dorf und B\u00e4umen.\" class=\"wp-image-160355\" srcset=\"https:\/\/www.salzburgerland.com\/de\/magazin\/wp-content\/uploads\/2022\/02\/copyright-AlmSinn-Martina-Egger_Pressemitteilung_Skitourenkurse-fuer-Anfaenger_211221-scaled.jpeg 2560w, https:\/\/www.salzburgerland.com\/de\/magazin\/wp-content\/uploads\/2022\/02\/copyright-AlmSinn-Martina-Egger_Pressemitteilung_Skitourenkurse-fuer-Anfaenger_211221-300x225.jpeg 300w, https:\/\/www.salzburgerland.com\/de\/magazin\/wp-content\/uploads\/2022\/02\/copyright-AlmSinn-Martina-Egger_Pressemitteilung_Skitourenkurse-fuer-Anfaenger_211221-1536x1152.jpeg 1536w, https:\/\/www.salzburgerland.com\/de\/magazin\/wp-content\/uploads\/2022\/02\/copyright-AlmSinn-Martina-Egger_Pressemitteilung_Skitourenkurse-fuer-Anfaenger_211221-2048x1536.jpeg 2048w, https:\/\/www.salzburgerland.com\/de\/magazin\/wp-content\/uploads\/2022\/02\/copyright-AlmSinn-Martina-Egger_Pressemitteilung_Skitourenkurse-fuer-Anfaenger_211221-733x550.jpeg 733w, https:\/\/www.salzburgerland.com\/de\/magazin\/wp-content\/uploads\/2022\/02\/copyright-AlmSinn-Martina-Egger_Pressemitteilung_Skitourenkurse-fuer-Anfaenger_211221-140x105.jpeg 140w, https:\/\/www.salzburgerland.com\/de\/magazin\/wp-content\/uploads\/2022\/02\/copyright-AlmSinn-Martina-Egger_Pressemitteilung_Skitourenkurse-fuer-Anfaenger_211221-533x400.jpeg 533w, https:\/\/www.salzburgerland.com\/de\/magazin\/wp-content\/uploads\/2022\/02\/copyright-AlmSinn-Martina-Egger_Pressemitteilung_Skitourenkurse-fuer-Anfaenger_211221-960x720.jpeg 960w, https:\/\/www.salzburgerland.com\/de\/magazin\/wp-content\/uploads\/2022\/02\/copyright-AlmSinn-Martina-Egger_Pressemitteilung_Skitourenkurse-fuer-Anfaenger_211221-1320x990.jpeg 1320w, https:\/\/www.salzburgerland.com\/de\/magazin\/wp-content\/uploads\/2022\/02\/copyright-AlmSinn-Martina-Egger_Pressemitteilung_Skitourenkurse-fuer-Anfaenger_211221-1200x900.jpeg 1200w, https:\/\/www.salzburgerland.com\/de\/magazin\/wp-content\/uploads\/2022\/02\/copyright-AlmSinn-Martina-Egger_Pressemitteilung_Skitourenkurse-fuer-Anfaenger_211221-150x113.jpeg 150w\" sizes=\"auto, (max-width: 2560px) 100vw, 2560px\" \/><figcaption class=\"wp-element-caption\">  \u00a9 AlmSinn &#8211; Martina Egger und Hans Eichholzer bieten die AlmSinn Skitouren-Kurse f\u00fcr Anf\u00e4nger an<\/figcaption><\/figure>\n\n\n\n<h2 class=\"wp-block-heading\" id=\"h-vom-anfanger-zur-ersten-richtigen-skitour\">Vom Anf\u00e4nger zur ersten richtigen Skitour<\/h2>\n\n\n\n<p>\u201eTag 1 ist ein kompletter Anf\u00e4ngerkurs.\u201c Nachdem sich alle am Treffpunkt in der Tauglerei in St. Kolomann eingefunden haben, wird zuallererst die Ausr\u00fcstung vorgestellt und nach den Bed\u00fcrfnissen der Teilnehmer:innen ausgesucht. \u201eWie funktioniert ein Tourenski, wie werden die Felle aufgezogen und wie stelle ich den Schuh f\u00fcr die Abfahrt ein \u2013 alles Dinge, die f\u00fcr Anf\u00e4nger:innen nicht selbstverst\u00e4ndlich sind\u201c, erz\u00e4hlt Martina vom Ablauf des ersten Tages. Danach geht es auch schon hinaus in die Natur und die ersten 300 bis 400 H\u00f6henmeter werden auf Tourenskiern zur\u00fcckgelegt. F\u00fcr die notwendige St\u00e4rkung der Sportler:innen sorgt an den ersten beiden Tagen die Tauglerei mit einem speziell zusammengestellten Skitourenmen\u00fc nach Ayurveda. Inklusive Kaffee und hausgemachtem Kuchen.&nbsp;&nbsp;<\/p>\n\n\n\n<h2 class=\"wp-block-heading\" id=\"h-der-richtige-umgang-mit-dem-lvs-gerat\">Der richtige Umgang mit dem LVS-Ger\u00e4t<\/h2>\n\n\n\n<p>Der zweite Tag steht ganz im Zeichen von alpiner Sicherheit und Lawinenkunde. \u201eBeim Skitourengehen sicherlich das allerwichtigste Thema. Wie ist die Schneedecke aufgebaut, wie ist das Gel\u00e4nde einzusch\u00e4tzen, wie plant man eine Tour richtig unter Einbeziehung der Wetterlage und wie verhalte ich mich im Notfall.\u201c Danach geht es wieder hinaus in den Schnee, wo \u00dcbungen mit dem Lawinenversch\u00fcttetensuchger\u00e4t, kurz LVS-Ger\u00e4t genannt, gemacht werden. \u201eDas machen wir auf Zeit, damit man erahnen kann, wie stressig es werden kann, wenn es wirklich darauf ankommt und um Menschenleben geht! Schaufel raus, Sonde raus \u2013 da vergeht die Zeit wirklich schnell. Das muss intensiv ge\u00fcbt werden. Auch nach Abschluss unseres Kurses.\u201c<\/p>\n\n\n\n<p>Am dritten Tag geht\u2019s dann hinauf auf den nahen Trattberg zur ersten richtigen Skitour. Auch hier liegt der Fokus auf dem Thema Sicherheit. Es geht um Aufstiegs- und Abfahrtstechnik ebenso, wie um das Einsch\u00e4tzen des Wetters und die Einteilung der eigenen Kr\u00e4fte. Zu guter Letzt steht eine Einkehr in der beliebten Enzianh\u00fctte auf dem Programm.&nbsp;<\/p>\n\n\n<div class=\"mag-gallery\"><div class=\"row\"><div class=\"col-6 col-sm-4\"><figure><a class=\"thumb-container\" href=\"https:\/\/www.salzburgerland.com\/de\/magazin\/wp-content\/uploads\/2022\/02\/IMG_20220116_104503-1280x1024.jpg\">\t<picture><source media=\"(min-width: 576px)\" srcset=\"\"><\/source><source media=\"(min-width: 0)\" srcset=\"https:\/\/www.salzburgerland.com\/de\/magazin\/wp-content\/uploads\/2022\/02\/IMG_20220116_104503-scaled.jpg 1920w, https:\/\/www.salzburgerland.com\/de\/magazin\/wp-content\/uploads\/2022\/02\/IMG_20220116_104503-225x300.jpg 225w, https:\/\/www.salzburgerland.com\/de\/magazin\/wp-content\/uploads\/2022\/02\/IMG_20220116_104503-1152x1536.jpg 1152w, https:\/\/www.salzburgerland.com\/de\/magazin\/wp-content\/uploads\/2022\/02\/IMG_20220116_104503-1536x2048.jpg 1536w, https:\/\/www.salzburgerland.com\/de\/magazin\/wp-content\/uploads\/2022\/02\/IMG_20220116_104503-413x550.jpg 413w, https:\/\/www.salzburgerland.com\/de\/magazin\/wp-content\/uploads\/2022\/02\/IMG_20220116_104503-300x400.jpg 300w, https:\/\/www.salzburgerland.com\/de\/magazin\/wp-content\/uploads\/2022\/02\/IMG_20220116_104503-1320x1760.jpg 1320w, https:\/\/www.salzburgerland.com\/de\/magazin\/wp-content\/uploads\/2022\/02\/IMG_20220116_104503-640x853.jpg 640w, https:\/\/www.salzburgerland.com\/de\/magazin\/wp-content\/uploads\/2022\/02\/IMG_20220116_104503-150x200.jpg 150w\"><\/source><img decoding=\"async\" alt=\"Drei Personen in Winterkleidung genie&szlig;en Skitourenkurse, w&auml;hrend sie auf einem verschneiten Berg unter einem klaren blauen Himmel bergauf fahren.\" src=\"https:\/\/www.salzburgerland.com\/de\/magazin\/wp-content\/uploads\/2022\/02\/IMG_20220116_104503-scaled.jpg\">\t<\/picture><\/a><\/figure><\/div><div class=\"col-6 col-sm-4\"><figure><a class=\"thumb-container\" href=\"https:\/\/www.salzburgerland.com\/de\/magazin\/wp-content\/uploads\/2022\/02\/IMG_20220115_123717-1280x1024.jpg\">\t<picture><source media=\"(min-width: 576px)\" srcset=\"https:\/\/www.salzburgerland.com\/de\/magazin\/wp-content\/uploads\/2022\/02\/IMG_20220115_123717-325x209.jpg 325w, https:\/\/www.salzburgerland.com\/de\/magazin\/wp-content\/uploads\/2022\/02\/IMG_20220115_123717-249x160.jpg 249w\"><\/source><source media=\"(min-width: 0)\" srcset=\"https:\/\/www.salzburgerland.com\/de\/magazin\/wp-content\/uploads\/2022\/02\/IMG_20220115_123717-249x160.jpg 249w, https:\/\/www.salzburgerland.com\/de\/magazin\/wp-content\/uploads\/2022\/02\/IMG_20220115_123717-325x209.jpg 325w\"><\/source><img decoding=\"async\" alt=\"Zwei Personen in Winterkleidung besuchen Skitourenkurse, graben und stehen im tiefen Schnee in der N&auml;he von B&auml;umen.\" src=\"https:\/\/www.salzburgerland.com\/de\/magazin\/wp-content\/uploads\/2022\/02\/IMG_20220115_123717-scaled.jpg\">\t<\/picture><\/a><\/figure><\/div><div class=\"col-6 col-sm-4\"><figure><a class=\"thumb-container\" href=\"https:\/\/www.salzburgerland.com\/de\/magazin\/wp-content\/uploads\/2022\/02\/IMG_20220116_122408-1280x1024.jpg\">\t<picture><source media=\"(min-width: 576px)\" srcset=\"https:\/\/www.salzburgerland.com\/de\/magazin\/wp-content\/uploads\/2022\/02\/IMG_20220116_122408-325x209.jpg 325w, https:\/\/www.salzburgerland.com\/de\/magazin\/wp-content\/uploads\/2022\/02\/IMG_20220116_122408-249x160.jpg 249w\"><\/source><source media=\"(min-width: 0)\" srcset=\"https:\/\/www.salzburgerland.com\/de\/magazin\/wp-content\/uploads\/2022\/02\/IMG_20220116_122408-249x160.jpg 249w, https:\/\/www.salzburgerland.com\/de\/magazin\/wp-content\/uploads\/2022\/02\/IMG_20220116_122408-325x209.jpg 325w\"><\/source><img decoding=\"async\" alt=\"Drei Personen in Winterkleidung auf einer verschneiten Piste w&auml;hrend eines Skitourenkurses, im Hintergrund die Berge.\" src=\"https:\/\/www.salzburgerland.com\/de\/magazin\/wp-content\/uploads\/2022\/02\/IMG_20220116_122408-scaled.jpg\">\t<\/picture><\/a><\/figure><\/div><\/div><figcaption> &copy; AlmSinn <\/figcaption><\/div>\n\n\n\n<blockquote class=\"wp-block-quote is-layout-flow wp-block-quote-is-layout-flow\">\n<p>\u201eEinen netten Ausklang fand die Tour bei Kaffee und leckerem Kuchen in der Tauglerei, wo wir zum Abschied auch noch eine kleine \u00dcberraschung erhielten. Alles in allem k\u00f6nnen wir das Angebot nur weiterempfehlen.\u201c<\/p>\n<cite>Katharina und Georg, Teilnehmer Tag 2<\/cite><\/blockquote>\n\n\n\n<h2 class=\"wp-block-heading\" id=\"h-der-perfekte-start\">Der perfekte Start<\/h2>\n\n\n\n<p>Die Kurse finden jedes Jahr J\u00e4nner bis M\u00e4rz statt. Die genauen Termine finden Sie auf <a href=\"https:\/\/almsinn.at\/skitouren\/\" target=\"_blank\" rel=\"noreferrer noopener\">der offiziellen Website<\/a>. Sie richten sich an all jene, die gerne in der Natur unterwegs sind und den Reiz des Skitourengehens einmal ausprobieren m\u00f6chten. Alter und k\u00f6rperliche Fitness spielen dabei ebenso wenig eine Rolle, wie Vorkenntnisse im Sport. \u201eSkitourengehen ist ein Genuss weit abseits der gerade zu Ferienzeiten belebten Skigebiete. So etwas gibt es in St. Koloman nicht. Ein echter Geheimtipp f\u00fcr den Einstieg ins Tourengehen\u201c, so Martina Egger.&nbsp;<\/p>\n\n\n\n<p>Und wann wagen Sie Ihre erste AlmSinn-Tour?<\/p>\n\n\n\n<p>Die AlmSinn-Kurse sind online buchbar als Ticket oder als Geschenkgutschein. Es k\u00f6nnen auch die&nbsp;<a href=\"https:\/\/www.tennengau.com\/de\/genussregion\/tennengau\/genussgutscheine\" target=\"_blank\" rel=\"noreferrer noopener\">Tennengauer Genussgutscheine<\/a>&nbsp;f\u00fcr alle&nbsp;<a href=\"https:\/\/almsinn.at\/\" target=\"_blank\" rel=\"noreferrer noopener\">AlmSinn-Kurse<\/a>&nbsp;eingel\u00f6st werden.<\/p>\n\n\n\n<p><strong>Nachhaltigkeitsbonus:<\/strong>&nbsp;Bei Anreise mit den \u00d6ffis werden 10% Nachhaltigkeitsbonus vom Paketpreis abgezogen.&nbsp;<\/p>\n","protected":false},"excerpt":{"rendered":"<p>Aller Anfang ist schwer. Sagt zumindest der Volksmund. Dass das nicht immer stimmen muss, ja die ersten Schritte sogar richtig viel Spa\u00df machen k\u00f6nnen, zeigt sich bei den &#8218;AlmSinn Skitourenkursen f\u00fcr Anf\u00e4nger:innen&#8216; in St. Koloman im Salzburger Tennengau. Dabei werden interessierten Menschen nicht nur unbegr\u00fcndete Bedenken genommen, sie bekommen auch einen allgemeinen Einblick in den [&hellip;]<\/p>\n","protected":false},"author":505,"featured_media":160364,"comment_status":"open","ping_status":"closed","sticky":false,"template":"","format":"standard","meta":{"_acf_changed":false,"wl_entities_gutenberg":"","_wl_entity_redirect_enabled":"","footnotes":""},"categories":[8],"tags":[],"wl_entity_type":[306],"monatsauswahl":[82,83,84,93],"class_list":["post-160353","post","type-post","status-publish","format-standard","has-post-thumbnail","hentry","category-outdoor-sport","wl_entity_type-article","monatsauswahl-monat_1","monatsauswahl-monat_2","monatsauswahl-monat_3","monatsauswahl-monat_12"],"acf":[],"yoast_head":"<!-- This site is optimized with the Yoast SEO Premium plugin v27.4 (Yoast SEO v27.4) - https:\/\/yoast.com\/product\/yoast-seo-premium-wordpress\/ -->\n<title>Skitourenkurse f\u00fcr Anf\u00e4nger in St. Koloman<\/title>\n<meta name=\"description\" content=\"3-t\u00e4giger Skitourenkurse f\u00fcr Anf\u00e4nger im Tennengau: Sicherheit, Ausr\u00fcstung, Technik und Lawinenkunde inkl. Skitourenmen\u00fc\" \/>\n<meta name=\"robots\" content=\"index, follow, max-snippet:-1, max-image-preview:large, max-video-preview:-1\" \/>\n<link rel=\"canonical\" href=\"https:\/\/www.salzburgerland.com\/de\/magazin\/almsinn-skitourenkurse-in-st-koloman\/\" \/>\n<meta property=\"og:locale\" content=\"de_DE\" \/>\n<meta property=\"og:type\" content=\"article\" \/>\n<meta property=\"og:title\" content=\"AlmSinn Skitourenkurse in St. Koloman\" \/>\n<meta property=\"og:description\" content=\"3-t\u00e4giger Skitourenkurse f\u00fcr Anf\u00e4nger im Tennengau: Sicherheit, Ausr\u00fcstung, Technik und Lawinenkunde inkl. Skitourenmen\u00fc\" \/>\n<meta property=\"og:url\" content=\"https:\/\/www.salzburgerland.com\/de\/magazin\/almsinn-skitourenkurse-in-st-koloman\/\" \/>\n<meta property=\"og:site_name\" content=\"SalzburgerLand Magazin\" \/>\n<meta property=\"article:publisher\" content=\"https:\/\/www.facebook.com\/salzburgerland\/\" \/>\n<meta property=\"article:published_time\" content=\"2022-02-16T07:00:00+00:00\" \/>\n<meta property=\"article:modified_time\" content=\"2024-04-11T05:08:07+00:00\" \/>\n<meta property=\"og:image\" content=\"https:\/\/www.salzburgerland.com\/de\/magazin\/wp-content\/uploads\/2022\/02\/IMG_20220116_103534-scaled.jpg\" \/>\n\t<meta property=\"og:image:width\" content=\"1920\" \/>\n\t<meta property=\"og:image:height\" content=\"2560\" \/>\n\t<meta property=\"og:image:type\" content=\"image\/jpeg\" \/>\n<meta name=\"author\" content=\"Peter Zeitlhofer\" \/>\n<meta name=\"twitter:card\" content=\"summary_large_image\" \/>\n<meta name=\"twitter:creator\" content=\"@Salzburgerland\" \/>\n<meta name=\"twitter:site\" content=\"@Salzburgerland\" \/>\n<meta name=\"twitter:label1\" content=\"Verfasst von\" \/>\n\t<meta name=\"twitter:data1\" content=\"Peter Zeitlhofer\" \/>\n\t<meta name=\"twitter:label2\" content=\"Gesch\u00e4tzte Lesezeit\" \/>\n\t<meta name=\"twitter:data2\" content=\"6\u00a0Minuten\" \/>\n<script type=\"application\/ld+json\" class=\"yoast-schema-graph\">{\"@context\":\"https:\\\/\\\/schema.org\",\"@graph\":[{\"@type\":\"Article\",\"@id\":\"https:\\\/\\\/www.salzburgerland.com\\\/de\\\/magazin\\\/almsinn-skitourenkurse-in-st-koloman\\\/#article\",\"isPartOf\":{\"@id\":\"https:\\\/\\\/www.salzburgerland.com\\\/de\\\/magazin\\\/almsinn-skitourenkurse-in-st-koloman\\\/\"},\"author\":{\"name\":\"Peter Zeitlhofer\",\"@id\":\"https:\\\/\\\/www.salzburgerland.com\\\/de\\\/magazin\\\/#\\\/schema\\\/person\\\/ebd2c9f244aeea71e30f3b5d5e309de4\"},\"headline\":\"AlmSinn Skitourenkurse in St. Koloman\",\"datePublished\":\"2022-02-16T07:00:00+00:00\",\"dateModified\":\"2024-04-11T05:08:07+00:00\",\"mainEntityOfPage\":{\"@id\":\"https:\\\/\\\/www.salzburgerland.com\\\/de\\\/magazin\\\/almsinn-skitourenkurse-in-st-koloman\\\/\"},\"wordCount\":993,\"commentCount\":0,\"publisher\":{\"@id\":\"https:\\\/\\\/www.salzburgerland.com\\\/de\\\/magazin\\\/#organization\"},\"image\":{\"@id\":\"https:\\\/\\\/www.salzburgerland.com\\\/de\\\/magazin\\\/almsinn-skitourenkurse-in-st-koloman\\\/#primaryimage\"},\"thumbnailUrl\":\"https:\\\/\\\/www.salzburgerland.com\\\/de\\\/magazin\\\/wp-content\\\/uploads\\\/2022\\\/02\\\/IMG_20220116_103534-scaled.jpg\",\"articleSection\":[\"Outdoor &amp; Sport\"],\"inLanguage\":\"de\",\"potentialAction\":[{\"@type\":\"CommentAction\",\"name\":\"Comment\",\"target\":[\"https:\\\/\\\/www.salzburgerland.com\\\/de\\\/magazin\\\/almsinn-skitourenkurse-in-st-koloman\\\/#respond\"]}]},{\"@type\":\"WebPage\",\"@id\":\"https:\\\/\\\/www.salzburgerland.com\\\/de\\\/magazin\\\/almsinn-skitourenkurse-in-st-koloman\\\/\",\"url\":\"https:\\\/\\\/www.salzburgerland.com\\\/de\\\/magazin\\\/almsinn-skitourenkurse-in-st-koloman\\\/\",\"name\":\"Skitourenkurse f\u00fcr Anf\u00e4nger in St. Koloman\",\"isPartOf\":{\"@id\":\"https:\\\/\\\/www.salzburgerland.com\\\/de\\\/magazin\\\/#website\"},\"primaryImageOfPage\":{\"@id\":\"https:\\\/\\\/www.salzburgerland.com\\\/de\\\/magazin\\\/almsinn-skitourenkurse-in-st-koloman\\\/#primaryimage\"},\"image\":{\"@id\":\"https:\\\/\\\/www.salzburgerland.com\\\/de\\\/magazin\\\/almsinn-skitourenkurse-in-st-koloman\\\/#primaryimage\"},\"thumbnailUrl\":\"https:\\\/\\\/www.salzburgerland.com\\\/de\\\/magazin\\\/wp-content\\\/uploads\\\/2022\\\/02\\\/IMG_20220116_103534-scaled.jpg\",\"datePublished\":\"2022-02-16T07:00:00+00:00\",\"dateModified\":\"2024-04-11T05:08:07+00:00\",\"description\":\"3-t\u00e4giger Skitourenkurse f\u00fcr Anf\u00e4nger im Tennengau: Sicherheit, Ausr\u00fcstung, Technik und Lawinenkunde inkl. Skitourenmen\u00fc\",\"breadcrumb\":{\"@id\":\"https:\\\/\\\/www.salzburgerland.com\\\/de\\\/magazin\\\/almsinn-skitourenkurse-in-st-koloman\\\/#breadcrumb\"},\"inLanguage\":\"de\",\"potentialAction\":[{\"@type\":\"ReadAction\",\"target\":[\"https:\\\/\\\/www.salzburgerland.com\\\/de\\\/magazin\\\/almsinn-skitourenkurse-in-st-koloman\\\/\"]}]},{\"@type\":\"ImageObject\",\"inLanguage\":\"de\",\"@id\":\"https:\\\/\\\/www.salzburgerland.com\\\/de\\\/magazin\\\/almsinn-skitourenkurse-in-st-koloman\\\/#primaryimage\",\"url\":\"https:\\\/\\\/www.salzburgerland.com\\\/de\\\/magazin\\\/wp-content\\\/uploads\\\/2022\\\/02\\\/IMG_20220116_103534-scaled.jpg\",\"contentUrl\":\"https:\\\/\\\/www.salzburgerland.com\\\/de\\\/magazin\\\/wp-content\\\/uploads\\\/2022\\\/02\\\/IMG_20220116_103534-scaled.jpg\",\"width\":1920,\"height\":2560,\"caption\":\"Drei Personen genie\u00dfen einen Skitourenkurs, w\u00e4hrend sie auf einer verschneiten Piste unter blauem Himmel bergauf fahren.\"},{\"@type\":\"BreadcrumbList\",\"@id\":\"https:\\\/\\\/www.salzburgerland.com\\\/de\\\/magazin\\\/almsinn-skitourenkurse-in-st-koloman\\\/#breadcrumb\",\"itemListElement\":[{\"@type\":\"ListItem\",\"position\":1,\"name\":\"Startseite\",\"item\":\"https:\\\/\\\/www.salzburgerland.com\\\/de\\\/magazin\\\/\"},{\"@type\":\"ListItem\",\"position\":2,\"name\":\"Outdoor &amp; Sport\",\"item\":\"https:\\\/\\\/www.salzburgerland.com\\\/de\\\/magazin\\\/thema\\\/outdoor-sport\\\/\"},{\"@type\":\"ListItem\",\"position\":3,\"name\":\"AlmSinn Skitourenkurse in St. Koloman\"}]},{\"@type\":\"WebSite\",\"@id\":\"https:\\\/\\\/www.salzburgerland.com\\\/de\\\/magazin\\\/#website\",\"url\":\"https:\\\/\\\/www.salzburgerland.com\\\/de\\\/magazin\\\/\",\"name\":\"SalzburgerLand Magazin\",\"description\":\"Geschichten und Interessantes aus dem SalzburgerLand\",\"publisher\":{\"@id\":\"https:\\\/\\\/www.salzburgerland.com\\\/de\\\/magazin\\\/#organization\"},\"potentialAction\":[{\"@type\":\"SearchAction\",\"target\":{\"@type\":\"EntryPoint\",\"urlTemplate\":\"https:\\\/\\\/www.salzburgerland.com\\\/de\\\/magazin\\\/?s={search_term_string}\"},\"query-input\":{\"@type\":\"PropertyValueSpecification\",\"valueRequired\":true,\"valueName\":\"search_term_string\"}}],\"inLanguage\":\"de\"},{\"@type\":\"Organization\",\"@id\":\"https:\\\/\\\/www.salzburgerland.com\\\/de\\\/magazin\\\/#organization\",\"name\":\"SalzburgerLand Tourismus\",\"url\":\"https:\\\/\\\/www.salzburgerland.com\\\/de\\\/magazin\\\/\",\"logo\":{\"@type\":\"ImageObject\",\"inLanguage\":\"de\",\"@id\":\"https:\\\/\\\/www.salzburgerland.com\\\/de\\\/magazin\\\/#\\\/schema\\\/logo\\\/image\\\/\",\"url\":\"https:\\\/\\\/www.salzburgerland.com\\\/de\\\/magazin\\\/wp-content\\\/uploads\\\/2019\\\/06\\\/salzburgerland-logo1.jpg\",\"contentUrl\":\"https:\\\/\\\/www.salzburgerland.com\\\/de\\\/magazin\\\/wp-content\\\/uploads\\\/2019\\\/06\\\/salzburgerland-logo1.jpg\",\"width\":2011,\"height\":866,\"caption\":\"SalzburgerLand Tourismus\"},\"image\":{\"@id\":\"https:\\\/\\\/www.salzburgerland.com\\\/de\\\/magazin\\\/#\\\/schema\\\/logo\\\/image\\\/\"},\"sameAs\":[\"https:\\\/\\\/www.facebook.com\\\/salzburgerland\\\/\",\"https:\\\/\\\/x.com\\\/Salzburgerland\",\"https:\\\/\\\/www.instagram.com\\\/salzburgerland\\\/\",\"https:\\\/\\\/at.linkedin.com\\\/company\\\/salzburgerland-tourismus-gmbh\",\"https:\\\/\\\/www.pinterest.at\\\/salzburgerland\\\/\",\"https:\\\/\\\/www.youtube.com\\\/user\\\/salzburgerland\",\"https:\\\/\\\/de.wikipedia.org\\\/wiki\\\/SalzburgerLand_Tourismus_GmbH\"]},{\"@type\":\"Person\",\"@id\":\"https:\\\/\\\/www.salzburgerland.com\\\/de\\\/magazin\\\/#\\\/schema\\\/person\\\/ebd2c9f244aeea71e30f3b5d5e309de4\",\"name\":\"Peter Zeitlhofer\",\"description\":\"'Von Neugier getrieben' - diese Worte kommen Peter Zeitlhofer wohl schon ziemlich nahe. Egal ob am Segelboot, im Tiefschnee, unterwegs in Stadt und Land, oder auf einer seinen vielen Reisen - er ist immer auf der Suche nach Neuem, nach dem Besonderen, probiert so ziemlich alles aus und liebt es, dar\u00fcber zu reden und zu berichten. Womit man auch schon fast bei seiner zweiten Leidenschaft w\u00e4re - dem Schreiben. Immer und \u00fcberall ausgestattet\u00a0mit seinem Notebook, hat der Salzburger, mit Wurzeln am Attersee, sein Office\u00a0im wahrsten Sinne des Wortes unterm Arm und k\u00f6nnte sich nichts besseres vorstellen, als die Geschichten dort zu erz\u00e4hlen, wo sie passieren. Fr\u00fchling, Sommer, Herbst oder Winter? Als Mensch der Extreme, mag ich auch bei den Jahreszeiten den Sommer und den Winter am liebsten. Obwohl nat\u00fcrlich auch der Fr\u00fchling seine Reize hat. Aber der Herbst? Rindsroulade vom Pinzgauer Biorind oder Saibling fangfrisch aus dem Fuschlsee? Immer diese Entscheidungen! Kann ich auch beides haben? Mundharmonika oder Stradivari? Weder noch - als Gitarrist k\u00f6nnte ich mit beiden Instrumenten nichts anfangen. Lederhose oder Smoking? Eindeutig Lederhose, die bei mir mittlerweile sogar den Einzug in den sommerlichen Alltag gefunden hat. Und der LederhosnDonnerstag ist \u00a0ohnehin Pflicht. Alpinski, Offpist oder Skitour? Hauptsache rauf auf den Berg! Was dann tats\u00e4chlich auf dem Programm steht ist zweitrangig. Nur so viel: wenn der Schnee passt, dann h\u00e4lt mich nichts oder niemand auf der Piste. Bergtour oder Seentour? F\u00fcr mich gibt es im Sommer nichts Sch\u00f6neres, als mit dem Segelboot auf unseren herrlichen Seen unterwegs zu sein. Also wenn ich die Wahl habe, dann nehme ich im Sommer die Berge h\u00f6chstens als Kulisse. Haubenlokal oder Ab-Hof-Laden? Auch hier nehme ich von beidem ein bisschen. Aber bei der Oma schmeckt's dann doch am besten.\",\"url\":\"https:\\\/\\\/www.salzburgerland.com\\\/de\\\/magazin\\\/author\\\/peter-zeitlhofer\\\/\"}]}<\/script>\n<!-- \/ Yoast SEO Premium plugin. -->","yoast_head_json":{"title":"Skitourenkurse f\u00fcr Anf\u00e4nger in St. Koloman","description":"3-t\u00e4giger Skitourenkurse f\u00fcr Anf\u00e4nger im Tennengau: Sicherheit, Ausr\u00fcstung, Technik und Lawinenkunde inkl. Skitourenmen\u00fc","robots":{"index":"index","follow":"follow","max-snippet":"max-snippet:-1","max-image-preview":"max-image-preview:large","max-video-preview":"max-video-preview:-1"},"canonical":"https:\/\/www.salzburgerland.com\/de\/magazin\/almsinn-skitourenkurse-in-st-koloman\/","og_locale":"de_DE","og_type":"article","og_title":"AlmSinn Skitourenkurse in St. Koloman","og_description":"3-t\u00e4giger Skitourenkurse f\u00fcr Anf\u00e4nger im Tennengau: Sicherheit, Ausr\u00fcstung, Technik und Lawinenkunde inkl. Skitourenmen\u00fc","og_url":"https:\/\/www.salzburgerland.com\/de\/magazin\/almsinn-skitourenkurse-in-st-koloman\/","og_site_name":"SalzburgerLand Magazin","article_publisher":"https:\/\/www.facebook.com\/salzburgerland\/","article_published_time":"2022-02-16T07:00:00+00:00","article_modified_time":"2024-04-11T05:08:07+00:00","og_image":[{"width":1920,"height":2560,"url":"https:\/\/www.salzburgerland.com\/de\/magazin\/wp-content\/uploads\/2022\/02\/IMG_20220116_103534-scaled.jpg","type":"image\/jpeg"}],"author":"Peter Zeitlhofer","twitter_card":"summary_large_image","twitter_creator":"@Salzburgerland","twitter_site":"@Salzburgerland","twitter_misc":{"Verfasst von":"Peter Zeitlhofer","Gesch\u00e4tzte Lesezeit":"6\u00a0Minuten"},"schema":{"@context":"https:\/\/schema.org","@graph":[{"@type":"Article","@id":"https:\/\/www.salzburgerland.com\/de\/magazin\/almsinn-skitourenkurse-in-st-koloman\/#article","isPartOf":{"@id":"https:\/\/www.salzburgerland.com\/de\/magazin\/almsinn-skitourenkurse-in-st-koloman\/"},"author":{"name":"Peter Zeitlhofer","@id":"https:\/\/www.salzburgerland.com\/de\/magazin\/#\/schema\/person\/ebd2c9f244aeea71e30f3b5d5e309de4"},"headline":"AlmSinn Skitourenkurse in St. Koloman","datePublished":"2022-02-16T07:00:00+00:00","dateModified":"2024-04-11T05:08:07+00:00","mainEntityOfPage":{"@id":"https:\/\/www.salzburgerland.com\/de\/magazin\/almsinn-skitourenkurse-in-st-koloman\/"},"wordCount":993,"commentCount":0,"publisher":{"@id":"https:\/\/www.salzburgerland.com\/de\/magazin\/#organization"},"image":{"@id":"https:\/\/www.salzburgerland.com\/de\/magazin\/almsinn-skitourenkurse-in-st-koloman\/#primaryimage"},"thumbnailUrl":"https:\/\/www.salzburgerland.com\/de\/magazin\/wp-content\/uploads\/2022\/02\/IMG_20220116_103534-scaled.jpg","articleSection":["Outdoor &amp; Sport"],"inLanguage":"de","potentialAction":[{"@type":"CommentAction","name":"Comment","target":["https:\/\/www.salzburgerland.com\/de\/magazin\/almsinn-skitourenkurse-in-st-koloman\/#respond"]}]},{"@type":"WebPage","@id":"https:\/\/www.salzburgerland.com\/de\/magazin\/almsinn-skitourenkurse-in-st-koloman\/","url":"https:\/\/www.salzburgerland.com\/de\/magazin\/almsinn-skitourenkurse-in-st-koloman\/","name":"Skitourenkurse f\u00fcr Anf\u00e4nger in St. Koloman","isPartOf":{"@id":"https:\/\/www.salzburgerland.com\/de\/magazin\/#website"},"primaryImageOfPage":{"@id":"https:\/\/www.salzburgerland.com\/de\/magazin\/almsinn-skitourenkurse-in-st-koloman\/#primaryimage"},"image":{"@id":"https:\/\/www.salzburgerland.com\/de\/magazin\/almsinn-skitourenkurse-in-st-koloman\/#primaryimage"},"thumbnailUrl":"https:\/\/www.salzburgerland.com\/de\/magazin\/wp-content\/uploads\/2022\/02\/IMG_20220116_103534-scaled.jpg","datePublished":"2022-02-16T07:00:00+00:00","dateModified":"2024-04-11T05:08:07+00:00","description":"3-t\u00e4giger Skitourenkurse f\u00fcr Anf\u00e4nger im Tennengau: Sicherheit, Ausr\u00fcstung, Technik und Lawinenkunde inkl. Skitourenmen\u00fc","breadcrumb":{"@id":"https:\/\/www.salzburgerland.com\/de\/magazin\/almsinn-skitourenkurse-in-st-koloman\/#breadcrumb"},"inLanguage":"de","potentialAction":[{"@type":"ReadAction","target":["https:\/\/www.salzburgerland.com\/de\/magazin\/almsinn-skitourenkurse-in-st-koloman\/"]}]},{"@type":"ImageObject","inLanguage":"de","@id":"https:\/\/www.salzburgerland.com\/de\/magazin\/almsinn-skitourenkurse-in-st-koloman\/#primaryimage","url":"https:\/\/www.salzburgerland.com\/de\/magazin\/wp-content\/uploads\/2022\/02\/IMG_20220116_103534-scaled.jpg","contentUrl":"https:\/\/www.salzburgerland.com\/de\/magazin\/wp-content\/uploads\/2022\/02\/IMG_20220116_103534-scaled.jpg","width":1920,"height":2560,"caption":"Drei Personen genie\u00dfen einen Skitourenkurs, w\u00e4hrend sie auf einer verschneiten Piste unter blauem Himmel bergauf fahren."},{"@type":"BreadcrumbList","@id":"https:\/\/www.salzburgerland.com\/de\/magazin\/almsinn-skitourenkurse-in-st-koloman\/#breadcrumb","itemListElement":[{"@type":"ListItem","position":1,"name":"Startseite","item":"https:\/\/www.salzburgerland.com\/de\/magazin\/"},{"@type":"ListItem","position":2,"name":"Outdoor &amp; Sport","item":"https:\/\/www.salzburgerland.com\/de\/magazin\/thema\/outdoor-sport\/"},{"@type":"ListItem","position":3,"name":"AlmSinn Skitourenkurse in St. Koloman"}]},{"@type":"WebSite","@id":"https:\/\/www.salzburgerland.com\/de\/magazin\/#website","url":"https:\/\/www.salzburgerland.com\/de\/magazin\/","name":"SalzburgerLand Magazin","description":"Geschichten und Interessantes aus dem SalzburgerLand","publisher":{"@id":"https:\/\/www.salzburgerland.com\/de\/magazin\/#organization"},"potentialAction":[{"@type":"SearchAction","target":{"@type":"EntryPoint","urlTemplate":"https:\/\/www.salzburgerland.com\/de\/magazin\/?s={search_term_string}"},"query-input":{"@type":"PropertyValueSpecification","valueRequired":true,"valueName":"search_term_string"}}],"inLanguage":"de"},{"@type":"Organization","@id":"https:\/\/www.salzburgerland.com\/de\/magazin\/#organization","name":"SalzburgerLand Tourismus","url":"https:\/\/www.salzburgerland.com\/de\/magazin\/","logo":{"@type":"ImageObject","inLanguage":"de","@id":"https:\/\/www.salzburgerland.com\/de\/magazin\/#\/schema\/logo\/image\/","url":"https:\/\/www.salzburgerland.com\/de\/magazin\/wp-content\/uploads\/2019\/06\/salzburgerland-logo1.jpg","contentUrl":"https:\/\/www.salzburgerland.com\/de\/magazin\/wp-content\/uploads\/2019\/06\/salzburgerland-logo1.jpg","width":2011,"height":866,"caption":"SalzburgerLand Tourismus"},"image":{"@id":"https:\/\/www.salzburgerland.com\/de\/magazin\/#\/schema\/logo\/image\/"},"sameAs":["https:\/\/www.facebook.com\/salzburgerland\/","https:\/\/x.com\/Salzburgerland","https:\/\/www.instagram.com\/salzburgerland\/","https:\/\/at.linkedin.com\/company\/salzburgerland-tourismus-gmbh","https:\/\/www.pinterest.at\/salzburgerland\/","https:\/\/www.youtube.com\/user\/salzburgerland","https:\/\/de.wikipedia.org\/wiki\/SalzburgerLand_Tourismus_GmbH"]},{"@type":"Person","@id":"https:\/\/www.salzburgerland.com\/de\/magazin\/#\/schema\/person\/ebd2c9f244aeea71e30f3b5d5e309de4","name":"Peter Zeitlhofer","description":"'Von Neugier getrieben' - diese Worte kommen Peter Zeitlhofer wohl schon ziemlich nahe. Egal ob am Segelboot, im Tiefschnee, unterwegs in Stadt und Land, oder auf einer seinen vielen Reisen - er ist immer auf der Suche nach Neuem, nach dem Besonderen, probiert so ziemlich alles aus und liebt es, dar\u00fcber zu reden und zu berichten. Womit man auch schon fast bei seiner zweiten Leidenschaft w\u00e4re - dem Schreiben. Immer und \u00fcberall ausgestattet\u00a0mit seinem Notebook, hat der Salzburger, mit Wurzeln am Attersee, sein Office\u00a0im wahrsten Sinne des Wortes unterm Arm und k\u00f6nnte sich nichts besseres vorstellen, als die Geschichten dort zu erz\u00e4hlen, wo sie passieren. Fr\u00fchling, Sommer, Herbst oder Winter? Als Mensch der Extreme, mag ich auch bei den Jahreszeiten den Sommer und den Winter am liebsten. Obwohl nat\u00fcrlich auch der Fr\u00fchling seine Reize hat. Aber der Herbst? Rindsroulade vom Pinzgauer Biorind oder Saibling fangfrisch aus dem Fuschlsee? Immer diese Entscheidungen! Kann ich auch beides haben? Mundharmonika oder Stradivari? Weder noch - als Gitarrist k\u00f6nnte ich mit beiden Instrumenten nichts anfangen. Lederhose oder Smoking? Eindeutig Lederhose, die bei mir mittlerweile sogar den Einzug in den sommerlichen Alltag gefunden hat. Und der LederhosnDonnerstag ist \u00a0ohnehin Pflicht. Alpinski, Offpist oder Skitour? Hauptsache rauf auf den Berg! Was dann tats\u00e4chlich auf dem Programm steht ist zweitrangig. Nur so viel: wenn der Schnee passt, dann h\u00e4lt mich nichts oder niemand auf der Piste. Bergtour oder Seentour? F\u00fcr mich gibt es im Sommer nichts Sch\u00f6neres, als mit dem Segelboot auf unseren herrlichen Seen unterwegs zu sein. Also wenn ich die Wahl habe, dann nehme ich im Sommer die Berge h\u00f6chstens als Kulisse. Haubenlokal oder Ab-Hof-Laden? Auch hier nehme ich von beidem ein bisschen. Aber bei der Oma schmeckt's dann doch am besten.","url":"https:\/\/www.salzburgerland.com\/de\/magazin\/author\/peter-zeitlhofer\/"}]}},"_wl_alt_label":[],"wl:entity_url":"http:\/\/open.salzburgerland.com\/magazin\/post\/aufitretln_und_abiwedln","_links":{"self":[{"href":"https:\/\/www.salzburgerland.com\/de\/magazin\/wp-json\/wp\/v2\/posts\/160353","targetHints":{"allow":["GET"]}}],"collection":[{"href":"https:\/\/www.salzburgerland.com\/de\/magazin\/wp-json\/wp\/v2\/posts"}],"about":[{"href":"https:\/\/www.salzburgerland.com\/de\/magazin\/wp-json\/wp\/v2\/types\/post"}],"author":[{"embeddable":true,"href":"https:\/\/www.salzburgerland.com\/de\/magazin\/wp-json\/wp\/v2\/users\/505"}],"replies":[{"embeddable":true,"href":"https:\/\/www.salzburgerland.com\/de\/magazin\/wp-json\/wp\/v2\/comments?post=160353"}],"version-history":[{"count":5,"href":"https:\/\/www.salzburgerland.com\/de\/magazin\/wp-json\/wp\/v2\/posts\/160353\/revisions"}],"predecessor-version":[{"id":176449,"href":"https:\/\/www.salzburgerland.com\/de\/magazin\/wp-json\/wp\/v2\/posts\/160353\/revisions\/176449"}],"wp:featuredmedia":[{"embeddable":true,"href":"https:\/\/www.salzburgerland.com\/de\/magazin\/wp-json\/wp\/v2\/media\/160364"}],"wp:attachment":[{"href":"https:\/\/www.salzburgerland.com\/de\/magazin\/wp-json\/wp\/v2\/media?parent=160353"}],"wp:term":[{"taxonomy":"category","embeddable":true,"href":"https:\/\/www.salzburgerland.com\/de\/magazin\/wp-json\/wp\/v2\/categories?post=160353"},{"taxonomy":"post_tag","embeddable":true,"href":"https:\/\/www.salzburgerland.com\/de\/magazin\/wp-json\/wp\/v2\/tags?post=160353"},{"taxonomy":"wl_entity_type","embeddable":true,"href":"https:\/\/www.salzburgerland.com\/de\/magazin\/wp-json\/wp\/v2\/wl_entity_type?post=160353"},{"taxonomy":"monatsauswahl","embeddable":true,"href":"https:\/\/www.salzburgerland.com\/de\/magazin\/wp-json\/wp\/v2\/monatsauswahl?post=160353"}],"curies":[{"name":"wp","href":"https:\/\/api.w.org\/{rel}","templated":true}]}}